{"id":9498,"date":"2023-01-03T13:28:57","date_gmt":"2023-01-03T12:28:57","guid":{"rendered":"https:\/\/informatepy.com\/2024\/2023\/01\/03\/director-del-incan-afirmo-que-es-criminal-que-pretendan-cortar-el-presupuesto-de-enfermos-de-cancer\/"},"modified":"2023-01-03T13:28:57","modified_gmt":"2023-01-03T12:28:57","slug":"director-del-incan-afirmo-que-es-criminal-que-pretendan-cortar-el-presupuesto-de-enfermos-de-cancer","status":"publish","type":"post","link":"https:\/\/informatepy.com\/2024\/2023\/01\/03\/director-del-incan-afirmo-que-es-criminal-que-pretendan-cortar-el-presupuesto-de-enfermos-de-cancer\/","title":{"rendered":"Director del INCAN afirm\u00f3 que es criminal que pretendan cortar el presupuesto de enfermos de c\u00e1ncer"},"content":{"rendered":"\n<p class=\"has-text-align-justify\">El director del Instituto Nacional del C\u00e1ncer (Incan), doctor Julio Rol\u00f3n, critic\u00f3 la versi\u00f3n que afirma que se recortar\u00eda el presupuesto de la instituci\u00f3n, en comunicaci\u00f3n con la radio 970 AM.<\/p>\n\n\n\n<p class=\"has-text-align-justify\"><strong><em>\u201cEs inadmisible que exista un recorte en el presupuesto del sector de la salud, m\u00e1s a\u00fan en lo que refiere a los pacientes oncol\u00f3gicos que requieren de mayor inversi\u00f3n. En principio se habla de un recorte de al menos G. 130 mil millones; espero que haya sido un error, es criminal\u201d<\/em><\/strong>, asegur\u00f3 Rol\u00f3n.<\/p>\n\n\n\n<p class=\"has-text-align-justify\">Agreg\u00f3 que sin recortes, el presupuesto del Incan de por s\u00ed es muy precario y no permite que funcionen los equipos necesarios como el tom\u00f3grafo y el mam\u00f3grafo y a\u00f1adi\u00f3 que <strong><em>\u201cel mam\u00f3grafo tiene un a\u00f1o y ya est\u00e1 hecho bolsa. Estamos esperando una soluci\u00f3n por parte de la empresa, que debe traer un repuesto. Entonces estamos tratando de recurrir a los otros hospitales para ir derivando a los pacientes\u201d.<\/em><\/strong><\/p>\n\n\n\n<p class=\"has-text-align-justify\">En caso que el recorte presupuestario sea confirmado, el director prometi\u00f3 que recurrir\u00e1 a todas las instancias a fin de garantizar la atenci\u00f3n m\u00e9dica y la provisi\u00f3n de los insumos y medicamentos para los pacientes con c\u00e1ncer.<\/p>\n","protected":false},"excerpt":{"rendered":"<p>El director del Instituto Nacional del C\u00e1ncer (Incan), doctor Julio Rol\u00f3n, critic\u00f3 la versi\u00f3n que afirma que se recortar\u00eda el presupuesto de la instituci\u00f3n, en comunicaci\u00f3n con la radio 970 AM. \u201cEs inadmisible que exista un recorte en el presupuesto del sector de la salud, m\u00e1s a\u00fan en lo que refiere a los pacientes oncol\u00f3gicos [&hellip;]<\/p>\n","protected":false},"author":3,"featured_media":9499,"comment_status":"closed","ping_status":"open","sticky":false,"template":"","format":"standard","meta":{"_jetpack_memberships_contains_paid_content":false,"jnews-multi-image_gallery":[],"jnews_single_post":[],"jnews_primary_category":[],"jnews_override_bookmark_settings":[],"jnews_food_recipe":[],"enable_food_recipe":"","food_recipe_title":"","food_recipe_description":"","food_recipe_serve":"","food_recipe_time":"","food_recipe_prep":"","food_recipe_level":"","food_recipe_keywords":"","food_recipe_category":"","food_recipe_cuisine":"","food_recipe_yield":"","food_recipe_calories":"","enable_print_recipe":"","ingredient":[],"instruction":"","jnews_social_meta":[],"jnews_paywall_metabox":[],"jnews_review":[],"enable_review":"","type":"","name":"","summary":"","brand":"","sku":"","good":[],"bad":[],"score_override":"","override_value":"","rating":[],"price":[],"jnews_override_counter":[],"jnews_post_split":[],"jnews_podcast_option":[],"jnews_podcast_series":[],"footnotes":""},"categories":[34],"tags":[831,1572],"jnews-series":[],"ppma_author":[830],"class_list":["post-9498","post","type-post","status-publish","format-standard","has-post-thumbnail","hentry","category-nacionales","tag-destacada","tag-incan"],"yoast_head":"<!-- This site is optimized with the Yoast SEO plugin v27.5 - https:\/\/yoast.com\/product\/yoast-seo-wordpress\/ -->\n<title>Director del INCAN afirm\u00f3 que es criminal que pretendan cortar el presupuesto de enfermos de c\u00e1ncer - Informate Py Creemos en la libertad de expresi\u00f3n y en la capacidad de la gente de reflexionar\u00a0por\u00a0si\u00a0misma<\/title>\n<meta name=\"robots\" content=\"index, follow, max-snippet:-1, max-image-preview:large, max-video-preview:-1\" \/>\n<link rel=\"canonical\" href=\"https:\/\/informatepy.com\/2024\/2023\/01\/03\/director-del-incan-afirmo-que-es-criminal-que-pretendan-cortar-el-presupuesto-de-enfermos-de-cancer\/\" \/>\n<meta property=\"og:locale\" content=\"es_ES\" \/>\n<meta property=\"og:type\" content=\"article\" \/>\n<meta property=\"og:title\" content=\"Director del INCAN afirm\u00f3 que es criminal que pretendan cortar el presupuesto de enfermos de c\u00e1ncer - Informate Py Creemos en la libertad de expresi\u00f3n y en la capacidad de la gente de reflexionar\u00a0por\u00a0si\u00a0misma\" \/>\n<meta property=\"og:description\" content=\"El director del Instituto Nacional del C\u00e1ncer (Incan), doctor Julio Rol\u00f3n, critic\u00f3 la versi\u00f3n que afirma que se recortar\u00eda el presupuesto de la instituci\u00f3n, en comunicaci\u00f3n con la radio 970 AM. \u201cEs inadmisible que exista un recorte en el presupuesto del sector de la salud, m\u00e1s a\u00fan en lo que refiere a los pacientes oncol\u00f3gicos [&hellip;]\" \/>\n<meta property=\"og:url\" content=\"https:\/\/informatepy.com\/2024\/2023\/01\/03\/director-del-incan-afirmo-que-es-criminal-que-pretendan-cortar-el-presupuesto-de-enfermos-de-cancer\/\" \/>\n<meta property=\"og:site_name\" content=\"Informate Py Creemos en la libertad de expresi\u00f3n y en la capacidad de la gente de reflexionar\u00a0por\u00a0si\u00a0misma\" \/>\n<meta property=\"article:author\" content=\"https:\/\/www.facebook.com\/InformatePyCom\" \/>\n<meta property=\"article:published_time\" content=\"2023-01-03T12:28:57+00:00\" \/>\n<meta property=\"og:image\" content=\"https:\/\/i0.wp.com\/informatepy.com\/2024\/wp-content\/uploads\/2023\/01\/INCAN.jpg?fit=1024%2C630&ssl=1\" \/>\n\t<meta property=\"og:image:width\" content=\"1024\" \/>\n\t<meta property=\"og:image:height\" content=\"630\" \/>\n\t<meta property=\"og:image:type\" content=\"image\/jpeg\" \/>\n<meta name=\"author\" content=\"Redacci\u00f3n\" \/>\n<meta name=\"twitter:card\" content=\"summary_large_image\" \/>\n<meta name=\"twitter:creator\" content=\"@https:\/\/twitter.com\/InformatePy1\" \/>\n<meta name=\"twitter:label1\" content=\"Escrito por\" \/>\n\t<meta name=\"twitter:data1\" content=\"Redacci\u00f3n\" \/>\n\t<meta name=\"twitter:label2\" content=\"Tiempo de lectura\" \/>\n\t<meta name=\"twitter:data2\" content=\"1 minuto\" \/>\n<script type=\"application\/ld+json\" class=\"yoast-schema-graph\">{\"@context\":\"https:\\\/\\\/schema.org\",\"@graph\":[{\"@type\":\"Article\",\"@id\":\"https:\\\/\\\/informatepy.com\\\/2024\\\/2023\\\/01\\\/03\\\/director-del-incan-afirmo-que-es-criminal-que-pretendan-cortar-el-presupuesto-de-enfermos-de-cancer\\\/#article\",\"isPartOf\":{\"@id\":\"https:\\\/\\\/informatepy.com\\\/2024\\\/2023\\\/01\\\/03\\\/director-del-incan-afirmo-que-es-criminal-que-pretendan-cortar-el-presupuesto-de-enfermos-de-cancer\\\/\"},\"author\":{\"name\":\"Redacci\u00f3n\",\"@id\":\"https:\\\/\\\/informatepy.com\\\/2024\\\/#\\\/schema\\\/person\\\/98728344b91c548ef8544c80daf58463\"},\"headline\":\"Director del INCAN afirm\u00f3 que es criminal que pretendan cortar el presupuesto de enfermos de c\u00e1ncer\",\"datePublished\":\"2023-01-03T12:28:57+00:00\",\"mainEntityOfPage\":{\"@id\":\"https:\\\/\\\/informatepy.com\\\/2024\\\/2023\\\/01\\\/03\\\/director-del-incan-afirmo-que-es-criminal-que-pretendan-cortar-el-presupuesto-de-enfermos-de-cancer\\\/\"},\"wordCount\":227,\"publisher\":{\"@id\":\"https:\\\/\\\/informatepy.com\\\/2024\\\/#organization\"},\"image\":{\"@id\":\"https:\\\/\\\/informatepy.com\\\/2024\\\/2023\\\/01\\\/03\\\/director-del-incan-afirmo-que-es-criminal-que-pretendan-cortar-el-presupuesto-de-enfermos-de-cancer\\\/#primaryimage\"},\"thumbnailUrl\":\"https:\\\/\\\/i0.wp.com\\\/informatepy.com\\\/2024\\\/wp-content\\\/uploads\\\/2023\\\/01\\\/INCAN.jpg?fit=1024%2C630&ssl=1\",\"keywords\":[\"destacada\",\"incan\"],\"articleSection\":[\"Nacionales\"],\"inLanguage\":\"es\"},{\"@type\":\"WebPage\",\"@id\":\"https:\\\/\\\/informatepy.com\\\/2024\\\/2023\\\/01\\\/03\\\/director-del-incan-afirmo-que-es-criminal-que-pretendan-cortar-el-presupuesto-de-enfermos-de-cancer\\\/\",\"url\":\"https:\\\/\\\/informatepy.com\\\/2024\\\/2023\\\/01\\\/03\\\/director-del-incan-afirmo-que-es-criminal-que-pretendan-cortar-el-presupuesto-de-enfermos-de-cancer\\\/\",\"name\":\"Director del INCAN afirm\u00f3 que es criminal que pretendan cortar el presupuesto de enfermos de c\u00e1ncer - Informate Py Creemos en la libertad de expresi\u00f3n y en la capacidad de la gente de reflexionar\u00a0por\u00a0si\u00a0misma\",\"isPartOf\":{\"@id\":\"https:\\\/\\\/informatepy.com\\\/2024\\\/#website\"},\"primaryImageOfPage\":{\"@id\":\"https:\\\/\\\/informatepy.com\\\/2024\\\/2023\\\/01\\\/03\\\/director-del-incan-afirmo-que-es-criminal-que-pretendan-cortar-el-presupuesto-de-enfermos-de-cancer\\\/#primaryimage\"},\"image\":{\"@id\":\"https:\\\/\\\/informatepy.com\\\/2024\\\/2023\\\/01\\\/03\\\/director-del-incan-afirmo-que-es-criminal-que-pretendan-cortar-el-presupuesto-de-enfermos-de-cancer\\\/#primaryimage\"},\"thumbnailUrl\":\"https:\\\/\\\/i0.wp.com\\\/informatepy.com\\\/2024\\\/wp-content\\\/uploads\\\/2023\\\/01\\\/INCAN.jpg?fit=1024%2C630&ssl=1\",\"datePublished\":\"2023-01-03T12:28:57+00:00\",\"breadcrumb\":{\"@id\":\"https:\\\/\\\/informatepy.com\\\/2024\\\/2023\\\/01\\\/03\\\/director-del-incan-afirmo-que-es-criminal-que-pretendan-cortar-el-presupuesto-de-enfermos-de-cancer\\\/#breadcrumb\"},\"inLanguage\":\"es\",\"potentialAction\":[{\"@type\":\"ReadAction\",\"target\":[\"https:\\\/\\\/informatepy.com\\\/2024\\\/2023\\\/01\\\/03\\\/director-del-incan-afirmo-que-es-criminal-que-pretendan-cortar-el-presupuesto-de-enfermos-de-cancer\\\/\"]}]},{\"@type\":\"ImageObject\",\"inLanguage\":\"es\",\"@id\":\"https:\\\/\\\/informatepy.com\\\/2024\\\/2023\\\/01\\\/03\\\/director-del-incan-afirmo-que-es-criminal-que-pretendan-cortar-el-presupuesto-de-enfermos-de-cancer\\\/#primaryimage\",\"url\":\"https:\\\/\\\/i0.wp.com\\\/informatepy.com\\\/2024\\\/wp-content\\\/uploads\\\/2023\\\/01\\\/INCAN.jpg?fit=1024%2C630&ssl=1\",\"contentUrl\":\"https:\\\/\\\/i0.wp.com\\\/informatepy.com\\\/2024\\\/wp-content\\\/uploads\\\/2023\\\/01\\\/INCAN.jpg?fit=1024%2C630&ssl=1\",\"width\":1024,\"height\":630},{\"@type\":\"BreadcrumbList\",\"@id\":\"https:\\\/\\\/informatepy.com\\\/2024\\\/2023\\\/01\\\/03\\\/director-del-incan-afirmo-que-es-criminal-que-pretendan-cortar-el-presupuesto-de-enfermos-de-cancer\\\/#breadcrumb\",\"itemListElement\":[{\"@type\":\"ListItem\",\"position\":1,\"name\":\"Portada\",\"item\":\"https:\\\/\\\/informatepy.com\\\/2024\\\/\"},{\"@type\":\"ListItem\",\"position\":2,\"name\":\"Director del INCAN afirm\u00f3 que es criminal que pretendan cortar el presupuesto de enfermos de c\u00e1ncer\"}]},{\"@type\":\"WebSite\",\"@id\":\"https:\\\/\\\/informatepy.com\\\/2024\\\/#website\",\"url\":\"https:\\\/\\\/informatepy.com\\\/2024\\\/\",\"name\":\"Informate Py Creemos en la libertad de expresi\u00f3n y en la capacidad de la gente de reflexionar\u00a0por\u00a0si\u00a0misma\",\"description\":\"InformatePy\",\"publisher\":{\"@id\":\"https:\\\/\\\/informatepy.com\\\/2024\\\/#organization\"},\"potentialAction\":[{\"@type\":\"SearchAction\",\"target\":{\"@type\":\"EntryPoint\",\"urlTemplate\":\"https:\\\/\\\/informatepy.com\\\/2024\\\/?s={search_term_string}\"},\"query-input\":{\"@type\":\"PropertyValueSpecification\",\"valueRequired\":true,\"valueName\":\"search_term_string\"}}],\"inLanguage\":\"es\"},{\"@type\":\"Organization\",\"@id\":\"https:\\\/\\\/informatepy.com\\\/2024\\\/#organization\",\"name\":\"Informate Py Creemos en la libertad de expresi\u00f3n y en la capacidad de la gente de reflexionar\u00a0por\u00a0si\u00a0misma\",\"url\":\"https:\\\/\\\/informatepy.com\\\/2024\\\/\",\"logo\":{\"@type\":\"ImageObject\",\"inLanguage\":\"es\",\"@id\":\"https:\\\/\\\/informatepy.com\\\/2024\\\/#\\\/schema\\\/logo\\\/image\\\/\",\"url\":\"https:\\\/\\\/i0.wp.com\\\/informatepy.com\\\/2024\\\/wp-content\\\/uploads\\\/2024\\\/02\\\/Logotipo-sin-fondo-informate-py500.png?fit=500%2C94&ssl=1\",\"contentUrl\":\"https:\\\/\\\/i0.wp.com\\\/informatepy.com\\\/2024\\\/wp-content\\\/uploads\\\/2024\\\/02\\\/Logotipo-sin-fondo-informate-py500.png?fit=500%2C94&ssl=1\",\"width\":500,\"height\":94,\"caption\":\"Informate Py Creemos en la libertad de expresi\u00f3n y en la capacidad de la gente de reflexionar\u00a0por\u00a0si\u00a0misma\"},\"image\":{\"@id\":\"https:\\\/\\\/informatepy.com\\\/2024\\\/#\\\/schema\\\/logo\\\/image\\\/\"}},{\"@type\":\"Person\",\"@id\":\"https:\\\/\\\/informatepy.com\\\/2024\\\/#\\\/schema\\\/person\\\/98728344b91c548ef8544c80daf58463\",\"name\":\"Redacci\u00f3n\",\"image\":{\"@type\":\"ImageObject\",\"inLanguage\":\"es\",\"@id\":\"https:\\\/\\\/informatepy.com\\\/2024\\\/wp-content\\\/uploads\\\/2024\\\/02\\\/cropped-Isologo-sin-fondo.png9c354f01c536b2d49dbb929e96603401\",\"url\":\"https:\\\/\\\/informatepy.com\\\/2024\\\/wp-content\\\/uploads\\\/2024\\\/02\\\/cropped-Isologo-sin-fondo.png\",\"contentUrl\":\"https:\\\/\\\/informatepy.com\\\/2024\\\/wp-content\\\/uploads\\\/2024\\\/02\\\/cropped-Isologo-sin-fondo.png\",\"caption\":\"Redacci\u00f3n\"},\"sameAs\":[\"https:\\\/\\\/www.facebook.com\\\/InformatePyCom\",\"https:\\\/\\\/x.com\\\/https:\\\/\\\/twitter.com\\\/InformatePy1\"],\"url\":\"https:\\\/\\\/informatepy.com\\\/2024\\\/author\\\/redaccion\\\/\"}]}<\/script>\n<!-- \/ Yoast SEO plugin. -->","yoast_head_json":{"title":"Director del INCAN afirm\u00f3 que es criminal que pretendan cortar el presupuesto de enfermos de c\u00e1ncer - Informate Py Creemos en la libertad de expresi\u00f3n y en la capacidad de la gente de reflexionar\u00a0por\u00a0si\u00a0misma","robots":{"index":"index","follow":"follow","max-snippet":"max-snippet:-1","max-image-preview":"max-image-preview:large","max-video-preview":"max-video-preview:-1"},"canonical":"https:\/\/informatepy.com\/2024\/2023\/01\/03\/director-del-incan-afirmo-que-es-criminal-que-pretendan-cortar-el-presupuesto-de-enfermos-de-cancer\/","og_locale":"es_ES","og_type":"article","og_title":"Director del INCAN afirm\u00f3 que es criminal que pretendan cortar el presupuesto de enfermos de c\u00e1ncer - Informate Py Creemos en la libertad de expresi\u00f3n y en la capacidad de la gente de reflexionar\u00a0por\u00a0si\u00a0misma","og_description":"El director del Instituto Nacional del C\u00e1ncer (Incan), doctor Julio Rol\u00f3n, critic\u00f3 la versi\u00f3n que afirma que se recortar\u00eda el presupuesto de la instituci\u00f3n, en comunicaci\u00f3n con la radio 970 AM. \u201cEs inadmisible que exista un recorte en el presupuesto del sector de la salud, m\u00e1s a\u00fan en lo que refiere a los pacientes oncol\u00f3gicos [&hellip;]","og_url":"https:\/\/informatepy.com\/2024\/2023\/01\/03\/director-del-incan-afirmo-que-es-criminal-que-pretendan-cortar-el-presupuesto-de-enfermos-de-cancer\/","og_site_name":"Informate Py Creemos en la libertad de expresi\u00f3n y en la capacidad de la gente de reflexionar\u00a0por\u00a0si\u00a0misma","article_author":"https:\/\/www.facebook.com\/InformatePyCom","article_published_time":"2023-01-03T12:28:57+00:00","og_image":[{"width":1024,"height":630,"url":"https:\/\/i0.wp.com\/informatepy.com\/2024\/wp-content\/uploads\/2023\/01\/INCAN.jpg?fit=1024%2C630&ssl=1","type":"image\/jpeg"}],"author":"Redacci\u00f3n","twitter_card":"summary_large_image","twitter_creator":"@https:\/\/twitter.com\/InformatePy1","twitter_misc":{"Escrito por":"Redacci\u00f3n","Tiempo de lectura":"1 minuto"},"schema":{"@context":"https:\/\/schema.org","@graph":[{"@type":"Article","@id":"https:\/\/informatepy.com\/2024\/2023\/01\/03\/director-del-incan-afirmo-que-es-criminal-que-pretendan-cortar-el-presupuesto-de-enfermos-de-cancer\/#article","isPartOf":{"@id":"https:\/\/informatepy.com\/2024\/2023\/01\/03\/director-del-incan-afirmo-que-es-criminal-que-pretendan-cortar-el-presupuesto-de-enfermos-de-cancer\/"},"author":{"name":"Redacci\u00f3n","@id":"https:\/\/informatepy.com\/2024\/#\/schema\/person\/98728344b91c548ef8544c80daf58463"},"headline":"Director del INCAN afirm\u00f3 que es criminal que pretendan cortar el presupuesto de enfermos de c\u00e1ncer","datePublished":"2023-01-03T12:28:57+00:00","mainEntityOfPage":{"@id":"https:\/\/informatepy.com\/2024\/2023\/01\/03\/director-del-incan-afirmo-que-es-criminal-que-pretendan-cortar-el-presupuesto-de-enfermos-de-cancer\/"},"wordCount":227,"publisher":{"@id":"https:\/\/informatepy.com\/2024\/#organization"},"image":{"@id":"https:\/\/informatepy.com\/2024\/2023\/01\/03\/director-del-incan-afirmo-que-es-criminal-que-pretendan-cortar-el-presupuesto-de-enfermos-de-cancer\/#primaryimage"},"thumbnailUrl":"https:\/\/i0.wp.com\/informatepy.com\/2024\/wp-content\/uploads\/2023\/01\/INCAN.jpg?fit=1024%2C630&ssl=1","keywords":["destacada","incan"],"articleSection":["Nacionales"],"inLanguage":"es"},{"@type":"WebPage","@id":"https:\/\/informatepy.com\/2024\/2023\/01\/03\/director-del-incan-afirmo-que-es-criminal-que-pretendan-cortar-el-presupuesto-de-enfermos-de-cancer\/","url":"https:\/\/informatepy.com\/2024\/2023\/01\/03\/director-del-incan-afirmo-que-es-criminal-que-pretendan-cortar-el-presupuesto-de-enfermos-de-cancer\/","name":"Director del INCAN afirm\u00f3 que es criminal que pretendan cortar el presupuesto de enfermos de c\u00e1ncer - Informate Py Creemos en la libertad de expresi\u00f3n y en la capacidad de la gente de reflexionar\u00a0por\u00a0si\u00a0misma","isPartOf":{"@id":"https:\/\/informatepy.com\/2024\/#website"},"primaryImageOfPage":{"@id":"https:\/\/informatepy.com\/2024\/2023\/01\/03\/director-del-incan-afirmo-que-es-criminal-que-pretendan-cortar-el-presupuesto-de-enfermos-de-cancer\/#primaryimage"},"image":{"@id":"https:\/\/informatepy.com\/2024\/2023\/01\/03\/director-del-incan-afirmo-que-es-criminal-que-pretendan-cortar-el-presupuesto-de-enfermos-de-cancer\/#primaryimage"},"thumbnailUrl":"https:\/\/i0.wp.com\/informatepy.com\/2024\/wp-content\/uploads\/2023\/01\/INCAN.jpg?fit=1024%2C630&ssl=1","datePublished":"2023-01-03T12:28:57+00:00","breadcrumb":{"@id":"https:\/\/informatepy.com\/2024\/2023\/01\/03\/director-del-incan-afirmo-que-es-criminal-que-pretendan-cortar-el-presupuesto-de-enfermos-de-cancer\/#breadcrumb"},"inLanguage":"es","potentialAction":[{"@type":"ReadAction","target":["https:\/\/informatepy.com\/2024\/2023\/01\/03\/director-del-incan-afirmo-que-es-criminal-que-pretendan-cortar-el-presupuesto-de-enfermos-de-cancer\/"]}]},{"@type":"ImageObject","inLanguage":"es","@id":"https:\/\/informatepy.com\/2024\/2023\/01\/03\/director-del-incan-afirmo-que-es-criminal-que-pretendan-cortar-el-presupuesto-de-enfermos-de-cancer\/#primaryimage","url":"https:\/\/i0.wp.com\/informatepy.com\/2024\/wp-content\/uploads\/2023\/01\/INCAN.jpg?fit=1024%2C630&ssl=1","contentUrl":"https:\/\/i0.wp.com\/informatepy.com\/2024\/wp-content\/uploads\/2023\/01\/INCAN.jpg?fit=1024%2C630&ssl=1","width":1024,"height":630},{"@type":"BreadcrumbList","@id":"https:\/\/informatepy.com\/2024\/2023\/01\/03\/director-del-incan-afirmo-que-es-criminal-que-pretendan-cortar-el-presupuesto-de-enfermos-de-cancer\/#breadcrumb","itemListElement":[{"@type":"ListItem","position":1,"name":"Portada","item":"https:\/\/informatepy.com\/2024\/"},{"@type":"ListItem","position":2,"name":"Director del INCAN afirm\u00f3 que es criminal que pretendan cortar el presupuesto de enfermos de c\u00e1ncer"}]},{"@type":"WebSite","@id":"https:\/\/informatepy.com\/2024\/#website","url":"https:\/\/informatepy.com\/2024\/","name":"Informate Py Creemos en la libertad de expresi\u00f3n y en la capacidad de la gente de reflexionar\u00a0por\u00a0si\u00a0misma","description":"InformatePy","publisher":{"@id":"https:\/\/informatepy.com\/2024\/#organization"},"potentialAction":[{"@type":"SearchAction","target":{"@type":"EntryPoint","urlTemplate":"https:\/\/informatepy.com\/2024\/?s={search_term_string}"},"query-input":{"@type":"PropertyValueSpecification","valueRequired":true,"valueName":"search_term_string"}}],"inLanguage":"es"},{"@type":"Organization","@id":"https:\/\/informatepy.com\/2024\/#organization","name":"Informate Py Creemos en la libertad de expresi\u00f3n y en la capacidad de la gente de reflexionar\u00a0por\u00a0si\u00a0misma","url":"https:\/\/informatepy.com\/2024\/","logo":{"@type":"ImageObject","inLanguage":"es","@id":"https:\/\/informatepy.com\/2024\/#\/schema\/logo\/image\/","url":"https:\/\/i0.wp.com\/informatepy.com\/2024\/wp-content\/uploads\/2024\/02\/Logotipo-sin-fondo-informate-py500.png?fit=500%2C94&ssl=1","contentUrl":"https:\/\/i0.wp.com\/informatepy.com\/2024\/wp-content\/uploads\/2024\/02\/Logotipo-sin-fondo-informate-py500.png?fit=500%2C94&ssl=1","width":500,"height":94,"caption":"Informate Py Creemos en la libertad de expresi\u00f3n y en la capacidad de la gente de reflexionar\u00a0por\u00a0si\u00a0misma"},"image":{"@id":"https:\/\/informatepy.com\/2024\/#\/schema\/logo\/image\/"}},{"@type":"Person","@id":"https:\/\/informatepy.com\/2024\/#\/schema\/person\/98728344b91c548ef8544c80daf58463","name":"Redacci\u00f3n","image":{"@type":"ImageObject","inLanguage":"es","@id":"https:\/\/informatepy.com\/2024\/wp-content\/uploads\/2024\/02\/cropped-Isologo-sin-fondo.png9c354f01c536b2d49dbb929e96603401","url":"https:\/\/informatepy.com\/2024\/wp-content\/uploads\/2024\/02\/cropped-Isologo-sin-fondo.png","contentUrl":"https:\/\/informatepy.com\/2024\/wp-content\/uploads\/2024\/02\/cropped-Isologo-sin-fondo.png","caption":"Redacci\u00f3n"},"sameAs":["https:\/\/www.facebook.com\/InformatePyCom","https:\/\/x.com\/https:\/\/twitter.com\/InformatePy1"],"url":"https:\/\/informatepy.com\/2024\/author\/redaccion\/"}]}},"jetpack_featured_media_url":"https:\/\/i0.wp.com\/informatepy.com\/2024\/wp-content\/uploads\/2023\/01\/INCAN.jpg?fit=1024%2C630&ssl=1","jetpack-related-posts":[],"jetpack_sharing_enabled":true,"authors":[{"term_id":830,"user_id":3,"is_guest":0,"slug":"redaccion","display_name":"Redacci\u00f3n","avatar_url":{"url":"https:\/\/informatepy.com\/2024\/wp-content\/uploads\/2024\/02\/cropped-Isologo-sin-fondo.png","url2x":"https:\/\/informatepy.com\/2024\/wp-content\/uploads\/2024\/02\/cropped-Isologo-sin-fondo.png"},"author_category":"1","first_name":"Redacci\u00f3n","last_name":"","user_url":"","job_title":"","description":""}],"_links":{"self":[{"href":"https:\/\/informatepy.com\/2024\/wp-json\/wp\/v2\/posts\/9498","targetHints":{"allow":["GET"]}}],"collection":[{"href":"https:\/\/informatepy.com\/2024\/wp-json\/wp\/v2\/posts"}],"about":[{"href":"https:\/\/informatepy.com\/2024\/wp-json\/wp\/v2\/types\/post"}],"author":[{"embeddable":true,"href":"https:\/\/informatepy.com\/2024\/wp-json\/wp\/v2\/users\/3"}],"replies":[{"embeddable":true,"href":"https:\/\/informatepy.com\/2024\/wp-json\/wp\/v2\/comments?post=9498"}],"version-history":[{"count":0,"href":"https:\/\/informatepy.com\/2024\/wp-json\/wp\/v2\/posts\/9498\/revisions"}],"wp:featuredmedia":[{"embeddable":true,"href":"https:\/\/informatepy.com\/2024\/wp-json\/wp\/v2\/media\/9499"}],"wp:attachment":[{"href":"https:\/\/informatepy.com\/2024\/wp-json\/wp\/v2\/media?parent=9498"}],"wp:term":[{"taxonomy":"category","embeddable":true,"href":"https:\/\/informatepy.com\/2024\/wp-json\/wp\/v2\/categories?post=9498"},{"taxonomy":"post_tag","embeddable":true,"href":"https:\/\/informatepy.com\/2024\/wp-json\/wp\/v2\/tags?post=9498"},{"taxonomy":"jnews-series","embeddable":true,"href":"https:\/\/informatepy.com\/2024\/wp-json\/wp\/v2\/jnews-series?post=9498"},{"taxonomy":"author","embeddable":true,"href":"https:\/\/informatepy.com\/2024\/wp-json\/wp\/v2\/ppma_author?post=9498"}],"curies":[{"name":"wp","href":"https:\/\/api.w.org\/{rel}","templated":true}]}}