{"id":8285,"date":"2022-09-20T20:32:47","date_gmt":"2022-09-20T18:32:47","guid":{"rendered":"https:\/\/informatepy.com\/2024\/2022\/09\/20\/mario-abdo-en-la-onu-pidio-un-mundo-con-pleno-respeto-a-las-libertades-fundamentales\/"},"modified":"2022-09-20T20:32:47","modified_gmt":"2022-09-20T18:32:47","slug":"mario-abdo-en-la-onu-pidio-un-mundo-con-pleno-respeto-a-las-libertades-fundamentales","status":"publish","type":"post","link":"https:\/\/informatepy.com\/2024\/2022\/09\/20\/mario-abdo-en-la-onu-pidio-un-mundo-con-pleno-respeto-a-las-libertades-fundamentales\/","title":{"rendered":"Mario Abdo en la ONU pidi\u00f3 un mundo con pleno respeto a las libertades fundamentales"},"content":{"rendered":"\n<p class=\"has-text-align-justify\">El presidente de la Rep\u00fablica, Mario Abdo Ben\u00edtez, afirm\u00f3 que el mundo experimenta tiempos dif\u00edciles que demandan compromisos pol\u00edticos concretos y no actitudes gen\u00e9ricas, m\u00e1s a\u00fan en los a\u00f1os posteriores a la pandemia que se proyectan dif\u00edciles y requerir\u00e1n reformas que deben <strong><em>\u00abblindarse de falsas promesas\u201d<\/em><\/strong>. Fue durante su intervenci\u00f3n ante la Asamblea de Naciones Unidas.<\/p>\n\n\n\n<p class=\"has-text-align-justify\">En su \u00faltima intervenci\u00f3n como mandatario, Abdo Ben\u00edtez mencion\u00f3 que este encuentro convoca a los l\u00edderes para intercambiar ideas y generar compromiso de modo de afianzar esta esfera p\u00fablica intergubernamental tan necesaria para dar respuesta a las urgencias comunes de nuestras naciones.<\/p>\n\n\n\n<p class=\"has-text-align-justify\">Remarc\u00f3 el compromiso del Paraguay de seguir contribuyendo en la construcci\u00f3n de un mundo con pleno respeto a las libertades fundamentales, a la resoluci\u00f3n pac\u00edfica de los conflictos, condiciones dignas para toda la humanidad y la lucha inflexible contra el crimen organizado.<\/p>\n\n\n\n<p class=\"has-text-align-justify\">De igual forma, afirm\u00f3 que hoy m\u00e1s que nunca el mundo requiere templanza, di\u00e1logo y moderaci\u00f3n, al tiempo de referir que se viven tiempos que demandan compromisos pol\u00edticos concretos y no actitudes gen\u00e9ricas, m\u00e1s a\u00fan en los a\u00f1os posteriores a la pandemia que se proyectan dif\u00edciles y requerir\u00e1n reformas complejas que deben blindarse de falsas promesas.<\/p>\n\n\n\n<p class=\"has-text-align-justify\">Asimismo reflexion\u00f3 acerca de la situaci\u00f3n que se vive en Am\u00e9rica, a la que calific\u00f3 como una de las regiones m\u00e1s afectadas por la coyuntura actual. Ante ello, hizo un llamado para adoptar posiciones de principio que se alineen con la preocupaci\u00f3n por la plena vigencia de los derechos humanos y el autogobierno colectivo.<\/p>\n\n\n\n<p class=\"has-text-align-justify\"><strong><em>\u201cEstas posturas tienen que inscribirse en un plano amplio de cooperaci\u00f3n en el que los pa\u00edses mejor posicionados sean conscientes del desequilibrio que caracteriza al planeta en todos sus \u00e1mbitos\u201d<\/em><\/strong>, expres\u00f3.<\/p>\n\n\n\n<p class=\"has-text-align-justify\">En ese punto, el presidente aprovech\u00f3 la ocasi\u00f3n para reiterar la solicitud de la <strong>Rep\u00fablica de China (Taiw\u00e1n)<\/strong> para ser parte integral del sistema de las Naciones Unidas. Dijo que <strong>Paraguay est\u00e1 convencido del valioso aporte que implica la participaci\u00f3n de Taiw\u00e1n<\/strong> en el sistema multilateral.<\/p>\n","protected":false},"excerpt":{"rendered":"<p>El presidente de la Rep\u00fablica, Mario Abdo Ben\u00edtez, afirm\u00f3 que el mundo experimenta tiempos dif\u00edciles que demandan compromisos pol\u00edticos concretos y no actitudes gen\u00e9ricas, m\u00e1s a\u00fan en los a\u00f1os posteriores a la pandemia que se proyectan dif\u00edciles y requerir\u00e1n reformas que deben \u00abblindarse de falsas promesas\u201d. Fue durante su intervenci\u00f3n ante la Asamblea de Naciones [&hellip;]<\/p>\n","protected":false},"author":3,"featured_media":8286,"comment_status":"closed","ping_status":"open","sticky":false,"template":"","format":"standard","meta":{"_jetpack_memberships_contains_paid_content":false,"jnews-multi-image_gallery":[],"jnews_single_post":[],"jnews_primary_category":[],"jnews_override_bookmark_settings":[],"jnews_food_recipe":[],"enable_food_recipe":"","food_recipe_title":"","food_recipe_description":"","food_recipe_serve":"","food_recipe_time":"","food_recipe_prep":"","food_recipe_level":"","food_recipe_keywords":"","food_recipe_category":"","food_recipe_cuisine":"","food_recipe_yield":"","food_recipe_calories":"","enable_print_recipe":"","ingredient":[],"instruction":"","jnews_social_meta":[],"jnews_paywall_metabox":[],"jnews_review":[],"enable_review":"","type":"","name":"","summary":"","brand":"","sku":"","good":[],"bad":[],"score_override":"","override_value":"","rating":[],"price":[],"jnews_override_counter":[],"jnews_post_split":[],"jnews_podcast_option":[],"jnews_podcast_series":[],"footnotes":""},"categories":[34],"tags":[831,197,553,554],"jnews-series":[],"ppma_author":[830],"class_list":["post-8285","post","type-post","status-publish","format-standard","has-post-thumbnail","hentry","category-nacionales","tag-destacada","tag-mario-abdo","tag-naciones-unidas","tag-onu"],"yoast_head":"<!-- This site is optimized with the Yoast SEO plugin v27.4 - https:\/\/yoast.com\/product\/yoast-seo-wordpress\/ -->\n<title>Mario Abdo en la ONU pidi\u00f3 un mundo con pleno respeto a las libertades fundamentales - Informate Py Creemos en la libertad de expresi\u00f3n y en la capacidad de la gente de reflexionar\u00a0por\u00a0si\u00a0misma<\/title>\n<meta name=\"robots\" content=\"index, follow, max-snippet:-1, max-image-preview:large, max-video-preview:-1\" \/>\n<link rel=\"canonical\" href=\"https:\/\/informatepy.com\/2024\/2022\/09\/20\/mario-abdo-en-la-onu-pidio-un-mundo-con-pleno-respeto-a-las-libertades-fundamentales\/\" \/>\n<meta property=\"og:locale\" content=\"es_ES\" \/>\n<meta property=\"og:type\" content=\"article\" \/>\n<meta property=\"og:title\" content=\"Mario Abdo en la ONU pidi\u00f3 un mundo con pleno respeto a las libertades fundamentales - Informate Py Creemos en la libertad de expresi\u00f3n y en la capacidad de la gente de reflexionar\u00a0por\u00a0si\u00a0misma\" \/>\n<meta property=\"og:description\" content=\"El presidente de la Rep\u00fablica, Mario Abdo Ben\u00edtez, afirm\u00f3 que el mundo experimenta tiempos dif\u00edciles que demandan compromisos pol\u00edticos concretos y no actitudes gen\u00e9ricas, m\u00e1s a\u00fan en los a\u00f1os posteriores a la pandemia que se proyectan dif\u00edciles y requerir\u00e1n reformas que deben \u00abblindarse de falsas promesas\u201d. Fue durante su intervenci\u00f3n ante la Asamblea de Naciones [&hellip;]\" \/>\n<meta property=\"og:url\" content=\"https:\/\/informatepy.com\/2024\/2022\/09\/20\/mario-abdo-en-la-onu-pidio-un-mundo-con-pleno-respeto-a-las-libertades-fundamentales\/\" \/>\n<meta property=\"og:site_name\" content=\"Informate Py Creemos en la libertad de expresi\u00f3n y en la capacidad de la gente de reflexionar\u00a0por\u00a0si\u00a0misma\" \/>\n<meta property=\"article:author\" content=\"https:\/\/www.facebook.com\/InformatePyCom\" \/>\n<meta property=\"article:published_time\" content=\"2022-09-20T18:32:47+00:00\" \/>\n<meta property=\"og:image\" content=\"https:\/\/i0.wp.com\/informatepy.com\/2024\/wp-content\/uploads\/2022\/09\/abdo-onu.jpg?fit=1280%2C854&ssl=1\" \/>\n\t<meta property=\"og:image:width\" content=\"1280\" \/>\n\t<meta property=\"og:image:height\" content=\"854\" \/>\n\t<meta property=\"og:image:type\" content=\"image\/jpeg\" \/>\n<meta name=\"author\" content=\"Redacci\u00f3n\" \/>\n<meta name=\"twitter:card\" content=\"summary_large_image\" \/>\n<meta name=\"twitter:creator\" content=\"@https:\/\/twitter.com\/InformatePy1\" \/>\n<meta name=\"twitter:label1\" content=\"Escrito por\" \/>\n\t<meta name=\"twitter:data1\" content=\"Redacci\u00f3n\" \/>\n\t<meta name=\"twitter:label2\" content=\"Tiempo de lectura\" \/>\n\t<meta name=\"twitter:data2\" content=\"2 minutos\" \/>\n<script type=\"application\/ld+json\" class=\"yoast-schema-graph\">{\"@context\":\"https:\\\/\\\/schema.org\",\"@graph\":[{\"@type\":\"Article\",\"@id\":\"https:\\\/\\\/informatepy.com\\\/2024\\\/2022\\\/09\\\/20\\\/mario-abdo-en-la-onu-pidio-un-mundo-con-pleno-respeto-a-las-libertades-fundamentales\\\/#article\",\"isPartOf\":{\"@id\":\"https:\\\/\\\/informatepy.com\\\/2024\\\/2022\\\/09\\\/20\\\/mario-abdo-en-la-onu-pidio-un-mundo-con-pleno-respeto-a-las-libertades-fundamentales\\\/\"},\"author\":{\"name\":\"Redacci\u00f3n\",\"@id\":\"https:\\\/\\\/informatepy.com\\\/2024\\\/#\\\/schema\\\/person\\\/98728344b91c548ef8544c80daf58463\"},\"headline\":\"Mario Abdo en la ONU pidi\u00f3 un mundo con pleno respeto a las libertades fundamentales\",\"datePublished\":\"2022-09-20T18:32:47+00:00\",\"mainEntityOfPage\":{\"@id\":\"https:\\\/\\\/informatepy.com\\\/2024\\\/2022\\\/09\\\/20\\\/mario-abdo-en-la-onu-pidio-un-mundo-con-pleno-respeto-a-las-libertades-fundamentales\\\/\"},\"wordCount\":381,\"publisher\":{\"@id\":\"https:\\\/\\\/informatepy.com\\\/2024\\\/#organization\"},\"image\":{\"@id\":\"https:\\\/\\\/informatepy.com\\\/2024\\\/2022\\\/09\\\/20\\\/mario-abdo-en-la-onu-pidio-un-mundo-con-pleno-respeto-a-las-libertades-fundamentales\\\/#primaryimage\"},\"thumbnailUrl\":\"https:\\\/\\\/i0.wp.com\\\/informatepy.com\\\/2024\\\/wp-content\\\/uploads\\\/2022\\\/09\\\/abdo-onu.jpg?fit=1280%2C854&ssl=1\",\"keywords\":[\"destacada\",\"mario abdo\",\"naciones unidas\",\"ONU\"],\"articleSection\":[\"Nacionales\"],\"inLanguage\":\"es\"},{\"@type\":\"WebPage\",\"@id\":\"https:\\\/\\\/informatepy.com\\\/2024\\\/2022\\\/09\\\/20\\\/mario-abdo-en-la-onu-pidio-un-mundo-con-pleno-respeto-a-las-libertades-fundamentales\\\/\",\"url\":\"https:\\\/\\\/informatepy.com\\\/2024\\\/2022\\\/09\\\/20\\\/mario-abdo-en-la-onu-pidio-un-mundo-con-pleno-respeto-a-las-libertades-fundamentales\\\/\",\"name\":\"Mario Abdo en la ONU pidi\u00f3 un mundo con pleno respeto a las libertades fundamentales - Informate Py Creemos en la libertad de expresi\u00f3n y en la capacidad de la gente de reflexionar\u00a0por\u00a0si\u00a0misma\",\"isPartOf\":{\"@id\":\"https:\\\/\\\/informatepy.com\\\/2024\\\/#website\"},\"primaryImageOfPage\":{\"@id\":\"https:\\\/\\\/informatepy.com\\\/2024\\\/2022\\\/09\\\/20\\\/mario-abdo-en-la-onu-pidio-un-mundo-con-pleno-respeto-a-las-libertades-fundamentales\\\/#primaryimage\"},\"image\":{\"@id\":\"https:\\\/\\\/informatepy.com\\\/2024\\\/2022\\\/09\\\/20\\\/mario-abdo-en-la-onu-pidio-un-mundo-con-pleno-respeto-a-las-libertades-fundamentales\\\/#primaryimage\"},\"thumbnailUrl\":\"https:\\\/\\\/i0.wp.com\\\/informatepy.com\\\/2024\\\/wp-content\\\/uploads\\\/2022\\\/09\\\/abdo-onu.jpg?fit=1280%2C854&ssl=1\",\"datePublished\":\"2022-09-20T18:32:47+00:00\",\"breadcrumb\":{\"@id\":\"https:\\\/\\\/informatepy.com\\\/2024\\\/2022\\\/09\\\/20\\\/mario-abdo-en-la-onu-pidio-un-mundo-con-pleno-respeto-a-las-libertades-fundamentales\\\/#breadcrumb\"},\"inLanguage\":\"es\",\"potentialAction\":[{\"@type\":\"ReadAction\",\"target\":[\"https:\\\/\\\/informatepy.com\\\/2024\\\/2022\\\/09\\\/20\\\/mario-abdo-en-la-onu-pidio-un-mundo-con-pleno-respeto-a-las-libertades-fundamentales\\\/\"]}]},{\"@type\":\"ImageObject\",\"inLanguage\":\"es\",\"@id\":\"https:\\\/\\\/informatepy.com\\\/2024\\\/2022\\\/09\\\/20\\\/mario-abdo-en-la-onu-pidio-un-mundo-con-pleno-respeto-a-las-libertades-fundamentales\\\/#primaryimage\",\"url\":\"https:\\\/\\\/i0.wp.com\\\/informatepy.com\\\/2024\\\/wp-content\\\/uploads\\\/2022\\\/09\\\/abdo-onu.jpg?fit=1280%2C854&ssl=1\",\"contentUrl\":\"https:\\\/\\\/i0.wp.com\\\/informatepy.com\\\/2024\\\/wp-content\\\/uploads\\\/2022\\\/09\\\/abdo-onu.jpg?fit=1280%2C854&ssl=1\",\"width\":1280,\"height\":854},{\"@type\":\"BreadcrumbList\",\"@id\":\"https:\\\/\\\/informatepy.com\\\/2024\\\/2022\\\/09\\\/20\\\/mario-abdo-en-la-onu-pidio-un-mundo-con-pleno-respeto-a-las-libertades-fundamentales\\\/#breadcrumb\",\"itemListElement\":[{\"@type\":\"ListItem\",\"position\":1,\"name\":\"Portada\",\"item\":\"https:\\\/\\\/informatepy.com\\\/2024\\\/\"},{\"@type\":\"ListItem\",\"position\":2,\"name\":\"Mario Abdo en la ONU pidi\u00f3 un mundo con pleno respeto a las libertades fundamentales\"}]},{\"@type\":\"WebSite\",\"@id\":\"https:\\\/\\\/informatepy.com\\\/2024\\\/#website\",\"url\":\"https:\\\/\\\/informatepy.com\\\/2024\\\/\",\"name\":\"Informate Py Creemos en la libertad de expresi\u00f3n y en la capacidad de la gente de reflexionar\u00a0por\u00a0si\u00a0misma\",\"description\":\"InformatePy\",\"publisher\":{\"@id\":\"https:\\\/\\\/informatepy.com\\\/2024\\\/#organization\"},\"potentialAction\":[{\"@type\":\"SearchAction\",\"target\":{\"@type\":\"EntryPoint\",\"urlTemplate\":\"https:\\\/\\\/informatepy.com\\\/2024\\\/?s={search_term_string}\"},\"query-input\":{\"@type\":\"PropertyValueSpecification\",\"valueRequired\":true,\"valueName\":\"search_term_string\"}}],\"inLanguage\":\"es\"},{\"@type\":\"Organization\",\"@id\":\"https:\\\/\\\/informatepy.com\\\/2024\\\/#organization\",\"name\":\"Informate Py Creemos en la libertad de expresi\u00f3n y en la capacidad de la gente de reflexionar\u00a0por\u00a0si\u00a0misma\",\"url\":\"https:\\\/\\\/informatepy.com\\\/2024\\\/\",\"logo\":{\"@type\":\"ImageObject\",\"inLanguage\":\"es\",\"@id\":\"https:\\\/\\\/informatepy.com\\\/2024\\\/#\\\/schema\\\/logo\\\/image\\\/\",\"url\":\"https:\\\/\\\/i0.wp.com\\\/informatepy.com\\\/2024\\\/wp-content\\\/uploads\\\/2024\\\/02\\\/Logotipo-sin-fondo-informate-py500.png?fit=500%2C94&ssl=1\",\"contentUrl\":\"https:\\\/\\\/i0.wp.com\\\/informatepy.com\\\/2024\\\/wp-content\\\/uploads\\\/2024\\\/02\\\/Logotipo-sin-fondo-informate-py500.png?fit=500%2C94&ssl=1\",\"width\":500,\"height\":94,\"caption\":\"Informate Py Creemos en la libertad de expresi\u00f3n y en la capacidad de la gente de reflexionar\u00a0por\u00a0si\u00a0misma\"},\"image\":{\"@id\":\"https:\\\/\\\/informatepy.com\\\/2024\\\/#\\\/schema\\\/logo\\\/image\\\/\"}},{\"@type\":\"Person\",\"@id\":\"https:\\\/\\\/informatepy.com\\\/2024\\\/#\\\/schema\\\/person\\\/98728344b91c548ef8544c80daf58463\",\"name\":\"Redacci\u00f3n\",\"image\":{\"@type\":\"ImageObject\",\"inLanguage\":\"es\",\"@id\":\"https:\\\/\\\/informatepy.com\\\/2024\\\/wp-content\\\/uploads\\\/2024\\\/02\\\/cropped-Isologo-sin-fondo.png9c354f01c536b2d49dbb929e96603401\",\"url\":\"https:\\\/\\\/informatepy.com\\\/2024\\\/wp-content\\\/uploads\\\/2024\\\/02\\\/cropped-Isologo-sin-fondo.png\",\"contentUrl\":\"https:\\\/\\\/informatepy.com\\\/2024\\\/wp-content\\\/uploads\\\/2024\\\/02\\\/cropped-Isologo-sin-fondo.png\",\"caption\":\"Redacci\u00f3n\"},\"sameAs\":[\"https:\\\/\\\/www.facebook.com\\\/InformatePyCom\",\"https:\\\/\\\/x.com\\\/https:\\\/\\\/twitter.com\\\/InformatePy1\"],\"url\":\"https:\\\/\\\/informatepy.com\\\/2024\\\/author\\\/redaccion\\\/\"}]}<\/script>\n<!-- \/ Yoast SEO plugin. -->","yoast_head_json":{"title":"Mario Abdo en la ONU pidi\u00f3 un mundo con pleno respeto a las libertades fundamentales - Informate Py Creemos en la libertad de expresi\u00f3n y en la capacidad de la gente de reflexionar\u00a0por\u00a0si\u00a0misma","robots":{"index":"index","follow":"follow","max-snippet":"max-snippet:-1","max-image-preview":"max-image-preview:large","max-video-preview":"max-video-preview:-1"},"canonical":"https:\/\/informatepy.com\/2024\/2022\/09\/20\/mario-abdo-en-la-onu-pidio-un-mundo-con-pleno-respeto-a-las-libertades-fundamentales\/","og_locale":"es_ES","og_type":"article","og_title":"Mario Abdo en la ONU pidi\u00f3 un mundo con pleno respeto a las libertades fundamentales - Informate Py Creemos en la libertad de expresi\u00f3n y en la capacidad de la gente de reflexionar\u00a0por\u00a0si\u00a0misma","og_description":"El presidente de la Rep\u00fablica, Mario Abdo Ben\u00edtez, afirm\u00f3 que el mundo experimenta tiempos dif\u00edciles que demandan compromisos pol\u00edticos concretos y no actitudes gen\u00e9ricas, m\u00e1s a\u00fan en los a\u00f1os posteriores a la pandemia que se proyectan dif\u00edciles y requerir\u00e1n reformas que deben \u00abblindarse de falsas promesas\u201d. Fue durante su intervenci\u00f3n ante la Asamblea de Naciones [&hellip;]","og_url":"https:\/\/informatepy.com\/2024\/2022\/09\/20\/mario-abdo-en-la-onu-pidio-un-mundo-con-pleno-respeto-a-las-libertades-fundamentales\/","og_site_name":"Informate Py Creemos en la libertad de expresi\u00f3n y en la capacidad de la gente de reflexionar\u00a0por\u00a0si\u00a0misma","article_author":"https:\/\/www.facebook.com\/InformatePyCom","article_published_time":"2022-09-20T18:32:47+00:00","og_image":[{"width":1280,"height":854,"url":"https:\/\/i0.wp.com\/informatepy.com\/2024\/wp-content\/uploads\/2022\/09\/abdo-onu.jpg?fit=1280%2C854&ssl=1","type":"image\/jpeg"}],"author":"Redacci\u00f3n","twitter_card":"summary_large_image","twitter_creator":"@https:\/\/twitter.com\/InformatePy1","twitter_misc":{"Escrito por":"Redacci\u00f3n","Tiempo de lectura":"2 minutos"},"schema":{"@context":"https:\/\/schema.org","@graph":[{"@type":"Article","@id":"https:\/\/informatepy.com\/2024\/2022\/09\/20\/mario-abdo-en-la-onu-pidio-un-mundo-con-pleno-respeto-a-las-libertades-fundamentales\/#article","isPartOf":{"@id":"https:\/\/informatepy.com\/2024\/2022\/09\/20\/mario-abdo-en-la-onu-pidio-un-mundo-con-pleno-respeto-a-las-libertades-fundamentales\/"},"author":{"name":"Redacci\u00f3n","@id":"https:\/\/informatepy.com\/2024\/#\/schema\/person\/98728344b91c548ef8544c80daf58463"},"headline":"Mario Abdo en la ONU pidi\u00f3 un mundo con pleno respeto a las libertades fundamentales","datePublished":"2022-09-20T18:32:47+00:00","mainEntityOfPage":{"@id":"https:\/\/informatepy.com\/2024\/2022\/09\/20\/mario-abdo-en-la-onu-pidio-un-mundo-con-pleno-respeto-a-las-libertades-fundamentales\/"},"wordCount":381,"publisher":{"@id":"https:\/\/informatepy.com\/2024\/#organization"},"image":{"@id":"https:\/\/informatepy.com\/2024\/2022\/09\/20\/mario-abdo-en-la-onu-pidio-un-mundo-con-pleno-respeto-a-las-libertades-fundamentales\/#primaryimage"},"thumbnailUrl":"https:\/\/i0.wp.com\/informatepy.com\/2024\/wp-content\/uploads\/2022\/09\/abdo-onu.jpg?fit=1280%2C854&ssl=1","keywords":["destacada","mario abdo","naciones unidas","ONU"],"articleSection":["Nacionales"],"inLanguage":"es"},{"@type":"WebPage","@id":"https:\/\/informatepy.com\/2024\/2022\/09\/20\/mario-abdo-en-la-onu-pidio-un-mundo-con-pleno-respeto-a-las-libertades-fundamentales\/","url":"https:\/\/informatepy.com\/2024\/2022\/09\/20\/mario-abdo-en-la-onu-pidio-un-mundo-con-pleno-respeto-a-las-libertades-fundamentales\/","name":"Mario Abdo en la ONU pidi\u00f3 un mundo con pleno respeto a las libertades fundamentales - Informate Py Creemos en la libertad de expresi\u00f3n y en la capacidad de la gente de reflexionar\u00a0por\u00a0si\u00a0misma","isPartOf":{"@id":"https:\/\/informatepy.com\/2024\/#website"},"primaryImageOfPage":{"@id":"https:\/\/informatepy.com\/2024\/2022\/09\/20\/mario-abdo-en-la-onu-pidio-un-mundo-con-pleno-respeto-a-las-libertades-fundamentales\/#primaryimage"},"image":{"@id":"https:\/\/informatepy.com\/2024\/2022\/09\/20\/mario-abdo-en-la-onu-pidio-un-mundo-con-pleno-respeto-a-las-libertades-fundamentales\/#primaryimage"},"thumbnailUrl":"https:\/\/i0.wp.com\/informatepy.com\/2024\/wp-content\/uploads\/2022\/09\/abdo-onu.jpg?fit=1280%2C854&ssl=1","datePublished":"2022-09-20T18:32:47+00:00","breadcrumb":{"@id":"https:\/\/informatepy.com\/2024\/2022\/09\/20\/mario-abdo-en-la-onu-pidio-un-mundo-con-pleno-respeto-a-las-libertades-fundamentales\/#breadcrumb"},"inLanguage":"es","potentialAction":[{"@type":"ReadAction","target":["https:\/\/informatepy.com\/2024\/2022\/09\/20\/mario-abdo-en-la-onu-pidio-un-mundo-con-pleno-respeto-a-las-libertades-fundamentales\/"]}]},{"@type":"ImageObject","inLanguage":"es","@id":"https:\/\/informatepy.com\/2024\/2022\/09\/20\/mario-abdo-en-la-onu-pidio-un-mundo-con-pleno-respeto-a-las-libertades-fundamentales\/#primaryimage","url":"https:\/\/i0.wp.com\/informatepy.com\/2024\/wp-content\/uploads\/2022\/09\/abdo-onu.jpg?fit=1280%2C854&ssl=1","contentUrl":"https:\/\/i0.wp.com\/informatepy.com\/2024\/wp-content\/uploads\/2022\/09\/abdo-onu.jpg?fit=1280%2C854&ssl=1","width":1280,"height":854},{"@type":"BreadcrumbList","@id":"https:\/\/informatepy.com\/2024\/2022\/09\/20\/mario-abdo-en-la-onu-pidio-un-mundo-con-pleno-respeto-a-las-libertades-fundamentales\/#breadcrumb","itemListElement":[{"@type":"ListItem","position":1,"name":"Portada","item":"https:\/\/informatepy.com\/2024\/"},{"@type":"ListItem","position":2,"name":"Mario Abdo en la ONU pidi\u00f3 un mundo con pleno respeto a las libertades fundamentales"}]},{"@type":"WebSite","@id":"https:\/\/informatepy.com\/2024\/#website","url":"https:\/\/informatepy.com\/2024\/","name":"Informate Py Creemos en la libertad de expresi\u00f3n y en la capacidad de la gente de reflexionar\u00a0por\u00a0si\u00a0misma","description":"InformatePy","publisher":{"@id":"https:\/\/informatepy.com\/2024\/#organization"},"potentialAction":[{"@type":"SearchAction","target":{"@type":"EntryPoint","urlTemplate":"https:\/\/informatepy.com\/2024\/?s={search_term_string}"},"query-input":{"@type":"PropertyValueSpecification","valueRequired":true,"valueName":"search_term_string"}}],"inLanguage":"es"},{"@type":"Organization","@id":"https:\/\/informatepy.com\/2024\/#organization","name":"Informate Py Creemos en la libertad de expresi\u00f3n y en la capacidad de la gente de reflexionar\u00a0por\u00a0si\u00a0misma","url":"https:\/\/informatepy.com\/2024\/","logo":{"@type":"ImageObject","inLanguage":"es","@id":"https:\/\/informatepy.com\/2024\/#\/schema\/logo\/image\/","url":"https:\/\/i0.wp.com\/informatepy.com\/2024\/wp-content\/uploads\/2024\/02\/Logotipo-sin-fondo-informate-py500.png?fit=500%2C94&ssl=1","contentUrl":"https:\/\/i0.wp.com\/informatepy.com\/2024\/wp-content\/uploads\/2024\/02\/Logotipo-sin-fondo-informate-py500.png?fit=500%2C94&ssl=1","width":500,"height":94,"caption":"Informate Py Creemos en la libertad de expresi\u00f3n y en la capacidad de la gente de reflexionar\u00a0por\u00a0si\u00a0misma"},"image":{"@id":"https:\/\/informatepy.com\/2024\/#\/schema\/logo\/image\/"}},{"@type":"Person","@id":"https:\/\/informatepy.com\/2024\/#\/schema\/person\/98728344b91c548ef8544c80daf58463","name":"Redacci\u00f3n","image":{"@type":"ImageObject","inLanguage":"es","@id":"https:\/\/informatepy.com\/2024\/wp-content\/uploads\/2024\/02\/cropped-Isologo-sin-fondo.png9c354f01c536b2d49dbb929e96603401","url":"https:\/\/informatepy.com\/2024\/wp-content\/uploads\/2024\/02\/cropped-Isologo-sin-fondo.png","contentUrl":"https:\/\/informatepy.com\/2024\/wp-content\/uploads\/2024\/02\/cropped-Isologo-sin-fondo.png","caption":"Redacci\u00f3n"},"sameAs":["https:\/\/www.facebook.com\/InformatePyCom","https:\/\/x.com\/https:\/\/twitter.com\/InformatePy1"],"url":"https:\/\/informatepy.com\/2024\/author\/redaccion\/"}]}},"jetpack_featured_media_url":"https:\/\/i0.wp.com\/informatepy.com\/2024\/wp-content\/uploads\/2022\/09\/abdo-onu.jpg?fit=1280%2C854&ssl=1","jetpack-related-posts":[],"jetpack_sharing_enabled":true,"authors":[{"term_id":830,"user_id":3,"is_guest":0,"slug":"redaccion","display_name":"Redacci\u00f3n","avatar_url":{"url":"https:\/\/informatepy.com\/2024\/wp-content\/uploads\/2024\/02\/cropped-Isologo-sin-fondo.png","url2x":"https:\/\/informatepy.com\/2024\/wp-content\/uploads\/2024\/02\/cropped-Isologo-sin-fondo.png"},"author_category":"1","first_name":"Redacci\u00f3n","last_name":"","user_url":"","job_title":"","description":""}],"_links":{"self":[{"href":"https:\/\/informatepy.com\/2024\/wp-json\/wp\/v2\/posts\/8285","targetHints":{"allow":["GET"]}}],"collection":[{"href":"https:\/\/informatepy.com\/2024\/wp-json\/wp\/v2\/posts"}],"about":[{"href":"https:\/\/informatepy.com\/2024\/wp-json\/wp\/v2\/types\/post"}],"author":[{"embeddable":true,"href":"https:\/\/informatepy.com\/2024\/wp-json\/wp\/v2\/users\/3"}],"replies":[{"embeddable":true,"href":"https:\/\/informatepy.com\/2024\/wp-json\/wp\/v2\/comments?post=8285"}],"version-history":[{"count":0,"href":"https:\/\/informatepy.com\/2024\/wp-json\/wp\/v2\/posts\/8285\/revisions"}],"wp:featuredmedia":[{"embeddable":true,"href":"https:\/\/informatepy.com\/2024\/wp-json\/wp\/v2\/media\/8286"}],"wp:attachment":[{"href":"https:\/\/informatepy.com\/2024\/wp-json\/wp\/v2\/media?parent=8285"}],"wp:term":[{"taxonomy":"category","embeddable":true,"href":"https:\/\/informatepy.com\/2024\/wp-json\/wp\/v2\/categories?post=8285"},{"taxonomy":"post_tag","embeddable":true,"href":"https:\/\/informatepy.com\/2024\/wp-json\/wp\/v2\/tags?post=8285"},{"taxonomy":"jnews-series","embeddable":true,"href":"https:\/\/informatepy.com\/2024\/wp-json\/wp\/v2\/jnews-series?post=8285"},{"taxonomy":"author","embeddable":true,"href":"https:\/\/informatepy.com\/2024\/wp-json\/wp\/v2\/ppma_author?post=8285"}],"curies":[{"name":"wp","href":"https:\/\/api.w.org\/{rel}","templated":true}]}}