{"id":7573,"date":"2022-07-11T21:34:53","date_gmt":"2022-07-11T19:34:53","guid":{"rendered":"https:\/\/informatepy.com\/2024\/2022\/07\/11\/ex-lider-del-epp-faltando-un-ano-para-quedar-libre-presumio-de-su-poder-y-liga-40-anos-mas-de-prision\/"},"modified":"2022-07-11T21:34:53","modified_gmt":"2022-07-11T19:34:53","slug":"ex-lider-del-epp-faltando-un-ano-para-quedar-libre-presumio-de-su-poder-y-liga-40-anos-mas-de-prision","status":"publish","type":"post","link":"https:\/\/informatepy.com\/2024\/2022\/07\/11\/ex-lider-del-epp-faltando-un-ano-para-quedar-libre-presumio-de-su-poder-y-liga-40-anos-mas-de-prision\/","title":{"rendered":"Ex l\u00edder del EPP, faltando un a\u00f1o para quedar libre, presumi\u00f3 de su poder y\u00a0 \u201cliga\u201d 40 a\u00f1os m\u00e1s de prisi\u00f3n\u00a0"},"content":{"rendered":"\n<p class=\"has-text-align-justify\">Es por el secuestro de Arlan Fick ocurrido el 2 de abril del 2014 en Paso Tuya de Azotey \u2013 Concepci\u00f3n.<\/p>\n\n\n\n<p class=\"has-text-align-justify\">Estando ya preso, Oviedo hab\u00eda presumido de poder negociar la libertad del joven menonita, desde su reclusi\u00f3n. Los jueces se tomaron de sus palabras, para abrir un juicio en el que se lo involucr\u00f3 en el proceso de secuestro.<\/p>\n\n\n\n<p class=\"has-text-align-justify\">Sobre el mismo pesaba una condena por el caso de Mar\u00eda Edith Bord\u00f3n viuda de Debernardi, y estaba pr\u00e1cticamente a un a\u00f1o de cumplir la pena de 18 a\u00f1os que le fue impuesta en ese expediente.<\/p>\n\n\n\n<p class=\"has-text-align-justify\">Considerando que la legislaci\u00f3n no contempla la suma de a\u00f1os por distintas causas, en este caso se descontar\u00e1 de los 30 a\u00f1os los 18 de su condena vigente, quedando 12 a\u00f1os m\u00e1s 10 de seguridad. Teniendo en cuenta su edad actual, 52 a\u00f1os, el l\u00edder del EPP saldr\u00e1 libre cuando cumpla 74 a\u00f1os.<\/p>\n\n\n\n<p class=\"has-text-align-justify\">Cierto o no que ten\u00eda el poder sobre la libertad y la vida de Arlan Fick, Oviedo Britez ahora deber\u00e1 asumir la nueva pena que le aplican.<\/p>\n\n\n\n<h6 class=\"wp-block-heading\">Diario Hoy<\/h6>\n","protected":false},"excerpt":{"rendered":"<p>El juzgado de la causa determin\u00f3 la condena a 30 a\u00f1os de prisi\u00f3n, m\u00e1s 10 de medidas de seguridad para Alcides Oviedo Br\u00edtez (52), l\u00edder del EPP.<\/p>\n","protected":false},"author":3,"featured_media":7574,"comment_status":"closed","ping_status":"open","sticky":false,"template":"","format":"standard","meta":{"_jetpack_memberships_contains_paid_content":false,"jnews-multi-image_gallery":[],"jnews_single_post":[],"jnews_primary_category":[],"jnews_override_bookmark_settings":[],"jnews_food_recipe":[],"enable_food_recipe":"","food_recipe_title":"","food_recipe_description":"","food_recipe_serve":"","food_recipe_time":"","food_recipe_prep":"","food_recipe_level":"","food_recipe_keywords":"","food_recipe_category":"","food_recipe_cuisine":"","food_recipe_yield":"","food_recipe_calories":"","enable_print_recipe":"","ingredient":[],"instruction":"","jnews_social_meta":[],"jnews_paywall_metabox":[],"jnews_review":[],"enable_review":"","type":"","name":"","summary":"","brand":"","sku":"","good":[],"bad":[],"score_override":"","override_value":"","rating":[],"price":[],"jnews_override_counter":[],"jnews_post_split":[],"jnews_podcast_option":[],"jnews_podcast_series":[],"footnotes":""},"categories":[34],"tags":[831,515,591],"jnews-series":[],"ppma_author":[830],"class_list":["post-7573","post","type-post","status-publish","format-standard","has-post-thumbnail","hentry","category-nacionales","tag-destacada","tag-epp","tag-terrorismo"],"yoast_head":"<!-- This site is optimized with the Yoast SEO plugin v27.5 - https:\/\/yoast.com\/product\/yoast-seo-wordpress\/ -->\n<title>Ex l\u00edder del EPP, faltando un a\u00f1o para quedar libre, presumi\u00f3 de su poder y\u00a0 \u201cliga\u201d 40 a\u00f1os m\u00e1s de prisi\u00f3n\u00a0 - Informate Py Creemos en la libertad de expresi\u00f3n y en la capacidad de la gente de reflexionar\u00a0por\u00a0si\u00a0misma<\/title>\n<meta name=\"robots\" content=\"index, follow, max-snippet:-1, max-image-preview:large, max-video-preview:-1\" \/>\n<link rel=\"canonical\" href=\"https:\/\/informatepy.com\/2024\/2022\/07\/11\/ex-lider-del-epp-faltando-un-ano-para-quedar-libre-presumio-de-su-poder-y-liga-40-anos-mas-de-prision\/\" \/>\n<meta property=\"og:locale\" content=\"es_ES\" \/>\n<meta property=\"og:type\" content=\"article\" \/>\n<meta property=\"og:title\" content=\"Ex l\u00edder del EPP, faltando un a\u00f1o para quedar libre, presumi\u00f3 de su poder y\u00a0 \u201cliga\u201d 40 a\u00f1os m\u00e1s de prisi\u00f3n\u00a0 - Informate Py Creemos en la libertad de expresi\u00f3n y en la capacidad de la gente de reflexionar\u00a0por\u00a0si\u00a0misma\" \/>\n<meta property=\"og:description\" content=\"El juzgado de la causa determin\u00f3 la condena a 30 a\u00f1os de prisi\u00f3n, m\u00e1s 10 de medidas de seguridad para Alcides Oviedo Br\u00edtez (52), l\u00edder del EPP.\" \/>\n<meta property=\"og:url\" content=\"https:\/\/informatepy.com\/2024\/2022\/07\/11\/ex-lider-del-epp-faltando-un-ano-para-quedar-libre-presumio-de-su-poder-y-liga-40-anos-mas-de-prision\/\" \/>\n<meta property=\"og:site_name\" content=\"Informate Py Creemos en la libertad de expresi\u00f3n y en la capacidad de la gente de reflexionar\u00a0por\u00a0si\u00a0misma\" \/>\n<meta property=\"article:author\" content=\"https:\/\/www.facebook.com\/InformatePyCom\" \/>\n<meta property=\"article:published_time\" content=\"2022-07-11T19:34:53+00:00\" \/>\n<meta property=\"og:image\" content=\"https:\/\/i0.wp.com\/informatepy.com\/2024\/wp-content\/uploads\/2022\/07\/alcides-oviedo.jpeg?fit=760%2C420&ssl=1\" \/>\n\t<meta property=\"og:image:width\" content=\"760\" \/>\n\t<meta property=\"og:image:height\" content=\"420\" \/>\n\t<meta property=\"og:image:type\" content=\"image\/jpeg\" \/>\n<meta name=\"author\" content=\"Redacci\u00f3n\" \/>\n<meta name=\"twitter:card\" content=\"summary_large_image\" \/>\n<meta name=\"twitter:creator\" content=\"@https:\/\/twitter.com\/InformatePy1\" \/>\n<meta name=\"twitter:label1\" content=\"Escrito por\" \/>\n\t<meta name=\"twitter:data1\" content=\"Redacci\u00f3n\" \/>\n\t<meta name=\"twitter:label2\" content=\"Tiempo de lectura\" \/>\n\t<meta name=\"twitter:data2\" content=\"1 minuto\" \/>\n<script type=\"application\/ld+json\" class=\"yoast-schema-graph\">{\"@context\":\"https:\\\/\\\/schema.org\",\"@graph\":[{\"@type\":\"Article\",\"@id\":\"https:\\\/\\\/informatepy.com\\\/2024\\\/2022\\\/07\\\/11\\\/ex-lider-del-epp-faltando-un-ano-para-quedar-libre-presumio-de-su-poder-y-liga-40-anos-mas-de-prision\\\/#article\",\"isPartOf\":{\"@id\":\"https:\\\/\\\/informatepy.com\\\/2024\\\/2022\\\/07\\\/11\\\/ex-lider-del-epp-faltando-un-ano-para-quedar-libre-presumio-de-su-poder-y-liga-40-anos-mas-de-prision\\\/\"},\"author\":{\"name\":\"Redacci\u00f3n\",\"@id\":\"https:\\\/\\\/informatepy.com\\\/2024\\\/#\\\/schema\\\/person\\\/98728344b91c548ef8544c80daf58463\"},\"headline\":\"Ex l\u00edder del EPP, faltando un a\u00f1o para quedar libre, presumi\u00f3 de su poder y\u00a0 \u201cliga\u201d 40 a\u00f1os m\u00e1s de prisi\u00f3n\u00a0\",\"datePublished\":\"2022-07-11T19:34:53+00:00\",\"mainEntityOfPage\":{\"@id\":\"https:\\\/\\\/informatepy.com\\\/2024\\\/2022\\\/07\\\/11\\\/ex-lider-del-epp-faltando-un-ano-para-quedar-libre-presumio-de-su-poder-y-liga-40-anos-mas-de-prision\\\/\"},\"wordCount\":210,\"publisher\":{\"@id\":\"https:\\\/\\\/informatepy.com\\\/2024\\\/#organization\"},\"image\":{\"@id\":\"https:\\\/\\\/informatepy.com\\\/2024\\\/2022\\\/07\\\/11\\\/ex-lider-del-epp-faltando-un-ano-para-quedar-libre-presumio-de-su-poder-y-liga-40-anos-mas-de-prision\\\/#primaryimage\"},\"thumbnailUrl\":\"https:\\\/\\\/i0.wp.com\\\/informatepy.com\\\/2024\\\/wp-content\\\/uploads\\\/2022\\\/07\\\/alcides-oviedo.jpeg?fit=760%2C420&ssl=1\",\"keywords\":[\"destacada\",\"epp\",\"terrorismo\"],\"articleSection\":[\"Nacionales\"],\"inLanguage\":\"es\"},{\"@type\":\"WebPage\",\"@id\":\"https:\\\/\\\/informatepy.com\\\/2024\\\/2022\\\/07\\\/11\\\/ex-lider-del-epp-faltando-un-ano-para-quedar-libre-presumio-de-su-poder-y-liga-40-anos-mas-de-prision\\\/\",\"url\":\"https:\\\/\\\/informatepy.com\\\/2024\\\/2022\\\/07\\\/11\\\/ex-lider-del-epp-faltando-un-ano-para-quedar-libre-presumio-de-su-poder-y-liga-40-anos-mas-de-prision\\\/\",\"name\":\"Ex l\u00edder del EPP, faltando un a\u00f1o para quedar libre, presumi\u00f3 de su poder y\u00a0 \u201cliga\u201d 40 a\u00f1os m\u00e1s de prisi\u00f3n\u00a0 - Informate Py Creemos en la libertad de expresi\u00f3n y en la capacidad de la gente de reflexionar\u00a0por\u00a0si\u00a0misma\",\"isPartOf\":{\"@id\":\"https:\\\/\\\/informatepy.com\\\/2024\\\/#website\"},\"primaryImageOfPage\":{\"@id\":\"https:\\\/\\\/informatepy.com\\\/2024\\\/2022\\\/07\\\/11\\\/ex-lider-del-epp-faltando-un-ano-para-quedar-libre-presumio-de-su-poder-y-liga-40-anos-mas-de-prision\\\/#primaryimage\"},\"image\":{\"@id\":\"https:\\\/\\\/informatepy.com\\\/2024\\\/2022\\\/07\\\/11\\\/ex-lider-del-epp-faltando-un-ano-para-quedar-libre-presumio-de-su-poder-y-liga-40-anos-mas-de-prision\\\/#primaryimage\"},\"thumbnailUrl\":\"https:\\\/\\\/i0.wp.com\\\/informatepy.com\\\/2024\\\/wp-content\\\/uploads\\\/2022\\\/07\\\/alcides-oviedo.jpeg?fit=760%2C420&ssl=1\",\"datePublished\":\"2022-07-11T19:34:53+00:00\",\"breadcrumb\":{\"@id\":\"https:\\\/\\\/informatepy.com\\\/2024\\\/2022\\\/07\\\/11\\\/ex-lider-del-epp-faltando-un-ano-para-quedar-libre-presumio-de-su-poder-y-liga-40-anos-mas-de-prision\\\/#breadcrumb\"},\"inLanguage\":\"es\",\"potentialAction\":[{\"@type\":\"ReadAction\",\"target\":[\"https:\\\/\\\/informatepy.com\\\/2024\\\/2022\\\/07\\\/11\\\/ex-lider-del-epp-faltando-un-ano-para-quedar-libre-presumio-de-su-poder-y-liga-40-anos-mas-de-prision\\\/\"]}]},{\"@type\":\"ImageObject\",\"inLanguage\":\"es\",\"@id\":\"https:\\\/\\\/informatepy.com\\\/2024\\\/2022\\\/07\\\/11\\\/ex-lider-del-epp-faltando-un-ano-para-quedar-libre-presumio-de-su-poder-y-liga-40-anos-mas-de-prision\\\/#primaryimage\",\"url\":\"https:\\\/\\\/i0.wp.com\\\/informatepy.com\\\/2024\\\/wp-content\\\/uploads\\\/2022\\\/07\\\/alcides-oviedo.jpeg?fit=760%2C420&ssl=1\",\"contentUrl\":\"https:\\\/\\\/i0.wp.com\\\/informatepy.com\\\/2024\\\/wp-content\\\/uploads\\\/2022\\\/07\\\/alcides-oviedo.jpeg?fit=760%2C420&ssl=1\",\"width\":760,\"height\":420},{\"@type\":\"BreadcrumbList\",\"@id\":\"https:\\\/\\\/informatepy.com\\\/2024\\\/2022\\\/07\\\/11\\\/ex-lider-del-epp-faltando-un-ano-para-quedar-libre-presumio-de-su-poder-y-liga-40-anos-mas-de-prision\\\/#breadcrumb\",\"itemListElement\":[{\"@type\":\"ListItem\",\"position\":1,\"name\":\"Portada\",\"item\":\"https:\\\/\\\/informatepy.com\\\/2024\\\/\"},{\"@type\":\"ListItem\",\"position\":2,\"name\":\"Ex l\u00edder del EPP, faltando un a\u00f1o para quedar libre, presumi\u00f3 de su poder y\u00a0 \u201cliga\u201d 40 a\u00f1os m\u00e1s de prisi\u00f3n\u00a0\"}]},{\"@type\":\"WebSite\",\"@id\":\"https:\\\/\\\/informatepy.com\\\/2024\\\/#website\",\"url\":\"https:\\\/\\\/informatepy.com\\\/2024\\\/\",\"name\":\"Informate Py Creemos en la libertad de expresi\u00f3n y en la capacidad de la gente de reflexionar\u00a0por\u00a0si\u00a0misma\",\"description\":\"InformatePy\",\"publisher\":{\"@id\":\"https:\\\/\\\/informatepy.com\\\/2024\\\/#organization\"},\"potentialAction\":[{\"@type\":\"SearchAction\",\"target\":{\"@type\":\"EntryPoint\",\"urlTemplate\":\"https:\\\/\\\/informatepy.com\\\/2024\\\/?s={search_term_string}\"},\"query-input\":{\"@type\":\"PropertyValueSpecification\",\"valueRequired\":true,\"valueName\":\"search_term_string\"}}],\"inLanguage\":\"es\"},{\"@type\":\"Organization\",\"@id\":\"https:\\\/\\\/informatepy.com\\\/2024\\\/#organization\",\"name\":\"Informate Py Creemos en la libertad de expresi\u00f3n y en la capacidad de la gente de reflexionar\u00a0por\u00a0si\u00a0misma\",\"url\":\"https:\\\/\\\/informatepy.com\\\/2024\\\/\",\"logo\":{\"@type\":\"ImageObject\",\"inLanguage\":\"es\",\"@id\":\"https:\\\/\\\/informatepy.com\\\/2024\\\/#\\\/schema\\\/logo\\\/image\\\/\",\"url\":\"https:\\\/\\\/i0.wp.com\\\/informatepy.com\\\/2024\\\/wp-content\\\/uploads\\\/2024\\\/02\\\/Logotipo-sin-fondo-informate-py500.png?fit=500%2C94&ssl=1\",\"contentUrl\":\"https:\\\/\\\/i0.wp.com\\\/informatepy.com\\\/2024\\\/wp-content\\\/uploads\\\/2024\\\/02\\\/Logotipo-sin-fondo-informate-py500.png?fit=500%2C94&ssl=1\",\"width\":500,\"height\":94,\"caption\":\"Informate Py Creemos en la libertad de expresi\u00f3n y en la capacidad de la gente de reflexionar\u00a0por\u00a0si\u00a0misma\"},\"image\":{\"@id\":\"https:\\\/\\\/informatepy.com\\\/2024\\\/#\\\/schema\\\/logo\\\/image\\\/\"}},{\"@type\":\"Person\",\"@id\":\"https:\\\/\\\/informatepy.com\\\/2024\\\/#\\\/schema\\\/person\\\/98728344b91c548ef8544c80daf58463\",\"name\":\"Redacci\u00f3n\",\"image\":{\"@type\":\"ImageObject\",\"inLanguage\":\"es\",\"@id\":\"https:\\\/\\\/informatepy.com\\\/2024\\\/wp-content\\\/uploads\\\/2024\\\/02\\\/cropped-Isologo-sin-fondo.png9c354f01c536b2d49dbb929e96603401\",\"url\":\"https:\\\/\\\/informatepy.com\\\/2024\\\/wp-content\\\/uploads\\\/2024\\\/02\\\/cropped-Isologo-sin-fondo.png\",\"contentUrl\":\"https:\\\/\\\/informatepy.com\\\/2024\\\/wp-content\\\/uploads\\\/2024\\\/02\\\/cropped-Isologo-sin-fondo.png\",\"caption\":\"Redacci\u00f3n\"},\"sameAs\":[\"https:\\\/\\\/www.facebook.com\\\/InformatePyCom\",\"https:\\\/\\\/x.com\\\/https:\\\/\\\/twitter.com\\\/InformatePy1\"],\"url\":\"https:\\\/\\\/informatepy.com\\\/2024\\\/author\\\/redaccion\\\/\"}]}<\/script>\n<!-- \/ Yoast SEO plugin. -->","yoast_head_json":{"title":"Ex l\u00edder del EPP, faltando un a\u00f1o para quedar libre, presumi\u00f3 de su poder y\u00a0 \u201cliga\u201d 40 a\u00f1os m\u00e1s de prisi\u00f3n\u00a0 - Informate Py Creemos en la libertad de expresi\u00f3n y en la capacidad de la gente de reflexionar\u00a0por\u00a0si\u00a0misma","robots":{"index":"index","follow":"follow","max-snippet":"max-snippet:-1","max-image-preview":"max-image-preview:large","max-video-preview":"max-video-preview:-1"},"canonical":"https:\/\/informatepy.com\/2024\/2022\/07\/11\/ex-lider-del-epp-faltando-un-ano-para-quedar-libre-presumio-de-su-poder-y-liga-40-anos-mas-de-prision\/","og_locale":"es_ES","og_type":"article","og_title":"Ex l\u00edder del EPP, faltando un a\u00f1o para quedar libre, presumi\u00f3 de su poder y\u00a0 \u201cliga\u201d 40 a\u00f1os m\u00e1s de prisi\u00f3n\u00a0 - Informate Py Creemos en la libertad de expresi\u00f3n y en la capacidad de la gente de reflexionar\u00a0por\u00a0si\u00a0misma","og_description":"El juzgado de la causa determin\u00f3 la condena a 30 a\u00f1os de prisi\u00f3n, m\u00e1s 10 de medidas de seguridad para Alcides Oviedo Br\u00edtez (52), l\u00edder del EPP.","og_url":"https:\/\/informatepy.com\/2024\/2022\/07\/11\/ex-lider-del-epp-faltando-un-ano-para-quedar-libre-presumio-de-su-poder-y-liga-40-anos-mas-de-prision\/","og_site_name":"Informate Py Creemos en la libertad de expresi\u00f3n y en la capacidad de la gente de reflexionar\u00a0por\u00a0si\u00a0misma","article_author":"https:\/\/www.facebook.com\/InformatePyCom","article_published_time":"2022-07-11T19:34:53+00:00","og_image":[{"width":760,"height":420,"url":"https:\/\/i0.wp.com\/informatepy.com\/2024\/wp-content\/uploads\/2022\/07\/alcides-oviedo.jpeg?fit=760%2C420&ssl=1","type":"image\/jpeg"}],"author":"Redacci\u00f3n","twitter_card":"summary_large_image","twitter_creator":"@https:\/\/twitter.com\/InformatePy1","twitter_misc":{"Escrito por":"Redacci\u00f3n","Tiempo de lectura":"1 minuto"},"schema":{"@context":"https:\/\/schema.org","@graph":[{"@type":"Article","@id":"https:\/\/informatepy.com\/2024\/2022\/07\/11\/ex-lider-del-epp-faltando-un-ano-para-quedar-libre-presumio-de-su-poder-y-liga-40-anos-mas-de-prision\/#article","isPartOf":{"@id":"https:\/\/informatepy.com\/2024\/2022\/07\/11\/ex-lider-del-epp-faltando-un-ano-para-quedar-libre-presumio-de-su-poder-y-liga-40-anos-mas-de-prision\/"},"author":{"name":"Redacci\u00f3n","@id":"https:\/\/informatepy.com\/2024\/#\/schema\/person\/98728344b91c548ef8544c80daf58463"},"headline":"Ex l\u00edder del EPP, faltando un a\u00f1o para quedar libre, presumi\u00f3 de su poder y\u00a0 \u201cliga\u201d 40 a\u00f1os m\u00e1s de prisi\u00f3n\u00a0","datePublished":"2022-07-11T19:34:53+00:00","mainEntityOfPage":{"@id":"https:\/\/informatepy.com\/2024\/2022\/07\/11\/ex-lider-del-epp-faltando-un-ano-para-quedar-libre-presumio-de-su-poder-y-liga-40-anos-mas-de-prision\/"},"wordCount":210,"publisher":{"@id":"https:\/\/informatepy.com\/2024\/#organization"},"image":{"@id":"https:\/\/informatepy.com\/2024\/2022\/07\/11\/ex-lider-del-epp-faltando-un-ano-para-quedar-libre-presumio-de-su-poder-y-liga-40-anos-mas-de-prision\/#primaryimage"},"thumbnailUrl":"https:\/\/i0.wp.com\/informatepy.com\/2024\/wp-content\/uploads\/2022\/07\/alcides-oviedo.jpeg?fit=760%2C420&ssl=1","keywords":["destacada","epp","terrorismo"],"articleSection":["Nacionales"],"inLanguage":"es"},{"@type":"WebPage","@id":"https:\/\/informatepy.com\/2024\/2022\/07\/11\/ex-lider-del-epp-faltando-un-ano-para-quedar-libre-presumio-de-su-poder-y-liga-40-anos-mas-de-prision\/","url":"https:\/\/informatepy.com\/2024\/2022\/07\/11\/ex-lider-del-epp-faltando-un-ano-para-quedar-libre-presumio-de-su-poder-y-liga-40-anos-mas-de-prision\/","name":"Ex l\u00edder del EPP, faltando un a\u00f1o para quedar libre, presumi\u00f3 de su poder y\u00a0 \u201cliga\u201d 40 a\u00f1os m\u00e1s de prisi\u00f3n\u00a0 - Informate Py Creemos en la libertad de expresi\u00f3n y en la capacidad de la gente de reflexionar\u00a0por\u00a0si\u00a0misma","isPartOf":{"@id":"https:\/\/informatepy.com\/2024\/#website"},"primaryImageOfPage":{"@id":"https:\/\/informatepy.com\/2024\/2022\/07\/11\/ex-lider-del-epp-faltando-un-ano-para-quedar-libre-presumio-de-su-poder-y-liga-40-anos-mas-de-prision\/#primaryimage"},"image":{"@id":"https:\/\/informatepy.com\/2024\/2022\/07\/11\/ex-lider-del-epp-faltando-un-ano-para-quedar-libre-presumio-de-su-poder-y-liga-40-anos-mas-de-prision\/#primaryimage"},"thumbnailUrl":"https:\/\/i0.wp.com\/informatepy.com\/2024\/wp-content\/uploads\/2022\/07\/alcides-oviedo.jpeg?fit=760%2C420&ssl=1","datePublished":"2022-07-11T19:34:53+00:00","breadcrumb":{"@id":"https:\/\/informatepy.com\/2024\/2022\/07\/11\/ex-lider-del-epp-faltando-un-ano-para-quedar-libre-presumio-de-su-poder-y-liga-40-anos-mas-de-prision\/#breadcrumb"},"inLanguage":"es","potentialAction":[{"@type":"ReadAction","target":["https:\/\/informatepy.com\/2024\/2022\/07\/11\/ex-lider-del-epp-faltando-un-ano-para-quedar-libre-presumio-de-su-poder-y-liga-40-anos-mas-de-prision\/"]}]},{"@type":"ImageObject","inLanguage":"es","@id":"https:\/\/informatepy.com\/2024\/2022\/07\/11\/ex-lider-del-epp-faltando-un-ano-para-quedar-libre-presumio-de-su-poder-y-liga-40-anos-mas-de-prision\/#primaryimage","url":"https:\/\/i0.wp.com\/informatepy.com\/2024\/wp-content\/uploads\/2022\/07\/alcides-oviedo.jpeg?fit=760%2C420&ssl=1","contentUrl":"https:\/\/i0.wp.com\/informatepy.com\/2024\/wp-content\/uploads\/2022\/07\/alcides-oviedo.jpeg?fit=760%2C420&ssl=1","width":760,"height":420},{"@type":"BreadcrumbList","@id":"https:\/\/informatepy.com\/2024\/2022\/07\/11\/ex-lider-del-epp-faltando-un-ano-para-quedar-libre-presumio-de-su-poder-y-liga-40-anos-mas-de-prision\/#breadcrumb","itemListElement":[{"@type":"ListItem","position":1,"name":"Portada","item":"https:\/\/informatepy.com\/2024\/"},{"@type":"ListItem","position":2,"name":"Ex l\u00edder del EPP, faltando un a\u00f1o para quedar libre, presumi\u00f3 de su poder y\u00a0 \u201cliga\u201d 40 a\u00f1os m\u00e1s de prisi\u00f3n\u00a0"}]},{"@type":"WebSite","@id":"https:\/\/informatepy.com\/2024\/#website","url":"https:\/\/informatepy.com\/2024\/","name":"Informate Py Creemos en la libertad de expresi\u00f3n y en la capacidad de la gente de reflexionar\u00a0por\u00a0si\u00a0misma","description":"InformatePy","publisher":{"@id":"https:\/\/informatepy.com\/2024\/#organization"},"potentialAction":[{"@type":"SearchAction","target":{"@type":"EntryPoint","urlTemplate":"https:\/\/informatepy.com\/2024\/?s={search_term_string}"},"query-input":{"@type":"PropertyValueSpecification","valueRequired":true,"valueName":"search_term_string"}}],"inLanguage":"es"},{"@type":"Organization","@id":"https:\/\/informatepy.com\/2024\/#organization","name":"Informate Py Creemos en la libertad de expresi\u00f3n y en la capacidad de la gente de reflexionar\u00a0por\u00a0si\u00a0misma","url":"https:\/\/informatepy.com\/2024\/","logo":{"@type":"ImageObject","inLanguage":"es","@id":"https:\/\/informatepy.com\/2024\/#\/schema\/logo\/image\/","url":"https:\/\/i0.wp.com\/informatepy.com\/2024\/wp-content\/uploads\/2024\/02\/Logotipo-sin-fondo-informate-py500.png?fit=500%2C94&ssl=1","contentUrl":"https:\/\/i0.wp.com\/informatepy.com\/2024\/wp-content\/uploads\/2024\/02\/Logotipo-sin-fondo-informate-py500.png?fit=500%2C94&ssl=1","width":500,"height":94,"caption":"Informate Py Creemos en la libertad de expresi\u00f3n y en la capacidad de la gente de reflexionar\u00a0por\u00a0si\u00a0misma"},"image":{"@id":"https:\/\/informatepy.com\/2024\/#\/schema\/logo\/image\/"}},{"@type":"Person","@id":"https:\/\/informatepy.com\/2024\/#\/schema\/person\/98728344b91c548ef8544c80daf58463","name":"Redacci\u00f3n","image":{"@type":"ImageObject","inLanguage":"es","@id":"https:\/\/informatepy.com\/2024\/wp-content\/uploads\/2024\/02\/cropped-Isologo-sin-fondo.png9c354f01c536b2d49dbb929e96603401","url":"https:\/\/informatepy.com\/2024\/wp-content\/uploads\/2024\/02\/cropped-Isologo-sin-fondo.png","contentUrl":"https:\/\/informatepy.com\/2024\/wp-content\/uploads\/2024\/02\/cropped-Isologo-sin-fondo.png","caption":"Redacci\u00f3n"},"sameAs":["https:\/\/www.facebook.com\/InformatePyCom","https:\/\/x.com\/https:\/\/twitter.com\/InformatePy1"],"url":"https:\/\/informatepy.com\/2024\/author\/redaccion\/"}]}},"jetpack_featured_media_url":"https:\/\/i0.wp.com\/informatepy.com\/2024\/wp-content\/uploads\/2022\/07\/alcides-oviedo.jpeg?fit=760%2C420&ssl=1","jetpack-related-posts":[],"jetpack_sharing_enabled":true,"authors":[{"term_id":830,"user_id":3,"is_guest":0,"slug":"redaccion","display_name":"Redacci\u00f3n","avatar_url":{"url":"https:\/\/informatepy.com\/2024\/wp-content\/uploads\/2024\/02\/cropped-Isologo-sin-fondo.png","url2x":"https:\/\/informatepy.com\/2024\/wp-content\/uploads\/2024\/02\/cropped-Isologo-sin-fondo.png"},"author_category":"1","first_name":"Redacci\u00f3n","last_name":"","user_url":"","job_title":"","description":""}],"_links":{"self":[{"href":"https:\/\/informatepy.com\/2024\/wp-json\/wp\/v2\/posts\/7573","targetHints":{"allow":["GET"]}}],"collection":[{"href":"https:\/\/informatepy.com\/2024\/wp-json\/wp\/v2\/posts"}],"about":[{"href":"https:\/\/informatepy.com\/2024\/wp-json\/wp\/v2\/types\/post"}],"author":[{"embeddable":true,"href":"https:\/\/informatepy.com\/2024\/wp-json\/wp\/v2\/users\/3"}],"replies":[{"embeddable":true,"href":"https:\/\/informatepy.com\/2024\/wp-json\/wp\/v2\/comments?post=7573"}],"version-history":[{"count":0,"href":"https:\/\/informatepy.com\/2024\/wp-json\/wp\/v2\/posts\/7573\/revisions"}],"wp:featuredmedia":[{"embeddable":true,"href":"https:\/\/informatepy.com\/2024\/wp-json\/wp\/v2\/media\/7574"}],"wp:attachment":[{"href":"https:\/\/informatepy.com\/2024\/wp-json\/wp\/v2\/media?parent=7573"}],"wp:term":[{"taxonomy":"category","embeddable":true,"href":"https:\/\/informatepy.com\/2024\/wp-json\/wp\/v2\/categories?post=7573"},{"taxonomy":"post_tag","embeddable":true,"href":"https:\/\/informatepy.com\/2024\/wp-json\/wp\/v2\/tags?post=7573"},{"taxonomy":"jnews-series","embeddable":true,"href":"https:\/\/informatepy.com\/2024\/wp-json\/wp\/v2\/jnews-series?post=7573"},{"taxonomy":"author","embeddable":true,"href":"https:\/\/informatepy.com\/2024\/wp-json\/wp\/v2\/ppma_author?post=7573"}],"curies":[{"name":"wp","href":"https:\/\/api.w.org\/{rel}","templated":true}]}}