{"id":7031,"date":"2022-05-10T21:36:32","date_gmt":"2022-05-10T19:36:32","guid":{"rendered":"https:\/\/informatepy.com\/2024\/2022\/05\/10\/que-casos-investigaba-el-fiscal-marcelo-pecci-2\/"},"modified":"2024-02-19T23:45:03","modified_gmt":"2024-02-19T22:45:03","slug":"que-casos-investigaba-el-fiscal-marcelo-pecci","status":"publish","type":"post","link":"https:\/\/informatepy.com\/2024\/2022\/05\/10\/que-casos-investigaba-el-fiscal-marcelo-pecci\/","title":{"rendered":"\u00bfQu\u00e9 casos investigaba el fiscal Marcelo Pecci?"},"content":{"rendered":"\n<p class=\"has-text-align-justify\">El\u00a0fiscal Marcelo Pecci, asesinado este medio d\u00eda en Bar\u00fa (Colombia), llevaba la investigaci\u00f3n de reconocidos casos como el del tiroteo que se produjo en medio de un concierto de la agrupaci\u00f3n\u00a0<strong>Binomio de Oro\u00a0<\/strong>o el proceso por el que estuvo detenido el exfutbolista\u00a0<strong>Ronaldinho<\/strong>\u00a0eran algunas de las investigaciones que tuvo en su despacho.<\/p>\n\n\n\n<p class=\"has-text-align-justify\">Tanto las autoridades paraguayas como las colombianas emprendieron acciones de b\u00fasqueda de manera inmediata para dar con los responsables de este&nbsp;<strong>homicidio<\/strong>, quienes habr\u00edan cometido el acto criminal mientras se movilizaban en lanchas.&nbsp;<\/p>\n\n\n\n<p class=\"has-text-align-justify\">El fiscal\u00a0<strong>Marcelo Pecci<\/strong>,\u00a0especializado contra el crimen organizado, narcotr\u00e1fico, lavado de dinero y financiamiento del terrorismo, estaba trabajando en el tiroteo que ocurri\u00f3 el 31 de enero de este a\u00f1o\u00a0en la ciudad de\u00a0<strong>San Bernardino<\/strong>. Estuvo trabajando por varios meses para esclarecer los hechos ocurridos, en los que muri\u00f3\u00a0<strong>Cristina \u00abVita\u00bb Aranda<\/strong>, esposa del\u00a0futbolista\u00a0Iv\u00e1n Torres.<\/p>\n\n\n\n<p class=\"has-text-align-justify\">Sin embargo, no era el \u00fanico proceso clave que ten\u00eda el funcionario. Pecci tambi\u00e9n llev\u00f3 a cabo la investigaci\u00f3n contra el reconocido&nbsp;futbolista brasilero&nbsp;<strong>Ronaldinho<\/strong>&nbsp;por ingresar a Paraguay con un pasaporte falso<\/p>\n\n\n\n<p class=\"has-text-align-justify\"><em><strong>\u201cSe trata de una investigaci\u00f3n con hechos que atentan contra la seguridad documental de documentos de identidad del Paraguay, c\u00e9dulas falsificadas pasaportes originales pero de contenido falso y por tal motivo el hecho es realmente trascendente\u201d<\/strong><\/em>, asegur\u00f3 en 2020 el\u00a0fiscal Marcelo Pecci.<\/p>\n\n\n\n<p class=\"has-text-align-justify\">El funcionario tuvo a su cargo varios casos de inter\u00e9s en Paraguay, como por ejemplo el cu\u00e1druple homicidio en el que muri\u00f3 <strong>Haylee Carolina Acevedo<\/strong>, hija de\u00a0un gobernador en la provincia de Amambay.\u00a0<\/p>\n\n\n\n<p class=\"has-text-align-justify\">Pecci tambi\u00e9n estuvo investigando el asesinato del reconocido empresario,\u00a0<strong>Mauricio Schwartzman,\u00a0<\/strong>de 52 a\u00f1os, asesinado en septiembre de 2021 en Asunci\u00f3n. <\/p>\n\n\n\n<p class=\"has-text-align-justify\">Pecci fue reconocido en<strong>&nbsp;Paraguay&nbsp;<\/strong>por el<strong>&nbsp;megaoperativo&nbsp;\u2018A Ultranza PY\u2019<\/strong>, uno de los desmantelamientos de&nbsp;<strong>narcotr\u00e1fico, crimen organizado&nbsp;<\/strong>y lavado de activos m\u00e1s grandes de ese pa\u00eds y que luego trascendi\u00f3 a otros pa\u00edses.&nbsp;<\/p>\n\n\n\n<p class=\"has-text-align-justify\">El proceso inici\u00f3 en marzo de este a\u00f1o y varias personas fueron\u00a0detenidas, incluidas algunas allegadas a las altas autoridades nacionales. Adem\u00e1s,\u00a0un total de 25 personas fueron imputadas y se realiz\u00f3 una millonaria incautaci\u00f3n de bienes con el fin de desbaratar una organizaci\u00f3n criminal dedicada al tr\u00e1fico de coca\u00edna, principalmente a Europa.<\/p>\n\n\n\n<p class=\"has-text-align-justify\">Aunque el fiscal Pecci concluy\u00f3 este megaoperativo, lo cierto es que dicha operaci\u00f3n\u00a0ten\u00eda una investigaci\u00f3n detr\u00e1s que inici\u00f3 en\u00a0el 2019 y fue llevada a cabo por el <strong>Ministerio P\u00fablico, la Secretar\u00eda Nacional Antidrogas (Senad) en coordinaci\u00f3n con la DEA, la Polic\u00eda de la Uni\u00f3n Europea (Europol) y la Direcci\u00f3n General de Represi\u00f3n del Tr\u00e1fico Il\u00edcito de Drogas (DGRTID) de la Polic\u00eda uruguaya.<\/strong><\/p>\n","protected":false},"excerpt":{"rendered":"<p>El\u00a0fiscal Marcelo Pecci, asesinado este medio d\u00eda en Bar\u00fa (Colombia), llevaba la investigaci\u00f3n de reconocidos casos como el del tiroteo que se produjo en medio de un concierto de la agrupaci\u00f3n\u00a0Binomio de Oro\u00a0o el proceso por el que estuvo detenido el exfutbolista\u00a0Ronaldinho\u00a0eran algunas de las investigaciones que tuvo en su despacho. Tanto las autoridades paraguayas [&hellip;]<\/p>\n","protected":false},"author":1,"featured_media":7032,"comment_status":"closed","ping_status":"open","sticky":false,"template":"","format":"standard","meta":{"_jetpack_memberships_contains_paid_content":false,"jnews-multi-image_gallery":[],"jnews_single_post":[],"jnews_primary_category":[],"jnews_override_bookmark_settings":[],"jnews_food_recipe":[],"enable_food_recipe":"","food_recipe_title":"","food_recipe_description":"","food_recipe_serve":"","food_recipe_time":"","food_recipe_prep":"","food_recipe_level":"","food_recipe_keywords":"","food_recipe_category":"","food_recipe_cuisine":"","food_recipe_yield":"","food_recipe_calories":"","enable_print_recipe":"","ingredient":[],"instruction":"","jnews_social_meta":[],"jnews_paywall_metabox":[],"jnews_review":[],"enable_review":"","type":"","name":"","summary":"","brand":"","sku":"","good":[],"bad":[],"score_override":"","override_value":"","rating":[],"price":[],"jnews_override_counter":[],"jnews_post_split":[],"jnews_podcast_option":[],"jnews_podcast_series":[],"footnotes":""},"categories":[1],"tags":[831,1546,53],"jnews-series":[],"ppma_author":[830],"class_list":["post-7031","post","type-post","status-publish","format-standard","has-post-thumbnail","hentry","category-sin-categoria","tag-destacada","tag-marcelo-pecci","tag-narcotrafico"],"yoast_head":"<!-- This site is optimized with the Yoast SEO plugin v27.5 - https:\/\/yoast.com\/product\/yoast-seo-wordpress\/ -->\n<title>\u00bfQu\u00e9 casos investigaba el fiscal Marcelo Pecci? - Informate Py Creemos en la libertad de expresi\u00f3n y en la capacidad de la gente de reflexionar\u00a0por\u00a0si\u00a0misma<\/title>\n<meta name=\"robots\" content=\"index, follow, max-snippet:-1, max-image-preview:large, max-video-preview:-1\" \/>\n<link rel=\"canonical\" href=\"https:\/\/informatepy.com\/2024\/2022\/05\/10\/que-casos-investigaba-el-fiscal-marcelo-pecci\/\" \/>\n<meta property=\"og:locale\" content=\"es_ES\" \/>\n<meta property=\"og:type\" content=\"article\" \/>\n<meta property=\"og:title\" content=\"\u00bfQu\u00e9 casos investigaba el fiscal Marcelo Pecci? - Informate Py Creemos en la libertad de expresi\u00f3n y en la capacidad de la gente de reflexionar\u00a0por\u00a0si\u00a0misma\" \/>\n<meta property=\"og:description\" content=\"El\u00a0fiscal Marcelo Pecci, asesinado este medio d\u00eda en Bar\u00fa (Colombia), llevaba la investigaci\u00f3n de reconocidos casos como el del tiroteo que se produjo en medio de un concierto de la agrupaci\u00f3n\u00a0Binomio de Oro\u00a0o el proceso por el que estuvo detenido el exfutbolista\u00a0Ronaldinho\u00a0eran algunas de las investigaciones que tuvo en su despacho. Tanto las autoridades paraguayas [&hellip;]\" \/>\n<meta property=\"og:url\" content=\"https:\/\/informatepy.com\/2024\/2022\/05\/10\/que-casos-investigaba-el-fiscal-marcelo-pecci\/\" \/>\n<meta property=\"og:site_name\" content=\"Informate Py Creemos en la libertad de expresi\u00f3n y en la capacidad de la gente de reflexionar\u00a0por\u00a0si\u00a0misma\" \/>\n<meta property=\"article:published_time\" content=\"2022-05-10T19:36:32+00:00\" \/>\n<meta property=\"article:modified_time\" content=\"2024-02-19T22:45:03+00:00\" \/>\n<meta property=\"og:image\" content=\"https:\/\/i0.wp.com\/informatepy.com\/2024\/wp-content\/uploads\/2022\/05\/marcelo-pecci-1.jpg?fit=1104%2C622&ssl=1\" \/>\n\t<meta property=\"og:image:width\" content=\"1104\" \/>\n\t<meta property=\"og:image:height\" content=\"622\" \/>\n\t<meta property=\"og:image:type\" content=\"image\/jpeg\" \/>\n<meta name=\"author\" content=\"Redacci\u00f3n\" \/>\n<meta name=\"twitter:card\" content=\"summary_large_image\" \/>\n<meta name=\"twitter:label1\" content=\"Escrito por\" \/>\n\t<meta name=\"twitter:data1\" content=\"NicoCPT\" \/>\n\t<meta name=\"twitter:label2\" content=\"Tiempo de lectura\" \/>\n\t<meta name=\"twitter:data2\" content=\"2 minutos\" \/>\n<script type=\"application\/ld+json\" class=\"yoast-schema-graph\">{\"@context\":\"https:\\\/\\\/schema.org\",\"@graph\":[{\"@type\":\"Article\",\"@id\":\"https:\\\/\\\/informatepy.com\\\/2024\\\/2022\\\/05\\\/10\\\/que-casos-investigaba-el-fiscal-marcelo-pecci\\\/#article\",\"isPartOf\":{\"@id\":\"https:\\\/\\\/informatepy.com\\\/2024\\\/2022\\\/05\\\/10\\\/que-casos-investigaba-el-fiscal-marcelo-pecci\\\/\"},\"author\":{\"name\":\"NicoCPT\",\"@id\":\"https:\\\/\\\/informatepy.com\\\/2024\\\/#\\\/schema\\\/person\\\/06aa09f3e09a6cf24491fead8baf783e\"},\"headline\":\"\u00bfQu\u00e9 casos investigaba el fiscal Marcelo Pecci?\",\"datePublished\":\"2022-05-10T19:36:32+00:00\",\"dateModified\":\"2024-02-19T22:45:03+00:00\",\"mainEntityOfPage\":{\"@id\":\"https:\\\/\\\/informatepy.com\\\/2024\\\/2022\\\/05\\\/10\\\/que-casos-investigaba-el-fiscal-marcelo-pecci\\\/\"},\"wordCount\":486,\"publisher\":{\"@id\":\"https:\\\/\\\/informatepy.com\\\/2024\\\/#organization\"},\"image\":{\"@id\":\"https:\\\/\\\/informatepy.com\\\/2024\\\/2022\\\/05\\\/10\\\/que-casos-investigaba-el-fiscal-marcelo-pecci\\\/#primaryimage\"},\"thumbnailUrl\":\"https:\\\/\\\/i0.wp.com\\\/informatepy.com\\\/2024\\\/wp-content\\\/uploads\\\/2022\\\/05\\\/marcelo-pecci-1.jpg?fit=1104%2C622&ssl=1\",\"keywords\":[\"destacada\",\"marcelo pecci\",\"narcotrafico\"],\"inLanguage\":\"es\"},{\"@type\":\"WebPage\",\"@id\":\"https:\\\/\\\/informatepy.com\\\/2024\\\/2022\\\/05\\\/10\\\/que-casos-investigaba-el-fiscal-marcelo-pecci\\\/\",\"url\":\"https:\\\/\\\/informatepy.com\\\/2024\\\/2022\\\/05\\\/10\\\/que-casos-investigaba-el-fiscal-marcelo-pecci\\\/\",\"name\":\"\u00bfQu\u00e9 casos investigaba el fiscal Marcelo Pecci? - Informate Py Creemos en la libertad de expresi\u00f3n y en la capacidad de la gente de reflexionar\u00a0por\u00a0si\u00a0misma\",\"isPartOf\":{\"@id\":\"https:\\\/\\\/informatepy.com\\\/2024\\\/#website\"},\"primaryImageOfPage\":{\"@id\":\"https:\\\/\\\/informatepy.com\\\/2024\\\/2022\\\/05\\\/10\\\/que-casos-investigaba-el-fiscal-marcelo-pecci\\\/#primaryimage\"},\"image\":{\"@id\":\"https:\\\/\\\/informatepy.com\\\/2024\\\/2022\\\/05\\\/10\\\/que-casos-investigaba-el-fiscal-marcelo-pecci\\\/#primaryimage\"},\"thumbnailUrl\":\"https:\\\/\\\/i0.wp.com\\\/informatepy.com\\\/2024\\\/wp-content\\\/uploads\\\/2022\\\/05\\\/marcelo-pecci-1.jpg?fit=1104%2C622&ssl=1\",\"datePublished\":\"2022-05-10T19:36:32+00:00\",\"dateModified\":\"2024-02-19T22:45:03+00:00\",\"breadcrumb\":{\"@id\":\"https:\\\/\\\/informatepy.com\\\/2024\\\/2022\\\/05\\\/10\\\/que-casos-investigaba-el-fiscal-marcelo-pecci\\\/#breadcrumb\"},\"inLanguage\":\"es\",\"potentialAction\":[{\"@type\":\"ReadAction\",\"target\":[\"https:\\\/\\\/informatepy.com\\\/2024\\\/2022\\\/05\\\/10\\\/que-casos-investigaba-el-fiscal-marcelo-pecci\\\/\"]}]},{\"@type\":\"ImageObject\",\"inLanguage\":\"es\",\"@id\":\"https:\\\/\\\/informatepy.com\\\/2024\\\/2022\\\/05\\\/10\\\/que-casos-investigaba-el-fiscal-marcelo-pecci\\\/#primaryimage\",\"url\":\"https:\\\/\\\/i0.wp.com\\\/informatepy.com\\\/2024\\\/wp-content\\\/uploads\\\/2022\\\/05\\\/marcelo-pecci-1.jpg?fit=1104%2C622&ssl=1\",\"contentUrl\":\"https:\\\/\\\/i0.wp.com\\\/informatepy.com\\\/2024\\\/wp-content\\\/uploads\\\/2022\\\/05\\\/marcelo-pecci-1.jpg?fit=1104%2C622&ssl=1\",\"width\":1104,\"height\":622},{\"@type\":\"BreadcrumbList\",\"@id\":\"https:\\\/\\\/informatepy.com\\\/2024\\\/2022\\\/05\\\/10\\\/que-casos-investigaba-el-fiscal-marcelo-pecci\\\/#breadcrumb\",\"itemListElement\":[{\"@type\":\"ListItem\",\"position\":1,\"name\":\"Portada\",\"item\":\"https:\\\/\\\/informatepy.com\\\/2024\\\/\"},{\"@type\":\"ListItem\",\"position\":2,\"name\":\"\u00bfQu\u00e9 casos investigaba el fiscal Marcelo Pecci?\"}]},{\"@type\":\"WebSite\",\"@id\":\"https:\\\/\\\/informatepy.com\\\/2024\\\/#website\",\"url\":\"https:\\\/\\\/informatepy.com\\\/2024\\\/\",\"name\":\"Informate Py Creemos en la libertad de expresi\u00f3n y en la capacidad de la gente de reflexionar\u00a0por\u00a0si\u00a0misma\",\"description\":\"InformatePy\",\"publisher\":{\"@id\":\"https:\\\/\\\/informatepy.com\\\/2024\\\/#organization\"},\"potentialAction\":[{\"@type\":\"SearchAction\",\"target\":{\"@type\":\"EntryPoint\",\"urlTemplate\":\"https:\\\/\\\/informatepy.com\\\/2024\\\/?s={search_term_string}\"},\"query-input\":{\"@type\":\"PropertyValueSpecification\",\"valueRequired\":true,\"valueName\":\"search_term_string\"}}],\"inLanguage\":\"es\"},{\"@type\":\"Organization\",\"@id\":\"https:\\\/\\\/informatepy.com\\\/2024\\\/#organization\",\"name\":\"Informate Py Creemos en la libertad de expresi\u00f3n y en la capacidad de la gente de reflexionar\u00a0por\u00a0si\u00a0misma\",\"url\":\"https:\\\/\\\/informatepy.com\\\/2024\\\/\",\"logo\":{\"@type\":\"ImageObject\",\"inLanguage\":\"es\",\"@id\":\"https:\\\/\\\/informatepy.com\\\/2024\\\/#\\\/schema\\\/logo\\\/image\\\/\",\"url\":\"https:\\\/\\\/i0.wp.com\\\/informatepy.com\\\/2024\\\/wp-content\\\/uploads\\\/2024\\\/02\\\/Logotipo-sin-fondo-informate-py500.png?fit=500%2C94&ssl=1\",\"contentUrl\":\"https:\\\/\\\/i0.wp.com\\\/informatepy.com\\\/2024\\\/wp-content\\\/uploads\\\/2024\\\/02\\\/Logotipo-sin-fondo-informate-py500.png?fit=500%2C94&ssl=1\",\"width\":500,\"height\":94,\"caption\":\"Informate Py Creemos en la libertad de expresi\u00f3n y en la capacidad de la gente de reflexionar\u00a0por\u00a0si\u00a0misma\"},\"image\":{\"@id\":\"https:\\\/\\\/informatepy.com\\\/2024\\\/#\\\/schema\\\/logo\\\/image\\\/\"}},{\"@type\":\"Person\",\"@id\":\"https:\\\/\\\/informatepy.com\\\/2024\\\/#\\\/schema\\\/person\\\/06aa09f3e09a6cf24491fead8baf783e\",\"name\":\"NicoCPT\",\"image\":{\"@type\":\"ImageObject\",\"inLanguage\":\"es\",\"@id\":\"https:\\\/\\\/secure.gravatar.com\\\/avatar\\\/5310f602b6cbcfb86e030c4ccdbb78f6565a3b9bab6a74ab80fd3cb5428b65af?s=96&d=mm&r=g276449386956a98e04614ff4c246c7b8\",\"url\":\"https:\\\/\\\/secure.gravatar.com\\\/avatar\\\/5310f602b6cbcfb86e030c4ccdbb78f6565a3b9bab6a74ab80fd3cb5428b65af?s=96&d=mm&r=g\",\"contentUrl\":\"https:\\\/\\\/secure.gravatar.com\\\/avatar\\\/5310f602b6cbcfb86e030c4ccdbb78f6565a3b9bab6a74ab80fd3cb5428b65af?s=96&d=mm&r=g\",\"caption\":\"NicoCPT\"},\"sameAs\":[\"https:\\\/\\\/informatepy.com\\\/2024\"],\"url\":\"https:\\\/\\\/informatepy.com\\\/2024\\\/author\\\/nicocpt\\\/\"}]}<\/script>\n<!-- \/ Yoast SEO plugin. -->","yoast_head_json":{"title":"\u00bfQu\u00e9 casos investigaba el fiscal Marcelo Pecci? - Informate Py Creemos en la libertad de expresi\u00f3n y en la capacidad de la gente de reflexionar\u00a0por\u00a0si\u00a0misma","robots":{"index":"index","follow":"follow","max-snippet":"max-snippet:-1","max-image-preview":"max-image-preview:large","max-video-preview":"max-video-preview:-1"},"canonical":"https:\/\/informatepy.com\/2024\/2022\/05\/10\/que-casos-investigaba-el-fiscal-marcelo-pecci\/","og_locale":"es_ES","og_type":"article","og_title":"\u00bfQu\u00e9 casos investigaba el fiscal Marcelo Pecci? - Informate Py Creemos en la libertad de expresi\u00f3n y en la capacidad de la gente de reflexionar\u00a0por\u00a0si\u00a0misma","og_description":"El\u00a0fiscal Marcelo Pecci, asesinado este medio d\u00eda en Bar\u00fa (Colombia), llevaba la investigaci\u00f3n de reconocidos casos como el del tiroteo que se produjo en medio de un concierto de la agrupaci\u00f3n\u00a0Binomio de Oro\u00a0o el proceso por el que estuvo detenido el exfutbolista\u00a0Ronaldinho\u00a0eran algunas de las investigaciones que tuvo en su despacho. Tanto las autoridades paraguayas [&hellip;]","og_url":"https:\/\/informatepy.com\/2024\/2022\/05\/10\/que-casos-investigaba-el-fiscal-marcelo-pecci\/","og_site_name":"Informate Py Creemos en la libertad de expresi\u00f3n y en la capacidad de la gente de reflexionar\u00a0por\u00a0si\u00a0misma","article_published_time":"2022-05-10T19:36:32+00:00","article_modified_time":"2024-02-19T22:45:03+00:00","og_image":[{"width":1104,"height":622,"url":"https:\/\/i0.wp.com\/informatepy.com\/2024\/wp-content\/uploads\/2022\/05\/marcelo-pecci-1.jpg?fit=1104%2C622&ssl=1","type":"image\/jpeg"}],"author":"Redacci\u00f3n","twitter_card":"summary_large_image","twitter_misc":{"Escrito por":"NicoCPT","Tiempo de lectura":"2 minutos"},"schema":{"@context":"https:\/\/schema.org","@graph":[{"@type":"Article","@id":"https:\/\/informatepy.com\/2024\/2022\/05\/10\/que-casos-investigaba-el-fiscal-marcelo-pecci\/#article","isPartOf":{"@id":"https:\/\/informatepy.com\/2024\/2022\/05\/10\/que-casos-investigaba-el-fiscal-marcelo-pecci\/"},"author":{"name":"NicoCPT","@id":"https:\/\/informatepy.com\/2024\/#\/schema\/person\/06aa09f3e09a6cf24491fead8baf783e"},"headline":"\u00bfQu\u00e9 casos investigaba el fiscal Marcelo Pecci?","datePublished":"2022-05-10T19:36:32+00:00","dateModified":"2024-02-19T22:45:03+00:00","mainEntityOfPage":{"@id":"https:\/\/informatepy.com\/2024\/2022\/05\/10\/que-casos-investigaba-el-fiscal-marcelo-pecci\/"},"wordCount":486,"publisher":{"@id":"https:\/\/informatepy.com\/2024\/#organization"},"image":{"@id":"https:\/\/informatepy.com\/2024\/2022\/05\/10\/que-casos-investigaba-el-fiscal-marcelo-pecci\/#primaryimage"},"thumbnailUrl":"https:\/\/i0.wp.com\/informatepy.com\/2024\/wp-content\/uploads\/2022\/05\/marcelo-pecci-1.jpg?fit=1104%2C622&ssl=1","keywords":["destacada","marcelo pecci","narcotrafico"],"inLanguage":"es"},{"@type":"WebPage","@id":"https:\/\/informatepy.com\/2024\/2022\/05\/10\/que-casos-investigaba-el-fiscal-marcelo-pecci\/","url":"https:\/\/informatepy.com\/2024\/2022\/05\/10\/que-casos-investigaba-el-fiscal-marcelo-pecci\/","name":"\u00bfQu\u00e9 casos investigaba el fiscal Marcelo Pecci? - Informate Py Creemos en la libertad de expresi\u00f3n y en la capacidad de la gente de reflexionar\u00a0por\u00a0si\u00a0misma","isPartOf":{"@id":"https:\/\/informatepy.com\/2024\/#website"},"primaryImageOfPage":{"@id":"https:\/\/informatepy.com\/2024\/2022\/05\/10\/que-casos-investigaba-el-fiscal-marcelo-pecci\/#primaryimage"},"image":{"@id":"https:\/\/informatepy.com\/2024\/2022\/05\/10\/que-casos-investigaba-el-fiscal-marcelo-pecci\/#primaryimage"},"thumbnailUrl":"https:\/\/i0.wp.com\/informatepy.com\/2024\/wp-content\/uploads\/2022\/05\/marcelo-pecci-1.jpg?fit=1104%2C622&ssl=1","datePublished":"2022-05-10T19:36:32+00:00","dateModified":"2024-02-19T22:45:03+00:00","breadcrumb":{"@id":"https:\/\/informatepy.com\/2024\/2022\/05\/10\/que-casos-investigaba-el-fiscal-marcelo-pecci\/#breadcrumb"},"inLanguage":"es","potentialAction":[{"@type":"ReadAction","target":["https:\/\/informatepy.com\/2024\/2022\/05\/10\/que-casos-investigaba-el-fiscal-marcelo-pecci\/"]}]},{"@type":"ImageObject","inLanguage":"es","@id":"https:\/\/informatepy.com\/2024\/2022\/05\/10\/que-casos-investigaba-el-fiscal-marcelo-pecci\/#primaryimage","url":"https:\/\/i0.wp.com\/informatepy.com\/2024\/wp-content\/uploads\/2022\/05\/marcelo-pecci-1.jpg?fit=1104%2C622&ssl=1","contentUrl":"https:\/\/i0.wp.com\/informatepy.com\/2024\/wp-content\/uploads\/2022\/05\/marcelo-pecci-1.jpg?fit=1104%2C622&ssl=1","width":1104,"height":622},{"@type":"BreadcrumbList","@id":"https:\/\/informatepy.com\/2024\/2022\/05\/10\/que-casos-investigaba-el-fiscal-marcelo-pecci\/#breadcrumb","itemListElement":[{"@type":"ListItem","position":1,"name":"Portada","item":"https:\/\/informatepy.com\/2024\/"},{"@type":"ListItem","position":2,"name":"\u00bfQu\u00e9 casos investigaba el fiscal Marcelo Pecci?"}]},{"@type":"WebSite","@id":"https:\/\/informatepy.com\/2024\/#website","url":"https:\/\/informatepy.com\/2024\/","name":"Informate Py Creemos en la libertad de expresi\u00f3n y en la capacidad de la gente de reflexionar\u00a0por\u00a0si\u00a0misma","description":"InformatePy","publisher":{"@id":"https:\/\/informatepy.com\/2024\/#organization"},"potentialAction":[{"@type":"SearchAction","target":{"@type":"EntryPoint","urlTemplate":"https:\/\/informatepy.com\/2024\/?s={search_term_string}"},"query-input":{"@type":"PropertyValueSpecification","valueRequired":true,"valueName":"search_term_string"}}],"inLanguage":"es"},{"@type":"Organization","@id":"https:\/\/informatepy.com\/2024\/#organization","name":"Informate Py Creemos en la libertad de expresi\u00f3n y en la capacidad de la gente de reflexionar\u00a0por\u00a0si\u00a0misma","url":"https:\/\/informatepy.com\/2024\/","logo":{"@type":"ImageObject","inLanguage":"es","@id":"https:\/\/informatepy.com\/2024\/#\/schema\/logo\/image\/","url":"https:\/\/i0.wp.com\/informatepy.com\/2024\/wp-content\/uploads\/2024\/02\/Logotipo-sin-fondo-informate-py500.png?fit=500%2C94&ssl=1","contentUrl":"https:\/\/i0.wp.com\/informatepy.com\/2024\/wp-content\/uploads\/2024\/02\/Logotipo-sin-fondo-informate-py500.png?fit=500%2C94&ssl=1","width":500,"height":94,"caption":"Informate Py Creemos en la libertad de expresi\u00f3n y en la capacidad de la gente de reflexionar\u00a0por\u00a0si\u00a0misma"},"image":{"@id":"https:\/\/informatepy.com\/2024\/#\/schema\/logo\/image\/"}},{"@type":"Person","@id":"https:\/\/informatepy.com\/2024\/#\/schema\/person\/06aa09f3e09a6cf24491fead8baf783e","name":"NicoCPT","image":{"@type":"ImageObject","inLanguage":"es","@id":"https:\/\/secure.gravatar.com\/avatar\/5310f602b6cbcfb86e030c4ccdbb78f6565a3b9bab6a74ab80fd3cb5428b65af?s=96&d=mm&r=g276449386956a98e04614ff4c246c7b8","url":"https:\/\/secure.gravatar.com\/avatar\/5310f602b6cbcfb86e030c4ccdbb78f6565a3b9bab6a74ab80fd3cb5428b65af?s=96&d=mm&r=g","contentUrl":"https:\/\/secure.gravatar.com\/avatar\/5310f602b6cbcfb86e030c4ccdbb78f6565a3b9bab6a74ab80fd3cb5428b65af?s=96&d=mm&r=g","caption":"NicoCPT"},"sameAs":["https:\/\/informatepy.com\/2024"],"url":"https:\/\/informatepy.com\/2024\/author\/nicocpt\/"}]}},"jetpack_featured_media_url":"https:\/\/i0.wp.com\/informatepy.com\/2024\/wp-content\/uploads\/2022\/05\/marcelo-pecci-1.jpg?fit=1104%2C622&ssl=1","jetpack-related-posts":[],"jetpack_sharing_enabled":true,"authors":[{"term_id":830,"user_id":3,"is_guest":0,"slug":"redaccion","display_name":"Redacci\u00f3n","avatar_url":{"url":"https:\/\/informatepy.com\/2024\/wp-content\/uploads\/2024\/02\/cropped-Isologo-sin-fondo.png","url2x":"https:\/\/informatepy.com\/2024\/wp-content\/uploads\/2024\/02\/cropped-Isologo-sin-fondo.png"},"author_category":"1","first_name":"Redacci\u00f3n","last_name":"","user_url":"","job_title":"","description":""}],"_links":{"self":[{"href":"https:\/\/informatepy.com\/2024\/wp-json\/wp\/v2\/posts\/7031","targetHints":{"allow":["GET"]}}],"collection":[{"href":"https:\/\/informatepy.com\/2024\/wp-json\/wp\/v2\/posts"}],"about":[{"href":"https:\/\/informatepy.com\/2024\/wp-json\/wp\/v2\/types\/post"}],"author":[{"embeddable":true,"href":"https:\/\/informatepy.com\/2024\/wp-json\/wp\/v2\/users\/1"}],"replies":[{"embeddable":true,"href":"https:\/\/informatepy.com\/2024\/wp-json\/wp\/v2\/comments?post=7031"}],"version-history":[{"count":1,"href":"https:\/\/informatepy.com\/2024\/wp-json\/wp\/v2\/posts\/7031\/revisions"}],"predecessor-version":[{"id":7033,"href":"https:\/\/informatepy.com\/2024\/wp-json\/wp\/v2\/posts\/7031\/revisions\/7033"}],"wp:featuredmedia":[{"embeddable":true,"href":"https:\/\/informatepy.com\/2024\/wp-json\/wp\/v2\/media\/7032"}],"wp:attachment":[{"href":"https:\/\/informatepy.com\/2024\/wp-json\/wp\/v2\/media?parent=7031"}],"wp:term":[{"taxonomy":"category","embeddable":true,"href":"https:\/\/informatepy.com\/2024\/wp-json\/wp\/v2\/categories?post=7031"},{"taxonomy":"post_tag","embeddable":true,"href":"https:\/\/informatepy.com\/2024\/wp-json\/wp\/v2\/tags?post=7031"},{"taxonomy":"jnews-series","embeddable":true,"href":"https:\/\/informatepy.com\/2024\/wp-json\/wp\/v2\/jnews-series?post=7031"},{"taxonomy":"author","embeddable":true,"href":"https:\/\/informatepy.com\/2024\/wp-json\/wp\/v2\/ppma_author?post=7031"}],"curies":[{"name":"wp","href":"https:\/\/api.w.org\/{rel}","templated":true}]}}