{"id":6731,"date":"2022-04-07T11:00:00","date_gmt":"2022-04-07T09:00:00","guid":{"rendered":"https:\/\/informatepy.com\/2024\/2022\/04\/07\/para-colyn-soroka-abdo-o-nicanor-serian-los-candidatos-a-la-junta-de-gobierno-por-el-oficialismo\/"},"modified":"2022-04-07T11:00:00","modified_gmt":"2022-04-07T09:00:00","slug":"para-colyn-soroka-abdo-o-nicanor-serian-los-candidatos-a-la-junta-de-gobierno-por-el-oficialismo","status":"publish","type":"post","link":"https:\/\/informatepy.com\/2024\/2022\/04\/07\/para-colyn-soroka-abdo-o-nicanor-serian-los-candidatos-a-la-junta-de-gobierno-por-el-oficialismo\/","title":{"rendered":"Para Colyn Soroka, Abdo o Nicanor ser\u00edan los candidatos a la Junta de Gobierno por el oficialismo"},"content":{"rendered":"\n<p class=\"has-text-align-justify\">El diputado colorado <strong>Colyn Soroka<\/strong> explic\u00f3 que si el presidente de la Rep\u00fablica, <strong>Mario Abdo Ben\u00edtez<\/strong>, decide no presentarse para la Junta de Gobierno del Partido Colorado por el oficialismo, el elegido ser\u00eda el director de Yacyret\u00e1, <strong>Nicanor Duarte Frutos<\/strong>.<\/p>\n\n\n\n<p class=\"has-text-align-justify\"><em><strong>\u201cCandidaturas hay muchas, opciones hay pocas. Si el presidente de la Rep\u00fablica decide no candidatarse para la Junta de Gobierno, el \u00fanico que tiene la capacidad de entrar a la arena pol\u00edtica es Nicanor Duarte Frutos\u201d<\/strong><\/em>, dijo este mi\u00e9rcoles el legislador oficialista a los medios de prensa.<\/p>\n\n\n\n<p class=\"has-text-align-justify\"><em><strong>\u201cTodos estamos esperando que el presidente de la Rep\u00fablica decida candidatearse, pero hay que esperar su decisi\u00f3n respecto a eso. El que va a representar a Fuerza Republicana debe tener el poder de un proyecto y Duarte Frutos es un luchador de muchos a\u00f1os\u201d<\/strong><\/em>, agreg\u00f3 Soroka.<\/p>\n","protected":false},"excerpt":{"rendered":"<p>El diputado colorado Colyn Soroka explic\u00f3 que si el presidente de la Rep\u00fablica, Mario Abdo Ben\u00edtez, decide no presentarse para la Junta de Gobierno del Partido Colorado por el oficialismo, el elegido ser\u00eda el director de Yacyret\u00e1, Nicanor Duarte Frutos. \u201cCandidaturas hay muchas, opciones hay pocas. Si el presidente de la Rep\u00fablica decide no candidatarse [&hellip;]<\/p>\n","protected":false},"author":3,"featured_media":6732,"comment_status":"closed","ping_status":"open","sticky":false,"template":"","format":"standard","meta":{"_jetpack_memberships_contains_paid_content":false,"jnews-multi-image_gallery":[],"jnews_single_post":[],"jnews_primary_category":[],"jnews_override_bookmark_settings":[],"jnews_food_recipe":[],"enable_food_recipe":"","food_recipe_title":"","food_recipe_description":"","food_recipe_serve":"","food_recipe_time":"","food_recipe_prep":"","food_recipe_level":"","food_recipe_keywords":"","food_recipe_category":"","food_recipe_cuisine":"","food_recipe_yield":"","food_recipe_calories":"","enable_print_recipe":"","ingredient":[],"instruction":"","jnews_social_meta":[],"jnews_paywall_metabox":[],"jnews_review":[],"enable_review":"","type":"","name":"","summary":"","brand":"","sku":"","good":[],"bad":[],"score_override":"","override_value":"","rating":[],"price":[],"jnews_override_counter":[],"jnews_post_split":[],"jnews_podcast_option":[],"jnews_podcast_series":[],"footnotes":""},"categories":[34],"tags":[138,831,197,283,286],"jnews-series":[],"ppma_author":[830],"class_list":["post-6731","post","type-post","status-publish","format-standard","has-post-thumbnail","hentry","category-nacionales","tag-anr","tag-destacada","tag-mario-abdo","tag-nicanor-duarte-frutos","tag-partido-colorado"],"yoast_head":"<!-- This site is optimized with the Yoast SEO plugin v27.5 - https:\/\/yoast.com\/product\/yoast-seo-wordpress\/ -->\n<title>Para Colyn Soroka, Abdo o Nicanor ser\u00edan los candidatos a la Junta de Gobierno por el oficialismo - Informate Py Creemos en la libertad de expresi\u00f3n y en la capacidad de la gente de reflexionar\u00a0por\u00a0si\u00a0misma<\/title>\n<meta name=\"robots\" content=\"index, follow, max-snippet:-1, max-image-preview:large, max-video-preview:-1\" \/>\n<link rel=\"canonical\" href=\"https:\/\/informatepy.com\/2024\/2022\/04\/07\/para-colyn-soroka-abdo-o-nicanor-serian-los-candidatos-a-la-junta-de-gobierno-por-el-oficialismo\/\" \/>\n<meta property=\"og:locale\" content=\"es_ES\" \/>\n<meta property=\"og:type\" content=\"article\" \/>\n<meta property=\"og:title\" content=\"Para Colyn Soroka, Abdo o Nicanor ser\u00edan los candidatos a la Junta de Gobierno por el oficialismo - Informate Py Creemos en la libertad de expresi\u00f3n y en la capacidad de la gente de reflexionar\u00a0por\u00a0si\u00a0misma\" \/>\n<meta property=\"og:description\" content=\"El diputado colorado Colyn Soroka explic\u00f3 que si el presidente de la Rep\u00fablica, Mario Abdo Ben\u00edtez, decide no presentarse para la Junta de Gobierno del Partido Colorado por el oficialismo, el elegido ser\u00eda el director de Yacyret\u00e1, Nicanor Duarte Frutos. \u201cCandidaturas hay muchas, opciones hay pocas. Si el presidente de la Rep\u00fablica decide no candidatarse [&hellip;]\" \/>\n<meta property=\"og:url\" content=\"https:\/\/informatepy.com\/2024\/2022\/04\/07\/para-colyn-soroka-abdo-o-nicanor-serian-los-candidatos-a-la-junta-de-gobierno-por-el-oficialismo\/\" \/>\n<meta property=\"og:site_name\" content=\"Informate Py Creemos en la libertad de expresi\u00f3n y en la capacidad de la gente de reflexionar\u00a0por\u00a0si\u00a0misma\" \/>\n<meta property=\"article:author\" content=\"https:\/\/www.facebook.com\/InformatePyCom\" \/>\n<meta property=\"article:published_time\" content=\"2022-04-07T09:00:00+00:00\" \/>\n<meta property=\"og:image\" content=\"https:\/\/i0.wp.com\/informatepy.com\/2024\/wp-content\/uploads\/2022\/04\/nicanor_marito.jpg?fit=760%2C420&ssl=1\" \/>\n\t<meta property=\"og:image:width\" content=\"760\" \/>\n\t<meta property=\"og:image:height\" content=\"420\" \/>\n\t<meta property=\"og:image:type\" content=\"image\/jpeg\" \/>\n<meta name=\"author\" content=\"Redacci\u00f3n\" \/>\n<meta name=\"twitter:card\" content=\"summary_large_image\" \/>\n<meta name=\"twitter:creator\" content=\"@https:\/\/twitter.com\/InformatePy1\" \/>\n<meta name=\"twitter:label1\" content=\"Escrito por\" \/>\n\t<meta name=\"twitter:data1\" content=\"Redacci\u00f3n\" \/>\n\t<meta name=\"twitter:label2\" content=\"Tiempo de lectura\" \/>\n\t<meta name=\"twitter:data2\" content=\"1 minuto\" \/>\n<script type=\"application\/ld+json\" class=\"yoast-schema-graph\">{\"@context\":\"https:\\\/\\\/schema.org\",\"@graph\":[{\"@type\":\"Article\",\"@id\":\"https:\\\/\\\/informatepy.com\\\/2024\\\/2022\\\/04\\\/07\\\/para-colyn-soroka-abdo-o-nicanor-serian-los-candidatos-a-la-junta-de-gobierno-por-el-oficialismo\\\/#article\",\"isPartOf\":{\"@id\":\"https:\\\/\\\/informatepy.com\\\/2024\\\/2022\\\/04\\\/07\\\/para-colyn-soroka-abdo-o-nicanor-serian-los-candidatos-a-la-junta-de-gobierno-por-el-oficialismo\\\/\"},\"author\":{\"name\":\"Redacci\u00f3n\",\"@id\":\"https:\\\/\\\/informatepy.com\\\/2024\\\/#\\\/schema\\\/person\\\/98728344b91c548ef8544c80daf58463\"},\"headline\":\"Para Colyn Soroka, Abdo o Nicanor ser\u00edan los candidatos a la Junta de Gobierno por el oficialismo\",\"datePublished\":\"2022-04-07T09:00:00+00:00\",\"mainEntityOfPage\":{\"@id\":\"https:\\\/\\\/informatepy.com\\\/2024\\\/2022\\\/04\\\/07\\\/para-colyn-soroka-abdo-o-nicanor-serian-los-candidatos-a-la-junta-de-gobierno-por-el-oficialismo\\\/\"},\"wordCount\":160,\"publisher\":{\"@id\":\"https:\\\/\\\/informatepy.com\\\/2024\\\/#organization\"},\"image\":{\"@id\":\"https:\\\/\\\/informatepy.com\\\/2024\\\/2022\\\/04\\\/07\\\/para-colyn-soroka-abdo-o-nicanor-serian-los-candidatos-a-la-junta-de-gobierno-por-el-oficialismo\\\/#primaryimage\"},\"thumbnailUrl\":\"https:\\\/\\\/i0.wp.com\\\/informatepy.com\\\/2024\\\/wp-content\\\/uploads\\\/2022\\\/04\\\/nicanor_marito.jpg?fit=760%2C420&ssl=1\",\"keywords\":[\"anr\",\"destacada\",\"mario abdo\",\"nicanor duarte frutos\",\"partido colorado\"],\"articleSection\":[\"Nacionales\"],\"inLanguage\":\"es\"},{\"@type\":\"WebPage\",\"@id\":\"https:\\\/\\\/informatepy.com\\\/2024\\\/2022\\\/04\\\/07\\\/para-colyn-soroka-abdo-o-nicanor-serian-los-candidatos-a-la-junta-de-gobierno-por-el-oficialismo\\\/\",\"url\":\"https:\\\/\\\/informatepy.com\\\/2024\\\/2022\\\/04\\\/07\\\/para-colyn-soroka-abdo-o-nicanor-serian-los-candidatos-a-la-junta-de-gobierno-por-el-oficialismo\\\/\",\"name\":\"Para Colyn Soroka, Abdo o Nicanor ser\u00edan los candidatos a la Junta de Gobierno por el oficialismo - Informate Py Creemos en la libertad de expresi\u00f3n y en la capacidad de la gente de reflexionar\u00a0por\u00a0si\u00a0misma\",\"isPartOf\":{\"@id\":\"https:\\\/\\\/informatepy.com\\\/2024\\\/#website\"},\"primaryImageOfPage\":{\"@id\":\"https:\\\/\\\/informatepy.com\\\/2024\\\/2022\\\/04\\\/07\\\/para-colyn-soroka-abdo-o-nicanor-serian-los-candidatos-a-la-junta-de-gobierno-por-el-oficialismo\\\/#primaryimage\"},\"image\":{\"@id\":\"https:\\\/\\\/informatepy.com\\\/2024\\\/2022\\\/04\\\/07\\\/para-colyn-soroka-abdo-o-nicanor-serian-los-candidatos-a-la-junta-de-gobierno-por-el-oficialismo\\\/#primaryimage\"},\"thumbnailUrl\":\"https:\\\/\\\/i0.wp.com\\\/informatepy.com\\\/2024\\\/wp-content\\\/uploads\\\/2022\\\/04\\\/nicanor_marito.jpg?fit=760%2C420&ssl=1\",\"datePublished\":\"2022-04-07T09:00:00+00:00\",\"breadcrumb\":{\"@id\":\"https:\\\/\\\/informatepy.com\\\/2024\\\/2022\\\/04\\\/07\\\/para-colyn-soroka-abdo-o-nicanor-serian-los-candidatos-a-la-junta-de-gobierno-por-el-oficialismo\\\/#breadcrumb\"},\"inLanguage\":\"es\",\"potentialAction\":[{\"@type\":\"ReadAction\",\"target\":[\"https:\\\/\\\/informatepy.com\\\/2024\\\/2022\\\/04\\\/07\\\/para-colyn-soroka-abdo-o-nicanor-serian-los-candidatos-a-la-junta-de-gobierno-por-el-oficialismo\\\/\"]}]},{\"@type\":\"ImageObject\",\"inLanguage\":\"es\",\"@id\":\"https:\\\/\\\/informatepy.com\\\/2024\\\/2022\\\/04\\\/07\\\/para-colyn-soroka-abdo-o-nicanor-serian-los-candidatos-a-la-junta-de-gobierno-por-el-oficialismo\\\/#primaryimage\",\"url\":\"https:\\\/\\\/i0.wp.com\\\/informatepy.com\\\/2024\\\/wp-content\\\/uploads\\\/2022\\\/04\\\/nicanor_marito.jpg?fit=760%2C420&ssl=1\",\"contentUrl\":\"https:\\\/\\\/i0.wp.com\\\/informatepy.com\\\/2024\\\/wp-content\\\/uploads\\\/2022\\\/04\\\/nicanor_marito.jpg?fit=760%2C420&ssl=1\",\"width\":760,\"height\":420},{\"@type\":\"BreadcrumbList\",\"@id\":\"https:\\\/\\\/informatepy.com\\\/2024\\\/2022\\\/04\\\/07\\\/para-colyn-soroka-abdo-o-nicanor-serian-los-candidatos-a-la-junta-de-gobierno-por-el-oficialismo\\\/#breadcrumb\",\"itemListElement\":[{\"@type\":\"ListItem\",\"position\":1,\"name\":\"Portada\",\"item\":\"https:\\\/\\\/informatepy.com\\\/2024\\\/\"},{\"@type\":\"ListItem\",\"position\":2,\"name\":\"Para Colyn Soroka, Abdo o Nicanor ser\u00edan los candidatos a la Junta de Gobierno por el oficialismo\"}]},{\"@type\":\"WebSite\",\"@id\":\"https:\\\/\\\/informatepy.com\\\/2024\\\/#website\",\"url\":\"https:\\\/\\\/informatepy.com\\\/2024\\\/\",\"name\":\"Informate Py Creemos en la libertad de expresi\u00f3n y en la capacidad de la gente de reflexionar\u00a0por\u00a0si\u00a0misma\",\"description\":\"InformatePy\",\"publisher\":{\"@id\":\"https:\\\/\\\/informatepy.com\\\/2024\\\/#organization\"},\"potentialAction\":[{\"@type\":\"SearchAction\",\"target\":{\"@type\":\"EntryPoint\",\"urlTemplate\":\"https:\\\/\\\/informatepy.com\\\/2024\\\/?s={search_term_string}\"},\"query-input\":{\"@type\":\"PropertyValueSpecification\",\"valueRequired\":true,\"valueName\":\"search_term_string\"}}],\"inLanguage\":\"es\"},{\"@type\":\"Organization\",\"@id\":\"https:\\\/\\\/informatepy.com\\\/2024\\\/#organization\",\"name\":\"Informate Py Creemos en la libertad de expresi\u00f3n y en la capacidad de la gente de reflexionar\u00a0por\u00a0si\u00a0misma\",\"url\":\"https:\\\/\\\/informatepy.com\\\/2024\\\/\",\"logo\":{\"@type\":\"ImageObject\",\"inLanguage\":\"es\",\"@id\":\"https:\\\/\\\/informatepy.com\\\/2024\\\/#\\\/schema\\\/logo\\\/image\\\/\",\"url\":\"https:\\\/\\\/i0.wp.com\\\/informatepy.com\\\/2024\\\/wp-content\\\/uploads\\\/2024\\\/02\\\/Logotipo-sin-fondo-informate-py500.png?fit=500%2C94&ssl=1\",\"contentUrl\":\"https:\\\/\\\/i0.wp.com\\\/informatepy.com\\\/2024\\\/wp-content\\\/uploads\\\/2024\\\/02\\\/Logotipo-sin-fondo-informate-py500.png?fit=500%2C94&ssl=1\",\"width\":500,\"height\":94,\"caption\":\"Informate Py Creemos en la libertad de expresi\u00f3n y en la capacidad de la gente de reflexionar\u00a0por\u00a0si\u00a0misma\"},\"image\":{\"@id\":\"https:\\\/\\\/informatepy.com\\\/2024\\\/#\\\/schema\\\/logo\\\/image\\\/\"}},{\"@type\":\"Person\",\"@id\":\"https:\\\/\\\/informatepy.com\\\/2024\\\/#\\\/schema\\\/person\\\/98728344b91c548ef8544c80daf58463\",\"name\":\"Redacci\u00f3n\",\"image\":{\"@type\":\"ImageObject\",\"inLanguage\":\"es\",\"@id\":\"https:\\\/\\\/informatepy.com\\\/2024\\\/wp-content\\\/uploads\\\/2024\\\/02\\\/cropped-Isologo-sin-fondo.png9c354f01c536b2d49dbb929e96603401\",\"url\":\"https:\\\/\\\/informatepy.com\\\/2024\\\/wp-content\\\/uploads\\\/2024\\\/02\\\/cropped-Isologo-sin-fondo.png\",\"contentUrl\":\"https:\\\/\\\/informatepy.com\\\/2024\\\/wp-content\\\/uploads\\\/2024\\\/02\\\/cropped-Isologo-sin-fondo.png\",\"caption\":\"Redacci\u00f3n\"},\"sameAs\":[\"https:\\\/\\\/www.facebook.com\\\/InformatePyCom\",\"https:\\\/\\\/x.com\\\/https:\\\/\\\/twitter.com\\\/InformatePy1\"],\"url\":\"https:\\\/\\\/informatepy.com\\\/2024\\\/author\\\/redaccion\\\/\"}]}<\/script>\n<!-- \/ Yoast SEO plugin. -->","yoast_head_json":{"title":"Para Colyn Soroka, Abdo o Nicanor ser\u00edan los candidatos a la Junta de Gobierno por el oficialismo - Informate Py Creemos en la libertad de expresi\u00f3n y en la capacidad de la gente de reflexionar\u00a0por\u00a0si\u00a0misma","robots":{"index":"index","follow":"follow","max-snippet":"max-snippet:-1","max-image-preview":"max-image-preview:large","max-video-preview":"max-video-preview:-1"},"canonical":"https:\/\/informatepy.com\/2024\/2022\/04\/07\/para-colyn-soroka-abdo-o-nicanor-serian-los-candidatos-a-la-junta-de-gobierno-por-el-oficialismo\/","og_locale":"es_ES","og_type":"article","og_title":"Para Colyn Soroka, Abdo o Nicanor ser\u00edan los candidatos a la Junta de Gobierno por el oficialismo - Informate Py Creemos en la libertad de expresi\u00f3n y en la capacidad de la gente de reflexionar\u00a0por\u00a0si\u00a0misma","og_description":"El diputado colorado Colyn Soroka explic\u00f3 que si el presidente de la Rep\u00fablica, Mario Abdo Ben\u00edtez, decide no presentarse para la Junta de Gobierno del Partido Colorado por el oficialismo, el elegido ser\u00eda el director de Yacyret\u00e1, Nicanor Duarte Frutos. \u201cCandidaturas hay muchas, opciones hay pocas. Si el presidente de la Rep\u00fablica decide no candidatarse [&hellip;]","og_url":"https:\/\/informatepy.com\/2024\/2022\/04\/07\/para-colyn-soroka-abdo-o-nicanor-serian-los-candidatos-a-la-junta-de-gobierno-por-el-oficialismo\/","og_site_name":"Informate Py Creemos en la libertad de expresi\u00f3n y en la capacidad de la gente de reflexionar\u00a0por\u00a0si\u00a0misma","article_author":"https:\/\/www.facebook.com\/InformatePyCom","article_published_time":"2022-04-07T09:00:00+00:00","og_image":[{"width":760,"height":420,"url":"https:\/\/i0.wp.com\/informatepy.com\/2024\/wp-content\/uploads\/2022\/04\/nicanor_marito.jpg?fit=760%2C420&ssl=1","type":"image\/jpeg"}],"author":"Redacci\u00f3n","twitter_card":"summary_large_image","twitter_creator":"@https:\/\/twitter.com\/InformatePy1","twitter_misc":{"Escrito por":"Redacci\u00f3n","Tiempo de lectura":"1 minuto"},"schema":{"@context":"https:\/\/schema.org","@graph":[{"@type":"Article","@id":"https:\/\/informatepy.com\/2024\/2022\/04\/07\/para-colyn-soroka-abdo-o-nicanor-serian-los-candidatos-a-la-junta-de-gobierno-por-el-oficialismo\/#article","isPartOf":{"@id":"https:\/\/informatepy.com\/2024\/2022\/04\/07\/para-colyn-soroka-abdo-o-nicanor-serian-los-candidatos-a-la-junta-de-gobierno-por-el-oficialismo\/"},"author":{"name":"Redacci\u00f3n","@id":"https:\/\/informatepy.com\/2024\/#\/schema\/person\/98728344b91c548ef8544c80daf58463"},"headline":"Para Colyn Soroka, Abdo o Nicanor ser\u00edan los candidatos a la Junta de Gobierno por el oficialismo","datePublished":"2022-04-07T09:00:00+00:00","mainEntityOfPage":{"@id":"https:\/\/informatepy.com\/2024\/2022\/04\/07\/para-colyn-soroka-abdo-o-nicanor-serian-los-candidatos-a-la-junta-de-gobierno-por-el-oficialismo\/"},"wordCount":160,"publisher":{"@id":"https:\/\/informatepy.com\/2024\/#organization"},"image":{"@id":"https:\/\/informatepy.com\/2024\/2022\/04\/07\/para-colyn-soroka-abdo-o-nicanor-serian-los-candidatos-a-la-junta-de-gobierno-por-el-oficialismo\/#primaryimage"},"thumbnailUrl":"https:\/\/i0.wp.com\/informatepy.com\/2024\/wp-content\/uploads\/2022\/04\/nicanor_marito.jpg?fit=760%2C420&ssl=1","keywords":["anr","destacada","mario abdo","nicanor duarte frutos","partido colorado"],"articleSection":["Nacionales"],"inLanguage":"es"},{"@type":"WebPage","@id":"https:\/\/informatepy.com\/2024\/2022\/04\/07\/para-colyn-soroka-abdo-o-nicanor-serian-los-candidatos-a-la-junta-de-gobierno-por-el-oficialismo\/","url":"https:\/\/informatepy.com\/2024\/2022\/04\/07\/para-colyn-soroka-abdo-o-nicanor-serian-los-candidatos-a-la-junta-de-gobierno-por-el-oficialismo\/","name":"Para Colyn Soroka, Abdo o Nicanor ser\u00edan los candidatos a la Junta de Gobierno por el oficialismo - Informate Py Creemos en la libertad de expresi\u00f3n y en la capacidad de la gente de reflexionar\u00a0por\u00a0si\u00a0misma","isPartOf":{"@id":"https:\/\/informatepy.com\/2024\/#website"},"primaryImageOfPage":{"@id":"https:\/\/informatepy.com\/2024\/2022\/04\/07\/para-colyn-soroka-abdo-o-nicanor-serian-los-candidatos-a-la-junta-de-gobierno-por-el-oficialismo\/#primaryimage"},"image":{"@id":"https:\/\/informatepy.com\/2024\/2022\/04\/07\/para-colyn-soroka-abdo-o-nicanor-serian-los-candidatos-a-la-junta-de-gobierno-por-el-oficialismo\/#primaryimage"},"thumbnailUrl":"https:\/\/i0.wp.com\/informatepy.com\/2024\/wp-content\/uploads\/2022\/04\/nicanor_marito.jpg?fit=760%2C420&ssl=1","datePublished":"2022-04-07T09:00:00+00:00","breadcrumb":{"@id":"https:\/\/informatepy.com\/2024\/2022\/04\/07\/para-colyn-soroka-abdo-o-nicanor-serian-los-candidatos-a-la-junta-de-gobierno-por-el-oficialismo\/#breadcrumb"},"inLanguage":"es","potentialAction":[{"@type":"ReadAction","target":["https:\/\/informatepy.com\/2024\/2022\/04\/07\/para-colyn-soroka-abdo-o-nicanor-serian-los-candidatos-a-la-junta-de-gobierno-por-el-oficialismo\/"]}]},{"@type":"ImageObject","inLanguage":"es","@id":"https:\/\/informatepy.com\/2024\/2022\/04\/07\/para-colyn-soroka-abdo-o-nicanor-serian-los-candidatos-a-la-junta-de-gobierno-por-el-oficialismo\/#primaryimage","url":"https:\/\/i0.wp.com\/informatepy.com\/2024\/wp-content\/uploads\/2022\/04\/nicanor_marito.jpg?fit=760%2C420&ssl=1","contentUrl":"https:\/\/i0.wp.com\/informatepy.com\/2024\/wp-content\/uploads\/2022\/04\/nicanor_marito.jpg?fit=760%2C420&ssl=1","width":760,"height":420},{"@type":"BreadcrumbList","@id":"https:\/\/informatepy.com\/2024\/2022\/04\/07\/para-colyn-soroka-abdo-o-nicanor-serian-los-candidatos-a-la-junta-de-gobierno-por-el-oficialismo\/#breadcrumb","itemListElement":[{"@type":"ListItem","position":1,"name":"Portada","item":"https:\/\/informatepy.com\/2024\/"},{"@type":"ListItem","position":2,"name":"Para Colyn Soroka, Abdo o Nicanor ser\u00edan los candidatos a la Junta de Gobierno por el oficialismo"}]},{"@type":"WebSite","@id":"https:\/\/informatepy.com\/2024\/#website","url":"https:\/\/informatepy.com\/2024\/","name":"Informate Py Creemos en la libertad de expresi\u00f3n y en la capacidad de la gente de reflexionar\u00a0por\u00a0si\u00a0misma","description":"InformatePy","publisher":{"@id":"https:\/\/informatepy.com\/2024\/#organization"},"potentialAction":[{"@type":"SearchAction","target":{"@type":"EntryPoint","urlTemplate":"https:\/\/informatepy.com\/2024\/?s={search_term_string}"},"query-input":{"@type":"PropertyValueSpecification","valueRequired":true,"valueName":"search_term_string"}}],"inLanguage":"es"},{"@type":"Organization","@id":"https:\/\/informatepy.com\/2024\/#organization","name":"Informate Py Creemos en la libertad de expresi\u00f3n y en la capacidad de la gente de reflexionar\u00a0por\u00a0si\u00a0misma","url":"https:\/\/informatepy.com\/2024\/","logo":{"@type":"ImageObject","inLanguage":"es","@id":"https:\/\/informatepy.com\/2024\/#\/schema\/logo\/image\/","url":"https:\/\/i0.wp.com\/informatepy.com\/2024\/wp-content\/uploads\/2024\/02\/Logotipo-sin-fondo-informate-py500.png?fit=500%2C94&ssl=1","contentUrl":"https:\/\/i0.wp.com\/informatepy.com\/2024\/wp-content\/uploads\/2024\/02\/Logotipo-sin-fondo-informate-py500.png?fit=500%2C94&ssl=1","width":500,"height":94,"caption":"Informate Py Creemos en la libertad de expresi\u00f3n y en la capacidad de la gente de reflexionar\u00a0por\u00a0si\u00a0misma"},"image":{"@id":"https:\/\/informatepy.com\/2024\/#\/schema\/logo\/image\/"}},{"@type":"Person","@id":"https:\/\/informatepy.com\/2024\/#\/schema\/person\/98728344b91c548ef8544c80daf58463","name":"Redacci\u00f3n","image":{"@type":"ImageObject","inLanguage":"es","@id":"https:\/\/informatepy.com\/2024\/wp-content\/uploads\/2024\/02\/cropped-Isologo-sin-fondo.png9c354f01c536b2d49dbb929e96603401","url":"https:\/\/informatepy.com\/2024\/wp-content\/uploads\/2024\/02\/cropped-Isologo-sin-fondo.png","contentUrl":"https:\/\/informatepy.com\/2024\/wp-content\/uploads\/2024\/02\/cropped-Isologo-sin-fondo.png","caption":"Redacci\u00f3n"},"sameAs":["https:\/\/www.facebook.com\/InformatePyCom","https:\/\/x.com\/https:\/\/twitter.com\/InformatePy1"],"url":"https:\/\/informatepy.com\/2024\/author\/redaccion\/"}]}},"jetpack_featured_media_url":"https:\/\/i0.wp.com\/informatepy.com\/2024\/wp-content\/uploads\/2022\/04\/nicanor_marito.jpg?fit=760%2C420&ssl=1","jetpack-related-posts":[],"jetpack_sharing_enabled":true,"authors":[{"term_id":830,"user_id":3,"is_guest":0,"slug":"redaccion","display_name":"Redacci\u00f3n","avatar_url":{"url":"https:\/\/informatepy.com\/2024\/wp-content\/uploads\/2024\/02\/cropped-Isologo-sin-fondo.png","url2x":"https:\/\/informatepy.com\/2024\/wp-content\/uploads\/2024\/02\/cropped-Isologo-sin-fondo.png"},"author_category":"1","first_name":"Redacci\u00f3n","last_name":"","user_url":"","job_title":"","description":""}],"_links":{"self":[{"href":"https:\/\/informatepy.com\/2024\/wp-json\/wp\/v2\/posts\/6731","targetHints":{"allow":["GET"]}}],"collection":[{"href":"https:\/\/informatepy.com\/2024\/wp-json\/wp\/v2\/posts"}],"about":[{"href":"https:\/\/informatepy.com\/2024\/wp-json\/wp\/v2\/types\/post"}],"author":[{"embeddable":true,"href":"https:\/\/informatepy.com\/2024\/wp-json\/wp\/v2\/users\/3"}],"replies":[{"embeddable":true,"href":"https:\/\/informatepy.com\/2024\/wp-json\/wp\/v2\/comments?post=6731"}],"version-history":[{"count":0,"href":"https:\/\/informatepy.com\/2024\/wp-json\/wp\/v2\/posts\/6731\/revisions"}],"wp:featuredmedia":[{"embeddable":true,"href":"https:\/\/informatepy.com\/2024\/wp-json\/wp\/v2\/media\/6732"}],"wp:attachment":[{"href":"https:\/\/informatepy.com\/2024\/wp-json\/wp\/v2\/media?parent=6731"}],"wp:term":[{"taxonomy":"category","embeddable":true,"href":"https:\/\/informatepy.com\/2024\/wp-json\/wp\/v2\/categories?post=6731"},{"taxonomy":"post_tag","embeddable":true,"href":"https:\/\/informatepy.com\/2024\/wp-json\/wp\/v2\/tags?post=6731"},{"taxonomy":"jnews-series","embeddable":true,"href":"https:\/\/informatepy.com\/2024\/wp-json\/wp\/v2\/jnews-series?post=6731"},{"taxonomy":"author","embeddable":true,"href":"https:\/\/informatepy.com\/2024\/wp-json\/wp\/v2\/ppma_author?post=6731"}],"curies":[{"name":"wp","href":"https:\/\/api.w.org\/{rel}","templated":true}]}}