{"id":6139,"date":"2022-03-02T09:50:00","date_gmt":"2022-03-02T08:50:00","guid":{"rendered":"https:\/\/informatepy.com\/2024\/2022\/03\/02\/quema-de-archivos-asesinan-a-empleada-de-pastor-investigado-y-profugo\/"},"modified":"2022-03-02T09:50:00","modified_gmt":"2022-03-02T08:50:00","slug":"quema-de-archivos-asesinan-a-empleada-de-pastor-investigado-y-profugo","status":"publish","type":"post","link":"https:\/\/informatepy.com\/2024\/2022\/03\/02\/quema-de-archivos-asesinan-a-empleada-de-pastor-investigado-y-profugo\/","title":{"rendered":"Quema de archivos: Asesinan a empleada de pastor investigado y pr\u00f3fugo"},"content":{"rendered":"\n<p class=\"has-text-align-justify\">La Polic\u00eda Nacional report\u00f3 el asesinato de F\u00e1tima Liliana Rejala Cabrera, de 39 a\u00f1os, en\u00a0<strong>Mariano Roque Alonso<\/strong>, Departamento Central. La mujer ser\u00eda ni\u00f1era en una de las viviendas del clan del pastor Jos\u00e9 Insfr\u00e1n, quien est\u00e1 actualmente pr\u00f3fugo y es investigado en el marco del\u00a0Operativo A Ultranza\u00a0PY por supuesto lavado de dinero producto del\u00a0narcotr\u00e1fico.<\/p>\n\n\n\n<p class=\"has-text-align-justify\"><strong>Rejala Cabrera <\/strong>recibi\u00f3 un disparo en la cabeza al mediod\u00eda de este martes frente a su vivienda, ubicada sobre la calle Rep\u00fablica de Colombia en el barrio Universo de la mencionada ciudad.<\/p>\n\n\n\n<p class=\"has-text-align-justify\">Conforme con los datos, la vivienda se encuentra a pocos metros de las casas que fueron allanadas por agentes de la Secretar\u00eda Nacional Antidrogas (Senad) en el marco del operativo A Ultranza PY y tambi\u00e9n se encuentra cerca del Centro de Avivamiento que fue allanada este martes, donde se encontr\u00f3 una llamativa caleta o escondite detr\u00e1s de una pared.<\/p>\n\n\n\n<h6 class=\"wp-block-heading\" style=\"font-style:normal;font-weight:300\">Con informaci\u00f3n de \u00daltima Hora<\/h6>\n","protected":false},"excerpt":{"rendered":"<p>La Polic\u00eda Nacional report\u00f3 el asesinato de F\u00e1tima Liliana Rejala Cabrera, de 39 a\u00f1os, en\u00a0Mariano Roque Alonso, Departamento Central. La mujer ser\u00eda ni\u00f1era en una de las viviendas del clan del pastor Jos\u00e9 Insfr\u00e1n, quien est\u00e1 actualmente pr\u00f3fugo y es investigado en el marco del\u00a0Operativo A Ultranza\u00a0PY por supuesto lavado de dinero producto del\u00a0narcotr\u00e1fico. Rejala [&hellip;]<\/p>\n","protected":false},"author":3,"featured_media":6140,"comment_status":"closed","ping_status":"open","sticky":false,"template":"","format":"standard","meta":{"_jetpack_memberships_contains_paid_content":false,"jnews-multi-image_gallery":[],"jnews_single_post":[],"jnews_primary_category":[],"jnews_override_bookmark_settings":[],"jnews_food_recipe":[],"enable_food_recipe":"","food_recipe_title":"","food_recipe_description":"","food_recipe_serve":"","food_recipe_time":"","food_recipe_prep":"","food_recipe_level":"","food_recipe_keywords":"","food_recipe_category":"","food_recipe_cuisine":"","food_recipe_yield":"","food_recipe_calories":"","enable_print_recipe":"","ingredient":[],"instruction":"","jnews_social_meta":[],"jnews_paywall_metabox":[],"jnews_review":[],"enable_review":"","type":"","name":"","summary":"","brand":"","sku":"","good":[],"bad":[],"score_override":"","override_value":"","rating":[],"price":[],"jnews_override_counter":[],"jnews_post_split":[],"jnews_podcast_option":[],"jnews_podcast_series":[],"footnotes":""},"categories":[34],"tags":[831,53],"jnews-series":[],"ppma_author":[830],"class_list":["post-6139","post","type-post","status-publish","format-standard","has-post-thumbnail","hentry","category-nacionales","tag-destacada","tag-narcotrafico"],"yoast_head":"<!-- This site is optimized with the Yoast SEO plugin v27.5 - https:\/\/yoast.com\/product\/yoast-seo-wordpress\/ -->\n<title>Quema de archivos: Asesinan a empleada de pastor investigado y pr\u00f3fugo - Informate Py Creemos en la libertad de expresi\u00f3n y en la capacidad de la gente de reflexionar\u00a0por\u00a0si\u00a0misma<\/title>\n<meta name=\"robots\" content=\"index, follow, max-snippet:-1, max-image-preview:large, max-video-preview:-1\" \/>\n<link rel=\"canonical\" href=\"https:\/\/informatepy.com\/2024\/2022\/03\/02\/quema-de-archivos-asesinan-a-empleada-de-pastor-investigado-y-profugo\/\" \/>\n<meta property=\"og:locale\" content=\"es_ES\" \/>\n<meta property=\"og:type\" content=\"article\" \/>\n<meta property=\"og:title\" content=\"Quema de archivos: Asesinan a empleada de pastor investigado y pr\u00f3fugo - Informate Py Creemos en la libertad de expresi\u00f3n y en la capacidad de la gente de reflexionar\u00a0por\u00a0si\u00a0misma\" \/>\n<meta property=\"og:description\" content=\"La Polic\u00eda Nacional report\u00f3 el asesinato de F\u00e1tima Liliana Rejala Cabrera, de 39 a\u00f1os, en\u00a0Mariano Roque Alonso, Departamento Central. La mujer ser\u00eda ni\u00f1era en una de las viviendas del clan del pastor Jos\u00e9 Insfr\u00e1n, quien est\u00e1 actualmente pr\u00f3fugo y es investigado en el marco del\u00a0Operativo A Ultranza\u00a0PY por supuesto lavado de dinero producto del\u00a0narcotr\u00e1fico. Rejala [&hellip;]\" \/>\n<meta property=\"og:url\" content=\"https:\/\/informatepy.com\/2024\/2022\/03\/02\/quema-de-archivos-asesinan-a-empleada-de-pastor-investigado-y-profugo\/\" \/>\n<meta property=\"og:site_name\" content=\"Informate Py Creemos en la libertad de expresi\u00f3n y en la capacidad de la gente de reflexionar\u00a0por\u00a0si\u00a0misma\" \/>\n<meta property=\"article:author\" content=\"https:\/\/www.facebook.com\/InformatePyCom\" \/>\n<meta property=\"article:published_time\" content=\"2022-03-02T08:50:00+00:00\" \/>\n<meta property=\"og:image\" content=\"https:\/\/i0.wp.com\/informatepy.com\/2024\/wp-content\/uploads\/2022\/03\/vivienda-asesinada.jpg?fit=730%2C395&ssl=1\" \/>\n\t<meta property=\"og:image:width\" content=\"730\" \/>\n\t<meta property=\"og:image:height\" content=\"395\" \/>\n\t<meta property=\"og:image:type\" content=\"image\/jpeg\" \/>\n<meta name=\"author\" content=\"Redacci\u00f3n\" \/>\n<meta name=\"twitter:card\" content=\"summary_large_image\" \/>\n<meta name=\"twitter:creator\" content=\"@https:\/\/twitter.com\/InformatePy1\" \/>\n<meta name=\"twitter:label1\" content=\"Escrito por\" \/>\n\t<meta name=\"twitter:data1\" content=\"Redacci\u00f3n\" \/>\n\t<meta name=\"twitter:label2\" content=\"Tiempo de lectura\" \/>\n\t<meta name=\"twitter:data2\" content=\"1 minuto\" \/>\n<script type=\"application\/ld+json\" class=\"yoast-schema-graph\">{\"@context\":\"https:\\\/\\\/schema.org\",\"@graph\":[{\"@type\":\"Article\",\"@id\":\"https:\\\/\\\/informatepy.com\\\/2024\\\/2022\\\/03\\\/02\\\/quema-de-archivos-asesinan-a-empleada-de-pastor-investigado-y-profugo\\\/#article\",\"isPartOf\":{\"@id\":\"https:\\\/\\\/informatepy.com\\\/2024\\\/2022\\\/03\\\/02\\\/quema-de-archivos-asesinan-a-empleada-de-pastor-investigado-y-profugo\\\/\"},\"author\":{\"name\":\"Redacci\u00f3n\",\"@id\":\"https:\\\/\\\/informatepy.com\\\/2024\\\/#\\\/schema\\\/person\\\/98728344b91c548ef8544c80daf58463\"},\"headline\":\"Quema de archivos: Asesinan a empleada de pastor investigado y pr\u00f3fugo\",\"datePublished\":\"2022-03-02T08:50:00+00:00\",\"mainEntityOfPage\":{\"@id\":\"https:\\\/\\\/informatepy.com\\\/2024\\\/2022\\\/03\\\/02\\\/quema-de-archivos-asesinan-a-empleada-de-pastor-investigado-y-profugo\\\/\"},\"wordCount\":179,\"publisher\":{\"@id\":\"https:\\\/\\\/informatepy.com\\\/2024\\\/#organization\"},\"image\":{\"@id\":\"https:\\\/\\\/informatepy.com\\\/2024\\\/2022\\\/03\\\/02\\\/quema-de-archivos-asesinan-a-empleada-de-pastor-investigado-y-profugo\\\/#primaryimage\"},\"thumbnailUrl\":\"https:\\\/\\\/i0.wp.com\\\/informatepy.com\\\/2024\\\/wp-content\\\/uploads\\\/2022\\\/03\\\/vivienda-asesinada.jpg?fit=730%2C395&ssl=1\",\"keywords\":[\"destacada\",\"narcotrafico\"],\"articleSection\":[\"Nacionales\"],\"inLanguage\":\"es\"},{\"@type\":\"WebPage\",\"@id\":\"https:\\\/\\\/informatepy.com\\\/2024\\\/2022\\\/03\\\/02\\\/quema-de-archivos-asesinan-a-empleada-de-pastor-investigado-y-profugo\\\/\",\"url\":\"https:\\\/\\\/informatepy.com\\\/2024\\\/2022\\\/03\\\/02\\\/quema-de-archivos-asesinan-a-empleada-de-pastor-investigado-y-profugo\\\/\",\"name\":\"Quema de archivos: Asesinan a empleada de pastor investigado y pr\u00f3fugo - Informate Py Creemos en la libertad de expresi\u00f3n y en la capacidad de la gente de reflexionar\u00a0por\u00a0si\u00a0misma\",\"isPartOf\":{\"@id\":\"https:\\\/\\\/informatepy.com\\\/2024\\\/#website\"},\"primaryImageOfPage\":{\"@id\":\"https:\\\/\\\/informatepy.com\\\/2024\\\/2022\\\/03\\\/02\\\/quema-de-archivos-asesinan-a-empleada-de-pastor-investigado-y-profugo\\\/#primaryimage\"},\"image\":{\"@id\":\"https:\\\/\\\/informatepy.com\\\/2024\\\/2022\\\/03\\\/02\\\/quema-de-archivos-asesinan-a-empleada-de-pastor-investigado-y-profugo\\\/#primaryimage\"},\"thumbnailUrl\":\"https:\\\/\\\/i0.wp.com\\\/informatepy.com\\\/2024\\\/wp-content\\\/uploads\\\/2022\\\/03\\\/vivienda-asesinada.jpg?fit=730%2C395&ssl=1\",\"datePublished\":\"2022-03-02T08:50:00+00:00\",\"breadcrumb\":{\"@id\":\"https:\\\/\\\/informatepy.com\\\/2024\\\/2022\\\/03\\\/02\\\/quema-de-archivos-asesinan-a-empleada-de-pastor-investigado-y-profugo\\\/#breadcrumb\"},\"inLanguage\":\"es\",\"potentialAction\":[{\"@type\":\"ReadAction\",\"target\":[\"https:\\\/\\\/informatepy.com\\\/2024\\\/2022\\\/03\\\/02\\\/quema-de-archivos-asesinan-a-empleada-de-pastor-investigado-y-profugo\\\/\"]}]},{\"@type\":\"ImageObject\",\"inLanguage\":\"es\",\"@id\":\"https:\\\/\\\/informatepy.com\\\/2024\\\/2022\\\/03\\\/02\\\/quema-de-archivos-asesinan-a-empleada-de-pastor-investigado-y-profugo\\\/#primaryimage\",\"url\":\"https:\\\/\\\/i0.wp.com\\\/informatepy.com\\\/2024\\\/wp-content\\\/uploads\\\/2022\\\/03\\\/vivienda-asesinada.jpg?fit=730%2C395&ssl=1\",\"contentUrl\":\"https:\\\/\\\/i0.wp.com\\\/informatepy.com\\\/2024\\\/wp-content\\\/uploads\\\/2022\\\/03\\\/vivienda-asesinada.jpg?fit=730%2C395&ssl=1\",\"width\":730,\"height\":395},{\"@type\":\"BreadcrumbList\",\"@id\":\"https:\\\/\\\/informatepy.com\\\/2024\\\/2022\\\/03\\\/02\\\/quema-de-archivos-asesinan-a-empleada-de-pastor-investigado-y-profugo\\\/#breadcrumb\",\"itemListElement\":[{\"@type\":\"ListItem\",\"position\":1,\"name\":\"Portada\",\"item\":\"https:\\\/\\\/informatepy.com\\\/2024\\\/\"},{\"@type\":\"ListItem\",\"position\":2,\"name\":\"Quema de archivos: Asesinan a empleada de pastor investigado y pr\u00f3fugo\"}]},{\"@type\":\"WebSite\",\"@id\":\"https:\\\/\\\/informatepy.com\\\/2024\\\/#website\",\"url\":\"https:\\\/\\\/informatepy.com\\\/2024\\\/\",\"name\":\"Informate Py Creemos en la libertad de expresi\u00f3n y en la capacidad de la gente de reflexionar\u00a0por\u00a0si\u00a0misma\",\"description\":\"InformatePy\",\"publisher\":{\"@id\":\"https:\\\/\\\/informatepy.com\\\/2024\\\/#organization\"},\"potentialAction\":[{\"@type\":\"SearchAction\",\"target\":{\"@type\":\"EntryPoint\",\"urlTemplate\":\"https:\\\/\\\/informatepy.com\\\/2024\\\/?s={search_term_string}\"},\"query-input\":{\"@type\":\"PropertyValueSpecification\",\"valueRequired\":true,\"valueName\":\"search_term_string\"}}],\"inLanguage\":\"es\"},{\"@type\":\"Organization\",\"@id\":\"https:\\\/\\\/informatepy.com\\\/2024\\\/#organization\",\"name\":\"Informate Py Creemos en la libertad de expresi\u00f3n y en la capacidad de la gente de reflexionar\u00a0por\u00a0si\u00a0misma\",\"url\":\"https:\\\/\\\/informatepy.com\\\/2024\\\/\",\"logo\":{\"@type\":\"ImageObject\",\"inLanguage\":\"es\",\"@id\":\"https:\\\/\\\/informatepy.com\\\/2024\\\/#\\\/schema\\\/logo\\\/image\\\/\",\"url\":\"https:\\\/\\\/i0.wp.com\\\/informatepy.com\\\/2024\\\/wp-content\\\/uploads\\\/2024\\\/02\\\/Logotipo-sin-fondo-informate-py500.png?fit=500%2C94&ssl=1\",\"contentUrl\":\"https:\\\/\\\/i0.wp.com\\\/informatepy.com\\\/2024\\\/wp-content\\\/uploads\\\/2024\\\/02\\\/Logotipo-sin-fondo-informate-py500.png?fit=500%2C94&ssl=1\",\"width\":500,\"height\":94,\"caption\":\"Informate Py Creemos en la libertad de expresi\u00f3n y en la capacidad de la gente de reflexionar\u00a0por\u00a0si\u00a0misma\"},\"image\":{\"@id\":\"https:\\\/\\\/informatepy.com\\\/2024\\\/#\\\/schema\\\/logo\\\/image\\\/\"}},{\"@type\":\"Person\",\"@id\":\"https:\\\/\\\/informatepy.com\\\/2024\\\/#\\\/schema\\\/person\\\/98728344b91c548ef8544c80daf58463\",\"name\":\"Redacci\u00f3n\",\"image\":{\"@type\":\"ImageObject\",\"inLanguage\":\"es\",\"@id\":\"https:\\\/\\\/informatepy.com\\\/2024\\\/wp-content\\\/uploads\\\/2024\\\/02\\\/cropped-Isologo-sin-fondo.png9c354f01c536b2d49dbb929e96603401\",\"url\":\"https:\\\/\\\/informatepy.com\\\/2024\\\/wp-content\\\/uploads\\\/2024\\\/02\\\/cropped-Isologo-sin-fondo.png\",\"contentUrl\":\"https:\\\/\\\/informatepy.com\\\/2024\\\/wp-content\\\/uploads\\\/2024\\\/02\\\/cropped-Isologo-sin-fondo.png\",\"caption\":\"Redacci\u00f3n\"},\"sameAs\":[\"https:\\\/\\\/www.facebook.com\\\/InformatePyCom\",\"https:\\\/\\\/x.com\\\/https:\\\/\\\/twitter.com\\\/InformatePy1\"],\"url\":\"https:\\\/\\\/informatepy.com\\\/2024\\\/author\\\/redaccion\\\/\"}]}<\/script>\n<!-- \/ Yoast SEO plugin. -->","yoast_head_json":{"title":"Quema de archivos: Asesinan a empleada de pastor investigado y pr\u00f3fugo - Informate Py Creemos en la libertad de expresi\u00f3n y en la capacidad de la gente de reflexionar\u00a0por\u00a0si\u00a0misma","robots":{"index":"index","follow":"follow","max-snippet":"max-snippet:-1","max-image-preview":"max-image-preview:large","max-video-preview":"max-video-preview:-1"},"canonical":"https:\/\/informatepy.com\/2024\/2022\/03\/02\/quema-de-archivos-asesinan-a-empleada-de-pastor-investigado-y-profugo\/","og_locale":"es_ES","og_type":"article","og_title":"Quema de archivos: Asesinan a empleada de pastor investigado y pr\u00f3fugo - Informate Py Creemos en la libertad de expresi\u00f3n y en la capacidad de la gente de reflexionar\u00a0por\u00a0si\u00a0misma","og_description":"La Polic\u00eda Nacional report\u00f3 el asesinato de F\u00e1tima Liliana Rejala Cabrera, de 39 a\u00f1os, en\u00a0Mariano Roque Alonso, Departamento Central. La mujer ser\u00eda ni\u00f1era en una de las viviendas del clan del pastor Jos\u00e9 Insfr\u00e1n, quien est\u00e1 actualmente pr\u00f3fugo y es investigado en el marco del\u00a0Operativo A Ultranza\u00a0PY por supuesto lavado de dinero producto del\u00a0narcotr\u00e1fico. Rejala [&hellip;]","og_url":"https:\/\/informatepy.com\/2024\/2022\/03\/02\/quema-de-archivos-asesinan-a-empleada-de-pastor-investigado-y-profugo\/","og_site_name":"Informate Py Creemos en la libertad de expresi\u00f3n y en la capacidad de la gente de reflexionar\u00a0por\u00a0si\u00a0misma","article_author":"https:\/\/www.facebook.com\/InformatePyCom","article_published_time":"2022-03-02T08:50:00+00:00","og_image":[{"width":730,"height":395,"url":"https:\/\/i0.wp.com\/informatepy.com\/2024\/wp-content\/uploads\/2022\/03\/vivienda-asesinada.jpg?fit=730%2C395&ssl=1","type":"image\/jpeg"}],"author":"Redacci\u00f3n","twitter_card":"summary_large_image","twitter_creator":"@https:\/\/twitter.com\/InformatePy1","twitter_misc":{"Escrito por":"Redacci\u00f3n","Tiempo de lectura":"1 minuto"},"schema":{"@context":"https:\/\/schema.org","@graph":[{"@type":"Article","@id":"https:\/\/informatepy.com\/2024\/2022\/03\/02\/quema-de-archivos-asesinan-a-empleada-de-pastor-investigado-y-profugo\/#article","isPartOf":{"@id":"https:\/\/informatepy.com\/2024\/2022\/03\/02\/quema-de-archivos-asesinan-a-empleada-de-pastor-investigado-y-profugo\/"},"author":{"name":"Redacci\u00f3n","@id":"https:\/\/informatepy.com\/2024\/#\/schema\/person\/98728344b91c548ef8544c80daf58463"},"headline":"Quema de archivos: Asesinan a empleada de pastor investigado y pr\u00f3fugo","datePublished":"2022-03-02T08:50:00+00:00","mainEntityOfPage":{"@id":"https:\/\/informatepy.com\/2024\/2022\/03\/02\/quema-de-archivos-asesinan-a-empleada-de-pastor-investigado-y-profugo\/"},"wordCount":179,"publisher":{"@id":"https:\/\/informatepy.com\/2024\/#organization"},"image":{"@id":"https:\/\/informatepy.com\/2024\/2022\/03\/02\/quema-de-archivos-asesinan-a-empleada-de-pastor-investigado-y-profugo\/#primaryimage"},"thumbnailUrl":"https:\/\/i0.wp.com\/informatepy.com\/2024\/wp-content\/uploads\/2022\/03\/vivienda-asesinada.jpg?fit=730%2C395&ssl=1","keywords":["destacada","narcotrafico"],"articleSection":["Nacionales"],"inLanguage":"es"},{"@type":"WebPage","@id":"https:\/\/informatepy.com\/2024\/2022\/03\/02\/quema-de-archivos-asesinan-a-empleada-de-pastor-investigado-y-profugo\/","url":"https:\/\/informatepy.com\/2024\/2022\/03\/02\/quema-de-archivos-asesinan-a-empleada-de-pastor-investigado-y-profugo\/","name":"Quema de archivos: Asesinan a empleada de pastor investigado y pr\u00f3fugo - Informate Py Creemos en la libertad de expresi\u00f3n y en la capacidad de la gente de reflexionar\u00a0por\u00a0si\u00a0misma","isPartOf":{"@id":"https:\/\/informatepy.com\/2024\/#website"},"primaryImageOfPage":{"@id":"https:\/\/informatepy.com\/2024\/2022\/03\/02\/quema-de-archivos-asesinan-a-empleada-de-pastor-investigado-y-profugo\/#primaryimage"},"image":{"@id":"https:\/\/informatepy.com\/2024\/2022\/03\/02\/quema-de-archivos-asesinan-a-empleada-de-pastor-investigado-y-profugo\/#primaryimage"},"thumbnailUrl":"https:\/\/i0.wp.com\/informatepy.com\/2024\/wp-content\/uploads\/2022\/03\/vivienda-asesinada.jpg?fit=730%2C395&ssl=1","datePublished":"2022-03-02T08:50:00+00:00","breadcrumb":{"@id":"https:\/\/informatepy.com\/2024\/2022\/03\/02\/quema-de-archivos-asesinan-a-empleada-de-pastor-investigado-y-profugo\/#breadcrumb"},"inLanguage":"es","potentialAction":[{"@type":"ReadAction","target":["https:\/\/informatepy.com\/2024\/2022\/03\/02\/quema-de-archivos-asesinan-a-empleada-de-pastor-investigado-y-profugo\/"]}]},{"@type":"ImageObject","inLanguage":"es","@id":"https:\/\/informatepy.com\/2024\/2022\/03\/02\/quema-de-archivos-asesinan-a-empleada-de-pastor-investigado-y-profugo\/#primaryimage","url":"https:\/\/i0.wp.com\/informatepy.com\/2024\/wp-content\/uploads\/2022\/03\/vivienda-asesinada.jpg?fit=730%2C395&ssl=1","contentUrl":"https:\/\/i0.wp.com\/informatepy.com\/2024\/wp-content\/uploads\/2022\/03\/vivienda-asesinada.jpg?fit=730%2C395&ssl=1","width":730,"height":395},{"@type":"BreadcrumbList","@id":"https:\/\/informatepy.com\/2024\/2022\/03\/02\/quema-de-archivos-asesinan-a-empleada-de-pastor-investigado-y-profugo\/#breadcrumb","itemListElement":[{"@type":"ListItem","position":1,"name":"Portada","item":"https:\/\/informatepy.com\/2024\/"},{"@type":"ListItem","position":2,"name":"Quema de archivos: Asesinan a empleada de pastor investigado y pr\u00f3fugo"}]},{"@type":"WebSite","@id":"https:\/\/informatepy.com\/2024\/#website","url":"https:\/\/informatepy.com\/2024\/","name":"Informate Py Creemos en la libertad de expresi\u00f3n y en la capacidad de la gente de reflexionar\u00a0por\u00a0si\u00a0misma","description":"InformatePy","publisher":{"@id":"https:\/\/informatepy.com\/2024\/#organization"},"potentialAction":[{"@type":"SearchAction","target":{"@type":"EntryPoint","urlTemplate":"https:\/\/informatepy.com\/2024\/?s={search_term_string}"},"query-input":{"@type":"PropertyValueSpecification","valueRequired":true,"valueName":"search_term_string"}}],"inLanguage":"es"},{"@type":"Organization","@id":"https:\/\/informatepy.com\/2024\/#organization","name":"Informate Py Creemos en la libertad de expresi\u00f3n y en la capacidad de la gente de reflexionar\u00a0por\u00a0si\u00a0misma","url":"https:\/\/informatepy.com\/2024\/","logo":{"@type":"ImageObject","inLanguage":"es","@id":"https:\/\/informatepy.com\/2024\/#\/schema\/logo\/image\/","url":"https:\/\/i0.wp.com\/informatepy.com\/2024\/wp-content\/uploads\/2024\/02\/Logotipo-sin-fondo-informate-py500.png?fit=500%2C94&ssl=1","contentUrl":"https:\/\/i0.wp.com\/informatepy.com\/2024\/wp-content\/uploads\/2024\/02\/Logotipo-sin-fondo-informate-py500.png?fit=500%2C94&ssl=1","width":500,"height":94,"caption":"Informate Py Creemos en la libertad de expresi\u00f3n y en la capacidad de la gente de reflexionar\u00a0por\u00a0si\u00a0misma"},"image":{"@id":"https:\/\/informatepy.com\/2024\/#\/schema\/logo\/image\/"}},{"@type":"Person","@id":"https:\/\/informatepy.com\/2024\/#\/schema\/person\/98728344b91c548ef8544c80daf58463","name":"Redacci\u00f3n","image":{"@type":"ImageObject","inLanguage":"es","@id":"https:\/\/informatepy.com\/2024\/wp-content\/uploads\/2024\/02\/cropped-Isologo-sin-fondo.png9c354f01c536b2d49dbb929e96603401","url":"https:\/\/informatepy.com\/2024\/wp-content\/uploads\/2024\/02\/cropped-Isologo-sin-fondo.png","contentUrl":"https:\/\/informatepy.com\/2024\/wp-content\/uploads\/2024\/02\/cropped-Isologo-sin-fondo.png","caption":"Redacci\u00f3n"},"sameAs":["https:\/\/www.facebook.com\/InformatePyCom","https:\/\/x.com\/https:\/\/twitter.com\/InformatePy1"],"url":"https:\/\/informatepy.com\/2024\/author\/redaccion\/"}]}},"jetpack_featured_media_url":"https:\/\/i0.wp.com\/informatepy.com\/2024\/wp-content\/uploads\/2022\/03\/vivienda-asesinada.jpg?fit=730%2C395&ssl=1","jetpack-related-posts":[],"jetpack_sharing_enabled":true,"authors":[{"term_id":830,"user_id":3,"is_guest":0,"slug":"redaccion","display_name":"Redacci\u00f3n","avatar_url":{"url":"https:\/\/informatepy.com\/2024\/wp-content\/uploads\/2024\/02\/cropped-Isologo-sin-fondo.png","url2x":"https:\/\/informatepy.com\/2024\/wp-content\/uploads\/2024\/02\/cropped-Isologo-sin-fondo.png"},"author_category":"1","first_name":"Redacci\u00f3n","last_name":"","user_url":"","job_title":"","description":""}],"_links":{"self":[{"href":"https:\/\/informatepy.com\/2024\/wp-json\/wp\/v2\/posts\/6139","targetHints":{"allow":["GET"]}}],"collection":[{"href":"https:\/\/informatepy.com\/2024\/wp-json\/wp\/v2\/posts"}],"about":[{"href":"https:\/\/informatepy.com\/2024\/wp-json\/wp\/v2\/types\/post"}],"author":[{"embeddable":true,"href":"https:\/\/informatepy.com\/2024\/wp-json\/wp\/v2\/users\/3"}],"replies":[{"embeddable":true,"href":"https:\/\/informatepy.com\/2024\/wp-json\/wp\/v2\/comments?post=6139"}],"version-history":[{"count":0,"href":"https:\/\/informatepy.com\/2024\/wp-json\/wp\/v2\/posts\/6139\/revisions"}],"wp:featuredmedia":[{"embeddable":true,"href":"https:\/\/informatepy.com\/2024\/wp-json\/wp\/v2\/media\/6140"}],"wp:attachment":[{"href":"https:\/\/informatepy.com\/2024\/wp-json\/wp\/v2\/media?parent=6139"}],"wp:term":[{"taxonomy":"category","embeddable":true,"href":"https:\/\/informatepy.com\/2024\/wp-json\/wp\/v2\/categories?post=6139"},{"taxonomy":"post_tag","embeddable":true,"href":"https:\/\/informatepy.com\/2024\/wp-json\/wp\/v2\/tags?post=6139"},{"taxonomy":"jnews-series","embeddable":true,"href":"https:\/\/informatepy.com\/2024\/wp-json\/wp\/v2\/jnews-series?post=6139"},{"taxonomy":"author","embeddable":true,"href":"https:\/\/informatepy.com\/2024\/wp-json\/wp\/v2\/ppma_author?post=6139"}],"curies":[{"name":"wp","href":"https:\/\/api.w.org\/{rel}","templated":true}]}}