{"id":6069,"date":"2022-02-23T11:00:00","date_gmt":"2022-02-23T10:00:00","guid":{"rendered":"https:\/\/informatepy.com\/2024\/2022\/02\/23\/velazquez-considera-a-carla-bacigalupo-tiene-las-condiciones-para-ser-mi-vicepresidenta\/"},"modified":"2022-02-23T11:00:00","modified_gmt":"2022-02-23T10:00:00","slug":"velazquez-considera-a-carla-bacigalupo-tiene-las-condiciones-para-ser-mi-vicepresidenta","status":"publish","type":"post","link":"https:\/\/informatepy.com\/2024\/2022\/02\/23\/velazquez-considera-a-carla-bacigalupo-tiene-las-condiciones-para-ser-mi-vicepresidenta\/","title":{"rendered":"Vel\u00e1zquez considera a Carla Bacigalupo: \u00abTiene las condiciones para ser mi vicepresidenta\u201d"},"content":{"rendered":"\n<p class=\"has-text-align-justify\">El vicepresidente de la Rep\u00fablica y precandidato a la Presidencia Hugo Vel\u00e1zquez en su discurso en el Encuentro por el d\u00eda de la mujer paraguaya del Movimiento Fuerza Republicana en Hotel Exc\u00e9lsior, afirm\u00f3 que Carla Bacigalupo <em><strong>\u00abtiene las condiciones para ser mi vicepresidenta\u00bb<\/strong><\/em>.<\/p>\n\n\n\n<p class=\"has-text-align-justify\">Por otra parte, garantiz\u00f3 que no permitir\u00e1n que una persona o un grupo de personas someta a las instituciones republicanas y <strong><em>\u201csigan sosteniendo sus privilegios\u201d<\/em><\/strong>.<\/p>\n","protected":false},"excerpt":{"rendered":"<p>El vicepresidente de la Rep\u00fablica y precandidato a la Presidencia Hugo Vel\u00e1zquez en su discurso en el Encuentro por el d\u00eda de la mujer paraguaya del Movimiento Fuerza Republicana en Hotel Exc\u00e9lsior, afirm\u00f3 que Carla Bacigalupo \u00abtiene las condiciones para ser mi vicepresidenta\u00bb. Por otra parte, garantiz\u00f3 que no permitir\u00e1n que una persona o un [&hellip;]<\/p>\n","protected":false},"author":3,"featured_media":6070,"comment_status":"closed","ping_status":"open","sticky":false,"template":"","format":"standard","meta":{"_jetpack_memberships_contains_paid_content":false,"jnews-multi-image_gallery":[],"jnews_single_post":[],"jnews_primary_category":[],"jnews_override_bookmark_settings":[],"jnews_food_recipe":[],"enable_food_recipe":"","food_recipe_title":"","food_recipe_description":"","food_recipe_serve":"","food_recipe_time":"","food_recipe_prep":"","food_recipe_level":"","food_recipe_keywords":"","food_recipe_category":"","food_recipe_cuisine":"","food_recipe_yield":"","food_recipe_calories":"","enable_print_recipe":"","ingredient":[],"instruction":"","jnews_social_meta":[],"jnews_paywall_metabox":[],"jnews_review":[],"enable_review":"","type":"","name":"","summary":"","brand":"","sku":"","good":[],"bad":[],"score_override":"","override_value":"","rating":[],"price":[],"jnews_override_counter":[],"jnews_post_split":[],"jnews_podcast_option":[],"jnews_podcast_series":[],"footnotes":""},"categories":[34],"tags":[138,455,831,516,286],"jnews-series":[],"ppma_author":[830],"class_list":["post-6069","post","type-post","status-publish","format-standard","has-post-thumbnail","hentry","category-nacionales","tag-anr","tag-carla-bacigalupo","tag-destacada","tag-hugo-velazquez","tag-partido-colorado"],"yoast_head":"<!-- This site is optimized with the Yoast SEO plugin v27.4 - https:\/\/yoast.com\/product\/yoast-seo-wordpress\/ -->\n<title>Vel\u00e1zquez considera a Carla Bacigalupo: &quot;Tiene las condiciones para ser mi vicepresidenta\u201d - Informate Py Creemos en la libertad de expresi\u00f3n y en la capacidad de la gente de reflexionar\u00a0por\u00a0si\u00a0misma<\/title>\n<meta name=\"robots\" content=\"index, follow, max-snippet:-1, max-image-preview:large, max-video-preview:-1\" \/>\n<link rel=\"canonical\" href=\"https:\/\/informatepy.com\/2024\/2022\/02\/23\/velazquez-considera-a-carla-bacigalupo-tiene-las-condiciones-para-ser-mi-vicepresidenta\/\" \/>\n<meta property=\"og:locale\" content=\"es_ES\" \/>\n<meta property=\"og:type\" content=\"article\" \/>\n<meta property=\"og:title\" content=\"Vel\u00e1zquez considera a Carla Bacigalupo: &quot;Tiene las condiciones para ser mi vicepresidenta\u201d - Informate Py Creemos en la libertad de expresi\u00f3n y en la capacidad de la gente de reflexionar\u00a0por\u00a0si\u00a0misma\" \/>\n<meta property=\"og:description\" content=\"El vicepresidente de la Rep\u00fablica y precandidato a la Presidencia Hugo Vel\u00e1zquez en su discurso en el Encuentro por el d\u00eda de la mujer paraguaya del Movimiento Fuerza Republicana en Hotel Exc\u00e9lsior, afirm\u00f3 que Carla Bacigalupo \u00abtiene las condiciones para ser mi vicepresidenta\u00bb. Por otra parte, garantiz\u00f3 que no permitir\u00e1n que una persona o un [&hellip;]\" \/>\n<meta property=\"og:url\" content=\"https:\/\/informatepy.com\/2024\/2022\/02\/23\/velazquez-considera-a-carla-bacigalupo-tiene-las-condiciones-para-ser-mi-vicepresidenta\/\" \/>\n<meta property=\"og:site_name\" content=\"Informate Py Creemos en la libertad de expresi\u00f3n y en la capacidad de la gente de reflexionar\u00a0por\u00a0si\u00a0misma\" \/>\n<meta property=\"article:author\" content=\"https:\/\/www.facebook.com\/InformatePyCom\" \/>\n<meta property=\"article:published_time\" content=\"2022-02-23T10:00:00+00:00\" \/>\n<meta property=\"og:image\" content=\"https:\/\/i0.wp.com\/informatepy.com\/2024\/wp-content\/uploads\/2022\/02\/carla-bacigalupo-1.jpg?fit=900%2C612&ssl=1\" \/>\n\t<meta property=\"og:image:width\" content=\"900\" \/>\n\t<meta property=\"og:image:height\" content=\"612\" \/>\n\t<meta property=\"og:image:type\" content=\"image\/jpeg\" \/>\n<meta name=\"author\" content=\"Redacci\u00f3n\" \/>\n<meta name=\"twitter:card\" content=\"summary_large_image\" \/>\n<meta name=\"twitter:creator\" content=\"@https:\/\/twitter.com\/InformatePy1\" \/>\n<meta name=\"twitter:label1\" content=\"Escrito por\" \/>\n\t<meta name=\"twitter:data1\" content=\"Redacci\u00f3n\" \/>\n<script type=\"application\/ld+json\" class=\"yoast-schema-graph\">{\"@context\":\"https:\\\/\\\/schema.org\",\"@graph\":[{\"@type\":\"Article\",\"@id\":\"https:\\\/\\\/informatepy.com\\\/2024\\\/2022\\\/02\\\/23\\\/velazquez-considera-a-carla-bacigalupo-tiene-las-condiciones-para-ser-mi-vicepresidenta\\\/#article\",\"isPartOf\":{\"@id\":\"https:\\\/\\\/informatepy.com\\\/2024\\\/2022\\\/02\\\/23\\\/velazquez-considera-a-carla-bacigalupo-tiene-las-condiciones-para-ser-mi-vicepresidenta\\\/\"},\"author\":{\"name\":\"Redacci\u00f3n\",\"@id\":\"https:\\\/\\\/informatepy.com\\\/2024\\\/#\\\/schema\\\/person\\\/98728344b91c548ef8544c80daf58463\"},\"headline\":\"Vel\u00e1zquez considera a Carla Bacigalupo: \u00abTiene las condiciones para ser mi vicepresidenta\u201d\",\"datePublished\":\"2022-02-23T10:00:00+00:00\",\"mainEntityOfPage\":{\"@id\":\"https:\\\/\\\/informatepy.com\\\/2024\\\/2022\\\/02\\\/23\\\/velazquez-considera-a-carla-bacigalupo-tiene-las-condiciones-para-ser-mi-vicepresidenta\\\/\"},\"wordCount\":86,\"publisher\":{\"@id\":\"https:\\\/\\\/informatepy.com\\\/2024\\\/#organization\"},\"image\":{\"@id\":\"https:\\\/\\\/informatepy.com\\\/2024\\\/2022\\\/02\\\/23\\\/velazquez-considera-a-carla-bacigalupo-tiene-las-condiciones-para-ser-mi-vicepresidenta\\\/#primaryimage\"},\"thumbnailUrl\":\"https:\\\/\\\/i0.wp.com\\\/informatepy.com\\\/2024\\\/wp-content\\\/uploads\\\/2022\\\/02\\\/carla-bacigalupo-1.jpg?fit=900%2C612&ssl=1\",\"keywords\":[\"anr\",\"carla bacigalupo\",\"destacada\",\"hugo velazquez\",\"partido colorado\"],\"articleSection\":[\"Nacionales\"],\"inLanguage\":\"es\"},{\"@type\":\"WebPage\",\"@id\":\"https:\\\/\\\/informatepy.com\\\/2024\\\/2022\\\/02\\\/23\\\/velazquez-considera-a-carla-bacigalupo-tiene-las-condiciones-para-ser-mi-vicepresidenta\\\/\",\"url\":\"https:\\\/\\\/informatepy.com\\\/2024\\\/2022\\\/02\\\/23\\\/velazquez-considera-a-carla-bacigalupo-tiene-las-condiciones-para-ser-mi-vicepresidenta\\\/\",\"name\":\"Vel\u00e1zquez considera a Carla Bacigalupo: \\\"Tiene las condiciones para ser mi vicepresidenta\u201d - Informate Py Creemos en la libertad de expresi\u00f3n y en la capacidad de la gente de reflexionar\u00a0por\u00a0si\u00a0misma\",\"isPartOf\":{\"@id\":\"https:\\\/\\\/informatepy.com\\\/2024\\\/#website\"},\"primaryImageOfPage\":{\"@id\":\"https:\\\/\\\/informatepy.com\\\/2024\\\/2022\\\/02\\\/23\\\/velazquez-considera-a-carla-bacigalupo-tiene-las-condiciones-para-ser-mi-vicepresidenta\\\/#primaryimage\"},\"image\":{\"@id\":\"https:\\\/\\\/informatepy.com\\\/2024\\\/2022\\\/02\\\/23\\\/velazquez-considera-a-carla-bacigalupo-tiene-las-condiciones-para-ser-mi-vicepresidenta\\\/#primaryimage\"},\"thumbnailUrl\":\"https:\\\/\\\/i0.wp.com\\\/informatepy.com\\\/2024\\\/wp-content\\\/uploads\\\/2022\\\/02\\\/carla-bacigalupo-1.jpg?fit=900%2C612&ssl=1\",\"datePublished\":\"2022-02-23T10:00:00+00:00\",\"breadcrumb\":{\"@id\":\"https:\\\/\\\/informatepy.com\\\/2024\\\/2022\\\/02\\\/23\\\/velazquez-considera-a-carla-bacigalupo-tiene-las-condiciones-para-ser-mi-vicepresidenta\\\/#breadcrumb\"},\"inLanguage\":\"es\",\"potentialAction\":[{\"@type\":\"ReadAction\",\"target\":[\"https:\\\/\\\/informatepy.com\\\/2024\\\/2022\\\/02\\\/23\\\/velazquez-considera-a-carla-bacigalupo-tiene-las-condiciones-para-ser-mi-vicepresidenta\\\/\"]}]},{\"@type\":\"ImageObject\",\"inLanguage\":\"es\",\"@id\":\"https:\\\/\\\/informatepy.com\\\/2024\\\/2022\\\/02\\\/23\\\/velazquez-considera-a-carla-bacigalupo-tiene-las-condiciones-para-ser-mi-vicepresidenta\\\/#primaryimage\",\"url\":\"https:\\\/\\\/i0.wp.com\\\/informatepy.com\\\/2024\\\/wp-content\\\/uploads\\\/2022\\\/02\\\/carla-bacigalupo-1.jpg?fit=900%2C612&ssl=1\",\"contentUrl\":\"https:\\\/\\\/i0.wp.com\\\/informatepy.com\\\/2024\\\/wp-content\\\/uploads\\\/2022\\\/02\\\/carla-bacigalupo-1.jpg?fit=900%2C612&ssl=1\",\"width\":900,\"height\":612},{\"@type\":\"BreadcrumbList\",\"@id\":\"https:\\\/\\\/informatepy.com\\\/2024\\\/2022\\\/02\\\/23\\\/velazquez-considera-a-carla-bacigalupo-tiene-las-condiciones-para-ser-mi-vicepresidenta\\\/#breadcrumb\",\"itemListElement\":[{\"@type\":\"ListItem\",\"position\":1,\"name\":\"Portada\",\"item\":\"https:\\\/\\\/informatepy.com\\\/2024\\\/\"},{\"@type\":\"ListItem\",\"position\":2,\"name\":\"Vel\u00e1zquez considera a Carla Bacigalupo: \u00abTiene las condiciones para ser mi vicepresidenta\u201d\"}]},{\"@type\":\"WebSite\",\"@id\":\"https:\\\/\\\/informatepy.com\\\/2024\\\/#website\",\"url\":\"https:\\\/\\\/informatepy.com\\\/2024\\\/\",\"name\":\"Informate Py Creemos en la libertad de expresi\u00f3n y en la capacidad de la gente de reflexionar\u00a0por\u00a0si\u00a0misma\",\"description\":\"InformatePy\",\"publisher\":{\"@id\":\"https:\\\/\\\/informatepy.com\\\/2024\\\/#organization\"},\"potentialAction\":[{\"@type\":\"SearchAction\",\"target\":{\"@type\":\"EntryPoint\",\"urlTemplate\":\"https:\\\/\\\/informatepy.com\\\/2024\\\/?s={search_term_string}\"},\"query-input\":{\"@type\":\"PropertyValueSpecification\",\"valueRequired\":true,\"valueName\":\"search_term_string\"}}],\"inLanguage\":\"es\"},{\"@type\":\"Organization\",\"@id\":\"https:\\\/\\\/informatepy.com\\\/2024\\\/#organization\",\"name\":\"Informate Py Creemos en la libertad de expresi\u00f3n y en la capacidad de la gente de reflexionar\u00a0por\u00a0si\u00a0misma\",\"url\":\"https:\\\/\\\/informatepy.com\\\/2024\\\/\",\"logo\":{\"@type\":\"ImageObject\",\"inLanguage\":\"es\",\"@id\":\"https:\\\/\\\/informatepy.com\\\/2024\\\/#\\\/schema\\\/logo\\\/image\\\/\",\"url\":\"https:\\\/\\\/i0.wp.com\\\/informatepy.com\\\/2024\\\/wp-content\\\/uploads\\\/2024\\\/02\\\/Logotipo-sin-fondo-informate-py500.png?fit=500%2C94&ssl=1\",\"contentUrl\":\"https:\\\/\\\/i0.wp.com\\\/informatepy.com\\\/2024\\\/wp-content\\\/uploads\\\/2024\\\/02\\\/Logotipo-sin-fondo-informate-py500.png?fit=500%2C94&ssl=1\",\"width\":500,\"height\":94,\"caption\":\"Informate Py Creemos en la libertad de expresi\u00f3n y en la capacidad de la gente de reflexionar\u00a0por\u00a0si\u00a0misma\"},\"image\":{\"@id\":\"https:\\\/\\\/informatepy.com\\\/2024\\\/#\\\/schema\\\/logo\\\/image\\\/\"}},{\"@type\":\"Person\",\"@id\":\"https:\\\/\\\/informatepy.com\\\/2024\\\/#\\\/schema\\\/person\\\/98728344b91c548ef8544c80daf58463\",\"name\":\"Redacci\u00f3n\",\"image\":{\"@type\":\"ImageObject\",\"inLanguage\":\"es\",\"@id\":\"https:\\\/\\\/informatepy.com\\\/2024\\\/wp-content\\\/uploads\\\/2024\\\/02\\\/cropped-Isologo-sin-fondo.png9c354f01c536b2d49dbb929e96603401\",\"url\":\"https:\\\/\\\/informatepy.com\\\/2024\\\/wp-content\\\/uploads\\\/2024\\\/02\\\/cropped-Isologo-sin-fondo.png\",\"contentUrl\":\"https:\\\/\\\/informatepy.com\\\/2024\\\/wp-content\\\/uploads\\\/2024\\\/02\\\/cropped-Isologo-sin-fondo.png\",\"caption\":\"Redacci\u00f3n\"},\"sameAs\":[\"https:\\\/\\\/www.facebook.com\\\/InformatePyCom\",\"https:\\\/\\\/x.com\\\/https:\\\/\\\/twitter.com\\\/InformatePy1\"],\"url\":\"https:\\\/\\\/informatepy.com\\\/2024\\\/author\\\/redaccion\\\/\"}]}<\/script>\n<!-- \/ Yoast SEO plugin. -->","yoast_head_json":{"title":"Vel\u00e1zquez considera a Carla Bacigalupo: \"Tiene las condiciones para ser mi vicepresidenta\u201d - Informate Py Creemos en la libertad de expresi\u00f3n y en la capacidad de la gente de reflexionar\u00a0por\u00a0si\u00a0misma","robots":{"index":"index","follow":"follow","max-snippet":"max-snippet:-1","max-image-preview":"max-image-preview:large","max-video-preview":"max-video-preview:-1"},"canonical":"https:\/\/informatepy.com\/2024\/2022\/02\/23\/velazquez-considera-a-carla-bacigalupo-tiene-las-condiciones-para-ser-mi-vicepresidenta\/","og_locale":"es_ES","og_type":"article","og_title":"Vel\u00e1zquez considera a Carla Bacigalupo: \"Tiene las condiciones para ser mi vicepresidenta\u201d - Informate Py Creemos en la libertad de expresi\u00f3n y en la capacidad de la gente de reflexionar\u00a0por\u00a0si\u00a0misma","og_description":"El vicepresidente de la Rep\u00fablica y precandidato a la Presidencia Hugo Vel\u00e1zquez en su discurso en el Encuentro por el d\u00eda de la mujer paraguaya del Movimiento Fuerza Republicana en Hotel Exc\u00e9lsior, afirm\u00f3 que Carla Bacigalupo \u00abtiene las condiciones para ser mi vicepresidenta\u00bb. Por otra parte, garantiz\u00f3 que no permitir\u00e1n que una persona o un [&hellip;]","og_url":"https:\/\/informatepy.com\/2024\/2022\/02\/23\/velazquez-considera-a-carla-bacigalupo-tiene-las-condiciones-para-ser-mi-vicepresidenta\/","og_site_name":"Informate Py Creemos en la libertad de expresi\u00f3n y en la capacidad de la gente de reflexionar\u00a0por\u00a0si\u00a0misma","article_author":"https:\/\/www.facebook.com\/InformatePyCom","article_published_time":"2022-02-23T10:00:00+00:00","og_image":[{"width":900,"height":612,"url":"https:\/\/i0.wp.com\/informatepy.com\/2024\/wp-content\/uploads\/2022\/02\/carla-bacigalupo-1.jpg?fit=900%2C612&ssl=1","type":"image\/jpeg"}],"author":"Redacci\u00f3n","twitter_card":"summary_large_image","twitter_creator":"@https:\/\/twitter.com\/InformatePy1","twitter_misc":{"Escrito por":"Redacci\u00f3n"},"schema":{"@context":"https:\/\/schema.org","@graph":[{"@type":"Article","@id":"https:\/\/informatepy.com\/2024\/2022\/02\/23\/velazquez-considera-a-carla-bacigalupo-tiene-las-condiciones-para-ser-mi-vicepresidenta\/#article","isPartOf":{"@id":"https:\/\/informatepy.com\/2024\/2022\/02\/23\/velazquez-considera-a-carla-bacigalupo-tiene-las-condiciones-para-ser-mi-vicepresidenta\/"},"author":{"name":"Redacci\u00f3n","@id":"https:\/\/informatepy.com\/2024\/#\/schema\/person\/98728344b91c548ef8544c80daf58463"},"headline":"Vel\u00e1zquez considera a Carla Bacigalupo: \u00abTiene las condiciones para ser mi vicepresidenta\u201d","datePublished":"2022-02-23T10:00:00+00:00","mainEntityOfPage":{"@id":"https:\/\/informatepy.com\/2024\/2022\/02\/23\/velazquez-considera-a-carla-bacigalupo-tiene-las-condiciones-para-ser-mi-vicepresidenta\/"},"wordCount":86,"publisher":{"@id":"https:\/\/informatepy.com\/2024\/#organization"},"image":{"@id":"https:\/\/informatepy.com\/2024\/2022\/02\/23\/velazquez-considera-a-carla-bacigalupo-tiene-las-condiciones-para-ser-mi-vicepresidenta\/#primaryimage"},"thumbnailUrl":"https:\/\/i0.wp.com\/informatepy.com\/2024\/wp-content\/uploads\/2022\/02\/carla-bacigalupo-1.jpg?fit=900%2C612&ssl=1","keywords":["anr","carla bacigalupo","destacada","hugo velazquez","partido colorado"],"articleSection":["Nacionales"],"inLanguage":"es"},{"@type":"WebPage","@id":"https:\/\/informatepy.com\/2024\/2022\/02\/23\/velazquez-considera-a-carla-bacigalupo-tiene-las-condiciones-para-ser-mi-vicepresidenta\/","url":"https:\/\/informatepy.com\/2024\/2022\/02\/23\/velazquez-considera-a-carla-bacigalupo-tiene-las-condiciones-para-ser-mi-vicepresidenta\/","name":"Vel\u00e1zquez considera a Carla Bacigalupo: \"Tiene las condiciones para ser mi vicepresidenta\u201d - Informate Py Creemos en la libertad de expresi\u00f3n y en la capacidad de la gente de reflexionar\u00a0por\u00a0si\u00a0misma","isPartOf":{"@id":"https:\/\/informatepy.com\/2024\/#website"},"primaryImageOfPage":{"@id":"https:\/\/informatepy.com\/2024\/2022\/02\/23\/velazquez-considera-a-carla-bacigalupo-tiene-las-condiciones-para-ser-mi-vicepresidenta\/#primaryimage"},"image":{"@id":"https:\/\/informatepy.com\/2024\/2022\/02\/23\/velazquez-considera-a-carla-bacigalupo-tiene-las-condiciones-para-ser-mi-vicepresidenta\/#primaryimage"},"thumbnailUrl":"https:\/\/i0.wp.com\/informatepy.com\/2024\/wp-content\/uploads\/2022\/02\/carla-bacigalupo-1.jpg?fit=900%2C612&ssl=1","datePublished":"2022-02-23T10:00:00+00:00","breadcrumb":{"@id":"https:\/\/informatepy.com\/2024\/2022\/02\/23\/velazquez-considera-a-carla-bacigalupo-tiene-las-condiciones-para-ser-mi-vicepresidenta\/#breadcrumb"},"inLanguage":"es","potentialAction":[{"@type":"ReadAction","target":["https:\/\/informatepy.com\/2024\/2022\/02\/23\/velazquez-considera-a-carla-bacigalupo-tiene-las-condiciones-para-ser-mi-vicepresidenta\/"]}]},{"@type":"ImageObject","inLanguage":"es","@id":"https:\/\/informatepy.com\/2024\/2022\/02\/23\/velazquez-considera-a-carla-bacigalupo-tiene-las-condiciones-para-ser-mi-vicepresidenta\/#primaryimage","url":"https:\/\/i0.wp.com\/informatepy.com\/2024\/wp-content\/uploads\/2022\/02\/carla-bacigalupo-1.jpg?fit=900%2C612&ssl=1","contentUrl":"https:\/\/i0.wp.com\/informatepy.com\/2024\/wp-content\/uploads\/2022\/02\/carla-bacigalupo-1.jpg?fit=900%2C612&ssl=1","width":900,"height":612},{"@type":"BreadcrumbList","@id":"https:\/\/informatepy.com\/2024\/2022\/02\/23\/velazquez-considera-a-carla-bacigalupo-tiene-las-condiciones-para-ser-mi-vicepresidenta\/#breadcrumb","itemListElement":[{"@type":"ListItem","position":1,"name":"Portada","item":"https:\/\/informatepy.com\/2024\/"},{"@type":"ListItem","position":2,"name":"Vel\u00e1zquez considera a Carla Bacigalupo: \u00abTiene las condiciones para ser mi vicepresidenta\u201d"}]},{"@type":"WebSite","@id":"https:\/\/informatepy.com\/2024\/#website","url":"https:\/\/informatepy.com\/2024\/","name":"Informate Py Creemos en la libertad de expresi\u00f3n y en la capacidad de la gente de reflexionar\u00a0por\u00a0si\u00a0misma","description":"InformatePy","publisher":{"@id":"https:\/\/informatepy.com\/2024\/#organization"},"potentialAction":[{"@type":"SearchAction","target":{"@type":"EntryPoint","urlTemplate":"https:\/\/informatepy.com\/2024\/?s={search_term_string}"},"query-input":{"@type":"PropertyValueSpecification","valueRequired":true,"valueName":"search_term_string"}}],"inLanguage":"es"},{"@type":"Organization","@id":"https:\/\/informatepy.com\/2024\/#organization","name":"Informate Py Creemos en la libertad de expresi\u00f3n y en la capacidad de la gente de reflexionar\u00a0por\u00a0si\u00a0misma","url":"https:\/\/informatepy.com\/2024\/","logo":{"@type":"ImageObject","inLanguage":"es","@id":"https:\/\/informatepy.com\/2024\/#\/schema\/logo\/image\/","url":"https:\/\/i0.wp.com\/informatepy.com\/2024\/wp-content\/uploads\/2024\/02\/Logotipo-sin-fondo-informate-py500.png?fit=500%2C94&ssl=1","contentUrl":"https:\/\/i0.wp.com\/informatepy.com\/2024\/wp-content\/uploads\/2024\/02\/Logotipo-sin-fondo-informate-py500.png?fit=500%2C94&ssl=1","width":500,"height":94,"caption":"Informate Py Creemos en la libertad de expresi\u00f3n y en la capacidad de la gente de reflexionar\u00a0por\u00a0si\u00a0misma"},"image":{"@id":"https:\/\/informatepy.com\/2024\/#\/schema\/logo\/image\/"}},{"@type":"Person","@id":"https:\/\/informatepy.com\/2024\/#\/schema\/person\/98728344b91c548ef8544c80daf58463","name":"Redacci\u00f3n","image":{"@type":"ImageObject","inLanguage":"es","@id":"https:\/\/informatepy.com\/2024\/wp-content\/uploads\/2024\/02\/cropped-Isologo-sin-fondo.png9c354f01c536b2d49dbb929e96603401","url":"https:\/\/informatepy.com\/2024\/wp-content\/uploads\/2024\/02\/cropped-Isologo-sin-fondo.png","contentUrl":"https:\/\/informatepy.com\/2024\/wp-content\/uploads\/2024\/02\/cropped-Isologo-sin-fondo.png","caption":"Redacci\u00f3n"},"sameAs":["https:\/\/www.facebook.com\/InformatePyCom","https:\/\/x.com\/https:\/\/twitter.com\/InformatePy1"],"url":"https:\/\/informatepy.com\/2024\/author\/redaccion\/"}]}},"jetpack_featured_media_url":"https:\/\/i0.wp.com\/informatepy.com\/2024\/wp-content\/uploads\/2022\/02\/carla-bacigalupo-1.jpg?fit=900%2C612&ssl=1","jetpack-related-posts":[],"jetpack_sharing_enabled":true,"authors":[{"term_id":830,"user_id":3,"is_guest":0,"slug":"redaccion","display_name":"Redacci\u00f3n","avatar_url":{"url":"https:\/\/informatepy.com\/2024\/wp-content\/uploads\/2024\/02\/cropped-Isologo-sin-fondo.png","url2x":"https:\/\/informatepy.com\/2024\/wp-content\/uploads\/2024\/02\/cropped-Isologo-sin-fondo.png"},"author_category":"1","first_name":"Redacci\u00f3n","last_name":"","user_url":"","job_title":"","description":""}],"_links":{"self":[{"href":"https:\/\/informatepy.com\/2024\/wp-json\/wp\/v2\/posts\/6069","targetHints":{"allow":["GET"]}}],"collection":[{"href":"https:\/\/informatepy.com\/2024\/wp-json\/wp\/v2\/posts"}],"about":[{"href":"https:\/\/informatepy.com\/2024\/wp-json\/wp\/v2\/types\/post"}],"author":[{"embeddable":true,"href":"https:\/\/informatepy.com\/2024\/wp-json\/wp\/v2\/users\/3"}],"replies":[{"embeddable":true,"href":"https:\/\/informatepy.com\/2024\/wp-json\/wp\/v2\/comments?post=6069"}],"version-history":[{"count":0,"href":"https:\/\/informatepy.com\/2024\/wp-json\/wp\/v2\/posts\/6069\/revisions"}],"wp:featuredmedia":[{"embeddable":true,"href":"https:\/\/informatepy.com\/2024\/wp-json\/wp\/v2\/media\/6070"}],"wp:attachment":[{"href":"https:\/\/informatepy.com\/2024\/wp-json\/wp\/v2\/media?parent=6069"}],"wp:term":[{"taxonomy":"category","embeddable":true,"href":"https:\/\/informatepy.com\/2024\/wp-json\/wp\/v2\/categories?post=6069"},{"taxonomy":"post_tag","embeddable":true,"href":"https:\/\/informatepy.com\/2024\/wp-json\/wp\/v2\/tags?post=6069"},{"taxonomy":"jnews-series","embeddable":true,"href":"https:\/\/informatepy.com\/2024\/wp-json\/wp\/v2\/jnews-series?post=6069"},{"taxonomy":"author","embeddable":true,"href":"https:\/\/informatepy.com\/2024\/wp-json\/wp\/v2\/ppma_author?post=6069"}],"curies":[{"name":"wp","href":"https:\/\/api.w.org\/{rel}","templated":true}]}}