{"id":6042,"date":"2022-02-22T12:31:04","date_gmt":"2022-02-22T11:31:04","guid":{"rendered":"https:\/\/informatepy.com\/2024\/2022\/02\/22\/giuzzio-admite-trato-con-narcotraficante-brasileno\/"},"modified":"2022-02-22T12:31:04","modified_gmt":"2022-02-22T11:31:04","slug":"giuzzio-admite-trato-con-narcotraficante-brasileno","status":"publish","type":"post","link":"https:\/\/informatepy.com\/2024\/2022\/02\/22\/giuzzio-admite-trato-con-narcotraficante-brasileno\/","title":{"rendered":"Giuzzio admite trato con narcotraficante brasile\u00f1o"},"content":{"rendered":"\n<p class=\"has-text-align-justify\">El ministro del Interior, Arnaldo Giuzzio, admiti\u00f3 que utiliz\u00f3 la lujosa camioneta del presunto narco brasile\u00f1o, Marcus Vinicius Esp\u00edndola Marques de Padua, detenido la semana pasada en Foz de Yguaz\u00fa, para vacacionar en Brasil. Asimismo, confirm\u00f3 que estuvo en tratativas con \u00e9l porque el supuesto criminal ofreci\u00f3 elementos de protecci\u00f3n personal al Ministerio a su cargo, a trav\u00e9s de su empresa Black Eagle SA. Intercambiaba incluso mensajes con el narcotraficante. Dijo que es consciente de que su n\u00famero podr\u00eda saltar en el cruce de llamada a Marcus, porque se comunic\u00f3 con \u00e9l para pedirle la camioneta.<\/p>\n\n\n\n<p class=\"has-text-align-justify\"><em><strong>\u201cA finales de diciembre, en un viaje familiar, tras el desperfecto mec\u00e1nico de nuestro veh\u00edculo ya en territorio de Brasil, volvimos a Ciudad del Este y arrend\u00e9 un veh\u00edculo de la empresa OMBU con el cual continuamos el trayecto\u201d<\/strong><\/em>, argument\u00f3 el ministro. La citada firma es propiedad de Esp\u00edndola.<\/p>\n\n\n\n<p class=\"has-text-align-justify\">Sin embargo, en comunicaci\u00f3n con la emisora 730 AM, admiti\u00f3 que no tiene factura por el supuesto arrendamiento del rodado, ya que solicit\u00f3 y no se le provey\u00f3, de acuerdo a sus expresiones. Dijo que incluso hace poco, ya en este mes de febrero, intercambiaba mensaje con el presunto narco, para pedirle que envi\u00e9 a su cobrador. Pero ni siquiera recuerda el monto que \u201cpag\u00f3\u201d por el alquiler.<\/p>\n\n\n\n<p class=\"has-text-align-justify\">Refiri\u00f3 igualmente que el narcotraficante brasile\u00f1o lo visit\u00f3 el a\u00f1o pasado para ofrecerle implementos de seguridad a trav\u00e9s de su empresa. <em><strong>\u201cMarcus Vinicius, detenido hace unos d\u00edas en la Operaci\u00f3n Turf, nos visit\u00f3 en la de la Agrupaci\u00f3n Especializada el pasado a\u00f1o en su car\u00e1cter de representante de la empresa Black Eagle, lo recib\u00ed acompa\u00f1ado de personal t\u00e9cnico a quienes exhibi\u00f3 equipos t\u00e1cticos que ofrec\u00eda su empresa\u201d<\/strong><\/em>, argument\u00f3 el titular de la cartera de seguridad.<\/p>\n\n\n\n<p class=\"has-text-align-justify\">Esp\u00edndola es considerado el segundo narcotraficante m\u00e1s grande de Brasil, sin embargo, Giuzzio, extitular de la Secretar\u00eda Nacional Antidrogas (SENAD), dijo que no sab\u00eda. <strong><em>\u201cImag\u00ednate si yo voy a solicitar los antecedentes de todos los brasile\u00f1os que pasan por mi oficina, es imposible\u201d<\/em><\/strong>, indic\u00f3. Afirm\u00f3 que no encontraron nada sobre los accionistas ni el propietario, que es el supuesto narco.<\/p>\n\n\n\n<p class=\"has-text-align-justify\">Revel\u00f3 que vio varias veces a Marcus, una de ellas cuando el narco fue a la oficina y otra vez cuando se present\u00f3 para la prueba de chalecos de su empresa. Sin embargo, ya despu\u00e9s, intercambi\u00f3 mensajes y llamadas con \u00e9l.<\/p>\n\n\n\n<h6 class=\"wp-block-heading\" id=\"adn-digital\" style=\"font-style:normal;font-weight:300\">ADN Digital<\/h6>\n","protected":false},"excerpt":{"rendered":"<p>El ministro del Interior, Arnaldo Giuzzio, admiti\u00f3 que utiliz\u00f3 la lujosa camioneta del presunto narco brasile\u00f1o, Marcus Vinicius Esp\u00edndola Marques de Padua, detenido la semana pasada en Foz de Yguaz\u00fa, para vacacionar en Brasil. Asimismo, confirm\u00f3 que estuvo en tratativas con \u00e9l porque el supuesto criminal ofreci\u00f3 elementos de protecci\u00f3n personal al Ministerio a su [&hellip;]<\/p>\n","protected":false},"author":3,"featured_media":2424,"comment_status":"closed","ping_status":"open","sticky":false,"template":"","format":"standard","meta":{"_jetpack_memberships_contains_paid_content":false,"jnews-multi-image_gallery":[],"jnews_single_post":[],"jnews_primary_category":[],"jnews_override_bookmark_settings":[],"jnews_food_recipe":[],"enable_food_recipe":"","food_recipe_title":"","food_recipe_description":"","food_recipe_serve":"","food_recipe_time":"","food_recipe_prep":"","food_recipe_level":"","food_recipe_keywords":"","food_recipe_category":"","food_recipe_cuisine":"","food_recipe_yield":"","food_recipe_calories":"","enable_print_recipe":"","ingredient":[],"instruction":"","jnews_social_meta":[],"jnews_paywall_metabox":[],"jnews_review":[],"enable_review":"","type":"","name":"","summary":"","brand":"","sku":"","good":[],"bad":[],"score_override":"","override_value":"","rating":[],"price":[],"jnews_override_counter":[],"jnews_post_split":[],"jnews_podcast_option":[],"jnews_podcast_series":[],"footnotes":""},"categories":[34],"tags":[677,831,53],"jnews-series":[],"ppma_author":[830],"class_list":["post-6042","post","type-post","status-publish","format-standard","has-post-thumbnail","hentry","category-nacionales","tag-arnaldo-giuzzo","tag-destacada","tag-narcotrafico"],"yoast_head":"<!-- This site is optimized with the Yoast SEO plugin v27.5 - https:\/\/yoast.com\/product\/yoast-seo-wordpress\/ -->\n<title>Giuzzio admite trato con narcotraficante brasile\u00f1o - Informate Py Creemos en la libertad de expresi\u00f3n y en la capacidad de la gente de reflexionar\u00a0por\u00a0si\u00a0misma<\/title>\n<meta name=\"robots\" content=\"index, follow, max-snippet:-1, max-image-preview:large, max-video-preview:-1\" \/>\n<link rel=\"canonical\" href=\"https:\/\/informatepy.com\/2024\/2022\/02\/22\/giuzzio-admite-trato-con-narcotraficante-brasileno\/\" \/>\n<meta property=\"og:locale\" content=\"es_ES\" \/>\n<meta property=\"og:type\" content=\"article\" \/>\n<meta property=\"og:title\" content=\"Giuzzio admite trato con narcotraficante brasile\u00f1o - Informate Py Creemos en la libertad de expresi\u00f3n y en la capacidad de la gente de reflexionar\u00a0por\u00a0si\u00a0misma\" \/>\n<meta property=\"og:description\" content=\"El ministro del Interior, Arnaldo Giuzzio, admiti\u00f3 que utiliz\u00f3 la lujosa camioneta del presunto narco brasile\u00f1o, Marcus Vinicius Esp\u00edndola Marques de Padua, detenido la semana pasada en Foz de Yguaz\u00fa, para vacacionar en Brasil. Asimismo, confirm\u00f3 que estuvo en tratativas con \u00e9l porque el supuesto criminal ofreci\u00f3 elementos de protecci\u00f3n personal al Ministerio a su [&hellip;]\" \/>\n<meta property=\"og:url\" content=\"https:\/\/informatepy.com\/2024\/2022\/02\/22\/giuzzio-admite-trato-con-narcotraficante-brasileno\/\" \/>\n<meta property=\"og:site_name\" content=\"Informate Py Creemos en la libertad de expresi\u00f3n y en la capacidad de la gente de reflexionar\u00a0por\u00a0si\u00a0misma\" \/>\n<meta property=\"article:author\" content=\"https:\/\/www.facebook.com\/InformatePyCom\" \/>\n<meta property=\"article:published_time\" content=\"2022-02-22T11:31:04+00:00\" \/>\n<meta property=\"og:image\" content=\"https:\/\/i0.wp.com\/informatepy.com\/2024\/wp-content\/uploads\/2021\/03\/Arnaldo-Giuzzio.jpg?fit=1276%2C806&ssl=1\" \/>\n\t<meta property=\"og:image:width\" content=\"1276\" \/>\n\t<meta property=\"og:image:height\" content=\"806\" \/>\n\t<meta property=\"og:image:type\" content=\"image\/jpeg\" \/>\n<meta name=\"author\" content=\"Redacci\u00f3n\" \/>\n<meta name=\"twitter:card\" content=\"summary_large_image\" \/>\n<meta name=\"twitter:creator\" content=\"@https:\/\/twitter.com\/InformatePy1\" \/>\n<meta name=\"twitter:label1\" content=\"Escrito por\" \/>\n\t<meta name=\"twitter:data1\" content=\"Redacci\u00f3n\" \/>\n\t<meta name=\"twitter:label2\" content=\"Tiempo de lectura\" \/>\n\t<meta name=\"twitter:data2\" content=\"2 minutos\" \/>\n<script type=\"application\/ld+json\" class=\"yoast-schema-graph\">{\"@context\":\"https:\\\/\\\/schema.org\",\"@graph\":[{\"@type\":\"Article\",\"@id\":\"https:\\\/\\\/informatepy.com\\\/2024\\\/2022\\\/02\\\/22\\\/giuzzio-admite-trato-con-narcotraficante-brasileno\\\/#article\",\"isPartOf\":{\"@id\":\"https:\\\/\\\/informatepy.com\\\/2024\\\/2022\\\/02\\\/22\\\/giuzzio-admite-trato-con-narcotraficante-brasileno\\\/\"},\"author\":{\"name\":\"Redacci\u00f3n\",\"@id\":\"https:\\\/\\\/informatepy.com\\\/2024\\\/#\\\/schema\\\/person\\\/98728344b91c548ef8544c80daf58463\"},\"headline\":\"Giuzzio admite trato con narcotraficante brasile\u00f1o\",\"datePublished\":\"2022-02-22T11:31:04+00:00\",\"mainEntityOfPage\":{\"@id\":\"https:\\\/\\\/informatepy.com\\\/2024\\\/2022\\\/02\\\/22\\\/giuzzio-admite-trato-con-narcotraficante-brasileno\\\/\"},\"wordCount\":427,\"publisher\":{\"@id\":\"https:\\\/\\\/informatepy.com\\\/2024\\\/#organization\"},\"image\":{\"@id\":\"https:\\\/\\\/informatepy.com\\\/2024\\\/2022\\\/02\\\/22\\\/giuzzio-admite-trato-con-narcotraficante-brasileno\\\/#primaryimage\"},\"thumbnailUrl\":\"https:\\\/\\\/i0.wp.com\\\/informatepy.com\\\/2024\\\/wp-content\\\/uploads\\\/2021\\\/03\\\/Arnaldo-Giuzzio.jpg?fit=1276%2C806&ssl=1\",\"keywords\":[\"arnaldo giuzzo\",\"destacada\",\"narcotrafico\"],\"articleSection\":[\"Nacionales\"],\"inLanguage\":\"es\"},{\"@type\":\"WebPage\",\"@id\":\"https:\\\/\\\/informatepy.com\\\/2024\\\/2022\\\/02\\\/22\\\/giuzzio-admite-trato-con-narcotraficante-brasileno\\\/\",\"url\":\"https:\\\/\\\/informatepy.com\\\/2024\\\/2022\\\/02\\\/22\\\/giuzzio-admite-trato-con-narcotraficante-brasileno\\\/\",\"name\":\"Giuzzio admite trato con narcotraficante brasile\u00f1o - Informate Py Creemos en la libertad de expresi\u00f3n y en la capacidad de la gente de reflexionar\u00a0por\u00a0si\u00a0misma\",\"isPartOf\":{\"@id\":\"https:\\\/\\\/informatepy.com\\\/2024\\\/#website\"},\"primaryImageOfPage\":{\"@id\":\"https:\\\/\\\/informatepy.com\\\/2024\\\/2022\\\/02\\\/22\\\/giuzzio-admite-trato-con-narcotraficante-brasileno\\\/#primaryimage\"},\"image\":{\"@id\":\"https:\\\/\\\/informatepy.com\\\/2024\\\/2022\\\/02\\\/22\\\/giuzzio-admite-trato-con-narcotraficante-brasileno\\\/#primaryimage\"},\"thumbnailUrl\":\"https:\\\/\\\/i0.wp.com\\\/informatepy.com\\\/2024\\\/wp-content\\\/uploads\\\/2021\\\/03\\\/Arnaldo-Giuzzio.jpg?fit=1276%2C806&ssl=1\",\"datePublished\":\"2022-02-22T11:31:04+00:00\",\"breadcrumb\":{\"@id\":\"https:\\\/\\\/informatepy.com\\\/2024\\\/2022\\\/02\\\/22\\\/giuzzio-admite-trato-con-narcotraficante-brasileno\\\/#breadcrumb\"},\"inLanguage\":\"es\",\"potentialAction\":[{\"@type\":\"ReadAction\",\"target\":[\"https:\\\/\\\/informatepy.com\\\/2024\\\/2022\\\/02\\\/22\\\/giuzzio-admite-trato-con-narcotraficante-brasileno\\\/\"]}]},{\"@type\":\"ImageObject\",\"inLanguage\":\"es\",\"@id\":\"https:\\\/\\\/informatepy.com\\\/2024\\\/2022\\\/02\\\/22\\\/giuzzio-admite-trato-con-narcotraficante-brasileno\\\/#primaryimage\",\"url\":\"https:\\\/\\\/i0.wp.com\\\/informatepy.com\\\/2024\\\/wp-content\\\/uploads\\\/2021\\\/03\\\/Arnaldo-Giuzzio.jpg?fit=1276%2C806&ssl=1\",\"contentUrl\":\"https:\\\/\\\/i0.wp.com\\\/informatepy.com\\\/2024\\\/wp-content\\\/uploads\\\/2021\\\/03\\\/Arnaldo-Giuzzio.jpg?fit=1276%2C806&ssl=1\",\"width\":1276,\"height\":806},{\"@type\":\"BreadcrumbList\",\"@id\":\"https:\\\/\\\/informatepy.com\\\/2024\\\/2022\\\/02\\\/22\\\/giuzzio-admite-trato-con-narcotraficante-brasileno\\\/#breadcrumb\",\"itemListElement\":[{\"@type\":\"ListItem\",\"position\":1,\"name\":\"Portada\",\"item\":\"https:\\\/\\\/informatepy.com\\\/2024\\\/\"},{\"@type\":\"ListItem\",\"position\":2,\"name\":\"Giuzzio admite trato con narcotraficante brasile\u00f1o\"}]},{\"@type\":\"WebSite\",\"@id\":\"https:\\\/\\\/informatepy.com\\\/2024\\\/#website\",\"url\":\"https:\\\/\\\/informatepy.com\\\/2024\\\/\",\"name\":\"Informate Py Creemos en la libertad de expresi\u00f3n y en la capacidad de la gente de reflexionar\u00a0por\u00a0si\u00a0misma\",\"description\":\"InformatePy\",\"publisher\":{\"@id\":\"https:\\\/\\\/informatepy.com\\\/2024\\\/#organization\"},\"potentialAction\":[{\"@type\":\"SearchAction\",\"target\":{\"@type\":\"EntryPoint\",\"urlTemplate\":\"https:\\\/\\\/informatepy.com\\\/2024\\\/?s={search_term_string}\"},\"query-input\":{\"@type\":\"PropertyValueSpecification\",\"valueRequired\":true,\"valueName\":\"search_term_string\"}}],\"inLanguage\":\"es\"},{\"@type\":\"Organization\",\"@id\":\"https:\\\/\\\/informatepy.com\\\/2024\\\/#organization\",\"name\":\"Informate Py Creemos en la libertad de expresi\u00f3n y en la capacidad de la gente de reflexionar\u00a0por\u00a0si\u00a0misma\",\"url\":\"https:\\\/\\\/informatepy.com\\\/2024\\\/\",\"logo\":{\"@type\":\"ImageObject\",\"inLanguage\":\"es\",\"@id\":\"https:\\\/\\\/informatepy.com\\\/2024\\\/#\\\/schema\\\/logo\\\/image\\\/\",\"url\":\"https:\\\/\\\/i0.wp.com\\\/informatepy.com\\\/2024\\\/wp-content\\\/uploads\\\/2024\\\/02\\\/Logotipo-sin-fondo-informate-py500.png?fit=500%2C94&ssl=1\",\"contentUrl\":\"https:\\\/\\\/i0.wp.com\\\/informatepy.com\\\/2024\\\/wp-content\\\/uploads\\\/2024\\\/02\\\/Logotipo-sin-fondo-informate-py500.png?fit=500%2C94&ssl=1\",\"width\":500,\"height\":94,\"caption\":\"Informate Py Creemos en la libertad de expresi\u00f3n y en la capacidad de la gente de reflexionar\u00a0por\u00a0si\u00a0misma\"},\"image\":{\"@id\":\"https:\\\/\\\/informatepy.com\\\/2024\\\/#\\\/schema\\\/logo\\\/image\\\/\"}},{\"@type\":\"Person\",\"@id\":\"https:\\\/\\\/informatepy.com\\\/2024\\\/#\\\/schema\\\/person\\\/98728344b91c548ef8544c80daf58463\",\"name\":\"Redacci\u00f3n\",\"image\":{\"@type\":\"ImageObject\",\"inLanguage\":\"es\",\"@id\":\"https:\\\/\\\/informatepy.com\\\/2024\\\/wp-content\\\/uploads\\\/2024\\\/02\\\/cropped-Isologo-sin-fondo.png9c354f01c536b2d49dbb929e96603401\",\"url\":\"https:\\\/\\\/informatepy.com\\\/2024\\\/wp-content\\\/uploads\\\/2024\\\/02\\\/cropped-Isologo-sin-fondo.png\",\"contentUrl\":\"https:\\\/\\\/informatepy.com\\\/2024\\\/wp-content\\\/uploads\\\/2024\\\/02\\\/cropped-Isologo-sin-fondo.png\",\"caption\":\"Redacci\u00f3n\"},\"sameAs\":[\"https:\\\/\\\/www.facebook.com\\\/InformatePyCom\",\"https:\\\/\\\/x.com\\\/https:\\\/\\\/twitter.com\\\/InformatePy1\"],\"url\":\"https:\\\/\\\/informatepy.com\\\/2024\\\/author\\\/redaccion\\\/\"}]}<\/script>\n<!-- \/ Yoast SEO plugin. -->","yoast_head_json":{"title":"Giuzzio admite trato con narcotraficante brasile\u00f1o - Informate Py Creemos en la libertad de expresi\u00f3n y en la capacidad de la gente de reflexionar\u00a0por\u00a0si\u00a0misma","robots":{"index":"index","follow":"follow","max-snippet":"max-snippet:-1","max-image-preview":"max-image-preview:large","max-video-preview":"max-video-preview:-1"},"canonical":"https:\/\/informatepy.com\/2024\/2022\/02\/22\/giuzzio-admite-trato-con-narcotraficante-brasileno\/","og_locale":"es_ES","og_type":"article","og_title":"Giuzzio admite trato con narcotraficante brasile\u00f1o - Informate Py Creemos en la libertad de expresi\u00f3n y en la capacidad de la gente de reflexionar\u00a0por\u00a0si\u00a0misma","og_description":"El ministro del Interior, Arnaldo Giuzzio, admiti\u00f3 que utiliz\u00f3 la lujosa camioneta del presunto narco brasile\u00f1o, Marcus Vinicius Esp\u00edndola Marques de Padua, detenido la semana pasada en Foz de Yguaz\u00fa, para vacacionar en Brasil. Asimismo, confirm\u00f3 que estuvo en tratativas con \u00e9l porque el supuesto criminal ofreci\u00f3 elementos de protecci\u00f3n personal al Ministerio a su [&hellip;]","og_url":"https:\/\/informatepy.com\/2024\/2022\/02\/22\/giuzzio-admite-trato-con-narcotraficante-brasileno\/","og_site_name":"Informate Py Creemos en la libertad de expresi\u00f3n y en la capacidad de la gente de reflexionar\u00a0por\u00a0si\u00a0misma","article_author":"https:\/\/www.facebook.com\/InformatePyCom","article_published_time":"2022-02-22T11:31:04+00:00","og_image":[{"width":1276,"height":806,"url":"https:\/\/i0.wp.com\/informatepy.com\/2024\/wp-content\/uploads\/2021\/03\/Arnaldo-Giuzzio.jpg?fit=1276%2C806&ssl=1","type":"image\/jpeg"}],"author":"Redacci\u00f3n","twitter_card":"summary_large_image","twitter_creator":"@https:\/\/twitter.com\/InformatePy1","twitter_misc":{"Escrito por":"Redacci\u00f3n","Tiempo de lectura":"2 minutos"},"schema":{"@context":"https:\/\/schema.org","@graph":[{"@type":"Article","@id":"https:\/\/informatepy.com\/2024\/2022\/02\/22\/giuzzio-admite-trato-con-narcotraficante-brasileno\/#article","isPartOf":{"@id":"https:\/\/informatepy.com\/2024\/2022\/02\/22\/giuzzio-admite-trato-con-narcotraficante-brasileno\/"},"author":{"name":"Redacci\u00f3n","@id":"https:\/\/informatepy.com\/2024\/#\/schema\/person\/98728344b91c548ef8544c80daf58463"},"headline":"Giuzzio admite trato con narcotraficante brasile\u00f1o","datePublished":"2022-02-22T11:31:04+00:00","mainEntityOfPage":{"@id":"https:\/\/informatepy.com\/2024\/2022\/02\/22\/giuzzio-admite-trato-con-narcotraficante-brasileno\/"},"wordCount":427,"publisher":{"@id":"https:\/\/informatepy.com\/2024\/#organization"},"image":{"@id":"https:\/\/informatepy.com\/2024\/2022\/02\/22\/giuzzio-admite-trato-con-narcotraficante-brasileno\/#primaryimage"},"thumbnailUrl":"https:\/\/i0.wp.com\/informatepy.com\/2024\/wp-content\/uploads\/2021\/03\/Arnaldo-Giuzzio.jpg?fit=1276%2C806&ssl=1","keywords":["arnaldo giuzzo","destacada","narcotrafico"],"articleSection":["Nacionales"],"inLanguage":"es"},{"@type":"WebPage","@id":"https:\/\/informatepy.com\/2024\/2022\/02\/22\/giuzzio-admite-trato-con-narcotraficante-brasileno\/","url":"https:\/\/informatepy.com\/2024\/2022\/02\/22\/giuzzio-admite-trato-con-narcotraficante-brasileno\/","name":"Giuzzio admite trato con narcotraficante brasile\u00f1o - Informate Py Creemos en la libertad de expresi\u00f3n y en la capacidad de la gente de reflexionar\u00a0por\u00a0si\u00a0misma","isPartOf":{"@id":"https:\/\/informatepy.com\/2024\/#website"},"primaryImageOfPage":{"@id":"https:\/\/informatepy.com\/2024\/2022\/02\/22\/giuzzio-admite-trato-con-narcotraficante-brasileno\/#primaryimage"},"image":{"@id":"https:\/\/informatepy.com\/2024\/2022\/02\/22\/giuzzio-admite-trato-con-narcotraficante-brasileno\/#primaryimage"},"thumbnailUrl":"https:\/\/i0.wp.com\/informatepy.com\/2024\/wp-content\/uploads\/2021\/03\/Arnaldo-Giuzzio.jpg?fit=1276%2C806&ssl=1","datePublished":"2022-02-22T11:31:04+00:00","breadcrumb":{"@id":"https:\/\/informatepy.com\/2024\/2022\/02\/22\/giuzzio-admite-trato-con-narcotraficante-brasileno\/#breadcrumb"},"inLanguage":"es","potentialAction":[{"@type":"ReadAction","target":["https:\/\/informatepy.com\/2024\/2022\/02\/22\/giuzzio-admite-trato-con-narcotraficante-brasileno\/"]}]},{"@type":"ImageObject","inLanguage":"es","@id":"https:\/\/informatepy.com\/2024\/2022\/02\/22\/giuzzio-admite-trato-con-narcotraficante-brasileno\/#primaryimage","url":"https:\/\/i0.wp.com\/informatepy.com\/2024\/wp-content\/uploads\/2021\/03\/Arnaldo-Giuzzio.jpg?fit=1276%2C806&ssl=1","contentUrl":"https:\/\/i0.wp.com\/informatepy.com\/2024\/wp-content\/uploads\/2021\/03\/Arnaldo-Giuzzio.jpg?fit=1276%2C806&ssl=1","width":1276,"height":806},{"@type":"BreadcrumbList","@id":"https:\/\/informatepy.com\/2024\/2022\/02\/22\/giuzzio-admite-trato-con-narcotraficante-brasileno\/#breadcrumb","itemListElement":[{"@type":"ListItem","position":1,"name":"Portada","item":"https:\/\/informatepy.com\/2024\/"},{"@type":"ListItem","position":2,"name":"Giuzzio admite trato con narcotraficante brasile\u00f1o"}]},{"@type":"WebSite","@id":"https:\/\/informatepy.com\/2024\/#website","url":"https:\/\/informatepy.com\/2024\/","name":"Informate Py Creemos en la libertad de expresi\u00f3n y en la capacidad de la gente de reflexionar\u00a0por\u00a0si\u00a0misma","description":"InformatePy","publisher":{"@id":"https:\/\/informatepy.com\/2024\/#organization"},"potentialAction":[{"@type":"SearchAction","target":{"@type":"EntryPoint","urlTemplate":"https:\/\/informatepy.com\/2024\/?s={search_term_string}"},"query-input":{"@type":"PropertyValueSpecification","valueRequired":true,"valueName":"search_term_string"}}],"inLanguage":"es"},{"@type":"Organization","@id":"https:\/\/informatepy.com\/2024\/#organization","name":"Informate Py Creemos en la libertad de expresi\u00f3n y en la capacidad de la gente de reflexionar\u00a0por\u00a0si\u00a0misma","url":"https:\/\/informatepy.com\/2024\/","logo":{"@type":"ImageObject","inLanguage":"es","@id":"https:\/\/informatepy.com\/2024\/#\/schema\/logo\/image\/","url":"https:\/\/i0.wp.com\/informatepy.com\/2024\/wp-content\/uploads\/2024\/02\/Logotipo-sin-fondo-informate-py500.png?fit=500%2C94&ssl=1","contentUrl":"https:\/\/i0.wp.com\/informatepy.com\/2024\/wp-content\/uploads\/2024\/02\/Logotipo-sin-fondo-informate-py500.png?fit=500%2C94&ssl=1","width":500,"height":94,"caption":"Informate Py Creemos en la libertad de expresi\u00f3n y en la capacidad de la gente de reflexionar\u00a0por\u00a0si\u00a0misma"},"image":{"@id":"https:\/\/informatepy.com\/2024\/#\/schema\/logo\/image\/"}},{"@type":"Person","@id":"https:\/\/informatepy.com\/2024\/#\/schema\/person\/98728344b91c548ef8544c80daf58463","name":"Redacci\u00f3n","image":{"@type":"ImageObject","inLanguage":"es","@id":"https:\/\/informatepy.com\/2024\/wp-content\/uploads\/2024\/02\/cropped-Isologo-sin-fondo.png9c354f01c536b2d49dbb929e96603401","url":"https:\/\/informatepy.com\/2024\/wp-content\/uploads\/2024\/02\/cropped-Isologo-sin-fondo.png","contentUrl":"https:\/\/informatepy.com\/2024\/wp-content\/uploads\/2024\/02\/cropped-Isologo-sin-fondo.png","caption":"Redacci\u00f3n"},"sameAs":["https:\/\/www.facebook.com\/InformatePyCom","https:\/\/x.com\/https:\/\/twitter.com\/InformatePy1"],"url":"https:\/\/informatepy.com\/2024\/author\/redaccion\/"}]}},"jetpack_featured_media_url":"https:\/\/i0.wp.com\/informatepy.com\/2024\/wp-content\/uploads\/2021\/03\/Arnaldo-Giuzzio.jpg?fit=1276%2C806&ssl=1","jetpack-related-posts":[],"jetpack_sharing_enabled":true,"authors":[{"term_id":830,"user_id":3,"is_guest":0,"slug":"redaccion","display_name":"Redacci\u00f3n","avatar_url":{"url":"https:\/\/informatepy.com\/2024\/wp-content\/uploads\/2024\/02\/cropped-Isologo-sin-fondo.png","url2x":"https:\/\/informatepy.com\/2024\/wp-content\/uploads\/2024\/02\/cropped-Isologo-sin-fondo.png"},"author_category":"1","first_name":"Redacci\u00f3n","last_name":"","user_url":"","job_title":"","description":""}],"_links":{"self":[{"href":"https:\/\/informatepy.com\/2024\/wp-json\/wp\/v2\/posts\/6042","targetHints":{"allow":["GET"]}}],"collection":[{"href":"https:\/\/informatepy.com\/2024\/wp-json\/wp\/v2\/posts"}],"about":[{"href":"https:\/\/informatepy.com\/2024\/wp-json\/wp\/v2\/types\/post"}],"author":[{"embeddable":true,"href":"https:\/\/informatepy.com\/2024\/wp-json\/wp\/v2\/users\/3"}],"replies":[{"embeddable":true,"href":"https:\/\/informatepy.com\/2024\/wp-json\/wp\/v2\/comments?post=6042"}],"version-history":[{"count":0,"href":"https:\/\/informatepy.com\/2024\/wp-json\/wp\/v2\/posts\/6042\/revisions"}],"wp:featuredmedia":[{"embeddable":true,"href":"https:\/\/informatepy.com\/2024\/wp-json\/wp\/v2\/media\/2424"}],"wp:attachment":[{"href":"https:\/\/informatepy.com\/2024\/wp-json\/wp\/v2\/media?parent=6042"}],"wp:term":[{"taxonomy":"category","embeddable":true,"href":"https:\/\/informatepy.com\/2024\/wp-json\/wp\/v2\/categories?post=6042"},{"taxonomy":"post_tag","embeddable":true,"href":"https:\/\/informatepy.com\/2024\/wp-json\/wp\/v2\/tags?post=6042"},{"taxonomy":"jnews-series","embeddable":true,"href":"https:\/\/informatepy.com\/2024\/wp-json\/wp\/v2\/jnews-series?post=6042"},{"taxonomy":"author","embeddable":true,"href":"https:\/\/informatepy.com\/2024\/wp-json\/wp\/v2\/ppma_author?post=6042"}],"curies":[{"name":"wp","href":"https:\/\/api.w.org\/{rel}","templated":true}]}}