{"id":5908,"date":"2022-02-14T12:27:31","date_gmt":"2022-02-14T11:27:31","guid":{"rendered":"https:\/\/informatepy.com\/2024\/2022\/02\/14\/fiscal-senala-que-ruben-villalba-estaba-en-la-zona-de-yasy-cany-donde-fueron-asesinadas-2-personas-durante-una-ocupacion\/"},"modified":"2022-02-14T12:27:31","modified_gmt":"2022-02-14T11:27:31","slug":"fiscal-senala-que-ruben-villalba-estaba-en-la-zona-de-yasy-cany-donde-fueron-asesinadas-2-personas-durante-una-ocupacion","status":"publish","type":"post","link":"https:\/\/informatepy.com\/2024\/2022\/02\/14\/fiscal-senala-que-ruben-villalba-estaba-en-la-zona-de-yasy-cany-donde-fueron-asesinadas-2-personas-durante-una-ocupacion\/","title":{"rendered":"Fiscal se\u00f1ala que Rub\u00e9n Villalba estaba en la zona de Yasy Ca\u00f1y donde fueron asesinadas 2 personas durante una ocupaci\u00f3n\ufffc"},"content":{"rendered":"\n<p class=\"has-text-align-justify\">Elvia Ch\u00e1vez, Fiscal a cargo de la investigaci\u00f3n por el doble homicidio enYasy Ca\u00f1y, habl\u00f3 con Monumental 1080 AM sobre los avances de la investigaci\u00f3n. La agente del\u00a0Ministerio P\u00fablico\u00a0reconoci\u00f3 que se hace complicado trabajar en la zona por el temor.<\/p>\n\n\n\n<p class=\"has-text-align-justify\">La agente del Ministerio P\u00fablico se\u00f1al\u00f3 que la invasi\u00f3n de tierras estar\u00eda liderada por\u00a0<strong>Rub\u00e9n Villalba<\/strong>.<\/p>\n\n\n\n<p class=\"has-text-align-justify\">La fiscal afirm\u00f3 que <strong><em>\u201cEn primer t\u00e9rmino sabemos que ah\u00ed hay una causa por invasi\u00f3n. Los primeros informes, tras una incursi\u00f3n policial, indican la implicancia del se\u00f1or Rub\u00e9n Villalba, que estar\u00eda con otras personas que a\u00fan no fueron identificadas\u201d<\/em><\/strong>.<\/p>\n\n\n\n<p class=\"has-text-align-justify\">El supuesto enfrentamiento entre ocupantes y personal de seguridad de una estancia se produjo la semana pasada en la zona de Mburucuy\u00e1,\u00a0Yasy Ca\u00f1y, Departamento de Canindey\u00fa, provocando dos fallecidos, Mateo Vargas Vera, tractorista de la estancia, y el agente policial Osvaldo V\u00e1zquez Samudio, quien hac\u00eda trabajos agr\u00edcolas en la zona y estaba fuera de servicio.<\/p>\n\n\n\n<p class=\"has-text-align-justify\">Rub\u00e9n Villalba ya hab\u00eda sido condenado a 30 a\u00f1os de c\u00e1rcel m\u00e1s cinco de medida de seguridad por la masacre de Curuguaty, registrada el 15 de junio de 2012, donde fallecieron 11 campesinos y 6 polic\u00edas. <\/p>\n","protected":false},"excerpt":{"rendered":"<p>Elvia Ch\u00e1vez, Fiscal a cargo de la investigaci\u00f3n por el doble homicidio enYasy Ca\u00f1y, habl\u00f3 con Monumental 1080 AM sobre los avances de la investigaci\u00f3n. La agente del\u00a0Ministerio P\u00fablico\u00a0reconoci\u00f3 que se hace complicado trabajar en la zona por el temor. La agente del Ministerio P\u00fablico se\u00f1al\u00f3 que la invasi\u00f3n de tierras estar\u00eda liderada por\u00a0Rub\u00e9n Villalba. [&hellip;]<\/p>\n","protected":false},"author":3,"featured_media":5909,"comment_status":"closed","ping_status":"open","sticky":false,"template":"","format":"standard","meta":{"_jetpack_memberships_contains_paid_content":false,"jnews-multi-image_gallery":[],"jnews_single_post":[],"jnews_primary_category":[],"jnews_override_bookmark_settings":[],"jnews_food_recipe":[],"enable_food_recipe":"","food_recipe_title":"","food_recipe_description":"","food_recipe_serve":"","food_recipe_time":"","food_recipe_prep":"","food_recipe_level":"","food_recipe_keywords":"","food_recipe_category":"","food_recipe_cuisine":"","food_recipe_yield":"","food_recipe_calories":"","enable_print_recipe":"","ingredient":[],"instruction":"","jnews_social_meta":[],"jnews_paywall_metabox":[],"jnews_review":[],"enable_review":"","type":"","name":"","summary":"","brand":"","sku":"","good":[],"bad":[],"score_override":"","override_value":"","rating":[],"price":[],"jnews_override_counter":[],"jnews_post_split":[],"jnews_podcast_option":[],"jnews_podcast_series":[],"footnotes":""},"categories":[34],"tags":[831],"jnews-series":[],"ppma_author":[830],"class_list":["post-5908","post","type-post","status-publish","format-standard","has-post-thumbnail","hentry","category-nacionales","tag-destacada"],"yoast_head":"<!-- This site is optimized with the Yoast SEO plugin v27.5 - https:\/\/yoast.com\/product\/yoast-seo-wordpress\/ -->\n<title>Fiscal se\u00f1ala que Rub\u00e9n Villalba estaba en la zona de Yasy Ca\u00f1y donde fueron asesinadas 2 personas durante una ocupaci\u00f3n\ufffc - Informate Py Creemos en la libertad de expresi\u00f3n y en la capacidad de la gente de reflexionar\u00a0por\u00a0si\u00a0misma<\/title>\n<meta name=\"robots\" content=\"index, follow, max-snippet:-1, max-image-preview:large, max-video-preview:-1\" \/>\n<link rel=\"canonical\" href=\"https:\/\/informatepy.com\/2024\/2022\/02\/14\/fiscal-senala-que-ruben-villalba-estaba-en-la-zona-de-yasy-cany-donde-fueron-asesinadas-2-personas-durante-una-ocupacion\/\" \/>\n<meta property=\"og:locale\" content=\"es_ES\" \/>\n<meta property=\"og:type\" content=\"article\" \/>\n<meta property=\"og:title\" content=\"Fiscal se\u00f1ala que Rub\u00e9n Villalba estaba en la zona de Yasy Ca\u00f1y donde fueron asesinadas 2 personas durante una ocupaci\u00f3n\ufffc - Informate Py Creemos en la libertad de expresi\u00f3n y en la capacidad de la gente de reflexionar\u00a0por\u00a0si\u00a0misma\" \/>\n<meta property=\"og:description\" content=\"Elvia Ch\u00e1vez, Fiscal a cargo de la investigaci\u00f3n por el doble homicidio enYasy Ca\u00f1y, habl\u00f3 con Monumental 1080 AM sobre los avances de la investigaci\u00f3n. La agente del\u00a0Ministerio P\u00fablico\u00a0reconoci\u00f3 que se hace complicado trabajar en la zona por el temor. La agente del Ministerio P\u00fablico se\u00f1al\u00f3 que la invasi\u00f3n de tierras estar\u00eda liderada por\u00a0Rub\u00e9n Villalba. [&hellip;]\" \/>\n<meta property=\"og:url\" content=\"https:\/\/informatepy.com\/2024\/2022\/02\/14\/fiscal-senala-que-ruben-villalba-estaba-en-la-zona-de-yasy-cany-donde-fueron-asesinadas-2-personas-durante-una-ocupacion\/\" \/>\n<meta property=\"og:site_name\" content=\"Informate Py Creemos en la libertad de expresi\u00f3n y en la capacidad de la gente de reflexionar\u00a0por\u00a0si\u00a0misma\" \/>\n<meta property=\"article:author\" content=\"https:\/\/www.facebook.com\/InformatePyCom\" \/>\n<meta property=\"article:published_time\" content=\"2022-02-14T11:27:31+00:00\" \/>\n<meta property=\"og:image\" content=\"https:\/\/i0.wp.com\/informatepy.com\/2024\/wp-content\/uploads\/2022\/02\/ruben-villalba-1.jpg?fit=760%2C420&ssl=1\" \/>\n\t<meta property=\"og:image:width\" content=\"760\" \/>\n\t<meta property=\"og:image:height\" content=\"420\" \/>\n\t<meta property=\"og:image:type\" content=\"image\/jpeg\" \/>\n<meta name=\"author\" content=\"Redacci\u00f3n\" \/>\n<meta name=\"twitter:card\" content=\"summary_large_image\" \/>\n<meta name=\"twitter:creator\" content=\"@https:\/\/twitter.com\/InformatePy1\" \/>\n<meta name=\"twitter:label1\" content=\"Escrito por\" \/>\n\t<meta name=\"twitter:data1\" content=\"Redacci\u00f3n\" \/>\n\t<meta name=\"twitter:label2\" content=\"Tiempo de lectura\" \/>\n\t<meta name=\"twitter:data2\" content=\"1 minuto\" \/>\n<script type=\"application\/ld+json\" class=\"yoast-schema-graph\">{\"@context\":\"https:\\\/\\\/schema.org\",\"@graph\":[{\"@type\":\"Article\",\"@id\":\"https:\\\/\\\/informatepy.com\\\/2024\\\/2022\\\/02\\\/14\\\/fiscal-senala-que-ruben-villalba-estaba-en-la-zona-de-yasy-cany-donde-fueron-asesinadas-2-personas-durante-una-ocupacion\\\/#article\",\"isPartOf\":{\"@id\":\"https:\\\/\\\/informatepy.com\\\/2024\\\/2022\\\/02\\\/14\\\/fiscal-senala-que-ruben-villalba-estaba-en-la-zona-de-yasy-cany-donde-fueron-asesinadas-2-personas-durante-una-ocupacion\\\/\"},\"author\":{\"name\":\"Redacci\u00f3n\",\"@id\":\"https:\\\/\\\/informatepy.com\\\/2024\\\/#\\\/schema\\\/person\\\/98728344b91c548ef8544c80daf58463\"},\"headline\":\"Fiscal se\u00f1ala que Rub\u00e9n Villalba estaba en la zona de Yasy Ca\u00f1y donde fueron asesinadas 2 personas durante una ocupaci\u00f3n\ufffc\",\"datePublished\":\"2022-02-14T11:27:31+00:00\",\"mainEntityOfPage\":{\"@id\":\"https:\\\/\\\/informatepy.com\\\/2024\\\/2022\\\/02\\\/14\\\/fiscal-senala-que-ruben-villalba-estaba-en-la-zona-de-yasy-cany-donde-fueron-asesinadas-2-personas-durante-una-ocupacion\\\/\"},\"wordCount\":233,\"publisher\":{\"@id\":\"https:\\\/\\\/informatepy.com\\\/2024\\\/#organization\"},\"image\":{\"@id\":\"https:\\\/\\\/informatepy.com\\\/2024\\\/2022\\\/02\\\/14\\\/fiscal-senala-que-ruben-villalba-estaba-en-la-zona-de-yasy-cany-donde-fueron-asesinadas-2-personas-durante-una-ocupacion\\\/#primaryimage\"},\"thumbnailUrl\":\"https:\\\/\\\/i0.wp.com\\\/informatepy.com\\\/2024\\\/wp-content\\\/uploads\\\/2022\\\/02\\\/ruben-villalba-1.jpg?fit=760%2C420&ssl=1\",\"keywords\":[\"destacada\"],\"articleSection\":[\"Nacionales\"],\"inLanguage\":\"es\"},{\"@type\":\"WebPage\",\"@id\":\"https:\\\/\\\/informatepy.com\\\/2024\\\/2022\\\/02\\\/14\\\/fiscal-senala-que-ruben-villalba-estaba-en-la-zona-de-yasy-cany-donde-fueron-asesinadas-2-personas-durante-una-ocupacion\\\/\",\"url\":\"https:\\\/\\\/informatepy.com\\\/2024\\\/2022\\\/02\\\/14\\\/fiscal-senala-que-ruben-villalba-estaba-en-la-zona-de-yasy-cany-donde-fueron-asesinadas-2-personas-durante-una-ocupacion\\\/\",\"name\":\"Fiscal se\u00f1ala que Rub\u00e9n Villalba estaba en la zona de Yasy Ca\u00f1y donde fueron asesinadas 2 personas durante una ocupaci\u00f3n\ufffc - Informate Py Creemos en la libertad de expresi\u00f3n y en la capacidad de la gente de reflexionar\u00a0por\u00a0si\u00a0misma\",\"isPartOf\":{\"@id\":\"https:\\\/\\\/informatepy.com\\\/2024\\\/#website\"},\"primaryImageOfPage\":{\"@id\":\"https:\\\/\\\/informatepy.com\\\/2024\\\/2022\\\/02\\\/14\\\/fiscal-senala-que-ruben-villalba-estaba-en-la-zona-de-yasy-cany-donde-fueron-asesinadas-2-personas-durante-una-ocupacion\\\/#primaryimage\"},\"image\":{\"@id\":\"https:\\\/\\\/informatepy.com\\\/2024\\\/2022\\\/02\\\/14\\\/fiscal-senala-que-ruben-villalba-estaba-en-la-zona-de-yasy-cany-donde-fueron-asesinadas-2-personas-durante-una-ocupacion\\\/#primaryimage\"},\"thumbnailUrl\":\"https:\\\/\\\/i0.wp.com\\\/informatepy.com\\\/2024\\\/wp-content\\\/uploads\\\/2022\\\/02\\\/ruben-villalba-1.jpg?fit=760%2C420&ssl=1\",\"datePublished\":\"2022-02-14T11:27:31+00:00\",\"breadcrumb\":{\"@id\":\"https:\\\/\\\/informatepy.com\\\/2024\\\/2022\\\/02\\\/14\\\/fiscal-senala-que-ruben-villalba-estaba-en-la-zona-de-yasy-cany-donde-fueron-asesinadas-2-personas-durante-una-ocupacion\\\/#breadcrumb\"},\"inLanguage\":\"es\",\"potentialAction\":[{\"@type\":\"ReadAction\",\"target\":[\"https:\\\/\\\/informatepy.com\\\/2024\\\/2022\\\/02\\\/14\\\/fiscal-senala-que-ruben-villalba-estaba-en-la-zona-de-yasy-cany-donde-fueron-asesinadas-2-personas-durante-una-ocupacion\\\/\"]}]},{\"@type\":\"ImageObject\",\"inLanguage\":\"es\",\"@id\":\"https:\\\/\\\/informatepy.com\\\/2024\\\/2022\\\/02\\\/14\\\/fiscal-senala-que-ruben-villalba-estaba-en-la-zona-de-yasy-cany-donde-fueron-asesinadas-2-personas-durante-una-ocupacion\\\/#primaryimage\",\"url\":\"https:\\\/\\\/i0.wp.com\\\/informatepy.com\\\/2024\\\/wp-content\\\/uploads\\\/2022\\\/02\\\/ruben-villalba-1.jpg?fit=760%2C420&ssl=1\",\"contentUrl\":\"https:\\\/\\\/i0.wp.com\\\/informatepy.com\\\/2024\\\/wp-content\\\/uploads\\\/2022\\\/02\\\/ruben-villalba-1.jpg?fit=760%2C420&ssl=1\",\"width\":760,\"height\":420},{\"@type\":\"BreadcrumbList\",\"@id\":\"https:\\\/\\\/informatepy.com\\\/2024\\\/2022\\\/02\\\/14\\\/fiscal-senala-que-ruben-villalba-estaba-en-la-zona-de-yasy-cany-donde-fueron-asesinadas-2-personas-durante-una-ocupacion\\\/#breadcrumb\",\"itemListElement\":[{\"@type\":\"ListItem\",\"position\":1,\"name\":\"Portada\",\"item\":\"https:\\\/\\\/informatepy.com\\\/2024\\\/\"},{\"@type\":\"ListItem\",\"position\":2,\"name\":\"Fiscal se\u00f1ala que Rub\u00e9n Villalba estaba en la zona de Yasy Ca\u00f1y donde fueron asesinadas 2 personas durante una ocupaci\u00f3n\ufffc\"}]},{\"@type\":\"WebSite\",\"@id\":\"https:\\\/\\\/informatepy.com\\\/2024\\\/#website\",\"url\":\"https:\\\/\\\/informatepy.com\\\/2024\\\/\",\"name\":\"Informate Py Creemos en la libertad de expresi\u00f3n y en la capacidad de la gente de reflexionar\u00a0por\u00a0si\u00a0misma\",\"description\":\"InformatePy\",\"publisher\":{\"@id\":\"https:\\\/\\\/informatepy.com\\\/2024\\\/#organization\"},\"potentialAction\":[{\"@type\":\"SearchAction\",\"target\":{\"@type\":\"EntryPoint\",\"urlTemplate\":\"https:\\\/\\\/informatepy.com\\\/2024\\\/?s={search_term_string}\"},\"query-input\":{\"@type\":\"PropertyValueSpecification\",\"valueRequired\":true,\"valueName\":\"search_term_string\"}}],\"inLanguage\":\"es\"},{\"@type\":\"Organization\",\"@id\":\"https:\\\/\\\/informatepy.com\\\/2024\\\/#organization\",\"name\":\"Informate Py Creemos en la libertad de expresi\u00f3n y en la capacidad de la gente de reflexionar\u00a0por\u00a0si\u00a0misma\",\"url\":\"https:\\\/\\\/informatepy.com\\\/2024\\\/\",\"logo\":{\"@type\":\"ImageObject\",\"inLanguage\":\"es\",\"@id\":\"https:\\\/\\\/informatepy.com\\\/2024\\\/#\\\/schema\\\/logo\\\/image\\\/\",\"url\":\"https:\\\/\\\/i0.wp.com\\\/informatepy.com\\\/2024\\\/wp-content\\\/uploads\\\/2024\\\/02\\\/Logotipo-sin-fondo-informate-py500.png?fit=500%2C94&ssl=1\",\"contentUrl\":\"https:\\\/\\\/i0.wp.com\\\/informatepy.com\\\/2024\\\/wp-content\\\/uploads\\\/2024\\\/02\\\/Logotipo-sin-fondo-informate-py500.png?fit=500%2C94&ssl=1\",\"width\":500,\"height\":94,\"caption\":\"Informate Py Creemos en la libertad de expresi\u00f3n y en la capacidad de la gente de reflexionar\u00a0por\u00a0si\u00a0misma\"},\"image\":{\"@id\":\"https:\\\/\\\/informatepy.com\\\/2024\\\/#\\\/schema\\\/logo\\\/image\\\/\"}},{\"@type\":\"Person\",\"@id\":\"https:\\\/\\\/informatepy.com\\\/2024\\\/#\\\/schema\\\/person\\\/98728344b91c548ef8544c80daf58463\",\"name\":\"Redacci\u00f3n\",\"image\":{\"@type\":\"ImageObject\",\"inLanguage\":\"es\",\"@id\":\"https:\\\/\\\/informatepy.com\\\/2024\\\/wp-content\\\/uploads\\\/2024\\\/02\\\/cropped-Isologo-sin-fondo.png9c354f01c536b2d49dbb929e96603401\",\"url\":\"https:\\\/\\\/informatepy.com\\\/2024\\\/wp-content\\\/uploads\\\/2024\\\/02\\\/cropped-Isologo-sin-fondo.png\",\"contentUrl\":\"https:\\\/\\\/informatepy.com\\\/2024\\\/wp-content\\\/uploads\\\/2024\\\/02\\\/cropped-Isologo-sin-fondo.png\",\"caption\":\"Redacci\u00f3n\"},\"sameAs\":[\"https:\\\/\\\/www.facebook.com\\\/InformatePyCom\",\"https:\\\/\\\/x.com\\\/https:\\\/\\\/twitter.com\\\/InformatePy1\"],\"url\":\"https:\\\/\\\/informatepy.com\\\/2024\\\/author\\\/redaccion\\\/\"}]}<\/script>\n<!-- \/ Yoast SEO plugin. -->","yoast_head_json":{"title":"Fiscal se\u00f1ala que Rub\u00e9n Villalba estaba en la zona de Yasy Ca\u00f1y donde fueron asesinadas 2 personas durante una ocupaci\u00f3n\ufffc - Informate Py Creemos en la libertad de expresi\u00f3n y en la capacidad de la gente de reflexionar\u00a0por\u00a0si\u00a0misma","robots":{"index":"index","follow":"follow","max-snippet":"max-snippet:-1","max-image-preview":"max-image-preview:large","max-video-preview":"max-video-preview:-1"},"canonical":"https:\/\/informatepy.com\/2024\/2022\/02\/14\/fiscal-senala-que-ruben-villalba-estaba-en-la-zona-de-yasy-cany-donde-fueron-asesinadas-2-personas-durante-una-ocupacion\/","og_locale":"es_ES","og_type":"article","og_title":"Fiscal se\u00f1ala que Rub\u00e9n Villalba estaba en la zona de Yasy Ca\u00f1y donde fueron asesinadas 2 personas durante una ocupaci\u00f3n\ufffc - Informate Py Creemos en la libertad de expresi\u00f3n y en la capacidad de la gente de reflexionar\u00a0por\u00a0si\u00a0misma","og_description":"Elvia Ch\u00e1vez, Fiscal a cargo de la investigaci\u00f3n por el doble homicidio enYasy Ca\u00f1y, habl\u00f3 con Monumental 1080 AM sobre los avances de la investigaci\u00f3n. La agente del\u00a0Ministerio P\u00fablico\u00a0reconoci\u00f3 que se hace complicado trabajar en la zona por el temor. La agente del Ministerio P\u00fablico se\u00f1al\u00f3 que la invasi\u00f3n de tierras estar\u00eda liderada por\u00a0Rub\u00e9n Villalba. [&hellip;]","og_url":"https:\/\/informatepy.com\/2024\/2022\/02\/14\/fiscal-senala-que-ruben-villalba-estaba-en-la-zona-de-yasy-cany-donde-fueron-asesinadas-2-personas-durante-una-ocupacion\/","og_site_name":"Informate Py Creemos en la libertad de expresi\u00f3n y en la capacidad de la gente de reflexionar\u00a0por\u00a0si\u00a0misma","article_author":"https:\/\/www.facebook.com\/InformatePyCom","article_published_time":"2022-02-14T11:27:31+00:00","og_image":[{"width":760,"height":420,"url":"https:\/\/i0.wp.com\/informatepy.com\/2024\/wp-content\/uploads\/2022\/02\/ruben-villalba-1.jpg?fit=760%2C420&ssl=1","type":"image\/jpeg"}],"author":"Redacci\u00f3n","twitter_card":"summary_large_image","twitter_creator":"@https:\/\/twitter.com\/InformatePy1","twitter_misc":{"Escrito por":"Redacci\u00f3n","Tiempo de lectura":"1 minuto"},"schema":{"@context":"https:\/\/schema.org","@graph":[{"@type":"Article","@id":"https:\/\/informatepy.com\/2024\/2022\/02\/14\/fiscal-senala-que-ruben-villalba-estaba-en-la-zona-de-yasy-cany-donde-fueron-asesinadas-2-personas-durante-una-ocupacion\/#article","isPartOf":{"@id":"https:\/\/informatepy.com\/2024\/2022\/02\/14\/fiscal-senala-que-ruben-villalba-estaba-en-la-zona-de-yasy-cany-donde-fueron-asesinadas-2-personas-durante-una-ocupacion\/"},"author":{"name":"Redacci\u00f3n","@id":"https:\/\/informatepy.com\/2024\/#\/schema\/person\/98728344b91c548ef8544c80daf58463"},"headline":"Fiscal se\u00f1ala que Rub\u00e9n Villalba estaba en la zona de Yasy Ca\u00f1y donde fueron asesinadas 2 personas durante una ocupaci\u00f3n\ufffc","datePublished":"2022-02-14T11:27:31+00:00","mainEntityOfPage":{"@id":"https:\/\/informatepy.com\/2024\/2022\/02\/14\/fiscal-senala-que-ruben-villalba-estaba-en-la-zona-de-yasy-cany-donde-fueron-asesinadas-2-personas-durante-una-ocupacion\/"},"wordCount":233,"publisher":{"@id":"https:\/\/informatepy.com\/2024\/#organization"},"image":{"@id":"https:\/\/informatepy.com\/2024\/2022\/02\/14\/fiscal-senala-que-ruben-villalba-estaba-en-la-zona-de-yasy-cany-donde-fueron-asesinadas-2-personas-durante-una-ocupacion\/#primaryimage"},"thumbnailUrl":"https:\/\/i0.wp.com\/informatepy.com\/2024\/wp-content\/uploads\/2022\/02\/ruben-villalba-1.jpg?fit=760%2C420&ssl=1","keywords":["destacada"],"articleSection":["Nacionales"],"inLanguage":"es"},{"@type":"WebPage","@id":"https:\/\/informatepy.com\/2024\/2022\/02\/14\/fiscal-senala-que-ruben-villalba-estaba-en-la-zona-de-yasy-cany-donde-fueron-asesinadas-2-personas-durante-una-ocupacion\/","url":"https:\/\/informatepy.com\/2024\/2022\/02\/14\/fiscal-senala-que-ruben-villalba-estaba-en-la-zona-de-yasy-cany-donde-fueron-asesinadas-2-personas-durante-una-ocupacion\/","name":"Fiscal se\u00f1ala que Rub\u00e9n Villalba estaba en la zona de Yasy Ca\u00f1y donde fueron asesinadas 2 personas durante una ocupaci\u00f3n\ufffc - Informate Py Creemos en la libertad de expresi\u00f3n y en la capacidad de la gente de reflexionar\u00a0por\u00a0si\u00a0misma","isPartOf":{"@id":"https:\/\/informatepy.com\/2024\/#website"},"primaryImageOfPage":{"@id":"https:\/\/informatepy.com\/2024\/2022\/02\/14\/fiscal-senala-que-ruben-villalba-estaba-en-la-zona-de-yasy-cany-donde-fueron-asesinadas-2-personas-durante-una-ocupacion\/#primaryimage"},"image":{"@id":"https:\/\/informatepy.com\/2024\/2022\/02\/14\/fiscal-senala-que-ruben-villalba-estaba-en-la-zona-de-yasy-cany-donde-fueron-asesinadas-2-personas-durante-una-ocupacion\/#primaryimage"},"thumbnailUrl":"https:\/\/i0.wp.com\/informatepy.com\/2024\/wp-content\/uploads\/2022\/02\/ruben-villalba-1.jpg?fit=760%2C420&ssl=1","datePublished":"2022-02-14T11:27:31+00:00","breadcrumb":{"@id":"https:\/\/informatepy.com\/2024\/2022\/02\/14\/fiscal-senala-que-ruben-villalba-estaba-en-la-zona-de-yasy-cany-donde-fueron-asesinadas-2-personas-durante-una-ocupacion\/#breadcrumb"},"inLanguage":"es","potentialAction":[{"@type":"ReadAction","target":["https:\/\/informatepy.com\/2024\/2022\/02\/14\/fiscal-senala-que-ruben-villalba-estaba-en-la-zona-de-yasy-cany-donde-fueron-asesinadas-2-personas-durante-una-ocupacion\/"]}]},{"@type":"ImageObject","inLanguage":"es","@id":"https:\/\/informatepy.com\/2024\/2022\/02\/14\/fiscal-senala-que-ruben-villalba-estaba-en-la-zona-de-yasy-cany-donde-fueron-asesinadas-2-personas-durante-una-ocupacion\/#primaryimage","url":"https:\/\/i0.wp.com\/informatepy.com\/2024\/wp-content\/uploads\/2022\/02\/ruben-villalba-1.jpg?fit=760%2C420&ssl=1","contentUrl":"https:\/\/i0.wp.com\/informatepy.com\/2024\/wp-content\/uploads\/2022\/02\/ruben-villalba-1.jpg?fit=760%2C420&ssl=1","width":760,"height":420},{"@type":"BreadcrumbList","@id":"https:\/\/informatepy.com\/2024\/2022\/02\/14\/fiscal-senala-que-ruben-villalba-estaba-en-la-zona-de-yasy-cany-donde-fueron-asesinadas-2-personas-durante-una-ocupacion\/#breadcrumb","itemListElement":[{"@type":"ListItem","position":1,"name":"Portada","item":"https:\/\/informatepy.com\/2024\/"},{"@type":"ListItem","position":2,"name":"Fiscal se\u00f1ala que Rub\u00e9n Villalba estaba en la zona de Yasy Ca\u00f1y donde fueron asesinadas 2 personas durante una ocupaci\u00f3n\ufffc"}]},{"@type":"WebSite","@id":"https:\/\/informatepy.com\/2024\/#website","url":"https:\/\/informatepy.com\/2024\/","name":"Informate Py Creemos en la libertad de expresi\u00f3n y en la capacidad de la gente de reflexionar\u00a0por\u00a0si\u00a0misma","description":"InformatePy","publisher":{"@id":"https:\/\/informatepy.com\/2024\/#organization"},"potentialAction":[{"@type":"SearchAction","target":{"@type":"EntryPoint","urlTemplate":"https:\/\/informatepy.com\/2024\/?s={search_term_string}"},"query-input":{"@type":"PropertyValueSpecification","valueRequired":true,"valueName":"search_term_string"}}],"inLanguage":"es"},{"@type":"Organization","@id":"https:\/\/informatepy.com\/2024\/#organization","name":"Informate Py Creemos en la libertad de expresi\u00f3n y en la capacidad de la gente de reflexionar\u00a0por\u00a0si\u00a0misma","url":"https:\/\/informatepy.com\/2024\/","logo":{"@type":"ImageObject","inLanguage":"es","@id":"https:\/\/informatepy.com\/2024\/#\/schema\/logo\/image\/","url":"https:\/\/i0.wp.com\/informatepy.com\/2024\/wp-content\/uploads\/2024\/02\/Logotipo-sin-fondo-informate-py500.png?fit=500%2C94&ssl=1","contentUrl":"https:\/\/i0.wp.com\/informatepy.com\/2024\/wp-content\/uploads\/2024\/02\/Logotipo-sin-fondo-informate-py500.png?fit=500%2C94&ssl=1","width":500,"height":94,"caption":"Informate Py Creemos en la libertad de expresi\u00f3n y en la capacidad de la gente de reflexionar\u00a0por\u00a0si\u00a0misma"},"image":{"@id":"https:\/\/informatepy.com\/2024\/#\/schema\/logo\/image\/"}},{"@type":"Person","@id":"https:\/\/informatepy.com\/2024\/#\/schema\/person\/98728344b91c548ef8544c80daf58463","name":"Redacci\u00f3n","image":{"@type":"ImageObject","inLanguage":"es","@id":"https:\/\/informatepy.com\/2024\/wp-content\/uploads\/2024\/02\/cropped-Isologo-sin-fondo.png9c354f01c536b2d49dbb929e96603401","url":"https:\/\/informatepy.com\/2024\/wp-content\/uploads\/2024\/02\/cropped-Isologo-sin-fondo.png","contentUrl":"https:\/\/informatepy.com\/2024\/wp-content\/uploads\/2024\/02\/cropped-Isologo-sin-fondo.png","caption":"Redacci\u00f3n"},"sameAs":["https:\/\/www.facebook.com\/InformatePyCom","https:\/\/x.com\/https:\/\/twitter.com\/InformatePy1"],"url":"https:\/\/informatepy.com\/2024\/author\/redaccion\/"}]}},"jetpack_featured_media_url":"https:\/\/i0.wp.com\/informatepy.com\/2024\/wp-content\/uploads\/2022\/02\/ruben-villalba-1.jpg?fit=760%2C420&ssl=1","jetpack-related-posts":[],"jetpack_sharing_enabled":true,"authors":[{"term_id":830,"user_id":3,"is_guest":0,"slug":"redaccion","display_name":"Redacci\u00f3n","avatar_url":{"url":"https:\/\/informatepy.com\/2024\/wp-content\/uploads\/2024\/02\/cropped-Isologo-sin-fondo.png","url2x":"https:\/\/informatepy.com\/2024\/wp-content\/uploads\/2024\/02\/cropped-Isologo-sin-fondo.png"},"author_category":"1","first_name":"Redacci\u00f3n","last_name":"","user_url":"","job_title":"","description":""}],"_links":{"self":[{"href":"https:\/\/informatepy.com\/2024\/wp-json\/wp\/v2\/posts\/5908","targetHints":{"allow":["GET"]}}],"collection":[{"href":"https:\/\/informatepy.com\/2024\/wp-json\/wp\/v2\/posts"}],"about":[{"href":"https:\/\/informatepy.com\/2024\/wp-json\/wp\/v2\/types\/post"}],"author":[{"embeddable":true,"href":"https:\/\/informatepy.com\/2024\/wp-json\/wp\/v2\/users\/3"}],"replies":[{"embeddable":true,"href":"https:\/\/informatepy.com\/2024\/wp-json\/wp\/v2\/comments?post=5908"}],"version-history":[{"count":0,"href":"https:\/\/informatepy.com\/2024\/wp-json\/wp\/v2\/posts\/5908\/revisions"}],"wp:featuredmedia":[{"embeddable":true,"href":"https:\/\/informatepy.com\/2024\/wp-json\/wp\/v2\/media\/5909"}],"wp:attachment":[{"href":"https:\/\/informatepy.com\/2024\/wp-json\/wp\/v2\/media?parent=5908"}],"wp:term":[{"taxonomy":"category","embeddable":true,"href":"https:\/\/informatepy.com\/2024\/wp-json\/wp\/v2\/categories?post=5908"},{"taxonomy":"post_tag","embeddable":true,"href":"https:\/\/informatepy.com\/2024\/wp-json\/wp\/v2\/tags?post=5908"},{"taxonomy":"jnews-series","embeddable":true,"href":"https:\/\/informatepy.com\/2024\/wp-json\/wp\/v2\/jnews-series?post=5908"},{"taxonomy":"author","embeddable":true,"href":"https:\/\/informatepy.com\/2024\/wp-json\/wp\/v2\/ppma_author?post=5908"}],"curies":[{"name":"wp","href":"https:\/\/api.w.org\/{rel}","templated":true}]}}