{"id":5618,"date":"2022-01-25T12:37:31","date_gmt":"2022-01-25T11:37:31","guid":{"rendered":"https:\/\/informatepy.com\/2024\/2022\/01\/25\/el-viceministro-anuncia-el-cambio-de-ministra-de-justicia\/"},"modified":"2022-01-25T12:37:31","modified_gmt":"2022-01-25T11:37:31","slug":"el-viceministro-anuncia-el-cambio-de-ministra-de-justicia","status":"publish","type":"post","link":"https:\/\/informatepy.com\/2024\/2022\/01\/25\/el-viceministro-anuncia-el-cambio-de-ministra-de-justicia\/","title":{"rendered":"El viceministro anuncia el cambio de ministra de Justicia"},"content":{"rendered":"\n<p class=\"has-text-align-justify\">Totalmente in\u00e9dito, un subalterno anunci\u00f3 p\u00fablicamente el cambio de su superior. Esto ocurri\u00f3 esta ma\u00f1ana cuando el viceministro de Pol\u00edtica Criminal del Ministerio de Justicia confirm\u00f3 la remoci\u00f3n de la ministra, Cecilia P\u00e9rez, de quien, sin embargo, reconoci\u00f3 que fue <em><strong>\u201cla mejor ministra de este gobierno\u201d<\/strong><\/em>.<\/p>\n\n\n\n<p class=\"has-text-align-justify\">Rub\u00e9n Maciel, viceministro de Pol\u00edtica Criminal, dijo en la 1020 AM que <em><strong>\u201cesa es la informaci\u00f3n que tenemos, estamos a la espera de que suceda. Depende del presidente. Definitivamente es un hecho que se la va a cambiar\u201d.<\/strong><\/em><\/p>\n\n\n\n<p class=\"has-text-align-justify\">Dijo tambi\u00e9n que <strong>P\u00e9rez ser\u00eda reemplazada por \u00c9dgar Olmedo, de muy cuestionada gesti\u00f3n al frente del INDI<\/strong> pero referente pol\u00edtico de <strong>Hugo Vel\u00e1zquez<\/strong> en el Departamento de Caaguaz\u00fa.<\/p>\n\n\n\n<p class=\"has-text-align-justify\">Esto confirmar\u00eda lo que se viene diciendo desde hace tiempo, que el precandidato del oficialismo ha realizado una <strong>fuerte campa\u00f1a para destituir a P\u00e9rez, quien no trabaja por su candidatura<\/strong> y hasta ahora no tuvo \u00e9xito porque en el entorno presidencial se la considera de las mejores integrantes del gabinete.<\/p>\n\n\n\n<p class=\"has-text-align-justify\">Si el cambio se concreta, este ser\u00e1 un abierto triunfo del Velazquismo, que sigue arrasando en todas las instituciones p\u00fablicas.<\/p>\n","protected":false},"excerpt":{"rendered":"<p>Totalmente in\u00e9dito, un subalterno anunci\u00f3 p\u00fablicamente el cambio de su superior. Esto ocurri\u00f3 esta ma\u00f1ana cuando el viceministro de Pol\u00edtica Criminal del Ministerio de Justicia confirm\u00f3 la remoci\u00f3n de la ministra, Cecilia P\u00e9rez, de quien, sin embargo, reconoci\u00f3 que fue \u201cla mejor ministra de este gobierno\u201d. Rub\u00e9n Maciel, viceministro de Pol\u00edtica Criminal, dijo en la [&hellip;]<\/p>\n","protected":false},"author":3,"featured_media":5619,"comment_status":"closed","ping_status":"open","sticky":false,"template":"","format":"standard","meta":{"_jetpack_memberships_contains_paid_content":false,"jnews-multi-image_gallery":[],"jnews_single_post":[],"jnews_primary_category":[],"jnews_override_bookmark_settings":[],"jnews_food_recipe":[],"enable_food_recipe":"","food_recipe_title":"","food_recipe_description":"","food_recipe_serve":"","food_recipe_time":"","food_recipe_prep":"","food_recipe_level":"","food_recipe_keywords":"","food_recipe_category":"","food_recipe_cuisine":"","food_recipe_yield":"","food_recipe_calories":"","enable_print_recipe":"","ingredient":[],"instruction":"","jnews_social_meta":[],"jnews_paywall_metabox":[],"jnews_review":[],"enable_review":"","type":"","name":"","summary":"","brand":"","sku":"","good":[],"bad":[],"score_override":"","override_value":"","rating":[],"price":[],"jnews_override_counter":[],"jnews_post_split":[],"jnews_podcast_option":[],"jnews_podcast_series":[],"footnotes":""},"categories":[34],"tags":[642,831,430],"jnews-series":[],"ppma_author":[830],"class_list":["post-5618","post","type-post","status-publish","format-standard","has-post-thumbnail","hentry","category-nacionales","tag-cecilia-perez","tag-destacada","tag-ministerio-de-justicia"],"yoast_head":"<!-- This site is optimized with the Yoast SEO plugin v27.5 - https:\/\/yoast.com\/product\/yoast-seo-wordpress\/ -->\n<title>El viceministro anuncia el cambio de ministra de Justicia - Informate Py Creemos en la libertad de expresi\u00f3n y en la capacidad de la gente de reflexionar\u00a0por\u00a0si\u00a0misma<\/title>\n<meta name=\"robots\" content=\"index, follow, max-snippet:-1, max-image-preview:large, max-video-preview:-1\" \/>\n<link rel=\"canonical\" href=\"https:\/\/informatepy.com\/2024\/2022\/01\/25\/el-viceministro-anuncia-el-cambio-de-ministra-de-justicia\/\" \/>\n<meta property=\"og:locale\" content=\"es_ES\" \/>\n<meta property=\"og:type\" content=\"article\" \/>\n<meta property=\"og:title\" content=\"El viceministro anuncia el cambio de ministra de Justicia - Informate Py Creemos en la libertad de expresi\u00f3n y en la capacidad de la gente de reflexionar\u00a0por\u00a0si\u00a0misma\" \/>\n<meta property=\"og:description\" content=\"Totalmente in\u00e9dito, un subalterno anunci\u00f3 p\u00fablicamente el cambio de su superior. Esto ocurri\u00f3 esta ma\u00f1ana cuando el viceministro de Pol\u00edtica Criminal del Ministerio de Justicia confirm\u00f3 la remoci\u00f3n de la ministra, Cecilia P\u00e9rez, de quien, sin embargo, reconoci\u00f3 que fue \u201cla mejor ministra de este gobierno\u201d. Rub\u00e9n Maciel, viceministro de Pol\u00edtica Criminal, dijo en la [&hellip;]\" \/>\n<meta property=\"og:url\" content=\"https:\/\/informatepy.com\/2024\/2022\/01\/25\/el-viceministro-anuncia-el-cambio-de-ministra-de-justicia\/\" \/>\n<meta property=\"og:site_name\" content=\"Informate Py Creemos en la libertad de expresi\u00f3n y en la capacidad de la gente de reflexionar\u00a0por\u00a0si\u00a0misma\" \/>\n<meta property=\"article:author\" content=\"https:\/\/www.facebook.com\/InformatePyCom\" \/>\n<meta property=\"article:published_time\" content=\"2022-01-25T11:37:31+00:00\" \/>\n<meta property=\"og:image\" content=\"https:\/\/i0.wp.com\/informatepy.com\/2024\/wp-content\/uploads\/2022\/01\/ruben-maciel-vice-pol-criminal-1.png?fit=1200%2C900&ssl=1\" \/>\n\t<meta property=\"og:image:width\" content=\"1200\" \/>\n\t<meta property=\"og:image:height\" content=\"900\" \/>\n\t<meta property=\"og:image:type\" content=\"image\/png\" \/>\n<meta name=\"author\" content=\"Redacci\u00f3n\" \/>\n<meta name=\"twitter:card\" content=\"summary_large_image\" \/>\n<meta name=\"twitter:creator\" content=\"@https:\/\/twitter.com\/InformatePy1\" \/>\n<meta name=\"twitter:label1\" content=\"Escrito por\" \/>\n\t<meta name=\"twitter:data1\" content=\"Redacci\u00f3n\" \/>\n\t<meta name=\"twitter:label2\" content=\"Tiempo de lectura\" \/>\n\t<meta name=\"twitter:data2\" content=\"1 minuto\" \/>\n<script type=\"application\/ld+json\" class=\"yoast-schema-graph\">{\"@context\":\"https:\\\/\\\/schema.org\",\"@graph\":[{\"@type\":\"Article\",\"@id\":\"https:\\\/\\\/informatepy.com\\\/2024\\\/2022\\\/01\\\/25\\\/el-viceministro-anuncia-el-cambio-de-ministra-de-justicia\\\/#article\",\"isPartOf\":{\"@id\":\"https:\\\/\\\/informatepy.com\\\/2024\\\/2022\\\/01\\\/25\\\/el-viceministro-anuncia-el-cambio-de-ministra-de-justicia\\\/\"},\"author\":{\"name\":\"Redacci\u00f3n\",\"@id\":\"https:\\\/\\\/informatepy.com\\\/2024\\\/#\\\/schema\\\/person\\\/98728344b91c548ef8544c80daf58463\"},\"headline\":\"El viceministro anuncia el cambio de ministra de Justicia\",\"datePublished\":\"2022-01-25T11:37:31+00:00\",\"mainEntityOfPage\":{\"@id\":\"https:\\\/\\\/informatepy.com\\\/2024\\\/2022\\\/01\\\/25\\\/el-viceministro-anuncia-el-cambio-de-ministra-de-justicia\\\/\"},\"wordCount\":209,\"publisher\":{\"@id\":\"https:\\\/\\\/informatepy.com\\\/2024\\\/#organization\"},\"image\":{\"@id\":\"https:\\\/\\\/informatepy.com\\\/2024\\\/2022\\\/01\\\/25\\\/el-viceministro-anuncia-el-cambio-de-ministra-de-justicia\\\/#primaryimage\"},\"thumbnailUrl\":\"https:\\\/\\\/i0.wp.com\\\/informatepy.com\\\/2024\\\/wp-content\\\/uploads\\\/2022\\\/01\\\/ruben-maciel-vice-pol-criminal-1.png?fit=1200%2C900&ssl=1\",\"keywords\":[\"cecilia perez\",\"destacada\",\"ministerio de justicia\"],\"articleSection\":[\"Nacionales\"],\"inLanguage\":\"es\"},{\"@type\":\"WebPage\",\"@id\":\"https:\\\/\\\/informatepy.com\\\/2024\\\/2022\\\/01\\\/25\\\/el-viceministro-anuncia-el-cambio-de-ministra-de-justicia\\\/\",\"url\":\"https:\\\/\\\/informatepy.com\\\/2024\\\/2022\\\/01\\\/25\\\/el-viceministro-anuncia-el-cambio-de-ministra-de-justicia\\\/\",\"name\":\"El viceministro anuncia el cambio de ministra de Justicia - Informate Py Creemos en la libertad de expresi\u00f3n y en la capacidad de la gente de reflexionar\u00a0por\u00a0si\u00a0misma\",\"isPartOf\":{\"@id\":\"https:\\\/\\\/informatepy.com\\\/2024\\\/#website\"},\"primaryImageOfPage\":{\"@id\":\"https:\\\/\\\/informatepy.com\\\/2024\\\/2022\\\/01\\\/25\\\/el-viceministro-anuncia-el-cambio-de-ministra-de-justicia\\\/#primaryimage\"},\"image\":{\"@id\":\"https:\\\/\\\/informatepy.com\\\/2024\\\/2022\\\/01\\\/25\\\/el-viceministro-anuncia-el-cambio-de-ministra-de-justicia\\\/#primaryimage\"},\"thumbnailUrl\":\"https:\\\/\\\/i0.wp.com\\\/informatepy.com\\\/2024\\\/wp-content\\\/uploads\\\/2022\\\/01\\\/ruben-maciel-vice-pol-criminal-1.png?fit=1200%2C900&ssl=1\",\"datePublished\":\"2022-01-25T11:37:31+00:00\",\"breadcrumb\":{\"@id\":\"https:\\\/\\\/informatepy.com\\\/2024\\\/2022\\\/01\\\/25\\\/el-viceministro-anuncia-el-cambio-de-ministra-de-justicia\\\/#breadcrumb\"},\"inLanguage\":\"es\",\"potentialAction\":[{\"@type\":\"ReadAction\",\"target\":[\"https:\\\/\\\/informatepy.com\\\/2024\\\/2022\\\/01\\\/25\\\/el-viceministro-anuncia-el-cambio-de-ministra-de-justicia\\\/\"]}]},{\"@type\":\"ImageObject\",\"inLanguage\":\"es\",\"@id\":\"https:\\\/\\\/informatepy.com\\\/2024\\\/2022\\\/01\\\/25\\\/el-viceministro-anuncia-el-cambio-de-ministra-de-justicia\\\/#primaryimage\",\"url\":\"https:\\\/\\\/i0.wp.com\\\/informatepy.com\\\/2024\\\/wp-content\\\/uploads\\\/2022\\\/01\\\/ruben-maciel-vice-pol-criminal-1.png?fit=1200%2C900&ssl=1\",\"contentUrl\":\"https:\\\/\\\/i0.wp.com\\\/informatepy.com\\\/2024\\\/wp-content\\\/uploads\\\/2022\\\/01\\\/ruben-maciel-vice-pol-criminal-1.png?fit=1200%2C900&ssl=1\",\"width\":1200,\"height\":900},{\"@type\":\"BreadcrumbList\",\"@id\":\"https:\\\/\\\/informatepy.com\\\/2024\\\/2022\\\/01\\\/25\\\/el-viceministro-anuncia-el-cambio-de-ministra-de-justicia\\\/#breadcrumb\",\"itemListElement\":[{\"@type\":\"ListItem\",\"position\":1,\"name\":\"Portada\",\"item\":\"https:\\\/\\\/informatepy.com\\\/2024\\\/\"},{\"@type\":\"ListItem\",\"position\":2,\"name\":\"El viceministro anuncia el cambio de ministra de Justicia\"}]},{\"@type\":\"WebSite\",\"@id\":\"https:\\\/\\\/informatepy.com\\\/2024\\\/#website\",\"url\":\"https:\\\/\\\/informatepy.com\\\/2024\\\/\",\"name\":\"Informate Py Creemos en la libertad de expresi\u00f3n y en la capacidad de la gente de reflexionar\u00a0por\u00a0si\u00a0misma\",\"description\":\"InformatePy\",\"publisher\":{\"@id\":\"https:\\\/\\\/informatepy.com\\\/2024\\\/#organization\"},\"potentialAction\":[{\"@type\":\"SearchAction\",\"target\":{\"@type\":\"EntryPoint\",\"urlTemplate\":\"https:\\\/\\\/informatepy.com\\\/2024\\\/?s={search_term_string}\"},\"query-input\":{\"@type\":\"PropertyValueSpecification\",\"valueRequired\":true,\"valueName\":\"search_term_string\"}}],\"inLanguage\":\"es\"},{\"@type\":\"Organization\",\"@id\":\"https:\\\/\\\/informatepy.com\\\/2024\\\/#organization\",\"name\":\"Informate Py Creemos en la libertad de expresi\u00f3n y en la capacidad de la gente de reflexionar\u00a0por\u00a0si\u00a0misma\",\"url\":\"https:\\\/\\\/informatepy.com\\\/2024\\\/\",\"logo\":{\"@type\":\"ImageObject\",\"inLanguage\":\"es\",\"@id\":\"https:\\\/\\\/informatepy.com\\\/2024\\\/#\\\/schema\\\/logo\\\/image\\\/\",\"url\":\"https:\\\/\\\/i0.wp.com\\\/informatepy.com\\\/2024\\\/wp-content\\\/uploads\\\/2024\\\/02\\\/Logotipo-sin-fondo-informate-py500.png?fit=500%2C94&ssl=1\",\"contentUrl\":\"https:\\\/\\\/i0.wp.com\\\/informatepy.com\\\/2024\\\/wp-content\\\/uploads\\\/2024\\\/02\\\/Logotipo-sin-fondo-informate-py500.png?fit=500%2C94&ssl=1\",\"width\":500,\"height\":94,\"caption\":\"Informate Py Creemos en la libertad de expresi\u00f3n y en la capacidad de la gente de reflexionar\u00a0por\u00a0si\u00a0misma\"},\"image\":{\"@id\":\"https:\\\/\\\/informatepy.com\\\/2024\\\/#\\\/schema\\\/logo\\\/image\\\/\"}},{\"@type\":\"Person\",\"@id\":\"https:\\\/\\\/informatepy.com\\\/2024\\\/#\\\/schema\\\/person\\\/98728344b91c548ef8544c80daf58463\",\"name\":\"Redacci\u00f3n\",\"image\":{\"@type\":\"ImageObject\",\"inLanguage\":\"es\",\"@id\":\"https:\\\/\\\/informatepy.com\\\/2024\\\/wp-content\\\/uploads\\\/2024\\\/02\\\/cropped-Isologo-sin-fondo.png9c354f01c536b2d49dbb929e96603401\",\"url\":\"https:\\\/\\\/informatepy.com\\\/2024\\\/wp-content\\\/uploads\\\/2024\\\/02\\\/cropped-Isologo-sin-fondo.png\",\"contentUrl\":\"https:\\\/\\\/informatepy.com\\\/2024\\\/wp-content\\\/uploads\\\/2024\\\/02\\\/cropped-Isologo-sin-fondo.png\",\"caption\":\"Redacci\u00f3n\"},\"sameAs\":[\"https:\\\/\\\/www.facebook.com\\\/InformatePyCom\",\"https:\\\/\\\/x.com\\\/https:\\\/\\\/twitter.com\\\/InformatePy1\"],\"url\":\"https:\\\/\\\/informatepy.com\\\/2024\\\/author\\\/redaccion\\\/\"}]}<\/script>\n<!-- \/ Yoast SEO plugin. -->","yoast_head_json":{"title":"El viceministro anuncia el cambio de ministra de Justicia - Informate Py Creemos en la libertad de expresi\u00f3n y en la capacidad de la gente de reflexionar\u00a0por\u00a0si\u00a0misma","robots":{"index":"index","follow":"follow","max-snippet":"max-snippet:-1","max-image-preview":"max-image-preview:large","max-video-preview":"max-video-preview:-1"},"canonical":"https:\/\/informatepy.com\/2024\/2022\/01\/25\/el-viceministro-anuncia-el-cambio-de-ministra-de-justicia\/","og_locale":"es_ES","og_type":"article","og_title":"El viceministro anuncia el cambio de ministra de Justicia - Informate Py Creemos en la libertad de expresi\u00f3n y en la capacidad de la gente de reflexionar\u00a0por\u00a0si\u00a0misma","og_description":"Totalmente in\u00e9dito, un subalterno anunci\u00f3 p\u00fablicamente el cambio de su superior. Esto ocurri\u00f3 esta ma\u00f1ana cuando el viceministro de Pol\u00edtica Criminal del Ministerio de Justicia confirm\u00f3 la remoci\u00f3n de la ministra, Cecilia P\u00e9rez, de quien, sin embargo, reconoci\u00f3 que fue \u201cla mejor ministra de este gobierno\u201d. Rub\u00e9n Maciel, viceministro de Pol\u00edtica Criminal, dijo en la [&hellip;]","og_url":"https:\/\/informatepy.com\/2024\/2022\/01\/25\/el-viceministro-anuncia-el-cambio-de-ministra-de-justicia\/","og_site_name":"Informate Py Creemos en la libertad de expresi\u00f3n y en la capacidad de la gente de reflexionar\u00a0por\u00a0si\u00a0misma","article_author":"https:\/\/www.facebook.com\/InformatePyCom","article_published_time":"2022-01-25T11:37:31+00:00","og_image":[{"width":1200,"height":900,"url":"https:\/\/i0.wp.com\/informatepy.com\/2024\/wp-content\/uploads\/2022\/01\/ruben-maciel-vice-pol-criminal-1.png?fit=1200%2C900&ssl=1","type":"image\/png"}],"author":"Redacci\u00f3n","twitter_card":"summary_large_image","twitter_creator":"@https:\/\/twitter.com\/InformatePy1","twitter_misc":{"Escrito por":"Redacci\u00f3n","Tiempo de lectura":"1 minuto"},"schema":{"@context":"https:\/\/schema.org","@graph":[{"@type":"Article","@id":"https:\/\/informatepy.com\/2024\/2022\/01\/25\/el-viceministro-anuncia-el-cambio-de-ministra-de-justicia\/#article","isPartOf":{"@id":"https:\/\/informatepy.com\/2024\/2022\/01\/25\/el-viceministro-anuncia-el-cambio-de-ministra-de-justicia\/"},"author":{"name":"Redacci\u00f3n","@id":"https:\/\/informatepy.com\/2024\/#\/schema\/person\/98728344b91c548ef8544c80daf58463"},"headline":"El viceministro anuncia el cambio de ministra de Justicia","datePublished":"2022-01-25T11:37:31+00:00","mainEntityOfPage":{"@id":"https:\/\/informatepy.com\/2024\/2022\/01\/25\/el-viceministro-anuncia-el-cambio-de-ministra-de-justicia\/"},"wordCount":209,"publisher":{"@id":"https:\/\/informatepy.com\/2024\/#organization"},"image":{"@id":"https:\/\/informatepy.com\/2024\/2022\/01\/25\/el-viceministro-anuncia-el-cambio-de-ministra-de-justicia\/#primaryimage"},"thumbnailUrl":"https:\/\/i0.wp.com\/informatepy.com\/2024\/wp-content\/uploads\/2022\/01\/ruben-maciel-vice-pol-criminal-1.png?fit=1200%2C900&ssl=1","keywords":["cecilia perez","destacada","ministerio de justicia"],"articleSection":["Nacionales"],"inLanguage":"es"},{"@type":"WebPage","@id":"https:\/\/informatepy.com\/2024\/2022\/01\/25\/el-viceministro-anuncia-el-cambio-de-ministra-de-justicia\/","url":"https:\/\/informatepy.com\/2024\/2022\/01\/25\/el-viceministro-anuncia-el-cambio-de-ministra-de-justicia\/","name":"El viceministro anuncia el cambio de ministra de Justicia - Informate Py Creemos en la libertad de expresi\u00f3n y en la capacidad de la gente de reflexionar\u00a0por\u00a0si\u00a0misma","isPartOf":{"@id":"https:\/\/informatepy.com\/2024\/#website"},"primaryImageOfPage":{"@id":"https:\/\/informatepy.com\/2024\/2022\/01\/25\/el-viceministro-anuncia-el-cambio-de-ministra-de-justicia\/#primaryimage"},"image":{"@id":"https:\/\/informatepy.com\/2024\/2022\/01\/25\/el-viceministro-anuncia-el-cambio-de-ministra-de-justicia\/#primaryimage"},"thumbnailUrl":"https:\/\/i0.wp.com\/informatepy.com\/2024\/wp-content\/uploads\/2022\/01\/ruben-maciel-vice-pol-criminal-1.png?fit=1200%2C900&ssl=1","datePublished":"2022-01-25T11:37:31+00:00","breadcrumb":{"@id":"https:\/\/informatepy.com\/2024\/2022\/01\/25\/el-viceministro-anuncia-el-cambio-de-ministra-de-justicia\/#breadcrumb"},"inLanguage":"es","potentialAction":[{"@type":"ReadAction","target":["https:\/\/informatepy.com\/2024\/2022\/01\/25\/el-viceministro-anuncia-el-cambio-de-ministra-de-justicia\/"]}]},{"@type":"ImageObject","inLanguage":"es","@id":"https:\/\/informatepy.com\/2024\/2022\/01\/25\/el-viceministro-anuncia-el-cambio-de-ministra-de-justicia\/#primaryimage","url":"https:\/\/i0.wp.com\/informatepy.com\/2024\/wp-content\/uploads\/2022\/01\/ruben-maciel-vice-pol-criminal-1.png?fit=1200%2C900&ssl=1","contentUrl":"https:\/\/i0.wp.com\/informatepy.com\/2024\/wp-content\/uploads\/2022\/01\/ruben-maciel-vice-pol-criminal-1.png?fit=1200%2C900&ssl=1","width":1200,"height":900},{"@type":"BreadcrumbList","@id":"https:\/\/informatepy.com\/2024\/2022\/01\/25\/el-viceministro-anuncia-el-cambio-de-ministra-de-justicia\/#breadcrumb","itemListElement":[{"@type":"ListItem","position":1,"name":"Portada","item":"https:\/\/informatepy.com\/2024\/"},{"@type":"ListItem","position":2,"name":"El viceministro anuncia el cambio de ministra de Justicia"}]},{"@type":"WebSite","@id":"https:\/\/informatepy.com\/2024\/#website","url":"https:\/\/informatepy.com\/2024\/","name":"Informate Py Creemos en la libertad de expresi\u00f3n y en la capacidad de la gente de reflexionar\u00a0por\u00a0si\u00a0misma","description":"InformatePy","publisher":{"@id":"https:\/\/informatepy.com\/2024\/#organization"},"potentialAction":[{"@type":"SearchAction","target":{"@type":"EntryPoint","urlTemplate":"https:\/\/informatepy.com\/2024\/?s={search_term_string}"},"query-input":{"@type":"PropertyValueSpecification","valueRequired":true,"valueName":"search_term_string"}}],"inLanguage":"es"},{"@type":"Organization","@id":"https:\/\/informatepy.com\/2024\/#organization","name":"Informate Py Creemos en la libertad de expresi\u00f3n y en la capacidad de la gente de reflexionar\u00a0por\u00a0si\u00a0misma","url":"https:\/\/informatepy.com\/2024\/","logo":{"@type":"ImageObject","inLanguage":"es","@id":"https:\/\/informatepy.com\/2024\/#\/schema\/logo\/image\/","url":"https:\/\/i0.wp.com\/informatepy.com\/2024\/wp-content\/uploads\/2024\/02\/Logotipo-sin-fondo-informate-py500.png?fit=500%2C94&ssl=1","contentUrl":"https:\/\/i0.wp.com\/informatepy.com\/2024\/wp-content\/uploads\/2024\/02\/Logotipo-sin-fondo-informate-py500.png?fit=500%2C94&ssl=1","width":500,"height":94,"caption":"Informate Py Creemos en la libertad de expresi\u00f3n y en la capacidad de la gente de reflexionar\u00a0por\u00a0si\u00a0misma"},"image":{"@id":"https:\/\/informatepy.com\/2024\/#\/schema\/logo\/image\/"}},{"@type":"Person","@id":"https:\/\/informatepy.com\/2024\/#\/schema\/person\/98728344b91c548ef8544c80daf58463","name":"Redacci\u00f3n","image":{"@type":"ImageObject","inLanguage":"es","@id":"https:\/\/informatepy.com\/2024\/wp-content\/uploads\/2024\/02\/cropped-Isologo-sin-fondo.png9c354f01c536b2d49dbb929e96603401","url":"https:\/\/informatepy.com\/2024\/wp-content\/uploads\/2024\/02\/cropped-Isologo-sin-fondo.png","contentUrl":"https:\/\/informatepy.com\/2024\/wp-content\/uploads\/2024\/02\/cropped-Isologo-sin-fondo.png","caption":"Redacci\u00f3n"},"sameAs":["https:\/\/www.facebook.com\/InformatePyCom","https:\/\/x.com\/https:\/\/twitter.com\/InformatePy1"],"url":"https:\/\/informatepy.com\/2024\/author\/redaccion\/"}]}},"jetpack_featured_media_url":"https:\/\/i0.wp.com\/informatepy.com\/2024\/wp-content\/uploads\/2022\/01\/ruben-maciel-vice-pol-criminal-1.png?fit=1200%2C900&ssl=1","jetpack-related-posts":[],"jetpack_sharing_enabled":true,"authors":[{"term_id":830,"user_id":3,"is_guest":0,"slug":"redaccion","display_name":"Redacci\u00f3n","avatar_url":{"url":"https:\/\/informatepy.com\/2024\/wp-content\/uploads\/2024\/02\/cropped-Isologo-sin-fondo.png","url2x":"https:\/\/informatepy.com\/2024\/wp-content\/uploads\/2024\/02\/cropped-Isologo-sin-fondo.png"},"author_category":"1","first_name":"Redacci\u00f3n","last_name":"","user_url":"","job_title":"","description":""}],"_links":{"self":[{"href":"https:\/\/informatepy.com\/2024\/wp-json\/wp\/v2\/posts\/5618","targetHints":{"allow":["GET"]}}],"collection":[{"href":"https:\/\/informatepy.com\/2024\/wp-json\/wp\/v2\/posts"}],"about":[{"href":"https:\/\/informatepy.com\/2024\/wp-json\/wp\/v2\/types\/post"}],"author":[{"embeddable":true,"href":"https:\/\/informatepy.com\/2024\/wp-json\/wp\/v2\/users\/3"}],"replies":[{"embeddable":true,"href":"https:\/\/informatepy.com\/2024\/wp-json\/wp\/v2\/comments?post=5618"}],"version-history":[{"count":0,"href":"https:\/\/informatepy.com\/2024\/wp-json\/wp\/v2\/posts\/5618\/revisions"}],"wp:featuredmedia":[{"embeddable":true,"href":"https:\/\/informatepy.com\/2024\/wp-json\/wp\/v2\/media\/5619"}],"wp:attachment":[{"href":"https:\/\/informatepy.com\/2024\/wp-json\/wp\/v2\/media?parent=5618"}],"wp:term":[{"taxonomy":"category","embeddable":true,"href":"https:\/\/informatepy.com\/2024\/wp-json\/wp\/v2\/categories?post=5618"},{"taxonomy":"post_tag","embeddable":true,"href":"https:\/\/informatepy.com\/2024\/wp-json\/wp\/v2\/tags?post=5618"},{"taxonomy":"jnews-series","embeddable":true,"href":"https:\/\/informatepy.com\/2024\/wp-json\/wp\/v2\/jnews-series?post=5618"},{"taxonomy":"author","embeddable":true,"href":"https:\/\/informatepy.com\/2024\/wp-json\/wp\/v2\/ppma_author?post=5618"}],"curies":[{"name":"wp","href":"https:\/\/api.w.org\/{rel}","templated":true}]}}