{"id":5516,"date":"2022-01-21T18:04:42","date_gmt":"2022-01-21T17:04:42","guid":{"rendered":"https:\/\/informatepy.com\/2024\/2022\/01\/21\/hugo-velazquez-obligado-a-retroceder-en-su-impulso-aliancista\/"},"modified":"2022-01-21T18:04:42","modified_gmt":"2022-01-21T17:04:42","slug":"hugo-velazquez-obligado-a-retroceder-en-su-impulso-aliancista","status":"publish","type":"post","link":"https:\/\/informatepy.com\/2024\/2022\/01\/21\/hugo-velazquez-obligado-a-retroceder-en-su-impulso-aliancista\/","title":{"rendered":"Hugo Vel\u00e1zquez obligado a retroceder en su impulso aliancista"},"content":{"rendered":"\n<p class=\"has-text-align-justify\">El vice presidente Hugo Vel\u00e1zquez, se desdijo y afirm\u00f3 que <em><strong>\u00abAs\u00ed como est\u00e1n las cosas, creo que el sentimiento del pueblo es que nos mantengamos en una chapa Presidencial de colorados\u00bb<\/strong><\/em>.<\/p>\n\n\n\n<p class=\"has-text-align-justify\">Si bien el pre candidato manifest\u00f3 que cualquier colorado podr\u00eda integrar su chapa presidencial, minutos antes, refiri\u00e9ndose a la senadora Lilian Samaniego, hab\u00eda manifestado que <strong><em>\u00abtiene las condiciones intelectuales, morales y de liderazgo en el partido\u00bb, y \u00abes una de las personas consideradas para la vice presidencia de la rep\u00fablica\u00bb.<\/em><\/strong><\/p>\n","protected":false},"excerpt":{"rendered":"<p>El vice presidente Hugo Vel\u00e1zquez, se desdijo y afirm\u00f3 que \u00abAs\u00ed como est\u00e1n las cosas, creo que el sentimiento del pueblo es que nos mantengamos en una chapa Presidencial de colorados\u00bb. Si bien el pre candidato manifest\u00f3 que cualquier colorado podr\u00eda integrar su chapa presidencial, minutos antes, refiri\u00e9ndose a la senadora Lilian Samaniego, hab\u00eda manifestado [&hellip;]<\/p>\n","protected":false},"author":3,"featured_media":5226,"comment_status":"closed","ping_status":"open","sticky":false,"template":"","format":"standard","meta":{"_jetpack_memberships_contains_paid_content":false,"jnews-multi-image_gallery":[],"jnews_single_post":[],"jnews_primary_category":[],"jnews_override_bookmark_settings":[],"jnews_food_recipe":[],"enable_food_recipe":"","food_recipe_title":"","food_recipe_description":"","food_recipe_serve":"","food_recipe_time":"","food_recipe_prep":"","food_recipe_level":"","food_recipe_keywords":"","food_recipe_category":"","food_recipe_cuisine":"","food_recipe_yield":"","food_recipe_calories":"","enable_print_recipe":"","ingredient":[],"instruction":"","jnews_social_meta":[],"jnews_paywall_metabox":[],"jnews_review":[],"enable_review":"","type":"","name":"","summary":"","brand":"","sku":"","good":[],"bad":[],"score_override":"","override_value":"","rating":[],"price":[],"jnews_override_counter":[],"jnews_post_split":[],"jnews_podcast_option":[],"jnews_podcast_series":[],"footnotes":""},"categories":[34],"tags":[138,831,1394,516,618,286],"jnews-series":[],"ppma_author":[830],"class_list":["post-5516","post","type-post","status-publish","format-standard","has-post-thumbnail","hentry","category-nacionales","tag-anr","tag-destacada","tag-elecciones-2023","tag-hugo-velazquez","tag-lilian-samaniego","tag-partido-colorado"],"yoast_head":"<!-- This site is optimized with the Yoast SEO plugin v27.4 - https:\/\/yoast.com\/product\/yoast-seo-wordpress\/ -->\n<title>Hugo Vel\u00e1zquez obligado a retroceder en su impulso aliancista - Informate Py Creemos en la libertad de expresi\u00f3n y en la capacidad de la gente de reflexionar\u00a0por\u00a0si\u00a0misma<\/title>\n<meta name=\"robots\" content=\"index, follow, max-snippet:-1, max-image-preview:large, max-video-preview:-1\" \/>\n<link rel=\"canonical\" href=\"https:\/\/informatepy.com\/2024\/2022\/01\/21\/hugo-velazquez-obligado-a-retroceder-en-su-impulso-aliancista\/\" \/>\n<meta property=\"og:locale\" content=\"es_ES\" \/>\n<meta property=\"og:type\" content=\"article\" \/>\n<meta property=\"og:title\" content=\"Hugo Vel\u00e1zquez obligado a retroceder en su impulso aliancista - Informate Py Creemos en la libertad de expresi\u00f3n y en la capacidad de la gente de reflexionar\u00a0por\u00a0si\u00a0misma\" \/>\n<meta property=\"og:description\" content=\"El vice presidente Hugo Vel\u00e1zquez, se desdijo y afirm\u00f3 que \u00abAs\u00ed como est\u00e1n las cosas, creo que el sentimiento del pueblo es que nos mantengamos en una chapa Presidencial de colorados\u00bb. Si bien el pre candidato manifest\u00f3 que cualquier colorado podr\u00eda integrar su chapa presidencial, minutos antes, refiri\u00e9ndose a la senadora Lilian Samaniego, hab\u00eda manifestado [&hellip;]\" \/>\n<meta property=\"og:url\" content=\"https:\/\/informatepy.com\/2024\/2022\/01\/21\/hugo-velazquez-obligado-a-retroceder-en-su-impulso-aliancista\/\" \/>\n<meta property=\"og:site_name\" content=\"Informate Py Creemos en la libertad de expresi\u00f3n y en la capacidad de la gente de reflexionar\u00a0por\u00a0si\u00a0misma\" \/>\n<meta property=\"article:author\" content=\"https:\/\/www.facebook.com\/InformatePyCom\" \/>\n<meta property=\"article:published_time\" content=\"2022-01-21T17:04:42+00:00\" \/>\n<meta property=\"og:image\" content=\"https:\/\/i0.wp.com\/informatepy.com\/2024\/wp-content\/uploads\/2022\/01\/hugo-velazquez-palacio-1.jpeg?fit=735%2C400&ssl=1\" \/>\n\t<meta property=\"og:image:width\" content=\"735\" \/>\n\t<meta property=\"og:image:height\" content=\"400\" \/>\n\t<meta property=\"og:image:type\" content=\"image\/jpeg\" \/>\n<meta name=\"author\" content=\"Redacci\u00f3n\" \/>\n<meta name=\"twitter:card\" content=\"summary_large_image\" \/>\n<meta name=\"twitter:creator\" content=\"@https:\/\/twitter.com\/InformatePy1\" \/>\n<meta name=\"twitter:label1\" content=\"Escrito por\" \/>\n\t<meta name=\"twitter:data1\" content=\"Redacci\u00f3n\" \/>\n<script type=\"application\/ld+json\" class=\"yoast-schema-graph\">{\"@context\":\"https:\\\/\\\/schema.org\",\"@graph\":[{\"@type\":\"Article\",\"@id\":\"https:\\\/\\\/informatepy.com\\\/2024\\\/2022\\\/01\\\/21\\\/hugo-velazquez-obligado-a-retroceder-en-su-impulso-aliancista\\\/#article\",\"isPartOf\":{\"@id\":\"https:\\\/\\\/informatepy.com\\\/2024\\\/2022\\\/01\\\/21\\\/hugo-velazquez-obligado-a-retroceder-en-su-impulso-aliancista\\\/\"},\"author\":{\"name\":\"Redacci\u00f3n\",\"@id\":\"https:\\\/\\\/informatepy.com\\\/2024\\\/#\\\/schema\\\/person\\\/98728344b91c548ef8544c80daf58463\"},\"headline\":\"Hugo Vel\u00e1zquez obligado a retroceder en su impulso aliancista\",\"datePublished\":\"2022-01-21T17:04:42+00:00\",\"mainEntityOfPage\":{\"@id\":\"https:\\\/\\\/informatepy.com\\\/2024\\\/2022\\\/01\\\/21\\\/hugo-velazquez-obligado-a-retroceder-en-su-impulso-aliancista\\\/\"},\"wordCount\":97,\"publisher\":{\"@id\":\"https:\\\/\\\/informatepy.com\\\/2024\\\/#organization\"},\"image\":{\"@id\":\"https:\\\/\\\/informatepy.com\\\/2024\\\/2022\\\/01\\\/21\\\/hugo-velazquez-obligado-a-retroceder-en-su-impulso-aliancista\\\/#primaryimage\"},\"thumbnailUrl\":\"https:\\\/\\\/i0.wp.com\\\/informatepy.com\\\/2024\\\/wp-content\\\/uploads\\\/2022\\\/01\\\/hugo-velazquez-palacio-1.jpeg?fit=735%2C400&ssl=1\",\"keywords\":[\"anr\",\"destacada\",\"elecciones 2023\",\"hugo velazquez\",\"lilian samaniego\",\"partido colorado\"],\"articleSection\":[\"Nacionales\"],\"inLanguage\":\"es\"},{\"@type\":\"WebPage\",\"@id\":\"https:\\\/\\\/informatepy.com\\\/2024\\\/2022\\\/01\\\/21\\\/hugo-velazquez-obligado-a-retroceder-en-su-impulso-aliancista\\\/\",\"url\":\"https:\\\/\\\/informatepy.com\\\/2024\\\/2022\\\/01\\\/21\\\/hugo-velazquez-obligado-a-retroceder-en-su-impulso-aliancista\\\/\",\"name\":\"Hugo Vel\u00e1zquez obligado a retroceder en su impulso aliancista - Informate Py Creemos en la libertad de expresi\u00f3n y en la capacidad de la gente de reflexionar\u00a0por\u00a0si\u00a0misma\",\"isPartOf\":{\"@id\":\"https:\\\/\\\/informatepy.com\\\/2024\\\/#website\"},\"primaryImageOfPage\":{\"@id\":\"https:\\\/\\\/informatepy.com\\\/2024\\\/2022\\\/01\\\/21\\\/hugo-velazquez-obligado-a-retroceder-en-su-impulso-aliancista\\\/#primaryimage\"},\"image\":{\"@id\":\"https:\\\/\\\/informatepy.com\\\/2024\\\/2022\\\/01\\\/21\\\/hugo-velazquez-obligado-a-retroceder-en-su-impulso-aliancista\\\/#primaryimage\"},\"thumbnailUrl\":\"https:\\\/\\\/i0.wp.com\\\/informatepy.com\\\/2024\\\/wp-content\\\/uploads\\\/2022\\\/01\\\/hugo-velazquez-palacio-1.jpeg?fit=735%2C400&ssl=1\",\"datePublished\":\"2022-01-21T17:04:42+00:00\",\"breadcrumb\":{\"@id\":\"https:\\\/\\\/informatepy.com\\\/2024\\\/2022\\\/01\\\/21\\\/hugo-velazquez-obligado-a-retroceder-en-su-impulso-aliancista\\\/#breadcrumb\"},\"inLanguage\":\"es\",\"potentialAction\":[{\"@type\":\"ReadAction\",\"target\":[\"https:\\\/\\\/informatepy.com\\\/2024\\\/2022\\\/01\\\/21\\\/hugo-velazquez-obligado-a-retroceder-en-su-impulso-aliancista\\\/\"]}]},{\"@type\":\"ImageObject\",\"inLanguage\":\"es\",\"@id\":\"https:\\\/\\\/informatepy.com\\\/2024\\\/2022\\\/01\\\/21\\\/hugo-velazquez-obligado-a-retroceder-en-su-impulso-aliancista\\\/#primaryimage\",\"url\":\"https:\\\/\\\/i0.wp.com\\\/informatepy.com\\\/2024\\\/wp-content\\\/uploads\\\/2022\\\/01\\\/hugo-velazquez-palacio-1.jpeg?fit=735%2C400&ssl=1\",\"contentUrl\":\"https:\\\/\\\/i0.wp.com\\\/informatepy.com\\\/2024\\\/wp-content\\\/uploads\\\/2022\\\/01\\\/hugo-velazquez-palacio-1.jpeg?fit=735%2C400&ssl=1\",\"width\":735,\"height\":400},{\"@type\":\"BreadcrumbList\",\"@id\":\"https:\\\/\\\/informatepy.com\\\/2024\\\/2022\\\/01\\\/21\\\/hugo-velazquez-obligado-a-retroceder-en-su-impulso-aliancista\\\/#breadcrumb\",\"itemListElement\":[{\"@type\":\"ListItem\",\"position\":1,\"name\":\"Portada\",\"item\":\"https:\\\/\\\/informatepy.com\\\/2024\\\/\"},{\"@type\":\"ListItem\",\"position\":2,\"name\":\"Hugo Vel\u00e1zquez obligado a retroceder en su impulso aliancista\"}]},{\"@type\":\"WebSite\",\"@id\":\"https:\\\/\\\/informatepy.com\\\/2024\\\/#website\",\"url\":\"https:\\\/\\\/informatepy.com\\\/2024\\\/\",\"name\":\"Informate Py Creemos en la libertad de expresi\u00f3n y en la capacidad de la gente de reflexionar\u00a0por\u00a0si\u00a0misma\",\"description\":\"InformatePy\",\"publisher\":{\"@id\":\"https:\\\/\\\/informatepy.com\\\/2024\\\/#organization\"},\"potentialAction\":[{\"@type\":\"SearchAction\",\"target\":{\"@type\":\"EntryPoint\",\"urlTemplate\":\"https:\\\/\\\/informatepy.com\\\/2024\\\/?s={search_term_string}\"},\"query-input\":{\"@type\":\"PropertyValueSpecification\",\"valueRequired\":true,\"valueName\":\"search_term_string\"}}],\"inLanguage\":\"es\"},{\"@type\":\"Organization\",\"@id\":\"https:\\\/\\\/informatepy.com\\\/2024\\\/#organization\",\"name\":\"Informate Py Creemos en la libertad de expresi\u00f3n y en la capacidad de la gente de reflexionar\u00a0por\u00a0si\u00a0misma\",\"url\":\"https:\\\/\\\/informatepy.com\\\/2024\\\/\",\"logo\":{\"@type\":\"ImageObject\",\"inLanguage\":\"es\",\"@id\":\"https:\\\/\\\/informatepy.com\\\/2024\\\/#\\\/schema\\\/logo\\\/image\\\/\",\"url\":\"https:\\\/\\\/i0.wp.com\\\/informatepy.com\\\/2024\\\/wp-content\\\/uploads\\\/2024\\\/02\\\/Logotipo-sin-fondo-informate-py500.png?fit=500%2C94&ssl=1\",\"contentUrl\":\"https:\\\/\\\/i0.wp.com\\\/informatepy.com\\\/2024\\\/wp-content\\\/uploads\\\/2024\\\/02\\\/Logotipo-sin-fondo-informate-py500.png?fit=500%2C94&ssl=1\",\"width\":500,\"height\":94,\"caption\":\"Informate Py Creemos en la libertad de expresi\u00f3n y en la capacidad de la gente de reflexionar\u00a0por\u00a0si\u00a0misma\"},\"image\":{\"@id\":\"https:\\\/\\\/informatepy.com\\\/2024\\\/#\\\/schema\\\/logo\\\/image\\\/\"}},{\"@type\":\"Person\",\"@id\":\"https:\\\/\\\/informatepy.com\\\/2024\\\/#\\\/schema\\\/person\\\/98728344b91c548ef8544c80daf58463\",\"name\":\"Redacci\u00f3n\",\"image\":{\"@type\":\"ImageObject\",\"inLanguage\":\"es\",\"@id\":\"https:\\\/\\\/informatepy.com\\\/2024\\\/wp-content\\\/uploads\\\/2024\\\/02\\\/cropped-Isologo-sin-fondo.png9c354f01c536b2d49dbb929e96603401\",\"url\":\"https:\\\/\\\/informatepy.com\\\/2024\\\/wp-content\\\/uploads\\\/2024\\\/02\\\/cropped-Isologo-sin-fondo.png\",\"contentUrl\":\"https:\\\/\\\/informatepy.com\\\/2024\\\/wp-content\\\/uploads\\\/2024\\\/02\\\/cropped-Isologo-sin-fondo.png\",\"caption\":\"Redacci\u00f3n\"},\"sameAs\":[\"https:\\\/\\\/www.facebook.com\\\/InformatePyCom\",\"https:\\\/\\\/x.com\\\/https:\\\/\\\/twitter.com\\\/InformatePy1\"],\"url\":\"https:\\\/\\\/informatepy.com\\\/2024\\\/author\\\/redaccion\\\/\"}]}<\/script>\n<!-- \/ Yoast SEO plugin. -->","yoast_head_json":{"title":"Hugo Vel\u00e1zquez obligado a retroceder en su impulso aliancista - Informate Py Creemos en la libertad de expresi\u00f3n y en la capacidad de la gente de reflexionar\u00a0por\u00a0si\u00a0misma","robots":{"index":"index","follow":"follow","max-snippet":"max-snippet:-1","max-image-preview":"max-image-preview:large","max-video-preview":"max-video-preview:-1"},"canonical":"https:\/\/informatepy.com\/2024\/2022\/01\/21\/hugo-velazquez-obligado-a-retroceder-en-su-impulso-aliancista\/","og_locale":"es_ES","og_type":"article","og_title":"Hugo Vel\u00e1zquez obligado a retroceder en su impulso aliancista - Informate Py Creemos en la libertad de expresi\u00f3n y en la capacidad de la gente de reflexionar\u00a0por\u00a0si\u00a0misma","og_description":"El vice presidente Hugo Vel\u00e1zquez, se desdijo y afirm\u00f3 que \u00abAs\u00ed como est\u00e1n las cosas, creo que el sentimiento del pueblo es que nos mantengamos en una chapa Presidencial de colorados\u00bb. Si bien el pre candidato manifest\u00f3 que cualquier colorado podr\u00eda integrar su chapa presidencial, minutos antes, refiri\u00e9ndose a la senadora Lilian Samaniego, hab\u00eda manifestado [&hellip;]","og_url":"https:\/\/informatepy.com\/2024\/2022\/01\/21\/hugo-velazquez-obligado-a-retroceder-en-su-impulso-aliancista\/","og_site_name":"Informate Py Creemos en la libertad de expresi\u00f3n y en la capacidad de la gente de reflexionar\u00a0por\u00a0si\u00a0misma","article_author":"https:\/\/www.facebook.com\/InformatePyCom","article_published_time":"2022-01-21T17:04:42+00:00","og_image":[{"width":735,"height":400,"url":"https:\/\/i0.wp.com\/informatepy.com\/2024\/wp-content\/uploads\/2022\/01\/hugo-velazquez-palacio-1.jpeg?fit=735%2C400&ssl=1","type":"image\/jpeg"}],"author":"Redacci\u00f3n","twitter_card":"summary_large_image","twitter_creator":"@https:\/\/twitter.com\/InformatePy1","twitter_misc":{"Escrito por":"Redacci\u00f3n"},"schema":{"@context":"https:\/\/schema.org","@graph":[{"@type":"Article","@id":"https:\/\/informatepy.com\/2024\/2022\/01\/21\/hugo-velazquez-obligado-a-retroceder-en-su-impulso-aliancista\/#article","isPartOf":{"@id":"https:\/\/informatepy.com\/2024\/2022\/01\/21\/hugo-velazquez-obligado-a-retroceder-en-su-impulso-aliancista\/"},"author":{"name":"Redacci\u00f3n","@id":"https:\/\/informatepy.com\/2024\/#\/schema\/person\/98728344b91c548ef8544c80daf58463"},"headline":"Hugo Vel\u00e1zquez obligado a retroceder en su impulso aliancista","datePublished":"2022-01-21T17:04:42+00:00","mainEntityOfPage":{"@id":"https:\/\/informatepy.com\/2024\/2022\/01\/21\/hugo-velazquez-obligado-a-retroceder-en-su-impulso-aliancista\/"},"wordCount":97,"publisher":{"@id":"https:\/\/informatepy.com\/2024\/#organization"},"image":{"@id":"https:\/\/informatepy.com\/2024\/2022\/01\/21\/hugo-velazquez-obligado-a-retroceder-en-su-impulso-aliancista\/#primaryimage"},"thumbnailUrl":"https:\/\/i0.wp.com\/informatepy.com\/2024\/wp-content\/uploads\/2022\/01\/hugo-velazquez-palacio-1.jpeg?fit=735%2C400&ssl=1","keywords":["anr","destacada","elecciones 2023","hugo velazquez","lilian samaniego","partido colorado"],"articleSection":["Nacionales"],"inLanguage":"es"},{"@type":"WebPage","@id":"https:\/\/informatepy.com\/2024\/2022\/01\/21\/hugo-velazquez-obligado-a-retroceder-en-su-impulso-aliancista\/","url":"https:\/\/informatepy.com\/2024\/2022\/01\/21\/hugo-velazquez-obligado-a-retroceder-en-su-impulso-aliancista\/","name":"Hugo Vel\u00e1zquez obligado a retroceder en su impulso aliancista - Informate Py Creemos en la libertad de expresi\u00f3n y en la capacidad de la gente de reflexionar\u00a0por\u00a0si\u00a0misma","isPartOf":{"@id":"https:\/\/informatepy.com\/2024\/#website"},"primaryImageOfPage":{"@id":"https:\/\/informatepy.com\/2024\/2022\/01\/21\/hugo-velazquez-obligado-a-retroceder-en-su-impulso-aliancista\/#primaryimage"},"image":{"@id":"https:\/\/informatepy.com\/2024\/2022\/01\/21\/hugo-velazquez-obligado-a-retroceder-en-su-impulso-aliancista\/#primaryimage"},"thumbnailUrl":"https:\/\/i0.wp.com\/informatepy.com\/2024\/wp-content\/uploads\/2022\/01\/hugo-velazquez-palacio-1.jpeg?fit=735%2C400&ssl=1","datePublished":"2022-01-21T17:04:42+00:00","breadcrumb":{"@id":"https:\/\/informatepy.com\/2024\/2022\/01\/21\/hugo-velazquez-obligado-a-retroceder-en-su-impulso-aliancista\/#breadcrumb"},"inLanguage":"es","potentialAction":[{"@type":"ReadAction","target":["https:\/\/informatepy.com\/2024\/2022\/01\/21\/hugo-velazquez-obligado-a-retroceder-en-su-impulso-aliancista\/"]}]},{"@type":"ImageObject","inLanguage":"es","@id":"https:\/\/informatepy.com\/2024\/2022\/01\/21\/hugo-velazquez-obligado-a-retroceder-en-su-impulso-aliancista\/#primaryimage","url":"https:\/\/i0.wp.com\/informatepy.com\/2024\/wp-content\/uploads\/2022\/01\/hugo-velazquez-palacio-1.jpeg?fit=735%2C400&ssl=1","contentUrl":"https:\/\/i0.wp.com\/informatepy.com\/2024\/wp-content\/uploads\/2022\/01\/hugo-velazquez-palacio-1.jpeg?fit=735%2C400&ssl=1","width":735,"height":400},{"@type":"BreadcrumbList","@id":"https:\/\/informatepy.com\/2024\/2022\/01\/21\/hugo-velazquez-obligado-a-retroceder-en-su-impulso-aliancista\/#breadcrumb","itemListElement":[{"@type":"ListItem","position":1,"name":"Portada","item":"https:\/\/informatepy.com\/2024\/"},{"@type":"ListItem","position":2,"name":"Hugo Vel\u00e1zquez obligado a retroceder en su impulso aliancista"}]},{"@type":"WebSite","@id":"https:\/\/informatepy.com\/2024\/#website","url":"https:\/\/informatepy.com\/2024\/","name":"Informate Py Creemos en la libertad de expresi\u00f3n y en la capacidad de la gente de reflexionar\u00a0por\u00a0si\u00a0misma","description":"InformatePy","publisher":{"@id":"https:\/\/informatepy.com\/2024\/#organization"},"potentialAction":[{"@type":"SearchAction","target":{"@type":"EntryPoint","urlTemplate":"https:\/\/informatepy.com\/2024\/?s={search_term_string}"},"query-input":{"@type":"PropertyValueSpecification","valueRequired":true,"valueName":"search_term_string"}}],"inLanguage":"es"},{"@type":"Organization","@id":"https:\/\/informatepy.com\/2024\/#organization","name":"Informate Py Creemos en la libertad de expresi\u00f3n y en la capacidad de la gente de reflexionar\u00a0por\u00a0si\u00a0misma","url":"https:\/\/informatepy.com\/2024\/","logo":{"@type":"ImageObject","inLanguage":"es","@id":"https:\/\/informatepy.com\/2024\/#\/schema\/logo\/image\/","url":"https:\/\/i0.wp.com\/informatepy.com\/2024\/wp-content\/uploads\/2024\/02\/Logotipo-sin-fondo-informate-py500.png?fit=500%2C94&ssl=1","contentUrl":"https:\/\/i0.wp.com\/informatepy.com\/2024\/wp-content\/uploads\/2024\/02\/Logotipo-sin-fondo-informate-py500.png?fit=500%2C94&ssl=1","width":500,"height":94,"caption":"Informate Py Creemos en la libertad de expresi\u00f3n y en la capacidad de la gente de reflexionar\u00a0por\u00a0si\u00a0misma"},"image":{"@id":"https:\/\/informatepy.com\/2024\/#\/schema\/logo\/image\/"}},{"@type":"Person","@id":"https:\/\/informatepy.com\/2024\/#\/schema\/person\/98728344b91c548ef8544c80daf58463","name":"Redacci\u00f3n","image":{"@type":"ImageObject","inLanguage":"es","@id":"https:\/\/informatepy.com\/2024\/wp-content\/uploads\/2024\/02\/cropped-Isologo-sin-fondo.png9c354f01c536b2d49dbb929e96603401","url":"https:\/\/informatepy.com\/2024\/wp-content\/uploads\/2024\/02\/cropped-Isologo-sin-fondo.png","contentUrl":"https:\/\/informatepy.com\/2024\/wp-content\/uploads\/2024\/02\/cropped-Isologo-sin-fondo.png","caption":"Redacci\u00f3n"},"sameAs":["https:\/\/www.facebook.com\/InformatePyCom","https:\/\/x.com\/https:\/\/twitter.com\/InformatePy1"],"url":"https:\/\/informatepy.com\/2024\/author\/redaccion\/"}]}},"jetpack_featured_media_url":"https:\/\/i0.wp.com\/informatepy.com\/2024\/wp-content\/uploads\/2022\/01\/hugo-velazquez-palacio-1.jpeg?fit=735%2C400&ssl=1","jetpack-related-posts":[],"jetpack_sharing_enabled":true,"authors":[{"term_id":830,"user_id":3,"is_guest":0,"slug":"redaccion","display_name":"Redacci\u00f3n","avatar_url":{"url":"https:\/\/informatepy.com\/2024\/wp-content\/uploads\/2024\/02\/cropped-Isologo-sin-fondo.png","url2x":"https:\/\/informatepy.com\/2024\/wp-content\/uploads\/2024\/02\/cropped-Isologo-sin-fondo.png"},"author_category":"1","first_name":"Redacci\u00f3n","last_name":"","user_url":"","job_title":"","description":""}],"_links":{"self":[{"href":"https:\/\/informatepy.com\/2024\/wp-json\/wp\/v2\/posts\/5516","targetHints":{"allow":["GET"]}}],"collection":[{"href":"https:\/\/informatepy.com\/2024\/wp-json\/wp\/v2\/posts"}],"about":[{"href":"https:\/\/informatepy.com\/2024\/wp-json\/wp\/v2\/types\/post"}],"author":[{"embeddable":true,"href":"https:\/\/informatepy.com\/2024\/wp-json\/wp\/v2\/users\/3"}],"replies":[{"embeddable":true,"href":"https:\/\/informatepy.com\/2024\/wp-json\/wp\/v2\/comments?post=5516"}],"version-history":[{"count":0,"href":"https:\/\/informatepy.com\/2024\/wp-json\/wp\/v2\/posts\/5516\/revisions"}],"wp:featuredmedia":[{"embeddable":true,"href":"https:\/\/informatepy.com\/2024\/wp-json\/wp\/v2\/media\/5226"}],"wp:attachment":[{"href":"https:\/\/informatepy.com\/2024\/wp-json\/wp\/v2\/media?parent=5516"}],"wp:term":[{"taxonomy":"category","embeddable":true,"href":"https:\/\/informatepy.com\/2024\/wp-json\/wp\/v2\/categories?post=5516"},{"taxonomy":"post_tag","embeddable":true,"href":"https:\/\/informatepy.com\/2024\/wp-json\/wp\/v2\/tags?post=5516"},{"taxonomy":"jnews-series","embeddable":true,"href":"https:\/\/informatepy.com\/2024\/wp-json\/wp\/v2\/jnews-series?post=5516"},{"taxonomy":"author","embeddable":true,"href":"https:\/\/informatepy.com\/2024\/wp-json\/wp\/v2\/ppma_author?post=5516"}],"curies":[{"name":"wp","href":"https:\/\/api.w.org\/{rel}","templated":true}]}}