{"id":5507,"date":"2022-01-21T09:57:00","date_gmt":"2022-01-21T08:57:00","guid":{"rendered":"https:\/\/informatepy.com\/2024\/2022\/01\/21\/paraguay-reclama-a-la-oea-por-la-irresponsabilidad-de-interpol-en-el-caso-arrom-marti\/"},"modified":"2022-01-21T09:57:00","modified_gmt":"2022-01-21T08:57:00","slug":"paraguay-reclama-a-la-oea-por-la-irresponsabilidad-de-interpol-en-el-caso-arrom-marti","status":"publish","type":"post","link":"https:\/\/informatepy.com\/2024\/2022\/01\/21\/paraguay-reclama-a-la-oea-por-la-irresponsabilidad-de-interpol-en-el-caso-arrom-marti\/","title":{"rendered":"Paraguay reclama a la OEA por la irresponsabilidad de Interpol en el caso Arrom &#8211; Mart\u00ed"},"content":{"rendered":"\n<p class=\"has-text-align-justify\">La delegaci\u00f3n de Paraguay ante el Consejo Permanente de la Organizaci\u00f3n de Estados Americanos (OEA) insisti\u00f3 con su preocupaci\u00f3n por el incumplimiento de las notificaciones rojas de INTERPOL, lo que facilit\u00f3 la fuga de personas pr\u00f3fugas de la Justicia, seg\u00fan inform\u00f3 la Canciller\u00eda Nacional.<\/p>\n\n\n\n<p class=\"has-text-align-justify\">Ra\u00fal Mart\u00ednez, representante nacional, transmiti\u00f3 el pronunciamiento en la sesi\u00f3n ordinaria del organismo internacional, indicando que el Estado paraguayo soport\u00f3 dos situaciones concretas que afectaron a nuestro pa\u00eds en el 2019.<\/p>\n\n\n\n<p class=\"has-text-align-justify\">Record\u00f3 cuando, de forma inconsulta, la Comisi\u00f3n de Ficheros de la INTERPOL dispuso el levantamiento provisional de notificaci\u00f3n roja con relaci\u00f3n a los ciudadanos paraguayos <strong>Juan Arrom, Anuncio Mart\u00ed y V\u00edctor Colm\u00e1n<\/strong>, provocando que tres personas procesadas por secuestro contin\u00faen pr\u00f3fugas de la justicia.<\/p>\n\n\n\n<p class=\"has-text-align-justify\">La notificaci\u00f3n roja estuvo vigente hasta que en el 2019 llamativamente fue levantada, sin justificaci\u00f3n alguna. Esta situaci\u00f3n posibilit\u00f3 el traslado de los tres supuestos secuestradores desde el Uruguay hasta Finlandia, en car\u00e1cter de reasentados.<\/p>\n","protected":false},"excerpt":{"rendered":"<p>La delegaci\u00f3n de Paraguay ante el Consejo Permanente de la Organizaci\u00f3n de Estados Americanos (OEA) insisti\u00f3 con su preocupaci\u00f3n por el incumplimiento de las notificaciones rojas de INTERPOL, lo que facilit\u00f3 la fuga de personas pr\u00f3fugas de la Justicia, seg\u00fan inform\u00f3 la Canciller\u00eda Nacional. Ra\u00fal Mart\u00ednez, representante nacional, transmiti\u00f3 el pronunciamiento en la sesi\u00f3n ordinaria [&hellip;]<\/p>\n","protected":false},"author":3,"featured_media":1015,"comment_status":"closed","ping_status":"open","sticky":false,"template":"","format":"standard","meta":{"_jetpack_memberships_contains_paid_content":false,"jnews-multi-image_gallery":[],"jnews_single_post":[],"jnews_primary_category":[],"jnews_override_bookmark_settings":[],"jnews_food_recipe":[],"enable_food_recipe":"","food_recipe_title":"","food_recipe_description":"","food_recipe_serve":"","food_recipe_time":"","food_recipe_prep":"","food_recipe_level":"","food_recipe_keywords":"","food_recipe_category":"","food_recipe_cuisine":"","food_recipe_yield":"","food_recipe_calories":"","enable_print_recipe":"","ingredient":[],"instruction":"","jnews_social_meta":[],"jnews_paywall_metabox":[],"jnews_review":[],"enable_review":"","type":"","name":"","summary":"","brand":"","sku":"","good":[],"bad":[],"score_override":"","override_value":"","rating":[],"price":[],"jnews_override_counter":[],"jnews_post_split":[],"jnews_podcast_option":[],"jnews_podcast_series":[],"footnotes":""},"categories":[34],"tags":[1445,97,831,1446,1447],"jnews-series":[],"ppma_author":[830],"class_list":["post-5507","post","type-post","status-publish","format-standard","has-post-thumbnail","hentry","category-nacionales","tag-anuncio-marti","tag-caso-arrom","tag-destacada","tag-juan-arrom","tag-victor-colman"],"yoast_head":"<!-- This site is optimized with the Yoast SEO plugin v27.5 - https:\/\/yoast.com\/product\/yoast-seo-wordpress\/ -->\n<title>Paraguay reclama a la OEA por la irresponsabilidad de Interpol en el caso Arrom - Mart\u00ed - Informate Py Creemos en la libertad de expresi\u00f3n y en la capacidad de la gente de reflexionar\u00a0por\u00a0si\u00a0misma<\/title>\n<meta name=\"robots\" content=\"index, follow, max-snippet:-1, max-image-preview:large, max-video-preview:-1\" \/>\n<link rel=\"canonical\" href=\"https:\/\/informatepy.com\/2024\/2022\/01\/21\/paraguay-reclama-a-la-oea-por-la-irresponsabilidad-de-interpol-en-el-caso-arrom-marti\/\" \/>\n<meta property=\"og:locale\" content=\"es_ES\" \/>\n<meta property=\"og:type\" content=\"article\" \/>\n<meta property=\"og:title\" content=\"Paraguay reclama a la OEA por la irresponsabilidad de Interpol en el caso Arrom - Mart\u00ed - Informate Py Creemos en la libertad de expresi\u00f3n y en la capacidad de la gente de reflexionar\u00a0por\u00a0si\u00a0misma\" \/>\n<meta property=\"og:description\" content=\"La delegaci\u00f3n de Paraguay ante el Consejo Permanente de la Organizaci\u00f3n de Estados Americanos (OEA) insisti\u00f3 con su preocupaci\u00f3n por el incumplimiento de las notificaciones rojas de INTERPOL, lo que facilit\u00f3 la fuga de personas pr\u00f3fugas de la Justicia, seg\u00fan inform\u00f3 la Canciller\u00eda Nacional. Ra\u00fal Mart\u00ednez, representante nacional, transmiti\u00f3 el pronunciamiento en la sesi\u00f3n ordinaria [&hellip;]\" \/>\n<meta property=\"og:url\" content=\"https:\/\/informatepy.com\/2024\/2022\/01\/21\/paraguay-reclama-a-la-oea-por-la-irresponsabilidad-de-interpol-en-el-caso-arrom-marti\/\" \/>\n<meta property=\"og:site_name\" content=\"Informate Py Creemos en la libertad de expresi\u00f3n y en la capacidad de la gente de reflexionar\u00a0por\u00a0si\u00a0misma\" \/>\n<meta property=\"article:author\" content=\"https:\/\/www.facebook.com\/InformatePyCom\" \/>\n<meta property=\"article:published_time\" content=\"2022-01-21T08:57:00+00:00\" \/>\n<meta property=\"og:image\" content=\"https:\/\/i0.wp.com\/informatepy.com\/2024\/wp-content\/uploads\/2021\/07\/arrom-marti-colman.jpg?fit=760%2C420&ssl=1\" \/>\n\t<meta property=\"og:image:width\" content=\"760\" \/>\n\t<meta property=\"og:image:height\" content=\"420\" \/>\n\t<meta property=\"og:image:type\" content=\"image\/jpeg\" \/>\n<meta name=\"author\" content=\"Redacci\u00f3n\" \/>\n<meta name=\"twitter:card\" content=\"summary_large_image\" \/>\n<meta name=\"twitter:creator\" content=\"@https:\/\/twitter.com\/InformatePy1\" \/>\n<meta name=\"twitter:label1\" content=\"Escrito por\" \/>\n\t<meta name=\"twitter:data1\" content=\"Redacci\u00f3n\" \/>\n\t<meta name=\"twitter:label2\" content=\"Tiempo de lectura\" \/>\n\t<meta name=\"twitter:data2\" content=\"1 minuto\" \/>\n<script type=\"application\/ld+json\" class=\"yoast-schema-graph\">{\"@context\":\"https:\\\/\\\/schema.org\",\"@graph\":[{\"@type\":\"Article\",\"@id\":\"https:\\\/\\\/informatepy.com\\\/2024\\\/2022\\\/01\\\/21\\\/paraguay-reclama-a-la-oea-por-la-irresponsabilidad-de-interpol-en-el-caso-arrom-marti\\\/#article\",\"isPartOf\":{\"@id\":\"https:\\\/\\\/informatepy.com\\\/2024\\\/2022\\\/01\\\/21\\\/paraguay-reclama-a-la-oea-por-la-irresponsabilidad-de-interpol-en-el-caso-arrom-marti\\\/\"},\"author\":{\"name\":\"Redacci\u00f3n\",\"@id\":\"https:\\\/\\\/informatepy.com\\\/2024\\\/#\\\/schema\\\/person\\\/98728344b91c548ef8544c80daf58463\"},\"headline\":\"Paraguay reclama a la OEA por la irresponsabilidad de Interpol en el caso Arrom &#8211; Mart\u00ed\",\"datePublished\":\"2022-01-21T08:57:00+00:00\",\"mainEntityOfPage\":{\"@id\":\"https:\\\/\\\/informatepy.com\\\/2024\\\/2022\\\/01\\\/21\\\/paraguay-reclama-a-la-oea-por-la-irresponsabilidad-de-interpol-en-el-caso-arrom-marti\\\/\"},\"wordCount\":189,\"publisher\":{\"@id\":\"https:\\\/\\\/informatepy.com\\\/2024\\\/#organization\"},\"image\":{\"@id\":\"https:\\\/\\\/informatepy.com\\\/2024\\\/2022\\\/01\\\/21\\\/paraguay-reclama-a-la-oea-por-la-irresponsabilidad-de-interpol-en-el-caso-arrom-marti\\\/#primaryimage\"},\"thumbnailUrl\":\"https:\\\/\\\/i0.wp.com\\\/informatepy.com\\\/2024\\\/wp-content\\\/uploads\\\/2021\\\/07\\\/arrom-marti-colman.jpg?fit=760%2C420&ssl=1\",\"keywords\":[\"anuncio marti\",\"caso arrom\",\"destacada\",\"juan arrom\",\"victor colman\"],\"articleSection\":[\"Nacionales\"],\"inLanguage\":\"es\"},{\"@type\":\"WebPage\",\"@id\":\"https:\\\/\\\/informatepy.com\\\/2024\\\/2022\\\/01\\\/21\\\/paraguay-reclama-a-la-oea-por-la-irresponsabilidad-de-interpol-en-el-caso-arrom-marti\\\/\",\"url\":\"https:\\\/\\\/informatepy.com\\\/2024\\\/2022\\\/01\\\/21\\\/paraguay-reclama-a-la-oea-por-la-irresponsabilidad-de-interpol-en-el-caso-arrom-marti\\\/\",\"name\":\"Paraguay reclama a la OEA por la irresponsabilidad de Interpol en el caso Arrom - Mart\u00ed - Informate Py Creemos en la libertad de expresi\u00f3n y en la capacidad de la gente de reflexionar\u00a0por\u00a0si\u00a0misma\",\"isPartOf\":{\"@id\":\"https:\\\/\\\/informatepy.com\\\/2024\\\/#website\"},\"primaryImageOfPage\":{\"@id\":\"https:\\\/\\\/informatepy.com\\\/2024\\\/2022\\\/01\\\/21\\\/paraguay-reclama-a-la-oea-por-la-irresponsabilidad-de-interpol-en-el-caso-arrom-marti\\\/#primaryimage\"},\"image\":{\"@id\":\"https:\\\/\\\/informatepy.com\\\/2024\\\/2022\\\/01\\\/21\\\/paraguay-reclama-a-la-oea-por-la-irresponsabilidad-de-interpol-en-el-caso-arrom-marti\\\/#primaryimage\"},\"thumbnailUrl\":\"https:\\\/\\\/i0.wp.com\\\/informatepy.com\\\/2024\\\/wp-content\\\/uploads\\\/2021\\\/07\\\/arrom-marti-colman.jpg?fit=760%2C420&ssl=1\",\"datePublished\":\"2022-01-21T08:57:00+00:00\",\"breadcrumb\":{\"@id\":\"https:\\\/\\\/informatepy.com\\\/2024\\\/2022\\\/01\\\/21\\\/paraguay-reclama-a-la-oea-por-la-irresponsabilidad-de-interpol-en-el-caso-arrom-marti\\\/#breadcrumb\"},\"inLanguage\":\"es\",\"potentialAction\":[{\"@type\":\"ReadAction\",\"target\":[\"https:\\\/\\\/informatepy.com\\\/2024\\\/2022\\\/01\\\/21\\\/paraguay-reclama-a-la-oea-por-la-irresponsabilidad-de-interpol-en-el-caso-arrom-marti\\\/\"]}]},{\"@type\":\"ImageObject\",\"inLanguage\":\"es\",\"@id\":\"https:\\\/\\\/informatepy.com\\\/2024\\\/2022\\\/01\\\/21\\\/paraguay-reclama-a-la-oea-por-la-irresponsabilidad-de-interpol-en-el-caso-arrom-marti\\\/#primaryimage\",\"url\":\"https:\\\/\\\/i0.wp.com\\\/informatepy.com\\\/2024\\\/wp-content\\\/uploads\\\/2021\\\/07\\\/arrom-marti-colman.jpg?fit=760%2C420&ssl=1\",\"contentUrl\":\"https:\\\/\\\/i0.wp.com\\\/informatepy.com\\\/2024\\\/wp-content\\\/uploads\\\/2021\\\/07\\\/arrom-marti-colman.jpg?fit=760%2C420&ssl=1\",\"width\":760,\"height\":420},{\"@type\":\"BreadcrumbList\",\"@id\":\"https:\\\/\\\/informatepy.com\\\/2024\\\/2022\\\/01\\\/21\\\/paraguay-reclama-a-la-oea-por-la-irresponsabilidad-de-interpol-en-el-caso-arrom-marti\\\/#breadcrumb\",\"itemListElement\":[{\"@type\":\"ListItem\",\"position\":1,\"name\":\"Portada\",\"item\":\"https:\\\/\\\/informatepy.com\\\/2024\\\/\"},{\"@type\":\"ListItem\",\"position\":2,\"name\":\"Paraguay reclama a la OEA por la irresponsabilidad de Interpol en el caso Arrom &#8211; Mart\u00ed\"}]},{\"@type\":\"WebSite\",\"@id\":\"https:\\\/\\\/informatepy.com\\\/2024\\\/#website\",\"url\":\"https:\\\/\\\/informatepy.com\\\/2024\\\/\",\"name\":\"Informate Py Creemos en la libertad de expresi\u00f3n y en la capacidad de la gente de reflexionar\u00a0por\u00a0si\u00a0misma\",\"description\":\"InformatePy\",\"publisher\":{\"@id\":\"https:\\\/\\\/informatepy.com\\\/2024\\\/#organization\"},\"potentialAction\":[{\"@type\":\"SearchAction\",\"target\":{\"@type\":\"EntryPoint\",\"urlTemplate\":\"https:\\\/\\\/informatepy.com\\\/2024\\\/?s={search_term_string}\"},\"query-input\":{\"@type\":\"PropertyValueSpecification\",\"valueRequired\":true,\"valueName\":\"search_term_string\"}}],\"inLanguage\":\"es\"},{\"@type\":\"Organization\",\"@id\":\"https:\\\/\\\/informatepy.com\\\/2024\\\/#organization\",\"name\":\"Informate Py Creemos en la libertad de expresi\u00f3n y en la capacidad de la gente de reflexionar\u00a0por\u00a0si\u00a0misma\",\"url\":\"https:\\\/\\\/informatepy.com\\\/2024\\\/\",\"logo\":{\"@type\":\"ImageObject\",\"inLanguage\":\"es\",\"@id\":\"https:\\\/\\\/informatepy.com\\\/2024\\\/#\\\/schema\\\/logo\\\/image\\\/\",\"url\":\"https:\\\/\\\/i0.wp.com\\\/informatepy.com\\\/2024\\\/wp-content\\\/uploads\\\/2024\\\/02\\\/Logotipo-sin-fondo-informate-py500.png?fit=500%2C94&ssl=1\",\"contentUrl\":\"https:\\\/\\\/i0.wp.com\\\/informatepy.com\\\/2024\\\/wp-content\\\/uploads\\\/2024\\\/02\\\/Logotipo-sin-fondo-informate-py500.png?fit=500%2C94&ssl=1\",\"width\":500,\"height\":94,\"caption\":\"Informate Py Creemos en la libertad de expresi\u00f3n y en la capacidad de la gente de reflexionar\u00a0por\u00a0si\u00a0misma\"},\"image\":{\"@id\":\"https:\\\/\\\/informatepy.com\\\/2024\\\/#\\\/schema\\\/logo\\\/image\\\/\"}},{\"@type\":\"Person\",\"@id\":\"https:\\\/\\\/informatepy.com\\\/2024\\\/#\\\/schema\\\/person\\\/98728344b91c548ef8544c80daf58463\",\"name\":\"Redacci\u00f3n\",\"image\":{\"@type\":\"ImageObject\",\"inLanguage\":\"es\",\"@id\":\"https:\\\/\\\/informatepy.com\\\/2024\\\/wp-content\\\/uploads\\\/2024\\\/02\\\/cropped-Isologo-sin-fondo.png9c354f01c536b2d49dbb929e96603401\",\"url\":\"https:\\\/\\\/informatepy.com\\\/2024\\\/wp-content\\\/uploads\\\/2024\\\/02\\\/cropped-Isologo-sin-fondo.png\",\"contentUrl\":\"https:\\\/\\\/informatepy.com\\\/2024\\\/wp-content\\\/uploads\\\/2024\\\/02\\\/cropped-Isologo-sin-fondo.png\",\"caption\":\"Redacci\u00f3n\"},\"sameAs\":[\"https:\\\/\\\/www.facebook.com\\\/InformatePyCom\",\"https:\\\/\\\/x.com\\\/https:\\\/\\\/twitter.com\\\/InformatePy1\"],\"url\":\"https:\\\/\\\/informatepy.com\\\/2024\\\/author\\\/redaccion\\\/\"}]}<\/script>\n<!-- \/ Yoast SEO plugin. -->","yoast_head_json":{"title":"Paraguay reclama a la OEA por la irresponsabilidad de Interpol en el caso Arrom - Mart\u00ed - Informate Py Creemos en la libertad de expresi\u00f3n y en la capacidad de la gente de reflexionar\u00a0por\u00a0si\u00a0misma","robots":{"index":"index","follow":"follow","max-snippet":"max-snippet:-1","max-image-preview":"max-image-preview:large","max-video-preview":"max-video-preview:-1"},"canonical":"https:\/\/informatepy.com\/2024\/2022\/01\/21\/paraguay-reclama-a-la-oea-por-la-irresponsabilidad-de-interpol-en-el-caso-arrom-marti\/","og_locale":"es_ES","og_type":"article","og_title":"Paraguay reclama a la OEA por la irresponsabilidad de Interpol en el caso Arrom - Mart\u00ed - Informate Py Creemos en la libertad de expresi\u00f3n y en la capacidad de la gente de reflexionar\u00a0por\u00a0si\u00a0misma","og_description":"La delegaci\u00f3n de Paraguay ante el Consejo Permanente de la Organizaci\u00f3n de Estados Americanos (OEA) insisti\u00f3 con su preocupaci\u00f3n por el incumplimiento de las notificaciones rojas de INTERPOL, lo que facilit\u00f3 la fuga de personas pr\u00f3fugas de la Justicia, seg\u00fan inform\u00f3 la Canciller\u00eda Nacional. Ra\u00fal Mart\u00ednez, representante nacional, transmiti\u00f3 el pronunciamiento en la sesi\u00f3n ordinaria [&hellip;]","og_url":"https:\/\/informatepy.com\/2024\/2022\/01\/21\/paraguay-reclama-a-la-oea-por-la-irresponsabilidad-de-interpol-en-el-caso-arrom-marti\/","og_site_name":"Informate Py Creemos en la libertad de expresi\u00f3n y en la capacidad de la gente de reflexionar\u00a0por\u00a0si\u00a0misma","article_author":"https:\/\/www.facebook.com\/InformatePyCom","article_published_time":"2022-01-21T08:57:00+00:00","og_image":[{"width":760,"height":420,"url":"https:\/\/i0.wp.com\/informatepy.com\/2024\/wp-content\/uploads\/2021\/07\/arrom-marti-colman.jpg?fit=760%2C420&ssl=1","type":"image\/jpeg"}],"author":"Redacci\u00f3n","twitter_card":"summary_large_image","twitter_creator":"@https:\/\/twitter.com\/InformatePy1","twitter_misc":{"Escrito por":"Redacci\u00f3n","Tiempo de lectura":"1 minuto"},"schema":{"@context":"https:\/\/schema.org","@graph":[{"@type":"Article","@id":"https:\/\/informatepy.com\/2024\/2022\/01\/21\/paraguay-reclama-a-la-oea-por-la-irresponsabilidad-de-interpol-en-el-caso-arrom-marti\/#article","isPartOf":{"@id":"https:\/\/informatepy.com\/2024\/2022\/01\/21\/paraguay-reclama-a-la-oea-por-la-irresponsabilidad-de-interpol-en-el-caso-arrom-marti\/"},"author":{"name":"Redacci\u00f3n","@id":"https:\/\/informatepy.com\/2024\/#\/schema\/person\/98728344b91c548ef8544c80daf58463"},"headline":"Paraguay reclama a la OEA por la irresponsabilidad de Interpol en el caso Arrom &#8211; Mart\u00ed","datePublished":"2022-01-21T08:57:00+00:00","mainEntityOfPage":{"@id":"https:\/\/informatepy.com\/2024\/2022\/01\/21\/paraguay-reclama-a-la-oea-por-la-irresponsabilidad-de-interpol-en-el-caso-arrom-marti\/"},"wordCount":189,"publisher":{"@id":"https:\/\/informatepy.com\/2024\/#organization"},"image":{"@id":"https:\/\/informatepy.com\/2024\/2022\/01\/21\/paraguay-reclama-a-la-oea-por-la-irresponsabilidad-de-interpol-en-el-caso-arrom-marti\/#primaryimage"},"thumbnailUrl":"https:\/\/i0.wp.com\/informatepy.com\/2024\/wp-content\/uploads\/2021\/07\/arrom-marti-colman.jpg?fit=760%2C420&ssl=1","keywords":["anuncio marti","caso arrom","destacada","juan arrom","victor colman"],"articleSection":["Nacionales"],"inLanguage":"es"},{"@type":"WebPage","@id":"https:\/\/informatepy.com\/2024\/2022\/01\/21\/paraguay-reclama-a-la-oea-por-la-irresponsabilidad-de-interpol-en-el-caso-arrom-marti\/","url":"https:\/\/informatepy.com\/2024\/2022\/01\/21\/paraguay-reclama-a-la-oea-por-la-irresponsabilidad-de-interpol-en-el-caso-arrom-marti\/","name":"Paraguay reclama a la OEA por la irresponsabilidad de Interpol en el caso Arrom - Mart\u00ed - Informate Py Creemos en la libertad de expresi\u00f3n y en la capacidad de la gente de reflexionar\u00a0por\u00a0si\u00a0misma","isPartOf":{"@id":"https:\/\/informatepy.com\/2024\/#website"},"primaryImageOfPage":{"@id":"https:\/\/informatepy.com\/2024\/2022\/01\/21\/paraguay-reclama-a-la-oea-por-la-irresponsabilidad-de-interpol-en-el-caso-arrom-marti\/#primaryimage"},"image":{"@id":"https:\/\/informatepy.com\/2024\/2022\/01\/21\/paraguay-reclama-a-la-oea-por-la-irresponsabilidad-de-interpol-en-el-caso-arrom-marti\/#primaryimage"},"thumbnailUrl":"https:\/\/i0.wp.com\/informatepy.com\/2024\/wp-content\/uploads\/2021\/07\/arrom-marti-colman.jpg?fit=760%2C420&ssl=1","datePublished":"2022-01-21T08:57:00+00:00","breadcrumb":{"@id":"https:\/\/informatepy.com\/2024\/2022\/01\/21\/paraguay-reclama-a-la-oea-por-la-irresponsabilidad-de-interpol-en-el-caso-arrom-marti\/#breadcrumb"},"inLanguage":"es","potentialAction":[{"@type":"ReadAction","target":["https:\/\/informatepy.com\/2024\/2022\/01\/21\/paraguay-reclama-a-la-oea-por-la-irresponsabilidad-de-interpol-en-el-caso-arrom-marti\/"]}]},{"@type":"ImageObject","inLanguage":"es","@id":"https:\/\/informatepy.com\/2024\/2022\/01\/21\/paraguay-reclama-a-la-oea-por-la-irresponsabilidad-de-interpol-en-el-caso-arrom-marti\/#primaryimage","url":"https:\/\/i0.wp.com\/informatepy.com\/2024\/wp-content\/uploads\/2021\/07\/arrom-marti-colman.jpg?fit=760%2C420&ssl=1","contentUrl":"https:\/\/i0.wp.com\/informatepy.com\/2024\/wp-content\/uploads\/2021\/07\/arrom-marti-colman.jpg?fit=760%2C420&ssl=1","width":760,"height":420},{"@type":"BreadcrumbList","@id":"https:\/\/informatepy.com\/2024\/2022\/01\/21\/paraguay-reclama-a-la-oea-por-la-irresponsabilidad-de-interpol-en-el-caso-arrom-marti\/#breadcrumb","itemListElement":[{"@type":"ListItem","position":1,"name":"Portada","item":"https:\/\/informatepy.com\/2024\/"},{"@type":"ListItem","position":2,"name":"Paraguay reclama a la OEA por la irresponsabilidad de Interpol en el caso Arrom &#8211; Mart\u00ed"}]},{"@type":"WebSite","@id":"https:\/\/informatepy.com\/2024\/#website","url":"https:\/\/informatepy.com\/2024\/","name":"Informate Py Creemos en la libertad de expresi\u00f3n y en la capacidad de la gente de reflexionar\u00a0por\u00a0si\u00a0misma","description":"InformatePy","publisher":{"@id":"https:\/\/informatepy.com\/2024\/#organization"},"potentialAction":[{"@type":"SearchAction","target":{"@type":"EntryPoint","urlTemplate":"https:\/\/informatepy.com\/2024\/?s={search_term_string}"},"query-input":{"@type":"PropertyValueSpecification","valueRequired":true,"valueName":"search_term_string"}}],"inLanguage":"es"},{"@type":"Organization","@id":"https:\/\/informatepy.com\/2024\/#organization","name":"Informate Py Creemos en la libertad de expresi\u00f3n y en la capacidad de la gente de reflexionar\u00a0por\u00a0si\u00a0misma","url":"https:\/\/informatepy.com\/2024\/","logo":{"@type":"ImageObject","inLanguage":"es","@id":"https:\/\/informatepy.com\/2024\/#\/schema\/logo\/image\/","url":"https:\/\/i0.wp.com\/informatepy.com\/2024\/wp-content\/uploads\/2024\/02\/Logotipo-sin-fondo-informate-py500.png?fit=500%2C94&ssl=1","contentUrl":"https:\/\/i0.wp.com\/informatepy.com\/2024\/wp-content\/uploads\/2024\/02\/Logotipo-sin-fondo-informate-py500.png?fit=500%2C94&ssl=1","width":500,"height":94,"caption":"Informate Py Creemos en la libertad de expresi\u00f3n y en la capacidad de la gente de reflexionar\u00a0por\u00a0si\u00a0misma"},"image":{"@id":"https:\/\/informatepy.com\/2024\/#\/schema\/logo\/image\/"}},{"@type":"Person","@id":"https:\/\/informatepy.com\/2024\/#\/schema\/person\/98728344b91c548ef8544c80daf58463","name":"Redacci\u00f3n","image":{"@type":"ImageObject","inLanguage":"es","@id":"https:\/\/informatepy.com\/2024\/wp-content\/uploads\/2024\/02\/cropped-Isologo-sin-fondo.png9c354f01c536b2d49dbb929e96603401","url":"https:\/\/informatepy.com\/2024\/wp-content\/uploads\/2024\/02\/cropped-Isologo-sin-fondo.png","contentUrl":"https:\/\/informatepy.com\/2024\/wp-content\/uploads\/2024\/02\/cropped-Isologo-sin-fondo.png","caption":"Redacci\u00f3n"},"sameAs":["https:\/\/www.facebook.com\/InformatePyCom","https:\/\/x.com\/https:\/\/twitter.com\/InformatePy1"],"url":"https:\/\/informatepy.com\/2024\/author\/redaccion\/"}]}},"jetpack_featured_media_url":"https:\/\/i0.wp.com\/informatepy.com\/2024\/wp-content\/uploads\/2021\/07\/arrom-marti-colman.jpg?fit=760%2C420&ssl=1","jetpack-related-posts":[],"jetpack_sharing_enabled":true,"authors":[{"term_id":830,"user_id":3,"is_guest":0,"slug":"redaccion","display_name":"Redacci\u00f3n","avatar_url":{"url":"https:\/\/informatepy.com\/2024\/wp-content\/uploads\/2024\/02\/cropped-Isologo-sin-fondo.png","url2x":"https:\/\/informatepy.com\/2024\/wp-content\/uploads\/2024\/02\/cropped-Isologo-sin-fondo.png"},"author_category":"1","first_name":"Redacci\u00f3n","last_name":"","user_url":"","job_title":"","description":""}],"_links":{"self":[{"href":"https:\/\/informatepy.com\/2024\/wp-json\/wp\/v2\/posts\/5507","targetHints":{"allow":["GET"]}}],"collection":[{"href":"https:\/\/informatepy.com\/2024\/wp-json\/wp\/v2\/posts"}],"about":[{"href":"https:\/\/informatepy.com\/2024\/wp-json\/wp\/v2\/types\/post"}],"author":[{"embeddable":true,"href":"https:\/\/informatepy.com\/2024\/wp-json\/wp\/v2\/users\/3"}],"replies":[{"embeddable":true,"href":"https:\/\/informatepy.com\/2024\/wp-json\/wp\/v2\/comments?post=5507"}],"version-history":[{"count":0,"href":"https:\/\/informatepy.com\/2024\/wp-json\/wp\/v2\/posts\/5507\/revisions"}],"wp:featuredmedia":[{"embeddable":true,"href":"https:\/\/informatepy.com\/2024\/wp-json\/wp\/v2\/media\/1015"}],"wp:attachment":[{"href":"https:\/\/informatepy.com\/2024\/wp-json\/wp\/v2\/media?parent=5507"}],"wp:term":[{"taxonomy":"category","embeddable":true,"href":"https:\/\/informatepy.com\/2024\/wp-json\/wp\/v2\/categories?post=5507"},{"taxonomy":"post_tag","embeddable":true,"href":"https:\/\/informatepy.com\/2024\/wp-json\/wp\/v2\/tags?post=5507"},{"taxonomy":"jnews-series","embeddable":true,"href":"https:\/\/informatepy.com\/2024\/wp-json\/wp\/v2\/jnews-series?post=5507"},{"taxonomy":"author","embeddable":true,"href":"https:\/\/informatepy.com\/2024\/wp-json\/wp\/v2\/ppma_author?post=5507"}],"curies":[{"name":"wp","href":"https:\/\/api.w.org\/{rel}","templated":true}]}}