{"id":40968,"date":"2026-09-05T00:00:00","date_gmt":"2026-09-05T03:00:00","guid":{"rendered":"https:\/\/informatepy.com\/2024\/?p=40968"},"modified":"2026-09-04T18:59:43","modified_gmt":"2026-09-04T21:59:43","slug":"asuncion-fortalece-la-coordinacion-interinstitucional-contra-los-vertederos-clandestinos","status":"publish","type":"post","link":"https:\/\/informatepy.com\/2024\/2026\/09\/05\/asuncion-fortalece-la-coordinacion-interinstitucional-contra-los-vertederos-clandestinos\/","title":{"rendered":"Asunci\u00f3n fortalece la coordinaci\u00f3n interinstitucional contra los vertederos clandestinos"},"content":{"rendered":"\n<p class=\"wp-block-paragraph\">La Municipalidad de Asunci\u00f3n, por disposici\u00f3n del intendente <strong>Luis Bello<\/strong> y a trav\u00e9s de la <strong>Direcci\u00f3n de Servicios Urbanos (DSU)<\/strong>, lleva adelante un combate frontal contra los vertederos clandestinos, por lo que viene fortaleciendo los mecanismos de control sobre quienes arrojan residuos, de manera irregular, en espacios p\u00fablicos capitalinos.<\/p>\n\n\n\n<p class=\"wp-block-paragraph\">En ese marco, el director de Servicios Urbanos, <strong>Carlos Reyes<\/strong>, y la jefa del Departamento de Recolecci\u00f3n, <strong>Domitila Ben\u00edtez<\/strong>, mantuvieron reuniones de trabajo con el director de Medio Ambiente del Ministerio P\u00fablico, <strong>Germ\u00e1n Torres<\/strong>, y con representantes de la <strong>Unidad Operativa Lince de la Polic\u00eda Nacional.\u00a0<\/strong><\/p>\n\n\n\n<p class=\"wp-block-paragraph\">El encuentro tuvo como prop\u00f3sito coordinar acciones conjuntas y fortalecer los controles en los puntos cr\u00edticos de vertido irregular de desperdicios identificados en Asunci\u00f3n.<\/p>\n\n\n\n<p class=\"wp-block-paragraph\">De esta manera, se busca respaldar la labor diaria de recolecci\u00f3n de la DSU y prevenir la formaci\u00f3n de micro vertederos, mediante un firme acompa\u00f1amiento legal y policial.&nbsp;<\/p>\n\n\n\n<p class=\"wp-block-paragraph\">La Comuna Capitalina contin\u00faa as\u00ed articulando esfuerzos con las instituciones competentes, para dar una respuesta integral a esta problem\u00e1tica ambiental.<\/p>\n","protected":false},"excerpt":{"rendered":"<p>La Municipalidad de Asunci\u00f3n, por disposici\u00f3n del intendente Luis Bello y a trav\u00e9s de la Direcci\u00f3n de Servicios Urbanos (DSU), lleva adelante un combate frontal contra los vertederos clandestinos, por lo que viene fortaleciendo los mecanismos de control sobre quienes arrojan residuos, de manera irregular, en espacios p\u00fablicos capitalinos. En ese marco, el director de [&hellip;]<\/p>\n","protected":false},"author":3,"featured_media":40969,"comment_status":"open","ping_status":"open","sticky":false,"template":"","format":"standard","meta":{"_jetpack_newsletter_access":"","_jetpack_dont_email_post_to_subs":false,"_jetpack_newsletter_tier_id":0,"_jetpack_memberships_contains_paywalled_content":false,"iawp_total_views":1,"_jetpack_feature_clip_id":0,"_jetpack_memberships_contains_paid_content":false,"jnews-multi-image_gallery":[],"jnews_single_post":{"format":"standard"},"jnews_primary_category":[],"jnews_override_bookmark_settings":[],"jnews_food_recipe":[],"enable_food_recipe":"","food_recipe_title":"","food_recipe_description":"","food_recipe_serve":"","food_recipe_time":"","food_recipe_prep":"","food_recipe_level":"","food_recipe_keywords":"","food_recipe_category":"","food_recipe_cuisine":"","food_recipe_yield":"","food_recipe_calories":"","enable_print_recipe":"","ingredient":[],"instruction":"","jnews_social_meta":[],"jnews_paywall_metabox":[],"jnews_review":[],"enable_review":"","type":"","name":"","summary":"","brand":"","sku":"","good":[],"bad":[],"score_override":"","override_value":"","rating":[],"price":[],"jnews_override_counter":[],"jnews_post_split":[],"jnews_podcast_option":[],"jnews_podcast_series":[],"footnotes":"","jetpack_post_was_ever_published":false},"categories":[40],"tags":[425,831,2466,2453,802,2460,2359],"jnews-series":[],"ppma_author":[830],"class_list":["post-40968","post","type-post","status-publish","format-standard","has-post-thumbnail","hentry","category-municipales","tag-asuncion","tag-destacada","tag-intendencia-de-asuncion","tag-luis-bello","tag-municipalidad-de-asuncion","tag-noticias-de-asuncion","tag-noticias-de-paraguay"],"yoast_head":"<!-- This site is optimized with the Yoast SEO plugin v28.4 - https:\/\/yoast.com\/product\/yoast-seo-wordpress\/ -->\n<title>Asunci\u00f3n fortalece la coordinaci\u00f3n interinstitucional contra los vertederos clandestinos - Informate Py Creemos en la libertad de expresi\u00f3n y en la capacidad de la gente de reflexionar\u00a0por\u00a0si\u00a0misma<\/title>\n<meta name=\"robots\" content=\"index, follow, max-snippet:-1, max-image-preview:large, max-video-preview:-1\" \/>\n<link rel=\"canonical\" href=\"https:\/\/informatepy.com\/2024\/2026\/09\/05\/asuncion-fortalece-la-coordinacion-interinstitucional-contra-los-vertederos-clandestinos\/\" \/>\n<meta property=\"og:locale\" content=\"es_ES\" \/>\n<meta property=\"og:type\" content=\"article\" \/>\n<meta property=\"og:title\" content=\"Asunci\u00f3n fortalece la coordinaci\u00f3n interinstitucional contra los vertederos clandestinos - Informate Py Creemos en la libertad de expresi\u00f3n y en la capacidad de la gente de reflexionar\u00a0por\u00a0si\u00a0misma\" \/>\n<meta property=\"og:description\" content=\"La Municipalidad de Asunci\u00f3n, por disposici\u00f3n del intendente Luis Bello y a trav\u00e9s de la Direcci\u00f3n de Servicios Urbanos (DSU), lleva adelante un combate frontal contra los vertederos clandestinos, por lo que viene fortaleciendo los mecanismos de control sobre quienes arrojan residuos, de manera irregular, en espacios p\u00fablicos capitalinos. En ese marco, el director de [&hellip;]\" \/>\n<meta property=\"og:url\" content=\"https:\/\/informatepy.com\/2024\/2026\/09\/05\/asuncion-fortalece-la-coordinacion-interinstitucional-contra-los-vertederos-clandestinos\/\" \/>\n<meta property=\"og:site_name\" content=\"Informate Py Creemos en la libertad de expresi\u00f3n y en la capacidad de la gente de reflexionar\u00a0por\u00a0si\u00a0misma\" \/>\n<meta property=\"article:author\" content=\"https:\/\/www.facebook.com\/InformatePyCom\" \/>\n<meta property=\"article:published_time\" content=\"2026-09-05T03:00:00+00:00\" \/>\n<meta property=\"og:image\" content=\"https:\/\/i0.wp.com\/informatepy.com\/2024\/wp-content\/uploads\/2026\/09\/luis-bello-residuos.jpg?fit=1200%2C675&ssl=1\" \/>\n\t<meta property=\"og:image:width\" content=\"1200\" \/>\n\t<meta property=\"og:image:height\" content=\"675\" \/>\n\t<meta property=\"og:image:type\" content=\"image\/jpeg\" \/>\n<meta name=\"author\" content=\"Redacci\u00f3n\" \/>\n<meta name=\"twitter:card\" content=\"summary_large_image\" \/>\n<meta name=\"twitter:creator\" content=\"@https:\/\/twitter.com\/InformatePy1\" \/>\n<meta name=\"twitter:label1\" content=\"Escrito por\" \/>\n\t<meta name=\"twitter:data1\" content=\"Redacci\u00f3n\" \/>\n\t<meta name=\"twitter:label2\" content=\"Tiempo de lectura\" \/>\n\t<meta name=\"twitter:data2\" content=\"1 minuto\" \/>\n<script type=\"application\/ld+json\" class=\"yoast-schema-graph\">{\"@context\":\"https:\\\/\\\/schema.org\",\"@graph\":[{\"@type\":\"Article\",\"@id\":\"https:\\\/\\\/informatepy.com\\\/2024\\\/2026\\\/09\\\/05\\\/asuncion-fortalece-la-coordinacion-interinstitucional-contra-los-vertederos-clandestinos\\\/#article\",\"isPartOf\":{\"@id\":\"https:\\\/\\\/informatepy.com\\\/2024\\\/2026\\\/09\\\/05\\\/asuncion-fortalece-la-coordinacion-interinstitucional-contra-los-vertederos-clandestinos\\\/\"},\"author\":{\"name\":\"Redacci\u00f3n\",\"@id\":\"https:\\\/\\\/informatepy.com\\\/2024\\\/#\\\/schema\\\/person\\\/98728344b91c548ef8544c80daf58463\"},\"headline\":\"Asunci\u00f3n fortalece la coordinaci\u00f3n interinstitucional contra los vertederos clandestinos\",\"datePublished\":\"2026-09-05T03:00:00+00:00\",\"mainEntityOfPage\":{\"@id\":\"https:\\\/\\\/informatepy.com\\\/2024\\\/2026\\\/09\\\/05\\\/asuncion-fortalece-la-coordinacion-interinstitucional-contra-los-vertederos-clandestinos\\\/\"},\"wordCount\":197,\"commentCount\":0,\"publisher\":{\"@id\":\"https:\\\/\\\/informatepy.com\\\/2024\\\/#organization\"},\"image\":{\"@id\":\"https:\\\/\\\/informatepy.com\\\/2024\\\/2026\\\/09\\\/05\\\/asuncion-fortalece-la-coordinacion-interinstitucional-contra-los-vertederos-clandestinos\\\/#primaryimage\"},\"thumbnailUrl\":\"https:\\\/\\\/i0.wp.com\\\/informatepy.com\\\/2024\\\/wp-content\\\/uploads\\\/2026\\\/09\\\/luis-bello-residuos.jpg?fit=1200%2C675&ssl=1\",\"keywords\":[\"asuncion\",\"destacada\",\"intendencia de asuncion\",\"luis bello\",\"municipalidad de asuncion\",\"noticias de asunci\u00f3n\",\"noticias de paraguay\"],\"articleSection\":[\"Municipales\"],\"inLanguage\":\"es\",\"potentialAction\":[{\"@type\":\"CommentAction\",\"name\":\"Comment\",\"target\":[\"https:\\\/\\\/informatepy.com\\\/2024\\\/2026\\\/09\\\/05\\\/asuncion-fortalece-la-coordinacion-interinstitucional-contra-los-vertederos-clandestinos\\\/#respond\"]}]},{\"@type\":\"WebPage\",\"@id\":\"https:\\\/\\\/informatepy.com\\\/2024\\\/2026\\\/09\\\/05\\\/asuncion-fortalece-la-coordinacion-interinstitucional-contra-los-vertederos-clandestinos\\\/\",\"url\":\"https:\\\/\\\/informatepy.com\\\/2024\\\/2026\\\/09\\\/05\\\/asuncion-fortalece-la-coordinacion-interinstitucional-contra-los-vertederos-clandestinos\\\/\",\"name\":\"Asunci\u00f3n fortalece la coordinaci\u00f3n interinstitucional contra los vertederos clandestinos - Informate Py Creemos en la libertad de expresi\u00f3n y en la capacidad de la gente de reflexionar\u00a0por\u00a0si\u00a0misma\",\"isPartOf\":{\"@id\":\"https:\\\/\\\/informatepy.com\\\/2024\\\/#website\"},\"primaryImageOfPage\":{\"@id\":\"https:\\\/\\\/informatepy.com\\\/2024\\\/2026\\\/09\\\/05\\\/asuncion-fortalece-la-coordinacion-interinstitucional-contra-los-vertederos-clandestinos\\\/#primaryimage\"},\"image\":{\"@id\":\"https:\\\/\\\/informatepy.com\\\/2024\\\/2026\\\/09\\\/05\\\/asuncion-fortalece-la-coordinacion-interinstitucional-contra-los-vertederos-clandestinos\\\/#primaryimage\"},\"thumbnailUrl\":\"https:\\\/\\\/i0.wp.com\\\/informatepy.com\\\/2024\\\/wp-content\\\/uploads\\\/2026\\\/09\\\/luis-bello-residuos.jpg?fit=1200%2C675&ssl=1\",\"datePublished\":\"2026-09-05T03:00:00+00:00\",\"breadcrumb\":{\"@id\":\"https:\\\/\\\/informatepy.com\\\/2024\\\/2026\\\/09\\\/05\\\/asuncion-fortalece-la-coordinacion-interinstitucional-contra-los-vertederos-clandestinos\\\/#breadcrumb\"},\"inLanguage\":\"es\",\"potentialAction\":[{\"@type\":\"ReadAction\",\"target\":[\"https:\\\/\\\/informatepy.com\\\/2024\\\/2026\\\/09\\\/05\\\/asuncion-fortalece-la-coordinacion-interinstitucional-contra-los-vertederos-clandestinos\\\/\"]}]},{\"@type\":\"ImageObject\",\"inLanguage\":\"es\",\"@id\":\"https:\\\/\\\/informatepy.com\\\/2024\\\/2026\\\/09\\\/05\\\/asuncion-fortalece-la-coordinacion-interinstitucional-contra-los-vertederos-clandestinos\\\/#primaryimage\",\"url\":\"https:\\\/\\\/i0.wp.com\\\/informatepy.com\\\/2024\\\/wp-content\\\/uploads\\\/2026\\\/09\\\/luis-bello-residuos.jpg?fit=1200%2C675&ssl=1\",\"contentUrl\":\"https:\\\/\\\/i0.wp.com\\\/informatepy.com\\\/2024\\\/wp-content\\\/uploads\\\/2026\\\/09\\\/luis-bello-residuos.jpg?fit=1200%2C675&ssl=1\",\"width\":1200,\"height\":675},{\"@type\":\"BreadcrumbList\",\"@id\":\"https:\\\/\\\/informatepy.com\\\/2024\\\/2026\\\/09\\\/05\\\/asuncion-fortalece-la-coordinacion-interinstitucional-contra-los-vertederos-clandestinos\\\/#breadcrumb\",\"itemListElement\":[{\"@type\":\"ListItem\",\"position\":1,\"name\":\"Portada\",\"item\":\"https:\\\/\\\/informatepy.com\\\/2024\\\/\"},{\"@type\":\"ListItem\",\"position\":2,\"name\":\"Asunci\u00f3n fortalece la coordinaci\u00f3n interinstitucional contra los vertederos clandestinos\"}]},{\"@type\":\"WebSite\",\"@id\":\"https:\\\/\\\/informatepy.com\\\/2024\\\/#website\",\"url\":\"https:\\\/\\\/informatepy.com\\\/2024\\\/\",\"name\":\"Informate Py Creemos en la libertad de expresi\u00f3n y en la capacidad de la gente de reflexionar\u00a0por\u00a0si\u00a0misma\",\"description\":\"InformatePy\",\"publisher\":{\"@id\":\"https:\\\/\\\/informatepy.com\\\/2024\\\/#organization\"},\"potentialAction\":[{\"@type\":\"SearchAction\",\"target\":{\"@type\":\"EntryPoint\",\"urlTemplate\":\"https:\\\/\\\/informatepy.com\\\/2024\\\/?s={search_term_string}\"},\"query-input\":{\"@type\":\"PropertyValueSpecification\",\"valueRequired\":true,\"valueName\":\"search_term_string\"}}],\"inLanguage\":\"es\"},{\"@type\":\"Organization\",\"@id\":\"https:\\\/\\\/informatepy.com\\\/2024\\\/#organization\",\"name\":\"Informate Py Creemos en la libertad de expresi\u00f3n y en la capacidad de la gente de reflexionar\u00a0por\u00a0si\u00a0misma\",\"url\":\"https:\\\/\\\/informatepy.com\\\/2024\\\/\",\"logo\":{\"@type\":\"ImageObject\",\"inLanguage\":\"es\",\"@id\":\"https:\\\/\\\/informatepy.com\\\/2024\\\/#\\\/schema\\\/logo\\\/image\\\/\",\"url\":\"https:\\\/\\\/i0.wp.com\\\/informatepy.com\\\/2024\\\/wp-content\\\/uploads\\\/2024\\\/02\\\/Logotipo-sin-fondo-informate-py500.png?fit=500%2C94&ssl=1\",\"contentUrl\":\"https:\\\/\\\/i0.wp.com\\\/informatepy.com\\\/2024\\\/wp-content\\\/uploads\\\/2024\\\/02\\\/Logotipo-sin-fondo-informate-py500.png?fit=500%2C94&ssl=1\",\"width\":500,\"height\":94,\"caption\":\"Informate Py Creemos en la libertad de expresi\u00f3n y en la capacidad de la gente de reflexionar\u00a0por\u00a0si\u00a0misma\"},\"image\":{\"@id\":\"https:\\\/\\\/informatepy.com\\\/2024\\\/#\\\/schema\\\/logo\\\/image\\\/\"}},{\"@type\":\"Person\",\"@id\":\"https:\\\/\\\/informatepy.com\\\/2024\\\/#\\\/schema\\\/person\\\/98728344b91c548ef8544c80daf58463\",\"name\":\"Redacci\u00f3n\",\"image\":{\"@type\":\"ImageObject\",\"inLanguage\":\"es\",\"@id\":\"https:\\\/\\\/informatepy.com\\\/2024\\\/wp-content\\\/uploads\\\/2024\\\/02\\\/cropped-Isologo-sin-fondo.png9c354f01c536b2d49dbb929e96603401\",\"url\":\"https:\\\/\\\/informatepy.com\\\/2024\\\/wp-content\\\/uploads\\\/2024\\\/02\\\/cropped-Isologo-sin-fondo.png\",\"contentUrl\":\"https:\\\/\\\/informatepy.com\\\/2024\\\/wp-content\\\/uploads\\\/2024\\\/02\\\/cropped-Isologo-sin-fondo.png\",\"caption\":\"Redacci\u00f3n\"},\"sameAs\":[\"https:\\\/\\\/www.facebook.com\\\/InformatePyCom\",\"https:\\\/\\\/x.com\\\/https:\\\/\\\/twitter.com\\\/InformatePy1\"],\"url\":\"https:\\\/\\\/informatepy.com\\\/2024\\\/author\\\/redaccion\\\/\"}]}<\/script>\n<!-- \/ Yoast SEO plugin. -->","yoast_head_json":{"title":"Asunci\u00f3n fortalece la coordinaci\u00f3n interinstitucional contra los vertederos clandestinos - Informate Py Creemos en la libertad de expresi\u00f3n y en la capacidad de la gente de reflexionar\u00a0por\u00a0si\u00a0misma","robots":{"index":"index","follow":"follow","max-snippet":"max-snippet:-1","max-image-preview":"max-image-preview:large","max-video-preview":"max-video-preview:-1"},"canonical":"https:\/\/informatepy.com\/2024\/2026\/09\/05\/asuncion-fortalece-la-coordinacion-interinstitucional-contra-los-vertederos-clandestinos\/","og_locale":"es_ES","og_type":"article","og_title":"Asunci\u00f3n fortalece la coordinaci\u00f3n interinstitucional contra los vertederos clandestinos - Informate Py Creemos en la libertad de expresi\u00f3n y en la capacidad de la gente de reflexionar\u00a0por\u00a0si\u00a0misma","og_description":"La Municipalidad de Asunci\u00f3n, por disposici\u00f3n del intendente Luis Bello y a trav\u00e9s de la Direcci\u00f3n de Servicios Urbanos (DSU), lleva adelante un combate frontal contra los vertederos clandestinos, por lo que viene fortaleciendo los mecanismos de control sobre quienes arrojan residuos, de manera irregular, en espacios p\u00fablicos capitalinos. En ese marco, el director de [&hellip;]","og_url":"https:\/\/informatepy.com\/2024\/2026\/09\/05\/asuncion-fortalece-la-coordinacion-interinstitucional-contra-los-vertederos-clandestinos\/","og_site_name":"Informate Py Creemos en la libertad de expresi\u00f3n y en la capacidad de la gente de reflexionar\u00a0por\u00a0si\u00a0misma","article_author":"https:\/\/www.facebook.com\/InformatePyCom","article_published_time":"2026-09-05T03:00:00+00:00","og_image":[{"width":1200,"height":675,"url":"https:\/\/i0.wp.com\/informatepy.com\/2024\/wp-content\/uploads\/2026\/09\/luis-bello-residuos.jpg?fit=1200%2C675&ssl=1","type":"image\/jpeg"}],"author":"Redacci\u00f3n","twitter_card":"summary_large_image","twitter_creator":"@https:\/\/twitter.com\/InformatePy1","twitter_misc":{"Escrito por":"Redacci\u00f3n","Tiempo de lectura":"1 minuto"},"schema":{"@context":"https:\/\/schema.org","@graph":[{"@type":"Article","@id":"https:\/\/informatepy.com\/2024\/2026\/09\/05\/asuncion-fortalece-la-coordinacion-interinstitucional-contra-los-vertederos-clandestinos\/#article","isPartOf":{"@id":"https:\/\/informatepy.com\/2024\/2026\/09\/05\/asuncion-fortalece-la-coordinacion-interinstitucional-contra-los-vertederos-clandestinos\/"},"author":{"name":"Redacci\u00f3n","@id":"https:\/\/informatepy.com\/2024\/#\/schema\/person\/98728344b91c548ef8544c80daf58463"},"headline":"Asunci\u00f3n fortalece la coordinaci\u00f3n interinstitucional contra los vertederos clandestinos","datePublished":"2026-09-05T03:00:00+00:00","mainEntityOfPage":{"@id":"https:\/\/informatepy.com\/2024\/2026\/09\/05\/asuncion-fortalece-la-coordinacion-interinstitucional-contra-los-vertederos-clandestinos\/"},"wordCount":197,"commentCount":0,"publisher":{"@id":"https:\/\/informatepy.com\/2024\/#organization"},"image":{"@id":"https:\/\/informatepy.com\/2024\/2026\/09\/05\/asuncion-fortalece-la-coordinacion-interinstitucional-contra-los-vertederos-clandestinos\/#primaryimage"},"thumbnailUrl":"https:\/\/i0.wp.com\/informatepy.com\/2024\/wp-content\/uploads\/2026\/09\/luis-bello-residuos.jpg?fit=1200%2C675&ssl=1","keywords":["asuncion","destacada","intendencia de asuncion","luis bello","municipalidad de asuncion","noticias de asunci\u00f3n","noticias de paraguay"],"articleSection":["Municipales"],"inLanguage":"es","potentialAction":[{"@type":"CommentAction","name":"Comment","target":["https:\/\/informatepy.com\/2024\/2026\/09\/05\/asuncion-fortalece-la-coordinacion-interinstitucional-contra-los-vertederos-clandestinos\/#respond"]}]},{"@type":"WebPage","@id":"https:\/\/informatepy.com\/2024\/2026\/09\/05\/asuncion-fortalece-la-coordinacion-interinstitucional-contra-los-vertederos-clandestinos\/","url":"https:\/\/informatepy.com\/2024\/2026\/09\/05\/asuncion-fortalece-la-coordinacion-interinstitucional-contra-los-vertederos-clandestinos\/","name":"Asunci\u00f3n fortalece la coordinaci\u00f3n interinstitucional contra los vertederos clandestinos - Informate Py Creemos en la libertad de expresi\u00f3n y en la capacidad de la gente de reflexionar\u00a0por\u00a0si\u00a0misma","isPartOf":{"@id":"https:\/\/informatepy.com\/2024\/#website"},"primaryImageOfPage":{"@id":"https:\/\/informatepy.com\/2024\/2026\/09\/05\/asuncion-fortalece-la-coordinacion-interinstitucional-contra-los-vertederos-clandestinos\/#primaryimage"},"image":{"@id":"https:\/\/informatepy.com\/2024\/2026\/09\/05\/asuncion-fortalece-la-coordinacion-interinstitucional-contra-los-vertederos-clandestinos\/#primaryimage"},"thumbnailUrl":"https:\/\/i0.wp.com\/informatepy.com\/2024\/wp-content\/uploads\/2026\/09\/luis-bello-residuos.jpg?fit=1200%2C675&ssl=1","datePublished":"2026-09-05T03:00:00+00:00","breadcrumb":{"@id":"https:\/\/informatepy.com\/2024\/2026\/09\/05\/asuncion-fortalece-la-coordinacion-interinstitucional-contra-los-vertederos-clandestinos\/#breadcrumb"},"inLanguage":"es","potentialAction":[{"@type":"ReadAction","target":["https:\/\/informatepy.com\/2024\/2026\/09\/05\/asuncion-fortalece-la-coordinacion-interinstitucional-contra-los-vertederos-clandestinos\/"]}]},{"@type":"ImageObject","inLanguage":"es","@id":"https:\/\/informatepy.com\/2024\/2026\/09\/05\/asuncion-fortalece-la-coordinacion-interinstitucional-contra-los-vertederos-clandestinos\/#primaryimage","url":"https:\/\/i0.wp.com\/informatepy.com\/2024\/wp-content\/uploads\/2026\/09\/luis-bello-residuos.jpg?fit=1200%2C675&ssl=1","contentUrl":"https:\/\/i0.wp.com\/informatepy.com\/2024\/wp-content\/uploads\/2026\/09\/luis-bello-residuos.jpg?fit=1200%2C675&ssl=1","width":1200,"height":675},{"@type":"BreadcrumbList","@id":"https:\/\/informatepy.com\/2024\/2026\/09\/05\/asuncion-fortalece-la-coordinacion-interinstitucional-contra-los-vertederos-clandestinos\/#breadcrumb","itemListElement":[{"@type":"ListItem","position":1,"name":"Portada","item":"https:\/\/informatepy.com\/2024\/"},{"@type":"ListItem","position":2,"name":"Asunci\u00f3n fortalece la coordinaci\u00f3n interinstitucional contra los vertederos clandestinos"}]},{"@type":"WebSite","@id":"https:\/\/informatepy.com\/2024\/#website","url":"https:\/\/informatepy.com\/2024\/","name":"Informate Py Creemos en la libertad de expresi\u00f3n y en la capacidad de la gente de reflexionar\u00a0por\u00a0si\u00a0misma","description":"InformatePy","publisher":{"@id":"https:\/\/informatepy.com\/2024\/#organization"},"potentialAction":[{"@type":"SearchAction","target":{"@type":"EntryPoint","urlTemplate":"https:\/\/informatepy.com\/2024\/?s={search_term_string}"},"query-input":{"@type":"PropertyValueSpecification","valueRequired":true,"valueName":"search_term_string"}}],"inLanguage":"es"},{"@type":"Organization","@id":"https:\/\/informatepy.com\/2024\/#organization","name":"Informate Py Creemos en la libertad de expresi\u00f3n y en la capacidad de la gente de reflexionar\u00a0por\u00a0si\u00a0misma","url":"https:\/\/informatepy.com\/2024\/","logo":{"@type":"ImageObject","inLanguage":"es","@id":"https:\/\/informatepy.com\/2024\/#\/schema\/logo\/image\/","url":"https:\/\/i0.wp.com\/informatepy.com\/2024\/wp-content\/uploads\/2024\/02\/Logotipo-sin-fondo-informate-py500.png?fit=500%2C94&ssl=1","contentUrl":"https:\/\/i0.wp.com\/informatepy.com\/2024\/wp-content\/uploads\/2024\/02\/Logotipo-sin-fondo-informate-py500.png?fit=500%2C94&ssl=1","width":500,"height":94,"caption":"Informate Py Creemos en la libertad de expresi\u00f3n y en la capacidad de la gente de reflexionar\u00a0por\u00a0si\u00a0misma"},"image":{"@id":"https:\/\/informatepy.com\/2024\/#\/schema\/logo\/image\/"}},{"@type":"Person","@id":"https:\/\/informatepy.com\/2024\/#\/schema\/person\/98728344b91c548ef8544c80daf58463","name":"Redacci\u00f3n","image":{"@type":"ImageObject","inLanguage":"es","@id":"https:\/\/informatepy.com\/2024\/wp-content\/uploads\/2024\/02\/cropped-Isologo-sin-fondo.png9c354f01c536b2d49dbb929e96603401","url":"https:\/\/informatepy.com\/2024\/wp-content\/uploads\/2024\/02\/cropped-Isologo-sin-fondo.png","contentUrl":"https:\/\/informatepy.com\/2024\/wp-content\/uploads\/2024\/02\/cropped-Isologo-sin-fondo.png","caption":"Redacci\u00f3n"},"sameAs":["https:\/\/www.facebook.com\/InformatePyCom","https:\/\/x.com\/https:\/\/twitter.com\/InformatePy1"],"url":"https:\/\/informatepy.com\/2024\/author\/redaccion\/"}]}},"jetpack-related-posts":[],"jetpack_sharing_enabled":true,"authors":[{"term_id":830,"user_id":3,"is_guest":0,"slug":"redaccion","display_name":"Redacci\u00f3n","avatar_url":{"url":"https:\/\/informatepy.com\/2024\/wp-content\/uploads\/2024\/02\/cropped-Isologo-sin-fondo.png","url2x":"https:\/\/informatepy.com\/2024\/wp-content\/uploads\/2024\/02\/cropped-Isologo-sin-fondo.png"},"author_category":"1","first_name":"Redacci\u00f3n","last_name":"","user_url":"","job_title":"","description":""}],"jetpack_featured_media_url":"https:\/\/i0.wp.com\/informatepy.com\/2024\/wp-content\/uploads\/2026\/09\/luis-bello-residuos.jpg?fit=1200%2C675&ssl=1","_links":{"self":[{"href":"https:\/\/informatepy.com\/2024\/wp-json\/wp\/v2\/posts\/40968","targetHints":{"allow":["GET"]}}],"collection":[{"href":"https:\/\/informatepy.com\/2024\/wp-json\/wp\/v2\/posts"}],"about":[{"href":"https:\/\/informatepy.com\/2024\/wp-json\/wp\/v2\/types\/post"}],"author":[{"embeddable":true,"href":"https:\/\/informatepy.com\/2024\/wp-json\/wp\/v2\/users\/3"}],"replies":[{"embeddable":true,"href":"https:\/\/informatepy.com\/2024\/wp-json\/wp\/v2\/comments?post=40968"}],"version-history":[{"count":2,"href":"https:\/\/informatepy.com\/2024\/wp-json\/wp\/v2\/posts\/40968\/revisions"}],"predecessor-version":[{"id":40972,"href":"https:\/\/informatepy.com\/2024\/wp-json\/wp\/v2\/posts\/40968\/revisions\/40972"}],"wp:featuredmedia":[{"embeddable":true,"href":"https:\/\/informatepy.com\/2024\/wp-json\/wp\/v2\/media\/40969"}],"wp:attachment":[{"href":"https:\/\/informatepy.com\/2024\/wp-json\/wp\/v2\/media?parent=40968"}],"wp:term":[{"taxonomy":"category","embeddable":true,"href":"https:\/\/informatepy.com\/2024\/wp-json\/wp\/v2\/categories?post=40968"},{"taxonomy":"post_tag","embeddable":true,"href":"https:\/\/informatepy.com\/2024\/wp-json\/wp\/v2\/tags?post=40968"},{"taxonomy":"jnews-series","embeddable":true,"href":"https:\/\/informatepy.com\/2024\/wp-json\/wp\/v2\/jnews-series?post=40968"},{"taxonomy":"author","embeddable":true,"href":"https:\/\/informatepy.com\/2024\/wp-json\/wp\/v2\/ppma_author?post=40968"}],"curies":[{"name":"wp","href":"https:\/\/api.w.org\/{rel}","templated":true}]}}