{"id":40936,"date":"2026-09-04T00:00:00","date_gmt":"2026-09-04T03:00:00","guid":{"rendered":"https:\/\/informatepy.com\/2024\/?p=40936"},"modified":"2026-09-03T19:07:12","modified_gmt":"2026-09-03T22:07:12","slug":"inicia-campana-de-siembra-de-soja-en-paraguay","status":"publish","type":"post","link":"https:\/\/informatepy.com\/2024\/2026\/09\/04\/inicia-campana-de-siembra-de-soja-en-paraguay\/","title":{"rendered":"Inicia campa\u00f1a de siembra de soja en Paraguay"},"content":{"rendered":"\n<p class=\"wp-block-paragraph\"><a href=\"https:\/\/faro.com.py\/category\/nacionales\/\"><\/a><\/p>\n\n\n\n<p class=\"wp-block-paragraph\">El presidente de la Rep\u00fablica, Santiago Pe\u00f1a, encabez\u00f3 este jueves la apertura oficial de la IV edici\u00f3n&nbsp;<em>\u00abSiembra de Soja Paraguay 2026-2027\u00bb<\/em>, en el distrito de Dr. Juan Eulogio Estigarribia, Departamento de Caaguaz\u00fa.<\/p>\n\n\n\n<p class=\"wp-block-paragraph\">El inicio de la campa\u00f1a se realiz\u00f3 en el marco del 27\u00b0 aniversario de la Asociaci\u00f3n Paraguaya de Soja (APS), cuyo presidente Lindemar Cesca, destac\u00f3 que la participaci\u00f3n de las autoridades es un reconocimiento a la importancia estrat\u00e9gica de la producci\u00f3n agr\u00edcola en el Paraguay.<\/p>\n\n\n\n<p class=\"wp-block-paragraph\">Destac\u00f3 que la presente campa\u00f1a busca consolidar el constante crecimiento de la producci\u00f3n, no solo en superficie cultivada sino fundamentalmente en rendimiento por hect\u00e1rea y niveles de cosecha.<\/p>\n\n\n\n<p class=\"wp-block-paragraph\">En ese sentido, indic\u00f3 que la campa\u00f1a 2025-2026 se registr\u00f3 un crecimiento sin precedente, con 3.407.000 hect\u00e1reas cultivadas y una producci\u00f3n r\u00e9cord estimada en 11,5 millones de toneladas, a trav\u00e9s de un rendimiento nacional de 3.374 kilos por hect\u00e1rea.<\/p>\n\n\n\n<p class=\"wp-block-paragraph\">Ante este nuevo periodo que se inicia, Cesca pidi\u00f3 al Gobierno del Paraguay proteger al productor, de modo a preservar la base de una cadena que genera trabajo, divisas, inversiones y oportunidades para todo el pa\u00eds.<\/p>\n\n\n\n<p class=\"wp-block-paragraph\">En ese sentido, manifest\u00f3 el rechazo del gremio a propuestas de creaci\u00f3n de nuevos impuestos a la producci\u00f3n y exportaci\u00f3n de granos, ya que esas cargas se trasladan finalmente al productor.<strong>&nbsp;\u00abLa competitividad no se construye aumentando la carga sobre quien produce\u00bb,<\/strong>&nbsp;afirm\u00f3.<\/p>\n\n\n\n<p class=\"wp-block-paragraph\">A su turno, el ministro de Agricultura, Carlos Gim\u00e9nez, destac\u00f3 que Paraguay bate r\u00e9cords cada a\u00f1o tanto en la producci\u00f3n como en el posicionamiento de sus productos en mercado internacional, gracias al compromiso con el medioambiente.&nbsp;<strong>\u00abParaguay es un pa\u00eds de referencia en la agricultura sostenible\u00bb<\/strong>, sostuvo.<\/p>\n\n\n\n<p class=\"wp-block-paragraph\">En el acto, el presidente de la Rep\u00fablica, Santiago Pe\u00f1a, valor\u00f3 quela producci\u00f3n de la soja implica una larga cadena productiva y afirm\u00f3 que su Gobierno tiene como visi\u00f3n ayudar al peque\u00f1o productor para subirse al desarrollo productivo.<\/p>\n\n\n\n<p class=\"wp-block-paragraph\">As\u00ed tambi\u00e9n ratific\u00f3 que su Gobierno, en su esfuerza de reducir las deudas sociales del Estado no va a poner en riesgo a quienes generan el desarrollo y el progreso en el Paraguay.<\/p>\n\n\n\n<p class=\"wp-block-paragraph\"><\/p>\n","protected":false},"excerpt":{"rendered":"<p>El presidente de la Rep\u00fablica, Santiago Pe\u00f1a, encabez\u00f3 este jueves la apertura oficial de la IV edici\u00f3n&nbsp;\u00abSiembra de Soja Paraguay 2026-2027\u00bb, en el distrito de Dr. Juan Eulogio Estigarribia, Departamento de Caaguaz\u00fa. El inicio de la campa\u00f1a se realiz\u00f3 en el marco del 27\u00b0 aniversario de la Asociaci\u00f3n Paraguaya de Soja (APS), cuyo presidente Lindemar [&hellip;]<\/p>\n","protected":false},"author":3,"featured_media":40937,"comment_status":"open","ping_status":"open","sticky":false,"template":"","format":"standard","meta":{"_jetpack_newsletter_access":"","_jetpack_dont_email_post_to_subs":false,"_jetpack_newsletter_tier_id":0,"_jetpack_memberships_contains_paywalled_content":false,"iawp_total_views":1,"_jetpack_feature_clip_id":0,"_jetpack_memberships_contains_paid_content":false,"jnews-multi-image_gallery":[],"jnews_single_post":{"format":"standard"},"jnews_primary_category":[],"jnews_override_bookmark_settings":[],"jnews_food_recipe":[],"enable_food_recipe":"","food_recipe_title":"","food_recipe_description":"","food_recipe_serve":"","food_recipe_time":"","food_recipe_prep":"","food_recipe_level":"","food_recipe_keywords":"","food_recipe_category":"","food_recipe_cuisine":"","food_recipe_yield":"","food_recipe_calories":"","enable_print_recipe":"","ingredient":[],"instruction":"","jnews_social_meta":[],"jnews_paywall_metabox":[],"jnews_review":[],"enable_review":"","type":"","name":"","summary":"","brand":"","sku":"","good":[],"bad":[],"score_override":"","override_value":"","rating":[],"price":[],"jnews_override_counter":[],"jnews_post_split":[],"jnews_podcast_option":[],"jnews_podcast_series":[],"footnotes":"","jetpack_post_was_ever_published":false},"categories":[34],"tags":[1886,1337,831,328,329,2359],"jnews-series":[],"ppma_author":[830],"class_list":["post-40936","post","type-post","status-publish","format-standard","has-post-thumbnail","hentry","category-nacionales","tag-agricultores","tag-agricultura","tag-destacada","tag-mag","tag-ministerio-agricultura","tag-noticias-de-paraguay"],"yoast_head":"<!-- This site is optimized with the Yoast SEO plugin v28.4 - https:\/\/yoast.com\/product\/yoast-seo-wordpress\/ -->\n<title>Inicia campa\u00f1a de siembra de soja en Paraguay - Informate Py Creemos en la libertad de expresi\u00f3n y en la capacidad de la gente de reflexionar\u00a0por\u00a0si\u00a0misma<\/title>\n<meta name=\"robots\" content=\"index, follow, max-snippet:-1, max-image-preview:large, max-video-preview:-1\" \/>\n<link rel=\"canonical\" href=\"https:\/\/informatepy.com\/2024\/2026\/09\/04\/inicia-campana-de-siembra-de-soja-en-paraguay\/\" \/>\n<meta property=\"og:locale\" content=\"es_ES\" \/>\n<meta property=\"og:type\" content=\"article\" \/>\n<meta property=\"og:title\" content=\"Inicia campa\u00f1a de siembra de soja en Paraguay - Informate Py Creemos en la libertad de expresi\u00f3n y en la capacidad de la gente de reflexionar\u00a0por\u00a0si\u00a0misma\" \/>\n<meta property=\"og:description\" content=\"El presidente de la Rep\u00fablica, Santiago Pe\u00f1a, encabez\u00f3 este jueves la apertura oficial de la IV edici\u00f3n&nbsp;\u00abSiembra de Soja Paraguay 2026-2027\u00bb, en el distrito de Dr. Juan Eulogio Estigarribia, Departamento de Caaguaz\u00fa. El inicio de la campa\u00f1a se realiz\u00f3 en el marco del 27\u00b0 aniversario de la Asociaci\u00f3n Paraguaya de Soja (APS), cuyo presidente Lindemar [&hellip;]\" \/>\n<meta property=\"og:url\" content=\"https:\/\/informatepy.com\/2024\/2026\/09\/04\/inicia-campana-de-siembra-de-soja-en-paraguay\/\" \/>\n<meta property=\"og:site_name\" content=\"Informate Py Creemos en la libertad de expresi\u00f3n y en la capacidad de la gente de reflexionar\u00a0por\u00a0si\u00a0misma\" \/>\n<meta property=\"article:author\" content=\"https:\/\/www.facebook.com\/InformatePyCom\" \/>\n<meta property=\"article:published_time\" content=\"2026-09-04T03:00:00+00:00\" \/>\n<meta property=\"og:image\" content=\"https:\/\/i0.wp.com\/informatepy.com\/2024\/wp-content\/uploads\/2026\/09\/siembra-de-soja-2027.webp?fit=1599%2C1066&ssl=1\" \/>\n\t<meta property=\"og:image:width\" content=\"1599\" \/>\n\t<meta property=\"og:image:height\" content=\"1066\" \/>\n\t<meta property=\"og:image:type\" content=\"image\/webp\" \/>\n<meta name=\"author\" content=\"Redacci\u00f3n\" \/>\n<meta name=\"twitter:card\" content=\"summary_large_image\" \/>\n<meta name=\"twitter:creator\" content=\"@https:\/\/twitter.com\/InformatePy1\" \/>\n<meta name=\"twitter:label1\" content=\"Escrito por\" \/>\n\t<meta name=\"twitter:data1\" content=\"Redacci\u00f3n\" \/>\n\t<meta name=\"twitter:label2\" content=\"Tiempo de lectura\" \/>\n\t<meta name=\"twitter:data2\" content=\"2 minutos\" \/>\n<script type=\"application\/ld+json\" class=\"yoast-schema-graph\">{\"@context\":\"https:\\\/\\\/schema.org\",\"@graph\":[{\"@type\":\"Article\",\"@id\":\"https:\\\/\\\/informatepy.com\\\/2024\\\/2026\\\/09\\\/04\\\/inicia-campana-de-siembra-de-soja-en-paraguay\\\/#article\",\"isPartOf\":{\"@id\":\"https:\\\/\\\/informatepy.com\\\/2024\\\/2026\\\/09\\\/04\\\/inicia-campana-de-siembra-de-soja-en-paraguay\\\/\"},\"author\":{\"name\":\"Redacci\u00f3n\",\"@id\":\"https:\\\/\\\/informatepy.com\\\/2024\\\/#\\\/schema\\\/person\\\/98728344b91c548ef8544c80daf58463\"},\"headline\":\"Inicia campa\u00f1a de siembra de soja en Paraguay\",\"datePublished\":\"2026-09-04T03:00:00+00:00\",\"mainEntityOfPage\":{\"@id\":\"https:\\\/\\\/informatepy.com\\\/2024\\\/2026\\\/09\\\/04\\\/inicia-campana-de-siembra-de-soja-en-paraguay\\\/\"},\"wordCount\":384,\"commentCount\":0,\"publisher\":{\"@id\":\"https:\\\/\\\/informatepy.com\\\/2024\\\/#organization\"},\"image\":{\"@id\":\"https:\\\/\\\/informatepy.com\\\/2024\\\/2026\\\/09\\\/04\\\/inicia-campana-de-siembra-de-soja-en-paraguay\\\/#primaryimage\"},\"thumbnailUrl\":\"https:\\\/\\\/i0.wp.com\\\/informatepy.com\\\/2024\\\/wp-content\\\/uploads\\\/2026\\\/09\\\/siembra-de-soja-2027.webp?fit=1599%2C1066&ssl=1\",\"keywords\":[\"agricultores\",\"agricultura\",\"destacada\",\"mag\",\"ministerio agricultura\",\"noticias de paraguay\"],\"articleSection\":[\"Nacionales\"],\"inLanguage\":\"es\",\"potentialAction\":[{\"@type\":\"CommentAction\",\"name\":\"Comment\",\"target\":[\"https:\\\/\\\/informatepy.com\\\/2024\\\/2026\\\/09\\\/04\\\/inicia-campana-de-siembra-de-soja-en-paraguay\\\/#respond\"]}]},{\"@type\":\"WebPage\",\"@id\":\"https:\\\/\\\/informatepy.com\\\/2024\\\/2026\\\/09\\\/04\\\/inicia-campana-de-siembra-de-soja-en-paraguay\\\/\",\"url\":\"https:\\\/\\\/informatepy.com\\\/2024\\\/2026\\\/09\\\/04\\\/inicia-campana-de-siembra-de-soja-en-paraguay\\\/\",\"name\":\"Inicia campa\u00f1a de siembra de soja en Paraguay - Informate Py Creemos en la libertad de expresi\u00f3n y en la capacidad de la gente de reflexionar\u00a0por\u00a0si\u00a0misma\",\"isPartOf\":{\"@id\":\"https:\\\/\\\/informatepy.com\\\/2024\\\/#website\"},\"primaryImageOfPage\":{\"@id\":\"https:\\\/\\\/informatepy.com\\\/2024\\\/2026\\\/09\\\/04\\\/inicia-campana-de-siembra-de-soja-en-paraguay\\\/#primaryimage\"},\"image\":{\"@id\":\"https:\\\/\\\/informatepy.com\\\/2024\\\/2026\\\/09\\\/04\\\/inicia-campana-de-siembra-de-soja-en-paraguay\\\/#primaryimage\"},\"thumbnailUrl\":\"https:\\\/\\\/i0.wp.com\\\/informatepy.com\\\/2024\\\/wp-content\\\/uploads\\\/2026\\\/09\\\/siembra-de-soja-2027.webp?fit=1599%2C1066&ssl=1\",\"datePublished\":\"2026-09-04T03:00:00+00:00\",\"breadcrumb\":{\"@id\":\"https:\\\/\\\/informatepy.com\\\/2024\\\/2026\\\/09\\\/04\\\/inicia-campana-de-siembra-de-soja-en-paraguay\\\/#breadcrumb\"},\"inLanguage\":\"es\",\"potentialAction\":[{\"@type\":\"ReadAction\",\"target\":[\"https:\\\/\\\/informatepy.com\\\/2024\\\/2026\\\/09\\\/04\\\/inicia-campana-de-siembra-de-soja-en-paraguay\\\/\"]}]},{\"@type\":\"ImageObject\",\"inLanguage\":\"es\",\"@id\":\"https:\\\/\\\/informatepy.com\\\/2024\\\/2026\\\/09\\\/04\\\/inicia-campana-de-siembra-de-soja-en-paraguay\\\/#primaryimage\",\"url\":\"https:\\\/\\\/i0.wp.com\\\/informatepy.com\\\/2024\\\/wp-content\\\/uploads\\\/2026\\\/09\\\/siembra-de-soja-2027.webp?fit=1599%2C1066&ssl=1\",\"contentUrl\":\"https:\\\/\\\/i0.wp.com\\\/informatepy.com\\\/2024\\\/wp-content\\\/uploads\\\/2026\\\/09\\\/siembra-de-soja-2027.webp?fit=1599%2C1066&ssl=1\",\"width\":1599,\"height\":1066},{\"@type\":\"BreadcrumbList\",\"@id\":\"https:\\\/\\\/informatepy.com\\\/2024\\\/2026\\\/09\\\/04\\\/inicia-campana-de-siembra-de-soja-en-paraguay\\\/#breadcrumb\",\"itemListElement\":[{\"@type\":\"ListItem\",\"position\":1,\"name\":\"Portada\",\"item\":\"https:\\\/\\\/informatepy.com\\\/2024\\\/\"},{\"@type\":\"ListItem\",\"position\":2,\"name\":\"Inicia campa\u00f1a de siembra de soja en Paraguay\"}]},{\"@type\":\"WebSite\",\"@id\":\"https:\\\/\\\/informatepy.com\\\/2024\\\/#website\",\"url\":\"https:\\\/\\\/informatepy.com\\\/2024\\\/\",\"name\":\"Informate Py Creemos en la libertad de expresi\u00f3n y en la capacidad de la gente de reflexionar\u00a0por\u00a0si\u00a0misma\",\"description\":\"InformatePy\",\"publisher\":{\"@id\":\"https:\\\/\\\/informatepy.com\\\/2024\\\/#organization\"},\"potentialAction\":[{\"@type\":\"SearchAction\",\"target\":{\"@type\":\"EntryPoint\",\"urlTemplate\":\"https:\\\/\\\/informatepy.com\\\/2024\\\/?s={search_term_string}\"},\"query-input\":{\"@type\":\"PropertyValueSpecification\",\"valueRequired\":true,\"valueName\":\"search_term_string\"}}],\"inLanguage\":\"es\"},{\"@type\":\"Organization\",\"@id\":\"https:\\\/\\\/informatepy.com\\\/2024\\\/#organization\",\"name\":\"Informate Py Creemos en la libertad de expresi\u00f3n y en la capacidad de la gente de reflexionar\u00a0por\u00a0si\u00a0misma\",\"url\":\"https:\\\/\\\/informatepy.com\\\/2024\\\/\",\"logo\":{\"@type\":\"ImageObject\",\"inLanguage\":\"es\",\"@id\":\"https:\\\/\\\/informatepy.com\\\/2024\\\/#\\\/schema\\\/logo\\\/image\\\/\",\"url\":\"https:\\\/\\\/i0.wp.com\\\/informatepy.com\\\/2024\\\/wp-content\\\/uploads\\\/2024\\\/02\\\/Logotipo-sin-fondo-informate-py500.png?fit=500%2C94&ssl=1\",\"contentUrl\":\"https:\\\/\\\/i0.wp.com\\\/informatepy.com\\\/2024\\\/wp-content\\\/uploads\\\/2024\\\/02\\\/Logotipo-sin-fondo-informate-py500.png?fit=500%2C94&ssl=1\",\"width\":500,\"height\":94,\"caption\":\"Informate Py Creemos en la libertad de expresi\u00f3n y en la capacidad de la gente de reflexionar\u00a0por\u00a0si\u00a0misma\"},\"image\":{\"@id\":\"https:\\\/\\\/informatepy.com\\\/2024\\\/#\\\/schema\\\/logo\\\/image\\\/\"}},{\"@type\":\"Person\",\"@id\":\"https:\\\/\\\/informatepy.com\\\/2024\\\/#\\\/schema\\\/person\\\/98728344b91c548ef8544c80daf58463\",\"name\":\"Redacci\u00f3n\",\"image\":{\"@type\":\"ImageObject\",\"inLanguage\":\"es\",\"@id\":\"https:\\\/\\\/informatepy.com\\\/2024\\\/wp-content\\\/uploads\\\/2024\\\/02\\\/cropped-Isologo-sin-fondo.png9c354f01c536b2d49dbb929e96603401\",\"url\":\"https:\\\/\\\/informatepy.com\\\/2024\\\/wp-content\\\/uploads\\\/2024\\\/02\\\/cropped-Isologo-sin-fondo.png\",\"contentUrl\":\"https:\\\/\\\/informatepy.com\\\/2024\\\/wp-content\\\/uploads\\\/2024\\\/02\\\/cropped-Isologo-sin-fondo.png\",\"caption\":\"Redacci\u00f3n\"},\"sameAs\":[\"https:\\\/\\\/www.facebook.com\\\/InformatePyCom\",\"https:\\\/\\\/x.com\\\/https:\\\/\\\/twitter.com\\\/InformatePy1\"],\"url\":\"https:\\\/\\\/informatepy.com\\\/2024\\\/author\\\/redaccion\\\/\"}]}<\/script>\n<!-- \/ Yoast SEO plugin. -->","yoast_head_json":{"title":"Inicia campa\u00f1a de siembra de soja en Paraguay - Informate Py Creemos en la libertad de expresi\u00f3n y en la capacidad de la gente de reflexionar\u00a0por\u00a0si\u00a0misma","robots":{"index":"index","follow":"follow","max-snippet":"max-snippet:-1","max-image-preview":"max-image-preview:large","max-video-preview":"max-video-preview:-1"},"canonical":"https:\/\/informatepy.com\/2024\/2026\/09\/04\/inicia-campana-de-siembra-de-soja-en-paraguay\/","og_locale":"es_ES","og_type":"article","og_title":"Inicia campa\u00f1a de siembra de soja en Paraguay - Informate Py Creemos en la libertad de expresi\u00f3n y en la capacidad de la gente de reflexionar\u00a0por\u00a0si\u00a0misma","og_description":"El presidente de la Rep\u00fablica, Santiago Pe\u00f1a, encabez\u00f3 este jueves la apertura oficial de la IV edici\u00f3n&nbsp;\u00abSiembra de Soja Paraguay 2026-2027\u00bb, en el distrito de Dr. Juan Eulogio Estigarribia, Departamento de Caaguaz\u00fa. El inicio de la campa\u00f1a se realiz\u00f3 en el marco del 27\u00b0 aniversario de la Asociaci\u00f3n Paraguaya de Soja (APS), cuyo presidente Lindemar [&hellip;]","og_url":"https:\/\/informatepy.com\/2024\/2026\/09\/04\/inicia-campana-de-siembra-de-soja-en-paraguay\/","og_site_name":"Informate Py Creemos en la libertad de expresi\u00f3n y en la capacidad de la gente de reflexionar\u00a0por\u00a0si\u00a0misma","article_author":"https:\/\/www.facebook.com\/InformatePyCom","article_published_time":"2026-09-04T03:00:00+00:00","og_image":[{"width":1599,"height":1066,"url":"https:\/\/i0.wp.com\/informatepy.com\/2024\/wp-content\/uploads\/2026\/09\/siembra-de-soja-2027.webp?fit=1599%2C1066&ssl=1","type":"image\/webp"}],"author":"Redacci\u00f3n","twitter_card":"summary_large_image","twitter_creator":"@https:\/\/twitter.com\/InformatePy1","twitter_misc":{"Escrito por":"Redacci\u00f3n","Tiempo de lectura":"2 minutos"},"schema":{"@context":"https:\/\/schema.org","@graph":[{"@type":"Article","@id":"https:\/\/informatepy.com\/2024\/2026\/09\/04\/inicia-campana-de-siembra-de-soja-en-paraguay\/#article","isPartOf":{"@id":"https:\/\/informatepy.com\/2024\/2026\/09\/04\/inicia-campana-de-siembra-de-soja-en-paraguay\/"},"author":{"name":"Redacci\u00f3n","@id":"https:\/\/informatepy.com\/2024\/#\/schema\/person\/98728344b91c548ef8544c80daf58463"},"headline":"Inicia campa\u00f1a de siembra de soja en Paraguay","datePublished":"2026-09-04T03:00:00+00:00","mainEntityOfPage":{"@id":"https:\/\/informatepy.com\/2024\/2026\/09\/04\/inicia-campana-de-siembra-de-soja-en-paraguay\/"},"wordCount":384,"commentCount":0,"publisher":{"@id":"https:\/\/informatepy.com\/2024\/#organization"},"image":{"@id":"https:\/\/informatepy.com\/2024\/2026\/09\/04\/inicia-campana-de-siembra-de-soja-en-paraguay\/#primaryimage"},"thumbnailUrl":"https:\/\/i0.wp.com\/informatepy.com\/2024\/wp-content\/uploads\/2026\/09\/siembra-de-soja-2027.webp?fit=1599%2C1066&ssl=1","keywords":["agricultores","agricultura","destacada","mag","ministerio agricultura","noticias de paraguay"],"articleSection":["Nacionales"],"inLanguage":"es","potentialAction":[{"@type":"CommentAction","name":"Comment","target":["https:\/\/informatepy.com\/2024\/2026\/09\/04\/inicia-campana-de-siembra-de-soja-en-paraguay\/#respond"]}]},{"@type":"WebPage","@id":"https:\/\/informatepy.com\/2024\/2026\/09\/04\/inicia-campana-de-siembra-de-soja-en-paraguay\/","url":"https:\/\/informatepy.com\/2024\/2026\/09\/04\/inicia-campana-de-siembra-de-soja-en-paraguay\/","name":"Inicia campa\u00f1a de siembra de soja en Paraguay - Informate Py Creemos en la libertad de expresi\u00f3n y en la capacidad de la gente de reflexionar\u00a0por\u00a0si\u00a0misma","isPartOf":{"@id":"https:\/\/informatepy.com\/2024\/#website"},"primaryImageOfPage":{"@id":"https:\/\/informatepy.com\/2024\/2026\/09\/04\/inicia-campana-de-siembra-de-soja-en-paraguay\/#primaryimage"},"image":{"@id":"https:\/\/informatepy.com\/2024\/2026\/09\/04\/inicia-campana-de-siembra-de-soja-en-paraguay\/#primaryimage"},"thumbnailUrl":"https:\/\/i0.wp.com\/informatepy.com\/2024\/wp-content\/uploads\/2026\/09\/siembra-de-soja-2027.webp?fit=1599%2C1066&ssl=1","datePublished":"2026-09-04T03:00:00+00:00","breadcrumb":{"@id":"https:\/\/informatepy.com\/2024\/2026\/09\/04\/inicia-campana-de-siembra-de-soja-en-paraguay\/#breadcrumb"},"inLanguage":"es","potentialAction":[{"@type":"ReadAction","target":["https:\/\/informatepy.com\/2024\/2026\/09\/04\/inicia-campana-de-siembra-de-soja-en-paraguay\/"]}]},{"@type":"ImageObject","inLanguage":"es","@id":"https:\/\/informatepy.com\/2024\/2026\/09\/04\/inicia-campana-de-siembra-de-soja-en-paraguay\/#primaryimage","url":"https:\/\/i0.wp.com\/informatepy.com\/2024\/wp-content\/uploads\/2026\/09\/siembra-de-soja-2027.webp?fit=1599%2C1066&ssl=1","contentUrl":"https:\/\/i0.wp.com\/informatepy.com\/2024\/wp-content\/uploads\/2026\/09\/siembra-de-soja-2027.webp?fit=1599%2C1066&ssl=1","width":1599,"height":1066},{"@type":"BreadcrumbList","@id":"https:\/\/informatepy.com\/2024\/2026\/09\/04\/inicia-campana-de-siembra-de-soja-en-paraguay\/#breadcrumb","itemListElement":[{"@type":"ListItem","position":1,"name":"Portada","item":"https:\/\/informatepy.com\/2024\/"},{"@type":"ListItem","position":2,"name":"Inicia campa\u00f1a de siembra de soja en Paraguay"}]},{"@type":"WebSite","@id":"https:\/\/informatepy.com\/2024\/#website","url":"https:\/\/informatepy.com\/2024\/","name":"Informate Py Creemos en la libertad de expresi\u00f3n y en la capacidad de la gente de reflexionar\u00a0por\u00a0si\u00a0misma","description":"InformatePy","publisher":{"@id":"https:\/\/informatepy.com\/2024\/#organization"},"potentialAction":[{"@type":"SearchAction","target":{"@type":"EntryPoint","urlTemplate":"https:\/\/informatepy.com\/2024\/?s={search_term_string}"},"query-input":{"@type":"PropertyValueSpecification","valueRequired":true,"valueName":"search_term_string"}}],"inLanguage":"es"},{"@type":"Organization","@id":"https:\/\/informatepy.com\/2024\/#organization","name":"Informate Py Creemos en la libertad de expresi\u00f3n y en la capacidad de la gente de reflexionar\u00a0por\u00a0si\u00a0misma","url":"https:\/\/informatepy.com\/2024\/","logo":{"@type":"ImageObject","inLanguage":"es","@id":"https:\/\/informatepy.com\/2024\/#\/schema\/logo\/image\/","url":"https:\/\/i0.wp.com\/informatepy.com\/2024\/wp-content\/uploads\/2024\/02\/Logotipo-sin-fondo-informate-py500.png?fit=500%2C94&ssl=1","contentUrl":"https:\/\/i0.wp.com\/informatepy.com\/2024\/wp-content\/uploads\/2024\/02\/Logotipo-sin-fondo-informate-py500.png?fit=500%2C94&ssl=1","width":500,"height":94,"caption":"Informate Py Creemos en la libertad de expresi\u00f3n y en la capacidad de la gente de reflexionar\u00a0por\u00a0si\u00a0misma"},"image":{"@id":"https:\/\/informatepy.com\/2024\/#\/schema\/logo\/image\/"}},{"@type":"Person","@id":"https:\/\/informatepy.com\/2024\/#\/schema\/person\/98728344b91c548ef8544c80daf58463","name":"Redacci\u00f3n","image":{"@type":"ImageObject","inLanguage":"es","@id":"https:\/\/informatepy.com\/2024\/wp-content\/uploads\/2024\/02\/cropped-Isologo-sin-fondo.png9c354f01c536b2d49dbb929e96603401","url":"https:\/\/informatepy.com\/2024\/wp-content\/uploads\/2024\/02\/cropped-Isologo-sin-fondo.png","contentUrl":"https:\/\/informatepy.com\/2024\/wp-content\/uploads\/2024\/02\/cropped-Isologo-sin-fondo.png","caption":"Redacci\u00f3n"},"sameAs":["https:\/\/www.facebook.com\/InformatePyCom","https:\/\/x.com\/https:\/\/twitter.com\/InformatePy1"],"url":"https:\/\/informatepy.com\/2024\/author\/redaccion\/"}]}},"jetpack-related-posts":[],"jetpack_sharing_enabled":true,"authors":[{"term_id":830,"user_id":3,"is_guest":0,"slug":"redaccion","display_name":"Redacci\u00f3n","avatar_url":{"url":"https:\/\/informatepy.com\/2024\/wp-content\/uploads\/2024\/02\/cropped-Isologo-sin-fondo.png","url2x":"https:\/\/informatepy.com\/2024\/wp-content\/uploads\/2024\/02\/cropped-Isologo-sin-fondo.png"},"author_category":"1","first_name":"Redacci\u00f3n","last_name":"","user_url":"","job_title":"","description":""}],"jetpack_featured_media_url":"https:\/\/i0.wp.com\/informatepy.com\/2024\/wp-content\/uploads\/2026\/09\/siembra-de-soja-2027.webp?fit=1599%2C1066&ssl=1","_links":{"self":[{"href":"https:\/\/informatepy.com\/2024\/wp-json\/wp\/v2\/posts\/40936","targetHints":{"allow":["GET"]}}],"collection":[{"href":"https:\/\/informatepy.com\/2024\/wp-json\/wp\/v2\/posts"}],"about":[{"href":"https:\/\/informatepy.com\/2024\/wp-json\/wp\/v2\/types\/post"}],"author":[{"embeddable":true,"href":"https:\/\/informatepy.com\/2024\/wp-json\/wp\/v2\/users\/3"}],"replies":[{"embeddable":true,"href":"https:\/\/informatepy.com\/2024\/wp-json\/wp\/v2\/comments?post=40936"}],"version-history":[{"count":1,"href":"https:\/\/informatepy.com\/2024\/wp-json\/wp\/v2\/posts\/40936\/revisions"}],"predecessor-version":[{"id":40938,"href":"https:\/\/informatepy.com\/2024\/wp-json\/wp\/v2\/posts\/40936\/revisions\/40938"}],"wp:featuredmedia":[{"embeddable":true,"href":"https:\/\/informatepy.com\/2024\/wp-json\/wp\/v2\/media\/40937"}],"wp:attachment":[{"href":"https:\/\/informatepy.com\/2024\/wp-json\/wp\/v2\/media?parent=40936"}],"wp:term":[{"taxonomy":"category","embeddable":true,"href":"https:\/\/informatepy.com\/2024\/wp-json\/wp\/v2\/categories?post=40936"},{"taxonomy":"post_tag","embeddable":true,"href":"https:\/\/informatepy.com\/2024\/wp-json\/wp\/v2\/tags?post=40936"},{"taxonomy":"jnews-series","embeddable":true,"href":"https:\/\/informatepy.com\/2024\/wp-json\/wp\/v2\/jnews-series?post=40936"},{"taxonomy":"author","embeddable":true,"href":"https:\/\/informatepy.com\/2024\/wp-json\/wp\/v2\/ppma_author?post=40936"}],"curies":[{"name":"wp","href":"https:\/\/api.w.org\/{rel}","templated":true}]}}