{"id":40906,"date":"2026-09-02T00:00:00","date_gmt":"2026-09-02T03:00:00","guid":{"rendered":"https:\/\/informatepy.com\/2024\/?p=40906"},"modified":"2026-09-01T18:44:11","modified_gmt":"2026-09-01T21:44:11","slug":"bruselas-quiere-decidir-que-hacer-con-los-ahorros-de-los-europeos","status":"publish","type":"post","link":"https:\/\/informatepy.com\/2024\/2026\/09\/02\/bruselas-quiere-decidir-que-hacer-con-los-ahorros-de-los-europeos\/","title":{"rendered":"Bruselas quiere decidir qu\u00e9 hacer con los ahorros de los europeos"},"content":{"rendered":"\n<p class=\"wp-block-paragraph\">Europa tiene un problema de inversi\u00f3n. Pero la soluci\u00f3n que comienza a dibujarse en Bruselas plantea un problema todav\u00eda m\u00e1s grave: <strong>el ahorro privado de los ciudadanos est\u00e1 siendo presentado como un recurso que debe ser puesto al servicio de las prioridades econ\u00f3micas y pol\u00edticas de la Uni\u00f3n Europea.<\/strong><\/p>\n\n\n\n<p class=\"wp-block-paragraph\">Ursula von der Leyen lo expres\u00f3 con claridad al referirse a los <strong>10 billones de euros que los hogares europeos mantienen en cuentas bancarias<\/strong>: Europa necesita \u201cponer estos ahorros a trabajar para sus empresas\u201d. La Comisi\u00f3n pretende movilizar hasta <strong>470.000 millones de euros adicionales<\/strong> mediante su Uni\u00f3n de Ahorros e Inversiones.<\/p>\n\n\n\n<p class=\"wp-block-paragraph\">La frase deber\u00eda encender todas las alarmas.<\/p>\n\n\n\n<p class=\"wp-block-paragraph\"><strong>El dinero de los europeos no pertenece a Bruselas.<\/strong> Pertenece a quienes lo ganaron, ahorraron y decidieron conservarlo. No es capital p\u00fablico esperando una orden de destino. Es propiedad privada.<\/p>\n\n\n\n<p class=\"wp-block-paragraph\">El problema, entonces, no es que Europa quiera facilitar que sus ciudadanos inviertan. El problema es <strong>la posibilidad de que Bruselas empiece a utilizar el sistema fiscal y regulatorio para empujarlos hacia las inversiones que considera convenientes<\/strong>.<\/p>\n\n\n\n<p class=\"wp-block-paragraph\">Y esa posibilidad no es una fantas\u00eda. El propio debate sobre el dise\u00f1o de la estrategia contempla incentivos adicionales para determinadas inversiones consideradas estrat\u00e9gicas, entre ellas la defensa y la transici\u00f3n verde. El economista Juan Ram\u00f3n Rallo advierte precisamente sobre el riesgo de que la fiscalidad termine utiliz\u00e1ndose para dirigir pol\u00edticamente el ahorro familiar.<\/p>\n\n\n\n<p class=\"wp-block-paragraph\">Ah\u00ed est\u00e1 el verdadero peligro.<\/p>\n\n\n\n<p class=\"wp-block-paragraph\">Porque el mecanismo no necesita comenzar con una confiscaci\u00f3n para convertirse en una forma de intervenci\u00f3n sobre la propiedad. <strong>Basta con hacer menos atractiva una opci\u00f3n y artificialmente m\u00e1s atractiva otra.<\/strong> Si mantener el dinero seguro en un dep\u00f3sito recibe un tratamiento menos favorable mientras determinadas inversiones seleccionadas por los gobiernos reciben ventajas fiscales, la libertad de elecci\u00f3n comienza a quedar condicionada.<\/p>\n\n\n\n<p class=\"wp-block-paragraph\">Eso no es neutralidad. Es <strong>ingenier\u00eda financiera desde el poder pol\u00edtico<\/strong>.<\/p>\n\n\n\n<p class=\"wp-block-paragraph\">Bruselas puede decir que no pretende apropiarse directamente de los ahorros. Y formalmente el planteamiento presentado consiste en crear instrumentos para canalizarlos voluntariamente hacia inversiones productivas. Pero precisamente por eso la discusi\u00f3n debe concentrarse en los incentivos que acompa\u00f1ar\u00e1n ese proceso.<\/p>\n\n\n\n<p class=\"wp-block-paragraph\">Porque la propiedad privada no se protege \u00fanicamente impidiendo que el Estado entre f\u00edsicamente en una cuenta bancaria. <strong>Tambi\u00e9n se protege garantizando que el propietario pueda decidir qu\u00e9 hacer con su dinero sin que el poder pol\u00edtico manipule las reglas para conducirlo hacia donde considera conveniente.<\/strong><\/p>\n\n\n\n<p class=\"wp-block-paragraph\">Europa pretende resolver su falta de competitividad utilizando el enorme ahorro acumulado por sus ciudadanos. Pero antes deber\u00eda preguntarse por qu\u00e9 ese capital prefiere quedarse en dep\u00f3sitos o marcharse a otros mercados.<\/p>\n\n\n\n<p class=\"wp-block-paragraph\">Tal vez la respuesta no sea que los europeos necesitan que Bruselas les ense\u00f1e a invertir.<\/p>\n\n\n\n<p class=\"wp-block-paragraph\">Tal vez el problema sea que <strong>Europa se volvi\u00f3 un lugar demasiado caro, demasiado regulado y poco atractivo para invertir<\/strong>.<\/p>\n\n\n\n<p class=\"wp-block-paragraph\">La respuesta inteligente ser\u00eda corregir ese problema: menos trabas, mayor productividad, mercados de capitales eficientes, seguridad jur\u00eddica y condiciones que hagan que las empresas europeas resulten atractivas por m\u00e9rito propio.<\/p>\n\n\n\n<p class=\"wp-block-paragraph\">La respuesta peligrosa es otra: <strong>hacer que el Estado utilice impuestos, regulaciones e incentivos para decidir qu\u00e9 sectores deben recibir el dinero de las familias.<\/strong><\/p>\n\n\n\n<p class=\"wp-block-paragraph\">Porque hoy son los sectores que Bruselas considera estrat\u00e9gicos. Ma\u00f1ana pueden ser otros.<\/p>\n\n\n\n<p class=\"wp-block-paragraph\">Y cuando el poder pol\u00edtico comienza a decidir qu\u00e9 inversi\u00f3n merece premio y cu\u00e1l merece castigo, <strong>el ciudadano conserva formalmente su dinero, pero empieza a perder algo mucho m\u00e1s importante: la libertad de decidir sobre \u00e9l.<\/strong><\/p>\n\n\n\n<p class=\"wp-block-paragraph\">Europa no necesita que sus bur\u00f3cratas administren el ahorro de sus ciudadanos, <strong>necesita que dejen de tratarlo como una bolsa de capital que Bruselas tiene derecho a orientar.<\/strong><\/p>\n","protected":false},"excerpt":{"rendered":"<p>Europa tiene un problema de inversi\u00f3n. Pero la soluci\u00f3n que comienza a dibujarse en Bruselas plantea un problema todav\u00eda m\u00e1s grave: el ahorro privado de los ciudadanos est\u00e1 siendo presentado como un recurso que debe ser puesto al servicio de las prioridades econ\u00f3micas y pol\u00edticas de la Uni\u00f3n Europea. Ursula von der Leyen lo expres\u00f3 [&hellip;]<\/p>\n","protected":false},"author":3,"featured_media":40907,"comment_status":"open","ping_status":"open","sticky":false,"template":"","format":"standard","meta":{"_jetpack_newsletter_access":"","_jetpack_dont_email_post_to_subs":false,"_jetpack_newsletter_tier_id":0,"_jetpack_memberships_contains_paywalled_content":false,"iawp_total_views":1,"_jetpack_feature_clip_id":0,"_jetpack_memberships_contains_paid_content":false,"jnews-multi-image_gallery":[],"jnews_single_post":{"format":"standard"},"jnews_primary_category":[],"jnews_override_bookmark_settings":[],"jnews_food_recipe":[],"enable_food_recipe":"","food_recipe_title":"","food_recipe_description":"","food_recipe_serve":"","food_recipe_time":"","food_recipe_prep":"","food_recipe_level":"","food_recipe_keywords":"","food_recipe_category":"","food_recipe_cuisine":"","food_recipe_yield":"","food_recipe_calories":"","enable_print_recipe":"","ingredient":[],"instruction":"","jnews_social_meta":[],"jnews_paywall_metabox":[],"jnews_review":[],"enable_review":"","type":"","name":"","summary":"","brand":"","sku":"","good":[],"bad":[],"score_override":"","override_value":"","rating":[],"price":[],"jnews_override_counter":[],"jnews_post_split":[],"jnews_podcast_option":[],"jnews_podcast_series":[],"footnotes":"","jetpack_post_was_ever_published":false},"categories":[33],"tags":[831,881,2418,2403,1870,1118],"jnews-series":[],"ppma_author":[830],"class_list":["post-40906","post","type-post","status-publish","format-standard","has-post-thumbnail","hentry","category-mundo","tag-destacada","tag-europa","tag-noticias-de-europa","tag-noticias-del-mundo","tag-ue","tag-union-europea"],"yoast_head":"<!-- This site is optimized with the Yoast SEO plugin v28.4 - https:\/\/yoast.com\/product\/yoast-seo-wordpress\/ -->\n<title>Bruselas quiere decidir qu\u00e9 hacer con los ahorros de los europeos - Informate Py Creemos en la libertad de expresi\u00f3n y en la capacidad de la gente de reflexionar\u00a0por\u00a0si\u00a0misma<\/title>\n<meta name=\"robots\" content=\"index, follow, max-snippet:-1, max-image-preview:large, max-video-preview:-1\" \/>\n<link rel=\"canonical\" href=\"https:\/\/informatepy.com\/2024\/2026\/09\/02\/bruselas-quiere-decidir-que-hacer-con-los-ahorros-de-los-europeos\/\" \/>\n<meta property=\"og:locale\" content=\"es_ES\" \/>\n<meta property=\"og:type\" content=\"article\" \/>\n<meta property=\"og:title\" content=\"Bruselas quiere decidir qu\u00e9 hacer con los ahorros de los europeos - Informate Py Creemos en la libertad de expresi\u00f3n y en la capacidad de la gente de reflexionar\u00a0por\u00a0si\u00a0misma\" \/>\n<meta property=\"og:description\" content=\"Europa tiene un problema de inversi\u00f3n. Pero la soluci\u00f3n que comienza a dibujarse en Bruselas plantea un problema todav\u00eda m\u00e1s grave: el ahorro privado de los ciudadanos est\u00e1 siendo presentado como un recurso que debe ser puesto al servicio de las prioridades econ\u00f3micas y pol\u00edticas de la Uni\u00f3n Europea. Ursula von der Leyen lo expres\u00f3 [&hellip;]\" \/>\n<meta property=\"og:url\" content=\"https:\/\/informatepy.com\/2024\/2026\/09\/02\/bruselas-quiere-decidir-que-hacer-con-los-ahorros-de-los-europeos\/\" \/>\n<meta property=\"og:site_name\" content=\"Informate Py Creemos en la libertad de expresi\u00f3n y en la capacidad de la gente de reflexionar\u00a0por\u00a0si\u00a0misma\" \/>\n<meta property=\"article:author\" content=\"https:\/\/www.facebook.com\/InformatePyCom\" \/>\n<meta property=\"article:published_time\" content=\"2026-09-02T03:00:00+00:00\" \/>\n<meta property=\"og:image\" content=\"https:\/\/i0.wp.com\/informatepy.com\/2024\/wp-content\/uploads\/2026\/09\/parlamento-europeo.jpg?fit=641%2C318&ssl=1\" \/>\n\t<meta property=\"og:image:width\" content=\"641\" \/>\n\t<meta property=\"og:image:height\" content=\"318\" \/>\n\t<meta property=\"og:image:type\" content=\"image\/jpeg\" \/>\n<meta name=\"author\" content=\"Redacci\u00f3n\" \/>\n<meta name=\"twitter:card\" content=\"summary_large_image\" \/>\n<meta name=\"twitter:creator\" content=\"@https:\/\/twitter.com\/InformatePy1\" \/>\n<meta name=\"twitter:label1\" content=\"Escrito por\" \/>\n\t<meta name=\"twitter:data1\" content=\"Redacci\u00f3n\" \/>\n\t<meta name=\"twitter:label2\" content=\"Tiempo de lectura\" \/>\n\t<meta name=\"twitter:data2\" content=\"3 minutos\" \/>\n<script type=\"application\/ld+json\" class=\"yoast-schema-graph\">{\"@context\":\"https:\\\/\\\/schema.org\",\"@graph\":[{\"@type\":\"Article\",\"@id\":\"https:\\\/\\\/informatepy.com\\\/2024\\\/2026\\\/09\\\/02\\\/bruselas-quiere-decidir-que-hacer-con-los-ahorros-de-los-europeos\\\/#article\",\"isPartOf\":{\"@id\":\"https:\\\/\\\/informatepy.com\\\/2024\\\/2026\\\/09\\\/02\\\/bruselas-quiere-decidir-que-hacer-con-los-ahorros-de-los-europeos\\\/\"},\"author\":{\"name\":\"Redacci\u00f3n\",\"@id\":\"https:\\\/\\\/informatepy.com\\\/2024\\\/#\\\/schema\\\/person\\\/98728344b91c548ef8544c80daf58463\"},\"headline\":\"Bruselas quiere decidir qu\u00e9 hacer con los ahorros de los europeos\",\"datePublished\":\"2026-09-02T03:00:00+00:00\",\"mainEntityOfPage\":{\"@id\":\"https:\\\/\\\/informatepy.com\\\/2024\\\/2026\\\/09\\\/02\\\/bruselas-quiere-decidir-que-hacer-con-los-ahorros-de-los-europeos\\\/\"},\"wordCount\":647,\"commentCount\":0,\"publisher\":{\"@id\":\"https:\\\/\\\/informatepy.com\\\/2024\\\/#organization\"},\"image\":{\"@id\":\"https:\\\/\\\/informatepy.com\\\/2024\\\/2026\\\/09\\\/02\\\/bruselas-quiere-decidir-que-hacer-con-los-ahorros-de-los-europeos\\\/#primaryimage\"},\"thumbnailUrl\":\"https:\\\/\\\/i0.wp.com\\\/informatepy.com\\\/2024\\\/wp-content\\\/uploads\\\/2026\\\/09\\\/parlamento-europeo.jpg?fit=641%2C318&ssl=1\",\"keywords\":[\"destacada\",\"europa\",\"noticias de europa\",\"noticias del mundo\",\"ue\",\"union europea\"],\"articleSection\":[\"Mundo\"],\"inLanguage\":\"es\",\"potentialAction\":[{\"@type\":\"CommentAction\",\"name\":\"Comment\",\"target\":[\"https:\\\/\\\/informatepy.com\\\/2024\\\/2026\\\/09\\\/02\\\/bruselas-quiere-decidir-que-hacer-con-los-ahorros-de-los-europeos\\\/#respond\"]}]},{\"@type\":\"WebPage\",\"@id\":\"https:\\\/\\\/informatepy.com\\\/2024\\\/2026\\\/09\\\/02\\\/bruselas-quiere-decidir-que-hacer-con-los-ahorros-de-los-europeos\\\/\",\"url\":\"https:\\\/\\\/informatepy.com\\\/2024\\\/2026\\\/09\\\/02\\\/bruselas-quiere-decidir-que-hacer-con-los-ahorros-de-los-europeos\\\/\",\"name\":\"Bruselas quiere decidir qu\u00e9 hacer con los ahorros de los europeos - Informate Py Creemos en la libertad de expresi\u00f3n y en la capacidad de la gente de reflexionar\u00a0por\u00a0si\u00a0misma\",\"isPartOf\":{\"@id\":\"https:\\\/\\\/informatepy.com\\\/2024\\\/#website\"},\"primaryImageOfPage\":{\"@id\":\"https:\\\/\\\/informatepy.com\\\/2024\\\/2026\\\/09\\\/02\\\/bruselas-quiere-decidir-que-hacer-con-los-ahorros-de-los-europeos\\\/#primaryimage\"},\"image\":{\"@id\":\"https:\\\/\\\/informatepy.com\\\/2024\\\/2026\\\/09\\\/02\\\/bruselas-quiere-decidir-que-hacer-con-los-ahorros-de-los-europeos\\\/#primaryimage\"},\"thumbnailUrl\":\"https:\\\/\\\/i0.wp.com\\\/informatepy.com\\\/2024\\\/wp-content\\\/uploads\\\/2026\\\/09\\\/parlamento-europeo.jpg?fit=641%2C318&ssl=1\",\"datePublished\":\"2026-09-02T03:00:00+00:00\",\"breadcrumb\":{\"@id\":\"https:\\\/\\\/informatepy.com\\\/2024\\\/2026\\\/09\\\/02\\\/bruselas-quiere-decidir-que-hacer-con-los-ahorros-de-los-europeos\\\/#breadcrumb\"},\"inLanguage\":\"es\",\"potentialAction\":[{\"@type\":\"ReadAction\",\"target\":[\"https:\\\/\\\/informatepy.com\\\/2024\\\/2026\\\/09\\\/02\\\/bruselas-quiere-decidir-que-hacer-con-los-ahorros-de-los-europeos\\\/\"]}]},{\"@type\":\"ImageObject\",\"inLanguage\":\"es\",\"@id\":\"https:\\\/\\\/informatepy.com\\\/2024\\\/2026\\\/09\\\/02\\\/bruselas-quiere-decidir-que-hacer-con-los-ahorros-de-los-europeos\\\/#primaryimage\",\"url\":\"https:\\\/\\\/i0.wp.com\\\/informatepy.com\\\/2024\\\/wp-content\\\/uploads\\\/2026\\\/09\\\/parlamento-europeo.jpg?fit=641%2C318&ssl=1\",\"contentUrl\":\"https:\\\/\\\/i0.wp.com\\\/informatepy.com\\\/2024\\\/wp-content\\\/uploads\\\/2026\\\/09\\\/parlamento-europeo.jpg?fit=641%2C318&ssl=1\",\"width\":641,\"height\":318},{\"@type\":\"BreadcrumbList\",\"@id\":\"https:\\\/\\\/informatepy.com\\\/2024\\\/2026\\\/09\\\/02\\\/bruselas-quiere-decidir-que-hacer-con-los-ahorros-de-los-europeos\\\/#breadcrumb\",\"itemListElement\":[{\"@type\":\"ListItem\",\"position\":1,\"name\":\"Portada\",\"item\":\"https:\\\/\\\/informatepy.com\\\/2024\\\/\"},{\"@type\":\"ListItem\",\"position\":2,\"name\":\"Bruselas quiere decidir qu\u00e9 hacer con los ahorros de los europeos\"}]},{\"@type\":\"WebSite\",\"@id\":\"https:\\\/\\\/informatepy.com\\\/2024\\\/#website\",\"url\":\"https:\\\/\\\/informatepy.com\\\/2024\\\/\",\"name\":\"Informate Py Creemos en la libertad de expresi\u00f3n y en la capacidad de la gente de reflexionar\u00a0por\u00a0si\u00a0misma\",\"description\":\"InformatePy\",\"publisher\":{\"@id\":\"https:\\\/\\\/informatepy.com\\\/2024\\\/#organization\"},\"potentialAction\":[{\"@type\":\"SearchAction\",\"target\":{\"@type\":\"EntryPoint\",\"urlTemplate\":\"https:\\\/\\\/informatepy.com\\\/2024\\\/?s={search_term_string}\"},\"query-input\":{\"@type\":\"PropertyValueSpecification\",\"valueRequired\":true,\"valueName\":\"search_term_string\"}}],\"inLanguage\":\"es\"},{\"@type\":\"Organization\",\"@id\":\"https:\\\/\\\/informatepy.com\\\/2024\\\/#organization\",\"name\":\"Informate Py Creemos en la libertad de expresi\u00f3n y en la capacidad de la gente de reflexionar\u00a0por\u00a0si\u00a0misma\",\"url\":\"https:\\\/\\\/informatepy.com\\\/2024\\\/\",\"logo\":{\"@type\":\"ImageObject\",\"inLanguage\":\"es\",\"@id\":\"https:\\\/\\\/informatepy.com\\\/2024\\\/#\\\/schema\\\/logo\\\/image\\\/\",\"url\":\"https:\\\/\\\/i0.wp.com\\\/informatepy.com\\\/2024\\\/wp-content\\\/uploads\\\/2024\\\/02\\\/Logotipo-sin-fondo-informate-py500.png?fit=500%2C94&ssl=1\",\"contentUrl\":\"https:\\\/\\\/i0.wp.com\\\/informatepy.com\\\/2024\\\/wp-content\\\/uploads\\\/2024\\\/02\\\/Logotipo-sin-fondo-informate-py500.png?fit=500%2C94&ssl=1\",\"width\":500,\"height\":94,\"caption\":\"Informate Py Creemos en la libertad de expresi\u00f3n y en la capacidad de la gente de reflexionar\u00a0por\u00a0si\u00a0misma\"},\"image\":{\"@id\":\"https:\\\/\\\/informatepy.com\\\/2024\\\/#\\\/schema\\\/logo\\\/image\\\/\"}},{\"@type\":\"Person\",\"@id\":\"https:\\\/\\\/informatepy.com\\\/2024\\\/#\\\/schema\\\/person\\\/98728344b91c548ef8544c80daf58463\",\"name\":\"Redacci\u00f3n\",\"image\":{\"@type\":\"ImageObject\",\"inLanguage\":\"es\",\"@id\":\"https:\\\/\\\/informatepy.com\\\/2024\\\/wp-content\\\/uploads\\\/2024\\\/02\\\/cropped-Isologo-sin-fondo.png9c354f01c536b2d49dbb929e96603401\",\"url\":\"https:\\\/\\\/informatepy.com\\\/2024\\\/wp-content\\\/uploads\\\/2024\\\/02\\\/cropped-Isologo-sin-fondo.png\",\"contentUrl\":\"https:\\\/\\\/informatepy.com\\\/2024\\\/wp-content\\\/uploads\\\/2024\\\/02\\\/cropped-Isologo-sin-fondo.png\",\"caption\":\"Redacci\u00f3n\"},\"sameAs\":[\"https:\\\/\\\/www.facebook.com\\\/InformatePyCom\",\"https:\\\/\\\/x.com\\\/https:\\\/\\\/twitter.com\\\/InformatePy1\"],\"url\":\"https:\\\/\\\/informatepy.com\\\/2024\\\/author\\\/redaccion\\\/\"}]}<\/script>\n<!-- \/ Yoast SEO plugin. -->","yoast_head_json":{"title":"Bruselas quiere decidir qu\u00e9 hacer con los ahorros de los europeos - Informate Py Creemos en la libertad de expresi\u00f3n y en la capacidad de la gente de reflexionar\u00a0por\u00a0si\u00a0misma","robots":{"index":"index","follow":"follow","max-snippet":"max-snippet:-1","max-image-preview":"max-image-preview:large","max-video-preview":"max-video-preview:-1"},"canonical":"https:\/\/informatepy.com\/2024\/2026\/09\/02\/bruselas-quiere-decidir-que-hacer-con-los-ahorros-de-los-europeos\/","og_locale":"es_ES","og_type":"article","og_title":"Bruselas quiere decidir qu\u00e9 hacer con los ahorros de los europeos - Informate Py Creemos en la libertad de expresi\u00f3n y en la capacidad de la gente de reflexionar\u00a0por\u00a0si\u00a0misma","og_description":"Europa tiene un problema de inversi\u00f3n. Pero la soluci\u00f3n que comienza a dibujarse en Bruselas plantea un problema todav\u00eda m\u00e1s grave: el ahorro privado de los ciudadanos est\u00e1 siendo presentado como un recurso que debe ser puesto al servicio de las prioridades econ\u00f3micas y pol\u00edticas de la Uni\u00f3n Europea. Ursula von der Leyen lo expres\u00f3 [&hellip;]","og_url":"https:\/\/informatepy.com\/2024\/2026\/09\/02\/bruselas-quiere-decidir-que-hacer-con-los-ahorros-de-los-europeos\/","og_site_name":"Informate Py Creemos en la libertad de expresi\u00f3n y en la capacidad de la gente de reflexionar\u00a0por\u00a0si\u00a0misma","article_author":"https:\/\/www.facebook.com\/InformatePyCom","article_published_time":"2026-09-02T03:00:00+00:00","og_image":[{"width":641,"height":318,"url":"https:\/\/i0.wp.com\/informatepy.com\/2024\/wp-content\/uploads\/2026\/09\/parlamento-europeo.jpg?fit=641%2C318&ssl=1","type":"image\/jpeg"}],"author":"Redacci\u00f3n","twitter_card":"summary_large_image","twitter_creator":"@https:\/\/twitter.com\/InformatePy1","twitter_misc":{"Escrito por":"Redacci\u00f3n","Tiempo de lectura":"3 minutos"},"schema":{"@context":"https:\/\/schema.org","@graph":[{"@type":"Article","@id":"https:\/\/informatepy.com\/2024\/2026\/09\/02\/bruselas-quiere-decidir-que-hacer-con-los-ahorros-de-los-europeos\/#article","isPartOf":{"@id":"https:\/\/informatepy.com\/2024\/2026\/09\/02\/bruselas-quiere-decidir-que-hacer-con-los-ahorros-de-los-europeos\/"},"author":{"name":"Redacci\u00f3n","@id":"https:\/\/informatepy.com\/2024\/#\/schema\/person\/98728344b91c548ef8544c80daf58463"},"headline":"Bruselas quiere decidir qu\u00e9 hacer con los ahorros de los europeos","datePublished":"2026-09-02T03:00:00+00:00","mainEntityOfPage":{"@id":"https:\/\/informatepy.com\/2024\/2026\/09\/02\/bruselas-quiere-decidir-que-hacer-con-los-ahorros-de-los-europeos\/"},"wordCount":647,"commentCount":0,"publisher":{"@id":"https:\/\/informatepy.com\/2024\/#organization"},"image":{"@id":"https:\/\/informatepy.com\/2024\/2026\/09\/02\/bruselas-quiere-decidir-que-hacer-con-los-ahorros-de-los-europeos\/#primaryimage"},"thumbnailUrl":"https:\/\/i0.wp.com\/informatepy.com\/2024\/wp-content\/uploads\/2026\/09\/parlamento-europeo.jpg?fit=641%2C318&ssl=1","keywords":["destacada","europa","noticias de europa","noticias del mundo","ue","union europea"],"articleSection":["Mundo"],"inLanguage":"es","potentialAction":[{"@type":"CommentAction","name":"Comment","target":["https:\/\/informatepy.com\/2024\/2026\/09\/02\/bruselas-quiere-decidir-que-hacer-con-los-ahorros-de-los-europeos\/#respond"]}]},{"@type":"WebPage","@id":"https:\/\/informatepy.com\/2024\/2026\/09\/02\/bruselas-quiere-decidir-que-hacer-con-los-ahorros-de-los-europeos\/","url":"https:\/\/informatepy.com\/2024\/2026\/09\/02\/bruselas-quiere-decidir-que-hacer-con-los-ahorros-de-los-europeos\/","name":"Bruselas quiere decidir qu\u00e9 hacer con los ahorros de los europeos - Informate Py Creemos en la libertad de expresi\u00f3n y en la capacidad de la gente de reflexionar\u00a0por\u00a0si\u00a0misma","isPartOf":{"@id":"https:\/\/informatepy.com\/2024\/#website"},"primaryImageOfPage":{"@id":"https:\/\/informatepy.com\/2024\/2026\/09\/02\/bruselas-quiere-decidir-que-hacer-con-los-ahorros-de-los-europeos\/#primaryimage"},"image":{"@id":"https:\/\/informatepy.com\/2024\/2026\/09\/02\/bruselas-quiere-decidir-que-hacer-con-los-ahorros-de-los-europeos\/#primaryimage"},"thumbnailUrl":"https:\/\/i0.wp.com\/informatepy.com\/2024\/wp-content\/uploads\/2026\/09\/parlamento-europeo.jpg?fit=641%2C318&ssl=1","datePublished":"2026-09-02T03:00:00+00:00","breadcrumb":{"@id":"https:\/\/informatepy.com\/2024\/2026\/09\/02\/bruselas-quiere-decidir-que-hacer-con-los-ahorros-de-los-europeos\/#breadcrumb"},"inLanguage":"es","potentialAction":[{"@type":"ReadAction","target":["https:\/\/informatepy.com\/2024\/2026\/09\/02\/bruselas-quiere-decidir-que-hacer-con-los-ahorros-de-los-europeos\/"]}]},{"@type":"ImageObject","inLanguage":"es","@id":"https:\/\/informatepy.com\/2024\/2026\/09\/02\/bruselas-quiere-decidir-que-hacer-con-los-ahorros-de-los-europeos\/#primaryimage","url":"https:\/\/i0.wp.com\/informatepy.com\/2024\/wp-content\/uploads\/2026\/09\/parlamento-europeo.jpg?fit=641%2C318&ssl=1","contentUrl":"https:\/\/i0.wp.com\/informatepy.com\/2024\/wp-content\/uploads\/2026\/09\/parlamento-europeo.jpg?fit=641%2C318&ssl=1","width":641,"height":318},{"@type":"BreadcrumbList","@id":"https:\/\/informatepy.com\/2024\/2026\/09\/02\/bruselas-quiere-decidir-que-hacer-con-los-ahorros-de-los-europeos\/#breadcrumb","itemListElement":[{"@type":"ListItem","position":1,"name":"Portada","item":"https:\/\/informatepy.com\/2024\/"},{"@type":"ListItem","position":2,"name":"Bruselas quiere decidir qu\u00e9 hacer con los ahorros de los europeos"}]},{"@type":"WebSite","@id":"https:\/\/informatepy.com\/2024\/#website","url":"https:\/\/informatepy.com\/2024\/","name":"Informate Py Creemos en la libertad de expresi\u00f3n y en la capacidad de la gente de reflexionar\u00a0por\u00a0si\u00a0misma","description":"InformatePy","publisher":{"@id":"https:\/\/informatepy.com\/2024\/#organization"},"potentialAction":[{"@type":"SearchAction","target":{"@type":"EntryPoint","urlTemplate":"https:\/\/informatepy.com\/2024\/?s={search_term_string}"},"query-input":{"@type":"PropertyValueSpecification","valueRequired":true,"valueName":"search_term_string"}}],"inLanguage":"es"},{"@type":"Organization","@id":"https:\/\/informatepy.com\/2024\/#organization","name":"Informate Py Creemos en la libertad de expresi\u00f3n y en la capacidad de la gente de reflexionar\u00a0por\u00a0si\u00a0misma","url":"https:\/\/informatepy.com\/2024\/","logo":{"@type":"ImageObject","inLanguage":"es","@id":"https:\/\/informatepy.com\/2024\/#\/schema\/logo\/image\/","url":"https:\/\/i0.wp.com\/informatepy.com\/2024\/wp-content\/uploads\/2024\/02\/Logotipo-sin-fondo-informate-py500.png?fit=500%2C94&ssl=1","contentUrl":"https:\/\/i0.wp.com\/informatepy.com\/2024\/wp-content\/uploads\/2024\/02\/Logotipo-sin-fondo-informate-py500.png?fit=500%2C94&ssl=1","width":500,"height":94,"caption":"Informate Py Creemos en la libertad de expresi\u00f3n y en la capacidad de la gente de reflexionar\u00a0por\u00a0si\u00a0misma"},"image":{"@id":"https:\/\/informatepy.com\/2024\/#\/schema\/logo\/image\/"}},{"@type":"Person","@id":"https:\/\/informatepy.com\/2024\/#\/schema\/person\/98728344b91c548ef8544c80daf58463","name":"Redacci\u00f3n","image":{"@type":"ImageObject","inLanguage":"es","@id":"https:\/\/informatepy.com\/2024\/wp-content\/uploads\/2024\/02\/cropped-Isologo-sin-fondo.png9c354f01c536b2d49dbb929e96603401","url":"https:\/\/informatepy.com\/2024\/wp-content\/uploads\/2024\/02\/cropped-Isologo-sin-fondo.png","contentUrl":"https:\/\/informatepy.com\/2024\/wp-content\/uploads\/2024\/02\/cropped-Isologo-sin-fondo.png","caption":"Redacci\u00f3n"},"sameAs":["https:\/\/www.facebook.com\/InformatePyCom","https:\/\/x.com\/https:\/\/twitter.com\/InformatePy1"],"url":"https:\/\/informatepy.com\/2024\/author\/redaccion\/"}]}},"jetpack-related-posts":[],"jetpack_sharing_enabled":true,"authors":[{"term_id":830,"user_id":3,"is_guest":0,"slug":"redaccion","display_name":"Redacci\u00f3n","avatar_url":{"url":"https:\/\/informatepy.com\/2024\/wp-content\/uploads\/2024\/02\/cropped-Isologo-sin-fondo.png","url2x":"https:\/\/informatepy.com\/2024\/wp-content\/uploads\/2024\/02\/cropped-Isologo-sin-fondo.png"},"author_category":"1","first_name":"Redacci\u00f3n","last_name":"","user_url":"","job_title":"","description":""}],"jetpack_featured_media_url":"https:\/\/i0.wp.com\/informatepy.com\/2024\/wp-content\/uploads\/2026\/09\/parlamento-europeo.jpg?fit=641%2C318&ssl=1","_links":{"self":[{"href":"https:\/\/informatepy.com\/2024\/wp-json\/wp\/v2\/posts\/40906","targetHints":{"allow":["GET"]}}],"collection":[{"href":"https:\/\/informatepy.com\/2024\/wp-json\/wp\/v2\/posts"}],"about":[{"href":"https:\/\/informatepy.com\/2024\/wp-json\/wp\/v2\/types\/post"}],"author":[{"embeddable":true,"href":"https:\/\/informatepy.com\/2024\/wp-json\/wp\/v2\/users\/3"}],"replies":[{"embeddable":true,"href":"https:\/\/informatepy.com\/2024\/wp-json\/wp\/v2\/comments?post=40906"}],"version-history":[{"count":1,"href":"https:\/\/informatepy.com\/2024\/wp-json\/wp\/v2\/posts\/40906\/revisions"}],"predecessor-version":[{"id":40908,"href":"https:\/\/informatepy.com\/2024\/wp-json\/wp\/v2\/posts\/40906\/revisions\/40908"}],"wp:featuredmedia":[{"embeddable":true,"href":"https:\/\/informatepy.com\/2024\/wp-json\/wp\/v2\/media\/40907"}],"wp:attachment":[{"href":"https:\/\/informatepy.com\/2024\/wp-json\/wp\/v2\/media?parent=40906"}],"wp:term":[{"taxonomy":"category","embeddable":true,"href":"https:\/\/informatepy.com\/2024\/wp-json\/wp\/v2\/categories?post=40906"},{"taxonomy":"post_tag","embeddable":true,"href":"https:\/\/informatepy.com\/2024\/wp-json\/wp\/v2\/tags?post=40906"},{"taxonomy":"jnews-series","embeddable":true,"href":"https:\/\/informatepy.com\/2024\/wp-json\/wp\/v2\/jnews-series?post=40906"},{"taxonomy":"author","embeddable":true,"href":"https:\/\/informatepy.com\/2024\/wp-json\/wp\/v2\/ppma_author?post=40906"}],"curies":[{"name":"wp","href":"https:\/\/api.w.org\/{rel}","templated":true}]}}