{"id":40878,"date":"2026-09-01T00:00:00","date_gmt":"2026-09-01T03:00:00","guid":{"rendered":"https:\/\/informatepy.com\/2024\/?p=40878"},"modified":"2026-08-31T17:35:01","modified_gmt":"2026-08-31T20:35:01","slug":"democratas-de-cuba-ucrania-y-europa-unidos-por-la-libertad","status":"publish","type":"post","link":"https:\/\/informatepy.com\/2024\/2026\/09\/01\/democratas-de-cuba-ucrania-y-europa-unidos-por-la-libertad\/","title":{"rendered":"Dem\u00f3cratas de Cuba, Ucrania y Europa, unidos por la libertad"},"content":{"rendered":"\n<p class=\"wp-block-paragraph\"><strong>Por Luis Z\u00fa\u00f1iga<\/strong><\/p>\n\n\n\n<p class=\"wp-block-paragraph\">La Asamblea de la Resistencia Cubana acaba de obtener un important\u00edsimo reconocimiento en Europa mediante la invitaci\u00f3n extendida a su secretario general, Orlando Guti\u00e9rrez-Boronat, para participar en la celebraci\u00f3n del D\u00eda Nacional de Ucrania, en Kiev.<\/p>\n\n\n\n<p class=\"wp-block-paragraph\">La sola invitaci\u00f3n para ser parte del important\u00edsimo grupo parlamentario europeo \u201cUNITED4UKRAINE\u201d (Unidos para Ucrania), integrado por los presidentes de los comit\u00e9s de pol\u00edtica exterior de sus respectivos parlamentos, le otorga a la Asamblea de la Resistencia Cubana un reconocimiento nunca antes logrado por el exilio cubano.<\/p>\n\n\n\n<p class=\"wp-block-paragraph\">Guti\u00e9rrez-Boronat aprovech\u00f3 la oportunidad de hablar ante el parlamento ucraniano para presentar la propuesta de que los fondos que la Uni\u00f3n Europea le env\u00eda a la dictadura cubana, y que ayudan a su financiamiento, sean enviados a Ucrania para ayudarla en su defensa. Una iniciativa l\u00f3gica y dif\u00edcil de rechazar para una Europa desgastada econ\u00f3micamente por cuatro a\u00f1os de ayuda masiva para sostener las defensas militares de Ucrania.<\/p>\n\n\n\n<p class=\"wp-block-paragraph\">Nuevamente, el secretario general de la Asamblea denunci\u00f3 la participaci\u00f3n criminal del r\u00e9gimen castrista en la guerra de agresi\u00f3n contra Ucrania enviando miles de mercenarios cubanos. Es un hecho que la prensa europea, en su mayor\u00eda de izquierda, ha silenciado y obviado esa despreciable alianza entre la dictadura en Cuba y el r\u00e9gimen de Vladimir Putin en Rusia y el env\u00edo de mercenarios.<\/p>\n\n\n\n<p class=\"wp-block-paragraph\">Estrat\u00e9gicamente, estas verdades expuestas, no solo ante el parlamento ucraniano, sino ante los l\u00edderes de pol\u00edtica exterior de los pa\u00edses europeos, tiene una singular significaci\u00f3n para la causa por la libertad de Cuba. No se puede ignorar que los pa\u00edses europeos han sido los m\u00e1s grandes concesionarios de cr\u00e9ditos y de programas de colaboraci\u00f3n con el r\u00e9gimen castrista.<\/p>\n\n\n\n<p class=\"wp-block-paragraph\">En este preciso momento en que Estados Unidos est\u00e1 involucrado, m\u00e1s que nunca antes, en ponerle fin al r\u00e9gimen castrista, la participaci\u00f3n europea cortando sus env\u00edos de fondos y la extensi\u00f3n de cr\u00e9ditos, puede significar el golpe definitivo para la dictadura.<\/p>\n\n\n\n<p class=\"wp-block-paragraph\">Los esfuerzos de la Asamblea de la Resistencia Cubana han sido parte importante para que el Parlamento Europeo exigiera a la Comisi\u00f3n Europea el fin del Acuerdo de Di\u00e1logo Pol\u00edtico y Cooperaci\u00f3n de la Uni\u00f3n Europea con Cuba, que se le prohibiera el acceso de los funcionarios castristas a las sedes del Parlamento Europeo y que la Asamblea Parlamentaria del Consejo de Europa designara al r\u00e9gimen comunista de Cuba como \u201cEstado Patrocinador del Terrorismo\u201d.<\/p>\n\n\n\n<p class=\"wp-block-paragraph\">Este aislamiento en Europa, donde antes los representantes de la dictadura se paseaban como diplom\u00e1ticos respetados y admirados y consegu\u00edan apoyos de todo tipo, significa un severo golpe pol\u00edtico y diplom\u00e1tico para esa longeva dictadura que consegu\u00eda que su propaganda falsa prevaleciera frente a la verdad.<\/p>\n\n\n\n<p class=\"wp-block-paragraph\">El reconocimiento pol\u00edtico de la Asamblea de la Resistencia Cubana en Europa se suma al que ya ha estado recibiendo en Am\u00e9rica Latina con su ingreso oficial a la Uni\u00f3n de Partidos de Latino Am\u00e9rica (UPLA), donde actualmente ocupa una de las vicepresidencias, y con la forma oficial en que su secretario general es recibido por presidentes de Am\u00e9rica Latina y por embajadores de Estados Unidos en muchos de ellos.<\/p>\n\n\n\n<p class=\"wp-block-paragraph\">El reconocimiento de su representatividad y los lazos creados con los l\u00edderes europeos y latinoamericanos le abren el camino a la Asamblea de la Resistencia Cubana para jugar un rol importante en la creaci\u00f3n de un frente internacional que abogue p\u00fablicamente por el fin de la dictadura cubana y el inicio de una transici\u00f3n en la isla.<\/p>\n\n\n\n<p class=\"wp-block-paragraph\"><em><sub>* Luis Z\u00fa\u00f1iga es analista pol\u00edtico y exdiplom\u00e1tico.<\/sub><\/em><\/p>\n\n\n\n<p class=\"wp-block-paragraph\"><\/p>\n","protected":false},"excerpt":{"rendered":"<p>Por Luis Z\u00fa\u00f1iga La Asamblea de la Resistencia Cubana acaba de obtener un important\u00edsimo reconocimiento en Europa mediante la invitaci\u00f3n extendida a su secretario general, Orlando Guti\u00e9rrez-Boronat, para participar en la celebraci\u00f3n del D\u00eda Nacional de Ucrania, en Kiev. La sola invitaci\u00f3n para ser parte del important\u00edsimo grupo parlamentario europeo \u201cUNITED4UKRAINE\u201d (Unidos para Ucrania), integrado [&hellip;]<\/p>\n","protected":false},"author":3,"featured_media":40879,"comment_status":"open","ping_status":"open","sticky":false,"template":"","format":"standard","meta":{"_jetpack_newsletter_access":"","_jetpack_dont_email_post_to_subs":false,"_jetpack_newsletter_tier_id":0,"_jetpack_memberships_contains_paywalled_content":false,"iawp_total_views":1,"_jetpack_feature_clip_id":0,"_jetpack_memberships_contains_paid_content":false,"jnews-multi-image_gallery":[],"jnews_single_post":{"format":"standard"},"jnews_primary_category":[],"jnews_override_bookmark_settings":[],"jnews_food_recipe":[],"enable_food_recipe":"","food_recipe_title":"","food_recipe_description":"","food_recipe_serve":"","food_recipe_time":"","food_recipe_prep":"","food_recipe_level":"","food_recipe_keywords":"","food_recipe_category":"","food_recipe_cuisine":"","food_recipe_yield":"","food_recipe_calories":"","enable_print_recipe":"","ingredient":[],"instruction":"","jnews_social_meta":[],"jnews_paywall_metabox":[],"jnews_review":[],"enable_review":"","type":"","name":"","summary":"","brand":"","sku":"","good":[],"bad":[],"score_override":"","override_value":"","rating":[],"price":[],"jnews_override_counter":[],"jnews_post_split":[],"jnews_podcast_option":[],"jnews_podcast_series":[],"footnotes":"","jetpack_post_was_ever_published":false},"categories":[39],"tags":[267,831,2403,1452,1870,1118],"jnews-series":[],"ppma_author":[830],"class_list":["post-40878","post","type-post","status-publish","format-standard","has-post-thumbnail","hentry","category-analisis","tag-cuba","tag-destacada","tag-noticias-del-mundo","tag-ucrania","tag-ue","tag-union-europea"],"yoast_head":"<!-- This site is optimized with the Yoast SEO plugin v28.3 - https:\/\/yoast.com\/product\/yoast-seo-wordpress\/ -->\n<title>Dem\u00f3cratas de Cuba, Ucrania y Europa, unidos por la libertad - Informate Py Creemos en la libertad de expresi\u00f3n y en la capacidad de la gente de reflexionar\u00a0por\u00a0si\u00a0misma<\/title>\n<meta name=\"robots\" content=\"index, follow, max-snippet:-1, max-image-preview:large, max-video-preview:-1\" \/>\n<link rel=\"canonical\" href=\"https:\/\/informatepy.com\/2024\/2026\/09\/01\/democratas-de-cuba-ucrania-y-europa-unidos-por-la-libertad\/\" \/>\n<meta property=\"og:locale\" content=\"es_ES\" \/>\n<meta property=\"og:type\" content=\"article\" \/>\n<meta property=\"og:title\" content=\"Dem\u00f3cratas de Cuba, Ucrania y Europa, unidos por la libertad - Informate Py Creemos en la libertad de expresi\u00f3n y en la capacidad de la gente de reflexionar\u00a0por\u00a0si\u00a0misma\" \/>\n<meta property=\"og:description\" content=\"Por Luis Z\u00fa\u00f1iga La Asamblea de la Resistencia Cubana acaba de obtener un important\u00edsimo reconocimiento en Europa mediante la invitaci\u00f3n extendida a su secretario general, Orlando Guti\u00e9rrez-Boronat, para participar en la celebraci\u00f3n del D\u00eda Nacional de Ucrania, en Kiev. La sola invitaci\u00f3n para ser parte del important\u00edsimo grupo parlamentario europeo \u201cUNITED4UKRAINE\u201d (Unidos para Ucrania), integrado [&hellip;]\" \/>\n<meta property=\"og:url\" content=\"https:\/\/informatepy.com\/2024\/2026\/09\/01\/democratas-de-cuba-ucrania-y-europa-unidos-por-la-libertad\/\" \/>\n<meta property=\"og:site_name\" content=\"Informate Py Creemos en la libertad de expresi\u00f3n y en la capacidad de la gente de reflexionar\u00a0por\u00a0si\u00a0misma\" \/>\n<meta property=\"article:author\" content=\"https:\/\/www.facebook.com\/InformatePyCom\" \/>\n<meta property=\"article:published_time\" content=\"2026-09-01T03:00:00+00:00\" \/>\n<meta property=\"og:image\" content=\"https:\/\/i0.wp.com\/informatepy.com\/2024\/wp-content\/uploads\/2026\/08\/cuba-ucrania-UE.jpg?fit=1200%2C675&ssl=1\" \/>\n\t<meta property=\"og:image:width\" content=\"1200\" \/>\n\t<meta property=\"og:image:height\" content=\"675\" \/>\n\t<meta property=\"og:image:type\" content=\"image\/jpeg\" \/>\n<meta name=\"author\" content=\"Redacci\u00f3n\" \/>\n<meta name=\"twitter:card\" content=\"summary_large_image\" \/>\n<meta name=\"twitter:creator\" content=\"@https:\/\/twitter.com\/InformatePy1\" \/>\n<meta name=\"twitter:label1\" content=\"Escrito por\" \/>\n\t<meta name=\"twitter:data1\" content=\"Redacci\u00f3n\" \/>\n\t<meta name=\"twitter:label2\" content=\"Tiempo de lectura\" \/>\n\t<meta name=\"twitter:data2\" content=\"3 minutos\" \/>\n<script type=\"application\/ld+json\" class=\"yoast-schema-graph\">{\"@context\":\"https:\\\/\\\/schema.org\",\"@graph\":[{\"@type\":\"Article\",\"@id\":\"https:\\\/\\\/informatepy.com\\\/2024\\\/2026\\\/09\\\/01\\\/democratas-de-cuba-ucrania-y-europa-unidos-por-la-libertad\\\/#article\",\"isPartOf\":{\"@id\":\"https:\\\/\\\/informatepy.com\\\/2024\\\/2026\\\/09\\\/01\\\/democratas-de-cuba-ucrania-y-europa-unidos-por-la-libertad\\\/\"},\"author\":{\"name\":\"Redacci\u00f3n\",\"@id\":\"https:\\\/\\\/informatepy.com\\\/2024\\\/#\\\/schema\\\/person\\\/98728344b91c548ef8544c80daf58463\"},\"headline\":\"Dem\u00f3cratas de Cuba, Ucrania y Europa, unidos por la libertad\",\"datePublished\":\"2026-09-01T03:00:00+00:00\",\"mainEntityOfPage\":{\"@id\":\"https:\\\/\\\/informatepy.com\\\/2024\\\/2026\\\/09\\\/01\\\/democratas-de-cuba-ucrania-y-europa-unidos-por-la-libertad\\\/\"},\"wordCount\":644,\"commentCount\":0,\"publisher\":{\"@id\":\"https:\\\/\\\/informatepy.com\\\/2024\\\/#organization\"},\"image\":{\"@id\":\"https:\\\/\\\/informatepy.com\\\/2024\\\/2026\\\/09\\\/01\\\/democratas-de-cuba-ucrania-y-europa-unidos-por-la-libertad\\\/#primaryimage\"},\"thumbnailUrl\":\"https:\\\/\\\/i0.wp.com\\\/informatepy.com\\\/2024\\\/wp-content\\\/uploads\\\/2026\\\/08\\\/cuba-ucrania-UE.jpg?fit=1200%2C675&ssl=1\",\"keywords\":[\"cuba\",\"destacada\",\"noticias del mundo\",\"ucrania\",\"ue\",\"union europea\"],\"articleSection\":[\"Analisis\"],\"inLanguage\":\"es\",\"potentialAction\":[{\"@type\":\"CommentAction\",\"name\":\"Comment\",\"target\":[\"https:\\\/\\\/informatepy.com\\\/2024\\\/2026\\\/09\\\/01\\\/democratas-de-cuba-ucrania-y-europa-unidos-por-la-libertad\\\/#respond\"]}]},{\"@type\":\"WebPage\",\"@id\":\"https:\\\/\\\/informatepy.com\\\/2024\\\/2026\\\/09\\\/01\\\/democratas-de-cuba-ucrania-y-europa-unidos-por-la-libertad\\\/\",\"url\":\"https:\\\/\\\/informatepy.com\\\/2024\\\/2026\\\/09\\\/01\\\/democratas-de-cuba-ucrania-y-europa-unidos-por-la-libertad\\\/\",\"name\":\"Dem\u00f3cratas de Cuba, Ucrania y Europa, unidos por la libertad - Informate Py Creemos en la libertad de expresi\u00f3n y en la capacidad de la gente de reflexionar\u00a0por\u00a0si\u00a0misma\",\"isPartOf\":{\"@id\":\"https:\\\/\\\/informatepy.com\\\/2024\\\/#website\"},\"primaryImageOfPage\":{\"@id\":\"https:\\\/\\\/informatepy.com\\\/2024\\\/2026\\\/09\\\/01\\\/democratas-de-cuba-ucrania-y-europa-unidos-por-la-libertad\\\/#primaryimage\"},\"image\":{\"@id\":\"https:\\\/\\\/informatepy.com\\\/2024\\\/2026\\\/09\\\/01\\\/democratas-de-cuba-ucrania-y-europa-unidos-por-la-libertad\\\/#primaryimage\"},\"thumbnailUrl\":\"https:\\\/\\\/i0.wp.com\\\/informatepy.com\\\/2024\\\/wp-content\\\/uploads\\\/2026\\\/08\\\/cuba-ucrania-UE.jpg?fit=1200%2C675&ssl=1\",\"datePublished\":\"2026-09-01T03:00:00+00:00\",\"breadcrumb\":{\"@id\":\"https:\\\/\\\/informatepy.com\\\/2024\\\/2026\\\/09\\\/01\\\/democratas-de-cuba-ucrania-y-europa-unidos-por-la-libertad\\\/#breadcrumb\"},\"inLanguage\":\"es\",\"potentialAction\":[{\"@type\":\"ReadAction\",\"target\":[\"https:\\\/\\\/informatepy.com\\\/2024\\\/2026\\\/09\\\/01\\\/democratas-de-cuba-ucrania-y-europa-unidos-por-la-libertad\\\/\"]}]},{\"@type\":\"ImageObject\",\"inLanguage\":\"es\",\"@id\":\"https:\\\/\\\/informatepy.com\\\/2024\\\/2026\\\/09\\\/01\\\/democratas-de-cuba-ucrania-y-europa-unidos-por-la-libertad\\\/#primaryimage\",\"url\":\"https:\\\/\\\/i0.wp.com\\\/informatepy.com\\\/2024\\\/wp-content\\\/uploads\\\/2026\\\/08\\\/cuba-ucrania-UE.jpg?fit=1200%2C675&ssl=1\",\"contentUrl\":\"https:\\\/\\\/i0.wp.com\\\/informatepy.com\\\/2024\\\/wp-content\\\/uploads\\\/2026\\\/08\\\/cuba-ucrania-UE.jpg?fit=1200%2C675&ssl=1\",\"width\":1200,\"height\":675},{\"@type\":\"BreadcrumbList\",\"@id\":\"https:\\\/\\\/informatepy.com\\\/2024\\\/2026\\\/09\\\/01\\\/democratas-de-cuba-ucrania-y-europa-unidos-por-la-libertad\\\/#breadcrumb\",\"itemListElement\":[{\"@type\":\"ListItem\",\"position\":1,\"name\":\"Portada\",\"item\":\"https:\\\/\\\/informatepy.com\\\/2024\\\/\"},{\"@type\":\"ListItem\",\"position\":2,\"name\":\"Dem\u00f3cratas de Cuba, Ucrania y Europa, unidos por la libertad\"}]},{\"@type\":\"WebSite\",\"@id\":\"https:\\\/\\\/informatepy.com\\\/2024\\\/#website\",\"url\":\"https:\\\/\\\/informatepy.com\\\/2024\\\/\",\"name\":\"Informate Py Creemos en la libertad de expresi\u00f3n y en la capacidad de la gente de reflexionar\u00a0por\u00a0si\u00a0misma\",\"description\":\"InformatePy\",\"publisher\":{\"@id\":\"https:\\\/\\\/informatepy.com\\\/2024\\\/#organization\"},\"potentialAction\":[{\"@type\":\"SearchAction\",\"target\":{\"@type\":\"EntryPoint\",\"urlTemplate\":\"https:\\\/\\\/informatepy.com\\\/2024\\\/?s={search_term_string}\"},\"query-input\":{\"@type\":\"PropertyValueSpecification\",\"valueRequired\":true,\"valueName\":\"search_term_string\"}}],\"inLanguage\":\"es\"},{\"@type\":\"Organization\",\"@id\":\"https:\\\/\\\/informatepy.com\\\/2024\\\/#organization\",\"name\":\"Informate Py Creemos en la libertad de expresi\u00f3n y en la capacidad de la gente de reflexionar\u00a0por\u00a0si\u00a0misma\",\"url\":\"https:\\\/\\\/informatepy.com\\\/2024\\\/\",\"logo\":{\"@type\":\"ImageObject\",\"inLanguage\":\"es\",\"@id\":\"https:\\\/\\\/informatepy.com\\\/2024\\\/#\\\/schema\\\/logo\\\/image\\\/\",\"url\":\"https:\\\/\\\/i0.wp.com\\\/informatepy.com\\\/2024\\\/wp-content\\\/uploads\\\/2024\\\/02\\\/Logotipo-sin-fondo-informate-py500.png?fit=500%2C94&ssl=1\",\"contentUrl\":\"https:\\\/\\\/i0.wp.com\\\/informatepy.com\\\/2024\\\/wp-content\\\/uploads\\\/2024\\\/02\\\/Logotipo-sin-fondo-informate-py500.png?fit=500%2C94&ssl=1\",\"width\":500,\"height\":94,\"caption\":\"Informate Py Creemos en la libertad de expresi\u00f3n y en la capacidad de la gente de reflexionar\u00a0por\u00a0si\u00a0misma\"},\"image\":{\"@id\":\"https:\\\/\\\/informatepy.com\\\/2024\\\/#\\\/schema\\\/logo\\\/image\\\/\"}},{\"@type\":\"Person\",\"@id\":\"https:\\\/\\\/informatepy.com\\\/2024\\\/#\\\/schema\\\/person\\\/98728344b91c548ef8544c80daf58463\",\"name\":\"Redacci\u00f3n\",\"image\":{\"@type\":\"ImageObject\",\"inLanguage\":\"es\",\"@id\":\"https:\\\/\\\/informatepy.com\\\/2024\\\/wp-content\\\/uploads\\\/2024\\\/02\\\/cropped-Isologo-sin-fondo.png9c354f01c536b2d49dbb929e96603401\",\"url\":\"https:\\\/\\\/informatepy.com\\\/2024\\\/wp-content\\\/uploads\\\/2024\\\/02\\\/cropped-Isologo-sin-fondo.png\",\"contentUrl\":\"https:\\\/\\\/informatepy.com\\\/2024\\\/wp-content\\\/uploads\\\/2024\\\/02\\\/cropped-Isologo-sin-fondo.png\",\"caption\":\"Redacci\u00f3n\"},\"sameAs\":[\"https:\\\/\\\/www.facebook.com\\\/InformatePyCom\",\"https:\\\/\\\/x.com\\\/https:\\\/\\\/twitter.com\\\/InformatePy1\"],\"url\":\"https:\\\/\\\/informatepy.com\\\/2024\\\/author\\\/redaccion\\\/\"}]}<\/script>\n<!-- \/ Yoast SEO plugin. -->","yoast_head_json":{"title":"Dem\u00f3cratas de Cuba, Ucrania y Europa, unidos por la libertad - Informate Py Creemos en la libertad de expresi\u00f3n y en la capacidad de la gente de reflexionar\u00a0por\u00a0si\u00a0misma","robots":{"index":"index","follow":"follow","max-snippet":"max-snippet:-1","max-image-preview":"max-image-preview:large","max-video-preview":"max-video-preview:-1"},"canonical":"https:\/\/informatepy.com\/2024\/2026\/09\/01\/democratas-de-cuba-ucrania-y-europa-unidos-por-la-libertad\/","og_locale":"es_ES","og_type":"article","og_title":"Dem\u00f3cratas de Cuba, Ucrania y Europa, unidos por la libertad - Informate Py Creemos en la libertad de expresi\u00f3n y en la capacidad de la gente de reflexionar\u00a0por\u00a0si\u00a0misma","og_description":"Por Luis Z\u00fa\u00f1iga La Asamblea de la Resistencia Cubana acaba de obtener un important\u00edsimo reconocimiento en Europa mediante la invitaci\u00f3n extendida a su secretario general, Orlando Guti\u00e9rrez-Boronat, para participar en la celebraci\u00f3n del D\u00eda Nacional de Ucrania, en Kiev. La sola invitaci\u00f3n para ser parte del important\u00edsimo grupo parlamentario europeo \u201cUNITED4UKRAINE\u201d (Unidos para Ucrania), integrado [&hellip;]","og_url":"https:\/\/informatepy.com\/2024\/2026\/09\/01\/democratas-de-cuba-ucrania-y-europa-unidos-por-la-libertad\/","og_site_name":"Informate Py Creemos en la libertad de expresi\u00f3n y en la capacidad de la gente de reflexionar\u00a0por\u00a0si\u00a0misma","article_author":"https:\/\/www.facebook.com\/InformatePyCom","article_published_time":"2026-09-01T03:00:00+00:00","og_image":[{"width":1200,"height":675,"url":"https:\/\/i0.wp.com\/informatepy.com\/2024\/wp-content\/uploads\/2026\/08\/cuba-ucrania-UE.jpg?fit=1200%2C675&ssl=1","type":"image\/jpeg"}],"author":"Redacci\u00f3n","twitter_card":"summary_large_image","twitter_creator":"@https:\/\/twitter.com\/InformatePy1","twitter_misc":{"Escrito por":"Redacci\u00f3n","Tiempo de lectura":"3 minutos"},"schema":{"@context":"https:\/\/schema.org","@graph":[{"@type":"Article","@id":"https:\/\/informatepy.com\/2024\/2026\/09\/01\/democratas-de-cuba-ucrania-y-europa-unidos-por-la-libertad\/#article","isPartOf":{"@id":"https:\/\/informatepy.com\/2024\/2026\/09\/01\/democratas-de-cuba-ucrania-y-europa-unidos-por-la-libertad\/"},"author":{"name":"Redacci\u00f3n","@id":"https:\/\/informatepy.com\/2024\/#\/schema\/person\/98728344b91c548ef8544c80daf58463"},"headline":"Dem\u00f3cratas de Cuba, Ucrania y Europa, unidos por la libertad","datePublished":"2026-09-01T03:00:00+00:00","mainEntityOfPage":{"@id":"https:\/\/informatepy.com\/2024\/2026\/09\/01\/democratas-de-cuba-ucrania-y-europa-unidos-por-la-libertad\/"},"wordCount":644,"commentCount":0,"publisher":{"@id":"https:\/\/informatepy.com\/2024\/#organization"},"image":{"@id":"https:\/\/informatepy.com\/2024\/2026\/09\/01\/democratas-de-cuba-ucrania-y-europa-unidos-por-la-libertad\/#primaryimage"},"thumbnailUrl":"https:\/\/i0.wp.com\/informatepy.com\/2024\/wp-content\/uploads\/2026\/08\/cuba-ucrania-UE.jpg?fit=1200%2C675&ssl=1","keywords":["cuba","destacada","noticias del mundo","ucrania","ue","union europea"],"articleSection":["Analisis"],"inLanguage":"es","potentialAction":[{"@type":"CommentAction","name":"Comment","target":["https:\/\/informatepy.com\/2024\/2026\/09\/01\/democratas-de-cuba-ucrania-y-europa-unidos-por-la-libertad\/#respond"]}]},{"@type":"WebPage","@id":"https:\/\/informatepy.com\/2024\/2026\/09\/01\/democratas-de-cuba-ucrania-y-europa-unidos-por-la-libertad\/","url":"https:\/\/informatepy.com\/2024\/2026\/09\/01\/democratas-de-cuba-ucrania-y-europa-unidos-por-la-libertad\/","name":"Dem\u00f3cratas de Cuba, Ucrania y Europa, unidos por la libertad - Informate Py Creemos en la libertad de expresi\u00f3n y en la capacidad de la gente de reflexionar\u00a0por\u00a0si\u00a0misma","isPartOf":{"@id":"https:\/\/informatepy.com\/2024\/#website"},"primaryImageOfPage":{"@id":"https:\/\/informatepy.com\/2024\/2026\/09\/01\/democratas-de-cuba-ucrania-y-europa-unidos-por-la-libertad\/#primaryimage"},"image":{"@id":"https:\/\/informatepy.com\/2024\/2026\/09\/01\/democratas-de-cuba-ucrania-y-europa-unidos-por-la-libertad\/#primaryimage"},"thumbnailUrl":"https:\/\/i0.wp.com\/informatepy.com\/2024\/wp-content\/uploads\/2026\/08\/cuba-ucrania-UE.jpg?fit=1200%2C675&ssl=1","datePublished":"2026-09-01T03:00:00+00:00","breadcrumb":{"@id":"https:\/\/informatepy.com\/2024\/2026\/09\/01\/democratas-de-cuba-ucrania-y-europa-unidos-por-la-libertad\/#breadcrumb"},"inLanguage":"es","potentialAction":[{"@type":"ReadAction","target":["https:\/\/informatepy.com\/2024\/2026\/09\/01\/democratas-de-cuba-ucrania-y-europa-unidos-por-la-libertad\/"]}]},{"@type":"ImageObject","inLanguage":"es","@id":"https:\/\/informatepy.com\/2024\/2026\/09\/01\/democratas-de-cuba-ucrania-y-europa-unidos-por-la-libertad\/#primaryimage","url":"https:\/\/i0.wp.com\/informatepy.com\/2024\/wp-content\/uploads\/2026\/08\/cuba-ucrania-UE.jpg?fit=1200%2C675&ssl=1","contentUrl":"https:\/\/i0.wp.com\/informatepy.com\/2024\/wp-content\/uploads\/2026\/08\/cuba-ucrania-UE.jpg?fit=1200%2C675&ssl=1","width":1200,"height":675},{"@type":"BreadcrumbList","@id":"https:\/\/informatepy.com\/2024\/2026\/09\/01\/democratas-de-cuba-ucrania-y-europa-unidos-por-la-libertad\/#breadcrumb","itemListElement":[{"@type":"ListItem","position":1,"name":"Portada","item":"https:\/\/informatepy.com\/2024\/"},{"@type":"ListItem","position":2,"name":"Dem\u00f3cratas de Cuba, Ucrania y Europa, unidos por la libertad"}]},{"@type":"WebSite","@id":"https:\/\/informatepy.com\/2024\/#website","url":"https:\/\/informatepy.com\/2024\/","name":"Informate Py Creemos en la libertad de expresi\u00f3n y en la capacidad de la gente de reflexionar\u00a0por\u00a0si\u00a0misma","description":"InformatePy","publisher":{"@id":"https:\/\/informatepy.com\/2024\/#organization"},"potentialAction":[{"@type":"SearchAction","target":{"@type":"EntryPoint","urlTemplate":"https:\/\/informatepy.com\/2024\/?s={search_term_string}"},"query-input":{"@type":"PropertyValueSpecification","valueRequired":true,"valueName":"search_term_string"}}],"inLanguage":"es"},{"@type":"Organization","@id":"https:\/\/informatepy.com\/2024\/#organization","name":"Informate Py Creemos en la libertad de expresi\u00f3n y en la capacidad de la gente de reflexionar\u00a0por\u00a0si\u00a0misma","url":"https:\/\/informatepy.com\/2024\/","logo":{"@type":"ImageObject","inLanguage":"es","@id":"https:\/\/informatepy.com\/2024\/#\/schema\/logo\/image\/","url":"https:\/\/i0.wp.com\/informatepy.com\/2024\/wp-content\/uploads\/2024\/02\/Logotipo-sin-fondo-informate-py500.png?fit=500%2C94&ssl=1","contentUrl":"https:\/\/i0.wp.com\/informatepy.com\/2024\/wp-content\/uploads\/2024\/02\/Logotipo-sin-fondo-informate-py500.png?fit=500%2C94&ssl=1","width":500,"height":94,"caption":"Informate Py Creemos en la libertad de expresi\u00f3n y en la capacidad de la gente de reflexionar\u00a0por\u00a0si\u00a0misma"},"image":{"@id":"https:\/\/informatepy.com\/2024\/#\/schema\/logo\/image\/"}},{"@type":"Person","@id":"https:\/\/informatepy.com\/2024\/#\/schema\/person\/98728344b91c548ef8544c80daf58463","name":"Redacci\u00f3n","image":{"@type":"ImageObject","inLanguage":"es","@id":"https:\/\/informatepy.com\/2024\/wp-content\/uploads\/2024\/02\/cropped-Isologo-sin-fondo.png9c354f01c536b2d49dbb929e96603401","url":"https:\/\/informatepy.com\/2024\/wp-content\/uploads\/2024\/02\/cropped-Isologo-sin-fondo.png","contentUrl":"https:\/\/informatepy.com\/2024\/wp-content\/uploads\/2024\/02\/cropped-Isologo-sin-fondo.png","caption":"Redacci\u00f3n"},"sameAs":["https:\/\/www.facebook.com\/InformatePyCom","https:\/\/x.com\/https:\/\/twitter.com\/InformatePy1"],"url":"https:\/\/informatepy.com\/2024\/author\/redaccion\/"}]}},"jetpack-related-posts":[],"jetpack_sharing_enabled":true,"authors":[{"term_id":830,"user_id":3,"is_guest":0,"slug":"redaccion","display_name":"Redacci\u00f3n","avatar_url":{"url":"https:\/\/informatepy.com\/2024\/wp-content\/uploads\/2024\/02\/cropped-Isologo-sin-fondo.png","url2x":"https:\/\/informatepy.com\/2024\/wp-content\/uploads\/2024\/02\/cropped-Isologo-sin-fondo.png"},"author_category":"1","first_name":"Redacci\u00f3n","last_name":"","user_url":"","job_title":"","description":""}],"jetpack_featured_media_url":"https:\/\/i0.wp.com\/informatepy.com\/2024\/wp-content\/uploads\/2026\/08\/cuba-ucrania-UE.jpg?fit=1200%2C675&ssl=1","_links":{"self":[{"href":"https:\/\/informatepy.com\/2024\/wp-json\/wp\/v2\/posts\/40878","targetHints":{"allow":["GET"]}}],"collection":[{"href":"https:\/\/informatepy.com\/2024\/wp-json\/wp\/v2\/posts"}],"about":[{"href":"https:\/\/informatepy.com\/2024\/wp-json\/wp\/v2\/types\/post"}],"author":[{"embeddable":true,"href":"https:\/\/informatepy.com\/2024\/wp-json\/wp\/v2\/users\/3"}],"replies":[{"embeddable":true,"href":"https:\/\/informatepy.com\/2024\/wp-json\/wp\/v2\/comments?post=40878"}],"version-history":[{"count":1,"href":"https:\/\/informatepy.com\/2024\/wp-json\/wp\/v2\/posts\/40878\/revisions"}],"predecessor-version":[{"id":40880,"href":"https:\/\/informatepy.com\/2024\/wp-json\/wp\/v2\/posts\/40878\/revisions\/40880"}],"wp:featuredmedia":[{"embeddable":true,"href":"https:\/\/informatepy.com\/2024\/wp-json\/wp\/v2\/media\/40879"}],"wp:attachment":[{"href":"https:\/\/informatepy.com\/2024\/wp-json\/wp\/v2\/media?parent=40878"}],"wp:term":[{"taxonomy":"category","embeddable":true,"href":"https:\/\/informatepy.com\/2024\/wp-json\/wp\/v2\/categories?post=40878"},{"taxonomy":"post_tag","embeddable":true,"href":"https:\/\/informatepy.com\/2024\/wp-json\/wp\/v2\/tags?post=40878"},{"taxonomy":"jnews-series","embeddable":true,"href":"https:\/\/informatepy.com\/2024\/wp-json\/wp\/v2\/jnews-series?post=40878"},{"taxonomy":"author","embeddable":true,"href":"https:\/\/informatepy.com\/2024\/wp-json\/wp\/v2\/ppma_author?post=40878"}],"curies":[{"name":"wp","href":"https:\/\/api.w.org\/{rel}","templated":true}]}}