{"id":38551,"date":"2026-04-28T06:17:50","date_gmt":"2026-04-28T09:17:50","guid":{"rendered":"https:\/\/informatepy.com\/2024\/?p=38551"},"modified":"2026-04-28T06:17:54","modified_gmt":"2026-04-28T09:17:54","slug":"momento-prodinamis-con-gustavo-gimenez-viceministro-mipymes","status":"publish","type":"post","link":"https:\/\/informatepy.com\/2024\/2026\/04\/28\/momento-prodinamis-con-gustavo-gimenez-viceministro-mipymes\/","title":{"rendered":"Momento Prodinamis con Gustavo Gim\u00e9nez, viceministro MiPyMEs"},"content":{"rendered":"\n<p>En una nueva edici\u00f3n de <em>Momento Prodinamis<\/em>, conducido por <strong>Blas Cristaldo<\/strong>, se desarroll\u00f3 una conversaci\u00f3n clave para entender el presente y el futuro de las micro, peque\u00f1as y medianas empresas en Paraguay. El invitado fue <strong>Gustavo Gim\u00e9nez<\/strong>, quien actualmente se desempe\u00f1a como viceministro de MiPyMEs, y brind\u00f3 un panorama claro sobre las herramientas que hoy ofrece el Estado para fortalecer al sector formal.<\/p>\n\n\n\n<p>Durante la charla, <strong>Gim\u00e9nez destac\u00f3 que uno de los principales ejes del Gobierno es incentivar la formalizaci\u00f3n, no solo como una obligaci\u00f3n legal, sino como una puerta de acceso a oportunidades concretas.<\/strong> En ese sentido, explic\u00f3 que las empresas formalizadas pueden acceder a financiamiento con condiciones preferenciales, programas de capacitaci\u00f3n, asistencia t\u00e9cnica y beneficios impositivos que buscan mejorar la competitividad y sostenibilidad de los emprendimientos.<\/p>\n\n\n\n<p>Adem\u00e1s, se hizo especial \u00e9nfasis en la simplificaci\u00f3n de tr\u00e1mites y en la digitalizaci\u00f3n de procesos, medidas que apuntan a reducir las barreras de entrada para quienes a\u00fan operan en la informalidad. Seg\u00fan el viceministro, el desaf\u00edo no es menor, pero <strong>existe una decisi\u00f3n pol\u00edtica de acompa\u00f1ar al emprendedor en todo el proceso, desde la idea inicial hasta su consolidaci\u00f3n en el mercado.<\/strong><\/p>\n\n\n\n<p>Otro de los puntos centrales de la conversaci\u00f3n fue el rol estrat\u00e9gico de las cooperativas dentro del universo MiPyMEs. <strong>Gim\u00e9nez subray\u00f3 que las cooperativas cumplen una funci\u00f3n fundamental, especialmente en el acceso al cr\u00e9dito y en la inclusi\u00f3n financiera de sectores que muchas veces quedan fuera del sistema bancario tradicional.<\/strong> En Paraguay, donde el modelo cooperativo tiene una fuerte presencia, estas entidades se convierten en aliados naturales para el desarrollo econ\u00f3mico local.<\/p>\n\n\n\n<p>Asimismo, se destac\u00f3 que<strong> las cooperativas no solo financian, sino que tambi\u00e9n generan redes de apoyo, fomentan la cultura del ahorro y promueven valores como la solidaridad y el trabajo conjunto<\/strong>, elementos que resultan clave para el crecimiento de las peque\u00f1as unidades productivas.<\/p>\n\n\n\n<p>La conversaci\u00f3n dej\u00f3 en claro que <strong>el fortalecimiento de las MiPyMEs no depende \u00fanicamente de pol\u00edticas p\u00fablicas, sino tambi\u00e9n de una articulaci\u00f3n efectiva entre el Estado, el sector privado y el sistema cooperativo.<\/strong> En ese entramado, la formalizaci\u00f3n aparece como el punto de partida para acceder a un ecosistema de oportunidades que hoy est\u00e1 m\u00e1s desarrollado que nunca en Paraguay.<\/p>\n\n\n\n<p>En definitiva, el mensaje fue contundente: hoy existen herramientas, programas y condiciones favorables para que las MiPyMEs den el salto hacia la formalidad y el crecimiento. El desaf\u00edo, ahora, es que esa informaci\u00f3n llegue a cada emprendedor y que se traduzca en decisiones concretas que impulsen el desarrollo econ\u00f3mico del pa\u00eds desde su base productiva.<\/p>\n\n\n\n<figure class=\"wp-block-embed is-type-video is-provider-youtube wp-block-embed-youtube wp-embed-aspect-16-9 wp-has-aspect-ratio\"><div class=\"wp-block-embed__wrapper\">\n<div class=\"jeg_video_container jeg_video_content\"><iframe loading=\"lazy\" title=\"\ud83c\udf99\ufe0fMOMENTO PRODINAMIS con Gustavo Gim\u00e9nez Viceministro MIPYMES\" width=\"500\" height=\"281\" src=\"https:\/\/www.youtube.com\/embed\/C6RDpID-RUM?feature=oembed\" frameborder=\"0\" allow=\"accelerometer; autoplay; clipboard-write; encrypted-media; gyroscope; picture-in-picture; web-share\" referrerpolicy=\"strict-origin-when-cross-origin\" allowfullscreen><\/iframe><\/div>\n<\/div><\/figure>\n","protected":false},"excerpt":{"rendered":"<p>En una nueva edici\u00f3n de Momento Prodinamis, conducido por Blas Cristaldo, se desarroll\u00f3 una conversaci\u00f3n clave para entender el presente y el futuro de las micro, peque\u00f1as y medianas empresas en Paraguay. El invitado fue Gustavo Gim\u00e9nez, quien actualmente se desempe\u00f1a como viceministro de MiPyMEs, y brind\u00f3 un panorama claro sobre las herramientas que hoy [&hellip;]<\/p>\n","protected":false},"author":3,"featured_media":33348,"comment_status":"open","ping_status":"open","sticky":false,"template":"","format":"standard","meta":{"_jetpack_memberships_contains_paid_content":false,"jnews-multi-image_gallery":[],"jnews_single_post":{"format":"standard"},"jnews_primary_category":[],"jnews_override_bookmark_settings":[],"jnews_food_recipe":[],"enable_food_recipe":"","food_recipe_title":"","food_recipe_description":"","food_recipe_serve":"","food_recipe_time":"","food_recipe_prep":"","food_recipe_level":"","food_recipe_keywords":"","food_recipe_category":"","food_recipe_cuisine":"","food_recipe_yield":"","food_recipe_calories":"","enable_print_recipe":"","ingredient":[],"instruction":"","jnews_social_meta":[],"jnews_paywall_metabox":[],"jnews_review":[],"enable_review":"","type":"","name":"","summary":"","brand":"","sku":"","good":[],"bad":[],"score_override":"","override_value":"","rating":[],"price":[],"jnews_override_counter":[],"jnews_post_split":[],"jnews_podcast_option":[],"jnews_podcast_series":[],"footnotes":""},"categories":[45],"tags":[1791,831,2627,994,2353,2359,1820],"jnews-series":[],"ppma_author":[830],"class_list":["post-38551","post","type-post","status-publish","format-standard","has-post-thumbnail","hentry","category-podcasts","tag-blas-cristaldo","tag-destacada","tag-gustavo-gimenez","tag-mipymes","tag-momento-prodinamis","tag-noticias-de-paraguay","tag-prodinamis"],"yoast_head":"<!-- This site is optimized with the Yoast SEO plugin v27.5 - https:\/\/yoast.com\/product\/yoast-seo-wordpress\/ -->\n<title>Momento Prodinamis con Gustavo Gim\u00e9nez, viceministro MiPyMEs - Informate Py Creemos en la libertad de expresi\u00f3n y en la capacidad de la gente de reflexionar\u00a0por\u00a0si\u00a0misma<\/title>\n<meta name=\"robots\" content=\"index, follow, max-snippet:-1, max-image-preview:large, max-video-preview:-1\" \/>\n<link rel=\"canonical\" href=\"https:\/\/informatepy.com\/2024\/2026\/04\/28\/momento-prodinamis-con-gustavo-gimenez-viceministro-mipymes\/\" \/>\n<meta property=\"og:locale\" content=\"es_ES\" \/>\n<meta property=\"og:type\" content=\"article\" \/>\n<meta property=\"og:title\" content=\"Momento Prodinamis con Gustavo Gim\u00e9nez, viceministro MiPyMEs - Informate Py Creemos en la libertad de expresi\u00f3n y en la capacidad de la gente de reflexionar\u00a0por\u00a0si\u00a0misma\" \/>\n<meta property=\"og:description\" content=\"En una nueva edici\u00f3n de Momento Prodinamis, conducido por Blas Cristaldo, se desarroll\u00f3 una conversaci\u00f3n clave para entender el presente y el futuro de las micro, peque\u00f1as y medianas empresas en Paraguay. El invitado fue Gustavo Gim\u00e9nez, quien actualmente se desempe\u00f1a como viceministro de MiPyMEs, y brind\u00f3 un panorama claro sobre las herramientas que hoy [&hellip;]\" \/>\n<meta property=\"og:url\" content=\"https:\/\/informatepy.com\/2024\/2026\/04\/28\/momento-prodinamis-con-gustavo-gimenez-viceministro-mipymes\/\" \/>\n<meta property=\"og:site_name\" content=\"Informate Py Creemos en la libertad de expresi\u00f3n y en la capacidad de la gente de reflexionar\u00a0por\u00a0si\u00a0misma\" \/>\n<meta property=\"article:author\" content=\"https:\/\/www.facebook.com\/InformatePyCom\" \/>\n<meta property=\"article:published_time\" content=\"2026-04-28T09:17:50+00:00\" \/>\n<meta property=\"article:modified_time\" content=\"2026-04-28T09:17:54+00:00\" \/>\n<meta property=\"og:image\" content=\"https:\/\/informatepy.com\/2024\/wp-content\/uploads\/2025\/07\/logo-prodinamis.jpg\" \/>\n\t<meta property=\"og:image:width\" content=\"1200\" \/>\n\t<meta property=\"og:image:height\" content=\"675\" \/>\n\t<meta property=\"og:image:type\" content=\"image\/jpeg\" \/>\n<meta name=\"author\" content=\"Redacci\u00f3n\" \/>\n<meta name=\"twitter:card\" content=\"summary_large_image\" \/>\n<meta name=\"twitter:creator\" content=\"@https:\/\/twitter.com\/InformatePy1\" \/>\n<meta name=\"twitter:label1\" content=\"Escrito por\" \/>\n\t<meta name=\"twitter:data1\" content=\"Redacci\u00f3n\" \/>\n\t<meta name=\"twitter:label2\" content=\"Tiempo de lectura\" \/>\n\t<meta name=\"twitter:data2\" content=\"3 minutos\" \/>\n<script type=\"application\/ld+json\" class=\"yoast-schema-graph\">{\"@context\":\"https:\\\/\\\/schema.org\",\"@graph\":[{\"@type\":\"Article\",\"@id\":\"https:\\\/\\\/informatepy.com\\\/2024\\\/2026\\\/04\\\/28\\\/momento-prodinamis-con-gustavo-gimenez-viceministro-mipymes\\\/#article\",\"isPartOf\":{\"@id\":\"https:\\\/\\\/informatepy.com\\\/2024\\\/2026\\\/04\\\/28\\\/momento-prodinamis-con-gustavo-gimenez-viceministro-mipymes\\\/\"},\"author\":{\"name\":\"Redacci\u00f3n\",\"@id\":\"https:\\\/\\\/informatepy.com\\\/2024\\\/#\\\/schema\\\/person\\\/98728344b91c548ef8544c80daf58463\"},\"headline\":\"Momento Prodinamis con Gustavo Gim\u00e9nez, viceministro MiPyMEs\",\"datePublished\":\"2026-04-28T09:17:50+00:00\",\"dateModified\":\"2026-04-28T09:17:54+00:00\",\"mainEntityOfPage\":{\"@id\":\"https:\\\/\\\/informatepy.com\\\/2024\\\/2026\\\/04\\\/28\\\/momento-prodinamis-con-gustavo-gimenez-viceministro-mipymes\\\/\"},\"wordCount\":478,\"commentCount\":0,\"publisher\":{\"@id\":\"https:\\\/\\\/informatepy.com\\\/2024\\\/#organization\"},\"image\":{\"@id\":\"https:\\\/\\\/informatepy.com\\\/2024\\\/2026\\\/04\\\/28\\\/momento-prodinamis-con-gustavo-gimenez-viceministro-mipymes\\\/#primaryimage\"},\"thumbnailUrl\":\"https:\\\/\\\/i0.wp.com\\\/informatepy.com\\\/2024\\\/wp-content\\\/uploads\\\/2025\\\/07\\\/logo-prodinamis.jpg?fit=1200%2C675&ssl=1\",\"keywords\":[\"blas cristaldo\",\"destacada\",\"gustavo gimenez\",\"MiPyMEs\",\"momento prodinamis\",\"noticias de paraguay\",\"prodinamis\"],\"articleSection\":[\"Podcasts\"],\"inLanguage\":\"es\",\"potentialAction\":[{\"@type\":\"CommentAction\",\"name\":\"Comment\",\"target\":[\"https:\\\/\\\/informatepy.com\\\/2024\\\/2026\\\/04\\\/28\\\/momento-prodinamis-con-gustavo-gimenez-viceministro-mipymes\\\/#respond\"]}]},{\"@type\":\"WebPage\",\"@id\":\"https:\\\/\\\/informatepy.com\\\/2024\\\/2026\\\/04\\\/28\\\/momento-prodinamis-con-gustavo-gimenez-viceministro-mipymes\\\/\",\"url\":\"https:\\\/\\\/informatepy.com\\\/2024\\\/2026\\\/04\\\/28\\\/momento-prodinamis-con-gustavo-gimenez-viceministro-mipymes\\\/\",\"name\":\"Momento Prodinamis con Gustavo Gim\u00e9nez, viceministro MiPyMEs - Informate Py Creemos en la libertad de expresi\u00f3n y en la capacidad de la gente de reflexionar\u00a0por\u00a0si\u00a0misma\",\"isPartOf\":{\"@id\":\"https:\\\/\\\/informatepy.com\\\/2024\\\/#website\"},\"primaryImageOfPage\":{\"@id\":\"https:\\\/\\\/informatepy.com\\\/2024\\\/2026\\\/04\\\/28\\\/momento-prodinamis-con-gustavo-gimenez-viceministro-mipymes\\\/#primaryimage\"},\"image\":{\"@id\":\"https:\\\/\\\/informatepy.com\\\/2024\\\/2026\\\/04\\\/28\\\/momento-prodinamis-con-gustavo-gimenez-viceministro-mipymes\\\/#primaryimage\"},\"thumbnailUrl\":\"https:\\\/\\\/i0.wp.com\\\/informatepy.com\\\/2024\\\/wp-content\\\/uploads\\\/2025\\\/07\\\/logo-prodinamis.jpg?fit=1200%2C675&ssl=1\",\"datePublished\":\"2026-04-28T09:17:50+00:00\",\"dateModified\":\"2026-04-28T09:17:54+00:00\",\"breadcrumb\":{\"@id\":\"https:\\\/\\\/informatepy.com\\\/2024\\\/2026\\\/04\\\/28\\\/momento-prodinamis-con-gustavo-gimenez-viceministro-mipymes\\\/#breadcrumb\"},\"inLanguage\":\"es\",\"potentialAction\":[{\"@type\":\"ReadAction\",\"target\":[\"https:\\\/\\\/informatepy.com\\\/2024\\\/2026\\\/04\\\/28\\\/momento-prodinamis-con-gustavo-gimenez-viceministro-mipymes\\\/\"]}]},{\"@type\":\"ImageObject\",\"inLanguage\":\"es\",\"@id\":\"https:\\\/\\\/informatepy.com\\\/2024\\\/2026\\\/04\\\/28\\\/momento-prodinamis-con-gustavo-gimenez-viceministro-mipymes\\\/#primaryimage\",\"url\":\"https:\\\/\\\/i0.wp.com\\\/informatepy.com\\\/2024\\\/wp-content\\\/uploads\\\/2025\\\/07\\\/logo-prodinamis.jpg?fit=1200%2C675&ssl=1\",\"contentUrl\":\"https:\\\/\\\/i0.wp.com\\\/informatepy.com\\\/2024\\\/wp-content\\\/uploads\\\/2025\\\/07\\\/logo-prodinamis.jpg?fit=1200%2C675&ssl=1\",\"width\":1200,\"height\":675},{\"@type\":\"BreadcrumbList\",\"@id\":\"https:\\\/\\\/informatepy.com\\\/2024\\\/2026\\\/04\\\/28\\\/momento-prodinamis-con-gustavo-gimenez-viceministro-mipymes\\\/#breadcrumb\",\"itemListElement\":[{\"@type\":\"ListItem\",\"position\":1,\"name\":\"Portada\",\"item\":\"https:\\\/\\\/informatepy.com\\\/2024\\\/\"},{\"@type\":\"ListItem\",\"position\":2,\"name\":\"Momento Prodinamis con Gustavo Gim\u00e9nez, viceministro MiPyMEs\"}]},{\"@type\":\"WebSite\",\"@id\":\"https:\\\/\\\/informatepy.com\\\/2024\\\/#website\",\"url\":\"https:\\\/\\\/informatepy.com\\\/2024\\\/\",\"name\":\"Informate Py Creemos en la libertad de expresi\u00f3n y en la capacidad de la gente de reflexionar\u00a0por\u00a0si\u00a0misma\",\"description\":\"InformatePy\",\"publisher\":{\"@id\":\"https:\\\/\\\/informatepy.com\\\/2024\\\/#organization\"},\"potentialAction\":[{\"@type\":\"SearchAction\",\"target\":{\"@type\":\"EntryPoint\",\"urlTemplate\":\"https:\\\/\\\/informatepy.com\\\/2024\\\/?s={search_term_string}\"},\"query-input\":{\"@type\":\"PropertyValueSpecification\",\"valueRequired\":true,\"valueName\":\"search_term_string\"}}],\"inLanguage\":\"es\"},{\"@type\":\"Organization\",\"@id\":\"https:\\\/\\\/informatepy.com\\\/2024\\\/#organization\",\"name\":\"Informate Py Creemos en la libertad de expresi\u00f3n y en la capacidad de la gente de reflexionar\u00a0por\u00a0si\u00a0misma\",\"url\":\"https:\\\/\\\/informatepy.com\\\/2024\\\/\",\"logo\":{\"@type\":\"ImageObject\",\"inLanguage\":\"es\",\"@id\":\"https:\\\/\\\/informatepy.com\\\/2024\\\/#\\\/schema\\\/logo\\\/image\\\/\",\"url\":\"https:\\\/\\\/i0.wp.com\\\/informatepy.com\\\/2024\\\/wp-content\\\/uploads\\\/2024\\\/02\\\/Logotipo-sin-fondo-informate-py500.png?fit=500%2C94&ssl=1\",\"contentUrl\":\"https:\\\/\\\/i0.wp.com\\\/informatepy.com\\\/2024\\\/wp-content\\\/uploads\\\/2024\\\/02\\\/Logotipo-sin-fondo-informate-py500.png?fit=500%2C94&ssl=1\",\"width\":500,\"height\":94,\"caption\":\"Informate Py Creemos en la libertad de expresi\u00f3n y en la capacidad de la gente de reflexionar\u00a0por\u00a0si\u00a0misma\"},\"image\":{\"@id\":\"https:\\\/\\\/informatepy.com\\\/2024\\\/#\\\/schema\\\/logo\\\/image\\\/\"}},{\"@type\":\"Person\",\"@id\":\"https:\\\/\\\/informatepy.com\\\/2024\\\/#\\\/schema\\\/person\\\/98728344b91c548ef8544c80daf58463\",\"name\":\"Redacci\u00f3n\",\"image\":{\"@type\":\"ImageObject\",\"inLanguage\":\"es\",\"@id\":\"https:\\\/\\\/informatepy.com\\\/2024\\\/wp-content\\\/uploads\\\/2024\\\/02\\\/cropped-Isologo-sin-fondo.png9c354f01c536b2d49dbb929e96603401\",\"url\":\"https:\\\/\\\/informatepy.com\\\/2024\\\/wp-content\\\/uploads\\\/2024\\\/02\\\/cropped-Isologo-sin-fondo.png\",\"contentUrl\":\"https:\\\/\\\/informatepy.com\\\/2024\\\/wp-content\\\/uploads\\\/2024\\\/02\\\/cropped-Isologo-sin-fondo.png\",\"caption\":\"Redacci\u00f3n\"},\"sameAs\":[\"https:\\\/\\\/www.facebook.com\\\/InformatePyCom\",\"https:\\\/\\\/x.com\\\/https:\\\/\\\/twitter.com\\\/InformatePy1\"],\"url\":\"https:\\\/\\\/informatepy.com\\\/2024\\\/author\\\/redaccion\\\/\"}]}<\/script>\n<!-- \/ Yoast SEO plugin. -->","yoast_head_json":{"title":"Momento Prodinamis con Gustavo Gim\u00e9nez, viceministro MiPyMEs - Informate Py Creemos en la libertad de expresi\u00f3n y en la capacidad de la gente de reflexionar\u00a0por\u00a0si\u00a0misma","robots":{"index":"index","follow":"follow","max-snippet":"max-snippet:-1","max-image-preview":"max-image-preview:large","max-video-preview":"max-video-preview:-1"},"canonical":"https:\/\/informatepy.com\/2024\/2026\/04\/28\/momento-prodinamis-con-gustavo-gimenez-viceministro-mipymes\/","og_locale":"es_ES","og_type":"article","og_title":"Momento Prodinamis con Gustavo Gim\u00e9nez, viceministro MiPyMEs - Informate Py Creemos en la libertad de expresi\u00f3n y en la capacidad de la gente de reflexionar\u00a0por\u00a0si\u00a0misma","og_description":"En una nueva edici\u00f3n de Momento Prodinamis, conducido por Blas Cristaldo, se desarroll\u00f3 una conversaci\u00f3n clave para entender el presente y el futuro de las micro, peque\u00f1as y medianas empresas en Paraguay. El invitado fue Gustavo Gim\u00e9nez, quien actualmente se desempe\u00f1a como viceministro de MiPyMEs, y brind\u00f3 un panorama claro sobre las herramientas que hoy [&hellip;]","og_url":"https:\/\/informatepy.com\/2024\/2026\/04\/28\/momento-prodinamis-con-gustavo-gimenez-viceministro-mipymes\/","og_site_name":"Informate Py Creemos en la libertad de expresi\u00f3n y en la capacidad de la gente de reflexionar\u00a0por\u00a0si\u00a0misma","article_author":"https:\/\/www.facebook.com\/InformatePyCom","article_published_time":"2026-04-28T09:17:50+00:00","article_modified_time":"2026-04-28T09:17:54+00:00","og_image":[{"width":1200,"height":675,"url":"https:\/\/informatepy.com\/2024\/wp-content\/uploads\/2025\/07\/logo-prodinamis.jpg","type":"image\/jpeg"}],"author":"Redacci\u00f3n","twitter_card":"summary_large_image","twitter_creator":"@https:\/\/twitter.com\/InformatePy1","twitter_misc":{"Escrito por":"Redacci\u00f3n","Tiempo de lectura":"3 minutos"},"schema":{"@context":"https:\/\/schema.org","@graph":[{"@type":"Article","@id":"https:\/\/informatepy.com\/2024\/2026\/04\/28\/momento-prodinamis-con-gustavo-gimenez-viceministro-mipymes\/#article","isPartOf":{"@id":"https:\/\/informatepy.com\/2024\/2026\/04\/28\/momento-prodinamis-con-gustavo-gimenez-viceministro-mipymes\/"},"author":{"name":"Redacci\u00f3n","@id":"https:\/\/informatepy.com\/2024\/#\/schema\/person\/98728344b91c548ef8544c80daf58463"},"headline":"Momento Prodinamis con Gustavo Gim\u00e9nez, viceministro MiPyMEs","datePublished":"2026-04-28T09:17:50+00:00","dateModified":"2026-04-28T09:17:54+00:00","mainEntityOfPage":{"@id":"https:\/\/informatepy.com\/2024\/2026\/04\/28\/momento-prodinamis-con-gustavo-gimenez-viceministro-mipymes\/"},"wordCount":478,"commentCount":0,"publisher":{"@id":"https:\/\/informatepy.com\/2024\/#organization"},"image":{"@id":"https:\/\/informatepy.com\/2024\/2026\/04\/28\/momento-prodinamis-con-gustavo-gimenez-viceministro-mipymes\/#primaryimage"},"thumbnailUrl":"https:\/\/i0.wp.com\/informatepy.com\/2024\/wp-content\/uploads\/2025\/07\/logo-prodinamis.jpg?fit=1200%2C675&ssl=1","keywords":["blas cristaldo","destacada","gustavo gimenez","MiPyMEs","momento prodinamis","noticias de paraguay","prodinamis"],"articleSection":["Podcasts"],"inLanguage":"es","potentialAction":[{"@type":"CommentAction","name":"Comment","target":["https:\/\/informatepy.com\/2024\/2026\/04\/28\/momento-prodinamis-con-gustavo-gimenez-viceministro-mipymes\/#respond"]}]},{"@type":"WebPage","@id":"https:\/\/informatepy.com\/2024\/2026\/04\/28\/momento-prodinamis-con-gustavo-gimenez-viceministro-mipymes\/","url":"https:\/\/informatepy.com\/2024\/2026\/04\/28\/momento-prodinamis-con-gustavo-gimenez-viceministro-mipymes\/","name":"Momento Prodinamis con Gustavo Gim\u00e9nez, viceministro MiPyMEs - Informate Py Creemos en la libertad de expresi\u00f3n y en la capacidad de la gente de reflexionar\u00a0por\u00a0si\u00a0misma","isPartOf":{"@id":"https:\/\/informatepy.com\/2024\/#website"},"primaryImageOfPage":{"@id":"https:\/\/informatepy.com\/2024\/2026\/04\/28\/momento-prodinamis-con-gustavo-gimenez-viceministro-mipymes\/#primaryimage"},"image":{"@id":"https:\/\/informatepy.com\/2024\/2026\/04\/28\/momento-prodinamis-con-gustavo-gimenez-viceministro-mipymes\/#primaryimage"},"thumbnailUrl":"https:\/\/i0.wp.com\/informatepy.com\/2024\/wp-content\/uploads\/2025\/07\/logo-prodinamis.jpg?fit=1200%2C675&ssl=1","datePublished":"2026-04-28T09:17:50+00:00","dateModified":"2026-04-28T09:17:54+00:00","breadcrumb":{"@id":"https:\/\/informatepy.com\/2024\/2026\/04\/28\/momento-prodinamis-con-gustavo-gimenez-viceministro-mipymes\/#breadcrumb"},"inLanguage":"es","potentialAction":[{"@type":"ReadAction","target":["https:\/\/informatepy.com\/2024\/2026\/04\/28\/momento-prodinamis-con-gustavo-gimenez-viceministro-mipymes\/"]}]},{"@type":"ImageObject","inLanguage":"es","@id":"https:\/\/informatepy.com\/2024\/2026\/04\/28\/momento-prodinamis-con-gustavo-gimenez-viceministro-mipymes\/#primaryimage","url":"https:\/\/i0.wp.com\/informatepy.com\/2024\/wp-content\/uploads\/2025\/07\/logo-prodinamis.jpg?fit=1200%2C675&ssl=1","contentUrl":"https:\/\/i0.wp.com\/informatepy.com\/2024\/wp-content\/uploads\/2025\/07\/logo-prodinamis.jpg?fit=1200%2C675&ssl=1","width":1200,"height":675},{"@type":"BreadcrumbList","@id":"https:\/\/informatepy.com\/2024\/2026\/04\/28\/momento-prodinamis-con-gustavo-gimenez-viceministro-mipymes\/#breadcrumb","itemListElement":[{"@type":"ListItem","position":1,"name":"Portada","item":"https:\/\/informatepy.com\/2024\/"},{"@type":"ListItem","position":2,"name":"Momento Prodinamis con Gustavo Gim\u00e9nez, viceministro MiPyMEs"}]},{"@type":"WebSite","@id":"https:\/\/informatepy.com\/2024\/#website","url":"https:\/\/informatepy.com\/2024\/","name":"Informate Py Creemos en la libertad de expresi\u00f3n y en la capacidad de la gente de reflexionar\u00a0por\u00a0si\u00a0misma","description":"InformatePy","publisher":{"@id":"https:\/\/informatepy.com\/2024\/#organization"},"potentialAction":[{"@type":"SearchAction","target":{"@type":"EntryPoint","urlTemplate":"https:\/\/informatepy.com\/2024\/?s={search_term_string}"},"query-input":{"@type":"PropertyValueSpecification","valueRequired":true,"valueName":"search_term_string"}}],"inLanguage":"es"},{"@type":"Organization","@id":"https:\/\/informatepy.com\/2024\/#organization","name":"Informate Py Creemos en la libertad de expresi\u00f3n y en la capacidad de la gente de reflexionar\u00a0por\u00a0si\u00a0misma","url":"https:\/\/informatepy.com\/2024\/","logo":{"@type":"ImageObject","inLanguage":"es","@id":"https:\/\/informatepy.com\/2024\/#\/schema\/logo\/image\/","url":"https:\/\/i0.wp.com\/informatepy.com\/2024\/wp-content\/uploads\/2024\/02\/Logotipo-sin-fondo-informate-py500.png?fit=500%2C94&ssl=1","contentUrl":"https:\/\/i0.wp.com\/informatepy.com\/2024\/wp-content\/uploads\/2024\/02\/Logotipo-sin-fondo-informate-py500.png?fit=500%2C94&ssl=1","width":500,"height":94,"caption":"Informate Py Creemos en la libertad de expresi\u00f3n y en la capacidad de la gente de reflexionar\u00a0por\u00a0si\u00a0misma"},"image":{"@id":"https:\/\/informatepy.com\/2024\/#\/schema\/logo\/image\/"}},{"@type":"Person","@id":"https:\/\/informatepy.com\/2024\/#\/schema\/person\/98728344b91c548ef8544c80daf58463","name":"Redacci\u00f3n","image":{"@type":"ImageObject","inLanguage":"es","@id":"https:\/\/informatepy.com\/2024\/wp-content\/uploads\/2024\/02\/cropped-Isologo-sin-fondo.png9c354f01c536b2d49dbb929e96603401","url":"https:\/\/informatepy.com\/2024\/wp-content\/uploads\/2024\/02\/cropped-Isologo-sin-fondo.png","contentUrl":"https:\/\/informatepy.com\/2024\/wp-content\/uploads\/2024\/02\/cropped-Isologo-sin-fondo.png","caption":"Redacci\u00f3n"},"sameAs":["https:\/\/www.facebook.com\/InformatePyCom","https:\/\/x.com\/https:\/\/twitter.com\/InformatePy1"],"url":"https:\/\/informatepy.com\/2024\/author\/redaccion\/"}]}},"jetpack_featured_media_url":"https:\/\/i0.wp.com\/informatepy.com\/2024\/wp-content\/uploads\/2025\/07\/logo-prodinamis.jpg?fit=1200%2C675&ssl=1","jetpack-related-posts":[],"jetpack_sharing_enabled":true,"authors":[{"term_id":830,"user_id":3,"is_guest":0,"slug":"redaccion","display_name":"Redacci\u00f3n","avatar_url":{"url":"https:\/\/informatepy.com\/2024\/wp-content\/uploads\/2024\/02\/cropped-Isologo-sin-fondo.png","url2x":"https:\/\/informatepy.com\/2024\/wp-content\/uploads\/2024\/02\/cropped-Isologo-sin-fondo.png"},"author_category":"1","first_name":"Redacci\u00f3n","last_name":"","user_url":"","job_title":"","description":""}],"_links":{"self":[{"href":"https:\/\/informatepy.com\/2024\/wp-json\/wp\/v2\/posts\/38551","targetHints":{"allow":["GET"]}}],"collection":[{"href":"https:\/\/informatepy.com\/2024\/wp-json\/wp\/v2\/posts"}],"about":[{"href":"https:\/\/informatepy.com\/2024\/wp-json\/wp\/v2\/types\/post"}],"author":[{"embeddable":true,"href":"https:\/\/informatepy.com\/2024\/wp-json\/wp\/v2\/users\/3"}],"replies":[{"embeddable":true,"href":"https:\/\/informatepy.com\/2024\/wp-json\/wp\/v2\/comments?post=38551"}],"version-history":[{"count":1,"href":"https:\/\/informatepy.com\/2024\/wp-json\/wp\/v2\/posts\/38551\/revisions"}],"predecessor-version":[{"id":38552,"href":"https:\/\/informatepy.com\/2024\/wp-json\/wp\/v2\/posts\/38551\/revisions\/38552"}],"wp:featuredmedia":[{"embeddable":true,"href":"https:\/\/informatepy.com\/2024\/wp-json\/wp\/v2\/media\/33348"}],"wp:attachment":[{"href":"https:\/\/informatepy.com\/2024\/wp-json\/wp\/v2\/media?parent=38551"}],"wp:term":[{"taxonomy":"category","embeddable":true,"href":"https:\/\/informatepy.com\/2024\/wp-json\/wp\/v2\/categories?post=38551"},{"taxonomy":"post_tag","embeddable":true,"href":"https:\/\/informatepy.com\/2024\/wp-json\/wp\/v2\/tags?post=38551"},{"taxonomy":"jnews-series","embeddable":true,"href":"https:\/\/informatepy.com\/2024\/wp-json\/wp\/v2\/jnews-series?post=38551"},{"taxonomy":"author","embeddable":true,"href":"https:\/\/informatepy.com\/2024\/wp-json\/wp\/v2\/ppma_author?post=38551"}],"curies":[{"name":"wp","href":"https:\/\/api.w.org\/{rel}","templated":true}]}}