{"id":38532,"date":"2026-04-27T00:00:00","date_gmt":"2026-04-27T03:00:00","guid":{"rendered":"https:\/\/informatepy.com\/2024\/?p=38532"},"modified":"2026-04-26T18:45:00","modified_gmt":"2026-04-26T21:45:00","slug":"amarilla-cuestiona-proyecto-de-villalba-y-marca-diferencias-dentro-del-plra","status":"publish","type":"post","link":"https:\/\/informatepy.com\/2024\/2026\/04\/27\/amarilla-cuestiona-proyecto-de-villalba-y-marca-diferencias-dentro-del-plra\/","title":{"rendered":"Amarilla cuestiona proyecto de Villalba y marca diferencias dentro del PLRA"},"content":{"rendered":"\n<p>El senador <strong>Dionisio Amarilla lanz\u00f3 duras cr\u00edticas contra su correligionario Ever Villalba, a quien acus\u00f3 de intentar introducir ideas de izquierda dentro del Partido Liberal Radical Aut\u00e9ntico<\/strong>, en medio de un creciente debate interno sobre el rumbo ideol\u00f3gico de la nucleaci\u00f3n.<\/p>\n\n\n\n<p><strong><em>\u201cVillalba se apart\u00f3 del liberalismo; no tiene una visi\u00f3n de pa\u00eds bajo los principios liberales. Vamos a defender el liberalismo que protege a los productores, la propiedad privada, el libre mercado y el trabajo digno\u201d, <\/em><\/strong>afirm\u00f3 Amarilla, marcando una l\u00ednea divisoria dentro del partido.<\/p>\n\n\n\n<p>Las declaraciones se dan luego de que <strong>Villalba presentara ante el Senado un proyecto de ley orientado a regular el precio de la carne vacuna, una iniciativa que reaviv\u00f3 la discusi\u00f3n sobre el rol del Estado en la econom\u00eda.<\/strong> Propuestas similares ya han generado debate en el Congreso, especialmente en torno a posibles intervenciones en la cadena c\u00e1rnica .<\/p>\n\n\n\n<p>El planteamiento fue cuestionado no solo por Amarilla, sino tambi\u00e9n por otros legisladores. El senador <strong>Eduardo Nakayama lleg\u00f3 a calificar la iniciativa como de corte <em>\u201ccomunista\u201d, <\/em>al considerar que fijar m\u00e1rgenes de ganancia constituye una medida intervencionista que atenta contra el libre mercado<\/strong> y podr\u00eda derivar en consecuencias negativas similares a las observadas en otros pa\u00edses de la regi\u00f3n.<\/p>\n\n\n\n<p>Durante un encuentro pol\u00edtico en el distrito de Mbarakaju, en Alto Paran\u00e1, Amarilla reforz\u00f3 su postura ante productores agroexportadores.<strong><em> \u201cEso no es liberalismo; eso es perseguir a los productores. Esa es una postura de izquierda. No se puede hablar de liberalismo y al mismo tiempo golpear al campo\u201d<\/em><\/strong>, sostuvo ante el auditorio.<\/p>\n\n\n\n<p>En ese mismo espacio, <strong>los productores manifestaron su respaldo a una agenda centrada en la defensa de la propiedad privada, la seguridad jur\u00eddica y la libertad de producci\u00f3n. <\/strong>Tambi\u00e9n expresaron preocupaci\u00f3n por el avance de proyectos legislativos vinculados al medioambiente que, seg\u00fan se\u00f1alaron, podr\u00edan restringir el uso de insumos agr\u00edcolas y generar incertidumbre en el sector.<\/p>\n\n\n\n<p>El encuentro dej\u00f3 en evidencia una creciente tensi\u00f3n entre visiones contrapuestas sobre el modelo productivo.<strong> Representantes del sector agroexportador advirtieron que una regulaci\u00f3n mal dise\u00f1ada podr\u00eda incluso <em>\u201ccriminalizar la producci\u00f3n\u201d<\/em> en un pa\u00eds cuya econom\u00eda depende en gran medida del agro<\/strong>, y reclamaron reglas claras que garanticen inversi\u00f3n, previsibilidad y crecimiento sostenido.<\/p>\n","protected":false},"excerpt":{"rendered":"<p>El senador Dionisio Amarilla lanz\u00f3 duras cr\u00edticas contra su correligionario Ever Villalba, a quien acus\u00f3 de intentar introducir ideas de izquierda dentro del Partido Liberal Radical Aut\u00e9ntico, en medio de un creciente debate interno sobre el rumbo ideol\u00f3gico de la nucleaci\u00f3n. \u201cVillalba se apart\u00f3 del liberalismo; no tiene una visi\u00f3n de pa\u00eds bajo los principios [&hellip;]<\/p>\n","protected":false},"author":3,"featured_media":38534,"comment_status":"open","ping_status":"open","sticky":false,"template":"","format":"standard","meta":{"_jetpack_memberships_contains_paid_content":false,"jnews-multi-image_gallery":[],"jnews_single_post":{"format":"standard"},"jnews_primary_category":[],"jnews_override_bookmark_settings":[],"jnews_food_recipe":[],"enable_food_recipe":"","food_recipe_title":"","food_recipe_description":"","food_recipe_serve":"","food_recipe_time":"","food_recipe_prep":"","food_recipe_level":"","food_recipe_keywords":"","food_recipe_category":"","food_recipe_cuisine":"","food_recipe_yield":"","food_recipe_calories":"","enable_print_recipe":"","ingredient":[],"instruction":"","jnews_social_meta":[],"jnews_paywall_metabox":[],"jnews_review":[],"enable_review":"","type":"","name":"","summary":"","brand":"","sku":"","good":[],"bad":[],"score_override":"","override_value":"","rating":[],"price":[],"jnews_override_counter":[],"jnews_post_split":[],"jnews_podcast_option":[],"jnews_podcast_series":[],"footnotes":""},"categories":[34],"tags":[831,395,1829,2359,396,297],"jnews-series":[],"ppma_author":[830],"class_list":["post-38532","post","type-post","status-publish","format-standard","has-post-thumbnail","hentry","category-nacionales","tag-destacada","tag-dionisio-amarilla","tag-ever-villalba","tag-noticias-de-paraguay","tag-partido-liberal","tag-plra"],"yoast_head":"<!-- This site is optimized with the Yoast SEO plugin v27.5 - https:\/\/yoast.com\/product\/yoast-seo-wordpress\/ -->\n<title>Amarilla cuestiona proyecto de Villalba y marca diferencias dentro del PLRA - Informate Py Creemos en la libertad de expresi\u00f3n y en la capacidad de la gente de reflexionar\u00a0por\u00a0si\u00a0misma<\/title>\n<meta name=\"robots\" content=\"index, follow, max-snippet:-1, max-image-preview:large, max-video-preview:-1\" \/>\n<link rel=\"canonical\" href=\"https:\/\/informatepy.com\/2024\/2026\/04\/27\/amarilla-cuestiona-proyecto-de-villalba-y-marca-diferencias-dentro-del-plra\/\" \/>\n<meta property=\"og:locale\" content=\"es_ES\" \/>\n<meta property=\"og:type\" content=\"article\" \/>\n<meta property=\"og:title\" content=\"Amarilla cuestiona proyecto de Villalba y marca diferencias dentro del PLRA - Informate Py Creemos en la libertad de expresi\u00f3n y en la capacidad de la gente de reflexionar\u00a0por\u00a0si\u00a0misma\" \/>\n<meta property=\"og:description\" content=\"El senador Dionisio Amarilla lanz\u00f3 duras cr\u00edticas contra su correligionario Ever Villalba, a quien acus\u00f3 de intentar introducir ideas de izquierda dentro del Partido Liberal Radical Aut\u00e9ntico, en medio de un creciente debate interno sobre el rumbo ideol\u00f3gico de la nucleaci\u00f3n. \u201cVillalba se apart\u00f3 del liberalismo; no tiene una visi\u00f3n de pa\u00eds bajo los principios [&hellip;]\" \/>\n<meta property=\"og:url\" content=\"https:\/\/informatepy.com\/2024\/2026\/04\/27\/amarilla-cuestiona-proyecto-de-villalba-y-marca-diferencias-dentro-del-plra\/\" \/>\n<meta property=\"og:site_name\" content=\"Informate Py Creemos en la libertad de expresi\u00f3n y en la capacidad de la gente de reflexionar\u00a0por\u00a0si\u00a0misma\" \/>\n<meta property=\"article:author\" content=\"https:\/\/www.facebook.com\/InformatePyCom\" \/>\n<meta property=\"article:published_time\" content=\"2026-04-27T03:00:00+00:00\" \/>\n<meta property=\"og:image\" content=\"https:\/\/i0.wp.com\/informatepy.com\/2024\/wp-content\/uploads\/2026\/04\/dionisio-vs-ever.jpg?fit=1200%2C657&ssl=1\" \/>\n\t<meta property=\"og:image:width\" content=\"1200\" \/>\n\t<meta property=\"og:image:height\" content=\"657\" \/>\n\t<meta property=\"og:image:type\" content=\"image\/jpeg\" \/>\n<meta name=\"author\" content=\"Redacci\u00f3n\" \/>\n<meta name=\"twitter:card\" content=\"summary_large_image\" \/>\n<meta name=\"twitter:creator\" content=\"@https:\/\/twitter.com\/InformatePy1\" \/>\n<meta name=\"twitter:label1\" content=\"Escrito por\" \/>\n\t<meta name=\"twitter:data1\" content=\"Redacci\u00f3n\" \/>\n\t<meta name=\"twitter:label2\" content=\"Tiempo de lectura\" \/>\n\t<meta name=\"twitter:data2\" content=\"2 minutos\" \/>\n<script type=\"application\/ld+json\" class=\"yoast-schema-graph\">{\"@context\":\"https:\\\/\\\/schema.org\",\"@graph\":[{\"@type\":\"Article\",\"@id\":\"https:\\\/\\\/informatepy.com\\\/2024\\\/2026\\\/04\\\/27\\\/amarilla-cuestiona-proyecto-de-villalba-y-marca-diferencias-dentro-del-plra\\\/#article\",\"isPartOf\":{\"@id\":\"https:\\\/\\\/informatepy.com\\\/2024\\\/2026\\\/04\\\/27\\\/amarilla-cuestiona-proyecto-de-villalba-y-marca-diferencias-dentro-del-plra\\\/\"},\"author\":{\"name\":\"Redacci\u00f3n\",\"@id\":\"https:\\\/\\\/informatepy.com\\\/2024\\\/#\\\/schema\\\/person\\\/98728344b91c548ef8544c80daf58463\"},\"headline\":\"Amarilla cuestiona proyecto de Villalba y marca diferencias dentro del PLRA\",\"datePublished\":\"2026-04-27T03:00:00+00:00\",\"mainEntityOfPage\":{\"@id\":\"https:\\\/\\\/informatepy.com\\\/2024\\\/2026\\\/04\\\/27\\\/amarilla-cuestiona-proyecto-de-villalba-y-marca-diferencias-dentro-del-plra\\\/\"},\"wordCount\":405,\"commentCount\":0,\"publisher\":{\"@id\":\"https:\\\/\\\/informatepy.com\\\/2024\\\/#organization\"},\"image\":{\"@id\":\"https:\\\/\\\/informatepy.com\\\/2024\\\/2026\\\/04\\\/27\\\/amarilla-cuestiona-proyecto-de-villalba-y-marca-diferencias-dentro-del-plra\\\/#primaryimage\"},\"thumbnailUrl\":\"https:\\\/\\\/i0.wp.com\\\/informatepy.com\\\/2024\\\/wp-content\\\/uploads\\\/2026\\\/04\\\/dionisio-vs-ever.jpg?fit=1200%2C657&ssl=1\",\"keywords\":[\"destacada\",\"dionisio amarilla\",\"ever villalba\",\"noticias de paraguay\",\"partido liberal\",\"plra\"],\"articleSection\":[\"Nacionales\"],\"inLanguage\":\"es\",\"potentialAction\":[{\"@type\":\"CommentAction\",\"name\":\"Comment\",\"target\":[\"https:\\\/\\\/informatepy.com\\\/2024\\\/2026\\\/04\\\/27\\\/amarilla-cuestiona-proyecto-de-villalba-y-marca-diferencias-dentro-del-plra\\\/#respond\"]}]},{\"@type\":\"WebPage\",\"@id\":\"https:\\\/\\\/informatepy.com\\\/2024\\\/2026\\\/04\\\/27\\\/amarilla-cuestiona-proyecto-de-villalba-y-marca-diferencias-dentro-del-plra\\\/\",\"url\":\"https:\\\/\\\/informatepy.com\\\/2024\\\/2026\\\/04\\\/27\\\/amarilla-cuestiona-proyecto-de-villalba-y-marca-diferencias-dentro-del-plra\\\/\",\"name\":\"Amarilla cuestiona proyecto de Villalba y marca diferencias dentro del PLRA - Informate Py Creemos en la libertad de expresi\u00f3n y en la capacidad de la gente de reflexionar\u00a0por\u00a0si\u00a0misma\",\"isPartOf\":{\"@id\":\"https:\\\/\\\/informatepy.com\\\/2024\\\/#website\"},\"primaryImageOfPage\":{\"@id\":\"https:\\\/\\\/informatepy.com\\\/2024\\\/2026\\\/04\\\/27\\\/amarilla-cuestiona-proyecto-de-villalba-y-marca-diferencias-dentro-del-plra\\\/#primaryimage\"},\"image\":{\"@id\":\"https:\\\/\\\/informatepy.com\\\/2024\\\/2026\\\/04\\\/27\\\/amarilla-cuestiona-proyecto-de-villalba-y-marca-diferencias-dentro-del-plra\\\/#primaryimage\"},\"thumbnailUrl\":\"https:\\\/\\\/i0.wp.com\\\/informatepy.com\\\/2024\\\/wp-content\\\/uploads\\\/2026\\\/04\\\/dionisio-vs-ever.jpg?fit=1200%2C657&ssl=1\",\"datePublished\":\"2026-04-27T03:00:00+00:00\",\"breadcrumb\":{\"@id\":\"https:\\\/\\\/informatepy.com\\\/2024\\\/2026\\\/04\\\/27\\\/amarilla-cuestiona-proyecto-de-villalba-y-marca-diferencias-dentro-del-plra\\\/#breadcrumb\"},\"inLanguage\":\"es\",\"potentialAction\":[{\"@type\":\"ReadAction\",\"target\":[\"https:\\\/\\\/informatepy.com\\\/2024\\\/2026\\\/04\\\/27\\\/amarilla-cuestiona-proyecto-de-villalba-y-marca-diferencias-dentro-del-plra\\\/\"]}]},{\"@type\":\"ImageObject\",\"inLanguage\":\"es\",\"@id\":\"https:\\\/\\\/informatepy.com\\\/2024\\\/2026\\\/04\\\/27\\\/amarilla-cuestiona-proyecto-de-villalba-y-marca-diferencias-dentro-del-plra\\\/#primaryimage\",\"url\":\"https:\\\/\\\/i0.wp.com\\\/informatepy.com\\\/2024\\\/wp-content\\\/uploads\\\/2026\\\/04\\\/dionisio-vs-ever.jpg?fit=1200%2C657&ssl=1\",\"contentUrl\":\"https:\\\/\\\/i0.wp.com\\\/informatepy.com\\\/2024\\\/wp-content\\\/uploads\\\/2026\\\/04\\\/dionisio-vs-ever.jpg?fit=1200%2C657&ssl=1\",\"width\":1200,\"height\":657},{\"@type\":\"BreadcrumbList\",\"@id\":\"https:\\\/\\\/informatepy.com\\\/2024\\\/2026\\\/04\\\/27\\\/amarilla-cuestiona-proyecto-de-villalba-y-marca-diferencias-dentro-del-plra\\\/#breadcrumb\",\"itemListElement\":[{\"@type\":\"ListItem\",\"position\":1,\"name\":\"Portada\",\"item\":\"https:\\\/\\\/informatepy.com\\\/2024\\\/\"},{\"@type\":\"ListItem\",\"position\":2,\"name\":\"Amarilla cuestiona proyecto de Villalba y marca diferencias dentro del PLRA\"}]},{\"@type\":\"WebSite\",\"@id\":\"https:\\\/\\\/informatepy.com\\\/2024\\\/#website\",\"url\":\"https:\\\/\\\/informatepy.com\\\/2024\\\/\",\"name\":\"Informate Py Creemos en la libertad de expresi\u00f3n y en la capacidad de la gente de reflexionar\u00a0por\u00a0si\u00a0misma\",\"description\":\"InformatePy\",\"publisher\":{\"@id\":\"https:\\\/\\\/informatepy.com\\\/2024\\\/#organization\"},\"potentialAction\":[{\"@type\":\"SearchAction\",\"target\":{\"@type\":\"EntryPoint\",\"urlTemplate\":\"https:\\\/\\\/informatepy.com\\\/2024\\\/?s={search_term_string}\"},\"query-input\":{\"@type\":\"PropertyValueSpecification\",\"valueRequired\":true,\"valueName\":\"search_term_string\"}}],\"inLanguage\":\"es\"},{\"@type\":\"Organization\",\"@id\":\"https:\\\/\\\/informatepy.com\\\/2024\\\/#organization\",\"name\":\"Informate Py Creemos en la libertad de expresi\u00f3n y en la capacidad de la gente de reflexionar\u00a0por\u00a0si\u00a0misma\",\"url\":\"https:\\\/\\\/informatepy.com\\\/2024\\\/\",\"logo\":{\"@type\":\"ImageObject\",\"inLanguage\":\"es\",\"@id\":\"https:\\\/\\\/informatepy.com\\\/2024\\\/#\\\/schema\\\/logo\\\/image\\\/\",\"url\":\"https:\\\/\\\/i0.wp.com\\\/informatepy.com\\\/2024\\\/wp-content\\\/uploads\\\/2024\\\/02\\\/Logotipo-sin-fondo-informate-py500.png?fit=500%2C94&ssl=1\",\"contentUrl\":\"https:\\\/\\\/i0.wp.com\\\/informatepy.com\\\/2024\\\/wp-content\\\/uploads\\\/2024\\\/02\\\/Logotipo-sin-fondo-informate-py500.png?fit=500%2C94&ssl=1\",\"width\":500,\"height\":94,\"caption\":\"Informate Py Creemos en la libertad de expresi\u00f3n y en la capacidad de la gente de reflexionar\u00a0por\u00a0si\u00a0misma\"},\"image\":{\"@id\":\"https:\\\/\\\/informatepy.com\\\/2024\\\/#\\\/schema\\\/logo\\\/image\\\/\"}},{\"@type\":\"Person\",\"@id\":\"https:\\\/\\\/informatepy.com\\\/2024\\\/#\\\/schema\\\/person\\\/98728344b91c548ef8544c80daf58463\",\"name\":\"Redacci\u00f3n\",\"image\":{\"@type\":\"ImageObject\",\"inLanguage\":\"es\",\"@id\":\"https:\\\/\\\/informatepy.com\\\/2024\\\/wp-content\\\/uploads\\\/2024\\\/02\\\/cropped-Isologo-sin-fondo.png9c354f01c536b2d49dbb929e96603401\",\"url\":\"https:\\\/\\\/informatepy.com\\\/2024\\\/wp-content\\\/uploads\\\/2024\\\/02\\\/cropped-Isologo-sin-fondo.png\",\"contentUrl\":\"https:\\\/\\\/informatepy.com\\\/2024\\\/wp-content\\\/uploads\\\/2024\\\/02\\\/cropped-Isologo-sin-fondo.png\",\"caption\":\"Redacci\u00f3n\"},\"sameAs\":[\"https:\\\/\\\/www.facebook.com\\\/InformatePyCom\",\"https:\\\/\\\/x.com\\\/https:\\\/\\\/twitter.com\\\/InformatePy1\"],\"url\":\"https:\\\/\\\/informatepy.com\\\/2024\\\/author\\\/redaccion\\\/\"}]}<\/script>\n<!-- \/ Yoast SEO plugin. -->","yoast_head_json":{"title":"Amarilla cuestiona proyecto de Villalba y marca diferencias dentro del PLRA - Informate Py Creemos en la libertad de expresi\u00f3n y en la capacidad de la gente de reflexionar\u00a0por\u00a0si\u00a0misma","robots":{"index":"index","follow":"follow","max-snippet":"max-snippet:-1","max-image-preview":"max-image-preview:large","max-video-preview":"max-video-preview:-1"},"canonical":"https:\/\/informatepy.com\/2024\/2026\/04\/27\/amarilla-cuestiona-proyecto-de-villalba-y-marca-diferencias-dentro-del-plra\/","og_locale":"es_ES","og_type":"article","og_title":"Amarilla cuestiona proyecto de Villalba y marca diferencias dentro del PLRA - Informate Py Creemos en la libertad de expresi\u00f3n y en la capacidad de la gente de reflexionar\u00a0por\u00a0si\u00a0misma","og_description":"El senador Dionisio Amarilla lanz\u00f3 duras cr\u00edticas contra su correligionario Ever Villalba, a quien acus\u00f3 de intentar introducir ideas de izquierda dentro del Partido Liberal Radical Aut\u00e9ntico, en medio de un creciente debate interno sobre el rumbo ideol\u00f3gico de la nucleaci\u00f3n. \u201cVillalba se apart\u00f3 del liberalismo; no tiene una visi\u00f3n de pa\u00eds bajo los principios [&hellip;]","og_url":"https:\/\/informatepy.com\/2024\/2026\/04\/27\/amarilla-cuestiona-proyecto-de-villalba-y-marca-diferencias-dentro-del-plra\/","og_site_name":"Informate Py Creemos en la libertad de expresi\u00f3n y en la capacidad de la gente de reflexionar\u00a0por\u00a0si\u00a0misma","article_author":"https:\/\/www.facebook.com\/InformatePyCom","article_published_time":"2026-04-27T03:00:00+00:00","og_image":[{"width":1200,"height":657,"url":"https:\/\/i0.wp.com\/informatepy.com\/2024\/wp-content\/uploads\/2026\/04\/dionisio-vs-ever.jpg?fit=1200%2C657&ssl=1","type":"image\/jpeg"}],"author":"Redacci\u00f3n","twitter_card":"summary_large_image","twitter_creator":"@https:\/\/twitter.com\/InformatePy1","twitter_misc":{"Escrito por":"Redacci\u00f3n","Tiempo de lectura":"2 minutos"},"schema":{"@context":"https:\/\/schema.org","@graph":[{"@type":"Article","@id":"https:\/\/informatepy.com\/2024\/2026\/04\/27\/amarilla-cuestiona-proyecto-de-villalba-y-marca-diferencias-dentro-del-plra\/#article","isPartOf":{"@id":"https:\/\/informatepy.com\/2024\/2026\/04\/27\/amarilla-cuestiona-proyecto-de-villalba-y-marca-diferencias-dentro-del-plra\/"},"author":{"name":"Redacci\u00f3n","@id":"https:\/\/informatepy.com\/2024\/#\/schema\/person\/98728344b91c548ef8544c80daf58463"},"headline":"Amarilla cuestiona proyecto de Villalba y marca diferencias dentro del PLRA","datePublished":"2026-04-27T03:00:00+00:00","mainEntityOfPage":{"@id":"https:\/\/informatepy.com\/2024\/2026\/04\/27\/amarilla-cuestiona-proyecto-de-villalba-y-marca-diferencias-dentro-del-plra\/"},"wordCount":405,"commentCount":0,"publisher":{"@id":"https:\/\/informatepy.com\/2024\/#organization"},"image":{"@id":"https:\/\/informatepy.com\/2024\/2026\/04\/27\/amarilla-cuestiona-proyecto-de-villalba-y-marca-diferencias-dentro-del-plra\/#primaryimage"},"thumbnailUrl":"https:\/\/i0.wp.com\/informatepy.com\/2024\/wp-content\/uploads\/2026\/04\/dionisio-vs-ever.jpg?fit=1200%2C657&ssl=1","keywords":["destacada","dionisio amarilla","ever villalba","noticias de paraguay","partido liberal","plra"],"articleSection":["Nacionales"],"inLanguage":"es","potentialAction":[{"@type":"CommentAction","name":"Comment","target":["https:\/\/informatepy.com\/2024\/2026\/04\/27\/amarilla-cuestiona-proyecto-de-villalba-y-marca-diferencias-dentro-del-plra\/#respond"]}]},{"@type":"WebPage","@id":"https:\/\/informatepy.com\/2024\/2026\/04\/27\/amarilla-cuestiona-proyecto-de-villalba-y-marca-diferencias-dentro-del-plra\/","url":"https:\/\/informatepy.com\/2024\/2026\/04\/27\/amarilla-cuestiona-proyecto-de-villalba-y-marca-diferencias-dentro-del-plra\/","name":"Amarilla cuestiona proyecto de Villalba y marca diferencias dentro del PLRA - Informate Py Creemos en la libertad de expresi\u00f3n y en la capacidad de la gente de reflexionar\u00a0por\u00a0si\u00a0misma","isPartOf":{"@id":"https:\/\/informatepy.com\/2024\/#website"},"primaryImageOfPage":{"@id":"https:\/\/informatepy.com\/2024\/2026\/04\/27\/amarilla-cuestiona-proyecto-de-villalba-y-marca-diferencias-dentro-del-plra\/#primaryimage"},"image":{"@id":"https:\/\/informatepy.com\/2024\/2026\/04\/27\/amarilla-cuestiona-proyecto-de-villalba-y-marca-diferencias-dentro-del-plra\/#primaryimage"},"thumbnailUrl":"https:\/\/i0.wp.com\/informatepy.com\/2024\/wp-content\/uploads\/2026\/04\/dionisio-vs-ever.jpg?fit=1200%2C657&ssl=1","datePublished":"2026-04-27T03:00:00+00:00","breadcrumb":{"@id":"https:\/\/informatepy.com\/2024\/2026\/04\/27\/amarilla-cuestiona-proyecto-de-villalba-y-marca-diferencias-dentro-del-plra\/#breadcrumb"},"inLanguage":"es","potentialAction":[{"@type":"ReadAction","target":["https:\/\/informatepy.com\/2024\/2026\/04\/27\/amarilla-cuestiona-proyecto-de-villalba-y-marca-diferencias-dentro-del-plra\/"]}]},{"@type":"ImageObject","inLanguage":"es","@id":"https:\/\/informatepy.com\/2024\/2026\/04\/27\/amarilla-cuestiona-proyecto-de-villalba-y-marca-diferencias-dentro-del-plra\/#primaryimage","url":"https:\/\/i0.wp.com\/informatepy.com\/2024\/wp-content\/uploads\/2026\/04\/dionisio-vs-ever.jpg?fit=1200%2C657&ssl=1","contentUrl":"https:\/\/i0.wp.com\/informatepy.com\/2024\/wp-content\/uploads\/2026\/04\/dionisio-vs-ever.jpg?fit=1200%2C657&ssl=1","width":1200,"height":657},{"@type":"BreadcrumbList","@id":"https:\/\/informatepy.com\/2024\/2026\/04\/27\/amarilla-cuestiona-proyecto-de-villalba-y-marca-diferencias-dentro-del-plra\/#breadcrumb","itemListElement":[{"@type":"ListItem","position":1,"name":"Portada","item":"https:\/\/informatepy.com\/2024\/"},{"@type":"ListItem","position":2,"name":"Amarilla cuestiona proyecto de Villalba y marca diferencias dentro del PLRA"}]},{"@type":"WebSite","@id":"https:\/\/informatepy.com\/2024\/#website","url":"https:\/\/informatepy.com\/2024\/","name":"Informate Py Creemos en la libertad de expresi\u00f3n y en la capacidad de la gente de reflexionar\u00a0por\u00a0si\u00a0misma","description":"InformatePy","publisher":{"@id":"https:\/\/informatepy.com\/2024\/#organization"},"potentialAction":[{"@type":"SearchAction","target":{"@type":"EntryPoint","urlTemplate":"https:\/\/informatepy.com\/2024\/?s={search_term_string}"},"query-input":{"@type":"PropertyValueSpecification","valueRequired":true,"valueName":"search_term_string"}}],"inLanguage":"es"},{"@type":"Organization","@id":"https:\/\/informatepy.com\/2024\/#organization","name":"Informate Py Creemos en la libertad de expresi\u00f3n y en la capacidad de la gente de reflexionar\u00a0por\u00a0si\u00a0misma","url":"https:\/\/informatepy.com\/2024\/","logo":{"@type":"ImageObject","inLanguage":"es","@id":"https:\/\/informatepy.com\/2024\/#\/schema\/logo\/image\/","url":"https:\/\/i0.wp.com\/informatepy.com\/2024\/wp-content\/uploads\/2024\/02\/Logotipo-sin-fondo-informate-py500.png?fit=500%2C94&ssl=1","contentUrl":"https:\/\/i0.wp.com\/informatepy.com\/2024\/wp-content\/uploads\/2024\/02\/Logotipo-sin-fondo-informate-py500.png?fit=500%2C94&ssl=1","width":500,"height":94,"caption":"Informate Py Creemos en la libertad de expresi\u00f3n y en la capacidad de la gente de reflexionar\u00a0por\u00a0si\u00a0misma"},"image":{"@id":"https:\/\/informatepy.com\/2024\/#\/schema\/logo\/image\/"}},{"@type":"Person","@id":"https:\/\/informatepy.com\/2024\/#\/schema\/person\/98728344b91c548ef8544c80daf58463","name":"Redacci\u00f3n","image":{"@type":"ImageObject","inLanguage":"es","@id":"https:\/\/informatepy.com\/2024\/wp-content\/uploads\/2024\/02\/cropped-Isologo-sin-fondo.png9c354f01c536b2d49dbb929e96603401","url":"https:\/\/informatepy.com\/2024\/wp-content\/uploads\/2024\/02\/cropped-Isologo-sin-fondo.png","contentUrl":"https:\/\/informatepy.com\/2024\/wp-content\/uploads\/2024\/02\/cropped-Isologo-sin-fondo.png","caption":"Redacci\u00f3n"},"sameAs":["https:\/\/www.facebook.com\/InformatePyCom","https:\/\/x.com\/https:\/\/twitter.com\/InformatePy1"],"url":"https:\/\/informatepy.com\/2024\/author\/redaccion\/"}]}},"jetpack_featured_media_url":"https:\/\/i0.wp.com\/informatepy.com\/2024\/wp-content\/uploads\/2026\/04\/dionisio-vs-ever.jpg?fit=1200%2C657&ssl=1","jetpack-related-posts":[],"jetpack_sharing_enabled":true,"authors":[{"term_id":830,"user_id":3,"is_guest":0,"slug":"redaccion","display_name":"Redacci\u00f3n","avatar_url":{"url":"https:\/\/informatepy.com\/2024\/wp-content\/uploads\/2024\/02\/cropped-Isologo-sin-fondo.png","url2x":"https:\/\/informatepy.com\/2024\/wp-content\/uploads\/2024\/02\/cropped-Isologo-sin-fondo.png"},"author_category":"1","first_name":"Redacci\u00f3n","last_name":"","user_url":"","job_title":"","description":""}],"_links":{"self":[{"href":"https:\/\/informatepy.com\/2024\/wp-json\/wp\/v2\/posts\/38532","targetHints":{"allow":["GET"]}}],"collection":[{"href":"https:\/\/informatepy.com\/2024\/wp-json\/wp\/v2\/posts"}],"about":[{"href":"https:\/\/informatepy.com\/2024\/wp-json\/wp\/v2\/types\/post"}],"author":[{"embeddable":true,"href":"https:\/\/informatepy.com\/2024\/wp-json\/wp\/v2\/users\/3"}],"replies":[{"embeddable":true,"href":"https:\/\/informatepy.com\/2024\/wp-json\/wp\/v2\/comments?post=38532"}],"version-history":[{"count":1,"href":"https:\/\/informatepy.com\/2024\/wp-json\/wp\/v2\/posts\/38532\/revisions"}],"predecessor-version":[{"id":38533,"href":"https:\/\/informatepy.com\/2024\/wp-json\/wp\/v2\/posts\/38532\/revisions\/38533"}],"wp:featuredmedia":[{"embeddable":true,"href":"https:\/\/informatepy.com\/2024\/wp-json\/wp\/v2\/media\/38534"}],"wp:attachment":[{"href":"https:\/\/informatepy.com\/2024\/wp-json\/wp\/v2\/media?parent=38532"}],"wp:term":[{"taxonomy":"category","embeddable":true,"href":"https:\/\/informatepy.com\/2024\/wp-json\/wp\/v2\/categories?post=38532"},{"taxonomy":"post_tag","embeddable":true,"href":"https:\/\/informatepy.com\/2024\/wp-json\/wp\/v2\/tags?post=38532"},{"taxonomy":"jnews-series","embeddable":true,"href":"https:\/\/informatepy.com\/2024\/wp-json\/wp\/v2\/jnews-series?post=38532"},{"taxonomy":"author","embeddable":true,"href":"https:\/\/informatepy.com\/2024\/wp-json\/wp\/v2\/ppma_author?post=38532"}],"curies":[{"name":"wp","href":"https:\/\/api.w.org\/{rel}","templated":true}]}}