{"id":38527,"date":"2026-04-27T00:01:00","date_gmt":"2026-04-27T03:01:00","guid":{"rendered":"https:\/\/informatepy.com\/2024\/?p=38527"},"modified":"2026-04-26T18:58:13","modified_gmt":"2026-04-26T21:58:13","slug":"bello-apuesta-a-posicionar-asuncion-en-la-agenda-urbana-de-la-region","status":"publish","type":"post","link":"https:\/\/informatepy.com\/2024\/2026\/04\/27\/bello-apuesta-a-posicionar-asuncion-en-la-agenda-urbana-de-la-region\/","title":{"rendered":"Bello apuesta a posicionar Asunci\u00f3n en la agenda urbana de la regi\u00f3n"},"content":{"rendered":"\n<p>El intendente de Asunci\u00f3n, <strong>Luis Bello<\/strong>, llev\u00f3 la experiencia de la capital paraguaya al plano regional durante su participaci\u00f3n en la <strong>Cumbre de Alcaldes de las Am\u00e9ricas 2026<\/strong>, un espacio que reuni\u00f3 a <strong>l\u00edderes locales de todo el continente para debatir los desaf\u00edos del desarrollo urbano en un contexto de crecimiento acelerado.<\/strong><\/p>\n\n\n\n<p>En su intervenci\u00f3n, el jefe comunal <strong>expuso sobre la transformaci\u00f3n que atraviesa Asunci\u00f3n, marcada por un aumento sostenido de edificaciones en altura. Si bien destac\u00f3 el impacto positivo de este fen\u00f3meno en t\u00e9rminos de dinamismo econ\u00f3mico e inversi\u00f3n, tambi\u00e9n advirti\u00f3 sobre la necesidad de acompa\u00f1ar ese proceso con reglas claras y una planificaci\u00f3n m\u00e1s rigurosa.<\/strong> Seg\u00fan plante\u00f3, el crecimiento sin orden puede derivar en problemas estructurales que terminan afectando la calidad de vida en la ciudad.<\/p>\n\n\n\n<p>El panel en el que particip\u00f3 estuvo centrado en la planificaci\u00f3n urbana y la atracci\u00f3n de inversiones, dos ejes que hoy se vuelven inseparables en la gesti\u00f3n de las grandes ciudades. En ese marco, <strong>Bello subray\u00f3 que Asunci\u00f3n enfrenta el desaf\u00edo de modernizar sus herramientas de gesti\u00f3n para estar a la altura de las nuevas demandas urbanas<\/strong>, al tiempo que busca posicionarse como un polo atractivo dentro de la regi\u00f3n.<\/p>\n\n\n\n<p>El encuentro tambi\u00e9n sirvi\u00f3 como plataforma para el intercambio de experiencias entre ciudades con realidades diversas, <strong>pero atravesadas por problem\u00e1ticas comunes: expansi\u00f3n urbana, presi\u00f3n sobre los servicios p\u00fablicos y necesidad de infraestructura<\/strong>. Para el intendente, este tipo de espacios resulta clave para fortalecer v\u00ednculos y acceder a modelos de gesti\u00f3n que puedan adaptarse a la realidad local.<\/p>\n\n\n\n<p>No obstante, el propio <strong>Bello reconoci\u00f3 que el verdadero reto comienza al regresar al territorio. Trasladar las ideas y aprendizajes a pol\u00edticas concretas sigue siendo el gran desaf\u00edo, especialmente en una ciudad que crece a ritmo sostenido <\/strong>y donde las demandas ciudadanas exigen respuestas cada vez m\u00e1s inmediatas.<\/p>\n\n\n\n<p>En ese sentido, el intendente plante\u00f3 la necesidad de avanzar hacia un <strong>esquema de planificaci\u00f3n que no solo ordene el desarrollo, sino que tambi\u00e9n garantice equilibrio entre crecimiento, inversi\u00f3n y calidad de vida.<\/strong> Una ecuaci\u00f3n compleja, pero central para definir el rumbo de Asunci\u00f3n en los pr\u00f3ximos a\u00f1os.<\/p>\n\n\n\n<p><\/p>\n","protected":false},"excerpt":{"rendered":"<p>El intendente de Asunci\u00f3n, Luis Bello, llev\u00f3 la experiencia de la capital paraguaya al plano regional durante su participaci\u00f3n en la Cumbre de Alcaldes de las Am\u00e9ricas 2026, un espacio que reuni\u00f3 a l\u00edderes locales de todo el continente para debatir los desaf\u00edos del desarrollo urbano en un contexto de crecimiento acelerado. En su intervenci\u00f3n, [&hellip;]<\/p>\n","protected":false},"author":3,"featured_media":38528,"comment_status":"open","ping_status":"open","sticky":false,"template":"","format":"standard","meta":{"_jetpack_memberships_contains_paid_content":false,"jnews-multi-image_gallery":[],"jnews_single_post":{"format":"standard"},"jnews_primary_category":[],"jnews_override_bookmark_settings":[],"jnews_food_recipe":[],"enable_food_recipe":"","food_recipe_title":"","food_recipe_description":"","food_recipe_serve":"","food_recipe_time":"","food_recipe_prep":"","food_recipe_level":"","food_recipe_keywords":"","food_recipe_category":"","food_recipe_cuisine":"","food_recipe_yield":"","food_recipe_calories":"","enable_print_recipe":"","ingredient":[],"instruction":"","jnews_social_meta":[],"jnews_paywall_metabox":[],"jnews_review":[],"enable_review":"","type":"","name":"","summary":"","brand":"","sku":"","good":[],"bad":[],"score_override":"","override_value":"","rating":[],"price":[],"jnews_override_counter":[],"jnews_post_split":[],"jnews_podcast_option":[],"jnews_podcast_series":[],"footnotes":""},"categories":[40],"tags":[425,831,2466,2453,802,2460,2359],"jnews-series":[],"ppma_author":[830],"class_list":["post-38527","post","type-post","status-publish","format-standard","has-post-thumbnail","hentry","category-municipales","tag-asuncion","tag-destacada","tag-intendencia-de-asuncion","tag-luis-bello","tag-municipalidad-de-asuncion","tag-noticias-de-asuncion","tag-noticias-de-paraguay"],"yoast_head":"<!-- This site is optimized with the Yoast SEO plugin v27.5 - https:\/\/yoast.com\/product\/yoast-seo-wordpress\/ -->\n<title>Bello apuesta a posicionar Asunci\u00f3n en la agenda urbana de la regi\u00f3n - Informate Py Creemos en la libertad de expresi\u00f3n y en la capacidad de la gente de reflexionar\u00a0por\u00a0si\u00a0misma<\/title>\n<meta name=\"robots\" content=\"index, follow, max-snippet:-1, max-image-preview:large, max-video-preview:-1\" \/>\n<link rel=\"canonical\" href=\"https:\/\/informatepy.com\/2024\/2026\/04\/27\/bello-apuesta-a-posicionar-asuncion-en-la-agenda-urbana-de-la-region\/\" \/>\n<meta property=\"og:locale\" content=\"es_ES\" \/>\n<meta property=\"og:type\" content=\"article\" \/>\n<meta property=\"og:title\" content=\"Bello apuesta a posicionar Asunci\u00f3n en la agenda urbana de la regi\u00f3n - Informate Py Creemos en la libertad de expresi\u00f3n y en la capacidad de la gente de reflexionar\u00a0por\u00a0si\u00a0misma\" \/>\n<meta property=\"og:description\" content=\"El intendente de Asunci\u00f3n, Luis Bello, llev\u00f3 la experiencia de la capital paraguaya al plano regional durante su participaci\u00f3n en la Cumbre de Alcaldes de las Am\u00e9ricas 2026, un espacio que reuni\u00f3 a l\u00edderes locales de todo el continente para debatir los desaf\u00edos del desarrollo urbano en un contexto de crecimiento acelerado. En su intervenci\u00f3n, [&hellip;]\" \/>\n<meta property=\"og:url\" content=\"https:\/\/informatepy.com\/2024\/2026\/04\/27\/bello-apuesta-a-posicionar-asuncion-en-la-agenda-urbana-de-la-region\/\" \/>\n<meta property=\"og:site_name\" content=\"Informate Py Creemos en la libertad de expresi\u00f3n y en la capacidad de la gente de reflexionar\u00a0por\u00a0si\u00a0misma\" \/>\n<meta property=\"article:author\" content=\"https:\/\/www.facebook.com\/InformatePyCom\" \/>\n<meta property=\"article:published_time\" content=\"2026-04-27T03:01:00+00:00\" \/>\n<meta property=\"og:image\" content=\"https:\/\/i0.wp.com\/informatepy.com\/2024\/wp-content\/uploads\/2026\/04\/bello-cumbre.jpg?fit=590%2C400&ssl=1\" \/>\n\t<meta property=\"og:image:width\" content=\"590\" \/>\n\t<meta property=\"og:image:height\" content=\"400\" \/>\n\t<meta property=\"og:image:type\" content=\"image\/jpeg\" \/>\n<meta name=\"author\" content=\"Redacci\u00f3n\" \/>\n<meta name=\"twitter:card\" content=\"summary_large_image\" \/>\n<meta name=\"twitter:creator\" content=\"@https:\/\/twitter.com\/InformatePy1\" \/>\n<meta name=\"twitter:label1\" content=\"Escrito por\" \/>\n\t<meta name=\"twitter:data1\" content=\"Redacci\u00f3n\" \/>\n\t<meta name=\"twitter:label2\" content=\"Tiempo de lectura\" \/>\n\t<meta name=\"twitter:data2\" content=\"2 minutos\" \/>\n<script type=\"application\/ld+json\" class=\"yoast-schema-graph\">{\"@context\":\"https:\\\/\\\/schema.org\",\"@graph\":[{\"@type\":\"Article\",\"@id\":\"https:\\\/\\\/informatepy.com\\\/2024\\\/2026\\\/04\\\/27\\\/bello-apuesta-a-posicionar-asuncion-en-la-agenda-urbana-de-la-region\\\/#article\",\"isPartOf\":{\"@id\":\"https:\\\/\\\/informatepy.com\\\/2024\\\/2026\\\/04\\\/27\\\/bello-apuesta-a-posicionar-asuncion-en-la-agenda-urbana-de-la-region\\\/\"},\"author\":{\"name\":\"Redacci\u00f3n\",\"@id\":\"https:\\\/\\\/informatepy.com\\\/2024\\\/#\\\/schema\\\/person\\\/98728344b91c548ef8544c80daf58463\"},\"headline\":\"Bello apuesta a posicionar Asunci\u00f3n en la agenda urbana de la regi\u00f3n\",\"datePublished\":\"2026-04-27T03:01:00+00:00\",\"mainEntityOfPage\":{\"@id\":\"https:\\\/\\\/informatepy.com\\\/2024\\\/2026\\\/04\\\/27\\\/bello-apuesta-a-posicionar-asuncion-en-la-agenda-urbana-de-la-region\\\/\"},\"wordCount\":405,\"commentCount\":0,\"publisher\":{\"@id\":\"https:\\\/\\\/informatepy.com\\\/2024\\\/#organization\"},\"image\":{\"@id\":\"https:\\\/\\\/informatepy.com\\\/2024\\\/2026\\\/04\\\/27\\\/bello-apuesta-a-posicionar-asuncion-en-la-agenda-urbana-de-la-region\\\/#primaryimage\"},\"thumbnailUrl\":\"https:\\\/\\\/i0.wp.com\\\/informatepy.com\\\/2024\\\/wp-content\\\/uploads\\\/2026\\\/04\\\/bello-cumbre.jpg?fit=590%2C400&ssl=1\",\"keywords\":[\"asuncion\",\"destacada\",\"intendencia de asuncion\",\"luis bello\",\"municipalidad de asuncion\",\"noticias de asunci\u00f3n\",\"noticias de paraguay\"],\"articleSection\":[\"Municipales\"],\"inLanguage\":\"es\",\"potentialAction\":[{\"@type\":\"CommentAction\",\"name\":\"Comment\",\"target\":[\"https:\\\/\\\/informatepy.com\\\/2024\\\/2026\\\/04\\\/27\\\/bello-apuesta-a-posicionar-asuncion-en-la-agenda-urbana-de-la-region\\\/#respond\"]}]},{\"@type\":\"WebPage\",\"@id\":\"https:\\\/\\\/informatepy.com\\\/2024\\\/2026\\\/04\\\/27\\\/bello-apuesta-a-posicionar-asuncion-en-la-agenda-urbana-de-la-region\\\/\",\"url\":\"https:\\\/\\\/informatepy.com\\\/2024\\\/2026\\\/04\\\/27\\\/bello-apuesta-a-posicionar-asuncion-en-la-agenda-urbana-de-la-region\\\/\",\"name\":\"Bello apuesta a posicionar Asunci\u00f3n en la agenda urbana de la regi\u00f3n - Informate Py Creemos en la libertad de expresi\u00f3n y en la capacidad de la gente de reflexionar\u00a0por\u00a0si\u00a0misma\",\"isPartOf\":{\"@id\":\"https:\\\/\\\/informatepy.com\\\/2024\\\/#website\"},\"primaryImageOfPage\":{\"@id\":\"https:\\\/\\\/informatepy.com\\\/2024\\\/2026\\\/04\\\/27\\\/bello-apuesta-a-posicionar-asuncion-en-la-agenda-urbana-de-la-region\\\/#primaryimage\"},\"image\":{\"@id\":\"https:\\\/\\\/informatepy.com\\\/2024\\\/2026\\\/04\\\/27\\\/bello-apuesta-a-posicionar-asuncion-en-la-agenda-urbana-de-la-region\\\/#primaryimage\"},\"thumbnailUrl\":\"https:\\\/\\\/i0.wp.com\\\/informatepy.com\\\/2024\\\/wp-content\\\/uploads\\\/2026\\\/04\\\/bello-cumbre.jpg?fit=590%2C400&ssl=1\",\"datePublished\":\"2026-04-27T03:01:00+00:00\",\"breadcrumb\":{\"@id\":\"https:\\\/\\\/informatepy.com\\\/2024\\\/2026\\\/04\\\/27\\\/bello-apuesta-a-posicionar-asuncion-en-la-agenda-urbana-de-la-region\\\/#breadcrumb\"},\"inLanguage\":\"es\",\"potentialAction\":[{\"@type\":\"ReadAction\",\"target\":[\"https:\\\/\\\/informatepy.com\\\/2024\\\/2026\\\/04\\\/27\\\/bello-apuesta-a-posicionar-asuncion-en-la-agenda-urbana-de-la-region\\\/\"]}]},{\"@type\":\"ImageObject\",\"inLanguage\":\"es\",\"@id\":\"https:\\\/\\\/informatepy.com\\\/2024\\\/2026\\\/04\\\/27\\\/bello-apuesta-a-posicionar-asuncion-en-la-agenda-urbana-de-la-region\\\/#primaryimage\",\"url\":\"https:\\\/\\\/i0.wp.com\\\/informatepy.com\\\/2024\\\/wp-content\\\/uploads\\\/2026\\\/04\\\/bello-cumbre.jpg?fit=590%2C400&ssl=1\",\"contentUrl\":\"https:\\\/\\\/i0.wp.com\\\/informatepy.com\\\/2024\\\/wp-content\\\/uploads\\\/2026\\\/04\\\/bello-cumbre.jpg?fit=590%2C400&ssl=1\",\"width\":590,\"height\":400},{\"@type\":\"BreadcrumbList\",\"@id\":\"https:\\\/\\\/informatepy.com\\\/2024\\\/2026\\\/04\\\/27\\\/bello-apuesta-a-posicionar-asuncion-en-la-agenda-urbana-de-la-region\\\/#breadcrumb\",\"itemListElement\":[{\"@type\":\"ListItem\",\"position\":1,\"name\":\"Portada\",\"item\":\"https:\\\/\\\/informatepy.com\\\/2024\\\/\"},{\"@type\":\"ListItem\",\"position\":2,\"name\":\"Bello apuesta a posicionar Asunci\u00f3n en la agenda urbana de la regi\u00f3n\"}]},{\"@type\":\"WebSite\",\"@id\":\"https:\\\/\\\/informatepy.com\\\/2024\\\/#website\",\"url\":\"https:\\\/\\\/informatepy.com\\\/2024\\\/\",\"name\":\"Informate Py Creemos en la libertad de expresi\u00f3n y en la capacidad de la gente de reflexionar\u00a0por\u00a0si\u00a0misma\",\"description\":\"InformatePy\",\"publisher\":{\"@id\":\"https:\\\/\\\/informatepy.com\\\/2024\\\/#organization\"},\"potentialAction\":[{\"@type\":\"SearchAction\",\"target\":{\"@type\":\"EntryPoint\",\"urlTemplate\":\"https:\\\/\\\/informatepy.com\\\/2024\\\/?s={search_term_string}\"},\"query-input\":{\"@type\":\"PropertyValueSpecification\",\"valueRequired\":true,\"valueName\":\"search_term_string\"}}],\"inLanguage\":\"es\"},{\"@type\":\"Organization\",\"@id\":\"https:\\\/\\\/informatepy.com\\\/2024\\\/#organization\",\"name\":\"Informate Py Creemos en la libertad de expresi\u00f3n y en la capacidad de la gente de reflexionar\u00a0por\u00a0si\u00a0misma\",\"url\":\"https:\\\/\\\/informatepy.com\\\/2024\\\/\",\"logo\":{\"@type\":\"ImageObject\",\"inLanguage\":\"es\",\"@id\":\"https:\\\/\\\/informatepy.com\\\/2024\\\/#\\\/schema\\\/logo\\\/image\\\/\",\"url\":\"https:\\\/\\\/i0.wp.com\\\/informatepy.com\\\/2024\\\/wp-content\\\/uploads\\\/2024\\\/02\\\/Logotipo-sin-fondo-informate-py500.png?fit=500%2C94&ssl=1\",\"contentUrl\":\"https:\\\/\\\/i0.wp.com\\\/informatepy.com\\\/2024\\\/wp-content\\\/uploads\\\/2024\\\/02\\\/Logotipo-sin-fondo-informate-py500.png?fit=500%2C94&ssl=1\",\"width\":500,\"height\":94,\"caption\":\"Informate Py Creemos en la libertad de expresi\u00f3n y en la capacidad de la gente de reflexionar\u00a0por\u00a0si\u00a0misma\"},\"image\":{\"@id\":\"https:\\\/\\\/informatepy.com\\\/2024\\\/#\\\/schema\\\/logo\\\/image\\\/\"}},{\"@type\":\"Person\",\"@id\":\"https:\\\/\\\/informatepy.com\\\/2024\\\/#\\\/schema\\\/person\\\/98728344b91c548ef8544c80daf58463\",\"name\":\"Redacci\u00f3n\",\"image\":{\"@type\":\"ImageObject\",\"inLanguage\":\"es\",\"@id\":\"https:\\\/\\\/informatepy.com\\\/2024\\\/wp-content\\\/uploads\\\/2024\\\/02\\\/cropped-Isologo-sin-fondo.png9c354f01c536b2d49dbb929e96603401\",\"url\":\"https:\\\/\\\/informatepy.com\\\/2024\\\/wp-content\\\/uploads\\\/2024\\\/02\\\/cropped-Isologo-sin-fondo.png\",\"contentUrl\":\"https:\\\/\\\/informatepy.com\\\/2024\\\/wp-content\\\/uploads\\\/2024\\\/02\\\/cropped-Isologo-sin-fondo.png\",\"caption\":\"Redacci\u00f3n\"},\"sameAs\":[\"https:\\\/\\\/www.facebook.com\\\/InformatePyCom\",\"https:\\\/\\\/x.com\\\/https:\\\/\\\/twitter.com\\\/InformatePy1\"],\"url\":\"https:\\\/\\\/informatepy.com\\\/2024\\\/author\\\/redaccion\\\/\"}]}<\/script>\n<!-- \/ Yoast SEO plugin. -->","yoast_head_json":{"title":"Bello apuesta a posicionar Asunci\u00f3n en la agenda urbana de la regi\u00f3n - Informate Py Creemos en la libertad de expresi\u00f3n y en la capacidad de la gente de reflexionar\u00a0por\u00a0si\u00a0misma","robots":{"index":"index","follow":"follow","max-snippet":"max-snippet:-1","max-image-preview":"max-image-preview:large","max-video-preview":"max-video-preview:-1"},"canonical":"https:\/\/informatepy.com\/2024\/2026\/04\/27\/bello-apuesta-a-posicionar-asuncion-en-la-agenda-urbana-de-la-region\/","og_locale":"es_ES","og_type":"article","og_title":"Bello apuesta a posicionar Asunci\u00f3n en la agenda urbana de la regi\u00f3n - Informate Py Creemos en la libertad de expresi\u00f3n y en la capacidad de la gente de reflexionar\u00a0por\u00a0si\u00a0misma","og_description":"El intendente de Asunci\u00f3n, Luis Bello, llev\u00f3 la experiencia de la capital paraguaya al plano regional durante su participaci\u00f3n en la Cumbre de Alcaldes de las Am\u00e9ricas 2026, un espacio que reuni\u00f3 a l\u00edderes locales de todo el continente para debatir los desaf\u00edos del desarrollo urbano en un contexto de crecimiento acelerado. En su intervenci\u00f3n, [&hellip;]","og_url":"https:\/\/informatepy.com\/2024\/2026\/04\/27\/bello-apuesta-a-posicionar-asuncion-en-la-agenda-urbana-de-la-region\/","og_site_name":"Informate Py Creemos en la libertad de expresi\u00f3n y en la capacidad de la gente de reflexionar\u00a0por\u00a0si\u00a0misma","article_author":"https:\/\/www.facebook.com\/InformatePyCom","article_published_time":"2026-04-27T03:01:00+00:00","og_image":[{"width":590,"height":400,"url":"https:\/\/i0.wp.com\/informatepy.com\/2024\/wp-content\/uploads\/2026\/04\/bello-cumbre.jpg?fit=590%2C400&ssl=1","type":"image\/jpeg"}],"author":"Redacci\u00f3n","twitter_card":"summary_large_image","twitter_creator":"@https:\/\/twitter.com\/InformatePy1","twitter_misc":{"Escrito por":"Redacci\u00f3n","Tiempo de lectura":"2 minutos"},"schema":{"@context":"https:\/\/schema.org","@graph":[{"@type":"Article","@id":"https:\/\/informatepy.com\/2024\/2026\/04\/27\/bello-apuesta-a-posicionar-asuncion-en-la-agenda-urbana-de-la-region\/#article","isPartOf":{"@id":"https:\/\/informatepy.com\/2024\/2026\/04\/27\/bello-apuesta-a-posicionar-asuncion-en-la-agenda-urbana-de-la-region\/"},"author":{"name":"Redacci\u00f3n","@id":"https:\/\/informatepy.com\/2024\/#\/schema\/person\/98728344b91c548ef8544c80daf58463"},"headline":"Bello apuesta a posicionar Asunci\u00f3n en la agenda urbana de la regi\u00f3n","datePublished":"2026-04-27T03:01:00+00:00","mainEntityOfPage":{"@id":"https:\/\/informatepy.com\/2024\/2026\/04\/27\/bello-apuesta-a-posicionar-asuncion-en-la-agenda-urbana-de-la-region\/"},"wordCount":405,"commentCount":0,"publisher":{"@id":"https:\/\/informatepy.com\/2024\/#organization"},"image":{"@id":"https:\/\/informatepy.com\/2024\/2026\/04\/27\/bello-apuesta-a-posicionar-asuncion-en-la-agenda-urbana-de-la-region\/#primaryimage"},"thumbnailUrl":"https:\/\/i0.wp.com\/informatepy.com\/2024\/wp-content\/uploads\/2026\/04\/bello-cumbre.jpg?fit=590%2C400&ssl=1","keywords":["asuncion","destacada","intendencia de asuncion","luis bello","municipalidad de asuncion","noticias de asunci\u00f3n","noticias de paraguay"],"articleSection":["Municipales"],"inLanguage":"es","potentialAction":[{"@type":"CommentAction","name":"Comment","target":["https:\/\/informatepy.com\/2024\/2026\/04\/27\/bello-apuesta-a-posicionar-asuncion-en-la-agenda-urbana-de-la-region\/#respond"]}]},{"@type":"WebPage","@id":"https:\/\/informatepy.com\/2024\/2026\/04\/27\/bello-apuesta-a-posicionar-asuncion-en-la-agenda-urbana-de-la-region\/","url":"https:\/\/informatepy.com\/2024\/2026\/04\/27\/bello-apuesta-a-posicionar-asuncion-en-la-agenda-urbana-de-la-region\/","name":"Bello apuesta a posicionar Asunci\u00f3n en la agenda urbana de la regi\u00f3n - Informate Py Creemos en la libertad de expresi\u00f3n y en la capacidad de la gente de reflexionar\u00a0por\u00a0si\u00a0misma","isPartOf":{"@id":"https:\/\/informatepy.com\/2024\/#website"},"primaryImageOfPage":{"@id":"https:\/\/informatepy.com\/2024\/2026\/04\/27\/bello-apuesta-a-posicionar-asuncion-en-la-agenda-urbana-de-la-region\/#primaryimage"},"image":{"@id":"https:\/\/informatepy.com\/2024\/2026\/04\/27\/bello-apuesta-a-posicionar-asuncion-en-la-agenda-urbana-de-la-region\/#primaryimage"},"thumbnailUrl":"https:\/\/i0.wp.com\/informatepy.com\/2024\/wp-content\/uploads\/2026\/04\/bello-cumbre.jpg?fit=590%2C400&ssl=1","datePublished":"2026-04-27T03:01:00+00:00","breadcrumb":{"@id":"https:\/\/informatepy.com\/2024\/2026\/04\/27\/bello-apuesta-a-posicionar-asuncion-en-la-agenda-urbana-de-la-region\/#breadcrumb"},"inLanguage":"es","potentialAction":[{"@type":"ReadAction","target":["https:\/\/informatepy.com\/2024\/2026\/04\/27\/bello-apuesta-a-posicionar-asuncion-en-la-agenda-urbana-de-la-region\/"]}]},{"@type":"ImageObject","inLanguage":"es","@id":"https:\/\/informatepy.com\/2024\/2026\/04\/27\/bello-apuesta-a-posicionar-asuncion-en-la-agenda-urbana-de-la-region\/#primaryimage","url":"https:\/\/i0.wp.com\/informatepy.com\/2024\/wp-content\/uploads\/2026\/04\/bello-cumbre.jpg?fit=590%2C400&ssl=1","contentUrl":"https:\/\/i0.wp.com\/informatepy.com\/2024\/wp-content\/uploads\/2026\/04\/bello-cumbre.jpg?fit=590%2C400&ssl=1","width":590,"height":400},{"@type":"BreadcrumbList","@id":"https:\/\/informatepy.com\/2024\/2026\/04\/27\/bello-apuesta-a-posicionar-asuncion-en-la-agenda-urbana-de-la-region\/#breadcrumb","itemListElement":[{"@type":"ListItem","position":1,"name":"Portada","item":"https:\/\/informatepy.com\/2024\/"},{"@type":"ListItem","position":2,"name":"Bello apuesta a posicionar Asunci\u00f3n en la agenda urbana de la regi\u00f3n"}]},{"@type":"WebSite","@id":"https:\/\/informatepy.com\/2024\/#website","url":"https:\/\/informatepy.com\/2024\/","name":"Informate Py Creemos en la libertad de expresi\u00f3n y en la capacidad de la gente de reflexionar\u00a0por\u00a0si\u00a0misma","description":"InformatePy","publisher":{"@id":"https:\/\/informatepy.com\/2024\/#organization"},"potentialAction":[{"@type":"SearchAction","target":{"@type":"EntryPoint","urlTemplate":"https:\/\/informatepy.com\/2024\/?s={search_term_string}"},"query-input":{"@type":"PropertyValueSpecification","valueRequired":true,"valueName":"search_term_string"}}],"inLanguage":"es"},{"@type":"Organization","@id":"https:\/\/informatepy.com\/2024\/#organization","name":"Informate Py Creemos en la libertad de expresi\u00f3n y en la capacidad de la gente de reflexionar\u00a0por\u00a0si\u00a0misma","url":"https:\/\/informatepy.com\/2024\/","logo":{"@type":"ImageObject","inLanguage":"es","@id":"https:\/\/informatepy.com\/2024\/#\/schema\/logo\/image\/","url":"https:\/\/i0.wp.com\/informatepy.com\/2024\/wp-content\/uploads\/2024\/02\/Logotipo-sin-fondo-informate-py500.png?fit=500%2C94&ssl=1","contentUrl":"https:\/\/i0.wp.com\/informatepy.com\/2024\/wp-content\/uploads\/2024\/02\/Logotipo-sin-fondo-informate-py500.png?fit=500%2C94&ssl=1","width":500,"height":94,"caption":"Informate Py Creemos en la libertad de expresi\u00f3n y en la capacidad de la gente de reflexionar\u00a0por\u00a0si\u00a0misma"},"image":{"@id":"https:\/\/informatepy.com\/2024\/#\/schema\/logo\/image\/"}},{"@type":"Person","@id":"https:\/\/informatepy.com\/2024\/#\/schema\/person\/98728344b91c548ef8544c80daf58463","name":"Redacci\u00f3n","image":{"@type":"ImageObject","inLanguage":"es","@id":"https:\/\/informatepy.com\/2024\/wp-content\/uploads\/2024\/02\/cropped-Isologo-sin-fondo.png9c354f01c536b2d49dbb929e96603401","url":"https:\/\/informatepy.com\/2024\/wp-content\/uploads\/2024\/02\/cropped-Isologo-sin-fondo.png","contentUrl":"https:\/\/informatepy.com\/2024\/wp-content\/uploads\/2024\/02\/cropped-Isologo-sin-fondo.png","caption":"Redacci\u00f3n"},"sameAs":["https:\/\/www.facebook.com\/InformatePyCom","https:\/\/x.com\/https:\/\/twitter.com\/InformatePy1"],"url":"https:\/\/informatepy.com\/2024\/author\/redaccion\/"}]}},"jetpack_featured_media_url":"https:\/\/i0.wp.com\/informatepy.com\/2024\/wp-content\/uploads\/2026\/04\/bello-cumbre.jpg?fit=590%2C400&ssl=1","jetpack-related-posts":[],"jetpack_sharing_enabled":true,"authors":[{"term_id":830,"user_id":3,"is_guest":0,"slug":"redaccion","display_name":"Redacci\u00f3n","avatar_url":{"url":"https:\/\/informatepy.com\/2024\/wp-content\/uploads\/2024\/02\/cropped-Isologo-sin-fondo.png","url2x":"https:\/\/informatepy.com\/2024\/wp-content\/uploads\/2024\/02\/cropped-Isologo-sin-fondo.png"},"author_category":"1","first_name":"Redacci\u00f3n","last_name":"","user_url":"","job_title":"","description":""}],"_links":{"self":[{"href":"https:\/\/informatepy.com\/2024\/wp-json\/wp\/v2\/posts\/38527","targetHints":{"allow":["GET"]}}],"collection":[{"href":"https:\/\/informatepy.com\/2024\/wp-json\/wp\/v2\/posts"}],"about":[{"href":"https:\/\/informatepy.com\/2024\/wp-json\/wp\/v2\/types\/post"}],"author":[{"embeddable":true,"href":"https:\/\/informatepy.com\/2024\/wp-json\/wp\/v2\/users\/3"}],"replies":[{"embeddable":true,"href":"https:\/\/informatepy.com\/2024\/wp-json\/wp\/v2\/comments?post=38527"}],"version-history":[{"count":1,"href":"https:\/\/informatepy.com\/2024\/wp-json\/wp\/v2\/posts\/38527\/revisions"}],"predecessor-version":[{"id":38529,"href":"https:\/\/informatepy.com\/2024\/wp-json\/wp\/v2\/posts\/38527\/revisions\/38529"}],"wp:featuredmedia":[{"embeddable":true,"href":"https:\/\/informatepy.com\/2024\/wp-json\/wp\/v2\/media\/38528"}],"wp:attachment":[{"href":"https:\/\/informatepy.com\/2024\/wp-json\/wp\/v2\/media?parent=38527"}],"wp:term":[{"taxonomy":"category","embeddable":true,"href":"https:\/\/informatepy.com\/2024\/wp-json\/wp\/v2\/categories?post=38527"},{"taxonomy":"post_tag","embeddable":true,"href":"https:\/\/informatepy.com\/2024\/wp-json\/wp\/v2\/tags?post=38527"},{"taxonomy":"jnews-series","embeddable":true,"href":"https:\/\/informatepy.com\/2024\/wp-json\/wp\/v2\/jnews-series?post=38527"},{"taxonomy":"author","embeddable":true,"href":"https:\/\/informatepy.com\/2024\/wp-json\/wp\/v2\/ppma_author?post=38527"}],"curies":[{"name":"wp","href":"https:\/\/api.w.org\/{rel}","templated":true}]}}