{"id":3822,"date":"2021-08-21T18:59:00","date_gmt":"2021-08-21T16:59:00","guid":{"rendered":"https:\/\/informatepy.com\/2024\/2021\/08\/21\/nicaragua-sacerdotes-alertan-sobre-la-persecucion-de-daniel-ortega-a-los-catolicos\/"},"modified":"2021-08-21T18:59:00","modified_gmt":"2021-08-21T16:59:00","slug":"nicaragua-sacerdotes-alertan-sobre-la-persecucion-de-daniel-ortega-a-los-catolicos","status":"publish","type":"post","link":"https:\/\/informatepy.com\/2024\/2021\/08\/21\/nicaragua-sacerdotes-alertan-sobre-la-persecucion-de-daniel-ortega-a-los-catolicos\/","title":{"rendered":"NICARAGUA: Sacerdotes alertan sobre la persecuci\u00f3n de Daniel Ortega a los cat\u00f3licos"},"content":{"rendered":"\n<p>El presidente de<strong>\u00a0Nicaragua,\u00a0Daniel Ortega<\/strong>, fue guerrillero simpatizante de la llamada\u00a0<strong>Teolog\u00eda de la Liberaci\u00f3n<\/strong>, de los llamados\u00a0<em>\u00absacerdotes tercermundistas\u00bb<\/em>\u00a0de los a\u00f1os &#8217;70 y &#8217;80. Pero hoy d\u00eda los religiosos\u00a0<em>&#8216;progresistas&#8217;\u00a0<\/em>de la\u00a0<strong>Iglesia Cat\u00f3lica<\/strong>\u00a0afirman que ya sufren<strong>\u00a0la persecuci\u00f3n de Ortega.<\/strong><\/p>\n\n\n\n<p><strong>Jan-Albert Hootsen<\/strong>\u00a0escribi\u00f3, en la revista America, de los jesuitas estadounidenses, una entrevista a un sacerdote cuya identidad no fue revelada pero con trabajo en San Jer\u00f3nimo y otras comunidades rurales, en especial de\u00a0<strong>miskitos afro-nicarag\u00fcenses<\/strong>, en la frontera con<strong>\u00a0Honduras<\/strong>, donde hay casos de ocupaci\u00f3n ilegal y violenta de tierras de parte de colonos paragubernamentales, vinculados al gobernante\u00a0<strong>Frente Sandinista de Liberaci\u00f3n Nacional<\/strong>.<\/p>\n\n\n\n<p>Nicaragua, una de las naciones m\u00e1s pobres de Am\u00e9rica, aplica una rid\u00edcula Ley contra la Traici\u00f3n aprobada en diciembre 2020 por una Asamblea Nacional controlada por el oficialismo, y que provoc\u00f3&nbsp;<strong>la detenci\u00f3n de no menos de 7 candidatos presidenciales o vicepresidenciales<\/strong>&nbsp;para quienes se reclaman&nbsp;<strong>15 a\u00f1os de prisi\u00f3n<\/strong>.<\/p>\n\n\n\n<p>Otra prominente aspirante a la presidencia,\u00a0<strong>Christina Chamorro<\/strong>, hija de la ex presidenta<strong>\u00a0Violeta Chamorro<\/strong>, fue arrestada por cargos de<strong>\u00a0lavado de dinero<\/strong>.<\/p>\n\n\n\n<h2 class=\"wp-block-heading\">Cat\u00f3licos<\/h2>\n\n\n\n<p>En ese contexto paranoico de Ortega y su grupo,<strong>\u00a0los jesuitas temen una persecuci\u00f3n<\/strong>, tal como lo anticip\u00f3 el 30\/07 el propio Ortega durante el festejo de la fundaci\u00f3n de la Fuerza A\u00e9rea de Nicaragua, cuando en un discurso abundante en referencias b\u00edblicas, dijo:<\/p>\n\n\n\n<blockquote class=\"wp-block-quote has-text-align-center is-layout-flow wp-block-quote-is-layout-flow\"><p>\u00ab<strong>Ellos fueron los que se exiliaron, y cada d\u00eda se exilian m\u00e1s. Eran fariseos. Cristo los llam\u00f3 fariseos cuando los encontr\u00f3 en el templo y los sac\u00f3 a latigazos y los fariseos no han desaparecido, ah\u00ed est\u00e1n caminando con elegantes ropas y hablando como si fueran santos, el clero nicarag\u00fcense. No tienen ning\u00fan respeto por Cristo, ning\u00fan respeto por Dios\u00bb.<\/strong><\/p><\/blockquote>\n\n\n\n<p>La<strong>\u00a0Comisi\u00f3n de Justicia y Paz<\/strong>\u00a0de la\u00a0<strong>Arquidi\u00f3cesis de Managua<\/strong>\u00a0critic\u00f3 al gobierno de Ortega en un comunicado del 10\/08 por:<\/p>\n\n\n\n<ol class=\"wp-block-list\"><li>restringir la libertad de expresi\u00f3n,<\/li><li>encarcelar a los opositores,<\/li><li>restringir las visas de sacerdotes extranjeros en el pa\u00eds y<\/li><li>hacer que las elecciones libres y justas en noviembre sean casi imposibles.<\/li><\/ol>\n\n\n\n<p>Tambi\u00e9n acus\u00f3 a los Ortega de\u00a0<strong>gestionar mal tanto la pandemia de COVID-19<\/strong>\u00a0<strong>como la asistencia luego de los huracanes<\/strong>\u00a0que azotaron Centroam\u00e9rica en 2020.<\/p>\n\n\n\n<p>Algunos sacerdotes que proporcionaron refugio y asistencia m\u00e9dica a los manifestantes reprimidos y perseguidos en 2018, y fueron amenazados por las fuerzas parapoliciales. El obispo auxiliar de Managua,<strong>\u00a0Silvio B\u00e1ez<\/strong>, se convirti\u00f3 en el rostro de esas cr\u00edticas y una celebridad en Twitter.<\/p>\n\n\n\n<p>En 2019, una multitud de militantes oficialistas atac\u00f3 a cat\u00f3licos en Masaya. En tanto, personas no identificadas bombardearon una capilla en la catedral de la capital, Managua.&nbsp;<strong>El papa Francisco consider\u00f3 prudente llamar al Vaticano por tiempo indefinido al obispo B\u00e1ez.<\/strong><\/p>\n\n\n\n<p>Hasta ahora, seg\u00fan la revista America, el r\u00e9gimen a\u00fan no ha atacado f\u00edsicamente ni encarcelado a ning\u00fan sacerdote o alto funcionario eclesi\u00e1stico, pero\u00a0<strong>el padre Carlos Avil\u00e9s, vicario de la Arquidi\u00f3cesis de Managua, cree que es apenas cuesti\u00f3n de tiempo. <\/strong><\/p>\n\n\n\n<p><em><strong>\u201cNo creo que sea posible en absoluto tener elecciones. Casi no queda oposici\u00f3n, y lo poco que hay, est\u00e1 dividido en toda una serie de temas\u201d<\/strong><\/em>, dijo preocupado el padre Avil\u00e9s.<\/p>\n\n\n\n<p>Agreg\u00f3 que, a pesar del temor de ataques a la iglesia, los obispos y sacerdotes de Nicaragua est\u00e1n unidos en su oposici\u00f3n al r\u00e9gimen aunque: \u00ab<strong>Hay algunos sacerdotes que han decidido dejar de hablar en contra del gobierno<\/strong>\u00ab.<\/p>\n","protected":false},"excerpt":{"rendered":"<p>America, la revista de los jesuitas estadounidenses, explica que la Iglesia Cat\u00f3lica de Nicaragua teme una represi\u00f3n de Daniel Ortega.<\/p>\n","protected":false},"author":3,"featured_media":3823,"comment_status":"closed","ping_status":"open","sticky":false,"template":"","format":"standard","meta":{"_jetpack_memberships_contains_paid_content":false,"jnews-multi-image_gallery":[],"jnews_single_post":[],"jnews_primary_category":[],"jnews_override_bookmark_settings":[],"jnews_food_recipe":[],"enable_food_recipe":"","food_recipe_title":"","food_recipe_description":"","food_recipe_serve":"","food_recipe_time":"","food_recipe_prep":"","food_recipe_level":"","food_recipe_keywords":"","food_recipe_category":"","food_recipe_cuisine":"","food_recipe_yield":"","food_recipe_calories":"","enable_print_recipe":"","ingredient":[],"instruction":"","jnews_social_meta":[],"jnews_paywall_metabox":[],"jnews_review":[],"enable_review":"","type":"","name":"","summary":"","brand":"","sku":"","good":[],"bad":[],"score_override":"","override_value":"","rating":[],"price":[],"jnews_override_counter":[],"jnews_post_split":[],"jnews_podcast_option":[],"jnews_podcast_series":[],"footnotes":""},"categories":[33],"tags":[1171,831,1172],"jnews-series":[],"ppma_author":[830],"class_list":["post-3822","post","type-post","status-publish","format-standard","has-post-thumbnail","hentry","category-mundo","tag-daniel-ortega","tag-destacada","tag-nicaragua"],"yoast_head":"<!-- This site is optimized with the Yoast SEO plugin v27.5 - https:\/\/yoast.com\/product\/yoast-seo-wordpress\/ -->\n<title>NICARAGUA: Sacerdotes alertan sobre la persecuci\u00f3n de Daniel Ortega a los cat\u00f3licos - Informate Py Creemos en la libertad de expresi\u00f3n y en la capacidad de la gente de reflexionar\u00a0por\u00a0si\u00a0misma<\/title>\n<meta name=\"robots\" content=\"index, follow, max-snippet:-1, max-image-preview:large, max-video-preview:-1\" \/>\n<link rel=\"canonical\" href=\"https:\/\/informatepy.com\/2024\/2021\/08\/21\/nicaragua-sacerdotes-alertan-sobre-la-persecucion-de-daniel-ortega-a-los-catolicos\/\" \/>\n<meta property=\"og:locale\" content=\"es_ES\" \/>\n<meta property=\"og:type\" content=\"article\" \/>\n<meta property=\"og:title\" content=\"NICARAGUA: Sacerdotes alertan sobre la persecuci\u00f3n de Daniel Ortega a los cat\u00f3licos - Informate Py Creemos en la libertad de expresi\u00f3n y en la capacidad de la gente de reflexionar\u00a0por\u00a0si\u00a0misma\" \/>\n<meta property=\"og:description\" content=\"America, la revista de los jesuitas estadounidenses, explica que la Iglesia Cat\u00f3lica de Nicaragua teme una represi\u00f3n de Daniel Ortega.\" \/>\n<meta property=\"og:url\" content=\"https:\/\/informatepy.com\/2024\/2021\/08\/21\/nicaragua-sacerdotes-alertan-sobre-la-persecucion-de-daniel-ortega-a-los-catolicos\/\" \/>\n<meta property=\"og:site_name\" content=\"Informate Py Creemos en la libertad de expresi\u00f3n y en la capacidad de la gente de reflexionar\u00a0por\u00a0si\u00a0misma\" \/>\n<meta property=\"article:author\" content=\"https:\/\/www.facebook.com\/InformatePyCom\" \/>\n<meta property=\"article:published_time\" content=\"2021-08-21T16:59:00+00:00\" \/>\n<meta property=\"og:image\" content=\"https:\/\/i0.wp.com\/informatepy.com\/2024\/wp-content\/uploads\/2021\/08\/catolicos-nicaraguenses.jpg?fit=1201%2C740&ssl=1\" \/>\n\t<meta property=\"og:image:width\" content=\"1201\" \/>\n\t<meta property=\"og:image:height\" content=\"740\" \/>\n\t<meta property=\"og:image:type\" content=\"image\/jpeg\" \/>\n<meta name=\"author\" content=\"Redacci\u00f3n\" \/>\n<meta name=\"twitter:card\" content=\"summary_large_image\" \/>\n<meta name=\"twitter:creator\" content=\"@https:\/\/twitter.com\/InformatePy1\" \/>\n<meta name=\"twitter:label1\" content=\"Escrito por\" \/>\n\t<meta name=\"twitter:data1\" content=\"Redacci\u00f3n\" \/>\n\t<meta name=\"twitter:label2\" content=\"Tiempo de lectura\" \/>\n\t<meta name=\"twitter:data2\" content=\"3 minutos\" \/>\n<script type=\"application\/ld+json\" class=\"yoast-schema-graph\">{\"@context\":\"https:\\\/\\\/schema.org\",\"@graph\":[{\"@type\":\"Article\",\"@id\":\"https:\\\/\\\/informatepy.com\\\/2024\\\/2021\\\/08\\\/21\\\/nicaragua-sacerdotes-alertan-sobre-la-persecucion-de-daniel-ortega-a-los-catolicos\\\/#article\",\"isPartOf\":{\"@id\":\"https:\\\/\\\/informatepy.com\\\/2024\\\/2021\\\/08\\\/21\\\/nicaragua-sacerdotes-alertan-sobre-la-persecucion-de-daniel-ortega-a-los-catolicos\\\/\"},\"author\":{\"name\":\"Redacci\u00f3n\",\"@id\":\"https:\\\/\\\/informatepy.com\\\/2024\\\/#\\\/schema\\\/person\\\/98728344b91c548ef8544c80daf58463\"},\"headline\":\"NICARAGUA: Sacerdotes alertan sobre la persecuci\u00f3n de Daniel Ortega a los cat\u00f3licos\",\"datePublished\":\"2021-08-21T16:59:00+00:00\",\"mainEntityOfPage\":{\"@id\":\"https:\\\/\\\/informatepy.com\\\/2024\\\/2021\\\/08\\\/21\\\/nicaragua-sacerdotes-alertan-sobre-la-persecucion-de-daniel-ortega-a-los-catolicos\\\/\"},\"wordCount\":619,\"publisher\":{\"@id\":\"https:\\\/\\\/informatepy.com\\\/2024\\\/#organization\"},\"image\":{\"@id\":\"https:\\\/\\\/informatepy.com\\\/2024\\\/2021\\\/08\\\/21\\\/nicaragua-sacerdotes-alertan-sobre-la-persecucion-de-daniel-ortega-a-los-catolicos\\\/#primaryimage\"},\"thumbnailUrl\":\"https:\\\/\\\/i0.wp.com\\\/informatepy.com\\\/2024\\\/wp-content\\\/uploads\\\/2021\\\/08\\\/catolicos-nicaraguenses.jpg?fit=1201%2C740&ssl=1\",\"keywords\":[\"daniel ortega\",\"destacada\",\"nicaragua\"],\"articleSection\":[\"Mundo\"],\"inLanguage\":\"es\"},{\"@type\":\"WebPage\",\"@id\":\"https:\\\/\\\/informatepy.com\\\/2024\\\/2021\\\/08\\\/21\\\/nicaragua-sacerdotes-alertan-sobre-la-persecucion-de-daniel-ortega-a-los-catolicos\\\/\",\"url\":\"https:\\\/\\\/informatepy.com\\\/2024\\\/2021\\\/08\\\/21\\\/nicaragua-sacerdotes-alertan-sobre-la-persecucion-de-daniel-ortega-a-los-catolicos\\\/\",\"name\":\"NICARAGUA: Sacerdotes alertan sobre la persecuci\u00f3n de Daniel Ortega a los cat\u00f3licos - Informate Py Creemos en la libertad de expresi\u00f3n y en la capacidad de la gente de reflexionar\u00a0por\u00a0si\u00a0misma\",\"isPartOf\":{\"@id\":\"https:\\\/\\\/informatepy.com\\\/2024\\\/#website\"},\"primaryImageOfPage\":{\"@id\":\"https:\\\/\\\/informatepy.com\\\/2024\\\/2021\\\/08\\\/21\\\/nicaragua-sacerdotes-alertan-sobre-la-persecucion-de-daniel-ortega-a-los-catolicos\\\/#primaryimage\"},\"image\":{\"@id\":\"https:\\\/\\\/informatepy.com\\\/2024\\\/2021\\\/08\\\/21\\\/nicaragua-sacerdotes-alertan-sobre-la-persecucion-de-daniel-ortega-a-los-catolicos\\\/#primaryimage\"},\"thumbnailUrl\":\"https:\\\/\\\/i0.wp.com\\\/informatepy.com\\\/2024\\\/wp-content\\\/uploads\\\/2021\\\/08\\\/catolicos-nicaraguenses.jpg?fit=1201%2C740&ssl=1\",\"datePublished\":\"2021-08-21T16:59:00+00:00\",\"breadcrumb\":{\"@id\":\"https:\\\/\\\/informatepy.com\\\/2024\\\/2021\\\/08\\\/21\\\/nicaragua-sacerdotes-alertan-sobre-la-persecucion-de-daniel-ortega-a-los-catolicos\\\/#breadcrumb\"},\"inLanguage\":\"es\",\"potentialAction\":[{\"@type\":\"ReadAction\",\"target\":[\"https:\\\/\\\/informatepy.com\\\/2024\\\/2021\\\/08\\\/21\\\/nicaragua-sacerdotes-alertan-sobre-la-persecucion-de-daniel-ortega-a-los-catolicos\\\/\"]}]},{\"@type\":\"ImageObject\",\"inLanguage\":\"es\",\"@id\":\"https:\\\/\\\/informatepy.com\\\/2024\\\/2021\\\/08\\\/21\\\/nicaragua-sacerdotes-alertan-sobre-la-persecucion-de-daniel-ortega-a-los-catolicos\\\/#primaryimage\",\"url\":\"https:\\\/\\\/i0.wp.com\\\/informatepy.com\\\/2024\\\/wp-content\\\/uploads\\\/2021\\\/08\\\/catolicos-nicaraguenses.jpg?fit=1201%2C740&ssl=1\",\"contentUrl\":\"https:\\\/\\\/i0.wp.com\\\/informatepy.com\\\/2024\\\/wp-content\\\/uploads\\\/2021\\\/08\\\/catolicos-nicaraguenses.jpg?fit=1201%2C740&ssl=1\",\"width\":1201,\"height\":740},{\"@type\":\"BreadcrumbList\",\"@id\":\"https:\\\/\\\/informatepy.com\\\/2024\\\/2021\\\/08\\\/21\\\/nicaragua-sacerdotes-alertan-sobre-la-persecucion-de-daniel-ortega-a-los-catolicos\\\/#breadcrumb\",\"itemListElement\":[{\"@type\":\"ListItem\",\"position\":1,\"name\":\"Portada\",\"item\":\"https:\\\/\\\/informatepy.com\\\/2024\\\/\"},{\"@type\":\"ListItem\",\"position\":2,\"name\":\"NICARAGUA: Sacerdotes alertan sobre la persecuci\u00f3n de Daniel Ortega a los cat\u00f3licos\"}]},{\"@type\":\"WebSite\",\"@id\":\"https:\\\/\\\/informatepy.com\\\/2024\\\/#website\",\"url\":\"https:\\\/\\\/informatepy.com\\\/2024\\\/\",\"name\":\"Informate Py Creemos en la libertad de expresi\u00f3n y en la capacidad de la gente de reflexionar\u00a0por\u00a0si\u00a0misma\",\"description\":\"InformatePy\",\"publisher\":{\"@id\":\"https:\\\/\\\/informatepy.com\\\/2024\\\/#organization\"},\"potentialAction\":[{\"@type\":\"SearchAction\",\"target\":{\"@type\":\"EntryPoint\",\"urlTemplate\":\"https:\\\/\\\/informatepy.com\\\/2024\\\/?s={search_term_string}\"},\"query-input\":{\"@type\":\"PropertyValueSpecification\",\"valueRequired\":true,\"valueName\":\"search_term_string\"}}],\"inLanguage\":\"es\"},{\"@type\":\"Organization\",\"@id\":\"https:\\\/\\\/informatepy.com\\\/2024\\\/#organization\",\"name\":\"Informate Py Creemos en la libertad de expresi\u00f3n y en la capacidad de la gente de reflexionar\u00a0por\u00a0si\u00a0misma\",\"url\":\"https:\\\/\\\/informatepy.com\\\/2024\\\/\",\"logo\":{\"@type\":\"ImageObject\",\"inLanguage\":\"es\",\"@id\":\"https:\\\/\\\/informatepy.com\\\/2024\\\/#\\\/schema\\\/logo\\\/image\\\/\",\"url\":\"https:\\\/\\\/i0.wp.com\\\/informatepy.com\\\/2024\\\/wp-content\\\/uploads\\\/2024\\\/02\\\/Logotipo-sin-fondo-informate-py500.png?fit=500%2C94&ssl=1\",\"contentUrl\":\"https:\\\/\\\/i0.wp.com\\\/informatepy.com\\\/2024\\\/wp-content\\\/uploads\\\/2024\\\/02\\\/Logotipo-sin-fondo-informate-py500.png?fit=500%2C94&ssl=1\",\"width\":500,\"height\":94,\"caption\":\"Informate Py Creemos en la libertad de expresi\u00f3n y en la capacidad de la gente de reflexionar\u00a0por\u00a0si\u00a0misma\"},\"image\":{\"@id\":\"https:\\\/\\\/informatepy.com\\\/2024\\\/#\\\/schema\\\/logo\\\/image\\\/\"}},{\"@type\":\"Person\",\"@id\":\"https:\\\/\\\/informatepy.com\\\/2024\\\/#\\\/schema\\\/person\\\/98728344b91c548ef8544c80daf58463\",\"name\":\"Redacci\u00f3n\",\"image\":{\"@type\":\"ImageObject\",\"inLanguage\":\"es\",\"@id\":\"https:\\\/\\\/informatepy.com\\\/2024\\\/wp-content\\\/uploads\\\/2024\\\/02\\\/cropped-Isologo-sin-fondo.png9c354f01c536b2d49dbb929e96603401\",\"url\":\"https:\\\/\\\/informatepy.com\\\/2024\\\/wp-content\\\/uploads\\\/2024\\\/02\\\/cropped-Isologo-sin-fondo.png\",\"contentUrl\":\"https:\\\/\\\/informatepy.com\\\/2024\\\/wp-content\\\/uploads\\\/2024\\\/02\\\/cropped-Isologo-sin-fondo.png\",\"caption\":\"Redacci\u00f3n\"},\"sameAs\":[\"https:\\\/\\\/www.facebook.com\\\/InformatePyCom\",\"https:\\\/\\\/x.com\\\/https:\\\/\\\/twitter.com\\\/InformatePy1\"],\"url\":\"https:\\\/\\\/informatepy.com\\\/2024\\\/author\\\/redaccion\\\/\"}]}<\/script>\n<!-- \/ Yoast SEO plugin. -->","yoast_head_json":{"title":"NICARAGUA: Sacerdotes alertan sobre la persecuci\u00f3n de Daniel Ortega a los cat\u00f3licos - Informate Py Creemos en la libertad de expresi\u00f3n y en la capacidad de la gente de reflexionar\u00a0por\u00a0si\u00a0misma","robots":{"index":"index","follow":"follow","max-snippet":"max-snippet:-1","max-image-preview":"max-image-preview:large","max-video-preview":"max-video-preview:-1"},"canonical":"https:\/\/informatepy.com\/2024\/2021\/08\/21\/nicaragua-sacerdotes-alertan-sobre-la-persecucion-de-daniel-ortega-a-los-catolicos\/","og_locale":"es_ES","og_type":"article","og_title":"NICARAGUA: Sacerdotes alertan sobre la persecuci\u00f3n de Daniel Ortega a los cat\u00f3licos - Informate Py Creemos en la libertad de expresi\u00f3n y en la capacidad de la gente de reflexionar\u00a0por\u00a0si\u00a0misma","og_description":"America, la revista de los jesuitas estadounidenses, explica que la Iglesia Cat\u00f3lica de Nicaragua teme una represi\u00f3n de Daniel Ortega.","og_url":"https:\/\/informatepy.com\/2024\/2021\/08\/21\/nicaragua-sacerdotes-alertan-sobre-la-persecucion-de-daniel-ortega-a-los-catolicos\/","og_site_name":"Informate Py Creemos en la libertad de expresi\u00f3n y en la capacidad de la gente de reflexionar\u00a0por\u00a0si\u00a0misma","article_author":"https:\/\/www.facebook.com\/InformatePyCom","article_published_time":"2021-08-21T16:59:00+00:00","og_image":[{"width":1201,"height":740,"url":"https:\/\/i0.wp.com\/informatepy.com\/2024\/wp-content\/uploads\/2021\/08\/catolicos-nicaraguenses.jpg?fit=1201%2C740&ssl=1","type":"image\/jpeg"}],"author":"Redacci\u00f3n","twitter_card":"summary_large_image","twitter_creator":"@https:\/\/twitter.com\/InformatePy1","twitter_misc":{"Escrito por":"Redacci\u00f3n","Tiempo de lectura":"3 minutos"},"schema":{"@context":"https:\/\/schema.org","@graph":[{"@type":"Article","@id":"https:\/\/informatepy.com\/2024\/2021\/08\/21\/nicaragua-sacerdotes-alertan-sobre-la-persecucion-de-daniel-ortega-a-los-catolicos\/#article","isPartOf":{"@id":"https:\/\/informatepy.com\/2024\/2021\/08\/21\/nicaragua-sacerdotes-alertan-sobre-la-persecucion-de-daniel-ortega-a-los-catolicos\/"},"author":{"name":"Redacci\u00f3n","@id":"https:\/\/informatepy.com\/2024\/#\/schema\/person\/98728344b91c548ef8544c80daf58463"},"headline":"NICARAGUA: Sacerdotes alertan sobre la persecuci\u00f3n de Daniel Ortega a los cat\u00f3licos","datePublished":"2021-08-21T16:59:00+00:00","mainEntityOfPage":{"@id":"https:\/\/informatepy.com\/2024\/2021\/08\/21\/nicaragua-sacerdotes-alertan-sobre-la-persecucion-de-daniel-ortega-a-los-catolicos\/"},"wordCount":619,"publisher":{"@id":"https:\/\/informatepy.com\/2024\/#organization"},"image":{"@id":"https:\/\/informatepy.com\/2024\/2021\/08\/21\/nicaragua-sacerdotes-alertan-sobre-la-persecucion-de-daniel-ortega-a-los-catolicos\/#primaryimage"},"thumbnailUrl":"https:\/\/i0.wp.com\/informatepy.com\/2024\/wp-content\/uploads\/2021\/08\/catolicos-nicaraguenses.jpg?fit=1201%2C740&ssl=1","keywords":["daniel ortega","destacada","nicaragua"],"articleSection":["Mundo"],"inLanguage":"es"},{"@type":"WebPage","@id":"https:\/\/informatepy.com\/2024\/2021\/08\/21\/nicaragua-sacerdotes-alertan-sobre-la-persecucion-de-daniel-ortega-a-los-catolicos\/","url":"https:\/\/informatepy.com\/2024\/2021\/08\/21\/nicaragua-sacerdotes-alertan-sobre-la-persecucion-de-daniel-ortega-a-los-catolicos\/","name":"NICARAGUA: Sacerdotes alertan sobre la persecuci\u00f3n de Daniel Ortega a los cat\u00f3licos - Informate Py Creemos en la libertad de expresi\u00f3n y en la capacidad de la gente de reflexionar\u00a0por\u00a0si\u00a0misma","isPartOf":{"@id":"https:\/\/informatepy.com\/2024\/#website"},"primaryImageOfPage":{"@id":"https:\/\/informatepy.com\/2024\/2021\/08\/21\/nicaragua-sacerdotes-alertan-sobre-la-persecucion-de-daniel-ortega-a-los-catolicos\/#primaryimage"},"image":{"@id":"https:\/\/informatepy.com\/2024\/2021\/08\/21\/nicaragua-sacerdotes-alertan-sobre-la-persecucion-de-daniel-ortega-a-los-catolicos\/#primaryimage"},"thumbnailUrl":"https:\/\/i0.wp.com\/informatepy.com\/2024\/wp-content\/uploads\/2021\/08\/catolicos-nicaraguenses.jpg?fit=1201%2C740&ssl=1","datePublished":"2021-08-21T16:59:00+00:00","breadcrumb":{"@id":"https:\/\/informatepy.com\/2024\/2021\/08\/21\/nicaragua-sacerdotes-alertan-sobre-la-persecucion-de-daniel-ortega-a-los-catolicos\/#breadcrumb"},"inLanguage":"es","potentialAction":[{"@type":"ReadAction","target":["https:\/\/informatepy.com\/2024\/2021\/08\/21\/nicaragua-sacerdotes-alertan-sobre-la-persecucion-de-daniel-ortega-a-los-catolicos\/"]}]},{"@type":"ImageObject","inLanguage":"es","@id":"https:\/\/informatepy.com\/2024\/2021\/08\/21\/nicaragua-sacerdotes-alertan-sobre-la-persecucion-de-daniel-ortega-a-los-catolicos\/#primaryimage","url":"https:\/\/i0.wp.com\/informatepy.com\/2024\/wp-content\/uploads\/2021\/08\/catolicos-nicaraguenses.jpg?fit=1201%2C740&ssl=1","contentUrl":"https:\/\/i0.wp.com\/informatepy.com\/2024\/wp-content\/uploads\/2021\/08\/catolicos-nicaraguenses.jpg?fit=1201%2C740&ssl=1","width":1201,"height":740},{"@type":"BreadcrumbList","@id":"https:\/\/informatepy.com\/2024\/2021\/08\/21\/nicaragua-sacerdotes-alertan-sobre-la-persecucion-de-daniel-ortega-a-los-catolicos\/#breadcrumb","itemListElement":[{"@type":"ListItem","position":1,"name":"Portada","item":"https:\/\/informatepy.com\/2024\/"},{"@type":"ListItem","position":2,"name":"NICARAGUA: Sacerdotes alertan sobre la persecuci\u00f3n de Daniel Ortega a los cat\u00f3licos"}]},{"@type":"WebSite","@id":"https:\/\/informatepy.com\/2024\/#website","url":"https:\/\/informatepy.com\/2024\/","name":"Informate Py Creemos en la libertad de expresi\u00f3n y en la capacidad de la gente de reflexionar\u00a0por\u00a0si\u00a0misma","description":"InformatePy","publisher":{"@id":"https:\/\/informatepy.com\/2024\/#organization"},"potentialAction":[{"@type":"SearchAction","target":{"@type":"EntryPoint","urlTemplate":"https:\/\/informatepy.com\/2024\/?s={search_term_string}"},"query-input":{"@type":"PropertyValueSpecification","valueRequired":true,"valueName":"search_term_string"}}],"inLanguage":"es"},{"@type":"Organization","@id":"https:\/\/informatepy.com\/2024\/#organization","name":"Informate Py Creemos en la libertad de expresi\u00f3n y en la capacidad de la gente de reflexionar\u00a0por\u00a0si\u00a0misma","url":"https:\/\/informatepy.com\/2024\/","logo":{"@type":"ImageObject","inLanguage":"es","@id":"https:\/\/informatepy.com\/2024\/#\/schema\/logo\/image\/","url":"https:\/\/i0.wp.com\/informatepy.com\/2024\/wp-content\/uploads\/2024\/02\/Logotipo-sin-fondo-informate-py500.png?fit=500%2C94&ssl=1","contentUrl":"https:\/\/i0.wp.com\/informatepy.com\/2024\/wp-content\/uploads\/2024\/02\/Logotipo-sin-fondo-informate-py500.png?fit=500%2C94&ssl=1","width":500,"height":94,"caption":"Informate Py Creemos en la libertad de expresi\u00f3n y en la capacidad de la gente de reflexionar\u00a0por\u00a0si\u00a0misma"},"image":{"@id":"https:\/\/informatepy.com\/2024\/#\/schema\/logo\/image\/"}},{"@type":"Person","@id":"https:\/\/informatepy.com\/2024\/#\/schema\/person\/98728344b91c548ef8544c80daf58463","name":"Redacci\u00f3n","image":{"@type":"ImageObject","inLanguage":"es","@id":"https:\/\/informatepy.com\/2024\/wp-content\/uploads\/2024\/02\/cropped-Isologo-sin-fondo.png9c354f01c536b2d49dbb929e96603401","url":"https:\/\/informatepy.com\/2024\/wp-content\/uploads\/2024\/02\/cropped-Isologo-sin-fondo.png","contentUrl":"https:\/\/informatepy.com\/2024\/wp-content\/uploads\/2024\/02\/cropped-Isologo-sin-fondo.png","caption":"Redacci\u00f3n"},"sameAs":["https:\/\/www.facebook.com\/InformatePyCom","https:\/\/x.com\/https:\/\/twitter.com\/InformatePy1"],"url":"https:\/\/informatepy.com\/2024\/author\/redaccion\/"}]}},"jetpack_featured_media_url":"https:\/\/i0.wp.com\/informatepy.com\/2024\/wp-content\/uploads\/2021\/08\/catolicos-nicaraguenses.jpg?fit=1201%2C740&ssl=1","jetpack-related-posts":[],"jetpack_sharing_enabled":true,"authors":[{"term_id":830,"user_id":3,"is_guest":0,"slug":"redaccion","display_name":"Redacci\u00f3n","avatar_url":{"url":"https:\/\/informatepy.com\/2024\/wp-content\/uploads\/2024\/02\/cropped-Isologo-sin-fondo.png","url2x":"https:\/\/informatepy.com\/2024\/wp-content\/uploads\/2024\/02\/cropped-Isologo-sin-fondo.png"},"author_category":"1","first_name":"Redacci\u00f3n","last_name":"","user_url":"","job_title":"","description":""}],"_links":{"self":[{"href":"https:\/\/informatepy.com\/2024\/wp-json\/wp\/v2\/posts\/3822","targetHints":{"allow":["GET"]}}],"collection":[{"href":"https:\/\/informatepy.com\/2024\/wp-json\/wp\/v2\/posts"}],"about":[{"href":"https:\/\/informatepy.com\/2024\/wp-json\/wp\/v2\/types\/post"}],"author":[{"embeddable":true,"href":"https:\/\/informatepy.com\/2024\/wp-json\/wp\/v2\/users\/3"}],"replies":[{"embeddable":true,"href":"https:\/\/informatepy.com\/2024\/wp-json\/wp\/v2\/comments?post=3822"}],"version-history":[{"count":0,"href":"https:\/\/informatepy.com\/2024\/wp-json\/wp\/v2\/posts\/3822\/revisions"}],"wp:featuredmedia":[{"embeddable":true,"href":"https:\/\/informatepy.com\/2024\/wp-json\/wp\/v2\/media\/3823"}],"wp:attachment":[{"href":"https:\/\/informatepy.com\/2024\/wp-json\/wp\/v2\/media?parent=3822"}],"wp:term":[{"taxonomy":"category","embeddable":true,"href":"https:\/\/informatepy.com\/2024\/wp-json\/wp\/v2\/categories?post=3822"},{"taxonomy":"post_tag","embeddable":true,"href":"https:\/\/informatepy.com\/2024\/wp-json\/wp\/v2\/tags?post=3822"},{"taxonomy":"jnews-series","embeddable":true,"href":"https:\/\/informatepy.com\/2024\/wp-json\/wp\/v2\/jnews-series?post=3822"},{"taxonomy":"author","embeddable":true,"href":"https:\/\/informatepy.com\/2024\/wp-json\/wp\/v2\/ppma_author?post=3822"}],"curies":[{"name":"wp","href":"https:\/\/api.w.org\/{rel}","templated":true}]}}