{"id":38032,"date":"2026-04-01T10:26:02","date_gmt":"2026-04-01T13:26:02","guid":{"rendered":"https:\/\/informatepy.com\/2024\/?p=38032"},"modified":"2026-04-01T10:26:07","modified_gmt":"2026-04-01T13:26:07","slug":"trump-evalua-retirar-a-estados-unidos-de-la-otan","status":"publish","type":"post","link":"https:\/\/informatepy.com\/2024\/2026\/04\/01\/trump-evalua-retirar-a-estados-unidos-de-la-otan\/","title":{"rendered":"Trump eval\u00faa retirar a Estados Unidos de la OTAN"},"content":{"rendered":"\n<p><strong>En una entrevista concedida a\u00a0<em>The Telegraph<\/em>, el presidente de Estados Unidos,\u00a0Donald Trump, afirm\u00f3 que eval\u00faa seriamente la posibilidad de retirar a su pa\u00eds de la\u00a0OTAN.<\/strong><\/p>\n\n\n\n<p><strong>Trump<\/strong>\u00a0calific\u00f3 a la alianza como un<em><strong> \u00abtigre de papel\u00bb<\/strong><\/em> y asegur\u00f3 que la salida de\u00a0<strong>Estados Unidos<\/strong>\u00a0del pacto de defensa es ahora<strong><em> \u00abirreversible\u201c<\/em><\/strong>, seg\u00fan public\u00f3 el diario. Expres\u00f3 que desde hace tiempo mantiene dudas sobre la credibilidad de la\u00a0<strong>OTAN<\/strong>.<\/p>\n\n\n\n<blockquote class=\"wp-block-quote is-layout-flow wp-block-quote-is-layout-flow\">\n<p class=\"has-text-align-center\"><strong>\u201dNunca me dej\u00e9 convencer por la OTAN. Siempre supe que eran un tigre de papel, y Putin tambi\u00e9n lo sabe, por cierto\u201c<\/strong><\/p>\n<\/blockquote>\n\n\n\n<p>El mandatario cuestion\u00f3 la falta de respaldo de los aliados europeos y remarc\u00f3: <strong><em>\u00ab\u00bfPor qu\u00e9 estar\u00edamos para ellos si ellos no est\u00e1n para nosotros? No estuvieron all\u00ed para nosotros\u201c<\/em><\/strong>, recordando los desacuerdos que mantiene con los gobiernos europeos desde su regreso a la Casa Blanca en 2025.<\/p>\n","protected":false},"excerpt":{"rendered":"<p>En una entrevista concedida a\u00a0The Telegraph, el presidente de Estados Unidos,\u00a0Donald Trump, afirm\u00f3 que eval\u00faa seriamente la posibilidad de retirar a su pa\u00eds de la\u00a0OTAN. Trump\u00a0calific\u00f3 a la alianza como un \u00abtigre de papel\u00bb y asegur\u00f3 que la salida de\u00a0Estados Unidos\u00a0del pacto de defensa es ahora \u00abirreversible\u201c, seg\u00fan public\u00f3 el diario. Expres\u00f3 que desde hace [&hellip;]<\/p>\n","protected":false},"author":3,"featured_media":38033,"comment_status":"open","ping_status":"open","sticky":false,"template":"","format":"standard","meta":{"_jetpack_memberships_contains_paid_content":false,"jnews-multi-image_gallery":[],"jnews_single_post":{"format":"standard"},"jnews_primary_category":[],"jnews_override_bookmark_settings":[],"jnews_food_recipe":[],"enable_food_recipe":"","food_recipe_title":"","food_recipe_description":"","food_recipe_serve":"","food_recipe_time":"","food_recipe_prep":"","food_recipe_level":"","food_recipe_keywords":"","food_recipe_category":"","food_recipe_cuisine":"","food_recipe_yield":"","food_recipe_calories":"","enable_print_recipe":"","ingredient":[],"instruction":"","jnews_social_meta":[],"jnews_paywall_metabox":[],"jnews_review":[],"enable_review":"","type":"","name":"","summary":"","brand":"","sku":"","good":[],"bad":[],"score_override":"","override_value":"","rating":[],"price":[],"jnews_override_counter":[],"jnews_post_split":[],"jnews_podcast_option":[],"jnews_podcast_series":[],"footnotes":""},"categories":[33],"tags":[831,19,685,2401,2403,1169,95],"jnews-series":[],"ppma_author":[830],"class_list":["post-38032","post","type-post","status-publish","format-standard","has-post-thumbnail","hentry","category-mundo","tag-destacada","tag-donald-trump","tag-estados-unidos","tag-noticias-de-estados-unidos","tag-noticias-del-mundo","tag-otan","tag-trump"],"yoast_head":"<!-- This site is optimized with the Yoast SEO plugin v27.4 - https:\/\/yoast.com\/product\/yoast-seo-wordpress\/ -->\n<title>Trump eval\u00faa retirar a Estados Unidos de la OTAN - Informate Py Creemos en la libertad de expresi\u00f3n y en la capacidad de la gente de reflexionar\u00a0por\u00a0si\u00a0misma<\/title>\n<meta name=\"robots\" content=\"index, follow, max-snippet:-1, max-image-preview:large, max-video-preview:-1\" \/>\n<link rel=\"canonical\" href=\"https:\/\/informatepy.com\/2024\/2026\/04\/01\/trump-evalua-retirar-a-estados-unidos-de-la-otan\/\" \/>\n<meta property=\"og:locale\" content=\"es_ES\" \/>\n<meta property=\"og:type\" content=\"article\" \/>\n<meta property=\"og:title\" content=\"Trump eval\u00faa retirar a Estados Unidos de la OTAN - Informate Py Creemos en la libertad de expresi\u00f3n y en la capacidad de la gente de reflexionar\u00a0por\u00a0si\u00a0misma\" \/>\n<meta property=\"og:description\" content=\"En una entrevista concedida a\u00a0The Telegraph, el presidente de Estados Unidos,\u00a0Donald Trump, afirm\u00f3 que eval\u00faa seriamente la posibilidad de retirar a su pa\u00eds de la\u00a0OTAN. Trump\u00a0calific\u00f3 a la alianza como un \u00abtigre de papel\u00bb y asegur\u00f3 que la salida de\u00a0Estados Unidos\u00a0del pacto de defensa es ahora \u00abirreversible\u201c, seg\u00fan public\u00f3 el diario. Expres\u00f3 que desde hace [&hellip;]\" \/>\n<meta property=\"og:url\" content=\"https:\/\/informatepy.com\/2024\/2026\/04\/01\/trump-evalua-retirar-a-estados-unidos-de-la-otan\/\" \/>\n<meta property=\"og:site_name\" content=\"Informate Py Creemos en la libertad de expresi\u00f3n y en la capacidad de la gente de reflexionar\u00a0por\u00a0si\u00a0misma\" \/>\n<meta property=\"article:author\" content=\"https:\/\/www.facebook.com\/InformatePyCom\" \/>\n<meta property=\"article:published_time\" content=\"2026-04-01T13:26:02+00:00\" \/>\n<meta property=\"article:modified_time\" content=\"2026-04-01T13:26:07+00:00\" \/>\n<meta property=\"og:image\" content=\"https:\/\/informatepy.com\/2024\/wp-content\/uploads\/2026\/04\/trump-otan.jpg\" \/>\n\t<meta property=\"og:image:width\" content=\"1200\" \/>\n\t<meta property=\"og:image:height\" content=\"675\" \/>\n\t<meta property=\"og:image:type\" content=\"image\/jpeg\" \/>\n<meta name=\"author\" content=\"Redacci\u00f3n\" \/>\n<meta name=\"twitter:card\" content=\"summary_large_image\" \/>\n<meta name=\"twitter:creator\" content=\"@https:\/\/twitter.com\/InformatePy1\" \/>\n<meta name=\"twitter:label1\" content=\"Escrito por\" \/>\n\t<meta name=\"twitter:data1\" content=\"Redacci\u00f3n\" \/>\n\t<meta name=\"twitter:label2\" content=\"Tiempo de lectura\" \/>\n\t<meta name=\"twitter:data2\" content=\"1 minuto\" \/>\n<script type=\"application\/ld+json\" class=\"yoast-schema-graph\">{\"@context\":\"https:\\\/\\\/schema.org\",\"@graph\":[{\"@type\":\"Article\",\"@id\":\"https:\\\/\\\/informatepy.com\\\/2024\\\/2026\\\/04\\\/01\\\/trump-evalua-retirar-a-estados-unidos-de-la-otan\\\/#article\",\"isPartOf\":{\"@id\":\"https:\\\/\\\/informatepy.com\\\/2024\\\/2026\\\/04\\\/01\\\/trump-evalua-retirar-a-estados-unidos-de-la-otan\\\/\"},\"author\":{\"name\":\"Redacci\u00f3n\",\"@id\":\"https:\\\/\\\/informatepy.com\\\/2024\\\/#\\\/schema\\\/person\\\/98728344b91c548ef8544c80daf58463\"},\"headline\":\"Trump eval\u00faa retirar a Estados Unidos de la OTAN\",\"datePublished\":\"2026-04-01T13:26:02+00:00\",\"dateModified\":\"2026-04-01T13:26:07+00:00\",\"mainEntityOfPage\":{\"@id\":\"https:\\\/\\\/informatepy.com\\\/2024\\\/2026\\\/04\\\/01\\\/trump-evalua-retirar-a-estados-unidos-de-la-otan\\\/\"},\"wordCount\":154,\"commentCount\":0,\"publisher\":{\"@id\":\"https:\\\/\\\/informatepy.com\\\/2024\\\/#organization\"},\"image\":{\"@id\":\"https:\\\/\\\/informatepy.com\\\/2024\\\/2026\\\/04\\\/01\\\/trump-evalua-retirar-a-estados-unidos-de-la-otan\\\/#primaryimage\"},\"thumbnailUrl\":\"https:\\\/\\\/i0.wp.com\\\/informatepy.com\\\/2024\\\/wp-content\\\/uploads\\\/2026\\\/04\\\/trump-otan.jpg?fit=1200%2C675&ssl=1\",\"keywords\":[\"destacada\",\"Donald Trump\",\"estados unidos\",\"noticias de estados unidos\",\"noticias del mundo\",\"otan\",\"trump\"],\"articleSection\":[\"Mundo\"],\"inLanguage\":\"es\",\"potentialAction\":[{\"@type\":\"CommentAction\",\"name\":\"Comment\",\"target\":[\"https:\\\/\\\/informatepy.com\\\/2024\\\/2026\\\/04\\\/01\\\/trump-evalua-retirar-a-estados-unidos-de-la-otan\\\/#respond\"]}]},{\"@type\":\"WebPage\",\"@id\":\"https:\\\/\\\/informatepy.com\\\/2024\\\/2026\\\/04\\\/01\\\/trump-evalua-retirar-a-estados-unidos-de-la-otan\\\/\",\"url\":\"https:\\\/\\\/informatepy.com\\\/2024\\\/2026\\\/04\\\/01\\\/trump-evalua-retirar-a-estados-unidos-de-la-otan\\\/\",\"name\":\"Trump eval\u00faa retirar a Estados Unidos de la OTAN - Informate Py Creemos en la libertad de expresi\u00f3n y en la capacidad de la gente de reflexionar\u00a0por\u00a0si\u00a0misma\",\"isPartOf\":{\"@id\":\"https:\\\/\\\/informatepy.com\\\/2024\\\/#website\"},\"primaryImageOfPage\":{\"@id\":\"https:\\\/\\\/informatepy.com\\\/2024\\\/2026\\\/04\\\/01\\\/trump-evalua-retirar-a-estados-unidos-de-la-otan\\\/#primaryimage\"},\"image\":{\"@id\":\"https:\\\/\\\/informatepy.com\\\/2024\\\/2026\\\/04\\\/01\\\/trump-evalua-retirar-a-estados-unidos-de-la-otan\\\/#primaryimage\"},\"thumbnailUrl\":\"https:\\\/\\\/i0.wp.com\\\/informatepy.com\\\/2024\\\/wp-content\\\/uploads\\\/2026\\\/04\\\/trump-otan.jpg?fit=1200%2C675&ssl=1\",\"datePublished\":\"2026-04-01T13:26:02+00:00\",\"dateModified\":\"2026-04-01T13:26:07+00:00\",\"breadcrumb\":{\"@id\":\"https:\\\/\\\/informatepy.com\\\/2024\\\/2026\\\/04\\\/01\\\/trump-evalua-retirar-a-estados-unidos-de-la-otan\\\/#breadcrumb\"},\"inLanguage\":\"es\",\"potentialAction\":[{\"@type\":\"ReadAction\",\"target\":[\"https:\\\/\\\/informatepy.com\\\/2024\\\/2026\\\/04\\\/01\\\/trump-evalua-retirar-a-estados-unidos-de-la-otan\\\/\"]}]},{\"@type\":\"ImageObject\",\"inLanguage\":\"es\",\"@id\":\"https:\\\/\\\/informatepy.com\\\/2024\\\/2026\\\/04\\\/01\\\/trump-evalua-retirar-a-estados-unidos-de-la-otan\\\/#primaryimage\",\"url\":\"https:\\\/\\\/i0.wp.com\\\/informatepy.com\\\/2024\\\/wp-content\\\/uploads\\\/2026\\\/04\\\/trump-otan.jpg?fit=1200%2C675&ssl=1\",\"contentUrl\":\"https:\\\/\\\/i0.wp.com\\\/informatepy.com\\\/2024\\\/wp-content\\\/uploads\\\/2026\\\/04\\\/trump-otan.jpg?fit=1200%2C675&ssl=1\",\"width\":1200,\"height\":675},{\"@type\":\"BreadcrumbList\",\"@id\":\"https:\\\/\\\/informatepy.com\\\/2024\\\/2026\\\/04\\\/01\\\/trump-evalua-retirar-a-estados-unidos-de-la-otan\\\/#breadcrumb\",\"itemListElement\":[{\"@type\":\"ListItem\",\"position\":1,\"name\":\"Portada\",\"item\":\"https:\\\/\\\/informatepy.com\\\/2024\\\/\"},{\"@type\":\"ListItem\",\"position\":2,\"name\":\"Trump eval\u00faa retirar a Estados Unidos de la OTAN\"}]},{\"@type\":\"WebSite\",\"@id\":\"https:\\\/\\\/informatepy.com\\\/2024\\\/#website\",\"url\":\"https:\\\/\\\/informatepy.com\\\/2024\\\/\",\"name\":\"Informate Py Creemos en la libertad de expresi\u00f3n y en la capacidad de la gente de reflexionar\u00a0por\u00a0si\u00a0misma\",\"description\":\"InformatePy\",\"publisher\":{\"@id\":\"https:\\\/\\\/informatepy.com\\\/2024\\\/#organization\"},\"potentialAction\":[{\"@type\":\"SearchAction\",\"target\":{\"@type\":\"EntryPoint\",\"urlTemplate\":\"https:\\\/\\\/informatepy.com\\\/2024\\\/?s={search_term_string}\"},\"query-input\":{\"@type\":\"PropertyValueSpecification\",\"valueRequired\":true,\"valueName\":\"search_term_string\"}}],\"inLanguage\":\"es\"},{\"@type\":\"Organization\",\"@id\":\"https:\\\/\\\/informatepy.com\\\/2024\\\/#organization\",\"name\":\"Informate Py Creemos en la libertad de expresi\u00f3n y en la capacidad de la gente de reflexionar\u00a0por\u00a0si\u00a0misma\",\"url\":\"https:\\\/\\\/informatepy.com\\\/2024\\\/\",\"logo\":{\"@type\":\"ImageObject\",\"inLanguage\":\"es\",\"@id\":\"https:\\\/\\\/informatepy.com\\\/2024\\\/#\\\/schema\\\/logo\\\/image\\\/\",\"url\":\"https:\\\/\\\/i0.wp.com\\\/informatepy.com\\\/2024\\\/wp-content\\\/uploads\\\/2024\\\/02\\\/Logotipo-sin-fondo-informate-py500.png?fit=500%2C94&ssl=1\",\"contentUrl\":\"https:\\\/\\\/i0.wp.com\\\/informatepy.com\\\/2024\\\/wp-content\\\/uploads\\\/2024\\\/02\\\/Logotipo-sin-fondo-informate-py500.png?fit=500%2C94&ssl=1\",\"width\":500,\"height\":94,\"caption\":\"Informate Py Creemos en la libertad de expresi\u00f3n y en la capacidad de la gente de reflexionar\u00a0por\u00a0si\u00a0misma\"},\"image\":{\"@id\":\"https:\\\/\\\/informatepy.com\\\/2024\\\/#\\\/schema\\\/logo\\\/image\\\/\"}},{\"@type\":\"Person\",\"@id\":\"https:\\\/\\\/informatepy.com\\\/2024\\\/#\\\/schema\\\/person\\\/98728344b91c548ef8544c80daf58463\",\"name\":\"Redacci\u00f3n\",\"image\":{\"@type\":\"ImageObject\",\"inLanguage\":\"es\",\"@id\":\"https:\\\/\\\/informatepy.com\\\/2024\\\/wp-content\\\/uploads\\\/2024\\\/02\\\/cropped-Isologo-sin-fondo.png9c354f01c536b2d49dbb929e96603401\",\"url\":\"https:\\\/\\\/informatepy.com\\\/2024\\\/wp-content\\\/uploads\\\/2024\\\/02\\\/cropped-Isologo-sin-fondo.png\",\"contentUrl\":\"https:\\\/\\\/informatepy.com\\\/2024\\\/wp-content\\\/uploads\\\/2024\\\/02\\\/cropped-Isologo-sin-fondo.png\",\"caption\":\"Redacci\u00f3n\"},\"sameAs\":[\"https:\\\/\\\/www.facebook.com\\\/InformatePyCom\",\"https:\\\/\\\/x.com\\\/https:\\\/\\\/twitter.com\\\/InformatePy1\"],\"url\":\"https:\\\/\\\/informatepy.com\\\/2024\\\/author\\\/redaccion\\\/\"}]}<\/script>\n<!-- \/ Yoast SEO plugin. -->","yoast_head_json":{"title":"Trump eval\u00faa retirar a Estados Unidos de la OTAN - Informate Py Creemos en la libertad de expresi\u00f3n y en la capacidad de la gente de reflexionar\u00a0por\u00a0si\u00a0misma","robots":{"index":"index","follow":"follow","max-snippet":"max-snippet:-1","max-image-preview":"max-image-preview:large","max-video-preview":"max-video-preview:-1"},"canonical":"https:\/\/informatepy.com\/2024\/2026\/04\/01\/trump-evalua-retirar-a-estados-unidos-de-la-otan\/","og_locale":"es_ES","og_type":"article","og_title":"Trump eval\u00faa retirar a Estados Unidos de la OTAN - Informate Py Creemos en la libertad de expresi\u00f3n y en la capacidad de la gente de reflexionar\u00a0por\u00a0si\u00a0misma","og_description":"En una entrevista concedida a\u00a0The Telegraph, el presidente de Estados Unidos,\u00a0Donald Trump, afirm\u00f3 que eval\u00faa seriamente la posibilidad de retirar a su pa\u00eds de la\u00a0OTAN. Trump\u00a0calific\u00f3 a la alianza como un \u00abtigre de papel\u00bb y asegur\u00f3 que la salida de\u00a0Estados Unidos\u00a0del pacto de defensa es ahora \u00abirreversible\u201c, seg\u00fan public\u00f3 el diario. Expres\u00f3 que desde hace [&hellip;]","og_url":"https:\/\/informatepy.com\/2024\/2026\/04\/01\/trump-evalua-retirar-a-estados-unidos-de-la-otan\/","og_site_name":"Informate Py Creemos en la libertad de expresi\u00f3n y en la capacidad de la gente de reflexionar\u00a0por\u00a0si\u00a0misma","article_author":"https:\/\/www.facebook.com\/InformatePyCom","article_published_time":"2026-04-01T13:26:02+00:00","article_modified_time":"2026-04-01T13:26:07+00:00","og_image":[{"width":1200,"height":675,"url":"https:\/\/informatepy.com\/2024\/wp-content\/uploads\/2026\/04\/trump-otan.jpg","type":"image\/jpeg"}],"author":"Redacci\u00f3n","twitter_card":"summary_large_image","twitter_creator":"@https:\/\/twitter.com\/InformatePy1","twitter_misc":{"Escrito por":"Redacci\u00f3n","Tiempo de lectura":"1 minuto"},"schema":{"@context":"https:\/\/schema.org","@graph":[{"@type":"Article","@id":"https:\/\/informatepy.com\/2024\/2026\/04\/01\/trump-evalua-retirar-a-estados-unidos-de-la-otan\/#article","isPartOf":{"@id":"https:\/\/informatepy.com\/2024\/2026\/04\/01\/trump-evalua-retirar-a-estados-unidos-de-la-otan\/"},"author":{"name":"Redacci\u00f3n","@id":"https:\/\/informatepy.com\/2024\/#\/schema\/person\/98728344b91c548ef8544c80daf58463"},"headline":"Trump eval\u00faa retirar a Estados Unidos de la OTAN","datePublished":"2026-04-01T13:26:02+00:00","dateModified":"2026-04-01T13:26:07+00:00","mainEntityOfPage":{"@id":"https:\/\/informatepy.com\/2024\/2026\/04\/01\/trump-evalua-retirar-a-estados-unidos-de-la-otan\/"},"wordCount":154,"commentCount":0,"publisher":{"@id":"https:\/\/informatepy.com\/2024\/#organization"},"image":{"@id":"https:\/\/informatepy.com\/2024\/2026\/04\/01\/trump-evalua-retirar-a-estados-unidos-de-la-otan\/#primaryimage"},"thumbnailUrl":"https:\/\/i0.wp.com\/informatepy.com\/2024\/wp-content\/uploads\/2026\/04\/trump-otan.jpg?fit=1200%2C675&ssl=1","keywords":["destacada","Donald Trump","estados unidos","noticias de estados unidos","noticias del mundo","otan","trump"],"articleSection":["Mundo"],"inLanguage":"es","potentialAction":[{"@type":"CommentAction","name":"Comment","target":["https:\/\/informatepy.com\/2024\/2026\/04\/01\/trump-evalua-retirar-a-estados-unidos-de-la-otan\/#respond"]}]},{"@type":"WebPage","@id":"https:\/\/informatepy.com\/2024\/2026\/04\/01\/trump-evalua-retirar-a-estados-unidos-de-la-otan\/","url":"https:\/\/informatepy.com\/2024\/2026\/04\/01\/trump-evalua-retirar-a-estados-unidos-de-la-otan\/","name":"Trump eval\u00faa retirar a Estados Unidos de la OTAN - Informate Py Creemos en la libertad de expresi\u00f3n y en la capacidad de la gente de reflexionar\u00a0por\u00a0si\u00a0misma","isPartOf":{"@id":"https:\/\/informatepy.com\/2024\/#website"},"primaryImageOfPage":{"@id":"https:\/\/informatepy.com\/2024\/2026\/04\/01\/trump-evalua-retirar-a-estados-unidos-de-la-otan\/#primaryimage"},"image":{"@id":"https:\/\/informatepy.com\/2024\/2026\/04\/01\/trump-evalua-retirar-a-estados-unidos-de-la-otan\/#primaryimage"},"thumbnailUrl":"https:\/\/i0.wp.com\/informatepy.com\/2024\/wp-content\/uploads\/2026\/04\/trump-otan.jpg?fit=1200%2C675&ssl=1","datePublished":"2026-04-01T13:26:02+00:00","dateModified":"2026-04-01T13:26:07+00:00","breadcrumb":{"@id":"https:\/\/informatepy.com\/2024\/2026\/04\/01\/trump-evalua-retirar-a-estados-unidos-de-la-otan\/#breadcrumb"},"inLanguage":"es","potentialAction":[{"@type":"ReadAction","target":["https:\/\/informatepy.com\/2024\/2026\/04\/01\/trump-evalua-retirar-a-estados-unidos-de-la-otan\/"]}]},{"@type":"ImageObject","inLanguage":"es","@id":"https:\/\/informatepy.com\/2024\/2026\/04\/01\/trump-evalua-retirar-a-estados-unidos-de-la-otan\/#primaryimage","url":"https:\/\/i0.wp.com\/informatepy.com\/2024\/wp-content\/uploads\/2026\/04\/trump-otan.jpg?fit=1200%2C675&ssl=1","contentUrl":"https:\/\/i0.wp.com\/informatepy.com\/2024\/wp-content\/uploads\/2026\/04\/trump-otan.jpg?fit=1200%2C675&ssl=1","width":1200,"height":675},{"@type":"BreadcrumbList","@id":"https:\/\/informatepy.com\/2024\/2026\/04\/01\/trump-evalua-retirar-a-estados-unidos-de-la-otan\/#breadcrumb","itemListElement":[{"@type":"ListItem","position":1,"name":"Portada","item":"https:\/\/informatepy.com\/2024\/"},{"@type":"ListItem","position":2,"name":"Trump eval\u00faa retirar a Estados Unidos de la OTAN"}]},{"@type":"WebSite","@id":"https:\/\/informatepy.com\/2024\/#website","url":"https:\/\/informatepy.com\/2024\/","name":"Informate Py Creemos en la libertad de expresi\u00f3n y en la capacidad de la gente de reflexionar\u00a0por\u00a0si\u00a0misma","description":"InformatePy","publisher":{"@id":"https:\/\/informatepy.com\/2024\/#organization"},"potentialAction":[{"@type":"SearchAction","target":{"@type":"EntryPoint","urlTemplate":"https:\/\/informatepy.com\/2024\/?s={search_term_string}"},"query-input":{"@type":"PropertyValueSpecification","valueRequired":true,"valueName":"search_term_string"}}],"inLanguage":"es"},{"@type":"Organization","@id":"https:\/\/informatepy.com\/2024\/#organization","name":"Informate Py Creemos en la libertad de expresi\u00f3n y en la capacidad de la gente de reflexionar\u00a0por\u00a0si\u00a0misma","url":"https:\/\/informatepy.com\/2024\/","logo":{"@type":"ImageObject","inLanguage":"es","@id":"https:\/\/informatepy.com\/2024\/#\/schema\/logo\/image\/","url":"https:\/\/i0.wp.com\/informatepy.com\/2024\/wp-content\/uploads\/2024\/02\/Logotipo-sin-fondo-informate-py500.png?fit=500%2C94&ssl=1","contentUrl":"https:\/\/i0.wp.com\/informatepy.com\/2024\/wp-content\/uploads\/2024\/02\/Logotipo-sin-fondo-informate-py500.png?fit=500%2C94&ssl=1","width":500,"height":94,"caption":"Informate Py Creemos en la libertad de expresi\u00f3n y en la capacidad de la gente de reflexionar\u00a0por\u00a0si\u00a0misma"},"image":{"@id":"https:\/\/informatepy.com\/2024\/#\/schema\/logo\/image\/"}},{"@type":"Person","@id":"https:\/\/informatepy.com\/2024\/#\/schema\/person\/98728344b91c548ef8544c80daf58463","name":"Redacci\u00f3n","image":{"@type":"ImageObject","inLanguage":"es","@id":"https:\/\/informatepy.com\/2024\/wp-content\/uploads\/2024\/02\/cropped-Isologo-sin-fondo.png9c354f01c536b2d49dbb929e96603401","url":"https:\/\/informatepy.com\/2024\/wp-content\/uploads\/2024\/02\/cropped-Isologo-sin-fondo.png","contentUrl":"https:\/\/informatepy.com\/2024\/wp-content\/uploads\/2024\/02\/cropped-Isologo-sin-fondo.png","caption":"Redacci\u00f3n"},"sameAs":["https:\/\/www.facebook.com\/InformatePyCom","https:\/\/x.com\/https:\/\/twitter.com\/InformatePy1"],"url":"https:\/\/informatepy.com\/2024\/author\/redaccion\/"}]}},"jetpack_featured_media_url":"https:\/\/i0.wp.com\/informatepy.com\/2024\/wp-content\/uploads\/2026\/04\/trump-otan.jpg?fit=1200%2C675&ssl=1","jetpack-related-posts":[],"jetpack_sharing_enabled":true,"authors":[{"term_id":830,"user_id":3,"is_guest":0,"slug":"redaccion","display_name":"Redacci\u00f3n","avatar_url":{"url":"https:\/\/informatepy.com\/2024\/wp-content\/uploads\/2024\/02\/cropped-Isologo-sin-fondo.png","url2x":"https:\/\/informatepy.com\/2024\/wp-content\/uploads\/2024\/02\/cropped-Isologo-sin-fondo.png"},"author_category":"1","first_name":"Redacci\u00f3n","last_name":"","user_url":"","job_title":"","description":""}],"_links":{"self":[{"href":"https:\/\/informatepy.com\/2024\/wp-json\/wp\/v2\/posts\/38032","targetHints":{"allow":["GET"]}}],"collection":[{"href":"https:\/\/informatepy.com\/2024\/wp-json\/wp\/v2\/posts"}],"about":[{"href":"https:\/\/informatepy.com\/2024\/wp-json\/wp\/v2\/types\/post"}],"author":[{"embeddable":true,"href":"https:\/\/informatepy.com\/2024\/wp-json\/wp\/v2\/users\/3"}],"replies":[{"embeddable":true,"href":"https:\/\/informatepy.com\/2024\/wp-json\/wp\/v2\/comments?post=38032"}],"version-history":[{"count":1,"href":"https:\/\/informatepy.com\/2024\/wp-json\/wp\/v2\/posts\/38032\/revisions"}],"predecessor-version":[{"id":38034,"href":"https:\/\/informatepy.com\/2024\/wp-json\/wp\/v2\/posts\/38032\/revisions\/38034"}],"wp:featuredmedia":[{"embeddable":true,"href":"https:\/\/informatepy.com\/2024\/wp-json\/wp\/v2\/media\/38033"}],"wp:attachment":[{"href":"https:\/\/informatepy.com\/2024\/wp-json\/wp\/v2\/media?parent=38032"}],"wp:term":[{"taxonomy":"category","embeddable":true,"href":"https:\/\/informatepy.com\/2024\/wp-json\/wp\/v2\/categories?post=38032"},{"taxonomy":"post_tag","embeddable":true,"href":"https:\/\/informatepy.com\/2024\/wp-json\/wp\/v2\/tags?post=38032"},{"taxonomy":"jnews-series","embeddable":true,"href":"https:\/\/informatepy.com\/2024\/wp-json\/wp\/v2\/jnews-series?post=38032"},{"taxonomy":"author","embeddable":true,"href":"https:\/\/informatepy.com\/2024\/wp-json\/wp\/v2\/ppma_author?post=38032"}],"curies":[{"name":"wp","href":"https:\/\/api.w.org\/{rel}","templated":true}]}}