{"id":37988,"date":"2026-03-30T00:00:00","date_gmt":"2026-03-30T03:00:00","guid":{"rendered":"https:\/\/informatepy.com\/2024\/?p=37988"},"modified":"2026-03-29T19:34:04","modified_gmt":"2026-03-29T22:34:04","slug":"gobierno-anuncia-normalizacion-del-transporte-desde-las-400-y-advierte-sobre-sanciones-tras-el-paro","status":"publish","type":"post","link":"https:\/\/informatepy.com\/2024\/2026\/03\/30\/gobierno-anuncia-normalizacion-del-transporte-desde-las-400-y-advierte-sobre-sanciones-tras-el-paro\/","title":{"rendered":"Gobierno anuncia normalizaci\u00f3n del transporte desde las 4:00 y advierte sobre sanciones tras el paro"},"content":{"rendered":"\n<p>La ministra de Obras P\u00fablicas y Comunicaciones, Claudia Centuri\u00f3n, junto al viceministro de Transporte, Emiliano R. Fern\u00e1ndez, informaron que el servicio de transporte p\u00fablico se normalizar\u00e1 a partir de ma\u00f1ana a las 04:00, luego de la crisis generada por el paro impulsado por empresarios del sector.<\/p>\n\n\n\n<p>En conferencia, las autoridades buscaron llevar tranquilidad a la ciudadan\u00eda y fueron enf\u00e1ticas en un punto clave del conflicto: el Estado paraguayo se encuentra al d\u00eda con sus obligaciones. Seg\u00fan detallaron, ya fueron abonados los subsidios correspondientes a los meses de enero y febrero, mientras que el pago de marzo est\u00e1 previsto para los primeros d\u00edas de abril.<\/p>\n\n\n\n<p>Durante la reuni\u00f3n con los gremios, tambi\u00e9n se abordaron las inquietudes relacionadas con los coeficientes de las tarifas, uno de los ejes del reclamo empresarial. En ese marco, se acord\u00f3 establecer un calendario de fechas fijas para brindar mayor previsibilidad al sistema.<\/p>\n\n\n\n<p>No obstante, el Gobierno dej\u00f3 en claro que el paro no quedar\u00e1 sin consecuencias. Las autoridades se\u00f1alaron que se llevar\u00e1n a cabo las revisiones correspondientes y no se descartan amonestaciones o multas para las empresas que participaron de la medida de fuerza.<\/p>\n\n\n\n<p>De esta manera, mientras se encamina la reactivaci\u00f3n del servicio, el Ejecutivo busca marcar una doble se\u00f1al: garantizar la continuidad del transporte para la ciudadan\u00eda y, al mismo tiempo, imponer reglas claras ante un sector que volvi\u00f3 a poner en jaque a miles de usuarios.<\/p>\n","protected":false},"excerpt":{"rendered":"<p>La ministra de Obras P\u00fablicas y Comunicaciones, Claudia Centuri\u00f3n, junto al viceministro de Transporte, Emiliano R. Fern\u00e1ndez, informaron que el servicio de transporte p\u00fablico se normalizar\u00e1 a partir de ma\u00f1ana a las 04:00, luego de la crisis generada por el paro impulsado por empresarios del sector. En conferencia, las autoridades buscaron llevar tranquilidad a la [&hellip;]<\/p>\n","protected":false},"author":3,"featured_media":36167,"comment_status":"open","ping_status":"open","sticky":false,"template":"","format":"standard","meta":{"_jetpack_memberships_contains_paid_content":false,"jnews-multi-image_gallery":[],"jnews_single_post":{"format":"standard"},"jnews_primary_category":[],"jnews_override_bookmark_settings":[],"jnews_food_recipe":[],"enable_food_recipe":"","food_recipe_title":"","food_recipe_description":"","food_recipe_serve":"","food_recipe_time":"","food_recipe_prep":"","food_recipe_level":"","food_recipe_keywords":"","food_recipe_category":"","food_recipe_cuisine":"","food_recipe_yield":"","food_recipe_calories":"","enable_print_recipe":"","ingredient":[],"instruction":"","jnews_social_meta":[],"jnews_paywall_metabox":[],"jnews_review":[],"enable_review":"","type":"","name":"","summary":"","brand":"","sku":"","good":[],"bad":[],"score_override":"","override_value":"","rating":[],"price":[],"jnews_override_counter":[],"jnews_post_split":[],"jnews_podcast_option":[],"jnews_podcast_series":[],"footnotes":""},"categories":[34],"tags":[1966,831,1879,320,2359,993,451],"jnews-series":[],"ppma_author":[830],"class_list":["post-37988","post","type-post","status-publish","format-standard","has-post-thumbnail","hentry","category-nacionales","tag-claudia-centurion","tag-destacada","tag-ministerio-de-obras-publicas","tag-mopc","tag-noticias-de-paraguay","tag-transporte","tag-transporte-publico"],"yoast_head":"<!-- This site is optimized with the Yoast SEO plugin v27.4 - https:\/\/yoast.com\/product\/yoast-seo-wordpress\/ -->\n<title>Gobierno anuncia normalizaci\u00f3n del transporte desde las 4:00 y advierte sobre sanciones tras el paro - Informate Py Creemos en la libertad de expresi\u00f3n y en la capacidad de la gente de reflexionar\u00a0por\u00a0si\u00a0misma<\/title>\n<meta name=\"robots\" content=\"index, follow, max-snippet:-1, max-image-preview:large, max-video-preview:-1\" \/>\n<link rel=\"canonical\" href=\"https:\/\/informatepy.com\/2024\/2026\/03\/30\/gobierno-anuncia-normalizacion-del-transporte-desde-las-400-y-advierte-sobre-sanciones-tras-el-paro\/\" \/>\n<meta property=\"og:locale\" content=\"es_ES\" \/>\n<meta property=\"og:type\" content=\"article\" \/>\n<meta property=\"og:title\" content=\"Gobierno anuncia normalizaci\u00f3n del transporte desde las 4:00 y advierte sobre sanciones tras el paro - Informate Py Creemos en la libertad de expresi\u00f3n y en la capacidad de la gente de reflexionar\u00a0por\u00a0si\u00a0misma\" \/>\n<meta property=\"og:description\" content=\"La ministra de Obras P\u00fablicas y Comunicaciones, Claudia Centuri\u00f3n, junto al viceministro de Transporte, Emiliano R. Fern\u00e1ndez, informaron que el servicio de transporte p\u00fablico se normalizar\u00e1 a partir de ma\u00f1ana a las 04:00, luego de la crisis generada por el paro impulsado por empresarios del sector. En conferencia, las autoridades buscaron llevar tranquilidad a la [&hellip;]\" \/>\n<meta property=\"og:url\" content=\"https:\/\/informatepy.com\/2024\/2026\/03\/30\/gobierno-anuncia-normalizacion-del-transporte-desde-las-400-y-advierte-sobre-sanciones-tras-el-paro\/\" \/>\n<meta property=\"og:site_name\" content=\"Informate Py Creemos en la libertad de expresi\u00f3n y en la capacidad de la gente de reflexionar\u00a0por\u00a0si\u00a0misma\" \/>\n<meta property=\"article:author\" content=\"https:\/\/www.facebook.com\/InformatePyCom\" \/>\n<meta property=\"article:published_time\" content=\"2026-03-30T03:00:00+00:00\" \/>\n<meta property=\"og:image\" content=\"https:\/\/i0.wp.com\/informatepy.com\/2024\/wp-content\/uploads\/2025\/12\/transporte-publico.jpg?fit=1200%2C673&ssl=1\" \/>\n\t<meta property=\"og:image:width\" content=\"1200\" \/>\n\t<meta property=\"og:image:height\" content=\"673\" \/>\n\t<meta property=\"og:image:type\" content=\"image\/jpeg\" \/>\n<meta name=\"author\" content=\"Redacci\u00f3n\" \/>\n<meta name=\"twitter:card\" content=\"summary_large_image\" \/>\n<meta name=\"twitter:creator\" content=\"@https:\/\/twitter.com\/InformatePy1\" \/>\n<meta name=\"twitter:label1\" content=\"Escrito por\" \/>\n\t<meta name=\"twitter:data1\" content=\"Redacci\u00f3n\" \/>\n\t<meta name=\"twitter:label2\" content=\"Tiempo de lectura\" \/>\n\t<meta name=\"twitter:data2\" content=\"2 minutos\" \/>\n<script type=\"application\/ld+json\" class=\"yoast-schema-graph\">{\"@context\":\"https:\\\/\\\/schema.org\",\"@graph\":[{\"@type\":\"Article\",\"@id\":\"https:\\\/\\\/informatepy.com\\\/2024\\\/2026\\\/03\\\/30\\\/gobierno-anuncia-normalizacion-del-transporte-desde-las-400-y-advierte-sobre-sanciones-tras-el-paro\\\/#article\",\"isPartOf\":{\"@id\":\"https:\\\/\\\/informatepy.com\\\/2024\\\/2026\\\/03\\\/30\\\/gobierno-anuncia-normalizacion-del-transporte-desde-las-400-y-advierte-sobre-sanciones-tras-el-paro\\\/\"},\"author\":{\"name\":\"Redacci\u00f3n\",\"@id\":\"https:\\\/\\\/informatepy.com\\\/2024\\\/#\\\/schema\\\/person\\\/98728344b91c548ef8544c80daf58463\"},\"headline\":\"Gobierno anuncia normalizaci\u00f3n del transporte desde las 4:00 y advierte sobre sanciones tras el paro\",\"datePublished\":\"2026-03-30T03:00:00+00:00\",\"mainEntityOfPage\":{\"@id\":\"https:\\\/\\\/informatepy.com\\\/2024\\\/2026\\\/03\\\/30\\\/gobierno-anuncia-normalizacion-del-transporte-desde-las-400-y-advierte-sobre-sanciones-tras-el-paro\\\/\"},\"wordCount\":264,\"commentCount\":0,\"publisher\":{\"@id\":\"https:\\\/\\\/informatepy.com\\\/2024\\\/#organization\"},\"image\":{\"@id\":\"https:\\\/\\\/informatepy.com\\\/2024\\\/2026\\\/03\\\/30\\\/gobierno-anuncia-normalizacion-del-transporte-desde-las-400-y-advierte-sobre-sanciones-tras-el-paro\\\/#primaryimage\"},\"thumbnailUrl\":\"https:\\\/\\\/i0.wp.com\\\/informatepy.com\\\/2024\\\/wp-content\\\/uploads\\\/2025\\\/12\\\/transporte-publico.jpg?fit=1200%2C673&ssl=1\",\"keywords\":[\"claudia centurion\",\"destacada\",\"ministerio de obras publicas\",\"mopc\",\"noticias de paraguay\",\"transporte\",\"transporte publico\"],\"articleSection\":[\"Nacionales\"],\"inLanguage\":\"es\",\"potentialAction\":[{\"@type\":\"CommentAction\",\"name\":\"Comment\",\"target\":[\"https:\\\/\\\/informatepy.com\\\/2024\\\/2026\\\/03\\\/30\\\/gobierno-anuncia-normalizacion-del-transporte-desde-las-400-y-advierte-sobre-sanciones-tras-el-paro\\\/#respond\"]}]},{\"@type\":\"WebPage\",\"@id\":\"https:\\\/\\\/informatepy.com\\\/2024\\\/2026\\\/03\\\/30\\\/gobierno-anuncia-normalizacion-del-transporte-desde-las-400-y-advierte-sobre-sanciones-tras-el-paro\\\/\",\"url\":\"https:\\\/\\\/informatepy.com\\\/2024\\\/2026\\\/03\\\/30\\\/gobierno-anuncia-normalizacion-del-transporte-desde-las-400-y-advierte-sobre-sanciones-tras-el-paro\\\/\",\"name\":\"Gobierno anuncia normalizaci\u00f3n del transporte desde las 4:00 y advierte sobre sanciones tras el paro - Informate Py Creemos en la libertad de expresi\u00f3n y en la capacidad de la gente de reflexionar\u00a0por\u00a0si\u00a0misma\",\"isPartOf\":{\"@id\":\"https:\\\/\\\/informatepy.com\\\/2024\\\/#website\"},\"primaryImageOfPage\":{\"@id\":\"https:\\\/\\\/informatepy.com\\\/2024\\\/2026\\\/03\\\/30\\\/gobierno-anuncia-normalizacion-del-transporte-desde-las-400-y-advierte-sobre-sanciones-tras-el-paro\\\/#primaryimage\"},\"image\":{\"@id\":\"https:\\\/\\\/informatepy.com\\\/2024\\\/2026\\\/03\\\/30\\\/gobierno-anuncia-normalizacion-del-transporte-desde-las-400-y-advierte-sobre-sanciones-tras-el-paro\\\/#primaryimage\"},\"thumbnailUrl\":\"https:\\\/\\\/i0.wp.com\\\/informatepy.com\\\/2024\\\/wp-content\\\/uploads\\\/2025\\\/12\\\/transporte-publico.jpg?fit=1200%2C673&ssl=1\",\"datePublished\":\"2026-03-30T03:00:00+00:00\",\"breadcrumb\":{\"@id\":\"https:\\\/\\\/informatepy.com\\\/2024\\\/2026\\\/03\\\/30\\\/gobierno-anuncia-normalizacion-del-transporte-desde-las-400-y-advierte-sobre-sanciones-tras-el-paro\\\/#breadcrumb\"},\"inLanguage\":\"es\",\"potentialAction\":[{\"@type\":\"ReadAction\",\"target\":[\"https:\\\/\\\/informatepy.com\\\/2024\\\/2026\\\/03\\\/30\\\/gobierno-anuncia-normalizacion-del-transporte-desde-las-400-y-advierte-sobre-sanciones-tras-el-paro\\\/\"]}]},{\"@type\":\"ImageObject\",\"inLanguage\":\"es\",\"@id\":\"https:\\\/\\\/informatepy.com\\\/2024\\\/2026\\\/03\\\/30\\\/gobierno-anuncia-normalizacion-del-transporte-desde-las-400-y-advierte-sobre-sanciones-tras-el-paro\\\/#primaryimage\",\"url\":\"https:\\\/\\\/i0.wp.com\\\/informatepy.com\\\/2024\\\/wp-content\\\/uploads\\\/2025\\\/12\\\/transporte-publico.jpg?fit=1200%2C673&ssl=1\",\"contentUrl\":\"https:\\\/\\\/i0.wp.com\\\/informatepy.com\\\/2024\\\/wp-content\\\/uploads\\\/2025\\\/12\\\/transporte-publico.jpg?fit=1200%2C673&ssl=1\",\"width\":1200,\"height\":673,\"caption\":\"Foto Ministerio de Obras P\u00fablicas y Comunicaciones\"},{\"@type\":\"BreadcrumbList\",\"@id\":\"https:\\\/\\\/informatepy.com\\\/2024\\\/2026\\\/03\\\/30\\\/gobierno-anuncia-normalizacion-del-transporte-desde-las-400-y-advierte-sobre-sanciones-tras-el-paro\\\/#breadcrumb\",\"itemListElement\":[{\"@type\":\"ListItem\",\"position\":1,\"name\":\"Portada\",\"item\":\"https:\\\/\\\/informatepy.com\\\/2024\\\/\"},{\"@type\":\"ListItem\",\"position\":2,\"name\":\"Gobierno anuncia normalizaci\u00f3n del transporte desde las 4:00 y advierte sobre sanciones tras el paro\"}]},{\"@type\":\"WebSite\",\"@id\":\"https:\\\/\\\/informatepy.com\\\/2024\\\/#website\",\"url\":\"https:\\\/\\\/informatepy.com\\\/2024\\\/\",\"name\":\"Informate Py Creemos en la libertad de expresi\u00f3n y en la capacidad de la gente de reflexionar\u00a0por\u00a0si\u00a0misma\",\"description\":\"InformatePy\",\"publisher\":{\"@id\":\"https:\\\/\\\/informatepy.com\\\/2024\\\/#organization\"},\"potentialAction\":[{\"@type\":\"SearchAction\",\"target\":{\"@type\":\"EntryPoint\",\"urlTemplate\":\"https:\\\/\\\/informatepy.com\\\/2024\\\/?s={search_term_string}\"},\"query-input\":{\"@type\":\"PropertyValueSpecification\",\"valueRequired\":true,\"valueName\":\"search_term_string\"}}],\"inLanguage\":\"es\"},{\"@type\":\"Organization\",\"@id\":\"https:\\\/\\\/informatepy.com\\\/2024\\\/#organization\",\"name\":\"Informate Py Creemos en la libertad de expresi\u00f3n y en la capacidad de la gente de reflexionar\u00a0por\u00a0si\u00a0misma\",\"url\":\"https:\\\/\\\/informatepy.com\\\/2024\\\/\",\"logo\":{\"@type\":\"ImageObject\",\"inLanguage\":\"es\",\"@id\":\"https:\\\/\\\/informatepy.com\\\/2024\\\/#\\\/schema\\\/logo\\\/image\\\/\",\"url\":\"https:\\\/\\\/i0.wp.com\\\/informatepy.com\\\/2024\\\/wp-content\\\/uploads\\\/2024\\\/02\\\/Logotipo-sin-fondo-informate-py500.png?fit=500%2C94&ssl=1\",\"contentUrl\":\"https:\\\/\\\/i0.wp.com\\\/informatepy.com\\\/2024\\\/wp-content\\\/uploads\\\/2024\\\/02\\\/Logotipo-sin-fondo-informate-py500.png?fit=500%2C94&ssl=1\",\"width\":500,\"height\":94,\"caption\":\"Informate Py Creemos en la libertad de expresi\u00f3n y en la capacidad de la gente de reflexionar\u00a0por\u00a0si\u00a0misma\"},\"image\":{\"@id\":\"https:\\\/\\\/informatepy.com\\\/2024\\\/#\\\/schema\\\/logo\\\/image\\\/\"}},{\"@type\":\"Person\",\"@id\":\"https:\\\/\\\/informatepy.com\\\/2024\\\/#\\\/schema\\\/person\\\/98728344b91c548ef8544c80daf58463\",\"name\":\"Redacci\u00f3n\",\"image\":{\"@type\":\"ImageObject\",\"inLanguage\":\"es\",\"@id\":\"https:\\\/\\\/informatepy.com\\\/2024\\\/wp-content\\\/uploads\\\/2024\\\/02\\\/cropped-Isologo-sin-fondo.png9c354f01c536b2d49dbb929e96603401\",\"url\":\"https:\\\/\\\/informatepy.com\\\/2024\\\/wp-content\\\/uploads\\\/2024\\\/02\\\/cropped-Isologo-sin-fondo.png\",\"contentUrl\":\"https:\\\/\\\/informatepy.com\\\/2024\\\/wp-content\\\/uploads\\\/2024\\\/02\\\/cropped-Isologo-sin-fondo.png\",\"caption\":\"Redacci\u00f3n\"},\"sameAs\":[\"https:\\\/\\\/www.facebook.com\\\/InformatePyCom\",\"https:\\\/\\\/x.com\\\/https:\\\/\\\/twitter.com\\\/InformatePy1\"],\"url\":\"https:\\\/\\\/informatepy.com\\\/2024\\\/author\\\/redaccion\\\/\"}]}<\/script>\n<!-- \/ Yoast SEO plugin. -->","yoast_head_json":{"title":"Gobierno anuncia normalizaci\u00f3n del transporte desde las 4:00 y advierte sobre sanciones tras el paro - Informate Py Creemos en la libertad de expresi\u00f3n y en la capacidad de la gente de reflexionar\u00a0por\u00a0si\u00a0misma","robots":{"index":"index","follow":"follow","max-snippet":"max-snippet:-1","max-image-preview":"max-image-preview:large","max-video-preview":"max-video-preview:-1"},"canonical":"https:\/\/informatepy.com\/2024\/2026\/03\/30\/gobierno-anuncia-normalizacion-del-transporte-desde-las-400-y-advierte-sobre-sanciones-tras-el-paro\/","og_locale":"es_ES","og_type":"article","og_title":"Gobierno anuncia normalizaci\u00f3n del transporte desde las 4:00 y advierte sobre sanciones tras el paro - Informate Py Creemos en la libertad de expresi\u00f3n y en la capacidad de la gente de reflexionar\u00a0por\u00a0si\u00a0misma","og_description":"La ministra de Obras P\u00fablicas y Comunicaciones, Claudia Centuri\u00f3n, junto al viceministro de Transporte, Emiliano R. Fern\u00e1ndez, informaron que el servicio de transporte p\u00fablico se normalizar\u00e1 a partir de ma\u00f1ana a las 04:00, luego de la crisis generada por el paro impulsado por empresarios del sector. En conferencia, las autoridades buscaron llevar tranquilidad a la [&hellip;]","og_url":"https:\/\/informatepy.com\/2024\/2026\/03\/30\/gobierno-anuncia-normalizacion-del-transporte-desde-las-400-y-advierte-sobre-sanciones-tras-el-paro\/","og_site_name":"Informate Py Creemos en la libertad de expresi\u00f3n y en la capacidad de la gente de reflexionar\u00a0por\u00a0si\u00a0misma","article_author":"https:\/\/www.facebook.com\/InformatePyCom","article_published_time":"2026-03-30T03:00:00+00:00","og_image":[{"width":1200,"height":673,"url":"https:\/\/i0.wp.com\/informatepy.com\/2024\/wp-content\/uploads\/2025\/12\/transporte-publico.jpg?fit=1200%2C673&ssl=1","type":"image\/jpeg"}],"author":"Redacci\u00f3n","twitter_card":"summary_large_image","twitter_creator":"@https:\/\/twitter.com\/InformatePy1","twitter_misc":{"Escrito por":"Redacci\u00f3n","Tiempo de lectura":"2 minutos"},"schema":{"@context":"https:\/\/schema.org","@graph":[{"@type":"Article","@id":"https:\/\/informatepy.com\/2024\/2026\/03\/30\/gobierno-anuncia-normalizacion-del-transporte-desde-las-400-y-advierte-sobre-sanciones-tras-el-paro\/#article","isPartOf":{"@id":"https:\/\/informatepy.com\/2024\/2026\/03\/30\/gobierno-anuncia-normalizacion-del-transporte-desde-las-400-y-advierte-sobre-sanciones-tras-el-paro\/"},"author":{"name":"Redacci\u00f3n","@id":"https:\/\/informatepy.com\/2024\/#\/schema\/person\/98728344b91c548ef8544c80daf58463"},"headline":"Gobierno anuncia normalizaci\u00f3n del transporte desde las 4:00 y advierte sobre sanciones tras el paro","datePublished":"2026-03-30T03:00:00+00:00","mainEntityOfPage":{"@id":"https:\/\/informatepy.com\/2024\/2026\/03\/30\/gobierno-anuncia-normalizacion-del-transporte-desde-las-400-y-advierte-sobre-sanciones-tras-el-paro\/"},"wordCount":264,"commentCount":0,"publisher":{"@id":"https:\/\/informatepy.com\/2024\/#organization"},"image":{"@id":"https:\/\/informatepy.com\/2024\/2026\/03\/30\/gobierno-anuncia-normalizacion-del-transporte-desde-las-400-y-advierte-sobre-sanciones-tras-el-paro\/#primaryimage"},"thumbnailUrl":"https:\/\/i0.wp.com\/informatepy.com\/2024\/wp-content\/uploads\/2025\/12\/transporte-publico.jpg?fit=1200%2C673&ssl=1","keywords":["claudia centurion","destacada","ministerio de obras publicas","mopc","noticias de paraguay","transporte","transporte publico"],"articleSection":["Nacionales"],"inLanguage":"es","potentialAction":[{"@type":"CommentAction","name":"Comment","target":["https:\/\/informatepy.com\/2024\/2026\/03\/30\/gobierno-anuncia-normalizacion-del-transporte-desde-las-400-y-advierte-sobre-sanciones-tras-el-paro\/#respond"]}]},{"@type":"WebPage","@id":"https:\/\/informatepy.com\/2024\/2026\/03\/30\/gobierno-anuncia-normalizacion-del-transporte-desde-las-400-y-advierte-sobre-sanciones-tras-el-paro\/","url":"https:\/\/informatepy.com\/2024\/2026\/03\/30\/gobierno-anuncia-normalizacion-del-transporte-desde-las-400-y-advierte-sobre-sanciones-tras-el-paro\/","name":"Gobierno anuncia normalizaci\u00f3n del transporte desde las 4:00 y advierte sobre sanciones tras el paro - Informate Py Creemos en la libertad de expresi\u00f3n y en la capacidad de la gente de reflexionar\u00a0por\u00a0si\u00a0misma","isPartOf":{"@id":"https:\/\/informatepy.com\/2024\/#website"},"primaryImageOfPage":{"@id":"https:\/\/informatepy.com\/2024\/2026\/03\/30\/gobierno-anuncia-normalizacion-del-transporte-desde-las-400-y-advierte-sobre-sanciones-tras-el-paro\/#primaryimage"},"image":{"@id":"https:\/\/informatepy.com\/2024\/2026\/03\/30\/gobierno-anuncia-normalizacion-del-transporte-desde-las-400-y-advierte-sobre-sanciones-tras-el-paro\/#primaryimage"},"thumbnailUrl":"https:\/\/i0.wp.com\/informatepy.com\/2024\/wp-content\/uploads\/2025\/12\/transporte-publico.jpg?fit=1200%2C673&ssl=1","datePublished":"2026-03-30T03:00:00+00:00","breadcrumb":{"@id":"https:\/\/informatepy.com\/2024\/2026\/03\/30\/gobierno-anuncia-normalizacion-del-transporte-desde-las-400-y-advierte-sobre-sanciones-tras-el-paro\/#breadcrumb"},"inLanguage":"es","potentialAction":[{"@type":"ReadAction","target":["https:\/\/informatepy.com\/2024\/2026\/03\/30\/gobierno-anuncia-normalizacion-del-transporte-desde-las-400-y-advierte-sobre-sanciones-tras-el-paro\/"]}]},{"@type":"ImageObject","inLanguage":"es","@id":"https:\/\/informatepy.com\/2024\/2026\/03\/30\/gobierno-anuncia-normalizacion-del-transporte-desde-las-400-y-advierte-sobre-sanciones-tras-el-paro\/#primaryimage","url":"https:\/\/i0.wp.com\/informatepy.com\/2024\/wp-content\/uploads\/2025\/12\/transporte-publico.jpg?fit=1200%2C673&ssl=1","contentUrl":"https:\/\/i0.wp.com\/informatepy.com\/2024\/wp-content\/uploads\/2025\/12\/transporte-publico.jpg?fit=1200%2C673&ssl=1","width":1200,"height":673,"caption":"Foto Ministerio de Obras P\u00fablicas y Comunicaciones"},{"@type":"BreadcrumbList","@id":"https:\/\/informatepy.com\/2024\/2026\/03\/30\/gobierno-anuncia-normalizacion-del-transporte-desde-las-400-y-advierte-sobre-sanciones-tras-el-paro\/#breadcrumb","itemListElement":[{"@type":"ListItem","position":1,"name":"Portada","item":"https:\/\/informatepy.com\/2024\/"},{"@type":"ListItem","position":2,"name":"Gobierno anuncia normalizaci\u00f3n del transporte desde las 4:00 y advierte sobre sanciones tras el paro"}]},{"@type":"WebSite","@id":"https:\/\/informatepy.com\/2024\/#website","url":"https:\/\/informatepy.com\/2024\/","name":"Informate Py Creemos en la libertad de expresi\u00f3n y en la capacidad de la gente de reflexionar\u00a0por\u00a0si\u00a0misma","description":"InformatePy","publisher":{"@id":"https:\/\/informatepy.com\/2024\/#organization"},"potentialAction":[{"@type":"SearchAction","target":{"@type":"EntryPoint","urlTemplate":"https:\/\/informatepy.com\/2024\/?s={search_term_string}"},"query-input":{"@type":"PropertyValueSpecification","valueRequired":true,"valueName":"search_term_string"}}],"inLanguage":"es"},{"@type":"Organization","@id":"https:\/\/informatepy.com\/2024\/#organization","name":"Informate Py Creemos en la libertad de expresi\u00f3n y en la capacidad de la gente de reflexionar\u00a0por\u00a0si\u00a0misma","url":"https:\/\/informatepy.com\/2024\/","logo":{"@type":"ImageObject","inLanguage":"es","@id":"https:\/\/informatepy.com\/2024\/#\/schema\/logo\/image\/","url":"https:\/\/i0.wp.com\/informatepy.com\/2024\/wp-content\/uploads\/2024\/02\/Logotipo-sin-fondo-informate-py500.png?fit=500%2C94&ssl=1","contentUrl":"https:\/\/i0.wp.com\/informatepy.com\/2024\/wp-content\/uploads\/2024\/02\/Logotipo-sin-fondo-informate-py500.png?fit=500%2C94&ssl=1","width":500,"height":94,"caption":"Informate Py Creemos en la libertad de expresi\u00f3n y en la capacidad de la gente de reflexionar\u00a0por\u00a0si\u00a0misma"},"image":{"@id":"https:\/\/informatepy.com\/2024\/#\/schema\/logo\/image\/"}},{"@type":"Person","@id":"https:\/\/informatepy.com\/2024\/#\/schema\/person\/98728344b91c548ef8544c80daf58463","name":"Redacci\u00f3n","image":{"@type":"ImageObject","inLanguage":"es","@id":"https:\/\/informatepy.com\/2024\/wp-content\/uploads\/2024\/02\/cropped-Isologo-sin-fondo.png9c354f01c536b2d49dbb929e96603401","url":"https:\/\/informatepy.com\/2024\/wp-content\/uploads\/2024\/02\/cropped-Isologo-sin-fondo.png","contentUrl":"https:\/\/informatepy.com\/2024\/wp-content\/uploads\/2024\/02\/cropped-Isologo-sin-fondo.png","caption":"Redacci\u00f3n"},"sameAs":["https:\/\/www.facebook.com\/InformatePyCom","https:\/\/x.com\/https:\/\/twitter.com\/InformatePy1"],"url":"https:\/\/informatepy.com\/2024\/author\/redaccion\/"}]}},"jetpack_featured_media_url":"https:\/\/i0.wp.com\/informatepy.com\/2024\/wp-content\/uploads\/2025\/12\/transporte-publico.jpg?fit=1200%2C673&ssl=1","jetpack-related-posts":[],"jetpack_sharing_enabled":true,"authors":[{"term_id":830,"user_id":3,"is_guest":0,"slug":"redaccion","display_name":"Redacci\u00f3n","avatar_url":{"url":"https:\/\/informatepy.com\/2024\/wp-content\/uploads\/2024\/02\/cropped-Isologo-sin-fondo.png","url2x":"https:\/\/informatepy.com\/2024\/wp-content\/uploads\/2024\/02\/cropped-Isologo-sin-fondo.png"},"author_category":"1","first_name":"Redacci\u00f3n","last_name":"","user_url":"","job_title":"","description":""}],"_links":{"self":[{"href":"https:\/\/informatepy.com\/2024\/wp-json\/wp\/v2\/posts\/37988","targetHints":{"allow":["GET"]}}],"collection":[{"href":"https:\/\/informatepy.com\/2024\/wp-json\/wp\/v2\/posts"}],"about":[{"href":"https:\/\/informatepy.com\/2024\/wp-json\/wp\/v2\/types\/post"}],"author":[{"embeddable":true,"href":"https:\/\/informatepy.com\/2024\/wp-json\/wp\/v2\/users\/3"}],"replies":[{"embeddable":true,"href":"https:\/\/informatepy.com\/2024\/wp-json\/wp\/v2\/comments?post=37988"}],"version-history":[{"count":1,"href":"https:\/\/informatepy.com\/2024\/wp-json\/wp\/v2\/posts\/37988\/revisions"}],"predecessor-version":[{"id":37989,"href":"https:\/\/informatepy.com\/2024\/wp-json\/wp\/v2\/posts\/37988\/revisions\/37989"}],"wp:featuredmedia":[{"embeddable":true,"href":"https:\/\/informatepy.com\/2024\/wp-json\/wp\/v2\/media\/36167"}],"wp:attachment":[{"href":"https:\/\/informatepy.com\/2024\/wp-json\/wp\/v2\/media?parent=37988"}],"wp:term":[{"taxonomy":"category","embeddable":true,"href":"https:\/\/informatepy.com\/2024\/wp-json\/wp\/v2\/categories?post=37988"},{"taxonomy":"post_tag","embeddable":true,"href":"https:\/\/informatepy.com\/2024\/wp-json\/wp\/v2\/tags?post=37988"},{"taxonomy":"jnews-series","embeddable":true,"href":"https:\/\/informatepy.com\/2024\/wp-json\/wp\/v2\/jnews-series?post=37988"},{"taxonomy":"author","embeddable":true,"href":"https:\/\/informatepy.com\/2024\/wp-json\/wp\/v2\/ppma_author?post=37988"}],"curies":[{"name":"wp","href":"https:\/\/api.w.org\/{rel}","templated":true}]}}