{"id":36538,"date":"2026-01-10T00:00:00","date_gmt":"2026-01-10T03:00:00","guid":{"rendered":"https:\/\/informatepy.com\/2024\/?p=36538"},"modified":"2026-01-09T16:33:27","modified_gmt":"2026-01-09T19:33:27","slug":"el-proximo-17-se-firmara-en-asuncion-el-acuerdo-mercosur-ue","status":"publish","type":"post","link":"https:\/\/informatepy.com\/2024\/2026\/01\/10\/el-proximo-17-se-firmara-en-asuncion-el-acuerdo-mercosur-ue\/","title":{"rendered":"El pr\u00f3ximo 17 se firmar\u00e1 en Asunci\u00f3n el Acuerdo Mercosur-UE"},"content":{"rendered":"\n<p>El <strong>Consejo de la Uni\u00f3n Europea<\/strong> aprob\u00f3 este viernes la firma del acuerdo con el <strong>Mercosur<\/strong>, con lo que se da por concluida una etapa de negociaciones para uno de los acuerdos comerciales m\u00e1s grandes de la historia.\u00a0<strong>La firma del mismo ser\u00e1 el s\u00e1bado 17 de enero en Asunci\u00f3n<\/strong>, inform\u00f3 el canciller <strong>Rub\u00e9n Ram\u00edrez.<\/strong><\/p>\n\n\n\n<p>El bloque europeo concluy\u00f3 finalmente con la mayor\u00eda necesaria para la aprobaci\u00f3n de la firma del acuerdo, que ahora deber\u00e1 ser ratificado por el <strong>Parlamento Europeo<\/strong>, as\u00ed como por los congresos de <strong>Paraguay, Argentina, Brasil<\/strong> y <strong>Uruguay<\/strong>.<\/p>\n\n\n\n<p>Este acuerdo vincula a dos bloques con m\u00e1s de 700 millones de habitantes, m\u00e1s de USD 100.000 millones anuales y un PIB per c\u00e1pita de USD 34.000, detall\u00f3 el canciller en conversaci\u00f3n con medios de comunicaci\u00f3n.<\/p>\n\n\n\n<p>El documento consta de tres cap\u00edtulos: comercial, pol\u00edtico y de cooperaci\u00f3n. El punto m\u00e1s contendido fue el comercial, con reclamos por parte de productores agr\u00edcolas europeos sobre las facilidades arancelarias para productos de Am\u00e9rica del Sur que no est\u00e1n sometidos a las mismas normas de producci\u00f3n.<\/p>\n\n\n\n<p><strong><em>\u00abHemos acordado un acuerdo equilibrado que contempla los principales intereses de los pa\u00edses del Mercosur\u00bb<\/em><\/strong>, afirm\u00f3 el canciller. Antes, durante su agenda del d\u00eda, el presidente Santiago Pe\u00f1a afirm\u00f3 que el\u00a0<strong>acuerdo es una ventaja para Paraguay<\/strong>, cuyos productores de granos y carne han demostrado competitividad y alta calidad.<\/p>\n","protected":false},"excerpt":{"rendered":"<p>El Consejo de la Uni\u00f3n Europea aprob\u00f3 este viernes la firma del acuerdo con el Mercosur, con lo que se da por concluida una etapa de negociaciones para uno de los acuerdos comerciales m\u00e1s grandes de la historia.\u00a0La firma del mismo ser\u00e1 el s\u00e1bado 17 de enero en Asunci\u00f3n, inform\u00f3 el canciller Rub\u00e9n Ram\u00edrez. El [&hellip;]<\/p>\n","protected":false},"author":3,"featured_media":12306,"comment_status":"open","ping_status":"open","sticky":false,"template":"","format":"standard","meta":{"_jetpack_memberships_contains_paid_content":false,"jnews-multi-image_gallery":[],"jnews_single_post":{"format":"standard"},"jnews_primary_category":[],"jnews_override_bookmark_settings":[],"jnews_food_recipe":[],"enable_food_recipe":"","food_recipe_title":"","food_recipe_description":"","food_recipe_serve":"","food_recipe_time":"","food_recipe_prep":"","food_recipe_level":"","food_recipe_keywords":"","food_recipe_category":"","food_recipe_cuisine":"","food_recipe_yield":"","food_recipe_calories":"","enable_print_recipe":"","ingredient":[],"instruction":"","jnews_social_meta":[],"jnews_paywall_metabox":[],"jnews_review":[],"enable_review":"","type":"","name":"","summary":"","brand":"","sku":"","good":[],"bad":[],"score_override":"","override_value":"","rating":[],"price":[],"jnews_override_counter":[],"jnews_post_split":[],"jnews_podcast_option":[],"jnews_podcast_series":[],"footnotes":""},"categories":[33],"tags":[831,1104,2485,2403,1870,1118],"jnews-series":[],"ppma_author":[830],"class_list":["post-36538","post","type-post","status-publish","format-standard","has-post-thumbnail","hentry","category-mundo","tag-destacada","tag-mercosur","tag-noticias-del-mercosur","tag-noticias-del-mundo","tag-ue","tag-union-europea"],"yoast_head":"<!-- This site is optimized with the Yoast SEO plugin v27.5 - https:\/\/yoast.com\/product\/yoast-seo-wordpress\/ -->\n<title>El pr\u00f3ximo 17 se firmar\u00e1 en Asunci\u00f3n el Acuerdo Mercosur-UE - Informate Py Creemos en la libertad de expresi\u00f3n y en la capacidad de la gente de reflexionar\u00a0por\u00a0si\u00a0misma<\/title>\n<meta name=\"robots\" content=\"index, follow, max-snippet:-1, max-image-preview:large, max-video-preview:-1\" \/>\n<link rel=\"canonical\" href=\"https:\/\/informatepy.com\/2024\/2026\/01\/10\/el-proximo-17-se-firmara-en-asuncion-el-acuerdo-mercosur-ue\/\" \/>\n<meta property=\"og:locale\" content=\"es_ES\" \/>\n<meta property=\"og:type\" content=\"article\" \/>\n<meta property=\"og:title\" content=\"El pr\u00f3ximo 17 se firmar\u00e1 en Asunci\u00f3n el Acuerdo Mercosur-UE - Informate Py Creemos en la libertad de expresi\u00f3n y en la capacidad de la gente de reflexionar\u00a0por\u00a0si\u00a0misma\" \/>\n<meta property=\"og:description\" content=\"El Consejo de la Uni\u00f3n Europea aprob\u00f3 este viernes la firma del acuerdo con el Mercosur, con lo que se da por concluida una etapa de negociaciones para uno de los acuerdos comerciales m\u00e1s grandes de la historia.\u00a0La firma del mismo ser\u00e1 el s\u00e1bado 17 de enero en Asunci\u00f3n, inform\u00f3 el canciller Rub\u00e9n Ram\u00edrez. El [&hellip;]\" \/>\n<meta property=\"og:url\" content=\"https:\/\/informatepy.com\/2024\/2026\/01\/10\/el-proximo-17-se-firmara-en-asuncion-el-acuerdo-mercosur-ue\/\" \/>\n<meta property=\"og:site_name\" content=\"Informate Py Creemos en la libertad de expresi\u00f3n y en la capacidad de la gente de reflexionar\u00a0por\u00a0si\u00a0misma\" \/>\n<meta property=\"article:author\" content=\"https:\/\/www.facebook.com\/InformatePyCom\" \/>\n<meta property=\"article:published_time\" content=\"2026-01-10T03:00:00+00:00\" \/>\n<meta property=\"og:image\" content=\"https:\/\/i0.wp.com\/informatepy.com\/2024\/wp-content\/uploads\/2023\/12\/mercosur-ue.jpg?fit=1280%2C698&ssl=1\" \/>\n\t<meta property=\"og:image:width\" content=\"1280\" \/>\n\t<meta property=\"og:image:height\" content=\"698\" \/>\n\t<meta property=\"og:image:type\" content=\"image\/jpeg\" \/>\n<meta name=\"author\" content=\"Redacci\u00f3n\" \/>\n<meta name=\"twitter:card\" content=\"summary_large_image\" \/>\n<meta name=\"twitter:creator\" content=\"@https:\/\/twitter.com\/InformatePy1\" \/>\n<meta name=\"twitter:label1\" content=\"Escrito por\" \/>\n\t<meta name=\"twitter:data1\" content=\"Redacci\u00f3n\" \/>\n\t<meta name=\"twitter:label2\" content=\"Tiempo de lectura\" \/>\n\t<meta name=\"twitter:data2\" content=\"2 minutos\" \/>\n<script type=\"application\/ld+json\" class=\"yoast-schema-graph\">{\"@context\":\"https:\\\/\\\/schema.org\",\"@graph\":[{\"@type\":\"Article\",\"@id\":\"https:\\\/\\\/informatepy.com\\\/2024\\\/2026\\\/01\\\/10\\\/el-proximo-17-se-firmara-en-asuncion-el-acuerdo-mercosur-ue\\\/#article\",\"isPartOf\":{\"@id\":\"https:\\\/\\\/informatepy.com\\\/2024\\\/2026\\\/01\\\/10\\\/el-proximo-17-se-firmara-en-asuncion-el-acuerdo-mercosur-ue\\\/\"},\"author\":{\"name\":\"Redacci\u00f3n\",\"@id\":\"https:\\\/\\\/informatepy.com\\\/2024\\\/#\\\/schema\\\/person\\\/98728344b91c548ef8544c80daf58463\"},\"headline\":\"El pr\u00f3ximo 17 se firmar\u00e1 en Asunci\u00f3n el Acuerdo Mercosur-UE\",\"datePublished\":\"2026-01-10T03:00:00+00:00\",\"mainEntityOfPage\":{\"@id\":\"https:\\\/\\\/informatepy.com\\\/2024\\\/2026\\\/01\\\/10\\\/el-proximo-17-se-firmara-en-asuncion-el-acuerdo-mercosur-ue\\\/\"},\"wordCount\":254,\"commentCount\":0,\"publisher\":{\"@id\":\"https:\\\/\\\/informatepy.com\\\/2024\\\/#organization\"},\"image\":{\"@id\":\"https:\\\/\\\/informatepy.com\\\/2024\\\/2026\\\/01\\\/10\\\/el-proximo-17-se-firmara-en-asuncion-el-acuerdo-mercosur-ue\\\/#primaryimage\"},\"thumbnailUrl\":\"https:\\\/\\\/i0.wp.com\\\/informatepy.com\\\/2024\\\/wp-content\\\/uploads\\\/2023\\\/12\\\/mercosur-ue.jpg?fit=1280%2C698&ssl=1\",\"keywords\":[\"destacada\",\"mercosur\",\"noticias del mercosur\",\"noticias del mundo\",\"ue\",\"union europea\"],\"articleSection\":[\"Mundo\"],\"inLanguage\":\"es\",\"potentialAction\":[{\"@type\":\"CommentAction\",\"name\":\"Comment\",\"target\":[\"https:\\\/\\\/informatepy.com\\\/2024\\\/2026\\\/01\\\/10\\\/el-proximo-17-se-firmara-en-asuncion-el-acuerdo-mercosur-ue\\\/#respond\"]}]},{\"@type\":\"WebPage\",\"@id\":\"https:\\\/\\\/informatepy.com\\\/2024\\\/2026\\\/01\\\/10\\\/el-proximo-17-se-firmara-en-asuncion-el-acuerdo-mercosur-ue\\\/\",\"url\":\"https:\\\/\\\/informatepy.com\\\/2024\\\/2026\\\/01\\\/10\\\/el-proximo-17-se-firmara-en-asuncion-el-acuerdo-mercosur-ue\\\/\",\"name\":\"El pr\u00f3ximo 17 se firmar\u00e1 en Asunci\u00f3n el Acuerdo Mercosur-UE - Informate Py Creemos en la libertad de expresi\u00f3n y en la capacidad de la gente de reflexionar\u00a0por\u00a0si\u00a0misma\",\"isPartOf\":{\"@id\":\"https:\\\/\\\/informatepy.com\\\/2024\\\/#website\"},\"primaryImageOfPage\":{\"@id\":\"https:\\\/\\\/informatepy.com\\\/2024\\\/2026\\\/01\\\/10\\\/el-proximo-17-se-firmara-en-asuncion-el-acuerdo-mercosur-ue\\\/#primaryimage\"},\"image\":{\"@id\":\"https:\\\/\\\/informatepy.com\\\/2024\\\/2026\\\/01\\\/10\\\/el-proximo-17-se-firmara-en-asuncion-el-acuerdo-mercosur-ue\\\/#primaryimage\"},\"thumbnailUrl\":\"https:\\\/\\\/i0.wp.com\\\/informatepy.com\\\/2024\\\/wp-content\\\/uploads\\\/2023\\\/12\\\/mercosur-ue.jpg?fit=1280%2C698&ssl=1\",\"datePublished\":\"2026-01-10T03:00:00+00:00\",\"breadcrumb\":{\"@id\":\"https:\\\/\\\/informatepy.com\\\/2024\\\/2026\\\/01\\\/10\\\/el-proximo-17-se-firmara-en-asuncion-el-acuerdo-mercosur-ue\\\/#breadcrumb\"},\"inLanguage\":\"es\",\"potentialAction\":[{\"@type\":\"ReadAction\",\"target\":[\"https:\\\/\\\/informatepy.com\\\/2024\\\/2026\\\/01\\\/10\\\/el-proximo-17-se-firmara-en-asuncion-el-acuerdo-mercosur-ue\\\/\"]}]},{\"@type\":\"ImageObject\",\"inLanguage\":\"es\",\"@id\":\"https:\\\/\\\/informatepy.com\\\/2024\\\/2026\\\/01\\\/10\\\/el-proximo-17-se-firmara-en-asuncion-el-acuerdo-mercosur-ue\\\/#primaryimage\",\"url\":\"https:\\\/\\\/i0.wp.com\\\/informatepy.com\\\/2024\\\/wp-content\\\/uploads\\\/2023\\\/12\\\/mercosur-ue.jpg?fit=1280%2C698&ssl=1\",\"contentUrl\":\"https:\\\/\\\/i0.wp.com\\\/informatepy.com\\\/2024\\\/wp-content\\\/uploads\\\/2023\\\/12\\\/mercosur-ue.jpg?fit=1280%2C698&ssl=1\",\"width\":1280,\"height\":698},{\"@type\":\"BreadcrumbList\",\"@id\":\"https:\\\/\\\/informatepy.com\\\/2024\\\/2026\\\/01\\\/10\\\/el-proximo-17-se-firmara-en-asuncion-el-acuerdo-mercosur-ue\\\/#breadcrumb\",\"itemListElement\":[{\"@type\":\"ListItem\",\"position\":1,\"name\":\"Portada\",\"item\":\"https:\\\/\\\/informatepy.com\\\/2024\\\/\"},{\"@type\":\"ListItem\",\"position\":2,\"name\":\"El pr\u00f3ximo 17 se firmar\u00e1 en Asunci\u00f3n el Acuerdo Mercosur-UE\"}]},{\"@type\":\"WebSite\",\"@id\":\"https:\\\/\\\/informatepy.com\\\/2024\\\/#website\",\"url\":\"https:\\\/\\\/informatepy.com\\\/2024\\\/\",\"name\":\"Informate Py Creemos en la libertad de expresi\u00f3n y en la capacidad de la gente de reflexionar\u00a0por\u00a0si\u00a0misma\",\"description\":\"InformatePy\",\"publisher\":{\"@id\":\"https:\\\/\\\/informatepy.com\\\/2024\\\/#organization\"},\"potentialAction\":[{\"@type\":\"SearchAction\",\"target\":{\"@type\":\"EntryPoint\",\"urlTemplate\":\"https:\\\/\\\/informatepy.com\\\/2024\\\/?s={search_term_string}\"},\"query-input\":{\"@type\":\"PropertyValueSpecification\",\"valueRequired\":true,\"valueName\":\"search_term_string\"}}],\"inLanguage\":\"es\"},{\"@type\":\"Organization\",\"@id\":\"https:\\\/\\\/informatepy.com\\\/2024\\\/#organization\",\"name\":\"Informate Py Creemos en la libertad de expresi\u00f3n y en la capacidad de la gente de reflexionar\u00a0por\u00a0si\u00a0misma\",\"url\":\"https:\\\/\\\/informatepy.com\\\/2024\\\/\",\"logo\":{\"@type\":\"ImageObject\",\"inLanguage\":\"es\",\"@id\":\"https:\\\/\\\/informatepy.com\\\/2024\\\/#\\\/schema\\\/logo\\\/image\\\/\",\"url\":\"https:\\\/\\\/i0.wp.com\\\/informatepy.com\\\/2024\\\/wp-content\\\/uploads\\\/2024\\\/02\\\/Logotipo-sin-fondo-informate-py500.png?fit=500%2C94&ssl=1\",\"contentUrl\":\"https:\\\/\\\/i0.wp.com\\\/informatepy.com\\\/2024\\\/wp-content\\\/uploads\\\/2024\\\/02\\\/Logotipo-sin-fondo-informate-py500.png?fit=500%2C94&ssl=1\",\"width\":500,\"height\":94,\"caption\":\"Informate Py Creemos en la libertad de expresi\u00f3n y en la capacidad de la gente de reflexionar\u00a0por\u00a0si\u00a0misma\"},\"image\":{\"@id\":\"https:\\\/\\\/informatepy.com\\\/2024\\\/#\\\/schema\\\/logo\\\/image\\\/\"}},{\"@type\":\"Person\",\"@id\":\"https:\\\/\\\/informatepy.com\\\/2024\\\/#\\\/schema\\\/person\\\/98728344b91c548ef8544c80daf58463\",\"name\":\"Redacci\u00f3n\",\"image\":{\"@type\":\"ImageObject\",\"inLanguage\":\"es\",\"@id\":\"https:\\\/\\\/informatepy.com\\\/2024\\\/wp-content\\\/uploads\\\/2024\\\/02\\\/cropped-Isologo-sin-fondo.png9c354f01c536b2d49dbb929e96603401\",\"url\":\"https:\\\/\\\/informatepy.com\\\/2024\\\/wp-content\\\/uploads\\\/2024\\\/02\\\/cropped-Isologo-sin-fondo.png\",\"contentUrl\":\"https:\\\/\\\/informatepy.com\\\/2024\\\/wp-content\\\/uploads\\\/2024\\\/02\\\/cropped-Isologo-sin-fondo.png\",\"caption\":\"Redacci\u00f3n\"},\"sameAs\":[\"https:\\\/\\\/www.facebook.com\\\/InformatePyCom\",\"https:\\\/\\\/x.com\\\/https:\\\/\\\/twitter.com\\\/InformatePy1\"],\"url\":\"https:\\\/\\\/informatepy.com\\\/2024\\\/author\\\/redaccion\\\/\"}]}<\/script>\n<!-- \/ Yoast SEO plugin. -->","yoast_head_json":{"title":"El pr\u00f3ximo 17 se firmar\u00e1 en Asunci\u00f3n el Acuerdo Mercosur-UE - Informate Py Creemos en la libertad de expresi\u00f3n y en la capacidad de la gente de reflexionar\u00a0por\u00a0si\u00a0misma","robots":{"index":"index","follow":"follow","max-snippet":"max-snippet:-1","max-image-preview":"max-image-preview:large","max-video-preview":"max-video-preview:-1"},"canonical":"https:\/\/informatepy.com\/2024\/2026\/01\/10\/el-proximo-17-se-firmara-en-asuncion-el-acuerdo-mercosur-ue\/","og_locale":"es_ES","og_type":"article","og_title":"El pr\u00f3ximo 17 se firmar\u00e1 en Asunci\u00f3n el Acuerdo Mercosur-UE - Informate Py Creemos en la libertad de expresi\u00f3n y en la capacidad de la gente de reflexionar\u00a0por\u00a0si\u00a0misma","og_description":"El Consejo de la Uni\u00f3n Europea aprob\u00f3 este viernes la firma del acuerdo con el Mercosur, con lo que se da por concluida una etapa de negociaciones para uno de los acuerdos comerciales m\u00e1s grandes de la historia.\u00a0La firma del mismo ser\u00e1 el s\u00e1bado 17 de enero en Asunci\u00f3n, inform\u00f3 el canciller Rub\u00e9n Ram\u00edrez. El [&hellip;]","og_url":"https:\/\/informatepy.com\/2024\/2026\/01\/10\/el-proximo-17-se-firmara-en-asuncion-el-acuerdo-mercosur-ue\/","og_site_name":"Informate Py Creemos en la libertad de expresi\u00f3n y en la capacidad de la gente de reflexionar\u00a0por\u00a0si\u00a0misma","article_author":"https:\/\/www.facebook.com\/InformatePyCom","article_published_time":"2026-01-10T03:00:00+00:00","og_image":[{"width":1280,"height":698,"url":"https:\/\/i0.wp.com\/informatepy.com\/2024\/wp-content\/uploads\/2023\/12\/mercosur-ue.jpg?fit=1280%2C698&ssl=1","type":"image\/jpeg"}],"author":"Redacci\u00f3n","twitter_card":"summary_large_image","twitter_creator":"@https:\/\/twitter.com\/InformatePy1","twitter_misc":{"Escrito por":"Redacci\u00f3n","Tiempo de lectura":"2 minutos"},"schema":{"@context":"https:\/\/schema.org","@graph":[{"@type":"Article","@id":"https:\/\/informatepy.com\/2024\/2026\/01\/10\/el-proximo-17-se-firmara-en-asuncion-el-acuerdo-mercosur-ue\/#article","isPartOf":{"@id":"https:\/\/informatepy.com\/2024\/2026\/01\/10\/el-proximo-17-se-firmara-en-asuncion-el-acuerdo-mercosur-ue\/"},"author":{"name":"Redacci\u00f3n","@id":"https:\/\/informatepy.com\/2024\/#\/schema\/person\/98728344b91c548ef8544c80daf58463"},"headline":"El pr\u00f3ximo 17 se firmar\u00e1 en Asunci\u00f3n el Acuerdo Mercosur-UE","datePublished":"2026-01-10T03:00:00+00:00","mainEntityOfPage":{"@id":"https:\/\/informatepy.com\/2024\/2026\/01\/10\/el-proximo-17-se-firmara-en-asuncion-el-acuerdo-mercosur-ue\/"},"wordCount":254,"commentCount":0,"publisher":{"@id":"https:\/\/informatepy.com\/2024\/#organization"},"image":{"@id":"https:\/\/informatepy.com\/2024\/2026\/01\/10\/el-proximo-17-se-firmara-en-asuncion-el-acuerdo-mercosur-ue\/#primaryimage"},"thumbnailUrl":"https:\/\/i0.wp.com\/informatepy.com\/2024\/wp-content\/uploads\/2023\/12\/mercosur-ue.jpg?fit=1280%2C698&ssl=1","keywords":["destacada","mercosur","noticias del mercosur","noticias del mundo","ue","union europea"],"articleSection":["Mundo"],"inLanguage":"es","potentialAction":[{"@type":"CommentAction","name":"Comment","target":["https:\/\/informatepy.com\/2024\/2026\/01\/10\/el-proximo-17-se-firmara-en-asuncion-el-acuerdo-mercosur-ue\/#respond"]}]},{"@type":"WebPage","@id":"https:\/\/informatepy.com\/2024\/2026\/01\/10\/el-proximo-17-se-firmara-en-asuncion-el-acuerdo-mercosur-ue\/","url":"https:\/\/informatepy.com\/2024\/2026\/01\/10\/el-proximo-17-se-firmara-en-asuncion-el-acuerdo-mercosur-ue\/","name":"El pr\u00f3ximo 17 se firmar\u00e1 en Asunci\u00f3n el Acuerdo Mercosur-UE - Informate Py Creemos en la libertad de expresi\u00f3n y en la capacidad de la gente de reflexionar\u00a0por\u00a0si\u00a0misma","isPartOf":{"@id":"https:\/\/informatepy.com\/2024\/#website"},"primaryImageOfPage":{"@id":"https:\/\/informatepy.com\/2024\/2026\/01\/10\/el-proximo-17-se-firmara-en-asuncion-el-acuerdo-mercosur-ue\/#primaryimage"},"image":{"@id":"https:\/\/informatepy.com\/2024\/2026\/01\/10\/el-proximo-17-se-firmara-en-asuncion-el-acuerdo-mercosur-ue\/#primaryimage"},"thumbnailUrl":"https:\/\/i0.wp.com\/informatepy.com\/2024\/wp-content\/uploads\/2023\/12\/mercosur-ue.jpg?fit=1280%2C698&ssl=1","datePublished":"2026-01-10T03:00:00+00:00","breadcrumb":{"@id":"https:\/\/informatepy.com\/2024\/2026\/01\/10\/el-proximo-17-se-firmara-en-asuncion-el-acuerdo-mercosur-ue\/#breadcrumb"},"inLanguage":"es","potentialAction":[{"@type":"ReadAction","target":["https:\/\/informatepy.com\/2024\/2026\/01\/10\/el-proximo-17-se-firmara-en-asuncion-el-acuerdo-mercosur-ue\/"]}]},{"@type":"ImageObject","inLanguage":"es","@id":"https:\/\/informatepy.com\/2024\/2026\/01\/10\/el-proximo-17-se-firmara-en-asuncion-el-acuerdo-mercosur-ue\/#primaryimage","url":"https:\/\/i0.wp.com\/informatepy.com\/2024\/wp-content\/uploads\/2023\/12\/mercosur-ue.jpg?fit=1280%2C698&ssl=1","contentUrl":"https:\/\/i0.wp.com\/informatepy.com\/2024\/wp-content\/uploads\/2023\/12\/mercosur-ue.jpg?fit=1280%2C698&ssl=1","width":1280,"height":698},{"@type":"BreadcrumbList","@id":"https:\/\/informatepy.com\/2024\/2026\/01\/10\/el-proximo-17-se-firmara-en-asuncion-el-acuerdo-mercosur-ue\/#breadcrumb","itemListElement":[{"@type":"ListItem","position":1,"name":"Portada","item":"https:\/\/informatepy.com\/2024\/"},{"@type":"ListItem","position":2,"name":"El pr\u00f3ximo 17 se firmar\u00e1 en Asunci\u00f3n el Acuerdo Mercosur-UE"}]},{"@type":"WebSite","@id":"https:\/\/informatepy.com\/2024\/#website","url":"https:\/\/informatepy.com\/2024\/","name":"Informate Py Creemos en la libertad de expresi\u00f3n y en la capacidad de la gente de reflexionar\u00a0por\u00a0si\u00a0misma","description":"InformatePy","publisher":{"@id":"https:\/\/informatepy.com\/2024\/#organization"},"potentialAction":[{"@type":"SearchAction","target":{"@type":"EntryPoint","urlTemplate":"https:\/\/informatepy.com\/2024\/?s={search_term_string}"},"query-input":{"@type":"PropertyValueSpecification","valueRequired":true,"valueName":"search_term_string"}}],"inLanguage":"es"},{"@type":"Organization","@id":"https:\/\/informatepy.com\/2024\/#organization","name":"Informate Py Creemos en la libertad de expresi\u00f3n y en la capacidad de la gente de reflexionar\u00a0por\u00a0si\u00a0misma","url":"https:\/\/informatepy.com\/2024\/","logo":{"@type":"ImageObject","inLanguage":"es","@id":"https:\/\/informatepy.com\/2024\/#\/schema\/logo\/image\/","url":"https:\/\/i0.wp.com\/informatepy.com\/2024\/wp-content\/uploads\/2024\/02\/Logotipo-sin-fondo-informate-py500.png?fit=500%2C94&ssl=1","contentUrl":"https:\/\/i0.wp.com\/informatepy.com\/2024\/wp-content\/uploads\/2024\/02\/Logotipo-sin-fondo-informate-py500.png?fit=500%2C94&ssl=1","width":500,"height":94,"caption":"Informate Py Creemos en la libertad de expresi\u00f3n y en la capacidad de la gente de reflexionar\u00a0por\u00a0si\u00a0misma"},"image":{"@id":"https:\/\/informatepy.com\/2024\/#\/schema\/logo\/image\/"}},{"@type":"Person","@id":"https:\/\/informatepy.com\/2024\/#\/schema\/person\/98728344b91c548ef8544c80daf58463","name":"Redacci\u00f3n","image":{"@type":"ImageObject","inLanguage":"es","@id":"https:\/\/informatepy.com\/2024\/wp-content\/uploads\/2024\/02\/cropped-Isologo-sin-fondo.png9c354f01c536b2d49dbb929e96603401","url":"https:\/\/informatepy.com\/2024\/wp-content\/uploads\/2024\/02\/cropped-Isologo-sin-fondo.png","contentUrl":"https:\/\/informatepy.com\/2024\/wp-content\/uploads\/2024\/02\/cropped-Isologo-sin-fondo.png","caption":"Redacci\u00f3n"},"sameAs":["https:\/\/www.facebook.com\/InformatePyCom","https:\/\/x.com\/https:\/\/twitter.com\/InformatePy1"],"url":"https:\/\/informatepy.com\/2024\/author\/redaccion\/"}]}},"jetpack_featured_media_url":"https:\/\/i0.wp.com\/informatepy.com\/2024\/wp-content\/uploads\/2023\/12\/mercosur-ue.jpg?fit=1280%2C698&ssl=1","jetpack-related-posts":[],"jetpack_sharing_enabled":true,"authors":[{"term_id":830,"user_id":3,"is_guest":0,"slug":"redaccion","display_name":"Redacci\u00f3n","avatar_url":{"url":"https:\/\/informatepy.com\/2024\/wp-content\/uploads\/2024\/02\/cropped-Isologo-sin-fondo.png","url2x":"https:\/\/informatepy.com\/2024\/wp-content\/uploads\/2024\/02\/cropped-Isologo-sin-fondo.png"},"author_category":"1","first_name":"Redacci\u00f3n","last_name":"","user_url":"","job_title":"","description":""}],"_links":{"self":[{"href":"https:\/\/informatepy.com\/2024\/wp-json\/wp\/v2\/posts\/36538","targetHints":{"allow":["GET"]}}],"collection":[{"href":"https:\/\/informatepy.com\/2024\/wp-json\/wp\/v2\/posts"}],"about":[{"href":"https:\/\/informatepy.com\/2024\/wp-json\/wp\/v2\/types\/post"}],"author":[{"embeddable":true,"href":"https:\/\/informatepy.com\/2024\/wp-json\/wp\/v2\/users\/3"}],"replies":[{"embeddable":true,"href":"https:\/\/informatepy.com\/2024\/wp-json\/wp\/v2\/comments?post=36538"}],"version-history":[{"count":1,"href":"https:\/\/informatepy.com\/2024\/wp-json\/wp\/v2\/posts\/36538\/revisions"}],"predecessor-version":[{"id":36539,"href":"https:\/\/informatepy.com\/2024\/wp-json\/wp\/v2\/posts\/36538\/revisions\/36539"}],"wp:featuredmedia":[{"embeddable":true,"href":"https:\/\/informatepy.com\/2024\/wp-json\/wp\/v2\/media\/12306"}],"wp:attachment":[{"href":"https:\/\/informatepy.com\/2024\/wp-json\/wp\/v2\/media?parent=36538"}],"wp:term":[{"taxonomy":"category","embeddable":true,"href":"https:\/\/informatepy.com\/2024\/wp-json\/wp\/v2\/categories?post=36538"},{"taxonomy":"post_tag","embeddable":true,"href":"https:\/\/informatepy.com\/2024\/wp-json\/wp\/v2\/tags?post=36538"},{"taxonomy":"jnews-series","embeddable":true,"href":"https:\/\/informatepy.com\/2024\/wp-json\/wp\/v2\/jnews-series?post=36538"},{"taxonomy":"author","embeddable":true,"href":"https:\/\/informatepy.com\/2024\/wp-json\/wp\/v2\/ppma_author?post=36538"}],"curies":[{"name":"wp","href":"https:\/\/api.w.org\/{rel}","templated":true}]}}