{"id":36145,"date":"2025-12-11T17:31:32","date_gmt":"2025-12-11T20:31:32","guid":{"rendered":"https:\/\/informatepy.com\/2024\/?p=36145"},"modified":"2025-12-11T17:32:36","modified_gmt":"2025-12-11T20:32:36","slug":"36145","status":"publish","type":"post","link":"https:\/\/informatepy.com\/2024\/2025\/12\/11\/36145\/","title":{"rendered":"Vandalizan el pesebre de la Grand-Place de Bruselas con un grafiti \u00abPalestina Libre\u00bb"},"content":{"rendered":"\n<p>El tradicional pesebre instalado en la emblem\u00e1tica <strong>Grand-Place de Bruselas<\/strong>, uno de los principales atractivos tur\u00edsticos de la temporada navide\u00f1a en la capital belga, fue vandalizado con grafitis de contenido pol\u00edtico. Sobre la lona blanca que resguarda la escenograf\u00eda del pesebre, apareci\u00f3 pintado con aerosol el mensaje <strong><em>\u00abPalestina Libre\u00bb<\/em><\/strong>, en un acto que r\u00e1pidamente gener\u00f3 indignaci\u00f3n entre vecinos, turistas y autoridades locales.<\/p>\n\n\n\n<p>El hecho ocurri\u00f3 en pleno desarrollo del mercado navide\u00f1o, un evento que cada a\u00f1o atrae a miles de visitantes de toda Europa. Testigos reportaron que el grafiti fue realizado durante la noche, aprovechando la gran afluencia de p\u00fablico y la movilidad constante en la zona. Las figuras y estructuras del pesebre, s\u00edmbolo de paz y convivencia durante las fiestas, no sufrieron da\u00f1os directos, aunque el mensaje cubri\u00f3 buena parte del per\u00edmetro que las protege.<\/p>\n\n\n\n<p><strong>Brussels Major Events<\/strong>, la entidad responsable de la organizaci\u00f3n del mercado navide\u00f1o y de las instalaciones de la Grand-Place, <strong>confirm\u00f3 el incidente y anunci\u00f3 que el vandalismo ya est\u00e1 siendo evaluado por las autoridades para determinar los responsables y definir los pasos a seguir<\/strong>. El organismo lament\u00f3 profundamente el ataque y reafirm\u00f3 su compromiso con preservar el car\u00e1cter familiar y respetuoso del evento.<\/p>\n\n\n\n<p>El pesebre navide\u00f1o de la Grand-Place figura entre los \u00edconos m\u00e1s fotografiados de Bruselas durante diciembre, y su vandalizaci\u00f3n reaviva el debate sobre la creciente tensi\u00f3n pol\u00edtica que se expresa incluso en espacios y celebraciones destinadas a la convivencia pac\u00edfica. Mientras equipos municipales trabajan para restaurar el lugar, la ciudad refuerza la seguridad en torno a las actividades festivas para evitar nuevos episodios similares.<\/p>\n\n\n\n<p><\/p>\n","protected":false},"excerpt":{"rendered":"<p>El tradicional pesebre instalado en la emblem\u00e1tica Grand-Place de Bruselas, uno de los principales atractivos tur\u00edsticos de la temporada navide\u00f1a en la capital belga, fue vandalizado con grafitis de contenido pol\u00edtico. Sobre la lona blanca que resguarda la escenograf\u00eda del pesebre, apareci\u00f3 pintado con aerosol el mensaje \u00abPalestina Libre\u00bb, en un acto que r\u00e1pidamente gener\u00f3 [&hellip;]<\/p>\n","protected":false},"author":3,"featured_media":36146,"comment_status":"open","ping_status":"open","sticky":false,"template":"","format":"standard","meta":{"_jetpack_memberships_contains_paid_content":false,"jnews-multi-image_gallery":[],"jnews_single_post":{"format":"standard"},"jnews_primary_category":[],"jnews_override_bookmark_settings":[],"jnews_food_recipe":[],"enable_food_recipe":"","food_recipe_title":"","food_recipe_description":"","food_recipe_serve":"","food_recipe_time":"","food_recipe_prep":"","food_recipe_level":"","food_recipe_keywords":"","food_recipe_category":"","food_recipe_cuisine":"","food_recipe_yield":"","food_recipe_calories":"","enable_print_recipe":"","ingredient":[],"instruction":"","jnews_social_meta":[],"jnews_paywall_metabox":[],"jnews_review":[],"enable_review":"","type":"","name":"","summary":"","brand":"","sku":"","good":[],"bad":[],"score_override":"","override_value":"","rating":[],"price":[],"jnews_override_counter":[],"jnews_post_split":[],"jnews_podcast_option":[],"jnews_podcast_series":[],"footnotes":""},"categories":[33],"tags":[1454,2219,831,122,2403],"jnews-series":[],"ppma_author":[830],"class_list":["post-36145","post","type-post","status-publish","format-standard","has-post-thumbnail","hentry","category-mundo","tag-belgica","tag-bruselas","tag-destacada","tag-islamismo","tag-noticias-del-mundo"],"yoast_head":"<!-- This site is optimized with the Yoast SEO plugin v27.5 - https:\/\/yoast.com\/product\/yoast-seo-wordpress\/ -->\n<title>Vandalizan el pesebre de la Grand-Place de Bruselas con un grafiti \u00abPalestina Libre\u00bb - Informate Py Creemos en la libertad de expresi\u00f3n y en la capacidad de la gente de reflexionar\u00a0por\u00a0si\u00a0misma<\/title>\n<meta name=\"robots\" content=\"index, follow, max-snippet:-1, max-image-preview:large, max-video-preview:-1\" \/>\n<link rel=\"canonical\" href=\"https:\/\/informatepy.com\/2024\/2025\/12\/11\/36145\/\" \/>\n<meta property=\"og:locale\" content=\"es_ES\" \/>\n<meta property=\"og:type\" content=\"article\" \/>\n<meta property=\"og:title\" content=\"Vandalizan el pesebre de la Grand-Place de Bruselas con un grafiti \u00abPalestina Libre\u00bb - Informate Py Creemos en la libertad de expresi\u00f3n y en la capacidad de la gente de reflexionar\u00a0por\u00a0si\u00a0misma\" \/>\n<meta property=\"og:description\" content=\"El tradicional pesebre instalado en la emblem\u00e1tica Grand-Place de Bruselas, uno de los principales atractivos tur\u00edsticos de la temporada navide\u00f1a en la capital belga, fue vandalizado con grafitis de contenido pol\u00edtico. Sobre la lona blanca que resguarda la escenograf\u00eda del pesebre, apareci\u00f3 pintado con aerosol el mensaje \u00abPalestina Libre\u00bb, en un acto que r\u00e1pidamente gener\u00f3 [&hellip;]\" \/>\n<meta property=\"og:url\" content=\"https:\/\/informatepy.com\/2024\/2025\/12\/11\/36145\/\" \/>\n<meta property=\"og:site_name\" content=\"Informate Py Creemos en la libertad de expresi\u00f3n y en la capacidad de la gente de reflexionar\u00a0por\u00a0si\u00a0misma\" \/>\n<meta property=\"article:author\" content=\"https:\/\/www.facebook.com\/InformatePyCom\" \/>\n<meta property=\"article:published_time\" content=\"2025-12-11T20:31:32+00:00\" \/>\n<meta property=\"article:modified_time\" content=\"2025-12-11T20:32:36+00:00\" \/>\n<meta property=\"og:image\" content=\"https:\/\/informatepy.com\/2024\/wp-content\/uploads\/2025\/12\/pesebre-bruselas.jpg\" \/>\n\t<meta property=\"og:image:width\" content=\"1200\" \/>\n\t<meta property=\"og:image:height\" content=\"671\" \/>\n\t<meta property=\"og:image:type\" content=\"image\/jpeg\" \/>\n<meta name=\"author\" content=\"Redacci\u00f3n\" \/>\n<meta name=\"twitter:card\" content=\"summary_large_image\" \/>\n<meta name=\"twitter:creator\" content=\"@https:\/\/twitter.com\/InformatePy1\" \/>\n<meta name=\"twitter:label1\" content=\"Escrito por\" \/>\n\t<meta name=\"twitter:data1\" content=\"Redacci\u00f3n\" \/>\n\t<meta name=\"twitter:label2\" content=\"Tiempo de lectura\" \/>\n\t<meta name=\"twitter:data2\" content=\"2 minutos\" \/>\n<script type=\"application\/ld+json\" class=\"yoast-schema-graph\">{\"@context\":\"https:\\\/\\\/schema.org\",\"@graph\":[{\"@type\":\"Article\",\"@id\":\"https:\\\/\\\/informatepy.com\\\/2024\\\/2025\\\/12\\\/11\\\/36145\\\/#article\",\"isPartOf\":{\"@id\":\"https:\\\/\\\/informatepy.com\\\/2024\\\/2025\\\/12\\\/11\\\/36145\\\/\"},\"author\":{\"name\":\"Redacci\u00f3n\",\"@id\":\"https:\\\/\\\/informatepy.com\\\/2024\\\/#\\\/schema\\\/person\\\/98728344b91c548ef8544c80daf58463\"},\"headline\":\"Vandalizan el pesebre de la Grand-Place de Bruselas con un grafiti \u00abPalestina Libre\u00bb\",\"datePublished\":\"2025-12-11T20:31:32+00:00\",\"dateModified\":\"2025-12-11T20:32:36+00:00\",\"mainEntityOfPage\":{\"@id\":\"https:\\\/\\\/informatepy.com\\\/2024\\\/2025\\\/12\\\/11\\\/36145\\\/\"},\"wordCount\":298,\"commentCount\":0,\"publisher\":{\"@id\":\"https:\\\/\\\/informatepy.com\\\/2024\\\/#organization\"},\"image\":{\"@id\":\"https:\\\/\\\/informatepy.com\\\/2024\\\/2025\\\/12\\\/11\\\/36145\\\/#primaryimage\"},\"thumbnailUrl\":\"https:\\\/\\\/i0.wp.com\\\/informatepy.com\\\/2024\\\/wp-content\\\/uploads\\\/2025\\\/12\\\/pesebre-bruselas.jpg?fit=1200%2C671&ssl=1\",\"keywords\":[\"belgica\",\"bruselas\",\"destacada\",\"islamismo\",\"noticias del mundo\"],\"articleSection\":[\"Mundo\"],\"inLanguage\":\"es\",\"potentialAction\":[{\"@type\":\"CommentAction\",\"name\":\"Comment\",\"target\":[\"https:\\\/\\\/informatepy.com\\\/2024\\\/2025\\\/12\\\/11\\\/36145\\\/#respond\"]}]},{\"@type\":\"WebPage\",\"@id\":\"https:\\\/\\\/informatepy.com\\\/2024\\\/2025\\\/12\\\/11\\\/36145\\\/\",\"url\":\"https:\\\/\\\/informatepy.com\\\/2024\\\/2025\\\/12\\\/11\\\/36145\\\/\",\"name\":\"Vandalizan el pesebre de la Grand-Place de Bruselas con un grafiti \u00abPalestina Libre\u00bb - Informate Py Creemos en la libertad de expresi\u00f3n y en la capacidad de la gente de reflexionar\u00a0por\u00a0si\u00a0misma\",\"isPartOf\":{\"@id\":\"https:\\\/\\\/informatepy.com\\\/2024\\\/#website\"},\"primaryImageOfPage\":{\"@id\":\"https:\\\/\\\/informatepy.com\\\/2024\\\/2025\\\/12\\\/11\\\/36145\\\/#primaryimage\"},\"image\":{\"@id\":\"https:\\\/\\\/informatepy.com\\\/2024\\\/2025\\\/12\\\/11\\\/36145\\\/#primaryimage\"},\"thumbnailUrl\":\"https:\\\/\\\/i0.wp.com\\\/informatepy.com\\\/2024\\\/wp-content\\\/uploads\\\/2025\\\/12\\\/pesebre-bruselas.jpg?fit=1200%2C671&ssl=1\",\"datePublished\":\"2025-12-11T20:31:32+00:00\",\"dateModified\":\"2025-12-11T20:32:36+00:00\",\"breadcrumb\":{\"@id\":\"https:\\\/\\\/informatepy.com\\\/2024\\\/2025\\\/12\\\/11\\\/36145\\\/#breadcrumb\"},\"inLanguage\":\"es\",\"potentialAction\":[{\"@type\":\"ReadAction\",\"target\":[\"https:\\\/\\\/informatepy.com\\\/2024\\\/2025\\\/12\\\/11\\\/36145\\\/\"]}]},{\"@type\":\"ImageObject\",\"inLanguage\":\"es\",\"@id\":\"https:\\\/\\\/informatepy.com\\\/2024\\\/2025\\\/12\\\/11\\\/36145\\\/#primaryimage\",\"url\":\"https:\\\/\\\/i0.wp.com\\\/informatepy.com\\\/2024\\\/wp-content\\\/uploads\\\/2025\\\/12\\\/pesebre-bruselas.jpg?fit=1200%2C671&ssl=1\",\"contentUrl\":\"https:\\\/\\\/i0.wp.com\\\/informatepy.com\\\/2024\\\/wp-content\\\/uploads\\\/2025\\\/12\\\/pesebre-bruselas.jpg?fit=1200%2C671&ssl=1\",\"width\":1200,\"height\":671},{\"@type\":\"BreadcrumbList\",\"@id\":\"https:\\\/\\\/informatepy.com\\\/2024\\\/2025\\\/12\\\/11\\\/36145\\\/#breadcrumb\",\"itemListElement\":[{\"@type\":\"ListItem\",\"position\":1,\"name\":\"Portada\",\"item\":\"https:\\\/\\\/informatepy.com\\\/2024\\\/\"},{\"@type\":\"ListItem\",\"position\":2,\"name\":\"Vandalizan el pesebre de la Grand-Place de Bruselas con un grafiti \u00abPalestina Libre\u00bb\"}]},{\"@type\":\"WebSite\",\"@id\":\"https:\\\/\\\/informatepy.com\\\/2024\\\/#website\",\"url\":\"https:\\\/\\\/informatepy.com\\\/2024\\\/\",\"name\":\"Informate Py Creemos en la libertad de expresi\u00f3n y en la capacidad de la gente de reflexionar\u00a0por\u00a0si\u00a0misma\",\"description\":\"InformatePy\",\"publisher\":{\"@id\":\"https:\\\/\\\/informatepy.com\\\/2024\\\/#organization\"},\"potentialAction\":[{\"@type\":\"SearchAction\",\"target\":{\"@type\":\"EntryPoint\",\"urlTemplate\":\"https:\\\/\\\/informatepy.com\\\/2024\\\/?s={search_term_string}\"},\"query-input\":{\"@type\":\"PropertyValueSpecification\",\"valueRequired\":true,\"valueName\":\"search_term_string\"}}],\"inLanguage\":\"es\"},{\"@type\":\"Organization\",\"@id\":\"https:\\\/\\\/informatepy.com\\\/2024\\\/#organization\",\"name\":\"Informate Py Creemos en la libertad de expresi\u00f3n y en la capacidad de la gente de reflexionar\u00a0por\u00a0si\u00a0misma\",\"url\":\"https:\\\/\\\/informatepy.com\\\/2024\\\/\",\"logo\":{\"@type\":\"ImageObject\",\"inLanguage\":\"es\",\"@id\":\"https:\\\/\\\/informatepy.com\\\/2024\\\/#\\\/schema\\\/logo\\\/image\\\/\",\"url\":\"https:\\\/\\\/i0.wp.com\\\/informatepy.com\\\/2024\\\/wp-content\\\/uploads\\\/2024\\\/02\\\/Logotipo-sin-fondo-informate-py500.png?fit=500%2C94&ssl=1\",\"contentUrl\":\"https:\\\/\\\/i0.wp.com\\\/informatepy.com\\\/2024\\\/wp-content\\\/uploads\\\/2024\\\/02\\\/Logotipo-sin-fondo-informate-py500.png?fit=500%2C94&ssl=1\",\"width\":500,\"height\":94,\"caption\":\"Informate Py Creemos en la libertad de expresi\u00f3n y en la capacidad de la gente de reflexionar\u00a0por\u00a0si\u00a0misma\"},\"image\":{\"@id\":\"https:\\\/\\\/informatepy.com\\\/2024\\\/#\\\/schema\\\/logo\\\/image\\\/\"}},{\"@type\":\"Person\",\"@id\":\"https:\\\/\\\/informatepy.com\\\/2024\\\/#\\\/schema\\\/person\\\/98728344b91c548ef8544c80daf58463\",\"name\":\"Redacci\u00f3n\",\"image\":{\"@type\":\"ImageObject\",\"inLanguage\":\"es\",\"@id\":\"https:\\\/\\\/informatepy.com\\\/2024\\\/wp-content\\\/uploads\\\/2024\\\/02\\\/cropped-Isologo-sin-fondo.png9c354f01c536b2d49dbb929e96603401\",\"url\":\"https:\\\/\\\/informatepy.com\\\/2024\\\/wp-content\\\/uploads\\\/2024\\\/02\\\/cropped-Isologo-sin-fondo.png\",\"contentUrl\":\"https:\\\/\\\/informatepy.com\\\/2024\\\/wp-content\\\/uploads\\\/2024\\\/02\\\/cropped-Isologo-sin-fondo.png\",\"caption\":\"Redacci\u00f3n\"},\"sameAs\":[\"https:\\\/\\\/www.facebook.com\\\/InformatePyCom\",\"https:\\\/\\\/x.com\\\/https:\\\/\\\/twitter.com\\\/InformatePy1\"],\"url\":\"https:\\\/\\\/informatepy.com\\\/2024\\\/author\\\/redaccion\\\/\"}]}<\/script>\n<!-- \/ Yoast SEO plugin. -->","yoast_head_json":{"title":"Vandalizan el pesebre de la Grand-Place de Bruselas con un grafiti \u00abPalestina Libre\u00bb - Informate Py Creemos en la libertad de expresi\u00f3n y en la capacidad de la gente de reflexionar\u00a0por\u00a0si\u00a0misma","robots":{"index":"index","follow":"follow","max-snippet":"max-snippet:-1","max-image-preview":"max-image-preview:large","max-video-preview":"max-video-preview:-1"},"canonical":"https:\/\/informatepy.com\/2024\/2025\/12\/11\/36145\/","og_locale":"es_ES","og_type":"article","og_title":"Vandalizan el pesebre de la Grand-Place de Bruselas con un grafiti \u00abPalestina Libre\u00bb - Informate Py Creemos en la libertad de expresi\u00f3n y en la capacidad de la gente de reflexionar\u00a0por\u00a0si\u00a0misma","og_description":"El tradicional pesebre instalado en la emblem\u00e1tica Grand-Place de Bruselas, uno de los principales atractivos tur\u00edsticos de la temporada navide\u00f1a en la capital belga, fue vandalizado con grafitis de contenido pol\u00edtico. Sobre la lona blanca que resguarda la escenograf\u00eda del pesebre, apareci\u00f3 pintado con aerosol el mensaje \u00abPalestina Libre\u00bb, en un acto que r\u00e1pidamente gener\u00f3 [&hellip;]","og_url":"https:\/\/informatepy.com\/2024\/2025\/12\/11\/36145\/","og_site_name":"Informate Py Creemos en la libertad de expresi\u00f3n y en la capacidad de la gente de reflexionar\u00a0por\u00a0si\u00a0misma","article_author":"https:\/\/www.facebook.com\/InformatePyCom","article_published_time":"2025-12-11T20:31:32+00:00","article_modified_time":"2025-12-11T20:32:36+00:00","og_image":[{"width":1200,"height":671,"url":"https:\/\/informatepy.com\/2024\/wp-content\/uploads\/2025\/12\/pesebre-bruselas.jpg","type":"image\/jpeg"}],"author":"Redacci\u00f3n","twitter_card":"summary_large_image","twitter_creator":"@https:\/\/twitter.com\/InformatePy1","twitter_misc":{"Escrito por":"Redacci\u00f3n","Tiempo de lectura":"2 minutos"},"schema":{"@context":"https:\/\/schema.org","@graph":[{"@type":"Article","@id":"https:\/\/informatepy.com\/2024\/2025\/12\/11\/36145\/#article","isPartOf":{"@id":"https:\/\/informatepy.com\/2024\/2025\/12\/11\/36145\/"},"author":{"name":"Redacci\u00f3n","@id":"https:\/\/informatepy.com\/2024\/#\/schema\/person\/98728344b91c548ef8544c80daf58463"},"headline":"Vandalizan el pesebre de la Grand-Place de Bruselas con un grafiti \u00abPalestina Libre\u00bb","datePublished":"2025-12-11T20:31:32+00:00","dateModified":"2025-12-11T20:32:36+00:00","mainEntityOfPage":{"@id":"https:\/\/informatepy.com\/2024\/2025\/12\/11\/36145\/"},"wordCount":298,"commentCount":0,"publisher":{"@id":"https:\/\/informatepy.com\/2024\/#organization"},"image":{"@id":"https:\/\/informatepy.com\/2024\/2025\/12\/11\/36145\/#primaryimage"},"thumbnailUrl":"https:\/\/i0.wp.com\/informatepy.com\/2024\/wp-content\/uploads\/2025\/12\/pesebre-bruselas.jpg?fit=1200%2C671&ssl=1","keywords":["belgica","bruselas","destacada","islamismo","noticias del mundo"],"articleSection":["Mundo"],"inLanguage":"es","potentialAction":[{"@type":"CommentAction","name":"Comment","target":["https:\/\/informatepy.com\/2024\/2025\/12\/11\/36145\/#respond"]}]},{"@type":"WebPage","@id":"https:\/\/informatepy.com\/2024\/2025\/12\/11\/36145\/","url":"https:\/\/informatepy.com\/2024\/2025\/12\/11\/36145\/","name":"Vandalizan el pesebre de la Grand-Place de Bruselas con un grafiti \u00abPalestina Libre\u00bb - Informate Py Creemos en la libertad de expresi\u00f3n y en la capacidad de la gente de reflexionar\u00a0por\u00a0si\u00a0misma","isPartOf":{"@id":"https:\/\/informatepy.com\/2024\/#website"},"primaryImageOfPage":{"@id":"https:\/\/informatepy.com\/2024\/2025\/12\/11\/36145\/#primaryimage"},"image":{"@id":"https:\/\/informatepy.com\/2024\/2025\/12\/11\/36145\/#primaryimage"},"thumbnailUrl":"https:\/\/i0.wp.com\/informatepy.com\/2024\/wp-content\/uploads\/2025\/12\/pesebre-bruselas.jpg?fit=1200%2C671&ssl=1","datePublished":"2025-12-11T20:31:32+00:00","dateModified":"2025-12-11T20:32:36+00:00","breadcrumb":{"@id":"https:\/\/informatepy.com\/2024\/2025\/12\/11\/36145\/#breadcrumb"},"inLanguage":"es","potentialAction":[{"@type":"ReadAction","target":["https:\/\/informatepy.com\/2024\/2025\/12\/11\/36145\/"]}]},{"@type":"ImageObject","inLanguage":"es","@id":"https:\/\/informatepy.com\/2024\/2025\/12\/11\/36145\/#primaryimage","url":"https:\/\/i0.wp.com\/informatepy.com\/2024\/wp-content\/uploads\/2025\/12\/pesebre-bruselas.jpg?fit=1200%2C671&ssl=1","contentUrl":"https:\/\/i0.wp.com\/informatepy.com\/2024\/wp-content\/uploads\/2025\/12\/pesebre-bruselas.jpg?fit=1200%2C671&ssl=1","width":1200,"height":671},{"@type":"BreadcrumbList","@id":"https:\/\/informatepy.com\/2024\/2025\/12\/11\/36145\/#breadcrumb","itemListElement":[{"@type":"ListItem","position":1,"name":"Portada","item":"https:\/\/informatepy.com\/2024\/"},{"@type":"ListItem","position":2,"name":"Vandalizan el pesebre de la Grand-Place de Bruselas con un grafiti \u00abPalestina Libre\u00bb"}]},{"@type":"WebSite","@id":"https:\/\/informatepy.com\/2024\/#website","url":"https:\/\/informatepy.com\/2024\/","name":"Informate Py Creemos en la libertad de expresi\u00f3n y en la capacidad de la gente de reflexionar\u00a0por\u00a0si\u00a0misma","description":"InformatePy","publisher":{"@id":"https:\/\/informatepy.com\/2024\/#organization"},"potentialAction":[{"@type":"SearchAction","target":{"@type":"EntryPoint","urlTemplate":"https:\/\/informatepy.com\/2024\/?s={search_term_string}"},"query-input":{"@type":"PropertyValueSpecification","valueRequired":true,"valueName":"search_term_string"}}],"inLanguage":"es"},{"@type":"Organization","@id":"https:\/\/informatepy.com\/2024\/#organization","name":"Informate Py Creemos en la libertad de expresi\u00f3n y en la capacidad de la gente de reflexionar\u00a0por\u00a0si\u00a0misma","url":"https:\/\/informatepy.com\/2024\/","logo":{"@type":"ImageObject","inLanguage":"es","@id":"https:\/\/informatepy.com\/2024\/#\/schema\/logo\/image\/","url":"https:\/\/i0.wp.com\/informatepy.com\/2024\/wp-content\/uploads\/2024\/02\/Logotipo-sin-fondo-informate-py500.png?fit=500%2C94&ssl=1","contentUrl":"https:\/\/i0.wp.com\/informatepy.com\/2024\/wp-content\/uploads\/2024\/02\/Logotipo-sin-fondo-informate-py500.png?fit=500%2C94&ssl=1","width":500,"height":94,"caption":"Informate Py Creemos en la libertad de expresi\u00f3n y en la capacidad de la gente de reflexionar\u00a0por\u00a0si\u00a0misma"},"image":{"@id":"https:\/\/informatepy.com\/2024\/#\/schema\/logo\/image\/"}},{"@type":"Person","@id":"https:\/\/informatepy.com\/2024\/#\/schema\/person\/98728344b91c548ef8544c80daf58463","name":"Redacci\u00f3n","image":{"@type":"ImageObject","inLanguage":"es","@id":"https:\/\/informatepy.com\/2024\/wp-content\/uploads\/2024\/02\/cropped-Isologo-sin-fondo.png9c354f01c536b2d49dbb929e96603401","url":"https:\/\/informatepy.com\/2024\/wp-content\/uploads\/2024\/02\/cropped-Isologo-sin-fondo.png","contentUrl":"https:\/\/informatepy.com\/2024\/wp-content\/uploads\/2024\/02\/cropped-Isologo-sin-fondo.png","caption":"Redacci\u00f3n"},"sameAs":["https:\/\/www.facebook.com\/InformatePyCom","https:\/\/x.com\/https:\/\/twitter.com\/InformatePy1"],"url":"https:\/\/informatepy.com\/2024\/author\/redaccion\/"}]}},"jetpack_featured_media_url":"https:\/\/i0.wp.com\/informatepy.com\/2024\/wp-content\/uploads\/2025\/12\/pesebre-bruselas.jpg?fit=1200%2C671&ssl=1","jetpack-related-posts":[],"jetpack_sharing_enabled":true,"authors":[{"term_id":830,"user_id":3,"is_guest":0,"slug":"redaccion","display_name":"Redacci\u00f3n","avatar_url":{"url":"https:\/\/informatepy.com\/2024\/wp-content\/uploads\/2024\/02\/cropped-Isologo-sin-fondo.png","url2x":"https:\/\/informatepy.com\/2024\/wp-content\/uploads\/2024\/02\/cropped-Isologo-sin-fondo.png"},"author_category":"1","first_name":"Redacci\u00f3n","last_name":"","user_url":"","job_title":"","description":""}],"_links":{"self":[{"href":"https:\/\/informatepy.com\/2024\/wp-json\/wp\/v2\/posts\/36145","targetHints":{"allow":["GET"]}}],"collection":[{"href":"https:\/\/informatepy.com\/2024\/wp-json\/wp\/v2\/posts"}],"about":[{"href":"https:\/\/informatepy.com\/2024\/wp-json\/wp\/v2\/types\/post"}],"author":[{"embeddable":true,"href":"https:\/\/informatepy.com\/2024\/wp-json\/wp\/v2\/users\/3"}],"replies":[{"embeddable":true,"href":"https:\/\/informatepy.com\/2024\/wp-json\/wp\/v2\/comments?post=36145"}],"version-history":[{"count":2,"href":"https:\/\/informatepy.com\/2024\/wp-json\/wp\/v2\/posts\/36145\/revisions"}],"predecessor-version":[{"id":36148,"href":"https:\/\/informatepy.com\/2024\/wp-json\/wp\/v2\/posts\/36145\/revisions\/36148"}],"wp:featuredmedia":[{"embeddable":true,"href":"https:\/\/informatepy.com\/2024\/wp-json\/wp\/v2\/media\/36146"}],"wp:attachment":[{"href":"https:\/\/informatepy.com\/2024\/wp-json\/wp\/v2\/media?parent=36145"}],"wp:term":[{"taxonomy":"category","embeddable":true,"href":"https:\/\/informatepy.com\/2024\/wp-json\/wp\/v2\/categories?post=36145"},{"taxonomy":"post_tag","embeddable":true,"href":"https:\/\/informatepy.com\/2024\/wp-json\/wp\/v2\/tags?post=36145"},{"taxonomy":"jnews-series","embeddable":true,"href":"https:\/\/informatepy.com\/2024\/wp-json\/wp\/v2\/jnews-series?post=36145"},{"taxonomy":"author","embeddable":true,"href":"https:\/\/informatepy.com\/2024\/wp-json\/wp\/v2\/ppma_author?post=36145"}],"curies":[{"name":"wp","href":"https:\/\/api.w.org\/{rel}","templated":true}]}}