{"id":35915,"date":"2025-11-29T00:01:00","date_gmt":"2025-11-29T03:01:00","guid":{"rendered":"https:\/\/informatepy.com\/2024\/?p=35915"},"modified":"2025-11-29T08:48:14","modified_gmt":"2025-11-29T11:48:14","slug":"fundacion-nikkei-y-cetapar-lanzan-su-programa-de-formacion-profesional-agraria-para-2026","status":"publish","type":"post","link":"https:\/\/informatepy.com\/2024\/2025\/11\/29\/fundacion-nikkei-y-cetapar-lanzan-su-programa-de-formacion-profesional-agraria-para-2026\/","title":{"rendered":"Fundaci\u00f3n Nikkei &#8211; CETAPAR lanza su Programa de Formaci\u00f3n Profesional Agraria para 2026"},"content":{"rendered":"\n<p>La <strong>Fundaci\u00f3n Nikkei &#8211; Cetapar<\/strong>, anuncia la apertura de inscripciones para su programa de <strong>Formaci\u00f3n Profesional Agraria<\/strong>, un programa educativo inspirado en el prestigioso sistema dual alem\u00e1n que integra clases te\u00f3ricas con pr\u00e1cticas reales en empresas del sector agropecuario.<\/p>\n\n\n\n<p>Las clases iniciar\u00e1n el <strong>16 de marzo de 2026<\/strong> en el distrito de <strong>Yguaz\u00fa<\/strong>, sede del <strong>Centro Tecnol\u00f3gico Agropecuario del Paraguay (CETAPAR)<\/strong>. Al finalizar los dos a\u00f1os de formaci\u00f3n, los egresados recibir\u00e1n el t\u00edtulo de <strong>T\u00e9cnico Superior Agrario<\/strong>, con certificaci\u00f3n <strong>avalada por la C\u00e1mara Alemana de Comercio e Industria en Paraguay (AHK Paraguay)<\/strong>.<\/p>\n\n\n\n<p>El programa ofrece:<\/p>\n\n\n\n<ul class=\"wp-block-list\">\n<li><strong>2 a\u00f1os de formaci\u00f3n integral<\/strong><\/li>\n\n\n\n<li><strong>Experiencia directa en campo<\/strong> en empresas agropecuarias<\/li>\n\n\n\n<li><strong>Acompa\u00f1amiento t\u00e9cnico y acad\u00e9mico permanente<\/strong><\/li>\n\n\n\n<li>Una titulaci\u00f3n reconocida por un organismo internacional<\/li>\n<\/ul>\n\n\n\n<p>Adem\u00e1s, la instituci\u00f3n ofrece un <strong>50% de descuento en la matr\u00edcula hasta el 27 de febrero de 2026<\/strong>, facilitando el acceso a uno de los programas t\u00e9cnicos m\u00e1s completos del pa\u00eds.<\/p>\n\n\n\n<p>Para m\u00e1s informaci\u00f3n y consultas:<br>\ud83d\udce7 <a>formaciondual@cetapar.com.py<\/a><br>\ud83d\udcde (0993) 993-818<\/p>\n","protected":false},"excerpt":{"rendered":"<p>La Fundaci\u00f3n Nikkei &#8211; Cetapar, anuncia la apertura de inscripciones para su programa de Formaci\u00f3n Profesional Agraria, un programa educativo inspirado en el prestigioso sistema dual alem\u00e1n que integra clases te\u00f3ricas con pr\u00e1cticas reales en empresas del sector agropecuario. Las clases iniciar\u00e1n el 16 de marzo de 2026 en el distrito de Yguaz\u00fa, sede del [&hellip;]<\/p>\n","protected":false},"author":3,"featured_media":35916,"comment_status":"open","ping_status":"open","sticky":false,"template":"","format":"standard","meta":{"_jetpack_memberships_contains_paid_content":false,"jnews-multi-image_gallery":[],"jnews_single_post":{"format":"standard"},"jnews_primary_category":[],"jnews_override_bookmark_settings":[],"jnews_food_recipe":[],"enable_food_recipe":"","food_recipe_title":"","food_recipe_description":"","food_recipe_serve":"","food_recipe_time":"","food_recipe_prep":"","food_recipe_level":"","food_recipe_keywords":"","food_recipe_category":"","food_recipe_cuisine":"","food_recipe_yield":"","food_recipe_calories":"","enable_print_recipe":"","ingredient":[],"instruction":"","jnews_social_meta":[],"jnews_paywall_metabox":[],"jnews_review":[],"enable_review":"","type":"","name":"","summary":"","brand":"","sku":"","good":[],"bad":[],"score_override":"","override_value":"","rating":[],"price":[],"jnews_override_counter":[],"jnews_post_split":[],"jnews_podcast_option":[],"jnews_podcast_series":[],"footnotes":""},"categories":[43],"tags":[1886,1337,2160,831,2359],"jnews-series":[],"ppma_author":[830],"class_list":["post-35915","post","type-post","status-publish","format-standard","has-post-thumbnail","hentry","category-cultura","tag-agricultores","tag-agricultura","tag-cetapar","tag-destacada","tag-noticias-de-paraguay"],"yoast_head":"<!-- This site is optimized with the Yoast SEO plugin v27.5 - https:\/\/yoast.com\/product\/yoast-seo-wordpress\/ -->\n<title>Fundaci\u00f3n Nikkei - CETAPAR lanza su Programa de Formaci\u00f3n Profesional Agraria para 2026 - Informate Py Creemos en la libertad de expresi\u00f3n y en la capacidad de la gente de reflexionar\u00a0por\u00a0si\u00a0misma<\/title>\n<meta name=\"robots\" content=\"index, follow, max-snippet:-1, max-image-preview:large, max-video-preview:-1\" \/>\n<link rel=\"canonical\" href=\"https:\/\/informatepy.com\/2024\/2025\/11\/29\/fundacion-nikkei-y-cetapar-lanzan-su-programa-de-formacion-profesional-agraria-para-2026\/\" \/>\n<meta property=\"og:locale\" content=\"es_ES\" \/>\n<meta property=\"og:type\" content=\"article\" \/>\n<meta property=\"og:title\" content=\"Fundaci\u00f3n Nikkei - CETAPAR lanza su Programa de Formaci\u00f3n Profesional Agraria para 2026 - Informate Py Creemos en la libertad de expresi\u00f3n y en la capacidad de la gente de reflexionar\u00a0por\u00a0si\u00a0misma\" \/>\n<meta property=\"og:description\" content=\"La Fundaci\u00f3n Nikkei &#8211; Cetapar, anuncia la apertura de inscripciones para su programa de Formaci\u00f3n Profesional Agraria, un programa educativo inspirado en el prestigioso sistema dual alem\u00e1n que integra clases te\u00f3ricas con pr\u00e1cticas reales en empresas del sector agropecuario. Las clases iniciar\u00e1n el 16 de marzo de 2026 en el distrito de Yguaz\u00fa, sede del [&hellip;]\" \/>\n<meta property=\"og:url\" content=\"https:\/\/informatepy.com\/2024\/2025\/11\/29\/fundacion-nikkei-y-cetapar-lanzan-su-programa-de-formacion-profesional-agraria-para-2026\/\" \/>\n<meta property=\"og:site_name\" content=\"Informate Py Creemos en la libertad de expresi\u00f3n y en la capacidad de la gente de reflexionar\u00a0por\u00a0si\u00a0misma\" \/>\n<meta property=\"article:author\" content=\"https:\/\/www.facebook.com\/InformatePyCom\" \/>\n<meta property=\"article:published_time\" content=\"2025-11-29T03:01:00+00:00\" \/>\n<meta property=\"article:modified_time\" content=\"2025-11-29T11:48:14+00:00\" \/>\n<meta property=\"og:image\" content=\"https:\/\/informatepy.com\/2024\/wp-content\/uploads\/2025\/11\/formacion-agraria.jpg\" \/>\n\t<meta property=\"og:image:width\" content=\"1200\" \/>\n\t<meta property=\"og:image:height\" content=\"673\" \/>\n\t<meta property=\"og:image:type\" content=\"image\/jpeg\" \/>\n<meta name=\"author\" content=\"Redacci\u00f3n\" \/>\n<meta name=\"twitter:card\" content=\"summary_large_image\" \/>\n<meta name=\"twitter:creator\" content=\"@https:\/\/twitter.com\/InformatePy1\" \/>\n<meta name=\"twitter:label1\" content=\"Escrito por\" \/>\n\t<meta name=\"twitter:data1\" content=\"Redacci\u00f3n\" \/>\n\t<meta name=\"twitter:label2\" content=\"Tiempo de lectura\" \/>\n\t<meta name=\"twitter:data2\" content=\"1 minuto\" \/>\n<script type=\"application\/ld+json\" class=\"yoast-schema-graph\">{\"@context\":\"https:\\\/\\\/schema.org\",\"@graph\":[{\"@type\":\"Article\",\"@id\":\"https:\\\/\\\/informatepy.com\\\/2024\\\/2025\\\/11\\\/29\\\/fundacion-nikkei-y-cetapar-lanzan-su-programa-de-formacion-profesional-agraria-para-2026\\\/#article\",\"isPartOf\":{\"@id\":\"https:\\\/\\\/informatepy.com\\\/2024\\\/2025\\\/11\\\/29\\\/fundacion-nikkei-y-cetapar-lanzan-su-programa-de-formacion-profesional-agraria-para-2026\\\/\"},\"author\":{\"name\":\"Redacci\u00f3n\",\"@id\":\"https:\\\/\\\/informatepy.com\\\/2024\\\/#\\\/schema\\\/person\\\/98728344b91c548ef8544c80daf58463\"},\"headline\":\"Fundaci\u00f3n Nikkei &#8211; CETAPAR lanza su Programa de Formaci\u00f3n Profesional Agraria para 2026\",\"datePublished\":\"2025-11-29T03:01:00+00:00\",\"dateModified\":\"2025-11-29T11:48:14+00:00\",\"mainEntityOfPage\":{\"@id\":\"https:\\\/\\\/informatepy.com\\\/2024\\\/2025\\\/11\\\/29\\\/fundacion-nikkei-y-cetapar-lanzan-su-programa-de-formacion-profesional-agraria-para-2026\\\/\"},\"wordCount\":196,\"commentCount\":0,\"publisher\":{\"@id\":\"https:\\\/\\\/informatepy.com\\\/2024\\\/#organization\"},\"image\":{\"@id\":\"https:\\\/\\\/informatepy.com\\\/2024\\\/2025\\\/11\\\/29\\\/fundacion-nikkei-y-cetapar-lanzan-su-programa-de-formacion-profesional-agraria-para-2026\\\/#primaryimage\"},\"thumbnailUrl\":\"https:\\\/\\\/i0.wp.com\\\/informatepy.com\\\/2024\\\/wp-content\\\/uploads\\\/2025\\\/11\\\/formacion-agraria.jpg?fit=1200%2C673&ssl=1\",\"keywords\":[\"agricultores\",\"agricultura\",\"cetapar\",\"destacada\",\"noticias de paraguay\"],\"articleSection\":[\"Cultura\"],\"inLanguage\":\"es\",\"potentialAction\":[{\"@type\":\"CommentAction\",\"name\":\"Comment\",\"target\":[\"https:\\\/\\\/informatepy.com\\\/2024\\\/2025\\\/11\\\/29\\\/fundacion-nikkei-y-cetapar-lanzan-su-programa-de-formacion-profesional-agraria-para-2026\\\/#respond\"]}]},{\"@type\":\"WebPage\",\"@id\":\"https:\\\/\\\/informatepy.com\\\/2024\\\/2025\\\/11\\\/29\\\/fundacion-nikkei-y-cetapar-lanzan-su-programa-de-formacion-profesional-agraria-para-2026\\\/\",\"url\":\"https:\\\/\\\/informatepy.com\\\/2024\\\/2025\\\/11\\\/29\\\/fundacion-nikkei-y-cetapar-lanzan-su-programa-de-formacion-profesional-agraria-para-2026\\\/\",\"name\":\"Fundaci\u00f3n Nikkei - CETAPAR lanza su Programa de Formaci\u00f3n Profesional Agraria para 2026 - Informate Py Creemos en la libertad de expresi\u00f3n y en la capacidad de la gente de reflexionar\u00a0por\u00a0si\u00a0misma\",\"isPartOf\":{\"@id\":\"https:\\\/\\\/informatepy.com\\\/2024\\\/#website\"},\"primaryImageOfPage\":{\"@id\":\"https:\\\/\\\/informatepy.com\\\/2024\\\/2025\\\/11\\\/29\\\/fundacion-nikkei-y-cetapar-lanzan-su-programa-de-formacion-profesional-agraria-para-2026\\\/#primaryimage\"},\"image\":{\"@id\":\"https:\\\/\\\/informatepy.com\\\/2024\\\/2025\\\/11\\\/29\\\/fundacion-nikkei-y-cetapar-lanzan-su-programa-de-formacion-profesional-agraria-para-2026\\\/#primaryimage\"},\"thumbnailUrl\":\"https:\\\/\\\/i0.wp.com\\\/informatepy.com\\\/2024\\\/wp-content\\\/uploads\\\/2025\\\/11\\\/formacion-agraria.jpg?fit=1200%2C673&ssl=1\",\"datePublished\":\"2025-11-29T03:01:00+00:00\",\"dateModified\":\"2025-11-29T11:48:14+00:00\",\"breadcrumb\":{\"@id\":\"https:\\\/\\\/informatepy.com\\\/2024\\\/2025\\\/11\\\/29\\\/fundacion-nikkei-y-cetapar-lanzan-su-programa-de-formacion-profesional-agraria-para-2026\\\/#breadcrumb\"},\"inLanguage\":\"es\",\"potentialAction\":[{\"@type\":\"ReadAction\",\"target\":[\"https:\\\/\\\/informatepy.com\\\/2024\\\/2025\\\/11\\\/29\\\/fundacion-nikkei-y-cetapar-lanzan-su-programa-de-formacion-profesional-agraria-para-2026\\\/\"]}]},{\"@type\":\"ImageObject\",\"inLanguage\":\"es\",\"@id\":\"https:\\\/\\\/informatepy.com\\\/2024\\\/2025\\\/11\\\/29\\\/fundacion-nikkei-y-cetapar-lanzan-su-programa-de-formacion-profesional-agraria-para-2026\\\/#primaryimage\",\"url\":\"https:\\\/\\\/i0.wp.com\\\/informatepy.com\\\/2024\\\/wp-content\\\/uploads\\\/2025\\\/11\\\/formacion-agraria.jpg?fit=1200%2C673&ssl=1\",\"contentUrl\":\"https:\\\/\\\/i0.wp.com\\\/informatepy.com\\\/2024\\\/wp-content\\\/uploads\\\/2025\\\/11\\\/formacion-agraria.jpg?fit=1200%2C673&ssl=1\",\"width\":1200,\"height\":673},{\"@type\":\"BreadcrumbList\",\"@id\":\"https:\\\/\\\/informatepy.com\\\/2024\\\/2025\\\/11\\\/29\\\/fundacion-nikkei-y-cetapar-lanzan-su-programa-de-formacion-profesional-agraria-para-2026\\\/#breadcrumb\",\"itemListElement\":[{\"@type\":\"ListItem\",\"position\":1,\"name\":\"Portada\",\"item\":\"https:\\\/\\\/informatepy.com\\\/2024\\\/\"},{\"@type\":\"ListItem\",\"position\":2,\"name\":\"Fundaci\u00f3n Nikkei &#8211; CETAPAR lanza su Programa de Formaci\u00f3n Profesional Agraria para 2026\"}]},{\"@type\":\"WebSite\",\"@id\":\"https:\\\/\\\/informatepy.com\\\/2024\\\/#website\",\"url\":\"https:\\\/\\\/informatepy.com\\\/2024\\\/\",\"name\":\"Informate Py Creemos en la libertad de expresi\u00f3n y en la capacidad de la gente de reflexionar\u00a0por\u00a0si\u00a0misma\",\"description\":\"InformatePy\",\"publisher\":{\"@id\":\"https:\\\/\\\/informatepy.com\\\/2024\\\/#organization\"},\"potentialAction\":[{\"@type\":\"SearchAction\",\"target\":{\"@type\":\"EntryPoint\",\"urlTemplate\":\"https:\\\/\\\/informatepy.com\\\/2024\\\/?s={search_term_string}\"},\"query-input\":{\"@type\":\"PropertyValueSpecification\",\"valueRequired\":true,\"valueName\":\"search_term_string\"}}],\"inLanguage\":\"es\"},{\"@type\":\"Organization\",\"@id\":\"https:\\\/\\\/informatepy.com\\\/2024\\\/#organization\",\"name\":\"Informate Py Creemos en la libertad de expresi\u00f3n y en la capacidad de la gente de reflexionar\u00a0por\u00a0si\u00a0misma\",\"url\":\"https:\\\/\\\/informatepy.com\\\/2024\\\/\",\"logo\":{\"@type\":\"ImageObject\",\"inLanguage\":\"es\",\"@id\":\"https:\\\/\\\/informatepy.com\\\/2024\\\/#\\\/schema\\\/logo\\\/image\\\/\",\"url\":\"https:\\\/\\\/i0.wp.com\\\/informatepy.com\\\/2024\\\/wp-content\\\/uploads\\\/2024\\\/02\\\/Logotipo-sin-fondo-informate-py500.png?fit=500%2C94&ssl=1\",\"contentUrl\":\"https:\\\/\\\/i0.wp.com\\\/informatepy.com\\\/2024\\\/wp-content\\\/uploads\\\/2024\\\/02\\\/Logotipo-sin-fondo-informate-py500.png?fit=500%2C94&ssl=1\",\"width\":500,\"height\":94,\"caption\":\"Informate Py Creemos en la libertad de expresi\u00f3n y en la capacidad de la gente de reflexionar\u00a0por\u00a0si\u00a0misma\"},\"image\":{\"@id\":\"https:\\\/\\\/informatepy.com\\\/2024\\\/#\\\/schema\\\/logo\\\/image\\\/\"}},{\"@type\":\"Person\",\"@id\":\"https:\\\/\\\/informatepy.com\\\/2024\\\/#\\\/schema\\\/person\\\/98728344b91c548ef8544c80daf58463\",\"name\":\"Redacci\u00f3n\",\"image\":{\"@type\":\"ImageObject\",\"inLanguage\":\"es\",\"@id\":\"https:\\\/\\\/informatepy.com\\\/2024\\\/wp-content\\\/uploads\\\/2024\\\/02\\\/cropped-Isologo-sin-fondo.png9c354f01c536b2d49dbb929e96603401\",\"url\":\"https:\\\/\\\/informatepy.com\\\/2024\\\/wp-content\\\/uploads\\\/2024\\\/02\\\/cropped-Isologo-sin-fondo.png\",\"contentUrl\":\"https:\\\/\\\/informatepy.com\\\/2024\\\/wp-content\\\/uploads\\\/2024\\\/02\\\/cropped-Isologo-sin-fondo.png\",\"caption\":\"Redacci\u00f3n\"},\"sameAs\":[\"https:\\\/\\\/www.facebook.com\\\/InformatePyCom\",\"https:\\\/\\\/x.com\\\/https:\\\/\\\/twitter.com\\\/InformatePy1\"],\"url\":\"https:\\\/\\\/informatepy.com\\\/2024\\\/author\\\/redaccion\\\/\"}]}<\/script>\n<!-- \/ Yoast SEO plugin. -->","yoast_head_json":{"title":"Fundaci\u00f3n Nikkei - CETAPAR lanza su Programa de Formaci\u00f3n Profesional Agraria para 2026 - Informate Py Creemos en la libertad de expresi\u00f3n y en la capacidad de la gente de reflexionar\u00a0por\u00a0si\u00a0misma","robots":{"index":"index","follow":"follow","max-snippet":"max-snippet:-1","max-image-preview":"max-image-preview:large","max-video-preview":"max-video-preview:-1"},"canonical":"https:\/\/informatepy.com\/2024\/2025\/11\/29\/fundacion-nikkei-y-cetapar-lanzan-su-programa-de-formacion-profesional-agraria-para-2026\/","og_locale":"es_ES","og_type":"article","og_title":"Fundaci\u00f3n Nikkei - CETAPAR lanza su Programa de Formaci\u00f3n Profesional Agraria para 2026 - Informate Py Creemos en la libertad de expresi\u00f3n y en la capacidad de la gente de reflexionar\u00a0por\u00a0si\u00a0misma","og_description":"La Fundaci\u00f3n Nikkei &#8211; Cetapar, anuncia la apertura de inscripciones para su programa de Formaci\u00f3n Profesional Agraria, un programa educativo inspirado en el prestigioso sistema dual alem\u00e1n que integra clases te\u00f3ricas con pr\u00e1cticas reales en empresas del sector agropecuario. Las clases iniciar\u00e1n el 16 de marzo de 2026 en el distrito de Yguaz\u00fa, sede del [&hellip;]","og_url":"https:\/\/informatepy.com\/2024\/2025\/11\/29\/fundacion-nikkei-y-cetapar-lanzan-su-programa-de-formacion-profesional-agraria-para-2026\/","og_site_name":"Informate Py Creemos en la libertad de expresi\u00f3n y en la capacidad de la gente de reflexionar\u00a0por\u00a0si\u00a0misma","article_author":"https:\/\/www.facebook.com\/InformatePyCom","article_published_time":"2025-11-29T03:01:00+00:00","article_modified_time":"2025-11-29T11:48:14+00:00","og_image":[{"width":1200,"height":673,"url":"https:\/\/informatepy.com\/2024\/wp-content\/uploads\/2025\/11\/formacion-agraria.jpg","type":"image\/jpeg"}],"author":"Redacci\u00f3n","twitter_card":"summary_large_image","twitter_creator":"@https:\/\/twitter.com\/InformatePy1","twitter_misc":{"Escrito por":"Redacci\u00f3n","Tiempo de lectura":"1 minuto"},"schema":{"@context":"https:\/\/schema.org","@graph":[{"@type":"Article","@id":"https:\/\/informatepy.com\/2024\/2025\/11\/29\/fundacion-nikkei-y-cetapar-lanzan-su-programa-de-formacion-profesional-agraria-para-2026\/#article","isPartOf":{"@id":"https:\/\/informatepy.com\/2024\/2025\/11\/29\/fundacion-nikkei-y-cetapar-lanzan-su-programa-de-formacion-profesional-agraria-para-2026\/"},"author":{"name":"Redacci\u00f3n","@id":"https:\/\/informatepy.com\/2024\/#\/schema\/person\/98728344b91c548ef8544c80daf58463"},"headline":"Fundaci\u00f3n Nikkei &#8211; CETAPAR lanza su Programa de Formaci\u00f3n Profesional Agraria para 2026","datePublished":"2025-11-29T03:01:00+00:00","dateModified":"2025-11-29T11:48:14+00:00","mainEntityOfPage":{"@id":"https:\/\/informatepy.com\/2024\/2025\/11\/29\/fundacion-nikkei-y-cetapar-lanzan-su-programa-de-formacion-profesional-agraria-para-2026\/"},"wordCount":196,"commentCount":0,"publisher":{"@id":"https:\/\/informatepy.com\/2024\/#organization"},"image":{"@id":"https:\/\/informatepy.com\/2024\/2025\/11\/29\/fundacion-nikkei-y-cetapar-lanzan-su-programa-de-formacion-profesional-agraria-para-2026\/#primaryimage"},"thumbnailUrl":"https:\/\/i0.wp.com\/informatepy.com\/2024\/wp-content\/uploads\/2025\/11\/formacion-agraria.jpg?fit=1200%2C673&ssl=1","keywords":["agricultores","agricultura","cetapar","destacada","noticias de paraguay"],"articleSection":["Cultura"],"inLanguage":"es","potentialAction":[{"@type":"CommentAction","name":"Comment","target":["https:\/\/informatepy.com\/2024\/2025\/11\/29\/fundacion-nikkei-y-cetapar-lanzan-su-programa-de-formacion-profesional-agraria-para-2026\/#respond"]}]},{"@type":"WebPage","@id":"https:\/\/informatepy.com\/2024\/2025\/11\/29\/fundacion-nikkei-y-cetapar-lanzan-su-programa-de-formacion-profesional-agraria-para-2026\/","url":"https:\/\/informatepy.com\/2024\/2025\/11\/29\/fundacion-nikkei-y-cetapar-lanzan-su-programa-de-formacion-profesional-agraria-para-2026\/","name":"Fundaci\u00f3n Nikkei - CETAPAR lanza su Programa de Formaci\u00f3n Profesional Agraria para 2026 - Informate Py Creemos en la libertad de expresi\u00f3n y en la capacidad de la gente de reflexionar\u00a0por\u00a0si\u00a0misma","isPartOf":{"@id":"https:\/\/informatepy.com\/2024\/#website"},"primaryImageOfPage":{"@id":"https:\/\/informatepy.com\/2024\/2025\/11\/29\/fundacion-nikkei-y-cetapar-lanzan-su-programa-de-formacion-profesional-agraria-para-2026\/#primaryimage"},"image":{"@id":"https:\/\/informatepy.com\/2024\/2025\/11\/29\/fundacion-nikkei-y-cetapar-lanzan-su-programa-de-formacion-profesional-agraria-para-2026\/#primaryimage"},"thumbnailUrl":"https:\/\/i0.wp.com\/informatepy.com\/2024\/wp-content\/uploads\/2025\/11\/formacion-agraria.jpg?fit=1200%2C673&ssl=1","datePublished":"2025-11-29T03:01:00+00:00","dateModified":"2025-11-29T11:48:14+00:00","breadcrumb":{"@id":"https:\/\/informatepy.com\/2024\/2025\/11\/29\/fundacion-nikkei-y-cetapar-lanzan-su-programa-de-formacion-profesional-agraria-para-2026\/#breadcrumb"},"inLanguage":"es","potentialAction":[{"@type":"ReadAction","target":["https:\/\/informatepy.com\/2024\/2025\/11\/29\/fundacion-nikkei-y-cetapar-lanzan-su-programa-de-formacion-profesional-agraria-para-2026\/"]}]},{"@type":"ImageObject","inLanguage":"es","@id":"https:\/\/informatepy.com\/2024\/2025\/11\/29\/fundacion-nikkei-y-cetapar-lanzan-su-programa-de-formacion-profesional-agraria-para-2026\/#primaryimage","url":"https:\/\/i0.wp.com\/informatepy.com\/2024\/wp-content\/uploads\/2025\/11\/formacion-agraria.jpg?fit=1200%2C673&ssl=1","contentUrl":"https:\/\/i0.wp.com\/informatepy.com\/2024\/wp-content\/uploads\/2025\/11\/formacion-agraria.jpg?fit=1200%2C673&ssl=1","width":1200,"height":673},{"@type":"BreadcrumbList","@id":"https:\/\/informatepy.com\/2024\/2025\/11\/29\/fundacion-nikkei-y-cetapar-lanzan-su-programa-de-formacion-profesional-agraria-para-2026\/#breadcrumb","itemListElement":[{"@type":"ListItem","position":1,"name":"Portada","item":"https:\/\/informatepy.com\/2024\/"},{"@type":"ListItem","position":2,"name":"Fundaci\u00f3n Nikkei &#8211; CETAPAR lanza su Programa de Formaci\u00f3n Profesional Agraria para 2026"}]},{"@type":"WebSite","@id":"https:\/\/informatepy.com\/2024\/#website","url":"https:\/\/informatepy.com\/2024\/","name":"Informate Py Creemos en la libertad de expresi\u00f3n y en la capacidad de la gente de reflexionar\u00a0por\u00a0si\u00a0misma","description":"InformatePy","publisher":{"@id":"https:\/\/informatepy.com\/2024\/#organization"},"potentialAction":[{"@type":"SearchAction","target":{"@type":"EntryPoint","urlTemplate":"https:\/\/informatepy.com\/2024\/?s={search_term_string}"},"query-input":{"@type":"PropertyValueSpecification","valueRequired":true,"valueName":"search_term_string"}}],"inLanguage":"es"},{"@type":"Organization","@id":"https:\/\/informatepy.com\/2024\/#organization","name":"Informate Py Creemos en la libertad de expresi\u00f3n y en la capacidad de la gente de reflexionar\u00a0por\u00a0si\u00a0misma","url":"https:\/\/informatepy.com\/2024\/","logo":{"@type":"ImageObject","inLanguage":"es","@id":"https:\/\/informatepy.com\/2024\/#\/schema\/logo\/image\/","url":"https:\/\/i0.wp.com\/informatepy.com\/2024\/wp-content\/uploads\/2024\/02\/Logotipo-sin-fondo-informate-py500.png?fit=500%2C94&ssl=1","contentUrl":"https:\/\/i0.wp.com\/informatepy.com\/2024\/wp-content\/uploads\/2024\/02\/Logotipo-sin-fondo-informate-py500.png?fit=500%2C94&ssl=1","width":500,"height":94,"caption":"Informate Py Creemos en la libertad de expresi\u00f3n y en la capacidad de la gente de reflexionar\u00a0por\u00a0si\u00a0misma"},"image":{"@id":"https:\/\/informatepy.com\/2024\/#\/schema\/logo\/image\/"}},{"@type":"Person","@id":"https:\/\/informatepy.com\/2024\/#\/schema\/person\/98728344b91c548ef8544c80daf58463","name":"Redacci\u00f3n","image":{"@type":"ImageObject","inLanguage":"es","@id":"https:\/\/informatepy.com\/2024\/wp-content\/uploads\/2024\/02\/cropped-Isologo-sin-fondo.png9c354f01c536b2d49dbb929e96603401","url":"https:\/\/informatepy.com\/2024\/wp-content\/uploads\/2024\/02\/cropped-Isologo-sin-fondo.png","contentUrl":"https:\/\/informatepy.com\/2024\/wp-content\/uploads\/2024\/02\/cropped-Isologo-sin-fondo.png","caption":"Redacci\u00f3n"},"sameAs":["https:\/\/www.facebook.com\/InformatePyCom","https:\/\/x.com\/https:\/\/twitter.com\/InformatePy1"],"url":"https:\/\/informatepy.com\/2024\/author\/redaccion\/"}]}},"jetpack_featured_media_url":"https:\/\/i0.wp.com\/informatepy.com\/2024\/wp-content\/uploads\/2025\/11\/formacion-agraria.jpg?fit=1200%2C673&ssl=1","jetpack-related-posts":[],"jetpack_sharing_enabled":true,"authors":[{"term_id":830,"user_id":3,"is_guest":0,"slug":"redaccion","display_name":"Redacci\u00f3n","avatar_url":{"url":"https:\/\/informatepy.com\/2024\/wp-content\/uploads\/2024\/02\/cropped-Isologo-sin-fondo.png","url2x":"https:\/\/informatepy.com\/2024\/wp-content\/uploads\/2024\/02\/cropped-Isologo-sin-fondo.png"},"author_category":"1","first_name":"Redacci\u00f3n","last_name":"","user_url":"","job_title":"","description":""}],"_links":{"self":[{"href":"https:\/\/informatepy.com\/2024\/wp-json\/wp\/v2\/posts\/35915","targetHints":{"allow":["GET"]}}],"collection":[{"href":"https:\/\/informatepy.com\/2024\/wp-json\/wp\/v2\/posts"}],"about":[{"href":"https:\/\/informatepy.com\/2024\/wp-json\/wp\/v2\/types\/post"}],"author":[{"embeddable":true,"href":"https:\/\/informatepy.com\/2024\/wp-json\/wp\/v2\/users\/3"}],"replies":[{"embeddable":true,"href":"https:\/\/informatepy.com\/2024\/wp-json\/wp\/v2\/comments?post=35915"}],"version-history":[{"count":3,"href":"https:\/\/informatepy.com\/2024\/wp-json\/wp\/v2\/posts\/35915\/revisions"}],"predecessor-version":[{"id":35920,"href":"https:\/\/informatepy.com\/2024\/wp-json\/wp\/v2\/posts\/35915\/revisions\/35920"}],"wp:featuredmedia":[{"embeddable":true,"href":"https:\/\/informatepy.com\/2024\/wp-json\/wp\/v2\/media\/35916"}],"wp:attachment":[{"href":"https:\/\/informatepy.com\/2024\/wp-json\/wp\/v2\/media?parent=35915"}],"wp:term":[{"taxonomy":"category","embeddable":true,"href":"https:\/\/informatepy.com\/2024\/wp-json\/wp\/v2\/categories?post=35915"},{"taxonomy":"post_tag","embeddable":true,"href":"https:\/\/informatepy.com\/2024\/wp-json\/wp\/v2\/tags?post=35915"},{"taxonomy":"jnews-series","embeddable":true,"href":"https:\/\/informatepy.com\/2024\/wp-json\/wp\/v2\/jnews-series?post=35915"},{"taxonomy":"author","embeddable":true,"href":"https:\/\/informatepy.com\/2024\/wp-json\/wp\/v2\/ppma_author?post=35915"}],"curies":[{"name":"wp","href":"https:\/\/api.w.org\/{rel}","templated":true}]}}