{"id":35831,"date":"2025-11-25T00:01:00","date_gmt":"2025-11-25T03:01:00","guid":{"rendered":"https:\/\/informatepy.com\/2024\/?p=35831"},"modified":"2025-11-25T07:40:50","modified_gmt":"2025-11-25T10:40:50","slug":"visita-del-canciller-israeli-gideon-saar-reafirma-alianza-y-compromiso-a-largo-plazo-entre-paraguay-e-israel","status":"publish","type":"post","link":"https:\/\/informatepy.com\/2024\/2025\/11\/25\/visita-del-canciller-israeli-gideon-saar-reafirma-alianza-y-compromiso-a-largo-plazo-entre-paraguay-e-israel\/","title":{"rendered":"Visita del canciller israel\u00ed, Gideon Sa\u2019ar reafirma alianza y compromiso a largo plazo entre Paraguay e Israel"},"content":{"rendered":"\n<p>El presidente de la Rep\u00fablica, <strong>Santiago Pe\u00f1a<\/strong>, se reuni\u00f3 este lunes con el ministro de<strong> Asuntos Exteriores del Estado de Israel, Gideon Sa\u2019ar<\/strong>, en el marco de una visita que reafirma la alianza entre Paraguay e Israel. El presidente ratific\u00f3 qel&nbsp;compromiso de seguir ampliando la cooperaci\u00f3n en \u00e1reas estrat\u00e9gicas para el desarrollo de&nbsp;ambos&nbsp;pueblos.<\/p>\n\n\n\n<p><strong><em>\u00abEsta visita reafirma el excelente momento de nuestras relaciones bilaterales y nuestro\u00bb<\/em><\/strong> dijo el presidente Pe\u00f1a luego de recibir al canciller israel\u00ed en la residencia presidencial Mburuvicha R\u00f3ga.<\/p>\n\n\n\n<p>Posteriormente, en sede de la Canciller\u00eda paraguaya,&nbsp;Sa\u2019ar partici\u00f3 de la firma de un&nbsp;memor\u00e1ndum de entendimiento entre los ministerios de Defensa de Paraguay e Israel con miras a una&nbsp;colaboraci\u00f3n mutua.<\/p>\n\n\n\n<p>&nbsp;En ese acto, el ministro de Relaciones Exteriores israel\u00ed afirm\u00f3 que&nbsp;Paraguay es uno de los mayores amigos de Israel y que estas relaciones no se basan solamente en intereses, sino tambi\u00e9n en valores compartidos.<\/p>\n\n\n\n<p>&nbsp;En ese sentido agradeci\u00f3 al presidente Santiago Pe\u00f1a por su decisi\u00f3n de mover a Jerusal\u00e9n la embajada de Paraguay a Jerusal\u00e9n en diciembre pasado. <strong><em>\u00abEstamos profundamente agradecidos a Paraguay por este movimiento hist\u00f3rico\u00bb<\/em><\/strong>, dijo.&nbsp;<\/p>\n\n\n\n<p>As\u00ed tambi\u00e9n resalt\u00f3 la ampliaci\u00f3n hecha por Paraguay en su designaci\u00f3n de organizaci\u00f3n terrorista, para incluir a Hamas, Hezbollah y a la Guardia Revolucionaria de Ir\u00e1n en esas categor\u00edas. <strong><em>\u00abFelicito a Paraguay por esta movida hist\u00f3rica y aliento a otras naciones que sigan el ejemplo\u00bb<\/em><\/strong>, dijo.&nbsp;<\/p>\n\n\n\n<p>Por otro lado, felicit\u00f3 la postura moral de Paraguay demostrada muchas veces a trav\u00e9s de declaraciones de apoyo a Israel tras el ataque terroritas del 7 de octubre de 2023. <strong><em>\u00abEstamos agradecidos por el apoyo moral consistente y constante de Paraguay y lo tomamos muy en cuenta\u00bb<\/em><\/strong>, a\u00f1adi\u00f3.<\/p>\n\n\n\n<h3 class=\"wp-block-heading\"><strong>Un futuro brillante para el Paraguay<\/strong><\/h3>\n\n\n\n<p>Al destacar el s\u00f3lido desempe\u00f1o econ\u00f3mico de la naci\u00f3n sudamericana,&nbsp;Sa\u2019ar indic\u00f3 que su&nbsp;visita al pa\u00eds es una expresi\u00f3n de la confianza que tiene Israel en un brillante futuro para el Paraguay.&nbsp;<\/p>\n\n\n\n<p>En ese sentido mencion\u00f3 que su delegaci\u00f3n est\u00e1 integrada por empresarios, representantes de empresas y l\u00edderes de organizaciones econ\u00f3micas, y que Israel pretende&nbsp;continuar fortaleciendo el intercambio en tecnolog\u00edas para el agua, tecnolog\u00edas para la ciberseguridad y otros campos en los que ya trabaja con el Paraguay.<\/p>\n\n\n\n<p><em><strong>\u00abLas empresas israel\u00edes est\u00e1n expresando inter\u00e9s en el mercado paraguayo. Nuestro objetivo es traer a estas empresas y expandir nuestras inversiones mutuas\u00bb<\/strong><\/em>, afirm\u00f3.<\/p>\n\n\n\n<h3 class=\"wp-block-heading\"><strong>Contribuci\u00f3n permantente y solidaria<\/strong><\/h3>\n\n\n\n<p>Por su parte, el canciller paraguayo, Rub\u00e9n Ram\u00edrez Lezcano, reafirm\u00f3 los profundos lazos de amistad y de cooperaci\u00f3n que hist\u00f3ricamente caracterizaron la relaci\u00f3n bilateral entre la Paraguay e Israel, y reiter\u00f3 \u00abel m\u00e1s firme apoyo al derecho de Israel a defender su soberan\u00eda y su seguridad\u00bb.<\/p>\n\n\n\n<p><strong><em>\u00abNosotros queremos agradecer asimismo la contribuci\u00f3n permanente y solidaria entre el Estado de Israel y Paraguay para el trabajo conjunto que desarrollamos en el sistema multilateral para su fortalecimiento y para la permanencia de estos valores que compartimos\u00bb<\/em><\/strong>, dijo.&nbsp;<\/p>\n\n\n\n<p>Asegur\u00f3 que la apertura de la embajada de Paraguay en Jerusal\u00e9n refleja el compromiso que tiene el gobierno del presidente Santiago Pe\u00f1a en el fortalecimiento de las relaciones con Israel y con la consecuci\u00f3n de los objetivos perseguidos de manera conjunta.&nbsp;<\/p>\n\n\n\n<p><strong><em>\u00abVamos a seguir profundizando la cooperaci\u00f3n bilateral en beneficio de nuestros pa\u00edses. Vamos a trabajar tambi\u00e9n en sectores como tanto gubernamental como privado para que podamos explorar todo el potencial de nuestras relaciones econ\u00f3micas y comerciales\u00bb<\/em><\/strong>, acot\u00f3.<\/p>\n\n\n\n<h3 class=\"wp-block-heading\">Otras reuniones<\/h3>\n\n\n\n<p>Durante su visita oficial, el Ministro de Relaciones Exteriores del Estado de Israel, <strong>S.E. Gideon Sa\u2019ar<\/strong>, mantuvo reuniones de alto nivel con el presidente de la C\u00e1mara de Diputados, <strong>Ra\u00fal Latorre<\/strong>, y con el intendente de Asunci\u00f3n. Ambas autoridades calificaron los encuentros como altamente productivos, destacando que permitieron <strong>reafirmar la s\u00f3lida y valiosa alianza estrat\u00e9gica<\/strong> que une a Paraguay e Israel. Adem\u00e1s, se\u00f1alaron que se abri\u00f3 una agenda concreta de oportunidades en <strong>seguridad, innovaci\u00f3n y desarrollo<\/strong>, \u00e1reas consideradas clave para seguir fortaleciendo la cooperaci\u00f3n bilateral en beneficio de ambas naciones hermanas.<\/p>\n","protected":false},"excerpt":{"rendered":"<p>El presidente de la Rep\u00fablica, Santiago Pe\u00f1a, se reuni\u00f3 este lunes con el ministro de Asuntos Exteriores del Estado de Israel, Gideon Sa\u2019ar, en el marco de una visita que reafirma la alianza entre Paraguay e Israel. El presidente ratific\u00f3 qel&nbsp;compromiso de seguir ampliando la cooperaci\u00f3n en \u00e1reas estrat\u00e9gicas para el desarrollo de&nbsp;ambos&nbsp;pueblos. \u00abEsta visita [&hellip;]<\/p>\n","protected":false},"author":3,"featured_media":35832,"comment_status":"open","ping_status":"open","sticky":false,"template":"","format":"standard","meta":{"_jetpack_memberships_contains_paid_content":false,"jnews-multi-image_gallery":[],"jnews_single_post":{"format":"standard"},"jnews_primary_category":[],"jnews_override_bookmark_settings":[],"jnews_food_recipe":[],"enable_food_recipe":"","food_recipe_title":"","food_recipe_description":"","food_recipe_serve":"","food_recipe_time":"","food_recipe_prep":"","food_recipe_level":"","food_recipe_keywords":"","food_recipe_category":"","food_recipe_cuisine":"","food_recipe_yield":"","food_recipe_calories":"","enable_print_recipe":"","ingredient":[],"instruction":"","jnews_social_meta":[],"jnews_paywall_metabox":[],"jnews_review":[],"enable_review":"","type":"","name":"","summary":"","brand":"","sku":"","good":[],"bad":[],"score_override":"","override_value":"","rating":[],"price":[],"jnews_override_counter":[],"jnews_post_split":[],"jnews_podcast_option":[],"jnews_podcast_series":[],"footnotes":""},"categories":[34],"tags":[831,2501,250,2453,2357,2359,2403,866,374],"jnews-series":[],"ppma_author":[830],"class_list":["post-35831","post","type-post","status-publish","format-standard","has-post-thumbnail","hentry","category-nacionales","tag-destacada","tag-gideon-saar","tag-israel","tag-luis-bello","tag-noticias-de-israel","tag-noticias-de-paraguay","tag-noticias-del-mundo","tag-raul-latorre","tag-santiago-pena"],"yoast_head":"<!-- This site is optimized with the Yoast SEO plugin v27.4 - https:\/\/yoast.com\/product\/yoast-seo-wordpress\/ -->\n<title>Visita del canciller israel\u00ed, Gideon Sa\u2019ar reafirma alianza y compromiso a largo plazo entre Paraguay e Israel - Informate Py Creemos en la libertad de expresi\u00f3n y en la capacidad de la gente de reflexionar\u00a0por\u00a0si\u00a0misma<\/title>\n<meta name=\"robots\" content=\"index, follow, max-snippet:-1, max-image-preview:large, max-video-preview:-1\" \/>\n<link rel=\"canonical\" href=\"https:\/\/informatepy.com\/2024\/2025\/11\/25\/visita-del-canciller-israeli-gideon-saar-reafirma-alianza-y-compromiso-a-largo-plazo-entre-paraguay-e-israel\/\" \/>\n<meta property=\"og:locale\" content=\"es_ES\" \/>\n<meta property=\"og:type\" content=\"article\" \/>\n<meta property=\"og:title\" content=\"Visita del canciller israel\u00ed, Gideon Sa\u2019ar reafirma alianza y compromiso a largo plazo entre Paraguay e Israel - Informate Py Creemos en la libertad de expresi\u00f3n y en la capacidad de la gente de reflexionar\u00a0por\u00a0si\u00a0misma\" \/>\n<meta property=\"og:description\" content=\"El presidente de la Rep\u00fablica, Santiago Pe\u00f1a, se reuni\u00f3 este lunes con el ministro de Asuntos Exteriores del Estado de Israel, Gideon Sa\u2019ar, en el marco de una visita que reafirma la alianza entre Paraguay e Israel. El presidente ratific\u00f3 qel&nbsp;compromiso de seguir ampliando la cooperaci\u00f3n en \u00e1reas estrat\u00e9gicas para el desarrollo de&nbsp;ambos&nbsp;pueblos. \u00abEsta visita [&hellip;]\" \/>\n<meta property=\"og:url\" content=\"https:\/\/informatepy.com\/2024\/2025\/11\/25\/visita-del-canciller-israeli-gideon-saar-reafirma-alianza-y-compromiso-a-largo-plazo-entre-paraguay-e-israel\/\" \/>\n<meta property=\"og:site_name\" content=\"Informate Py Creemos en la libertad de expresi\u00f3n y en la capacidad de la gente de reflexionar\u00a0por\u00a0si\u00a0misma\" \/>\n<meta property=\"article:author\" content=\"https:\/\/www.facebook.com\/InformatePyCom\" \/>\n<meta property=\"article:published_time\" content=\"2025-11-25T03:01:00+00:00\" \/>\n<meta property=\"article:modified_time\" content=\"2025-11-25T10:40:50+00:00\" \/>\n<meta property=\"og:image\" content=\"https:\/\/informatepy.com\/2024\/wp-content\/uploads\/2025\/11\/santiago-pena-gideon-saar.jpg\" \/>\n\t<meta property=\"og:image:width\" content=\"1200\" \/>\n\t<meta property=\"og:image:height\" content=\"662\" \/>\n\t<meta property=\"og:image:type\" content=\"image\/jpeg\" \/>\n<meta name=\"author\" content=\"Redacci\u00f3n\" \/>\n<meta name=\"twitter:card\" content=\"summary_large_image\" \/>\n<meta name=\"twitter:creator\" content=\"@https:\/\/twitter.com\/InformatePy1\" \/>\n<meta name=\"twitter:label1\" content=\"Escrito por\" \/>\n\t<meta name=\"twitter:data1\" content=\"Redacci\u00f3n\" \/>\n\t<meta name=\"twitter:label2\" content=\"Tiempo de lectura\" \/>\n\t<meta name=\"twitter:data2\" content=\"4 minutos\" \/>\n<script type=\"application\/ld+json\" class=\"yoast-schema-graph\">{\"@context\":\"https:\\\/\\\/schema.org\",\"@graph\":[{\"@type\":\"Article\",\"@id\":\"https:\\\/\\\/informatepy.com\\\/2024\\\/2025\\\/11\\\/25\\\/visita-del-canciller-israeli-gideon-saar-reafirma-alianza-y-compromiso-a-largo-plazo-entre-paraguay-e-israel\\\/#article\",\"isPartOf\":{\"@id\":\"https:\\\/\\\/informatepy.com\\\/2024\\\/2025\\\/11\\\/25\\\/visita-del-canciller-israeli-gideon-saar-reafirma-alianza-y-compromiso-a-largo-plazo-entre-paraguay-e-israel\\\/\"},\"author\":{\"name\":\"Redacci\u00f3n\",\"@id\":\"https:\\\/\\\/informatepy.com\\\/2024\\\/#\\\/schema\\\/person\\\/98728344b91c548ef8544c80daf58463\"},\"headline\":\"Visita del canciller israel\u00ed, Gideon Sa\u2019ar reafirma alianza y compromiso a largo plazo entre Paraguay e Israel\",\"datePublished\":\"2025-11-25T03:01:00+00:00\",\"dateModified\":\"2025-11-25T10:40:50+00:00\",\"mainEntityOfPage\":{\"@id\":\"https:\\\/\\\/informatepy.com\\\/2024\\\/2025\\\/11\\\/25\\\/visita-del-canciller-israeli-gideon-saar-reafirma-alianza-y-compromiso-a-largo-plazo-entre-paraguay-e-israel\\\/\"},\"wordCount\":749,\"commentCount\":0,\"publisher\":{\"@id\":\"https:\\\/\\\/informatepy.com\\\/2024\\\/#organization\"},\"image\":{\"@id\":\"https:\\\/\\\/informatepy.com\\\/2024\\\/2025\\\/11\\\/25\\\/visita-del-canciller-israeli-gideon-saar-reafirma-alianza-y-compromiso-a-largo-plazo-entre-paraguay-e-israel\\\/#primaryimage\"},\"thumbnailUrl\":\"https:\\\/\\\/i0.wp.com\\\/informatepy.com\\\/2024\\\/wp-content\\\/uploads\\\/2025\\\/11\\\/santiago-pena-gideon-saar.jpg?fit=1200%2C662&ssl=1\",\"keywords\":[\"destacada\",\"gideon sa\u00b4ar\",\"israel\",\"luis bello\",\"noticias de israel\",\"noticias de paraguay\",\"noticias del mundo\",\"raul latorre\",\"santiago pe\u00f1a\"],\"articleSection\":[\"Nacionales\"],\"inLanguage\":\"es\",\"potentialAction\":[{\"@type\":\"CommentAction\",\"name\":\"Comment\",\"target\":[\"https:\\\/\\\/informatepy.com\\\/2024\\\/2025\\\/11\\\/25\\\/visita-del-canciller-israeli-gideon-saar-reafirma-alianza-y-compromiso-a-largo-plazo-entre-paraguay-e-israel\\\/#respond\"]}]},{\"@type\":\"WebPage\",\"@id\":\"https:\\\/\\\/informatepy.com\\\/2024\\\/2025\\\/11\\\/25\\\/visita-del-canciller-israeli-gideon-saar-reafirma-alianza-y-compromiso-a-largo-plazo-entre-paraguay-e-israel\\\/\",\"url\":\"https:\\\/\\\/informatepy.com\\\/2024\\\/2025\\\/11\\\/25\\\/visita-del-canciller-israeli-gideon-saar-reafirma-alianza-y-compromiso-a-largo-plazo-entre-paraguay-e-israel\\\/\",\"name\":\"Visita del canciller israel\u00ed, Gideon Sa\u2019ar reafirma alianza y compromiso a largo plazo entre Paraguay e Israel - Informate Py Creemos en la libertad de expresi\u00f3n y en la capacidad de la gente de reflexionar\u00a0por\u00a0si\u00a0misma\",\"isPartOf\":{\"@id\":\"https:\\\/\\\/informatepy.com\\\/2024\\\/#website\"},\"primaryImageOfPage\":{\"@id\":\"https:\\\/\\\/informatepy.com\\\/2024\\\/2025\\\/11\\\/25\\\/visita-del-canciller-israeli-gideon-saar-reafirma-alianza-y-compromiso-a-largo-plazo-entre-paraguay-e-israel\\\/#primaryimage\"},\"image\":{\"@id\":\"https:\\\/\\\/informatepy.com\\\/2024\\\/2025\\\/11\\\/25\\\/visita-del-canciller-israeli-gideon-saar-reafirma-alianza-y-compromiso-a-largo-plazo-entre-paraguay-e-israel\\\/#primaryimage\"},\"thumbnailUrl\":\"https:\\\/\\\/i0.wp.com\\\/informatepy.com\\\/2024\\\/wp-content\\\/uploads\\\/2025\\\/11\\\/santiago-pena-gideon-saar.jpg?fit=1200%2C662&ssl=1\",\"datePublished\":\"2025-11-25T03:01:00+00:00\",\"dateModified\":\"2025-11-25T10:40:50+00:00\",\"breadcrumb\":{\"@id\":\"https:\\\/\\\/informatepy.com\\\/2024\\\/2025\\\/11\\\/25\\\/visita-del-canciller-israeli-gideon-saar-reafirma-alianza-y-compromiso-a-largo-plazo-entre-paraguay-e-israel\\\/#breadcrumb\"},\"inLanguage\":\"es\",\"potentialAction\":[{\"@type\":\"ReadAction\",\"target\":[\"https:\\\/\\\/informatepy.com\\\/2024\\\/2025\\\/11\\\/25\\\/visita-del-canciller-israeli-gideon-saar-reafirma-alianza-y-compromiso-a-largo-plazo-entre-paraguay-e-israel\\\/\"]}]},{\"@type\":\"ImageObject\",\"inLanguage\":\"es\",\"@id\":\"https:\\\/\\\/informatepy.com\\\/2024\\\/2025\\\/11\\\/25\\\/visita-del-canciller-israeli-gideon-saar-reafirma-alianza-y-compromiso-a-largo-plazo-entre-paraguay-e-israel\\\/#primaryimage\",\"url\":\"https:\\\/\\\/i0.wp.com\\\/informatepy.com\\\/2024\\\/wp-content\\\/uploads\\\/2025\\\/11\\\/santiago-pena-gideon-saar.jpg?fit=1200%2C662&ssl=1\",\"contentUrl\":\"https:\\\/\\\/i0.wp.com\\\/informatepy.com\\\/2024\\\/wp-content\\\/uploads\\\/2025\\\/11\\\/santiago-pena-gideon-saar.jpg?fit=1200%2C662&ssl=1\",\"width\":1200,\"height\":662},{\"@type\":\"BreadcrumbList\",\"@id\":\"https:\\\/\\\/informatepy.com\\\/2024\\\/2025\\\/11\\\/25\\\/visita-del-canciller-israeli-gideon-saar-reafirma-alianza-y-compromiso-a-largo-plazo-entre-paraguay-e-israel\\\/#breadcrumb\",\"itemListElement\":[{\"@type\":\"ListItem\",\"position\":1,\"name\":\"Portada\",\"item\":\"https:\\\/\\\/informatepy.com\\\/2024\\\/\"},{\"@type\":\"ListItem\",\"position\":2,\"name\":\"Visita del canciller israel\u00ed, Gideon Sa\u2019ar reafirma alianza y compromiso a largo plazo entre Paraguay e Israel\"}]},{\"@type\":\"WebSite\",\"@id\":\"https:\\\/\\\/informatepy.com\\\/2024\\\/#website\",\"url\":\"https:\\\/\\\/informatepy.com\\\/2024\\\/\",\"name\":\"Informate Py Creemos en la libertad de expresi\u00f3n y en la capacidad de la gente de reflexionar\u00a0por\u00a0si\u00a0misma\",\"description\":\"InformatePy\",\"publisher\":{\"@id\":\"https:\\\/\\\/informatepy.com\\\/2024\\\/#organization\"},\"potentialAction\":[{\"@type\":\"SearchAction\",\"target\":{\"@type\":\"EntryPoint\",\"urlTemplate\":\"https:\\\/\\\/informatepy.com\\\/2024\\\/?s={search_term_string}\"},\"query-input\":{\"@type\":\"PropertyValueSpecification\",\"valueRequired\":true,\"valueName\":\"search_term_string\"}}],\"inLanguage\":\"es\"},{\"@type\":\"Organization\",\"@id\":\"https:\\\/\\\/informatepy.com\\\/2024\\\/#organization\",\"name\":\"Informate Py Creemos en la libertad de expresi\u00f3n y en la capacidad de la gente de reflexionar\u00a0por\u00a0si\u00a0misma\",\"url\":\"https:\\\/\\\/informatepy.com\\\/2024\\\/\",\"logo\":{\"@type\":\"ImageObject\",\"inLanguage\":\"es\",\"@id\":\"https:\\\/\\\/informatepy.com\\\/2024\\\/#\\\/schema\\\/logo\\\/image\\\/\",\"url\":\"https:\\\/\\\/i0.wp.com\\\/informatepy.com\\\/2024\\\/wp-content\\\/uploads\\\/2024\\\/02\\\/Logotipo-sin-fondo-informate-py500.png?fit=500%2C94&ssl=1\",\"contentUrl\":\"https:\\\/\\\/i0.wp.com\\\/informatepy.com\\\/2024\\\/wp-content\\\/uploads\\\/2024\\\/02\\\/Logotipo-sin-fondo-informate-py500.png?fit=500%2C94&ssl=1\",\"width\":500,\"height\":94,\"caption\":\"Informate Py Creemos en la libertad de expresi\u00f3n y en la capacidad de la gente de reflexionar\u00a0por\u00a0si\u00a0misma\"},\"image\":{\"@id\":\"https:\\\/\\\/informatepy.com\\\/2024\\\/#\\\/schema\\\/logo\\\/image\\\/\"}},{\"@type\":\"Person\",\"@id\":\"https:\\\/\\\/informatepy.com\\\/2024\\\/#\\\/schema\\\/person\\\/98728344b91c548ef8544c80daf58463\",\"name\":\"Redacci\u00f3n\",\"image\":{\"@type\":\"ImageObject\",\"inLanguage\":\"es\",\"@id\":\"https:\\\/\\\/informatepy.com\\\/2024\\\/wp-content\\\/uploads\\\/2024\\\/02\\\/cropped-Isologo-sin-fondo.png9c354f01c536b2d49dbb929e96603401\",\"url\":\"https:\\\/\\\/informatepy.com\\\/2024\\\/wp-content\\\/uploads\\\/2024\\\/02\\\/cropped-Isologo-sin-fondo.png\",\"contentUrl\":\"https:\\\/\\\/informatepy.com\\\/2024\\\/wp-content\\\/uploads\\\/2024\\\/02\\\/cropped-Isologo-sin-fondo.png\",\"caption\":\"Redacci\u00f3n\"},\"sameAs\":[\"https:\\\/\\\/www.facebook.com\\\/InformatePyCom\",\"https:\\\/\\\/x.com\\\/https:\\\/\\\/twitter.com\\\/InformatePy1\"],\"url\":\"https:\\\/\\\/informatepy.com\\\/2024\\\/author\\\/redaccion\\\/\"}]}<\/script>\n<!-- \/ Yoast SEO plugin. -->","yoast_head_json":{"title":"Visita del canciller israel\u00ed, Gideon Sa\u2019ar reafirma alianza y compromiso a largo plazo entre Paraguay e Israel - Informate Py Creemos en la libertad de expresi\u00f3n y en la capacidad de la gente de reflexionar\u00a0por\u00a0si\u00a0misma","robots":{"index":"index","follow":"follow","max-snippet":"max-snippet:-1","max-image-preview":"max-image-preview:large","max-video-preview":"max-video-preview:-1"},"canonical":"https:\/\/informatepy.com\/2024\/2025\/11\/25\/visita-del-canciller-israeli-gideon-saar-reafirma-alianza-y-compromiso-a-largo-plazo-entre-paraguay-e-israel\/","og_locale":"es_ES","og_type":"article","og_title":"Visita del canciller israel\u00ed, Gideon Sa\u2019ar reafirma alianza y compromiso a largo plazo entre Paraguay e Israel - Informate Py Creemos en la libertad de expresi\u00f3n y en la capacidad de la gente de reflexionar\u00a0por\u00a0si\u00a0misma","og_description":"El presidente de la Rep\u00fablica, Santiago Pe\u00f1a, se reuni\u00f3 este lunes con el ministro de Asuntos Exteriores del Estado de Israel, Gideon Sa\u2019ar, en el marco de una visita que reafirma la alianza entre Paraguay e Israel. El presidente ratific\u00f3 qel&nbsp;compromiso de seguir ampliando la cooperaci\u00f3n en \u00e1reas estrat\u00e9gicas para el desarrollo de&nbsp;ambos&nbsp;pueblos. \u00abEsta visita [&hellip;]","og_url":"https:\/\/informatepy.com\/2024\/2025\/11\/25\/visita-del-canciller-israeli-gideon-saar-reafirma-alianza-y-compromiso-a-largo-plazo-entre-paraguay-e-israel\/","og_site_name":"Informate Py Creemos en la libertad de expresi\u00f3n y en la capacidad de la gente de reflexionar\u00a0por\u00a0si\u00a0misma","article_author":"https:\/\/www.facebook.com\/InformatePyCom","article_published_time":"2025-11-25T03:01:00+00:00","article_modified_time":"2025-11-25T10:40:50+00:00","og_image":[{"width":1200,"height":662,"url":"https:\/\/informatepy.com\/2024\/wp-content\/uploads\/2025\/11\/santiago-pena-gideon-saar.jpg","type":"image\/jpeg"}],"author":"Redacci\u00f3n","twitter_card":"summary_large_image","twitter_creator":"@https:\/\/twitter.com\/InformatePy1","twitter_misc":{"Escrito por":"Redacci\u00f3n","Tiempo de lectura":"4 minutos"},"schema":{"@context":"https:\/\/schema.org","@graph":[{"@type":"Article","@id":"https:\/\/informatepy.com\/2024\/2025\/11\/25\/visita-del-canciller-israeli-gideon-saar-reafirma-alianza-y-compromiso-a-largo-plazo-entre-paraguay-e-israel\/#article","isPartOf":{"@id":"https:\/\/informatepy.com\/2024\/2025\/11\/25\/visita-del-canciller-israeli-gideon-saar-reafirma-alianza-y-compromiso-a-largo-plazo-entre-paraguay-e-israel\/"},"author":{"name":"Redacci\u00f3n","@id":"https:\/\/informatepy.com\/2024\/#\/schema\/person\/98728344b91c548ef8544c80daf58463"},"headline":"Visita del canciller israel\u00ed, Gideon Sa\u2019ar reafirma alianza y compromiso a largo plazo entre Paraguay e Israel","datePublished":"2025-11-25T03:01:00+00:00","dateModified":"2025-11-25T10:40:50+00:00","mainEntityOfPage":{"@id":"https:\/\/informatepy.com\/2024\/2025\/11\/25\/visita-del-canciller-israeli-gideon-saar-reafirma-alianza-y-compromiso-a-largo-plazo-entre-paraguay-e-israel\/"},"wordCount":749,"commentCount":0,"publisher":{"@id":"https:\/\/informatepy.com\/2024\/#organization"},"image":{"@id":"https:\/\/informatepy.com\/2024\/2025\/11\/25\/visita-del-canciller-israeli-gideon-saar-reafirma-alianza-y-compromiso-a-largo-plazo-entre-paraguay-e-israel\/#primaryimage"},"thumbnailUrl":"https:\/\/i0.wp.com\/informatepy.com\/2024\/wp-content\/uploads\/2025\/11\/santiago-pena-gideon-saar.jpg?fit=1200%2C662&ssl=1","keywords":["destacada","gideon sa\u00b4ar","israel","luis bello","noticias de israel","noticias de paraguay","noticias del mundo","raul latorre","santiago pe\u00f1a"],"articleSection":["Nacionales"],"inLanguage":"es","potentialAction":[{"@type":"CommentAction","name":"Comment","target":["https:\/\/informatepy.com\/2024\/2025\/11\/25\/visita-del-canciller-israeli-gideon-saar-reafirma-alianza-y-compromiso-a-largo-plazo-entre-paraguay-e-israel\/#respond"]}]},{"@type":"WebPage","@id":"https:\/\/informatepy.com\/2024\/2025\/11\/25\/visita-del-canciller-israeli-gideon-saar-reafirma-alianza-y-compromiso-a-largo-plazo-entre-paraguay-e-israel\/","url":"https:\/\/informatepy.com\/2024\/2025\/11\/25\/visita-del-canciller-israeli-gideon-saar-reafirma-alianza-y-compromiso-a-largo-plazo-entre-paraguay-e-israel\/","name":"Visita del canciller israel\u00ed, Gideon Sa\u2019ar reafirma alianza y compromiso a largo plazo entre Paraguay e Israel - Informate Py Creemos en la libertad de expresi\u00f3n y en la capacidad de la gente de reflexionar\u00a0por\u00a0si\u00a0misma","isPartOf":{"@id":"https:\/\/informatepy.com\/2024\/#website"},"primaryImageOfPage":{"@id":"https:\/\/informatepy.com\/2024\/2025\/11\/25\/visita-del-canciller-israeli-gideon-saar-reafirma-alianza-y-compromiso-a-largo-plazo-entre-paraguay-e-israel\/#primaryimage"},"image":{"@id":"https:\/\/informatepy.com\/2024\/2025\/11\/25\/visita-del-canciller-israeli-gideon-saar-reafirma-alianza-y-compromiso-a-largo-plazo-entre-paraguay-e-israel\/#primaryimage"},"thumbnailUrl":"https:\/\/i0.wp.com\/informatepy.com\/2024\/wp-content\/uploads\/2025\/11\/santiago-pena-gideon-saar.jpg?fit=1200%2C662&ssl=1","datePublished":"2025-11-25T03:01:00+00:00","dateModified":"2025-11-25T10:40:50+00:00","breadcrumb":{"@id":"https:\/\/informatepy.com\/2024\/2025\/11\/25\/visita-del-canciller-israeli-gideon-saar-reafirma-alianza-y-compromiso-a-largo-plazo-entre-paraguay-e-israel\/#breadcrumb"},"inLanguage":"es","potentialAction":[{"@type":"ReadAction","target":["https:\/\/informatepy.com\/2024\/2025\/11\/25\/visita-del-canciller-israeli-gideon-saar-reafirma-alianza-y-compromiso-a-largo-plazo-entre-paraguay-e-israel\/"]}]},{"@type":"ImageObject","inLanguage":"es","@id":"https:\/\/informatepy.com\/2024\/2025\/11\/25\/visita-del-canciller-israeli-gideon-saar-reafirma-alianza-y-compromiso-a-largo-plazo-entre-paraguay-e-israel\/#primaryimage","url":"https:\/\/i0.wp.com\/informatepy.com\/2024\/wp-content\/uploads\/2025\/11\/santiago-pena-gideon-saar.jpg?fit=1200%2C662&ssl=1","contentUrl":"https:\/\/i0.wp.com\/informatepy.com\/2024\/wp-content\/uploads\/2025\/11\/santiago-pena-gideon-saar.jpg?fit=1200%2C662&ssl=1","width":1200,"height":662},{"@type":"BreadcrumbList","@id":"https:\/\/informatepy.com\/2024\/2025\/11\/25\/visita-del-canciller-israeli-gideon-saar-reafirma-alianza-y-compromiso-a-largo-plazo-entre-paraguay-e-israel\/#breadcrumb","itemListElement":[{"@type":"ListItem","position":1,"name":"Portada","item":"https:\/\/informatepy.com\/2024\/"},{"@type":"ListItem","position":2,"name":"Visita del canciller israel\u00ed, Gideon Sa\u2019ar reafirma alianza y compromiso a largo plazo entre Paraguay e Israel"}]},{"@type":"WebSite","@id":"https:\/\/informatepy.com\/2024\/#website","url":"https:\/\/informatepy.com\/2024\/","name":"Informate Py Creemos en la libertad de expresi\u00f3n y en la capacidad de la gente de reflexionar\u00a0por\u00a0si\u00a0misma","description":"InformatePy","publisher":{"@id":"https:\/\/informatepy.com\/2024\/#organization"},"potentialAction":[{"@type":"SearchAction","target":{"@type":"EntryPoint","urlTemplate":"https:\/\/informatepy.com\/2024\/?s={search_term_string}"},"query-input":{"@type":"PropertyValueSpecification","valueRequired":true,"valueName":"search_term_string"}}],"inLanguage":"es"},{"@type":"Organization","@id":"https:\/\/informatepy.com\/2024\/#organization","name":"Informate Py Creemos en la libertad de expresi\u00f3n y en la capacidad de la gente de reflexionar\u00a0por\u00a0si\u00a0misma","url":"https:\/\/informatepy.com\/2024\/","logo":{"@type":"ImageObject","inLanguage":"es","@id":"https:\/\/informatepy.com\/2024\/#\/schema\/logo\/image\/","url":"https:\/\/i0.wp.com\/informatepy.com\/2024\/wp-content\/uploads\/2024\/02\/Logotipo-sin-fondo-informate-py500.png?fit=500%2C94&ssl=1","contentUrl":"https:\/\/i0.wp.com\/informatepy.com\/2024\/wp-content\/uploads\/2024\/02\/Logotipo-sin-fondo-informate-py500.png?fit=500%2C94&ssl=1","width":500,"height":94,"caption":"Informate Py Creemos en la libertad de expresi\u00f3n y en la capacidad de la gente de reflexionar\u00a0por\u00a0si\u00a0misma"},"image":{"@id":"https:\/\/informatepy.com\/2024\/#\/schema\/logo\/image\/"}},{"@type":"Person","@id":"https:\/\/informatepy.com\/2024\/#\/schema\/person\/98728344b91c548ef8544c80daf58463","name":"Redacci\u00f3n","image":{"@type":"ImageObject","inLanguage":"es","@id":"https:\/\/informatepy.com\/2024\/wp-content\/uploads\/2024\/02\/cropped-Isologo-sin-fondo.png9c354f01c536b2d49dbb929e96603401","url":"https:\/\/informatepy.com\/2024\/wp-content\/uploads\/2024\/02\/cropped-Isologo-sin-fondo.png","contentUrl":"https:\/\/informatepy.com\/2024\/wp-content\/uploads\/2024\/02\/cropped-Isologo-sin-fondo.png","caption":"Redacci\u00f3n"},"sameAs":["https:\/\/www.facebook.com\/InformatePyCom","https:\/\/x.com\/https:\/\/twitter.com\/InformatePy1"],"url":"https:\/\/informatepy.com\/2024\/author\/redaccion\/"}]}},"jetpack_featured_media_url":"https:\/\/i0.wp.com\/informatepy.com\/2024\/wp-content\/uploads\/2025\/11\/santiago-pena-gideon-saar.jpg?fit=1200%2C662&ssl=1","jetpack-related-posts":[],"jetpack_sharing_enabled":true,"authors":[{"term_id":830,"user_id":3,"is_guest":0,"slug":"redaccion","display_name":"Redacci\u00f3n","avatar_url":{"url":"https:\/\/informatepy.com\/2024\/wp-content\/uploads\/2024\/02\/cropped-Isologo-sin-fondo.png","url2x":"https:\/\/informatepy.com\/2024\/wp-content\/uploads\/2024\/02\/cropped-Isologo-sin-fondo.png"},"author_category":"1","first_name":"Redacci\u00f3n","last_name":"","user_url":"","job_title":"","description":""}],"_links":{"self":[{"href":"https:\/\/informatepy.com\/2024\/wp-json\/wp\/v2\/posts\/35831","targetHints":{"allow":["GET"]}}],"collection":[{"href":"https:\/\/informatepy.com\/2024\/wp-json\/wp\/v2\/posts"}],"about":[{"href":"https:\/\/informatepy.com\/2024\/wp-json\/wp\/v2\/types\/post"}],"author":[{"embeddable":true,"href":"https:\/\/informatepy.com\/2024\/wp-json\/wp\/v2\/users\/3"}],"replies":[{"embeddable":true,"href":"https:\/\/informatepy.com\/2024\/wp-json\/wp\/v2\/comments?post=35831"}],"version-history":[{"count":2,"href":"https:\/\/informatepy.com\/2024\/wp-json\/wp\/v2\/posts\/35831\/revisions"}],"predecessor-version":[{"id":35835,"href":"https:\/\/informatepy.com\/2024\/wp-json\/wp\/v2\/posts\/35831\/revisions\/35835"}],"wp:featuredmedia":[{"embeddable":true,"href":"https:\/\/informatepy.com\/2024\/wp-json\/wp\/v2\/media\/35832"}],"wp:attachment":[{"href":"https:\/\/informatepy.com\/2024\/wp-json\/wp\/v2\/media?parent=35831"}],"wp:term":[{"taxonomy":"category","embeddable":true,"href":"https:\/\/informatepy.com\/2024\/wp-json\/wp\/v2\/categories?post=35831"},{"taxonomy":"post_tag","embeddable":true,"href":"https:\/\/informatepy.com\/2024\/wp-json\/wp\/v2\/tags?post=35831"},{"taxonomy":"jnews-series","embeddable":true,"href":"https:\/\/informatepy.com\/2024\/wp-json\/wp\/v2\/jnews-series?post=35831"},{"taxonomy":"author","embeddable":true,"href":"https:\/\/informatepy.com\/2024\/wp-json\/wp\/v2\/ppma_author?post=35831"}],"curies":[{"name":"wp","href":"https:\/\/api.w.org\/{rel}","templated":true}]}}