{"id":34396,"date":"2025-09-18T10:49:42","date_gmt":"2025-09-18T13:49:42","guid":{"rendered":"https:\/\/informatepy.com\/2024\/?p=34396"},"modified":"2025-09-18T10:49:46","modified_gmt":"2025-09-18T13:49:46","slug":"luifer-bernal-lidera-intencion-de-voto-en-internas-coloradas-para-asuncion-segun-ati-snead","status":"publish","type":"post","link":"https:\/\/informatepy.com\/2024\/2025\/09\/18\/luifer-bernal-lidera-intencion-de-voto-en-internas-coloradas-para-asuncion-segun-ati-snead\/","title":{"rendered":"Luifer Bernal lidera intenci\u00f3n de voto en internas coloradas para Asunci\u00f3n, seg\u00fan Ati Snead"},"content":{"rendered":"\n<p>Una reciente encuesta de la consultora Ati Snead, realizada entre <strong>1.050 afiliados a la Asociaci\u00f3n Nacional Republicana (ANR)<\/strong>, midi\u00f3 la preferencia electoral de cara a las internas coloradas para la Intendencia de Asunci\u00f3n.<\/p>\n\n\n\n<p>Ante la consulta <strong>\u201c\u00bfA qui\u00e9n elegir\u00edas para Intendente de Asunci\u00f3n, si las internas coloradas fueran hoy?\u201d<\/strong>, los resultados fueron los siguientes:<\/p>\n\n\n\n<ul class=\"wp-block-list\">\n<li><strong>Luifer Bernal: 31,7%<\/strong><\/li>\n\n\n\n<li><strong>Dani Centuri\u00f3n: 28,4%<\/strong><\/li>\n\n\n\n<li><strong>Arnaldo Samaniego: 8,3%<\/strong><\/li>\n\n\n\n<li><strong>Hugo Ram\u00edrez: 4,5%<\/strong><\/li>\n\n\n\n<li><strong>Juan Villalba: 2,0%<\/strong><\/li>\n\n\n\n<li><strong>Nicol\u00e1s Z\u00e1rate: 0,4%<\/strong><\/li>\n\n\n\n<li><strong>Ninguno\/No sabe: 24,7%<\/strong><\/li>\n<\/ul>\n\n\n\n<p>Con estos datos, Luifer Bernal aparece como el principal favorito dentro del electorado colorado capitalino, seguido de cerca por Dani Centuri\u00f3n.<\/p>\n\n\n\n<h3 class=\"wp-block-heading\">Preferencias para la Junta Municipal<\/h3>\n\n\n\n<p>El estudio tambi\u00e9n consult\u00f3 sobre la intenci\u00f3n de voto a candidatos a concejal de Asunci\u00f3n por el Partido Colorado. Los m\u00e1s mencionados fueron:<\/p>\n\n\n\n<ul class=\"wp-block-list\">\n<li><strong>Marcelo Centuri\u00f3n: 9%<\/strong><\/li>\n\n\n\n<li><strong>Nasser Esgaib: 6,7%<\/strong><\/li>\n\n\n\n<li><strong>Miguel Sosa: 5,6%<\/strong><\/li>\n\n\n\n<li><strong>Jes\u00fas Lara: 5,4%<\/strong><\/li>\n\n\n\n<li><strong>Dani Fern\u00e1ndez: 5,1%<\/strong><\/li>\n\n\n\n<li><strong>Arki Sotomayor: 5,0%<\/strong><\/li>\n\n\n\n<li><strong>Enrique Wagener: 4,8%<\/strong><\/li>\n\n\n\n<li><strong>Mariano C\u00e1ceres y Sebas Radice: 4,4%<\/strong><\/li>\n\n\n\n<li><strong>Iv\u00e1n Chilavert: 4,2%<\/strong><\/li>\n\n\n\n<li><strong>Carlos Morel: 3,5%<\/strong><\/li>\n\n\n\n<li><strong>Tino Ayala: 3,4%<\/strong><\/li>\n\n\n\n<li><strong>Juan Jos\u00e9 Arnold: 3,3%<\/strong><\/li>\n\n\n\n<li><strong>Kike Ch\u00e1vez: 1,7%<\/strong><\/li>\n\n\n\n<li><strong>Coyote Mart\u00ednez: 1,6%<\/strong><\/li>\n<\/ul>\n\n\n\n<p>En este caso, la opci\u00f3n <strong>\u201cNo sabe\/No responde\u201d<\/strong> fue la de mayor peso, con un <strong>27%<\/strong> de las respuestas.<\/p>\n","protected":false},"excerpt":{"rendered":"<p>Una reciente encuesta de la consultora Ati Snead, realizada entre 1.050 afiliados a la Asociaci\u00f3n Nacional Republicana (ANR), midi\u00f3 la preferencia electoral de cara a las internas coloradas para la Intendencia de Asunci\u00f3n. Ante la consulta \u201c\u00bfA qui\u00e9n elegir\u00edas para Intendente de Asunci\u00f3n, si las internas coloradas fueran hoy?\u201d, los resultados fueron los siguientes: Con [&hellip;]<\/p>\n","protected":false},"author":3,"featured_media":34397,"comment_status":"open","ping_status":"open","sticky":false,"template":"","format":"standard","meta":{"_jetpack_memberships_contains_paid_content":false,"jnews-multi-image_gallery":[],"jnews_single_post":{"format":"standard"},"jnews_primary_category":[],"jnews_override_bookmark_settings":[],"jnews_food_recipe":[],"enable_food_recipe":"","food_recipe_title":"","food_recipe_description":"","food_recipe_serve":"","food_recipe_time":"","food_recipe_prep":"","food_recipe_level":"","food_recipe_keywords":"","food_recipe_category":"","food_recipe_cuisine":"","food_recipe_yield":"","food_recipe_calories":"","enable_print_recipe":"","ingredient":[],"instruction":"","jnews_social_meta":[],"jnews_paywall_metabox":[],"jnews_review":[],"enable_review":"","type":"","name":"","summary":"","brand":"","sku":"","good":[],"bad":[],"score_override":"","override_value":"","rating":[],"price":[],"jnews_override_counter":[],"jnews_post_split":[],"jnews_podcast_option":[],"jnews_podcast_series":[],"footnotes":""},"categories":[40],"tags":[425,831,2408,802,2359],"jnews-series":[],"ppma_author":[830],"class_list":["post-34396","post","type-post","status-publish","format-standard","has-post-thumbnail","hentry","category-municipales","tag-asuncion","tag-destacada","tag-luifer-bernal","tag-municipalidad-de-asuncion","tag-noticias-de-paraguay"],"yoast_head":"<!-- This site is optimized with the Yoast SEO plugin v27.4 - https:\/\/yoast.com\/product\/yoast-seo-wordpress\/ -->\n<title>Luifer Bernal lidera intenci\u00f3n de voto en internas coloradas para Asunci\u00f3n, seg\u00fan Ati Snead - Informate Py Creemos en la libertad de expresi\u00f3n y en la capacidad de la gente de reflexionar\u00a0por\u00a0si\u00a0misma<\/title>\n<meta name=\"robots\" content=\"index, follow, max-snippet:-1, max-image-preview:large, max-video-preview:-1\" \/>\n<link rel=\"canonical\" href=\"https:\/\/informatepy.com\/2024\/2025\/09\/18\/luifer-bernal-lidera-intencion-de-voto-en-internas-coloradas-para-asuncion-segun-ati-snead\/\" \/>\n<meta property=\"og:locale\" content=\"es_ES\" \/>\n<meta property=\"og:type\" content=\"article\" \/>\n<meta property=\"og:title\" content=\"Luifer Bernal lidera intenci\u00f3n de voto en internas coloradas para Asunci\u00f3n, seg\u00fan Ati Snead - Informate Py Creemos en la libertad de expresi\u00f3n y en la capacidad de la gente de reflexionar\u00a0por\u00a0si\u00a0misma\" \/>\n<meta property=\"og:description\" content=\"Una reciente encuesta de la consultora Ati Snead, realizada entre 1.050 afiliados a la Asociaci\u00f3n Nacional Republicana (ANR), midi\u00f3 la preferencia electoral de cara a las internas coloradas para la Intendencia de Asunci\u00f3n. Ante la consulta \u201c\u00bfA qui\u00e9n elegir\u00edas para Intendente de Asunci\u00f3n, si las internas coloradas fueran hoy?\u201d, los resultados fueron los siguientes: Con [&hellip;]\" \/>\n<meta property=\"og:url\" content=\"https:\/\/informatepy.com\/2024\/2025\/09\/18\/luifer-bernal-lidera-intencion-de-voto-en-internas-coloradas-para-asuncion-segun-ati-snead\/\" \/>\n<meta property=\"og:site_name\" content=\"Informate Py Creemos en la libertad de expresi\u00f3n y en la capacidad de la gente de reflexionar\u00a0por\u00a0si\u00a0misma\" \/>\n<meta property=\"article:author\" content=\"https:\/\/www.facebook.com\/InformatePyCom\" \/>\n<meta property=\"article:published_time\" content=\"2025-09-18T13:49:42+00:00\" \/>\n<meta property=\"article:modified_time\" content=\"2025-09-18T13:49:46+00:00\" \/>\n<meta property=\"og:image\" content=\"https:\/\/informatepy.com\/2024\/wp-content\/uploads\/2025\/09\/luifer-bernal.jpg\" \/>\n\t<meta property=\"og:image:width\" content=\"1200\" \/>\n\t<meta property=\"og:image:height\" content=\"608\" \/>\n\t<meta property=\"og:image:type\" content=\"image\/jpeg\" \/>\n<meta name=\"author\" content=\"Redacci\u00f3n\" \/>\n<meta name=\"twitter:card\" content=\"summary_large_image\" \/>\n<meta name=\"twitter:creator\" content=\"@https:\/\/twitter.com\/InformatePy1\" \/>\n<meta name=\"twitter:label1\" content=\"Escrito por\" \/>\n\t<meta name=\"twitter:data1\" content=\"Redacci\u00f3n\" \/>\n\t<meta name=\"twitter:label2\" content=\"Tiempo de lectura\" \/>\n\t<meta name=\"twitter:data2\" content=\"2 minutos\" \/>\n<script type=\"application\/ld+json\" class=\"yoast-schema-graph\">{\"@context\":\"https:\\\/\\\/schema.org\",\"@graph\":[{\"@type\":\"Article\",\"@id\":\"https:\\\/\\\/informatepy.com\\\/2024\\\/2025\\\/09\\\/18\\\/luifer-bernal-lidera-intencion-de-voto-en-internas-coloradas-para-asuncion-segun-ati-snead\\\/#article\",\"isPartOf\":{\"@id\":\"https:\\\/\\\/informatepy.com\\\/2024\\\/2025\\\/09\\\/18\\\/luifer-bernal-lidera-intencion-de-voto-en-internas-coloradas-para-asuncion-segun-ati-snead\\\/\"},\"author\":{\"name\":\"Redacci\u00f3n\",\"@id\":\"https:\\\/\\\/informatepy.com\\\/2024\\\/#\\\/schema\\\/person\\\/98728344b91c548ef8544c80daf58463\"},\"headline\":\"Luifer Bernal lidera intenci\u00f3n de voto en internas coloradas para Asunci\u00f3n, seg\u00fan Ati Snead\",\"datePublished\":\"2025-09-18T13:49:42+00:00\",\"dateModified\":\"2025-09-18T13:49:46+00:00\",\"mainEntityOfPage\":{\"@id\":\"https:\\\/\\\/informatepy.com\\\/2024\\\/2025\\\/09\\\/18\\\/luifer-bernal-lidera-intencion-de-voto-en-internas-coloradas-para-asuncion-segun-ati-snead\\\/\"},\"wordCount\":207,\"commentCount\":0,\"publisher\":{\"@id\":\"https:\\\/\\\/informatepy.com\\\/2024\\\/#organization\"},\"image\":{\"@id\":\"https:\\\/\\\/informatepy.com\\\/2024\\\/2025\\\/09\\\/18\\\/luifer-bernal-lidera-intencion-de-voto-en-internas-coloradas-para-asuncion-segun-ati-snead\\\/#primaryimage\"},\"thumbnailUrl\":\"https:\\\/\\\/i0.wp.com\\\/informatepy.com\\\/2024\\\/wp-content\\\/uploads\\\/2025\\\/09\\\/luifer-bernal.jpg?fit=1200%2C608&ssl=1\",\"keywords\":[\"asuncion\",\"destacada\",\"luifer bernal\",\"municipalidad de asuncion\",\"noticias de paraguay\"],\"articleSection\":[\"Municipales\"],\"inLanguage\":\"es\",\"potentialAction\":[{\"@type\":\"CommentAction\",\"name\":\"Comment\",\"target\":[\"https:\\\/\\\/informatepy.com\\\/2024\\\/2025\\\/09\\\/18\\\/luifer-bernal-lidera-intencion-de-voto-en-internas-coloradas-para-asuncion-segun-ati-snead\\\/#respond\"]}]},{\"@type\":\"WebPage\",\"@id\":\"https:\\\/\\\/informatepy.com\\\/2024\\\/2025\\\/09\\\/18\\\/luifer-bernal-lidera-intencion-de-voto-en-internas-coloradas-para-asuncion-segun-ati-snead\\\/\",\"url\":\"https:\\\/\\\/informatepy.com\\\/2024\\\/2025\\\/09\\\/18\\\/luifer-bernal-lidera-intencion-de-voto-en-internas-coloradas-para-asuncion-segun-ati-snead\\\/\",\"name\":\"Luifer Bernal lidera intenci\u00f3n de voto en internas coloradas para Asunci\u00f3n, seg\u00fan Ati Snead - Informate Py Creemos en la libertad de expresi\u00f3n y en la capacidad de la gente de reflexionar\u00a0por\u00a0si\u00a0misma\",\"isPartOf\":{\"@id\":\"https:\\\/\\\/informatepy.com\\\/2024\\\/#website\"},\"primaryImageOfPage\":{\"@id\":\"https:\\\/\\\/informatepy.com\\\/2024\\\/2025\\\/09\\\/18\\\/luifer-bernal-lidera-intencion-de-voto-en-internas-coloradas-para-asuncion-segun-ati-snead\\\/#primaryimage\"},\"image\":{\"@id\":\"https:\\\/\\\/informatepy.com\\\/2024\\\/2025\\\/09\\\/18\\\/luifer-bernal-lidera-intencion-de-voto-en-internas-coloradas-para-asuncion-segun-ati-snead\\\/#primaryimage\"},\"thumbnailUrl\":\"https:\\\/\\\/i0.wp.com\\\/informatepy.com\\\/2024\\\/wp-content\\\/uploads\\\/2025\\\/09\\\/luifer-bernal.jpg?fit=1200%2C608&ssl=1\",\"datePublished\":\"2025-09-18T13:49:42+00:00\",\"dateModified\":\"2025-09-18T13:49:46+00:00\",\"breadcrumb\":{\"@id\":\"https:\\\/\\\/informatepy.com\\\/2024\\\/2025\\\/09\\\/18\\\/luifer-bernal-lidera-intencion-de-voto-en-internas-coloradas-para-asuncion-segun-ati-snead\\\/#breadcrumb\"},\"inLanguage\":\"es\",\"potentialAction\":[{\"@type\":\"ReadAction\",\"target\":[\"https:\\\/\\\/informatepy.com\\\/2024\\\/2025\\\/09\\\/18\\\/luifer-bernal-lidera-intencion-de-voto-en-internas-coloradas-para-asuncion-segun-ati-snead\\\/\"]}]},{\"@type\":\"ImageObject\",\"inLanguage\":\"es\",\"@id\":\"https:\\\/\\\/informatepy.com\\\/2024\\\/2025\\\/09\\\/18\\\/luifer-bernal-lidera-intencion-de-voto-en-internas-coloradas-para-asuncion-segun-ati-snead\\\/#primaryimage\",\"url\":\"https:\\\/\\\/i0.wp.com\\\/informatepy.com\\\/2024\\\/wp-content\\\/uploads\\\/2025\\\/09\\\/luifer-bernal.jpg?fit=1200%2C608&ssl=1\",\"contentUrl\":\"https:\\\/\\\/i0.wp.com\\\/informatepy.com\\\/2024\\\/wp-content\\\/uploads\\\/2025\\\/09\\\/luifer-bernal.jpg?fit=1200%2C608&ssl=1\",\"width\":1200,\"height\":608},{\"@type\":\"BreadcrumbList\",\"@id\":\"https:\\\/\\\/informatepy.com\\\/2024\\\/2025\\\/09\\\/18\\\/luifer-bernal-lidera-intencion-de-voto-en-internas-coloradas-para-asuncion-segun-ati-snead\\\/#breadcrumb\",\"itemListElement\":[{\"@type\":\"ListItem\",\"position\":1,\"name\":\"Portada\",\"item\":\"https:\\\/\\\/informatepy.com\\\/2024\\\/\"},{\"@type\":\"ListItem\",\"position\":2,\"name\":\"Luifer Bernal lidera intenci\u00f3n de voto en internas coloradas para Asunci\u00f3n, seg\u00fan Ati Snead\"}]},{\"@type\":\"WebSite\",\"@id\":\"https:\\\/\\\/informatepy.com\\\/2024\\\/#website\",\"url\":\"https:\\\/\\\/informatepy.com\\\/2024\\\/\",\"name\":\"Informate Py Creemos en la libertad de expresi\u00f3n y en la capacidad de la gente de reflexionar\u00a0por\u00a0si\u00a0misma\",\"description\":\"InformatePy\",\"publisher\":{\"@id\":\"https:\\\/\\\/informatepy.com\\\/2024\\\/#organization\"},\"potentialAction\":[{\"@type\":\"SearchAction\",\"target\":{\"@type\":\"EntryPoint\",\"urlTemplate\":\"https:\\\/\\\/informatepy.com\\\/2024\\\/?s={search_term_string}\"},\"query-input\":{\"@type\":\"PropertyValueSpecification\",\"valueRequired\":true,\"valueName\":\"search_term_string\"}}],\"inLanguage\":\"es\"},{\"@type\":\"Organization\",\"@id\":\"https:\\\/\\\/informatepy.com\\\/2024\\\/#organization\",\"name\":\"Informate Py Creemos en la libertad de expresi\u00f3n y en la capacidad de la gente de reflexionar\u00a0por\u00a0si\u00a0misma\",\"url\":\"https:\\\/\\\/informatepy.com\\\/2024\\\/\",\"logo\":{\"@type\":\"ImageObject\",\"inLanguage\":\"es\",\"@id\":\"https:\\\/\\\/informatepy.com\\\/2024\\\/#\\\/schema\\\/logo\\\/image\\\/\",\"url\":\"https:\\\/\\\/i0.wp.com\\\/informatepy.com\\\/2024\\\/wp-content\\\/uploads\\\/2024\\\/02\\\/Logotipo-sin-fondo-informate-py500.png?fit=500%2C94&ssl=1\",\"contentUrl\":\"https:\\\/\\\/i0.wp.com\\\/informatepy.com\\\/2024\\\/wp-content\\\/uploads\\\/2024\\\/02\\\/Logotipo-sin-fondo-informate-py500.png?fit=500%2C94&ssl=1\",\"width\":500,\"height\":94,\"caption\":\"Informate Py Creemos en la libertad de expresi\u00f3n y en la capacidad de la gente de reflexionar\u00a0por\u00a0si\u00a0misma\"},\"image\":{\"@id\":\"https:\\\/\\\/informatepy.com\\\/2024\\\/#\\\/schema\\\/logo\\\/image\\\/\"}},{\"@type\":\"Person\",\"@id\":\"https:\\\/\\\/informatepy.com\\\/2024\\\/#\\\/schema\\\/person\\\/98728344b91c548ef8544c80daf58463\",\"name\":\"Redacci\u00f3n\",\"image\":{\"@type\":\"ImageObject\",\"inLanguage\":\"es\",\"@id\":\"https:\\\/\\\/informatepy.com\\\/2024\\\/wp-content\\\/uploads\\\/2024\\\/02\\\/cropped-Isologo-sin-fondo.png9c354f01c536b2d49dbb929e96603401\",\"url\":\"https:\\\/\\\/informatepy.com\\\/2024\\\/wp-content\\\/uploads\\\/2024\\\/02\\\/cropped-Isologo-sin-fondo.png\",\"contentUrl\":\"https:\\\/\\\/informatepy.com\\\/2024\\\/wp-content\\\/uploads\\\/2024\\\/02\\\/cropped-Isologo-sin-fondo.png\",\"caption\":\"Redacci\u00f3n\"},\"sameAs\":[\"https:\\\/\\\/www.facebook.com\\\/InformatePyCom\",\"https:\\\/\\\/x.com\\\/https:\\\/\\\/twitter.com\\\/InformatePy1\"],\"url\":\"https:\\\/\\\/informatepy.com\\\/2024\\\/author\\\/redaccion\\\/\"}]}<\/script>\n<!-- \/ Yoast SEO plugin. -->","yoast_head_json":{"title":"Luifer Bernal lidera intenci\u00f3n de voto en internas coloradas para Asunci\u00f3n, seg\u00fan Ati Snead - Informate Py Creemos en la libertad de expresi\u00f3n y en la capacidad de la gente de reflexionar\u00a0por\u00a0si\u00a0misma","robots":{"index":"index","follow":"follow","max-snippet":"max-snippet:-1","max-image-preview":"max-image-preview:large","max-video-preview":"max-video-preview:-1"},"canonical":"https:\/\/informatepy.com\/2024\/2025\/09\/18\/luifer-bernal-lidera-intencion-de-voto-en-internas-coloradas-para-asuncion-segun-ati-snead\/","og_locale":"es_ES","og_type":"article","og_title":"Luifer Bernal lidera intenci\u00f3n de voto en internas coloradas para Asunci\u00f3n, seg\u00fan Ati Snead - Informate Py Creemos en la libertad de expresi\u00f3n y en la capacidad de la gente de reflexionar\u00a0por\u00a0si\u00a0misma","og_description":"Una reciente encuesta de la consultora Ati Snead, realizada entre 1.050 afiliados a la Asociaci\u00f3n Nacional Republicana (ANR), midi\u00f3 la preferencia electoral de cara a las internas coloradas para la Intendencia de Asunci\u00f3n. Ante la consulta \u201c\u00bfA qui\u00e9n elegir\u00edas para Intendente de Asunci\u00f3n, si las internas coloradas fueran hoy?\u201d, los resultados fueron los siguientes: Con [&hellip;]","og_url":"https:\/\/informatepy.com\/2024\/2025\/09\/18\/luifer-bernal-lidera-intencion-de-voto-en-internas-coloradas-para-asuncion-segun-ati-snead\/","og_site_name":"Informate Py Creemos en la libertad de expresi\u00f3n y en la capacidad de la gente de reflexionar\u00a0por\u00a0si\u00a0misma","article_author":"https:\/\/www.facebook.com\/InformatePyCom","article_published_time":"2025-09-18T13:49:42+00:00","article_modified_time":"2025-09-18T13:49:46+00:00","og_image":[{"width":1200,"height":608,"url":"https:\/\/informatepy.com\/2024\/wp-content\/uploads\/2025\/09\/luifer-bernal.jpg","type":"image\/jpeg"}],"author":"Redacci\u00f3n","twitter_card":"summary_large_image","twitter_creator":"@https:\/\/twitter.com\/InformatePy1","twitter_misc":{"Escrito por":"Redacci\u00f3n","Tiempo de lectura":"2 minutos"},"schema":{"@context":"https:\/\/schema.org","@graph":[{"@type":"Article","@id":"https:\/\/informatepy.com\/2024\/2025\/09\/18\/luifer-bernal-lidera-intencion-de-voto-en-internas-coloradas-para-asuncion-segun-ati-snead\/#article","isPartOf":{"@id":"https:\/\/informatepy.com\/2024\/2025\/09\/18\/luifer-bernal-lidera-intencion-de-voto-en-internas-coloradas-para-asuncion-segun-ati-snead\/"},"author":{"name":"Redacci\u00f3n","@id":"https:\/\/informatepy.com\/2024\/#\/schema\/person\/98728344b91c548ef8544c80daf58463"},"headline":"Luifer Bernal lidera intenci\u00f3n de voto en internas coloradas para Asunci\u00f3n, seg\u00fan Ati Snead","datePublished":"2025-09-18T13:49:42+00:00","dateModified":"2025-09-18T13:49:46+00:00","mainEntityOfPage":{"@id":"https:\/\/informatepy.com\/2024\/2025\/09\/18\/luifer-bernal-lidera-intencion-de-voto-en-internas-coloradas-para-asuncion-segun-ati-snead\/"},"wordCount":207,"commentCount":0,"publisher":{"@id":"https:\/\/informatepy.com\/2024\/#organization"},"image":{"@id":"https:\/\/informatepy.com\/2024\/2025\/09\/18\/luifer-bernal-lidera-intencion-de-voto-en-internas-coloradas-para-asuncion-segun-ati-snead\/#primaryimage"},"thumbnailUrl":"https:\/\/i0.wp.com\/informatepy.com\/2024\/wp-content\/uploads\/2025\/09\/luifer-bernal.jpg?fit=1200%2C608&ssl=1","keywords":["asuncion","destacada","luifer bernal","municipalidad de asuncion","noticias de paraguay"],"articleSection":["Municipales"],"inLanguage":"es","potentialAction":[{"@type":"CommentAction","name":"Comment","target":["https:\/\/informatepy.com\/2024\/2025\/09\/18\/luifer-bernal-lidera-intencion-de-voto-en-internas-coloradas-para-asuncion-segun-ati-snead\/#respond"]}]},{"@type":"WebPage","@id":"https:\/\/informatepy.com\/2024\/2025\/09\/18\/luifer-bernal-lidera-intencion-de-voto-en-internas-coloradas-para-asuncion-segun-ati-snead\/","url":"https:\/\/informatepy.com\/2024\/2025\/09\/18\/luifer-bernal-lidera-intencion-de-voto-en-internas-coloradas-para-asuncion-segun-ati-snead\/","name":"Luifer Bernal lidera intenci\u00f3n de voto en internas coloradas para Asunci\u00f3n, seg\u00fan Ati Snead - Informate Py Creemos en la libertad de expresi\u00f3n y en la capacidad de la gente de reflexionar\u00a0por\u00a0si\u00a0misma","isPartOf":{"@id":"https:\/\/informatepy.com\/2024\/#website"},"primaryImageOfPage":{"@id":"https:\/\/informatepy.com\/2024\/2025\/09\/18\/luifer-bernal-lidera-intencion-de-voto-en-internas-coloradas-para-asuncion-segun-ati-snead\/#primaryimage"},"image":{"@id":"https:\/\/informatepy.com\/2024\/2025\/09\/18\/luifer-bernal-lidera-intencion-de-voto-en-internas-coloradas-para-asuncion-segun-ati-snead\/#primaryimage"},"thumbnailUrl":"https:\/\/i0.wp.com\/informatepy.com\/2024\/wp-content\/uploads\/2025\/09\/luifer-bernal.jpg?fit=1200%2C608&ssl=1","datePublished":"2025-09-18T13:49:42+00:00","dateModified":"2025-09-18T13:49:46+00:00","breadcrumb":{"@id":"https:\/\/informatepy.com\/2024\/2025\/09\/18\/luifer-bernal-lidera-intencion-de-voto-en-internas-coloradas-para-asuncion-segun-ati-snead\/#breadcrumb"},"inLanguage":"es","potentialAction":[{"@type":"ReadAction","target":["https:\/\/informatepy.com\/2024\/2025\/09\/18\/luifer-bernal-lidera-intencion-de-voto-en-internas-coloradas-para-asuncion-segun-ati-snead\/"]}]},{"@type":"ImageObject","inLanguage":"es","@id":"https:\/\/informatepy.com\/2024\/2025\/09\/18\/luifer-bernal-lidera-intencion-de-voto-en-internas-coloradas-para-asuncion-segun-ati-snead\/#primaryimage","url":"https:\/\/i0.wp.com\/informatepy.com\/2024\/wp-content\/uploads\/2025\/09\/luifer-bernal.jpg?fit=1200%2C608&ssl=1","contentUrl":"https:\/\/i0.wp.com\/informatepy.com\/2024\/wp-content\/uploads\/2025\/09\/luifer-bernal.jpg?fit=1200%2C608&ssl=1","width":1200,"height":608},{"@type":"BreadcrumbList","@id":"https:\/\/informatepy.com\/2024\/2025\/09\/18\/luifer-bernal-lidera-intencion-de-voto-en-internas-coloradas-para-asuncion-segun-ati-snead\/#breadcrumb","itemListElement":[{"@type":"ListItem","position":1,"name":"Portada","item":"https:\/\/informatepy.com\/2024\/"},{"@type":"ListItem","position":2,"name":"Luifer Bernal lidera intenci\u00f3n de voto en internas coloradas para Asunci\u00f3n, seg\u00fan Ati Snead"}]},{"@type":"WebSite","@id":"https:\/\/informatepy.com\/2024\/#website","url":"https:\/\/informatepy.com\/2024\/","name":"Informate Py Creemos en la libertad de expresi\u00f3n y en la capacidad de la gente de reflexionar\u00a0por\u00a0si\u00a0misma","description":"InformatePy","publisher":{"@id":"https:\/\/informatepy.com\/2024\/#organization"},"potentialAction":[{"@type":"SearchAction","target":{"@type":"EntryPoint","urlTemplate":"https:\/\/informatepy.com\/2024\/?s={search_term_string}"},"query-input":{"@type":"PropertyValueSpecification","valueRequired":true,"valueName":"search_term_string"}}],"inLanguage":"es"},{"@type":"Organization","@id":"https:\/\/informatepy.com\/2024\/#organization","name":"Informate Py Creemos en la libertad de expresi\u00f3n y en la capacidad de la gente de reflexionar\u00a0por\u00a0si\u00a0misma","url":"https:\/\/informatepy.com\/2024\/","logo":{"@type":"ImageObject","inLanguage":"es","@id":"https:\/\/informatepy.com\/2024\/#\/schema\/logo\/image\/","url":"https:\/\/i0.wp.com\/informatepy.com\/2024\/wp-content\/uploads\/2024\/02\/Logotipo-sin-fondo-informate-py500.png?fit=500%2C94&ssl=1","contentUrl":"https:\/\/i0.wp.com\/informatepy.com\/2024\/wp-content\/uploads\/2024\/02\/Logotipo-sin-fondo-informate-py500.png?fit=500%2C94&ssl=1","width":500,"height":94,"caption":"Informate Py Creemos en la libertad de expresi\u00f3n y en la capacidad de la gente de reflexionar\u00a0por\u00a0si\u00a0misma"},"image":{"@id":"https:\/\/informatepy.com\/2024\/#\/schema\/logo\/image\/"}},{"@type":"Person","@id":"https:\/\/informatepy.com\/2024\/#\/schema\/person\/98728344b91c548ef8544c80daf58463","name":"Redacci\u00f3n","image":{"@type":"ImageObject","inLanguage":"es","@id":"https:\/\/informatepy.com\/2024\/wp-content\/uploads\/2024\/02\/cropped-Isologo-sin-fondo.png9c354f01c536b2d49dbb929e96603401","url":"https:\/\/informatepy.com\/2024\/wp-content\/uploads\/2024\/02\/cropped-Isologo-sin-fondo.png","contentUrl":"https:\/\/informatepy.com\/2024\/wp-content\/uploads\/2024\/02\/cropped-Isologo-sin-fondo.png","caption":"Redacci\u00f3n"},"sameAs":["https:\/\/www.facebook.com\/InformatePyCom","https:\/\/x.com\/https:\/\/twitter.com\/InformatePy1"],"url":"https:\/\/informatepy.com\/2024\/author\/redaccion\/"}]}},"jetpack_featured_media_url":"https:\/\/i0.wp.com\/informatepy.com\/2024\/wp-content\/uploads\/2025\/09\/luifer-bernal.jpg?fit=1200%2C608&ssl=1","jetpack-related-posts":[],"jetpack_sharing_enabled":true,"authors":[{"term_id":830,"user_id":3,"is_guest":0,"slug":"redaccion","display_name":"Redacci\u00f3n","avatar_url":{"url":"https:\/\/informatepy.com\/2024\/wp-content\/uploads\/2024\/02\/cropped-Isologo-sin-fondo.png","url2x":"https:\/\/informatepy.com\/2024\/wp-content\/uploads\/2024\/02\/cropped-Isologo-sin-fondo.png"},"author_category":"1","first_name":"Redacci\u00f3n","last_name":"","user_url":"","job_title":"","description":""}],"_links":{"self":[{"href":"https:\/\/informatepy.com\/2024\/wp-json\/wp\/v2\/posts\/34396","targetHints":{"allow":["GET"]}}],"collection":[{"href":"https:\/\/informatepy.com\/2024\/wp-json\/wp\/v2\/posts"}],"about":[{"href":"https:\/\/informatepy.com\/2024\/wp-json\/wp\/v2\/types\/post"}],"author":[{"embeddable":true,"href":"https:\/\/informatepy.com\/2024\/wp-json\/wp\/v2\/users\/3"}],"replies":[{"embeddable":true,"href":"https:\/\/informatepy.com\/2024\/wp-json\/wp\/v2\/comments?post=34396"}],"version-history":[{"count":1,"href":"https:\/\/informatepy.com\/2024\/wp-json\/wp\/v2\/posts\/34396\/revisions"}],"predecessor-version":[{"id":34398,"href":"https:\/\/informatepy.com\/2024\/wp-json\/wp\/v2\/posts\/34396\/revisions\/34398"}],"wp:featuredmedia":[{"embeddable":true,"href":"https:\/\/informatepy.com\/2024\/wp-json\/wp\/v2\/media\/34397"}],"wp:attachment":[{"href":"https:\/\/informatepy.com\/2024\/wp-json\/wp\/v2\/media?parent=34396"}],"wp:term":[{"taxonomy":"category","embeddable":true,"href":"https:\/\/informatepy.com\/2024\/wp-json\/wp\/v2\/categories?post=34396"},{"taxonomy":"post_tag","embeddable":true,"href":"https:\/\/informatepy.com\/2024\/wp-json\/wp\/v2\/tags?post=34396"},{"taxonomy":"jnews-series","embeddable":true,"href":"https:\/\/informatepy.com\/2024\/wp-json\/wp\/v2\/jnews-series?post=34396"},{"taxonomy":"author","embeddable":true,"href":"https:\/\/informatepy.com\/2024\/wp-json\/wp\/v2\/ppma_author?post=34396"}],"curies":[{"name":"wp","href":"https:\/\/api.w.org\/{rel}","templated":true}]}}