{"id":33281,"date":"2025-07-29T00:00:00","date_gmt":"2025-07-29T03:00:00","guid":{"rendered":"https:\/\/informatepy.com\/2024\/?p=33281"},"modified":"2025-07-28T18:49:01","modified_gmt":"2025-07-28T21:49:01","slug":"nueve-ferias-de-la-agricultura-familiar-beneficiaran-a-mas-de-1-400-pequenos-productores","status":"publish","type":"post","link":"https:\/\/informatepy.com\/2024\/2025\/07\/29\/nueve-ferias-de-la-agricultura-familiar-beneficiaran-a-mas-de-1-400-pequenos-productores\/","title":{"rendered":"Nueve ferias de la agricultura familiar beneficiar\u00e1n a m\u00e1s de 1.400 peque\u00f1os productores"},"content":{"rendered":"\n<p>El Ministerio de Agricultura y Ganader\u00eda (MAG) inform\u00f3 de las nueve ferias de la agricultura familiar que se desarrollar\u00e1n del 28 de julio al 2 de agosto en distintas ciudades del pa\u00eds como Asunci\u00f3n, Limpio y San Lorenzo, destac\u00e1ndose especialmente la feria departamental en San Ignacio Guaz\u00fa, Misiones, en coincidencia con las festividades patronales de la ciudad.<\/p>\n\n\n\n<p>Esta iniciativa impulsada a trav\u00e9s de la Direcci\u00f3n de Extensi\u00f3n Agraria y la Direcci\u00f3n de Comercializaci\u00f3n del MAG, beneficiar\u00e1 esta semana a 1.448 familias productoras, agrupadas en 101 organizaciones, provenientes de los departamentos de Central, Misiones, San Pedro, Caazap\u00e1, Cordillera, Caaguaz\u00fa, Alto Paran\u00e1 y Paraguar\u00ed.<\/p>\n\n\n\n<p>Estas ferias tienen como objetivo principal fomentar la venta directa de productos provenientes de las fincas familiares, sin intermediarios, lo que permite precios justos tanto para productores como para consumidores. Al mismo tiempo, constituyen una oportunidad para el acceso a productos frescos, de calidad y con identidad nacional, mientras se fortalece la econom\u00eda de las familias rurales paraguayas.<\/p>\n\n\n\n<p>El cronograma de ferias incluye la feria permanente de orqu\u00eddeas, en el Centro de Exposici\u00f3n y Venta, San Lorenzo (km 10,5, Ruta PY02 \u2013 frente a la UNA). Lunes a viernes, de 08:00 a 16:00.<\/p>\n\n\n\n<p>Para este martes 29 de julio est\u00e1 prevista la feria departamental de la agricultura familiar en la ciudad de San Ignacio Guaz\u00fa, departamento de Misiones, en el estacionamiento del Comercial Torito II, desde las 07:00 horas hasta agotar stock.<\/p>\n\n\n\n<p>Participar\u00e1n 530 familias productoras pertenecientes a 60 organizaciones campesinas, procedentes de Ayolas, San Ignacio, San Juan Bautista, San Miguel, San Patricio, Santa Mar\u00eda de Fe, Santa Rosa, Santiago, Villa Florida y Yabebyry.<\/p>\n\n\n\n<p>As\u00ed tambi\u00e9n, el mi\u00e9rcoles 30 se har\u00e1 la feria De Ra\u00edz, en el Shopping Multiplaza; mientras que el jueves 31 tendr\u00e1 lugar cuatro ferias simult\u00e1neas en la Facultad de Arquitectura, Dise\u00f1o y Arte \u2013 FADA -UNA, San Lorenzo; en la explanada de la Direcci\u00f3n de Comercializaci\u00f3n, en Saturio R\u00edos y Mcal. Estigarribia, ciudad de San Lorenzo; en la Plaza Eligio Ayala, frente al Congreso Nacional y la Plaza Flores, en el Shopping Multiplaza, en Asunci\u00f3n.<\/p>\n\n\n\n<p>Otras ferias est\u00e1n previstas para el viernes 1 de agosto, en la explanada de la Direcci\u00f3n de Educaci\u00f3n Agraria, en Ruta Mcal. Estigarribia \u2013 frente a la UNA, San Lorenzo y el s\u00e1bado 2, en la Cecoproaan, Abasto Norte, Limpio.<\/p>\n\n\n\n<p>En todas estas ferias, los asistentes podr\u00e1n adquirir productos de calidad a precio justo, como queso Paraguay, carne de cerdo, lech\u00f3n, cabra, oveja, gallina casera, pato, huevos, choclo, harina de ma\u00edz, poroto rojo, miel de abeja, man\u00ed, tomate, mandioca, batata, frutas de estaci\u00f3n, granos, alimentos procesados, comidas t\u00edpicas, artesan\u00edas, plantas y flores, entre otros.<\/p>\n","protected":false},"excerpt":{"rendered":"<p>El Ministerio de Agricultura y Ganader\u00eda (MAG) inform\u00f3 de las nueve ferias de la agricultura familiar que se desarrollar\u00e1n del 28 de julio al 2 de agosto en distintas ciudades del pa\u00eds como Asunci\u00f3n, Limpio y San Lorenzo, destac\u00e1ndose especialmente la feria departamental en San Ignacio Guaz\u00fa, Misiones, en coincidencia con las festividades patronales de [&hellip;]<\/p>\n","protected":false},"author":3,"featured_media":31617,"comment_status":"open","ping_status":"open","sticky":false,"template":"","format":"standard","meta":{"_jetpack_memberships_contains_paid_content":false,"jnews-multi-image_gallery":[],"jnews_single_post":{"format":"standard"},"jnews_primary_category":[],"jnews_override_bookmark_settings":[],"jnews_food_recipe":[],"enable_food_recipe":"","food_recipe_title":"","food_recipe_description":"","food_recipe_serve":"","food_recipe_time":"","food_recipe_prep":"","food_recipe_level":"","food_recipe_keywords":"","food_recipe_category":"","food_recipe_cuisine":"","food_recipe_yield":"","food_recipe_calories":"","enable_print_recipe":"","ingredient":[],"instruction":"","jnews_social_meta":[],"jnews_paywall_metabox":[],"jnews_review":[],"enable_review":"","type":"","name":"","summary":"","brand":"","sku":"","good":[],"bad":[],"score_override":"","override_value":"","rating":[],"price":[],"jnews_override_counter":[],"jnews_post_split":[],"jnews_podcast_option":[],"jnews_podcast_series":[],"footnotes":""},"categories":[34],"tags":[1886,1337,831,2246,328],"jnews-series":[],"ppma_author":[830],"class_list":["post-33281","post","type-post","status-publish","format-standard","has-post-thumbnail","hentry","category-nacionales","tag-agricultores","tag-agricultura","tag-destacada","tag-ferias-agricultura-familiar","tag-mag"],"yoast_head":"<!-- This site is optimized with the Yoast SEO plugin v27.5 - https:\/\/yoast.com\/product\/yoast-seo-wordpress\/ -->\n<title>Nueve ferias de la agricultura familiar beneficiar\u00e1n a m\u00e1s de 1.400 peque\u00f1os productores - Informate Py Creemos en la libertad de expresi\u00f3n y en la capacidad de la gente de reflexionar\u00a0por\u00a0si\u00a0misma<\/title>\n<meta name=\"robots\" content=\"index, follow, max-snippet:-1, max-image-preview:large, max-video-preview:-1\" \/>\n<link rel=\"canonical\" href=\"https:\/\/informatepy.com\/2024\/2025\/07\/29\/nueve-ferias-de-la-agricultura-familiar-beneficiaran-a-mas-de-1-400-pequenos-productores\/\" \/>\n<meta property=\"og:locale\" content=\"es_ES\" \/>\n<meta property=\"og:type\" content=\"article\" \/>\n<meta property=\"og:title\" content=\"Nueve ferias de la agricultura familiar beneficiar\u00e1n a m\u00e1s de 1.400 peque\u00f1os productores - Informate Py Creemos en la libertad de expresi\u00f3n y en la capacidad de la gente de reflexionar\u00a0por\u00a0si\u00a0misma\" \/>\n<meta property=\"og:description\" content=\"El Ministerio de Agricultura y Ganader\u00eda (MAG) inform\u00f3 de las nueve ferias de la agricultura familiar que se desarrollar\u00e1n del 28 de julio al 2 de agosto en distintas ciudades del pa\u00eds como Asunci\u00f3n, Limpio y San Lorenzo, destac\u00e1ndose especialmente la feria departamental en San Ignacio Guaz\u00fa, Misiones, en coincidencia con las festividades patronales de [&hellip;]\" \/>\n<meta property=\"og:url\" content=\"https:\/\/informatepy.com\/2024\/2025\/07\/29\/nueve-ferias-de-la-agricultura-familiar-beneficiaran-a-mas-de-1-400-pequenos-productores\/\" \/>\n<meta property=\"og:site_name\" content=\"Informate Py Creemos en la libertad de expresi\u00f3n y en la capacidad de la gente de reflexionar\u00a0por\u00a0si\u00a0misma\" \/>\n<meta property=\"article:author\" content=\"https:\/\/www.facebook.com\/InformatePyCom\" \/>\n<meta property=\"article:published_time\" content=\"2025-07-29T03:00:00+00:00\" \/>\n<meta property=\"og:image\" content=\"https:\/\/i0.wp.com\/informatepy.com\/2024\/wp-content\/uploads\/2025\/05\/feria-agricultura-familiar.jpg?fit=1200%2C676&ssl=1\" \/>\n\t<meta property=\"og:image:width\" content=\"1200\" \/>\n\t<meta property=\"og:image:height\" content=\"676\" \/>\n\t<meta property=\"og:image:type\" content=\"image\/jpeg\" \/>\n<meta name=\"author\" content=\"Redacci\u00f3n\" \/>\n<meta name=\"twitter:card\" content=\"summary_large_image\" \/>\n<meta name=\"twitter:creator\" content=\"@https:\/\/twitter.com\/InformatePy1\" \/>\n<meta name=\"twitter:label1\" content=\"Escrito por\" \/>\n\t<meta name=\"twitter:data1\" content=\"Redacci\u00f3n\" \/>\n\t<meta name=\"twitter:label2\" content=\"Tiempo de lectura\" \/>\n\t<meta name=\"twitter:data2\" content=\"3 minutos\" \/>\n<script type=\"application\/ld+json\" class=\"yoast-schema-graph\">{\"@context\":\"https:\\\/\\\/schema.org\",\"@graph\":[{\"@type\":\"Article\",\"@id\":\"https:\\\/\\\/informatepy.com\\\/2024\\\/2025\\\/07\\\/29\\\/nueve-ferias-de-la-agricultura-familiar-beneficiaran-a-mas-de-1-400-pequenos-productores\\\/#article\",\"isPartOf\":{\"@id\":\"https:\\\/\\\/informatepy.com\\\/2024\\\/2025\\\/07\\\/29\\\/nueve-ferias-de-la-agricultura-familiar-beneficiaran-a-mas-de-1-400-pequenos-productores\\\/\"},\"author\":{\"name\":\"Redacci\u00f3n\",\"@id\":\"https:\\\/\\\/informatepy.com\\\/2024\\\/#\\\/schema\\\/person\\\/98728344b91c548ef8544c80daf58463\"},\"headline\":\"Nueve ferias de la agricultura familiar beneficiar\u00e1n a m\u00e1s de 1.400 peque\u00f1os productores\",\"datePublished\":\"2025-07-29T03:00:00+00:00\",\"mainEntityOfPage\":{\"@id\":\"https:\\\/\\\/informatepy.com\\\/2024\\\/2025\\\/07\\\/29\\\/nueve-ferias-de-la-agricultura-familiar-beneficiaran-a-mas-de-1-400-pequenos-productores\\\/\"},\"wordCount\":466,\"commentCount\":0,\"publisher\":{\"@id\":\"https:\\\/\\\/informatepy.com\\\/2024\\\/#organization\"},\"image\":{\"@id\":\"https:\\\/\\\/informatepy.com\\\/2024\\\/2025\\\/07\\\/29\\\/nueve-ferias-de-la-agricultura-familiar-beneficiaran-a-mas-de-1-400-pequenos-productores\\\/#primaryimage\"},\"thumbnailUrl\":\"https:\\\/\\\/i0.wp.com\\\/informatepy.com\\\/2024\\\/wp-content\\\/uploads\\\/2025\\\/05\\\/feria-agricultura-familiar.jpg?fit=1200%2C676&ssl=1\",\"keywords\":[\"agricultores\",\"agricultura\",\"destacada\",\"ferias agricultura familiar\",\"mag\"],\"articleSection\":[\"Nacionales\"],\"inLanguage\":\"es\",\"potentialAction\":[{\"@type\":\"CommentAction\",\"name\":\"Comment\",\"target\":[\"https:\\\/\\\/informatepy.com\\\/2024\\\/2025\\\/07\\\/29\\\/nueve-ferias-de-la-agricultura-familiar-beneficiaran-a-mas-de-1-400-pequenos-productores\\\/#respond\"]}]},{\"@type\":\"WebPage\",\"@id\":\"https:\\\/\\\/informatepy.com\\\/2024\\\/2025\\\/07\\\/29\\\/nueve-ferias-de-la-agricultura-familiar-beneficiaran-a-mas-de-1-400-pequenos-productores\\\/\",\"url\":\"https:\\\/\\\/informatepy.com\\\/2024\\\/2025\\\/07\\\/29\\\/nueve-ferias-de-la-agricultura-familiar-beneficiaran-a-mas-de-1-400-pequenos-productores\\\/\",\"name\":\"Nueve ferias de la agricultura familiar beneficiar\u00e1n a m\u00e1s de 1.400 peque\u00f1os productores - Informate Py Creemos en la libertad de expresi\u00f3n y en la capacidad de la gente de reflexionar\u00a0por\u00a0si\u00a0misma\",\"isPartOf\":{\"@id\":\"https:\\\/\\\/informatepy.com\\\/2024\\\/#website\"},\"primaryImageOfPage\":{\"@id\":\"https:\\\/\\\/informatepy.com\\\/2024\\\/2025\\\/07\\\/29\\\/nueve-ferias-de-la-agricultura-familiar-beneficiaran-a-mas-de-1-400-pequenos-productores\\\/#primaryimage\"},\"image\":{\"@id\":\"https:\\\/\\\/informatepy.com\\\/2024\\\/2025\\\/07\\\/29\\\/nueve-ferias-de-la-agricultura-familiar-beneficiaran-a-mas-de-1-400-pequenos-productores\\\/#primaryimage\"},\"thumbnailUrl\":\"https:\\\/\\\/i0.wp.com\\\/informatepy.com\\\/2024\\\/wp-content\\\/uploads\\\/2025\\\/05\\\/feria-agricultura-familiar.jpg?fit=1200%2C676&ssl=1\",\"datePublished\":\"2025-07-29T03:00:00+00:00\",\"breadcrumb\":{\"@id\":\"https:\\\/\\\/informatepy.com\\\/2024\\\/2025\\\/07\\\/29\\\/nueve-ferias-de-la-agricultura-familiar-beneficiaran-a-mas-de-1-400-pequenos-productores\\\/#breadcrumb\"},\"inLanguage\":\"es\",\"potentialAction\":[{\"@type\":\"ReadAction\",\"target\":[\"https:\\\/\\\/informatepy.com\\\/2024\\\/2025\\\/07\\\/29\\\/nueve-ferias-de-la-agricultura-familiar-beneficiaran-a-mas-de-1-400-pequenos-productores\\\/\"]}]},{\"@type\":\"ImageObject\",\"inLanguage\":\"es\",\"@id\":\"https:\\\/\\\/informatepy.com\\\/2024\\\/2025\\\/07\\\/29\\\/nueve-ferias-de-la-agricultura-familiar-beneficiaran-a-mas-de-1-400-pequenos-productores\\\/#primaryimage\",\"url\":\"https:\\\/\\\/i0.wp.com\\\/informatepy.com\\\/2024\\\/wp-content\\\/uploads\\\/2025\\\/05\\\/feria-agricultura-familiar.jpg?fit=1200%2C676&ssl=1\",\"contentUrl\":\"https:\\\/\\\/i0.wp.com\\\/informatepy.com\\\/2024\\\/wp-content\\\/uploads\\\/2025\\\/05\\\/feria-agricultura-familiar.jpg?fit=1200%2C676&ssl=1\",\"width\":1200,\"height\":676,\"caption\":\"Foto Ministerio de Agricultura y Ganader\u00eda\"},{\"@type\":\"BreadcrumbList\",\"@id\":\"https:\\\/\\\/informatepy.com\\\/2024\\\/2025\\\/07\\\/29\\\/nueve-ferias-de-la-agricultura-familiar-beneficiaran-a-mas-de-1-400-pequenos-productores\\\/#breadcrumb\",\"itemListElement\":[{\"@type\":\"ListItem\",\"position\":1,\"name\":\"Portada\",\"item\":\"https:\\\/\\\/informatepy.com\\\/2024\\\/\"},{\"@type\":\"ListItem\",\"position\":2,\"name\":\"Nueve ferias de la agricultura familiar beneficiar\u00e1n a m\u00e1s de 1.400 peque\u00f1os productores\"}]},{\"@type\":\"WebSite\",\"@id\":\"https:\\\/\\\/informatepy.com\\\/2024\\\/#website\",\"url\":\"https:\\\/\\\/informatepy.com\\\/2024\\\/\",\"name\":\"Informate Py Creemos en la libertad de expresi\u00f3n y en la capacidad de la gente de reflexionar\u00a0por\u00a0si\u00a0misma\",\"description\":\"InformatePy\",\"publisher\":{\"@id\":\"https:\\\/\\\/informatepy.com\\\/2024\\\/#organization\"},\"potentialAction\":[{\"@type\":\"SearchAction\",\"target\":{\"@type\":\"EntryPoint\",\"urlTemplate\":\"https:\\\/\\\/informatepy.com\\\/2024\\\/?s={search_term_string}\"},\"query-input\":{\"@type\":\"PropertyValueSpecification\",\"valueRequired\":true,\"valueName\":\"search_term_string\"}}],\"inLanguage\":\"es\"},{\"@type\":\"Organization\",\"@id\":\"https:\\\/\\\/informatepy.com\\\/2024\\\/#organization\",\"name\":\"Informate Py Creemos en la libertad de expresi\u00f3n y en la capacidad de la gente de reflexionar\u00a0por\u00a0si\u00a0misma\",\"url\":\"https:\\\/\\\/informatepy.com\\\/2024\\\/\",\"logo\":{\"@type\":\"ImageObject\",\"inLanguage\":\"es\",\"@id\":\"https:\\\/\\\/informatepy.com\\\/2024\\\/#\\\/schema\\\/logo\\\/image\\\/\",\"url\":\"https:\\\/\\\/i0.wp.com\\\/informatepy.com\\\/2024\\\/wp-content\\\/uploads\\\/2024\\\/02\\\/Logotipo-sin-fondo-informate-py500.png?fit=500%2C94&ssl=1\",\"contentUrl\":\"https:\\\/\\\/i0.wp.com\\\/informatepy.com\\\/2024\\\/wp-content\\\/uploads\\\/2024\\\/02\\\/Logotipo-sin-fondo-informate-py500.png?fit=500%2C94&ssl=1\",\"width\":500,\"height\":94,\"caption\":\"Informate Py Creemos en la libertad de expresi\u00f3n y en la capacidad de la gente de reflexionar\u00a0por\u00a0si\u00a0misma\"},\"image\":{\"@id\":\"https:\\\/\\\/informatepy.com\\\/2024\\\/#\\\/schema\\\/logo\\\/image\\\/\"}},{\"@type\":\"Person\",\"@id\":\"https:\\\/\\\/informatepy.com\\\/2024\\\/#\\\/schema\\\/person\\\/98728344b91c548ef8544c80daf58463\",\"name\":\"Redacci\u00f3n\",\"image\":{\"@type\":\"ImageObject\",\"inLanguage\":\"es\",\"@id\":\"https:\\\/\\\/informatepy.com\\\/2024\\\/wp-content\\\/uploads\\\/2024\\\/02\\\/cropped-Isologo-sin-fondo.png9c354f01c536b2d49dbb929e96603401\",\"url\":\"https:\\\/\\\/informatepy.com\\\/2024\\\/wp-content\\\/uploads\\\/2024\\\/02\\\/cropped-Isologo-sin-fondo.png\",\"contentUrl\":\"https:\\\/\\\/informatepy.com\\\/2024\\\/wp-content\\\/uploads\\\/2024\\\/02\\\/cropped-Isologo-sin-fondo.png\",\"caption\":\"Redacci\u00f3n\"},\"sameAs\":[\"https:\\\/\\\/www.facebook.com\\\/InformatePyCom\",\"https:\\\/\\\/x.com\\\/https:\\\/\\\/twitter.com\\\/InformatePy1\"],\"url\":\"https:\\\/\\\/informatepy.com\\\/2024\\\/author\\\/redaccion\\\/\"}]}<\/script>\n<!-- \/ Yoast SEO plugin. -->","yoast_head_json":{"title":"Nueve ferias de la agricultura familiar beneficiar\u00e1n a m\u00e1s de 1.400 peque\u00f1os productores - Informate Py Creemos en la libertad de expresi\u00f3n y en la capacidad de la gente de reflexionar\u00a0por\u00a0si\u00a0misma","robots":{"index":"index","follow":"follow","max-snippet":"max-snippet:-1","max-image-preview":"max-image-preview:large","max-video-preview":"max-video-preview:-1"},"canonical":"https:\/\/informatepy.com\/2024\/2025\/07\/29\/nueve-ferias-de-la-agricultura-familiar-beneficiaran-a-mas-de-1-400-pequenos-productores\/","og_locale":"es_ES","og_type":"article","og_title":"Nueve ferias de la agricultura familiar beneficiar\u00e1n a m\u00e1s de 1.400 peque\u00f1os productores - Informate Py Creemos en la libertad de expresi\u00f3n y en la capacidad de la gente de reflexionar\u00a0por\u00a0si\u00a0misma","og_description":"El Ministerio de Agricultura y Ganader\u00eda (MAG) inform\u00f3 de las nueve ferias de la agricultura familiar que se desarrollar\u00e1n del 28 de julio al 2 de agosto en distintas ciudades del pa\u00eds como Asunci\u00f3n, Limpio y San Lorenzo, destac\u00e1ndose especialmente la feria departamental en San Ignacio Guaz\u00fa, Misiones, en coincidencia con las festividades patronales de [&hellip;]","og_url":"https:\/\/informatepy.com\/2024\/2025\/07\/29\/nueve-ferias-de-la-agricultura-familiar-beneficiaran-a-mas-de-1-400-pequenos-productores\/","og_site_name":"Informate Py Creemos en la libertad de expresi\u00f3n y en la capacidad de la gente de reflexionar\u00a0por\u00a0si\u00a0misma","article_author":"https:\/\/www.facebook.com\/InformatePyCom","article_published_time":"2025-07-29T03:00:00+00:00","og_image":[{"width":1200,"height":676,"url":"https:\/\/i0.wp.com\/informatepy.com\/2024\/wp-content\/uploads\/2025\/05\/feria-agricultura-familiar.jpg?fit=1200%2C676&ssl=1","type":"image\/jpeg"}],"author":"Redacci\u00f3n","twitter_card":"summary_large_image","twitter_creator":"@https:\/\/twitter.com\/InformatePy1","twitter_misc":{"Escrito por":"Redacci\u00f3n","Tiempo de lectura":"3 minutos"},"schema":{"@context":"https:\/\/schema.org","@graph":[{"@type":"Article","@id":"https:\/\/informatepy.com\/2024\/2025\/07\/29\/nueve-ferias-de-la-agricultura-familiar-beneficiaran-a-mas-de-1-400-pequenos-productores\/#article","isPartOf":{"@id":"https:\/\/informatepy.com\/2024\/2025\/07\/29\/nueve-ferias-de-la-agricultura-familiar-beneficiaran-a-mas-de-1-400-pequenos-productores\/"},"author":{"name":"Redacci\u00f3n","@id":"https:\/\/informatepy.com\/2024\/#\/schema\/person\/98728344b91c548ef8544c80daf58463"},"headline":"Nueve ferias de la agricultura familiar beneficiar\u00e1n a m\u00e1s de 1.400 peque\u00f1os productores","datePublished":"2025-07-29T03:00:00+00:00","mainEntityOfPage":{"@id":"https:\/\/informatepy.com\/2024\/2025\/07\/29\/nueve-ferias-de-la-agricultura-familiar-beneficiaran-a-mas-de-1-400-pequenos-productores\/"},"wordCount":466,"commentCount":0,"publisher":{"@id":"https:\/\/informatepy.com\/2024\/#organization"},"image":{"@id":"https:\/\/informatepy.com\/2024\/2025\/07\/29\/nueve-ferias-de-la-agricultura-familiar-beneficiaran-a-mas-de-1-400-pequenos-productores\/#primaryimage"},"thumbnailUrl":"https:\/\/i0.wp.com\/informatepy.com\/2024\/wp-content\/uploads\/2025\/05\/feria-agricultura-familiar.jpg?fit=1200%2C676&ssl=1","keywords":["agricultores","agricultura","destacada","ferias agricultura familiar","mag"],"articleSection":["Nacionales"],"inLanguage":"es","potentialAction":[{"@type":"CommentAction","name":"Comment","target":["https:\/\/informatepy.com\/2024\/2025\/07\/29\/nueve-ferias-de-la-agricultura-familiar-beneficiaran-a-mas-de-1-400-pequenos-productores\/#respond"]}]},{"@type":"WebPage","@id":"https:\/\/informatepy.com\/2024\/2025\/07\/29\/nueve-ferias-de-la-agricultura-familiar-beneficiaran-a-mas-de-1-400-pequenos-productores\/","url":"https:\/\/informatepy.com\/2024\/2025\/07\/29\/nueve-ferias-de-la-agricultura-familiar-beneficiaran-a-mas-de-1-400-pequenos-productores\/","name":"Nueve ferias de la agricultura familiar beneficiar\u00e1n a m\u00e1s de 1.400 peque\u00f1os productores - Informate Py Creemos en la libertad de expresi\u00f3n y en la capacidad de la gente de reflexionar\u00a0por\u00a0si\u00a0misma","isPartOf":{"@id":"https:\/\/informatepy.com\/2024\/#website"},"primaryImageOfPage":{"@id":"https:\/\/informatepy.com\/2024\/2025\/07\/29\/nueve-ferias-de-la-agricultura-familiar-beneficiaran-a-mas-de-1-400-pequenos-productores\/#primaryimage"},"image":{"@id":"https:\/\/informatepy.com\/2024\/2025\/07\/29\/nueve-ferias-de-la-agricultura-familiar-beneficiaran-a-mas-de-1-400-pequenos-productores\/#primaryimage"},"thumbnailUrl":"https:\/\/i0.wp.com\/informatepy.com\/2024\/wp-content\/uploads\/2025\/05\/feria-agricultura-familiar.jpg?fit=1200%2C676&ssl=1","datePublished":"2025-07-29T03:00:00+00:00","breadcrumb":{"@id":"https:\/\/informatepy.com\/2024\/2025\/07\/29\/nueve-ferias-de-la-agricultura-familiar-beneficiaran-a-mas-de-1-400-pequenos-productores\/#breadcrumb"},"inLanguage":"es","potentialAction":[{"@type":"ReadAction","target":["https:\/\/informatepy.com\/2024\/2025\/07\/29\/nueve-ferias-de-la-agricultura-familiar-beneficiaran-a-mas-de-1-400-pequenos-productores\/"]}]},{"@type":"ImageObject","inLanguage":"es","@id":"https:\/\/informatepy.com\/2024\/2025\/07\/29\/nueve-ferias-de-la-agricultura-familiar-beneficiaran-a-mas-de-1-400-pequenos-productores\/#primaryimage","url":"https:\/\/i0.wp.com\/informatepy.com\/2024\/wp-content\/uploads\/2025\/05\/feria-agricultura-familiar.jpg?fit=1200%2C676&ssl=1","contentUrl":"https:\/\/i0.wp.com\/informatepy.com\/2024\/wp-content\/uploads\/2025\/05\/feria-agricultura-familiar.jpg?fit=1200%2C676&ssl=1","width":1200,"height":676,"caption":"Foto Ministerio de Agricultura y Ganader\u00eda"},{"@type":"BreadcrumbList","@id":"https:\/\/informatepy.com\/2024\/2025\/07\/29\/nueve-ferias-de-la-agricultura-familiar-beneficiaran-a-mas-de-1-400-pequenos-productores\/#breadcrumb","itemListElement":[{"@type":"ListItem","position":1,"name":"Portada","item":"https:\/\/informatepy.com\/2024\/"},{"@type":"ListItem","position":2,"name":"Nueve ferias de la agricultura familiar beneficiar\u00e1n a m\u00e1s de 1.400 peque\u00f1os productores"}]},{"@type":"WebSite","@id":"https:\/\/informatepy.com\/2024\/#website","url":"https:\/\/informatepy.com\/2024\/","name":"Informate Py Creemos en la libertad de expresi\u00f3n y en la capacidad de la gente de reflexionar\u00a0por\u00a0si\u00a0misma","description":"InformatePy","publisher":{"@id":"https:\/\/informatepy.com\/2024\/#organization"},"potentialAction":[{"@type":"SearchAction","target":{"@type":"EntryPoint","urlTemplate":"https:\/\/informatepy.com\/2024\/?s={search_term_string}"},"query-input":{"@type":"PropertyValueSpecification","valueRequired":true,"valueName":"search_term_string"}}],"inLanguage":"es"},{"@type":"Organization","@id":"https:\/\/informatepy.com\/2024\/#organization","name":"Informate Py Creemos en la libertad de expresi\u00f3n y en la capacidad de la gente de reflexionar\u00a0por\u00a0si\u00a0misma","url":"https:\/\/informatepy.com\/2024\/","logo":{"@type":"ImageObject","inLanguage":"es","@id":"https:\/\/informatepy.com\/2024\/#\/schema\/logo\/image\/","url":"https:\/\/i0.wp.com\/informatepy.com\/2024\/wp-content\/uploads\/2024\/02\/Logotipo-sin-fondo-informate-py500.png?fit=500%2C94&ssl=1","contentUrl":"https:\/\/i0.wp.com\/informatepy.com\/2024\/wp-content\/uploads\/2024\/02\/Logotipo-sin-fondo-informate-py500.png?fit=500%2C94&ssl=1","width":500,"height":94,"caption":"Informate Py Creemos en la libertad de expresi\u00f3n y en la capacidad de la gente de reflexionar\u00a0por\u00a0si\u00a0misma"},"image":{"@id":"https:\/\/informatepy.com\/2024\/#\/schema\/logo\/image\/"}},{"@type":"Person","@id":"https:\/\/informatepy.com\/2024\/#\/schema\/person\/98728344b91c548ef8544c80daf58463","name":"Redacci\u00f3n","image":{"@type":"ImageObject","inLanguage":"es","@id":"https:\/\/informatepy.com\/2024\/wp-content\/uploads\/2024\/02\/cropped-Isologo-sin-fondo.png9c354f01c536b2d49dbb929e96603401","url":"https:\/\/informatepy.com\/2024\/wp-content\/uploads\/2024\/02\/cropped-Isologo-sin-fondo.png","contentUrl":"https:\/\/informatepy.com\/2024\/wp-content\/uploads\/2024\/02\/cropped-Isologo-sin-fondo.png","caption":"Redacci\u00f3n"},"sameAs":["https:\/\/www.facebook.com\/InformatePyCom","https:\/\/x.com\/https:\/\/twitter.com\/InformatePy1"],"url":"https:\/\/informatepy.com\/2024\/author\/redaccion\/"}]}},"jetpack_featured_media_url":"https:\/\/i0.wp.com\/informatepy.com\/2024\/wp-content\/uploads\/2025\/05\/feria-agricultura-familiar.jpg?fit=1200%2C676&ssl=1","jetpack-related-posts":[],"jetpack_sharing_enabled":true,"authors":[{"term_id":830,"user_id":3,"is_guest":0,"slug":"redaccion","display_name":"Redacci\u00f3n","avatar_url":{"url":"https:\/\/informatepy.com\/2024\/wp-content\/uploads\/2024\/02\/cropped-Isologo-sin-fondo.png","url2x":"https:\/\/informatepy.com\/2024\/wp-content\/uploads\/2024\/02\/cropped-Isologo-sin-fondo.png"},"author_category":"1","first_name":"Redacci\u00f3n","last_name":"","user_url":"","job_title":"","description":""}],"_links":{"self":[{"href":"https:\/\/informatepy.com\/2024\/wp-json\/wp\/v2\/posts\/33281","targetHints":{"allow":["GET"]}}],"collection":[{"href":"https:\/\/informatepy.com\/2024\/wp-json\/wp\/v2\/posts"}],"about":[{"href":"https:\/\/informatepy.com\/2024\/wp-json\/wp\/v2\/types\/post"}],"author":[{"embeddable":true,"href":"https:\/\/informatepy.com\/2024\/wp-json\/wp\/v2\/users\/3"}],"replies":[{"embeddable":true,"href":"https:\/\/informatepy.com\/2024\/wp-json\/wp\/v2\/comments?post=33281"}],"version-history":[{"count":1,"href":"https:\/\/informatepy.com\/2024\/wp-json\/wp\/v2\/posts\/33281\/revisions"}],"predecessor-version":[{"id":33282,"href":"https:\/\/informatepy.com\/2024\/wp-json\/wp\/v2\/posts\/33281\/revisions\/33282"}],"wp:featuredmedia":[{"embeddable":true,"href":"https:\/\/informatepy.com\/2024\/wp-json\/wp\/v2\/media\/31617"}],"wp:attachment":[{"href":"https:\/\/informatepy.com\/2024\/wp-json\/wp\/v2\/media?parent=33281"}],"wp:term":[{"taxonomy":"category","embeddable":true,"href":"https:\/\/informatepy.com\/2024\/wp-json\/wp\/v2\/categories?post=33281"},{"taxonomy":"post_tag","embeddable":true,"href":"https:\/\/informatepy.com\/2024\/wp-json\/wp\/v2\/tags?post=33281"},{"taxonomy":"jnews-series","embeddable":true,"href":"https:\/\/informatepy.com\/2024\/wp-json\/wp\/v2\/jnews-series?post=33281"},{"taxonomy":"author","embeddable":true,"href":"https:\/\/informatepy.com\/2024\/wp-json\/wp\/v2\/ppma_author?post=33281"}],"curies":[{"name":"wp","href":"https:\/\/api.w.org\/{rel}","templated":true}]}}