{"id":31330,"date":"2025-04-20T00:00:00","date_gmt":"2025-04-20T03:00:00","guid":{"rendered":"https:\/\/informatepy.com\/2024\/?p=31330"},"modified":"2025-04-19T13:46:09","modified_gmt":"2025-04-19T16:46:09","slug":"el-globalismo-es-salvajismo","status":"publish","type":"post","link":"https:\/\/informatepy.com\/2024\/2025\/04\/20\/el-globalismo-es-salvajismo\/","title":{"rendered":"El globalismo es salvajismo"},"content":{"rendered":"\n<p>Se entiende el progresismo como una doctrina que busca una sociedad m\u00e1s equitativa, justa, tolerante e inclusiva. Aparentemente, ser progresista es igual a ser un so\u00f1ador que lucha por los m\u00e1s necesitados, excluidos y poco afortunados de una sociedad. No es de extra\u00f1ar que los j\u00f3venes tiendan a convertirse en militantes de esta doctrina, pues todos sus postulados apelan a los sentimientos y emociones.&nbsp; La etapa superior del progresismo es el globalismo, puesto que es mejor un pan\u00f3ptico que controle y resuelva todo a nivel global que confiar sus nobles objetivos a unos gobiernos locales que pueden ser reemplazados en la siguiente elecci\u00f3n.<\/p>\n\n\n\n<p>En la <em>Cumbre para el Desarrollo Sostenible, <\/em>septiembre 2015, la ONU present\u00f3 su Agenda 2030, la versi\u00f3n m\u00e1s moderna del globalismo. Son 17 objetivos, que, obviamente, no se cumplieron, ya que son fantas\u00edas irrealizables muy t\u00edpicas de la izquierda posmoderna. Sin embargo, dado el fracaso del proyecto 2030, los tecn\u00f3cratas de la ONU han planteado el proyecto 2045, una versi\u00f3n extendida de la anterior agenda. Veamos y analicemos sus puntos centrales.<\/p>\n\n\n\n<p><strong>1.- Desarrollo sostenible y erradicaci\u00f3n de la pobreza: <\/strong>Se promueve un modelo de desarrollo inclusivo que fomente la creaci\u00f3n de empleo digno, el acceso equitativo a recursos y oportunidades, y la implementaci\u00f3n de pol\u00edticas p\u00fablicas que reduzcan la brecha entre ricos y pobres. Traducci\u00f3n, m\u00e1s impuestos, regulaciones y subsidios que, en realidad, no combaten la pobreza, sino al capitalismo, que, parad\u00f3jicamente, es el \u00fanico m\u00e9todo posible para que las naciones alcancen prosperidad.<\/p>\n\n\n<div class=\"wp-block-image\">\n<figure class=\"aligncenter size-large is-resized\"><img data-recalc-dims=\"1\" loading=\"lazy\" decoding=\"async\" width=\"1024\" height=\"501\" src=\"https:\/\/i0.wp.com\/informatepy.com\/2024\/wp-content\/uploads\/2024\/04\/aem-balderrama.jpg?resize=1024%2C501&#038;ssl=1\" alt=\"\" class=\"wp-image-24932\" style=\"width:497px;height:auto\" srcset=\"https:\/\/i0.wp.com\/informatepy.com\/2024\/wp-content\/uploads\/2024\/04\/aem-balderrama.jpg?resize=1024%2C501&amp;ssl=1 1024w, https:\/\/i0.wp.com\/informatepy.com\/2024\/wp-content\/uploads\/2024\/04\/aem-balderrama.jpg?resize=300%2C147&amp;ssl=1 300w, https:\/\/i0.wp.com\/informatepy.com\/2024\/wp-content\/uploads\/2024\/04\/aem-balderrama.jpg?resize=768%2C376&amp;ssl=1 768w, https:\/\/i0.wp.com\/informatepy.com\/2024\/wp-content\/uploads\/2024\/04\/aem-balderrama.jpg?resize=750%2C367&amp;ssl=1 750w, https:\/\/i0.wp.com\/informatepy.com\/2024\/wp-content\/uploads\/2024\/04\/aem-balderrama.jpg?resize=1140%2C558&amp;ssl=1 1140w, https:\/\/i0.wp.com\/informatepy.com\/2024\/wp-content\/uploads\/2024\/04\/aem-balderrama.jpg?w=1280&amp;ssl=1 1280w\" sizes=\"auto, (max-width: 1000px) 100vw, 1000px\" \/><\/figure>\n<\/div>\n\n\n<p><strong>2.- Paz y seguridad internacional: <\/strong>En un mundo cada vez m\u00e1s polarizado y con crecientes tensiones geopol\u00edticas, la Agenda 2045 busca establecer un marco de cooperaci\u00f3n que fortalezca la paz y la seguridad internacionales. Lo que, en realidad, quiere decir es: naciones menos libres y sometidas a un poder global antidemocr\u00e1tico. De hecho, el COVID19 fue el primer gran experimento de una tecnocracia tir\u00e1nica imponiendo sus medidas de control y vacunas a diestra y siniestra.&nbsp;<\/p>\n\n\n\n<p><strong>3.- Innovaci\u00f3n y cooperaci\u00f3n digital<\/strong>: Esta busca regular las tecnolog\u00edas emergentes, promover la cooperaci\u00f3n digital y garantizar que la inteligencia artificial y otras innovaciones se utilicen de manera \u00e9tica y responsable. Se promueve la creaci\u00f3n de marcos legales internacionales para regular el uso de la inteligencia artificial y la protecci\u00f3n de datos, as\u00ed como la erradicaci\u00f3n del discurso de odio en las redes sociales. B\u00e1sicamente, censura a nivel global bajo el eufemismo de \u00abdiscurso de odio\u00bb, pues todas las posiciones son v\u00e1lidas, menos las cristianas, conservadoras y provida, que son las m\u00e1s atacadas en redes sociales y foros de internet. &nbsp;<\/p>\n\n\n<div class=\"wp-block-image\">\n<figure class=\"aligncenter size-large is-resized\"><img data-recalc-dims=\"1\" loading=\"lazy\" decoding=\"async\" width=\"1024\" height=\"525\" src=\"https:\/\/i0.wp.com\/informatepy.com\/2024\/wp-content\/uploads\/2023\/01\/grupo-mote-balderrama.jpg?resize=1024%2C525&#038;ssl=1\" alt=\"\" class=\"wp-image-9670\" style=\"width:468px;height:auto\" srcset=\"https:\/\/i0.wp.com\/informatepy.com\/2024\/wp-content\/uploads\/2023\/01\/grupo-mote-balderrama.jpg?resize=1024%2C525&amp;ssl=1 1024w, https:\/\/i0.wp.com\/informatepy.com\/2024\/wp-content\/uploads\/2023\/01\/grupo-mote-balderrama.jpg?resize=300%2C154&amp;ssl=1 300w, https:\/\/i0.wp.com\/informatepy.com\/2024\/wp-content\/uploads\/2023\/01\/grupo-mote-balderrama.jpg?resize=768%2C394&amp;ssl=1 768w, https:\/\/i0.wp.com\/informatepy.com\/2024\/wp-content\/uploads\/2023\/01\/grupo-mote-balderrama.jpg?resize=1536%2C787&amp;ssl=1 1536w, https:\/\/i0.wp.com\/informatepy.com\/2024\/wp-content\/uploads\/2023\/01\/grupo-mote-balderrama.jpg?resize=2048%2C1050&amp;ssl=1 2048w, https:\/\/i0.wp.com\/informatepy.com\/2024\/wp-content\/uploads\/2023\/01\/grupo-mote-balderrama.jpg?resize=750%2C384&amp;ssl=1 750w, https:\/\/i0.wp.com\/informatepy.com\/2024\/wp-content\/uploads\/2023\/01\/grupo-mote-balderrama.jpg?resize=1140%2C584&amp;ssl=1 1140w\" sizes=\"auto, (max-width: 1000px) 100vw, 1000px\" \/><\/figure>\n<\/div>\n\n\n<p><strong>4.- Juventud y generaciones futuras<\/strong>: La inclusi\u00f3n de las generaciones m\u00e1s j\u00f3venes en el desarrollo global es fundamental para la Agenda 2045. Se propone un enfoque educativo que promueva el pensamiento cr\u00edtico, la innovaci\u00f3n y la conciencia ambiental. Este es, quiz\u00e1s, el punto m\u00e1s contradictorio, porque, al menos, desde la Cumbre del Cairo del a\u00f1o 1994 la ONU ha fomentado el control de la poblaci\u00f3n mediante m\u00e9todos como el aborto y todo el discurso contra la familia. Hoy, gran parte de Occidente, enfrenta tasas de natalidad negativas, por ejemplo, seg\u00fan El Centro de Investigaciones PEW, el 70% de la poblaci\u00f3n europea supera los 35 a\u00f1os. Habr\u00e1 que preguntarles a los bur\u00f3cratas de la ONU, \u00bfcon que j\u00f3venes piensan dialogar el 2045?<\/p>\n\n\n\n<p><strong>5.- Transformaci\u00f3n del gobierno global:<\/strong> La Agenda 2045 tambi\u00e9n aboga por una reforma del sistema de gobernanza global, especialmente del Consejo de Seguridad de la ONU, para hacerlo m\u00e1s inclusivo y representativo. Esto incluir\u00eda la incorporaci\u00f3n de nuevos miembros permanentes de diferentes regiones, como Am\u00e9rica Latina, Asia Pac\u00edfico y \u00c1frica, con el fin de reflejar mejor la realidad geopol\u00edtica actual. Traducci\u00f3n, que pa\u00edses como Cuba e Ir\u00e1n, cuyos rasgos totalitarios son innegables, ocupen cargos importantes. De hecho, Fidel Castro siempre busc\u00f3 que sus socios musulmanes sean parte importante de los consejos de la ONU.<\/p>\n\n\n<div class=\"wp-block-image\">\n<figure class=\"aligncenter size-large is-resized\"><img data-recalc-dims=\"1\" loading=\"lazy\" decoding=\"async\" width=\"731\" height=\"1024\" src=\"https:\/\/i0.wp.com\/informatepy.com\/2024\/wp-content\/uploads\/2025\/03\/balderrama-diagnostic-center.jpeg?resize=731%2C1024&#038;ssl=1\" alt=\"\" class=\"wp-image-30907\" style=\"width:408px;height:auto\" srcset=\"https:\/\/i0.wp.com\/informatepy.com\/2024\/wp-content\/uploads\/2025\/03\/balderrama-diagnostic-center.jpeg?resize=731%2C1024&amp;ssl=1 731w, https:\/\/i0.wp.com\/informatepy.com\/2024\/wp-content\/uploads\/2025\/03\/balderrama-diagnostic-center.jpeg?resize=214%2C300&amp;ssl=1 214w, https:\/\/i0.wp.com\/informatepy.com\/2024\/wp-content\/uploads\/2025\/03\/balderrama-diagnostic-center.jpeg?resize=768%2C1076&amp;ssl=1 768w, https:\/\/i0.wp.com\/informatepy.com\/2024\/wp-content\/uploads\/2025\/03\/balderrama-diagnostic-center.jpeg?resize=360%2C504&amp;ssl=1 360w, https:\/\/i0.wp.com\/informatepy.com\/2024\/wp-content\/uploads\/2025\/03\/balderrama-diagnostic-center.jpeg?resize=750%2C1050&amp;ssl=1 750w, https:\/\/i0.wp.com\/informatepy.com\/2024\/wp-content\/uploads\/2025\/03\/balderrama-diagnostic-center.jpeg?w=914&amp;ssl=1 914w\" sizes=\"auto, (max-width: 731px) 100vw, 731px\" \/><\/figure>\n<\/div>\n\n\n<p>En conclusi\u00f3n, el globalismo no es desarrollo, sino una demoledora ideolog\u00eda que supone el m\u00e1s ambicioso proyecto de ingenier\u00eda social y control total en curso. Institucionalizada en organizaciones que, por definici\u00f3n, no tienen ni patria, ni territorio ni pueblo, esta ideolog\u00eda pretende parir un r\u00e9gimen pol\u00edtico antidemocr\u00e1tico de alcance global, claro que en el camino va a destruir naciones, libertades y vidas.<\/p>\n\n\n\n<p><\/p>\n","protected":false},"excerpt":{"rendered":"<p>Se entiende el progresismo como una doctrina que busca una sociedad m\u00e1s equitativa, justa, tolerante e inclusiva. Aparentemente, ser progresista es igual a ser un so\u00f1ador que lucha por los m\u00e1s necesitados, excluidos y poco afortunados de una sociedad. No es de extra\u00f1ar que los j\u00f3venes tiendan a convertirse en militantes de esta doctrina, pues [&hellip;]<\/p>\n","protected":false},"author":31,"featured_media":31331,"comment_status":"open","ping_status":"open","sticky":false,"template":"","format":"standard","meta":{"_jetpack_memberships_contains_paid_content":false,"jnews-multi-image_gallery":[],"jnews_single_post":{"subtitle":"","format":"standard","video":"","gallery":"","source_name":"","source_url":"","via_name":"","via_url":"","override_template":"0","override":[{"template":"2","single_blog_custom":"","parallax":"1","fullscreen":"1","layout":"right-sidebar","sidebar":"default-sidebar","second_sidebar":"default-sidebar","sticky_sidebar":"1","share_position":"top","share_float_style":"share-monocrhome","show_share_counter":"0","show_view_counter":"0","show_featured":"1","show_post_meta":"1","show_post_author":"1","show_post_author_image":"0","show_post_date":"1","post_date_format":"default","post_date_format_custom":"Y\/m\/d","show_post_category":"1","show_post_reading_time":"0","post_reading_time_wpm":"300","show_zoom_button":"0","zoom_button_out_step":"2","zoom_button_in_step":"3","show_post_tag":"1","show_prev_next_post":"0","show_popup_post":"1","number_popup_post":"1","show_author_box":"1","show_post_related":"0","show_inline_post_related":"0"}],"override_image_size":"0","image_override":[{"single_post_thumbnail_size":"crop-500","single_post_gallery_size":"crop-500"}],"trending_post":"0","trending_post_position":"meta","trending_post_label":"Trending","sponsored_post":"0","sponsored_post_label":"Sponsored by","sponsored_post_name":"","sponsored_post_url":"","sponsored_post_logo_enable":"0","sponsored_post_logo":"","sponsored_post_desc":"","disable_ad":"0"},"jnews_primary_category":{"id":"","hide":""},"jnews_override_bookmark_settings":[],"jnews_food_recipe":[],"enable_food_recipe":"","food_recipe_title":"","food_recipe_description":"","food_recipe_serve":"","food_recipe_time":"","food_recipe_prep":"","food_recipe_level":"","food_recipe_keywords":"","food_recipe_category":"","food_recipe_cuisine":"","food_recipe_yield":"","food_recipe_calories":"","enable_print_recipe":"","ingredient":[],"instruction":"","jnews_social_meta":{"fb_title":"","fb_description":"","fb_image":"","twitter_title":"","twitter_description":"","twitter_image":""},"jnews_paywall_metabox":[],"jnews_review":[],"enable_review":"","type":"","name":"","summary":"","brand":"","sku":"","good":[],"bad":[],"score_override":"","override_value":"","rating":[],"price":[],"jnews_override_counter":{"override_view_counter":"0","view_counter_number":"0","override_share_counter":"0","share_counter_number":"0","override_like_counter":"0","like_counter_number":"0","override_dislike_counter":"0","dislike_counter_number":"0"},"jnews_post_split":{"enable_post_split":"0","post_split":[{"template":"1","tag":"h2","numbering":"asc","mode":"normal","first":"0","enable_toc":"0","toc_type":"normal"}]},"jnews_podcast_option":[],"jnews_podcast_series":[],"footnotes":""},"categories":[39],"tags":[831,808],"jnews-series":[],"ppma_author":[1371],"class_list":["post-31330","post","type-post","status-publish","format-standard","has-post-thumbnail","hentry","category-analisis","tag-destacada","tag-globalismo"],"yoast_head":"<!-- This site is optimized with the Yoast SEO plugin v27.4 - https:\/\/yoast.com\/product\/yoast-seo-wordpress\/ -->\n<title>El globalismo es salvajismo - Informate Py Creemos en la libertad de expresi\u00f3n y en la capacidad de la gente de reflexionar\u00a0por\u00a0si\u00a0misma<\/title>\n<meta name=\"robots\" content=\"index, follow, max-snippet:-1, max-image-preview:large, max-video-preview:-1\" \/>\n<link rel=\"canonical\" href=\"https:\/\/informatepy.com\/2024\/2025\/04\/20\/el-globalismo-es-salvajismo\/\" \/>\n<meta property=\"og:locale\" content=\"es_ES\" \/>\n<meta property=\"og:type\" content=\"article\" \/>\n<meta property=\"og:title\" content=\"El globalismo es salvajismo - Informate Py Creemos en la libertad de expresi\u00f3n y en la capacidad de la gente de reflexionar\u00a0por\u00a0si\u00a0misma\" \/>\n<meta property=\"og:description\" content=\"Se entiende el progresismo como una doctrina que busca una sociedad m\u00e1s equitativa, justa, tolerante e inclusiva. Aparentemente, ser progresista es igual a ser un so\u00f1ador que lucha por los m\u00e1s necesitados, excluidos y poco afortunados de una sociedad. No es de extra\u00f1ar que los j\u00f3venes tiendan a convertirse en militantes de esta doctrina, pues [&hellip;]\" \/>\n<meta property=\"og:url\" content=\"https:\/\/informatepy.com\/2024\/2025\/04\/20\/el-globalismo-es-salvajismo\/\" \/>\n<meta property=\"og:site_name\" content=\"Informate Py Creemos en la libertad de expresi\u00f3n y en la capacidad de la gente de reflexionar\u00a0por\u00a0si\u00a0misma\" \/>\n<meta property=\"article:published_time\" content=\"2025-04-20T03:00:00+00:00\" \/>\n<meta property=\"og:image\" content=\"https:\/\/i0.wp.com\/informatepy.com\/2024\/wp-content\/uploads\/2025\/04\/globalismo.jpg?fit=1200%2C676&ssl=1\" \/>\n\t<meta property=\"og:image:width\" content=\"1200\" \/>\n\t<meta property=\"og:image:height\" content=\"676\" \/>\n\t<meta property=\"og:image:type\" content=\"image\/jpeg\" \/>\n<meta name=\"author\" content=\"Hugo Marcelo Balderrama\" \/>\n<meta name=\"twitter:card\" content=\"summary_large_image\" \/>\n<meta name=\"twitter:creator\" content=\"@https:\/\/twitter.com\/hugobalderrama\" \/>\n<meta name=\"twitter:label1\" content=\"Escrito por\" \/>\n\t<meta name=\"twitter:data1\" content=\"Hugo Marcelo Balderrama\" \/>\n\t<meta name=\"twitter:label2\" content=\"Tiempo de lectura\" \/>\n\t<meta name=\"twitter:data2\" content=\"5 minutos\" \/>\n<script type=\"application\/ld+json\" class=\"yoast-schema-graph\">{\"@context\":\"https:\\\/\\\/schema.org\",\"@graph\":[{\"@type\":\"Article\",\"@id\":\"https:\\\/\\\/informatepy.com\\\/2024\\\/2025\\\/04\\\/20\\\/el-globalismo-es-salvajismo\\\/#article\",\"isPartOf\":{\"@id\":\"https:\\\/\\\/informatepy.com\\\/2024\\\/2025\\\/04\\\/20\\\/el-globalismo-es-salvajismo\\\/\"},\"author\":{\"name\":\"Hugo Marcelo Balderrama\",\"@id\":\"https:\\\/\\\/informatepy.com\\\/2024\\\/#\\\/schema\\\/person\\\/ab3c2d3aa316b6d887beec94bd4bfcde\"},\"headline\":\"El globalismo es salvajismo\",\"datePublished\":\"2025-04-20T03:00:00+00:00\",\"mainEntityOfPage\":{\"@id\":\"https:\\\/\\\/informatepy.com\\\/2024\\\/2025\\\/04\\\/20\\\/el-globalismo-es-salvajismo\\\/\"},\"wordCount\":765,\"commentCount\":0,\"publisher\":{\"@id\":\"https:\\\/\\\/informatepy.com\\\/2024\\\/#organization\"},\"image\":{\"@id\":\"https:\\\/\\\/informatepy.com\\\/2024\\\/2025\\\/04\\\/20\\\/el-globalismo-es-salvajismo\\\/#primaryimage\"},\"thumbnailUrl\":\"https:\\\/\\\/i0.wp.com\\\/informatepy.com\\\/2024\\\/wp-content\\\/uploads\\\/2025\\\/04\\\/globalismo.jpg?fit=1200%2C676&ssl=1\",\"keywords\":[\"destacada\",\"globalismo\"],\"articleSection\":[\"Analisis\"],\"inLanguage\":\"es\",\"potentialAction\":[{\"@type\":\"CommentAction\",\"name\":\"Comment\",\"target\":[\"https:\\\/\\\/informatepy.com\\\/2024\\\/2025\\\/04\\\/20\\\/el-globalismo-es-salvajismo\\\/#respond\"]}]},{\"@type\":\"WebPage\",\"@id\":\"https:\\\/\\\/informatepy.com\\\/2024\\\/2025\\\/04\\\/20\\\/el-globalismo-es-salvajismo\\\/\",\"url\":\"https:\\\/\\\/informatepy.com\\\/2024\\\/2025\\\/04\\\/20\\\/el-globalismo-es-salvajismo\\\/\",\"name\":\"El globalismo es salvajismo - Informate Py Creemos en la libertad de expresi\u00f3n y en la capacidad de la gente de reflexionar\u00a0por\u00a0si\u00a0misma\",\"isPartOf\":{\"@id\":\"https:\\\/\\\/informatepy.com\\\/2024\\\/#website\"},\"primaryImageOfPage\":{\"@id\":\"https:\\\/\\\/informatepy.com\\\/2024\\\/2025\\\/04\\\/20\\\/el-globalismo-es-salvajismo\\\/#primaryimage\"},\"image\":{\"@id\":\"https:\\\/\\\/informatepy.com\\\/2024\\\/2025\\\/04\\\/20\\\/el-globalismo-es-salvajismo\\\/#primaryimage\"},\"thumbnailUrl\":\"https:\\\/\\\/i0.wp.com\\\/informatepy.com\\\/2024\\\/wp-content\\\/uploads\\\/2025\\\/04\\\/globalismo.jpg?fit=1200%2C676&ssl=1\",\"datePublished\":\"2025-04-20T03:00:00+00:00\",\"breadcrumb\":{\"@id\":\"https:\\\/\\\/informatepy.com\\\/2024\\\/2025\\\/04\\\/20\\\/el-globalismo-es-salvajismo\\\/#breadcrumb\"},\"inLanguage\":\"es\",\"potentialAction\":[{\"@type\":\"ReadAction\",\"target\":[\"https:\\\/\\\/informatepy.com\\\/2024\\\/2025\\\/04\\\/20\\\/el-globalismo-es-salvajismo\\\/\"]}]},{\"@type\":\"ImageObject\",\"inLanguage\":\"es\",\"@id\":\"https:\\\/\\\/informatepy.com\\\/2024\\\/2025\\\/04\\\/20\\\/el-globalismo-es-salvajismo\\\/#primaryimage\",\"url\":\"https:\\\/\\\/i0.wp.com\\\/informatepy.com\\\/2024\\\/wp-content\\\/uploads\\\/2025\\\/04\\\/globalismo.jpg?fit=1200%2C676&ssl=1\",\"contentUrl\":\"https:\\\/\\\/i0.wp.com\\\/informatepy.com\\\/2024\\\/wp-content\\\/uploads\\\/2025\\\/04\\\/globalismo.jpg?fit=1200%2C676&ssl=1\",\"width\":1200,\"height\":676},{\"@type\":\"BreadcrumbList\",\"@id\":\"https:\\\/\\\/informatepy.com\\\/2024\\\/2025\\\/04\\\/20\\\/el-globalismo-es-salvajismo\\\/#breadcrumb\",\"itemListElement\":[{\"@type\":\"ListItem\",\"position\":1,\"name\":\"Portada\",\"item\":\"https:\\\/\\\/informatepy.com\\\/2024\\\/\"},{\"@type\":\"ListItem\",\"position\":2,\"name\":\"El globalismo es salvajismo\"}]},{\"@type\":\"WebSite\",\"@id\":\"https:\\\/\\\/informatepy.com\\\/2024\\\/#website\",\"url\":\"https:\\\/\\\/informatepy.com\\\/2024\\\/\",\"name\":\"Informate Py Creemos en la libertad de expresi\u00f3n y en la capacidad de la gente de reflexionar\u00a0por\u00a0si\u00a0misma\",\"description\":\"InformatePy\",\"publisher\":{\"@id\":\"https:\\\/\\\/informatepy.com\\\/2024\\\/#organization\"},\"potentialAction\":[{\"@type\":\"SearchAction\",\"target\":{\"@type\":\"EntryPoint\",\"urlTemplate\":\"https:\\\/\\\/informatepy.com\\\/2024\\\/?s={search_term_string}\"},\"query-input\":{\"@type\":\"PropertyValueSpecification\",\"valueRequired\":true,\"valueName\":\"search_term_string\"}}],\"inLanguage\":\"es\"},{\"@type\":\"Organization\",\"@id\":\"https:\\\/\\\/informatepy.com\\\/2024\\\/#organization\",\"name\":\"Informate Py Creemos en la libertad de expresi\u00f3n y en la capacidad de la gente de reflexionar\u00a0por\u00a0si\u00a0misma\",\"url\":\"https:\\\/\\\/informatepy.com\\\/2024\\\/\",\"logo\":{\"@type\":\"ImageObject\",\"inLanguage\":\"es\",\"@id\":\"https:\\\/\\\/informatepy.com\\\/2024\\\/#\\\/schema\\\/logo\\\/image\\\/\",\"url\":\"https:\\\/\\\/i0.wp.com\\\/informatepy.com\\\/2024\\\/wp-content\\\/uploads\\\/2024\\\/02\\\/Logotipo-sin-fondo-informate-py500.png?fit=500%2C94&ssl=1\",\"contentUrl\":\"https:\\\/\\\/i0.wp.com\\\/informatepy.com\\\/2024\\\/wp-content\\\/uploads\\\/2024\\\/02\\\/Logotipo-sin-fondo-informate-py500.png?fit=500%2C94&ssl=1\",\"width\":500,\"height\":94,\"caption\":\"Informate Py Creemos en la libertad de expresi\u00f3n y en la capacidad de la gente de reflexionar\u00a0por\u00a0si\u00a0misma\"},\"image\":{\"@id\":\"https:\\\/\\\/informatepy.com\\\/2024\\\/#\\\/schema\\\/logo\\\/image\\\/\"}},{\"@type\":\"Person\",\"@id\":\"https:\\\/\\\/informatepy.com\\\/2024\\\/#\\\/schema\\\/person\\\/ab3c2d3aa316b6d887beec94bd4bfcde\",\"name\":\"Hugo Marcelo Balderrama\",\"image\":{\"@type\":\"ImageObject\",\"inLanguage\":\"es\",\"@id\":\"https:\\\/\\\/informatepy.com\\\/2024\\\/wp-content\\\/uploads\\\/2026\\\/02\\\/hugo-balderrama.jpg15a746afa8230efe7f311abfd5d4dba9\",\"url\":\"https:\\\/\\\/informatepy.com\\\/2024\\\/wp-content\\\/uploads\\\/2026\\\/02\\\/hugo-balderrama.jpg\",\"contentUrl\":\"https:\\\/\\\/informatepy.com\\\/2024\\\/wp-content\\\/uploads\\\/2026\\\/02\\\/hugo-balderrama.jpg\",\"caption\":\"Hugo Marcelo Balderrama\"},\"description\":\"Economista, Docente, Periodista y Consultor Pol\u00edtico. Comprometido con la defensa de la vida, la propiedad y la libertad.\",\"sameAs\":[\"https:\\\/\\\/x.com\\\/https:\\\/\\\/twitter.com\\\/hugobalderrama\"],\"url\":\"https:\\\/\\\/informatepy.com\\\/2024\\\/author\\\/hbalderrama\\\/\"}]}<\/script>\n<!-- \/ Yoast SEO plugin. -->","yoast_head_json":{"title":"El globalismo es salvajismo - Informate Py Creemos en la libertad de expresi\u00f3n y en la capacidad de la gente de reflexionar\u00a0por\u00a0si\u00a0misma","robots":{"index":"index","follow":"follow","max-snippet":"max-snippet:-1","max-image-preview":"max-image-preview:large","max-video-preview":"max-video-preview:-1"},"canonical":"https:\/\/informatepy.com\/2024\/2025\/04\/20\/el-globalismo-es-salvajismo\/","og_locale":"es_ES","og_type":"article","og_title":"El globalismo es salvajismo - Informate Py Creemos en la libertad de expresi\u00f3n y en la capacidad de la gente de reflexionar\u00a0por\u00a0si\u00a0misma","og_description":"Se entiende el progresismo como una doctrina que busca una sociedad m\u00e1s equitativa, justa, tolerante e inclusiva. Aparentemente, ser progresista es igual a ser un so\u00f1ador que lucha por los m\u00e1s necesitados, excluidos y poco afortunados de una sociedad. No es de extra\u00f1ar que los j\u00f3venes tiendan a convertirse en militantes de esta doctrina, pues [&hellip;]","og_url":"https:\/\/informatepy.com\/2024\/2025\/04\/20\/el-globalismo-es-salvajismo\/","og_site_name":"Informate Py Creemos en la libertad de expresi\u00f3n y en la capacidad de la gente de reflexionar\u00a0por\u00a0si\u00a0misma","article_published_time":"2025-04-20T03:00:00+00:00","og_image":[{"width":1200,"height":676,"url":"https:\/\/i0.wp.com\/informatepy.com\/2024\/wp-content\/uploads\/2025\/04\/globalismo.jpg?fit=1200%2C676&ssl=1","type":"image\/jpeg"}],"author":"Hugo Marcelo Balderrama","twitter_card":"summary_large_image","twitter_creator":"@https:\/\/twitter.com\/hugobalderrama","twitter_misc":{"Escrito por":"Hugo Marcelo Balderrama","Tiempo de lectura":"5 minutos"},"schema":{"@context":"https:\/\/schema.org","@graph":[{"@type":"Article","@id":"https:\/\/informatepy.com\/2024\/2025\/04\/20\/el-globalismo-es-salvajismo\/#article","isPartOf":{"@id":"https:\/\/informatepy.com\/2024\/2025\/04\/20\/el-globalismo-es-salvajismo\/"},"author":{"name":"Hugo Marcelo Balderrama","@id":"https:\/\/informatepy.com\/2024\/#\/schema\/person\/ab3c2d3aa316b6d887beec94bd4bfcde"},"headline":"El globalismo es salvajismo","datePublished":"2025-04-20T03:00:00+00:00","mainEntityOfPage":{"@id":"https:\/\/informatepy.com\/2024\/2025\/04\/20\/el-globalismo-es-salvajismo\/"},"wordCount":765,"commentCount":0,"publisher":{"@id":"https:\/\/informatepy.com\/2024\/#organization"},"image":{"@id":"https:\/\/informatepy.com\/2024\/2025\/04\/20\/el-globalismo-es-salvajismo\/#primaryimage"},"thumbnailUrl":"https:\/\/i0.wp.com\/informatepy.com\/2024\/wp-content\/uploads\/2025\/04\/globalismo.jpg?fit=1200%2C676&ssl=1","keywords":["destacada","globalismo"],"articleSection":["Analisis"],"inLanguage":"es","potentialAction":[{"@type":"CommentAction","name":"Comment","target":["https:\/\/informatepy.com\/2024\/2025\/04\/20\/el-globalismo-es-salvajismo\/#respond"]}]},{"@type":"WebPage","@id":"https:\/\/informatepy.com\/2024\/2025\/04\/20\/el-globalismo-es-salvajismo\/","url":"https:\/\/informatepy.com\/2024\/2025\/04\/20\/el-globalismo-es-salvajismo\/","name":"El globalismo es salvajismo - Informate Py Creemos en la libertad de expresi\u00f3n y en la capacidad de la gente de reflexionar\u00a0por\u00a0si\u00a0misma","isPartOf":{"@id":"https:\/\/informatepy.com\/2024\/#website"},"primaryImageOfPage":{"@id":"https:\/\/informatepy.com\/2024\/2025\/04\/20\/el-globalismo-es-salvajismo\/#primaryimage"},"image":{"@id":"https:\/\/informatepy.com\/2024\/2025\/04\/20\/el-globalismo-es-salvajismo\/#primaryimage"},"thumbnailUrl":"https:\/\/i0.wp.com\/informatepy.com\/2024\/wp-content\/uploads\/2025\/04\/globalismo.jpg?fit=1200%2C676&ssl=1","datePublished":"2025-04-20T03:00:00+00:00","breadcrumb":{"@id":"https:\/\/informatepy.com\/2024\/2025\/04\/20\/el-globalismo-es-salvajismo\/#breadcrumb"},"inLanguage":"es","potentialAction":[{"@type":"ReadAction","target":["https:\/\/informatepy.com\/2024\/2025\/04\/20\/el-globalismo-es-salvajismo\/"]}]},{"@type":"ImageObject","inLanguage":"es","@id":"https:\/\/informatepy.com\/2024\/2025\/04\/20\/el-globalismo-es-salvajismo\/#primaryimage","url":"https:\/\/i0.wp.com\/informatepy.com\/2024\/wp-content\/uploads\/2025\/04\/globalismo.jpg?fit=1200%2C676&ssl=1","contentUrl":"https:\/\/i0.wp.com\/informatepy.com\/2024\/wp-content\/uploads\/2025\/04\/globalismo.jpg?fit=1200%2C676&ssl=1","width":1200,"height":676},{"@type":"BreadcrumbList","@id":"https:\/\/informatepy.com\/2024\/2025\/04\/20\/el-globalismo-es-salvajismo\/#breadcrumb","itemListElement":[{"@type":"ListItem","position":1,"name":"Portada","item":"https:\/\/informatepy.com\/2024\/"},{"@type":"ListItem","position":2,"name":"El globalismo es salvajismo"}]},{"@type":"WebSite","@id":"https:\/\/informatepy.com\/2024\/#website","url":"https:\/\/informatepy.com\/2024\/","name":"Informate Py Creemos en la libertad de expresi\u00f3n y en la capacidad de la gente de reflexionar\u00a0por\u00a0si\u00a0misma","description":"InformatePy","publisher":{"@id":"https:\/\/informatepy.com\/2024\/#organization"},"potentialAction":[{"@type":"SearchAction","target":{"@type":"EntryPoint","urlTemplate":"https:\/\/informatepy.com\/2024\/?s={search_term_string}"},"query-input":{"@type":"PropertyValueSpecification","valueRequired":true,"valueName":"search_term_string"}}],"inLanguage":"es"},{"@type":"Organization","@id":"https:\/\/informatepy.com\/2024\/#organization","name":"Informate Py Creemos en la libertad de expresi\u00f3n y en la capacidad de la gente de reflexionar\u00a0por\u00a0si\u00a0misma","url":"https:\/\/informatepy.com\/2024\/","logo":{"@type":"ImageObject","inLanguage":"es","@id":"https:\/\/informatepy.com\/2024\/#\/schema\/logo\/image\/","url":"https:\/\/i0.wp.com\/informatepy.com\/2024\/wp-content\/uploads\/2024\/02\/Logotipo-sin-fondo-informate-py500.png?fit=500%2C94&ssl=1","contentUrl":"https:\/\/i0.wp.com\/informatepy.com\/2024\/wp-content\/uploads\/2024\/02\/Logotipo-sin-fondo-informate-py500.png?fit=500%2C94&ssl=1","width":500,"height":94,"caption":"Informate Py Creemos en la libertad de expresi\u00f3n y en la capacidad de la gente de reflexionar\u00a0por\u00a0si\u00a0misma"},"image":{"@id":"https:\/\/informatepy.com\/2024\/#\/schema\/logo\/image\/"}},{"@type":"Person","@id":"https:\/\/informatepy.com\/2024\/#\/schema\/person\/ab3c2d3aa316b6d887beec94bd4bfcde","name":"Hugo Marcelo Balderrama","image":{"@type":"ImageObject","inLanguage":"es","@id":"https:\/\/informatepy.com\/2024\/wp-content\/uploads\/2026\/02\/hugo-balderrama.jpg15a746afa8230efe7f311abfd5d4dba9","url":"https:\/\/informatepy.com\/2024\/wp-content\/uploads\/2026\/02\/hugo-balderrama.jpg","contentUrl":"https:\/\/informatepy.com\/2024\/wp-content\/uploads\/2026\/02\/hugo-balderrama.jpg","caption":"Hugo Marcelo Balderrama"},"description":"Economista, Docente, Periodista y Consultor Pol\u00edtico. Comprometido con la defensa de la vida, la propiedad y la libertad.","sameAs":["https:\/\/x.com\/https:\/\/twitter.com\/hugobalderrama"],"url":"https:\/\/informatepy.com\/2024\/author\/hbalderrama\/"}]}},"jetpack_featured_media_url":"https:\/\/i0.wp.com\/informatepy.com\/2024\/wp-content\/uploads\/2025\/04\/globalismo.jpg?fit=1200%2C676&ssl=1","jetpack-related-posts":[],"jetpack_sharing_enabled":true,"authors":[{"term_id":1371,"user_id":31,"is_guest":0,"slug":"hbalderrama","display_name":"Hugo Marcelo Balderrama","avatar_url":{"url":"https:\/\/informatepy.com\/2024\/wp-content\/uploads\/2026\/02\/hugo-balderrama.jpg","url2x":"https:\/\/informatepy.com\/2024\/wp-content\/uploads\/2026\/02\/hugo-balderrama.jpg"},"author_category":"1","first_name":"Hugo Marcelo","last_name":"Balderrama","user_url":"","job_title":"","description":"Economista, Docente, Periodista y Consultor Pol\u00edtico. Comprometido con la defensa de la vida, la propiedad y la libertad."}],"_links":{"self":[{"href":"https:\/\/informatepy.com\/2024\/wp-json\/wp\/v2\/posts\/31330","targetHints":{"allow":["GET"]}}],"collection":[{"href":"https:\/\/informatepy.com\/2024\/wp-json\/wp\/v2\/posts"}],"about":[{"href":"https:\/\/informatepy.com\/2024\/wp-json\/wp\/v2\/types\/post"}],"author":[{"embeddable":true,"href":"https:\/\/informatepy.com\/2024\/wp-json\/wp\/v2\/users\/31"}],"replies":[{"embeddable":true,"href":"https:\/\/informatepy.com\/2024\/wp-json\/wp\/v2\/comments?post=31330"}],"version-history":[{"count":1,"href":"https:\/\/informatepy.com\/2024\/wp-json\/wp\/v2\/posts\/31330\/revisions"}],"predecessor-version":[{"id":31332,"href":"https:\/\/informatepy.com\/2024\/wp-json\/wp\/v2\/posts\/31330\/revisions\/31332"}],"wp:featuredmedia":[{"embeddable":true,"href":"https:\/\/informatepy.com\/2024\/wp-json\/wp\/v2\/media\/31331"}],"wp:attachment":[{"href":"https:\/\/informatepy.com\/2024\/wp-json\/wp\/v2\/media?parent=31330"}],"wp:term":[{"taxonomy":"category","embeddable":true,"href":"https:\/\/informatepy.com\/2024\/wp-json\/wp\/v2\/categories?post=31330"},{"taxonomy":"post_tag","embeddable":true,"href":"https:\/\/informatepy.com\/2024\/wp-json\/wp\/v2\/tags?post=31330"},{"taxonomy":"jnews-series","embeddable":true,"href":"https:\/\/informatepy.com\/2024\/wp-json\/wp\/v2\/jnews-series?post=31330"},{"taxonomy":"author","embeddable":true,"href":"https:\/\/informatepy.com\/2024\/wp-json\/wp\/v2\/ppma_author?post=31330"}],"curies":[{"name":"wp","href":"https:\/\/api.w.org\/{rel}","templated":true}]}}