{"id":31118,"date":"2025-04-02T15:43:40","date_gmt":"2025-04-02T18:43:40","guid":{"rendered":"https:\/\/informatepy.com\/2024\/?p=31118"},"modified":"2025-04-02T15:43:44","modified_gmt":"2025-04-02T18:43:44","slug":"presencia-paraguaya-en-la-alianza-cooperativa-mundial","status":"publish","type":"post","link":"https:\/\/informatepy.com\/2024\/2025\/04\/02\/presencia-paraguaya-en-la-alianza-cooperativa-mundial\/","title":{"rendered":"Presencia paraguaya en la Alianza Cooperativa Mundial"},"content":{"rendered":"\n<p>Esta semana, <strong>Paraguay <\/strong>marca presencia en uno de los eventos m\u00e1s relevantes del cooperativismo a nivel global. <strong>Simona Cavazzutti<\/strong>, presidente de <strong>Concopar Ltda.<\/strong>, participa en el <em>Board Mundial del Cooperativismo<\/em>, un encuentro de gran envergadura que re\u00fane a los principales referentes del sector en el mundo.<\/p>\n\n\n\n<p>El evento, que constituye una instancia clave para el intercambio de experiencias y el fortalecimiento institucional, se lleva a cabo en el marco del <strong>Consejo de Administraci\u00f3n de la Alianza Cooperativa Mundial<\/strong>. Durante la jornada, se realizan reuniones de alto nivel y capacitaciones orientadas a la gesti\u00f3n y la planificaci\u00f3n estrat\u00e9gica de las cooperativas, abordando temas fundamentales para el desarrollo sostenible del movimiento.<\/p>\n\n\n\n<p>Adem\u00e1s de los espacios de formaci\u00f3n, el encuentro ofrece herramientas de networking que permiten estrechar lazos entre organizaciones cooperativas de distintos pa\u00edses. Esto es esencial para fortalecer la capacidad de incidencia y articular acciones conjuntas en defensa del modelo cooperativo, que sigue consolid\u00e1ndose como una alternativa eficaz y solidaria en el \u00e1mbito econ\u00f3mico y social.<\/p>\n\n\n\n<p>La participaci\u00f3n de Simona Cavazzutti en este foro internacional no solo destaca el compromiso de Concopar Ltda. con el desarrollo del cooperativismo, sino que tambi\u00e9n posiciona a Paraguay como un actor relevante en la promoci\u00f3n de valores cooperativos a nivel global.<\/p>\n\n\n\n<p><\/p>\n","protected":false},"excerpt":{"rendered":"<p>Esta semana, Paraguay marca presencia en uno de los eventos m\u00e1s relevantes del cooperativismo a nivel global. Simona Cavazzutti, presidente de Concopar Ltda., participa en el Board Mundial del Cooperativismo, un encuentro de gran envergadura que re\u00fane a los principales referentes del sector en el mundo. El evento, que constituye una instancia clave para el [&hellip;]<\/p>\n","protected":false},"author":3,"featured_media":31119,"comment_status":"open","ping_status":"open","sticky":false,"template":"","format":"standard","meta":{"_jetpack_memberships_contains_paid_content":false,"jnews-multi-image_gallery":[],"jnews_single_post":{"subtitle":"","format":"standard","video":"","gallery":"","source_name":"","source_url":"","via_name":"","via_url":"","override_template":"0","override":[{"template":"2","single_blog_custom":"","parallax":"1","fullscreen":"1","layout":"right-sidebar","sidebar":"default-sidebar","second_sidebar":"default-sidebar","sticky_sidebar":"1","share_position":"top","share_float_style":"share-monocrhome","show_share_counter":"0","show_view_counter":"0","show_featured":"1","show_post_meta":"1","show_post_author":"1","show_post_author_image":"0","show_post_date":"1","post_date_format":"default","post_date_format_custom":"Y\/m\/d","show_post_category":"1","show_post_reading_time":"0","post_reading_time_wpm":"300","show_zoom_button":"0","zoom_button_out_step":"2","zoom_button_in_step":"3","show_post_tag":"1","show_prev_next_post":"0","show_popup_post":"1","number_popup_post":"1","show_author_box":"1","show_post_related":"0","show_inline_post_related":"0"}],"override_image_size":"0","image_override":[{"single_post_thumbnail_size":"crop-500","single_post_gallery_size":"crop-500"}],"trending_post":"0","trending_post_position":"meta","trending_post_label":"Trending","sponsored_post":"0","sponsored_post_label":"Sponsored by","sponsored_post_name":"","sponsored_post_url":"","sponsored_post_logo_enable":"0","sponsored_post_logo":"","sponsored_post_desc":"","disable_ad":"0"},"jnews_primary_category":{"id":"","hide":""},"jnews_override_bookmark_settings":[],"jnews_food_recipe":[],"enable_food_recipe":"","food_recipe_title":"","food_recipe_description":"","food_recipe_serve":"","food_recipe_time":"","food_recipe_prep":"","food_recipe_level":"","food_recipe_keywords":"","food_recipe_category":"","food_recipe_cuisine":"","food_recipe_yield":"","food_recipe_calories":"","enable_print_recipe":"","ingredient":[],"instruction":"","jnews_social_meta":{"fb_title":"","fb_description":"","fb_image":"","twitter_title":"","twitter_description":"","twitter_image":""},"jnews_paywall_metabox":[],"jnews_review":[],"enable_review":"","type":"","name":"","summary":"","brand":"","sku":"","good":[],"bad":[],"score_override":"","override_value":"","rating":[],"price":[],"jnews_override_counter":{"override_view_counter":"0","view_counter_number":"0","override_share_counter":"0","share_counter_number":"0","override_like_counter":"0","like_counter_number":"0","override_dislike_counter":"0","dislike_counter_number":"0"},"jnews_post_split":{"enable_post_split":"0","post_split":[{"template":"1","tag":"h2","numbering":"asc","mode":"normal","first":"0","enable_toc":"0","toc_type":"normal"}]},"jnews_podcast_option":[],"jnews_podcast_series":[],"footnotes":""},"categories":[46],"tags":[1854,1761,2026,831,1961],"jnews-series":[],"ppma_author":[830],"class_list":["post-31118","post","type-post","status-publish","format-standard","has-post-thumbnail","hentry","category-negocios","tag-concopar","tag-cooperativas","tag-cooperativismo","tag-destacada","tag-simona-cavazzutti"],"yoast_head":"<!-- This site is optimized with the Yoast SEO plugin v27.4 - https:\/\/yoast.com\/product\/yoast-seo-wordpress\/ -->\n<title>Presencia paraguaya en la Alianza Cooperativa Mundial - Informate Py Creemos en la libertad de expresi\u00f3n y en la capacidad de la gente de reflexionar\u00a0por\u00a0si\u00a0misma<\/title>\n<meta name=\"robots\" content=\"index, follow, max-snippet:-1, max-image-preview:large, max-video-preview:-1\" \/>\n<link rel=\"canonical\" href=\"https:\/\/informatepy.com\/2024\/2025\/04\/02\/presencia-paraguaya-en-la-alianza-cooperativa-mundial\/\" \/>\n<meta property=\"og:locale\" content=\"es_ES\" \/>\n<meta property=\"og:type\" content=\"article\" \/>\n<meta property=\"og:title\" content=\"Presencia paraguaya en la Alianza Cooperativa Mundial - Informate Py Creemos en la libertad de expresi\u00f3n y en la capacidad de la gente de reflexionar\u00a0por\u00a0si\u00a0misma\" \/>\n<meta property=\"og:description\" content=\"Esta semana, Paraguay marca presencia en uno de los eventos m\u00e1s relevantes del cooperativismo a nivel global. Simona Cavazzutti, presidente de Concopar Ltda., participa en el Board Mundial del Cooperativismo, un encuentro de gran envergadura que re\u00fane a los principales referentes del sector en el mundo. El evento, que constituye una instancia clave para el [&hellip;]\" \/>\n<meta property=\"og:url\" content=\"https:\/\/informatepy.com\/2024\/2025\/04\/02\/presencia-paraguaya-en-la-alianza-cooperativa-mundial\/\" \/>\n<meta property=\"og:site_name\" content=\"Informate Py Creemos en la libertad de expresi\u00f3n y en la capacidad de la gente de reflexionar\u00a0por\u00a0si\u00a0misma\" \/>\n<meta property=\"article:author\" content=\"https:\/\/www.facebook.com\/InformatePyCom\" \/>\n<meta property=\"article:published_time\" content=\"2025-04-02T18:43:40+00:00\" \/>\n<meta property=\"article:modified_time\" content=\"2025-04-02T18:43:44+00:00\" \/>\n<meta property=\"og:image\" content=\"https:\/\/informatepy.com\/2024\/wp-content\/uploads\/2025\/04\/alianza-cooperativa-mundial.jpg\" \/>\n\t<meta property=\"og:image:width\" content=\"1200\" \/>\n\t<meta property=\"og:image:height\" content=\"623\" \/>\n\t<meta property=\"og:image:type\" content=\"image\/jpeg\" \/>\n<meta name=\"author\" content=\"Redacci\u00f3n\" \/>\n<meta name=\"twitter:card\" content=\"summary_large_image\" \/>\n<meta name=\"twitter:creator\" content=\"@https:\/\/twitter.com\/InformatePy1\" \/>\n<meta name=\"twitter:label1\" content=\"Escrito por\" \/>\n\t<meta name=\"twitter:data1\" content=\"Redacci\u00f3n\" \/>\n\t<meta name=\"twitter:label2\" content=\"Tiempo de lectura\" \/>\n\t<meta name=\"twitter:data2\" content=\"2 minutos\" \/>\n<script type=\"application\/ld+json\" class=\"yoast-schema-graph\">{\"@context\":\"https:\\\/\\\/schema.org\",\"@graph\":[{\"@type\":\"Article\",\"@id\":\"https:\\\/\\\/informatepy.com\\\/2024\\\/2025\\\/04\\\/02\\\/presencia-paraguaya-en-la-alianza-cooperativa-mundial\\\/#article\",\"isPartOf\":{\"@id\":\"https:\\\/\\\/informatepy.com\\\/2024\\\/2025\\\/04\\\/02\\\/presencia-paraguaya-en-la-alianza-cooperativa-mundial\\\/\"},\"author\":{\"name\":\"Redacci\u00f3n\",\"@id\":\"https:\\\/\\\/informatepy.com\\\/2024\\\/#\\\/schema\\\/person\\\/98728344b91c548ef8544c80daf58463\"},\"headline\":\"Presencia paraguaya en la Alianza Cooperativa Mundial\",\"datePublished\":\"2025-04-02T18:43:40+00:00\",\"dateModified\":\"2025-04-02T18:43:44+00:00\",\"mainEntityOfPage\":{\"@id\":\"https:\\\/\\\/informatepy.com\\\/2024\\\/2025\\\/04\\\/02\\\/presencia-paraguaya-en-la-alianza-cooperativa-mundial\\\/\"},\"wordCount\":226,\"commentCount\":0,\"publisher\":{\"@id\":\"https:\\\/\\\/informatepy.com\\\/2024\\\/#organization\"},\"image\":{\"@id\":\"https:\\\/\\\/informatepy.com\\\/2024\\\/2025\\\/04\\\/02\\\/presencia-paraguaya-en-la-alianza-cooperativa-mundial\\\/#primaryimage\"},\"thumbnailUrl\":\"https:\\\/\\\/i0.wp.com\\\/informatepy.com\\\/2024\\\/wp-content\\\/uploads\\\/2025\\\/04\\\/alianza-cooperativa-mundial.jpg?fit=1200%2C623&ssl=1\",\"keywords\":[\"concopar\",\"cooperativas\",\"cooperativismo\",\"destacada\",\"Simona Cavazzutti\"],\"articleSection\":[\"Negocios\"],\"inLanguage\":\"es\",\"potentialAction\":[{\"@type\":\"CommentAction\",\"name\":\"Comment\",\"target\":[\"https:\\\/\\\/informatepy.com\\\/2024\\\/2025\\\/04\\\/02\\\/presencia-paraguaya-en-la-alianza-cooperativa-mundial\\\/#respond\"]}]},{\"@type\":\"WebPage\",\"@id\":\"https:\\\/\\\/informatepy.com\\\/2024\\\/2025\\\/04\\\/02\\\/presencia-paraguaya-en-la-alianza-cooperativa-mundial\\\/\",\"url\":\"https:\\\/\\\/informatepy.com\\\/2024\\\/2025\\\/04\\\/02\\\/presencia-paraguaya-en-la-alianza-cooperativa-mundial\\\/\",\"name\":\"Presencia paraguaya en la Alianza Cooperativa Mundial - Informate Py Creemos en la libertad de expresi\u00f3n y en la capacidad de la gente de reflexionar\u00a0por\u00a0si\u00a0misma\",\"isPartOf\":{\"@id\":\"https:\\\/\\\/informatepy.com\\\/2024\\\/#website\"},\"primaryImageOfPage\":{\"@id\":\"https:\\\/\\\/informatepy.com\\\/2024\\\/2025\\\/04\\\/02\\\/presencia-paraguaya-en-la-alianza-cooperativa-mundial\\\/#primaryimage\"},\"image\":{\"@id\":\"https:\\\/\\\/informatepy.com\\\/2024\\\/2025\\\/04\\\/02\\\/presencia-paraguaya-en-la-alianza-cooperativa-mundial\\\/#primaryimage\"},\"thumbnailUrl\":\"https:\\\/\\\/i0.wp.com\\\/informatepy.com\\\/2024\\\/wp-content\\\/uploads\\\/2025\\\/04\\\/alianza-cooperativa-mundial.jpg?fit=1200%2C623&ssl=1\",\"datePublished\":\"2025-04-02T18:43:40+00:00\",\"dateModified\":\"2025-04-02T18:43:44+00:00\",\"breadcrumb\":{\"@id\":\"https:\\\/\\\/informatepy.com\\\/2024\\\/2025\\\/04\\\/02\\\/presencia-paraguaya-en-la-alianza-cooperativa-mundial\\\/#breadcrumb\"},\"inLanguage\":\"es\",\"potentialAction\":[{\"@type\":\"ReadAction\",\"target\":[\"https:\\\/\\\/informatepy.com\\\/2024\\\/2025\\\/04\\\/02\\\/presencia-paraguaya-en-la-alianza-cooperativa-mundial\\\/\"]}]},{\"@type\":\"ImageObject\",\"inLanguage\":\"es\",\"@id\":\"https:\\\/\\\/informatepy.com\\\/2024\\\/2025\\\/04\\\/02\\\/presencia-paraguaya-en-la-alianza-cooperativa-mundial\\\/#primaryimage\",\"url\":\"https:\\\/\\\/i0.wp.com\\\/informatepy.com\\\/2024\\\/wp-content\\\/uploads\\\/2025\\\/04\\\/alianza-cooperativa-mundial.jpg?fit=1200%2C623&ssl=1\",\"contentUrl\":\"https:\\\/\\\/i0.wp.com\\\/informatepy.com\\\/2024\\\/wp-content\\\/uploads\\\/2025\\\/04\\\/alianza-cooperativa-mundial.jpg?fit=1200%2C623&ssl=1\",\"width\":1200,\"height\":623},{\"@type\":\"BreadcrumbList\",\"@id\":\"https:\\\/\\\/informatepy.com\\\/2024\\\/2025\\\/04\\\/02\\\/presencia-paraguaya-en-la-alianza-cooperativa-mundial\\\/#breadcrumb\",\"itemListElement\":[{\"@type\":\"ListItem\",\"position\":1,\"name\":\"Portada\",\"item\":\"https:\\\/\\\/informatepy.com\\\/2024\\\/\"},{\"@type\":\"ListItem\",\"position\":2,\"name\":\"Presencia paraguaya en la Alianza Cooperativa Mundial\"}]},{\"@type\":\"WebSite\",\"@id\":\"https:\\\/\\\/informatepy.com\\\/2024\\\/#website\",\"url\":\"https:\\\/\\\/informatepy.com\\\/2024\\\/\",\"name\":\"Informate Py Creemos en la libertad de expresi\u00f3n y en la capacidad de la gente de reflexionar\u00a0por\u00a0si\u00a0misma\",\"description\":\"InformatePy\",\"publisher\":{\"@id\":\"https:\\\/\\\/informatepy.com\\\/2024\\\/#organization\"},\"potentialAction\":[{\"@type\":\"SearchAction\",\"target\":{\"@type\":\"EntryPoint\",\"urlTemplate\":\"https:\\\/\\\/informatepy.com\\\/2024\\\/?s={search_term_string}\"},\"query-input\":{\"@type\":\"PropertyValueSpecification\",\"valueRequired\":true,\"valueName\":\"search_term_string\"}}],\"inLanguage\":\"es\"},{\"@type\":\"Organization\",\"@id\":\"https:\\\/\\\/informatepy.com\\\/2024\\\/#organization\",\"name\":\"Informate Py Creemos en la libertad de expresi\u00f3n y en la capacidad de la gente de reflexionar\u00a0por\u00a0si\u00a0misma\",\"url\":\"https:\\\/\\\/informatepy.com\\\/2024\\\/\",\"logo\":{\"@type\":\"ImageObject\",\"inLanguage\":\"es\",\"@id\":\"https:\\\/\\\/informatepy.com\\\/2024\\\/#\\\/schema\\\/logo\\\/image\\\/\",\"url\":\"https:\\\/\\\/i0.wp.com\\\/informatepy.com\\\/2024\\\/wp-content\\\/uploads\\\/2024\\\/02\\\/Logotipo-sin-fondo-informate-py500.png?fit=500%2C94&ssl=1\",\"contentUrl\":\"https:\\\/\\\/i0.wp.com\\\/informatepy.com\\\/2024\\\/wp-content\\\/uploads\\\/2024\\\/02\\\/Logotipo-sin-fondo-informate-py500.png?fit=500%2C94&ssl=1\",\"width\":500,\"height\":94,\"caption\":\"Informate Py Creemos en la libertad de expresi\u00f3n y en la capacidad de la gente de reflexionar\u00a0por\u00a0si\u00a0misma\"},\"image\":{\"@id\":\"https:\\\/\\\/informatepy.com\\\/2024\\\/#\\\/schema\\\/logo\\\/image\\\/\"}},{\"@type\":\"Person\",\"@id\":\"https:\\\/\\\/informatepy.com\\\/2024\\\/#\\\/schema\\\/person\\\/98728344b91c548ef8544c80daf58463\",\"name\":\"Redacci\u00f3n\",\"image\":{\"@type\":\"ImageObject\",\"inLanguage\":\"es\",\"@id\":\"https:\\\/\\\/informatepy.com\\\/2024\\\/wp-content\\\/uploads\\\/2024\\\/02\\\/cropped-Isologo-sin-fondo.png9c354f01c536b2d49dbb929e96603401\",\"url\":\"https:\\\/\\\/informatepy.com\\\/2024\\\/wp-content\\\/uploads\\\/2024\\\/02\\\/cropped-Isologo-sin-fondo.png\",\"contentUrl\":\"https:\\\/\\\/informatepy.com\\\/2024\\\/wp-content\\\/uploads\\\/2024\\\/02\\\/cropped-Isologo-sin-fondo.png\",\"caption\":\"Redacci\u00f3n\"},\"sameAs\":[\"https:\\\/\\\/www.facebook.com\\\/InformatePyCom\",\"https:\\\/\\\/x.com\\\/https:\\\/\\\/twitter.com\\\/InformatePy1\"],\"url\":\"https:\\\/\\\/informatepy.com\\\/2024\\\/author\\\/redaccion\\\/\"}]}<\/script>\n<!-- \/ Yoast SEO plugin. -->","yoast_head_json":{"title":"Presencia paraguaya en la Alianza Cooperativa Mundial - Informate Py Creemos en la libertad de expresi\u00f3n y en la capacidad de la gente de reflexionar\u00a0por\u00a0si\u00a0misma","robots":{"index":"index","follow":"follow","max-snippet":"max-snippet:-1","max-image-preview":"max-image-preview:large","max-video-preview":"max-video-preview:-1"},"canonical":"https:\/\/informatepy.com\/2024\/2025\/04\/02\/presencia-paraguaya-en-la-alianza-cooperativa-mundial\/","og_locale":"es_ES","og_type":"article","og_title":"Presencia paraguaya en la Alianza Cooperativa Mundial - Informate Py Creemos en la libertad de expresi\u00f3n y en la capacidad de la gente de reflexionar\u00a0por\u00a0si\u00a0misma","og_description":"Esta semana, Paraguay marca presencia en uno de los eventos m\u00e1s relevantes del cooperativismo a nivel global. Simona Cavazzutti, presidente de Concopar Ltda., participa en el Board Mundial del Cooperativismo, un encuentro de gran envergadura que re\u00fane a los principales referentes del sector en el mundo. El evento, que constituye una instancia clave para el [&hellip;]","og_url":"https:\/\/informatepy.com\/2024\/2025\/04\/02\/presencia-paraguaya-en-la-alianza-cooperativa-mundial\/","og_site_name":"Informate Py Creemos en la libertad de expresi\u00f3n y en la capacidad de la gente de reflexionar\u00a0por\u00a0si\u00a0misma","article_author":"https:\/\/www.facebook.com\/InformatePyCom","article_published_time":"2025-04-02T18:43:40+00:00","article_modified_time":"2025-04-02T18:43:44+00:00","og_image":[{"width":1200,"height":623,"url":"https:\/\/informatepy.com\/2024\/wp-content\/uploads\/2025\/04\/alianza-cooperativa-mundial.jpg","type":"image\/jpeg"}],"author":"Redacci\u00f3n","twitter_card":"summary_large_image","twitter_creator":"@https:\/\/twitter.com\/InformatePy1","twitter_misc":{"Escrito por":"Redacci\u00f3n","Tiempo de lectura":"2 minutos"},"schema":{"@context":"https:\/\/schema.org","@graph":[{"@type":"Article","@id":"https:\/\/informatepy.com\/2024\/2025\/04\/02\/presencia-paraguaya-en-la-alianza-cooperativa-mundial\/#article","isPartOf":{"@id":"https:\/\/informatepy.com\/2024\/2025\/04\/02\/presencia-paraguaya-en-la-alianza-cooperativa-mundial\/"},"author":{"name":"Redacci\u00f3n","@id":"https:\/\/informatepy.com\/2024\/#\/schema\/person\/98728344b91c548ef8544c80daf58463"},"headline":"Presencia paraguaya en la Alianza Cooperativa Mundial","datePublished":"2025-04-02T18:43:40+00:00","dateModified":"2025-04-02T18:43:44+00:00","mainEntityOfPage":{"@id":"https:\/\/informatepy.com\/2024\/2025\/04\/02\/presencia-paraguaya-en-la-alianza-cooperativa-mundial\/"},"wordCount":226,"commentCount":0,"publisher":{"@id":"https:\/\/informatepy.com\/2024\/#organization"},"image":{"@id":"https:\/\/informatepy.com\/2024\/2025\/04\/02\/presencia-paraguaya-en-la-alianza-cooperativa-mundial\/#primaryimage"},"thumbnailUrl":"https:\/\/i0.wp.com\/informatepy.com\/2024\/wp-content\/uploads\/2025\/04\/alianza-cooperativa-mundial.jpg?fit=1200%2C623&ssl=1","keywords":["concopar","cooperativas","cooperativismo","destacada","Simona Cavazzutti"],"articleSection":["Negocios"],"inLanguage":"es","potentialAction":[{"@type":"CommentAction","name":"Comment","target":["https:\/\/informatepy.com\/2024\/2025\/04\/02\/presencia-paraguaya-en-la-alianza-cooperativa-mundial\/#respond"]}]},{"@type":"WebPage","@id":"https:\/\/informatepy.com\/2024\/2025\/04\/02\/presencia-paraguaya-en-la-alianza-cooperativa-mundial\/","url":"https:\/\/informatepy.com\/2024\/2025\/04\/02\/presencia-paraguaya-en-la-alianza-cooperativa-mundial\/","name":"Presencia paraguaya en la Alianza Cooperativa Mundial - Informate Py Creemos en la libertad de expresi\u00f3n y en la capacidad de la gente de reflexionar\u00a0por\u00a0si\u00a0misma","isPartOf":{"@id":"https:\/\/informatepy.com\/2024\/#website"},"primaryImageOfPage":{"@id":"https:\/\/informatepy.com\/2024\/2025\/04\/02\/presencia-paraguaya-en-la-alianza-cooperativa-mundial\/#primaryimage"},"image":{"@id":"https:\/\/informatepy.com\/2024\/2025\/04\/02\/presencia-paraguaya-en-la-alianza-cooperativa-mundial\/#primaryimage"},"thumbnailUrl":"https:\/\/i0.wp.com\/informatepy.com\/2024\/wp-content\/uploads\/2025\/04\/alianza-cooperativa-mundial.jpg?fit=1200%2C623&ssl=1","datePublished":"2025-04-02T18:43:40+00:00","dateModified":"2025-04-02T18:43:44+00:00","breadcrumb":{"@id":"https:\/\/informatepy.com\/2024\/2025\/04\/02\/presencia-paraguaya-en-la-alianza-cooperativa-mundial\/#breadcrumb"},"inLanguage":"es","potentialAction":[{"@type":"ReadAction","target":["https:\/\/informatepy.com\/2024\/2025\/04\/02\/presencia-paraguaya-en-la-alianza-cooperativa-mundial\/"]}]},{"@type":"ImageObject","inLanguage":"es","@id":"https:\/\/informatepy.com\/2024\/2025\/04\/02\/presencia-paraguaya-en-la-alianza-cooperativa-mundial\/#primaryimage","url":"https:\/\/i0.wp.com\/informatepy.com\/2024\/wp-content\/uploads\/2025\/04\/alianza-cooperativa-mundial.jpg?fit=1200%2C623&ssl=1","contentUrl":"https:\/\/i0.wp.com\/informatepy.com\/2024\/wp-content\/uploads\/2025\/04\/alianza-cooperativa-mundial.jpg?fit=1200%2C623&ssl=1","width":1200,"height":623},{"@type":"BreadcrumbList","@id":"https:\/\/informatepy.com\/2024\/2025\/04\/02\/presencia-paraguaya-en-la-alianza-cooperativa-mundial\/#breadcrumb","itemListElement":[{"@type":"ListItem","position":1,"name":"Portada","item":"https:\/\/informatepy.com\/2024\/"},{"@type":"ListItem","position":2,"name":"Presencia paraguaya en la Alianza Cooperativa Mundial"}]},{"@type":"WebSite","@id":"https:\/\/informatepy.com\/2024\/#website","url":"https:\/\/informatepy.com\/2024\/","name":"Informate Py Creemos en la libertad de expresi\u00f3n y en la capacidad de la gente de reflexionar\u00a0por\u00a0si\u00a0misma","description":"InformatePy","publisher":{"@id":"https:\/\/informatepy.com\/2024\/#organization"},"potentialAction":[{"@type":"SearchAction","target":{"@type":"EntryPoint","urlTemplate":"https:\/\/informatepy.com\/2024\/?s={search_term_string}"},"query-input":{"@type":"PropertyValueSpecification","valueRequired":true,"valueName":"search_term_string"}}],"inLanguage":"es"},{"@type":"Organization","@id":"https:\/\/informatepy.com\/2024\/#organization","name":"Informate Py Creemos en la libertad de expresi\u00f3n y en la capacidad de la gente de reflexionar\u00a0por\u00a0si\u00a0misma","url":"https:\/\/informatepy.com\/2024\/","logo":{"@type":"ImageObject","inLanguage":"es","@id":"https:\/\/informatepy.com\/2024\/#\/schema\/logo\/image\/","url":"https:\/\/i0.wp.com\/informatepy.com\/2024\/wp-content\/uploads\/2024\/02\/Logotipo-sin-fondo-informate-py500.png?fit=500%2C94&ssl=1","contentUrl":"https:\/\/i0.wp.com\/informatepy.com\/2024\/wp-content\/uploads\/2024\/02\/Logotipo-sin-fondo-informate-py500.png?fit=500%2C94&ssl=1","width":500,"height":94,"caption":"Informate Py Creemos en la libertad de expresi\u00f3n y en la capacidad de la gente de reflexionar\u00a0por\u00a0si\u00a0misma"},"image":{"@id":"https:\/\/informatepy.com\/2024\/#\/schema\/logo\/image\/"}},{"@type":"Person","@id":"https:\/\/informatepy.com\/2024\/#\/schema\/person\/98728344b91c548ef8544c80daf58463","name":"Redacci\u00f3n","image":{"@type":"ImageObject","inLanguage":"es","@id":"https:\/\/informatepy.com\/2024\/wp-content\/uploads\/2024\/02\/cropped-Isologo-sin-fondo.png9c354f01c536b2d49dbb929e96603401","url":"https:\/\/informatepy.com\/2024\/wp-content\/uploads\/2024\/02\/cropped-Isologo-sin-fondo.png","contentUrl":"https:\/\/informatepy.com\/2024\/wp-content\/uploads\/2024\/02\/cropped-Isologo-sin-fondo.png","caption":"Redacci\u00f3n"},"sameAs":["https:\/\/www.facebook.com\/InformatePyCom","https:\/\/x.com\/https:\/\/twitter.com\/InformatePy1"],"url":"https:\/\/informatepy.com\/2024\/author\/redaccion\/"}]}},"jetpack_featured_media_url":"https:\/\/i0.wp.com\/informatepy.com\/2024\/wp-content\/uploads\/2025\/04\/alianza-cooperativa-mundial.jpg?fit=1200%2C623&ssl=1","jetpack-related-posts":[],"jetpack_sharing_enabled":true,"authors":[{"term_id":830,"user_id":3,"is_guest":0,"slug":"redaccion","display_name":"Redacci\u00f3n","avatar_url":{"url":"https:\/\/informatepy.com\/2024\/wp-content\/uploads\/2024\/02\/cropped-Isologo-sin-fondo.png","url2x":"https:\/\/informatepy.com\/2024\/wp-content\/uploads\/2024\/02\/cropped-Isologo-sin-fondo.png"},"author_category":"1","first_name":"Redacci\u00f3n","last_name":"","user_url":"","job_title":"","description":""}],"_links":{"self":[{"href":"https:\/\/informatepy.com\/2024\/wp-json\/wp\/v2\/posts\/31118","targetHints":{"allow":["GET"]}}],"collection":[{"href":"https:\/\/informatepy.com\/2024\/wp-json\/wp\/v2\/posts"}],"about":[{"href":"https:\/\/informatepy.com\/2024\/wp-json\/wp\/v2\/types\/post"}],"author":[{"embeddable":true,"href":"https:\/\/informatepy.com\/2024\/wp-json\/wp\/v2\/users\/3"}],"replies":[{"embeddable":true,"href":"https:\/\/informatepy.com\/2024\/wp-json\/wp\/v2\/comments?post=31118"}],"version-history":[{"count":1,"href":"https:\/\/informatepy.com\/2024\/wp-json\/wp\/v2\/posts\/31118\/revisions"}],"predecessor-version":[{"id":31120,"href":"https:\/\/informatepy.com\/2024\/wp-json\/wp\/v2\/posts\/31118\/revisions\/31120"}],"wp:featuredmedia":[{"embeddable":true,"href":"https:\/\/informatepy.com\/2024\/wp-json\/wp\/v2\/media\/31119"}],"wp:attachment":[{"href":"https:\/\/informatepy.com\/2024\/wp-json\/wp\/v2\/media?parent=31118"}],"wp:term":[{"taxonomy":"category","embeddable":true,"href":"https:\/\/informatepy.com\/2024\/wp-json\/wp\/v2\/categories?post=31118"},{"taxonomy":"post_tag","embeddable":true,"href":"https:\/\/informatepy.com\/2024\/wp-json\/wp\/v2\/tags?post=31118"},{"taxonomy":"jnews-series","embeddable":true,"href":"https:\/\/informatepy.com\/2024\/wp-json\/wp\/v2\/jnews-series?post=31118"},{"taxonomy":"author","embeddable":true,"href":"https:\/\/informatepy.com\/2024\/wp-json\/wp\/v2\/ppma_author?post=31118"}],"curies":[{"name":"wp","href":"https:\/\/api.w.org\/{rel}","templated":true}]}}