{"id":30761,"date":"2025-03-15T00:00:00","date_gmt":"2025-03-15T03:00:00","guid":{"rendered":"https:\/\/informatepy.com\/2024\/?p=30761"},"modified":"2025-03-14T18:00:18","modified_gmt":"2025-03-14T21:00:18","slug":"gobierno-de-milei-busca-agilizar-la-deportacion-de-inmigrantes-ilegales-y-endurece-politicas-migratorias","status":"publish","type":"post","link":"https:\/\/informatepy.com\/2024\/2025\/03\/15\/gobierno-de-milei-busca-agilizar-la-deportacion-de-inmigrantes-ilegales-y-endurece-politicas-migratorias\/","title":{"rendered":"Gobierno de Milei busca agilizar la deportaci\u00f3n de inmigrantes ilegales y endurece pol\u00edticas migratorias"},"content":{"rendered":"\n<p>El gobierno del presidente <strong>Javier Milei<\/strong> trabaja en la modificaci\u00f3n de la<em> Ley de Migraciones<\/em> con el objetivo de acelerar el proceso de deportaci\u00f3n de inmigrantes en situaci\u00f3n irregular. Seg\u00fan fuentes oficiales, el Ejecutivo planea reformar el t\u00edtulo V de la normativa vigente (Ley 25.871) para eliminar trabas judiciales que actualmente dificultan la expulsi\u00f3n de extranjeros sin residencia legal en Argentina.<\/p>\n\n\n\n<p>Desde la Casa Rosada acusan a la Justicia de dilatar los procesos y buscan implementar un r\u00e9gimen m\u00e1s \u00e1gil que permita ejecutar las deportaciones de manera efectiva. Esta medida se enmarca en una pol\u00edtica migratoria m\u00e1s estricta que incluye nuevas regulaciones para el acceso de extranjeros a servicios p\u00fablicos.<\/p>\n\n\n\n<p>En este sentido, el gobierno ha anunciado que universidades nacionales podr\u00e1n cobrar aranceles a estudiantes extranjeros no residentes, y que se eliminar\u00e1 la gratuidad de la atenci\u00f3n m\u00e9dica en hospitales p\u00fablicos para quienes no posean residencia legal en el pa\u00eds. <strong>Manuel Adorni<\/strong>, vocero presidencial, explic\u00f3 que esta iniciativa responde a la necesidad de optimizar los recursos estatales y garantizar que los servicios p\u00fablicos beneficien prioritariamente a ciudadanos argentinos y residentes legales.<\/p>\n","protected":false},"excerpt":{"rendered":"<p>El gobierno del presidente Javier Milei trabaja en la modificaci\u00f3n de la Ley de Migraciones con el objetivo de acelerar el proceso de deportaci\u00f3n de inmigrantes en situaci\u00f3n irregular. Seg\u00fan fuentes oficiales, el Ejecutivo planea reformar el t\u00edtulo V de la normativa vigente (Ley 25.871) para eliminar trabas judiciales que actualmente dificultan la expulsi\u00f3n de [&hellip;]<\/p>\n","protected":false},"author":3,"featured_media":25475,"comment_status":"open","ping_status":"open","sticky":false,"template":"","format":"standard","meta":{"_jetpack_memberships_contains_paid_content":false,"jnews-multi-image_gallery":[],"jnews_single_post":{"subtitle":"","format":"standard","video":"","gallery":"","source_name":"","source_url":"","via_name":"","via_url":"","override_template":"0","override":[{"template":"2","single_blog_custom":"","parallax":"1","fullscreen":"1","layout":"right-sidebar","sidebar":"default-sidebar","second_sidebar":"default-sidebar","sticky_sidebar":"1","share_position":"top","share_float_style":"share-monocrhome","show_share_counter":"0","show_view_counter":"0","show_featured":"1","show_post_meta":"1","show_post_author":"1","show_post_author_image":"0","show_post_date":"1","post_date_format":"default","post_date_format_custom":"Y\/m\/d","show_post_category":"1","show_post_reading_time":"0","post_reading_time_wpm":"300","show_zoom_button":"0","zoom_button_out_step":"2","zoom_button_in_step":"3","show_post_tag":"1","show_prev_next_post":"0","show_popup_post":"1","number_popup_post":"1","show_author_box":"1","show_post_related":"0","show_inline_post_related":"0"}],"override_image_size":"0","image_override":[{"single_post_thumbnail_size":"crop-500","single_post_gallery_size":"crop-500"}],"trending_post":"0","trending_post_position":"meta","trending_post_label":"Trending","sponsored_post":"0","sponsored_post_label":"Sponsored by","sponsored_post_name":"","sponsored_post_url":"","sponsored_post_logo_enable":"0","sponsored_post_logo":"","sponsored_post_desc":"","disable_ad":"0"},"jnews_primary_category":{"id":"","hide":""},"jnews_override_bookmark_settings":[],"jnews_food_recipe":[],"enable_food_recipe":"","food_recipe_title":"","food_recipe_description":"","food_recipe_serve":"","food_recipe_time":"","food_recipe_prep":"","food_recipe_level":"","food_recipe_keywords":"","food_recipe_category":"","food_recipe_cuisine":"","food_recipe_yield":"","food_recipe_calories":"","enable_print_recipe":"","ingredient":[],"instruction":"","jnews_social_meta":{"fb_title":"","fb_description":"","fb_image":"","twitter_title":"","twitter_description":"","twitter_image":""},"jnews_paywall_metabox":[],"jnews_review":[],"enable_review":"","type":"","name":"","summary":"","brand":"","sku":"","good":[],"bad":[],"score_override":"","override_value":"","rating":[],"price":[],"jnews_override_counter":{"override_view_counter":"0","view_counter_number":"0","override_share_counter":"0","share_counter_number":"0","override_like_counter":"0","like_counter_number":"0","override_dislike_counter":"0","dislike_counter_number":"0"},"jnews_post_split":{"enable_post_split":"0","post_split":[{"template":"1","tag":"h2","numbering":"asc","mode":"normal","first":"0","enable_toc":"0","toc_type":"normal"}]},"jnews_podcast_option":[],"jnews_podcast_series":[],"footnotes":""},"categories":[33],"tags":[526,831,1139,2156],"jnews-series":[],"ppma_author":[830],"class_list":["post-30761","post","type-post","status-publish","format-standard","has-post-thumbnail","hentry","category-mundo","tag-argentina","tag-destacada","tag-javier-milei","tag-milei"],"yoast_head":"<!-- This site is optimized with the Yoast SEO plugin v27.5 - https:\/\/yoast.com\/product\/yoast-seo-wordpress\/ -->\n<title>Gobierno de Milei busca agilizar la deportaci\u00f3n de inmigrantes ilegales y endurece pol\u00edticas migratorias - Informate Py Creemos en la libertad de expresi\u00f3n y en la capacidad de la gente de reflexionar\u00a0por\u00a0si\u00a0misma<\/title>\n<meta name=\"robots\" content=\"index, follow, max-snippet:-1, max-image-preview:large, max-video-preview:-1\" \/>\n<link rel=\"canonical\" href=\"https:\/\/informatepy.com\/2024\/2025\/03\/15\/gobierno-de-milei-busca-agilizar-la-deportacion-de-inmigrantes-ilegales-y-endurece-politicas-migratorias\/\" \/>\n<meta property=\"og:locale\" content=\"es_ES\" \/>\n<meta property=\"og:type\" content=\"article\" \/>\n<meta property=\"og:title\" content=\"Gobierno de Milei busca agilizar la deportaci\u00f3n de inmigrantes ilegales y endurece pol\u00edticas migratorias - Informate Py Creemos en la libertad de expresi\u00f3n y en la capacidad de la gente de reflexionar\u00a0por\u00a0si\u00a0misma\" \/>\n<meta property=\"og:description\" content=\"El gobierno del presidente Javier Milei trabaja en la modificaci\u00f3n de la Ley de Migraciones con el objetivo de acelerar el proceso de deportaci\u00f3n de inmigrantes en situaci\u00f3n irregular. Seg\u00fan fuentes oficiales, el Ejecutivo planea reformar el t\u00edtulo V de la normativa vigente (Ley 25.871) para eliminar trabas judiciales que actualmente dificultan la expulsi\u00f3n de [&hellip;]\" \/>\n<meta property=\"og:url\" content=\"https:\/\/informatepy.com\/2024\/2025\/03\/15\/gobierno-de-milei-busca-agilizar-la-deportacion-de-inmigrantes-ilegales-y-endurece-politicas-migratorias\/\" \/>\n<meta property=\"og:site_name\" content=\"Informate Py Creemos en la libertad de expresi\u00f3n y en la capacidad de la gente de reflexionar\u00a0por\u00a0si\u00a0misma\" \/>\n<meta property=\"article:author\" content=\"https:\/\/www.facebook.com\/InformatePyCom\" \/>\n<meta property=\"article:published_time\" content=\"2025-03-15T03:00:00+00:00\" \/>\n<meta property=\"og:image\" content=\"https:\/\/i0.wp.com\/informatepy.com\/2024\/wp-content\/uploads\/2024\/05\/javier-milei.jpg?fit=1280%2C720&ssl=1\" \/>\n\t<meta property=\"og:image:width\" content=\"1280\" \/>\n\t<meta property=\"og:image:height\" content=\"720\" \/>\n\t<meta property=\"og:image:type\" content=\"image\/jpeg\" \/>\n<meta name=\"author\" content=\"Redacci\u00f3n\" \/>\n<meta name=\"twitter:card\" content=\"summary_large_image\" \/>\n<meta name=\"twitter:creator\" content=\"@https:\/\/twitter.com\/InformatePy1\" \/>\n<meta name=\"twitter:label1\" content=\"Escrito por\" \/>\n\t<meta name=\"twitter:data1\" content=\"Redacci\u00f3n\" \/>\n\t<meta name=\"twitter:label2\" content=\"Tiempo de lectura\" \/>\n\t<meta name=\"twitter:data2\" content=\"2 minutos\" \/>\n<script type=\"application\/ld+json\" class=\"yoast-schema-graph\">{\"@context\":\"https:\\\/\\\/schema.org\",\"@graph\":[{\"@type\":\"Article\",\"@id\":\"https:\\\/\\\/informatepy.com\\\/2024\\\/2025\\\/03\\\/15\\\/gobierno-de-milei-busca-agilizar-la-deportacion-de-inmigrantes-ilegales-y-endurece-politicas-migratorias\\\/#article\",\"isPartOf\":{\"@id\":\"https:\\\/\\\/informatepy.com\\\/2024\\\/2025\\\/03\\\/15\\\/gobierno-de-milei-busca-agilizar-la-deportacion-de-inmigrantes-ilegales-y-endurece-politicas-migratorias\\\/\"},\"author\":{\"name\":\"Redacci\u00f3n\",\"@id\":\"https:\\\/\\\/informatepy.com\\\/2024\\\/#\\\/schema\\\/person\\\/98728344b91c548ef8544c80daf58463\"},\"headline\":\"Gobierno de Milei busca agilizar la deportaci\u00f3n de inmigrantes ilegales y endurece pol\u00edticas migratorias\",\"datePublished\":\"2025-03-15T03:00:00+00:00\",\"mainEntityOfPage\":{\"@id\":\"https:\\\/\\\/informatepy.com\\\/2024\\\/2025\\\/03\\\/15\\\/gobierno-de-milei-busca-agilizar-la-deportacion-de-inmigrantes-ilegales-y-endurece-politicas-migratorias\\\/\"},\"wordCount\":213,\"commentCount\":0,\"publisher\":{\"@id\":\"https:\\\/\\\/informatepy.com\\\/2024\\\/#organization\"},\"image\":{\"@id\":\"https:\\\/\\\/informatepy.com\\\/2024\\\/2025\\\/03\\\/15\\\/gobierno-de-milei-busca-agilizar-la-deportacion-de-inmigrantes-ilegales-y-endurece-politicas-migratorias\\\/#primaryimage\"},\"thumbnailUrl\":\"https:\\\/\\\/i0.wp.com\\\/informatepy.com\\\/2024\\\/wp-content\\\/uploads\\\/2024\\\/05\\\/javier-milei.jpg?fit=1280%2C720&ssl=1\",\"keywords\":[\"argentina\",\"destacada\",\"javier milei\",\"milei\"],\"articleSection\":[\"Mundo\"],\"inLanguage\":\"es\",\"potentialAction\":[{\"@type\":\"CommentAction\",\"name\":\"Comment\",\"target\":[\"https:\\\/\\\/informatepy.com\\\/2024\\\/2025\\\/03\\\/15\\\/gobierno-de-milei-busca-agilizar-la-deportacion-de-inmigrantes-ilegales-y-endurece-politicas-migratorias\\\/#respond\"]}]},{\"@type\":\"WebPage\",\"@id\":\"https:\\\/\\\/informatepy.com\\\/2024\\\/2025\\\/03\\\/15\\\/gobierno-de-milei-busca-agilizar-la-deportacion-de-inmigrantes-ilegales-y-endurece-politicas-migratorias\\\/\",\"url\":\"https:\\\/\\\/informatepy.com\\\/2024\\\/2025\\\/03\\\/15\\\/gobierno-de-milei-busca-agilizar-la-deportacion-de-inmigrantes-ilegales-y-endurece-politicas-migratorias\\\/\",\"name\":\"Gobierno de Milei busca agilizar la deportaci\u00f3n de inmigrantes ilegales y endurece pol\u00edticas migratorias - Informate Py Creemos en la libertad de expresi\u00f3n y en la capacidad de la gente de reflexionar\u00a0por\u00a0si\u00a0misma\",\"isPartOf\":{\"@id\":\"https:\\\/\\\/informatepy.com\\\/2024\\\/#website\"},\"primaryImageOfPage\":{\"@id\":\"https:\\\/\\\/informatepy.com\\\/2024\\\/2025\\\/03\\\/15\\\/gobierno-de-milei-busca-agilizar-la-deportacion-de-inmigrantes-ilegales-y-endurece-politicas-migratorias\\\/#primaryimage\"},\"image\":{\"@id\":\"https:\\\/\\\/informatepy.com\\\/2024\\\/2025\\\/03\\\/15\\\/gobierno-de-milei-busca-agilizar-la-deportacion-de-inmigrantes-ilegales-y-endurece-politicas-migratorias\\\/#primaryimage\"},\"thumbnailUrl\":\"https:\\\/\\\/i0.wp.com\\\/informatepy.com\\\/2024\\\/wp-content\\\/uploads\\\/2024\\\/05\\\/javier-milei.jpg?fit=1280%2C720&ssl=1\",\"datePublished\":\"2025-03-15T03:00:00+00:00\",\"breadcrumb\":{\"@id\":\"https:\\\/\\\/informatepy.com\\\/2024\\\/2025\\\/03\\\/15\\\/gobierno-de-milei-busca-agilizar-la-deportacion-de-inmigrantes-ilegales-y-endurece-politicas-migratorias\\\/#breadcrumb\"},\"inLanguage\":\"es\",\"potentialAction\":[{\"@type\":\"ReadAction\",\"target\":[\"https:\\\/\\\/informatepy.com\\\/2024\\\/2025\\\/03\\\/15\\\/gobierno-de-milei-busca-agilizar-la-deportacion-de-inmigrantes-ilegales-y-endurece-politicas-migratorias\\\/\"]}]},{\"@type\":\"ImageObject\",\"inLanguage\":\"es\",\"@id\":\"https:\\\/\\\/informatepy.com\\\/2024\\\/2025\\\/03\\\/15\\\/gobierno-de-milei-busca-agilizar-la-deportacion-de-inmigrantes-ilegales-y-endurece-politicas-migratorias\\\/#primaryimage\",\"url\":\"https:\\\/\\\/i0.wp.com\\\/informatepy.com\\\/2024\\\/wp-content\\\/uploads\\\/2024\\\/05\\\/javier-milei.jpg?fit=1280%2C720&ssl=1\",\"contentUrl\":\"https:\\\/\\\/i0.wp.com\\\/informatepy.com\\\/2024\\\/wp-content\\\/uploads\\\/2024\\\/05\\\/javier-milei.jpg?fit=1280%2C720&ssl=1\",\"width\":1280,\"height\":720},{\"@type\":\"BreadcrumbList\",\"@id\":\"https:\\\/\\\/informatepy.com\\\/2024\\\/2025\\\/03\\\/15\\\/gobierno-de-milei-busca-agilizar-la-deportacion-de-inmigrantes-ilegales-y-endurece-politicas-migratorias\\\/#breadcrumb\",\"itemListElement\":[{\"@type\":\"ListItem\",\"position\":1,\"name\":\"Portada\",\"item\":\"https:\\\/\\\/informatepy.com\\\/2024\\\/\"},{\"@type\":\"ListItem\",\"position\":2,\"name\":\"Gobierno de Milei busca agilizar la deportaci\u00f3n de inmigrantes ilegales y endurece pol\u00edticas migratorias\"}]},{\"@type\":\"WebSite\",\"@id\":\"https:\\\/\\\/informatepy.com\\\/2024\\\/#website\",\"url\":\"https:\\\/\\\/informatepy.com\\\/2024\\\/\",\"name\":\"Informate Py Creemos en la libertad de expresi\u00f3n y en la capacidad de la gente de reflexionar\u00a0por\u00a0si\u00a0misma\",\"description\":\"InformatePy\",\"publisher\":{\"@id\":\"https:\\\/\\\/informatepy.com\\\/2024\\\/#organization\"},\"potentialAction\":[{\"@type\":\"SearchAction\",\"target\":{\"@type\":\"EntryPoint\",\"urlTemplate\":\"https:\\\/\\\/informatepy.com\\\/2024\\\/?s={search_term_string}\"},\"query-input\":{\"@type\":\"PropertyValueSpecification\",\"valueRequired\":true,\"valueName\":\"search_term_string\"}}],\"inLanguage\":\"es\"},{\"@type\":\"Organization\",\"@id\":\"https:\\\/\\\/informatepy.com\\\/2024\\\/#organization\",\"name\":\"Informate Py Creemos en la libertad de expresi\u00f3n y en la capacidad de la gente de reflexionar\u00a0por\u00a0si\u00a0misma\",\"url\":\"https:\\\/\\\/informatepy.com\\\/2024\\\/\",\"logo\":{\"@type\":\"ImageObject\",\"inLanguage\":\"es\",\"@id\":\"https:\\\/\\\/informatepy.com\\\/2024\\\/#\\\/schema\\\/logo\\\/image\\\/\",\"url\":\"https:\\\/\\\/i0.wp.com\\\/informatepy.com\\\/2024\\\/wp-content\\\/uploads\\\/2024\\\/02\\\/Logotipo-sin-fondo-informate-py500.png?fit=500%2C94&ssl=1\",\"contentUrl\":\"https:\\\/\\\/i0.wp.com\\\/informatepy.com\\\/2024\\\/wp-content\\\/uploads\\\/2024\\\/02\\\/Logotipo-sin-fondo-informate-py500.png?fit=500%2C94&ssl=1\",\"width\":500,\"height\":94,\"caption\":\"Informate Py Creemos en la libertad de expresi\u00f3n y en la capacidad de la gente de reflexionar\u00a0por\u00a0si\u00a0misma\"},\"image\":{\"@id\":\"https:\\\/\\\/informatepy.com\\\/2024\\\/#\\\/schema\\\/logo\\\/image\\\/\"}},{\"@type\":\"Person\",\"@id\":\"https:\\\/\\\/informatepy.com\\\/2024\\\/#\\\/schema\\\/person\\\/98728344b91c548ef8544c80daf58463\",\"name\":\"Redacci\u00f3n\",\"image\":{\"@type\":\"ImageObject\",\"inLanguage\":\"es\",\"@id\":\"https:\\\/\\\/informatepy.com\\\/2024\\\/wp-content\\\/uploads\\\/2024\\\/02\\\/cropped-Isologo-sin-fondo.png9c354f01c536b2d49dbb929e96603401\",\"url\":\"https:\\\/\\\/informatepy.com\\\/2024\\\/wp-content\\\/uploads\\\/2024\\\/02\\\/cropped-Isologo-sin-fondo.png\",\"contentUrl\":\"https:\\\/\\\/informatepy.com\\\/2024\\\/wp-content\\\/uploads\\\/2024\\\/02\\\/cropped-Isologo-sin-fondo.png\",\"caption\":\"Redacci\u00f3n\"},\"sameAs\":[\"https:\\\/\\\/www.facebook.com\\\/InformatePyCom\",\"https:\\\/\\\/x.com\\\/https:\\\/\\\/twitter.com\\\/InformatePy1\"],\"url\":\"https:\\\/\\\/informatepy.com\\\/2024\\\/author\\\/redaccion\\\/\"}]}<\/script>\n<!-- \/ Yoast SEO plugin. -->","yoast_head_json":{"title":"Gobierno de Milei busca agilizar la deportaci\u00f3n de inmigrantes ilegales y endurece pol\u00edticas migratorias - Informate Py Creemos en la libertad de expresi\u00f3n y en la capacidad de la gente de reflexionar\u00a0por\u00a0si\u00a0misma","robots":{"index":"index","follow":"follow","max-snippet":"max-snippet:-1","max-image-preview":"max-image-preview:large","max-video-preview":"max-video-preview:-1"},"canonical":"https:\/\/informatepy.com\/2024\/2025\/03\/15\/gobierno-de-milei-busca-agilizar-la-deportacion-de-inmigrantes-ilegales-y-endurece-politicas-migratorias\/","og_locale":"es_ES","og_type":"article","og_title":"Gobierno de Milei busca agilizar la deportaci\u00f3n de inmigrantes ilegales y endurece pol\u00edticas migratorias - Informate Py Creemos en la libertad de expresi\u00f3n y en la capacidad de la gente de reflexionar\u00a0por\u00a0si\u00a0misma","og_description":"El gobierno del presidente Javier Milei trabaja en la modificaci\u00f3n de la Ley de Migraciones con el objetivo de acelerar el proceso de deportaci\u00f3n de inmigrantes en situaci\u00f3n irregular. Seg\u00fan fuentes oficiales, el Ejecutivo planea reformar el t\u00edtulo V de la normativa vigente (Ley 25.871) para eliminar trabas judiciales que actualmente dificultan la expulsi\u00f3n de [&hellip;]","og_url":"https:\/\/informatepy.com\/2024\/2025\/03\/15\/gobierno-de-milei-busca-agilizar-la-deportacion-de-inmigrantes-ilegales-y-endurece-politicas-migratorias\/","og_site_name":"Informate Py Creemos en la libertad de expresi\u00f3n y en la capacidad de la gente de reflexionar\u00a0por\u00a0si\u00a0misma","article_author":"https:\/\/www.facebook.com\/InformatePyCom","article_published_time":"2025-03-15T03:00:00+00:00","og_image":[{"width":1280,"height":720,"url":"https:\/\/i0.wp.com\/informatepy.com\/2024\/wp-content\/uploads\/2024\/05\/javier-milei.jpg?fit=1280%2C720&ssl=1","type":"image\/jpeg"}],"author":"Redacci\u00f3n","twitter_card":"summary_large_image","twitter_creator":"@https:\/\/twitter.com\/InformatePy1","twitter_misc":{"Escrito por":"Redacci\u00f3n","Tiempo de lectura":"2 minutos"},"schema":{"@context":"https:\/\/schema.org","@graph":[{"@type":"Article","@id":"https:\/\/informatepy.com\/2024\/2025\/03\/15\/gobierno-de-milei-busca-agilizar-la-deportacion-de-inmigrantes-ilegales-y-endurece-politicas-migratorias\/#article","isPartOf":{"@id":"https:\/\/informatepy.com\/2024\/2025\/03\/15\/gobierno-de-milei-busca-agilizar-la-deportacion-de-inmigrantes-ilegales-y-endurece-politicas-migratorias\/"},"author":{"name":"Redacci\u00f3n","@id":"https:\/\/informatepy.com\/2024\/#\/schema\/person\/98728344b91c548ef8544c80daf58463"},"headline":"Gobierno de Milei busca agilizar la deportaci\u00f3n de inmigrantes ilegales y endurece pol\u00edticas migratorias","datePublished":"2025-03-15T03:00:00+00:00","mainEntityOfPage":{"@id":"https:\/\/informatepy.com\/2024\/2025\/03\/15\/gobierno-de-milei-busca-agilizar-la-deportacion-de-inmigrantes-ilegales-y-endurece-politicas-migratorias\/"},"wordCount":213,"commentCount":0,"publisher":{"@id":"https:\/\/informatepy.com\/2024\/#organization"},"image":{"@id":"https:\/\/informatepy.com\/2024\/2025\/03\/15\/gobierno-de-milei-busca-agilizar-la-deportacion-de-inmigrantes-ilegales-y-endurece-politicas-migratorias\/#primaryimage"},"thumbnailUrl":"https:\/\/i0.wp.com\/informatepy.com\/2024\/wp-content\/uploads\/2024\/05\/javier-milei.jpg?fit=1280%2C720&ssl=1","keywords":["argentina","destacada","javier milei","milei"],"articleSection":["Mundo"],"inLanguage":"es","potentialAction":[{"@type":"CommentAction","name":"Comment","target":["https:\/\/informatepy.com\/2024\/2025\/03\/15\/gobierno-de-milei-busca-agilizar-la-deportacion-de-inmigrantes-ilegales-y-endurece-politicas-migratorias\/#respond"]}]},{"@type":"WebPage","@id":"https:\/\/informatepy.com\/2024\/2025\/03\/15\/gobierno-de-milei-busca-agilizar-la-deportacion-de-inmigrantes-ilegales-y-endurece-politicas-migratorias\/","url":"https:\/\/informatepy.com\/2024\/2025\/03\/15\/gobierno-de-milei-busca-agilizar-la-deportacion-de-inmigrantes-ilegales-y-endurece-politicas-migratorias\/","name":"Gobierno de Milei busca agilizar la deportaci\u00f3n de inmigrantes ilegales y endurece pol\u00edticas migratorias - Informate Py Creemos en la libertad de expresi\u00f3n y en la capacidad de la gente de reflexionar\u00a0por\u00a0si\u00a0misma","isPartOf":{"@id":"https:\/\/informatepy.com\/2024\/#website"},"primaryImageOfPage":{"@id":"https:\/\/informatepy.com\/2024\/2025\/03\/15\/gobierno-de-milei-busca-agilizar-la-deportacion-de-inmigrantes-ilegales-y-endurece-politicas-migratorias\/#primaryimage"},"image":{"@id":"https:\/\/informatepy.com\/2024\/2025\/03\/15\/gobierno-de-milei-busca-agilizar-la-deportacion-de-inmigrantes-ilegales-y-endurece-politicas-migratorias\/#primaryimage"},"thumbnailUrl":"https:\/\/i0.wp.com\/informatepy.com\/2024\/wp-content\/uploads\/2024\/05\/javier-milei.jpg?fit=1280%2C720&ssl=1","datePublished":"2025-03-15T03:00:00+00:00","breadcrumb":{"@id":"https:\/\/informatepy.com\/2024\/2025\/03\/15\/gobierno-de-milei-busca-agilizar-la-deportacion-de-inmigrantes-ilegales-y-endurece-politicas-migratorias\/#breadcrumb"},"inLanguage":"es","potentialAction":[{"@type":"ReadAction","target":["https:\/\/informatepy.com\/2024\/2025\/03\/15\/gobierno-de-milei-busca-agilizar-la-deportacion-de-inmigrantes-ilegales-y-endurece-politicas-migratorias\/"]}]},{"@type":"ImageObject","inLanguage":"es","@id":"https:\/\/informatepy.com\/2024\/2025\/03\/15\/gobierno-de-milei-busca-agilizar-la-deportacion-de-inmigrantes-ilegales-y-endurece-politicas-migratorias\/#primaryimage","url":"https:\/\/i0.wp.com\/informatepy.com\/2024\/wp-content\/uploads\/2024\/05\/javier-milei.jpg?fit=1280%2C720&ssl=1","contentUrl":"https:\/\/i0.wp.com\/informatepy.com\/2024\/wp-content\/uploads\/2024\/05\/javier-milei.jpg?fit=1280%2C720&ssl=1","width":1280,"height":720},{"@type":"BreadcrumbList","@id":"https:\/\/informatepy.com\/2024\/2025\/03\/15\/gobierno-de-milei-busca-agilizar-la-deportacion-de-inmigrantes-ilegales-y-endurece-politicas-migratorias\/#breadcrumb","itemListElement":[{"@type":"ListItem","position":1,"name":"Portada","item":"https:\/\/informatepy.com\/2024\/"},{"@type":"ListItem","position":2,"name":"Gobierno de Milei busca agilizar la deportaci\u00f3n de inmigrantes ilegales y endurece pol\u00edticas migratorias"}]},{"@type":"WebSite","@id":"https:\/\/informatepy.com\/2024\/#website","url":"https:\/\/informatepy.com\/2024\/","name":"Informate Py Creemos en la libertad de expresi\u00f3n y en la capacidad de la gente de reflexionar\u00a0por\u00a0si\u00a0misma","description":"InformatePy","publisher":{"@id":"https:\/\/informatepy.com\/2024\/#organization"},"potentialAction":[{"@type":"SearchAction","target":{"@type":"EntryPoint","urlTemplate":"https:\/\/informatepy.com\/2024\/?s={search_term_string}"},"query-input":{"@type":"PropertyValueSpecification","valueRequired":true,"valueName":"search_term_string"}}],"inLanguage":"es"},{"@type":"Organization","@id":"https:\/\/informatepy.com\/2024\/#organization","name":"Informate Py Creemos en la libertad de expresi\u00f3n y en la capacidad de la gente de reflexionar\u00a0por\u00a0si\u00a0misma","url":"https:\/\/informatepy.com\/2024\/","logo":{"@type":"ImageObject","inLanguage":"es","@id":"https:\/\/informatepy.com\/2024\/#\/schema\/logo\/image\/","url":"https:\/\/i0.wp.com\/informatepy.com\/2024\/wp-content\/uploads\/2024\/02\/Logotipo-sin-fondo-informate-py500.png?fit=500%2C94&ssl=1","contentUrl":"https:\/\/i0.wp.com\/informatepy.com\/2024\/wp-content\/uploads\/2024\/02\/Logotipo-sin-fondo-informate-py500.png?fit=500%2C94&ssl=1","width":500,"height":94,"caption":"Informate Py Creemos en la libertad de expresi\u00f3n y en la capacidad de la gente de reflexionar\u00a0por\u00a0si\u00a0misma"},"image":{"@id":"https:\/\/informatepy.com\/2024\/#\/schema\/logo\/image\/"}},{"@type":"Person","@id":"https:\/\/informatepy.com\/2024\/#\/schema\/person\/98728344b91c548ef8544c80daf58463","name":"Redacci\u00f3n","image":{"@type":"ImageObject","inLanguage":"es","@id":"https:\/\/informatepy.com\/2024\/wp-content\/uploads\/2024\/02\/cropped-Isologo-sin-fondo.png9c354f01c536b2d49dbb929e96603401","url":"https:\/\/informatepy.com\/2024\/wp-content\/uploads\/2024\/02\/cropped-Isologo-sin-fondo.png","contentUrl":"https:\/\/informatepy.com\/2024\/wp-content\/uploads\/2024\/02\/cropped-Isologo-sin-fondo.png","caption":"Redacci\u00f3n"},"sameAs":["https:\/\/www.facebook.com\/InformatePyCom","https:\/\/x.com\/https:\/\/twitter.com\/InformatePy1"],"url":"https:\/\/informatepy.com\/2024\/author\/redaccion\/"}]}},"jetpack_featured_media_url":"https:\/\/i0.wp.com\/informatepy.com\/2024\/wp-content\/uploads\/2024\/05\/javier-milei.jpg?fit=1280%2C720&ssl=1","jetpack-related-posts":[],"jetpack_sharing_enabled":true,"authors":[{"term_id":830,"user_id":3,"is_guest":0,"slug":"redaccion","display_name":"Redacci\u00f3n","avatar_url":{"url":"https:\/\/informatepy.com\/2024\/wp-content\/uploads\/2024\/02\/cropped-Isologo-sin-fondo.png","url2x":"https:\/\/informatepy.com\/2024\/wp-content\/uploads\/2024\/02\/cropped-Isologo-sin-fondo.png"},"author_category":"1","first_name":"Redacci\u00f3n","last_name":"","user_url":"","job_title":"","description":""}],"_links":{"self":[{"href":"https:\/\/informatepy.com\/2024\/wp-json\/wp\/v2\/posts\/30761","targetHints":{"allow":["GET"]}}],"collection":[{"href":"https:\/\/informatepy.com\/2024\/wp-json\/wp\/v2\/posts"}],"about":[{"href":"https:\/\/informatepy.com\/2024\/wp-json\/wp\/v2\/types\/post"}],"author":[{"embeddable":true,"href":"https:\/\/informatepy.com\/2024\/wp-json\/wp\/v2\/users\/3"}],"replies":[{"embeddable":true,"href":"https:\/\/informatepy.com\/2024\/wp-json\/wp\/v2\/comments?post=30761"}],"version-history":[{"count":1,"href":"https:\/\/informatepy.com\/2024\/wp-json\/wp\/v2\/posts\/30761\/revisions"}],"predecessor-version":[{"id":30762,"href":"https:\/\/informatepy.com\/2024\/wp-json\/wp\/v2\/posts\/30761\/revisions\/30762"}],"wp:featuredmedia":[{"embeddable":true,"href":"https:\/\/informatepy.com\/2024\/wp-json\/wp\/v2\/media\/25475"}],"wp:attachment":[{"href":"https:\/\/informatepy.com\/2024\/wp-json\/wp\/v2\/media?parent=30761"}],"wp:term":[{"taxonomy":"category","embeddable":true,"href":"https:\/\/informatepy.com\/2024\/wp-json\/wp\/v2\/categories?post=30761"},{"taxonomy":"post_tag","embeddable":true,"href":"https:\/\/informatepy.com\/2024\/wp-json\/wp\/v2\/tags?post=30761"},{"taxonomy":"jnews-series","embeddable":true,"href":"https:\/\/informatepy.com\/2024\/wp-json\/wp\/v2\/jnews-series?post=30761"},{"taxonomy":"author","embeddable":true,"href":"https:\/\/informatepy.com\/2024\/wp-json\/wp\/v2\/ppma_author?post=30761"}],"curies":[{"name":"wp","href":"https:\/\/api.w.org\/{rel}","templated":true}]}}