{"id":30371,"date":"2025-02-24T00:00:00","date_gmt":"2025-02-24T03:00:00","guid":{"rendered":"https:\/\/informatepy.com\/2024\/?p=30371"},"modified":"2025-02-23T16:18:57","modified_gmt":"2025-02-23T19:18:57","slug":"conservadores-alemanes-ganan-y-afd-en-segundo-lugar","status":"publish","type":"post","link":"https:\/\/informatepy.com\/2024\/2025\/02\/24\/conservadores-alemanes-ganan-y-afd-en-segundo-lugar\/","title":{"rendered":"Conservadores alemanes ganan y AfD en segundo lugar"},"content":{"rendered":"\n<p>La&nbsp;<strong>participaci\u00f3n&nbsp;<\/strong>en las elecciones generales de Alemania ascendi\u00f3 a&nbsp;<strong>entre el 83% y 84%<\/strong>, seg\u00fan los pron\u00f3sticos de las cadenas de televisi\u00f3n p\u00fablicas ZDF y ARD, lo que supone la&nbsp;<strong>cifra m\u00e1s alta desde la reunificaci\u00f3n del pa\u00eds<\/strong>&nbsp;en 1990.<\/p>\n\n\n\n<p>El\u00a0<strong>bloque conservador\u00a0<\/strong>formado por la<strong> Uni\u00f3n Cristianodem\u00f3crata <\/strong>y la <strong>Uni\u00f3n Socialcristiana\u00a0(CDU\/CSU)\u00a0<\/strong>fue la<strong>\u00a0fuerza m\u00e1s votada<\/strong>\u00a0en las elecciones generales de este domingo en Alemania, con entre un 28,5% y un 29%, seguida por <strong>Alternativa por Alemania<\/strong>, con entre un 19,5% y 20%, con lo que casi\u00a0<strong>duplic\u00f3 su voto<\/strong>\u00a0en las urnas en comparaci\u00f3n con los comicios legislativos de 2021.<\/p>\n\n\n\n<p>El l\u00edder del bloque conservador alem\u00e1n,&nbsp;<strong>Friedrich Merz<\/strong>, reclam\u00f3 este domingo la victoria en las elecciones generales y pidi\u00f3 negociaciones r\u00e1pidas para lograr una coalici\u00f3n de Gobierno en vista de las grandes crisis que hay en el mundo.<\/p>\n\n\n\n<p>El que ser\u00e1 el<strong>\u00a0nuevo canciller de Alemania<\/strong>, si logra formar una coalici\u00f3n, pronostic\u00f3 que lo que viene de ahora en adelante<strong><em>\u00a0\u201cno ser\u00e1 f\u00e1cil\u201d<\/em><\/strong>, al tiempo que expres\u00f3 su<em><strong> \u201crespeto\u201d<\/strong><\/em> por sus contrincantes durante la campa\u00f1a electoral. <em><strong>\u201cAhora hablaremos entre nosotros, con el fin de\u00a0formar lo antes posible un Gobierno capaz de actuar\u201d<\/strong><\/em>, dijo. Los primeros resultados apuntan a que\u00a0<strong>tendr\u00e1 que ser el canciller saliente, el socialista Olaf Scholz, su principal socio\u00a0<\/strong>de Gobierno.<\/p>\n\n\n\n<p><strong>Alice Weidel<\/strong>, candidata a canciller por <strong>Alternativa por Alemania (AfD)<\/strong> ha celebrado los sondeos tras el cierre de los colegios que atribuyen a su partido un resultado hist\u00f3rico que le situar\u00eda como segunda fuerza parlamentaria. Weidel ha anunciado su<strong>\u00a0disposici\u00f3n para formar gobierno, aunque no tiene opciones<\/strong>\u00a0de lograrlo, pues ning\u00fan partido est\u00e1 dispuesto a negociar con ella. Sin embargo, Weidel ha dicho que, si no se atienden sus exigencias<strong>\u00a0volver\u00e1 a haber elecciones\u00a0<\/strong><em><strong>\u201cm\u00e1s pronto de lo que muchos creen\u201d.<\/strong><\/em><\/p>\n\n\n\n<p>Los socialistas del SPD obtuvieron el 16% del apoyo en las urnas. El canciller saliente ha entonado el mea culpa por la derrota sin paliativos de su formaci\u00f3n, aunque tambi\u00e9n ha arengado que no pueden quedarse \u00abde brazos cruzados\u00bb ante el auge de AfD. <strong><em>\u00abNo se puede colaborar con la ultraderecha. Nosotros no lo haremos, y espero que otros tampoco lo hagan\u00bb<\/em><\/strong>; ha dicho, en una advertencia a la CDU y Friedrich Merz.<\/p>\n","protected":false},"excerpt":{"rendered":"<p>La&nbsp;participaci\u00f3n&nbsp;en las elecciones generales de Alemania ascendi\u00f3 a&nbsp;entre el 83% y 84%, seg\u00fan los pron\u00f3sticos de las cadenas de televisi\u00f3n p\u00fablicas ZDF y ARD, lo que supone la&nbsp;cifra m\u00e1s alta desde la reunificaci\u00f3n del pa\u00eds&nbsp;en 1990. El\u00a0bloque conservador\u00a0formado por la Uni\u00f3n Cristianodem\u00f3crata y la Uni\u00f3n Socialcristiana\u00a0(CDU\/CSU)\u00a0fue la\u00a0fuerza m\u00e1s votada\u00a0en las elecciones generales de este domingo [&hellip;]<\/p>\n","protected":false},"author":3,"featured_media":30372,"comment_status":"open","ping_status":"open","sticky":false,"template":"","format":"standard","meta":{"_jetpack_memberships_contains_paid_content":false,"jnews-multi-image_gallery":[],"jnews_single_post":{"subtitle":"","format":"standard","video":"","gallery":"","source_name":"","source_url":"","via_name":"","via_url":"","override_template":"0","override":[{"template":"2","single_blog_custom":"","parallax":"1","fullscreen":"1","layout":"right-sidebar","sidebar":"default-sidebar","second_sidebar":"default-sidebar","sticky_sidebar":"1","share_position":"top","share_float_style":"share-monocrhome","show_share_counter":"0","show_view_counter":"0","show_featured":"1","show_post_meta":"1","show_post_author":"1","show_post_author_image":"0","show_post_date":"1","post_date_format":"default","post_date_format_custom":"Y\/m\/d","show_post_category":"1","show_post_reading_time":"0","post_reading_time_wpm":"300","show_zoom_button":"0","zoom_button_out_step":"2","zoom_button_in_step":"3","show_post_tag":"1","show_prev_next_post":"0","show_popup_post":"1","number_popup_post":"1","show_author_box":"1","show_post_related":"0","show_inline_post_related":"0"}],"override_image_size":"0","image_override":[{"single_post_thumbnail_size":"crop-500","single_post_gallery_size":"crop-500"}],"trending_post":"0","trending_post_position":"meta","trending_post_label":"Trending","sponsored_post":"0","sponsored_post_label":"Sponsored by","sponsored_post_name":"","sponsored_post_url":"","sponsored_post_logo_enable":"0","sponsored_post_logo":"","sponsored_post_desc":"","disable_ad":"0"},"jnews_primary_category":{"id":"","hide":""},"jnews_override_bookmark_settings":[],"jnews_food_recipe":[],"enable_food_recipe":"","food_recipe_title":"","food_recipe_description":"","food_recipe_serve":"","food_recipe_time":"","food_recipe_prep":"","food_recipe_level":"","food_recipe_keywords":"","food_recipe_category":"","food_recipe_cuisine":"","food_recipe_yield":"","food_recipe_calories":"","enable_print_recipe":"","ingredient":[],"instruction":"","jnews_social_meta":{"fb_title":"","fb_description":"","fb_image":"","twitter_title":"","twitter_description":"","twitter_image":""},"jnews_paywall_metabox":[],"jnews_review":[],"enable_review":"","type":"","name":"","summary":"","brand":"","sku":"","good":[],"bad":[],"score_override":"","override_value":"","rating":[],"price":[],"jnews_override_counter":{"override_view_counter":"0","view_counter_number":"0","override_share_counter":"0","share_counter_number":"0","override_like_counter":"0","like_counter_number":"0","override_dislike_counter":"0","dislike_counter_number":"0"},"jnews_post_split":{"enable_post_split":"0","post_split":[{"template":"1","tag":"h2","numbering":"asc","mode":"normal","first":"0","enable_toc":"0","toc_type":"normal"}]},"jnews_podcast_option":[],"jnews_podcast_series":[],"footnotes":""},"categories":[33],"tags":[1132,831],"jnews-series":[],"ppma_author":[830],"class_list":["post-30371","post","type-post","status-publish","format-standard","has-post-thumbnail","hentry","category-mundo","tag-alemania","tag-destacada"],"yoast_head":"<!-- This site is optimized with the Yoast SEO plugin v27.4 - https:\/\/yoast.com\/product\/yoast-seo-wordpress\/ -->\n<title>Conservadores alemanes ganan y AfD en segundo lugar - Informate Py Creemos en la libertad de expresi\u00f3n y en la capacidad de la gente de reflexionar\u00a0por\u00a0si\u00a0misma<\/title>\n<meta name=\"robots\" content=\"index, follow, max-snippet:-1, max-image-preview:large, max-video-preview:-1\" \/>\n<link rel=\"canonical\" href=\"https:\/\/informatepy.com\/2024\/2025\/02\/24\/conservadores-alemanes-ganan-y-afd-en-segundo-lugar\/\" \/>\n<meta property=\"og:locale\" content=\"es_ES\" \/>\n<meta property=\"og:type\" content=\"article\" \/>\n<meta property=\"og:title\" content=\"Conservadores alemanes ganan y AfD en segundo lugar - Informate Py Creemos en la libertad de expresi\u00f3n y en la capacidad de la gente de reflexionar\u00a0por\u00a0si\u00a0misma\" \/>\n<meta property=\"og:description\" content=\"La&nbsp;participaci\u00f3n&nbsp;en las elecciones generales de Alemania ascendi\u00f3 a&nbsp;entre el 83% y 84%, seg\u00fan los pron\u00f3sticos de las cadenas de televisi\u00f3n p\u00fablicas ZDF y ARD, lo que supone la&nbsp;cifra m\u00e1s alta desde la reunificaci\u00f3n del pa\u00eds&nbsp;en 1990. El\u00a0bloque conservador\u00a0formado por la Uni\u00f3n Cristianodem\u00f3crata y la Uni\u00f3n Socialcristiana\u00a0(CDU\/CSU)\u00a0fue la\u00a0fuerza m\u00e1s votada\u00a0en las elecciones generales de este domingo [&hellip;]\" \/>\n<meta property=\"og:url\" content=\"https:\/\/informatepy.com\/2024\/2025\/02\/24\/conservadores-alemanes-ganan-y-afd-en-segundo-lugar\/\" \/>\n<meta property=\"og:site_name\" content=\"Informate Py Creemos en la libertad de expresi\u00f3n y en la capacidad de la gente de reflexionar\u00a0por\u00a0si\u00a0misma\" \/>\n<meta property=\"article:author\" content=\"https:\/\/www.facebook.com\/InformatePyCom\" \/>\n<meta property=\"article:published_time\" content=\"2025-02-24T03:00:00+00:00\" \/>\n<meta property=\"og:image\" content=\"https:\/\/i0.wp.com\/informatepy.com\/2024\/wp-content\/uploads\/2025\/02\/Friedrich-Merz.jpg?fit=1200%2C666&ssl=1\" \/>\n\t<meta property=\"og:image:width\" content=\"1200\" \/>\n\t<meta property=\"og:image:height\" content=\"666\" \/>\n\t<meta property=\"og:image:type\" content=\"image\/jpeg\" \/>\n<meta name=\"author\" content=\"Redacci\u00f3n\" \/>\n<meta name=\"twitter:card\" content=\"summary_large_image\" \/>\n<meta name=\"twitter:creator\" content=\"@https:\/\/twitter.com\/InformatePy1\" \/>\n<meta name=\"twitter:label1\" content=\"Escrito por\" \/>\n\t<meta name=\"twitter:data1\" content=\"Redacci\u00f3n\" \/>\n\t<meta name=\"twitter:label2\" content=\"Tiempo de lectura\" \/>\n\t<meta name=\"twitter:data2\" content=\"2 minutos\" \/>\n<script type=\"application\/ld+json\" class=\"yoast-schema-graph\">{\"@context\":\"https:\\\/\\\/schema.org\",\"@graph\":[{\"@type\":\"Article\",\"@id\":\"https:\\\/\\\/informatepy.com\\\/2024\\\/2025\\\/02\\\/24\\\/conservadores-alemanes-ganan-y-afd-en-segundo-lugar\\\/#article\",\"isPartOf\":{\"@id\":\"https:\\\/\\\/informatepy.com\\\/2024\\\/2025\\\/02\\\/24\\\/conservadores-alemanes-ganan-y-afd-en-segundo-lugar\\\/\"},\"author\":{\"name\":\"Redacci\u00f3n\",\"@id\":\"https:\\\/\\\/informatepy.com\\\/2024\\\/#\\\/schema\\\/person\\\/98728344b91c548ef8544c80daf58463\"},\"headline\":\"Conservadores alemanes ganan y AfD en segundo lugar\",\"datePublished\":\"2025-02-24T03:00:00+00:00\",\"mainEntityOfPage\":{\"@id\":\"https:\\\/\\\/informatepy.com\\\/2024\\\/2025\\\/02\\\/24\\\/conservadores-alemanes-ganan-y-afd-en-segundo-lugar\\\/\"},\"wordCount\":406,\"commentCount\":0,\"publisher\":{\"@id\":\"https:\\\/\\\/informatepy.com\\\/2024\\\/#organization\"},\"image\":{\"@id\":\"https:\\\/\\\/informatepy.com\\\/2024\\\/2025\\\/02\\\/24\\\/conservadores-alemanes-ganan-y-afd-en-segundo-lugar\\\/#primaryimage\"},\"thumbnailUrl\":\"https:\\\/\\\/i0.wp.com\\\/informatepy.com\\\/2024\\\/wp-content\\\/uploads\\\/2025\\\/02\\\/Friedrich-Merz.jpg?fit=1200%2C666&ssl=1\",\"keywords\":[\"alemania\",\"destacada\"],\"articleSection\":[\"Mundo\"],\"inLanguage\":\"es\",\"potentialAction\":[{\"@type\":\"CommentAction\",\"name\":\"Comment\",\"target\":[\"https:\\\/\\\/informatepy.com\\\/2024\\\/2025\\\/02\\\/24\\\/conservadores-alemanes-ganan-y-afd-en-segundo-lugar\\\/#respond\"]}]},{\"@type\":\"WebPage\",\"@id\":\"https:\\\/\\\/informatepy.com\\\/2024\\\/2025\\\/02\\\/24\\\/conservadores-alemanes-ganan-y-afd-en-segundo-lugar\\\/\",\"url\":\"https:\\\/\\\/informatepy.com\\\/2024\\\/2025\\\/02\\\/24\\\/conservadores-alemanes-ganan-y-afd-en-segundo-lugar\\\/\",\"name\":\"Conservadores alemanes ganan y AfD en segundo lugar - Informate Py Creemos en la libertad de expresi\u00f3n y en la capacidad de la gente de reflexionar\u00a0por\u00a0si\u00a0misma\",\"isPartOf\":{\"@id\":\"https:\\\/\\\/informatepy.com\\\/2024\\\/#website\"},\"primaryImageOfPage\":{\"@id\":\"https:\\\/\\\/informatepy.com\\\/2024\\\/2025\\\/02\\\/24\\\/conservadores-alemanes-ganan-y-afd-en-segundo-lugar\\\/#primaryimage\"},\"image\":{\"@id\":\"https:\\\/\\\/informatepy.com\\\/2024\\\/2025\\\/02\\\/24\\\/conservadores-alemanes-ganan-y-afd-en-segundo-lugar\\\/#primaryimage\"},\"thumbnailUrl\":\"https:\\\/\\\/i0.wp.com\\\/informatepy.com\\\/2024\\\/wp-content\\\/uploads\\\/2025\\\/02\\\/Friedrich-Merz.jpg?fit=1200%2C666&ssl=1\",\"datePublished\":\"2025-02-24T03:00:00+00:00\",\"breadcrumb\":{\"@id\":\"https:\\\/\\\/informatepy.com\\\/2024\\\/2025\\\/02\\\/24\\\/conservadores-alemanes-ganan-y-afd-en-segundo-lugar\\\/#breadcrumb\"},\"inLanguage\":\"es\",\"potentialAction\":[{\"@type\":\"ReadAction\",\"target\":[\"https:\\\/\\\/informatepy.com\\\/2024\\\/2025\\\/02\\\/24\\\/conservadores-alemanes-ganan-y-afd-en-segundo-lugar\\\/\"]}]},{\"@type\":\"ImageObject\",\"inLanguage\":\"es\",\"@id\":\"https:\\\/\\\/informatepy.com\\\/2024\\\/2025\\\/02\\\/24\\\/conservadores-alemanes-ganan-y-afd-en-segundo-lugar\\\/#primaryimage\",\"url\":\"https:\\\/\\\/i0.wp.com\\\/informatepy.com\\\/2024\\\/wp-content\\\/uploads\\\/2025\\\/02\\\/Friedrich-Merz.jpg?fit=1200%2C666&ssl=1\",\"contentUrl\":\"https:\\\/\\\/i0.wp.com\\\/informatepy.com\\\/2024\\\/wp-content\\\/uploads\\\/2025\\\/02\\\/Friedrich-Merz.jpg?fit=1200%2C666&ssl=1\",\"width\":1200,\"height\":666,\"caption\":\"Friedrich Merz. (Fabrizio Bensch\\\/Reuters)\"},{\"@type\":\"BreadcrumbList\",\"@id\":\"https:\\\/\\\/informatepy.com\\\/2024\\\/2025\\\/02\\\/24\\\/conservadores-alemanes-ganan-y-afd-en-segundo-lugar\\\/#breadcrumb\",\"itemListElement\":[{\"@type\":\"ListItem\",\"position\":1,\"name\":\"Portada\",\"item\":\"https:\\\/\\\/informatepy.com\\\/2024\\\/\"},{\"@type\":\"ListItem\",\"position\":2,\"name\":\"Conservadores alemanes ganan y AfD en segundo lugar\"}]},{\"@type\":\"WebSite\",\"@id\":\"https:\\\/\\\/informatepy.com\\\/2024\\\/#website\",\"url\":\"https:\\\/\\\/informatepy.com\\\/2024\\\/\",\"name\":\"Informate Py Creemos en la libertad de expresi\u00f3n y en la capacidad de la gente de reflexionar\u00a0por\u00a0si\u00a0misma\",\"description\":\"InformatePy\",\"publisher\":{\"@id\":\"https:\\\/\\\/informatepy.com\\\/2024\\\/#organization\"},\"potentialAction\":[{\"@type\":\"SearchAction\",\"target\":{\"@type\":\"EntryPoint\",\"urlTemplate\":\"https:\\\/\\\/informatepy.com\\\/2024\\\/?s={search_term_string}\"},\"query-input\":{\"@type\":\"PropertyValueSpecification\",\"valueRequired\":true,\"valueName\":\"search_term_string\"}}],\"inLanguage\":\"es\"},{\"@type\":\"Organization\",\"@id\":\"https:\\\/\\\/informatepy.com\\\/2024\\\/#organization\",\"name\":\"Informate Py Creemos en la libertad de expresi\u00f3n y en la capacidad de la gente de reflexionar\u00a0por\u00a0si\u00a0misma\",\"url\":\"https:\\\/\\\/informatepy.com\\\/2024\\\/\",\"logo\":{\"@type\":\"ImageObject\",\"inLanguage\":\"es\",\"@id\":\"https:\\\/\\\/informatepy.com\\\/2024\\\/#\\\/schema\\\/logo\\\/image\\\/\",\"url\":\"https:\\\/\\\/i0.wp.com\\\/informatepy.com\\\/2024\\\/wp-content\\\/uploads\\\/2024\\\/02\\\/Logotipo-sin-fondo-informate-py500.png?fit=500%2C94&ssl=1\",\"contentUrl\":\"https:\\\/\\\/i0.wp.com\\\/informatepy.com\\\/2024\\\/wp-content\\\/uploads\\\/2024\\\/02\\\/Logotipo-sin-fondo-informate-py500.png?fit=500%2C94&ssl=1\",\"width\":500,\"height\":94,\"caption\":\"Informate Py Creemos en la libertad de expresi\u00f3n y en la capacidad de la gente de reflexionar\u00a0por\u00a0si\u00a0misma\"},\"image\":{\"@id\":\"https:\\\/\\\/informatepy.com\\\/2024\\\/#\\\/schema\\\/logo\\\/image\\\/\"}},{\"@type\":\"Person\",\"@id\":\"https:\\\/\\\/informatepy.com\\\/2024\\\/#\\\/schema\\\/person\\\/98728344b91c548ef8544c80daf58463\",\"name\":\"Redacci\u00f3n\",\"image\":{\"@type\":\"ImageObject\",\"inLanguage\":\"es\",\"@id\":\"https:\\\/\\\/informatepy.com\\\/2024\\\/wp-content\\\/uploads\\\/2024\\\/02\\\/cropped-Isologo-sin-fondo.png9c354f01c536b2d49dbb929e96603401\",\"url\":\"https:\\\/\\\/informatepy.com\\\/2024\\\/wp-content\\\/uploads\\\/2024\\\/02\\\/cropped-Isologo-sin-fondo.png\",\"contentUrl\":\"https:\\\/\\\/informatepy.com\\\/2024\\\/wp-content\\\/uploads\\\/2024\\\/02\\\/cropped-Isologo-sin-fondo.png\",\"caption\":\"Redacci\u00f3n\"},\"sameAs\":[\"https:\\\/\\\/www.facebook.com\\\/InformatePyCom\",\"https:\\\/\\\/x.com\\\/https:\\\/\\\/twitter.com\\\/InformatePy1\"],\"url\":\"https:\\\/\\\/informatepy.com\\\/2024\\\/author\\\/redaccion\\\/\"}]}<\/script>\n<!-- \/ Yoast SEO plugin. -->","yoast_head_json":{"title":"Conservadores alemanes ganan y AfD en segundo lugar - Informate Py Creemos en la libertad de expresi\u00f3n y en la capacidad de la gente de reflexionar\u00a0por\u00a0si\u00a0misma","robots":{"index":"index","follow":"follow","max-snippet":"max-snippet:-1","max-image-preview":"max-image-preview:large","max-video-preview":"max-video-preview:-1"},"canonical":"https:\/\/informatepy.com\/2024\/2025\/02\/24\/conservadores-alemanes-ganan-y-afd-en-segundo-lugar\/","og_locale":"es_ES","og_type":"article","og_title":"Conservadores alemanes ganan y AfD en segundo lugar - Informate Py Creemos en la libertad de expresi\u00f3n y en la capacidad de la gente de reflexionar\u00a0por\u00a0si\u00a0misma","og_description":"La&nbsp;participaci\u00f3n&nbsp;en las elecciones generales de Alemania ascendi\u00f3 a&nbsp;entre el 83% y 84%, seg\u00fan los pron\u00f3sticos de las cadenas de televisi\u00f3n p\u00fablicas ZDF y ARD, lo que supone la&nbsp;cifra m\u00e1s alta desde la reunificaci\u00f3n del pa\u00eds&nbsp;en 1990. El\u00a0bloque conservador\u00a0formado por la Uni\u00f3n Cristianodem\u00f3crata y la Uni\u00f3n Socialcristiana\u00a0(CDU\/CSU)\u00a0fue la\u00a0fuerza m\u00e1s votada\u00a0en las elecciones generales de este domingo [&hellip;]","og_url":"https:\/\/informatepy.com\/2024\/2025\/02\/24\/conservadores-alemanes-ganan-y-afd-en-segundo-lugar\/","og_site_name":"Informate Py Creemos en la libertad de expresi\u00f3n y en la capacidad de la gente de reflexionar\u00a0por\u00a0si\u00a0misma","article_author":"https:\/\/www.facebook.com\/InformatePyCom","article_published_time":"2025-02-24T03:00:00+00:00","og_image":[{"width":1200,"height":666,"url":"https:\/\/i0.wp.com\/informatepy.com\/2024\/wp-content\/uploads\/2025\/02\/Friedrich-Merz.jpg?fit=1200%2C666&ssl=1","type":"image\/jpeg"}],"author":"Redacci\u00f3n","twitter_card":"summary_large_image","twitter_creator":"@https:\/\/twitter.com\/InformatePy1","twitter_misc":{"Escrito por":"Redacci\u00f3n","Tiempo de lectura":"2 minutos"},"schema":{"@context":"https:\/\/schema.org","@graph":[{"@type":"Article","@id":"https:\/\/informatepy.com\/2024\/2025\/02\/24\/conservadores-alemanes-ganan-y-afd-en-segundo-lugar\/#article","isPartOf":{"@id":"https:\/\/informatepy.com\/2024\/2025\/02\/24\/conservadores-alemanes-ganan-y-afd-en-segundo-lugar\/"},"author":{"name":"Redacci\u00f3n","@id":"https:\/\/informatepy.com\/2024\/#\/schema\/person\/98728344b91c548ef8544c80daf58463"},"headline":"Conservadores alemanes ganan y AfD en segundo lugar","datePublished":"2025-02-24T03:00:00+00:00","mainEntityOfPage":{"@id":"https:\/\/informatepy.com\/2024\/2025\/02\/24\/conservadores-alemanes-ganan-y-afd-en-segundo-lugar\/"},"wordCount":406,"commentCount":0,"publisher":{"@id":"https:\/\/informatepy.com\/2024\/#organization"},"image":{"@id":"https:\/\/informatepy.com\/2024\/2025\/02\/24\/conservadores-alemanes-ganan-y-afd-en-segundo-lugar\/#primaryimage"},"thumbnailUrl":"https:\/\/i0.wp.com\/informatepy.com\/2024\/wp-content\/uploads\/2025\/02\/Friedrich-Merz.jpg?fit=1200%2C666&ssl=1","keywords":["alemania","destacada"],"articleSection":["Mundo"],"inLanguage":"es","potentialAction":[{"@type":"CommentAction","name":"Comment","target":["https:\/\/informatepy.com\/2024\/2025\/02\/24\/conservadores-alemanes-ganan-y-afd-en-segundo-lugar\/#respond"]}]},{"@type":"WebPage","@id":"https:\/\/informatepy.com\/2024\/2025\/02\/24\/conservadores-alemanes-ganan-y-afd-en-segundo-lugar\/","url":"https:\/\/informatepy.com\/2024\/2025\/02\/24\/conservadores-alemanes-ganan-y-afd-en-segundo-lugar\/","name":"Conservadores alemanes ganan y AfD en segundo lugar - Informate Py Creemos en la libertad de expresi\u00f3n y en la capacidad de la gente de reflexionar\u00a0por\u00a0si\u00a0misma","isPartOf":{"@id":"https:\/\/informatepy.com\/2024\/#website"},"primaryImageOfPage":{"@id":"https:\/\/informatepy.com\/2024\/2025\/02\/24\/conservadores-alemanes-ganan-y-afd-en-segundo-lugar\/#primaryimage"},"image":{"@id":"https:\/\/informatepy.com\/2024\/2025\/02\/24\/conservadores-alemanes-ganan-y-afd-en-segundo-lugar\/#primaryimage"},"thumbnailUrl":"https:\/\/i0.wp.com\/informatepy.com\/2024\/wp-content\/uploads\/2025\/02\/Friedrich-Merz.jpg?fit=1200%2C666&ssl=1","datePublished":"2025-02-24T03:00:00+00:00","breadcrumb":{"@id":"https:\/\/informatepy.com\/2024\/2025\/02\/24\/conservadores-alemanes-ganan-y-afd-en-segundo-lugar\/#breadcrumb"},"inLanguage":"es","potentialAction":[{"@type":"ReadAction","target":["https:\/\/informatepy.com\/2024\/2025\/02\/24\/conservadores-alemanes-ganan-y-afd-en-segundo-lugar\/"]}]},{"@type":"ImageObject","inLanguage":"es","@id":"https:\/\/informatepy.com\/2024\/2025\/02\/24\/conservadores-alemanes-ganan-y-afd-en-segundo-lugar\/#primaryimage","url":"https:\/\/i0.wp.com\/informatepy.com\/2024\/wp-content\/uploads\/2025\/02\/Friedrich-Merz.jpg?fit=1200%2C666&ssl=1","contentUrl":"https:\/\/i0.wp.com\/informatepy.com\/2024\/wp-content\/uploads\/2025\/02\/Friedrich-Merz.jpg?fit=1200%2C666&ssl=1","width":1200,"height":666,"caption":"Friedrich Merz. (Fabrizio Bensch\/Reuters)"},{"@type":"BreadcrumbList","@id":"https:\/\/informatepy.com\/2024\/2025\/02\/24\/conservadores-alemanes-ganan-y-afd-en-segundo-lugar\/#breadcrumb","itemListElement":[{"@type":"ListItem","position":1,"name":"Portada","item":"https:\/\/informatepy.com\/2024\/"},{"@type":"ListItem","position":2,"name":"Conservadores alemanes ganan y AfD en segundo lugar"}]},{"@type":"WebSite","@id":"https:\/\/informatepy.com\/2024\/#website","url":"https:\/\/informatepy.com\/2024\/","name":"Informate Py Creemos en la libertad de expresi\u00f3n y en la capacidad de la gente de reflexionar\u00a0por\u00a0si\u00a0misma","description":"InformatePy","publisher":{"@id":"https:\/\/informatepy.com\/2024\/#organization"},"potentialAction":[{"@type":"SearchAction","target":{"@type":"EntryPoint","urlTemplate":"https:\/\/informatepy.com\/2024\/?s={search_term_string}"},"query-input":{"@type":"PropertyValueSpecification","valueRequired":true,"valueName":"search_term_string"}}],"inLanguage":"es"},{"@type":"Organization","@id":"https:\/\/informatepy.com\/2024\/#organization","name":"Informate Py Creemos en la libertad de expresi\u00f3n y en la capacidad de la gente de reflexionar\u00a0por\u00a0si\u00a0misma","url":"https:\/\/informatepy.com\/2024\/","logo":{"@type":"ImageObject","inLanguage":"es","@id":"https:\/\/informatepy.com\/2024\/#\/schema\/logo\/image\/","url":"https:\/\/i0.wp.com\/informatepy.com\/2024\/wp-content\/uploads\/2024\/02\/Logotipo-sin-fondo-informate-py500.png?fit=500%2C94&ssl=1","contentUrl":"https:\/\/i0.wp.com\/informatepy.com\/2024\/wp-content\/uploads\/2024\/02\/Logotipo-sin-fondo-informate-py500.png?fit=500%2C94&ssl=1","width":500,"height":94,"caption":"Informate Py Creemos en la libertad de expresi\u00f3n y en la capacidad de la gente de reflexionar\u00a0por\u00a0si\u00a0misma"},"image":{"@id":"https:\/\/informatepy.com\/2024\/#\/schema\/logo\/image\/"}},{"@type":"Person","@id":"https:\/\/informatepy.com\/2024\/#\/schema\/person\/98728344b91c548ef8544c80daf58463","name":"Redacci\u00f3n","image":{"@type":"ImageObject","inLanguage":"es","@id":"https:\/\/informatepy.com\/2024\/wp-content\/uploads\/2024\/02\/cropped-Isologo-sin-fondo.png9c354f01c536b2d49dbb929e96603401","url":"https:\/\/informatepy.com\/2024\/wp-content\/uploads\/2024\/02\/cropped-Isologo-sin-fondo.png","contentUrl":"https:\/\/informatepy.com\/2024\/wp-content\/uploads\/2024\/02\/cropped-Isologo-sin-fondo.png","caption":"Redacci\u00f3n"},"sameAs":["https:\/\/www.facebook.com\/InformatePyCom","https:\/\/x.com\/https:\/\/twitter.com\/InformatePy1"],"url":"https:\/\/informatepy.com\/2024\/author\/redaccion\/"}]}},"jetpack_featured_media_url":"https:\/\/i0.wp.com\/informatepy.com\/2024\/wp-content\/uploads\/2025\/02\/Friedrich-Merz.jpg?fit=1200%2C666&ssl=1","jetpack-related-posts":[],"jetpack_sharing_enabled":true,"authors":[{"term_id":830,"user_id":3,"is_guest":0,"slug":"redaccion","display_name":"Redacci\u00f3n","avatar_url":{"url":"https:\/\/informatepy.com\/2024\/wp-content\/uploads\/2024\/02\/cropped-Isologo-sin-fondo.png","url2x":"https:\/\/informatepy.com\/2024\/wp-content\/uploads\/2024\/02\/cropped-Isologo-sin-fondo.png"},"author_category":"1","first_name":"Redacci\u00f3n","last_name":"","user_url":"","job_title":"","description":""}],"_links":{"self":[{"href":"https:\/\/informatepy.com\/2024\/wp-json\/wp\/v2\/posts\/30371","targetHints":{"allow":["GET"]}}],"collection":[{"href":"https:\/\/informatepy.com\/2024\/wp-json\/wp\/v2\/posts"}],"about":[{"href":"https:\/\/informatepy.com\/2024\/wp-json\/wp\/v2\/types\/post"}],"author":[{"embeddable":true,"href":"https:\/\/informatepy.com\/2024\/wp-json\/wp\/v2\/users\/3"}],"replies":[{"embeddable":true,"href":"https:\/\/informatepy.com\/2024\/wp-json\/wp\/v2\/comments?post=30371"}],"version-history":[{"count":4,"href":"https:\/\/informatepy.com\/2024\/wp-json\/wp\/v2\/posts\/30371\/revisions"}],"predecessor-version":[{"id":30378,"href":"https:\/\/informatepy.com\/2024\/wp-json\/wp\/v2\/posts\/30371\/revisions\/30378"}],"wp:featuredmedia":[{"embeddable":true,"href":"https:\/\/informatepy.com\/2024\/wp-json\/wp\/v2\/media\/30372"}],"wp:attachment":[{"href":"https:\/\/informatepy.com\/2024\/wp-json\/wp\/v2\/media?parent=30371"}],"wp:term":[{"taxonomy":"category","embeddable":true,"href":"https:\/\/informatepy.com\/2024\/wp-json\/wp\/v2\/categories?post=30371"},{"taxonomy":"post_tag","embeddable":true,"href":"https:\/\/informatepy.com\/2024\/wp-json\/wp\/v2\/tags?post=30371"},{"taxonomy":"jnews-series","embeddable":true,"href":"https:\/\/informatepy.com\/2024\/wp-json\/wp\/v2\/jnews-series?post=30371"},{"taxonomy":"author","embeddable":true,"href":"https:\/\/informatepy.com\/2024\/wp-json\/wp\/v2\/ppma_author?post=30371"}],"curies":[{"name":"wp","href":"https:\/\/api.w.org\/{rel}","templated":true}]}}