{"id":30010,"date":"2025-02-07T06:26:54","date_gmt":"2025-02-07T09:26:54","guid":{"rendered":"https:\/\/informatepy.com\/2024\/?p=30010"},"modified":"2025-02-07T06:28:38","modified_gmt":"2025-02-07T09:28:38","slug":"cooperativa-ratifica-su-apuesta-al-chaco-con-la-inauguracion-de-nueva-fabrica-de-balanceados","status":"publish","type":"post","link":"https:\/\/informatepy.com\/2024\/2025\/02\/07\/cooperativa-ratifica-su-apuesta-al-chaco-con-la-inauguracion-de-nueva-fabrica-de-balanceados\/","title":{"rendered":"Cooperativa ratifica su apuesta al Chaco con la inauguraci\u00f3n de nueva f\u00e1brica de balanceados"},"content":{"rendered":"\n<p>El presidente de la Rep\u00fablica, <strong>Santiago Pe\u00f1a<\/strong>, particip\u00f3 de la inauguraci\u00f3n del centro de acopio y f\u00e1brica de balanceados de la <strong>Cooperativa Fernheim<\/strong>, en el distrito de Filadelfia, departamento de Boquer\u00f3n. La inversi\u00f3n de la nueva infraestructura supera los 16 millones de d\u00f3lares.<\/p>\n\n\n\n<p>Durante el acto realizado este jueves, el gerente general de la Cooperativa Fernheim, <strong>Juergen Froese<\/strong>, dijo que, con esta nueva infraestructura, apuestan a la intensificaci\u00f3n de la ganader\u00eda y el avance de la agricultura.<\/p>\n\n\n\n<p>Asimismo, inform\u00f3 que la planta ofrecer\u00e1 una amplia gama de productos, como distintas opciones de despacho, facilitando la log\u00edstica necesaria para la zona. Indic\u00f3 que la calidad de las nuevas instalaciones, permitir\u00e1 aspirar a los est\u00e1ndares exigidos por sus socios y clientes.<\/p>\n\n\n\n<p>Con m\u00e1s de 700 productores ganaderos, cinco establecimientos propios de la cooperativa, 45.000 animales y un frigor\u00edfico con destacada presencia a nivel nacional, la f\u00e1brica inaugurada en la fecha conforma un eslab\u00f3n m\u00e1s en dicha cadena productiva.<\/p>\n\n\n\n<p><strong><em>\u00abLa operaci\u00f3n de esta planta corresponder\u00e1 tambi\u00e9n al mismo sector administrativo que opera tambi\u00e9n nuestra planta de man\u00ed y de s\u00e9samo, donde acopiamos y procesamos parcialmente productos para el mercado nacional e internacional\u00bb<\/em><\/strong>, coment\u00f3.<\/p>\n\n\n\n<p>Froese precis\u00f3 que el proyecto forma parte de una serie de inversiones que han resaltado en los planes de inversiones anuales de los \u00faltimos tres a\u00f1os.<\/p>\n\n\n\n<h3 class=\"wp-block-heading\"><strong>Aliado estrat\u00e9gico del productor<\/strong><\/h3>\n\n\n\n<p>Asimismo, el gerente de la f\u00e1brica, <strong>Arnold Hildebrand<\/strong>, dijo que el objetivo principal de la cooperativa es convertirse en un aliado estrat\u00e9gico para el ganadero y el tambero chaque\u00f1o.<\/p>\n\n\n\n<p><strong><em>\u00abEstamos seguros que con nuestros productos tambi\u00e9n la producci\u00f3n av\u00edcola, ovina y porcina van a crecer en la regi\u00f3n\u00bb<\/em><\/strong>, subray\u00f3.<\/p>\n\n\n\n<p>Este proyecto estrat\u00e9gico refuerza el compromiso de la cooperativa con el crecimiento econ\u00f3mico regional y la sostenibilidad ambiental. La importante infraestructura demand\u00f3 una inversi\u00f3n de 16,7 millones de d\u00f3lares.<\/p>\n\n\n\n<p>Por su parte, el presidente Pe\u00f1a resalt\u00f3 que <strong><em>\u00abesta es probablemente una de las historias de \u00e9xito m\u00e1s grandes que tiene el Paraguay. El testimonio vivo de haber encontrado en la adversidad la oportunidad. No tengo ninguna duda que nos estamos acercando a paso acelerado a un Paraguay como ya lo hab\u00edamos so\u00f1ado mucho tiempo atr\u00e1s\u00bb.<\/em><\/strong><\/p>\n\n\n\n<p><sub>Con informaci\u00f3n de Agencia IP<\/sub><\/p>\n","protected":false},"excerpt":{"rendered":"<p>El presidente de la Rep\u00fablica, Santiago Pe\u00f1a, particip\u00f3 de la inauguraci\u00f3n del centro de acopio y f\u00e1brica de balanceados de la Cooperativa Fernheim, en el distrito de Filadelfia, departamento de Boquer\u00f3n. La inversi\u00f3n de la nueva infraestructura supera los 16 millones de d\u00f3lares. Durante el acto realizado este jueves, el gerente general de la Cooperativa [&hellip;]<\/p>\n","protected":false},"author":3,"featured_media":30011,"comment_status":"open","ping_status":"open","sticky":false,"template":"","format":"standard","meta":{"_jetpack_memberships_contains_paid_content":false,"jnews-multi-image_gallery":[],"jnews_single_post":{"subtitle":"","format":"standard","video":"","gallery":"","source_name":"","source_url":"","via_name":"","via_url":"","override_template":"0","override":[{"template":"2","single_blog_custom":"","parallax":"1","fullscreen":"1","layout":"right-sidebar","sidebar":"default-sidebar","second_sidebar":"default-sidebar","sticky_sidebar":"1","share_position":"top","share_float_style":"share-monocrhome","show_share_counter":"0","show_view_counter":"0","show_featured":"1","show_post_meta":"1","show_post_author":"1","show_post_author_image":"0","show_post_date":"1","post_date_format":"default","post_date_format_custom":"Y\/m\/d","show_post_category":"1","show_post_reading_time":"0","post_reading_time_wpm":"300","show_zoom_button":"0","zoom_button_out_step":"2","zoom_button_in_step":"3","show_post_tag":"1","show_prev_next_post":"0","show_popup_post":"1","number_popup_post":"1","show_author_box":"1","show_post_related":"0","show_inline_post_related":"0"}],"override_image_size":"0","image_override":[{"single_post_thumbnail_size":"crop-500","single_post_gallery_size":"crop-500"}],"trending_post":"0","trending_post_position":"meta","trending_post_label":"Trending","sponsored_post":"0","sponsored_post_label":"Sponsored by","sponsored_post_name":"","sponsored_post_url":"","sponsored_post_logo_enable":"0","sponsored_post_logo":"","sponsored_post_desc":"","disable_ad":"0"},"jnews_primary_category":{"id":"","hide":""},"jnews_override_bookmark_settings":[],"jnews_food_recipe":[],"enable_food_recipe":"","food_recipe_title":"","food_recipe_description":"","food_recipe_serve":"","food_recipe_time":"","food_recipe_prep":"","food_recipe_level":"","food_recipe_keywords":"","food_recipe_category":"","food_recipe_cuisine":"","food_recipe_yield":"","food_recipe_calories":"","enable_print_recipe":"","ingredient":[],"instruction":"","jnews_social_meta":{"fb_title":"","fb_description":"","fb_image":"","twitter_title":"","twitter_description":"","twitter_image":""},"jnews_paywall_metabox":[],"jnews_review":[],"enable_review":"","type":"","name":"","summary":"","brand":"","sku":"","good":[],"bad":[],"score_override":"","override_value":"","rating":[],"price":[],"jnews_override_counter":{"override_view_counter":"0","view_counter_number":"0","override_share_counter":"0","share_counter_number":"0","override_like_counter":"0","like_counter_number":"0","override_dislike_counter":"0","dislike_counter_number":"0"},"jnews_post_split":{"enable_post_split":"0","post_split":[{"template":"1","tag":"h2","numbering":"asc","mode":"normal","first":"0","enable_toc":"0","toc_type":"normal"}]},"jnews_podcast_option":[],"jnews_podcast_series":[],"footnotes":""},"categories":[46],"tags":[1761,2026,831],"jnews-series":[],"ppma_author":[830],"class_list":["post-30010","post","type-post","status-publish","format-standard","has-post-thumbnail","hentry","category-negocios","tag-cooperativas","tag-cooperativismo","tag-destacada"],"yoast_head":"<!-- This site is optimized with the Yoast SEO plugin v27.5 - https:\/\/yoast.com\/product\/yoast-seo-wordpress\/ -->\n<title>Cooperativa ratifica su apuesta al Chaco con la inauguraci\u00f3n de nueva f\u00e1brica de balanceados - Informate Py Creemos en la libertad de expresi\u00f3n y en la capacidad de la gente de reflexionar\u00a0por\u00a0si\u00a0misma<\/title>\n<meta name=\"robots\" content=\"index, follow, max-snippet:-1, max-image-preview:large, max-video-preview:-1\" \/>\n<link rel=\"canonical\" href=\"https:\/\/informatepy.com\/2024\/2025\/02\/07\/cooperativa-ratifica-su-apuesta-al-chaco-con-la-inauguracion-de-nueva-fabrica-de-balanceados\/\" \/>\n<meta property=\"og:locale\" content=\"es_ES\" \/>\n<meta property=\"og:type\" content=\"article\" \/>\n<meta property=\"og:title\" content=\"Cooperativa ratifica su apuesta al Chaco con la inauguraci\u00f3n de nueva f\u00e1brica de balanceados - Informate Py Creemos en la libertad de expresi\u00f3n y en la capacidad de la gente de reflexionar\u00a0por\u00a0si\u00a0misma\" \/>\n<meta property=\"og:description\" content=\"El presidente de la Rep\u00fablica, Santiago Pe\u00f1a, particip\u00f3 de la inauguraci\u00f3n del centro de acopio y f\u00e1brica de balanceados de la Cooperativa Fernheim, en el distrito de Filadelfia, departamento de Boquer\u00f3n. La inversi\u00f3n de la nueva infraestructura supera los 16 millones de d\u00f3lares. Durante el acto realizado este jueves, el gerente general de la Cooperativa [&hellip;]\" \/>\n<meta property=\"og:url\" content=\"https:\/\/informatepy.com\/2024\/2025\/02\/07\/cooperativa-ratifica-su-apuesta-al-chaco-con-la-inauguracion-de-nueva-fabrica-de-balanceados\/\" \/>\n<meta property=\"og:site_name\" content=\"Informate Py Creemos en la libertad de expresi\u00f3n y en la capacidad de la gente de reflexionar\u00a0por\u00a0si\u00a0misma\" \/>\n<meta property=\"article:author\" content=\"https:\/\/www.facebook.com\/InformatePyCom\" \/>\n<meta property=\"article:published_time\" content=\"2025-02-07T09:26:54+00:00\" \/>\n<meta property=\"article:modified_time\" content=\"2025-02-07T09:28:38+00:00\" \/>\n<meta property=\"og:image\" content=\"https:\/\/informatepy.com\/2024\/wp-content\/uploads\/2025\/02\/fernheim-balanceados.jpg\" \/>\n\t<meta property=\"og:image:width\" content=\"1200\" \/>\n\t<meta property=\"og:image:height\" content=\"676\" \/>\n\t<meta property=\"og:image:type\" content=\"image\/jpeg\" \/>\n<meta name=\"author\" content=\"Redacci\u00f3n\" \/>\n<meta name=\"twitter:card\" content=\"summary_large_image\" \/>\n<meta name=\"twitter:creator\" content=\"@https:\/\/twitter.com\/InformatePy1\" \/>\n<meta name=\"twitter:label1\" content=\"Escrito por\" \/>\n\t<meta name=\"twitter:data1\" content=\"Redacci\u00f3n\" \/>\n\t<meta name=\"twitter:label2\" content=\"Tiempo de lectura\" \/>\n\t<meta name=\"twitter:data2\" content=\"2 minutos\" \/>\n<script type=\"application\/ld+json\" class=\"yoast-schema-graph\">{\"@context\":\"https:\\\/\\\/schema.org\",\"@graph\":[{\"@type\":\"Article\",\"@id\":\"https:\\\/\\\/informatepy.com\\\/2024\\\/2025\\\/02\\\/07\\\/cooperativa-ratifica-su-apuesta-al-chaco-con-la-inauguracion-de-nueva-fabrica-de-balanceados\\\/#article\",\"isPartOf\":{\"@id\":\"https:\\\/\\\/informatepy.com\\\/2024\\\/2025\\\/02\\\/07\\\/cooperativa-ratifica-su-apuesta-al-chaco-con-la-inauguracion-de-nueva-fabrica-de-balanceados\\\/\"},\"author\":{\"name\":\"Redacci\u00f3n\",\"@id\":\"https:\\\/\\\/informatepy.com\\\/2024\\\/#\\\/schema\\\/person\\\/98728344b91c548ef8544c80daf58463\"},\"headline\":\"Cooperativa ratifica su apuesta al Chaco con la inauguraci\u00f3n de nueva f\u00e1brica de balanceados\",\"datePublished\":\"2025-02-07T09:26:54+00:00\",\"dateModified\":\"2025-02-07T09:28:38+00:00\",\"mainEntityOfPage\":{\"@id\":\"https:\\\/\\\/informatepy.com\\\/2024\\\/2025\\\/02\\\/07\\\/cooperativa-ratifica-su-apuesta-al-chaco-con-la-inauguracion-de-nueva-fabrica-de-balanceados\\\/\"},\"wordCount\":410,\"commentCount\":0,\"publisher\":{\"@id\":\"https:\\\/\\\/informatepy.com\\\/2024\\\/#organization\"},\"image\":{\"@id\":\"https:\\\/\\\/informatepy.com\\\/2024\\\/2025\\\/02\\\/07\\\/cooperativa-ratifica-su-apuesta-al-chaco-con-la-inauguracion-de-nueva-fabrica-de-balanceados\\\/#primaryimage\"},\"thumbnailUrl\":\"https:\\\/\\\/i0.wp.com\\\/informatepy.com\\\/2024\\\/wp-content\\\/uploads\\\/2025\\\/02\\\/fernheim-balanceados.jpg?fit=1200%2C676&ssl=1\",\"keywords\":[\"cooperativas\",\"cooperativismo\",\"destacada\"],\"articleSection\":[\"Negocios\"],\"inLanguage\":\"es\",\"potentialAction\":[{\"@type\":\"CommentAction\",\"name\":\"Comment\",\"target\":[\"https:\\\/\\\/informatepy.com\\\/2024\\\/2025\\\/02\\\/07\\\/cooperativa-ratifica-su-apuesta-al-chaco-con-la-inauguracion-de-nueva-fabrica-de-balanceados\\\/#respond\"]}]},{\"@type\":\"WebPage\",\"@id\":\"https:\\\/\\\/informatepy.com\\\/2024\\\/2025\\\/02\\\/07\\\/cooperativa-ratifica-su-apuesta-al-chaco-con-la-inauguracion-de-nueva-fabrica-de-balanceados\\\/\",\"url\":\"https:\\\/\\\/informatepy.com\\\/2024\\\/2025\\\/02\\\/07\\\/cooperativa-ratifica-su-apuesta-al-chaco-con-la-inauguracion-de-nueva-fabrica-de-balanceados\\\/\",\"name\":\"Cooperativa ratifica su apuesta al Chaco con la inauguraci\u00f3n de nueva f\u00e1brica de balanceados - Informate Py Creemos en la libertad de expresi\u00f3n y en la capacidad de la gente de reflexionar\u00a0por\u00a0si\u00a0misma\",\"isPartOf\":{\"@id\":\"https:\\\/\\\/informatepy.com\\\/2024\\\/#website\"},\"primaryImageOfPage\":{\"@id\":\"https:\\\/\\\/informatepy.com\\\/2024\\\/2025\\\/02\\\/07\\\/cooperativa-ratifica-su-apuesta-al-chaco-con-la-inauguracion-de-nueva-fabrica-de-balanceados\\\/#primaryimage\"},\"image\":{\"@id\":\"https:\\\/\\\/informatepy.com\\\/2024\\\/2025\\\/02\\\/07\\\/cooperativa-ratifica-su-apuesta-al-chaco-con-la-inauguracion-de-nueva-fabrica-de-balanceados\\\/#primaryimage\"},\"thumbnailUrl\":\"https:\\\/\\\/i0.wp.com\\\/informatepy.com\\\/2024\\\/wp-content\\\/uploads\\\/2025\\\/02\\\/fernheim-balanceados.jpg?fit=1200%2C676&ssl=1\",\"datePublished\":\"2025-02-07T09:26:54+00:00\",\"dateModified\":\"2025-02-07T09:28:38+00:00\",\"breadcrumb\":{\"@id\":\"https:\\\/\\\/informatepy.com\\\/2024\\\/2025\\\/02\\\/07\\\/cooperativa-ratifica-su-apuesta-al-chaco-con-la-inauguracion-de-nueva-fabrica-de-balanceados\\\/#breadcrumb\"},\"inLanguage\":\"es\",\"potentialAction\":[{\"@type\":\"ReadAction\",\"target\":[\"https:\\\/\\\/informatepy.com\\\/2024\\\/2025\\\/02\\\/07\\\/cooperativa-ratifica-su-apuesta-al-chaco-con-la-inauguracion-de-nueva-fabrica-de-balanceados\\\/\"]}]},{\"@type\":\"ImageObject\",\"inLanguage\":\"es\",\"@id\":\"https:\\\/\\\/informatepy.com\\\/2024\\\/2025\\\/02\\\/07\\\/cooperativa-ratifica-su-apuesta-al-chaco-con-la-inauguracion-de-nueva-fabrica-de-balanceados\\\/#primaryimage\",\"url\":\"https:\\\/\\\/i0.wp.com\\\/informatepy.com\\\/2024\\\/wp-content\\\/uploads\\\/2025\\\/02\\\/fernheim-balanceados.jpg?fit=1200%2C676&ssl=1\",\"contentUrl\":\"https:\\\/\\\/i0.wp.com\\\/informatepy.com\\\/2024\\\/wp-content\\\/uploads\\\/2025\\\/02\\\/fernheim-balanceados.jpg?fit=1200%2C676&ssl=1\",\"width\":1200,\"height\":676},{\"@type\":\"BreadcrumbList\",\"@id\":\"https:\\\/\\\/informatepy.com\\\/2024\\\/2025\\\/02\\\/07\\\/cooperativa-ratifica-su-apuesta-al-chaco-con-la-inauguracion-de-nueva-fabrica-de-balanceados\\\/#breadcrumb\",\"itemListElement\":[{\"@type\":\"ListItem\",\"position\":1,\"name\":\"Portada\",\"item\":\"https:\\\/\\\/informatepy.com\\\/2024\\\/\"},{\"@type\":\"ListItem\",\"position\":2,\"name\":\"Cooperativa ratifica su apuesta al Chaco con la inauguraci\u00f3n de nueva f\u00e1brica de balanceados\"}]},{\"@type\":\"WebSite\",\"@id\":\"https:\\\/\\\/informatepy.com\\\/2024\\\/#website\",\"url\":\"https:\\\/\\\/informatepy.com\\\/2024\\\/\",\"name\":\"Informate Py Creemos en la libertad de expresi\u00f3n y en la capacidad de la gente de reflexionar\u00a0por\u00a0si\u00a0misma\",\"description\":\"InformatePy\",\"publisher\":{\"@id\":\"https:\\\/\\\/informatepy.com\\\/2024\\\/#organization\"},\"potentialAction\":[{\"@type\":\"SearchAction\",\"target\":{\"@type\":\"EntryPoint\",\"urlTemplate\":\"https:\\\/\\\/informatepy.com\\\/2024\\\/?s={search_term_string}\"},\"query-input\":{\"@type\":\"PropertyValueSpecification\",\"valueRequired\":true,\"valueName\":\"search_term_string\"}}],\"inLanguage\":\"es\"},{\"@type\":\"Organization\",\"@id\":\"https:\\\/\\\/informatepy.com\\\/2024\\\/#organization\",\"name\":\"Informate Py Creemos en la libertad de expresi\u00f3n y en la capacidad de la gente de reflexionar\u00a0por\u00a0si\u00a0misma\",\"url\":\"https:\\\/\\\/informatepy.com\\\/2024\\\/\",\"logo\":{\"@type\":\"ImageObject\",\"inLanguage\":\"es\",\"@id\":\"https:\\\/\\\/informatepy.com\\\/2024\\\/#\\\/schema\\\/logo\\\/image\\\/\",\"url\":\"https:\\\/\\\/i0.wp.com\\\/informatepy.com\\\/2024\\\/wp-content\\\/uploads\\\/2024\\\/02\\\/Logotipo-sin-fondo-informate-py500.png?fit=500%2C94&ssl=1\",\"contentUrl\":\"https:\\\/\\\/i0.wp.com\\\/informatepy.com\\\/2024\\\/wp-content\\\/uploads\\\/2024\\\/02\\\/Logotipo-sin-fondo-informate-py500.png?fit=500%2C94&ssl=1\",\"width\":500,\"height\":94,\"caption\":\"Informate Py Creemos en la libertad de expresi\u00f3n y en la capacidad de la gente de reflexionar\u00a0por\u00a0si\u00a0misma\"},\"image\":{\"@id\":\"https:\\\/\\\/informatepy.com\\\/2024\\\/#\\\/schema\\\/logo\\\/image\\\/\"}},{\"@type\":\"Person\",\"@id\":\"https:\\\/\\\/informatepy.com\\\/2024\\\/#\\\/schema\\\/person\\\/98728344b91c548ef8544c80daf58463\",\"name\":\"Redacci\u00f3n\",\"image\":{\"@type\":\"ImageObject\",\"inLanguage\":\"es\",\"@id\":\"https:\\\/\\\/informatepy.com\\\/2024\\\/wp-content\\\/uploads\\\/2024\\\/02\\\/cropped-Isologo-sin-fondo.png9c354f01c536b2d49dbb929e96603401\",\"url\":\"https:\\\/\\\/informatepy.com\\\/2024\\\/wp-content\\\/uploads\\\/2024\\\/02\\\/cropped-Isologo-sin-fondo.png\",\"contentUrl\":\"https:\\\/\\\/informatepy.com\\\/2024\\\/wp-content\\\/uploads\\\/2024\\\/02\\\/cropped-Isologo-sin-fondo.png\",\"caption\":\"Redacci\u00f3n\"},\"sameAs\":[\"https:\\\/\\\/www.facebook.com\\\/InformatePyCom\",\"https:\\\/\\\/x.com\\\/https:\\\/\\\/twitter.com\\\/InformatePy1\"],\"url\":\"https:\\\/\\\/informatepy.com\\\/2024\\\/author\\\/redaccion\\\/\"}]}<\/script>\n<!-- \/ Yoast SEO plugin. -->","yoast_head_json":{"title":"Cooperativa ratifica su apuesta al Chaco con la inauguraci\u00f3n de nueva f\u00e1brica de balanceados - Informate Py Creemos en la libertad de expresi\u00f3n y en la capacidad de la gente de reflexionar\u00a0por\u00a0si\u00a0misma","robots":{"index":"index","follow":"follow","max-snippet":"max-snippet:-1","max-image-preview":"max-image-preview:large","max-video-preview":"max-video-preview:-1"},"canonical":"https:\/\/informatepy.com\/2024\/2025\/02\/07\/cooperativa-ratifica-su-apuesta-al-chaco-con-la-inauguracion-de-nueva-fabrica-de-balanceados\/","og_locale":"es_ES","og_type":"article","og_title":"Cooperativa ratifica su apuesta al Chaco con la inauguraci\u00f3n de nueva f\u00e1brica de balanceados - Informate Py Creemos en la libertad de expresi\u00f3n y en la capacidad de la gente de reflexionar\u00a0por\u00a0si\u00a0misma","og_description":"El presidente de la Rep\u00fablica, Santiago Pe\u00f1a, particip\u00f3 de la inauguraci\u00f3n del centro de acopio y f\u00e1brica de balanceados de la Cooperativa Fernheim, en el distrito de Filadelfia, departamento de Boquer\u00f3n. La inversi\u00f3n de la nueva infraestructura supera los 16 millones de d\u00f3lares. Durante el acto realizado este jueves, el gerente general de la Cooperativa [&hellip;]","og_url":"https:\/\/informatepy.com\/2024\/2025\/02\/07\/cooperativa-ratifica-su-apuesta-al-chaco-con-la-inauguracion-de-nueva-fabrica-de-balanceados\/","og_site_name":"Informate Py Creemos en la libertad de expresi\u00f3n y en la capacidad de la gente de reflexionar\u00a0por\u00a0si\u00a0misma","article_author":"https:\/\/www.facebook.com\/InformatePyCom","article_published_time":"2025-02-07T09:26:54+00:00","article_modified_time":"2025-02-07T09:28:38+00:00","og_image":[{"width":1200,"height":676,"url":"https:\/\/informatepy.com\/2024\/wp-content\/uploads\/2025\/02\/fernheim-balanceados.jpg","type":"image\/jpeg"}],"author":"Redacci\u00f3n","twitter_card":"summary_large_image","twitter_creator":"@https:\/\/twitter.com\/InformatePy1","twitter_misc":{"Escrito por":"Redacci\u00f3n","Tiempo de lectura":"2 minutos"},"schema":{"@context":"https:\/\/schema.org","@graph":[{"@type":"Article","@id":"https:\/\/informatepy.com\/2024\/2025\/02\/07\/cooperativa-ratifica-su-apuesta-al-chaco-con-la-inauguracion-de-nueva-fabrica-de-balanceados\/#article","isPartOf":{"@id":"https:\/\/informatepy.com\/2024\/2025\/02\/07\/cooperativa-ratifica-su-apuesta-al-chaco-con-la-inauguracion-de-nueva-fabrica-de-balanceados\/"},"author":{"name":"Redacci\u00f3n","@id":"https:\/\/informatepy.com\/2024\/#\/schema\/person\/98728344b91c548ef8544c80daf58463"},"headline":"Cooperativa ratifica su apuesta al Chaco con la inauguraci\u00f3n de nueva f\u00e1brica de balanceados","datePublished":"2025-02-07T09:26:54+00:00","dateModified":"2025-02-07T09:28:38+00:00","mainEntityOfPage":{"@id":"https:\/\/informatepy.com\/2024\/2025\/02\/07\/cooperativa-ratifica-su-apuesta-al-chaco-con-la-inauguracion-de-nueva-fabrica-de-balanceados\/"},"wordCount":410,"commentCount":0,"publisher":{"@id":"https:\/\/informatepy.com\/2024\/#organization"},"image":{"@id":"https:\/\/informatepy.com\/2024\/2025\/02\/07\/cooperativa-ratifica-su-apuesta-al-chaco-con-la-inauguracion-de-nueva-fabrica-de-balanceados\/#primaryimage"},"thumbnailUrl":"https:\/\/i0.wp.com\/informatepy.com\/2024\/wp-content\/uploads\/2025\/02\/fernheim-balanceados.jpg?fit=1200%2C676&ssl=1","keywords":["cooperativas","cooperativismo","destacada"],"articleSection":["Negocios"],"inLanguage":"es","potentialAction":[{"@type":"CommentAction","name":"Comment","target":["https:\/\/informatepy.com\/2024\/2025\/02\/07\/cooperativa-ratifica-su-apuesta-al-chaco-con-la-inauguracion-de-nueva-fabrica-de-balanceados\/#respond"]}]},{"@type":"WebPage","@id":"https:\/\/informatepy.com\/2024\/2025\/02\/07\/cooperativa-ratifica-su-apuesta-al-chaco-con-la-inauguracion-de-nueva-fabrica-de-balanceados\/","url":"https:\/\/informatepy.com\/2024\/2025\/02\/07\/cooperativa-ratifica-su-apuesta-al-chaco-con-la-inauguracion-de-nueva-fabrica-de-balanceados\/","name":"Cooperativa ratifica su apuesta al Chaco con la inauguraci\u00f3n de nueva f\u00e1brica de balanceados - Informate Py Creemos en la libertad de expresi\u00f3n y en la capacidad de la gente de reflexionar\u00a0por\u00a0si\u00a0misma","isPartOf":{"@id":"https:\/\/informatepy.com\/2024\/#website"},"primaryImageOfPage":{"@id":"https:\/\/informatepy.com\/2024\/2025\/02\/07\/cooperativa-ratifica-su-apuesta-al-chaco-con-la-inauguracion-de-nueva-fabrica-de-balanceados\/#primaryimage"},"image":{"@id":"https:\/\/informatepy.com\/2024\/2025\/02\/07\/cooperativa-ratifica-su-apuesta-al-chaco-con-la-inauguracion-de-nueva-fabrica-de-balanceados\/#primaryimage"},"thumbnailUrl":"https:\/\/i0.wp.com\/informatepy.com\/2024\/wp-content\/uploads\/2025\/02\/fernheim-balanceados.jpg?fit=1200%2C676&ssl=1","datePublished":"2025-02-07T09:26:54+00:00","dateModified":"2025-02-07T09:28:38+00:00","breadcrumb":{"@id":"https:\/\/informatepy.com\/2024\/2025\/02\/07\/cooperativa-ratifica-su-apuesta-al-chaco-con-la-inauguracion-de-nueva-fabrica-de-balanceados\/#breadcrumb"},"inLanguage":"es","potentialAction":[{"@type":"ReadAction","target":["https:\/\/informatepy.com\/2024\/2025\/02\/07\/cooperativa-ratifica-su-apuesta-al-chaco-con-la-inauguracion-de-nueva-fabrica-de-balanceados\/"]}]},{"@type":"ImageObject","inLanguage":"es","@id":"https:\/\/informatepy.com\/2024\/2025\/02\/07\/cooperativa-ratifica-su-apuesta-al-chaco-con-la-inauguracion-de-nueva-fabrica-de-balanceados\/#primaryimage","url":"https:\/\/i0.wp.com\/informatepy.com\/2024\/wp-content\/uploads\/2025\/02\/fernheim-balanceados.jpg?fit=1200%2C676&ssl=1","contentUrl":"https:\/\/i0.wp.com\/informatepy.com\/2024\/wp-content\/uploads\/2025\/02\/fernheim-balanceados.jpg?fit=1200%2C676&ssl=1","width":1200,"height":676},{"@type":"BreadcrumbList","@id":"https:\/\/informatepy.com\/2024\/2025\/02\/07\/cooperativa-ratifica-su-apuesta-al-chaco-con-la-inauguracion-de-nueva-fabrica-de-balanceados\/#breadcrumb","itemListElement":[{"@type":"ListItem","position":1,"name":"Portada","item":"https:\/\/informatepy.com\/2024\/"},{"@type":"ListItem","position":2,"name":"Cooperativa ratifica su apuesta al Chaco con la inauguraci\u00f3n de nueva f\u00e1brica de balanceados"}]},{"@type":"WebSite","@id":"https:\/\/informatepy.com\/2024\/#website","url":"https:\/\/informatepy.com\/2024\/","name":"Informate Py Creemos en la libertad de expresi\u00f3n y en la capacidad de la gente de reflexionar\u00a0por\u00a0si\u00a0misma","description":"InformatePy","publisher":{"@id":"https:\/\/informatepy.com\/2024\/#organization"},"potentialAction":[{"@type":"SearchAction","target":{"@type":"EntryPoint","urlTemplate":"https:\/\/informatepy.com\/2024\/?s={search_term_string}"},"query-input":{"@type":"PropertyValueSpecification","valueRequired":true,"valueName":"search_term_string"}}],"inLanguage":"es"},{"@type":"Organization","@id":"https:\/\/informatepy.com\/2024\/#organization","name":"Informate Py Creemos en la libertad de expresi\u00f3n y en la capacidad de la gente de reflexionar\u00a0por\u00a0si\u00a0misma","url":"https:\/\/informatepy.com\/2024\/","logo":{"@type":"ImageObject","inLanguage":"es","@id":"https:\/\/informatepy.com\/2024\/#\/schema\/logo\/image\/","url":"https:\/\/i0.wp.com\/informatepy.com\/2024\/wp-content\/uploads\/2024\/02\/Logotipo-sin-fondo-informate-py500.png?fit=500%2C94&ssl=1","contentUrl":"https:\/\/i0.wp.com\/informatepy.com\/2024\/wp-content\/uploads\/2024\/02\/Logotipo-sin-fondo-informate-py500.png?fit=500%2C94&ssl=1","width":500,"height":94,"caption":"Informate Py Creemos en la libertad de expresi\u00f3n y en la capacidad de la gente de reflexionar\u00a0por\u00a0si\u00a0misma"},"image":{"@id":"https:\/\/informatepy.com\/2024\/#\/schema\/logo\/image\/"}},{"@type":"Person","@id":"https:\/\/informatepy.com\/2024\/#\/schema\/person\/98728344b91c548ef8544c80daf58463","name":"Redacci\u00f3n","image":{"@type":"ImageObject","inLanguage":"es","@id":"https:\/\/informatepy.com\/2024\/wp-content\/uploads\/2024\/02\/cropped-Isologo-sin-fondo.png9c354f01c536b2d49dbb929e96603401","url":"https:\/\/informatepy.com\/2024\/wp-content\/uploads\/2024\/02\/cropped-Isologo-sin-fondo.png","contentUrl":"https:\/\/informatepy.com\/2024\/wp-content\/uploads\/2024\/02\/cropped-Isologo-sin-fondo.png","caption":"Redacci\u00f3n"},"sameAs":["https:\/\/www.facebook.com\/InformatePyCom","https:\/\/x.com\/https:\/\/twitter.com\/InformatePy1"],"url":"https:\/\/informatepy.com\/2024\/author\/redaccion\/"}]}},"jetpack_featured_media_url":"https:\/\/i0.wp.com\/informatepy.com\/2024\/wp-content\/uploads\/2025\/02\/fernheim-balanceados.jpg?fit=1200%2C676&ssl=1","jetpack-related-posts":[],"jetpack_sharing_enabled":true,"authors":[{"term_id":830,"user_id":3,"is_guest":0,"slug":"redaccion","display_name":"Redacci\u00f3n","avatar_url":{"url":"https:\/\/informatepy.com\/2024\/wp-content\/uploads\/2024\/02\/cropped-Isologo-sin-fondo.png","url2x":"https:\/\/informatepy.com\/2024\/wp-content\/uploads\/2024\/02\/cropped-Isologo-sin-fondo.png"},"author_category":"1","first_name":"Redacci\u00f3n","last_name":"","user_url":"","job_title":"","description":""}],"_links":{"self":[{"href":"https:\/\/informatepy.com\/2024\/wp-json\/wp\/v2\/posts\/30010","targetHints":{"allow":["GET"]}}],"collection":[{"href":"https:\/\/informatepy.com\/2024\/wp-json\/wp\/v2\/posts"}],"about":[{"href":"https:\/\/informatepy.com\/2024\/wp-json\/wp\/v2\/types\/post"}],"author":[{"embeddable":true,"href":"https:\/\/informatepy.com\/2024\/wp-json\/wp\/v2\/users\/3"}],"replies":[{"embeddable":true,"href":"https:\/\/informatepy.com\/2024\/wp-json\/wp\/v2\/comments?post=30010"}],"version-history":[{"count":3,"href":"https:\/\/informatepy.com\/2024\/wp-json\/wp\/v2\/posts\/30010\/revisions"}],"predecessor-version":[{"id":30014,"href":"https:\/\/informatepy.com\/2024\/wp-json\/wp\/v2\/posts\/30010\/revisions\/30014"}],"wp:featuredmedia":[{"embeddable":true,"href":"https:\/\/informatepy.com\/2024\/wp-json\/wp\/v2\/media\/30011"}],"wp:attachment":[{"href":"https:\/\/informatepy.com\/2024\/wp-json\/wp\/v2\/media?parent=30010"}],"wp:term":[{"taxonomy":"category","embeddable":true,"href":"https:\/\/informatepy.com\/2024\/wp-json\/wp\/v2\/categories?post=30010"},{"taxonomy":"post_tag","embeddable":true,"href":"https:\/\/informatepy.com\/2024\/wp-json\/wp\/v2\/tags?post=30010"},{"taxonomy":"jnews-series","embeddable":true,"href":"https:\/\/informatepy.com\/2024\/wp-json\/wp\/v2\/jnews-series?post=30010"},{"taxonomy":"author","embeddable":true,"href":"https:\/\/informatepy.com\/2024\/wp-json\/wp\/v2\/ppma_author?post=30010"}],"curies":[{"name":"wp","href":"https:\/\/api.w.org\/{rel}","templated":true}]}}