{"id":29636,"date":"2025-01-19T00:00:00","date_gmt":"2025-01-19T03:00:00","guid":{"rendered":"https:\/\/informatepy.com\/2024\/?p=29636"},"modified":"2025-01-18T17:22:22","modified_gmt":"2025-01-18T20:22:22","slug":"el-arquitecto-de-la-contrarrevolucion-cultural-europea","status":"publish","type":"post","link":"https:\/\/informatepy.com\/2024\/2025\/01\/19\/el-arquitecto-de-la-contrarrevolucion-cultural-europea\/","title":{"rendered":"El arquitecto de la contrarrevoluci\u00f3n cultural europea"},"content":{"rendered":"\n<p>En el complejo tablero pol\u00edtico de Europa, el primer ministro h\u00fangaro, <strong>Viktor Orb\u00e1n<\/strong>, emergi\u00f3 como una de las figuras m\u00e1s influyentes en la resistencia contra la ideolog\u00eda <em>\u00abwoke\u00bb.<\/em> Desde su posici\u00f3n como l\u00edder del gobierno h\u00fangaro y a trav\u00e9s de su partido pol\u00edtico, <strong>Fidesz<\/strong>, Orb\u00e1n construy\u00f3 una identidad nacional conservadora que trasciende las fronteras de su pa\u00eds, y se erigi\u00f3 como el principal impulsor de una contrarrevoluci\u00f3n cultural en defensa de los valores tradicionales frente al avance del globalismo progresista.<\/p>\n\n\n\n<p>Lejos de limitarse al \u00e1mbito pol\u00edtico nacional, Orb\u00e1n, entendi\u00f3 que sus ideas tienen un valor y un alcance que exceden las fronteras h\u00fangaras. En los \u00faltimos a\u00f1os, estableci\u00f3 alianzas estrat\u00e9gicas con l\u00edderes y partidos que comparten su visi\u00f3n, como <strong>Vox<\/strong> en Espa\u00f1a, el presidente argentino <strong>Javier Milei<\/strong> y el presidente de los Estados Unidos, <strong>Donald Trump<\/strong>. Estas conexiones refuerzan su intenci\u00f3n de consolidar no solo un modelo dentro de Hungr\u00eda, sino tambi\u00e9n una construcci\u00f3n pol\u00edtica y cultural m\u00e1s amplia que desaf\u00ede las narrativas hegem\u00f3nicas impuestas por las \u00e9lites globalistas en Occidente.<\/p>\n\n\n\n<p>Bajo su liderazgo, Hungr\u00eda se transform\u00f3 en un basti\u00f3n del conservadurismo en Europa. Las pol\u00edticas impulsadas por Fidesz priorizaron el fortalecimiento de la familia como n\u00facleo de la sociedad, la protecci\u00f3n de la soberan\u00eda nacional y el rechazo a las presiones externas de instituciones supranacionales como la <strong>Uni\u00f3n Europea<\/strong> o de influyentes Organizaciones No Gubernamentales. Aunque estas posturas generaron tensiones con Bruselas, tambi\u00e9n consolidaron a Orb\u00e1n como un contendiente decidido y eficaz en la batalla <em>\u00abanti-woke\u00bb.<\/em><\/p>\n\n\n\n<p>El t\u00e9rmino \u00abwoke\u00bb, originalmente utilizado para describir una sensibilidad hacia supuestas injusticias sociales, se convirti\u00f3 en un paraguas que abarca ideolog\u00edas progresistas y globalistas. Seg\u00fan Orb\u00e1n, estas corrientes atentan contra las tradiciones, la familia y la identidad nacional de los pueblos. En respuesta, su gobierno implement\u00f3 medidas que refuerzan los valores tradicionales tales como reformas educativas orientadas a preservar las ra\u00edces culturales o legislaciones que limitan la influencia de movimientos progresistas en la vida p\u00fablica.<\/p>\n\n\n\n<h3 class=\"wp-block-heading\"><strong>Una visi\u00f3n que trasciende fronteras<\/strong><\/h3>\n\n\n\n<p>La ambici\u00f3n de Viktor Orb\u00e1n no se circunscribe a Hungr\u00eda. Con una clara visi\u00f3n paneuropea y global, se proyecta como un l\u00edder dispuesto a ser el catalizador de una contrarrevoluci\u00f3n cultural que inspire a otros pa\u00edses. Sus discursos y alianzas evidencian su intenci\u00f3n de articular un bloque conservador capaz de contrarrestar la influencia de la izquierda globalista en los debates pol\u00edticos, sociales y culturales alrededor del mundo.<\/p>\n\n\n\n<p>Este enfoque lo sit\u00faa como una figura central en la redefinici\u00f3n de las estrategias del conservadurismo contempor\u00e1neo. Con una narrativa coherente y una acci\u00f3n decidida, Orb\u00e1n busca no solo resistir las embestidas del globalismo, sino construir una alternativa pol\u00edtica y cultural que marque el rumbo del futuro en Europa dando una decidida batalla a las fuerzas que intentan diluir las ra\u00edces culturales y la soberan\u00eda de las naciones.<\/p>\n\n\n\n<p><\/p>\n","protected":false},"excerpt":{"rendered":"<p>En el complejo tablero pol\u00edtico de Europa, el primer ministro h\u00fangaro, Viktor Orb\u00e1n, emergi\u00f3 como una de las figuras m\u00e1s influyentes en la resistencia contra la ideolog\u00eda \u00abwoke\u00bb. Desde su posici\u00f3n como l\u00edder del gobierno h\u00fangaro y a trav\u00e9s de su partido pol\u00edtico, Fidesz, Orb\u00e1n construy\u00f3 una identidad nacional conservadora que trasciende las fronteras de [&hellip;]<\/p>\n","protected":false},"author":3,"featured_media":29637,"comment_status":"open","ping_status":"open","sticky":false,"template":"","format":"standard","meta":{"_jetpack_memberships_contains_paid_content":false,"jnews-multi-image_gallery":[],"jnews_single_post":{"subtitle":"","format":"standard","video":"","gallery":"","source_name":"","source_url":"","via_name":"","via_url":"","override_template":"0","override":[{"template":"2","single_blog_custom":"","parallax":"1","fullscreen":"1","layout":"right-sidebar","sidebar":"default-sidebar","second_sidebar":"default-sidebar","sticky_sidebar":"1","share_position":"top","share_float_style":"share-monocrhome","show_share_counter":"0","show_view_counter":"0","show_featured":"1","show_post_meta":"1","show_post_author":"1","show_post_author_image":"0","show_post_date":"1","post_date_format":"default","post_date_format_custom":"Y\/m\/d","show_post_category":"1","show_post_reading_time":"0","post_reading_time_wpm":"300","show_zoom_button":"0","zoom_button_out_step":"2","zoom_button_in_step":"3","show_post_tag":"1","show_prev_next_post":"0","show_popup_post":"1","number_popup_post":"1","show_author_box":"1","show_post_related":"0","show_inline_post_related":"0"}],"override_image_size":"0","image_override":[{"single_post_thumbnail_size":"crop-500","single_post_gallery_size":"crop-500"}],"trending_post":"0","trending_post_position":"meta","trending_post_label":"Trending","sponsored_post":"0","sponsored_post_label":"Sponsored by","sponsored_post_name":"","sponsored_post_url":"","sponsored_post_logo_enable":"0","sponsored_post_logo":"","sponsored_post_desc":"","disable_ad":"0"},"jnews_primary_category":{"id":"","hide":""},"jnews_override_bookmark_settings":[],"jnews_food_recipe":[],"enable_food_recipe":"","food_recipe_title":"","food_recipe_description":"","food_recipe_serve":"","food_recipe_time":"","food_recipe_prep":"","food_recipe_level":"","food_recipe_keywords":"","food_recipe_category":"","food_recipe_cuisine":"","food_recipe_yield":"","food_recipe_calories":"","enable_print_recipe":"","ingredient":[],"instruction":"","jnews_social_meta":{"fb_title":"","fb_description":"","fb_image":"","twitter_title":"","twitter_description":"","twitter_image":""},"jnews_paywall_metabox":[],"jnews_review":[],"enable_review":"","type":"","name":"","summary":"","brand":"","sku":"","good":[],"bad":[],"score_override":"","override_value":"","rating":[],"price":[],"jnews_override_counter":{"override_view_counter":"0","view_counter_number":"0","override_share_counter":"0","share_counter_number":"0","override_like_counter":"0","like_counter_number":"0","override_dislike_counter":"0","dislike_counter_number":"0"},"jnews_post_split":{"enable_post_split":"0","post_split":[{"template":"1","tag":"h2","numbering":"asc","mode":"normal","first":"0","enable_toc":"0","toc_type":"normal"}]},"jnews_podcast_option":[],"jnews_podcast_series":[],"footnotes":""},"categories":[39],"tags":[1302,831,1002,2040,1118,1084,1738],"jnews-series":[],"ppma_author":[830],"class_list":["post-29636","post","type-post","status-publish","format-standard","has-post-thumbnail","hentry","category-analisis","tag-conservadurismo","tag-destacada","tag-hungria","tag-orban","tag-union-europea","tag-viktor-orban","tag-woke"],"yoast_head":"<!-- This site is optimized with the Yoast SEO plugin v27.5 - https:\/\/yoast.com\/product\/yoast-seo-wordpress\/ -->\n<title>El arquitecto de la contrarrevoluci\u00f3n cultural europea - Informate Py Creemos en la libertad de expresi\u00f3n y en la capacidad de la gente de reflexionar\u00a0por\u00a0si\u00a0misma<\/title>\n<meta name=\"robots\" content=\"index, follow, max-snippet:-1, max-image-preview:large, max-video-preview:-1\" \/>\n<link rel=\"canonical\" href=\"https:\/\/informatepy.com\/2024\/2025\/01\/19\/el-arquitecto-de-la-contrarrevolucion-cultural-europea\/\" \/>\n<meta property=\"og:locale\" content=\"es_ES\" \/>\n<meta property=\"og:type\" content=\"article\" \/>\n<meta property=\"og:title\" content=\"El arquitecto de la contrarrevoluci\u00f3n cultural europea - Informate Py Creemos en la libertad de expresi\u00f3n y en la capacidad de la gente de reflexionar\u00a0por\u00a0si\u00a0misma\" \/>\n<meta property=\"og:description\" content=\"En el complejo tablero pol\u00edtico de Europa, el primer ministro h\u00fangaro, Viktor Orb\u00e1n, emergi\u00f3 como una de las figuras m\u00e1s influyentes en la resistencia contra la ideolog\u00eda \u00abwoke\u00bb. Desde su posici\u00f3n como l\u00edder del gobierno h\u00fangaro y a trav\u00e9s de su partido pol\u00edtico, Fidesz, Orb\u00e1n construy\u00f3 una identidad nacional conservadora que trasciende las fronteras de [&hellip;]\" \/>\n<meta property=\"og:url\" content=\"https:\/\/informatepy.com\/2024\/2025\/01\/19\/el-arquitecto-de-la-contrarrevolucion-cultural-europea\/\" \/>\n<meta property=\"og:site_name\" content=\"Informate Py Creemos en la libertad de expresi\u00f3n y en la capacidad de la gente de reflexionar\u00a0por\u00a0si\u00a0misma\" \/>\n<meta property=\"article:author\" content=\"https:\/\/www.facebook.com\/InformatePyCom\" \/>\n<meta property=\"article:published_time\" content=\"2025-01-19T03:00:00+00:00\" \/>\n<meta property=\"og:image\" content=\"https:\/\/i0.wp.com\/informatepy.com\/2024\/wp-content\/uploads\/2025\/01\/orban.jpg?fit=1200%2C676&ssl=1\" \/>\n\t<meta property=\"og:image:width\" content=\"1200\" \/>\n\t<meta property=\"og:image:height\" content=\"676\" \/>\n\t<meta property=\"og:image:type\" content=\"image\/jpeg\" \/>\n<meta name=\"author\" content=\"Redacci\u00f3n\" \/>\n<meta name=\"twitter:card\" content=\"summary_large_image\" \/>\n<meta name=\"twitter:creator\" content=\"@https:\/\/twitter.com\/InformatePy1\" \/>\n<meta name=\"twitter:label1\" content=\"Escrito por\" \/>\n\t<meta name=\"twitter:data1\" content=\"Redacci\u00f3n\" \/>\n\t<meta name=\"twitter:label2\" content=\"Tiempo de lectura\" \/>\n\t<meta name=\"twitter:data2\" content=\"3 minutos\" \/>\n<script type=\"application\/ld+json\" class=\"yoast-schema-graph\">{\"@context\":\"https:\\\/\\\/schema.org\",\"@graph\":[{\"@type\":\"Article\",\"@id\":\"https:\\\/\\\/informatepy.com\\\/2024\\\/2025\\\/01\\\/19\\\/el-arquitecto-de-la-contrarrevolucion-cultural-europea\\\/#article\",\"isPartOf\":{\"@id\":\"https:\\\/\\\/informatepy.com\\\/2024\\\/2025\\\/01\\\/19\\\/el-arquitecto-de-la-contrarrevolucion-cultural-europea\\\/\"},\"author\":{\"name\":\"Redacci\u00f3n\",\"@id\":\"https:\\\/\\\/informatepy.com\\\/2024\\\/#\\\/schema\\\/person\\\/98728344b91c548ef8544c80daf58463\"},\"headline\":\"El arquitecto de la contrarrevoluci\u00f3n cultural europea\",\"datePublished\":\"2025-01-19T03:00:00+00:00\",\"mainEntityOfPage\":{\"@id\":\"https:\\\/\\\/informatepy.com\\\/2024\\\/2025\\\/01\\\/19\\\/el-arquitecto-de-la-contrarrevolucion-cultural-europea\\\/\"},\"wordCount\":532,\"commentCount\":0,\"publisher\":{\"@id\":\"https:\\\/\\\/informatepy.com\\\/2024\\\/#organization\"},\"image\":{\"@id\":\"https:\\\/\\\/informatepy.com\\\/2024\\\/2025\\\/01\\\/19\\\/el-arquitecto-de-la-contrarrevolucion-cultural-europea\\\/#primaryimage\"},\"thumbnailUrl\":\"https:\\\/\\\/i0.wp.com\\\/informatepy.com\\\/2024\\\/wp-content\\\/uploads\\\/2025\\\/01\\\/orban.jpg?fit=1200%2C676&ssl=1\",\"keywords\":[\"conservadurismo\",\"destacada\",\"hungria\",\"orban\",\"union europea\",\"viktor orban\",\"woke\"],\"articleSection\":[\"Analisis\"],\"inLanguage\":\"es\",\"potentialAction\":[{\"@type\":\"CommentAction\",\"name\":\"Comment\",\"target\":[\"https:\\\/\\\/informatepy.com\\\/2024\\\/2025\\\/01\\\/19\\\/el-arquitecto-de-la-contrarrevolucion-cultural-europea\\\/#respond\"]}]},{\"@type\":\"WebPage\",\"@id\":\"https:\\\/\\\/informatepy.com\\\/2024\\\/2025\\\/01\\\/19\\\/el-arquitecto-de-la-contrarrevolucion-cultural-europea\\\/\",\"url\":\"https:\\\/\\\/informatepy.com\\\/2024\\\/2025\\\/01\\\/19\\\/el-arquitecto-de-la-contrarrevolucion-cultural-europea\\\/\",\"name\":\"El arquitecto de la contrarrevoluci\u00f3n cultural europea - Informate Py Creemos en la libertad de expresi\u00f3n y en la capacidad de la gente de reflexionar\u00a0por\u00a0si\u00a0misma\",\"isPartOf\":{\"@id\":\"https:\\\/\\\/informatepy.com\\\/2024\\\/#website\"},\"primaryImageOfPage\":{\"@id\":\"https:\\\/\\\/informatepy.com\\\/2024\\\/2025\\\/01\\\/19\\\/el-arquitecto-de-la-contrarrevolucion-cultural-europea\\\/#primaryimage\"},\"image\":{\"@id\":\"https:\\\/\\\/informatepy.com\\\/2024\\\/2025\\\/01\\\/19\\\/el-arquitecto-de-la-contrarrevolucion-cultural-europea\\\/#primaryimage\"},\"thumbnailUrl\":\"https:\\\/\\\/i0.wp.com\\\/informatepy.com\\\/2024\\\/wp-content\\\/uploads\\\/2025\\\/01\\\/orban.jpg?fit=1200%2C676&ssl=1\",\"datePublished\":\"2025-01-19T03:00:00+00:00\",\"breadcrumb\":{\"@id\":\"https:\\\/\\\/informatepy.com\\\/2024\\\/2025\\\/01\\\/19\\\/el-arquitecto-de-la-contrarrevolucion-cultural-europea\\\/#breadcrumb\"},\"inLanguage\":\"es\",\"potentialAction\":[{\"@type\":\"ReadAction\",\"target\":[\"https:\\\/\\\/informatepy.com\\\/2024\\\/2025\\\/01\\\/19\\\/el-arquitecto-de-la-contrarrevolucion-cultural-europea\\\/\"]}]},{\"@type\":\"ImageObject\",\"inLanguage\":\"es\",\"@id\":\"https:\\\/\\\/informatepy.com\\\/2024\\\/2025\\\/01\\\/19\\\/el-arquitecto-de-la-contrarrevolucion-cultural-europea\\\/#primaryimage\",\"url\":\"https:\\\/\\\/i0.wp.com\\\/informatepy.com\\\/2024\\\/wp-content\\\/uploads\\\/2025\\\/01\\\/orban.jpg?fit=1200%2C676&ssl=1\",\"contentUrl\":\"https:\\\/\\\/i0.wp.com\\\/informatepy.com\\\/2024\\\/wp-content\\\/uploads\\\/2025\\\/01\\\/orban.jpg?fit=1200%2C676&ssl=1\",\"width\":1200,\"height\":676},{\"@type\":\"BreadcrumbList\",\"@id\":\"https:\\\/\\\/informatepy.com\\\/2024\\\/2025\\\/01\\\/19\\\/el-arquitecto-de-la-contrarrevolucion-cultural-europea\\\/#breadcrumb\",\"itemListElement\":[{\"@type\":\"ListItem\",\"position\":1,\"name\":\"Portada\",\"item\":\"https:\\\/\\\/informatepy.com\\\/2024\\\/\"},{\"@type\":\"ListItem\",\"position\":2,\"name\":\"El arquitecto de la contrarrevoluci\u00f3n cultural europea\"}]},{\"@type\":\"WebSite\",\"@id\":\"https:\\\/\\\/informatepy.com\\\/2024\\\/#website\",\"url\":\"https:\\\/\\\/informatepy.com\\\/2024\\\/\",\"name\":\"Informate Py Creemos en la libertad de expresi\u00f3n y en la capacidad de la gente de reflexionar\u00a0por\u00a0si\u00a0misma\",\"description\":\"InformatePy\",\"publisher\":{\"@id\":\"https:\\\/\\\/informatepy.com\\\/2024\\\/#organization\"},\"potentialAction\":[{\"@type\":\"SearchAction\",\"target\":{\"@type\":\"EntryPoint\",\"urlTemplate\":\"https:\\\/\\\/informatepy.com\\\/2024\\\/?s={search_term_string}\"},\"query-input\":{\"@type\":\"PropertyValueSpecification\",\"valueRequired\":true,\"valueName\":\"search_term_string\"}}],\"inLanguage\":\"es\"},{\"@type\":\"Organization\",\"@id\":\"https:\\\/\\\/informatepy.com\\\/2024\\\/#organization\",\"name\":\"Informate Py Creemos en la libertad de expresi\u00f3n y en la capacidad de la gente de reflexionar\u00a0por\u00a0si\u00a0misma\",\"url\":\"https:\\\/\\\/informatepy.com\\\/2024\\\/\",\"logo\":{\"@type\":\"ImageObject\",\"inLanguage\":\"es\",\"@id\":\"https:\\\/\\\/informatepy.com\\\/2024\\\/#\\\/schema\\\/logo\\\/image\\\/\",\"url\":\"https:\\\/\\\/i0.wp.com\\\/informatepy.com\\\/2024\\\/wp-content\\\/uploads\\\/2024\\\/02\\\/Logotipo-sin-fondo-informate-py500.png?fit=500%2C94&ssl=1\",\"contentUrl\":\"https:\\\/\\\/i0.wp.com\\\/informatepy.com\\\/2024\\\/wp-content\\\/uploads\\\/2024\\\/02\\\/Logotipo-sin-fondo-informate-py500.png?fit=500%2C94&ssl=1\",\"width\":500,\"height\":94,\"caption\":\"Informate Py Creemos en la libertad de expresi\u00f3n y en la capacidad de la gente de reflexionar\u00a0por\u00a0si\u00a0misma\"},\"image\":{\"@id\":\"https:\\\/\\\/informatepy.com\\\/2024\\\/#\\\/schema\\\/logo\\\/image\\\/\"}},{\"@type\":\"Person\",\"@id\":\"https:\\\/\\\/informatepy.com\\\/2024\\\/#\\\/schema\\\/person\\\/98728344b91c548ef8544c80daf58463\",\"name\":\"Redacci\u00f3n\",\"image\":{\"@type\":\"ImageObject\",\"inLanguage\":\"es\",\"@id\":\"https:\\\/\\\/informatepy.com\\\/2024\\\/wp-content\\\/uploads\\\/2024\\\/02\\\/cropped-Isologo-sin-fondo.png9c354f01c536b2d49dbb929e96603401\",\"url\":\"https:\\\/\\\/informatepy.com\\\/2024\\\/wp-content\\\/uploads\\\/2024\\\/02\\\/cropped-Isologo-sin-fondo.png\",\"contentUrl\":\"https:\\\/\\\/informatepy.com\\\/2024\\\/wp-content\\\/uploads\\\/2024\\\/02\\\/cropped-Isologo-sin-fondo.png\",\"caption\":\"Redacci\u00f3n\"},\"sameAs\":[\"https:\\\/\\\/www.facebook.com\\\/InformatePyCom\",\"https:\\\/\\\/x.com\\\/https:\\\/\\\/twitter.com\\\/InformatePy1\"],\"url\":\"https:\\\/\\\/informatepy.com\\\/2024\\\/author\\\/redaccion\\\/\"}]}<\/script>\n<!-- \/ Yoast SEO plugin. -->","yoast_head_json":{"title":"El arquitecto de la contrarrevoluci\u00f3n cultural europea - Informate Py Creemos en la libertad de expresi\u00f3n y en la capacidad de la gente de reflexionar\u00a0por\u00a0si\u00a0misma","robots":{"index":"index","follow":"follow","max-snippet":"max-snippet:-1","max-image-preview":"max-image-preview:large","max-video-preview":"max-video-preview:-1"},"canonical":"https:\/\/informatepy.com\/2024\/2025\/01\/19\/el-arquitecto-de-la-contrarrevolucion-cultural-europea\/","og_locale":"es_ES","og_type":"article","og_title":"El arquitecto de la contrarrevoluci\u00f3n cultural europea - Informate Py Creemos en la libertad de expresi\u00f3n y en la capacidad de la gente de reflexionar\u00a0por\u00a0si\u00a0misma","og_description":"En el complejo tablero pol\u00edtico de Europa, el primer ministro h\u00fangaro, Viktor Orb\u00e1n, emergi\u00f3 como una de las figuras m\u00e1s influyentes en la resistencia contra la ideolog\u00eda \u00abwoke\u00bb. Desde su posici\u00f3n como l\u00edder del gobierno h\u00fangaro y a trav\u00e9s de su partido pol\u00edtico, Fidesz, Orb\u00e1n construy\u00f3 una identidad nacional conservadora que trasciende las fronteras de [&hellip;]","og_url":"https:\/\/informatepy.com\/2024\/2025\/01\/19\/el-arquitecto-de-la-contrarrevolucion-cultural-europea\/","og_site_name":"Informate Py Creemos en la libertad de expresi\u00f3n y en la capacidad de la gente de reflexionar\u00a0por\u00a0si\u00a0misma","article_author":"https:\/\/www.facebook.com\/InformatePyCom","article_published_time":"2025-01-19T03:00:00+00:00","og_image":[{"width":1200,"height":676,"url":"https:\/\/i0.wp.com\/informatepy.com\/2024\/wp-content\/uploads\/2025\/01\/orban.jpg?fit=1200%2C676&ssl=1","type":"image\/jpeg"}],"author":"Redacci\u00f3n","twitter_card":"summary_large_image","twitter_creator":"@https:\/\/twitter.com\/InformatePy1","twitter_misc":{"Escrito por":"Redacci\u00f3n","Tiempo de lectura":"3 minutos"},"schema":{"@context":"https:\/\/schema.org","@graph":[{"@type":"Article","@id":"https:\/\/informatepy.com\/2024\/2025\/01\/19\/el-arquitecto-de-la-contrarrevolucion-cultural-europea\/#article","isPartOf":{"@id":"https:\/\/informatepy.com\/2024\/2025\/01\/19\/el-arquitecto-de-la-contrarrevolucion-cultural-europea\/"},"author":{"name":"Redacci\u00f3n","@id":"https:\/\/informatepy.com\/2024\/#\/schema\/person\/98728344b91c548ef8544c80daf58463"},"headline":"El arquitecto de la contrarrevoluci\u00f3n cultural europea","datePublished":"2025-01-19T03:00:00+00:00","mainEntityOfPage":{"@id":"https:\/\/informatepy.com\/2024\/2025\/01\/19\/el-arquitecto-de-la-contrarrevolucion-cultural-europea\/"},"wordCount":532,"commentCount":0,"publisher":{"@id":"https:\/\/informatepy.com\/2024\/#organization"},"image":{"@id":"https:\/\/informatepy.com\/2024\/2025\/01\/19\/el-arquitecto-de-la-contrarrevolucion-cultural-europea\/#primaryimage"},"thumbnailUrl":"https:\/\/i0.wp.com\/informatepy.com\/2024\/wp-content\/uploads\/2025\/01\/orban.jpg?fit=1200%2C676&ssl=1","keywords":["conservadurismo","destacada","hungria","orban","union europea","viktor orban","woke"],"articleSection":["Analisis"],"inLanguage":"es","potentialAction":[{"@type":"CommentAction","name":"Comment","target":["https:\/\/informatepy.com\/2024\/2025\/01\/19\/el-arquitecto-de-la-contrarrevolucion-cultural-europea\/#respond"]}]},{"@type":"WebPage","@id":"https:\/\/informatepy.com\/2024\/2025\/01\/19\/el-arquitecto-de-la-contrarrevolucion-cultural-europea\/","url":"https:\/\/informatepy.com\/2024\/2025\/01\/19\/el-arquitecto-de-la-contrarrevolucion-cultural-europea\/","name":"El arquitecto de la contrarrevoluci\u00f3n cultural europea - Informate Py Creemos en la libertad de expresi\u00f3n y en la capacidad de la gente de reflexionar\u00a0por\u00a0si\u00a0misma","isPartOf":{"@id":"https:\/\/informatepy.com\/2024\/#website"},"primaryImageOfPage":{"@id":"https:\/\/informatepy.com\/2024\/2025\/01\/19\/el-arquitecto-de-la-contrarrevolucion-cultural-europea\/#primaryimage"},"image":{"@id":"https:\/\/informatepy.com\/2024\/2025\/01\/19\/el-arquitecto-de-la-contrarrevolucion-cultural-europea\/#primaryimage"},"thumbnailUrl":"https:\/\/i0.wp.com\/informatepy.com\/2024\/wp-content\/uploads\/2025\/01\/orban.jpg?fit=1200%2C676&ssl=1","datePublished":"2025-01-19T03:00:00+00:00","breadcrumb":{"@id":"https:\/\/informatepy.com\/2024\/2025\/01\/19\/el-arquitecto-de-la-contrarrevolucion-cultural-europea\/#breadcrumb"},"inLanguage":"es","potentialAction":[{"@type":"ReadAction","target":["https:\/\/informatepy.com\/2024\/2025\/01\/19\/el-arquitecto-de-la-contrarrevolucion-cultural-europea\/"]}]},{"@type":"ImageObject","inLanguage":"es","@id":"https:\/\/informatepy.com\/2024\/2025\/01\/19\/el-arquitecto-de-la-contrarrevolucion-cultural-europea\/#primaryimage","url":"https:\/\/i0.wp.com\/informatepy.com\/2024\/wp-content\/uploads\/2025\/01\/orban.jpg?fit=1200%2C676&ssl=1","contentUrl":"https:\/\/i0.wp.com\/informatepy.com\/2024\/wp-content\/uploads\/2025\/01\/orban.jpg?fit=1200%2C676&ssl=1","width":1200,"height":676},{"@type":"BreadcrumbList","@id":"https:\/\/informatepy.com\/2024\/2025\/01\/19\/el-arquitecto-de-la-contrarrevolucion-cultural-europea\/#breadcrumb","itemListElement":[{"@type":"ListItem","position":1,"name":"Portada","item":"https:\/\/informatepy.com\/2024\/"},{"@type":"ListItem","position":2,"name":"El arquitecto de la contrarrevoluci\u00f3n cultural europea"}]},{"@type":"WebSite","@id":"https:\/\/informatepy.com\/2024\/#website","url":"https:\/\/informatepy.com\/2024\/","name":"Informate Py Creemos en la libertad de expresi\u00f3n y en la capacidad de la gente de reflexionar\u00a0por\u00a0si\u00a0misma","description":"InformatePy","publisher":{"@id":"https:\/\/informatepy.com\/2024\/#organization"},"potentialAction":[{"@type":"SearchAction","target":{"@type":"EntryPoint","urlTemplate":"https:\/\/informatepy.com\/2024\/?s={search_term_string}"},"query-input":{"@type":"PropertyValueSpecification","valueRequired":true,"valueName":"search_term_string"}}],"inLanguage":"es"},{"@type":"Organization","@id":"https:\/\/informatepy.com\/2024\/#organization","name":"Informate Py Creemos en la libertad de expresi\u00f3n y en la capacidad de la gente de reflexionar\u00a0por\u00a0si\u00a0misma","url":"https:\/\/informatepy.com\/2024\/","logo":{"@type":"ImageObject","inLanguage":"es","@id":"https:\/\/informatepy.com\/2024\/#\/schema\/logo\/image\/","url":"https:\/\/i0.wp.com\/informatepy.com\/2024\/wp-content\/uploads\/2024\/02\/Logotipo-sin-fondo-informate-py500.png?fit=500%2C94&ssl=1","contentUrl":"https:\/\/i0.wp.com\/informatepy.com\/2024\/wp-content\/uploads\/2024\/02\/Logotipo-sin-fondo-informate-py500.png?fit=500%2C94&ssl=1","width":500,"height":94,"caption":"Informate Py Creemos en la libertad de expresi\u00f3n y en la capacidad de la gente de reflexionar\u00a0por\u00a0si\u00a0misma"},"image":{"@id":"https:\/\/informatepy.com\/2024\/#\/schema\/logo\/image\/"}},{"@type":"Person","@id":"https:\/\/informatepy.com\/2024\/#\/schema\/person\/98728344b91c548ef8544c80daf58463","name":"Redacci\u00f3n","image":{"@type":"ImageObject","inLanguage":"es","@id":"https:\/\/informatepy.com\/2024\/wp-content\/uploads\/2024\/02\/cropped-Isologo-sin-fondo.png9c354f01c536b2d49dbb929e96603401","url":"https:\/\/informatepy.com\/2024\/wp-content\/uploads\/2024\/02\/cropped-Isologo-sin-fondo.png","contentUrl":"https:\/\/informatepy.com\/2024\/wp-content\/uploads\/2024\/02\/cropped-Isologo-sin-fondo.png","caption":"Redacci\u00f3n"},"sameAs":["https:\/\/www.facebook.com\/InformatePyCom","https:\/\/x.com\/https:\/\/twitter.com\/InformatePy1"],"url":"https:\/\/informatepy.com\/2024\/author\/redaccion\/"}]}},"jetpack_featured_media_url":"https:\/\/i0.wp.com\/informatepy.com\/2024\/wp-content\/uploads\/2025\/01\/orban.jpg?fit=1200%2C676&ssl=1","jetpack-related-posts":[],"jetpack_sharing_enabled":true,"authors":[{"term_id":830,"user_id":3,"is_guest":0,"slug":"redaccion","display_name":"Redacci\u00f3n","avatar_url":{"url":"https:\/\/informatepy.com\/2024\/wp-content\/uploads\/2024\/02\/cropped-Isologo-sin-fondo.png","url2x":"https:\/\/informatepy.com\/2024\/wp-content\/uploads\/2024\/02\/cropped-Isologo-sin-fondo.png"},"author_category":"1","first_name":"Redacci\u00f3n","last_name":"","user_url":"","job_title":"","description":""}],"_links":{"self":[{"href":"https:\/\/informatepy.com\/2024\/wp-json\/wp\/v2\/posts\/29636","targetHints":{"allow":["GET"]}}],"collection":[{"href":"https:\/\/informatepy.com\/2024\/wp-json\/wp\/v2\/posts"}],"about":[{"href":"https:\/\/informatepy.com\/2024\/wp-json\/wp\/v2\/types\/post"}],"author":[{"embeddable":true,"href":"https:\/\/informatepy.com\/2024\/wp-json\/wp\/v2\/users\/3"}],"replies":[{"embeddable":true,"href":"https:\/\/informatepy.com\/2024\/wp-json\/wp\/v2\/comments?post=29636"}],"version-history":[{"count":1,"href":"https:\/\/informatepy.com\/2024\/wp-json\/wp\/v2\/posts\/29636\/revisions"}],"predecessor-version":[{"id":29638,"href":"https:\/\/informatepy.com\/2024\/wp-json\/wp\/v2\/posts\/29636\/revisions\/29638"}],"wp:featuredmedia":[{"embeddable":true,"href":"https:\/\/informatepy.com\/2024\/wp-json\/wp\/v2\/media\/29637"}],"wp:attachment":[{"href":"https:\/\/informatepy.com\/2024\/wp-json\/wp\/v2\/media?parent=29636"}],"wp:term":[{"taxonomy":"category","embeddable":true,"href":"https:\/\/informatepy.com\/2024\/wp-json\/wp\/v2\/categories?post=29636"},{"taxonomy":"post_tag","embeddable":true,"href":"https:\/\/informatepy.com\/2024\/wp-json\/wp\/v2\/tags?post=29636"},{"taxonomy":"jnews-series","embeddable":true,"href":"https:\/\/informatepy.com\/2024\/wp-json\/wp\/v2\/jnews-series?post=29636"},{"taxonomy":"author","embeddable":true,"href":"https:\/\/informatepy.com\/2024\/wp-json\/wp\/v2\/ppma_author?post=29636"}],"curies":[{"name":"wp","href":"https:\/\/api.w.org\/{rel}","templated":true}]}}