{"id":29398,"date":"2025-01-06T00:00:00","date_gmt":"2025-01-06T03:00:00","guid":{"rendered":"https:\/\/informatepy.com\/2024\/?p=29398"},"modified":"2025-01-05T16:09:43","modified_gmt":"2025-01-05T19:09:43","slug":"agricultores-franceses-reanudan-protestas-y-amenazan-con-bloquear-paris","status":"publish","type":"post","link":"https:\/\/informatepy.com\/2024\/2025\/01\/06\/agricultores-franceses-reanudan-protestas-y-amenazan-con-bloquear-paris\/","title":{"rendered":"Agricultores franceses reanudan protestas y amenazan con bloquear Par\u00eds"},"content":{"rendered":"\n<p>Este domingo, los agricultores franceses retomaron sus manifestaciones con fuerza y varias columnas de tractores iniciaron una marcha en direcci\u00f3n a Par\u00eds con el objetivo de bloquear la capital, si el Gobierno no responde a sus demandas.<\/p>\n\n\n\n<p>Convocados por el sindicato <strong>Coordinaci\u00f3n Rural (CR)<\/strong>, la segunda asociaci\u00f3n profesional m\u00e1s importante de Francia y conocida por su postura m\u00e1s radical en comparaci\u00f3n con la mayoritaria <strong>FNSA<\/strong>, los manifestantes buscan visibilizar su descontento frente a lo que consideran una falta de acci\u00f3n estructural en favor del sector.<\/p>\n\n\n\n<h3 class=\"wp-block-heading\">Los motivos de las protestas<\/h3>\n\n\n\n<p>Uno de los principales reclamos de los agricultores se centra en el acuerdo comercial entre la <strong>Uni\u00f3n Europea (UE)<\/strong> y el <strong>Mercado Com\u00fan del Sur (Mercosur)<\/strong>. Argumentan que este convenio facilita la entrada de productos agr\u00edcolas sudamericanos que no cumplen con los estrictos est\u00e1ndares europeos en cuanto a regulaciones ambientales y laborales, generando una competencia desleal. Los productores locales consideran que este acuerdo pone en riesgo la soberan\u00eda alimentaria de Francia y la sustentabilidad de la agricultura nacional.<\/p>\n\n\n\n<p>A esto se suman las dificultades hist\u00f3ricas que enfrenta el sector, como los bajos precios de los productos agr\u00edcolas, los altos costos de producci\u00f3n (insumos, combustibles, maquinaria) y las regulaciones medioambientales, que aunque necesarias, aumentan la carga econ\u00f3mica para los agricultores.<\/p>\n\n\n\n<h3 class=\"wp-block-heading\">Antecedentes recientes<\/h3>\n\n\n\n<p>Hace un a\u00f1o, los agricultores franceses llevaron a cabo una serie de manifestaciones similares. En ese momento, el Gobierno del entonces primer ministro <strong>Gabriel Attal <\/strong>logr\u00f3 calmar las protestas mediante una serie de medidas de urgencia que incluyeron subsidios temporales y promesas de revisi\u00f3n de pol\u00edticas agr\u00edcolas. Sin embargo, los l\u00edderes sindicales afirman que estas acciones fueron insuficientes y no resolvieron los problemas estructurales que afectan al sector.<\/p>\n\n\n\n<h3 class=\"wp-block-heading\">Acciones planificadas<\/h3>\n\n\n\n<p>Con el uso de tractores como s\u00edmbolo de resistencia y herramienta de presi\u00f3n, las columnas de agricultores buscan paralizar las rutas clave hacia la capital. Este tipo de movilizaci\u00f3n tiene un fuerte impacto log\u00edstico y medi\u00e1tico, generando una tensi\u00f3n considerable para el Gobierno del presidente <strong>Emmanuel Macron<\/strong>.<\/p>\n\n\n\n<p>Las protestas prometen intensificarse en los pr\u00f3ximos d\u00edas, mientras las columnas de tractores se acercan a Par\u00eds. El desenlace de esta situaci\u00f3n podr\u00eda definir no solo el futuro de las pol\u00edticas agr\u00edcolas francesas, sino tambi\u00e9n el grado de tensi\u00f3n entre los intereses nacionales y las estrategias globales de la Uni\u00f3n Europea.<\/p>\n\n\n\n<p><\/p>\n","protected":false},"excerpt":{"rendered":"<p>Este domingo, los agricultores franceses retomaron sus manifestaciones con fuerza y varias columnas de tractores iniciaron una marcha en direcci\u00f3n a Par\u00eds con el objetivo de bloquear la capital, si el Gobierno no responde a sus demandas. Convocados por el sindicato Coordinaci\u00f3n Rural (CR), la segunda asociaci\u00f3n profesional m\u00e1s importante de Francia y conocida por [&hellip;]<\/p>\n","protected":false},"author":3,"featured_media":29399,"comment_status":"open","ping_status":"open","sticky":false,"template":"","format":"standard","meta":{"_jetpack_memberships_contains_paid_content":false,"jnews-multi-image_gallery":[],"jnews_single_post":{"subtitle":"","format":"standard","video":"","gallery":"","source_name":"","source_url":"","via_name":"","via_url":"","override_template":"0","override":[{"template":"2","single_blog_custom":"","parallax":"1","fullscreen":"1","layout":"right-sidebar","sidebar":"default-sidebar","second_sidebar":"default-sidebar","sticky_sidebar":"1","share_position":"top","share_float_style":"share-monocrhome","show_share_counter":"0","show_view_counter":"0","show_featured":"1","show_post_meta":"1","show_post_author":"1","show_post_author_image":"0","show_post_date":"1","post_date_format":"default","post_date_format_custom":"Y\/m\/d","show_post_category":"1","show_post_reading_time":"0","post_reading_time_wpm":"300","show_zoom_button":"0","zoom_button_out_step":"2","zoom_button_in_step":"3","show_post_tag":"1","show_prev_next_post":"0","show_popup_post":"1","number_popup_post":"1","show_author_box":"1","show_post_related":"0","show_inline_post_related":"0"}],"override_image_size":"0","image_override":[{"single_post_thumbnail_size":"crop-500","single_post_gallery_size":"crop-500"}],"trending_post":"0","trending_post_position":"meta","trending_post_label":"Trending","sponsored_post":"0","sponsored_post_label":"Sponsored by","sponsored_post_name":"","sponsored_post_url":"","sponsored_post_logo_enable":"0","sponsored_post_logo":"","sponsored_post_desc":"","disable_ad":"0"},"jnews_primary_category":{"id":"","hide":""},"jnews_override_bookmark_settings":[],"jnews_food_recipe":[],"enable_food_recipe":"","food_recipe_title":"","food_recipe_description":"","food_recipe_serve":"","food_recipe_time":"","food_recipe_prep":"","food_recipe_level":"","food_recipe_keywords":"","food_recipe_category":"","food_recipe_cuisine":"","food_recipe_yield":"","food_recipe_calories":"","enable_print_recipe":"","ingredient":[],"instruction":"","jnews_social_meta":{"fb_title":"","fb_description":"","fb_image":"","twitter_title":"","twitter_description":"","twitter_image":""},"jnews_paywall_metabox":[],"jnews_review":[],"enable_review":"","type":"","name":"","summary":"","brand":"","sku":"","good":[],"bad":[],"score_override":"","override_value":"","rating":[],"price":[],"jnews_override_counter":{"override_view_counter":"0","view_counter_number":"0","override_share_counter":"0","share_counter_number":"0","override_like_counter":"0","like_counter_number":"0","override_dislike_counter":"0","dislike_counter_number":"0"},"jnews_post_split":{"enable_post_split":"0","post_split":[{"template":"1","tag":"h2","numbering":"asc","mode":"normal","first":"0","enable_toc":"0","toc_type":"normal"}]},"jnews_podcast_option":[],"jnews_podcast_series":[],"footnotes":""},"categories":[33],"tags":[1886,1337,831,391],"jnews-series":[],"ppma_author":[830],"class_list":["post-29398","post","type-post","status-publish","format-standard","has-post-thumbnail","hentry","category-mundo","tag-agricultores","tag-agricultura","tag-destacada","tag-francia"],"yoast_head":"<!-- This site is optimized with the Yoast SEO plugin v27.4 - https:\/\/yoast.com\/product\/yoast-seo-wordpress\/ -->\n<title>Agricultores franceses reanudan protestas y amenazan con bloquear Par\u00eds - Informate Py Creemos en la libertad de expresi\u00f3n y en la capacidad de la gente de reflexionar\u00a0por\u00a0si\u00a0misma<\/title>\n<meta name=\"robots\" content=\"index, follow, max-snippet:-1, max-image-preview:large, max-video-preview:-1\" \/>\n<link rel=\"canonical\" href=\"https:\/\/informatepy.com\/2024\/2025\/01\/06\/agricultores-franceses-reanudan-protestas-y-amenazan-con-bloquear-paris\/\" \/>\n<meta property=\"og:locale\" content=\"es_ES\" \/>\n<meta property=\"og:type\" content=\"article\" \/>\n<meta property=\"og:title\" content=\"Agricultores franceses reanudan protestas y amenazan con bloquear Par\u00eds - Informate Py Creemos en la libertad de expresi\u00f3n y en la capacidad de la gente de reflexionar\u00a0por\u00a0si\u00a0misma\" \/>\n<meta property=\"og:description\" content=\"Este domingo, los agricultores franceses retomaron sus manifestaciones con fuerza y varias columnas de tractores iniciaron una marcha en direcci\u00f3n a Par\u00eds con el objetivo de bloquear la capital, si el Gobierno no responde a sus demandas. Convocados por el sindicato Coordinaci\u00f3n Rural (CR), la segunda asociaci\u00f3n profesional m\u00e1s importante de Francia y conocida por [&hellip;]\" \/>\n<meta property=\"og:url\" content=\"https:\/\/informatepy.com\/2024\/2025\/01\/06\/agricultores-franceses-reanudan-protestas-y-amenazan-con-bloquear-paris\/\" \/>\n<meta property=\"og:site_name\" content=\"Informate Py Creemos en la libertad de expresi\u00f3n y en la capacidad de la gente de reflexionar\u00a0por\u00a0si\u00a0misma\" \/>\n<meta property=\"article:author\" content=\"https:\/\/www.facebook.com\/InformatePyCom\" \/>\n<meta property=\"article:published_time\" content=\"2025-01-06T03:00:00+00:00\" \/>\n<meta property=\"og:image\" content=\"https:\/\/i0.wp.com\/informatepy.com\/2024\/wp-content\/uploads\/2025\/01\/tractores-franceses.jpg?fit=1280%2C737&ssl=1\" \/>\n\t<meta property=\"og:image:width\" content=\"1280\" \/>\n\t<meta property=\"og:image:height\" content=\"737\" \/>\n\t<meta property=\"og:image:type\" content=\"image\/jpeg\" \/>\n<meta name=\"author\" content=\"Redacci\u00f3n\" \/>\n<meta name=\"twitter:card\" content=\"summary_large_image\" \/>\n<meta name=\"twitter:creator\" content=\"@https:\/\/twitter.com\/InformatePy1\" \/>\n<meta name=\"twitter:label1\" content=\"Escrito por\" \/>\n\t<meta name=\"twitter:data1\" content=\"Redacci\u00f3n\" \/>\n\t<meta name=\"twitter:label2\" content=\"Tiempo de lectura\" \/>\n\t<meta name=\"twitter:data2\" content=\"2 minutos\" \/>\n<script type=\"application\/ld+json\" class=\"yoast-schema-graph\">{\"@context\":\"https:\\\/\\\/schema.org\",\"@graph\":[{\"@type\":\"Article\",\"@id\":\"https:\\\/\\\/informatepy.com\\\/2024\\\/2025\\\/01\\\/06\\\/agricultores-franceses-reanudan-protestas-y-amenazan-con-bloquear-paris\\\/#article\",\"isPartOf\":{\"@id\":\"https:\\\/\\\/informatepy.com\\\/2024\\\/2025\\\/01\\\/06\\\/agricultores-franceses-reanudan-protestas-y-amenazan-con-bloquear-paris\\\/\"},\"author\":{\"name\":\"Redacci\u00f3n\",\"@id\":\"https:\\\/\\\/informatepy.com\\\/2024\\\/#\\\/schema\\\/person\\\/98728344b91c548ef8544c80daf58463\"},\"headline\":\"Agricultores franceses reanudan protestas y amenazan con bloquear Par\u00eds\",\"datePublished\":\"2025-01-06T03:00:00+00:00\",\"mainEntityOfPage\":{\"@id\":\"https:\\\/\\\/informatepy.com\\\/2024\\\/2025\\\/01\\\/06\\\/agricultores-franceses-reanudan-protestas-y-amenazan-con-bloquear-paris\\\/\"},\"wordCount\":427,\"commentCount\":0,\"publisher\":{\"@id\":\"https:\\\/\\\/informatepy.com\\\/2024\\\/#organization\"},\"image\":{\"@id\":\"https:\\\/\\\/informatepy.com\\\/2024\\\/2025\\\/01\\\/06\\\/agricultores-franceses-reanudan-protestas-y-amenazan-con-bloquear-paris\\\/#primaryimage\"},\"thumbnailUrl\":\"https:\\\/\\\/i0.wp.com\\\/informatepy.com\\\/2024\\\/wp-content\\\/uploads\\\/2025\\\/01\\\/tractores-franceses.jpg?fit=1280%2C737&ssl=1\",\"keywords\":[\"agricultores\",\"agricultura\",\"destacada\",\"francia\"],\"articleSection\":[\"Mundo\"],\"inLanguage\":\"es\",\"potentialAction\":[{\"@type\":\"CommentAction\",\"name\":\"Comment\",\"target\":[\"https:\\\/\\\/informatepy.com\\\/2024\\\/2025\\\/01\\\/06\\\/agricultores-franceses-reanudan-protestas-y-amenazan-con-bloquear-paris\\\/#respond\"]}]},{\"@type\":\"WebPage\",\"@id\":\"https:\\\/\\\/informatepy.com\\\/2024\\\/2025\\\/01\\\/06\\\/agricultores-franceses-reanudan-protestas-y-amenazan-con-bloquear-paris\\\/\",\"url\":\"https:\\\/\\\/informatepy.com\\\/2024\\\/2025\\\/01\\\/06\\\/agricultores-franceses-reanudan-protestas-y-amenazan-con-bloquear-paris\\\/\",\"name\":\"Agricultores franceses reanudan protestas y amenazan con bloquear Par\u00eds - Informate Py Creemos en la libertad de expresi\u00f3n y en la capacidad de la gente de reflexionar\u00a0por\u00a0si\u00a0misma\",\"isPartOf\":{\"@id\":\"https:\\\/\\\/informatepy.com\\\/2024\\\/#website\"},\"primaryImageOfPage\":{\"@id\":\"https:\\\/\\\/informatepy.com\\\/2024\\\/2025\\\/01\\\/06\\\/agricultores-franceses-reanudan-protestas-y-amenazan-con-bloquear-paris\\\/#primaryimage\"},\"image\":{\"@id\":\"https:\\\/\\\/informatepy.com\\\/2024\\\/2025\\\/01\\\/06\\\/agricultores-franceses-reanudan-protestas-y-amenazan-con-bloquear-paris\\\/#primaryimage\"},\"thumbnailUrl\":\"https:\\\/\\\/i0.wp.com\\\/informatepy.com\\\/2024\\\/wp-content\\\/uploads\\\/2025\\\/01\\\/tractores-franceses.jpg?fit=1280%2C737&ssl=1\",\"datePublished\":\"2025-01-06T03:00:00+00:00\",\"breadcrumb\":{\"@id\":\"https:\\\/\\\/informatepy.com\\\/2024\\\/2025\\\/01\\\/06\\\/agricultores-franceses-reanudan-protestas-y-amenazan-con-bloquear-paris\\\/#breadcrumb\"},\"inLanguage\":\"es\",\"potentialAction\":[{\"@type\":\"ReadAction\",\"target\":[\"https:\\\/\\\/informatepy.com\\\/2024\\\/2025\\\/01\\\/06\\\/agricultores-franceses-reanudan-protestas-y-amenazan-con-bloquear-paris\\\/\"]}]},{\"@type\":\"ImageObject\",\"inLanguage\":\"es\",\"@id\":\"https:\\\/\\\/informatepy.com\\\/2024\\\/2025\\\/01\\\/06\\\/agricultores-franceses-reanudan-protestas-y-amenazan-con-bloquear-paris\\\/#primaryimage\",\"url\":\"https:\\\/\\\/i0.wp.com\\\/informatepy.com\\\/2024\\\/wp-content\\\/uploads\\\/2025\\\/01\\\/tractores-franceses.jpg?fit=1280%2C737&ssl=1\",\"contentUrl\":\"https:\\\/\\\/i0.wp.com\\\/informatepy.com\\\/2024\\\/wp-content\\\/uploads\\\/2025\\\/01\\\/tractores-franceses.jpg?fit=1280%2C737&ssl=1\",\"width\":1280,\"height\":737,\"caption\":\"Agricutores franceses. (REUTERS - Archivo)\"},{\"@type\":\"BreadcrumbList\",\"@id\":\"https:\\\/\\\/informatepy.com\\\/2024\\\/2025\\\/01\\\/06\\\/agricultores-franceses-reanudan-protestas-y-amenazan-con-bloquear-paris\\\/#breadcrumb\",\"itemListElement\":[{\"@type\":\"ListItem\",\"position\":1,\"name\":\"Portada\",\"item\":\"https:\\\/\\\/informatepy.com\\\/2024\\\/\"},{\"@type\":\"ListItem\",\"position\":2,\"name\":\"Agricultores franceses reanudan protestas y amenazan con bloquear Par\u00eds\"}]},{\"@type\":\"WebSite\",\"@id\":\"https:\\\/\\\/informatepy.com\\\/2024\\\/#website\",\"url\":\"https:\\\/\\\/informatepy.com\\\/2024\\\/\",\"name\":\"Informate Py Creemos en la libertad de expresi\u00f3n y en la capacidad de la gente de reflexionar\u00a0por\u00a0si\u00a0misma\",\"description\":\"InformatePy\",\"publisher\":{\"@id\":\"https:\\\/\\\/informatepy.com\\\/2024\\\/#organization\"},\"potentialAction\":[{\"@type\":\"SearchAction\",\"target\":{\"@type\":\"EntryPoint\",\"urlTemplate\":\"https:\\\/\\\/informatepy.com\\\/2024\\\/?s={search_term_string}\"},\"query-input\":{\"@type\":\"PropertyValueSpecification\",\"valueRequired\":true,\"valueName\":\"search_term_string\"}}],\"inLanguage\":\"es\"},{\"@type\":\"Organization\",\"@id\":\"https:\\\/\\\/informatepy.com\\\/2024\\\/#organization\",\"name\":\"Informate Py Creemos en la libertad de expresi\u00f3n y en la capacidad de la gente de reflexionar\u00a0por\u00a0si\u00a0misma\",\"url\":\"https:\\\/\\\/informatepy.com\\\/2024\\\/\",\"logo\":{\"@type\":\"ImageObject\",\"inLanguage\":\"es\",\"@id\":\"https:\\\/\\\/informatepy.com\\\/2024\\\/#\\\/schema\\\/logo\\\/image\\\/\",\"url\":\"https:\\\/\\\/i0.wp.com\\\/informatepy.com\\\/2024\\\/wp-content\\\/uploads\\\/2024\\\/02\\\/Logotipo-sin-fondo-informate-py500.png?fit=500%2C94&ssl=1\",\"contentUrl\":\"https:\\\/\\\/i0.wp.com\\\/informatepy.com\\\/2024\\\/wp-content\\\/uploads\\\/2024\\\/02\\\/Logotipo-sin-fondo-informate-py500.png?fit=500%2C94&ssl=1\",\"width\":500,\"height\":94,\"caption\":\"Informate Py Creemos en la libertad de expresi\u00f3n y en la capacidad de la gente de reflexionar\u00a0por\u00a0si\u00a0misma\"},\"image\":{\"@id\":\"https:\\\/\\\/informatepy.com\\\/2024\\\/#\\\/schema\\\/logo\\\/image\\\/\"}},{\"@type\":\"Person\",\"@id\":\"https:\\\/\\\/informatepy.com\\\/2024\\\/#\\\/schema\\\/person\\\/98728344b91c548ef8544c80daf58463\",\"name\":\"Redacci\u00f3n\",\"image\":{\"@type\":\"ImageObject\",\"inLanguage\":\"es\",\"@id\":\"https:\\\/\\\/informatepy.com\\\/2024\\\/wp-content\\\/uploads\\\/2024\\\/02\\\/cropped-Isologo-sin-fondo.png9c354f01c536b2d49dbb929e96603401\",\"url\":\"https:\\\/\\\/informatepy.com\\\/2024\\\/wp-content\\\/uploads\\\/2024\\\/02\\\/cropped-Isologo-sin-fondo.png\",\"contentUrl\":\"https:\\\/\\\/informatepy.com\\\/2024\\\/wp-content\\\/uploads\\\/2024\\\/02\\\/cropped-Isologo-sin-fondo.png\",\"caption\":\"Redacci\u00f3n\"},\"sameAs\":[\"https:\\\/\\\/www.facebook.com\\\/InformatePyCom\",\"https:\\\/\\\/x.com\\\/https:\\\/\\\/twitter.com\\\/InformatePy1\"],\"url\":\"https:\\\/\\\/informatepy.com\\\/2024\\\/author\\\/redaccion\\\/\"}]}<\/script>\n<!-- \/ Yoast SEO plugin. -->","yoast_head_json":{"title":"Agricultores franceses reanudan protestas y amenazan con bloquear Par\u00eds - Informate Py Creemos en la libertad de expresi\u00f3n y en la capacidad de la gente de reflexionar\u00a0por\u00a0si\u00a0misma","robots":{"index":"index","follow":"follow","max-snippet":"max-snippet:-1","max-image-preview":"max-image-preview:large","max-video-preview":"max-video-preview:-1"},"canonical":"https:\/\/informatepy.com\/2024\/2025\/01\/06\/agricultores-franceses-reanudan-protestas-y-amenazan-con-bloquear-paris\/","og_locale":"es_ES","og_type":"article","og_title":"Agricultores franceses reanudan protestas y amenazan con bloquear Par\u00eds - Informate Py Creemos en la libertad de expresi\u00f3n y en la capacidad de la gente de reflexionar\u00a0por\u00a0si\u00a0misma","og_description":"Este domingo, los agricultores franceses retomaron sus manifestaciones con fuerza y varias columnas de tractores iniciaron una marcha en direcci\u00f3n a Par\u00eds con el objetivo de bloquear la capital, si el Gobierno no responde a sus demandas. Convocados por el sindicato Coordinaci\u00f3n Rural (CR), la segunda asociaci\u00f3n profesional m\u00e1s importante de Francia y conocida por [&hellip;]","og_url":"https:\/\/informatepy.com\/2024\/2025\/01\/06\/agricultores-franceses-reanudan-protestas-y-amenazan-con-bloquear-paris\/","og_site_name":"Informate Py Creemos en la libertad de expresi\u00f3n y en la capacidad de la gente de reflexionar\u00a0por\u00a0si\u00a0misma","article_author":"https:\/\/www.facebook.com\/InformatePyCom","article_published_time":"2025-01-06T03:00:00+00:00","og_image":[{"width":1280,"height":737,"url":"https:\/\/i0.wp.com\/informatepy.com\/2024\/wp-content\/uploads\/2025\/01\/tractores-franceses.jpg?fit=1280%2C737&ssl=1","type":"image\/jpeg"}],"author":"Redacci\u00f3n","twitter_card":"summary_large_image","twitter_creator":"@https:\/\/twitter.com\/InformatePy1","twitter_misc":{"Escrito por":"Redacci\u00f3n","Tiempo de lectura":"2 minutos"},"schema":{"@context":"https:\/\/schema.org","@graph":[{"@type":"Article","@id":"https:\/\/informatepy.com\/2024\/2025\/01\/06\/agricultores-franceses-reanudan-protestas-y-amenazan-con-bloquear-paris\/#article","isPartOf":{"@id":"https:\/\/informatepy.com\/2024\/2025\/01\/06\/agricultores-franceses-reanudan-protestas-y-amenazan-con-bloquear-paris\/"},"author":{"name":"Redacci\u00f3n","@id":"https:\/\/informatepy.com\/2024\/#\/schema\/person\/98728344b91c548ef8544c80daf58463"},"headline":"Agricultores franceses reanudan protestas y amenazan con bloquear Par\u00eds","datePublished":"2025-01-06T03:00:00+00:00","mainEntityOfPage":{"@id":"https:\/\/informatepy.com\/2024\/2025\/01\/06\/agricultores-franceses-reanudan-protestas-y-amenazan-con-bloquear-paris\/"},"wordCount":427,"commentCount":0,"publisher":{"@id":"https:\/\/informatepy.com\/2024\/#organization"},"image":{"@id":"https:\/\/informatepy.com\/2024\/2025\/01\/06\/agricultores-franceses-reanudan-protestas-y-amenazan-con-bloquear-paris\/#primaryimage"},"thumbnailUrl":"https:\/\/i0.wp.com\/informatepy.com\/2024\/wp-content\/uploads\/2025\/01\/tractores-franceses.jpg?fit=1280%2C737&ssl=1","keywords":["agricultores","agricultura","destacada","francia"],"articleSection":["Mundo"],"inLanguage":"es","potentialAction":[{"@type":"CommentAction","name":"Comment","target":["https:\/\/informatepy.com\/2024\/2025\/01\/06\/agricultores-franceses-reanudan-protestas-y-amenazan-con-bloquear-paris\/#respond"]}]},{"@type":"WebPage","@id":"https:\/\/informatepy.com\/2024\/2025\/01\/06\/agricultores-franceses-reanudan-protestas-y-amenazan-con-bloquear-paris\/","url":"https:\/\/informatepy.com\/2024\/2025\/01\/06\/agricultores-franceses-reanudan-protestas-y-amenazan-con-bloquear-paris\/","name":"Agricultores franceses reanudan protestas y amenazan con bloquear Par\u00eds - Informate Py Creemos en la libertad de expresi\u00f3n y en la capacidad de la gente de reflexionar\u00a0por\u00a0si\u00a0misma","isPartOf":{"@id":"https:\/\/informatepy.com\/2024\/#website"},"primaryImageOfPage":{"@id":"https:\/\/informatepy.com\/2024\/2025\/01\/06\/agricultores-franceses-reanudan-protestas-y-amenazan-con-bloquear-paris\/#primaryimage"},"image":{"@id":"https:\/\/informatepy.com\/2024\/2025\/01\/06\/agricultores-franceses-reanudan-protestas-y-amenazan-con-bloquear-paris\/#primaryimage"},"thumbnailUrl":"https:\/\/i0.wp.com\/informatepy.com\/2024\/wp-content\/uploads\/2025\/01\/tractores-franceses.jpg?fit=1280%2C737&ssl=1","datePublished":"2025-01-06T03:00:00+00:00","breadcrumb":{"@id":"https:\/\/informatepy.com\/2024\/2025\/01\/06\/agricultores-franceses-reanudan-protestas-y-amenazan-con-bloquear-paris\/#breadcrumb"},"inLanguage":"es","potentialAction":[{"@type":"ReadAction","target":["https:\/\/informatepy.com\/2024\/2025\/01\/06\/agricultores-franceses-reanudan-protestas-y-amenazan-con-bloquear-paris\/"]}]},{"@type":"ImageObject","inLanguage":"es","@id":"https:\/\/informatepy.com\/2024\/2025\/01\/06\/agricultores-franceses-reanudan-protestas-y-amenazan-con-bloquear-paris\/#primaryimage","url":"https:\/\/i0.wp.com\/informatepy.com\/2024\/wp-content\/uploads\/2025\/01\/tractores-franceses.jpg?fit=1280%2C737&ssl=1","contentUrl":"https:\/\/i0.wp.com\/informatepy.com\/2024\/wp-content\/uploads\/2025\/01\/tractores-franceses.jpg?fit=1280%2C737&ssl=1","width":1280,"height":737,"caption":"Agricutores franceses. (REUTERS - Archivo)"},{"@type":"BreadcrumbList","@id":"https:\/\/informatepy.com\/2024\/2025\/01\/06\/agricultores-franceses-reanudan-protestas-y-amenazan-con-bloquear-paris\/#breadcrumb","itemListElement":[{"@type":"ListItem","position":1,"name":"Portada","item":"https:\/\/informatepy.com\/2024\/"},{"@type":"ListItem","position":2,"name":"Agricultores franceses reanudan protestas y amenazan con bloquear Par\u00eds"}]},{"@type":"WebSite","@id":"https:\/\/informatepy.com\/2024\/#website","url":"https:\/\/informatepy.com\/2024\/","name":"Informate Py Creemos en la libertad de expresi\u00f3n y en la capacidad de la gente de reflexionar\u00a0por\u00a0si\u00a0misma","description":"InformatePy","publisher":{"@id":"https:\/\/informatepy.com\/2024\/#organization"},"potentialAction":[{"@type":"SearchAction","target":{"@type":"EntryPoint","urlTemplate":"https:\/\/informatepy.com\/2024\/?s={search_term_string}"},"query-input":{"@type":"PropertyValueSpecification","valueRequired":true,"valueName":"search_term_string"}}],"inLanguage":"es"},{"@type":"Organization","@id":"https:\/\/informatepy.com\/2024\/#organization","name":"Informate Py Creemos en la libertad de expresi\u00f3n y en la capacidad de la gente de reflexionar\u00a0por\u00a0si\u00a0misma","url":"https:\/\/informatepy.com\/2024\/","logo":{"@type":"ImageObject","inLanguage":"es","@id":"https:\/\/informatepy.com\/2024\/#\/schema\/logo\/image\/","url":"https:\/\/i0.wp.com\/informatepy.com\/2024\/wp-content\/uploads\/2024\/02\/Logotipo-sin-fondo-informate-py500.png?fit=500%2C94&ssl=1","contentUrl":"https:\/\/i0.wp.com\/informatepy.com\/2024\/wp-content\/uploads\/2024\/02\/Logotipo-sin-fondo-informate-py500.png?fit=500%2C94&ssl=1","width":500,"height":94,"caption":"Informate Py Creemos en la libertad de expresi\u00f3n y en la capacidad de la gente de reflexionar\u00a0por\u00a0si\u00a0misma"},"image":{"@id":"https:\/\/informatepy.com\/2024\/#\/schema\/logo\/image\/"}},{"@type":"Person","@id":"https:\/\/informatepy.com\/2024\/#\/schema\/person\/98728344b91c548ef8544c80daf58463","name":"Redacci\u00f3n","image":{"@type":"ImageObject","inLanguage":"es","@id":"https:\/\/informatepy.com\/2024\/wp-content\/uploads\/2024\/02\/cropped-Isologo-sin-fondo.png9c354f01c536b2d49dbb929e96603401","url":"https:\/\/informatepy.com\/2024\/wp-content\/uploads\/2024\/02\/cropped-Isologo-sin-fondo.png","contentUrl":"https:\/\/informatepy.com\/2024\/wp-content\/uploads\/2024\/02\/cropped-Isologo-sin-fondo.png","caption":"Redacci\u00f3n"},"sameAs":["https:\/\/www.facebook.com\/InformatePyCom","https:\/\/x.com\/https:\/\/twitter.com\/InformatePy1"],"url":"https:\/\/informatepy.com\/2024\/author\/redaccion\/"}]}},"jetpack_featured_media_url":"https:\/\/i0.wp.com\/informatepy.com\/2024\/wp-content\/uploads\/2025\/01\/tractores-franceses.jpg?fit=1280%2C737&ssl=1","jetpack-related-posts":[],"jetpack_sharing_enabled":true,"authors":[{"term_id":830,"user_id":3,"is_guest":0,"slug":"redaccion","display_name":"Redacci\u00f3n","avatar_url":{"url":"https:\/\/informatepy.com\/2024\/wp-content\/uploads\/2024\/02\/cropped-Isologo-sin-fondo.png","url2x":"https:\/\/informatepy.com\/2024\/wp-content\/uploads\/2024\/02\/cropped-Isologo-sin-fondo.png"},"author_category":"1","first_name":"Redacci\u00f3n","last_name":"","user_url":"","job_title":"","description":""}],"_links":{"self":[{"href":"https:\/\/informatepy.com\/2024\/wp-json\/wp\/v2\/posts\/29398","targetHints":{"allow":["GET"]}}],"collection":[{"href":"https:\/\/informatepy.com\/2024\/wp-json\/wp\/v2\/posts"}],"about":[{"href":"https:\/\/informatepy.com\/2024\/wp-json\/wp\/v2\/types\/post"}],"author":[{"embeddable":true,"href":"https:\/\/informatepy.com\/2024\/wp-json\/wp\/v2\/users\/3"}],"replies":[{"embeddable":true,"href":"https:\/\/informatepy.com\/2024\/wp-json\/wp\/v2\/comments?post=29398"}],"version-history":[{"count":1,"href":"https:\/\/informatepy.com\/2024\/wp-json\/wp\/v2\/posts\/29398\/revisions"}],"predecessor-version":[{"id":29400,"href":"https:\/\/informatepy.com\/2024\/wp-json\/wp\/v2\/posts\/29398\/revisions\/29400"}],"wp:featuredmedia":[{"embeddable":true,"href":"https:\/\/informatepy.com\/2024\/wp-json\/wp\/v2\/media\/29399"}],"wp:attachment":[{"href":"https:\/\/informatepy.com\/2024\/wp-json\/wp\/v2\/media?parent=29398"}],"wp:term":[{"taxonomy":"category","embeddable":true,"href":"https:\/\/informatepy.com\/2024\/wp-json\/wp\/v2\/categories?post=29398"},{"taxonomy":"post_tag","embeddable":true,"href":"https:\/\/informatepy.com\/2024\/wp-json\/wp\/v2\/tags?post=29398"},{"taxonomy":"jnews-series","embeddable":true,"href":"https:\/\/informatepy.com\/2024\/wp-json\/wp\/v2\/jnews-series?post=29398"},{"taxonomy":"author","embeddable":true,"href":"https:\/\/informatepy.com\/2024\/wp-json\/wp\/v2\/ppma_author?post=29398"}],"curies":[{"name":"wp","href":"https:\/\/api.w.org\/{rel}","templated":true}]}}