{"id":28863,"date":"2024-12-10T11:52:55","date_gmt":"2024-12-10T14:52:55","guid":{"rendered":"https:\/\/informatepy.com\/2024\/?p=28863"},"modified":"2024-12-10T11:52:59","modified_gmt":"2024-12-10T14:52:59","slug":"pese-a-los-desafios-climaticos-hay-optimismo-en-el-sector-agropecuario-de-cara-al-2025","status":"publish","type":"post","link":"https:\/\/informatepy.com\/2024\/2024\/12\/10\/pese-a-los-desafios-climaticos-hay-optimismo-en-el-sector-agropecuario-de-cara-al-2025\/","title":{"rendered":"Pese a los desaf\u00edos clim\u00e1ticos hay optimismo en el sector agropecuario de cara al 2025"},"content":{"rendered":"\n<p>El presidente de la <strong>Federaci\u00f3n de Cooperativas de Producci\u00f3n (Fecoprod)<\/strong>, <strong>Alfred Fast<\/strong>, expres\u00f3 que las recientes lluvias generaron expectativas positivas para el pr\u00f3ximo a\u00f1o, pese a la persistente baja en la cotizaci\u00f3n internacional de la soja.<\/p>\n\n\n\n<p>En declaraciones a la <strong>Radio 780 AM<\/strong>, Fast se\u00f1al\u00f3 que <strong>2024 fue un a\u00f1o desafiante<\/strong>, marcado por episodios de sequ\u00eda en diversas zonas de la regi\u00f3n oriental y el Chaco. Sin embargo, destac\u00f3 que la situaci\u00f3n ha mejorado en las \u00faltimas semanas gracias a las precipitaciones. <strong><em>\u201cEstamos cerrando bien el a\u00f1o, porque ya en casi todas las regiones hubo algo de lluvia y los cultivos est\u00e1n desarroll\u00e1ndose favorablemente\u201d<\/em><\/strong>, afirm\u00f3.<\/p>\n\n\n\n<p>Respecto a la siembra de soja, Fast indic\u00f3 que esta etapa ya est\u00e1 pr\u00e1cticamente finalizada, favorecida por lluvias abundantes, especialmente en el sur y este del pa\u00eds. \u201c<em><strong>Esto gener\u00f3 un ambiente de optimismo y un buen desarrollo del principal cultivo oleaginoso\u201d<\/strong><\/em>, explic\u00f3.<\/p>\n\n\n\n<p>Asimismo, destac\u00f3 el crecimiento del s\u00e9samo como rubro estrat\u00e9gico, con una participaci\u00f3n activa de peque\u00f1os y grandes productores. Seg\u00fan el dirigente, las condiciones clim\u00e1ticas recientes permitieron revertir las proyecciones negativas asociadas al fen\u00f3meno <strong>La Ni\u00f1a<\/strong>, aunque advirti\u00f3 que este podr\u00eda reaparecer.<\/p>\n\n\n\n<p>Fast expres\u00f3 confianza en que el pr\u00f3ximo a\u00f1o ser\u00e1 m\u00e1s estable si las lluvias se mantienen. <strong><em>\u201cMuy lindos est\u00e1n los cultivos, porque en el campo todo depende de la lluvia y el buen clima. Mirando hacia 2025, si sigue lloviendo as\u00ed, ser\u00e1 un a\u00f1o normal para producir bien\u201d<\/em><\/strong>, sostuvo.<\/p>\n\n\n\n<p>En cuanto a la situaci\u00f3n del Chaco, donde la siembra suele retrasarse por la espera de lluvias, inform\u00f3 que algunas \u00e1reas ya est\u00e1n acumulando suficiente humedad para iniciar la siembra de soja y algod\u00f3n. Este \u00faltimo rubro ha ganado terreno en la regi\u00f3n occidental y podr\u00eda tener un desempe\u00f1o prometedor tras varios a\u00f1os afectados por la sequ\u00eda.<\/p>\n\n\n\n<p>Pese a los desaf\u00edos, Fast subray\u00f3 la capacidad de resiliencia de los productores paraguayos. <em><strong>\u201cEl productor nunca deja de confiar, de apostar y de producir, a pesar de las adversidades, ya sean clim\u00e1ticas o econ\u00f3micas, como los bajos precios internacionales\u201d<\/strong><\/em>, enfatiz\u00f3.<\/p>\n\n\n\n<p>No obstante, se\u00f1al\u00f3 que estas dificultades obligan a los agricultores a ser m\u00e1s eficientes y creativos. <em><strong>\u201cHay que ajustarse el cintur\u00f3n, ingeniarse para producir con menos recursos y seguir trabajando\u201d<\/strong><\/em>, concluy\u00f3 el dirigente, destacando el compromiso del sector agropecuario para enfrentar las adversidades y contribuir al desarrollo del pa\u00eds.<\/p>\n\n\n\n<p><\/p>\n","protected":false},"excerpt":{"rendered":"<p>El presidente de la Federaci\u00f3n de Cooperativas de Producci\u00f3n (Fecoprod), Alfred Fast, expres\u00f3 que las recientes lluvias generaron expectativas positivas para el pr\u00f3ximo a\u00f1o, pese a la persistente baja en la cotizaci\u00f3n internacional de la soja. En declaraciones a la Radio 780 AM, Fast se\u00f1al\u00f3 que 2024 fue un a\u00f1o desafiante, marcado por episodios de [&hellip;]<\/p>\n","protected":false},"author":3,"featured_media":11325,"comment_status":"open","ping_status":"open","sticky":false,"template":"","format":"standard","meta":{"_jetpack_memberships_contains_paid_content":false,"jnews-multi-image_gallery":[],"jnews_single_post":{"subtitle":"","format":"standard","video":"","gallery":"","source_name":"","source_url":"","via_name":"","via_url":"","override_template":"0","override":[{"template":"2","single_blog_custom":"","parallax":"1","fullscreen":"1","layout":"right-sidebar","sidebar":"default-sidebar","second_sidebar":"default-sidebar","sticky_sidebar":"1","share_position":"top","share_float_style":"share-monocrhome","show_share_counter":"0","show_view_counter":"0","show_featured":"1","show_post_meta":"1","show_post_author":"1","show_post_author_image":"0","show_post_date":"1","post_date_format":"default","post_date_format_custom":"Y\/m\/d","show_post_category":"1","show_post_reading_time":"0","post_reading_time_wpm":"300","show_zoom_button":"0","zoom_button_out_step":"2","zoom_button_in_step":"3","show_post_tag":"1","show_prev_next_post":"0","show_popup_post":"1","number_popup_post":"1","show_author_box":"1","show_post_related":"0","show_inline_post_related":"0"}],"override_image_size":"0","image_override":[{"single_post_thumbnail_size":"crop-500","single_post_gallery_size":"crop-500"}],"trending_post":"0","trending_post_position":"meta","trending_post_label":"Trending","sponsored_post":"0","sponsored_post_label":"Sponsored by","sponsored_post_name":"","sponsored_post_url":"","sponsored_post_logo_enable":"0","sponsored_post_logo":"","sponsored_post_desc":"","disable_ad":"0"},"jnews_primary_category":{"id":"","hide":""},"jnews_override_bookmark_settings":[],"jnews_food_recipe":[],"enable_food_recipe":"","food_recipe_title":"","food_recipe_description":"","food_recipe_serve":"","food_recipe_time":"","food_recipe_prep":"","food_recipe_level":"","food_recipe_keywords":"","food_recipe_category":"","food_recipe_cuisine":"","food_recipe_yield":"","food_recipe_calories":"","enable_print_recipe":"","ingredient":[],"instruction":"","jnews_social_meta":{"fb_title":"","fb_description":"","fb_image":"","twitter_title":"","twitter_description":"","twitter_image":""},"jnews_paywall_metabox":[],"jnews_review":[],"enable_review":"","type":"","name":"","summary":"","brand":"","sku":"","good":[],"bad":[],"score_override":"","override_value":"","rating":[],"price":[],"jnews_override_counter":{"override_view_counter":"0","view_counter_number":"0","override_share_counter":"0","share_counter_number":"0","override_like_counter":"0","like_counter_number":"0","override_dislike_counter":"0","dislike_counter_number":"0"},"jnews_post_split":{"enable_post_split":"0","post_split":[{"template":"1","tag":"h2","numbering":"asc","mode":"normal","first":"0","enable_toc":"0","toc_type":"normal"}]},"jnews_podcast_option":[],"jnews_podcast_series":[],"footnotes":""},"categories":[46],"tags":[1886,1337,1757,831,1750],"jnews-series":[],"ppma_author":[830],"class_list":["post-28863","post","type-post","status-publish","format-standard","has-post-thumbnail","hentry","category-negocios","tag-agricultores","tag-agricultura","tag-alfred-fast","tag-destacada","tag-fecoprod"],"yoast_head":"<!-- This site is optimized with the Yoast SEO plugin v27.5 - https:\/\/yoast.com\/product\/yoast-seo-wordpress\/ -->\n<title>Pese a los desaf\u00edos clim\u00e1ticos hay optimismo en el sector agropecuario de cara al 2025 - Informate Py Creemos en la libertad de expresi\u00f3n y en la capacidad de la gente de reflexionar\u00a0por\u00a0si\u00a0misma<\/title>\n<meta name=\"robots\" content=\"index, follow, max-snippet:-1, max-image-preview:large, max-video-preview:-1\" \/>\n<link rel=\"canonical\" href=\"https:\/\/informatepy.com\/2024\/2024\/12\/10\/pese-a-los-desafios-climaticos-hay-optimismo-en-el-sector-agropecuario-de-cara-al-2025\/\" \/>\n<meta property=\"og:locale\" content=\"es_ES\" \/>\n<meta property=\"og:type\" content=\"article\" \/>\n<meta property=\"og:title\" content=\"Pese a los desaf\u00edos clim\u00e1ticos hay optimismo en el sector agropecuario de cara al 2025 - Informate Py Creemos en la libertad de expresi\u00f3n y en la capacidad de la gente de reflexionar\u00a0por\u00a0si\u00a0misma\" \/>\n<meta property=\"og:description\" content=\"El presidente de la Federaci\u00f3n de Cooperativas de Producci\u00f3n (Fecoprod), Alfred Fast, expres\u00f3 que las recientes lluvias generaron expectativas positivas para el pr\u00f3ximo a\u00f1o, pese a la persistente baja en la cotizaci\u00f3n internacional de la soja. En declaraciones a la Radio 780 AM, Fast se\u00f1al\u00f3 que 2024 fue un a\u00f1o desafiante, marcado por episodios de [&hellip;]\" \/>\n<meta property=\"og:url\" content=\"https:\/\/informatepy.com\/2024\/2024\/12\/10\/pese-a-los-desafios-climaticos-hay-optimismo-en-el-sector-agropecuario-de-cara-al-2025\/\" \/>\n<meta property=\"og:site_name\" content=\"Informate Py Creemos en la libertad de expresi\u00f3n y en la capacidad de la gente de reflexionar\u00a0por\u00a0si\u00a0misma\" \/>\n<meta property=\"article:author\" content=\"https:\/\/www.facebook.com\/InformatePyCom\" \/>\n<meta property=\"article:published_time\" content=\"2024-12-10T14:52:55+00:00\" \/>\n<meta property=\"article:modified_time\" content=\"2024-12-10T14:52:59+00:00\" \/>\n<meta property=\"og:image\" content=\"https:\/\/informatepy.com\/2024\/wp-content\/uploads\/2023\/08\/alfred-fast.jpg\" \/>\n\t<meta property=\"og:image:width\" content=\"1280\" \/>\n\t<meta property=\"og:image:height\" content=\"720\" \/>\n\t<meta property=\"og:image:type\" content=\"image\/jpeg\" \/>\n<meta name=\"author\" content=\"Redacci\u00f3n\" \/>\n<meta name=\"twitter:card\" content=\"summary_large_image\" \/>\n<meta name=\"twitter:creator\" content=\"@https:\/\/twitter.com\/InformatePy1\" \/>\n<meta name=\"twitter:label1\" content=\"Escrito por\" \/>\n\t<meta name=\"twitter:data1\" content=\"Redacci\u00f3n\" \/>\n\t<meta name=\"twitter:label2\" content=\"Tiempo de lectura\" \/>\n\t<meta name=\"twitter:data2\" content=\"2 minutos\" \/>\n<script type=\"application\/ld+json\" class=\"yoast-schema-graph\">{\"@context\":\"https:\\\/\\\/schema.org\",\"@graph\":[{\"@type\":\"Article\",\"@id\":\"https:\\\/\\\/informatepy.com\\\/2024\\\/2024\\\/12\\\/10\\\/pese-a-los-desafios-climaticos-hay-optimismo-en-el-sector-agropecuario-de-cara-al-2025\\\/#article\",\"isPartOf\":{\"@id\":\"https:\\\/\\\/informatepy.com\\\/2024\\\/2024\\\/12\\\/10\\\/pese-a-los-desafios-climaticos-hay-optimismo-en-el-sector-agropecuario-de-cara-al-2025\\\/\"},\"author\":{\"name\":\"Redacci\u00f3n\",\"@id\":\"https:\\\/\\\/informatepy.com\\\/2024\\\/#\\\/schema\\\/person\\\/98728344b91c548ef8544c80daf58463\"},\"headline\":\"Pese a los desaf\u00edos clim\u00e1ticos hay optimismo en el sector agropecuario de cara al 2025\",\"datePublished\":\"2024-12-10T14:52:55+00:00\",\"dateModified\":\"2024-12-10T14:52:59+00:00\",\"mainEntityOfPage\":{\"@id\":\"https:\\\/\\\/informatepy.com\\\/2024\\\/2024\\\/12\\\/10\\\/pese-a-los-desafios-climaticos-hay-optimismo-en-el-sector-agropecuario-de-cara-al-2025\\\/\"},\"wordCount\":441,\"commentCount\":0,\"publisher\":{\"@id\":\"https:\\\/\\\/informatepy.com\\\/2024\\\/#organization\"},\"image\":{\"@id\":\"https:\\\/\\\/informatepy.com\\\/2024\\\/2024\\\/12\\\/10\\\/pese-a-los-desafios-climaticos-hay-optimismo-en-el-sector-agropecuario-de-cara-al-2025\\\/#primaryimage\"},\"thumbnailUrl\":\"https:\\\/\\\/i0.wp.com\\\/informatepy.com\\\/2024\\\/wp-content\\\/uploads\\\/2023\\\/08\\\/alfred-fast.jpg?fit=1280%2C720&ssl=1\",\"keywords\":[\"agricultores\",\"agricultura\",\"Alfred Fast\",\"destacada\",\"fecoprod\"],\"articleSection\":[\"Negocios\"],\"inLanguage\":\"es\",\"potentialAction\":[{\"@type\":\"CommentAction\",\"name\":\"Comment\",\"target\":[\"https:\\\/\\\/informatepy.com\\\/2024\\\/2024\\\/12\\\/10\\\/pese-a-los-desafios-climaticos-hay-optimismo-en-el-sector-agropecuario-de-cara-al-2025\\\/#respond\"]}]},{\"@type\":\"WebPage\",\"@id\":\"https:\\\/\\\/informatepy.com\\\/2024\\\/2024\\\/12\\\/10\\\/pese-a-los-desafios-climaticos-hay-optimismo-en-el-sector-agropecuario-de-cara-al-2025\\\/\",\"url\":\"https:\\\/\\\/informatepy.com\\\/2024\\\/2024\\\/12\\\/10\\\/pese-a-los-desafios-climaticos-hay-optimismo-en-el-sector-agropecuario-de-cara-al-2025\\\/\",\"name\":\"Pese a los desaf\u00edos clim\u00e1ticos hay optimismo en el sector agropecuario de cara al 2025 - Informate Py Creemos en la libertad de expresi\u00f3n y en la capacidad de la gente de reflexionar\u00a0por\u00a0si\u00a0misma\",\"isPartOf\":{\"@id\":\"https:\\\/\\\/informatepy.com\\\/2024\\\/#website\"},\"primaryImageOfPage\":{\"@id\":\"https:\\\/\\\/informatepy.com\\\/2024\\\/2024\\\/12\\\/10\\\/pese-a-los-desafios-climaticos-hay-optimismo-en-el-sector-agropecuario-de-cara-al-2025\\\/#primaryimage\"},\"image\":{\"@id\":\"https:\\\/\\\/informatepy.com\\\/2024\\\/2024\\\/12\\\/10\\\/pese-a-los-desafios-climaticos-hay-optimismo-en-el-sector-agropecuario-de-cara-al-2025\\\/#primaryimage\"},\"thumbnailUrl\":\"https:\\\/\\\/i0.wp.com\\\/informatepy.com\\\/2024\\\/wp-content\\\/uploads\\\/2023\\\/08\\\/alfred-fast.jpg?fit=1280%2C720&ssl=1\",\"datePublished\":\"2024-12-10T14:52:55+00:00\",\"dateModified\":\"2024-12-10T14:52:59+00:00\",\"breadcrumb\":{\"@id\":\"https:\\\/\\\/informatepy.com\\\/2024\\\/2024\\\/12\\\/10\\\/pese-a-los-desafios-climaticos-hay-optimismo-en-el-sector-agropecuario-de-cara-al-2025\\\/#breadcrumb\"},\"inLanguage\":\"es\",\"potentialAction\":[{\"@type\":\"ReadAction\",\"target\":[\"https:\\\/\\\/informatepy.com\\\/2024\\\/2024\\\/12\\\/10\\\/pese-a-los-desafios-climaticos-hay-optimismo-en-el-sector-agropecuario-de-cara-al-2025\\\/\"]}]},{\"@type\":\"ImageObject\",\"inLanguage\":\"es\",\"@id\":\"https:\\\/\\\/informatepy.com\\\/2024\\\/2024\\\/12\\\/10\\\/pese-a-los-desafios-climaticos-hay-optimismo-en-el-sector-agropecuario-de-cara-al-2025\\\/#primaryimage\",\"url\":\"https:\\\/\\\/i0.wp.com\\\/informatepy.com\\\/2024\\\/wp-content\\\/uploads\\\/2023\\\/08\\\/alfred-fast.jpg?fit=1280%2C720&ssl=1\",\"contentUrl\":\"https:\\\/\\\/i0.wp.com\\\/informatepy.com\\\/2024\\\/wp-content\\\/uploads\\\/2023\\\/08\\\/alfred-fast.jpg?fit=1280%2C720&ssl=1\",\"width\":1280,\"height\":720},{\"@type\":\"BreadcrumbList\",\"@id\":\"https:\\\/\\\/informatepy.com\\\/2024\\\/2024\\\/12\\\/10\\\/pese-a-los-desafios-climaticos-hay-optimismo-en-el-sector-agropecuario-de-cara-al-2025\\\/#breadcrumb\",\"itemListElement\":[{\"@type\":\"ListItem\",\"position\":1,\"name\":\"Portada\",\"item\":\"https:\\\/\\\/informatepy.com\\\/2024\\\/\"},{\"@type\":\"ListItem\",\"position\":2,\"name\":\"Pese a los desaf\u00edos clim\u00e1ticos hay optimismo en el sector agropecuario de cara al 2025\"}]},{\"@type\":\"WebSite\",\"@id\":\"https:\\\/\\\/informatepy.com\\\/2024\\\/#website\",\"url\":\"https:\\\/\\\/informatepy.com\\\/2024\\\/\",\"name\":\"Informate Py Creemos en la libertad de expresi\u00f3n y en la capacidad de la gente de reflexionar\u00a0por\u00a0si\u00a0misma\",\"description\":\"InformatePy\",\"publisher\":{\"@id\":\"https:\\\/\\\/informatepy.com\\\/2024\\\/#organization\"},\"potentialAction\":[{\"@type\":\"SearchAction\",\"target\":{\"@type\":\"EntryPoint\",\"urlTemplate\":\"https:\\\/\\\/informatepy.com\\\/2024\\\/?s={search_term_string}\"},\"query-input\":{\"@type\":\"PropertyValueSpecification\",\"valueRequired\":true,\"valueName\":\"search_term_string\"}}],\"inLanguage\":\"es\"},{\"@type\":\"Organization\",\"@id\":\"https:\\\/\\\/informatepy.com\\\/2024\\\/#organization\",\"name\":\"Informate Py Creemos en la libertad de expresi\u00f3n y en la capacidad de la gente de reflexionar\u00a0por\u00a0si\u00a0misma\",\"url\":\"https:\\\/\\\/informatepy.com\\\/2024\\\/\",\"logo\":{\"@type\":\"ImageObject\",\"inLanguage\":\"es\",\"@id\":\"https:\\\/\\\/informatepy.com\\\/2024\\\/#\\\/schema\\\/logo\\\/image\\\/\",\"url\":\"https:\\\/\\\/i0.wp.com\\\/informatepy.com\\\/2024\\\/wp-content\\\/uploads\\\/2024\\\/02\\\/Logotipo-sin-fondo-informate-py500.png?fit=500%2C94&ssl=1\",\"contentUrl\":\"https:\\\/\\\/i0.wp.com\\\/informatepy.com\\\/2024\\\/wp-content\\\/uploads\\\/2024\\\/02\\\/Logotipo-sin-fondo-informate-py500.png?fit=500%2C94&ssl=1\",\"width\":500,\"height\":94,\"caption\":\"Informate Py Creemos en la libertad de expresi\u00f3n y en la capacidad de la gente de reflexionar\u00a0por\u00a0si\u00a0misma\"},\"image\":{\"@id\":\"https:\\\/\\\/informatepy.com\\\/2024\\\/#\\\/schema\\\/logo\\\/image\\\/\"}},{\"@type\":\"Person\",\"@id\":\"https:\\\/\\\/informatepy.com\\\/2024\\\/#\\\/schema\\\/person\\\/98728344b91c548ef8544c80daf58463\",\"name\":\"Redacci\u00f3n\",\"image\":{\"@type\":\"ImageObject\",\"inLanguage\":\"es\",\"@id\":\"https:\\\/\\\/informatepy.com\\\/2024\\\/wp-content\\\/uploads\\\/2024\\\/02\\\/cropped-Isologo-sin-fondo.png9c354f01c536b2d49dbb929e96603401\",\"url\":\"https:\\\/\\\/informatepy.com\\\/2024\\\/wp-content\\\/uploads\\\/2024\\\/02\\\/cropped-Isologo-sin-fondo.png\",\"contentUrl\":\"https:\\\/\\\/informatepy.com\\\/2024\\\/wp-content\\\/uploads\\\/2024\\\/02\\\/cropped-Isologo-sin-fondo.png\",\"caption\":\"Redacci\u00f3n\"},\"sameAs\":[\"https:\\\/\\\/www.facebook.com\\\/InformatePyCom\",\"https:\\\/\\\/x.com\\\/https:\\\/\\\/twitter.com\\\/InformatePy1\"],\"url\":\"https:\\\/\\\/informatepy.com\\\/2024\\\/author\\\/redaccion\\\/\"}]}<\/script>\n<!-- \/ Yoast SEO plugin. -->","yoast_head_json":{"title":"Pese a los desaf\u00edos clim\u00e1ticos hay optimismo en el sector agropecuario de cara al 2025 - Informate Py Creemos en la libertad de expresi\u00f3n y en la capacidad de la gente de reflexionar\u00a0por\u00a0si\u00a0misma","robots":{"index":"index","follow":"follow","max-snippet":"max-snippet:-1","max-image-preview":"max-image-preview:large","max-video-preview":"max-video-preview:-1"},"canonical":"https:\/\/informatepy.com\/2024\/2024\/12\/10\/pese-a-los-desafios-climaticos-hay-optimismo-en-el-sector-agropecuario-de-cara-al-2025\/","og_locale":"es_ES","og_type":"article","og_title":"Pese a los desaf\u00edos clim\u00e1ticos hay optimismo en el sector agropecuario de cara al 2025 - Informate Py Creemos en la libertad de expresi\u00f3n y en la capacidad de la gente de reflexionar\u00a0por\u00a0si\u00a0misma","og_description":"El presidente de la Federaci\u00f3n de Cooperativas de Producci\u00f3n (Fecoprod), Alfred Fast, expres\u00f3 que las recientes lluvias generaron expectativas positivas para el pr\u00f3ximo a\u00f1o, pese a la persistente baja en la cotizaci\u00f3n internacional de la soja. En declaraciones a la Radio 780 AM, Fast se\u00f1al\u00f3 que 2024 fue un a\u00f1o desafiante, marcado por episodios de [&hellip;]","og_url":"https:\/\/informatepy.com\/2024\/2024\/12\/10\/pese-a-los-desafios-climaticos-hay-optimismo-en-el-sector-agropecuario-de-cara-al-2025\/","og_site_name":"Informate Py Creemos en la libertad de expresi\u00f3n y en la capacidad de la gente de reflexionar\u00a0por\u00a0si\u00a0misma","article_author":"https:\/\/www.facebook.com\/InformatePyCom","article_published_time":"2024-12-10T14:52:55+00:00","article_modified_time":"2024-12-10T14:52:59+00:00","og_image":[{"width":1280,"height":720,"url":"https:\/\/informatepy.com\/2024\/wp-content\/uploads\/2023\/08\/alfred-fast.jpg","type":"image\/jpeg"}],"author":"Redacci\u00f3n","twitter_card":"summary_large_image","twitter_creator":"@https:\/\/twitter.com\/InformatePy1","twitter_misc":{"Escrito por":"Redacci\u00f3n","Tiempo de lectura":"2 minutos"},"schema":{"@context":"https:\/\/schema.org","@graph":[{"@type":"Article","@id":"https:\/\/informatepy.com\/2024\/2024\/12\/10\/pese-a-los-desafios-climaticos-hay-optimismo-en-el-sector-agropecuario-de-cara-al-2025\/#article","isPartOf":{"@id":"https:\/\/informatepy.com\/2024\/2024\/12\/10\/pese-a-los-desafios-climaticos-hay-optimismo-en-el-sector-agropecuario-de-cara-al-2025\/"},"author":{"name":"Redacci\u00f3n","@id":"https:\/\/informatepy.com\/2024\/#\/schema\/person\/98728344b91c548ef8544c80daf58463"},"headline":"Pese a los desaf\u00edos clim\u00e1ticos hay optimismo en el sector agropecuario de cara al 2025","datePublished":"2024-12-10T14:52:55+00:00","dateModified":"2024-12-10T14:52:59+00:00","mainEntityOfPage":{"@id":"https:\/\/informatepy.com\/2024\/2024\/12\/10\/pese-a-los-desafios-climaticos-hay-optimismo-en-el-sector-agropecuario-de-cara-al-2025\/"},"wordCount":441,"commentCount":0,"publisher":{"@id":"https:\/\/informatepy.com\/2024\/#organization"},"image":{"@id":"https:\/\/informatepy.com\/2024\/2024\/12\/10\/pese-a-los-desafios-climaticos-hay-optimismo-en-el-sector-agropecuario-de-cara-al-2025\/#primaryimage"},"thumbnailUrl":"https:\/\/i0.wp.com\/informatepy.com\/2024\/wp-content\/uploads\/2023\/08\/alfred-fast.jpg?fit=1280%2C720&ssl=1","keywords":["agricultores","agricultura","Alfred Fast","destacada","fecoprod"],"articleSection":["Negocios"],"inLanguage":"es","potentialAction":[{"@type":"CommentAction","name":"Comment","target":["https:\/\/informatepy.com\/2024\/2024\/12\/10\/pese-a-los-desafios-climaticos-hay-optimismo-en-el-sector-agropecuario-de-cara-al-2025\/#respond"]}]},{"@type":"WebPage","@id":"https:\/\/informatepy.com\/2024\/2024\/12\/10\/pese-a-los-desafios-climaticos-hay-optimismo-en-el-sector-agropecuario-de-cara-al-2025\/","url":"https:\/\/informatepy.com\/2024\/2024\/12\/10\/pese-a-los-desafios-climaticos-hay-optimismo-en-el-sector-agropecuario-de-cara-al-2025\/","name":"Pese a los desaf\u00edos clim\u00e1ticos hay optimismo en el sector agropecuario de cara al 2025 - Informate Py Creemos en la libertad de expresi\u00f3n y en la capacidad de la gente de reflexionar\u00a0por\u00a0si\u00a0misma","isPartOf":{"@id":"https:\/\/informatepy.com\/2024\/#website"},"primaryImageOfPage":{"@id":"https:\/\/informatepy.com\/2024\/2024\/12\/10\/pese-a-los-desafios-climaticos-hay-optimismo-en-el-sector-agropecuario-de-cara-al-2025\/#primaryimage"},"image":{"@id":"https:\/\/informatepy.com\/2024\/2024\/12\/10\/pese-a-los-desafios-climaticos-hay-optimismo-en-el-sector-agropecuario-de-cara-al-2025\/#primaryimage"},"thumbnailUrl":"https:\/\/i0.wp.com\/informatepy.com\/2024\/wp-content\/uploads\/2023\/08\/alfred-fast.jpg?fit=1280%2C720&ssl=1","datePublished":"2024-12-10T14:52:55+00:00","dateModified":"2024-12-10T14:52:59+00:00","breadcrumb":{"@id":"https:\/\/informatepy.com\/2024\/2024\/12\/10\/pese-a-los-desafios-climaticos-hay-optimismo-en-el-sector-agropecuario-de-cara-al-2025\/#breadcrumb"},"inLanguage":"es","potentialAction":[{"@type":"ReadAction","target":["https:\/\/informatepy.com\/2024\/2024\/12\/10\/pese-a-los-desafios-climaticos-hay-optimismo-en-el-sector-agropecuario-de-cara-al-2025\/"]}]},{"@type":"ImageObject","inLanguage":"es","@id":"https:\/\/informatepy.com\/2024\/2024\/12\/10\/pese-a-los-desafios-climaticos-hay-optimismo-en-el-sector-agropecuario-de-cara-al-2025\/#primaryimage","url":"https:\/\/i0.wp.com\/informatepy.com\/2024\/wp-content\/uploads\/2023\/08\/alfred-fast.jpg?fit=1280%2C720&ssl=1","contentUrl":"https:\/\/i0.wp.com\/informatepy.com\/2024\/wp-content\/uploads\/2023\/08\/alfred-fast.jpg?fit=1280%2C720&ssl=1","width":1280,"height":720},{"@type":"BreadcrumbList","@id":"https:\/\/informatepy.com\/2024\/2024\/12\/10\/pese-a-los-desafios-climaticos-hay-optimismo-en-el-sector-agropecuario-de-cara-al-2025\/#breadcrumb","itemListElement":[{"@type":"ListItem","position":1,"name":"Portada","item":"https:\/\/informatepy.com\/2024\/"},{"@type":"ListItem","position":2,"name":"Pese a los desaf\u00edos clim\u00e1ticos hay optimismo en el sector agropecuario de cara al 2025"}]},{"@type":"WebSite","@id":"https:\/\/informatepy.com\/2024\/#website","url":"https:\/\/informatepy.com\/2024\/","name":"Informate Py Creemos en la libertad de expresi\u00f3n y en la capacidad de la gente de reflexionar\u00a0por\u00a0si\u00a0misma","description":"InformatePy","publisher":{"@id":"https:\/\/informatepy.com\/2024\/#organization"},"potentialAction":[{"@type":"SearchAction","target":{"@type":"EntryPoint","urlTemplate":"https:\/\/informatepy.com\/2024\/?s={search_term_string}"},"query-input":{"@type":"PropertyValueSpecification","valueRequired":true,"valueName":"search_term_string"}}],"inLanguage":"es"},{"@type":"Organization","@id":"https:\/\/informatepy.com\/2024\/#organization","name":"Informate Py Creemos en la libertad de expresi\u00f3n y en la capacidad de la gente de reflexionar\u00a0por\u00a0si\u00a0misma","url":"https:\/\/informatepy.com\/2024\/","logo":{"@type":"ImageObject","inLanguage":"es","@id":"https:\/\/informatepy.com\/2024\/#\/schema\/logo\/image\/","url":"https:\/\/i0.wp.com\/informatepy.com\/2024\/wp-content\/uploads\/2024\/02\/Logotipo-sin-fondo-informate-py500.png?fit=500%2C94&ssl=1","contentUrl":"https:\/\/i0.wp.com\/informatepy.com\/2024\/wp-content\/uploads\/2024\/02\/Logotipo-sin-fondo-informate-py500.png?fit=500%2C94&ssl=1","width":500,"height":94,"caption":"Informate Py Creemos en la libertad de expresi\u00f3n y en la capacidad de la gente de reflexionar\u00a0por\u00a0si\u00a0misma"},"image":{"@id":"https:\/\/informatepy.com\/2024\/#\/schema\/logo\/image\/"}},{"@type":"Person","@id":"https:\/\/informatepy.com\/2024\/#\/schema\/person\/98728344b91c548ef8544c80daf58463","name":"Redacci\u00f3n","image":{"@type":"ImageObject","inLanguage":"es","@id":"https:\/\/informatepy.com\/2024\/wp-content\/uploads\/2024\/02\/cropped-Isologo-sin-fondo.png9c354f01c536b2d49dbb929e96603401","url":"https:\/\/informatepy.com\/2024\/wp-content\/uploads\/2024\/02\/cropped-Isologo-sin-fondo.png","contentUrl":"https:\/\/informatepy.com\/2024\/wp-content\/uploads\/2024\/02\/cropped-Isologo-sin-fondo.png","caption":"Redacci\u00f3n"},"sameAs":["https:\/\/www.facebook.com\/InformatePyCom","https:\/\/x.com\/https:\/\/twitter.com\/InformatePy1"],"url":"https:\/\/informatepy.com\/2024\/author\/redaccion\/"}]}},"jetpack_featured_media_url":"https:\/\/i0.wp.com\/informatepy.com\/2024\/wp-content\/uploads\/2023\/08\/alfred-fast.jpg?fit=1280%2C720&ssl=1","jetpack-related-posts":[],"jetpack_sharing_enabled":true,"authors":[{"term_id":830,"user_id":3,"is_guest":0,"slug":"redaccion","display_name":"Redacci\u00f3n","avatar_url":{"url":"https:\/\/informatepy.com\/2024\/wp-content\/uploads\/2024\/02\/cropped-Isologo-sin-fondo.png","url2x":"https:\/\/informatepy.com\/2024\/wp-content\/uploads\/2024\/02\/cropped-Isologo-sin-fondo.png"},"author_category":"1","first_name":"Redacci\u00f3n","last_name":"","user_url":"","job_title":"","description":""}],"_links":{"self":[{"href":"https:\/\/informatepy.com\/2024\/wp-json\/wp\/v2\/posts\/28863","targetHints":{"allow":["GET"]}}],"collection":[{"href":"https:\/\/informatepy.com\/2024\/wp-json\/wp\/v2\/posts"}],"about":[{"href":"https:\/\/informatepy.com\/2024\/wp-json\/wp\/v2\/types\/post"}],"author":[{"embeddable":true,"href":"https:\/\/informatepy.com\/2024\/wp-json\/wp\/v2\/users\/3"}],"replies":[{"embeddable":true,"href":"https:\/\/informatepy.com\/2024\/wp-json\/wp\/v2\/comments?post=28863"}],"version-history":[{"count":1,"href":"https:\/\/informatepy.com\/2024\/wp-json\/wp\/v2\/posts\/28863\/revisions"}],"predecessor-version":[{"id":28864,"href":"https:\/\/informatepy.com\/2024\/wp-json\/wp\/v2\/posts\/28863\/revisions\/28864"}],"wp:featuredmedia":[{"embeddable":true,"href":"https:\/\/informatepy.com\/2024\/wp-json\/wp\/v2\/media\/11325"}],"wp:attachment":[{"href":"https:\/\/informatepy.com\/2024\/wp-json\/wp\/v2\/media?parent=28863"}],"wp:term":[{"taxonomy":"category","embeddable":true,"href":"https:\/\/informatepy.com\/2024\/wp-json\/wp\/v2\/categories?post=28863"},{"taxonomy":"post_tag","embeddable":true,"href":"https:\/\/informatepy.com\/2024\/wp-json\/wp\/v2\/tags?post=28863"},{"taxonomy":"jnews-series","embeddable":true,"href":"https:\/\/informatepy.com\/2024\/wp-json\/wp\/v2\/jnews-series?post=28863"},{"taxonomy":"author","embeddable":true,"href":"https:\/\/informatepy.com\/2024\/wp-json\/wp\/v2\/ppma_author?post=28863"}],"curies":[{"name":"wp","href":"https:\/\/api.w.org\/{rel}","templated":true}]}}