{"id":2825,"date":"2021-05-07T18:47:00","date_gmt":"2021-05-07T16:47:00","guid":{"rendered":"https:\/\/informatepy.com\/2024\/2021\/05\/07\/el-gobierno-veto-el-lenguaje-inclusivo-en-la-educacion-por-considerarlo-un-obstaculo\/"},"modified":"2021-05-07T18:47:00","modified_gmt":"2021-05-07T16:47:00","slug":"el-gobierno-veto-el-lenguaje-inclusivo-en-la-educacion-por-considerarlo-un-obstaculo","status":"publish","type":"post","link":"https:\/\/informatepy.com\/2024\/2021\/05\/07\/el-gobierno-veto-el-lenguaje-inclusivo-en-la-educacion-por-considerarlo-un-obstaculo\/","title":{"rendered":"El gobierno franc\u00e9s vet\u00f3 el lenguaje inclusivo en la educaci\u00f3n por considerarlo un obst\u00e1culo"},"content":{"rendered":"\n<p>El Gobierno franc\u00e9s considera que el&nbsp;<strong>lenguaje inclusivo<\/strong>, que incorpora un sufijo femenino en un sustantivo masculino a trav\u00e9s de un punto,&nbsp;<strong>constituye un obst\u00e1culo al aprendizaje de los alumnos y no debe ser usado<\/strong>&nbsp;como alternativa para la feminizaci\u00f3n de la lengua.<\/p>\n\n\n\n<p>La circular del ministro de Educaci\u00f3n,\u00a0<strong>Jean-Michel Blanquer<\/strong>, destac\u00f3 que la adopci\u00f3n de ese tipo de lenguaje\u00a0<strong>modifica el respeto de las reglas de concordancia \u201c<\/strong><em><strong>habitualmente esperadas en el marco de los programas de ense\u00f1anza\u201d<\/strong>.<\/em><\/p>\n\n\n\n<p>Tambi\u00e9n, sostuvo que <em>\u201c<strong>constituye un obst\u00e1culo a la comprensi\u00f3n de la escritura<\/strong>\u201d<\/em>, adem\u00e1s de afectar a la lectura en voz alta y a la pronunciaci\u00f3n, al no ser posible una transcripci\u00f3n oral de ese tipo de graf\u00edas.<\/p>\n","protected":false},"excerpt":{"rendered":"<p>El Gobierno franc\u00e9s considera que el&nbsp;lenguaje inclusivo, que incorpora un sufijo femenino en un sustantivo masculino a trav\u00e9s de un punto,&nbsp;constituye un obst\u00e1culo al aprendizaje de los alumnos y no debe ser usado&nbsp;como alternativa para la feminizaci\u00f3n de la lengua. La circular del ministro de Educaci\u00f3n,\u00a0Jean-Michel Blanquer, destac\u00f3 que la adopci\u00f3n de ese tipo de [&hellip;]<\/p>\n","protected":false},"author":3,"featured_media":2826,"comment_status":"closed","ping_status":"open","sticky":false,"template":"","format":"standard","meta":{"_jetpack_memberships_contains_paid_content":false,"jnews-multi-image_gallery":[],"jnews_single_post":[],"jnews_primary_category":[],"jnews_override_bookmark_settings":[],"jnews_food_recipe":[],"enable_food_recipe":"","food_recipe_title":"","food_recipe_description":"","food_recipe_serve":"","food_recipe_time":"","food_recipe_prep":"","food_recipe_level":"","food_recipe_keywords":"","food_recipe_category":"","food_recipe_cuisine":"","food_recipe_yield":"","food_recipe_calories":"","enable_print_recipe":"","ingredient":[],"instruction":"","jnews_social_meta":[],"jnews_paywall_metabox":[],"jnews_review":[],"enable_review":"","type":"","name":"","summary":"","brand":"","sku":"","good":[],"bad":[],"score_override":"","override_value":"","rating":[],"price":[],"jnews_override_counter":[],"jnews_post_split":[],"jnews_podcast_option":[],"jnews_podcast_series":[],"footnotes":""},"categories":[33],"tags":[391],"jnews-series":[],"ppma_author":[830],"class_list":["post-2825","post","type-post","status-publish","format-standard","has-post-thumbnail","hentry","category-mundo","tag-francia"],"yoast_head":"<!-- This site is optimized with the Yoast SEO plugin v27.5 - https:\/\/yoast.com\/product\/yoast-seo-wordpress\/ -->\n<title>El gobierno franc\u00e9s vet\u00f3 el lenguaje inclusivo en la educaci\u00f3n por considerarlo un obst\u00e1culo - Informate Py Creemos en la libertad de expresi\u00f3n y en la capacidad de la gente de reflexionar\u00a0por\u00a0si\u00a0misma<\/title>\n<meta name=\"robots\" content=\"index, follow, max-snippet:-1, max-image-preview:large, max-video-preview:-1\" \/>\n<link rel=\"canonical\" href=\"https:\/\/informatepy.com\/2024\/2021\/05\/07\/el-gobierno-veto-el-lenguaje-inclusivo-en-la-educacion-por-considerarlo-un-obstaculo\/\" \/>\n<meta property=\"og:locale\" content=\"es_ES\" \/>\n<meta property=\"og:type\" content=\"article\" \/>\n<meta property=\"og:title\" content=\"El gobierno franc\u00e9s vet\u00f3 el lenguaje inclusivo en la educaci\u00f3n por considerarlo un obst\u00e1culo - Informate Py Creemos en la libertad de expresi\u00f3n y en la capacidad de la gente de reflexionar\u00a0por\u00a0si\u00a0misma\" \/>\n<meta property=\"og:description\" content=\"El Gobierno franc\u00e9s considera que el&nbsp;lenguaje inclusivo, que incorpora un sufijo femenino en un sustantivo masculino a trav\u00e9s de un punto,&nbsp;constituye un obst\u00e1culo al aprendizaje de los alumnos y no debe ser usado&nbsp;como alternativa para la feminizaci\u00f3n de la lengua. La circular del ministro de Educaci\u00f3n,\u00a0Jean-Michel Blanquer, destac\u00f3 que la adopci\u00f3n de ese tipo de [&hellip;]\" \/>\n<meta property=\"og:url\" content=\"https:\/\/informatepy.com\/2024\/2021\/05\/07\/el-gobierno-veto-el-lenguaje-inclusivo-en-la-educacion-por-considerarlo-un-obstaculo\/\" \/>\n<meta property=\"og:site_name\" content=\"Informate Py Creemos en la libertad de expresi\u00f3n y en la capacidad de la gente de reflexionar\u00a0por\u00a0si\u00a0misma\" \/>\n<meta property=\"article:author\" content=\"https:\/\/www.facebook.com\/InformatePyCom\" \/>\n<meta property=\"article:published_time\" content=\"2021-05-07T16:47:00+00:00\" \/>\n<meta property=\"og:image\" content=\"https:\/\/i0.wp.com\/informatepy.com\/2024\/wp-content\/uploads\/2021\/05\/lenguaje-inclusivo.jpg?fit=1200%2C800&ssl=1\" \/>\n\t<meta property=\"og:image:width\" content=\"1200\" \/>\n\t<meta property=\"og:image:height\" content=\"800\" \/>\n\t<meta property=\"og:image:type\" content=\"image\/jpeg\" \/>\n<meta name=\"author\" content=\"Redacci\u00f3n\" \/>\n<meta name=\"twitter:card\" content=\"summary_large_image\" \/>\n<meta name=\"twitter:creator\" content=\"@https:\/\/twitter.com\/InformatePy1\" \/>\n<meta name=\"twitter:label1\" content=\"Escrito por\" \/>\n\t<meta name=\"twitter:data1\" content=\"Redacci\u00f3n\" \/>\n\t<meta name=\"twitter:label2\" content=\"Tiempo de lectura\" \/>\n\t<meta name=\"twitter:data2\" content=\"1 minuto\" \/>\n<script type=\"application\/ld+json\" class=\"yoast-schema-graph\">{\"@context\":\"https:\\\/\\\/schema.org\",\"@graph\":[{\"@type\":\"Article\",\"@id\":\"https:\\\/\\\/informatepy.com\\\/2024\\\/2021\\\/05\\\/07\\\/el-gobierno-veto-el-lenguaje-inclusivo-en-la-educacion-por-considerarlo-un-obstaculo\\\/#article\",\"isPartOf\":{\"@id\":\"https:\\\/\\\/informatepy.com\\\/2024\\\/2021\\\/05\\\/07\\\/el-gobierno-veto-el-lenguaje-inclusivo-en-la-educacion-por-considerarlo-un-obstaculo\\\/\"},\"author\":{\"name\":\"Redacci\u00f3n\",\"@id\":\"https:\\\/\\\/informatepy.com\\\/2024\\\/#\\\/schema\\\/person\\\/98728344b91c548ef8544c80daf58463\"},\"headline\":\"El gobierno franc\u00e9s vet\u00f3 el lenguaje inclusivo en la educaci\u00f3n por considerarlo un obst\u00e1culo\",\"datePublished\":\"2021-05-07T16:47:00+00:00\",\"mainEntityOfPage\":{\"@id\":\"https:\\\/\\\/informatepy.com\\\/2024\\\/2021\\\/05\\\/07\\\/el-gobierno-veto-el-lenguaje-inclusivo-en-la-educacion-por-considerarlo-un-obstaculo\\\/\"},\"wordCount\":149,\"publisher\":{\"@id\":\"https:\\\/\\\/informatepy.com\\\/2024\\\/#organization\"},\"image\":{\"@id\":\"https:\\\/\\\/informatepy.com\\\/2024\\\/2021\\\/05\\\/07\\\/el-gobierno-veto-el-lenguaje-inclusivo-en-la-educacion-por-considerarlo-un-obstaculo\\\/#primaryimage\"},\"thumbnailUrl\":\"https:\\\/\\\/i0.wp.com\\\/informatepy.com\\\/2024\\\/wp-content\\\/uploads\\\/2021\\\/05\\\/lenguaje-inclusivo.jpg?fit=1200%2C800&ssl=1\",\"keywords\":[\"francia\"],\"articleSection\":[\"Mundo\"],\"inLanguage\":\"es\"},{\"@type\":\"WebPage\",\"@id\":\"https:\\\/\\\/informatepy.com\\\/2024\\\/2021\\\/05\\\/07\\\/el-gobierno-veto-el-lenguaje-inclusivo-en-la-educacion-por-considerarlo-un-obstaculo\\\/\",\"url\":\"https:\\\/\\\/informatepy.com\\\/2024\\\/2021\\\/05\\\/07\\\/el-gobierno-veto-el-lenguaje-inclusivo-en-la-educacion-por-considerarlo-un-obstaculo\\\/\",\"name\":\"El gobierno franc\u00e9s vet\u00f3 el lenguaje inclusivo en la educaci\u00f3n por considerarlo un obst\u00e1culo - Informate Py Creemos en la libertad de expresi\u00f3n y en la capacidad de la gente de reflexionar\u00a0por\u00a0si\u00a0misma\",\"isPartOf\":{\"@id\":\"https:\\\/\\\/informatepy.com\\\/2024\\\/#website\"},\"primaryImageOfPage\":{\"@id\":\"https:\\\/\\\/informatepy.com\\\/2024\\\/2021\\\/05\\\/07\\\/el-gobierno-veto-el-lenguaje-inclusivo-en-la-educacion-por-considerarlo-un-obstaculo\\\/#primaryimage\"},\"image\":{\"@id\":\"https:\\\/\\\/informatepy.com\\\/2024\\\/2021\\\/05\\\/07\\\/el-gobierno-veto-el-lenguaje-inclusivo-en-la-educacion-por-considerarlo-un-obstaculo\\\/#primaryimage\"},\"thumbnailUrl\":\"https:\\\/\\\/i0.wp.com\\\/informatepy.com\\\/2024\\\/wp-content\\\/uploads\\\/2021\\\/05\\\/lenguaje-inclusivo.jpg?fit=1200%2C800&ssl=1\",\"datePublished\":\"2021-05-07T16:47:00+00:00\",\"breadcrumb\":{\"@id\":\"https:\\\/\\\/informatepy.com\\\/2024\\\/2021\\\/05\\\/07\\\/el-gobierno-veto-el-lenguaje-inclusivo-en-la-educacion-por-considerarlo-un-obstaculo\\\/#breadcrumb\"},\"inLanguage\":\"es\",\"potentialAction\":[{\"@type\":\"ReadAction\",\"target\":[\"https:\\\/\\\/informatepy.com\\\/2024\\\/2021\\\/05\\\/07\\\/el-gobierno-veto-el-lenguaje-inclusivo-en-la-educacion-por-considerarlo-un-obstaculo\\\/\"]}]},{\"@type\":\"ImageObject\",\"inLanguage\":\"es\",\"@id\":\"https:\\\/\\\/informatepy.com\\\/2024\\\/2021\\\/05\\\/07\\\/el-gobierno-veto-el-lenguaje-inclusivo-en-la-educacion-por-considerarlo-un-obstaculo\\\/#primaryimage\",\"url\":\"https:\\\/\\\/i0.wp.com\\\/informatepy.com\\\/2024\\\/wp-content\\\/uploads\\\/2021\\\/05\\\/lenguaje-inclusivo.jpg?fit=1200%2C800&ssl=1\",\"contentUrl\":\"https:\\\/\\\/i0.wp.com\\\/informatepy.com\\\/2024\\\/wp-content\\\/uploads\\\/2021\\\/05\\\/lenguaje-inclusivo.jpg?fit=1200%2C800&ssl=1\",\"width\":1200,\"height\":800},{\"@type\":\"BreadcrumbList\",\"@id\":\"https:\\\/\\\/informatepy.com\\\/2024\\\/2021\\\/05\\\/07\\\/el-gobierno-veto-el-lenguaje-inclusivo-en-la-educacion-por-considerarlo-un-obstaculo\\\/#breadcrumb\",\"itemListElement\":[{\"@type\":\"ListItem\",\"position\":1,\"name\":\"Portada\",\"item\":\"https:\\\/\\\/informatepy.com\\\/2024\\\/\"},{\"@type\":\"ListItem\",\"position\":2,\"name\":\"El gobierno franc\u00e9s vet\u00f3 el lenguaje inclusivo en la educaci\u00f3n por considerarlo un obst\u00e1culo\"}]},{\"@type\":\"WebSite\",\"@id\":\"https:\\\/\\\/informatepy.com\\\/2024\\\/#website\",\"url\":\"https:\\\/\\\/informatepy.com\\\/2024\\\/\",\"name\":\"Informate Py Creemos en la libertad de expresi\u00f3n y en la capacidad de la gente de reflexionar\u00a0por\u00a0si\u00a0misma\",\"description\":\"InformatePy\",\"publisher\":{\"@id\":\"https:\\\/\\\/informatepy.com\\\/2024\\\/#organization\"},\"potentialAction\":[{\"@type\":\"SearchAction\",\"target\":{\"@type\":\"EntryPoint\",\"urlTemplate\":\"https:\\\/\\\/informatepy.com\\\/2024\\\/?s={search_term_string}\"},\"query-input\":{\"@type\":\"PropertyValueSpecification\",\"valueRequired\":true,\"valueName\":\"search_term_string\"}}],\"inLanguage\":\"es\"},{\"@type\":\"Organization\",\"@id\":\"https:\\\/\\\/informatepy.com\\\/2024\\\/#organization\",\"name\":\"Informate Py Creemos en la libertad de expresi\u00f3n y en la capacidad de la gente de reflexionar\u00a0por\u00a0si\u00a0misma\",\"url\":\"https:\\\/\\\/informatepy.com\\\/2024\\\/\",\"logo\":{\"@type\":\"ImageObject\",\"inLanguage\":\"es\",\"@id\":\"https:\\\/\\\/informatepy.com\\\/2024\\\/#\\\/schema\\\/logo\\\/image\\\/\",\"url\":\"https:\\\/\\\/i0.wp.com\\\/informatepy.com\\\/2024\\\/wp-content\\\/uploads\\\/2024\\\/02\\\/Logotipo-sin-fondo-informate-py500.png?fit=500%2C94&ssl=1\",\"contentUrl\":\"https:\\\/\\\/i0.wp.com\\\/informatepy.com\\\/2024\\\/wp-content\\\/uploads\\\/2024\\\/02\\\/Logotipo-sin-fondo-informate-py500.png?fit=500%2C94&ssl=1\",\"width\":500,\"height\":94,\"caption\":\"Informate Py Creemos en la libertad de expresi\u00f3n y en la capacidad de la gente de reflexionar\u00a0por\u00a0si\u00a0misma\"},\"image\":{\"@id\":\"https:\\\/\\\/informatepy.com\\\/2024\\\/#\\\/schema\\\/logo\\\/image\\\/\"}},{\"@type\":\"Person\",\"@id\":\"https:\\\/\\\/informatepy.com\\\/2024\\\/#\\\/schema\\\/person\\\/98728344b91c548ef8544c80daf58463\",\"name\":\"Redacci\u00f3n\",\"image\":{\"@type\":\"ImageObject\",\"inLanguage\":\"es\",\"@id\":\"https:\\\/\\\/informatepy.com\\\/2024\\\/wp-content\\\/uploads\\\/2024\\\/02\\\/cropped-Isologo-sin-fondo.png9c354f01c536b2d49dbb929e96603401\",\"url\":\"https:\\\/\\\/informatepy.com\\\/2024\\\/wp-content\\\/uploads\\\/2024\\\/02\\\/cropped-Isologo-sin-fondo.png\",\"contentUrl\":\"https:\\\/\\\/informatepy.com\\\/2024\\\/wp-content\\\/uploads\\\/2024\\\/02\\\/cropped-Isologo-sin-fondo.png\",\"caption\":\"Redacci\u00f3n\"},\"sameAs\":[\"https:\\\/\\\/www.facebook.com\\\/InformatePyCom\",\"https:\\\/\\\/x.com\\\/https:\\\/\\\/twitter.com\\\/InformatePy1\"],\"url\":\"https:\\\/\\\/informatepy.com\\\/2024\\\/author\\\/redaccion\\\/\"}]}<\/script>\n<!-- \/ Yoast SEO plugin. -->","yoast_head_json":{"title":"El gobierno franc\u00e9s vet\u00f3 el lenguaje inclusivo en la educaci\u00f3n por considerarlo un obst\u00e1culo - Informate Py Creemos en la libertad de expresi\u00f3n y en la capacidad de la gente de reflexionar\u00a0por\u00a0si\u00a0misma","robots":{"index":"index","follow":"follow","max-snippet":"max-snippet:-1","max-image-preview":"max-image-preview:large","max-video-preview":"max-video-preview:-1"},"canonical":"https:\/\/informatepy.com\/2024\/2021\/05\/07\/el-gobierno-veto-el-lenguaje-inclusivo-en-la-educacion-por-considerarlo-un-obstaculo\/","og_locale":"es_ES","og_type":"article","og_title":"El gobierno franc\u00e9s vet\u00f3 el lenguaje inclusivo en la educaci\u00f3n por considerarlo un obst\u00e1culo - Informate Py Creemos en la libertad de expresi\u00f3n y en la capacidad de la gente de reflexionar\u00a0por\u00a0si\u00a0misma","og_description":"El Gobierno franc\u00e9s considera que el&nbsp;lenguaje inclusivo, que incorpora un sufijo femenino en un sustantivo masculino a trav\u00e9s de un punto,&nbsp;constituye un obst\u00e1culo al aprendizaje de los alumnos y no debe ser usado&nbsp;como alternativa para la feminizaci\u00f3n de la lengua. La circular del ministro de Educaci\u00f3n,\u00a0Jean-Michel Blanquer, destac\u00f3 que la adopci\u00f3n de ese tipo de [&hellip;]","og_url":"https:\/\/informatepy.com\/2024\/2021\/05\/07\/el-gobierno-veto-el-lenguaje-inclusivo-en-la-educacion-por-considerarlo-un-obstaculo\/","og_site_name":"Informate Py Creemos en la libertad de expresi\u00f3n y en la capacidad de la gente de reflexionar\u00a0por\u00a0si\u00a0misma","article_author":"https:\/\/www.facebook.com\/InformatePyCom","article_published_time":"2021-05-07T16:47:00+00:00","og_image":[{"width":1200,"height":800,"url":"https:\/\/i0.wp.com\/informatepy.com\/2024\/wp-content\/uploads\/2021\/05\/lenguaje-inclusivo.jpg?fit=1200%2C800&ssl=1","type":"image\/jpeg"}],"author":"Redacci\u00f3n","twitter_card":"summary_large_image","twitter_creator":"@https:\/\/twitter.com\/InformatePy1","twitter_misc":{"Escrito por":"Redacci\u00f3n","Tiempo de lectura":"1 minuto"},"schema":{"@context":"https:\/\/schema.org","@graph":[{"@type":"Article","@id":"https:\/\/informatepy.com\/2024\/2021\/05\/07\/el-gobierno-veto-el-lenguaje-inclusivo-en-la-educacion-por-considerarlo-un-obstaculo\/#article","isPartOf":{"@id":"https:\/\/informatepy.com\/2024\/2021\/05\/07\/el-gobierno-veto-el-lenguaje-inclusivo-en-la-educacion-por-considerarlo-un-obstaculo\/"},"author":{"name":"Redacci\u00f3n","@id":"https:\/\/informatepy.com\/2024\/#\/schema\/person\/98728344b91c548ef8544c80daf58463"},"headline":"El gobierno franc\u00e9s vet\u00f3 el lenguaje inclusivo en la educaci\u00f3n por considerarlo un obst\u00e1culo","datePublished":"2021-05-07T16:47:00+00:00","mainEntityOfPage":{"@id":"https:\/\/informatepy.com\/2024\/2021\/05\/07\/el-gobierno-veto-el-lenguaje-inclusivo-en-la-educacion-por-considerarlo-un-obstaculo\/"},"wordCount":149,"publisher":{"@id":"https:\/\/informatepy.com\/2024\/#organization"},"image":{"@id":"https:\/\/informatepy.com\/2024\/2021\/05\/07\/el-gobierno-veto-el-lenguaje-inclusivo-en-la-educacion-por-considerarlo-un-obstaculo\/#primaryimage"},"thumbnailUrl":"https:\/\/i0.wp.com\/informatepy.com\/2024\/wp-content\/uploads\/2021\/05\/lenguaje-inclusivo.jpg?fit=1200%2C800&ssl=1","keywords":["francia"],"articleSection":["Mundo"],"inLanguage":"es"},{"@type":"WebPage","@id":"https:\/\/informatepy.com\/2024\/2021\/05\/07\/el-gobierno-veto-el-lenguaje-inclusivo-en-la-educacion-por-considerarlo-un-obstaculo\/","url":"https:\/\/informatepy.com\/2024\/2021\/05\/07\/el-gobierno-veto-el-lenguaje-inclusivo-en-la-educacion-por-considerarlo-un-obstaculo\/","name":"El gobierno franc\u00e9s vet\u00f3 el lenguaje inclusivo en la educaci\u00f3n por considerarlo un obst\u00e1culo - Informate Py Creemos en la libertad de expresi\u00f3n y en la capacidad de la gente de reflexionar\u00a0por\u00a0si\u00a0misma","isPartOf":{"@id":"https:\/\/informatepy.com\/2024\/#website"},"primaryImageOfPage":{"@id":"https:\/\/informatepy.com\/2024\/2021\/05\/07\/el-gobierno-veto-el-lenguaje-inclusivo-en-la-educacion-por-considerarlo-un-obstaculo\/#primaryimage"},"image":{"@id":"https:\/\/informatepy.com\/2024\/2021\/05\/07\/el-gobierno-veto-el-lenguaje-inclusivo-en-la-educacion-por-considerarlo-un-obstaculo\/#primaryimage"},"thumbnailUrl":"https:\/\/i0.wp.com\/informatepy.com\/2024\/wp-content\/uploads\/2021\/05\/lenguaje-inclusivo.jpg?fit=1200%2C800&ssl=1","datePublished":"2021-05-07T16:47:00+00:00","breadcrumb":{"@id":"https:\/\/informatepy.com\/2024\/2021\/05\/07\/el-gobierno-veto-el-lenguaje-inclusivo-en-la-educacion-por-considerarlo-un-obstaculo\/#breadcrumb"},"inLanguage":"es","potentialAction":[{"@type":"ReadAction","target":["https:\/\/informatepy.com\/2024\/2021\/05\/07\/el-gobierno-veto-el-lenguaje-inclusivo-en-la-educacion-por-considerarlo-un-obstaculo\/"]}]},{"@type":"ImageObject","inLanguage":"es","@id":"https:\/\/informatepy.com\/2024\/2021\/05\/07\/el-gobierno-veto-el-lenguaje-inclusivo-en-la-educacion-por-considerarlo-un-obstaculo\/#primaryimage","url":"https:\/\/i0.wp.com\/informatepy.com\/2024\/wp-content\/uploads\/2021\/05\/lenguaje-inclusivo.jpg?fit=1200%2C800&ssl=1","contentUrl":"https:\/\/i0.wp.com\/informatepy.com\/2024\/wp-content\/uploads\/2021\/05\/lenguaje-inclusivo.jpg?fit=1200%2C800&ssl=1","width":1200,"height":800},{"@type":"BreadcrumbList","@id":"https:\/\/informatepy.com\/2024\/2021\/05\/07\/el-gobierno-veto-el-lenguaje-inclusivo-en-la-educacion-por-considerarlo-un-obstaculo\/#breadcrumb","itemListElement":[{"@type":"ListItem","position":1,"name":"Portada","item":"https:\/\/informatepy.com\/2024\/"},{"@type":"ListItem","position":2,"name":"El gobierno franc\u00e9s vet\u00f3 el lenguaje inclusivo en la educaci\u00f3n por considerarlo un obst\u00e1culo"}]},{"@type":"WebSite","@id":"https:\/\/informatepy.com\/2024\/#website","url":"https:\/\/informatepy.com\/2024\/","name":"Informate Py Creemos en la libertad de expresi\u00f3n y en la capacidad de la gente de reflexionar\u00a0por\u00a0si\u00a0misma","description":"InformatePy","publisher":{"@id":"https:\/\/informatepy.com\/2024\/#organization"},"potentialAction":[{"@type":"SearchAction","target":{"@type":"EntryPoint","urlTemplate":"https:\/\/informatepy.com\/2024\/?s={search_term_string}"},"query-input":{"@type":"PropertyValueSpecification","valueRequired":true,"valueName":"search_term_string"}}],"inLanguage":"es"},{"@type":"Organization","@id":"https:\/\/informatepy.com\/2024\/#organization","name":"Informate Py Creemos en la libertad de expresi\u00f3n y en la capacidad de la gente de reflexionar\u00a0por\u00a0si\u00a0misma","url":"https:\/\/informatepy.com\/2024\/","logo":{"@type":"ImageObject","inLanguage":"es","@id":"https:\/\/informatepy.com\/2024\/#\/schema\/logo\/image\/","url":"https:\/\/i0.wp.com\/informatepy.com\/2024\/wp-content\/uploads\/2024\/02\/Logotipo-sin-fondo-informate-py500.png?fit=500%2C94&ssl=1","contentUrl":"https:\/\/i0.wp.com\/informatepy.com\/2024\/wp-content\/uploads\/2024\/02\/Logotipo-sin-fondo-informate-py500.png?fit=500%2C94&ssl=1","width":500,"height":94,"caption":"Informate Py Creemos en la libertad de expresi\u00f3n y en la capacidad de la gente de reflexionar\u00a0por\u00a0si\u00a0misma"},"image":{"@id":"https:\/\/informatepy.com\/2024\/#\/schema\/logo\/image\/"}},{"@type":"Person","@id":"https:\/\/informatepy.com\/2024\/#\/schema\/person\/98728344b91c548ef8544c80daf58463","name":"Redacci\u00f3n","image":{"@type":"ImageObject","inLanguage":"es","@id":"https:\/\/informatepy.com\/2024\/wp-content\/uploads\/2024\/02\/cropped-Isologo-sin-fondo.png9c354f01c536b2d49dbb929e96603401","url":"https:\/\/informatepy.com\/2024\/wp-content\/uploads\/2024\/02\/cropped-Isologo-sin-fondo.png","contentUrl":"https:\/\/informatepy.com\/2024\/wp-content\/uploads\/2024\/02\/cropped-Isologo-sin-fondo.png","caption":"Redacci\u00f3n"},"sameAs":["https:\/\/www.facebook.com\/InformatePyCom","https:\/\/x.com\/https:\/\/twitter.com\/InformatePy1"],"url":"https:\/\/informatepy.com\/2024\/author\/redaccion\/"}]}},"jetpack_featured_media_url":"https:\/\/i0.wp.com\/informatepy.com\/2024\/wp-content\/uploads\/2021\/05\/lenguaje-inclusivo.jpg?fit=1200%2C800&ssl=1","jetpack-related-posts":[],"jetpack_sharing_enabled":true,"authors":[{"term_id":830,"user_id":3,"is_guest":0,"slug":"redaccion","display_name":"Redacci\u00f3n","avatar_url":{"url":"https:\/\/informatepy.com\/2024\/wp-content\/uploads\/2024\/02\/cropped-Isologo-sin-fondo.png","url2x":"https:\/\/informatepy.com\/2024\/wp-content\/uploads\/2024\/02\/cropped-Isologo-sin-fondo.png"},"author_category":"1","first_name":"Redacci\u00f3n","last_name":"","user_url":"","job_title":"","description":""}],"_links":{"self":[{"href":"https:\/\/informatepy.com\/2024\/wp-json\/wp\/v2\/posts\/2825","targetHints":{"allow":["GET"]}}],"collection":[{"href":"https:\/\/informatepy.com\/2024\/wp-json\/wp\/v2\/posts"}],"about":[{"href":"https:\/\/informatepy.com\/2024\/wp-json\/wp\/v2\/types\/post"}],"author":[{"embeddable":true,"href":"https:\/\/informatepy.com\/2024\/wp-json\/wp\/v2\/users\/3"}],"replies":[{"embeddable":true,"href":"https:\/\/informatepy.com\/2024\/wp-json\/wp\/v2\/comments?post=2825"}],"version-history":[{"count":0,"href":"https:\/\/informatepy.com\/2024\/wp-json\/wp\/v2\/posts\/2825\/revisions"}],"wp:featuredmedia":[{"embeddable":true,"href":"https:\/\/informatepy.com\/2024\/wp-json\/wp\/v2\/media\/2826"}],"wp:attachment":[{"href":"https:\/\/informatepy.com\/2024\/wp-json\/wp\/v2\/media?parent=2825"}],"wp:term":[{"taxonomy":"category","embeddable":true,"href":"https:\/\/informatepy.com\/2024\/wp-json\/wp\/v2\/categories?post=2825"},{"taxonomy":"post_tag","embeddable":true,"href":"https:\/\/informatepy.com\/2024\/wp-json\/wp\/v2\/tags?post=2825"},{"taxonomy":"jnews-series","embeddable":true,"href":"https:\/\/informatepy.com\/2024\/wp-json\/wp\/v2\/jnews-series?post=2825"},{"taxonomy":"author","embeddable":true,"href":"https:\/\/informatepy.com\/2024\/wp-json\/wp\/v2\/ppma_author?post=2825"}],"curies":[{"name":"wp","href":"https:\/\/api.w.org\/{rel}","templated":true}]}}