{"id":26962,"date":"2024-08-26T04:00:00","date_gmt":"2024-08-26T07:00:00","guid":{"rendered":"https:\/\/informatepy.com\/2024\/?p=26962"},"modified":"2024-08-26T08:02:27","modified_gmt":"2024-08-26T11:02:27","slug":"fecoprod-celebro-49-anos-de-compromiso-con-el-cooperativismo-y-el-desarrollo-rural","status":"publish","type":"post","link":"https:\/\/informatepy.com\/2024\/2024\/08\/26\/fecoprod-celebro-49-anos-de-compromiso-con-el-cooperativismo-y-el-desarrollo-rural\/","title":{"rendered":"Fecoprod celebr\u00f3 49 a\u00f1os de compromiso con el cooperativismo y el desarrollo rural"},"content":{"rendered":"\n<p>La <strong>Federaci\u00f3n de Cooperativas de Producci\u00f3n (Fecoprod)<\/strong> celebr\u00f3 su 49\u00b0 aniversario, destacando casi medio siglo de trabajo dedicado a la prosperidad de sus miembros y al fortalecimiento del cooperativismo en Paraguay. Desde su fundaci\u00f3n, Fecoprod ha sido un pilar fundamental en la promoci\u00f3n del desarrollo econ\u00f3mico y social del sector rural, garantizando que los peque\u00f1os y medianos productores puedan acceder a mejores oportunidades de crecimiento y bienestar.<\/p>\n\n\n\n<p>Durante la conmemoraci\u00f3n, el <strong>Ing. Alfred Fast,<\/strong> una figura clave en el movimiento cooperativista, aprovech\u00f3 la ocasi\u00f3n para subrayar la importancia del sector agropecuario en la econom\u00eda nacional. Fast destac\u00f3 que las cooperativas de producci\u00f3n no solo han demostrado su capacidad para trabajar el campo, sino que tambi\u00e9n han sabido desarrollar toda la cadena de valor, desde la producci\u00f3n primaria hasta la comercializaci\u00f3n. Esta capacidad para abarcar toda la cadena productiva es esencial para asegurar que los beneficios econ\u00f3micos lleguen a las bases de la sociedad rural, promoviendo un desarrollo m\u00e1s equitativo y sostenible.<\/p>\n\n\n\n<p>Sin embargo, el Ing. Fast tambi\u00e9n hizo hincapi\u00e9 en la necesidad urgente de contar con pol\u00edticas p\u00fablicas que apoyen y acompa\u00f1en el esfuerzo de las cooperativas. Subray\u00f3 que, aunque el sector ha mostrado su fortaleza y capacidad de adaptaci\u00f3n, el entorno regulatorio y las pol\u00edticas gubernamentales juegan un papel crucial en su \u00e9xito. La falta de pol\u00edticas adecuadas puede limitar el potencial de las cooperativas y, por ende, el desarrollo rural en general.<\/p>\n\n\n\n<p>En este contexto, Fecoprod ha establecido objetivos claros para seguir apoyando a sus cooperativas de base. Entre estos objetivos se encuentra la defensa proactiva de los intereses del sector, la formaci\u00f3n continua de sus miembros, y el apoyo t\u00e9cnico para mejorar la eficiencia y competitividad de las cooperativas. Estos esfuerzos no solo buscan fortalecer el cooperativismo, sino tambi\u00e9n asegurar que las cooperativas puedan seguir contribuyendo al desarrollo econ\u00f3mico y social de sus comunidades.<\/p>\n\n\n\n<p>El compromiso de Fecoprod con sus miembros y el cooperativismo en general sigue siendo firme, y su labor a lo largo de estos 49 a\u00f1os es un testimonio del impacto positivo que el movimiento cooperativo puede tener en la sociedad. Al mirar hacia el futuro, Fecoprod continuar\u00e1 trabajando para que las cooperativas de producci\u00f3n sean un motor de desarrollo y prosperidad para las generaciones venideras en Paraguay.<\/p>\n","protected":false},"excerpt":{"rendered":"<p>La Federaci\u00f3n de Cooperativas de Producci\u00f3n (Fecoprod) celebr\u00f3 su 49\u00b0 aniversario, destacando casi medio siglo de trabajo dedicado a la prosperidad de sus miembros y al fortalecimiento del cooperativismo en Paraguay. Desde su fundaci\u00f3n, Fecoprod ha sido un pilar fundamental en la promoci\u00f3n del desarrollo econ\u00f3mico y social del sector rural, garantizando que los peque\u00f1os [&hellip;]<\/p>\n","protected":false},"author":3,"featured_media":26963,"comment_status":"open","ping_status":"open","sticky":false,"template":"","format":"standard","meta":{"_jetpack_memberships_contains_paid_content":false,"jnews-multi-image_gallery":[],"jnews_single_post":{"subtitle":"","format":"standard","video":"","gallery":"","source_name":"","source_url":"","via_name":"","via_url":"","override_template":"0","override":[{"template":"2","single_blog_custom":"","parallax":"1","fullscreen":"1","layout":"right-sidebar","sidebar":"default-sidebar","second_sidebar":"default-sidebar","sticky_sidebar":"1","share_position":"top","share_float_style":"share-monocrhome","show_share_counter":"0","show_view_counter":"0","show_featured":"1","show_post_meta":"1","show_post_author":"1","show_post_author_image":"0","show_post_date":"1","post_date_format":"default","post_date_format_custom":"Y\/m\/d","show_post_category":"1","show_post_reading_time":"0","post_reading_time_wpm":"300","show_zoom_button":"0","zoom_button_out_step":"2","zoom_button_in_step":"3","show_post_tag":"1","show_prev_next_post":"0","show_popup_post":"1","number_popup_post":"1","show_author_box":"1","show_post_related":"0","show_inline_post_related":"0"}],"override_image_size":"0","image_override":[{"single_post_thumbnail_size":"crop-500","single_post_gallery_size":"crop-500"}],"trending_post":"0","trending_post_position":"meta","trending_post_label":"Trending","sponsored_post":"0","sponsored_post_label":"Sponsored by","sponsored_post_name":"","sponsored_post_url":"","sponsored_post_logo_enable":"0","sponsored_post_logo":"","sponsored_post_desc":"","disable_ad":"0"},"jnews_primary_category":{"id":"","hide":""},"jnews_override_bookmark_settings":[],"jnews_food_recipe":[],"enable_food_recipe":"","food_recipe_title":"","food_recipe_description":"","food_recipe_serve":"","food_recipe_time":"","food_recipe_prep":"","food_recipe_level":"","food_recipe_keywords":"","food_recipe_category":"","food_recipe_cuisine":"","food_recipe_yield":"","food_recipe_calories":"","enable_print_recipe":"","ingredient":[],"instruction":"","jnews_social_meta":{"fb_title":"","fb_description":"","fb_image":"","twitter_title":"","twitter_description":"","twitter_image":""},"jnews_paywall_metabox":[],"jnews_review":[],"enable_review":"","type":"","name":"","summary":"","brand":"","sku":"","good":[],"bad":[],"score_override":"","override_value":"","rating":[],"price":[],"jnews_override_counter":{"override_view_counter":"0","view_counter_number":"0","override_share_counter":"0","share_counter_number":"0","override_like_counter":"0","like_counter_number":"0","override_dislike_counter":"0","dislike_counter_number":"0"},"jnews_post_split":{"enable_post_split":"0","post_split":[{"template":"1","tag":"h2","numbering":"asc","mode":"normal","first":"0","enable_toc":"0","toc_type":"normal"}]},"jnews_podcast_option":[],"jnews_podcast_series":[],"footnotes":""},"categories":[46],"tags":[],"jnews-series":[],"ppma_author":[830],"class_list":["post-26962","post","type-post","status-publish","format-standard","has-post-thumbnail","hentry","category-negocios"],"yoast_head":"<!-- This site is optimized with the Yoast SEO plugin v27.4 - https:\/\/yoast.com\/product\/yoast-seo-wordpress\/ -->\n<title>Fecoprod celebr\u00f3 49 a\u00f1os de compromiso con el cooperativismo y el desarrollo rural - Informate Py Creemos en la libertad de expresi\u00f3n y en la capacidad de la gente de reflexionar\u00a0por\u00a0si\u00a0misma<\/title>\n<meta name=\"robots\" content=\"index, follow, max-snippet:-1, max-image-preview:large, max-video-preview:-1\" \/>\n<link rel=\"canonical\" href=\"https:\/\/informatepy.com\/2024\/2024\/08\/26\/fecoprod-celebro-49-anos-de-compromiso-con-el-cooperativismo-y-el-desarrollo-rural\/\" \/>\n<meta property=\"og:locale\" content=\"es_ES\" \/>\n<meta property=\"og:type\" content=\"article\" \/>\n<meta property=\"og:title\" content=\"Fecoprod celebr\u00f3 49 a\u00f1os de compromiso con el cooperativismo y el desarrollo rural - Informate Py Creemos en la libertad de expresi\u00f3n y en la capacidad de la gente de reflexionar\u00a0por\u00a0si\u00a0misma\" \/>\n<meta property=\"og:description\" content=\"La Federaci\u00f3n de Cooperativas de Producci\u00f3n (Fecoprod) celebr\u00f3 su 49\u00b0 aniversario, destacando casi medio siglo de trabajo dedicado a la prosperidad de sus miembros y al fortalecimiento del cooperativismo en Paraguay. Desde su fundaci\u00f3n, Fecoprod ha sido un pilar fundamental en la promoci\u00f3n del desarrollo econ\u00f3mico y social del sector rural, garantizando que los peque\u00f1os [&hellip;]\" \/>\n<meta property=\"og:url\" content=\"https:\/\/informatepy.com\/2024\/2024\/08\/26\/fecoprod-celebro-49-anos-de-compromiso-con-el-cooperativismo-y-el-desarrollo-rural\/\" \/>\n<meta property=\"og:site_name\" content=\"Informate Py Creemos en la libertad de expresi\u00f3n y en la capacidad de la gente de reflexionar\u00a0por\u00a0si\u00a0misma\" \/>\n<meta property=\"article:author\" content=\"https:\/\/www.facebook.com\/InformatePyCom\" \/>\n<meta property=\"article:published_time\" content=\"2024-08-26T07:00:00+00:00\" \/>\n<meta property=\"article:modified_time\" content=\"2024-08-26T11:02:27+00:00\" \/>\n<meta property=\"og:image\" content=\"https:\/\/informatepy.com\/2024\/wp-content\/uploads\/2024\/08\/fecoprod-49-aniversario.jpg\" \/>\n\t<meta property=\"og:image:width\" content=\"1280\" \/>\n\t<meta property=\"og:image:height\" content=\"720\" \/>\n\t<meta property=\"og:image:type\" content=\"image\/jpeg\" \/>\n<meta name=\"author\" content=\"Redacci\u00f3n\" \/>\n<meta name=\"twitter:card\" content=\"summary_large_image\" \/>\n<meta name=\"twitter:creator\" content=\"@https:\/\/twitter.com\/InformatePy1\" \/>\n<meta name=\"twitter:label1\" content=\"Escrito por\" \/>\n\t<meta name=\"twitter:data1\" content=\"Redacci\u00f3n\" \/>\n\t<meta name=\"twitter:label2\" content=\"Tiempo de lectura\" \/>\n\t<meta name=\"twitter:data2\" content=\"2 minutos\" \/>\n<script type=\"application\/ld+json\" class=\"yoast-schema-graph\">{\"@context\":\"https:\\\/\\\/schema.org\",\"@graph\":[{\"@type\":\"Article\",\"@id\":\"https:\\\/\\\/informatepy.com\\\/2024\\\/2024\\\/08\\\/26\\\/fecoprod-celebro-49-anos-de-compromiso-con-el-cooperativismo-y-el-desarrollo-rural\\\/#article\",\"isPartOf\":{\"@id\":\"https:\\\/\\\/informatepy.com\\\/2024\\\/2024\\\/08\\\/26\\\/fecoprod-celebro-49-anos-de-compromiso-con-el-cooperativismo-y-el-desarrollo-rural\\\/\"},\"author\":{\"name\":\"Redacci\u00f3n\",\"@id\":\"https:\\\/\\\/informatepy.com\\\/2024\\\/#\\\/schema\\\/person\\\/98728344b91c548ef8544c80daf58463\"},\"headline\":\"Fecoprod celebr\u00f3 49 a\u00f1os de compromiso con el cooperativismo y el desarrollo rural\",\"datePublished\":\"2024-08-26T07:00:00+00:00\",\"dateModified\":\"2024-08-26T11:02:27+00:00\",\"mainEntityOfPage\":{\"@id\":\"https:\\\/\\\/informatepy.com\\\/2024\\\/2024\\\/08\\\/26\\\/fecoprod-celebro-49-anos-de-compromiso-con-el-cooperativismo-y-el-desarrollo-rural\\\/\"},\"wordCount\":413,\"commentCount\":0,\"publisher\":{\"@id\":\"https:\\\/\\\/informatepy.com\\\/2024\\\/#organization\"},\"image\":{\"@id\":\"https:\\\/\\\/informatepy.com\\\/2024\\\/2024\\\/08\\\/26\\\/fecoprod-celebro-49-anos-de-compromiso-con-el-cooperativismo-y-el-desarrollo-rural\\\/#primaryimage\"},\"thumbnailUrl\":\"https:\\\/\\\/i0.wp.com\\\/informatepy.com\\\/2024\\\/wp-content\\\/uploads\\\/2024\\\/08\\\/fecoprod-49-aniversario.jpg?fit=1280%2C720&ssl=1\",\"articleSection\":[\"Negocios\"],\"inLanguage\":\"es\",\"potentialAction\":[{\"@type\":\"CommentAction\",\"name\":\"Comment\",\"target\":[\"https:\\\/\\\/informatepy.com\\\/2024\\\/2024\\\/08\\\/26\\\/fecoprod-celebro-49-anos-de-compromiso-con-el-cooperativismo-y-el-desarrollo-rural\\\/#respond\"]}]},{\"@type\":\"WebPage\",\"@id\":\"https:\\\/\\\/informatepy.com\\\/2024\\\/2024\\\/08\\\/26\\\/fecoprod-celebro-49-anos-de-compromiso-con-el-cooperativismo-y-el-desarrollo-rural\\\/\",\"url\":\"https:\\\/\\\/informatepy.com\\\/2024\\\/2024\\\/08\\\/26\\\/fecoprod-celebro-49-anos-de-compromiso-con-el-cooperativismo-y-el-desarrollo-rural\\\/\",\"name\":\"Fecoprod celebr\u00f3 49 a\u00f1os de compromiso con el cooperativismo y el desarrollo rural - Informate Py Creemos en la libertad de expresi\u00f3n y en la capacidad de la gente de reflexionar\u00a0por\u00a0si\u00a0misma\",\"isPartOf\":{\"@id\":\"https:\\\/\\\/informatepy.com\\\/2024\\\/#website\"},\"primaryImageOfPage\":{\"@id\":\"https:\\\/\\\/informatepy.com\\\/2024\\\/2024\\\/08\\\/26\\\/fecoprod-celebro-49-anos-de-compromiso-con-el-cooperativismo-y-el-desarrollo-rural\\\/#primaryimage\"},\"image\":{\"@id\":\"https:\\\/\\\/informatepy.com\\\/2024\\\/2024\\\/08\\\/26\\\/fecoprod-celebro-49-anos-de-compromiso-con-el-cooperativismo-y-el-desarrollo-rural\\\/#primaryimage\"},\"thumbnailUrl\":\"https:\\\/\\\/i0.wp.com\\\/informatepy.com\\\/2024\\\/wp-content\\\/uploads\\\/2024\\\/08\\\/fecoprod-49-aniversario.jpg?fit=1280%2C720&ssl=1\",\"datePublished\":\"2024-08-26T07:00:00+00:00\",\"dateModified\":\"2024-08-26T11:02:27+00:00\",\"breadcrumb\":{\"@id\":\"https:\\\/\\\/informatepy.com\\\/2024\\\/2024\\\/08\\\/26\\\/fecoprod-celebro-49-anos-de-compromiso-con-el-cooperativismo-y-el-desarrollo-rural\\\/#breadcrumb\"},\"inLanguage\":\"es\",\"potentialAction\":[{\"@type\":\"ReadAction\",\"target\":[\"https:\\\/\\\/informatepy.com\\\/2024\\\/2024\\\/08\\\/26\\\/fecoprod-celebro-49-anos-de-compromiso-con-el-cooperativismo-y-el-desarrollo-rural\\\/\"]}]},{\"@type\":\"ImageObject\",\"inLanguage\":\"es\",\"@id\":\"https:\\\/\\\/informatepy.com\\\/2024\\\/2024\\\/08\\\/26\\\/fecoprod-celebro-49-anos-de-compromiso-con-el-cooperativismo-y-el-desarrollo-rural\\\/#primaryimage\",\"url\":\"https:\\\/\\\/i0.wp.com\\\/informatepy.com\\\/2024\\\/wp-content\\\/uploads\\\/2024\\\/08\\\/fecoprod-49-aniversario.jpg?fit=1280%2C720&ssl=1\",\"contentUrl\":\"https:\\\/\\\/i0.wp.com\\\/informatepy.com\\\/2024\\\/wp-content\\\/uploads\\\/2024\\\/08\\\/fecoprod-49-aniversario.jpg?fit=1280%2C720&ssl=1\",\"width\":1280,\"height\":720},{\"@type\":\"BreadcrumbList\",\"@id\":\"https:\\\/\\\/informatepy.com\\\/2024\\\/2024\\\/08\\\/26\\\/fecoprod-celebro-49-anos-de-compromiso-con-el-cooperativismo-y-el-desarrollo-rural\\\/#breadcrumb\",\"itemListElement\":[{\"@type\":\"ListItem\",\"position\":1,\"name\":\"Portada\",\"item\":\"https:\\\/\\\/informatepy.com\\\/2024\\\/\"},{\"@type\":\"ListItem\",\"position\":2,\"name\":\"Fecoprod celebr\u00f3 49 a\u00f1os de compromiso con el cooperativismo y el desarrollo rural\"}]},{\"@type\":\"WebSite\",\"@id\":\"https:\\\/\\\/informatepy.com\\\/2024\\\/#website\",\"url\":\"https:\\\/\\\/informatepy.com\\\/2024\\\/\",\"name\":\"Informate Py Creemos en la libertad de expresi\u00f3n y en la capacidad de la gente de reflexionar\u00a0por\u00a0si\u00a0misma\",\"description\":\"InformatePy\",\"publisher\":{\"@id\":\"https:\\\/\\\/informatepy.com\\\/2024\\\/#organization\"},\"potentialAction\":[{\"@type\":\"SearchAction\",\"target\":{\"@type\":\"EntryPoint\",\"urlTemplate\":\"https:\\\/\\\/informatepy.com\\\/2024\\\/?s={search_term_string}\"},\"query-input\":{\"@type\":\"PropertyValueSpecification\",\"valueRequired\":true,\"valueName\":\"search_term_string\"}}],\"inLanguage\":\"es\"},{\"@type\":\"Organization\",\"@id\":\"https:\\\/\\\/informatepy.com\\\/2024\\\/#organization\",\"name\":\"Informate Py Creemos en la libertad de expresi\u00f3n y en la capacidad de la gente de reflexionar\u00a0por\u00a0si\u00a0misma\",\"url\":\"https:\\\/\\\/informatepy.com\\\/2024\\\/\",\"logo\":{\"@type\":\"ImageObject\",\"inLanguage\":\"es\",\"@id\":\"https:\\\/\\\/informatepy.com\\\/2024\\\/#\\\/schema\\\/logo\\\/image\\\/\",\"url\":\"https:\\\/\\\/i0.wp.com\\\/informatepy.com\\\/2024\\\/wp-content\\\/uploads\\\/2024\\\/02\\\/Logotipo-sin-fondo-informate-py500.png?fit=500%2C94&ssl=1\",\"contentUrl\":\"https:\\\/\\\/i0.wp.com\\\/informatepy.com\\\/2024\\\/wp-content\\\/uploads\\\/2024\\\/02\\\/Logotipo-sin-fondo-informate-py500.png?fit=500%2C94&ssl=1\",\"width\":500,\"height\":94,\"caption\":\"Informate Py Creemos en la libertad de expresi\u00f3n y en la capacidad de la gente de reflexionar\u00a0por\u00a0si\u00a0misma\"},\"image\":{\"@id\":\"https:\\\/\\\/informatepy.com\\\/2024\\\/#\\\/schema\\\/logo\\\/image\\\/\"}},{\"@type\":\"Person\",\"@id\":\"https:\\\/\\\/informatepy.com\\\/2024\\\/#\\\/schema\\\/person\\\/98728344b91c548ef8544c80daf58463\",\"name\":\"Redacci\u00f3n\",\"image\":{\"@type\":\"ImageObject\",\"inLanguage\":\"es\",\"@id\":\"https:\\\/\\\/informatepy.com\\\/2024\\\/wp-content\\\/uploads\\\/2024\\\/02\\\/cropped-Isologo-sin-fondo.png9c354f01c536b2d49dbb929e96603401\",\"url\":\"https:\\\/\\\/informatepy.com\\\/2024\\\/wp-content\\\/uploads\\\/2024\\\/02\\\/cropped-Isologo-sin-fondo.png\",\"contentUrl\":\"https:\\\/\\\/informatepy.com\\\/2024\\\/wp-content\\\/uploads\\\/2024\\\/02\\\/cropped-Isologo-sin-fondo.png\",\"caption\":\"Redacci\u00f3n\"},\"sameAs\":[\"https:\\\/\\\/www.facebook.com\\\/InformatePyCom\",\"https:\\\/\\\/x.com\\\/https:\\\/\\\/twitter.com\\\/InformatePy1\"],\"url\":\"https:\\\/\\\/informatepy.com\\\/2024\\\/author\\\/redaccion\\\/\"}]}<\/script>\n<!-- \/ Yoast SEO plugin. -->","yoast_head_json":{"title":"Fecoprod celebr\u00f3 49 a\u00f1os de compromiso con el cooperativismo y el desarrollo rural - Informate Py Creemos en la libertad de expresi\u00f3n y en la capacidad de la gente de reflexionar\u00a0por\u00a0si\u00a0misma","robots":{"index":"index","follow":"follow","max-snippet":"max-snippet:-1","max-image-preview":"max-image-preview:large","max-video-preview":"max-video-preview:-1"},"canonical":"https:\/\/informatepy.com\/2024\/2024\/08\/26\/fecoprod-celebro-49-anos-de-compromiso-con-el-cooperativismo-y-el-desarrollo-rural\/","og_locale":"es_ES","og_type":"article","og_title":"Fecoprod celebr\u00f3 49 a\u00f1os de compromiso con el cooperativismo y el desarrollo rural - Informate Py Creemos en la libertad de expresi\u00f3n y en la capacidad de la gente de reflexionar\u00a0por\u00a0si\u00a0misma","og_description":"La Federaci\u00f3n de Cooperativas de Producci\u00f3n (Fecoprod) celebr\u00f3 su 49\u00b0 aniversario, destacando casi medio siglo de trabajo dedicado a la prosperidad de sus miembros y al fortalecimiento del cooperativismo en Paraguay. Desde su fundaci\u00f3n, Fecoprod ha sido un pilar fundamental en la promoci\u00f3n del desarrollo econ\u00f3mico y social del sector rural, garantizando que los peque\u00f1os [&hellip;]","og_url":"https:\/\/informatepy.com\/2024\/2024\/08\/26\/fecoprod-celebro-49-anos-de-compromiso-con-el-cooperativismo-y-el-desarrollo-rural\/","og_site_name":"Informate Py Creemos en la libertad de expresi\u00f3n y en la capacidad de la gente de reflexionar\u00a0por\u00a0si\u00a0misma","article_author":"https:\/\/www.facebook.com\/InformatePyCom","article_published_time":"2024-08-26T07:00:00+00:00","article_modified_time":"2024-08-26T11:02:27+00:00","og_image":[{"width":1280,"height":720,"url":"https:\/\/informatepy.com\/2024\/wp-content\/uploads\/2024\/08\/fecoprod-49-aniversario.jpg","type":"image\/jpeg"}],"author":"Redacci\u00f3n","twitter_card":"summary_large_image","twitter_creator":"@https:\/\/twitter.com\/InformatePy1","twitter_misc":{"Escrito por":"Redacci\u00f3n","Tiempo de lectura":"2 minutos"},"schema":{"@context":"https:\/\/schema.org","@graph":[{"@type":"Article","@id":"https:\/\/informatepy.com\/2024\/2024\/08\/26\/fecoprod-celebro-49-anos-de-compromiso-con-el-cooperativismo-y-el-desarrollo-rural\/#article","isPartOf":{"@id":"https:\/\/informatepy.com\/2024\/2024\/08\/26\/fecoprod-celebro-49-anos-de-compromiso-con-el-cooperativismo-y-el-desarrollo-rural\/"},"author":{"name":"Redacci\u00f3n","@id":"https:\/\/informatepy.com\/2024\/#\/schema\/person\/98728344b91c548ef8544c80daf58463"},"headline":"Fecoprod celebr\u00f3 49 a\u00f1os de compromiso con el cooperativismo y el desarrollo rural","datePublished":"2024-08-26T07:00:00+00:00","dateModified":"2024-08-26T11:02:27+00:00","mainEntityOfPage":{"@id":"https:\/\/informatepy.com\/2024\/2024\/08\/26\/fecoprod-celebro-49-anos-de-compromiso-con-el-cooperativismo-y-el-desarrollo-rural\/"},"wordCount":413,"commentCount":0,"publisher":{"@id":"https:\/\/informatepy.com\/2024\/#organization"},"image":{"@id":"https:\/\/informatepy.com\/2024\/2024\/08\/26\/fecoprod-celebro-49-anos-de-compromiso-con-el-cooperativismo-y-el-desarrollo-rural\/#primaryimage"},"thumbnailUrl":"https:\/\/i0.wp.com\/informatepy.com\/2024\/wp-content\/uploads\/2024\/08\/fecoprod-49-aniversario.jpg?fit=1280%2C720&ssl=1","articleSection":["Negocios"],"inLanguage":"es","potentialAction":[{"@type":"CommentAction","name":"Comment","target":["https:\/\/informatepy.com\/2024\/2024\/08\/26\/fecoprod-celebro-49-anos-de-compromiso-con-el-cooperativismo-y-el-desarrollo-rural\/#respond"]}]},{"@type":"WebPage","@id":"https:\/\/informatepy.com\/2024\/2024\/08\/26\/fecoprod-celebro-49-anos-de-compromiso-con-el-cooperativismo-y-el-desarrollo-rural\/","url":"https:\/\/informatepy.com\/2024\/2024\/08\/26\/fecoprod-celebro-49-anos-de-compromiso-con-el-cooperativismo-y-el-desarrollo-rural\/","name":"Fecoprod celebr\u00f3 49 a\u00f1os de compromiso con el cooperativismo y el desarrollo rural - Informate Py Creemos en la libertad de expresi\u00f3n y en la capacidad de la gente de reflexionar\u00a0por\u00a0si\u00a0misma","isPartOf":{"@id":"https:\/\/informatepy.com\/2024\/#website"},"primaryImageOfPage":{"@id":"https:\/\/informatepy.com\/2024\/2024\/08\/26\/fecoprod-celebro-49-anos-de-compromiso-con-el-cooperativismo-y-el-desarrollo-rural\/#primaryimage"},"image":{"@id":"https:\/\/informatepy.com\/2024\/2024\/08\/26\/fecoprod-celebro-49-anos-de-compromiso-con-el-cooperativismo-y-el-desarrollo-rural\/#primaryimage"},"thumbnailUrl":"https:\/\/i0.wp.com\/informatepy.com\/2024\/wp-content\/uploads\/2024\/08\/fecoprod-49-aniversario.jpg?fit=1280%2C720&ssl=1","datePublished":"2024-08-26T07:00:00+00:00","dateModified":"2024-08-26T11:02:27+00:00","breadcrumb":{"@id":"https:\/\/informatepy.com\/2024\/2024\/08\/26\/fecoprod-celebro-49-anos-de-compromiso-con-el-cooperativismo-y-el-desarrollo-rural\/#breadcrumb"},"inLanguage":"es","potentialAction":[{"@type":"ReadAction","target":["https:\/\/informatepy.com\/2024\/2024\/08\/26\/fecoprod-celebro-49-anos-de-compromiso-con-el-cooperativismo-y-el-desarrollo-rural\/"]}]},{"@type":"ImageObject","inLanguage":"es","@id":"https:\/\/informatepy.com\/2024\/2024\/08\/26\/fecoprod-celebro-49-anos-de-compromiso-con-el-cooperativismo-y-el-desarrollo-rural\/#primaryimage","url":"https:\/\/i0.wp.com\/informatepy.com\/2024\/wp-content\/uploads\/2024\/08\/fecoprod-49-aniversario.jpg?fit=1280%2C720&ssl=1","contentUrl":"https:\/\/i0.wp.com\/informatepy.com\/2024\/wp-content\/uploads\/2024\/08\/fecoprod-49-aniversario.jpg?fit=1280%2C720&ssl=1","width":1280,"height":720},{"@type":"BreadcrumbList","@id":"https:\/\/informatepy.com\/2024\/2024\/08\/26\/fecoprod-celebro-49-anos-de-compromiso-con-el-cooperativismo-y-el-desarrollo-rural\/#breadcrumb","itemListElement":[{"@type":"ListItem","position":1,"name":"Portada","item":"https:\/\/informatepy.com\/2024\/"},{"@type":"ListItem","position":2,"name":"Fecoprod celebr\u00f3 49 a\u00f1os de compromiso con el cooperativismo y el desarrollo rural"}]},{"@type":"WebSite","@id":"https:\/\/informatepy.com\/2024\/#website","url":"https:\/\/informatepy.com\/2024\/","name":"Informate Py Creemos en la libertad de expresi\u00f3n y en la capacidad de la gente de reflexionar\u00a0por\u00a0si\u00a0misma","description":"InformatePy","publisher":{"@id":"https:\/\/informatepy.com\/2024\/#organization"},"potentialAction":[{"@type":"SearchAction","target":{"@type":"EntryPoint","urlTemplate":"https:\/\/informatepy.com\/2024\/?s={search_term_string}"},"query-input":{"@type":"PropertyValueSpecification","valueRequired":true,"valueName":"search_term_string"}}],"inLanguage":"es"},{"@type":"Organization","@id":"https:\/\/informatepy.com\/2024\/#organization","name":"Informate Py Creemos en la libertad de expresi\u00f3n y en la capacidad de la gente de reflexionar\u00a0por\u00a0si\u00a0misma","url":"https:\/\/informatepy.com\/2024\/","logo":{"@type":"ImageObject","inLanguage":"es","@id":"https:\/\/informatepy.com\/2024\/#\/schema\/logo\/image\/","url":"https:\/\/i0.wp.com\/informatepy.com\/2024\/wp-content\/uploads\/2024\/02\/Logotipo-sin-fondo-informate-py500.png?fit=500%2C94&ssl=1","contentUrl":"https:\/\/i0.wp.com\/informatepy.com\/2024\/wp-content\/uploads\/2024\/02\/Logotipo-sin-fondo-informate-py500.png?fit=500%2C94&ssl=1","width":500,"height":94,"caption":"Informate Py Creemos en la libertad de expresi\u00f3n y en la capacidad de la gente de reflexionar\u00a0por\u00a0si\u00a0misma"},"image":{"@id":"https:\/\/informatepy.com\/2024\/#\/schema\/logo\/image\/"}},{"@type":"Person","@id":"https:\/\/informatepy.com\/2024\/#\/schema\/person\/98728344b91c548ef8544c80daf58463","name":"Redacci\u00f3n","image":{"@type":"ImageObject","inLanguage":"es","@id":"https:\/\/informatepy.com\/2024\/wp-content\/uploads\/2024\/02\/cropped-Isologo-sin-fondo.png9c354f01c536b2d49dbb929e96603401","url":"https:\/\/informatepy.com\/2024\/wp-content\/uploads\/2024\/02\/cropped-Isologo-sin-fondo.png","contentUrl":"https:\/\/informatepy.com\/2024\/wp-content\/uploads\/2024\/02\/cropped-Isologo-sin-fondo.png","caption":"Redacci\u00f3n"},"sameAs":["https:\/\/www.facebook.com\/InformatePyCom","https:\/\/x.com\/https:\/\/twitter.com\/InformatePy1"],"url":"https:\/\/informatepy.com\/2024\/author\/redaccion\/"}]}},"jetpack_featured_media_url":"https:\/\/i0.wp.com\/informatepy.com\/2024\/wp-content\/uploads\/2024\/08\/fecoprod-49-aniversario.jpg?fit=1280%2C720&ssl=1","jetpack-related-posts":[],"jetpack_sharing_enabled":true,"authors":[{"term_id":830,"user_id":3,"is_guest":0,"slug":"redaccion","display_name":"Redacci\u00f3n","avatar_url":{"url":"https:\/\/informatepy.com\/2024\/wp-content\/uploads\/2024\/02\/cropped-Isologo-sin-fondo.png","url2x":"https:\/\/informatepy.com\/2024\/wp-content\/uploads\/2024\/02\/cropped-Isologo-sin-fondo.png"},"author_category":"1","first_name":"Redacci\u00f3n","last_name":"","user_url":"","job_title":"","description":""}],"_links":{"self":[{"href":"https:\/\/informatepy.com\/2024\/wp-json\/wp\/v2\/posts\/26962","targetHints":{"allow":["GET"]}}],"collection":[{"href":"https:\/\/informatepy.com\/2024\/wp-json\/wp\/v2\/posts"}],"about":[{"href":"https:\/\/informatepy.com\/2024\/wp-json\/wp\/v2\/types\/post"}],"author":[{"embeddable":true,"href":"https:\/\/informatepy.com\/2024\/wp-json\/wp\/v2\/users\/3"}],"replies":[{"embeddable":true,"href":"https:\/\/informatepy.com\/2024\/wp-json\/wp\/v2\/comments?post=26962"}],"version-history":[{"count":2,"href":"https:\/\/informatepy.com\/2024\/wp-json\/wp\/v2\/posts\/26962\/revisions"}],"predecessor-version":[{"id":26965,"href":"https:\/\/informatepy.com\/2024\/wp-json\/wp\/v2\/posts\/26962\/revisions\/26965"}],"wp:featuredmedia":[{"embeddable":true,"href":"https:\/\/informatepy.com\/2024\/wp-json\/wp\/v2\/media\/26963"}],"wp:attachment":[{"href":"https:\/\/informatepy.com\/2024\/wp-json\/wp\/v2\/media?parent=26962"}],"wp:term":[{"taxonomy":"category","embeddable":true,"href":"https:\/\/informatepy.com\/2024\/wp-json\/wp\/v2\/categories?post=26962"},{"taxonomy":"post_tag","embeddable":true,"href":"https:\/\/informatepy.com\/2024\/wp-json\/wp\/v2\/tags?post=26962"},{"taxonomy":"jnews-series","embeddable":true,"href":"https:\/\/informatepy.com\/2024\/wp-json\/wp\/v2\/jnews-series?post=26962"},{"taxonomy":"author","embeddable":true,"href":"https:\/\/informatepy.com\/2024\/wp-json\/wp\/v2\/ppma_author?post=26962"}],"curies":[{"name":"wp","href":"https:\/\/api.w.org\/{rel}","templated":true}]}}