{"id":26732,"date":"2024-08-09T20:09:56","date_gmt":"2024-08-09T23:09:56","guid":{"rendered":"https:\/\/informatepy.com\/2024\/?p=26732"},"modified":"2024-08-09T20:10:22","modified_gmt":"2024-08-09T23:10:22","slug":"la-beriso-regresa-a-paraguay-de-la-mano-del-asu-rock-festival","status":"publish","type":"post","link":"https:\/\/informatepy.com\/2024\/2024\/08\/09\/la-beriso-regresa-a-paraguay-de-la-mano-del-asu-rock-festival\/","title":{"rendered":"La Beriso regresa a Paraguay de la mano del \u00abAsu Rock Festival\u00bb"},"content":{"rendered":"\n<p>El pr\u00f3ximo 7 de septiembre disfrutaremos del <strong>\u201cAsu Rock Festival\u201d<\/strong>, un evento organizado por <em><strong>The Venue<\/strong><\/em>, que promete convertirse en el epicentro del rock en la capital paraguaya. Este festival, que se celebrar\u00e1 en el Comit\u00e9 Ol\u00edmpico Paraguayo, contar\u00e1 con la participaci\u00f3n destacada de <strong>La Beriso<\/strong>, la reconocida banda argentina con m\u00e1s de dos d\u00e9cadas de trayectoria y una fuerte base de seguidores en Paraguay.<\/p>\n\n\n\n<p>Junto a ellos, se presentar\u00e1n algunas de las bandas nacionales m\u00e1s emblem\u00e1ticas, como<strong> Salamandra, Flou, Ovejas Negras, Goian<\/strong> y el regreso sorpresa de <strong>Ese Ka A<\/strong>, quienes vuelven a los escenarios despu\u00e9s de una prolongada pausa. <\/p>\n\n\n\n<p>Adem\u00e1s de ofrecer una alineaci\u00f3n de primer nivel, el <strong>Asu Rock Festival<\/strong> busca ser una experiencia completa para los asistentes, con opciones gastron\u00f3micas, entretenimiento variado y activaciones de marca que har\u00e1n de esta jornada algo m\u00e1s que un simple concierto de rock.<\/p>\n\n\n<div class=\"wp-block-image\">\n<figure class=\"aligncenter size-large is-resized\"><img data-recalc-dims=\"1\" loading=\"lazy\" decoding=\"async\" width=\"576\" height=\"1024\" src=\"https:\/\/i0.wp.com\/informatepy.com\/2024\/wp-content\/uploads\/2024\/08\/ted-vertical.png?resize=576%2C1024&#038;ssl=1\" alt=\"\" class=\"wp-image-26653\" style=\"width:445px;height:auto\" srcset=\"https:\/\/i0.wp.com\/informatepy.com\/2024\/wp-content\/uploads\/2024\/08\/ted-vertical.png?resize=576%2C1024&amp;ssl=1 576w, https:\/\/i0.wp.com\/informatepy.com\/2024\/wp-content\/uploads\/2024\/08\/ted-vertical.png?resize=169%2C300&amp;ssl=1 169w, https:\/\/i0.wp.com\/informatepy.com\/2024\/wp-content\/uploads\/2024\/08\/ted-vertical.png?resize=768%2C1365&amp;ssl=1 768w, https:\/\/i0.wp.com\/informatepy.com\/2024\/wp-content\/uploads\/2024\/08\/ted-vertical.png?resize=864%2C1536&amp;ssl=1 864w, https:\/\/i0.wp.com\/informatepy.com\/2024\/wp-content\/uploads\/2024\/08\/ted-vertical.png?resize=750%2C1333&amp;ssl=1 750w, https:\/\/i0.wp.com\/informatepy.com\/2024\/wp-content\/uploads\/2024\/08\/ted-vertical.png?w=1080&amp;ssl=1 1080w\" sizes=\"auto, (max-width: 576px) 100vw, 576px\" \/><\/figure>\n<\/div>\n\n\n<h3 class=\"wp-block-heading\">Entradas<\/h3>\n\n\n\n<p>Las entradas para el festival ya est\u00e1n disponibles en la web <a href=\"http:\/\/www.tuti.com.py\">www.tuti.com.py<\/a>. Los precios comienzan en G. 165.000 para el sector Pogo, G. 210.000 para las plateas y G. 245.000 para quienes deseen estar en el sector La Beriso, frente al escenario. Es importante destacar que estos precios aumentar\u00e1n a partir del 10 de agosto, por lo que se recomienda adquirirlas lo antes posible para aprovechar el costo actual.<\/p>\n\n\n\n<h3 class=\"wp-block-heading\">The Venue:<\/h3>\n\n\n\n<p><strong><em>The Venue<\/em><\/strong> es una productora conformada por un equipo joven y din\u00e1mico con m\u00e1s de 10 a\u00f1os de experiencia en la organizaci\u00f3n de conciertos, eventos y festivales de gran relevancia en la ciudad. Con el lanzamiento del Asu Rock Festival, buscan posicionar este evento como un referente anual en la escena musical paraguaya, ofreciendo no solo m\u00fasica de calidad sino tambi\u00e9n una experiencia integral para todos los asistentes.<\/p>\n\n\n\n<p>Para obtener m\u00e1s informaci\u00f3n sobre el festival y estar al tanto de las novedades, se puede seguir el perfil de Instagram del evento: <a href=\"https:\/\/www.instagram.com\/asurockfestival\/\">@asurockfestival<\/a>.<\/p>\n","protected":false},"excerpt":{"rendered":"<p>El pr\u00f3ximo 7 de septiembre disfrutaremos del \u201cAsu Rock Festival\u201d, un evento organizado por The Venue, que promete convertirse en el epicentro del rock en la capital paraguaya. Este festival, que se celebrar\u00e1 en el Comit\u00e9 Ol\u00edmpico Paraguayo, contar\u00e1 con la participaci\u00f3n destacada de La Beriso, la reconocida banda argentina con m\u00e1s de dos d\u00e9cadas [&hellip;]<\/p>\n","protected":false},"author":3,"featured_media":26733,"comment_status":"open","ping_status":"open","sticky":false,"template":"","format":"standard","meta":{"_jetpack_memberships_contains_paid_content":false,"jnews-multi-image_gallery":[],"jnews_single_post":{"subtitle":"","format":"standard","video":"","gallery":"","source_name":"","source_url":"","via_name":"","via_url":"","override_template":"0","override":[{"template":"2","single_blog_custom":"","parallax":"1","fullscreen":"1","layout":"right-sidebar","sidebar":"default-sidebar","second_sidebar":"default-sidebar","sticky_sidebar":"1","share_position":"top","share_float_style":"share-monocrhome","show_share_counter":"0","show_view_counter":"0","show_featured":"1","show_post_meta":"1","show_post_author":"1","show_post_author_image":"0","show_post_date":"1","post_date_format":"default","post_date_format_custom":"Y\/m\/d","show_post_category":"1","show_post_reading_time":"0","post_reading_time_wpm":"300","show_zoom_button":"0","zoom_button_out_step":"2","zoom_button_in_step":"3","show_post_tag":"1","show_prev_next_post":"0","show_popup_post":"1","number_popup_post":"1","show_author_box":"1","show_post_related":"0","show_inline_post_related":"0"}],"override_image_size":"0","image_override":[{"single_post_thumbnail_size":"crop-500","single_post_gallery_size":"crop-500"}],"trending_post":"0","trending_post_position":"meta","trending_post_label":"Trending","sponsored_post":"0","sponsored_post_label":"Sponsored by","sponsored_post_name":"","sponsored_post_url":"","sponsored_post_logo_enable":"0","sponsored_post_logo":"","sponsored_post_desc":"","disable_ad":"0"},"jnews_primary_category":{"id":"","hide":""},"jnews_override_bookmark_settings":[],"jnews_food_recipe":[],"enable_food_recipe":"","food_recipe_title":"","food_recipe_description":"","food_recipe_serve":"","food_recipe_time":"","food_recipe_prep":"","food_recipe_level":"","food_recipe_keywords":"","food_recipe_category":"","food_recipe_cuisine":"","food_recipe_yield":"","food_recipe_calories":"","enable_print_recipe":"","ingredient":[],"instruction":"","jnews_social_meta":{"fb_title":"","fb_description":"","fb_image":"","twitter_title":"","twitter_description":"","twitter_image":""},"jnews_paywall_metabox":[],"jnews_review":[],"enable_review":"","type":"","name":"","summary":"","brand":"","sku":"","good":[],"bad":[],"score_override":"","override_value":"","rating":[],"price":[],"jnews_override_counter":{"override_view_counter":"0","view_counter_number":"0","override_share_counter":"0","share_counter_number":"0","override_like_counter":"0","like_counter_number":"0","override_dislike_counter":"0","dislike_counter_number":"0"},"jnews_post_split":{"enable_post_split":"0","post_split":[{"template":"1","tag":"h2","numbering":"asc","mode":"normal","first":"0","enable_toc":"0","toc_type":"normal"}]},"jnews_podcast_option":[],"jnews_podcast_series":[],"footnotes":""},"categories":[43],"tags":[2016,831],"jnews-series":[],"ppma_author":[830],"class_list":["post-26732","post","type-post","status-publish","format-standard","has-post-thumbnail","hentry","category-cultura","tag-asu-rock-festival","tag-destacada"],"yoast_head":"<!-- This site is optimized with the Yoast SEO plugin v27.5 - https:\/\/yoast.com\/product\/yoast-seo-wordpress\/ -->\n<title>La Beriso regresa a Paraguay de la mano del &quot;Asu Rock Festival&quot; - Informate Py Creemos en la libertad de expresi\u00f3n y en la capacidad de la gente de reflexionar\u00a0por\u00a0si\u00a0misma<\/title>\n<meta name=\"robots\" content=\"index, follow, max-snippet:-1, max-image-preview:large, max-video-preview:-1\" \/>\n<link rel=\"canonical\" href=\"https:\/\/informatepy.com\/2024\/2024\/08\/09\/la-beriso-regresa-a-paraguay-de-la-mano-del-asu-rock-festival\/\" \/>\n<meta property=\"og:locale\" content=\"es_ES\" \/>\n<meta property=\"og:type\" content=\"article\" \/>\n<meta property=\"og:title\" content=\"La Beriso regresa a Paraguay de la mano del &quot;Asu Rock Festival&quot; - Informate Py Creemos en la libertad de expresi\u00f3n y en la capacidad de la gente de reflexionar\u00a0por\u00a0si\u00a0misma\" \/>\n<meta property=\"og:description\" content=\"El pr\u00f3ximo 7 de septiembre disfrutaremos del \u201cAsu Rock Festival\u201d, un evento organizado por The Venue, que promete convertirse en el epicentro del rock en la capital paraguaya. Este festival, que se celebrar\u00e1 en el Comit\u00e9 Ol\u00edmpico Paraguayo, contar\u00e1 con la participaci\u00f3n destacada de La Beriso, la reconocida banda argentina con m\u00e1s de dos d\u00e9cadas [&hellip;]\" \/>\n<meta property=\"og:url\" content=\"https:\/\/informatepy.com\/2024\/2024\/08\/09\/la-beriso-regresa-a-paraguay-de-la-mano-del-asu-rock-festival\/\" \/>\n<meta property=\"og:site_name\" content=\"Informate Py Creemos en la libertad de expresi\u00f3n y en la capacidad de la gente de reflexionar\u00a0por\u00a0si\u00a0misma\" \/>\n<meta property=\"article:author\" content=\"https:\/\/www.facebook.com\/InformatePyCom\" \/>\n<meta property=\"article:published_time\" content=\"2024-08-09T23:09:56+00:00\" \/>\n<meta property=\"article:modified_time\" content=\"2024-08-09T23:10:22+00:00\" \/>\n<meta property=\"og:image\" content=\"https:\/\/informatepy.com\/2024\/wp-content\/uploads\/2024\/08\/bandas-asurock.jpg\" \/>\n\t<meta property=\"og:image:width\" content=\"1280\" \/>\n\t<meta property=\"og:image:height\" content=\"721\" \/>\n\t<meta property=\"og:image:type\" content=\"image\/jpeg\" \/>\n<meta name=\"author\" content=\"Redacci\u00f3n\" \/>\n<meta name=\"twitter:card\" content=\"summary_large_image\" \/>\n<meta name=\"twitter:creator\" content=\"@https:\/\/twitter.com\/InformatePy1\" \/>\n<meta name=\"twitter:label1\" content=\"Escrito por\" \/>\n\t<meta name=\"twitter:data1\" content=\"Redacci\u00f3n\" \/>\n\t<meta name=\"twitter:label2\" content=\"Tiempo de lectura\" \/>\n\t<meta name=\"twitter:data2\" content=\"2 minutos\" \/>\n<script type=\"application\/ld+json\" class=\"yoast-schema-graph\">{\"@context\":\"https:\\\/\\\/schema.org\",\"@graph\":[{\"@type\":\"Article\",\"@id\":\"https:\\\/\\\/informatepy.com\\\/2024\\\/2024\\\/08\\\/09\\\/la-beriso-regresa-a-paraguay-de-la-mano-del-asu-rock-festival\\\/#article\",\"isPartOf\":{\"@id\":\"https:\\\/\\\/informatepy.com\\\/2024\\\/2024\\\/08\\\/09\\\/la-beriso-regresa-a-paraguay-de-la-mano-del-asu-rock-festival\\\/\"},\"author\":{\"name\":\"Redacci\u00f3n\",\"@id\":\"https:\\\/\\\/informatepy.com\\\/2024\\\/#\\\/schema\\\/person\\\/98728344b91c548ef8544c80daf58463\"},\"headline\":\"La Beriso regresa a Paraguay de la mano del \u00abAsu Rock Festival\u00bb\",\"datePublished\":\"2024-08-09T23:09:56+00:00\",\"dateModified\":\"2024-08-09T23:10:22+00:00\",\"mainEntityOfPage\":{\"@id\":\"https:\\\/\\\/informatepy.com\\\/2024\\\/2024\\\/08\\\/09\\\/la-beriso-regresa-a-paraguay-de-la-mano-del-asu-rock-festival\\\/\"},\"wordCount\":340,\"commentCount\":0,\"publisher\":{\"@id\":\"https:\\\/\\\/informatepy.com\\\/2024\\\/#organization\"},\"image\":{\"@id\":\"https:\\\/\\\/informatepy.com\\\/2024\\\/2024\\\/08\\\/09\\\/la-beriso-regresa-a-paraguay-de-la-mano-del-asu-rock-festival\\\/#primaryimage\"},\"thumbnailUrl\":\"https:\\\/\\\/i0.wp.com\\\/informatepy.com\\\/2024\\\/wp-content\\\/uploads\\\/2024\\\/08\\\/bandas-asurock.jpg?fit=1280%2C721&ssl=1\",\"keywords\":[\"asu rock festival\",\"destacada\"],\"articleSection\":[\"Cultura\"],\"inLanguage\":\"es\",\"potentialAction\":[{\"@type\":\"CommentAction\",\"name\":\"Comment\",\"target\":[\"https:\\\/\\\/informatepy.com\\\/2024\\\/2024\\\/08\\\/09\\\/la-beriso-regresa-a-paraguay-de-la-mano-del-asu-rock-festival\\\/#respond\"]}]},{\"@type\":\"WebPage\",\"@id\":\"https:\\\/\\\/informatepy.com\\\/2024\\\/2024\\\/08\\\/09\\\/la-beriso-regresa-a-paraguay-de-la-mano-del-asu-rock-festival\\\/\",\"url\":\"https:\\\/\\\/informatepy.com\\\/2024\\\/2024\\\/08\\\/09\\\/la-beriso-regresa-a-paraguay-de-la-mano-del-asu-rock-festival\\\/\",\"name\":\"La Beriso regresa a Paraguay de la mano del \\\"Asu Rock Festival\\\" - Informate Py Creemos en la libertad de expresi\u00f3n y en la capacidad de la gente de reflexionar\u00a0por\u00a0si\u00a0misma\",\"isPartOf\":{\"@id\":\"https:\\\/\\\/informatepy.com\\\/2024\\\/#website\"},\"primaryImageOfPage\":{\"@id\":\"https:\\\/\\\/informatepy.com\\\/2024\\\/2024\\\/08\\\/09\\\/la-beriso-regresa-a-paraguay-de-la-mano-del-asu-rock-festival\\\/#primaryimage\"},\"image\":{\"@id\":\"https:\\\/\\\/informatepy.com\\\/2024\\\/2024\\\/08\\\/09\\\/la-beriso-regresa-a-paraguay-de-la-mano-del-asu-rock-festival\\\/#primaryimage\"},\"thumbnailUrl\":\"https:\\\/\\\/i0.wp.com\\\/informatepy.com\\\/2024\\\/wp-content\\\/uploads\\\/2024\\\/08\\\/bandas-asurock.jpg?fit=1280%2C721&ssl=1\",\"datePublished\":\"2024-08-09T23:09:56+00:00\",\"dateModified\":\"2024-08-09T23:10:22+00:00\",\"breadcrumb\":{\"@id\":\"https:\\\/\\\/informatepy.com\\\/2024\\\/2024\\\/08\\\/09\\\/la-beriso-regresa-a-paraguay-de-la-mano-del-asu-rock-festival\\\/#breadcrumb\"},\"inLanguage\":\"es\",\"potentialAction\":[{\"@type\":\"ReadAction\",\"target\":[\"https:\\\/\\\/informatepy.com\\\/2024\\\/2024\\\/08\\\/09\\\/la-beriso-regresa-a-paraguay-de-la-mano-del-asu-rock-festival\\\/\"]}]},{\"@type\":\"ImageObject\",\"inLanguage\":\"es\",\"@id\":\"https:\\\/\\\/informatepy.com\\\/2024\\\/2024\\\/08\\\/09\\\/la-beriso-regresa-a-paraguay-de-la-mano-del-asu-rock-festival\\\/#primaryimage\",\"url\":\"https:\\\/\\\/i0.wp.com\\\/informatepy.com\\\/2024\\\/wp-content\\\/uploads\\\/2024\\\/08\\\/bandas-asurock.jpg?fit=1280%2C721&ssl=1\",\"contentUrl\":\"https:\\\/\\\/i0.wp.com\\\/informatepy.com\\\/2024\\\/wp-content\\\/uploads\\\/2024\\\/08\\\/bandas-asurock.jpg?fit=1280%2C721&ssl=1\",\"width\":1280,\"height\":721,\"caption\":\"Salamandra, Flou, Ovejas Negras, Goian y Ese Ka A\"},{\"@type\":\"BreadcrumbList\",\"@id\":\"https:\\\/\\\/informatepy.com\\\/2024\\\/2024\\\/08\\\/09\\\/la-beriso-regresa-a-paraguay-de-la-mano-del-asu-rock-festival\\\/#breadcrumb\",\"itemListElement\":[{\"@type\":\"ListItem\",\"position\":1,\"name\":\"Portada\",\"item\":\"https:\\\/\\\/informatepy.com\\\/2024\\\/\"},{\"@type\":\"ListItem\",\"position\":2,\"name\":\"La Beriso regresa a Paraguay de la mano del \u00abAsu Rock Festival\u00bb\"}]},{\"@type\":\"WebSite\",\"@id\":\"https:\\\/\\\/informatepy.com\\\/2024\\\/#website\",\"url\":\"https:\\\/\\\/informatepy.com\\\/2024\\\/\",\"name\":\"Informate Py Creemos en la libertad de expresi\u00f3n y en la capacidad de la gente de reflexionar\u00a0por\u00a0si\u00a0misma\",\"description\":\"InformatePy\",\"publisher\":{\"@id\":\"https:\\\/\\\/informatepy.com\\\/2024\\\/#organization\"},\"potentialAction\":[{\"@type\":\"SearchAction\",\"target\":{\"@type\":\"EntryPoint\",\"urlTemplate\":\"https:\\\/\\\/informatepy.com\\\/2024\\\/?s={search_term_string}\"},\"query-input\":{\"@type\":\"PropertyValueSpecification\",\"valueRequired\":true,\"valueName\":\"search_term_string\"}}],\"inLanguage\":\"es\"},{\"@type\":\"Organization\",\"@id\":\"https:\\\/\\\/informatepy.com\\\/2024\\\/#organization\",\"name\":\"Informate Py Creemos en la libertad de expresi\u00f3n y en la capacidad de la gente de reflexionar\u00a0por\u00a0si\u00a0misma\",\"url\":\"https:\\\/\\\/informatepy.com\\\/2024\\\/\",\"logo\":{\"@type\":\"ImageObject\",\"inLanguage\":\"es\",\"@id\":\"https:\\\/\\\/informatepy.com\\\/2024\\\/#\\\/schema\\\/logo\\\/image\\\/\",\"url\":\"https:\\\/\\\/i0.wp.com\\\/informatepy.com\\\/2024\\\/wp-content\\\/uploads\\\/2024\\\/02\\\/Logotipo-sin-fondo-informate-py500.png?fit=500%2C94&ssl=1\",\"contentUrl\":\"https:\\\/\\\/i0.wp.com\\\/informatepy.com\\\/2024\\\/wp-content\\\/uploads\\\/2024\\\/02\\\/Logotipo-sin-fondo-informate-py500.png?fit=500%2C94&ssl=1\",\"width\":500,\"height\":94,\"caption\":\"Informate Py Creemos en la libertad de expresi\u00f3n y en la capacidad de la gente de reflexionar\u00a0por\u00a0si\u00a0misma\"},\"image\":{\"@id\":\"https:\\\/\\\/informatepy.com\\\/2024\\\/#\\\/schema\\\/logo\\\/image\\\/\"}},{\"@type\":\"Person\",\"@id\":\"https:\\\/\\\/informatepy.com\\\/2024\\\/#\\\/schema\\\/person\\\/98728344b91c548ef8544c80daf58463\",\"name\":\"Redacci\u00f3n\",\"image\":{\"@type\":\"ImageObject\",\"inLanguage\":\"es\",\"@id\":\"https:\\\/\\\/informatepy.com\\\/2024\\\/wp-content\\\/uploads\\\/2024\\\/02\\\/cropped-Isologo-sin-fondo.png9c354f01c536b2d49dbb929e96603401\",\"url\":\"https:\\\/\\\/informatepy.com\\\/2024\\\/wp-content\\\/uploads\\\/2024\\\/02\\\/cropped-Isologo-sin-fondo.png\",\"contentUrl\":\"https:\\\/\\\/informatepy.com\\\/2024\\\/wp-content\\\/uploads\\\/2024\\\/02\\\/cropped-Isologo-sin-fondo.png\",\"caption\":\"Redacci\u00f3n\"},\"sameAs\":[\"https:\\\/\\\/www.facebook.com\\\/InformatePyCom\",\"https:\\\/\\\/x.com\\\/https:\\\/\\\/twitter.com\\\/InformatePy1\"],\"url\":\"https:\\\/\\\/informatepy.com\\\/2024\\\/author\\\/redaccion\\\/\"}]}<\/script>\n<!-- \/ Yoast SEO plugin. -->","yoast_head_json":{"title":"La Beriso regresa a Paraguay de la mano del \"Asu Rock Festival\" - Informate Py Creemos en la libertad de expresi\u00f3n y en la capacidad de la gente de reflexionar\u00a0por\u00a0si\u00a0misma","robots":{"index":"index","follow":"follow","max-snippet":"max-snippet:-1","max-image-preview":"max-image-preview:large","max-video-preview":"max-video-preview:-1"},"canonical":"https:\/\/informatepy.com\/2024\/2024\/08\/09\/la-beriso-regresa-a-paraguay-de-la-mano-del-asu-rock-festival\/","og_locale":"es_ES","og_type":"article","og_title":"La Beriso regresa a Paraguay de la mano del \"Asu Rock Festival\" - Informate Py Creemos en la libertad de expresi\u00f3n y en la capacidad de la gente de reflexionar\u00a0por\u00a0si\u00a0misma","og_description":"El pr\u00f3ximo 7 de septiembre disfrutaremos del \u201cAsu Rock Festival\u201d, un evento organizado por The Venue, que promete convertirse en el epicentro del rock en la capital paraguaya. Este festival, que se celebrar\u00e1 en el Comit\u00e9 Ol\u00edmpico Paraguayo, contar\u00e1 con la participaci\u00f3n destacada de La Beriso, la reconocida banda argentina con m\u00e1s de dos d\u00e9cadas [&hellip;]","og_url":"https:\/\/informatepy.com\/2024\/2024\/08\/09\/la-beriso-regresa-a-paraguay-de-la-mano-del-asu-rock-festival\/","og_site_name":"Informate Py Creemos en la libertad de expresi\u00f3n y en la capacidad de la gente de reflexionar\u00a0por\u00a0si\u00a0misma","article_author":"https:\/\/www.facebook.com\/InformatePyCom","article_published_time":"2024-08-09T23:09:56+00:00","article_modified_time":"2024-08-09T23:10:22+00:00","og_image":[{"width":1280,"height":721,"url":"https:\/\/informatepy.com\/2024\/wp-content\/uploads\/2024\/08\/bandas-asurock.jpg","type":"image\/jpeg"}],"author":"Redacci\u00f3n","twitter_card":"summary_large_image","twitter_creator":"@https:\/\/twitter.com\/InformatePy1","twitter_misc":{"Escrito por":"Redacci\u00f3n","Tiempo de lectura":"2 minutos"},"schema":{"@context":"https:\/\/schema.org","@graph":[{"@type":"Article","@id":"https:\/\/informatepy.com\/2024\/2024\/08\/09\/la-beriso-regresa-a-paraguay-de-la-mano-del-asu-rock-festival\/#article","isPartOf":{"@id":"https:\/\/informatepy.com\/2024\/2024\/08\/09\/la-beriso-regresa-a-paraguay-de-la-mano-del-asu-rock-festival\/"},"author":{"name":"Redacci\u00f3n","@id":"https:\/\/informatepy.com\/2024\/#\/schema\/person\/98728344b91c548ef8544c80daf58463"},"headline":"La Beriso regresa a Paraguay de la mano del \u00abAsu Rock Festival\u00bb","datePublished":"2024-08-09T23:09:56+00:00","dateModified":"2024-08-09T23:10:22+00:00","mainEntityOfPage":{"@id":"https:\/\/informatepy.com\/2024\/2024\/08\/09\/la-beriso-regresa-a-paraguay-de-la-mano-del-asu-rock-festival\/"},"wordCount":340,"commentCount":0,"publisher":{"@id":"https:\/\/informatepy.com\/2024\/#organization"},"image":{"@id":"https:\/\/informatepy.com\/2024\/2024\/08\/09\/la-beriso-regresa-a-paraguay-de-la-mano-del-asu-rock-festival\/#primaryimage"},"thumbnailUrl":"https:\/\/i0.wp.com\/informatepy.com\/2024\/wp-content\/uploads\/2024\/08\/bandas-asurock.jpg?fit=1280%2C721&ssl=1","keywords":["asu rock festival","destacada"],"articleSection":["Cultura"],"inLanguage":"es","potentialAction":[{"@type":"CommentAction","name":"Comment","target":["https:\/\/informatepy.com\/2024\/2024\/08\/09\/la-beriso-regresa-a-paraguay-de-la-mano-del-asu-rock-festival\/#respond"]}]},{"@type":"WebPage","@id":"https:\/\/informatepy.com\/2024\/2024\/08\/09\/la-beriso-regresa-a-paraguay-de-la-mano-del-asu-rock-festival\/","url":"https:\/\/informatepy.com\/2024\/2024\/08\/09\/la-beriso-regresa-a-paraguay-de-la-mano-del-asu-rock-festival\/","name":"La Beriso regresa a Paraguay de la mano del \"Asu Rock Festival\" - Informate Py Creemos en la libertad de expresi\u00f3n y en la capacidad de la gente de reflexionar\u00a0por\u00a0si\u00a0misma","isPartOf":{"@id":"https:\/\/informatepy.com\/2024\/#website"},"primaryImageOfPage":{"@id":"https:\/\/informatepy.com\/2024\/2024\/08\/09\/la-beriso-regresa-a-paraguay-de-la-mano-del-asu-rock-festival\/#primaryimage"},"image":{"@id":"https:\/\/informatepy.com\/2024\/2024\/08\/09\/la-beriso-regresa-a-paraguay-de-la-mano-del-asu-rock-festival\/#primaryimage"},"thumbnailUrl":"https:\/\/i0.wp.com\/informatepy.com\/2024\/wp-content\/uploads\/2024\/08\/bandas-asurock.jpg?fit=1280%2C721&ssl=1","datePublished":"2024-08-09T23:09:56+00:00","dateModified":"2024-08-09T23:10:22+00:00","breadcrumb":{"@id":"https:\/\/informatepy.com\/2024\/2024\/08\/09\/la-beriso-regresa-a-paraguay-de-la-mano-del-asu-rock-festival\/#breadcrumb"},"inLanguage":"es","potentialAction":[{"@type":"ReadAction","target":["https:\/\/informatepy.com\/2024\/2024\/08\/09\/la-beriso-regresa-a-paraguay-de-la-mano-del-asu-rock-festival\/"]}]},{"@type":"ImageObject","inLanguage":"es","@id":"https:\/\/informatepy.com\/2024\/2024\/08\/09\/la-beriso-regresa-a-paraguay-de-la-mano-del-asu-rock-festival\/#primaryimage","url":"https:\/\/i0.wp.com\/informatepy.com\/2024\/wp-content\/uploads\/2024\/08\/bandas-asurock.jpg?fit=1280%2C721&ssl=1","contentUrl":"https:\/\/i0.wp.com\/informatepy.com\/2024\/wp-content\/uploads\/2024\/08\/bandas-asurock.jpg?fit=1280%2C721&ssl=1","width":1280,"height":721,"caption":"Salamandra, Flou, Ovejas Negras, Goian y Ese Ka A"},{"@type":"BreadcrumbList","@id":"https:\/\/informatepy.com\/2024\/2024\/08\/09\/la-beriso-regresa-a-paraguay-de-la-mano-del-asu-rock-festival\/#breadcrumb","itemListElement":[{"@type":"ListItem","position":1,"name":"Portada","item":"https:\/\/informatepy.com\/2024\/"},{"@type":"ListItem","position":2,"name":"La Beriso regresa a Paraguay de la mano del \u00abAsu Rock Festival\u00bb"}]},{"@type":"WebSite","@id":"https:\/\/informatepy.com\/2024\/#website","url":"https:\/\/informatepy.com\/2024\/","name":"Informate Py Creemos en la libertad de expresi\u00f3n y en la capacidad de la gente de reflexionar\u00a0por\u00a0si\u00a0misma","description":"InformatePy","publisher":{"@id":"https:\/\/informatepy.com\/2024\/#organization"},"potentialAction":[{"@type":"SearchAction","target":{"@type":"EntryPoint","urlTemplate":"https:\/\/informatepy.com\/2024\/?s={search_term_string}"},"query-input":{"@type":"PropertyValueSpecification","valueRequired":true,"valueName":"search_term_string"}}],"inLanguage":"es"},{"@type":"Organization","@id":"https:\/\/informatepy.com\/2024\/#organization","name":"Informate Py Creemos en la libertad de expresi\u00f3n y en la capacidad de la gente de reflexionar\u00a0por\u00a0si\u00a0misma","url":"https:\/\/informatepy.com\/2024\/","logo":{"@type":"ImageObject","inLanguage":"es","@id":"https:\/\/informatepy.com\/2024\/#\/schema\/logo\/image\/","url":"https:\/\/i0.wp.com\/informatepy.com\/2024\/wp-content\/uploads\/2024\/02\/Logotipo-sin-fondo-informate-py500.png?fit=500%2C94&ssl=1","contentUrl":"https:\/\/i0.wp.com\/informatepy.com\/2024\/wp-content\/uploads\/2024\/02\/Logotipo-sin-fondo-informate-py500.png?fit=500%2C94&ssl=1","width":500,"height":94,"caption":"Informate Py Creemos en la libertad de expresi\u00f3n y en la capacidad de la gente de reflexionar\u00a0por\u00a0si\u00a0misma"},"image":{"@id":"https:\/\/informatepy.com\/2024\/#\/schema\/logo\/image\/"}},{"@type":"Person","@id":"https:\/\/informatepy.com\/2024\/#\/schema\/person\/98728344b91c548ef8544c80daf58463","name":"Redacci\u00f3n","image":{"@type":"ImageObject","inLanguage":"es","@id":"https:\/\/informatepy.com\/2024\/wp-content\/uploads\/2024\/02\/cropped-Isologo-sin-fondo.png9c354f01c536b2d49dbb929e96603401","url":"https:\/\/informatepy.com\/2024\/wp-content\/uploads\/2024\/02\/cropped-Isologo-sin-fondo.png","contentUrl":"https:\/\/informatepy.com\/2024\/wp-content\/uploads\/2024\/02\/cropped-Isologo-sin-fondo.png","caption":"Redacci\u00f3n"},"sameAs":["https:\/\/www.facebook.com\/InformatePyCom","https:\/\/x.com\/https:\/\/twitter.com\/InformatePy1"],"url":"https:\/\/informatepy.com\/2024\/author\/redaccion\/"}]}},"jetpack_featured_media_url":"https:\/\/i0.wp.com\/informatepy.com\/2024\/wp-content\/uploads\/2024\/08\/bandas-asurock.jpg?fit=1280%2C721&ssl=1","jetpack-related-posts":[],"jetpack_sharing_enabled":true,"authors":[{"term_id":830,"user_id":3,"is_guest":0,"slug":"redaccion","display_name":"Redacci\u00f3n","avatar_url":{"url":"https:\/\/informatepy.com\/2024\/wp-content\/uploads\/2024\/02\/cropped-Isologo-sin-fondo.png","url2x":"https:\/\/informatepy.com\/2024\/wp-content\/uploads\/2024\/02\/cropped-Isologo-sin-fondo.png"},"author_category":"1","first_name":"Redacci\u00f3n","last_name":"","user_url":"","job_title":"","description":""}],"_links":{"self":[{"href":"https:\/\/informatepy.com\/2024\/wp-json\/wp\/v2\/posts\/26732","targetHints":{"allow":["GET"]}}],"collection":[{"href":"https:\/\/informatepy.com\/2024\/wp-json\/wp\/v2\/posts"}],"about":[{"href":"https:\/\/informatepy.com\/2024\/wp-json\/wp\/v2\/types\/post"}],"author":[{"embeddable":true,"href":"https:\/\/informatepy.com\/2024\/wp-json\/wp\/v2\/users\/3"}],"replies":[{"embeddable":true,"href":"https:\/\/informatepy.com\/2024\/wp-json\/wp\/v2\/comments?post=26732"}],"version-history":[{"count":2,"href":"https:\/\/informatepy.com\/2024\/wp-json\/wp\/v2\/posts\/26732\/revisions"}],"predecessor-version":[{"id":26735,"href":"https:\/\/informatepy.com\/2024\/wp-json\/wp\/v2\/posts\/26732\/revisions\/26735"}],"wp:featuredmedia":[{"embeddable":true,"href":"https:\/\/informatepy.com\/2024\/wp-json\/wp\/v2\/media\/26733"}],"wp:attachment":[{"href":"https:\/\/informatepy.com\/2024\/wp-json\/wp\/v2\/media?parent=26732"}],"wp:term":[{"taxonomy":"category","embeddable":true,"href":"https:\/\/informatepy.com\/2024\/wp-json\/wp\/v2\/categories?post=26732"},{"taxonomy":"post_tag","embeddable":true,"href":"https:\/\/informatepy.com\/2024\/wp-json\/wp\/v2\/tags?post=26732"},{"taxonomy":"jnews-series","embeddable":true,"href":"https:\/\/informatepy.com\/2024\/wp-json\/wp\/v2\/jnews-series?post=26732"},{"taxonomy":"author","embeddable":true,"href":"https:\/\/informatepy.com\/2024\/wp-json\/wp\/v2\/ppma_author?post=26732"}],"curies":[{"name":"wp","href":"https:\/\/api.w.org\/{rel}","templated":true}]}}