{"id":26369,"date":"2024-07-17T04:00:00","date_gmt":"2024-07-17T07:00:00","guid":{"rendered":"https:\/\/informatepy.com\/2024\/?p=26369"},"modified":"2024-07-16T17:47:00","modified_gmt":"2024-07-16T20:47:00","slug":"desde-hoy-macron-solo-tiene-un-gobierno-decorativo","status":"publish","type":"post","link":"https:\/\/informatepy.com\/2024\/2024\/07\/17\/desde-hoy-macron-solo-tiene-un-gobierno-decorativo\/","title":{"rendered":"Desde hoy, Macron solo tiene un gobierno decorativo"},"content":{"rendered":"\n<p>El presidente franc\u00e9s, <strong>Emmanuel Macron<\/strong>, celebr\u00f3 su \u00faltimo Consejo de Ministros, en el cual acept\u00f3 la dimisi\u00f3n formal del primer ministro <strong>Gabriel Attal<\/strong>. Sin embargo, su equipo continuar\u00e1 gestionando los asuntos actuales por dos meses m\u00e1s, coincidiendo con los Juegos Ol\u00edmpicos de Par\u00eds, que se celebrar\u00e1n del 26 de julio al 11 de agosto.<\/p>\n\n\n\n<p>Este es un gabinete en funciones por un plazo limitado, consecuencia de la reciente derrota legislativa del oficialismo.<\/p>\n\n\n\n<p>En la segunda vuelta de los comicios, la izquierda del <strong>Nuevo Frente Popular<\/strong> result\u00f3 vencedora, mientras que el partido de Macron, <strong>Juntos Ciudadanos \/ Renacimiento-Renaissance<\/strong>, qued\u00f3 en segundo lugar, y la Agrupaci\u00f3n Nacional de Marine Le Pen, en tercer puesto.<\/p>\n\n\n\n<p>Aunque estas elecciones han reconfigurado el panorama pol\u00edtico en Francia, ninguna de las agrupaciones o partidos del Congreso posee la mayor\u00eda absoluta de 289 esca\u00f1os necesaria para formar gobierno.<\/p>\n\n\n\n<h3 class=\"wp-block-heading\">Gobierno en Funciones en Francia<\/h3>\n\n\n\n<p><strong><em>\u201cPodr\u00edamos haber desaparecido. Evitamos lo peor. El futuro est\u00e1 por escribirse. Y s\u00e9, se\u00f1or Presidente de la Rep\u00fablica, por conocer a las mujeres y hombres que est\u00e1n alrededor de esta mesa, que todos tienen a Francia en el coraz\u00f3n y que la llama nunca se apaga para aquellos que quieren servir a los franceses\u00bb<\/em><\/strong>, afirm\u00f3 Attal ante Macron, seg\u00fan la <em>Agence France-Presse.<\/em><\/p>\n\n\n\n<p>Attal, de 34 a\u00f1os, fue designado por Macron en enero pasado como sucesor de <strong>\u00c9lisabeth Borne<\/strong>. Los rumores, se\u00f1alan a Attal como el verdadero culpable de la derrota del oficialismo, aunque tambi\u00e9n se menciona uno de los m\u00e1s grandes desaciertos de Macron, la reforma jubilatoria, que provoc\u00f3 violentas protestas el a\u00f1o pasado.<\/p>\n\n\n\n<p>Alcances del gobierno dimisionario<\/p>\n\n\n\n<p>Los poderes de un gobierno dimisionario no est\u00e1n limitados cuando las medidas adoptadas son de car\u00e1cter urgente, como estado de emergencia, cat\u00e1strofe natural, alteraci\u00f3n del orden p\u00fablico o t\u00e9cnicas de inteligencia, explica Le Monde.<\/p>\n\n\n\n<p>El nombramiento de un nuevo gobierno, cuya competencia recae en Macron, puede llevar un tiempo considerable ya que no existen plazos por ley, especialmente teniendo en cuenta que ninguna de las fuerzas pol\u00edticas domina actualmente la Asamblea Nacional.<\/p>\n\n\n\n<p>Hace un mes, en las legislativas, la izquierda super\u00f3 tanto al partido de Le Pen como al de Macron, y una marea de banderas pro-Palestinas inund\u00f3 las calles en celebraci\u00f3n, tal como public\u00e1ramos desde <strong>InformatePy <\/strong>d\u00edas atr\u00e1s.<\/p>\n\n\n\n<figure class=\"wp-block-embed is-type-rich is-provider-twitter wp-block-embed-twitter\"><div class=\"wp-block-embed__wrapper\">\n<blockquote class=\"twitter-tweet\" data-width=\"500\" data-dnt=\"true\"><p lang=\"es\" dir=\"ltr\">\ud83c\uddeb\ud83c\uddf7| FRANCIA ES DE LOS INMIGRANTES<br><br>Celebraci\u00f3n en Francia con banderas isl\u00e1micas y una bandera gigante francesa en la que se lee \u201cFrancia es de los inmigrantes\u201d, apenas se conocieron los primeros resultados que favorecen a la izquierda de Jean-Luc M\u00e9lenchon <a href=\"https:\/\/t.co\/GwFRc1wyh7\">pic.twitter.com\/GwFRc1wyh7<\/a><\/p>&mdash; InformatePy (@InformatePy1) <a href=\"https:\/\/twitter.com\/InformatePy1\/status\/1810061974849323081?ref_src=twsrc%5Etfw\">July 7, 2024<\/a><\/blockquote><script async src=\"https:\/\/platform.twitter.com\/widgets.js\" charset=\"utf-8\"><\/script>\n<\/div><\/figure>\n","protected":false},"excerpt":{"rendered":"<p>El presidente franc\u00e9s, Emmanuel Macron, celebr\u00f3 su \u00faltimo Consejo de Ministros, en el cual acept\u00f3 la dimisi\u00f3n formal del primer ministro Gabriel Attal. Sin embargo, su equipo continuar\u00e1 gestionando los asuntos actuales por dos meses m\u00e1s, coincidiendo con los Juegos Ol\u00edmpicos de Par\u00eds, que se celebrar\u00e1n del 26 de julio al 11 de agosto. Este [&hellip;]<\/p>\n","protected":false},"author":3,"featured_media":11967,"comment_status":"open","ping_status":"open","sticky":false,"template":"","format":"standard","meta":{"_jetpack_memberships_contains_paid_content":false,"jnews-multi-image_gallery":[],"jnews_single_post":{"subtitle":"","format":"standard","video":"","gallery":"","source_name":"","source_url":"","via_name":"","via_url":"","override_template":"0","override":[{"template":"2","single_blog_custom":"","parallax":"1","fullscreen":"1","layout":"right-sidebar","sidebar":"default-sidebar","second_sidebar":"default-sidebar","sticky_sidebar":"1","share_position":"top","share_float_style":"share-monocrhome","show_share_counter":"0","show_view_counter":"0","show_featured":"1","show_post_meta":"1","show_post_author":"1","show_post_author_image":"0","show_post_date":"1","post_date_format":"default","post_date_format_custom":"Y\/m\/d","show_post_category":"1","show_post_reading_time":"0","post_reading_time_wpm":"300","show_zoom_button":"0","zoom_button_out_step":"2","zoom_button_in_step":"3","show_post_tag":"1","show_prev_next_post":"0","show_popup_post":"1","number_popup_post":"1","show_author_box":"1","show_post_related":"0","show_inline_post_related":"0"}],"override_image_size":"0","image_override":[{"single_post_thumbnail_size":"crop-500","single_post_gallery_size":"crop-500"}],"trending_post":"0","trending_post_position":"meta","trending_post_label":"Trending","sponsored_post":"0","sponsored_post_label":"Sponsored by","sponsored_post_name":"","sponsored_post_url":"","sponsored_post_logo_enable":"0","sponsored_post_logo":"","sponsored_post_desc":"","disable_ad":"0"},"jnews_primary_category":{"id":"","hide":""},"jnews_override_bookmark_settings":[],"jnews_food_recipe":[],"enable_food_recipe":"","food_recipe_title":"","food_recipe_description":"","food_recipe_serve":"","food_recipe_time":"","food_recipe_prep":"","food_recipe_level":"","food_recipe_keywords":"","food_recipe_category":"","food_recipe_cuisine":"","food_recipe_yield":"","food_recipe_calories":"","enable_print_recipe":"","ingredient":[],"instruction":"","jnews_social_meta":{"fb_title":"","fb_description":"","fb_image":"","twitter_title":"","twitter_description":"","twitter_image":""},"jnews_paywall_metabox":[],"jnews_review":[],"enable_review":"","type":"","name":"","summary":"","brand":"","sku":"","good":[],"bad":[],"score_override":"","override_value":"","rating":[],"price":[],"jnews_override_counter":{"override_view_counter":"0","view_counter_number":"0","override_share_counter":"0","share_counter_number":"0","override_like_counter":"0","like_counter_number":"0","override_dislike_counter":"0","dislike_counter_number":"0"},"jnews_post_split":{"enable_post_split":"0","post_split":[{"template":"1","tag":"h2","numbering":"asc","mode":"normal","first":"0","enable_toc":"0","toc_type":"normal"}]},"jnews_podcast_option":[],"jnews_podcast_series":[],"footnotes":""},"categories":[33],"tags":[831,995,391,2005,1958,1008],"jnews-series":[],"ppma_author":[830],"class_list":["post-26369","post","type-post","status-publish","format-standard","has-post-thumbnail","hentry","category-mundo","tag-destacada","tag-emmanuel-macron","tag-francia","tag-jean-luc-melenchon","tag-macron","tag-marine-le-pen"],"yoast_head":"<!-- This site is optimized with the Yoast SEO plugin v27.5 - https:\/\/yoast.com\/product\/yoast-seo-wordpress\/ -->\n<title>Desde hoy, Macron solo tiene un gobierno decorativo - Informate Py Creemos en la libertad de expresi\u00f3n y en la capacidad de la gente de reflexionar\u00a0por\u00a0si\u00a0misma<\/title>\n<meta name=\"robots\" content=\"index, follow, max-snippet:-1, max-image-preview:large, max-video-preview:-1\" \/>\n<link rel=\"canonical\" href=\"https:\/\/informatepy.com\/2024\/2024\/07\/17\/desde-hoy-macron-solo-tiene-un-gobierno-decorativo\/\" \/>\n<meta property=\"og:locale\" content=\"es_ES\" \/>\n<meta property=\"og:type\" content=\"article\" \/>\n<meta property=\"og:title\" content=\"Desde hoy, Macron solo tiene un gobierno decorativo - Informate Py Creemos en la libertad de expresi\u00f3n y en la capacidad de la gente de reflexionar\u00a0por\u00a0si\u00a0misma\" \/>\n<meta property=\"og:description\" content=\"El presidente franc\u00e9s, Emmanuel Macron, celebr\u00f3 su \u00faltimo Consejo de Ministros, en el cual acept\u00f3 la dimisi\u00f3n formal del primer ministro Gabriel Attal. Sin embargo, su equipo continuar\u00e1 gestionando los asuntos actuales por dos meses m\u00e1s, coincidiendo con los Juegos Ol\u00edmpicos de Par\u00eds, que se celebrar\u00e1n del 26 de julio al 11 de agosto. Este [&hellip;]\" \/>\n<meta property=\"og:url\" content=\"https:\/\/informatepy.com\/2024\/2024\/07\/17\/desde-hoy-macron-solo-tiene-un-gobierno-decorativo\/\" \/>\n<meta property=\"og:site_name\" content=\"Informate Py Creemos en la libertad de expresi\u00f3n y en la capacidad de la gente de reflexionar\u00a0por\u00a0si\u00a0misma\" \/>\n<meta property=\"article:author\" content=\"https:\/\/www.facebook.com\/InformatePyCom\" \/>\n<meta property=\"article:published_time\" content=\"2024-07-17T07:00:00+00:00\" \/>\n<meta property=\"og:image\" content=\"https:\/\/i0.wp.com\/informatepy.com\/2024\/wp-content\/uploads\/2023\/10\/macron-cementerio.jpg?fit=1280%2C852&ssl=1\" \/>\n\t<meta property=\"og:image:width\" content=\"1280\" \/>\n\t<meta property=\"og:image:height\" content=\"852\" \/>\n\t<meta property=\"og:image:type\" content=\"image\/jpeg\" \/>\n<meta name=\"author\" content=\"Redacci\u00f3n\" \/>\n<meta name=\"twitter:card\" content=\"summary_large_image\" \/>\n<meta name=\"twitter:creator\" content=\"@https:\/\/twitter.com\/InformatePy1\" \/>\n<meta name=\"twitter:label1\" content=\"Escrito por\" \/>\n\t<meta name=\"twitter:data1\" content=\"Redacci\u00f3n\" \/>\n\t<meta name=\"twitter:label2\" content=\"Tiempo de lectura\" \/>\n\t<meta name=\"twitter:data2\" content=\"2 minutos\" \/>\n<script type=\"application\/ld+json\" class=\"yoast-schema-graph\">{\"@context\":\"https:\\\/\\\/schema.org\",\"@graph\":[{\"@type\":\"Article\",\"@id\":\"https:\\\/\\\/informatepy.com\\\/2024\\\/2024\\\/07\\\/17\\\/desde-hoy-macron-solo-tiene-un-gobierno-decorativo\\\/#article\",\"isPartOf\":{\"@id\":\"https:\\\/\\\/informatepy.com\\\/2024\\\/2024\\\/07\\\/17\\\/desde-hoy-macron-solo-tiene-un-gobierno-decorativo\\\/\"},\"author\":{\"name\":\"Redacci\u00f3n\",\"@id\":\"https:\\\/\\\/informatepy.com\\\/2024\\\/#\\\/schema\\\/person\\\/98728344b91c548ef8544c80daf58463\"},\"headline\":\"Desde hoy, Macron solo tiene un gobierno decorativo\",\"datePublished\":\"2024-07-17T07:00:00+00:00\",\"mainEntityOfPage\":{\"@id\":\"https:\\\/\\\/informatepy.com\\\/2024\\\/2024\\\/07\\\/17\\\/desde-hoy-macron-solo-tiene-un-gobierno-decorativo\\\/\"},\"wordCount\":413,\"commentCount\":0,\"publisher\":{\"@id\":\"https:\\\/\\\/informatepy.com\\\/2024\\\/#organization\"},\"image\":{\"@id\":\"https:\\\/\\\/informatepy.com\\\/2024\\\/2024\\\/07\\\/17\\\/desde-hoy-macron-solo-tiene-un-gobierno-decorativo\\\/#primaryimage\"},\"thumbnailUrl\":\"https:\\\/\\\/i0.wp.com\\\/informatepy.com\\\/2024\\\/wp-content\\\/uploads\\\/2023\\\/10\\\/macron-cementerio.jpg?fit=1280%2C852&ssl=1\",\"keywords\":[\"destacada\",\"emmanuel macron\",\"francia\",\"jean luc melenchon\",\"macron\",\"marine le pen\"],\"articleSection\":[\"Mundo\"],\"inLanguage\":\"es\",\"potentialAction\":[{\"@type\":\"CommentAction\",\"name\":\"Comment\",\"target\":[\"https:\\\/\\\/informatepy.com\\\/2024\\\/2024\\\/07\\\/17\\\/desde-hoy-macron-solo-tiene-un-gobierno-decorativo\\\/#respond\"]}]},{\"@type\":\"WebPage\",\"@id\":\"https:\\\/\\\/informatepy.com\\\/2024\\\/2024\\\/07\\\/17\\\/desde-hoy-macron-solo-tiene-un-gobierno-decorativo\\\/\",\"url\":\"https:\\\/\\\/informatepy.com\\\/2024\\\/2024\\\/07\\\/17\\\/desde-hoy-macron-solo-tiene-un-gobierno-decorativo\\\/\",\"name\":\"Desde hoy, Macron solo tiene un gobierno decorativo - Informate Py Creemos en la libertad de expresi\u00f3n y en la capacidad de la gente de reflexionar\u00a0por\u00a0si\u00a0misma\",\"isPartOf\":{\"@id\":\"https:\\\/\\\/informatepy.com\\\/2024\\\/#website\"},\"primaryImageOfPage\":{\"@id\":\"https:\\\/\\\/informatepy.com\\\/2024\\\/2024\\\/07\\\/17\\\/desde-hoy-macron-solo-tiene-un-gobierno-decorativo\\\/#primaryimage\"},\"image\":{\"@id\":\"https:\\\/\\\/informatepy.com\\\/2024\\\/2024\\\/07\\\/17\\\/desde-hoy-macron-solo-tiene-un-gobierno-decorativo\\\/#primaryimage\"},\"thumbnailUrl\":\"https:\\\/\\\/i0.wp.com\\\/informatepy.com\\\/2024\\\/wp-content\\\/uploads\\\/2023\\\/10\\\/macron-cementerio.jpg?fit=1280%2C852&ssl=1\",\"datePublished\":\"2024-07-17T07:00:00+00:00\",\"breadcrumb\":{\"@id\":\"https:\\\/\\\/informatepy.com\\\/2024\\\/2024\\\/07\\\/17\\\/desde-hoy-macron-solo-tiene-un-gobierno-decorativo\\\/#breadcrumb\"},\"inLanguage\":\"es\",\"potentialAction\":[{\"@type\":\"ReadAction\",\"target\":[\"https:\\\/\\\/informatepy.com\\\/2024\\\/2024\\\/07\\\/17\\\/desde-hoy-macron-solo-tiene-un-gobierno-decorativo\\\/\"]}]},{\"@type\":\"ImageObject\",\"inLanguage\":\"es\",\"@id\":\"https:\\\/\\\/informatepy.com\\\/2024\\\/2024\\\/07\\\/17\\\/desde-hoy-macron-solo-tiene-un-gobierno-decorativo\\\/#primaryimage\",\"url\":\"https:\\\/\\\/i0.wp.com\\\/informatepy.com\\\/2024\\\/wp-content\\\/uploads\\\/2023\\\/10\\\/macron-cementerio.jpg?fit=1280%2C852&ssl=1\",\"contentUrl\":\"https:\\\/\\\/i0.wp.com\\\/informatepy.com\\\/2024\\\/wp-content\\\/uploads\\\/2023\\\/10\\\/macron-cementerio.jpg?fit=1280%2C852&ssl=1\",\"width\":1280,\"height\":852},{\"@type\":\"BreadcrumbList\",\"@id\":\"https:\\\/\\\/informatepy.com\\\/2024\\\/2024\\\/07\\\/17\\\/desde-hoy-macron-solo-tiene-un-gobierno-decorativo\\\/#breadcrumb\",\"itemListElement\":[{\"@type\":\"ListItem\",\"position\":1,\"name\":\"Portada\",\"item\":\"https:\\\/\\\/informatepy.com\\\/2024\\\/\"},{\"@type\":\"ListItem\",\"position\":2,\"name\":\"Desde hoy, Macron solo tiene un gobierno decorativo\"}]},{\"@type\":\"WebSite\",\"@id\":\"https:\\\/\\\/informatepy.com\\\/2024\\\/#website\",\"url\":\"https:\\\/\\\/informatepy.com\\\/2024\\\/\",\"name\":\"Informate Py Creemos en la libertad de expresi\u00f3n y en la capacidad de la gente de reflexionar\u00a0por\u00a0si\u00a0misma\",\"description\":\"InformatePy\",\"publisher\":{\"@id\":\"https:\\\/\\\/informatepy.com\\\/2024\\\/#organization\"},\"potentialAction\":[{\"@type\":\"SearchAction\",\"target\":{\"@type\":\"EntryPoint\",\"urlTemplate\":\"https:\\\/\\\/informatepy.com\\\/2024\\\/?s={search_term_string}\"},\"query-input\":{\"@type\":\"PropertyValueSpecification\",\"valueRequired\":true,\"valueName\":\"search_term_string\"}}],\"inLanguage\":\"es\"},{\"@type\":\"Organization\",\"@id\":\"https:\\\/\\\/informatepy.com\\\/2024\\\/#organization\",\"name\":\"Informate Py Creemos en la libertad de expresi\u00f3n y en la capacidad de la gente de reflexionar\u00a0por\u00a0si\u00a0misma\",\"url\":\"https:\\\/\\\/informatepy.com\\\/2024\\\/\",\"logo\":{\"@type\":\"ImageObject\",\"inLanguage\":\"es\",\"@id\":\"https:\\\/\\\/informatepy.com\\\/2024\\\/#\\\/schema\\\/logo\\\/image\\\/\",\"url\":\"https:\\\/\\\/i0.wp.com\\\/informatepy.com\\\/2024\\\/wp-content\\\/uploads\\\/2024\\\/02\\\/Logotipo-sin-fondo-informate-py500.png?fit=500%2C94&ssl=1\",\"contentUrl\":\"https:\\\/\\\/i0.wp.com\\\/informatepy.com\\\/2024\\\/wp-content\\\/uploads\\\/2024\\\/02\\\/Logotipo-sin-fondo-informate-py500.png?fit=500%2C94&ssl=1\",\"width\":500,\"height\":94,\"caption\":\"Informate Py Creemos en la libertad de expresi\u00f3n y en la capacidad de la gente de reflexionar\u00a0por\u00a0si\u00a0misma\"},\"image\":{\"@id\":\"https:\\\/\\\/informatepy.com\\\/2024\\\/#\\\/schema\\\/logo\\\/image\\\/\"}},{\"@type\":\"Person\",\"@id\":\"https:\\\/\\\/informatepy.com\\\/2024\\\/#\\\/schema\\\/person\\\/98728344b91c548ef8544c80daf58463\",\"name\":\"Redacci\u00f3n\",\"image\":{\"@type\":\"ImageObject\",\"inLanguage\":\"es\",\"@id\":\"https:\\\/\\\/informatepy.com\\\/2024\\\/wp-content\\\/uploads\\\/2024\\\/02\\\/cropped-Isologo-sin-fondo.png9c354f01c536b2d49dbb929e96603401\",\"url\":\"https:\\\/\\\/informatepy.com\\\/2024\\\/wp-content\\\/uploads\\\/2024\\\/02\\\/cropped-Isologo-sin-fondo.png\",\"contentUrl\":\"https:\\\/\\\/informatepy.com\\\/2024\\\/wp-content\\\/uploads\\\/2024\\\/02\\\/cropped-Isologo-sin-fondo.png\",\"caption\":\"Redacci\u00f3n\"},\"sameAs\":[\"https:\\\/\\\/www.facebook.com\\\/InformatePyCom\",\"https:\\\/\\\/x.com\\\/https:\\\/\\\/twitter.com\\\/InformatePy1\"],\"url\":\"https:\\\/\\\/informatepy.com\\\/2024\\\/author\\\/redaccion\\\/\"}]}<\/script>\n<!-- \/ Yoast SEO plugin. -->","yoast_head_json":{"title":"Desde hoy, Macron solo tiene un gobierno decorativo - Informate Py Creemos en la libertad de expresi\u00f3n y en la capacidad de la gente de reflexionar\u00a0por\u00a0si\u00a0misma","robots":{"index":"index","follow":"follow","max-snippet":"max-snippet:-1","max-image-preview":"max-image-preview:large","max-video-preview":"max-video-preview:-1"},"canonical":"https:\/\/informatepy.com\/2024\/2024\/07\/17\/desde-hoy-macron-solo-tiene-un-gobierno-decorativo\/","og_locale":"es_ES","og_type":"article","og_title":"Desde hoy, Macron solo tiene un gobierno decorativo - Informate Py Creemos en la libertad de expresi\u00f3n y en la capacidad de la gente de reflexionar\u00a0por\u00a0si\u00a0misma","og_description":"El presidente franc\u00e9s, Emmanuel Macron, celebr\u00f3 su \u00faltimo Consejo de Ministros, en el cual acept\u00f3 la dimisi\u00f3n formal del primer ministro Gabriel Attal. Sin embargo, su equipo continuar\u00e1 gestionando los asuntos actuales por dos meses m\u00e1s, coincidiendo con los Juegos Ol\u00edmpicos de Par\u00eds, que se celebrar\u00e1n del 26 de julio al 11 de agosto. Este [&hellip;]","og_url":"https:\/\/informatepy.com\/2024\/2024\/07\/17\/desde-hoy-macron-solo-tiene-un-gobierno-decorativo\/","og_site_name":"Informate Py Creemos en la libertad de expresi\u00f3n y en la capacidad de la gente de reflexionar\u00a0por\u00a0si\u00a0misma","article_author":"https:\/\/www.facebook.com\/InformatePyCom","article_published_time":"2024-07-17T07:00:00+00:00","og_image":[{"width":1280,"height":852,"url":"https:\/\/i0.wp.com\/informatepy.com\/2024\/wp-content\/uploads\/2023\/10\/macron-cementerio.jpg?fit=1280%2C852&ssl=1","type":"image\/jpeg"}],"author":"Redacci\u00f3n","twitter_card":"summary_large_image","twitter_creator":"@https:\/\/twitter.com\/InformatePy1","twitter_misc":{"Escrito por":"Redacci\u00f3n","Tiempo de lectura":"2 minutos"},"schema":{"@context":"https:\/\/schema.org","@graph":[{"@type":"Article","@id":"https:\/\/informatepy.com\/2024\/2024\/07\/17\/desde-hoy-macron-solo-tiene-un-gobierno-decorativo\/#article","isPartOf":{"@id":"https:\/\/informatepy.com\/2024\/2024\/07\/17\/desde-hoy-macron-solo-tiene-un-gobierno-decorativo\/"},"author":{"name":"Redacci\u00f3n","@id":"https:\/\/informatepy.com\/2024\/#\/schema\/person\/98728344b91c548ef8544c80daf58463"},"headline":"Desde hoy, Macron solo tiene un gobierno decorativo","datePublished":"2024-07-17T07:00:00+00:00","mainEntityOfPage":{"@id":"https:\/\/informatepy.com\/2024\/2024\/07\/17\/desde-hoy-macron-solo-tiene-un-gobierno-decorativo\/"},"wordCount":413,"commentCount":0,"publisher":{"@id":"https:\/\/informatepy.com\/2024\/#organization"},"image":{"@id":"https:\/\/informatepy.com\/2024\/2024\/07\/17\/desde-hoy-macron-solo-tiene-un-gobierno-decorativo\/#primaryimage"},"thumbnailUrl":"https:\/\/i0.wp.com\/informatepy.com\/2024\/wp-content\/uploads\/2023\/10\/macron-cementerio.jpg?fit=1280%2C852&ssl=1","keywords":["destacada","emmanuel macron","francia","jean luc melenchon","macron","marine le pen"],"articleSection":["Mundo"],"inLanguage":"es","potentialAction":[{"@type":"CommentAction","name":"Comment","target":["https:\/\/informatepy.com\/2024\/2024\/07\/17\/desde-hoy-macron-solo-tiene-un-gobierno-decorativo\/#respond"]}]},{"@type":"WebPage","@id":"https:\/\/informatepy.com\/2024\/2024\/07\/17\/desde-hoy-macron-solo-tiene-un-gobierno-decorativo\/","url":"https:\/\/informatepy.com\/2024\/2024\/07\/17\/desde-hoy-macron-solo-tiene-un-gobierno-decorativo\/","name":"Desde hoy, Macron solo tiene un gobierno decorativo - Informate Py Creemos en la libertad de expresi\u00f3n y en la capacidad de la gente de reflexionar\u00a0por\u00a0si\u00a0misma","isPartOf":{"@id":"https:\/\/informatepy.com\/2024\/#website"},"primaryImageOfPage":{"@id":"https:\/\/informatepy.com\/2024\/2024\/07\/17\/desde-hoy-macron-solo-tiene-un-gobierno-decorativo\/#primaryimage"},"image":{"@id":"https:\/\/informatepy.com\/2024\/2024\/07\/17\/desde-hoy-macron-solo-tiene-un-gobierno-decorativo\/#primaryimage"},"thumbnailUrl":"https:\/\/i0.wp.com\/informatepy.com\/2024\/wp-content\/uploads\/2023\/10\/macron-cementerio.jpg?fit=1280%2C852&ssl=1","datePublished":"2024-07-17T07:00:00+00:00","breadcrumb":{"@id":"https:\/\/informatepy.com\/2024\/2024\/07\/17\/desde-hoy-macron-solo-tiene-un-gobierno-decorativo\/#breadcrumb"},"inLanguage":"es","potentialAction":[{"@type":"ReadAction","target":["https:\/\/informatepy.com\/2024\/2024\/07\/17\/desde-hoy-macron-solo-tiene-un-gobierno-decorativo\/"]}]},{"@type":"ImageObject","inLanguage":"es","@id":"https:\/\/informatepy.com\/2024\/2024\/07\/17\/desde-hoy-macron-solo-tiene-un-gobierno-decorativo\/#primaryimage","url":"https:\/\/i0.wp.com\/informatepy.com\/2024\/wp-content\/uploads\/2023\/10\/macron-cementerio.jpg?fit=1280%2C852&ssl=1","contentUrl":"https:\/\/i0.wp.com\/informatepy.com\/2024\/wp-content\/uploads\/2023\/10\/macron-cementerio.jpg?fit=1280%2C852&ssl=1","width":1280,"height":852},{"@type":"BreadcrumbList","@id":"https:\/\/informatepy.com\/2024\/2024\/07\/17\/desde-hoy-macron-solo-tiene-un-gobierno-decorativo\/#breadcrumb","itemListElement":[{"@type":"ListItem","position":1,"name":"Portada","item":"https:\/\/informatepy.com\/2024\/"},{"@type":"ListItem","position":2,"name":"Desde hoy, Macron solo tiene un gobierno decorativo"}]},{"@type":"WebSite","@id":"https:\/\/informatepy.com\/2024\/#website","url":"https:\/\/informatepy.com\/2024\/","name":"Informate Py Creemos en la libertad de expresi\u00f3n y en la capacidad de la gente de reflexionar\u00a0por\u00a0si\u00a0misma","description":"InformatePy","publisher":{"@id":"https:\/\/informatepy.com\/2024\/#organization"},"potentialAction":[{"@type":"SearchAction","target":{"@type":"EntryPoint","urlTemplate":"https:\/\/informatepy.com\/2024\/?s={search_term_string}"},"query-input":{"@type":"PropertyValueSpecification","valueRequired":true,"valueName":"search_term_string"}}],"inLanguage":"es"},{"@type":"Organization","@id":"https:\/\/informatepy.com\/2024\/#organization","name":"Informate Py Creemos en la libertad de expresi\u00f3n y en la capacidad de la gente de reflexionar\u00a0por\u00a0si\u00a0misma","url":"https:\/\/informatepy.com\/2024\/","logo":{"@type":"ImageObject","inLanguage":"es","@id":"https:\/\/informatepy.com\/2024\/#\/schema\/logo\/image\/","url":"https:\/\/i0.wp.com\/informatepy.com\/2024\/wp-content\/uploads\/2024\/02\/Logotipo-sin-fondo-informate-py500.png?fit=500%2C94&ssl=1","contentUrl":"https:\/\/i0.wp.com\/informatepy.com\/2024\/wp-content\/uploads\/2024\/02\/Logotipo-sin-fondo-informate-py500.png?fit=500%2C94&ssl=1","width":500,"height":94,"caption":"Informate Py Creemos en la libertad de expresi\u00f3n y en la capacidad de la gente de reflexionar\u00a0por\u00a0si\u00a0misma"},"image":{"@id":"https:\/\/informatepy.com\/2024\/#\/schema\/logo\/image\/"}},{"@type":"Person","@id":"https:\/\/informatepy.com\/2024\/#\/schema\/person\/98728344b91c548ef8544c80daf58463","name":"Redacci\u00f3n","image":{"@type":"ImageObject","inLanguage":"es","@id":"https:\/\/informatepy.com\/2024\/wp-content\/uploads\/2024\/02\/cropped-Isologo-sin-fondo.png9c354f01c536b2d49dbb929e96603401","url":"https:\/\/informatepy.com\/2024\/wp-content\/uploads\/2024\/02\/cropped-Isologo-sin-fondo.png","contentUrl":"https:\/\/informatepy.com\/2024\/wp-content\/uploads\/2024\/02\/cropped-Isologo-sin-fondo.png","caption":"Redacci\u00f3n"},"sameAs":["https:\/\/www.facebook.com\/InformatePyCom","https:\/\/x.com\/https:\/\/twitter.com\/InformatePy1"],"url":"https:\/\/informatepy.com\/2024\/author\/redaccion\/"}]}},"jetpack_featured_media_url":"https:\/\/i0.wp.com\/informatepy.com\/2024\/wp-content\/uploads\/2023\/10\/macron-cementerio.jpg?fit=1280%2C852&ssl=1","jetpack-related-posts":[],"jetpack_sharing_enabled":true,"authors":[{"term_id":830,"user_id":3,"is_guest":0,"slug":"redaccion","display_name":"Redacci\u00f3n","avatar_url":{"url":"https:\/\/informatepy.com\/2024\/wp-content\/uploads\/2024\/02\/cropped-Isologo-sin-fondo.png","url2x":"https:\/\/informatepy.com\/2024\/wp-content\/uploads\/2024\/02\/cropped-Isologo-sin-fondo.png"},"author_category":"1","first_name":"Redacci\u00f3n","last_name":"","user_url":"","job_title":"","description":""}],"_links":{"self":[{"href":"https:\/\/informatepy.com\/2024\/wp-json\/wp\/v2\/posts\/26369","targetHints":{"allow":["GET"]}}],"collection":[{"href":"https:\/\/informatepy.com\/2024\/wp-json\/wp\/v2\/posts"}],"about":[{"href":"https:\/\/informatepy.com\/2024\/wp-json\/wp\/v2\/types\/post"}],"author":[{"embeddable":true,"href":"https:\/\/informatepy.com\/2024\/wp-json\/wp\/v2\/users\/3"}],"replies":[{"embeddable":true,"href":"https:\/\/informatepy.com\/2024\/wp-json\/wp\/v2\/comments?post=26369"}],"version-history":[{"count":1,"href":"https:\/\/informatepy.com\/2024\/wp-json\/wp\/v2\/posts\/26369\/revisions"}],"predecessor-version":[{"id":26370,"href":"https:\/\/informatepy.com\/2024\/wp-json\/wp\/v2\/posts\/26369\/revisions\/26370"}],"wp:featuredmedia":[{"embeddable":true,"href":"https:\/\/informatepy.com\/2024\/wp-json\/wp\/v2\/media\/11967"}],"wp:attachment":[{"href":"https:\/\/informatepy.com\/2024\/wp-json\/wp\/v2\/media?parent=26369"}],"wp:term":[{"taxonomy":"category","embeddable":true,"href":"https:\/\/informatepy.com\/2024\/wp-json\/wp\/v2\/categories?post=26369"},{"taxonomy":"post_tag","embeddable":true,"href":"https:\/\/informatepy.com\/2024\/wp-json\/wp\/v2\/tags?post=26369"},{"taxonomy":"jnews-series","embeddable":true,"href":"https:\/\/informatepy.com\/2024\/wp-json\/wp\/v2\/jnews-series?post=26369"},{"taxonomy":"author","embeddable":true,"href":"https:\/\/informatepy.com\/2024\/wp-json\/wp\/v2\/ppma_author?post=26369"}],"curies":[{"name":"wp","href":"https:\/\/api.w.org\/{rel}","templated":true}]}}