{"id":24541,"date":"2024-04-07T04:01:00","date_gmt":"2024-04-07T07:01:00","guid":{"rendered":"https:\/\/informatepy.com\/2024\/?p=24541"},"modified":"2024-04-07T10:06:09","modified_gmt":"2024-04-07T13:06:09","slug":"paraguayos-republica-o-muerte","status":"publish","type":"post","link":"https:\/\/informatepy.com\/2024\/2024\/04\/07\/paraguayos-republica-o-muerte\/","title":{"rendered":"Paraguayos, Rep\u00fablica o muerte"},"content":{"rendered":"\n<p class=\"has-text-align-justify\">El jueves, en una sesi\u00f3n extraordinaria en la C\u00e1mara de Senadores, por mayor\u00eda simple y a instancias de la bancada oficialista, el Senado aprob\u00f3 una resoluci\u00f3n mediante la cual, en un acto sin precedentes, derog\u00f3 tres resoluciones vigentes mediante las cuales se les hab\u00edan suspendido los fueros a los senadores <strong>Hern\u00e1n Rivas, Erico Galeano<\/strong> y <strong>Rafael Filizzola<\/strong>, respectivamente.<\/p>\n\n\n\n<p class=\"has-text-align-justify\">Han llevado a cabo, algo as\u00ed como un intento de procedimiento de restituci\u00f3n de fueros, no contemplado en nuestro sistema constitucional y lo han hecho, adem\u00e1s, sin fundamento alguno. Recordemos que en el derecho p\u00fablico lo que no est\u00e1 expresamente permitido, est\u00e1 prohibido. Tengamos en cuenta, adem\u00e1s, que el desafuero comienza a partir de una comunicaci\u00f3n del Poder Judicial, y procede cuando luego de la evaluaci\u00f3n legislativa de la investigaci\u00f3n judicial se concluye que hay m\u00e9rito suficiente para proceder en consecuencia. Es decir, si est\u00e1n fundamentados los m\u00e9ritos del sumario, se procede al desafuero para que la justicia proceda con su investigaci\u00f3n y su proceso, sin obst\u00e1culos.<\/p>\n\n\n\n<p class=\"has-text-align-justify\">Pues resulta que ha sido un procedimiento de diez minutos en el cual no se trat\u00f3 la desaparici\u00f3n del m\u00e9rito ni nada de eso. No fue necesario porque se trat\u00f3 sencillamente de una cuesti\u00f3n netamente pol\u00edtica, revanchista, infantil e inmadura, asumida por la propia bancada oficialista: fue en respuesta al NO DESAFUERO del Senador Vitalicio <strong>Mario Abdo Ben\u00edtez<\/strong>. No es cosa m\u00eda, lo han manifestado y asumido expresa y literalmente tanto el l\u00edder de la bancada oficialista como otros referentes. Han dicho que es un mensaje pol\u00edtico para los defensores de los fueros del expresidente Mario Abdo Benitez.<\/p>\n\n\n\n<p class=\"has-text-align-justify\">Cortito y al pie: el Poder Legislativo no tiene tal atribuci\u00f3n, el acto es nulo de toda nulidad, Art. 248 de la Constituci\u00f3n Nacional:<em> <strong>\u00abEn ning\u00fan caso los miembros de los otros poderes, ni otros funcionarios, podr\u00e1n arrogarse atribuciones judiciales que no est\u00e9n expresamente establecidas en esta Constituci\u00f3n, ni revivir procesos fenecidos, ni paralizar los existentes, ni intervenir de cualquier modo en los juicios. Actos de esta naturaleza conllevan nulidad insanable\u201d.<\/strong><\/em><\/p>\n\n\n\n<p class=\"has-text-align-justify\">Dicho esto, \u00bfQu\u00e9 puede hacer el Poder Judicial con las causas de \u00e9stos tres senadores? Dejar de lado la resoluci\u00f3n del senado, y seguir administrando justicia, pues la etapa de comunicaci\u00f3n y desafuero precluy\u00f3, se agot\u00f3, no hay retracci\u00f3n posible salvo la conclusi\u00f3n del proceso judicial con absoluci\u00f3n en el proceso en el que fue solicitado.<\/p>\n\n\n\n<p class=\"has-text-align-justify\">Por lo dem\u00e1s y en el mejor de los casos, aguardar que el Ministerio P\u00fablico se expida ma\u00f1ana lunes y anuncie el planteamiento de acciones de inconstitucionalidad en cada uno de los tres procesos, contra la resoluci\u00f3n del Senado. Y en un escenario ideal y casi so\u00f1ado, esperar la apertura de una investigaci\u00f3n por \u201cAtentado contra el orden constitucional\u201d, Art. 273 del C\u00f3digo Penal:<\/p>\n\n\n\n<p class=\"has-text-align-justify\"><em>\u201c1\u00ba El que intentara lograr o lograra cambios del orden constitucional fuera de los procedimientos previstos en la Constituci\u00f3n, ser\u00e1 castigado con pena privativa de libertad de hasta cinco a\u00f1os.<\/em><\/p>\n\n\n\n<p class=\"has-text-align-justify\"><em>2\u00ba&nbsp; Se entender\u00e1 como orden constitucional la configuraci\u00f3n de la Rep\u00fablica del Paraguay como Estado, conforme lo disponen los art\u00edculos 1 al 3 de la Constituci\u00f3n.\u201d<\/em><\/p>\n\n\n\n<p>\u00a1Sorpr\u00e9ndanos Emiliano!<\/p>\n\n\n\n<p class=\"has-text-align-justify\">Sea usted consciente, sea usted patriota y tenga el coraje de no permitir que prevalezca lo hecho ayer por el Senado, porque entonces s\u00ed, bien podremos comenzar asumir que ya no s\u00f3lo es un relato sino un dato, el rompimiento del equilibrio de poderes. Y usted sabe bien lo que eso significa. Tiene una magn\u00edfica oportunidad de hacer de una vez por todas lo correcto y enviar un mensaje tan contundente como esperanzador para toda la sociedad.<\/p>\n\n\n\n<p class=\"has-text-align-justify\">\u00bf\u00a1Por qu\u00e9 carajos nos tiene que resultar una utop\u00eda exigir y pretender justicia!?<\/p>\n\n\n\n<p class=\"has-text-align-justify\">Perd\u00f3n\u2026no se termina el mundo, es verdad, pero lo visto ha sido un bastardeo indecente, arbitrario y salvaje del Orden Constitucional, hecho con la soberbia de la impunidad, con el descaro de quien se sabe impune a pesar del abuso de poder, y va tener sus consecuencias a mediano y largo plazo.<\/p>\n\n\n\n<p class=\"has-text-align-justify\">Ocho meses de un Congreso que no respeta la m\u00e1s m\u00ednima formalidad, ni contempla la m\u00e1s m\u00ednima seguridad jur\u00eddica, erosionando la poca confianza que existe en las instituciones democr\u00e1ticas, debilitando la gobernabilidad, y aumentando la injusticia. Hoy, no existen garant\u00edas de seguridad jur\u00eddica en la Rep\u00fablica del Paraguay. Pero Pe\u00f1a est\u00e1 contento porque le aprobaron el 100% de las leyes que el gobierno propuso. Lo que no se ha percatado es que sin seguridad jur\u00eddica no hay econom\u00eda sostenible ni grado de inversi\u00f3n posible, salvo que tambi\u00e9n, lo compren. Veremos si hay resto.<\/p>\n\n\n\n<p class=\"has-text-align-justify\">Las calificaciones de riesgo no van a bajar ni se va ver afectado nuestro grado de inversi\u00f3n por las bravuconadas y caprichos de Honor Colorado. Pero s\u00ed, podr\u00e1n bajar y nos podremos quedar sin alcanzarlo, por lo que Paraguay y el gobierno NO HACEN al respecto. La debilidad institucional, la inestabilidad de las reglas de juego, la alta inseguridad jur\u00eddica son limitantes importantes para alcanzar el grado de inversi\u00f3n. Que las instituciones funcionen es la mejor forma de alcanzar y proteger el grado de inversi\u00f3n. Pero no as\u00ed Presidente, no as\u00ed.<\/p>\n\n\n\n<p class=\"has-text-align-justify\">No abusen del poder pol\u00edtico, pues haci\u00e9ndolo violan los principios democr\u00e1ticos y del estado de derecho, socavan la equidad, la transparencia y la participaci\u00f3n ciudadana en los procesos pol\u00edticos. Combatir el abuso del poder pol\u00edtico requiere un compromiso continuo con la democracia, la justicia y la \u00e9tica por parte de todos los actores pol\u00edticos y de la sociedad en su conjunto. \u00bfD\u00f3nde est\u00e1 ese compromiso?<\/p>\n\n\n\n<p class=\"has-text-align-justify\">Yo no creo que estemos en una dictadura, pero s\u00ed creo que estamos ante el <strong>autoritarismo del dinero<\/strong> y su influencia desproporcionada y dominante, que elimina a la gente pensante y se ejerce sobre los procesos pol\u00edticos y sociales de nuestra sociedad, influyendo en toma de decisiones, manipulando las instituciones y los medios de comunicaci\u00f3n para promover sus propios intereses, a expensas de los intereses p\u00fablicos y la voluntad popular, exacerbando la desigualdad, matando nuestra democracia.<\/p>\n\n\n\n<p class=\"has-text-align-justify\">El bienestar p\u00fablico ha sucumbido ante el inter\u00e9s de unos pocos, y la poblaci\u00f3n se encuentra ante un orfanato de representaci\u00f3n genuina de sus intereses y preocupaciones. Hace falta mucha educaci\u00f3n c\u00edvica y sobre todo conciencia p\u00fablica sobre los riesgos del autoritarismo del dinero para la democracia.<\/p>\n\n\n\n<p class=\"has-text-align-justify\">Ni bien supimos los resultados del 30 de abril, lo primero que he dicho y repetido es que el mayor desaf\u00edo del Partido Colorado iba ser <strong>administrar sus mayor\u00edas<\/strong>. Administrar de forma eficaz las mayor\u00edas no significa pensar que existe una \u00fanica ley: \u201cla ley de los veintitr\u00e9s\u201d. Saber administrar las mayor\u00edas de manera efectiva es <strong>escuchar<\/strong>, es <strong>dialogar<\/strong>, con los miembros de la mayor\u00eda, as\u00ed como tambi\u00e9n de las minor\u00edas pol\u00edticas y de la sociedad en general. Nada es m\u00e1s importante que el <strong>di\u00e1logo<\/strong> abierto y constructivo para encontrar soluciones que satisfagan las necesidades de todos los grupos involucrados. Es tener la capacidad para <strong>negociar<\/strong> y llegar a compromisos y ello implica, a veces, ceder para <strong>alcanzar acuerdos<\/strong> que beneficien al mayor n\u00famero posible de personas y promuevan el <strong>bien com\u00fan<\/strong>. Es contar con un <strong>liderazgo<\/strong> s\u00f3lido y una <strong>coordinaci\u00f3n<\/strong> eficaz dentro de la mayor\u00eda pol\u00edtica para garantizar que las decisiones se tomen de manera coherente y estrat\u00e9gica designando <strong>l\u00edderes capaces<\/strong> de articular las prioridades y trabajar en equipo para alcanzar objetivos comunes. Es mantener la <strong>transparencia<\/strong>, es <strong>rendir cuentas<\/strong>, es <strong>divulgar informaci\u00f3n<\/strong> relevante, explicar las razones detr\u00e1s de las decisiones y asumir la responsabilidad por las acciones tomadas. Es ser lo suficientemente <strong>inclusivos<\/strong> para ser representativos de la diversidad de la sociedad, garantizando la participaci\u00f3n de diferentes grupos en el proceso pol\u00edtico y abordando las preocupaciones de las minor\u00edas y grupos marginados. Es respetar los <strong>derechos fundamentales<\/strong> y las <strong>libertades individuales<\/strong>, es proteger los principios democr\u00e1ticos y el <strong>estado de derecho<\/strong>. Es enfocarse en lograr <strong>resultados tangibles<\/strong> que mejoren el bienestar y la calidad de vida de la poblaci\u00f3n, priorizando pol\u00edticas y medidas que aborden los desaf\u00edos m\u00e1s urgentes y promuevan un desarrollo sostenible y equitativo.<\/p>\n\n\n\n<p class=\"has-text-align-justify\">No abusen con la <strong>legislaci\u00f3n unilateral<\/strong> aprobando leyes o pol\u00edticas sin tener en cuenta las opiniones y preocupaciones de las minor\u00edas pol\u00edticas o de la sociedad en general. No restrinjan deliberadamente la participaci\u00f3n y la influencia de los partidos de oposici\u00f3n mediante el bloqueo de iniciativas legislativas, la <strong>limitaci\u00f3n del debate parlamentario<\/strong> o el uso de t\u00e1cticas de filibusterismo. No manipulen las reglas y procedimientos legislativos para favorecer a la mayor\u00eda pol\u00edtica en el poder. No utilicen la mayor\u00eda para realizar nombramientos partidistas en cargos gubernamentales y judiciales, en lugar de seleccionar a candidatos calificados de manera imparcial y objetiva. No ejerzan presi\u00f3n sobre los medios de comunicaci\u00f3n ni restrinjan la libertad de prensa para limitar la disidencia y promover una narrativa favorable a la mayor\u00eda pol\u00edtica en el poder. No sean <strong>corruptos<\/strong>, no sean <strong>clientelistas<\/strong> y dejen de utilizar el poder pol\u00edtico para obtener beneficios personales o partidistas, desviando fondos p\u00fablicos, otorgando contratos a empresas amigas e intercambio favores pol\u00edticos por apoyo electoral.<\/p>\n\n\n\n<p class=\"has-text-align-justify\">Est\u00e1n generando divisi\u00f3n y desconfianza en la sociedad en vez de asegurar mecanismos de control y equilibrio, como la <strong>separaci\u00f3n de poderes, la rendici\u00f3n de cuentas y la participaci\u00f3n ciudadana<\/strong>, para prevenir y combatir este tipo de abusos y proteger los derechos y libertades fundamentales de todos los ciudadanos.<\/p>\n\n\n\n<p class=\"has-text-align-justify\">Si contin\u00faan administrando mal las mayor\u00edas ver\u00e1n las consecuencias a corto y a largo plazo. Y ellas no son otras que la polarizaci\u00f3n y una mayor divisi\u00f3n en la sociedad, dificultando el consenso y la colaboraci\u00f3n en la toma de decisiones pol\u00edticas. Cuando abusan del poder de las mayor\u00edas deslegitiman el sistema pol\u00edtico, aumentan la apat\u00eda pol\u00edtica, el descontento y la falta de participaci\u00f3n ciudadana en los procesos democr\u00e1ticos. Generan inestabilidad pol\u00edtica que conduce a protestas, disturbios civiles y conflictos violentos de graves consecuencias para la estabilidad y el desarrollo del pa\u00eds en su conjunto.<\/p>\n\n\n\n<p class=\"has-text-align-justify\">Oposici\u00f3n, \u00a1reaccionen! Construyan una alternativa amigable mostrando que son capaces de ofrecer un proyecto pa\u00eds, un proyecto nacional, \u00a1MEJOR!<\/p>\n\n\n\n<p class=\"has-text-align-justify\">Partido Colorado, partido de gobierno, \u00a1dejen la soberbia! Pues si algo tengo claro es que, de continuar as\u00ed, se desgastar\u00e1n, ir\u00e1n en declive y caer\u00e1n como han ca\u00eddo los grandes imperios: DESDE ADENTRO. Cay\u00f3 el Imperio Otomano, cay\u00f3 el Imperio Bizantino, cay\u00f3 el Imperio Persa, cay\u00f3 el Imperio Espa\u00f1ol y cay\u00f3 el Imperio Otomano. Todos desde adentro y con factores comunes: la sobreextensi\u00f3n, la corrupci\u00f3n, la divisi\u00f3n y las luchas internas, la p\u00e9rdida de cohesi\u00f3n social.<\/p>\n\n\n\n<p class=\"has-text-align-justify\">Tienen todo a favor y una oportunidad magn\u00edfica para ser el mejor gobierno de la historia. No hay excusas y sobran motivos. Est\u00e1n a tiempo.<\/p>\n\n\n\n<div class=\"wp-block-group is-vertical is-layout-flex wp-container-core-group-is-layout-8cf370e7 wp-block-group-is-layout-flex\">\n<p class=\"has-text-align-center\"><em>\u00a1Paraguayos, Rep\u00fablica o muerte!<\/em><\/p>\n\n\n\n<p class=\"has-text-align-center\"><em>nuestro br\u00edo nos dio libertad<\/em><\/p>\n\n\n\n<p class=\"has-text-align-center\"><em>ni opresores ni siervos alientan<\/em><\/p>\n\n\n\n<p class=\"has-text-align-center\"><em>donde reinan uni\u00f3n e igualdad<\/em><\/p>\n\n\n\n<p class=\"has-text-align-center\"><em>\u00a1Uni\u00f3n e igualdad!<\/em><\/p>\n\n\n\n<p class=\"has-text-align-center\"><em>\u00a1Uni\u00f3n e igualdad!<\/em><\/p>\n<\/div>\n","protected":false},"excerpt":{"rendered":"<p>El jueves, en una sesi\u00f3n extraordinaria en la C\u00e1mara de Senadores, por mayor\u00eda simple y a instancias de la bancada oficialista, el Senado aprob\u00f3 una resoluci\u00f3n mediante la cual, en un acto sin precedentes, derog\u00f3 tres resoluciones vigentes mediante las cuales se les hab\u00edan suspendido los fueros a los senadores Hern\u00e1n Rivas, Erico Galeano y [&hellip;]<\/p>\n","protected":false},"author":24,"featured_media":24542,"comment_status":"open","ping_status":"open","sticky":false,"template":"","format":"standard","meta":{"_jetpack_memberships_contains_paid_content":false,"jnews-multi-image_gallery":[],"jnews_single_post":{"subtitle":"","format":"standard","video":"","gallery":"","source_name":"","source_url":"","via_name":"","via_url":"","override_template":"0","override":[{"template":"2","single_blog_custom":"","parallax":"1","fullscreen":"1","layout":"right-sidebar","sidebar":"default-sidebar","second_sidebar":"default-sidebar","sticky_sidebar":"1","share_position":"top","share_float_style":"share-monocrhome","show_share_counter":"0","show_view_counter":"0","show_featured":"1","show_post_meta":"1","show_post_author":"1","show_post_author_image":"0","show_post_date":"1","post_date_format":"default","post_date_format_custom":"Y\/m\/d","show_post_category":"1","show_post_reading_time":"0","post_reading_time_wpm":"300","show_zoom_button":"0","zoom_button_out_step":"2","zoom_button_in_step":"3","show_post_tag":"1","show_prev_next_post":"0","show_popup_post":"1","number_popup_post":"1","show_author_box":"1","show_post_related":"0","show_inline_post_related":"0"}],"override_image_size":"0","image_override":[{"single_post_thumbnail_size":"crop-500","single_post_gallery_size":"crop-500"}],"trending_post":"0","trending_post_position":"meta","trending_post_label":"Trending","sponsored_post":"0","sponsored_post_label":"Sponsored by","sponsored_post_name":"","sponsored_post_url":"","sponsored_post_logo_enable":"0","sponsored_post_logo":"","sponsored_post_desc":"","disable_ad":"0"},"jnews_primary_category":{"id":"","hide":""},"jnews_override_bookmark_settings":[],"jnews_food_recipe":[],"enable_food_recipe":"","food_recipe_title":"","food_recipe_description":"","food_recipe_serve":"","food_recipe_time":"","food_recipe_prep":"","food_recipe_level":"","food_recipe_keywords":"","food_recipe_category":"","food_recipe_cuisine":"","food_recipe_yield":"","food_recipe_calories":"","enable_print_recipe":"","ingredient":[],"instruction":"","jnews_social_meta":{"fb_title":"","fb_description":"","fb_image":"","twitter_title":"","twitter_description":"","twitter_image":""},"jnews_paywall_metabox":[],"jnews_review":[],"enable_review":"","type":"","name":"","summary":"","brand":"","sku":"","good":[],"bad":[],"score_override":"","override_value":"","rating":[],"price":[],"jnews_override_counter":{"override_view_counter":"0","view_counter_number":"0","override_share_counter":"0","share_counter_number":"0","override_like_counter":"0","like_counter_number":"0","override_dislike_counter":"0","dislike_counter_number":"0"},"jnews_post_split":{"enable_post_split":"0","post_split":[{"template":"1","tag":"h2","numbering":"asc","mode":"normal","first":"0","enable_toc":"0","toc_type":"normal"}]},"jnews_podcast_option":[],"jnews_podcast_series":[],"footnotes":""},"categories":[39],"tags":[831],"jnews-series":[],"ppma_author":[1214],"class_list":["post-24541","post","type-post","status-publish","format-standard","has-post-thumbnail","hentry","category-analisis","tag-destacada"],"yoast_head":"<!-- This site is optimized with the Yoast SEO plugin v27.5 - https:\/\/yoast.com\/product\/yoast-seo-wordpress\/ -->\n<title>Paraguayos, Rep\u00fablica o muerte - Informate Py Creemos en la libertad de expresi\u00f3n y en la capacidad de la gente de reflexionar\u00a0por\u00a0si\u00a0misma<\/title>\n<meta name=\"robots\" content=\"index, follow, max-snippet:-1, max-image-preview:large, max-video-preview:-1\" \/>\n<link rel=\"canonical\" href=\"https:\/\/informatepy.com\/2024\/2024\/04\/07\/paraguayos-republica-o-muerte\/\" \/>\n<meta property=\"og:locale\" content=\"es_ES\" \/>\n<meta property=\"og:type\" content=\"article\" \/>\n<meta property=\"og:title\" content=\"Paraguayos, Rep\u00fablica o muerte - Informate Py Creemos en la libertad de expresi\u00f3n y en la capacidad de la gente de reflexionar\u00a0por\u00a0si\u00a0misma\" \/>\n<meta property=\"og:description\" content=\"El jueves, en una sesi\u00f3n extraordinaria en la C\u00e1mara de Senadores, por mayor\u00eda simple y a instancias de la bancada oficialista, el Senado aprob\u00f3 una resoluci\u00f3n mediante la cual, en un acto sin precedentes, derog\u00f3 tres resoluciones vigentes mediante las cuales se les hab\u00edan suspendido los fueros a los senadores Hern\u00e1n Rivas, Erico Galeano y [&hellip;]\" \/>\n<meta property=\"og:url\" content=\"https:\/\/informatepy.com\/2024\/2024\/04\/07\/paraguayos-republica-o-muerte\/\" \/>\n<meta property=\"og:site_name\" content=\"Informate Py Creemos en la libertad de expresi\u00f3n y en la capacidad de la gente de reflexionar\u00a0por\u00a0si\u00a0misma\" \/>\n<meta property=\"article:published_time\" content=\"2024-04-07T07:01:00+00:00\" \/>\n<meta property=\"article:modified_time\" content=\"2024-04-07T13:06:09+00:00\" \/>\n<meta property=\"og:image\" content=\"https:\/\/informatepy.com\/2024\/wp-content\/uploads\/2024\/04\/paraguay-himno.jpg\" \/>\n\t<meta property=\"og:image:width\" content=\"1280\" \/>\n\t<meta property=\"og:image:height\" content=\"750\" \/>\n\t<meta property=\"og:image:type\" content=\"image\/jpeg\" \/>\n<meta name=\"author\" content=\"Sebasti\u00e1n \u00c1lvarez Albanell\" \/>\n<meta name=\"twitter:card\" content=\"summary_large_image\" \/>\n<meta name=\"twitter:creator\" content=\"@https:\/\/twitter.com\/sebaalvareza\" \/>\n<meta name=\"twitter:label1\" content=\"Escrito por\" \/>\n\t<meta name=\"twitter:data1\" content=\"Sebasti\u00e1n \u00c1lvarez Albanell\" \/>\n\t<meta name=\"twitter:label2\" content=\"Tiempo de lectura\" \/>\n\t<meta name=\"twitter:data2\" content=\"9 minutos\" \/>\n<script type=\"application\/ld+json\" class=\"yoast-schema-graph\">{\"@context\":\"https:\\\/\\\/schema.org\",\"@graph\":[{\"@type\":\"Article\",\"@id\":\"https:\\\/\\\/informatepy.com\\\/2024\\\/2024\\\/04\\\/07\\\/paraguayos-republica-o-muerte\\\/#article\",\"isPartOf\":{\"@id\":\"https:\\\/\\\/informatepy.com\\\/2024\\\/2024\\\/04\\\/07\\\/paraguayos-republica-o-muerte\\\/\"},\"author\":{\"name\":\"Sebasti\u00e1n \u00c1lvarez Albanell\",\"@id\":\"https:\\\/\\\/informatepy.com\\\/2024\\\/#\\\/schema\\\/person\\\/a3f3342660d9e7b8ef6d18df43ac7ce5\"},\"headline\":\"Paraguayos, Rep\u00fablica o muerte\",\"datePublished\":\"2024-04-07T07:01:00+00:00\",\"dateModified\":\"2024-04-07T13:06:09+00:00\",\"mainEntityOfPage\":{\"@id\":\"https:\\\/\\\/informatepy.com\\\/2024\\\/2024\\\/04\\\/07\\\/paraguayos-republica-o-muerte\\\/\"},\"wordCount\":1944,\"commentCount\":0,\"publisher\":{\"@id\":\"https:\\\/\\\/informatepy.com\\\/2024\\\/#organization\"},\"image\":{\"@id\":\"https:\\\/\\\/informatepy.com\\\/2024\\\/2024\\\/04\\\/07\\\/paraguayos-republica-o-muerte\\\/#primaryimage\"},\"thumbnailUrl\":\"https:\\\/\\\/i0.wp.com\\\/informatepy.com\\\/2024\\\/wp-content\\\/uploads\\\/2024\\\/04\\\/paraguay-himno.jpg?fit=1280%2C750&ssl=1\",\"keywords\":[\"destacada\"],\"articleSection\":[\"Analisis\"],\"inLanguage\":\"es\",\"potentialAction\":[{\"@type\":\"CommentAction\",\"name\":\"Comment\",\"target\":[\"https:\\\/\\\/informatepy.com\\\/2024\\\/2024\\\/04\\\/07\\\/paraguayos-republica-o-muerte\\\/#respond\"]}]},{\"@type\":\"WebPage\",\"@id\":\"https:\\\/\\\/informatepy.com\\\/2024\\\/2024\\\/04\\\/07\\\/paraguayos-republica-o-muerte\\\/\",\"url\":\"https:\\\/\\\/informatepy.com\\\/2024\\\/2024\\\/04\\\/07\\\/paraguayos-republica-o-muerte\\\/\",\"name\":\"Paraguayos, Rep\u00fablica o muerte - Informate Py Creemos en la libertad de expresi\u00f3n y en la capacidad de la gente de reflexionar\u00a0por\u00a0si\u00a0misma\",\"isPartOf\":{\"@id\":\"https:\\\/\\\/informatepy.com\\\/2024\\\/#website\"},\"primaryImageOfPage\":{\"@id\":\"https:\\\/\\\/informatepy.com\\\/2024\\\/2024\\\/04\\\/07\\\/paraguayos-republica-o-muerte\\\/#primaryimage\"},\"image\":{\"@id\":\"https:\\\/\\\/informatepy.com\\\/2024\\\/2024\\\/04\\\/07\\\/paraguayos-republica-o-muerte\\\/#primaryimage\"},\"thumbnailUrl\":\"https:\\\/\\\/i0.wp.com\\\/informatepy.com\\\/2024\\\/wp-content\\\/uploads\\\/2024\\\/04\\\/paraguay-himno.jpg?fit=1280%2C750&ssl=1\",\"datePublished\":\"2024-04-07T07:01:00+00:00\",\"dateModified\":\"2024-04-07T13:06:09+00:00\",\"breadcrumb\":{\"@id\":\"https:\\\/\\\/informatepy.com\\\/2024\\\/2024\\\/04\\\/07\\\/paraguayos-republica-o-muerte\\\/#breadcrumb\"},\"inLanguage\":\"es\",\"potentialAction\":[{\"@type\":\"ReadAction\",\"target\":[\"https:\\\/\\\/informatepy.com\\\/2024\\\/2024\\\/04\\\/07\\\/paraguayos-republica-o-muerte\\\/\"]}]},{\"@type\":\"ImageObject\",\"inLanguage\":\"es\",\"@id\":\"https:\\\/\\\/informatepy.com\\\/2024\\\/2024\\\/04\\\/07\\\/paraguayos-republica-o-muerte\\\/#primaryimage\",\"url\":\"https:\\\/\\\/i0.wp.com\\\/informatepy.com\\\/2024\\\/wp-content\\\/uploads\\\/2024\\\/04\\\/paraguay-himno.jpg?fit=1280%2C750&ssl=1\",\"contentUrl\":\"https:\\\/\\\/i0.wp.com\\\/informatepy.com\\\/2024\\\/wp-content\\\/uploads\\\/2024\\\/04\\\/paraguay-himno.jpg?fit=1280%2C750&ssl=1\",\"width\":1280,\"height\":750},{\"@type\":\"BreadcrumbList\",\"@id\":\"https:\\\/\\\/informatepy.com\\\/2024\\\/2024\\\/04\\\/07\\\/paraguayos-republica-o-muerte\\\/#breadcrumb\",\"itemListElement\":[{\"@type\":\"ListItem\",\"position\":1,\"name\":\"Portada\",\"item\":\"https:\\\/\\\/informatepy.com\\\/2024\\\/\"},{\"@type\":\"ListItem\",\"position\":2,\"name\":\"Paraguayos, Rep\u00fablica o muerte\"}]},{\"@type\":\"WebSite\",\"@id\":\"https:\\\/\\\/informatepy.com\\\/2024\\\/#website\",\"url\":\"https:\\\/\\\/informatepy.com\\\/2024\\\/\",\"name\":\"Informate Py Creemos en la libertad de expresi\u00f3n y en la capacidad de la gente de reflexionar\u00a0por\u00a0si\u00a0misma\",\"description\":\"InformatePy\",\"publisher\":{\"@id\":\"https:\\\/\\\/informatepy.com\\\/2024\\\/#organization\"},\"potentialAction\":[{\"@type\":\"SearchAction\",\"target\":{\"@type\":\"EntryPoint\",\"urlTemplate\":\"https:\\\/\\\/informatepy.com\\\/2024\\\/?s={search_term_string}\"},\"query-input\":{\"@type\":\"PropertyValueSpecification\",\"valueRequired\":true,\"valueName\":\"search_term_string\"}}],\"inLanguage\":\"es\"},{\"@type\":\"Organization\",\"@id\":\"https:\\\/\\\/informatepy.com\\\/2024\\\/#organization\",\"name\":\"Informate Py Creemos en la libertad de expresi\u00f3n y en la capacidad de la gente de reflexionar\u00a0por\u00a0si\u00a0misma\",\"url\":\"https:\\\/\\\/informatepy.com\\\/2024\\\/\",\"logo\":{\"@type\":\"ImageObject\",\"inLanguage\":\"es\",\"@id\":\"https:\\\/\\\/informatepy.com\\\/2024\\\/#\\\/schema\\\/logo\\\/image\\\/\",\"url\":\"https:\\\/\\\/i0.wp.com\\\/informatepy.com\\\/2024\\\/wp-content\\\/uploads\\\/2024\\\/02\\\/Logotipo-sin-fondo-informate-py500.png?fit=500%2C94&ssl=1\",\"contentUrl\":\"https:\\\/\\\/i0.wp.com\\\/informatepy.com\\\/2024\\\/wp-content\\\/uploads\\\/2024\\\/02\\\/Logotipo-sin-fondo-informate-py500.png?fit=500%2C94&ssl=1\",\"width\":500,\"height\":94,\"caption\":\"Informate Py Creemos en la libertad de expresi\u00f3n y en la capacidad de la gente de reflexionar\u00a0por\u00a0si\u00a0misma\"},\"image\":{\"@id\":\"https:\\\/\\\/informatepy.com\\\/2024\\\/#\\\/schema\\\/logo\\\/image\\\/\"}},{\"@type\":\"Person\",\"@id\":\"https:\\\/\\\/informatepy.com\\\/2024\\\/#\\\/schema\\\/person\\\/a3f3342660d9e7b8ef6d18df43ac7ce5\",\"name\":\"Sebasti\u00e1n \u00c1lvarez Albanell\",\"image\":{\"@type\":\"ImageObject\",\"inLanguage\":\"es\",\"@id\":\"https:\\\/\\\/secure.gravatar.com\\\/avatar\\\/43b3de6df3fb5e27db2c06b7eaf333f2887146696ac22931c7c18d6197ace52f?s=96&d=mm&r=g07f2b78762b1344059250831f8e5ee81\",\"url\":\"https:\\\/\\\/secure.gravatar.com\\\/avatar\\\/43b3de6df3fb5e27db2c06b7eaf333f2887146696ac22931c7c18d6197ace52f?s=96&d=mm&r=g\",\"contentUrl\":\"https:\\\/\\\/secure.gravatar.com\\\/avatar\\\/43b3de6df3fb5e27db2c06b7eaf333f2887146696ac22931c7c18d6197ace52f?s=96&d=mm&r=g\",\"caption\":\"Sebasti\u00e1n \u00c1lvarez Albanell\"},\"sameAs\":[\"https:\\\/\\\/x.com\\\/https:\\\/\\\/twitter.com\\\/sebaalvareza\"],\"url\":\"https:\\\/\\\/informatepy.com\\\/2024\\\/author\\\/salvarez\\\/\"}]}<\/script>\n<!-- \/ Yoast SEO plugin. -->","yoast_head_json":{"title":"Paraguayos, Rep\u00fablica o muerte - Informate Py Creemos en la libertad de expresi\u00f3n y en la capacidad de la gente de reflexionar\u00a0por\u00a0si\u00a0misma","robots":{"index":"index","follow":"follow","max-snippet":"max-snippet:-1","max-image-preview":"max-image-preview:large","max-video-preview":"max-video-preview:-1"},"canonical":"https:\/\/informatepy.com\/2024\/2024\/04\/07\/paraguayos-republica-o-muerte\/","og_locale":"es_ES","og_type":"article","og_title":"Paraguayos, Rep\u00fablica o muerte - Informate Py Creemos en la libertad de expresi\u00f3n y en la capacidad de la gente de reflexionar\u00a0por\u00a0si\u00a0misma","og_description":"El jueves, en una sesi\u00f3n extraordinaria en la C\u00e1mara de Senadores, por mayor\u00eda simple y a instancias de la bancada oficialista, el Senado aprob\u00f3 una resoluci\u00f3n mediante la cual, en un acto sin precedentes, derog\u00f3 tres resoluciones vigentes mediante las cuales se les hab\u00edan suspendido los fueros a los senadores Hern\u00e1n Rivas, Erico Galeano y [&hellip;]","og_url":"https:\/\/informatepy.com\/2024\/2024\/04\/07\/paraguayos-republica-o-muerte\/","og_site_name":"Informate Py Creemos en la libertad de expresi\u00f3n y en la capacidad de la gente de reflexionar\u00a0por\u00a0si\u00a0misma","article_published_time":"2024-04-07T07:01:00+00:00","article_modified_time":"2024-04-07T13:06:09+00:00","og_image":[{"width":1280,"height":750,"url":"https:\/\/informatepy.com\/2024\/wp-content\/uploads\/2024\/04\/paraguay-himno.jpg","type":"image\/jpeg"}],"author":"Sebasti\u00e1n \u00c1lvarez Albanell","twitter_card":"summary_large_image","twitter_creator":"@https:\/\/twitter.com\/sebaalvareza","twitter_misc":{"Escrito por":"Sebasti\u00e1n \u00c1lvarez Albanell","Tiempo de lectura":"9 minutos"},"schema":{"@context":"https:\/\/schema.org","@graph":[{"@type":"Article","@id":"https:\/\/informatepy.com\/2024\/2024\/04\/07\/paraguayos-republica-o-muerte\/#article","isPartOf":{"@id":"https:\/\/informatepy.com\/2024\/2024\/04\/07\/paraguayos-republica-o-muerte\/"},"author":{"name":"Sebasti\u00e1n \u00c1lvarez Albanell","@id":"https:\/\/informatepy.com\/2024\/#\/schema\/person\/a3f3342660d9e7b8ef6d18df43ac7ce5"},"headline":"Paraguayos, Rep\u00fablica o muerte","datePublished":"2024-04-07T07:01:00+00:00","dateModified":"2024-04-07T13:06:09+00:00","mainEntityOfPage":{"@id":"https:\/\/informatepy.com\/2024\/2024\/04\/07\/paraguayos-republica-o-muerte\/"},"wordCount":1944,"commentCount":0,"publisher":{"@id":"https:\/\/informatepy.com\/2024\/#organization"},"image":{"@id":"https:\/\/informatepy.com\/2024\/2024\/04\/07\/paraguayos-republica-o-muerte\/#primaryimage"},"thumbnailUrl":"https:\/\/i0.wp.com\/informatepy.com\/2024\/wp-content\/uploads\/2024\/04\/paraguay-himno.jpg?fit=1280%2C750&ssl=1","keywords":["destacada"],"articleSection":["Analisis"],"inLanguage":"es","potentialAction":[{"@type":"CommentAction","name":"Comment","target":["https:\/\/informatepy.com\/2024\/2024\/04\/07\/paraguayos-republica-o-muerte\/#respond"]}]},{"@type":"WebPage","@id":"https:\/\/informatepy.com\/2024\/2024\/04\/07\/paraguayos-republica-o-muerte\/","url":"https:\/\/informatepy.com\/2024\/2024\/04\/07\/paraguayos-republica-o-muerte\/","name":"Paraguayos, Rep\u00fablica o muerte - Informate Py Creemos en la libertad de expresi\u00f3n y en la capacidad de la gente de reflexionar\u00a0por\u00a0si\u00a0misma","isPartOf":{"@id":"https:\/\/informatepy.com\/2024\/#website"},"primaryImageOfPage":{"@id":"https:\/\/informatepy.com\/2024\/2024\/04\/07\/paraguayos-republica-o-muerte\/#primaryimage"},"image":{"@id":"https:\/\/informatepy.com\/2024\/2024\/04\/07\/paraguayos-republica-o-muerte\/#primaryimage"},"thumbnailUrl":"https:\/\/i0.wp.com\/informatepy.com\/2024\/wp-content\/uploads\/2024\/04\/paraguay-himno.jpg?fit=1280%2C750&ssl=1","datePublished":"2024-04-07T07:01:00+00:00","dateModified":"2024-04-07T13:06:09+00:00","breadcrumb":{"@id":"https:\/\/informatepy.com\/2024\/2024\/04\/07\/paraguayos-republica-o-muerte\/#breadcrumb"},"inLanguage":"es","potentialAction":[{"@type":"ReadAction","target":["https:\/\/informatepy.com\/2024\/2024\/04\/07\/paraguayos-republica-o-muerte\/"]}]},{"@type":"ImageObject","inLanguage":"es","@id":"https:\/\/informatepy.com\/2024\/2024\/04\/07\/paraguayos-republica-o-muerte\/#primaryimage","url":"https:\/\/i0.wp.com\/informatepy.com\/2024\/wp-content\/uploads\/2024\/04\/paraguay-himno.jpg?fit=1280%2C750&ssl=1","contentUrl":"https:\/\/i0.wp.com\/informatepy.com\/2024\/wp-content\/uploads\/2024\/04\/paraguay-himno.jpg?fit=1280%2C750&ssl=1","width":1280,"height":750},{"@type":"BreadcrumbList","@id":"https:\/\/informatepy.com\/2024\/2024\/04\/07\/paraguayos-republica-o-muerte\/#breadcrumb","itemListElement":[{"@type":"ListItem","position":1,"name":"Portada","item":"https:\/\/informatepy.com\/2024\/"},{"@type":"ListItem","position":2,"name":"Paraguayos, Rep\u00fablica o muerte"}]},{"@type":"WebSite","@id":"https:\/\/informatepy.com\/2024\/#website","url":"https:\/\/informatepy.com\/2024\/","name":"Informate Py Creemos en la libertad de expresi\u00f3n y en la capacidad de la gente de reflexionar\u00a0por\u00a0si\u00a0misma","description":"InformatePy","publisher":{"@id":"https:\/\/informatepy.com\/2024\/#organization"},"potentialAction":[{"@type":"SearchAction","target":{"@type":"EntryPoint","urlTemplate":"https:\/\/informatepy.com\/2024\/?s={search_term_string}"},"query-input":{"@type":"PropertyValueSpecification","valueRequired":true,"valueName":"search_term_string"}}],"inLanguage":"es"},{"@type":"Organization","@id":"https:\/\/informatepy.com\/2024\/#organization","name":"Informate Py Creemos en la libertad de expresi\u00f3n y en la capacidad de la gente de reflexionar\u00a0por\u00a0si\u00a0misma","url":"https:\/\/informatepy.com\/2024\/","logo":{"@type":"ImageObject","inLanguage":"es","@id":"https:\/\/informatepy.com\/2024\/#\/schema\/logo\/image\/","url":"https:\/\/i0.wp.com\/informatepy.com\/2024\/wp-content\/uploads\/2024\/02\/Logotipo-sin-fondo-informate-py500.png?fit=500%2C94&ssl=1","contentUrl":"https:\/\/i0.wp.com\/informatepy.com\/2024\/wp-content\/uploads\/2024\/02\/Logotipo-sin-fondo-informate-py500.png?fit=500%2C94&ssl=1","width":500,"height":94,"caption":"Informate Py Creemos en la libertad de expresi\u00f3n y en la capacidad de la gente de reflexionar\u00a0por\u00a0si\u00a0misma"},"image":{"@id":"https:\/\/informatepy.com\/2024\/#\/schema\/logo\/image\/"}},{"@type":"Person","@id":"https:\/\/informatepy.com\/2024\/#\/schema\/person\/a3f3342660d9e7b8ef6d18df43ac7ce5","name":"Sebasti\u00e1n \u00c1lvarez Albanell","image":{"@type":"ImageObject","inLanguage":"es","@id":"https:\/\/secure.gravatar.com\/avatar\/43b3de6df3fb5e27db2c06b7eaf333f2887146696ac22931c7c18d6197ace52f?s=96&d=mm&r=g07f2b78762b1344059250831f8e5ee81","url":"https:\/\/secure.gravatar.com\/avatar\/43b3de6df3fb5e27db2c06b7eaf333f2887146696ac22931c7c18d6197ace52f?s=96&d=mm&r=g","contentUrl":"https:\/\/secure.gravatar.com\/avatar\/43b3de6df3fb5e27db2c06b7eaf333f2887146696ac22931c7c18d6197ace52f?s=96&d=mm&r=g","caption":"Sebasti\u00e1n \u00c1lvarez Albanell"},"sameAs":["https:\/\/x.com\/https:\/\/twitter.com\/sebaalvareza"],"url":"https:\/\/informatepy.com\/2024\/author\/salvarez\/"}]}},"jetpack_featured_media_url":"https:\/\/i0.wp.com\/informatepy.com\/2024\/wp-content\/uploads\/2024\/04\/paraguay-himno.jpg?fit=1280%2C750&ssl=1","jetpack-related-posts":[],"jetpack_sharing_enabled":true,"authors":[{"term_id":1214,"user_id":24,"is_guest":0,"slug":"salvarez","display_name":"Sebasti\u00e1n \u00c1lvarez Albanell","avatar_url":"https:\/\/secure.gravatar.com\/avatar\/43b3de6df3fb5e27db2c06b7eaf333f2887146696ac22931c7c18d6197ace52f?s=96&d=mm&r=g","author_category":"","first_name":"Sebasti\u00e1n","last_name":"\u00c1lvarez Albanell","user_url":"","job_title":"","description":""}],"_links":{"self":[{"href":"https:\/\/informatepy.com\/2024\/wp-json\/wp\/v2\/posts\/24541","targetHints":{"allow":["GET"]}}],"collection":[{"href":"https:\/\/informatepy.com\/2024\/wp-json\/wp\/v2\/posts"}],"about":[{"href":"https:\/\/informatepy.com\/2024\/wp-json\/wp\/v2\/types\/post"}],"author":[{"embeddable":true,"href":"https:\/\/informatepy.com\/2024\/wp-json\/wp\/v2\/users\/24"}],"replies":[{"embeddable":true,"href":"https:\/\/informatepy.com\/2024\/wp-json\/wp\/v2\/comments?post=24541"}],"version-history":[{"count":3,"href":"https:\/\/informatepy.com\/2024\/wp-json\/wp\/v2\/posts\/24541\/revisions"}],"predecessor-version":[{"id":24546,"href":"https:\/\/informatepy.com\/2024\/wp-json\/wp\/v2\/posts\/24541\/revisions\/24546"}],"wp:featuredmedia":[{"embeddable":true,"href":"https:\/\/informatepy.com\/2024\/wp-json\/wp\/v2\/media\/24542"}],"wp:attachment":[{"href":"https:\/\/informatepy.com\/2024\/wp-json\/wp\/v2\/media?parent=24541"}],"wp:term":[{"taxonomy":"category","embeddable":true,"href":"https:\/\/informatepy.com\/2024\/wp-json\/wp\/v2\/categories?post=24541"},{"taxonomy":"post_tag","embeddable":true,"href":"https:\/\/informatepy.com\/2024\/wp-json\/wp\/v2\/tags?post=24541"},{"taxonomy":"jnews-series","embeddable":true,"href":"https:\/\/informatepy.com\/2024\/wp-json\/wp\/v2\/jnews-series?post=24541"},{"taxonomy":"author","embeddable":true,"href":"https:\/\/informatepy.com\/2024\/wp-json\/wp\/v2\/ppma_author?post=24541"}],"curies":[{"name":"wp","href":"https:\/\/api.w.org\/{rel}","templated":true}]}}