{"id":12319,"date":"2023-12-08T07:01:00","date_gmt":"2023-12-08T06:01:00","guid":{"rendered":"https:\/\/informatepy.com\/2024\/2023\/12\/08\/cuenta-regresiva-para-la-reapertura-de-notre-dame\/"},"modified":"2023-12-08T07:01:00","modified_gmt":"2023-12-08T06:01:00","slug":"cuenta-regresiva-para-la-reapertura-de-notre-dame","status":"publish","type":"post","link":"https:\/\/informatepy.com\/2024\/2023\/12\/08\/cuenta-regresiva-para-la-reapertura-de-notre-dame\/","title":{"rendered":"Cuenta regresiva para la reapertura de Notre Dame"},"content":{"rendered":"\n<p class=\"has-text-align-justify\">Los obreros de la emblem\u00e1tica catedral de\u00a0<strong>Notre-Dame<\/strong>\u00a0de Par\u00eds tienen un a\u00f1o, a partir de este viernes, para terminar la restauraci\u00f3n del monumento g\u00f3tico a tiempo para su reapertura tras un monstruoso incendio en 2019.<\/p>\n\n\n\n<p class=\"has-text-align-justify\">La restauraci\u00f3n del edificio declarado Patrimonio de la Humanidad por la UNESCO, que suele recibir a unos 12 millones de visitantes al a\u00f1o, se ha topado con varios obst\u00e1culos desde que personas de todo el mundo<a href=\"https:\/\/informatepy.com\/2022\/2019\/04\/16\/incendio-en-notre-dame-las-primeras-imagenes-del-interior-de-la-catedral-2\/\" target=\"_blank\" rel=\"noreferrer noopener\"> contemplaron horrorizadas c\u00f3mo su campanario se derrumbaba en el incendio<\/a> del 15 de abril de 2019.<\/p>\n\n\n\n<p class=\"has-text-align-justify\">Pero su nueva aguja ha comenzado a emerger contra el horizonte de la capital francesa, y se espera que est\u00e9 completamente terminada cuando la ciudad acoja los Juegos Ol\u00edmpicos este verano.<\/p>\n\n\n\n<p class=\"has-text-align-justify\">Detr\u00e1s de los andamios, cientos de trabajadores trabajan contrarreloj para restaurar el resto de la catedral a tiempo para que vuelva a abrir sus puertas al p\u00fablico el 8 de diciembre de 2024.<\/p>\n\n\n\n<p class=\"has-text-align-justify\"><strong><em>\u201cEstamos dentro del plazo. Estamos confiados y decididos a cumplir el plazo, pero sigue siendo una batalla diaria\u201d<\/em><\/strong>, declar\u00f3 la semana pasada a\u00a0<em>BFM TV<\/em>\u00a0el funcionario encargado de la restauraci\u00f3n, Philippe Jost.<a href=\"https:\/\/www.infobae.com\/cultura\/2023\/12\/03\/miguel-angel-vivo-una-impactante-muestra-inmersiva-recrea-el-david-y-la-capilla-sixtina\/\" target=\"_blank\" rel=\"noreferrer noopener\"><\/a><\/p>\n\n\n\n<p class=\"has-text-align-justify\">Se espera que el presidente Emmanuel Macron visite la catedral el viernes, seg\u00fan miembros de su entorno.<\/p>\n\n\n\n<p class=\"has-text-align-justify\">La nueva aguja del monumento es id\u00e9ntica a la anterior, dise\u00f1ada por el arquitecto del siglo XIX&nbsp;<strong>Eugene Viollet-Le-Duc<\/strong>.<\/p>\n\n\n\n<p class=\"has-text-align-justify\">Su estructura de roble alcanzar\u00e1 su altura total de 96 metros a finales de a\u00f1o. Entonces se cubrir\u00e1 de adornos de plomo antes de desmontar los andamios, explic\u00f3 Jost.<\/p>\n\n\n\n<p class=\"has-text-align-justify\">Las estructuras de la nave y el coro de la catedral, que tambi\u00e9n quedaron destruidas, deber\u00e1n estar terminadas para que pueda comenzar la reconstrucci\u00f3n del tejado.<\/p>\n\n\n\n<p class=\"has-text-align-justify\">Las \u00faltimas fases incluir\u00e1n la limpieza del interior, que ocupa unos 42.000 metros cuadrados, y la instalaci\u00f3n de nuevo mobiliario en oto\u00f1o.<a href=\"https:\/\/www.infobae.com\/cultura\/2023\/12\/05\/una-muestra-une-a-latinoamerica-con-el-sudeste-asiatico-a-traves-de-mas-de-200-obras\/\" rel=\"noreferrer noopener\" target=\"_blank\"><\/a><\/p>\n\n\n\n<p class=\"has-text-align-justify\">Las obras se han financiado<strong><em> \u201c\u00edntegramente\u201d<\/em><\/strong> con 848 millones de d\u00f3lares en donaciones de Francia y el extranjero, dijo Jost.<\/p>\n\n\n\n<p><strong>Algo realmente extraordinario<\/strong><\/p>\n\n\n\n<p>Artesanos de toda Francia han contribuido al renacimiento de Notre-Dame.<\/p>\n\n\n\n<p class=\"has-text-align-justify\">Una carpinter\u00eda familiar del pueblo de Hagetmau, en el suroeste de Francia, por ejemplo, est\u00e1 especialmente orgullosa de su contribuci\u00f3n.<\/p>\n\n\n\n<p class=\"has-text-align-justify\">El a\u00f1o que viene, con motivo de su 60 aniversario, entregar\u00e1 su pedido m\u00e1s prestigioso: 1.500 sillas para la catedral.<\/p>\n\n\n\n<p class=\"has-text-align-justify\"><strong><em>\u201cYa hemos hecho trabajos interesantes, pero esto es realmente otra cosa\u201d,<\/em><\/strong> declar\u00f3 a la\u00a0<em>AFP<\/em>\u00a0en septiembre el empresario Alain Bastiat.<\/p>\n\n\n\n<p class=\"has-text-align-justify\">Macron prometi\u00f3 inicialmente restaurar&nbsp;<strong>Notre-Dame&nbsp;<\/strong>en cinco a\u00f1os, a tiempo para los Juegos Ol\u00edmpicos de Par\u00eds.<\/p>\n\n\n\n<p class=\"has-text-align-justify\">Pero la reconstrucci\u00f3n se retras\u00f3 durante meses debido a las labores de descontaminaci\u00f3n, despu\u00e9s de que m\u00e1s de 300 toneladas de plomo del tejado se fundieran en el incendio.<\/p>\n\n\n\n<p class=\"has-text-align-justify\">Las autoridades tuvieron que interrumpir las obras varias veces durante el primer invierno debido a los fuertes vientos, antes de que Francia entrara en suspensi\u00f3n de pagos a principios de 2020 para luchar contra la propagaci\u00f3n del coronavirus.<\/p>\n\n\n\n<p class=\"has-text-align-justify\">Jost asumi\u00f3 la tarea de supervisar el renacimiento de la catedral despu\u00e9s de que el anterior jefe del ej\u00e9rcito franc\u00e9s encargado de la renovaci\u00f3n, el general Jean-Louis Georgelin, falleciera en agosto durante una excursi\u00f3n por la monta\u00f1a.<\/p>\n\n\n\n<p>Jost hab\u00eda sido la mano derecha de Georgelin antes del accidente.<\/p>\n\n\n\n<p class=\"has-text-align-justify\">M\u00e1s de cinco a\u00f1os despu\u00e9s del incendio, tres jueces de instrucci\u00f3n siguen investigando qu\u00e9 lo provoc\u00f3.<\/p>\n\n\n\n<p class=\"has-text-align-justify\">Una investigaci\u00f3n inicial apuntaba a que probablemente fue un accidente, con un fallo el\u00e9ctrico o un cigarrillo entre las teor\u00edas.<\/p>\n\n\n\n<p>Fuente:\u00a0<em>AFP<\/em> &#8211; Fotos: Julien de Rosa\/\u00a0<em>AFP<\/em>.<\/p>\n\n\n\n<p class=\"has-text-align-justify\"><a href=\"https:\/\/www.infobae.com\/espana\/2023\/12\/03\/el-museo-del-prado-supera-los-tres-millones-de-visitantes-en-2023-y-se-acerca-al-record-de-2019-la-pinacoteca-coge-aire-despues-de-la-pandemia\/\" target=\"_blank\" rel=\"noreferrer noopener\"><\/a><\/p>\n","protected":false},"excerpt":{"rendered":"<p>Los obreros de la emblem\u00e1tica catedral de\u00a0Notre-Dame\u00a0de Par\u00eds tienen un a\u00f1o, a partir de este viernes, para terminar la restauraci\u00f3n del monumento g\u00f3tico a tiempo para su reapertura tras un monstruoso incendio en 2019. La restauraci\u00f3n del edificio declarado Patrimonio de la Humanidad por la UNESCO, que suele recibir a unos 12 millones de visitantes [&hellip;]<\/p>\n","protected":false},"author":3,"featured_media":688,"comment_status":"open","ping_status":"open","sticky":false,"template":"","format":"standard","meta":{"_jetpack_memberships_contains_paid_content":false,"jnews-multi-image_gallery":[],"jnews_single_post":[],"jnews_primary_category":[],"jnews_override_bookmark_settings":[],"jnews_food_recipe":[],"enable_food_recipe":"","food_recipe_title":"","food_recipe_description":"","food_recipe_serve":"","food_recipe_time":"","food_recipe_prep":"","food_recipe_level":"","food_recipe_keywords":"","food_recipe_category":"","food_recipe_cuisine":"","food_recipe_yield":"","food_recipe_calories":"","enable_print_recipe":"","ingredient":[],"instruction":"","jnews_social_meta":[],"jnews_paywall_metabox":[],"jnews_review":[],"enable_review":"","type":"","name":"","summary":"","brand":"","sku":"","good":[],"bad":[],"score_override":"","override_value":"","rating":[],"price":[],"jnews_override_counter":[],"jnews_post_split":[],"jnews_podcast_option":[],"jnews_podcast_series":[],"footnotes":""},"categories":[43],"tags":[831,391,392],"jnews-series":[],"ppma_author":[830],"class_list":["post-12319","post","type-post","status-publish","format-standard","has-post-thumbnail","hentry","category-cultura","tag-destacada","tag-francia","tag-notre-dame"],"yoast_head":"<!-- This site is optimized with the Yoast SEO plugin v27.5 - https:\/\/yoast.com\/product\/yoast-seo-wordpress\/ -->\n<title>Cuenta regresiva para la reapertura de Notre Dame - Informate Py Creemos en la libertad de expresi\u00f3n y en la capacidad de la gente de reflexionar\u00a0por\u00a0si\u00a0misma<\/title>\n<meta name=\"robots\" content=\"index, follow, max-snippet:-1, max-image-preview:large, max-video-preview:-1\" \/>\n<link rel=\"canonical\" href=\"https:\/\/informatepy.com\/2024\/2023\/12\/08\/cuenta-regresiva-para-la-reapertura-de-notre-dame\/\" \/>\n<meta property=\"og:locale\" content=\"es_ES\" \/>\n<meta property=\"og:type\" content=\"article\" \/>\n<meta property=\"og:title\" content=\"Cuenta regresiva para la reapertura de Notre Dame - Informate Py Creemos en la libertad de expresi\u00f3n y en la capacidad de la gente de reflexionar\u00a0por\u00a0si\u00a0misma\" \/>\n<meta property=\"og:description\" content=\"Los obreros de la emblem\u00e1tica catedral de\u00a0Notre-Dame\u00a0de Par\u00eds tienen un a\u00f1o, a partir de este viernes, para terminar la restauraci\u00f3n del monumento g\u00f3tico a tiempo para su reapertura tras un monstruoso incendio en 2019. La restauraci\u00f3n del edificio declarado Patrimonio de la Humanidad por la UNESCO, que suele recibir a unos 12 millones de visitantes [&hellip;]\" \/>\n<meta property=\"og:url\" content=\"https:\/\/informatepy.com\/2024\/2023\/12\/08\/cuenta-regresiva-para-la-reapertura-de-notre-dame\/\" \/>\n<meta property=\"og:site_name\" content=\"Informate Py Creemos en la libertad de expresi\u00f3n y en la capacidad de la gente de reflexionar\u00a0por\u00a0si\u00a0misma\" \/>\n<meta property=\"article:author\" content=\"https:\/\/www.facebook.com\/InformatePyCom\" \/>\n<meta property=\"article:published_time\" content=\"2023-12-08T06:01:00+00:00\" \/>\n<meta property=\"og:image\" content=\"https:\/\/i0.wp.com\/informatepy.com\/2024\/wp-content\/uploads\/2021\/04\/notre-dame.jpg?fit=820%2C573&ssl=1\" \/>\n\t<meta property=\"og:image:width\" content=\"820\" \/>\n\t<meta property=\"og:image:height\" content=\"573\" \/>\n\t<meta property=\"og:image:type\" content=\"image\/jpeg\" \/>\n<meta name=\"author\" content=\"Redacci\u00f3n\" \/>\n<meta name=\"twitter:card\" content=\"summary_large_image\" \/>\n<meta name=\"twitter:creator\" content=\"@https:\/\/twitter.com\/InformatePy1\" \/>\n<meta name=\"twitter:label1\" content=\"Escrito por\" \/>\n\t<meta name=\"twitter:data1\" content=\"Redacci\u00f3n\" \/>\n\t<meta name=\"twitter:label2\" content=\"Tiempo de lectura\" \/>\n\t<meta name=\"twitter:data2\" content=\"3 minutos\" \/>\n<script type=\"application\/ld+json\" class=\"yoast-schema-graph\">{\"@context\":\"https:\\\/\\\/schema.org\",\"@graph\":[{\"@type\":\"Article\",\"@id\":\"https:\\\/\\\/informatepy.com\\\/2024\\\/2023\\\/12\\\/08\\\/cuenta-regresiva-para-la-reapertura-de-notre-dame\\\/#article\",\"isPartOf\":{\"@id\":\"https:\\\/\\\/informatepy.com\\\/2024\\\/2023\\\/12\\\/08\\\/cuenta-regresiva-para-la-reapertura-de-notre-dame\\\/\"},\"author\":{\"name\":\"Redacci\u00f3n\",\"@id\":\"https:\\\/\\\/informatepy.com\\\/2024\\\/#\\\/schema\\\/person\\\/98728344b91c548ef8544c80daf58463\"},\"headline\":\"Cuenta regresiva para la reapertura de Notre Dame\",\"datePublished\":\"2023-12-08T06:01:00+00:00\",\"mainEntityOfPage\":{\"@id\":\"https:\\\/\\\/informatepy.com\\\/2024\\\/2023\\\/12\\\/08\\\/cuenta-regresiva-para-la-reapertura-de-notre-dame\\\/\"},\"wordCount\":616,\"commentCount\":0,\"publisher\":{\"@id\":\"https:\\\/\\\/informatepy.com\\\/2024\\\/#organization\"},\"image\":{\"@id\":\"https:\\\/\\\/informatepy.com\\\/2024\\\/2023\\\/12\\\/08\\\/cuenta-regresiva-para-la-reapertura-de-notre-dame\\\/#primaryimage\"},\"thumbnailUrl\":\"https:\\\/\\\/i0.wp.com\\\/informatepy.com\\\/2024\\\/wp-content\\\/uploads\\\/2021\\\/04\\\/notre-dame.jpg?fit=820%2C573&ssl=1\",\"keywords\":[\"destacada\",\"francia\",\"notre dame\"],\"articleSection\":[\"Cultura\"],\"inLanguage\":\"es\",\"potentialAction\":[{\"@type\":\"CommentAction\",\"name\":\"Comment\",\"target\":[\"https:\\\/\\\/informatepy.com\\\/2024\\\/2023\\\/12\\\/08\\\/cuenta-regresiva-para-la-reapertura-de-notre-dame\\\/#respond\"]}]},{\"@type\":\"WebPage\",\"@id\":\"https:\\\/\\\/informatepy.com\\\/2024\\\/2023\\\/12\\\/08\\\/cuenta-regresiva-para-la-reapertura-de-notre-dame\\\/\",\"url\":\"https:\\\/\\\/informatepy.com\\\/2024\\\/2023\\\/12\\\/08\\\/cuenta-regresiva-para-la-reapertura-de-notre-dame\\\/\",\"name\":\"Cuenta regresiva para la reapertura de Notre Dame - Informate Py Creemos en la libertad de expresi\u00f3n y en la capacidad de la gente de reflexionar\u00a0por\u00a0si\u00a0misma\",\"isPartOf\":{\"@id\":\"https:\\\/\\\/informatepy.com\\\/2024\\\/#website\"},\"primaryImageOfPage\":{\"@id\":\"https:\\\/\\\/informatepy.com\\\/2024\\\/2023\\\/12\\\/08\\\/cuenta-regresiva-para-la-reapertura-de-notre-dame\\\/#primaryimage\"},\"image\":{\"@id\":\"https:\\\/\\\/informatepy.com\\\/2024\\\/2023\\\/12\\\/08\\\/cuenta-regresiva-para-la-reapertura-de-notre-dame\\\/#primaryimage\"},\"thumbnailUrl\":\"https:\\\/\\\/i0.wp.com\\\/informatepy.com\\\/2024\\\/wp-content\\\/uploads\\\/2021\\\/04\\\/notre-dame.jpg?fit=820%2C573&ssl=1\",\"datePublished\":\"2023-12-08T06:01:00+00:00\",\"breadcrumb\":{\"@id\":\"https:\\\/\\\/informatepy.com\\\/2024\\\/2023\\\/12\\\/08\\\/cuenta-regresiva-para-la-reapertura-de-notre-dame\\\/#breadcrumb\"},\"inLanguage\":\"es\",\"potentialAction\":[{\"@type\":\"ReadAction\",\"target\":[\"https:\\\/\\\/informatepy.com\\\/2024\\\/2023\\\/12\\\/08\\\/cuenta-regresiva-para-la-reapertura-de-notre-dame\\\/\"]}]},{\"@type\":\"ImageObject\",\"inLanguage\":\"es\",\"@id\":\"https:\\\/\\\/informatepy.com\\\/2024\\\/2023\\\/12\\\/08\\\/cuenta-regresiva-para-la-reapertura-de-notre-dame\\\/#primaryimage\",\"url\":\"https:\\\/\\\/i0.wp.com\\\/informatepy.com\\\/2024\\\/wp-content\\\/uploads\\\/2021\\\/04\\\/notre-dame.jpg?fit=820%2C573&ssl=1\",\"contentUrl\":\"https:\\\/\\\/i0.wp.com\\\/informatepy.com\\\/2024\\\/wp-content\\\/uploads\\\/2021\\\/04\\\/notre-dame.jpg?fit=820%2C573&ssl=1\",\"width\":820,\"height\":573},{\"@type\":\"BreadcrumbList\",\"@id\":\"https:\\\/\\\/informatepy.com\\\/2024\\\/2023\\\/12\\\/08\\\/cuenta-regresiva-para-la-reapertura-de-notre-dame\\\/#breadcrumb\",\"itemListElement\":[{\"@type\":\"ListItem\",\"position\":1,\"name\":\"Portada\",\"item\":\"https:\\\/\\\/informatepy.com\\\/2024\\\/\"},{\"@type\":\"ListItem\",\"position\":2,\"name\":\"Cuenta regresiva para la reapertura de Notre Dame\"}]},{\"@type\":\"WebSite\",\"@id\":\"https:\\\/\\\/informatepy.com\\\/2024\\\/#website\",\"url\":\"https:\\\/\\\/informatepy.com\\\/2024\\\/\",\"name\":\"Informate Py Creemos en la libertad de expresi\u00f3n y en la capacidad de la gente de reflexionar\u00a0por\u00a0si\u00a0misma\",\"description\":\"InformatePy\",\"publisher\":{\"@id\":\"https:\\\/\\\/informatepy.com\\\/2024\\\/#organization\"},\"potentialAction\":[{\"@type\":\"SearchAction\",\"target\":{\"@type\":\"EntryPoint\",\"urlTemplate\":\"https:\\\/\\\/informatepy.com\\\/2024\\\/?s={search_term_string}\"},\"query-input\":{\"@type\":\"PropertyValueSpecification\",\"valueRequired\":true,\"valueName\":\"search_term_string\"}}],\"inLanguage\":\"es\"},{\"@type\":\"Organization\",\"@id\":\"https:\\\/\\\/informatepy.com\\\/2024\\\/#organization\",\"name\":\"Informate Py Creemos en la libertad de expresi\u00f3n y en la capacidad de la gente de reflexionar\u00a0por\u00a0si\u00a0misma\",\"url\":\"https:\\\/\\\/informatepy.com\\\/2024\\\/\",\"logo\":{\"@type\":\"ImageObject\",\"inLanguage\":\"es\",\"@id\":\"https:\\\/\\\/informatepy.com\\\/2024\\\/#\\\/schema\\\/logo\\\/image\\\/\",\"url\":\"https:\\\/\\\/i0.wp.com\\\/informatepy.com\\\/2024\\\/wp-content\\\/uploads\\\/2024\\\/02\\\/Logotipo-sin-fondo-informate-py500.png?fit=500%2C94&ssl=1\",\"contentUrl\":\"https:\\\/\\\/i0.wp.com\\\/informatepy.com\\\/2024\\\/wp-content\\\/uploads\\\/2024\\\/02\\\/Logotipo-sin-fondo-informate-py500.png?fit=500%2C94&ssl=1\",\"width\":500,\"height\":94,\"caption\":\"Informate Py Creemos en la libertad de expresi\u00f3n y en la capacidad de la gente de reflexionar\u00a0por\u00a0si\u00a0misma\"},\"image\":{\"@id\":\"https:\\\/\\\/informatepy.com\\\/2024\\\/#\\\/schema\\\/logo\\\/image\\\/\"}},{\"@type\":\"Person\",\"@id\":\"https:\\\/\\\/informatepy.com\\\/2024\\\/#\\\/schema\\\/person\\\/98728344b91c548ef8544c80daf58463\",\"name\":\"Redacci\u00f3n\",\"image\":{\"@type\":\"ImageObject\",\"inLanguage\":\"es\",\"@id\":\"https:\\\/\\\/informatepy.com\\\/2024\\\/wp-content\\\/uploads\\\/2024\\\/02\\\/cropped-Isologo-sin-fondo.png9c354f01c536b2d49dbb929e96603401\",\"url\":\"https:\\\/\\\/informatepy.com\\\/2024\\\/wp-content\\\/uploads\\\/2024\\\/02\\\/cropped-Isologo-sin-fondo.png\",\"contentUrl\":\"https:\\\/\\\/informatepy.com\\\/2024\\\/wp-content\\\/uploads\\\/2024\\\/02\\\/cropped-Isologo-sin-fondo.png\",\"caption\":\"Redacci\u00f3n\"},\"sameAs\":[\"https:\\\/\\\/www.facebook.com\\\/InformatePyCom\",\"https:\\\/\\\/x.com\\\/https:\\\/\\\/twitter.com\\\/InformatePy1\"],\"url\":\"https:\\\/\\\/informatepy.com\\\/2024\\\/author\\\/redaccion\\\/\"}]}<\/script>\n<!-- \/ Yoast SEO plugin. -->","yoast_head_json":{"title":"Cuenta regresiva para la reapertura de Notre Dame - Informate Py Creemos en la libertad de expresi\u00f3n y en la capacidad de la gente de reflexionar\u00a0por\u00a0si\u00a0misma","robots":{"index":"index","follow":"follow","max-snippet":"max-snippet:-1","max-image-preview":"max-image-preview:large","max-video-preview":"max-video-preview:-1"},"canonical":"https:\/\/informatepy.com\/2024\/2023\/12\/08\/cuenta-regresiva-para-la-reapertura-de-notre-dame\/","og_locale":"es_ES","og_type":"article","og_title":"Cuenta regresiva para la reapertura de Notre Dame - Informate Py Creemos en la libertad de expresi\u00f3n y en la capacidad de la gente de reflexionar\u00a0por\u00a0si\u00a0misma","og_description":"Los obreros de la emblem\u00e1tica catedral de\u00a0Notre-Dame\u00a0de Par\u00eds tienen un a\u00f1o, a partir de este viernes, para terminar la restauraci\u00f3n del monumento g\u00f3tico a tiempo para su reapertura tras un monstruoso incendio en 2019. La restauraci\u00f3n del edificio declarado Patrimonio de la Humanidad por la UNESCO, que suele recibir a unos 12 millones de visitantes [&hellip;]","og_url":"https:\/\/informatepy.com\/2024\/2023\/12\/08\/cuenta-regresiva-para-la-reapertura-de-notre-dame\/","og_site_name":"Informate Py Creemos en la libertad de expresi\u00f3n y en la capacidad de la gente de reflexionar\u00a0por\u00a0si\u00a0misma","article_author":"https:\/\/www.facebook.com\/InformatePyCom","article_published_time":"2023-12-08T06:01:00+00:00","og_image":[{"width":820,"height":573,"url":"https:\/\/i0.wp.com\/informatepy.com\/2024\/wp-content\/uploads\/2021\/04\/notre-dame.jpg?fit=820%2C573&ssl=1","type":"image\/jpeg"}],"author":"Redacci\u00f3n","twitter_card":"summary_large_image","twitter_creator":"@https:\/\/twitter.com\/InformatePy1","twitter_misc":{"Escrito por":"Redacci\u00f3n","Tiempo de lectura":"3 minutos"},"schema":{"@context":"https:\/\/schema.org","@graph":[{"@type":"Article","@id":"https:\/\/informatepy.com\/2024\/2023\/12\/08\/cuenta-regresiva-para-la-reapertura-de-notre-dame\/#article","isPartOf":{"@id":"https:\/\/informatepy.com\/2024\/2023\/12\/08\/cuenta-regresiva-para-la-reapertura-de-notre-dame\/"},"author":{"name":"Redacci\u00f3n","@id":"https:\/\/informatepy.com\/2024\/#\/schema\/person\/98728344b91c548ef8544c80daf58463"},"headline":"Cuenta regresiva para la reapertura de Notre Dame","datePublished":"2023-12-08T06:01:00+00:00","mainEntityOfPage":{"@id":"https:\/\/informatepy.com\/2024\/2023\/12\/08\/cuenta-regresiva-para-la-reapertura-de-notre-dame\/"},"wordCount":616,"commentCount":0,"publisher":{"@id":"https:\/\/informatepy.com\/2024\/#organization"},"image":{"@id":"https:\/\/informatepy.com\/2024\/2023\/12\/08\/cuenta-regresiva-para-la-reapertura-de-notre-dame\/#primaryimage"},"thumbnailUrl":"https:\/\/i0.wp.com\/informatepy.com\/2024\/wp-content\/uploads\/2021\/04\/notre-dame.jpg?fit=820%2C573&ssl=1","keywords":["destacada","francia","notre dame"],"articleSection":["Cultura"],"inLanguage":"es","potentialAction":[{"@type":"CommentAction","name":"Comment","target":["https:\/\/informatepy.com\/2024\/2023\/12\/08\/cuenta-regresiva-para-la-reapertura-de-notre-dame\/#respond"]}]},{"@type":"WebPage","@id":"https:\/\/informatepy.com\/2024\/2023\/12\/08\/cuenta-regresiva-para-la-reapertura-de-notre-dame\/","url":"https:\/\/informatepy.com\/2024\/2023\/12\/08\/cuenta-regresiva-para-la-reapertura-de-notre-dame\/","name":"Cuenta regresiva para la reapertura de Notre Dame - Informate Py Creemos en la libertad de expresi\u00f3n y en la capacidad de la gente de reflexionar\u00a0por\u00a0si\u00a0misma","isPartOf":{"@id":"https:\/\/informatepy.com\/2024\/#website"},"primaryImageOfPage":{"@id":"https:\/\/informatepy.com\/2024\/2023\/12\/08\/cuenta-regresiva-para-la-reapertura-de-notre-dame\/#primaryimage"},"image":{"@id":"https:\/\/informatepy.com\/2024\/2023\/12\/08\/cuenta-regresiva-para-la-reapertura-de-notre-dame\/#primaryimage"},"thumbnailUrl":"https:\/\/i0.wp.com\/informatepy.com\/2024\/wp-content\/uploads\/2021\/04\/notre-dame.jpg?fit=820%2C573&ssl=1","datePublished":"2023-12-08T06:01:00+00:00","breadcrumb":{"@id":"https:\/\/informatepy.com\/2024\/2023\/12\/08\/cuenta-regresiva-para-la-reapertura-de-notre-dame\/#breadcrumb"},"inLanguage":"es","potentialAction":[{"@type":"ReadAction","target":["https:\/\/informatepy.com\/2024\/2023\/12\/08\/cuenta-regresiva-para-la-reapertura-de-notre-dame\/"]}]},{"@type":"ImageObject","inLanguage":"es","@id":"https:\/\/informatepy.com\/2024\/2023\/12\/08\/cuenta-regresiva-para-la-reapertura-de-notre-dame\/#primaryimage","url":"https:\/\/i0.wp.com\/informatepy.com\/2024\/wp-content\/uploads\/2021\/04\/notre-dame.jpg?fit=820%2C573&ssl=1","contentUrl":"https:\/\/i0.wp.com\/informatepy.com\/2024\/wp-content\/uploads\/2021\/04\/notre-dame.jpg?fit=820%2C573&ssl=1","width":820,"height":573},{"@type":"BreadcrumbList","@id":"https:\/\/informatepy.com\/2024\/2023\/12\/08\/cuenta-regresiva-para-la-reapertura-de-notre-dame\/#breadcrumb","itemListElement":[{"@type":"ListItem","position":1,"name":"Portada","item":"https:\/\/informatepy.com\/2024\/"},{"@type":"ListItem","position":2,"name":"Cuenta regresiva para la reapertura de Notre Dame"}]},{"@type":"WebSite","@id":"https:\/\/informatepy.com\/2024\/#website","url":"https:\/\/informatepy.com\/2024\/","name":"Informate Py Creemos en la libertad de expresi\u00f3n y en la capacidad de la gente de reflexionar\u00a0por\u00a0si\u00a0misma","description":"InformatePy","publisher":{"@id":"https:\/\/informatepy.com\/2024\/#organization"},"potentialAction":[{"@type":"SearchAction","target":{"@type":"EntryPoint","urlTemplate":"https:\/\/informatepy.com\/2024\/?s={search_term_string}"},"query-input":{"@type":"PropertyValueSpecification","valueRequired":true,"valueName":"search_term_string"}}],"inLanguage":"es"},{"@type":"Organization","@id":"https:\/\/informatepy.com\/2024\/#organization","name":"Informate Py Creemos en la libertad de expresi\u00f3n y en la capacidad de la gente de reflexionar\u00a0por\u00a0si\u00a0misma","url":"https:\/\/informatepy.com\/2024\/","logo":{"@type":"ImageObject","inLanguage":"es","@id":"https:\/\/informatepy.com\/2024\/#\/schema\/logo\/image\/","url":"https:\/\/i0.wp.com\/informatepy.com\/2024\/wp-content\/uploads\/2024\/02\/Logotipo-sin-fondo-informate-py500.png?fit=500%2C94&ssl=1","contentUrl":"https:\/\/i0.wp.com\/informatepy.com\/2024\/wp-content\/uploads\/2024\/02\/Logotipo-sin-fondo-informate-py500.png?fit=500%2C94&ssl=1","width":500,"height":94,"caption":"Informate Py Creemos en la libertad de expresi\u00f3n y en la capacidad de la gente de reflexionar\u00a0por\u00a0si\u00a0misma"},"image":{"@id":"https:\/\/informatepy.com\/2024\/#\/schema\/logo\/image\/"}},{"@type":"Person","@id":"https:\/\/informatepy.com\/2024\/#\/schema\/person\/98728344b91c548ef8544c80daf58463","name":"Redacci\u00f3n","image":{"@type":"ImageObject","inLanguage":"es","@id":"https:\/\/informatepy.com\/2024\/wp-content\/uploads\/2024\/02\/cropped-Isologo-sin-fondo.png9c354f01c536b2d49dbb929e96603401","url":"https:\/\/informatepy.com\/2024\/wp-content\/uploads\/2024\/02\/cropped-Isologo-sin-fondo.png","contentUrl":"https:\/\/informatepy.com\/2024\/wp-content\/uploads\/2024\/02\/cropped-Isologo-sin-fondo.png","caption":"Redacci\u00f3n"},"sameAs":["https:\/\/www.facebook.com\/InformatePyCom","https:\/\/x.com\/https:\/\/twitter.com\/InformatePy1"],"url":"https:\/\/informatepy.com\/2024\/author\/redaccion\/"}]}},"jetpack_featured_media_url":"https:\/\/i0.wp.com\/informatepy.com\/2024\/wp-content\/uploads\/2021\/04\/notre-dame.jpg?fit=820%2C573&ssl=1","jetpack-related-posts":[],"jetpack_sharing_enabled":true,"authors":[{"term_id":830,"user_id":3,"is_guest":0,"slug":"redaccion","display_name":"Redacci\u00f3n","avatar_url":{"url":"https:\/\/informatepy.com\/2024\/wp-content\/uploads\/2024\/02\/cropped-Isologo-sin-fondo.png","url2x":"https:\/\/informatepy.com\/2024\/wp-content\/uploads\/2024\/02\/cropped-Isologo-sin-fondo.png"},"author_category":"1","first_name":"Redacci\u00f3n","last_name":"","user_url":"","job_title":"","description":""}],"_links":{"self":[{"href":"https:\/\/informatepy.com\/2024\/wp-json\/wp\/v2\/posts\/12319","targetHints":{"allow":["GET"]}}],"collection":[{"href":"https:\/\/informatepy.com\/2024\/wp-json\/wp\/v2\/posts"}],"about":[{"href":"https:\/\/informatepy.com\/2024\/wp-json\/wp\/v2\/types\/post"}],"author":[{"embeddable":true,"href":"https:\/\/informatepy.com\/2024\/wp-json\/wp\/v2\/users\/3"}],"replies":[{"embeddable":true,"href":"https:\/\/informatepy.com\/2024\/wp-json\/wp\/v2\/comments?post=12319"}],"version-history":[{"count":0,"href":"https:\/\/informatepy.com\/2024\/wp-json\/wp\/v2\/posts\/12319\/revisions"}],"wp:featuredmedia":[{"embeddable":true,"href":"https:\/\/informatepy.com\/2024\/wp-json\/wp\/v2\/media\/688"}],"wp:attachment":[{"href":"https:\/\/informatepy.com\/2024\/wp-json\/wp\/v2\/media?parent=12319"}],"wp:term":[{"taxonomy":"category","embeddable":true,"href":"https:\/\/informatepy.com\/2024\/wp-json\/wp\/v2\/categories?post=12319"},{"taxonomy":"post_tag","embeddable":true,"href":"https:\/\/informatepy.com\/2024\/wp-json\/wp\/v2\/tags?post=12319"},{"taxonomy":"jnews-series","embeddable":true,"href":"https:\/\/informatepy.com\/2024\/wp-json\/wp\/v2\/jnews-series?post=12319"},{"taxonomy":"author","embeddable":true,"href":"https:\/\/informatepy.com\/2024\/wp-json\/wp\/v2\/ppma_author?post=12319"}],"curies":[{"name":"wp","href":"https:\/\/api.w.org\/{rel}","templated":true}]}}