{"id":11473,"date":"2023-09-03T19:19:00","date_gmt":"2023-09-03T17:19:00","guid":{"rendered":"https:\/\/informatepy.com\/2024\/2023\/09\/03\/entregaron-los-reconocimientos-a-los-profes-que-dejan-huellas\/"},"modified":"2023-09-03T19:19:00","modified_gmt":"2023-09-03T17:19:00","slug":"entregaron-los-reconocimientos-a-los-profes-que-dejan-huellas","status":"publish","type":"post","link":"https:\/\/informatepy.com\/2024\/2023\/09\/03\/entregaron-los-reconocimientos-a-los-profes-que-dejan-huellas\/","title":{"rendered":"Entregaron los reconocimientos a los \u00abProfes que Dejan Huellas\u00bb"},"content":{"rendered":"\n<p><strong>Por En Positivo<\/strong><\/p>\n\n\n\n<p class=\"has-text-align-justify\">La Fundaci\u00f3n Dequen\u00ed concluy\u00f3 la segunda edici\u00f3n del Reconocimiento \u00abProfes que Dejan Huellas\u00bb el 31 de agosto con la entrega de galardones. El reconocimiento destac\u00f3 a 19 maestros por su Creatividad, Innovaci\u00f3n y adaptaci\u00f3n, Superaci\u00f3n y resiliencia, Vocaci\u00f3n de servicio y Maestros en el recuerdo. Una novedad de este a\u00f1o fue la inclusi\u00f3n de un reconocimiento especial y p\u00f3stumo a la directora del Colegio Nacional San Gervasio de Colonia Independencia.<\/p>\n\n\n\n<p class=\"has-text-align-justify\">Esta iniciativa cont\u00f3 con el apoyo del Observatorio Educativo Ciudadano, que es un espacio de informaci\u00f3n, an\u00e1lisis y difusi\u00f3n de la realidad educativa del pa\u00eds y donde contribuyen muchas organizaciones de la sociedad, el Pacto Global, integrado por empresas comprometidas con la sostenibilidad, y la Fundaci\u00f3n en Alianza, una entidad compa\u00f1era de Dequen\u00ed, instituci\u00f3n solidaria que celebra 38 a\u00f1os dedicada a los ni\u00f1os.<\/p>\n\n\n\n<p class=\"has-text-align-justify\">El proceso de selecci\u00f3n comenz\u00f3 en agosto y atrajo m\u00e1s de 230 postulaciones provenientes de 15 departamentos. Es relevante mencionar que las postulaciones estuvieron abiertas a toda la ciudadan\u00eda, y los estudiantes, colegas y familias tuvieron la oportunidad de nominar a los maestros que consideraban ser reconocidos.<\/p>\n\n\n\n<p class=\"has-text-align-justify\">La entrega de los galardones \u00abProfes que Dejan Huellas\u00bb cont\u00f3 con la participaci\u00f3n de maestros llegados de distintos lugares del pa\u00eds, representantes de las organizaciones involucradas y distinguidos invitados del sector p\u00fablico, como la Primera Dama de la Naci\u00f3n, Excelent\u00edsima Sra. Leticia Ocampos, y representantes de los Ministerios de la Ni\u00f1ez y la Adolescencia, Trabajo, Empleo y Seguridad Social, y Educaci\u00f3n y Ciencias.<\/p>\n\n\n\n<p>Los ganadores en las 5 categor\u00edas fueron los siguientes:<\/p>\n\n\n\n<p class=\"has-text-align-justify\"><strong>La Categor\u00eda Creatividad<\/strong>, tiene dos maestros reconocidos: Prof. Noelia Margarita Aranda Achar, Escuela B\u00e1sica N\u00b06245 Ezequiel Ramirez, Ypan\u00e9, Central y Prof. Romelia Arg\u00fcello, Escuela B\u00e1sica N\u00b04273 Rep\u00fablica de M\u00e9xico, Itaugu\u00e1, Central.<\/p>\n\n\n\n<p class=\"has-text-align-justify\"><strong>Categor\u00eda Innovaci\u00f3n y Adaptaci\u00f3n: <\/strong>Prof. Elena Rodr\u00edguez, Colegio Nacional Mcal. Francisco Solano L\u00f3pez, Mbaracay\u00fa, Alto Paran\u00e1.<\/p>\n\n\n\n<p class=\"has-text-align-justify\"><strong>Categor\u00eda Superaci\u00f3n y Resiliencia:<\/strong> Prof. Ra\u00fal Arnaldo Esp\u00ednola, Colegio Nacional Isla Bogado, Luque, Central.<\/p>\n\n\n\n<p class=\"has-text-align-justify\"><strong>Categor\u00eda Vocaci\u00f3n de Servicio: <\/strong>Profe V\u00edctor Ram\u00f3n Maidana Sosa, Escuela B\u00e1sica N\u00b0 4906 Teresa de Calcuta, Concepci\u00f3n.<\/p>\n\n\n\n<p class=\"has-text-align-justify\"><strong>Categor\u00eda Maestro en el Recuerdo: <\/strong>Prof. Rosa Bella C\u00e1ceres Mongel\u00f3s, maestra Jubilada y presidente de la Asociaci\u00f3n Central de Funcionarios P\u00fablicos y Docentes Jubilados del Paraguay.<\/p>\n\n\n\n<p class=\"has-text-align-justify\">Un reconocimiento p\u00f3stumo fue otorgado a los familiares de la directora Prof. Sof\u00eda Rodr\u00edguez, del Colegio Nacional San Gervasio, de Colonia Independencia, Guair\u00e1.<\/p>\n\n\n\n<p class=\"has-text-align-justify\">Adem\u00e1s, el Comit\u00e9 Evaluador extendi\u00f3 menciones de honor a 12 maestros destacados en diversas categor\u00edas:<\/p>\n\n\n\n<p class=\"has-text-align-justify\">&#8211; En la categor\u00eda de Creatividad, se distingui\u00f3 a la Profesora Claudia Basualdo y a la Profesora Yamili N. Gonz\u00e1lez.<\/p>\n\n\n\n<p class=\"has-text-align-justify\">&#8211; En lo que respecta a la Categor\u00eda de Innovaci\u00f3n y Adaptaci\u00f3n, se destacaron con menciones a la Profesora Sandra Amelia Ortiz de Ayala y el Profesor Mart\u00edn Ramon Moreno Ibarrola.<\/p>\n\n\n\n<p class=\"has-text-align-justify\">&#8211; En cuanto a la categor\u00eda de Superaci\u00f3n y Resiliencia, se reconoci\u00f3 a la Profesora Nilsa Gloria S\u00e1nchez de Saldivar y a la Profesora Lourdes Cano.<\/p>\n\n\n\n<p class=\"has-text-align-justify\">&#8211; En el \u00e1mbito de la Vocaci\u00f3n de Servicio, se elogi\u00f3 a la Profesora Erica Almir\u00f3n, a la Profesora Iluminada Acosta de Amarilla y al Profesor Ra\u00fal Mart\u00ednez Mosqueira.<\/p>\n\n\n\n<p class=\"has-text-align-justify\">&#8211; En la categor\u00eda de Maestros en el Recuerdo, se rindi\u00f3 homenaje al Profesor Roberto Antonio Ortiz Palacios, a la Profesora Ana Cristiane Arce y al Profesor Lorenzo Calder\u00f3n Dom\u00ednguez.<\/p>\n\n\n\n<p class=\"has-text-align-justify\">En los pr\u00f3ximos d\u00edas, la Fundaci\u00f3n Dequen\u00ed ir\u00e1 presentando a trav\u00e9s de sus redes a cada uno de estos maestros.<\/p>\n\n\n\n<p><strong>Apoyar a los docentes para mejorar la educaci\u00f3n<\/strong><\/p>\n\n\n\n<p class=\"has-text-align-justify\">Reconocer y respaldar la labor de los maestros es el paso fundamental hacia una mejor educaci\u00f3n. Un maestro con autoestima y sensibilidad hacia la realidad de cada ni\u00f1o, que lidera, inspira y motiva el aprendizaje en su aula, despierta el inter\u00e9s y genera oportunidades para sus estudiantes. Durante muchos a\u00f1os, Dequen\u00ed ha estado dedicado a los ni\u00f1os, ocup\u00e1ndose en especial de cuidar y proteger a aquellos que crecen en comunidades empobrecidas. En esta misi\u00f3n, la educaci\u00f3n emerge como la herramienta que puede superar las barreras derivadas de la precariedad en la que sus familias y comunidades se encuentran. Es decir, la actitud, la dedicaci\u00f3n y las capacidades de los maestros en las aulas son claves para ver m\u00e1s all\u00e1 de las adversidades. Por eso es una muy buena idea reconocer a los maestros que dejan huellas.<\/p>\n\n\n\n<p><strong>Declarado de inter\u00e9s educativo por el MEC<\/strong><\/p>\n\n\n\n<p class=\"has-text-align-justify\">La Resoluci\u00f3n N\u00ba 1219 del Ministerio de Educaci\u00f3n y Ciencias declara la iniciativa de inter\u00e9s educativo porque pretende dar un reconocimiento a maestros de la educaci\u00f3n inicial, escolar b\u00e1sica, y media de diferentes puntos del pa\u00eds, valorando el quehacer pedag\u00f3gico del docente dentro del aula y el impacto de su desempe\u00f1o a favor del aprendizaje del estudiante y del desarrollo de su comunidad.<\/p>\n","protected":false},"excerpt":{"rendered":"<p>Por En Positivo La Fundaci\u00f3n Dequen\u00ed concluy\u00f3 la segunda edici\u00f3n del Reconocimiento \u00abProfes que Dejan Huellas\u00bb el 31 de agosto con la entrega de galardones. El reconocimiento destac\u00f3 a 19 maestros por su Creatividad, Innovaci\u00f3n y adaptaci\u00f3n, Superaci\u00f3n y resiliencia, Vocaci\u00f3n de servicio y Maestros en el recuerdo. Una novedad de este a\u00f1o fue la [&hellip;]<\/p>\n","protected":false},"author":3,"featured_media":11474,"comment_status":"open","ping_status":"open","sticky":false,"template":"","format":"standard","meta":{"_jetpack_memberships_contains_paid_content":false,"jnews-multi-image_gallery":[],"jnews_single_post":[],"jnews_primary_category":[],"jnews_override_bookmark_settings":[],"jnews_food_recipe":[],"enable_food_recipe":"","food_recipe_title":"","food_recipe_description":"","food_recipe_serve":"","food_recipe_time":"","food_recipe_prep":"","food_recipe_level":"","food_recipe_keywords":"","food_recipe_category":"","food_recipe_cuisine":"","food_recipe_yield":"","food_recipe_calories":"","enable_print_recipe":"","ingredient":[],"instruction":"","jnews_social_meta":[],"jnews_paywall_metabox":[],"jnews_review":[],"enable_review":"","type":"","name":"","summary":"","brand":"","sku":"","good":[],"bad":[],"score_override":"","override_value":"","rating":[],"price":[],"jnews_override_counter":[],"jnews_post_split":[],"jnews_podcast_option":[],"jnews_podcast_series":[],"footnotes":""},"categories":[43],"tags":[831],"jnews-series":[],"ppma_author":[830],"class_list":["post-11473","post","type-post","status-publish","format-standard","has-post-thumbnail","hentry","category-cultura","tag-destacada"],"yoast_head":"<!-- This site is optimized with the Yoast SEO plugin v27.4 - https:\/\/yoast.com\/product\/yoast-seo-wordpress\/ -->\n<title>Entregaron los reconocimientos a los &quot;Profes que Dejan Huellas&quot; - Informate Py Creemos en la libertad de expresi\u00f3n y en la capacidad de la gente de reflexionar\u00a0por\u00a0si\u00a0misma<\/title>\n<meta name=\"robots\" content=\"index, follow, max-snippet:-1, max-image-preview:large, max-video-preview:-1\" \/>\n<link rel=\"canonical\" href=\"https:\/\/informatepy.com\/2024\/2023\/09\/03\/entregaron-los-reconocimientos-a-los-profes-que-dejan-huellas\/\" \/>\n<meta property=\"og:locale\" content=\"es_ES\" \/>\n<meta property=\"og:type\" content=\"article\" \/>\n<meta property=\"og:title\" content=\"Entregaron los reconocimientos a los &quot;Profes que Dejan Huellas&quot; - Informate Py Creemos en la libertad de expresi\u00f3n y en la capacidad de la gente de reflexionar\u00a0por\u00a0si\u00a0misma\" \/>\n<meta property=\"og:description\" content=\"Por En Positivo La Fundaci\u00f3n Dequen\u00ed concluy\u00f3 la segunda edici\u00f3n del Reconocimiento \u00abProfes que Dejan Huellas\u00bb el 31 de agosto con la entrega de galardones. El reconocimiento destac\u00f3 a 19 maestros por su Creatividad, Innovaci\u00f3n y adaptaci\u00f3n, Superaci\u00f3n y resiliencia, Vocaci\u00f3n de servicio y Maestros en el recuerdo. Una novedad de este a\u00f1o fue la [&hellip;]\" \/>\n<meta property=\"og:url\" content=\"https:\/\/informatepy.com\/2024\/2023\/09\/03\/entregaron-los-reconocimientos-a-los-profes-que-dejan-huellas\/\" \/>\n<meta property=\"og:site_name\" content=\"Informate Py Creemos en la libertad de expresi\u00f3n y en la capacidad de la gente de reflexionar\u00a0por\u00a0si\u00a0misma\" \/>\n<meta property=\"article:author\" content=\"https:\/\/www.facebook.com\/InformatePyCom\" \/>\n<meta property=\"article:published_time\" content=\"2023-09-03T17:19:00+00:00\" \/>\n<meta property=\"og:image\" content=\"https:\/\/i0.wp.com\/informatepy.com\/2024\/wp-content\/uploads\/2023\/09\/premios-dequeni.jpg?fit=1280%2C852&ssl=1\" \/>\n\t<meta property=\"og:image:width\" content=\"1280\" \/>\n\t<meta property=\"og:image:height\" content=\"852\" \/>\n\t<meta property=\"og:image:type\" content=\"image\/jpeg\" \/>\n<meta name=\"author\" content=\"Redacci\u00f3n\" \/>\n<meta name=\"twitter:card\" content=\"summary_large_image\" \/>\n<meta name=\"twitter:creator\" content=\"@https:\/\/twitter.com\/InformatePy1\" \/>\n<meta name=\"twitter:label1\" content=\"Escrito por\" \/>\n\t<meta name=\"twitter:data1\" content=\"Redacci\u00f3n\" \/>\n\t<meta name=\"twitter:label2\" content=\"Tiempo de lectura\" \/>\n\t<meta name=\"twitter:data2\" content=\"4 minutos\" \/>\n<script type=\"application\/ld+json\" class=\"yoast-schema-graph\">{\"@context\":\"https:\\\/\\\/schema.org\",\"@graph\":[{\"@type\":\"Article\",\"@id\":\"https:\\\/\\\/informatepy.com\\\/2024\\\/2023\\\/09\\\/03\\\/entregaron-los-reconocimientos-a-los-profes-que-dejan-huellas\\\/#article\",\"isPartOf\":{\"@id\":\"https:\\\/\\\/informatepy.com\\\/2024\\\/2023\\\/09\\\/03\\\/entregaron-los-reconocimientos-a-los-profes-que-dejan-huellas\\\/\"},\"author\":{\"name\":\"Redacci\u00f3n\",\"@id\":\"https:\\\/\\\/informatepy.com\\\/2024\\\/#\\\/schema\\\/person\\\/98728344b91c548ef8544c80daf58463\"},\"headline\":\"Entregaron los reconocimientos a los \u00abProfes que Dejan Huellas\u00bb\",\"datePublished\":\"2023-09-03T17:19:00+00:00\",\"mainEntityOfPage\":{\"@id\":\"https:\\\/\\\/informatepy.com\\\/2024\\\/2023\\\/09\\\/03\\\/entregaron-los-reconocimientos-a-los-profes-que-dejan-huellas\\\/\"},\"wordCount\":867,\"commentCount\":0,\"publisher\":{\"@id\":\"https:\\\/\\\/informatepy.com\\\/2024\\\/#organization\"},\"image\":{\"@id\":\"https:\\\/\\\/informatepy.com\\\/2024\\\/2023\\\/09\\\/03\\\/entregaron-los-reconocimientos-a-los-profes-que-dejan-huellas\\\/#primaryimage\"},\"thumbnailUrl\":\"https:\\\/\\\/i0.wp.com\\\/informatepy.com\\\/2024\\\/wp-content\\\/uploads\\\/2023\\\/09\\\/premios-dequeni.jpg?fit=1280%2C852&ssl=1\",\"keywords\":[\"destacada\"],\"articleSection\":[\"Cultura\"],\"inLanguage\":\"es\",\"potentialAction\":[{\"@type\":\"CommentAction\",\"name\":\"Comment\",\"target\":[\"https:\\\/\\\/informatepy.com\\\/2024\\\/2023\\\/09\\\/03\\\/entregaron-los-reconocimientos-a-los-profes-que-dejan-huellas\\\/#respond\"]}]},{\"@type\":\"WebPage\",\"@id\":\"https:\\\/\\\/informatepy.com\\\/2024\\\/2023\\\/09\\\/03\\\/entregaron-los-reconocimientos-a-los-profes-que-dejan-huellas\\\/\",\"url\":\"https:\\\/\\\/informatepy.com\\\/2024\\\/2023\\\/09\\\/03\\\/entregaron-los-reconocimientos-a-los-profes-que-dejan-huellas\\\/\",\"name\":\"Entregaron los reconocimientos a los \\\"Profes que Dejan Huellas\\\" - Informate Py Creemos en la libertad de expresi\u00f3n y en la capacidad de la gente de reflexionar\u00a0por\u00a0si\u00a0misma\",\"isPartOf\":{\"@id\":\"https:\\\/\\\/informatepy.com\\\/2024\\\/#website\"},\"primaryImageOfPage\":{\"@id\":\"https:\\\/\\\/informatepy.com\\\/2024\\\/2023\\\/09\\\/03\\\/entregaron-los-reconocimientos-a-los-profes-que-dejan-huellas\\\/#primaryimage\"},\"image\":{\"@id\":\"https:\\\/\\\/informatepy.com\\\/2024\\\/2023\\\/09\\\/03\\\/entregaron-los-reconocimientos-a-los-profes-que-dejan-huellas\\\/#primaryimage\"},\"thumbnailUrl\":\"https:\\\/\\\/i0.wp.com\\\/informatepy.com\\\/2024\\\/wp-content\\\/uploads\\\/2023\\\/09\\\/premios-dequeni.jpg?fit=1280%2C852&ssl=1\",\"datePublished\":\"2023-09-03T17:19:00+00:00\",\"breadcrumb\":{\"@id\":\"https:\\\/\\\/informatepy.com\\\/2024\\\/2023\\\/09\\\/03\\\/entregaron-los-reconocimientos-a-los-profes-que-dejan-huellas\\\/#breadcrumb\"},\"inLanguage\":\"es\",\"potentialAction\":[{\"@type\":\"ReadAction\",\"target\":[\"https:\\\/\\\/informatepy.com\\\/2024\\\/2023\\\/09\\\/03\\\/entregaron-los-reconocimientos-a-los-profes-que-dejan-huellas\\\/\"]}]},{\"@type\":\"ImageObject\",\"inLanguage\":\"es\",\"@id\":\"https:\\\/\\\/informatepy.com\\\/2024\\\/2023\\\/09\\\/03\\\/entregaron-los-reconocimientos-a-los-profes-que-dejan-huellas\\\/#primaryimage\",\"url\":\"https:\\\/\\\/i0.wp.com\\\/informatepy.com\\\/2024\\\/wp-content\\\/uploads\\\/2023\\\/09\\\/premios-dequeni.jpg?fit=1280%2C852&ssl=1\",\"contentUrl\":\"https:\\\/\\\/i0.wp.com\\\/informatepy.com\\\/2024\\\/wp-content\\\/uploads\\\/2023\\\/09\\\/premios-dequeni.jpg?fit=1280%2C852&ssl=1\",\"width\":1280,\"height\":852},{\"@type\":\"BreadcrumbList\",\"@id\":\"https:\\\/\\\/informatepy.com\\\/2024\\\/2023\\\/09\\\/03\\\/entregaron-los-reconocimientos-a-los-profes-que-dejan-huellas\\\/#breadcrumb\",\"itemListElement\":[{\"@type\":\"ListItem\",\"position\":1,\"name\":\"Portada\",\"item\":\"https:\\\/\\\/informatepy.com\\\/2024\\\/\"},{\"@type\":\"ListItem\",\"position\":2,\"name\":\"Entregaron los reconocimientos a los \u00abProfes que Dejan Huellas\u00bb\"}]},{\"@type\":\"WebSite\",\"@id\":\"https:\\\/\\\/informatepy.com\\\/2024\\\/#website\",\"url\":\"https:\\\/\\\/informatepy.com\\\/2024\\\/\",\"name\":\"Informate Py Creemos en la libertad de expresi\u00f3n y en la capacidad de la gente de reflexionar\u00a0por\u00a0si\u00a0misma\",\"description\":\"InformatePy\",\"publisher\":{\"@id\":\"https:\\\/\\\/informatepy.com\\\/2024\\\/#organization\"},\"potentialAction\":[{\"@type\":\"SearchAction\",\"target\":{\"@type\":\"EntryPoint\",\"urlTemplate\":\"https:\\\/\\\/informatepy.com\\\/2024\\\/?s={search_term_string}\"},\"query-input\":{\"@type\":\"PropertyValueSpecification\",\"valueRequired\":true,\"valueName\":\"search_term_string\"}}],\"inLanguage\":\"es\"},{\"@type\":\"Organization\",\"@id\":\"https:\\\/\\\/informatepy.com\\\/2024\\\/#organization\",\"name\":\"Informate Py Creemos en la libertad de expresi\u00f3n y en la capacidad de la gente de reflexionar\u00a0por\u00a0si\u00a0misma\",\"url\":\"https:\\\/\\\/informatepy.com\\\/2024\\\/\",\"logo\":{\"@type\":\"ImageObject\",\"inLanguage\":\"es\",\"@id\":\"https:\\\/\\\/informatepy.com\\\/2024\\\/#\\\/schema\\\/logo\\\/image\\\/\",\"url\":\"https:\\\/\\\/i0.wp.com\\\/informatepy.com\\\/2024\\\/wp-content\\\/uploads\\\/2024\\\/02\\\/Logotipo-sin-fondo-informate-py500.png?fit=500%2C94&ssl=1\",\"contentUrl\":\"https:\\\/\\\/i0.wp.com\\\/informatepy.com\\\/2024\\\/wp-content\\\/uploads\\\/2024\\\/02\\\/Logotipo-sin-fondo-informate-py500.png?fit=500%2C94&ssl=1\",\"width\":500,\"height\":94,\"caption\":\"Informate Py Creemos en la libertad de expresi\u00f3n y en la capacidad de la gente de reflexionar\u00a0por\u00a0si\u00a0misma\"},\"image\":{\"@id\":\"https:\\\/\\\/informatepy.com\\\/2024\\\/#\\\/schema\\\/logo\\\/image\\\/\"}},{\"@type\":\"Person\",\"@id\":\"https:\\\/\\\/informatepy.com\\\/2024\\\/#\\\/schema\\\/person\\\/98728344b91c548ef8544c80daf58463\",\"name\":\"Redacci\u00f3n\",\"image\":{\"@type\":\"ImageObject\",\"inLanguage\":\"es\",\"@id\":\"https:\\\/\\\/informatepy.com\\\/2024\\\/wp-content\\\/uploads\\\/2024\\\/02\\\/cropped-Isologo-sin-fondo.png9c354f01c536b2d49dbb929e96603401\",\"url\":\"https:\\\/\\\/informatepy.com\\\/2024\\\/wp-content\\\/uploads\\\/2024\\\/02\\\/cropped-Isologo-sin-fondo.png\",\"contentUrl\":\"https:\\\/\\\/informatepy.com\\\/2024\\\/wp-content\\\/uploads\\\/2024\\\/02\\\/cropped-Isologo-sin-fondo.png\",\"caption\":\"Redacci\u00f3n\"},\"sameAs\":[\"https:\\\/\\\/www.facebook.com\\\/InformatePyCom\",\"https:\\\/\\\/x.com\\\/https:\\\/\\\/twitter.com\\\/InformatePy1\"],\"url\":\"https:\\\/\\\/informatepy.com\\\/2024\\\/author\\\/redaccion\\\/\"}]}<\/script>\n<!-- \/ Yoast SEO plugin. -->","yoast_head_json":{"title":"Entregaron los reconocimientos a los \"Profes que Dejan Huellas\" - Informate Py Creemos en la libertad de expresi\u00f3n y en la capacidad de la gente de reflexionar\u00a0por\u00a0si\u00a0misma","robots":{"index":"index","follow":"follow","max-snippet":"max-snippet:-1","max-image-preview":"max-image-preview:large","max-video-preview":"max-video-preview:-1"},"canonical":"https:\/\/informatepy.com\/2024\/2023\/09\/03\/entregaron-los-reconocimientos-a-los-profes-que-dejan-huellas\/","og_locale":"es_ES","og_type":"article","og_title":"Entregaron los reconocimientos a los \"Profes que Dejan Huellas\" - Informate Py Creemos en la libertad de expresi\u00f3n y en la capacidad de la gente de reflexionar\u00a0por\u00a0si\u00a0misma","og_description":"Por En Positivo La Fundaci\u00f3n Dequen\u00ed concluy\u00f3 la segunda edici\u00f3n del Reconocimiento \u00abProfes que Dejan Huellas\u00bb el 31 de agosto con la entrega de galardones. El reconocimiento destac\u00f3 a 19 maestros por su Creatividad, Innovaci\u00f3n y adaptaci\u00f3n, Superaci\u00f3n y resiliencia, Vocaci\u00f3n de servicio y Maestros en el recuerdo. Una novedad de este a\u00f1o fue la [&hellip;]","og_url":"https:\/\/informatepy.com\/2024\/2023\/09\/03\/entregaron-los-reconocimientos-a-los-profes-que-dejan-huellas\/","og_site_name":"Informate Py Creemos en la libertad de expresi\u00f3n y en la capacidad de la gente de reflexionar\u00a0por\u00a0si\u00a0misma","article_author":"https:\/\/www.facebook.com\/InformatePyCom","article_published_time":"2023-09-03T17:19:00+00:00","og_image":[{"width":1280,"height":852,"url":"https:\/\/i0.wp.com\/informatepy.com\/2024\/wp-content\/uploads\/2023\/09\/premios-dequeni.jpg?fit=1280%2C852&ssl=1","type":"image\/jpeg"}],"author":"Redacci\u00f3n","twitter_card":"summary_large_image","twitter_creator":"@https:\/\/twitter.com\/InformatePy1","twitter_misc":{"Escrito por":"Redacci\u00f3n","Tiempo de lectura":"4 minutos"},"schema":{"@context":"https:\/\/schema.org","@graph":[{"@type":"Article","@id":"https:\/\/informatepy.com\/2024\/2023\/09\/03\/entregaron-los-reconocimientos-a-los-profes-que-dejan-huellas\/#article","isPartOf":{"@id":"https:\/\/informatepy.com\/2024\/2023\/09\/03\/entregaron-los-reconocimientos-a-los-profes-que-dejan-huellas\/"},"author":{"name":"Redacci\u00f3n","@id":"https:\/\/informatepy.com\/2024\/#\/schema\/person\/98728344b91c548ef8544c80daf58463"},"headline":"Entregaron los reconocimientos a los \u00abProfes que Dejan Huellas\u00bb","datePublished":"2023-09-03T17:19:00+00:00","mainEntityOfPage":{"@id":"https:\/\/informatepy.com\/2024\/2023\/09\/03\/entregaron-los-reconocimientos-a-los-profes-que-dejan-huellas\/"},"wordCount":867,"commentCount":0,"publisher":{"@id":"https:\/\/informatepy.com\/2024\/#organization"},"image":{"@id":"https:\/\/informatepy.com\/2024\/2023\/09\/03\/entregaron-los-reconocimientos-a-los-profes-que-dejan-huellas\/#primaryimage"},"thumbnailUrl":"https:\/\/i0.wp.com\/informatepy.com\/2024\/wp-content\/uploads\/2023\/09\/premios-dequeni.jpg?fit=1280%2C852&ssl=1","keywords":["destacada"],"articleSection":["Cultura"],"inLanguage":"es","potentialAction":[{"@type":"CommentAction","name":"Comment","target":["https:\/\/informatepy.com\/2024\/2023\/09\/03\/entregaron-los-reconocimientos-a-los-profes-que-dejan-huellas\/#respond"]}]},{"@type":"WebPage","@id":"https:\/\/informatepy.com\/2024\/2023\/09\/03\/entregaron-los-reconocimientos-a-los-profes-que-dejan-huellas\/","url":"https:\/\/informatepy.com\/2024\/2023\/09\/03\/entregaron-los-reconocimientos-a-los-profes-que-dejan-huellas\/","name":"Entregaron los reconocimientos a los \"Profes que Dejan Huellas\" - Informate Py Creemos en la libertad de expresi\u00f3n y en la capacidad de la gente de reflexionar\u00a0por\u00a0si\u00a0misma","isPartOf":{"@id":"https:\/\/informatepy.com\/2024\/#website"},"primaryImageOfPage":{"@id":"https:\/\/informatepy.com\/2024\/2023\/09\/03\/entregaron-los-reconocimientos-a-los-profes-que-dejan-huellas\/#primaryimage"},"image":{"@id":"https:\/\/informatepy.com\/2024\/2023\/09\/03\/entregaron-los-reconocimientos-a-los-profes-que-dejan-huellas\/#primaryimage"},"thumbnailUrl":"https:\/\/i0.wp.com\/informatepy.com\/2024\/wp-content\/uploads\/2023\/09\/premios-dequeni.jpg?fit=1280%2C852&ssl=1","datePublished":"2023-09-03T17:19:00+00:00","breadcrumb":{"@id":"https:\/\/informatepy.com\/2024\/2023\/09\/03\/entregaron-los-reconocimientos-a-los-profes-que-dejan-huellas\/#breadcrumb"},"inLanguage":"es","potentialAction":[{"@type":"ReadAction","target":["https:\/\/informatepy.com\/2024\/2023\/09\/03\/entregaron-los-reconocimientos-a-los-profes-que-dejan-huellas\/"]}]},{"@type":"ImageObject","inLanguage":"es","@id":"https:\/\/informatepy.com\/2024\/2023\/09\/03\/entregaron-los-reconocimientos-a-los-profes-que-dejan-huellas\/#primaryimage","url":"https:\/\/i0.wp.com\/informatepy.com\/2024\/wp-content\/uploads\/2023\/09\/premios-dequeni.jpg?fit=1280%2C852&ssl=1","contentUrl":"https:\/\/i0.wp.com\/informatepy.com\/2024\/wp-content\/uploads\/2023\/09\/premios-dequeni.jpg?fit=1280%2C852&ssl=1","width":1280,"height":852},{"@type":"BreadcrumbList","@id":"https:\/\/informatepy.com\/2024\/2023\/09\/03\/entregaron-los-reconocimientos-a-los-profes-que-dejan-huellas\/#breadcrumb","itemListElement":[{"@type":"ListItem","position":1,"name":"Portada","item":"https:\/\/informatepy.com\/2024\/"},{"@type":"ListItem","position":2,"name":"Entregaron los reconocimientos a los \u00abProfes que Dejan Huellas\u00bb"}]},{"@type":"WebSite","@id":"https:\/\/informatepy.com\/2024\/#website","url":"https:\/\/informatepy.com\/2024\/","name":"Informate Py Creemos en la libertad de expresi\u00f3n y en la capacidad de la gente de reflexionar\u00a0por\u00a0si\u00a0misma","description":"InformatePy","publisher":{"@id":"https:\/\/informatepy.com\/2024\/#organization"},"potentialAction":[{"@type":"SearchAction","target":{"@type":"EntryPoint","urlTemplate":"https:\/\/informatepy.com\/2024\/?s={search_term_string}"},"query-input":{"@type":"PropertyValueSpecification","valueRequired":true,"valueName":"search_term_string"}}],"inLanguage":"es"},{"@type":"Organization","@id":"https:\/\/informatepy.com\/2024\/#organization","name":"Informate Py Creemos en la libertad de expresi\u00f3n y en la capacidad de la gente de reflexionar\u00a0por\u00a0si\u00a0misma","url":"https:\/\/informatepy.com\/2024\/","logo":{"@type":"ImageObject","inLanguage":"es","@id":"https:\/\/informatepy.com\/2024\/#\/schema\/logo\/image\/","url":"https:\/\/i0.wp.com\/informatepy.com\/2024\/wp-content\/uploads\/2024\/02\/Logotipo-sin-fondo-informate-py500.png?fit=500%2C94&ssl=1","contentUrl":"https:\/\/i0.wp.com\/informatepy.com\/2024\/wp-content\/uploads\/2024\/02\/Logotipo-sin-fondo-informate-py500.png?fit=500%2C94&ssl=1","width":500,"height":94,"caption":"Informate Py Creemos en la libertad de expresi\u00f3n y en la capacidad de la gente de reflexionar\u00a0por\u00a0si\u00a0misma"},"image":{"@id":"https:\/\/informatepy.com\/2024\/#\/schema\/logo\/image\/"}},{"@type":"Person","@id":"https:\/\/informatepy.com\/2024\/#\/schema\/person\/98728344b91c548ef8544c80daf58463","name":"Redacci\u00f3n","image":{"@type":"ImageObject","inLanguage":"es","@id":"https:\/\/informatepy.com\/2024\/wp-content\/uploads\/2024\/02\/cropped-Isologo-sin-fondo.png9c354f01c536b2d49dbb929e96603401","url":"https:\/\/informatepy.com\/2024\/wp-content\/uploads\/2024\/02\/cropped-Isologo-sin-fondo.png","contentUrl":"https:\/\/informatepy.com\/2024\/wp-content\/uploads\/2024\/02\/cropped-Isologo-sin-fondo.png","caption":"Redacci\u00f3n"},"sameAs":["https:\/\/www.facebook.com\/InformatePyCom","https:\/\/x.com\/https:\/\/twitter.com\/InformatePy1"],"url":"https:\/\/informatepy.com\/2024\/author\/redaccion\/"}]}},"jetpack_featured_media_url":"https:\/\/i0.wp.com\/informatepy.com\/2024\/wp-content\/uploads\/2023\/09\/premios-dequeni.jpg?fit=1280%2C852&ssl=1","jetpack-related-posts":[],"jetpack_sharing_enabled":true,"authors":[{"term_id":830,"user_id":3,"is_guest":0,"slug":"redaccion","display_name":"Redacci\u00f3n","avatar_url":{"url":"https:\/\/informatepy.com\/2024\/wp-content\/uploads\/2024\/02\/cropped-Isologo-sin-fondo.png","url2x":"https:\/\/informatepy.com\/2024\/wp-content\/uploads\/2024\/02\/cropped-Isologo-sin-fondo.png"},"author_category":"1","first_name":"Redacci\u00f3n","last_name":"","user_url":"","job_title":"","description":""}],"_links":{"self":[{"href":"https:\/\/informatepy.com\/2024\/wp-json\/wp\/v2\/posts\/11473","targetHints":{"allow":["GET"]}}],"collection":[{"href":"https:\/\/informatepy.com\/2024\/wp-json\/wp\/v2\/posts"}],"about":[{"href":"https:\/\/informatepy.com\/2024\/wp-json\/wp\/v2\/types\/post"}],"author":[{"embeddable":true,"href":"https:\/\/informatepy.com\/2024\/wp-json\/wp\/v2\/users\/3"}],"replies":[{"embeddable":true,"href":"https:\/\/informatepy.com\/2024\/wp-json\/wp\/v2\/comments?post=11473"}],"version-history":[{"count":0,"href":"https:\/\/informatepy.com\/2024\/wp-json\/wp\/v2\/posts\/11473\/revisions"}],"wp:featuredmedia":[{"embeddable":true,"href":"https:\/\/informatepy.com\/2024\/wp-json\/wp\/v2\/media\/11474"}],"wp:attachment":[{"href":"https:\/\/informatepy.com\/2024\/wp-json\/wp\/v2\/media?parent=11473"}],"wp:term":[{"taxonomy":"category","embeddable":true,"href":"https:\/\/informatepy.com\/2024\/wp-json\/wp\/v2\/categories?post=11473"},{"taxonomy":"post_tag","embeddable":true,"href":"https:\/\/informatepy.com\/2024\/wp-json\/wp\/v2\/tags?post=11473"},{"taxonomy":"jnews-series","embeddable":true,"href":"https:\/\/informatepy.com\/2024\/wp-json\/wp\/v2\/jnews-series?post=11473"},{"taxonomy":"author","embeddable":true,"href":"https:\/\/informatepy.com\/2024\/wp-json\/wp\/v2\/ppma_author?post=11473"}],"curies":[{"name":"wp","href":"https:\/\/api.w.org\/{rel}","templated":true}]}}