{"id":6115,"date":"2021-12-04T22:56:29","date_gmt":"2021-12-04T22:56:29","guid":{"rendered":"http:\/\/informatepy.com\/2022\/2021\/12\/04\/lider-de-la-ue-estaria-a-favor-de-eliminar-el-codigo-de-nuremberg\/"},"modified":"2022-09-28T00:02:52","modified_gmt":"2022-09-28T00:02:52","slug":"lider-de-la-ue-estaria-a-favor-de-eliminar-el-codigo-de-nuremberg","status":"publish","type":"post","link":"https:\/\/informatepy.com\/2022\/2021\/12\/04\/lider-de-la-ue-estaria-a-favor-de-eliminar-el-codigo-de-nuremberg\/","title":{"rendered":"L\u00edder de la UE estar\u00eda a favor de eliminar el C\u00f3digo de Nuremberg"},"content":{"rendered":"\n<p>Ursula Van Der Leyen, jefa de la comisi\u00f3n de la UE, dijo a la prensa el mi\u00e9rcoles que estar\u00eda a favor de eliminar el antiguo C\u00f3digo de Nuremberg y obligar a las personas a vacunarse contra el COVID.<\/p>\n\n\n\n<p><strong><em>\u00abOye, es solo el c\u00f3digo de Nuremberg. Solo lo que aprendimos de las atrocidades nazis, no menos las que fueron m\u00e9dicas\u00bb<\/em><\/strong>, se\u00f1ala sarc\u00e1sticamente el estimado profesor, conferencista y locutor de podcast, el Dr. Jordan Peterson:<\/p>\n\n\n\n<figure class=\"wp-block-embed aligncenter is-type-rich is-provider-twitter wp-block-embed-twitter\"><div class=\"wp-block-embed__wrapper\">\n<blockquote class=\"twitter-tweet\" data-width=\"550\" data-dnt=\"true\"><p lang=\"en\" dir=\"ltr\">Hey, it&#39;s just the Nuremberg code. Only what we learned from the Nazi atrocities, not least those that were medical. <a href=\"https:\/\/t.co\/ZR9T07k7pv\">https:\/\/t.co\/ZR9T07k7pv<\/a><\/p>&mdash; Dr Jordan B Peterson (@jordanbpeterson) <a href=\"https:\/\/twitter.com\/jordanbpeterson\/status\/1466153664423374851?ref_src=twsrc%5Etfw\">December 1, 2021<\/a><\/blockquote><script async src=\"https:\/\/platform.twitter.com\/widgets.js\" charset=\"utf-8\"><\/script>\n<\/div><\/figure>\n\n\n\n<p>La Sra. Von der Leyen dijo que era <em><strong>\u00abcomprensible y apropiado\u00bb<\/strong><\/em> que los miembros de la UE discutan las vacunas obligatorias de Covid dado que un tercio de la poblaci\u00f3n del bloque no estaba vacunada.<\/p>\n\n\n\n<p><strong><em>\u00ab\u00bfC\u00f3mo podemos alentar y potencialmente pensar en la vacunaci\u00f3n obligatoria dentro de la Uni\u00f3n Europea? Esto necesita discusi\u00f3n. Esto necesita un enfoque com\u00fan, pero es una discusi\u00f3n que creo que debe ser liderada\u00bb<\/em><\/strong>, dijo en una conferencia de prensa en Bruselas.<\/p>\n\n\n\n<p>El C\u00f3digo de Nuremberg fue promulgado en 1947, inmediatamente despu\u00e9s de la Segunda Guerra Mundial para prevenir muchos de los abusos atroces de los derechos humanos promulgados por los nazis y los japoneses imperiales durante la guerra.<\/p>\n\n\n\n<p>Especialmente estaban en cuesti\u00f3n la realizaci\u00f3n de procedimientos m\u00e9dicos en sujetos sin su consentimiento.&nbsp;Estos procedimientos, a menudo realizados bajo el mando de personas como el Dr. Josef Mengele o Hideki Tojo, a menudo eran similares a los peores tipos de tortura.&nbsp;Desde entonces, se ha requerido el consentimiento continuo completo y proactivo.<\/p>\n","protected":false},"excerpt":{"rendered":"<p>Ursula Van Der Leyen, jefa de la comisi\u00f3n de la UE, dijo a la prensa el mi\u00e9rcoles que est\u00e1 a favor de eliminar el antiguo C\u00f3digo de Nuremberg y obligar a las personas a vacunarse contra el COVID.<\/p>\n","protected":false},"author":3,"featured_media":6116,"comment_status":"open","ping_status":"open","sticky":false,"template":"","format":"standard","meta":{"tdm_status":"","tdm_grid_status":"","footnotes":"","jetpack_publicize_message":"","jetpack_publicize_feature_enabled":true,"jetpack_social_post_already_shared":true,"jetpack_social_options":{"image_generator_settings":{"template":"highway","enabled":false}}},"categories":[14],"tags":[871,1132],"ppma_author":[998],"class_list":{"0":"post-6115","1":"post","2":"type-post","3":"status-publish","4":"format-standard","5":"has-post-thumbnail","7":"category-mundo","8":"tag-destacada","9":"tag-union-europea"},"jetpack_publicize_connections":[],"yoast_head":"<!-- This site is optimized with the Yoast SEO plugin v27.4 - https:\/\/yoast.com\/product\/yoast-seo-wordpress\/ -->\n<title>L\u00edder de la UE estar\u00eda a favor de eliminar el C\u00f3digo de Nuremberg - Informatepy.com<\/title>\n<meta name=\"robots\" content=\"index, follow, max-snippet:-1, max-image-preview:large, max-video-preview:-1\" \/>\n<link rel=\"canonical\" href=\"https:\/\/informatepy.com\/2022\/2021\/12\/04\/lider-de-la-ue-estaria-a-favor-de-eliminar-el-codigo-de-nuremberg\/\" \/>\n<meta property=\"og:locale\" content=\"es_ES\" \/>\n<meta property=\"og:type\" content=\"article\" \/>\n<meta property=\"og:title\" content=\"L\u00edder de la UE estar\u00eda a favor de eliminar el C\u00f3digo de Nuremberg - Informatepy.com\" \/>\n<meta property=\"og:description\" content=\"Ursula Van Der Leyen, jefa de la comisi\u00f3n de la UE, dijo a la prensa el mi\u00e9rcoles que est\u00e1 a favor de eliminar el antiguo C\u00f3digo de Nuremberg y obligar a las personas a vacunarse contra el COVID.\" \/>\n<meta property=\"og:url\" content=\"https:\/\/informatepy.com\/2022\/2021\/12\/04\/lider-de-la-ue-estaria-a-favor-de-eliminar-el-codigo-de-nuremberg\/\" \/>\n<meta property=\"og:site_name\" content=\"Informatepy.com\" \/>\n<meta property=\"article:publisher\" content=\"https:\/\/www.facebook.com\/InformatePyCom\" \/>\n<meta property=\"article:author\" content=\"https:\/\/www.facebook.com\/InformatePyCom\" \/>\n<meta property=\"article:published_time\" content=\"2021-12-04T22:56:29+00:00\" \/>\n<meta property=\"article:modified_time\" content=\"2022-09-28T00:02:52+00:00\" \/>\n<meta property=\"og:image\" content=\"https:\/\/i0.wp.com\/informatepy.com\/2022\/wp-content\/uploads\/2021\/12\/Ursula-von-der-Leyen.jpg?fit=1320%2C856&ssl=1\" \/>\n\t<meta property=\"og:image:width\" content=\"1320\" \/>\n\t<meta property=\"og:image:height\" content=\"856\" \/>\n\t<meta property=\"og:image:type\" content=\"image\/jpeg\" \/>\n<meta name=\"author\" content=\"admin\" \/>\n<meta name=\"twitter:card\" content=\"summary_large_image\" \/>\n<meta name=\"twitter:creator\" content=\"@https:\/\/twitter.com\/InformatePy1\" \/>\n<meta name=\"twitter:site\" content=\"@InformatePy1\" \/>\n<meta name=\"twitter:label1\" content=\"Escrito por\" \/>\n\t<meta name=\"twitter:data1\" content=\"Redacci\u00f3n\" \/>\n\t<meta name=\"twitter:label2\" content=\"Tiempo de lectura\" \/>\n\t<meta name=\"twitter:data2\" content=\"1 minuto\" \/>\n<script type=\"application\/ld+json\" class=\"yoast-schema-graph\">{\"@context\":\"https:\\\/\\\/schema.org\",\"@graph\":[{\"@type\":\"Article\",\"@id\":\"https:\\\/\\\/informatepy.com\\\/2022\\\/2021\\\/12\\\/04\\\/lider-de-la-ue-estaria-a-favor-de-eliminar-el-codigo-de-nuremberg\\\/#article\",\"isPartOf\":{\"@id\":\"https:\\\/\\\/informatepy.com\\\/2022\\\/2021\\\/12\\\/04\\\/lider-de-la-ue-estaria-a-favor-de-eliminar-el-codigo-de-nuremberg\\\/\"},\"author\":{\"name\":\"Redacci\u00f3n\",\"@id\":\"https:\\\/\\\/informatepy.com\\\/2022\\\/#\\\/schema\\\/person\\\/e7c5b605ddfb77041eeddff4d93b26af\"},\"headline\":\"L\u00edder de la UE estar\u00eda a favor de eliminar el C\u00f3digo de Nuremberg\",\"datePublished\":\"2021-12-04T22:56:29+00:00\",\"dateModified\":\"2022-09-28T00:02:52+00:00\",\"mainEntityOfPage\":{\"@id\":\"https:\\\/\\\/informatepy.com\\\/2022\\\/2021\\\/12\\\/04\\\/lider-de-la-ue-estaria-a-favor-de-eliminar-el-codigo-de-nuremberg\\\/\"},\"wordCount\":281,\"commentCount\":0,\"publisher\":{\"@id\":\"https:\\\/\\\/informatepy.com\\\/2022\\\/#organization\"},\"image\":{\"@id\":\"https:\\\/\\\/informatepy.com\\\/2022\\\/2021\\\/12\\\/04\\\/lider-de-la-ue-estaria-a-favor-de-eliminar-el-codigo-de-nuremberg\\\/#primaryimage\"},\"thumbnailUrl\":\"https:\\\/\\\/i0.wp.com\\\/informatepy.com\\\/2022\\\/wp-content\\\/uploads\\\/2021\\\/12\\\/Ursula-von-der-Leyen.jpg?fit=1320%2C856&ssl=1\",\"keywords\":[\"destacada\",\"union europea\"],\"articleSection\":[\"Mundo\"],\"inLanguage\":\"es\",\"potentialAction\":[{\"@type\":\"CommentAction\",\"name\":\"Comment\",\"target\":[\"https:\\\/\\\/informatepy.com\\\/2022\\\/2021\\\/12\\\/04\\\/lider-de-la-ue-estaria-a-favor-de-eliminar-el-codigo-de-nuremberg\\\/#respond\"]}]},{\"@type\":\"WebPage\",\"@id\":\"https:\\\/\\\/informatepy.com\\\/2022\\\/2021\\\/12\\\/04\\\/lider-de-la-ue-estaria-a-favor-de-eliminar-el-codigo-de-nuremberg\\\/\",\"url\":\"https:\\\/\\\/informatepy.com\\\/2022\\\/2021\\\/12\\\/04\\\/lider-de-la-ue-estaria-a-favor-de-eliminar-el-codigo-de-nuremberg\\\/\",\"name\":\"L\u00edder de la UE estar\u00eda a favor de eliminar el C\u00f3digo de Nuremberg - Informatepy.com\",\"isPartOf\":{\"@id\":\"https:\\\/\\\/informatepy.com\\\/2022\\\/#website\"},\"primaryImageOfPage\":{\"@id\":\"https:\\\/\\\/informatepy.com\\\/2022\\\/2021\\\/12\\\/04\\\/lider-de-la-ue-estaria-a-favor-de-eliminar-el-codigo-de-nuremberg\\\/#primaryimage\"},\"image\":{\"@id\":\"https:\\\/\\\/informatepy.com\\\/2022\\\/2021\\\/12\\\/04\\\/lider-de-la-ue-estaria-a-favor-de-eliminar-el-codigo-de-nuremberg\\\/#primaryimage\"},\"thumbnailUrl\":\"https:\\\/\\\/i0.wp.com\\\/informatepy.com\\\/2022\\\/wp-content\\\/uploads\\\/2021\\\/12\\\/Ursula-von-der-Leyen.jpg?fit=1320%2C856&ssl=1\",\"datePublished\":\"2021-12-04T22:56:29+00:00\",\"dateModified\":\"2022-09-28T00:02:52+00:00\",\"breadcrumb\":{\"@id\":\"https:\\\/\\\/informatepy.com\\\/2022\\\/2021\\\/12\\\/04\\\/lider-de-la-ue-estaria-a-favor-de-eliminar-el-codigo-de-nuremberg\\\/#breadcrumb\"},\"inLanguage\":\"es\",\"potentialAction\":[{\"@type\":\"ReadAction\",\"target\":[\"https:\\\/\\\/informatepy.com\\\/2022\\\/2021\\\/12\\\/04\\\/lider-de-la-ue-estaria-a-favor-de-eliminar-el-codigo-de-nuremberg\\\/\"]}]},{\"@type\":\"ImageObject\",\"inLanguage\":\"es\",\"@id\":\"https:\\\/\\\/informatepy.com\\\/2022\\\/2021\\\/12\\\/04\\\/lider-de-la-ue-estaria-a-favor-de-eliminar-el-codigo-de-nuremberg\\\/#primaryimage\",\"url\":\"https:\\\/\\\/i0.wp.com\\\/informatepy.com\\\/2022\\\/wp-content\\\/uploads\\\/2021\\\/12\\\/Ursula-von-der-Leyen.jpg?fit=1320%2C856&ssl=1\",\"contentUrl\":\"https:\\\/\\\/i0.wp.com\\\/informatepy.com\\\/2022\\\/wp-content\\\/uploads\\\/2021\\\/12\\\/Ursula-von-der-Leyen.jpg?fit=1320%2C856&ssl=1\",\"width\":1320,\"height\":856,\"caption\":\"Ursula Von Der Leyen\"},{\"@type\":\"BreadcrumbList\",\"@id\":\"https:\\\/\\\/informatepy.com\\\/2022\\\/2021\\\/12\\\/04\\\/lider-de-la-ue-estaria-a-favor-de-eliminar-el-codigo-de-nuremberg\\\/#breadcrumb\",\"itemListElement\":[{\"@type\":\"ListItem\",\"position\":1,\"name\":\"Portada\",\"item\":\"https:\\\/\\\/informatepy.com\\\/2022\\\/\"},{\"@type\":\"ListItem\",\"position\":2,\"name\":\"L\u00edder de la UE estar\u00eda a favor de eliminar el C\u00f3digo de Nuremberg\"}]},{\"@type\":\"WebSite\",\"@id\":\"https:\\\/\\\/informatepy.com\\\/2022\\\/#website\",\"url\":\"https:\\\/\\\/informatepy.com\\\/2022\\\/\",\"name\":\"Informatepy.com\",\"description\":\"La verdad, siempre!\",\"publisher\":{\"@id\":\"https:\\\/\\\/informatepy.com\\\/2022\\\/#organization\"},\"potentialAction\":[{\"@type\":\"SearchAction\",\"target\":{\"@type\":\"EntryPoint\",\"urlTemplate\":\"https:\\\/\\\/informatepy.com\\\/2022\\\/?s={search_term_string}\"},\"query-input\":{\"@type\":\"PropertyValueSpecification\",\"valueRequired\":true,\"valueName\":\"search_term_string\"}}],\"inLanguage\":\"es\"},{\"@type\":\"Organization\",\"@id\":\"https:\\\/\\\/informatepy.com\\\/2022\\\/#organization\",\"name\":\"Informatepy.com\",\"url\":\"https:\\\/\\\/informatepy.com\\\/2022\\\/\",\"logo\":{\"@type\":\"ImageObject\",\"inLanguage\":\"es\",\"@id\":\"https:\\\/\\\/informatepy.com\\\/2022\\\/#\\\/schema\\\/logo\\\/image\\\/\",\"url\":\"https:\\\/\\\/i0.wp.com\\\/informatepy.com\\\/2022\\\/wp-content\\\/uploads\\\/2022\\\/09\\\/informatepy150-2.png?fit=589%2C150\",\"contentUrl\":\"https:\\\/\\\/i0.wp.com\\\/informatepy.com\\\/2022\\\/wp-content\\\/uploads\\\/2022\\\/09\\\/informatepy150-2.png?fit=589%2C150\",\"width\":589,\"height\":150,\"caption\":\"Informatepy.com\"},\"image\":{\"@id\":\"https:\\\/\\\/informatepy.com\\\/2022\\\/#\\\/schema\\\/logo\\\/image\\\/\"},\"sameAs\":[\"https:\\\/\\\/www.facebook.com\\\/InformatePyCom\",\"https:\\\/\\\/x.com\\\/InformatePy1\"]},{\"@type\":\"Person\",\"@id\":\"https:\\\/\\\/informatepy.com\\\/2022\\\/#\\\/schema\\\/person\\\/e7c5b605ddfb77041eeddff4d93b26af\",\"name\":\"Redacci\u00f3n\",\"image\":{\"@type\":\"ImageObject\",\"inLanguage\":\"es\",\"@id\":\"https:\\\/\\\/informatepy.com\\\/2022\\\/wp-content\\\/uploads\\\/2023\\\/04\\\/Isologo-sin-fondo.pngce0c1b6da06ae20abaff417c2cdeea83\",\"url\":\"https:\\\/\\\/informatepy.com\\\/2022\\\/wp-content\\\/uploads\\\/2023\\\/04\\\/Isologo-sin-fondo.png\",\"contentUrl\":\"https:\\\/\\\/informatepy.com\\\/2022\\\/wp-content\\\/uploads\\\/2023\\\/04\\\/Isologo-sin-fondo.png\",\"caption\":\"Redacci\u00f3n\"},\"sameAs\":[\"https:\\\/\\\/www.facebook.com\\\/InformatePyCom\",\"https:\\\/\\\/x.com\\\/https:\\\/\\\/twitter.com\\\/InformatePy1\"],\"url\":\"https:\\\/\\\/informatepy.com\\\/2022\\\/author\\\/redaccion\\\/\"}]}<\/script>\n<!-- \/ Yoast SEO plugin. -->","yoast_head_json":{"title":"L\u00edder de la UE estar\u00eda a favor de eliminar el C\u00f3digo de Nuremberg - Informatepy.com","robots":{"index":"index","follow":"follow","max-snippet":"max-snippet:-1","max-image-preview":"max-image-preview:large","max-video-preview":"max-video-preview:-1"},"canonical":"https:\/\/informatepy.com\/2022\/2021\/12\/04\/lider-de-la-ue-estaria-a-favor-de-eliminar-el-codigo-de-nuremberg\/","og_locale":"es_ES","og_type":"article","og_title":"L\u00edder de la UE estar\u00eda a favor de eliminar el C\u00f3digo de Nuremberg - Informatepy.com","og_description":"Ursula Van Der Leyen, jefa de la comisi\u00f3n de la UE, dijo a la prensa el mi\u00e9rcoles que est\u00e1 a favor de eliminar el antiguo C\u00f3digo de Nuremberg y obligar a las personas a vacunarse contra el COVID.","og_url":"https:\/\/informatepy.com\/2022\/2021\/12\/04\/lider-de-la-ue-estaria-a-favor-de-eliminar-el-codigo-de-nuremberg\/","og_site_name":"Informatepy.com","article_publisher":"https:\/\/www.facebook.com\/InformatePyCom","article_author":"https:\/\/www.facebook.com\/InformatePyCom","article_published_time":"2021-12-04T22:56:29+00:00","article_modified_time":"2022-09-28T00:02:52+00:00","og_image":[{"width":1320,"height":856,"url":"https:\/\/i0.wp.com\/informatepy.com\/2022\/wp-content\/uploads\/2021\/12\/Ursula-von-der-Leyen.jpg?fit=1320%2C856&ssl=1","type":"image\/jpeg"}],"author":"admin","twitter_card":"summary_large_image","twitter_creator":"@https:\/\/twitter.com\/InformatePy1","twitter_site":"@InformatePy1","twitter_misc":{"Escrito por":"Redacci\u00f3n","Tiempo de lectura":"1 minuto"},"schema":{"@context":"https:\/\/schema.org","@graph":[{"@type":"Article","@id":"https:\/\/informatepy.com\/2022\/2021\/12\/04\/lider-de-la-ue-estaria-a-favor-de-eliminar-el-codigo-de-nuremberg\/#article","isPartOf":{"@id":"https:\/\/informatepy.com\/2022\/2021\/12\/04\/lider-de-la-ue-estaria-a-favor-de-eliminar-el-codigo-de-nuremberg\/"},"author":{"name":"Redacci\u00f3n","@id":"https:\/\/informatepy.com\/2022\/#\/schema\/person\/e7c5b605ddfb77041eeddff4d93b26af"},"headline":"L\u00edder de la UE estar\u00eda a favor de eliminar el C\u00f3digo de Nuremberg","datePublished":"2021-12-04T22:56:29+00:00","dateModified":"2022-09-28T00:02:52+00:00","mainEntityOfPage":{"@id":"https:\/\/informatepy.com\/2022\/2021\/12\/04\/lider-de-la-ue-estaria-a-favor-de-eliminar-el-codigo-de-nuremberg\/"},"wordCount":281,"commentCount":0,"publisher":{"@id":"https:\/\/informatepy.com\/2022\/#organization"},"image":{"@id":"https:\/\/informatepy.com\/2022\/2021\/12\/04\/lider-de-la-ue-estaria-a-favor-de-eliminar-el-codigo-de-nuremberg\/#primaryimage"},"thumbnailUrl":"https:\/\/i0.wp.com\/informatepy.com\/2022\/wp-content\/uploads\/2021\/12\/Ursula-von-der-Leyen.jpg?fit=1320%2C856&ssl=1","keywords":["destacada","union europea"],"articleSection":["Mundo"],"inLanguage":"es","potentialAction":[{"@type":"CommentAction","name":"Comment","target":["https:\/\/informatepy.com\/2022\/2021\/12\/04\/lider-de-la-ue-estaria-a-favor-de-eliminar-el-codigo-de-nuremberg\/#respond"]}]},{"@type":"WebPage","@id":"https:\/\/informatepy.com\/2022\/2021\/12\/04\/lider-de-la-ue-estaria-a-favor-de-eliminar-el-codigo-de-nuremberg\/","url":"https:\/\/informatepy.com\/2022\/2021\/12\/04\/lider-de-la-ue-estaria-a-favor-de-eliminar-el-codigo-de-nuremberg\/","name":"L\u00edder de la UE estar\u00eda a favor de eliminar el C\u00f3digo de Nuremberg - Informatepy.com","isPartOf":{"@id":"https:\/\/informatepy.com\/2022\/#website"},"primaryImageOfPage":{"@id":"https:\/\/informatepy.com\/2022\/2021\/12\/04\/lider-de-la-ue-estaria-a-favor-de-eliminar-el-codigo-de-nuremberg\/#primaryimage"},"image":{"@id":"https:\/\/informatepy.com\/2022\/2021\/12\/04\/lider-de-la-ue-estaria-a-favor-de-eliminar-el-codigo-de-nuremberg\/#primaryimage"},"thumbnailUrl":"https:\/\/i0.wp.com\/informatepy.com\/2022\/wp-content\/uploads\/2021\/12\/Ursula-von-der-Leyen.jpg?fit=1320%2C856&ssl=1","datePublished":"2021-12-04T22:56:29+00:00","dateModified":"2022-09-28T00:02:52+00:00","breadcrumb":{"@id":"https:\/\/informatepy.com\/2022\/2021\/12\/04\/lider-de-la-ue-estaria-a-favor-de-eliminar-el-codigo-de-nuremberg\/#breadcrumb"},"inLanguage":"es","potentialAction":[{"@type":"ReadAction","target":["https:\/\/informatepy.com\/2022\/2021\/12\/04\/lider-de-la-ue-estaria-a-favor-de-eliminar-el-codigo-de-nuremberg\/"]}]},{"@type":"ImageObject","inLanguage":"es","@id":"https:\/\/informatepy.com\/2022\/2021\/12\/04\/lider-de-la-ue-estaria-a-favor-de-eliminar-el-codigo-de-nuremberg\/#primaryimage","url":"https:\/\/i0.wp.com\/informatepy.com\/2022\/wp-content\/uploads\/2021\/12\/Ursula-von-der-Leyen.jpg?fit=1320%2C856&ssl=1","contentUrl":"https:\/\/i0.wp.com\/informatepy.com\/2022\/wp-content\/uploads\/2021\/12\/Ursula-von-der-Leyen.jpg?fit=1320%2C856&ssl=1","width":1320,"height":856,"caption":"Ursula Von Der Leyen"},{"@type":"BreadcrumbList","@id":"https:\/\/informatepy.com\/2022\/2021\/12\/04\/lider-de-la-ue-estaria-a-favor-de-eliminar-el-codigo-de-nuremberg\/#breadcrumb","itemListElement":[{"@type":"ListItem","position":1,"name":"Portada","item":"https:\/\/informatepy.com\/2022\/"},{"@type":"ListItem","position":2,"name":"L\u00edder de la UE estar\u00eda a favor de eliminar el C\u00f3digo de Nuremberg"}]},{"@type":"WebSite","@id":"https:\/\/informatepy.com\/2022\/#website","url":"https:\/\/informatepy.com\/2022\/","name":"Informatepy.com","description":"La verdad, siempre!","publisher":{"@id":"https:\/\/informatepy.com\/2022\/#organization"},"potentialAction":[{"@type":"SearchAction","target":{"@type":"EntryPoint","urlTemplate":"https:\/\/informatepy.com\/2022\/?s={search_term_string}"},"query-input":{"@type":"PropertyValueSpecification","valueRequired":true,"valueName":"search_term_string"}}],"inLanguage":"es"},{"@type":"Organization","@id":"https:\/\/informatepy.com\/2022\/#organization","name":"Informatepy.com","url":"https:\/\/informatepy.com\/2022\/","logo":{"@type":"ImageObject","inLanguage":"es","@id":"https:\/\/informatepy.com\/2022\/#\/schema\/logo\/image\/","url":"https:\/\/i0.wp.com\/informatepy.com\/2022\/wp-content\/uploads\/2022\/09\/informatepy150-2.png?fit=589%2C150","contentUrl":"https:\/\/i0.wp.com\/informatepy.com\/2022\/wp-content\/uploads\/2022\/09\/informatepy150-2.png?fit=589%2C150","width":589,"height":150,"caption":"Informatepy.com"},"image":{"@id":"https:\/\/informatepy.com\/2022\/#\/schema\/logo\/image\/"},"sameAs":["https:\/\/www.facebook.com\/InformatePyCom","https:\/\/x.com\/InformatePy1"]},{"@type":"Person","@id":"https:\/\/informatepy.com\/2022\/#\/schema\/person\/e7c5b605ddfb77041eeddff4d93b26af","name":"Redacci\u00f3n","image":{"@type":"ImageObject","inLanguage":"es","@id":"https:\/\/informatepy.com\/2022\/wp-content\/uploads\/2023\/04\/Isologo-sin-fondo.pngce0c1b6da06ae20abaff417c2cdeea83","url":"https:\/\/informatepy.com\/2022\/wp-content\/uploads\/2023\/04\/Isologo-sin-fondo.png","contentUrl":"https:\/\/informatepy.com\/2022\/wp-content\/uploads\/2023\/04\/Isologo-sin-fondo.png","caption":"Redacci\u00f3n"},"sameAs":["https:\/\/www.facebook.com\/InformatePyCom","https:\/\/x.com\/https:\/\/twitter.com\/InformatePy1"],"url":"https:\/\/informatepy.com\/2022\/author\/redaccion\/"}]}},"jetpack_featured_media_url":"https:\/\/i0.wp.com\/informatepy.com\/2022\/wp-content\/uploads\/2021\/12\/Ursula-von-der-Leyen.jpg?fit=1320%2C856&ssl=1","jetpack-related-posts":[],"jetpack_sharing_enabled":true,"jetpack_likes_enabled":true,"authors":[{"term_id":998,"user_id":1,"is_guest":0,"slug":"admin","display_name":"admin","avatar_url":"https:\/\/secure.gravatar.com\/avatar\/5310f602b6cbcfb86e030c4ccdbb78f6565a3b9bab6a74ab80fd3cb5428b65af?s=96&d=mm&r=g","0":null,"1":"","2":"","3":"","4":"","5":"","6":"","7":"","8":""}],"amp_enabled":true,"_links":{"self":[{"href":"https:\/\/informatepy.com\/2022\/wp-json\/wp\/v2\/posts\/6115","targetHints":{"allow":["GET"]}}],"collection":[{"href":"https:\/\/informatepy.com\/2022\/wp-json\/wp\/v2\/posts"}],"about":[{"href":"https:\/\/informatepy.com\/2022\/wp-json\/wp\/v2\/types\/post"}],"author":[{"embeddable":true,"href":"https:\/\/informatepy.com\/2022\/wp-json\/wp\/v2\/users\/3"}],"replies":[{"embeddable":true,"href":"https:\/\/informatepy.com\/2022\/wp-json\/wp\/v2\/comments?post=6115"}],"version-history":[{"count":1,"href":"https:\/\/informatepy.com\/2022\/wp-json\/wp\/v2\/posts\/6115\/revisions"}],"predecessor-version":[{"id":13426,"href":"https:\/\/informatepy.com\/2022\/wp-json\/wp\/v2\/posts\/6115\/revisions\/13426"}],"wp:featuredmedia":[{"embeddable":true,"href":"https:\/\/informatepy.com\/2022\/wp-json\/wp\/v2\/media\/6116"}],"wp:attachment":[{"href":"https:\/\/informatepy.com\/2022\/wp-json\/wp\/v2\/media?parent=6115"}],"wp:term":[{"taxonomy":"category","embeddable":true,"href":"https:\/\/informatepy.com\/2022\/wp-json\/wp\/v2\/categories?post=6115"},{"taxonomy":"post_tag","embeddable":true,"href":"https:\/\/informatepy.com\/2022\/wp-json\/wp\/v2\/tags?post=6115"},{"taxonomy":"author","embeddable":true,"href":"https:\/\/informatepy.com\/2022\/wp-json\/wp\/v2\/ppma_author?post=6115"}],"curies":[{"name":"wp","href":"https:\/\/api.w.org\/{rel}","templated":true}]}}