{"id":5838,"date":"2021-11-03T22:16:23","date_gmt":"2021-11-03T22:16:23","guid":{"rendered":"http:\/\/informatepy.com\/2022\/2021\/11\/03\/no-estoy-de-acuerdo-con-lo-que-dices-pero-daria-mi-vida-por-tu-derecho-a-decirlo\/"},"modified":"2022-09-27T23:57:51","modified_gmt":"2022-09-27T23:57:51","slug":"no-estoy-de-acuerdo-con-lo-que-dices-pero-daria-mi-vida-por-tu-derecho-a-decirlo","status":"publish","type":"post","link":"https:\/\/informatepy.com\/2022\/2021\/11\/03\/no-estoy-de-acuerdo-con-lo-que-dices-pero-daria-mi-vida-por-tu-derecho-a-decirlo\/","title":{"rendered":"No estoy de acuerdo con lo que dices, pero dar\u00eda mi vida por tu derecho a decirlo"},"content":{"rendered":"\n<p>Esta frase usualmente atribuida a Voltaire, pero que en realidad fue pronunciada por <strong>Claude-Adrien Helv\u00e9tius, <\/strong>tal vez como pocas lo hacen, resume el esp\u00edritu de la democracia.<\/p>\n\n\n\n<p>Helveciofue perseguido por mas\u00f3n, fil\u00f3sofo de\u00edsta \u2013no cristiano- y materialista y fue Voltaire, quien lo hallaba profundamente superficial, uno de sus m\u00e1s ac\u00e9rrimos defensores. Incluso, en su libro <strong><em>\u2018Cuestiones sobre la Enciclopedia\u2019<\/em><\/strong>, el fil\u00f3sofo comenta: <strong><em>\u201cEste hombre (Helvecio) val\u00eda m\u00e1s<\/em><\/strong><em> <strong>que todos sus enemigos juntos, pero<\/strong>&nbsp;<strong>no aprob\u00e9 nunca ni los errores de su libro ni las triviales verdades que vierte<\/strong>&nbsp;<strong>con \u00e9nfasis. Tom\u00e9 parte decidida por \u00e9l cuando hombres absurdos<\/strong>&nbsp;<strong>lo condenaron por esas mismas verdades<\/strong>\u201d.<\/em><\/p>\n\n\n\n<p>Todo esto me vino a la mente cuando vimos la <strong>\u201cadvertencia\u201d<\/strong> de la red social YouTube a la C\u00e1mara de Diputados para que <strong>\u201ccuidaran\u201d<\/strong> sus declaraciones tal y como dio a conocer el diputado Sebasti\u00e1n Garc\u00eda.<\/p>\n\n\n\n<figure class=\"wp-block-embed aligncenter is-type-rich is-provider-twitter wp-block-embed-twitter\"><div class=\"wp-block-embed__wrapper\">\n<blockquote class=\"twitter-tweet\" data-width=\"550\" data-dnt=\"true\"><p lang=\"es\" dir=\"ltr\">En <a href=\"https:\/\/twitter.com\/DiputadosPy?ref_src=twsrc%5Etfw\">@DiputadosPy<\/a> fuimos \u201cadvertidos\u201d que debemos cuidar nuestras declaraciones de lo contrario <a href=\"https:\/\/twitter.com\/YouTube?ref_src=twsrc%5Etfw\">@YouTube<\/a> va a bajar la p\u00e1gina.<br><br>Se refiere a declaraciones de <a href=\"https:\/\/twitter.com\/Jorgebritez1984?ref_src=twsrc%5Etfw\">@Jorgebritez1984<\/a> que si bien no comparto, es un desprop\u00f3sito normalizar una censura a un Poder del Estado. Es algo a debatir <a href=\"https:\/\/t.co\/r2aTIUR4nF\">pic.twitter.com\/r2aTIUR4nF<\/a><\/p>&mdash; Seba Garcia (@sebagar8) <a href=\"https:\/\/twitter.com\/sebagar8\/status\/1455877923555086341?ref_src=twsrc%5Etfw\">November 3, 2021<\/a><\/blockquote><script async src=\"https:\/\/platform.twitter.com\/widgets.js\" charset=\"utf-8\"><\/script>\n<\/div><\/figure>\n\n\n\n<p>Claramente, YouTube se refiere al diputado Jorge Br\u00edtez, \u00fanica voz disonante en esa c\u00e1mara pero, como no hay mal que por bien no venga, muchos esperamos que esta <strong>\u201cadvertencia\u201d<\/strong> sirva para que, de una vez por todas, saber de qu\u00e9 est\u00e1n hechos nuestros diputados.<\/p>\n\n\n\n<p>Basta de discursos grandilocuentes cargados de la palabra soberan\u00eda, ac\u00e1 tienen una gran oportunidad de demostrarle al mundo que el Paraguay se respeta, no la dejen pasar.<\/p>\n","protected":false},"excerpt":{"rendered":"<p>Esta frase usualmente atribuida a Voltaire, pero que en realidad fue pronunciada por Claude-Adrien Helv\u00e9tius, tal vez como pocas lo hacen, resume el esp\u00edritu de la democracia. Helveciofue perseguido por mas\u00f3n, fil\u00f3sofo de\u00edsta \u2013no cristiano- y materialista y fue Voltaire, quien lo hallaba profundamente superficial, uno de sus m\u00e1s ac\u00e9rrimos defensores. Incluso, en su libro [&hellip;]<\/p>\n","protected":false},"author":3,"featured_media":5839,"comment_status":"open","ping_status":"open","sticky":false,"template":"","format":"standard","meta":{"tdm_status":"","tdm_grid_status":"","footnotes":"","jetpack_publicize_message":"","jetpack_publicize_feature_enabled":true,"jetpack_social_post_already_shared":true,"jetpack_social_options":{"image_generator_settings":{"template":"highway","enabled":false}}},"categories":[18],"tags":[274,871,198,1131,42,1130,974],"ppma_author":[1037],"class_list":{"0":"post-5838","1":"post","2":"type-post","3":"status-publish","4":"format-standard","5":"has-post-thumbnail","7":"category-nacionales","8":"tag-camara-de-diputados","9":"tag-destacada","10":"tag-diputados-paraguay","11":"tag-jorge-britez","12":"tag-redes-sociales","13":"tag-sebastian-garcia","14":"tag-youtube"},"jetpack_publicize_connections":[],"yoast_head":"<!-- This site is optimized with the Yoast SEO plugin v27.5 - https:\/\/yoast.com\/product\/yoast-seo-wordpress\/ -->\n<title>No estoy de acuerdo con lo que dices, pero dar\u00eda mi vida por tu derecho a decirlo - Informatepy.com<\/title>\n<meta name=\"robots\" content=\"index, follow, max-snippet:-1, max-image-preview:large, max-video-preview:-1\" \/>\n<link rel=\"canonical\" href=\"https:\/\/informatepy.com\/2022\/2021\/11\/03\/no-estoy-de-acuerdo-con-lo-que-dices-pero-daria-mi-vida-por-tu-derecho-a-decirlo\/\" \/>\n<meta property=\"og:locale\" content=\"es_ES\" \/>\n<meta property=\"og:type\" content=\"article\" \/>\n<meta property=\"og:title\" content=\"No estoy de acuerdo con lo que dices, pero dar\u00eda mi vida por tu derecho a decirlo - Informatepy.com\" \/>\n<meta property=\"og:description\" content=\"Esta frase usualmente atribuida a Voltaire, pero que en realidad fue pronunciada por Claude-Adrien Helv\u00e9tius, tal vez como pocas lo hacen, resume el esp\u00edritu de la democracia. Helveciofue perseguido por mas\u00f3n, fil\u00f3sofo de\u00edsta \u2013no cristiano- y materialista y fue Voltaire, quien lo hallaba profundamente superficial, uno de sus m\u00e1s ac\u00e9rrimos defensores. Incluso, en su libro [&hellip;]\" \/>\n<meta property=\"og:url\" content=\"https:\/\/informatepy.com\/2022\/2021\/11\/03\/no-estoy-de-acuerdo-con-lo-que-dices-pero-daria-mi-vida-por-tu-derecho-a-decirlo\/\" \/>\n<meta property=\"og:site_name\" content=\"Informatepy.com\" \/>\n<meta property=\"article:publisher\" content=\"https:\/\/www.facebook.com\/InformatePyCom\" \/>\n<meta property=\"article:author\" content=\"https:\/\/www.facebook.com\/InformatePyCom\" \/>\n<meta property=\"article:published_time\" content=\"2021-11-03T22:16:23+00:00\" \/>\n<meta property=\"article:modified_time\" content=\"2022-09-27T23:57:51+00:00\" \/>\n<meta property=\"og:image\" content=\"https:\/\/i0.wp.com\/informatepy.com\/2022\/wp-content\/uploads\/2021\/11\/advertencia-youtube-camara-de-diputados.jpg?fit=962%2C695&ssl=1\" \/>\n\t<meta property=\"og:image:width\" content=\"962\" \/>\n\t<meta property=\"og:image:height\" content=\"695\" \/>\n\t<meta property=\"og:image:type\" content=\"image\/jpeg\" \/>\n<meta name=\"author\" content=\"Redacci\u00f3n\" \/>\n<meta name=\"twitter:card\" content=\"summary_large_image\" \/>\n<meta name=\"twitter:creator\" content=\"@https:\/\/twitter.com\/InformatePy1\" \/>\n<meta name=\"twitter:site\" content=\"@InformatePy1\" \/>\n<meta name=\"twitter:label1\" content=\"Escrito por\" \/>\n\t<meta name=\"twitter:data1\" content=\"Redacci\u00f3n\" \/>\n\t<meta name=\"twitter:label2\" content=\"Tiempo de lectura\" \/>\n\t<meta name=\"twitter:data2\" content=\"1 minuto\" \/>\n<script type=\"application\/ld+json\" class=\"yoast-schema-graph\">{\"@context\":\"https:\\\/\\\/schema.org\",\"@graph\":[{\"@type\":\"Article\",\"@id\":\"https:\\\/\\\/informatepy.com\\\/2022\\\/2021\\\/11\\\/03\\\/no-estoy-de-acuerdo-con-lo-que-dices-pero-daria-mi-vida-por-tu-derecho-a-decirlo\\\/#article\",\"isPartOf\":{\"@id\":\"https:\\\/\\\/informatepy.com\\\/2022\\\/2021\\\/11\\\/03\\\/no-estoy-de-acuerdo-con-lo-que-dices-pero-daria-mi-vida-por-tu-derecho-a-decirlo\\\/\"},\"author\":{\"name\":\"Redacci\u00f3n\",\"@id\":\"https:\\\/\\\/informatepy.com\\\/2022\\\/#\\\/schema\\\/person\\\/e7c5b605ddfb77041eeddff4d93b26af\"},\"headline\":\"No estoy de acuerdo con lo que dices, pero dar\u00eda mi vida por tu derecho a decirlo\",\"datePublished\":\"2021-11-03T22:16:23+00:00\",\"dateModified\":\"2022-09-27T23:57:51+00:00\",\"mainEntityOfPage\":{\"@id\":\"https:\\\/\\\/informatepy.com\\\/2022\\\/2021\\\/11\\\/03\\\/no-estoy-de-acuerdo-con-lo-que-dices-pero-daria-mi-vida-por-tu-derecho-a-decirlo\\\/\"},\"wordCount\":254,\"commentCount\":0,\"publisher\":{\"@id\":\"https:\\\/\\\/informatepy.com\\\/2022\\\/#organization\"},\"image\":{\"@id\":\"https:\\\/\\\/informatepy.com\\\/2022\\\/2021\\\/11\\\/03\\\/no-estoy-de-acuerdo-con-lo-que-dices-pero-daria-mi-vida-por-tu-derecho-a-decirlo\\\/#primaryimage\"},\"thumbnailUrl\":\"https:\\\/\\\/i0.wp.com\\\/informatepy.com\\\/2022\\\/wp-content\\\/uploads\\\/2021\\\/11\\\/advertencia-youtube-camara-de-diputados.jpg?fit=962%2C695&ssl=1\",\"keywords\":[\"c\u00e1mara de diputados\",\"destacada\",\"diputados paraguay\",\"jorge britez\",\"redes sociales\",\"sebastian garcia\",\"youtube\"],\"articleSection\":[\"Nacionales\"],\"inLanguage\":\"es\",\"potentialAction\":[{\"@type\":\"CommentAction\",\"name\":\"Comment\",\"target\":[\"https:\\\/\\\/informatepy.com\\\/2022\\\/2021\\\/11\\\/03\\\/no-estoy-de-acuerdo-con-lo-que-dices-pero-daria-mi-vida-por-tu-derecho-a-decirlo\\\/#respond\"]}]},{\"@type\":\"WebPage\",\"@id\":\"https:\\\/\\\/informatepy.com\\\/2022\\\/2021\\\/11\\\/03\\\/no-estoy-de-acuerdo-con-lo-que-dices-pero-daria-mi-vida-por-tu-derecho-a-decirlo\\\/\",\"url\":\"https:\\\/\\\/informatepy.com\\\/2022\\\/2021\\\/11\\\/03\\\/no-estoy-de-acuerdo-con-lo-que-dices-pero-daria-mi-vida-por-tu-derecho-a-decirlo\\\/\",\"name\":\"No estoy de acuerdo con lo que dices, pero dar\u00eda mi vida por tu derecho a decirlo - Informatepy.com\",\"isPartOf\":{\"@id\":\"https:\\\/\\\/informatepy.com\\\/2022\\\/#website\"},\"primaryImageOfPage\":{\"@id\":\"https:\\\/\\\/informatepy.com\\\/2022\\\/2021\\\/11\\\/03\\\/no-estoy-de-acuerdo-con-lo-que-dices-pero-daria-mi-vida-por-tu-derecho-a-decirlo\\\/#primaryimage\"},\"image\":{\"@id\":\"https:\\\/\\\/informatepy.com\\\/2022\\\/2021\\\/11\\\/03\\\/no-estoy-de-acuerdo-con-lo-que-dices-pero-daria-mi-vida-por-tu-derecho-a-decirlo\\\/#primaryimage\"},\"thumbnailUrl\":\"https:\\\/\\\/i0.wp.com\\\/informatepy.com\\\/2022\\\/wp-content\\\/uploads\\\/2021\\\/11\\\/advertencia-youtube-camara-de-diputados.jpg?fit=962%2C695&ssl=1\",\"datePublished\":\"2021-11-03T22:16:23+00:00\",\"dateModified\":\"2022-09-27T23:57:51+00:00\",\"breadcrumb\":{\"@id\":\"https:\\\/\\\/informatepy.com\\\/2022\\\/2021\\\/11\\\/03\\\/no-estoy-de-acuerdo-con-lo-que-dices-pero-daria-mi-vida-por-tu-derecho-a-decirlo\\\/#breadcrumb\"},\"inLanguage\":\"es\",\"potentialAction\":[{\"@type\":\"ReadAction\",\"target\":[\"https:\\\/\\\/informatepy.com\\\/2022\\\/2021\\\/11\\\/03\\\/no-estoy-de-acuerdo-con-lo-que-dices-pero-daria-mi-vida-por-tu-derecho-a-decirlo\\\/\"]}]},{\"@type\":\"ImageObject\",\"inLanguage\":\"es\",\"@id\":\"https:\\\/\\\/informatepy.com\\\/2022\\\/2021\\\/11\\\/03\\\/no-estoy-de-acuerdo-con-lo-que-dices-pero-daria-mi-vida-por-tu-derecho-a-decirlo\\\/#primaryimage\",\"url\":\"https:\\\/\\\/i0.wp.com\\\/informatepy.com\\\/2022\\\/wp-content\\\/uploads\\\/2021\\\/11\\\/advertencia-youtube-camara-de-diputados.jpg?fit=962%2C695&ssl=1\",\"contentUrl\":\"https:\\\/\\\/i0.wp.com\\\/informatepy.com\\\/2022\\\/wp-content\\\/uploads\\\/2021\\\/11\\\/advertencia-youtube-camara-de-diputados.jpg?fit=962%2C695&ssl=1\",\"width\":962,\"height\":695},{\"@type\":\"BreadcrumbList\",\"@id\":\"https:\\\/\\\/informatepy.com\\\/2022\\\/2021\\\/11\\\/03\\\/no-estoy-de-acuerdo-con-lo-que-dices-pero-daria-mi-vida-por-tu-derecho-a-decirlo\\\/#breadcrumb\",\"itemListElement\":[{\"@type\":\"ListItem\",\"position\":1,\"name\":\"Portada\",\"item\":\"https:\\\/\\\/informatepy.com\\\/2022\\\/\"},{\"@type\":\"ListItem\",\"position\":2,\"name\":\"No estoy de acuerdo con lo que dices, pero dar\u00eda mi vida por tu derecho a decirlo\"}]},{\"@type\":\"WebSite\",\"@id\":\"https:\\\/\\\/informatepy.com\\\/2022\\\/#website\",\"url\":\"https:\\\/\\\/informatepy.com\\\/2022\\\/\",\"name\":\"Informatepy.com\",\"description\":\"La verdad, siempre!\",\"publisher\":{\"@id\":\"https:\\\/\\\/informatepy.com\\\/2022\\\/#organization\"},\"potentialAction\":[{\"@type\":\"SearchAction\",\"target\":{\"@type\":\"EntryPoint\",\"urlTemplate\":\"https:\\\/\\\/informatepy.com\\\/2022\\\/?s={search_term_string}\"},\"query-input\":{\"@type\":\"PropertyValueSpecification\",\"valueRequired\":true,\"valueName\":\"search_term_string\"}}],\"inLanguage\":\"es\"},{\"@type\":\"Organization\",\"@id\":\"https:\\\/\\\/informatepy.com\\\/2022\\\/#organization\",\"name\":\"Informatepy.com\",\"url\":\"https:\\\/\\\/informatepy.com\\\/2022\\\/\",\"logo\":{\"@type\":\"ImageObject\",\"inLanguage\":\"es\",\"@id\":\"https:\\\/\\\/informatepy.com\\\/2022\\\/#\\\/schema\\\/logo\\\/image\\\/\",\"url\":\"https:\\\/\\\/i0.wp.com\\\/informatepy.com\\\/2022\\\/wp-content\\\/uploads\\\/2022\\\/09\\\/informatepy150-2.png?fit=589%2C150\",\"contentUrl\":\"https:\\\/\\\/i0.wp.com\\\/informatepy.com\\\/2022\\\/wp-content\\\/uploads\\\/2022\\\/09\\\/informatepy150-2.png?fit=589%2C150\",\"width\":589,\"height\":150,\"caption\":\"Informatepy.com\"},\"image\":{\"@id\":\"https:\\\/\\\/informatepy.com\\\/2022\\\/#\\\/schema\\\/logo\\\/image\\\/\"},\"sameAs\":[\"https:\\\/\\\/www.facebook.com\\\/InformatePyCom\",\"https:\\\/\\\/x.com\\\/InformatePy1\"]},{\"@type\":\"Person\",\"@id\":\"https:\\\/\\\/informatepy.com\\\/2022\\\/#\\\/schema\\\/person\\\/e7c5b605ddfb77041eeddff4d93b26af\",\"name\":\"Redacci\u00f3n\",\"image\":{\"@type\":\"ImageObject\",\"inLanguage\":\"es\",\"@id\":\"https:\\\/\\\/informatepy.com\\\/2022\\\/wp-content\\\/uploads\\\/2023\\\/04\\\/Isologo-sin-fondo.pngce0c1b6da06ae20abaff417c2cdeea83\",\"url\":\"https:\\\/\\\/informatepy.com\\\/2022\\\/wp-content\\\/uploads\\\/2023\\\/04\\\/Isologo-sin-fondo.png\",\"contentUrl\":\"https:\\\/\\\/informatepy.com\\\/2022\\\/wp-content\\\/uploads\\\/2023\\\/04\\\/Isologo-sin-fondo.png\",\"caption\":\"Redacci\u00f3n\"},\"sameAs\":[\"https:\\\/\\\/www.facebook.com\\\/InformatePyCom\",\"https:\\\/\\\/x.com\\\/https:\\\/\\\/twitter.com\\\/InformatePy1\"],\"url\":\"https:\\\/\\\/informatepy.com\\\/2022\\\/author\\\/redaccion\\\/\"}]}<\/script>\n<!-- \/ Yoast SEO plugin. -->","yoast_head_json":{"title":"No estoy de acuerdo con lo que dices, pero dar\u00eda mi vida por tu derecho a decirlo - Informatepy.com","robots":{"index":"index","follow":"follow","max-snippet":"max-snippet:-1","max-image-preview":"max-image-preview:large","max-video-preview":"max-video-preview:-1"},"canonical":"https:\/\/informatepy.com\/2022\/2021\/11\/03\/no-estoy-de-acuerdo-con-lo-que-dices-pero-daria-mi-vida-por-tu-derecho-a-decirlo\/","og_locale":"es_ES","og_type":"article","og_title":"No estoy de acuerdo con lo que dices, pero dar\u00eda mi vida por tu derecho a decirlo - Informatepy.com","og_description":"Esta frase usualmente atribuida a Voltaire, pero que en realidad fue pronunciada por Claude-Adrien Helv\u00e9tius, tal vez como pocas lo hacen, resume el esp\u00edritu de la democracia. Helveciofue perseguido por mas\u00f3n, fil\u00f3sofo de\u00edsta \u2013no cristiano- y materialista y fue Voltaire, quien lo hallaba profundamente superficial, uno de sus m\u00e1s ac\u00e9rrimos defensores. Incluso, en su libro [&hellip;]","og_url":"https:\/\/informatepy.com\/2022\/2021\/11\/03\/no-estoy-de-acuerdo-con-lo-que-dices-pero-daria-mi-vida-por-tu-derecho-a-decirlo\/","og_site_name":"Informatepy.com","article_publisher":"https:\/\/www.facebook.com\/InformatePyCom","article_author":"https:\/\/www.facebook.com\/InformatePyCom","article_published_time":"2021-11-03T22:16:23+00:00","article_modified_time":"2022-09-27T23:57:51+00:00","og_image":[{"width":962,"height":695,"url":"https:\/\/i0.wp.com\/informatepy.com\/2022\/wp-content\/uploads\/2021\/11\/advertencia-youtube-camara-de-diputados.jpg?fit=962%2C695&ssl=1","type":"image\/jpeg"}],"author":"Redacci\u00f3n","twitter_card":"summary_large_image","twitter_creator":"@https:\/\/twitter.com\/InformatePy1","twitter_site":"@InformatePy1","twitter_misc":{"Escrito por":"Redacci\u00f3n","Tiempo de lectura":"1 minuto"},"schema":{"@context":"https:\/\/schema.org","@graph":[{"@type":"Article","@id":"https:\/\/informatepy.com\/2022\/2021\/11\/03\/no-estoy-de-acuerdo-con-lo-que-dices-pero-daria-mi-vida-por-tu-derecho-a-decirlo\/#article","isPartOf":{"@id":"https:\/\/informatepy.com\/2022\/2021\/11\/03\/no-estoy-de-acuerdo-con-lo-que-dices-pero-daria-mi-vida-por-tu-derecho-a-decirlo\/"},"author":{"name":"Redacci\u00f3n","@id":"https:\/\/informatepy.com\/2022\/#\/schema\/person\/e7c5b605ddfb77041eeddff4d93b26af"},"headline":"No estoy de acuerdo con lo que dices, pero dar\u00eda mi vida por tu derecho a decirlo","datePublished":"2021-11-03T22:16:23+00:00","dateModified":"2022-09-27T23:57:51+00:00","mainEntityOfPage":{"@id":"https:\/\/informatepy.com\/2022\/2021\/11\/03\/no-estoy-de-acuerdo-con-lo-que-dices-pero-daria-mi-vida-por-tu-derecho-a-decirlo\/"},"wordCount":254,"commentCount":0,"publisher":{"@id":"https:\/\/informatepy.com\/2022\/#organization"},"image":{"@id":"https:\/\/informatepy.com\/2022\/2021\/11\/03\/no-estoy-de-acuerdo-con-lo-que-dices-pero-daria-mi-vida-por-tu-derecho-a-decirlo\/#primaryimage"},"thumbnailUrl":"https:\/\/i0.wp.com\/informatepy.com\/2022\/wp-content\/uploads\/2021\/11\/advertencia-youtube-camara-de-diputados.jpg?fit=962%2C695&ssl=1","keywords":["c\u00e1mara de diputados","destacada","diputados paraguay","jorge britez","redes sociales","sebastian garcia","youtube"],"articleSection":["Nacionales"],"inLanguage":"es","potentialAction":[{"@type":"CommentAction","name":"Comment","target":["https:\/\/informatepy.com\/2022\/2021\/11\/03\/no-estoy-de-acuerdo-con-lo-que-dices-pero-daria-mi-vida-por-tu-derecho-a-decirlo\/#respond"]}]},{"@type":"WebPage","@id":"https:\/\/informatepy.com\/2022\/2021\/11\/03\/no-estoy-de-acuerdo-con-lo-que-dices-pero-daria-mi-vida-por-tu-derecho-a-decirlo\/","url":"https:\/\/informatepy.com\/2022\/2021\/11\/03\/no-estoy-de-acuerdo-con-lo-que-dices-pero-daria-mi-vida-por-tu-derecho-a-decirlo\/","name":"No estoy de acuerdo con lo que dices, pero dar\u00eda mi vida por tu derecho a decirlo - Informatepy.com","isPartOf":{"@id":"https:\/\/informatepy.com\/2022\/#website"},"primaryImageOfPage":{"@id":"https:\/\/informatepy.com\/2022\/2021\/11\/03\/no-estoy-de-acuerdo-con-lo-que-dices-pero-daria-mi-vida-por-tu-derecho-a-decirlo\/#primaryimage"},"image":{"@id":"https:\/\/informatepy.com\/2022\/2021\/11\/03\/no-estoy-de-acuerdo-con-lo-que-dices-pero-daria-mi-vida-por-tu-derecho-a-decirlo\/#primaryimage"},"thumbnailUrl":"https:\/\/i0.wp.com\/informatepy.com\/2022\/wp-content\/uploads\/2021\/11\/advertencia-youtube-camara-de-diputados.jpg?fit=962%2C695&ssl=1","datePublished":"2021-11-03T22:16:23+00:00","dateModified":"2022-09-27T23:57:51+00:00","breadcrumb":{"@id":"https:\/\/informatepy.com\/2022\/2021\/11\/03\/no-estoy-de-acuerdo-con-lo-que-dices-pero-daria-mi-vida-por-tu-derecho-a-decirlo\/#breadcrumb"},"inLanguage":"es","potentialAction":[{"@type":"ReadAction","target":["https:\/\/informatepy.com\/2022\/2021\/11\/03\/no-estoy-de-acuerdo-con-lo-que-dices-pero-daria-mi-vida-por-tu-derecho-a-decirlo\/"]}]},{"@type":"ImageObject","inLanguage":"es","@id":"https:\/\/informatepy.com\/2022\/2021\/11\/03\/no-estoy-de-acuerdo-con-lo-que-dices-pero-daria-mi-vida-por-tu-derecho-a-decirlo\/#primaryimage","url":"https:\/\/i0.wp.com\/informatepy.com\/2022\/wp-content\/uploads\/2021\/11\/advertencia-youtube-camara-de-diputados.jpg?fit=962%2C695&ssl=1","contentUrl":"https:\/\/i0.wp.com\/informatepy.com\/2022\/wp-content\/uploads\/2021\/11\/advertencia-youtube-camara-de-diputados.jpg?fit=962%2C695&ssl=1","width":962,"height":695},{"@type":"BreadcrumbList","@id":"https:\/\/informatepy.com\/2022\/2021\/11\/03\/no-estoy-de-acuerdo-con-lo-que-dices-pero-daria-mi-vida-por-tu-derecho-a-decirlo\/#breadcrumb","itemListElement":[{"@type":"ListItem","position":1,"name":"Portada","item":"https:\/\/informatepy.com\/2022\/"},{"@type":"ListItem","position":2,"name":"No estoy de acuerdo con lo que dices, pero dar\u00eda mi vida por tu derecho a decirlo"}]},{"@type":"WebSite","@id":"https:\/\/informatepy.com\/2022\/#website","url":"https:\/\/informatepy.com\/2022\/","name":"Informatepy.com","description":"La verdad, siempre!","publisher":{"@id":"https:\/\/informatepy.com\/2022\/#organization"},"potentialAction":[{"@type":"SearchAction","target":{"@type":"EntryPoint","urlTemplate":"https:\/\/informatepy.com\/2022\/?s={search_term_string}"},"query-input":{"@type":"PropertyValueSpecification","valueRequired":true,"valueName":"search_term_string"}}],"inLanguage":"es"},{"@type":"Organization","@id":"https:\/\/informatepy.com\/2022\/#organization","name":"Informatepy.com","url":"https:\/\/informatepy.com\/2022\/","logo":{"@type":"ImageObject","inLanguage":"es","@id":"https:\/\/informatepy.com\/2022\/#\/schema\/logo\/image\/","url":"https:\/\/i0.wp.com\/informatepy.com\/2022\/wp-content\/uploads\/2022\/09\/informatepy150-2.png?fit=589%2C150","contentUrl":"https:\/\/i0.wp.com\/informatepy.com\/2022\/wp-content\/uploads\/2022\/09\/informatepy150-2.png?fit=589%2C150","width":589,"height":150,"caption":"Informatepy.com"},"image":{"@id":"https:\/\/informatepy.com\/2022\/#\/schema\/logo\/image\/"},"sameAs":["https:\/\/www.facebook.com\/InformatePyCom","https:\/\/x.com\/InformatePy1"]},{"@type":"Person","@id":"https:\/\/informatepy.com\/2022\/#\/schema\/person\/e7c5b605ddfb77041eeddff4d93b26af","name":"Redacci\u00f3n","image":{"@type":"ImageObject","inLanguage":"es","@id":"https:\/\/informatepy.com\/2022\/wp-content\/uploads\/2023\/04\/Isologo-sin-fondo.pngce0c1b6da06ae20abaff417c2cdeea83","url":"https:\/\/informatepy.com\/2022\/wp-content\/uploads\/2023\/04\/Isologo-sin-fondo.png","contentUrl":"https:\/\/informatepy.com\/2022\/wp-content\/uploads\/2023\/04\/Isologo-sin-fondo.png","caption":"Redacci\u00f3n"},"sameAs":["https:\/\/www.facebook.com\/InformatePyCom","https:\/\/x.com\/https:\/\/twitter.com\/InformatePy1"],"url":"https:\/\/informatepy.com\/2022\/author\/redaccion\/"}]}},"jetpack_featured_media_url":"https:\/\/i0.wp.com\/informatepy.com\/2022\/wp-content\/uploads\/2021\/11\/advertencia-youtube-camara-de-diputados.jpg?fit=962%2C695&ssl=1","jetpack-related-posts":[],"jetpack_sharing_enabled":true,"jetpack_likes_enabled":true,"authors":[{"term_id":1037,"user_id":3,"is_guest":0,"slug":"redaccion","display_name":"Redacci\u00f3n","avatar_url":{"url":"https:\/\/informatepy.com\/2022\/wp-content\/uploads\/2023\/04\/Isologo-sin-fondo.png","url2x":"https:\/\/informatepy.com\/2022\/wp-content\/uploads\/2023\/04\/Isologo-sin-fondo.png"},"0":null,"1":"","2":"","3":"","4":"","5":"","6":"","7":"","8":""}],"amp_enabled":true,"_links":{"self":[{"href":"https:\/\/informatepy.com\/2022\/wp-json\/wp\/v2\/posts\/5838","targetHints":{"allow":["GET"]}}],"collection":[{"href":"https:\/\/informatepy.com\/2022\/wp-json\/wp\/v2\/posts"}],"about":[{"href":"https:\/\/informatepy.com\/2022\/wp-json\/wp\/v2\/types\/post"}],"author":[{"embeddable":true,"href":"https:\/\/informatepy.com\/2022\/wp-json\/wp\/v2\/users\/3"}],"replies":[{"embeddable":true,"href":"https:\/\/informatepy.com\/2022\/wp-json\/wp\/v2\/comments?post=5838"}],"version-history":[{"count":1,"href":"https:\/\/informatepy.com\/2022\/wp-json\/wp\/v2\/posts\/5838\/revisions"}],"predecessor-version":[{"id":13279,"href":"https:\/\/informatepy.com\/2022\/wp-json\/wp\/v2\/posts\/5838\/revisions\/13279"}],"wp:featuredmedia":[{"embeddable":true,"href":"https:\/\/informatepy.com\/2022\/wp-json\/wp\/v2\/media\/5839"}],"wp:attachment":[{"href":"https:\/\/informatepy.com\/2022\/wp-json\/wp\/v2\/media?parent=5838"}],"wp:term":[{"taxonomy":"category","embeddable":true,"href":"https:\/\/informatepy.com\/2022\/wp-json\/wp\/v2\/categories?post=5838"},{"taxonomy":"post_tag","embeddable":true,"href":"https:\/\/informatepy.com\/2022\/wp-json\/wp\/v2\/tags?post=5838"},{"taxonomy":"author","embeddable":true,"href":"https:\/\/informatepy.com\/2022\/wp-json\/wp\/v2\/ppma_author?post=5838"}],"curies":[{"name":"wp","href":"https:\/\/api.w.org\/{rel}","templated":true}]}}