{"id":5597,"date":"2021-10-13T21:58:11","date_gmt":"2021-10-13T21:58:11","guid":{"rendered":"http:\/\/informatepy.com\/2022\/2021\/10\/13\/celeste-amarilla-acusa-de-adicto-a-nenecho-rodriguez\/"},"modified":"2022-09-27T23:52:56","modified_gmt":"2022-09-27T23:52:56","slug":"celeste-amarilla-acusa-de-adicto-a-nenecho-rodriguez","status":"publish","type":"post","link":"https:\/\/informatepy.com\/2022\/2021\/10\/13\/celeste-amarilla-acusa-de-adicto-a-nenecho-rodriguez\/","title":{"rendered":"Celeste amarilla acusa de adicto a \u00abNenecho\u00bb Rodr\u00edguez"},"content":{"rendered":"\n<p>La diputada Celeste Amarilla, tambi\u00e9n conocida como la Condesa del Valle de San Bernardino por su diplom\u00e1tico y florido manejo del idioma castellano, en su \u00abverborragia\u00bb descontrolada, y habitual, en redes sociales; acus\u00f3 al electo intendente de la ciudad capital, \u00d3scar \u00abNenecho\u00bb Rodr\u00edguez de \u00abadicto\u00bb.<\/p>\n\n\n\n<p><strong><em>\u00abPero yo no quiero ser intendente ni tengo la capacidad para eso !! Justamente de eso se trata ! Poner candidatos porque va ganar no importa si es burro adicto o ambas cosas. Y menos a\u00fan si es corrupto. Cualquier semejanza con nenecho es cierta\u00bb<\/em><\/strong> (SIC).<\/p>\n\n\n\n<div class=\"wp-block-image\"><figure class=\"aligncenter size-full\"><img data-recalc-dims=\"1\" decoding=\"async\" src=\"https:\/\/i0.wp.com\/informatepy.com\/2022\/wp-content\/uploads\/2021\/10\/celeste-amarilla-nenecho-adicto.png?w=696&#038;ssl=1\" alt=\"\" class=\"wp-image-7703\" \/><\/figure><\/div>\n\n\n\n<p>Independientemente de que en este caso se trata de una persona p\u00fablica, y m\u00e1s all\u00e1 de ser una intromisi\u00f3n en cuestiones personal\u00edsimas y que, de ser ciertas, hacen a la salud de la persona, cualquier biennacido har\u00eda lo posible por ayudar a esa persona. <\/p>\n\n\n\n<p>Muy probablemente la alta \u00abalcurnia\u00bb de la Condesa del Valle de San Bernardino no se lo permita pero, en este caso, corresponde una disculpa. <\/p>\n","protected":false},"excerpt":{"rendered":"<p>La diputada Celeste Amarilla, tambi\u00e9n conocida como la Condesa del Valle de San Bernardino por su diplom\u00e1tico y florido manejo del idioma castellano, en su \u00abverborragia\u00bb descontrolada, y habitual, en redes sociales; acus\u00f3 al electo intendente de la ciudad capital, \u00d3scar \u00abNenecho\u00bb Rodr\u00edguez de \u00abadicto\u00bb. \u00abPero yo no quiero ser intendente ni tengo la capacidad [&hellip;]<\/p>\n","protected":false},"author":3,"featured_media":872,"comment_status":"open","ping_status":"open","sticky":false,"template":"","format":"standard","meta":{"tdm_status":"","tdm_grid_status":"","footnotes":"","jetpack_publicize_message":"","jetpack_publicize_feature_enabled":true,"jetpack_social_post_already_shared":true,"jetpack_social_options":{"image_generator_settings":{"template":"highway","enabled":false}}},"categories":[18],"tags":[422,871,608,609],"ppma_author":[1037],"class_list":{"0":"post-5597","1":"post","2":"type-post","3":"status-publish","4":"format-standard","5":"has-post-thumbnail","7":"category-nacionales","8":"tag-celeste-amarilla","9":"tag-destacada","10":"tag-nenecho-rodriguez","11":"tag-oscar-nenecho-rodriguez"},"jetpack_publicize_connections":[],"yoast_head":"<!-- This site is optimized with the Yoast SEO plugin v27.4 - https:\/\/yoast.com\/product\/yoast-seo-wordpress\/ -->\n<title>Celeste amarilla acusa de adicto a &quot;Nenecho&quot; Rodr\u00edguez - Informatepy.com<\/title>\n<meta name=\"robots\" content=\"index, follow, max-snippet:-1, max-image-preview:large, max-video-preview:-1\" \/>\n<link rel=\"canonical\" href=\"https:\/\/informatepy.com\/2022\/2021\/10\/13\/celeste-amarilla-acusa-de-adicto-a-nenecho-rodriguez\/\" \/>\n<meta property=\"og:locale\" content=\"es_ES\" \/>\n<meta property=\"og:type\" content=\"article\" \/>\n<meta property=\"og:title\" content=\"Celeste amarilla acusa de adicto a &quot;Nenecho&quot; Rodr\u00edguez - Informatepy.com\" \/>\n<meta property=\"og:description\" content=\"La diputada Celeste Amarilla, tambi\u00e9n conocida como la Condesa del Valle de San Bernardino por su diplom\u00e1tico y florido manejo del idioma castellano, en su \u00abverborragia\u00bb descontrolada, y habitual, en redes sociales; acus\u00f3 al electo intendente de la ciudad capital, \u00d3scar \u00abNenecho\u00bb Rodr\u00edguez de \u00abadicto\u00bb. \u00abPero yo no quiero ser intendente ni tengo la capacidad [&hellip;]\" \/>\n<meta property=\"og:url\" content=\"https:\/\/informatepy.com\/2022\/2021\/10\/13\/celeste-amarilla-acusa-de-adicto-a-nenecho-rodriguez\/\" \/>\n<meta property=\"og:site_name\" content=\"Informatepy.com\" \/>\n<meta property=\"article:publisher\" content=\"https:\/\/www.facebook.com\/InformatePyCom\" \/>\n<meta property=\"article:author\" content=\"https:\/\/www.facebook.com\/InformatePyCom\" \/>\n<meta property=\"article:published_time\" content=\"2021-10-13T21:58:11+00:00\" \/>\n<meta property=\"article:modified_time\" content=\"2022-09-27T23:52:56+00:00\" \/>\n<meta property=\"og:image\" content=\"https:\/\/i0.wp.com\/informatepy.com\/2022\/wp-content\/uploads\/2021\/02\/celeste-amarilla.jpg?fit=696%2C333&ssl=1\" \/>\n\t<meta property=\"og:image:width\" content=\"696\" \/>\n\t<meta property=\"og:image:height\" content=\"333\" \/>\n\t<meta property=\"og:image:type\" content=\"image\/jpeg\" \/>\n<meta name=\"author\" content=\"Redacci\u00f3n\" \/>\n<meta name=\"twitter:card\" content=\"summary_large_image\" \/>\n<meta name=\"twitter:creator\" content=\"@https:\/\/twitter.com\/InformatePy1\" \/>\n<meta name=\"twitter:site\" content=\"@InformatePy1\" \/>\n<meta name=\"twitter:label1\" content=\"Escrito por\" \/>\n\t<meta name=\"twitter:data1\" content=\"Redacci\u00f3n\" \/>\n\t<meta name=\"twitter:label2\" content=\"Tiempo de lectura\" \/>\n\t<meta name=\"twitter:data2\" content=\"1 minuto\" \/>\n<script type=\"application\/ld+json\" class=\"yoast-schema-graph\">{\"@context\":\"https:\\\/\\\/schema.org\",\"@graph\":[{\"@type\":\"Article\",\"@id\":\"https:\\\/\\\/informatepy.com\\\/2022\\\/2021\\\/10\\\/13\\\/celeste-amarilla-acusa-de-adicto-a-nenecho-rodriguez\\\/#article\",\"isPartOf\":{\"@id\":\"https:\\\/\\\/informatepy.com\\\/2022\\\/2021\\\/10\\\/13\\\/celeste-amarilla-acusa-de-adicto-a-nenecho-rodriguez\\\/\"},\"author\":{\"name\":\"Redacci\u00f3n\",\"@id\":\"https:\\\/\\\/informatepy.com\\\/2022\\\/#\\\/schema\\\/person\\\/e7c5b605ddfb77041eeddff4d93b26af\"},\"headline\":\"Celeste amarilla acusa de adicto a \u00abNenecho\u00bb Rodr\u00edguez\",\"datePublished\":\"2021-10-13T21:58:11+00:00\",\"dateModified\":\"2022-09-27T23:52:56+00:00\",\"mainEntityOfPage\":{\"@id\":\"https:\\\/\\\/informatepy.com\\\/2022\\\/2021\\\/10\\\/13\\\/celeste-amarilla-acusa-de-adicto-a-nenecho-rodriguez\\\/\"},\"wordCount\":175,\"commentCount\":0,\"publisher\":{\"@id\":\"https:\\\/\\\/informatepy.com\\\/2022\\\/#organization\"},\"image\":{\"@id\":\"https:\\\/\\\/informatepy.com\\\/2022\\\/2021\\\/10\\\/13\\\/celeste-amarilla-acusa-de-adicto-a-nenecho-rodriguez\\\/#primaryimage\"},\"thumbnailUrl\":\"https:\\\/\\\/i0.wp.com\\\/informatepy.com\\\/2022\\\/wp-content\\\/uploads\\\/2021\\\/02\\\/celeste-amarilla.jpg?fit=696%2C333&ssl=1\",\"keywords\":[\"celeste amarilla\",\"destacada\",\"nenecho rodriguez\",\"oscar nenecho rodriguez\"],\"articleSection\":[\"Nacionales\"],\"inLanguage\":\"es\",\"potentialAction\":[{\"@type\":\"CommentAction\",\"name\":\"Comment\",\"target\":[\"https:\\\/\\\/informatepy.com\\\/2022\\\/2021\\\/10\\\/13\\\/celeste-amarilla-acusa-de-adicto-a-nenecho-rodriguez\\\/#respond\"]}]},{\"@type\":\"WebPage\",\"@id\":\"https:\\\/\\\/informatepy.com\\\/2022\\\/2021\\\/10\\\/13\\\/celeste-amarilla-acusa-de-adicto-a-nenecho-rodriguez\\\/\",\"url\":\"https:\\\/\\\/informatepy.com\\\/2022\\\/2021\\\/10\\\/13\\\/celeste-amarilla-acusa-de-adicto-a-nenecho-rodriguez\\\/\",\"name\":\"Celeste amarilla acusa de adicto a \\\"Nenecho\\\" Rodr\u00edguez - Informatepy.com\",\"isPartOf\":{\"@id\":\"https:\\\/\\\/informatepy.com\\\/2022\\\/#website\"},\"primaryImageOfPage\":{\"@id\":\"https:\\\/\\\/informatepy.com\\\/2022\\\/2021\\\/10\\\/13\\\/celeste-amarilla-acusa-de-adicto-a-nenecho-rodriguez\\\/#primaryimage\"},\"image\":{\"@id\":\"https:\\\/\\\/informatepy.com\\\/2022\\\/2021\\\/10\\\/13\\\/celeste-amarilla-acusa-de-adicto-a-nenecho-rodriguez\\\/#primaryimage\"},\"thumbnailUrl\":\"https:\\\/\\\/i0.wp.com\\\/informatepy.com\\\/2022\\\/wp-content\\\/uploads\\\/2021\\\/02\\\/celeste-amarilla.jpg?fit=696%2C333&ssl=1\",\"datePublished\":\"2021-10-13T21:58:11+00:00\",\"dateModified\":\"2022-09-27T23:52:56+00:00\",\"breadcrumb\":{\"@id\":\"https:\\\/\\\/informatepy.com\\\/2022\\\/2021\\\/10\\\/13\\\/celeste-amarilla-acusa-de-adicto-a-nenecho-rodriguez\\\/#breadcrumb\"},\"inLanguage\":\"es\",\"potentialAction\":[{\"@type\":\"ReadAction\",\"target\":[\"https:\\\/\\\/informatepy.com\\\/2022\\\/2021\\\/10\\\/13\\\/celeste-amarilla-acusa-de-adicto-a-nenecho-rodriguez\\\/\"]}]},{\"@type\":\"ImageObject\",\"inLanguage\":\"es\",\"@id\":\"https:\\\/\\\/informatepy.com\\\/2022\\\/2021\\\/10\\\/13\\\/celeste-amarilla-acusa-de-adicto-a-nenecho-rodriguez\\\/#primaryimage\",\"url\":\"https:\\\/\\\/i0.wp.com\\\/informatepy.com\\\/2022\\\/wp-content\\\/uploads\\\/2021\\\/02\\\/celeste-amarilla.jpg?fit=696%2C333&ssl=1\",\"contentUrl\":\"https:\\\/\\\/i0.wp.com\\\/informatepy.com\\\/2022\\\/wp-content\\\/uploads\\\/2021\\\/02\\\/celeste-amarilla.jpg?fit=696%2C333&ssl=1\",\"width\":696,\"height\":333,\"caption\":\"Diputada Celeste Amarilla\"},{\"@type\":\"BreadcrumbList\",\"@id\":\"https:\\\/\\\/informatepy.com\\\/2022\\\/2021\\\/10\\\/13\\\/celeste-amarilla-acusa-de-adicto-a-nenecho-rodriguez\\\/#breadcrumb\",\"itemListElement\":[{\"@type\":\"ListItem\",\"position\":1,\"name\":\"Portada\",\"item\":\"https:\\\/\\\/informatepy.com\\\/2022\\\/\"},{\"@type\":\"ListItem\",\"position\":2,\"name\":\"Celeste amarilla acusa de adicto a \u00abNenecho\u00bb Rodr\u00edguez\"}]},{\"@type\":\"WebSite\",\"@id\":\"https:\\\/\\\/informatepy.com\\\/2022\\\/#website\",\"url\":\"https:\\\/\\\/informatepy.com\\\/2022\\\/\",\"name\":\"Informatepy.com\",\"description\":\"La verdad, siempre!\",\"publisher\":{\"@id\":\"https:\\\/\\\/informatepy.com\\\/2022\\\/#organization\"},\"potentialAction\":[{\"@type\":\"SearchAction\",\"target\":{\"@type\":\"EntryPoint\",\"urlTemplate\":\"https:\\\/\\\/informatepy.com\\\/2022\\\/?s={search_term_string}\"},\"query-input\":{\"@type\":\"PropertyValueSpecification\",\"valueRequired\":true,\"valueName\":\"search_term_string\"}}],\"inLanguage\":\"es\"},{\"@type\":\"Organization\",\"@id\":\"https:\\\/\\\/informatepy.com\\\/2022\\\/#organization\",\"name\":\"Informatepy.com\",\"url\":\"https:\\\/\\\/informatepy.com\\\/2022\\\/\",\"logo\":{\"@type\":\"ImageObject\",\"inLanguage\":\"es\",\"@id\":\"https:\\\/\\\/informatepy.com\\\/2022\\\/#\\\/schema\\\/logo\\\/image\\\/\",\"url\":\"https:\\\/\\\/i0.wp.com\\\/informatepy.com\\\/2022\\\/wp-content\\\/uploads\\\/2022\\\/09\\\/informatepy150-2.png?fit=589%2C150\",\"contentUrl\":\"https:\\\/\\\/i0.wp.com\\\/informatepy.com\\\/2022\\\/wp-content\\\/uploads\\\/2022\\\/09\\\/informatepy150-2.png?fit=589%2C150\",\"width\":589,\"height\":150,\"caption\":\"Informatepy.com\"},\"image\":{\"@id\":\"https:\\\/\\\/informatepy.com\\\/2022\\\/#\\\/schema\\\/logo\\\/image\\\/\"},\"sameAs\":[\"https:\\\/\\\/www.facebook.com\\\/InformatePyCom\",\"https:\\\/\\\/x.com\\\/InformatePy1\"]},{\"@type\":\"Person\",\"@id\":\"https:\\\/\\\/informatepy.com\\\/2022\\\/#\\\/schema\\\/person\\\/e7c5b605ddfb77041eeddff4d93b26af\",\"name\":\"Redacci\u00f3n\",\"image\":{\"@type\":\"ImageObject\",\"inLanguage\":\"es\",\"@id\":\"https:\\\/\\\/informatepy.com\\\/2022\\\/wp-content\\\/uploads\\\/2023\\\/04\\\/Isologo-sin-fondo.pngce0c1b6da06ae20abaff417c2cdeea83\",\"url\":\"https:\\\/\\\/informatepy.com\\\/2022\\\/wp-content\\\/uploads\\\/2023\\\/04\\\/Isologo-sin-fondo.png\",\"contentUrl\":\"https:\\\/\\\/informatepy.com\\\/2022\\\/wp-content\\\/uploads\\\/2023\\\/04\\\/Isologo-sin-fondo.png\",\"caption\":\"Redacci\u00f3n\"},\"sameAs\":[\"https:\\\/\\\/www.facebook.com\\\/InformatePyCom\",\"https:\\\/\\\/x.com\\\/https:\\\/\\\/twitter.com\\\/InformatePy1\"],\"url\":\"https:\\\/\\\/informatepy.com\\\/2022\\\/author\\\/redaccion\\\/\"}]}<\/script>\n<!-- \/ Yoast SEO plugin. -->","yoast_head_json":{"title":"Celeste amarilla acusa de adicto a \"Nenecho\" Rodr\u00edguez - Informatepy.com","robots":{"index":"index","follow":"follow","max-snippet":"max-snippet:-1","max-image-preview":"max-image-preview:large","max-video-preview":"max-video-preview:-1"},"canonical":"https:\/\/informatepy.com\/2022\/2021\/10\/13\/celeste-amarilla-acusa-de-adicto-a-nenecho-rodriguez\/","og_locale":"es_ES","og_type":"article","og_title":"Celeste amarilla acusa de adicto a \"Nenecho\" Rodr\u00edguez - Informatepy.com","og_description":"La diputada Celeste Amarilla, tambi\u00e9n conocida como la Condesa del Valle de San Bernardino por su diplom\u00e1tico y florido manejo del idioma castellano, en su \u00abverborragia\u00bb descontrolada, y habitual, en redes sociales; acus\u00f3 al electo intendente de la ciudad capital, \u00d3scar \u00abNenecho\u00bb Rodr\u00edguez de \u00abadicto\u00bb. \u00abPero yo no quiero ser intendente ni tengo la capacidad [&hellip;]","og_url":"https:\/\/informatepy.com\/2022\/2021\/10\/13\/celeste-amarilla-acusa-de-adicto-a-nenecho-rodriguez\/","og_site_name":"Informatepy.com","article_publisher":"https:\/\/www.facebook.com\/InformatePyCom","article_author":"https:\/\/www.facebook.com\/InformatePyCom","article_published_time":"2021-10-13T21:58:11+00:00","article_modified_time":"2022-09-27T23:52:56+00:00","og_image":[{"width":696,"height":333,"url":"https:\/\/i0.wp.com\/informatepy.com\/2022\/wp-content\/uploads\/2021\/02\/celeste-amarilla.jpg?fit=696%2C333&ssl=1","type":"image\/jpeg"}],"author":"Redacci\u00f3n","twitter_card":"summary_large_image","twitter_creator":"@https:\/\/twitter.com\/InformatePy1","twitter_site":"@InformatePy1","twitter_misc":{"Escrito por":"Redacci\u00f3n","Tiempo de lectura":"1 minuto"},"schema":{"@context":"https:\/\/schema.org","@graph":[{"@type":"Article","@id":"https:\/\/informatepy.com\/2022\/2021\/10\/13\/celeste-amarilla-acusa-de-adicto-a-nenecho-rodriguez\/#article","isPartOf":{"@id":"https:\/\/informatepy.com\/2022\/2021\/10\/13\/celeste-amarilla-acusa-de-adicto-a-nenecho-rodriguez\/"},"author":{"name":"Redacci\u00f3n","@id":"https:\/\/informatepy.com\/2022\/#\/schema\/person\/e7c5b605ddfb77041eeddff4d93b26af"},"headline":"Celeste amarilla acusa de adicto a \u00abNenecho\u00bb Rodr\u00edguez","datePublished":"2021-10-13T21:58:11+00:00","dateModified":"2022-09-27T23:52:56+00:00","mainEntityOfPage":{"@id":"https:\/\/informatepy.com\/2022\/2021\/10\/13\/celeste-amarilla-acusa-de-adicto-a-nenecho-rodriguez\/"},"wordCount":175,"commentCount":0,"publisher":{"@id":"https:\/\/informatepy.com\/2022\/#organization"},"image":{"@id":"https:\/\/informatepy.com\/2022\/2021\/10\/13\/celeste-amarilla-acusa-de-adicto-a-nenecho-rodriguez\/#primaryimage"},"thumbnailUrl":"https:\/\/i0.wp.com\/informatepy.com\/2022\/wp-content\/uploads\/2021\/02\/celeste-amarilla.jpg?fit=696%2C333&ssl=1","keywords":["celeste amarilla","destacada","nenecho rodriguez","oscar nenecho rodriguez"],"articleSection":["Nacionales"],"inLanguage":"es","potentialAction":[{"@type":"CommentAction","name":"Comment","target":["https:\/\/informatepy.com\/2022\/2021\/10\/13\/celeste-amarilla-acusa-de-adicto-a-nenecho-rodriguez\/#respond"]}]},{"@type":"WebPage","@id":"https:\/\/informatepy.com\/2022\/2021\/10\/13\/celeste-amarilla-acusa-de-adicto-a-nenecho-rodriguez\/","url":"https:\/\/informatepy.com\/2022\/2021\/10\/13\/celeste-amarilla-acusa-de-adicto-a-nenecho-rodriguez\/","name":"Celeste amarilla acusa de adicto a \"Nenecho\" Rodr\u00edguez - Informatepy.com","isPartOf":{"@id":"https:\/\/informatepy.com\/2022\/#website"},"primaryImageOfPage":{"@id":"https:\/\/informatepy.com\/2022\/2021\/10\/13\/celeste-amarilla-acusa-de-adicto-a-nenecho-rodriguez\/#primaryimage"},"image":{"@id":"https:\/\/informatepy.com\/2022\/2021\/10\/13\/celeste-amarilla-acusa-de-adicto-a-nenecho-rodriguez\/#primaryimage"},"thumbnailUrl":"https:\/\/i0.wp.com\/informatepy.com\/2022\/wp-content\/uploads\/2021\/02\/celeste-amarilla.jpg?fit=696%2C333&ssl=1","datePublished":"2021-10-13T21:58:11+00:00","dateModified":"2022-09-27T23:52:56+00:00","breadcrumb":{"@id":"https:\/\/informatepy.com\/2022\/2021\/10\/13\/celeste-amarilla-acusa-de-adicto-a-nenecho-rodriguez\/#breadcrumb"},"inLanguage":"es","potentialAction":[{"@type":"ReadAction","target":["https:\/\/informatepy.com\/2022\/2021\/10\/13\/celeste-amarilla-acusa-de-adicto-a-nenecho-rodriguez\/"]}]},{"@type":"ImageObject","inLanguage":"es","@id":"https:\/\/informatepy.com\/2022\/2021\/10\/13\/celeste-amarilla-acusa-de-adicto-a-nenecho-rodriguez\/#primaryimage","url":"https:\/\/i0.wp.com\/informatepy.com\/2022\/wp-content\/uploads\/2021\/02\/celeste-amarilla.jpg?fit=696%2C333&ssl=1","contentUrl":"https:\/\/i0.wp.com\/informatepy.com\/2022\/wp-content\/uploads\/2021\/02\/celeste-amarilla.jpg?fit=696%2C333&ssl=1","width":696,"height":333,"caption":"Diputada Celeste Amarilla"},{"@type":"BreadcrumbList","@id":"https:\/\/informatepy.com\/2022\/2021\/10\/13\/celeste-amarilla-acusa-de-adicto-a-nenecho-rodriguez\/#breadcrumb","itemListElement":[{"@type":"ListItem","position":1,"name":"Portada","item":"https:\/\/informatepy.com\/2022\/"},{"@type":"ListItem","position":2,"name":"Celeste amarilla acusa de adicto a \u00abNenecho\u00bb Rodr\u00edguez"}]},{"@type":"WebSite","@id":"https:\/\/informatepy.com\/2022\/#website","url":"https:\/\/informatepy.com\/2022\/","name":"Informatepy.com","description":"La verdad, siempre!","publisher":{"@id":"https:\/\/informatepy.com\/2022\/#organization"},"potentialAction":[{"@type":"SearchAction","target":{"@type":"EntryPoint","urlTemplate":"https:\/\/informatepy.com\/2022\/?s={search_term_string}"},"query-input":{"@type":"PropertyValueSpecification","valueRequired":true,"valueName":"search_term_string"}}],"inLanguage":"es"},{"@type":"Organization","@id":"https:\/\/informatepy.com\/2022\/#organization","name":"Informatepy.com","url":"https:\/\/informatepy.com\/2022\/","logo":{"@type":"ImageObject","inLanguage":"es","@id":"https:\/\/informatepy.com\/2022\/#\/schema\/logo\/image\/","url":"https:\/\/i0.wp.com\/informatepy.com\/2022\/wp-content\/uploads\/2022\/09\/informatepy150-2.png?fit=589%2C150","contentUrl":"https:\/\/i0.wp.com\/informatepy.com\/2022\/wp-content\/uploads\/2022\/09\/informatepy150-2.png?fit=589%2C150","width":589,"height":150,"caption":"Informatepy.com"},"image":{"@id":"https:\/\/informatepy.com\/2022\/#\/schema\/logo\/image\/"},"sameAs":["https:\/\/www.facebook.com\/InformatePyCom","https:\/\/x.com\/InformatePy1"]},{"@type":"Person","@id":"https:\/\/informatepy.com\/2022\/#\/schema\/person\/e7c5b605ddfb77041eeddff4d93b26af","name":"Redacci\u00f3n","image":{"@type":"ImageObject","inLanguage":"es","@id":"https:\/\/informatepy.com\/2022\/wp-content\/uploads\/2023\/04\/Isologo-sin-fondo.pngce0c1b6da06ae20abaff417c2cdeea83","url":"https:\/\/informatepy.com\/2022\/wp-content\/uploads\/2023\/04\/Isologo-sin-fondo.png","contentUrl":"https:\/\/informatepy.com\/2022\/wp-content\/uploads\/2023\/04\/Isologo-sin-fondo.png","caption":"Redacci\u00f3n"},"sameAs":["https:\/\/www.facebook.com\/InformatePyCom","https:\/\/x.com\/https:\/\/twitter.com\/InformatePy1"],"url":"https:\/\/informatepy.com\/2022\/author\/redaccion\/"}]}},"jetpack_featured_media_url":"https:\/\/i0.wp.com\/informatepy.com\/2022\/wp-content\/uploads\/2021\/02\/celeste-amarilla.jpg?fit=696%2C333&ssl=1","jetpack-related-posts":[],"jetpack_sharing_enabled":true,"jetpack_likes_enabled":true,"authors":[{"term_id":1037,"user_id":3,"is_guest":0,"slug":"redaccion","display_name":"Redacci\u00f3n","avatar_url":{"url":"https:\/\/informatepy.com\/2022\/wp-content\/uploads\/2023\/04\/Isologo-sin-fondo.png","url2x":"https:\/\/informatepy.com\/2022\/wp-content\/uploads\/2023\/04\/Isologo-sin-fondo.png"},"0":null,"1":"","2":"","3":"","4":"","5":"","6":"","7":"","8":""}],"amp_enabled":true,"_links":{"self":[{"href":"https:\/\/informatepy.com\/2022\/wp-json\/wp\/v2\/posts\/5597","targetHints":{"allow":["GET"]}}],"collection":[{"href":"https:\/\/informatepy.com\/2022\/wp-json\/wp\/v2\/posts"}],"about":[{"href":"https:\/\/informatepy.com\/2022\/wp-json\/wp\/v2\/types\/post"}],"author":[{"embeddable":true,"href":"https:\/\/informatepy.com\/2022\/wp-json\/wp\/v2\/users\/3"}],"replies":[{"embeddable":true,"href":"https:\/\/informatepy.com\/2022\/wp-json\/wp\/v2\/comments?post=5597"}],"version-history":[{"count":1,"href":"https:\/\/informatepy.com\/2022\/wp-json\/wp\/v2\/posts\/5597\/revisions"}],"predecessor-version":[{"id":13155,"href":"https:\/\/informatepy.com\/2022\/wp-json\/wp\/v2\/posts\/5597\/revisions\/13155"}],"wp:featuredmedia":[{"embeddable":true,"href":"https:\/\/informatepy.com\/2022\/wp-json\/wp\/v2\/media\/872"}],"wp:attachment":[{"href":"https:\/\/informatepy.com\/2022\/wp-json\/wp\/v2\/media?parent=5597"}],"wp:term":[{"taxonomy":"category","embeddable":true,"href":"https:\/\/informatepy.com\/2022\/wp-json\/wp\/v2\/categories?post=5597"},{"taxonomy":"post_tag","embeddable":true,"href":"https:\/\/informatepy.com\/2022\/wp-json\/wp\/v2\/tags?post=5597"},{"taxonomy":"author","embeddable":true,"href":"https:\/\/informatepy.com\/2022\/wp-json\/wp\/v2\/ppma_author?post=5597"}],"curies":[{"name":"wp","href":"https:\/\/api.w.org\/{rel}","templated":true}]}}