{"id":5451,"date":"2021-10-03T10:22:00","date_gmt":"2021-10-03T10:22:00","guid":{"rendered":"http:\/\/informatepy.com\/2022\/2021\/10\/03\/milei-cerca-de-dejar-3-al-kirchernismo-en-la-capital-argentina\/"},"modified":"2022-09-27T23:49:22","modified_gmt":"2022-09-27T23:49:22","slug":"milei-cerca-de-dejar-3-al-kirchernismo-en-la-capital-argentina","status":"publish","type":"post","link":"https:\/\/informatepy.com\/2022\/2021\/10\/03\/milei-cerca-de-dejar-3-al-kirchernismo-en-la-capital-argentina\/","title":{"rendered":"Milei cerca de dejar 3\u00b0 al kirchernismo en la capital Argentina"},"content":{"rendered":"\n<p>Los primeros sondeos en la Ciudad de Buenos Aires de cara a la\u00a0<strong>elecci\u00f3n general del 14 de noviembre<\/strong>\u00a0sacuden el tablero pol\u00edtico y el\u00a0<strong>objetivo de Javier Milei de dejar tercero al kirchnerismo<\/strong>\u00a0es cada vez m\u00e1s posible.<\/p>\n\n\n\n<p>D\u00edas atr\u00e1s,&nbsp;<em>Clar\u00edn&nbsp;<\/em>anticip\u00f3 un estudio de&nbsp;<strong>Taquion<\/strong>&nbsp;que mostraba que la diferencia a favor de Juntos por el Cambio se estaba ampliando. Y ahora, este diario accedi\u00f3 en exclusiva a un nuevo sondeo que trae peores noticias para el Gobierno, ya que&nbsp;<strong>ubica al libertario Javier Milei a menos de un punto de Leandro Santoro,<\/strong>&nbsp;cabeza de lista del Frente de Todos.<\/p>\n\n\n\n<p>El estudio de 1.259 casos relevados entre 28 y 30 de septiembre es de\u00a0<strong>CB Consultora Opini\u00f3n P\u00fablica,<\/strong>\u00a0una de las firmas que mejor viene pronosticando en el 2021. Anticip\u00f3 con precisi\u00f3n los resultados en los comicios provinciales de Jujuy y Corrientes, y en las \u00faltimas primarias fue una de las que pronostic\u00f3 que la suma de las dos boletas de Juntos terminar\u00eda arriba del oficialismo en Provincia.<\/p>\n\n\n\n<p>Los vaticinios de la encuestadora que dirige el analista\u00a0<strong>Cristian Butti\u00e9<\/strong>\u00a0tambi\u00e9n quedaron muy cerca en CABA, con errores menores a dos puntos en todas las listas. Para tener como par\u00e1metro, seg\u00fan los datos del escrutinio provisorio del 12 de septiembre, las tres boletas de JxC sumaron 48,19% de los votos v\u00e1lidos -incluyen a los blancos en la base para el conteo-, la del\u00a0<strong>FdT 24,66%, la de Milei 13,66%<\/strong>, las dos del FIT 6,23% y la de Luis Zamora 2,65%.<\/p>\n\n\n\n<p>Esa ca\u00edda de la lista K que anticipan los primeros cuadros de CB queda explicitada cuando se pregunta directamente por las ofertas electorales porte\u00f1as para el 14 de noviembre. Y all\u00ed, llamativamente,&nbsp;<strong>Milei queda en empate t\u00e9cnico con Santoro.<\/strong><\/p>\n\n\n\n<p>De entrada, se muestran los n\u00fameros incluyendo un 6,3% de indecisos y un 2,5% de voto en blanco. Juntos por el Cambio sigue arriba, c\u00f3modo, en 44,8%. Pero la sorpresa viene debajo, con&nbsp;<strong>el Frente de Todos en 20% y La Libertad Avanza en 19,4%<\/strong>. Apenas 6 d\u00e9cimas cuando&nbsp;<strong>la diferencia en las PASO fue de 11 puntos<\/strong>. La tabla la completan el FIT (con Myriam Bregman a la cabeza), con 4,1%; y Autodeterminaci\u00f3n y Libertad (Luis Zamora), con 2,9%.<\/p>\n","protected":false},"excerpt":{"rendered":"<p>Los primeros sondeos en la Ciudad de Buenos Aires de cara a la\u00a0elecci\u00f3n general del 14 de noviembre\u00a0sacuden el tablero pol\u00edtico y el\u00a0objetivo de Javier Milei de dejar tercero al kirchnerismo\u00a0es cada vez m\u00e1s posible. D\u00edas atr\u00e1s,&nbsp;Clar\u00edn&nbsp;anticip\u00f3 un estudio de&nbsp;Taquion&nbsp;que mostraba que la diferencia a favor de Juntos por el Cambio se estaba ampliando. Y [&hellip;]<\/p>\n","protected":false},"author":3,"featured_media":4755,"comment_status":"open","ping_status":"open","sticky":false,"template":"","format":"standard","meta":{"tdm_status":"","tdm_grid_status":"","footnotes":"","jetpack_publicize_message":"","jetpack_publicize_feature_enabled":true,"jetpack_social_post_already_shared":true,"jetpack_social_options":{"image_generator_settings":{"template":"highway","enabled":false}}},"categories":[14],"tags":[502,871],"ppma_author":[],"class_list":{"0":"post-5451","1":"post","2":"type-post","3":"status-publish","4":"format-standard","5":"has-post-thumbnail","7":"category-mundo","8":"tag-argentina","9":"tag-destacada"},"jetpack_publicize_connections":[],"yoast_head":"<!-- This site is optimized with the Yoast SEO plugin v27.5 - https:\/\/yoast.com\/product\/yoast-seo-wordpress\/ -->\n<title>Milei cerca de dejar 3\u00b0 al kirchernismo en la capital Argentina - Informatepy.com<\/title>\n<meta name=\"robots\" content=\"index, follow, max-snippet:-1, max-image-preview:large, max-video-preview:-1\" \/>\n<link rel=\"canonical\" href=\"https:\/\/informatepy.com\/2022\/2021\/10\/03\/milei-cerca-de-dejar-3-al-kirchernismo-en-la-capital-argentina\/\" \/>\n<meta property=\"og:locale\" content=\"es_ES\" \/>\n<meta property=\"og:type\" content=\"article\" \/>\n<meta property=\"og:title\" content=\"Milei cerca de dejar 3\u00b0 al kirchernismo en la capital Argentina - Informatepy.com\" \/>\n<meta property=\"og:description\" content=\"Los primeros sondeos en la Ciudad de Buenos Aires de cara a la\u00a0elecci\u00f3n general del 14 de noviembre\u00a0sacuden el tablero pol\u00edtico y el\u00a0objetivo de Javier Milei de dejar tercero al kirchnerismo\u00a0es cada vez m\u00e1s posible. D\u00edas atr\u00e1s,&nbsp;Clar\u00edn&nbsp;anticip\u00f3 un estudio de&nbsp;Taquion&nbsp;que mostraba que la diferencia a favor de Juntos por el Cambio se estaba ampliando. Y [&hellip;]\" \/>\n<meta property=\"og:url\" content=\"https:\/\/informatepy.com\/2022\/2021\/10\/03\/milei-cerca-de-dejar-3-al-kirchernismo-en-la-capital-argentina\/\" \/>\n<meta property=\"og:site_name\" content=\"Informatepy.com\" \/>\n<meta property=\"article:publisher\" content=\"https:\/\/www.facebook.com\/InformatePyCom\" \/>\n<meta property=\"article:author\" content=\"https:\/\/www.facebook.com\/InformatePyCom\" \/>\n<meta property=\"article:published_time\" content=\"2021-10-03T10:22:00+00:00\" \/>\n<meta property=\"article:modified_time\" content=\"2022-09-27T23:49:22+00:00\" \/>\n<meta property=\"og:image\" content=\"https:\/\/i0.wp.com\/informatepy.com\/2022\/wp-content\/uploads\/2021\/08\/javier-milei.jpg?fit=679%2C446&ssl=1\" \/>\n\t<meta property=\"og:image:width\" content=\"679\" \/>\n\t<meta property=\"og:image:height\" content=\"446\" \/>\n\t<meta property=\"og:image:type\" content=\"image\/jpeg\" \/>\n<meta name=\"author\" content=\"Redacci\u00f3n\" \/>\n<meta name=\"twitter:card\" content=\"summary_large_image\" \/>\n<meta name=\"twitter:creator\" content=\"@https:\/\/twitter.com\/InformatePy1\" \/>\n<meta name=\"twitter:site\" content=\"@InformatePy1\" \/>\n<meta name=\"twitter:label1\" content=\"Escrito por\" \/>\n\t<meta name=\"twitter:data1\" content=\"Redacci\u00f3n\" \/>\n\t<meta name=\"twitter:label2\" content=\"Tiempo de lectura\" \/>\n\t<meta name=\"twitter:data2\" content=\"2 minutos\" \/>\n<script type=\"application\/ld+json\" class=\"yoast-schema-graph\">{\"@context\":\"https:\\\/\\\/schema.org\",\"@graph\":[{\"@type\":\"Article\",\"@id\":\"https:\\\/\\\/informatepy.com\\\/2022\\\/2021\\\/10\\\/03\\\/milei-cerca-de-dejar-3-al-kirchernismo-en-la-capital-argentina\\\/#article\",\"isPartOf\":{\"@id\":\"https:\\\/\\\/informatepy.com\\\/2022\\\/2021\\\/10\\\/03\\\/milei-cerca-de-dejar-3-al-kirchernismo-en-la-capital-argentina\\\/\"},\"author\":{\"name\":\"Redacci\u00f3n\",\"@id\":\"https:\\\/\\\/informatepy.com\\\/2022\\\/#\\\/schema\\\/person\\\/e7c5b605ddfb77041eeddff4d93b26af\"},\"headline\":\"Milei cerca de dejar 3\u00b0 al kirchernismo en la capital Argentina\",\"datePublished\":\"2021-10-03T10:22:00+00:00\",\"dateModified\":\"2022-09-27T23:49:22+00:00\",\"mainEntityOfPage\":{\"@id\":\"https:\\\/\\\/informatepy.com\\\/2022\\\/2021\\\/10\\\/03\\\/milei-cerca-de-dejar-3-al-kirchernismo-en-la-capital-argentina\\\/\"},\"wordCount\":389,\"commentCount\":0,\"publisher\":{\"@id\":\"https:\\\/\\\/informatepy.com\\\/2022\\\/#organization\"},\"image\":{\"@id\":\"https:\\\/\\\/informatepy.com\\\/2022\\\/2021\\\/10\\\/03\\\/milei-cerca-de-dejar-3-al-kirchernismo-en-la-capital-argentina\\\/#primaryimage\"},\"thumbnailUrl\":\"https:\\\/\\\/i0.wp.com\\\/informatepy.com\\\/2022\\\/wp-content\\\/uploads\\\/2021\\\/08\\\/javier-milei.jpg?fit=679%2C446&ssl=1\",\"keywords\":[\"argentina\",\"destacada\"],\"articleSection\":[\"Mundo\"],\"inLanguage\":\"es\",\"potentialAction\":[{\"@type\":\"CommentAction\",\"name\":\"Comment\",\"target\":[\"https:\\\/\\\/informatepy.com\\\/2022\\\/2021\\\/10\\\/03\\\/milei-cerca-de-dejar-3-al-kirchernismo-en-la-capital-argentina\\\/#respond\"]}]},{\"@type\":\"WebPage\",\"@id\":\"https:\\\/\\\/informatepy.com\\\/2022\\\/2021\\\/10\\\/03\\\/milei-cerca-de-dejar-3-al-kirchernismo-en-la-capital-argentina\\\/\",\"url\":\"https:\\\/\\\/informatepy.com\\\/2022\\\/2021\\\/10\\\/03\\\/milei-cerca-de-dejar-3-al-kirchernismo-en-la-capital-argentina\\\/\",\"name\":\"Milei cerca de dejar 3\u00b0 al kirchernismo en la capital Argentina - Informatepy.com\",\"isPartOf\":{\"@id\":\"https:\\\/\\\/informatepy.com\\\/2022\\\/#website\"},\"primaryImageOfPage\":{\"@id\":\"https:\\\/\\\/informatepy.com\\\/2022\\\/2021\\\/10\\\/03\\\/milei-cerca-de-dejar-3-al-kirchernismo-en-la-capital-argentina\\\/#primaryimage\"},\"image\":{\"@id\":\"https:\\\/\\\/informatepy.com\\\/2022\\\/2021\\\/10\\\/03\\\/milei-cerca-de-dejar-3-al-kirchernismo-en-la-capital-argentina\\\/#primaryimage\"},\"thumbnailUrl\":\"https:\\\/\\\/i0.wp.com\\\/informatepy.com\\\/2022\\\/wp-content\\\/uploads\\\/2021\\\/08\\\/javier-milei.jpg?fit=679%2C446&ssl=1\",\"datePublished\":\"2021-10-03T10:22:00+00:00\",\"dateModified\":\"2022-09-27T23:49:22+00:00\",\"breadcrumb\":{\"@id\":\"https:\\\/\\\/informatepy.com\\\/2022\\\/2021\\\/10\\\/03\\\/milei-cerca-de-dejar-3-al-kirchernismo-en-la-capital-argentina\\\/#breadcrumb\"},\"inLanguage\":\"es\",\"potentialAction\":[{\"@type\":\"ReadAction\",\"target\":[\"https:\\\/\\\/informatepy.com\\\/2022\\\/2021\\\/10\\\/03\\\/milei-cerca-de-dejar-3-al-kirchernismo-en-la-capital-argentina\\\/\"]}]},{\"@type\":\"ImageObject\",\"inLanguage\":\"es\",\"@id\":\"https:\\\/\\\/informatepy.com\\\/2022\\\/2021\\\/10\\\/03\\\/milei-cerca-de-dejar-3-al-kirchernismo-en-la-capital-argentina\\\/#primaryimage\",\"url\":\"https:\\\/\\\/i0.wp.com\\\/informatepy.com\\\/2022\\\/wp-content\\\/uploads\\\/2021\\\/08\\\/javier-milei.jpg?fit=679%2C446&ssl=1\",\"contentUrl\":\"https:\\\/\\\/i0.wp.com\\\/informatepy.com\\\/2022\\\/wp-content\\\/uploads\\\/2021\\\/08\\\/javier-milei.jpg?fit=679%2C446&ssl=1\",\"width\":679,\"height\":446},{\"@type\":\"BreadcrumbList\",\"@id\":\"https:\\\/\\\/informatepy.com\\\/2022\\\/2021\\\/10\\\/03\\\/milei-cerca-de-dejar-3-al-kirchernismo-en-la-capital-argentina\\\/#breadcrumb\",\"itemListElement\":[{\"@type\":\"ListItem\",\"position\":1,\"name\":\"Portada\",\"item\":\"https:\\\/\\\/informatepy.com\\\/2022\\\/\"},{\"@type\":\"ListItem\",\"position\":2,\"name\":\"Milei cerca de dejar 3\u00b0 al kirchernismo en la capital Argentina\"}]},{\"@type\":\"WebSite\",\"@id\":\"https:\\\/\\\/informatepy.com\\\/2022\\\/#website\",\"url\":\"https:\\\/\\\/informatepy.com\\\/2022\\\/\",\"name\":\"Informatepy.com\",\"description\":\"La verdad, siempre!\",\"publisher\":{\"@id\":\"https:\\\/\\\/informatepy.com\\\/2022\\\/#organization\"},\"potentialAction\":[{\"@type\":\"SearchAction\",\"target\":{\"@type\":\"EntryPoint\",\"urlTemplate\":\"https:\\\/\\\/informatepy.com\\\/2022\\\/?s={search_term_string}\"},\"query-input\":{\"@type\":\"PropertyValueSpecification\",\"valueRequired\":true,\"valueName\":\"search_term_string\"}}],\"inLanguage\":\"es\"},{\"@type\":\"Organization\",\"@id\":\"https:\\\/\\\/informatepy.com\\\/2022\\\/#organization\",\"name\":\"Informatepy.com\",\"url\":\"https:\\\/\\\/informatepy.com\\\/2022\\\/\",\"logo\":{\"@type\":\"ImageObject\",\"inLanguage\":\"es\",\"@id\":\"https:\\\/\\\/informatepy.com\\\/2022\\\/#\\\/schema\\\/logo\\\/image\\\/\",\"url\":\"https:\\\/\\\/i0.wp.com\\\/informatepy.com\\\/2022\\\/wp-content\\\/uploads\\\/2022\\\/09\\\/informatepy150-2.png?fit=589%2C150\",\"contentUrl\":\"https:\\\/\\\/i0.wp.com\\\/informatepy.com\\\/2022\\\/wp-content\\\/uploads\\\/2022\\\/09\\\/informatepy150-2.png?fit=589%2C150\",\"width\":589,\"height\":150,\"caption\":\"Informatepy.com\"},\"image\":{\"@id\":\"https:\\\/\\\/informatepy.com\\\/2022\\\/#\\\/schema\\\/logo\\\/image\\\/\"},\"sameAs\":[\"https:\\\/\\\/www.facebook.com\\\/InformatePyCom\",\"https:\\\/\\\/x.com\\\/InformatePy1\"]},{\"@type\":\"Person\",\"@id\":\"https:\\\/\\\/informatepy.com\\\/2022\\\/#\\\/schema\\\/person\\\/e7c5b605ddfb77041eeddff4d93b26af\",\"name\":\"Redacci\u00f3n\",\"image\":{\"@type\":\"ImageObject\",\"inLanguage\":\"es\",\"@id\":\"https:\\\/\\\/informatepy.com\\\/2022\\\/wp-content\\\/uploads\\\/2023\\\/04\\\/Isologo-sin-fondo.pngce0c1b6da06ae20abaff417c2cdeea83\",\"url\":\"https:\\\/\\\/informatepy.com\\\/2022\\\/wp-content\\\/uploads\\\/2023\\\/04\\\/Isologo-sin-fondo.png\",\"contentUrl\":\"https:\\\/\\\/informatepy.com\\\/2022\\\/wp-content\\\/uploads\\\/2023\\\/04\\\/Isologo-sin-fondo.png\",\"caption\":\"Redacci\u00f3n\"},\"sameAs\":[\"https:\\\/\\\/www.facebook.com\\\/InformatePyCom\",\"https:\\\/\\\/x.com\\\/https:\\\/\\\/twitter.com\\\/InformatePy1\"],\"url\":\"https:\\\/\\\/informatepy.com\\\/2022\\\/author\\\/redaccion\\\/\"}]}<\/script>\n<!-- \/ Yoast SEO plugin. -->","yoast_head_json":{"title":"Milei cerca de dejar 3\u00b0 al kirchernismo en la capital Argentina - Informatepy.com","robots":{"index":"index","follow":"follow","max-snippet":"max-snippet:-1","max-image-preview":"max-image-preview:large","max-video-preview":"max-video-preview:-1"},"canonical":"https:\/\/informatepy.com\/2022\/2021\/10\/03\/milei-cerca-de-dejar-3-al-kirchernismo-en-la-capital-argentina\/","og_locale":"es_ES","og_type":"article","og_title":"Milei cerca de dejar 3\u00b0 al kirchernismo en la capital Argentina - Informatepy.com","og_description":"Los primeros sondeos en la Ciudad de Buenos Aires de cara a la\u00a0elecci\u00f3n general del 14 de noviembre\u00a0sacuden el tablero pol\u00edtico y el\u00a0objetivo de Javier Milei de dejar tercero al kirchnerismo\u00a0es cada vez m\u00e1s posible. D\u00edas atr\u00e1s,&nbsp;Clar\u00edn&nbsp;anticip\u00f3 un estudio de&nbsp;Taquion&nbsp;que mostraba que la diferencia a favor de Juntos por el Cambio se estaba ampliando. Y [&hellip;]","og_url":"https:\/\/informatepy.com\/2022\/2021\/10\/03\/milei-cerca-de-dejar-3-al-kirchernismo-en-la-capital-argentina\/","og_site_name":"Informatepy.com","article_publisher":"https:\/\/www.facebook.com\/InformatePyCom","article_author":"https:\/\/www.facebook.com\/InformatePyCom","article_published_time":"2021-10-03T10:22:00+00:00","article_modified_time":"2022-09-27T23:49:22+00:00","og_image":[{"width":679,"height":446,"url":"https:\/\/i0.wp.com\/informatepy.com\/2022\/wp-content\/uploads\/2021\/08\/javier-milei.jpg?fit=679%2C446&ssl=1","type":"image\/jpeg"}],"author":"Redacci\u00f3n","twitter_card":"summary_large_image","twitter_creator":"@https:\/\/twitter.com\/InformatePy1","twitter_site":"@InformatePy1","twitter_misc":{"Escrito por":"Redacci\u00f3n","Tiempo de lectura":"2 minutos"},"schema":{"@context":"https:\/\/schema.org","@graph":[{"@type":"Article","@id":"https:\/\/informatepy.com\/2022\/2021\/10\/03\/milei-cerca-de-dejar-3-al-kirchernismo-en-la-capital-argentina\/#article","isPartOf":{"@id":"https:\/\/informatepy.com\/2022\/2021\/10\/03\/milei-cerca-de-dejar-3-al-kirchernismo-en-la-capital-argentina\/"},"author":{"name":"Redacci\u00f3n","@id":"https:\/\/informatepy.com\/2022\/#\/schema\/person\/e7c5b605ddfb77041eeddff4d93b26af"},"headline":"Milei cerca de dejar 3\u00b0 al kirchernismo en la capital Argentina","datePublished":"2021-10-03T10:22:00+00:00","dateModified":"2022-09-27T23:49:22+00:00","mainEntityOfPage":{"@id":"https:\/\/informatepy.com\/2022\/2021\/10\/03\/milei-cerca-de-dejar-3-al-kirchernismo-en-la-capital-argentina\/"},"wordCount":389,"commentCount":0,"publisher":{"@id":"https:\/\/informatepy.com\/2022\/#organization"},"image":{"@id":"https:\/\/informatepy.com\/2022\/2021\/10\/03\/milei-cerca-de-dejar-3-al-kirchernismo-en-la-capital-argentina\/#primaryimage"},"thumbnailUrl":"https:\/\/i0.wp.com\/informatepy.com\/2022\/wp-content\/uploads\/2021\/08\/javier-milei.jpg?fit=679%2C446&ssl=1","keywords":["argentina","destacada"],"articleSection":["Mundo"],"inLanguage":"es","potentialAction":[{"@type":"CommentAction","name":"Comment","target":["https:\/\/informatepy.com\/2022\/2021\/10\/03\/milei-cerca-de-dejar-3-al-kirchernismo-en-la-capital-argentina\/#respond"]}]},{"@type":"WebPage","@id":"https:\/\/informatepy.com\/2022\/2021\/10\/03\/milei-cerca-de-dejar-3-al-kirchernismo-en-la-capital-argentina\/","url":"https:\/\/informatepy.com\/2022\/2021\/10\/03\/milei-cerca-de-dejar-3-al-kirchernismo-en-la-capital-argentina\/","name":"Milei cerca de dejar 3\u00b0 al kirchernismo en la capital Argentina - Informatepy.com","isPartOf":{"@id":"https:\/\/informatepy.com\/2022\/#website"},"primaryImageOfPage":{"@id":"https:\/\/informatepy.com\/2022\/2021\/10\/03\/milei-cerca-de-dejar-3-al-kirchernismo-en-la-capital-argentina\/#primaryimage"},"image":{"@id":"https:\/\/informatepy.com\/2022\/2021\/10\/03\/milei-cerca-de-dejar-3-al-kirchernismo-en-la-capital-argentina\/#primaryimage"},"thumbnailUrl":"https:\/\/i0.wp.com\/informatepy.com\/2022\/wp-content\/uploads\/2021\/08\/javier-milei.jpg?fit=679%2C446&ssl=1","datePublished":"2021-10-03T10:22:00+00:00","dateModified":"2022-09-27T23:49:22+00:00","breadcrumb":{"@id":"https:\/\/informatepy.com\/2022\/2021\/10\/03\/milei-cerca-de-dejar-3-al-kirchernismo-en-la-capital-argentina\/#breadcrumb"},"inLanguage":"es","potentialAction":[{"@type":"ReadAction","target":["https:\/\/informatepy.com\/2022\/2021\/10\/03\/milei-cerca-de-dejar-3-al-kirchernismo-en-la-capital-argentina\/"]}]},{"@type":"ImageObject","inLanguage":"es","@id":"https:\/\/informatepy.com\/2022\/2021\/10\/03\/milei-cerca-de-dejar-3-al-kirchernismo-en-la-capital-argentina\/#primaryimage","url":"https:\/\/i0.wp.com\/informatepy.com\/2022\/wp-content\/uploads\/2021\/08\/javier-milei.jpg?fit=679%2C446&ssl=1","contentUrl":"https:\/\/i0.wp.com\/informatepy.com\/2022\/wp-content\/uploads\/2021\/08\/javier-milei.jpg?fit=679%2C446&ssl=1","width":679,"height":446},{"@type":"BreadcrumbList","@id":"https:\/\/informatepy.com\/2022\/2021\/10\/03\/milei-cerca-de-dejar-3-al-kirchernismo-en-la-capital-argentina\/#breadcrumb","itemListElement":[{"@type":"ListItem","position":1,"name":"Portada","item":"https:\/\/informatepy.com\/2022\/"},{"@type":"ListItem","position":2,"name":"Milei cerca de dejar 3\u00b0 al kirchernismo en la capital Argentina"}]},{"@type":"WebSite","@id":"https:\/\/informatepy.com\/2022\/#website","url":"https:\/\/informatepy.com\/2022\/","name":"Informatepy.com","description":"La verdad, siempre!","publisher":{"@id":"https:\/\/informatepy.com\/2022\/#organization"},"potentialAction":[{"@type":"SearchAction","target":{"@type":"EntryPoint","urlTemplate":"https:\/\/informatepy.com\/2022\/?s={search_term_string}"},"query-input":{"@type":"PropertyValueSpecification","valueRequired":true,"valueName":"search_term_string"}}],"inLanguage":"es"},{"@type":"Organization","@id":"https:\/\/informatepy.com\/2022\/#organization","name":"Informatepy.com","url":"https:\/\/informatepy.com\/2022\/","logo":{"@type":"ImageObject","inLanguage":"es","@id":"https:\/\/informatepy.com\/2022\/#\/schema\/logo\/image\/","url":"https:\/\/i0.wp.com\/informatepy.com\/2022\/wp-content\/uploads\/2022\/09\/informatepy150-2.png?fit=589%2C150","contentUrl":"https:\/\/i0.wp.com\/informatepy.com\/2022\/wp-content\/uploads\/2022\/09\/informatepy150-2.png?fit=589%2C150","width":589,"height":150,"caption":"Informatepy.com"},"image":{"@id":"https:\/\/informatepy.com\/2022\/#\/schema\/logo\/image\/"},"sameAs":["https:\/\/www.facebook.com\/InformatePyCom","https:\/\/x.com\/InformatePy1"]},{"@type":"Person","@id":"https:\/\/informatepy.com\/2022\/#\/schema\/person\/e7c5b605ddfb77041eeddff4d93b26af","name":"Redacci\u00f3n","image":{"@type":"ImageObject","inLanguage":"es","@id":"https:\/\/informatepy.com\/2022\/wp-content\/uploads\/2023\/04\/Isologo-sin-fondo.pngce0c1b6da06ae20abaff417c2cdeea83","url":"https:\/\/informatepy.com\/2022\/wp-content\/uploads\/2023\/04\/Isologo-sin-fondo.png","contentUrl":"https:\/\/informatepy.com\/2022\/wp-content\/uploads\/2023\/04\/Isologo-sin-fondo.png","caption":"Redacci\u00f3n"},"sameAs":["https:\/\/www.facebook.com\/InformatePyCom","https:\/\/x.com\/https:\/\/twitter.com\/InformatePy1"],"url":"https:\/\/informatepy.com\/2022\/author\/redaccion\/"}]}},"jetpack_featured_media_url":"https:\/\/i0.wp.com\/informatepy.com\/2022\/wp-content\/uploads\/2021\/08\/javier-milei.jpg?fit=679%2C446&ssl=1","jetpack-related-posts":[],"jetpack_sharing_enabled":true,"jetpack_likes_enabled":true,"authors":[{"term_id":1037,"user_id":3,"is_guest":0,"slug":"redaccion","display_name":"Redacci\u00f3n","avatar_url":{"url":"https:\/\/informatepy.com\/2022\/wp-content\/uploads\/2023\/04\/Isologo-sin-fondo.png","url2x":"https:\/\/informatepy.com\/2022\/wp-content\/uploads\/2023\/04\/Isologo-sin-fondo.png"},"0":null,"1":"","2":"","3":"","4":"","5":"","6":"","7":"","8":""}],"amp_enabled":true,"_links":{"self":[{"href":"https:\/\/informatepy.com\/2022\/wp-json\/wp\/v2\/posts\/5451","targetHints":{"allow":["GET"]}}],"collection":[{"href":"https:\/\/informatepy.com\/2022\/wp-json\/wp\/v2\/posts"}],"about":[{"href":"https:\/\/informatepy.com\/2022\/wp-json\/wp\/v2\/types\/post"}],"author":[{"embeddable":true,"href":"https:\/\/informatepy.com\/2022\/wp-json\/wp\/v2\/users\/3"}],"replies":[{"embeddable":true,"href":"https:\/\/informatepy.com\/2022\/wp-json\/wp\/v2\/comments?post=5451"}],"version-history":[{"count":1,"href":"https:\/\/informatepy.com\/2022\/wp-json\/wp\/v2\/posts\/5451\/revisions"}],"predecessor-version":[{"id":13096,"href":"https:\/\/informatepy.com\/2022\/wp-json\/wp\/v2\/posts\/5451\/revisions\/13096"}],"wp:featuredmedia":[{"embeddable":true,"href":"https:\/\/informatepy.com\/2022\/wp-json\/wp\/v2\/media\/4755"}],"wp:attachment":[{"href":"https:\/\/informatepy.com\/2022\/wp-json\/wp\/v2\/media?parent=5451"}],"wp:term":[{"taxonomy":"category","embeddable":true,"href":"https:\/\/informatepy.com\/2022\/wp-json\/wp\/v2\/categories?post=5451"},{"taxonomy":"post_tag","embeddable":true,"href":"https:\/\/informatepy.com\/2022\/wp-json\/wp\/v2\/tags?post=5451"},{"taxonomy":"author","embeddable":true,"href":"https:\/\/informatepy.com\/2022\/wp-json\/wp\/v2\/ppma_author?post=5451"}],"curies":[{"name":"wp","href":"https:\/\/api.w.org\/{rel}","templated":true}]}}