{"id":23695,"date":"2024-02-27T12:12:27","date_gmt":"2024-02-27T15:12:27","guid":{"rendered":"https:\/\/informatepy.com\/2022\/?p=23695"},"modified":"2024-02-27T12:13:01","modified_gmt":"2024-02-27T15:13:01","slug":"manana-habra-feria-de-la-agricultura-familiar-en-la-costanera-de-asuncion","status":"publish","type":"post","link":"https:\/\/informatepy.com\/2022\/2024\/02\/27\/manana-habra-feria-de-la-agricultura-familiar-en-la-costanera-de-asuncion\/","title":{"rendered":"Ma\u00f1ana habr\u00e1 Feria de la \u00abAgricultura Familiar\u00bb en la Costanera de Asunci\u00f3n"},"content":{"rendered":"\n<p class=\"has-text-align-justify\">Ma\u00f1ana, 28 de febrero\u00a0se llevar\u00e1 adelante la Feria de la Agricultura Familiar denominada <strong>1ra.<\/strong>\u00a0 <strong>\u201cFeria de la Agricultura Familiar\u201d<\/strong>, en\u00a0<strong>la costanera de Asunci\u00f3n<\/strong>. La feria se desarrollar\u00e1 a partir de las 07:00 hasta agotar stock.<\/p>\n\n\n\n<p class=\"has-text-align-justify\">Los compradores podr\u00e1n acceder a productos frescos de calidad a precio justo como ser:\u00a0 <strong>queso Paraguay,\u00a0carne de cerdo, lech\u00f3n, cabra, oveja, gallina casera,\u00a0pato, huevo casero, choclo, harina de ma\u00edz, ajo, cebolla, poroto rojo, miel de abeja, man\u00ed, poroto manteca peky, habilla, poroto peky, almid\u00f3n, tomate, pimiento, mandioca, batata, verdeos en general, frutas de estaci\u00f3n, granos en general, variedad de comidas t\u00edpicas y tradicionales, artesan\u00eda, flores y plantas<\/strong>, entre otros.\u00a0<\/p>\n\n\n\n<p class=\"has-text-align-justify\">La actividad se llevar\u00e1 a cabo dentro del marco de alianza P\u00fablico-Privado y\u00a0<strong>beneficiar\u00e1 a 220 familias rurales procedentes de los Departamentos de\u00a0\u00d1eembuc\u00fa, Misiones, Central,\u00a0 Paraguar\u00ed, Caaguaz\u00fa y San Pedro<\/strong>, los productores Organizados son asistidos por la Direcci\u00f3n de Extensi\u00f3n Agraria y la Direcci\u00f3n de Comercializaci\u00f3n.<\/p>\n","protected":false},"excerpt":{"rendered":"<p>Ma\u00f1ana, 28 de febrero\u00a0se llevar\u00e1 adelante la Feria de la Agricultura Familiar denominada 1ra.\u00a0 \u201cFeria de la Agricultura Familiar\u201d, en\u00a0la costanera de Asunci\u00f3n. La feria se desarrollar\u00e1 a partir de las 07:00 hasta agotar stock. Los compradores podr\u00e1n acceder a productos frescos de calidad a precio justo como ser:\u00a0 queso Paraguay,\u00a0carne de cerdo, lech\u00f3n, cabra, [&hellip;]<\/p>\n","protected":false},"author":3,"featured_media":18898,"comment_status":"open","ping_status":"open","sticky":false,"template":"","format":"standard","meta":{"tdm_status":"","tdm_grid_status":"","footnotes":"","jetpack_publicize_message":"","jetpack_publicize_feature_enabled":false,"jetpack_social_post_already_shared":false,"jetpack_social_options":{"image_generator_settings":{"template":"highway","enabled":false}}},"categories":[1721],"tags":[1356,871,303,304],"ppma_author":[1037],"class_list":{"0":"post-23695","1":"post","2":"type-post","3":"status-publish","4":"format-standard","5":"has-post-thumbnail","7":"category-emprendedores","8":"tag-agricultura","9":"tag-destacada","10":"tag-mag","11":"tag-ministerio-agricultura"},"jetpack_publicize_connections":[],"yoast_head":"<!-- This site is optimized with the Yoast SEO plugin v27.4 - https:\/\/yoast.com\/product\/yoast-seo-wordpress\/ -->\n<title>Ma\u00f1ana habr\u00e1 Feria de la \u00abAgricultura Familiar\u00bb en la Costanera de Asunci\u00f3n - Informatepy.com<\/title>\n<meta name=\"robots\" content=\"index, follow, max-snippet:-1, max-image-preview:large, max-video-preview:-1\" \/>\n<link rel=\"canonical\" href=\"https:\/\/informatepy.com\/2022\/2024\/02\/27\/manana-habra-feria-de-la-agricultura-familiar-en-la-costanera-de-asuncion\/\" \/>\n<meta property=\"og:locale\" content=\"es_ES\" \/>\n<meta property=\"og:type\" content=\"article\" \/>\n<meta property=\"og:title\" content=\"Ma\u00f1ana habr\u00e1 Feria de la \u00abAgricultura Familiar\u00bb en la Costanera de Asunci\u00f3n - Informatepy.com\" \/>\n<meta property=\"og:description\" content=\"Ma\u00f1ana, 28 de febrero\u00a0se llevar\u00e1 adelante la Feria de la Agricultura Familiar denominada 1ra.\u00a0 \u201cFeria de la Agricultura Familiar\u201d, en\u00a0la costanera de Asunci\u00f3n. La feria se desarrollar\u00e1 a partir de las 07:00 hasta agotar stock. Los compradores podr\u00e1n acceder a productos frescos de calidad a precio justo como ser:\u00a0 queso Paraguay,\u00a0carne de cerdo, lech\u00f3n, cabra, [&hellip;]\" \/>\n<meta property=\"og:url\" content=\"https:\/\/informatepy.com\/2022\/2024\/02\/27\/manana-habra-feria-de-la-agricultura-familiar-en-la-costanera-de-asuncion\/\" \/>\n<meta property=\"og:site_name\" content=\"Informatepy.com\" \/>\n<meta property=\"article:publisher\" content=\"https:\/\/www.facebook.com\/InformatePyCom\" \/>\n<meta property=\"article:author\" content=\"https:\/\/www.facebook.com\/InformatePyCom\" \/>\n<meta property=\"article:published_time\" content=\"2024-02-27T15:12:27+00:00\" \/>\n<meta property=\"article:modified_time\" content=\"2024-02-27T15:13:01+00:00\" \/>\n<meta property=\"og:image\" content=\"https:\/\/informatepy.com\/2022\/wp-content\/uploads\/2023\/05\/feria-agricola-costanera.jpg\" \/>\n\t<meta property=\"og:image:width\" content=\"1280\" \/>\n\t<meta property=\"og:image:height\" content=\"854\" \/>\n\t<meta property=\"og:image:type\" content=\"image\/jpeg\" \/>\n<meta name=\"author\" content=\"Redacci\u00f3n\" \/>\n<meta name=\"twitter:card\" content=\"summary_large_image\" \/>\n<meta name=\"twitter:creator\" content=\"@https:\/\/twitter.com\/InformatePy1\" \/>\n<meta name=\"twitter:site\" content=\"@InformatePy1\" \/>\n<meta name=\"twitter:label1\" content=\"Escrito por\" \/>\n\t<meta name=\"twitter:data1\" content=\"Redacci\u00f3n\" \/>\n\t<meta name=\"twitter:label2\" content=\"Tiempo de lectura\" \/>\n\t<meta name=\"twitter:data2\" content=\"1 minuto\" \/>\n<script type=\"application\/ld+json\" class=\"yoast-schema-graph\">{\"@context\":\"https:\\\/\\\/schema.org\",\"@graph\":[{\"@type\":\"Article\",\"@id\":\"https:\\\/\\\/informatepy.com\\\/2022\\\/2024\\\/02\\\/27\\\/manana-habra-feria-de-la-agricultura-familiar-en-la-costanera-de-asuncion\\\/#article\",\"isPartOf\":{\"@id\":\"https:\\\/\\\/informatepy.com\\\/2022\\\/2024\\\/02\\\/27\\\/manana-habra-feria-de-la-agricultura-familiar-en-la-costanera-de-asuncion\\\/\"},\"author\":{\"name\":\"Redacci\u00f3n\",\"@id\":\"https:\\\/\\\/informatepy.com\\\/2022\\\/#\\\/schema\\\/person\\\/e7c5b605ddfb77041eeddff4d93b26af\"},\"headline\":\"Ma\u00f1ana habr\u00e1 Feria de la \u00abAgricultura Familiar\u00bb en la Costanera de Asunci\u00f3n\",\"datePublished\":\"2024-02-27T15:12:27+00:00\",\"dateModified\":\"2024-02-27T15:13:01+00:00\",\"mainEntityOfPage\":{\"@id\":\"https:\\\/\\\/informatepy.com\\\/2022\\\/2024\\\/02\\\/27\\\/manana-habra-feria-de-la-agricultura-familiar-en-la-costanera-de-asuncion\\\/\"},\"wordCount\":180,\"commentCount\":0,\"publisher\":{\"@id\":\"https:\\\/\\\/informatepy.com\\\/2022\\\/#organization\"},\"image\":{\"@id\":\"https:\\\/\\\/informatepy.com\\\/2022\\\/2024\\\/02\\\/27\\\/manana-habra-feria-de-la-agricultura-familiar-en-la-costanera-de-asuncion\\\/#primaryimage\"},\"thumbnailUrl\":\"https:\\\/\\\/i0.wp.com\\\/informatepy.com\\\/2022\\\/wp-content\\\/uploads\\\/2023\\\/05\\\/feria-agricola-costanera.jpg?fit=1280%2C854&ssl=1\",\"keywords\":[\"agricultura\",\"destacada\",\"mag\",\"ministerio agricultura\"],\"articleSection\":[\"Emprendedores\"],\"inLanguage\":\"es\",\"potentialAction\":[{\"@type\":\"CommentAction\",\"name\":\"Comment\",\"target\":[\"https:\\\/\\\/informatepy.com\\\/2022\\\/2024\\\/02\\\/27\\\/manana-habra-feria-de-la-agricultura-familiar-en-la-costanera-de-asuncion\\\/#respond\"]}]},{\"@type\":\"WebPage\",\"@id\":\"https:\\\/\\\/informatepy.com\\\/2022\\\/2024\\\/02\\\/27\\\/manana-habra-feria-de-la-agricultura-familiar-en-la-costanera-de-asuncion\\\/\",\"url\":\"https:\\\/\\\/informatepy.com\\\/2022\\\/2024\\\/02\\\/27\\\/manana-habra-feria-de-la-agricultura-familiar-en-la-costanera-de-asuncion\\\/\",\"name\":\"Ma\u00f1ana habr\u00e1 Feria de la \u00abAgricultura Familiar\u00bb en la Costanera de Asunci\u00f3n - Informatepy.com\",\"isPartOf\":{\"@id\":\"https:\\\/\\\/informatepy.com\\\/2022\\\/#website\"},\"primaryImageOfPage\":{\"@id\":\"https:\\\/\\\/informatepy.com\\\/2022\\\/2024\\\/02\\\/27\\\/manana-habra-feria-de-la-agricultura-familiar-en-la-costanera-de-asuncion\\\/#primaryimage\"},\"image\":{\"@id\":\"https:\\\/\\\/informatepy.com\\\/2022\\\/2024\\\/02\\\/27\\\/manana-habra-feria-de-la-agricultura-familiar-en-la-costanera-de-asuncion\\\/#primaryimage\"},\"thumbnailUrl\":\"https:\\\/\\\/i0.wp.com\\\/informatepy.com\\\/2022\\\/wp-content\\\/uploads\\\/2023\\\/05\\\/feria-agricola-costanera.jpg?fit=1280%2C854&ssl=1\",\"datePublished\":\"2024-02-27T15:12:27+00:00\",\"dateModified\":\"2024-02-27T15:13:01+00:00\",\"breadcrumb\":{\"@id\":\"https:\\\/\\\/informatepy.com\\\/2022\\\/2024\\\/02\\\/27\\\/manana-habra-feria-de-la-agricultura-familiar-en-la-costanera-de-asuncion\\\/#breadcrumb\"},\"inLanguage\":\"es\",\"potentialAction\":[{\"@type\":\"ReadAction\",\"target\":[\"https:\\\/\\\/informatepy.com\\\/2022\\\/2024\\\/02\\\/27\\\/manana-habra-feria-de-la-agricultura-familiar-en-la-costanera-de-asuncion\\\/\"]}]},{\"@type\":\"ImageObject\",\"inLanguage\":\"es\",\"@id\":\"https:\\\/\\\/informatepy.com\\\/2022\\\/2024\\\/02\\\/27\\\/manana-habra-feria-de-la-agricultura-familiar-en-la-costanera-de-asuncion\\\/#primaryimage\",\"url\":\"https:\\\/\\\/i0.wp.com\\\/informatepy.com\\\/2022\\\/wp-content\\\/uploads\\\/2023\\\/05\\\/feria-agricola-costanera.jpg?fit=1280%2C854&ssl=1\",\"contentUrl\":\"https:\\\/\\\/i0.wp.com\\\/informatepy.com\\\/2022\\\/wp-content\\\/uploads\\\/2023\\\/05\\\/feria-agricola-costanera.jpg?fit=1280%2C854&ssl=1\",\"width\":1280,\"height\":854,\"caption\":\"Imagen ilustrativa\"},{\"@type\":\"BreadcrumbList\",\"@id\":\"https:\\\/\\\/informatepy.com\\\/2022\\\/2024\\\/02\\\/27\\\/manana-habra-feria-de-la-agricultura-familiar-en-la-costanera-de-asuncion\\\/#breadcrumb\",\"itemListElement\":[{\"@type\":\"ListItem\",\"position\":1,\"name\":\"Portada\",\"item\":\"https:\\\/\\\/informatepy.com\\\/2022\\\/\"},{\"@type\":\"ListItem\",\"position\":2,\"name\":\"Ma\u00f1ana habr\u00e1 Feria de la \u00abAgricultura Familiar\u00bb en la Costanera de Asunci\u00f3n\"}]},{\"@type\":\"WebSite\",\"@id\":\"https:\\\/\\\/informatepy.com\\\/2022\\\/#website\",\"url\":\"https:\\\/\\\/informatepy.com\\\/2022\\\/\",\"name\":\"Informatepy.com\",\"description\":\"La verdad, siempre!\",\"publisher\":{\"@id\":\"https:\\\/\\\/informatepy.com\\\/2022\\\/#organization\"},\"potentialAction\":[{\"@type\":\"SearchAction\",\"target\":{\"@type\":\"EntryPoint\",\"urlTemplate\":\"https:\\\/\\\/informatepy.com\\\/2022\\\/?s={search_term_string}\"},\"query-input\":{\"@type\":\"PropertyValueSpecification\",\"valueRequired\":true,\"valueName\":\"search_term_string\"}}],\"inLanguage\":\"es\"},{\"@type\":\"Organization\",\"@id\":\"https:\\\/\\\/informatepy.com\\\/2022\\\/#organization\",\"name\":\"Informatepy.com\",\"url\":\"https:\\\/\\\/informatepy.com\\\/2022\\\/\",\"logo\":{\"@type\":\"ImageObject\",\"inLanguage\":\"es\",\"@id\":\"https:\\\/\\\/informatepy.com\\\/2022\\\/#\\\/schema\\\/logo\\\/image\\\/\",\"url\":\"https:\\\/\\\/i0.wp.com\\\/informatepy.com\\\/2022\\\/wp-content\\\/uploads\\\/2022\\\/09\\\/informatepy150-2.png?fit=589%2C150\",\"contentUrl\":\"https:\\\/\\\/i0.wp.com\\\/informatepy.com\\\/2022\\\/wp-content\\\/uploads\\\/2022\\\/09\\\/informatepy150-2.png?fit=589%2C150\",\"width\":589,\"height\":150,\"caption\":\"Informatepy.com\"},\"image\":{\"@id\":\"https:\\\/\\\/informatepy.com\\\/2022\\\/#\\\/schema\\\/logo\\\/image\\\/\"},\"sameAs\":[\"https:\\\/\\\/www.facebook.com\\\/InformatePyCom\",\"https:\\\/\\\/x.com\\\/InformatePy1\"]},{\"@type\":\"Person\",\"@id\":\"https:\\\/\\\/informatepy.com\\\/2022\\\/#\\\/schema\\\/person\\\/e7c5b605ddfb77041eeddff4d93b26af\",\"name\":\"Redacci\u00f3n\",\"image\":{\"@type\":\"ImageObject\",\"inLanguage\":\"es\",\"@id\":\"https:\\\/\\\/informatepy.com\\\/2022\\\/wp-content\\\/uploads\\\/2023\\\/04\\\/Isologo-sin-fondo.pngce0c1b6da06ae20abaff417c2cdeea83\",\"url\":\"https:\\\/\\\/informatepy.com\\\/2022\\\/wp-content\\\/uploads\\\/2023\\\/04\\\/Isologo-sin-fondo.png\",\"contentUrl\":\"https:\\\/\\\/informatepy.com\\\/2022\\\/wp-content\\\/uploads\\\/2023\\\/04\\\/Isologo-sin-fondo.png\",\"caption\":\"Redacci\u00f3n\"},\"sameAs\":[\"https:\\\/\\\/www.facebook.com\\\/InformatePyCom\",\"https:\\\/\\\/x.com\\\/https:\\\/\\\/twitter.com\\\/InformatePy1\"],\"url\":\"https:\\\/\\\/informatepy.com\\\/2022\\\/author\\\/redaccion\\\/\"}]}<\/script>\n<!-- \/ Yoast SEO plugin. -->","yoast_head_json":{"title":"Ma\u00f1ana habr\u00e1 Feria de la \u00abAgricultura Familiar\u00bb en la Costanera de Asunci\u00f3n - Informatepy.com","robots":{"index":"index","follow":"follow","max-snippet":"max-snippet:-1","max-image-preview":"max-image-preview:large","max-video-preview":"max-video-preview:-1"},"canonical":"https:\/\/informatepy.com\/2022\/2024\/02\/27\/manana-habra-feria-de-la-agricultura-familiar-en-la-costanera-de-asuncion\/","og_locale":"es_ES","og_type":"article","og_title":"Ma\u00f1ana habr\u00e1 Feria de la \u00abAgricultura Familiar\u00bb en la Costanera de Asunci\u00f3n - Informatepy.com","og_description":"Ma\u00f1ana, 28 de febrero\u00a0se llevar\u00e1 adelante la Feria de la Agricultura Familiar denominada 1ra.\u00a0 \u201cFeria de la Agricultura Familiar\u201d, en\u00a0la costanera de Asunci\u00f3n. La feria se desarrollar\u00e1 a partir de las 07:00 hasta agotar stock. Los compradores podr\u00e1n acceder a productos frescos de calidad a precio justo como ser:\u00a0 queso Paraguay,\u00a0carne de cerdo, lech\u00f3n, cabra, [&hellip;]","og_url":"https:\/\/informatepy.com\/2022\/2024\/02\/27\/manana-habra-feria-de-la-agricultura-familiar-en-la-costanera-de-asuncion\/","og_site_name":"Informatepy.com","article_publisher":"https:\/\/www.facebook.com\/InformatePyCom","article_author":"https:\/\/www.facebook.com\/InformatePyCom","article_published_time":"2024-02-27T15:12:27+00:00","article_modified_time":"2024-02-27T15:13:01+00:00","og_image":[{"width":1280,"height":854,"url":"https:\/\/informatepy.com\/2022\/wp-content\/uploads\/2023\/05\/feria-agricola-costanera.jpg","type":"image\/jpeg"}],"author":"Redacci\u00f3n","twitter_card":"summary_large_image","twitter_creator":"@https:\/\/twitter.com\/InformatePy1","twitter_site":"@InformatePy1","twitter_misc":{"Escrito por":"Redacci\u00f3n","Tiempo de lectura":"1 minuto"},"schema":{"@context":"https:\/\/schema.org","@graph":[{"@type":"Article","@id":"https:\/\/informatepy.com\/2022\/2024\/02\/27\/manana-habra-feria-de-la-agricultura-familiar-en-la-costanera-de-asuncion\/#article","isPartOf":{"@id":"https:\/\/informatepy.com\/2022\/2024\/02\/27\/manana-habra-feria-de-la-agricultura-familiar-en-la-costanera-de-asuncion\/"},"author":{"name":"Redacci\u00f3n","@id":"https:\/\/informatepy.com\/2022\/#\/schema\/person\/e7c5b605ddfb77041eeddff4d93b26af"},"headline":"Ma\u00f1ana habr\u00e1 Feria de la \u00abAgricultura Familiar\u00bb en la Costanera de Asunci\u00f3n","datePublished":"2024-02-27T15:12:27+00:00","dateModified":"2024-02-27T15:13:01+00:00","mainEntityOfPage":{"@id":"https:\/\/informatepy.com\/2022\/2024\/02\/27\/manana-habra-feria-de-la-agricultura-familiar-en-la-costanera-de-asuncion\/"},"wordCount":180,"commentCount":0,"publisher":{"@id":"https:\/\/informatepy.com\/2022\/#organization"},"image":{"@id":"https:\/\/informatepy.com\/2022\/2024\/02\/27\/manana-habra-feria-de-la-agricultura-familiar-en-la-costanera-de-asuncion\/#primaryimage"},"thumbnailUrl":"https:\/\/i0.wp.com\/informatepy.com\/2022\/wp-content\/uploads\/2023\/05\/feria-agricola-costanera.jpg?fit=1280%2C854&ssl=1","keywords":["agricultura","destacada","mag","ministerio agricultura"],"articleSection":["Emprendedores"],"inLanguage":"es","potentialAction":[{"@type":"CommentAction","name":"Comment","target":["https:\/\/informatepy.com\/2022\/2024\/02\/27\/manana-habra-feria-de-la-agricultura-familiar-en-la-costanera-de-asuncion\/#respond"]}]},{"@type":"WebPage","@id":"https:\/\/informatepy.com\/2022\/2024\/02\/27\/manana-habra-feria-de-la-agricultura-familiar-en-la-costanera-de-asuncion\/","url":"https:\/\/informatepy.com\/2022\/2024\/02\/27\/manana-habra-feria-de-la-agricultura-familiar-en-la-costanera-de-asuncion\/","name":"Ma\u00f1ana habr\u00e1 Feria de la \u00abAgricultura Familiar\u00bb en la Costanera de Asunci\u00f3n - Informatepy.com","isPartOf":{"@id":"https:\/\/informatepy.com\/2022\/#website"},"primaryImageOfPage":{"@id":"https:\/\/informatepy.com\/2022\/2024\/02\/27\/manana-habra-feria-de-la-agricultura-familiar-en-la-costanera-de-asuncion\/#primaryimage"},"image":{"@id":"https:\/\/informatepy.com\/2022\/2024\/02\/27\/manana-habra-feria-de-la-agricultura-familiar-en-la-costanera-de-asuncion\/#primaryimage"},"thumbnailUrl":"https:\/\/i0.wp.com\/informatepy.com\/2022\/wp-content\/uploads\/2023\/05\/feria-agricola-costanera.jpg?fit=1280%2C854&ssl=1","datePublished":"2024-02-27T15:12:27+00:00","dateModified":"2024-02-27T15:13:01+00:00","breadcrumb":{"@id":"https:\/\/informatepy.com\/2022\/2024\/02\/27\/manana-habra-feria-de-la-agricultura-familiar-en-la-costanera-de-asuncion\/#breadcrumb"},"inLanguage":"es","potentialAction":[{"@type":"ReadAction","target":["https:\/\/informatepy.com\/2022\/2024\/02\/27\/manana-habra-feria-de-la-agricultura-familiar-en-la-costanera-de-asuncion\/"]}]},{"@type":"ImageObject","inLanguage":"es","@id":"https:\/\/informatepy.com\/2022\/2024\/02\/27\/manana-habra-feria-de-la-agricultura-familiar-en-la-costanera-de-asuncion\/#primaryimage","url":"https:\/\/i0.wp.com\/informatepy.com\/2022\/wp-content\/uploads\/2023\/05\/feria-agricola-costanera.jpg?fit=1280%2C854&ssl=1","contentUrl":"https:\/\/i0.wp.com\/informatepy.com\/2022\/wp-content\/uploads\/2023\/05\/feria-agricola-costanera.jpg?fit=1280%2C854&ssl=1","width":1280,"height":854,"caption":"Imagen ilustrativa"},{"@type":"BreadcrumbList","@id":"https:\/\/informatepy.com\/2022\/2024\/02\/27\/manana-habra-feria-de-la-agricultura-familiar-en-la-costanera-de-asuncion\/#breadcrumb","itemListElement":[{"@type":"ListItem","position":1,"name":"Portada","item":"https:\/\/informatepy.com\/2022\/"},{"@type":"ListItem","position":2,"name":"Ma\u00f1ana habr\u00e1 Feria de la \u00abAgricultura Familiar\u00bb en la Costanera de Asunci\u00f3n"}]},{"@type":"WebSite","@id":"https:\/\/informatepy.com\/2022\/#website","url":"https:\/\/informatepy.com\/2022\/","name":"Informatepy.com","description":"La verdad, siempre!","publisher":{"@id":"https:\/\/informatepy.com\/2022\/#organization"},"potentialAction":[{"@type":"SearchAction","target":{"@type":"EntryPoint","urlTemplate":"https:\/\/informatepy.com\/2022\/?s={search_term_string}"},"query-input":{"@type":"PropertyValueSpecification","valueRequired":true,"valueName":"search_term_string"}}],"inLanguage":"es"},{"@type":"Organization","@id":"https:\/\/informatepy.com\/2022\/#organization","name":"Informatepy.com","url":"https:\/\/informatepy.com\/2022\/","logo":{"@type":"ImageObject","inLanguage":"es","@id":"https:\/\/informatepy.com\/2022\/#\/schema\/logo\/image\/","url":"https:\/\/i0.wp.com\/informatepy.com\/2022\/wp-content\/uploads\/2022\/09\/informatepy150-2.png?fit=589%2C150","contentUrl":"https:\/\/i0.wp.com\/informatepy.com\/2022\/wp-content\/uploads\/2022\/09\/informatepy150-2.png?fit=589%2C150","width":589,"height":150,"caption":"Informatepy.com"},"image":{"@id":"https:\/\/informatepy.com\/2022\/#\/schema\/logo\/image\/"},"sameAs":["https:\/\/www.facebook.com\/InformatePyCom","https:\/\/x.com\/InformatePy1"]},{"@type":"Person","@id":"https:\/\/informatepy.com\/2022\/#\/schema\/person\/e7c5b605ddfb77041eeddff4d93b26af","name":"Redacci\u00f3n","image":{"@type":"ImageObject","inLanguage":"es","@id":"https:\/\/informatepy.com\/2022\/wp-content\/uploads\/2023\/04\/Isologo-sin-fondo.pngce0c1b6da06ae20abaff417c2cdeea83","url":"https:\/\/informatepy.com\/2022\/wp-content\/uploads\/2023\/04\/Isologo-sin-fondo.png","contentUrl":"https:\/\/informatepy.com\/2022\/wp-content\/uploads\/2023\/04\/Isologo-sin-fondo.png","caption":"Redacci\u00f3n"},"sameAs":["https:\/\/www.facebook.com\/InformatePyCom","https:\/\/x.com\/https:\/\/twitter.com\/InformatePy1"],"url":"https:\/\/informatepy.com\/2022\/author\/redaccion\/"}]}},"jetpack_featured_media_url":"https:\/\/i0.wp.com\/informatepy.com\/2022\/wp-content\/uploads\/2023\/05\/feria-agricola-costanera.jpg?fit=1280%2C854&ssl=1","jetpack-related-posts":[],"jetpack_sharing_enabled":true,"jetpack_likes_enabled":true,"authors":[{"term_id":1037,"user_id":3,"is_guest":0,"slug":"redaccion","display_name":"Redacci\u00f3n","avatar_url":{"url":"https:\/\/informatepy.com\/2022\/wp-content\/uploads\/2023\/04\/Isologo-sin-fondo.png","url2x":"https:\/\/informatepy.com\/2022\/wp-content\/uploads\/2023\/04\/Isologo-sin-fondo.png"},"0":null,"1":"","2":"","3":"","4":"","5":"","6":"","7":"","8":""}],"amp_enabled":true,"_links":{"self":[{"href":"https:\/\/informatepy.com\/2022\/wp-json\/wp\/v2\/posts\/23695","targetHints":{"allow":["GET"]}}],"collection":[{"href":"https:\/\/informatepy.com\/2022\/wp-json\/wp\/v2\/posts"}],"about":[{"href":"https:\/\/informatepy.com\/2022\/wp-json\/wp\/v2\/types\/post"}],"author":[{"embeddable":true,"href":"https:\/\/informatepy.com\/2022\/wp-json\/wp\/v2\/users\/3"}],"replies":[{"embeddable":true,"href":"https:\/\/informatepy.com\/2022\/wp-json\/wp\/v2\/comments?post=23695"}],"version-history":[{"count":2,"href":"https:\/\/informatepy.com\/2022\/wp-json\/wp\/v2\/posts\/23695\/revisions"}],"predecessor-version":[{"id":23697,"href":"https:\/\/informatepy.com\/2022\/wp-json\/wp\/v2\/posts\/23695\/revisions\/23697"}],"wp:featuredmedia":[{"embeddable":true,"href":"https:\/\/informatepy.com\/2022\/wp-json\/wp\/v2\/media\/18898"}],"wp:attachment":[{"href":"https:\/\/informatepy.com\/2022\/wp-json\/wp\/v2\/media?parent=23695"}],"wp:term":[{"taxonomy":"category","embeddable":true,"href":"https:\/\/informatepy.com\/2022\/wp-json\/wp\/v2\/categories?post=23695"},{"taxonomy":"post_tag","embeddable":true,"href":"https:\/\/informatepy.com\/2022\/wp-json\/wp\/v2\/tags?post=23695"},{"taxonomy":"author","embeddable":true,"href":"https:\/\/informatepy.com\/2022\/wp-json\/wp\/v2\/ppma_author?post=23695"}],"curies":[{"name":"wp","href":"https:\/\/api.w.org\/{rel}","templated":true}]}}