{"id":23686,"date":"2024-02-27T04:00:00","date_gmt":"2024-02-27T07:00:00","guid":{"rendered":"https:\/\/informatepy.com\/2022\/?p=23686"},"modified":"2024-02-26T16:49:05","modified_gmt":"2024-02-26T19:49:05","slug":"bukele-recibio-sus-credenciales-como-presidente-electo-de-el-salvador","status":"publish","type":"post","link":"https:\/\/informatepy.com\/2022\/2024\/02\/27\/bukele-recibio-sus-credenciales-como-presidente-electo-de-el-salvador\/","title":{"rendered":"Bukele recibi\u00f3 sus credenciales como presidente electo de El Salvador"},"content":{"rendered":"\n<p class=\"has-text-align-justify\"><strong>Nayib Bukele<\/strong>, del Partido Nuevas Ideas (NI), recibi\u00f3 las credenciales que lo acreditan como presidente de El Salvador tras ser ratificada su victoria en las elecciones del 4 de febrero, inform\u00f3 el Tribunal Supremo Electoral (TSE).<\/p>\n\n\n\n<p class=\"has-text-align-justify\"><strong><em>\u201cSe declaran electos presidente y vicepresidente de la Rep\u00fablica de El Salvador al se\u00f1or Nayib Armando Bukele Ortez y el se\u00f1or F\u00e9lix Ulloa hijo, respectivamente, postulados por el partido pol\u00edtico de Nuevas Ideas, quienes fungir\u00e1n para el per\u00edodo constitucional comprendido del 1 de junio de 2024 al 1 de junio de 2029\u201d<\/em><\/strong>, declar\u00f3 el \u00f3rgano.<\/p>\n\n\n\n<p class=\"has-text-align-justify\">Los datos divulgados por el ente rector de los comicios precisan que NI obtuvo dos millones 701 mil 725 votos v\u00e1lidos, equivalentes al 84,65 por ciento del total de sufragios emitidos, con una ausencia a las urnas de cerca del 47 por ciento del padr\u00f3n electoral.<\/p>\n","protected":false},"excerpt":{"rendered":"<p>Nayib Bukele, del Partido Nuevas Ideas (NI), recibi\u00f3 las credenciales que lo acreditan como presidente de El Salvador tras ser ratificada su victoria en las elecciones del 4 de febrero, inform\u00f3 el Tribunal Supremo Electoral (TSE). \u201cSe declaran electos presidente y vicepresidente de la Rep\u00fablica de El Salvador al se\u00f1or Nayib Armando Bukele Ortez y [&hellip;]<\/p>\n","protected":false},"author":3,"featured_media":23687,"comment_status":"open","ping_status":"open","sticky":false,"template":"","format":"standard","meta":{"tdm_status":"","tdm_grid_status":"","footnotes":"","jetpack_publicize_message":"","jetpack_publicize_feature_enabled":false,"jetpack_social_post_already_shared":true,"jetpack_social_options":{"image_generator_settings":{"template":"highway","enabled":false}}},"categories":[14],"tags":[871,1073,1074],"ppma_author":[1037],"class_list":{"0":"post-23686","1":"post","2":"type-post","3":"status-publish","4":"format-standard","5":"has-post-thumbnail","7":"category-mundo","8":"tag-destacada","9":"tag-el-salvador","10":"tag-nayib-bukele"},"jetpack_publicize_connections":[],"yoast_head":"<!-- This site is optimized with the Yoast SEO plugin v27.5 - https:\/\/yoast.com\/product\/yoast-seo-wordpress\/ -->\n<title>Bukele recibi\u00f3 sus credenciales como presidente electo de El Salvador - Informatepy.com<\/title>\n<meta name=\"robots\" content=\"index, follow, max-snippet:-1, max-image-preview:large, max-video-preview:-1\" \/>\n<link rel=\"canonical\" href=\"https:\/\/informatepy.com\/2022\/2024\/02\/27\/bukele-recibio-sus-credenciales-como-presidente-electo-de-el-salvador\/\" \/>\n<meta property=\"og:locale\" content=\"es_ES\" \/>\n<meta property=\"og:type\" content=\"article\" \/>\n<meta property=\"og:title\" content=\"Bukele recibi\u00f3 sus credenciales como presidente electo de El Salvador - Informatepy.com\" \/>\n<meta property=\"og:description\" content=\"Nayib Bukele, del Partido Nuevas Ideas (NI), recibi\u00f3 las credenciales que lo acreditan como presidente de El Salvador tras ser ratificada su victoria en las elecciones del 4 de febrero, inform\u00f3 el Tribunal Supremo Electoral (TSE). \u201cSe declaran electos presidente y vicepresidente de la Rep\u00fablica de El Salvador al se\u00f1or Nayib Armando Bukele Ortez y [&hellip;]\" \/>\n<meta property=\"og:url\" content=\"https:\/\/informatepy.com\/2022\/2024\/02\/27\/bukele-recibio-sus-credenciales-como-presidente-electo-de-el-salvador\/\" \/>\n<meta property=\"og:site_name\" content=\"Informatepy.com\" \/>\n<meta property=\"article:publisher\" content=\"https:\/\/www.facebook.com\/InformatePyCom\" \/>\n<meta property=\"article:author\" content=\"https:\/\/www.facebook.com\/InformatePyCom\" \/>\n<meta property=\"article:published_time\" content=\"2024-02-27T07:00:00+00:00\" \/>\n<meta property=\"og:image\" content=\"https:\/\/i0.wp.com\/informatepy.com\/2022\/wp-content\/uploads\/2024\/02\/nayib-bukele.jpg?fit=1280%2C768&ssl=1\" \/>\n\t<meta property=\"og:image:width\" content=\"1280\" \/>\n\t<meta property=\"og:image:height\" content=\"768\" \/>\n\t<meta property=\"og:image:type\" content=\"image\/jpeg\" \/>\n<meta name=\"author\" content=\"Redacci\u00f3n\" \/>\n<meta name=\"twitter:card\" content=\"summary_large_image\" \/>\n<meta name=\"twitter:creator\" content=\"@https:\/\/twitter.com\/InformatePy1\" \/>\n<meta name=\"twitter:site\" content=\"@InformatePy1\" \/>\n<meta name=\"twitter:label1\" content=\"Escrito por\" \/>\n\t<meta name=\"twitter:data1\" content=\"Redacci\u00f3n\" \/>\n\t<meta name=\"twitter:label2\" content=\"Tiempo de lectura\" \/>\n\t<meta name=\"twitter:data2\" content=\"1 minuto\" \/>\n<script type=\"application\/ld+json\" class=\"yoast-schema-graph\">{\"@context\":\"https:\\\/\\\/schema.org\",\"@graph\":[{\"@type\":\"Article\",\"@id\":\"https:\\\/\\\/informatepy.com\\\/2022\\\/2024\\\/02\\\/27\\\/bukele-recibio-sus-credenciales-como-presidente-electo-de-el-salvador\\\/#article\",\"isPartOf\":{\"@id\":\"https:\\\/\\\/informatepy.com\\\/2022\\\/2024\\\/02\\\/27\\\/bukele-recibio-sus-credenciales-como-presidente-electo-de-el-salvador\\\/\"},\"author\":{\"name\":\"Redacci\u00f3n\",\"@id\":\"https:\\\/\\\/informatepy.com\\\/2022\\\/#\\\/schema\\\/person\\\/e7c5b605ddfb77041eeddff4d93b26af\"},\"headline\":\"Bukele recibi\u00f3 sus credenciales como presidente electo de El Salvador\",\"datePublished\":\"2024-02-27T07:00:00+00:00\",\"mainEntityOfPage\":{\"@id\":\"https:\\\/\\\/informatepy.com\\\/2022\\\/2024\\\/02\\\/27\\\/bukele-recibio-sus-credenciales-como-presidente-electo-de-el-salvador\\\/\"},\"wordCount\":147,\"commentCount\":0,\"publisher\":{\"@id\":\"https:\\\/\\\/informatepy.com\\\/2022\\\/#organization\"},\"image\":{\"@id\":\"https:\\\/\\\/informatepy.com\\\/2022\\\/2024\\\/02\\\/27\\\/bukele-recibio-sus-credenciales-como-presidente-electo-de-el-salvador\\\/#primaryimage\"},\"thumbnailUrl\":\"https:\\\/\\\/i0.wp.com\\\/informatepy.com\\\/2022\\\/wp-content\\\/uploads\\\/2024\\\/02\\\/nayib-bukele.jpg?fit=1280%2C768&ssl=1\",\"keywords\":[\"destacada\",\"el salvador\",\"nayib bukele\"],\"articleSection\":[\"Mundo\"],\"inLanguage\":\"es\",\"potentialAction\":[{\"@type\":\"CommentAction\",\"name\":\"Comment\",\"target\":[\"https:\\\/\\\/informatepy.com\\\/2022\\\/2024\\\/02\\\/27\\\/bukele-recibio-sus-credenciales-como-presidente-electo-de-el-salvador\\\/#respond\"]}]},{\"@type\":\"WebPage\",\"@id\":\"https:\\\/\\\/informatepy.com\\\/2022\\\/2024\\\/02\\\/27\\\/bukele-recibio-sus-credenciales-como-presidente-electo-de-el-salvador\\\/\",\"url\":\"https:\\\/\\\/informatepy.com\\\/2022\\\/2024\\\/02\\\/27\\\/bukele-recibio-sus-credenciales-como-presidente-electo-de-el-salvador\\\/\",\"name\":\"Bukele recibi\u00f3 sus credenciales como presidente electo de El Salvador - Informatepy.com\",\"isPartOf\":{\"@id\":\"https:\\\/\\\/informatepy.com\\\/2022\\\/#website\"},\"primaryImageOfPage\":{\"@id\":\"https:\\\/\\\/informatepy.com\\\/2022\\\/2024\\\/02\\\/27\\\/bukele-recibio-sus-credenciales-como-presidente-electo-de-el-salvador\\\/#primaryimage\"},\"image\":{\"@id\":\"https:\\\/\\\/informatepy.com\\\/2022\\\/2024\\\/02\\\/27\\\/bukele-recibio-sus-credenciales-como-presidente-electo-de-el-salvador\\\/#primaryimage\"},\"thumbnailUrl\":\"https:\\\/\\\/i0.wp.com\\\/informatepy.com\\\/2022\\\/wp-content\\\/uploads\\\/2024\\\/02\\\/nayib-bukele.jpg?fit=1280%2C768&ssl=1\",\"datePublished\":\"2024-02-27T07:00:00+00:00\",\"breadcrumb\":{\"@id\":\"https:\\\/\\\/informatepy.com\\\/2022\\\/2024\\\/02\\\/27\\\/bukele-recibio-sus-credenciales-como-presidente-electo-de-el-salvador\\\/#breadcrumb\"},\"inLanguage\":\"es\",\"potentialAction\":[{\"@type\":\"ReadAction\",\"target\":[\"https:\\\/\\\/informatepy.com\\\/2022\\\/2024\\\/02\\\/27\\\/bukele-recibio-sus-credenciales-como-presidente-electo-de-el-salvador\\\/\"]}]},{\"@type\":\"ImageObject\",\"inLanguage\":\"es\",\"@id\":\"https:\\\/\\\/informatepy.com\\\/2022\\\/2024\\\/02\\\/27\\\/bukele-recibio-sus-credenciales-como-presidente-electo-de-el-salvador\\\/#primaryimage\",\"url\":\"https:\\\/\\\/i0.wp.com\\\/informatepy.com\\\/2022\\\/wp-content\\\/uploads\\\/2024\\\/02\\\/nayib-bukele.jpg?fit=1280%2C768&ssl=1\",\"contentUrl\":\"https:\\\/\\\/i0.wp.com\\\/informatepy.com\\\/2022\\\/wp-content\\\/uploads\\\/2024\\\/02\\\/nayib-bukele.jpg?fit=1280%2C768&ssl=1\",\"width\":1280,\"height\":768},{\"@type\":\"BreadcrumbList\",\"@id\":\"https:\\\/\\\/informatepy.com\\\/2022\\\/2024\\\/02\\\/27\\\/bukele-recibio-sus-credenciales-como-presidente-electo-de-el-salvador\\\/#breadcrumb\",\"itemListElement\":[{\"@type\":\"ListItem\",\"position\":1,\"name\":\"Portada\",\"item\":\"https:\\\/\\\/informatepy.com\\\/2022\\\/\"},{\"@type\":\"ListItem\",\"position\":2,\"name\":\"Bukele recibi\u00f3 sus credenciales como presidente electo de El Salvador\"}]},{\"@type\":\"WebSite\",\"@id\":\"https:\\\/\\\/informatepy.com\\\/2022\\\/#website\",\"url\":\"https:\\\/\\\/informatepy.com\\\/2022\\\/\",\"name\":\"Informatepy.com\",\"description\":\"La verdad, siempre!\",\"publisher\":{\"@id\":\"https:\\\/\\\/informatepy.com\\\/2022\\\/#organization\"},\"potentialAction\":[{\"@type\":\"SearchAction\",\"target\":{\"@type\":\"EntryPoint\",\"urlTemplate\":\"https:\\\/\\\/informatepy.com\\\/2022\\\/?s={search_term_string}\"},\"query-input\":{\"@type\":\"PropertyValueSpecification\",\"valueRequired\":true,\"valueName\":\"search_term_string\"}}],\"inLanguage\":\"es\"},{\"@type\":\"Organization\",\"@id\":\"https:\\\/\\\/informatepy.com\\\/2022\\\/#organization\",\"name\":\"Informatepy.com\",\"url\":\"https:\\\/\\\/informatepy.com\\\/2022\\\/\",\"logo\":{\"@type\":\"ImageObject\",\"inLanguage\":\"es\",\"@id\":\"https:\\\/\\\/informatepy.com\\\/2022\\\/#\\\/schema\\\/logo\\\/image\\\/\",\"url\":\"https:\\\/\\\/i0.wp.com\\\/informatepy.com\\\/2022\\\/wp-content\\\/uploads\\\/2022\\\/09\\\/informatepy150-2.png?fit=589%2C150\",\"contentUrl\":\"https:\\\/\\\/i0.wp.com\\\/informatepy.com\\\/2022\\\/wp-content\\\/uploads\\\/2022\\\/09\\\/informatepy150-2.png?fit=589%2C150\",\"width\":589,\"height\":150,\"caption\":\"Informatepy.com\"},\"image\":{\"@id\":\"https:\\\/\\\/informatepy.com\\\/2022\\\/#\\\/schema\\\/logo\\\/image\\\/\"},\"sameAs\":[\"https:\\\/\\\/www.facebook.com\\\/InformatePyCom\",\"https:\\\/\\\/x.com\\\/InformatePy1\"]},{\"@type\":\"Person\",\"@id\":\"https:\\\/\\\/informatepy.com\\\/2022\\\/#\\\/schema\\\/person\\\/e7c5b605ddfb77041eeddff4d93b26af\",\"name\":\"Redacci\u00f3n\",\"image\":{\"@type\":\"ImageObject\",\"inLanguage\":\"es\",\"@id\":\"https:\\\/\\\/informatepy.com\\\/2022\\\/wp-content\\\/uploads\\\/2023\\\/04\\\/Isologo-sin-fondo.pngce0c1b6da06ae20abaff417c2cdeea83\",\"url\":\"https:\\\/\\\/informatepy.com\\\/2022\\\/wp-content\\\/uploads\\\/2023\\\/04\\\/Isologo-sin-fondo.png\",\"contentUrl\":\"https:\\\/\\\/informatepy.com\\\/2022\\\/wp-content\\\/uploads\\\/2023\\\/04\\\/Isologo-sin-fondo.png\",\"caption\":\"Redacci\u00f3n\"},\"sameAs\":[\"https:\\\/\\\/www.facebook.com\\\/InformatePyCom\",\"https:\\\/\\\/x.com\\\/https:\\\/\\\/twitter.com\\\/InformatePy1\"],\"url\":\"https:\\\/\\\/informatepy.com\\\/2022\\\/author\\\/redaccion\\\/\"}]}<\/script>\n<!-- \/ Yoast SEO plugin. -->","yoast_head_json":{"title":"Bukele recibi\u00f3 sus credenciales como presidente electo de El Salvador - Informatepy.com","robots":{"index":"index","follow":"follow","max-snippet":"max-snippet:-1","max-image-preview":"max-image-preview:large","max-video-preview":"max-video-preview:-1"},"canonical":"https:\/\/informatepy.com\/2022\/2024\/02\/27\/bukele-recibio-sus-credenciales-como-presidente-electo-de-el-salvador\/","og_locale":"es_ES","og_type":"article","og_title":"Bukele recibi\u00f3 sus credenciales como presidente electo de El Salvador - Informatepy.com","og_description":"Nayib Bukele, del Partido Nuevas Ideas (NI), recibi\u00f3 las credenciales que lo acreditan como presidente de El Salvador tras ser ratificada su victoria en las elecciones del 4 de febrero, inform\u00f3 el Tribunal Supremo Electoral (TSE). \u201cSe declaran electos presidente y vicepresidente de la Rep\u00fablica de El Salvador al se\u00f1or Nayib Armando Bukele Ortez y [&hellip;]","og_url":"https:\/\/informatepy.com\/2022\/2024\/02\/27\/bukele-recibio-sus-credenciales-como-presidente-electo-de-el-salvador\/","og_site_name":"Informatepy.com","article_publisher":"https:\/\/www.facebook.com\/InformatePyCom","article_author":"https:\/\/www.facebook.com\/InformatePyCom","article_published_time":"2024-02-27T07:00:00+00:00","og_image":[{"width":1280,"height":768,"url":"https:\/\/i0.wp.com\/informatepy.com\/2022\/wp-content\/uploads\/2024\/02\/nayib-bukele.jpg?fit=1280%2C768&ssl=1","type":"image\/jpeg"}],"author":"Redacci\u00f3n","twitter_card":"summary_large_image","twitter_creator":"@https:\/\/twitter.com\/InformatePy1","twitter_site":"@InformatePy1","twitter_misc":{"Escrito por":"Redacci\u00f3n","Tiempo de lectura":"1 minuto"},"schema":{"@context":"https:\/\/schema.org","@graph":[{"@type":"Article","@id":"https:\/\/informatepy.com\/2022\/2024\/02\/27\/bukele-recibio-sus-credenciales-como-presidente-electo-de-el-salvador\/#article","isPartOf":{"@id":"https:\/\/informatepy.com\/2022\/2024\/02\/27\/bukele-recibio-sus-credenciales-como-presidente-electo-de-el-salvador\/"},"author":{"name":"Redacci\u00f3n","@id":"https:\/\/informatepy.com\/2022\/#\/schema\/person\/e7c5b605ddfb77041eeddff4d93b26af"},"headline":"Bukele recibi\u00f3 sus credenciales como presidente electo de El Salvador","datePublished":"2024-02-27T07:00:00+00:00","mainEntityOfPage":{"@id":"https:\/\/informatepy.com\/2022\/2024\/02\/27\/bukele-recibio-sus-credenciales-como-presidente-electo-de-el-salvador\/"},"wordCount":147,"commentCount":0,"publisher":{"@id":"https:\/\/informatepy.com\/2022\/#organization"},"image":{"@id":"https:\/\/informatepy.com\/2022\/2024\/02\/27\/bukele-recibio-sus-credenciales-como-presidente-electo-de-el-salvador\/#primaryimage"},"thumbnailUrl":"https:\/\/i0.wp.com\/informatepy.com\/2022\/wp-content\/uploads\/2024\/02\/nayib-bukele.jpg?fit=1280%2C768&ssl=1","keywords":["destacada","el salvador","nayib bukele"],"articleSection":["Mundo"],"inLanguage":"es","potentialAction":[{"@type":"CommentAction","name":"Comment","target":["https:\/\/informatepy.com\/2022\/2024\/02\/27\/bukele-recibio-sus-credenciales-como-presidente-electo-de-el-salvador\/#respond"]}]},{"@type":"WebPage","@id":"https:\/\/informatepy.com\/2022\/2024\/02\/27\/bukele-recibio-sus-credenciales-como-presidente-electo-de-el-salvador\/","url":"https:\/\/informatepy.com\/2022\/2024\/02\/27\/bukele-recibio-sus-credenciales-como-presidente-electo-de-el-salvador\/","name":"Bukele recibi\u00f3 sus credenciales como presidente electo de El Salvador - Informatepy.com","isPartOf":{"@id":"https:\/\/informatepy.com\/2022\/#website"},"primaryImageOfPage":{"@id":"https:\/\/informatepy.com\/2022\/2024\/02\/27\/bukele-recibio-sus-credenciales-como-presidente-electo-de-el-salvador\/#primaryimage"},"image":{"@id":"https:\/\/informatepy.com\/2022\/2024\/02\/27\/bukele-recibio-sus-credenciales-como-presidente-electo-de-el-salvador\/#primaryimage"},"thumbnailUrl":"https:\/\/i0.wp.com\/informatepy.com\/2022\/wp-content\/uploads\/2024\/02\/nayib-bukele.jpg?fit=1280%2C768&ssl=1","datePublished":"2024-02-27T07:00:00+00:00","breadcrumb":{"@id":"https:\/\/informatepy.com\/2022\/2024\/02\/27\/bukele-recibio-sus-credenciales-como-presidente-electo-de-el-salvador\/#breadcrumb"},"inLanguage":"es","potentialAction":[{"@type":"ReadAction","target":["https:\/\/informatepy.com\/2022\/2024\/02\/27\/bukele-recibio-sus-credenciales-como-presidente-electo-de-el-salvador\/"]}]},{"@type":"ImageObject","inLanguage":"es","@id":"https:\/\/informatepy.com\/2022\/2024\/02\/27\/bukele-recibio-sus-credenciales-como-presidente-electo-de-el-salvador\/#primaryimage","url":"https:\/\/i0.wp.com\/informatepy.com\/2022\/wp-content\/uploads\/2024\/02\/nayib-bukele.jpg?fit=1280%2C768&ssl=1","contentUrl":"https:\/\/i0.wp.com\/informatepy.com\/2022\/wp-content\/uploads\/2024\/02\/nayib-bukele.jpg?fit=1280%2C768&ssl=1","width":1280,"height":768},{"@type":"BreadcrumbList","@id":"https:\/\/informatepy.com\/2022\/2024\/02\/27\/bukele-recibio-sus-credenciales-como-presidente-electo-de-el-salvador\/#breadcrumb","itemListElement":[{"@type":"ListItem","position":1,"name":"Portada","item":"https:\/\/informatepy.com\/2022\/"},{"@type":"ListItem","position":2,"name":"Bukele recibi\u00f3 sus credenciales como presidente electo de El Salvador"}]},{"@type":"WebSite","@id":"https:\/\/informatepy.com\/2022\/#website","url":"https:\/\/informatepy.com\/2022\/","name":"Informatepy.com","description":"La verdad, siempre!","publisher":{"@id":"https:\/\/informatepy.com\/2022\/#organization"},"potentialAction":[{"@type":"SearchAction","target":{"@type":"EntryPoint","urlTemplate":"https:\/\/informatepy.com\/2022\/?s={search_term_string}"},"query-input":{"@type":"PropertyValueSpecification","valueRequired":true,"valueName":"search_term_string"}}],"inLanguage":"es"},{"@type":"Organization","@id":"https:\/\/informatepy.com\/2022\/#organization","name":"Informatepy.com","url":"https:\/\/informatepy.com\/2022\/","logo":{"@type":"ImageObject","inLanguage":"es","@id":"https:\/\/informatepy.com\/2022\/#\/schema\/logo\/image\/","url":"https:\/\/i0.wp.com\/informatepy.com\/2022\/wp-content\/uploads\/2022\/09\/informatepy150-2.png?fit=589%2C150","contentUrl":"https:\/\/i0.wp.com\/informatepy.com\/2022\/wp-content\/uploads\/2022\/09\/informatepy150-2.png?fit=589%2C150","width":589,"height":150,"caption":"Informatepy.com"},"image":{"@id":"https:\/\/informatepy.com\/2022\/#\/schema\/logo\/image\/"},"sameAs":["https:\/\/www.facebook.com\/InformatePyCom","https:\/\/x.com\/InformatePy1"]},{"@type":"Person","@id":"https:\/\/informatepy.com\/2022\/#\/schema\/person\/e7c5b605ddfb77041eeddff4d93b26af","name":"Redacci\u00f3n","image":{"@type":"ImageObject","inLanguage":"es","@id":"https:\/\/informatepy.com\/2022\/wp-content\/uploads\/2023\/04\/Isologo-sin-fondo.pngce0c1b6da06ae20abaff417c2cdeea83","url":"https:\/\/informatepy.com\/2022\/wp-content\/uploads\/2023\/04\/Isologo-sin-fondo.png","contentUrl":"https:\/\/informatepy.com\/2022\/wp-content\/uploads\/2023\/04\/Isologo-sin-fondo.png","caption":"Redacci\u00f3n"},"sameAs":["https:\/\/www.facebook.com\/InformatePyCom","https:\/\/x.com\/https:\/\/twitter.com\/InformatePy1"],"url":"https:\/\/informatepy.com\/2022\/author\/redaccion\/"}]}},"jetpack_featured_media_url":"https:\/\/i0.wp.com\/informatepy.com\/2022\/wp-content\/uploads\/2024\/02\/nayib-bukele.jpg?fit=1280%2C768&ssl=1","jetpack-related-posts":[],"jetpack_sharing_enabled":true,"jetpack_likes_enabled":true,"authors":[{"term_id":1037,"user_id":3,"is_guest":0,"slug":"redaccion","display_name":"Redacci\u00f3n","avatar_url":{"url":"https:\/\/informatepy.com\/2022\/wp-content\/uploads\/2023\/04\/Isologo-sin-fondo.png","url2x":"https:\/\/informatepy.com\/2022\/wp-content\/uploads\/2023\/04\/Isologo-sin-fondo.png"},"0":null,"1":"","2":"","3":"","4":"","5":"","6":"","7":"","8":""}],"amp_enabled":true,"_links":{"self":[{"href":"https:\/\/informatepy.com\/2022\/wp-json\/wp\/v2\/posts\/23686","targetHints":{"allow":["GET"]}}],"collection":[{"href":"https:\/\/informatepy.com\/2022\/wp-json\/wp\/v2\/posts"}],"about":[{"href":"https:\/\/informatepy.com\/2022\/wp-json\/wp\/v2\/types\/post"}],"author":[{"embeddable":true,"href":"https:\/\/informatepy.com\/2022\/wp-json\/wp\/v2\/users\/3"}],"replies":[{"embeddable":true,"href":"https:\/\/informatepy.com\/2022\/wp-json\/wp\/v2\/comments?post=23686"}],"version-history":[{"count":1,"href":"https:\/\/informatepy.com\/2022\/wp-json\/wp\/v2\/posts\/23686\/revisions"}],"predecessor-version":[{"id":23688,"href":"https:\/\/informatepy.com\/2022\/wp-json\/wp\/v2\/posts\/23686\/revisions\/23688"}],"wp:featuredmedia":[{"embeddable":true,"href":"https:\/\/informatepy.com\/2022\/wp-json\/wp\/v2\/media\/23687"}],"wp:attachment":[{"href":"https:\/\/informatepy.com\/2022\/wp-json\/wp\/v2\/media?parent=23686"}],"wp:term":[{"taxonomy":"category","embeddable":true,"href":"https:\/\/informatepy.com\/2022\/wp-json\/wp\/v2\/categories?post=23686"},{"taxonomy":"post_tag","embeddable":true,"href":"https:\/\/informatepy.com\/2022\/wp-json\/wp\/v2\/tags?post=23686"},{"taxonomy":"author","embeddable":true,"href":"https:\/\/informatepy.com\/2022\/wp-json\/wp\/v2\/ppma_author?post=23686"}],"curies":[{"name":"wp","href":"https:\/\/api.w.org\/{rel}","templated":true}]}}