{"id":23476,"date":"2024-02-13T04:01:00","date_gmt":"2024-02-13T07:01:00","guid":{"rendered":"https:\/\/informatepy.com\/2022\/?p=23476"},"modified":"2024-02-12T15:47:30","modified_gmt":"2024-02-12T18:47:30","slug":"relatora-de-la-onu-califica-de-inaceptable-el-reclamo-israeli-para-la-liberacion-de-los-rehenes-secuestrados-por-hamas","status":"publish","type":"post","link":"https:\/\/informatepy.com\/2022\/2024\/02\/13\/relatora-de-la-onu-califica-de-inaceptable-el-reclamo-israeli-para-la-liberacion-de-los-rehenes-secuestrados-por-hamas\/","title":{"rendered":"Relatora de la ONU califica de \u00abinaceptable\u00bb el reclamo israel\u00ed para la liberaci\u00f3n de los rehenes secuestrados por Ham\u00e1s"},"content":{"rendered":"\n<p class=\"has-text-align-justify\">La Relatora Especial de las <strong>Naciones Unidas para los Territorios Palestinos, Francesca Albanese<\/strong>, reaccion\u00f3 a la demanda de liberaci\u00f3n de los rehenes secuestrados por Ham\u00e1s el 7 de octubre, tild\u00e1ndola de <em><strong>\u201cinaceptable\u201d.<\/strong><\/em><\/p>\n\n\n\n<p class=\"has-text-align-justify\">Este esc\u00e1ndalo se desata despu\u00e9s de que se conociera que las Naciones Unidas ten\u00edan contratados a muchos de los terroristas que perpetraron los cr\u00edmenes del mes de octubre, como el caso de un \u00abprofesor\u00bb de la <strong>UNRWA <\/strong>que mantuvo a uno de los rehenes en un \u00e1tico, privado de comida y atenci\u00f3n m\u00e9dica durante 50 d\u00edas.<\/p>\n\n\n\n<p class=\"has-text-align-justify\">Albanese, tambi\u00e9n hab\u00eda expresado su indignaci\u00f3n con el presidente franc\u00e9s, <strong>Emmanuel Macron<\/strong>, quien se hab\u00eda referido a la masacre del 7 de octubre como <strong><em>\u201cla mayor masacre antisemita de nuestro siglo\u201d<\/em><\/strong>, insistiendo en que la matanza de 1.200 israel\u00edes fue simplemente una <strong><em>\u201crespuesta a la opresi\u00f3n de Israel\u201d.<\/em><\/strong><\/p>\n\n\n\n<figure class=\"wp-block-pullquote\"><blockquote><p>\u00bfLa \u00abmayor masacre antisemita de nuestro siglo\u00bb? No, se\u00f1or @EmmanuelMacron. Las v\u00edctimas del 7\/10 no fueron asesinadas por su juda\u00edsmo sino en respuesta a la opresi\u00f3n de Israel. Francia y la comunidad internacional no hicieron nada para evitarlo. Mis respetos a las v\u00edctimas<\/p><cite>Francesca Albanese en X<\/cite><\/blockquote><\/figure>\n\n\n\n<p class=\"has-text-align-justify\">En respuesta, el gobierno israel\u00ed vet\u00f3 el ingreso de la funcionaria de las Naciones Unidas a Israel y los territorios ocupados.<\/p>\n","protected":false},"excerpt":{"rendered":"<p>La Relatora Especial de las Naciones Unidas para los Territorios Palestinos, Francesca Albanese, reaccion\u00f3 a la demanda de liberaci\u00f3n de los rehenes secuestrados por Ham\u00e1s el 7 de octubre, tild\u00e1ndola de \u201cinaceptable\u201d. Este esc\u00e1ndalo se desata despu\u00e9s de que se conociera que las Naciones Unidas ten\u00edan contratados a muchos de los terroristas que perpetraron los [&hellip;]<\/p>\n","protected":false},"author":3,"featured_media":23477,"comment_status":"open","ping_status":"open","sticky":false,"template":"","format":"standard","meta":{"tdm_status":"","tdm_grid_status":"","footnotes":"","jetpack_publicize_message":"","jetpack_publicize_feature_enabled":false,"jetpack_social_post_already_shared":true,"jetpack_social_options":{"image_generator_settings":{"template":"highway","enabled":false}}},"categories":[14],"tags":[871,224,529,530,480],"ppma_author":[1037],"class_list":{"0":"post-23476","1":"post","2":"type-post","3":"status-publish","4":"format-standard","5":"has-post-thumbnail","7":"category-mundo","8":"tag-destacada","9":"tag-israel","10":"tag-naciones-unidas","11":"tag-onu","12":"tag-palestina"},"jetpack_publicize_connections":[],"yoast_head":"<!-- This site is optimized with the Yoast SEO plugin v27.4 - https:\/\/yoast.com\/product\/yoast-seo-wordpress\/ -->\n<title>Relatora de la ONU califica de &quot;inaceptable&quot; el reclamo israel\u00ed para la liberaci\u00f3n de los rehenes secuestrados por Ham\u00e1s - Informatepy.com<\/title>\n<meta name=\"robots\" content=\"index, follow, max-snippet:-1, max-image-preview:large, max-video-preview:-1\" \/>\n<link rel=\"canonical\" href=\"https:\/\/informatepy.com\/2022\/2024\/02\/13\/relatora-de-la-onu-califica-de-inaceptable-el-reclamo-israeli-para-la-liberacion-de-los-rehenes-secuestrados-por-hamas\/\" \/>\n<meta property=\"og:locale\" content=\"es_ES\" \/>\n<meta property=\"og:type\" content=\"article\" \/>\n<meta property=\"og:title\" content=\"Relatora de la ONU califica de &quot;inaceptable&quot; el reclamo israel\u00ed para la liberaci\u00f3n de los rehenes secuestrados por Ham\u00e1s - Informatepy.com\" \/>\n<meta property=\"og:description\" content=\"La Relatora Especial de las Naciones Unidas para los Territorios Palestinos, Francesca Albanese, reaccion\u00f3 a la demanda de liberaci\u00f3n de los rehenes secuestrados por Ham\u00e1s el 7 de octubre, tild\u00e1ndola de \u201cinaceptable\u201d. Este esc\u00e1ndalo se desata despu\u00e9s de que se conociera que las Naciones Unidas ten\u00edan contratados a muchos de los terroristas que perpetraron los [&hellip;]\" \/>\n<meta property=\"og:url\" content=\"https:\/\/informatepy.com\/2022\/2024\/02\/13\/relatora-de-la-onu-califica-de-inaceptable-el-reclamo-israeli-para-la-liberacion-de-los-rehenes-secuestrados-por-hamas\/\" \/>\n<meta property=\"og:site_name\" content=\"Informatepy.com\" \/>\n<meta property=\"article:publisher\" content=\"https:\/\/www.facebook.com\/InformatePyCom\" \/>\n<meta property=\"article:author\" content=\"https:\/\/www.facebook.com\/InformatePyCom\" \/>\n<meta property=\"article:published_time\" content=\"2024-02-13T07:01:00+00:00\" \/>\n<meta property=\"og:image\" content=\"https:\/\/i0.wp.com\/informatepy.com\/2022\/wp-content\/uploads\/2024\/02\/albanese-francesca-palestina-onu.jpg?fit=1280%2C816&ssl=1\" \/>\n\t<meta property=\"og:image:width\" content=\"1280\" \/>\n\t<meta property=\"og:image:height\" content=\"816\" \/>\n\t<meta property=\"og:image:type\" content=\"image\/jpeg\" \/>\n<meta name=\"author\" content=\"Redacci\u00f3n\" \/>\n<meta name=\"twitter:card\" content=\"summary_large_image\" \/>\n<meta name=\"twitter:creator\" content=\"@https:\/\/twitter.com\/InformatePy1\" \/>\n<meta name=\"twitter:site\" content=\"@InformatePy1\" \/>\n<meta name=\"twitter:label1\" content=\"Escrito por\" \/>\n\t<meta name=\"twitter:data1\" content=\"Redacci\u00f3n\" \/>\n\t<meta name=\"twitter:label2\" content=\"Tiempo de lectura\" \/>\n\t<meta name=\"twitter:data2\" content=\"1 minuto\" \/>\n<script type=\"application\/ld+json\" class=\"yoast-schema-graph\">{\"@context\":\"https:\\\/\\\/schema.org\",\"@graph\":[{\"@type\":\"Article\",\"@id\":\"https:\\\/\\\/informatepy.com\\\/2022\\\/2024\\\/02\\\/13\\\/relatora-de-la-onu-califica-de-inaceptable-el-reclamo-israeli-para-la-liberacion-de-los-rehenes-secuestrados-por-hamas\\\/#article\",\"isPartOf\":{\"@id\":\"https:\\\/\\\/informatepy.com\\\/2022\\\/2024\\\/02\\\/13\\\/relatora-de-la-onu-califica-de-inaceptable-el-reclamo-israeli-para-la-liberacion-de-los-rehenes-secuestrados-por-hamas\\\/\"},\"author\":{\"name\":\"Redacci\u00f3n\",\"@id\":\"https:\\\/\\\/informatepy.com\\\/2022\\\/#\\\/schema\\\/person\\\/e7c5b605ddfb77041eeddff4d93b26af\"},\"headline\":\"Relatora de la ONU califica de \u00abinaceptable\u00bb el reclamo israel\u00ed para la liberaci\u00f3n de los rehenes secuestrados por Ham\u00e1s\",\"datePublished\":\"2024-02-13T07:01:00+00:00\",\"mainEntityOfPage\":{\"@id\":\"https:\\\/\\\/informatepy.com\\\/2022\\\/2024\\\/02\\\/13\\\/relatora-de-la-onu-califica-de-inaceptable-el-reclamo-israeli-para-la-liberacion-de-los-rehenes-secuestrados-por-hamas\\\/\"},\"wordCount\":242,\"commentCount\":0,\"publisher\":{\"@id\":\"https:\\\/\\\/informatepy.com\\\/2022\\\/#organization\"},\"image\":{\"@id\":\"https:\\\/\\\/informatepy.com\\\/2022\\\/2024\\\/02\\\/13\\\/relatora-de-la-onu-califica-de-inaceptable-el-reclamo-israeli-para-la-liberacion-de-los-rehenes-secuestrados-por-hamas\\\/#primaryimage\"},\"thumbnailUrl\":\"https:\\\/\\\/i0.wp.com\\\/informatepy.com\\\/2022\\\/wp-content\\\/uploads\\\/2024\\\/02\\\/albanese-francesca-palestina-onu.jpg?fit=1280%2C816&ssl=1\",\"keywords\":[\"destacada\",\"israel\",\"naciones unidas\",\"ONU\",\"palestina\"],\"articleSection\":[\"Mundo\"],\"inLanguage\":\"es\",\"potentialAction\":[{\"@type\":\"CommentAction\",\"name\":\"Comment\",\"target\":[\"https:\\\/\\\/informatepy.com\\\/2022\\\/2024\\\/02\\\/13\\\/relatora-de-la-onu-califica-de-inaceptable-el-reclamo-israeli-para-la-liberacion-de-los-rehenes-secuestrados-por-hamas\\\/#respond\"]}]},{\"@type\":\"WebPage\",\"@id\":\"https:\\\/\\\/informatepy.com\\\/2022\\\/2024\\\/02\\\/13\\\/relatora-de-la-onu-califica-de-inaceptable-el-reclamo-israeli-para-la-liberacion-de-los-rehenes-secuestrados-por-hamas\\\/\",\"url\":\"https:\\\/\\\/informatepy.com\\\/2022\\\/2024\\\/02\\\/13\\\/relatora-de-la-onu-califica-de-inaceptable-el-reclamo-israeli-para-la-liberacion-de-los-rehenes-secuestrados-por-hamas\\\/\",\"name\":\"Relatora de la ONU califica de \\\"inaceptable\\\" el reclamo israel\u00ed para la liberaci\u00f3n de los rehenes secuestrados por Ham\u00e1s - Informatepy.com\",\"isPartOf\":{\"@id\":\"https:\\\/\\\/informatepy.com\\\/2022\\\/#website\"},\"primaryImageOfPage\":{\"@id\":\"https:\\\/\\\/informatepy.com\\\/2022\\\/2024\\\/02\\\/13\\\/relatora-de-la-onu-califica-de-inaceptable-el-reclamo-israeli-para-la-liberacion-de-los-rehenes-secuestrados-por-hamas\\\/#primaryimage\"},\"image\":{\"@id\":\"https:\\\/\\\/informatepy.com\\\/2022\\\/2024\\\/02\\\/13\\\/relatora-de-la-onu-califica-de-inaceptable-el-reclamo-israeli-para-la-liberacion-de-los-rehenes-secuestrados-por-hamas\\\/#primaryimage\"},\"thumbnailUrl\":\"https:\\\/\\\/i0.wp.com\\\/informatepy.com\\\/2022\\\/wp-content\\\/uploads\\\/2024\\\/02\\\/albanese-francesca-palestina-onu.jpg?fit=1280%2C816&ssl=1\",\"datePublished\":\"2024-02-13T07:01:00+00:00\",\"breadcrumb\":{\"@id\":\"https:\\\/\\\/informatepy.com\\\/2022\\\/2024\\\/02\\\/13\\\/relatora-de-la-onu-califica-de-inaceptable-el-reclamo-israeli-para-la-liberacion-de-los-rehenes-secuestrados-por-hamas\\\/#breadcrumb\"},\"inLanguage\":\"es\",\"potentialAction\":[{\"@type\":\"ReadAction\",\"target\":[\"https:\\\/\\\/informatepy.com\\\/2022\\\/2024\\\/02\\\/13\\\/relatora-de-la-onu-califica-de-inaceptable-el-reclamo-israeli-para-la-liberacion-de-los-rehenes-secuestrados-por-hamas\\\/\"]}]},{\"@type\":\"ImageObject\",\"inLanguage\":\"es\",\"@id\":\"https:\\\/\\\/informatepy.com\\\/2022\\\/2024\\\/02\\\/13\\\/relatora-de-la-onu-califica-de-inaceptable-el-reclamo-israeli-para-la-liberacion-de-los-rehenes-secuestrados-por-hamas\\\/#primaryimage\",\"url\":\"https:\\\/\\\/i0.wp.com\\\/informatepy.com\\\/2022\\\/wp-content\\\/uploads\\\/2024\\\/02\\\/albanese-francesca-palestina-onu.jpg?fit=1280%2C816&ssl=1\",\"contentUrl\":\"https:\\\/\\\/i0.wp.com\\\/informatepy.com\\\/2022\\\/wp-content\\\/uploads\\\/2024\\\/02\\\/albanese-francesca-palestina-onu.jpg?fit=1280%2C816&ssl=1\",\"width\":1280,\"height\":816},{\"@type\":\"BreadcrumbList\",\"@id\":\"https:\\\/\\\/informatepy.com\\\/2022\\\/2024\\\/02\\\/13\\\/relatora-de-la-onu-califica-de-inaceptable-el-reclamo-israeli-para-la-liberacion-de-los-rehenes-secuestrados-por-hamas\\\/#breadcrumb\",\"itemListElement\":[{\"@type\":\"ListItem\",\"position\":1,\"name\":\"Portada\",\"item\":\"https:\\\/\\\/informatepy.com\\\/2022\\\/\"},{\"@type\":\"ListItem\",\"position\":2,\"name\":\"Relatora de la ONU califica de \u00abinaceptable\u00bb el reclamo israel\u00ed para la liberaci\u00f3n de los rehenes secuestrados por Ham\u00e1s\"}]},{\"@type\":\"WebSite\",\"@id\":\"https:\\\/\\\/informatepy.com\\\/2022\\\/#website\",\"url\":\"https:\\\/\\\/informatepy.com\\\/2022\\\/\",\"name\":\"Informatepy.com\",\"description\":\"La verdad, siempre!\",\"publisher\":{\"@id\":\"https:\\\/\\\/informatepy.com\\\/2022\\\/#organization\"},\"potentialAction\":[{\"@type\":\"SearchAction\",\"target\":{\"@type\":\"EntryPoint\",\"urlTemplate\":\"https:\\\/\\\/informatepy.com\\\/2022\\\/?s={search_term_string}\"},\"query-input\":{\"@type\":\"PropertyValueSpecification\",\"valueRequired\":true,\"valueName\":\"search_term_string\"}}],\"inLanguage\":\"es\"},{\"@type\":\"Organization\",\"@id\":\"https:\\\/\\\/informatepy.com\\\/2022\\\/#organization\",\"name\":\"Informatepy.com\",\"url\":\"https:\\\/\\\/informatepy.com\\\/2022\\\/\",\"logo\":{\"@type\":\"ImageObject\",\"inLanguage\":\"es\",\"@id\":\"https:\\\/\\\/informatepy.com\\\/2022\\\/#\\\/schema\\\/logo\\\/image\\\/\",\"url\":\"https:\\\/\\\/i0.wp.com\\\/informatepy.com\\\/2022\\\/wp-content\\\/uploads\\\/2022\\\/09\\\/informatepy150-2.png?fit=589%2C150\",\"contentUrl\":\"https:\\\/\\\/i0.wp.com\\\/informatepy.com\\\/2022\\\/wp-content\\\/uploads\\\/2022\\\/09\\\/informatepy150-2.png?fit=589%2C150\",\"width\":589,\"height\":150,\"caption\":\"Informatepy.com\"},\"image\":{\"@id\":\"https:\\\/\\\/informatepy.com\\\/2022\\\/#\\\/schema\\\/logo\\\/image\\\/\"},\"sameAs\":[\"https:\\\/\\\/www.facebook.com\\\/InformatePyCom\",\"https:\\\/\\\/x.com\\\/InformatePy1\"]},{\"@type\":\"Person\",\"@id\":\"https:\\\/\\\/informatepy.com\\\/2022\\\/#\\\/schema\\\/person\\\/e7c5b605ddfb77041eeddff4d93b26af\",\"name\":\"Redacci\u00f3n\",\"image\":{\"@type\":\"ImageObject\",\"inLanguage\":\"es\",\"@id\":\"https:\\\/\\\/informatepy.com\\\/2022\\\/wp-content\\\/uploads\\\/2023\\\/04\\\/Isologo-sin-fondo.pngce0c1b6da06ae20abaff417c2cdeea83\",\"url\":\"https:\\\/\\\/informatepy.com\\\/2022\\\/wp-content\\\/uploads\\\/2023\\\/04\\\/Isologo-sin-fondo.png\",\"contentUrl\":\"https:\\\/\\\/informatepy.com\\\/2022\\\/wp-content\\\/uploads\\\/2023\\\/04\\\/Isologo-sin-fondo.png\",\"caption\":\"Redacci\u00f3n\"},\"sameAs\":[\"https:\\\/\\\/www.facebook.com\\\/InformatePyCom\",\"https:\\\/\\\/x.com\\\/https:\\\/\\\/twitter.com\\\/InformatePy1\"],\"url\":\"https:\\\/\\\/informatepy.com\\\/2022\\\/author\\\/redaccion\\\/\"}]}<\/script>\n<!-- \/ Yoast SEO plugin. -->","yoast_head_json":{"title":"Relatora de la ONU califica de \"inaceptable\" el reclamo israel\u00ed para la liberaci\u00f3n de los rehenes secuestrados por Ham\u00e1s - Informatepy.com","robots":{"index":"index","follow":"follow","max-snippet":"max-snippet:-1","max-image-preview":"max-image-preview:large","max-video-preview":"max-video-preview:-1"},"canonical":"https:\/\/informatepy.com\/2022\/2024\/02\/13\/relatora-de-la-onu-califica-de-inaceptable-el-reclamo-israeli-para-la-liberacion-de-los-rehenes-secuestrados-por-hamas\/","og_locale":"es_ES","og_type":"article","og_title":"Relatora de la ONU califica de \"inaceptable\" el reclamo israel\u00ed para la liberaci\u00f3n de los rehenes secuestrados por Ham\u00e1s - Informatepy.com","og_description":"La Relatora Especial de las Naciones Unidas para los Territorios Palestinos, Francesca Albanese, reaccion\u00f3 a la demanda de liberaci\u00f3n de los rehenes secuestrados por Ham\u00e1s el 7 de octubre, tild\u00e1ndola de \u201cinaceptable\u201d. Este esc\u00e1ndalo se desata despu\u00e9s de que se conociera que las Naciones Unidas ten\u00edan contratados a muchos de los terroristas que perpetraron los [&hellip;]","og_url":"https:\/\/informatepy.com\/2022\/2024\/02\/13\/relatora-de-la-onu-califica-de-inaceptable-el-reclamo-israeli-para-la-liberacion-de-los-rehenes-secuestrados-por-hamas\/","og_site_name":"Informatepy.com","article_publisher":"https:\/\/www.facebook.com\/InformatePyCom","article_author":"https:\/\/www.facebook.com\/InformatePyCom","article_published_time":"2024-02-13T07:01:00+00:00","og_image":[{"width":1280,"height":816,"url":"https:\/\/i0.wp.com\/informatepy.com\/2022\/wp-content\/uploads\/2024\/02\/albanese-francesca-palestina-onu.jpg?fit=1280%2C816&ssl=1","type":"image\/jpeg"}],"author":"Redacci\u00f3n","twitter_card":"summary_large_image","twitter_creator":"@https:\/\/twitter.com\/InformatePy1","twitter_site":"@InformatePy1","twitter_misc":{"Escrito por":"Redacci\u00f3n","Tiempo de lectura":"1 minuto"},"schema":{"@context":"https:\/\/schema.org","@graph":[{"@type":"Article","@id":"https:\/\/informatepy.com\/2022\/2024\/02\/13\/relatora-de-la-onu-califica-de-inaceptable-el-reclamo-israeli-para-la-liberacion-de-los-rehenes-secuestrados-por-hamas\/#article","isPartOf":{"@id":"https:\/\/informatepy.com\/2022\/2024\/02\/13\/relatora-de-la-onu-califica-de-inaceptable-el-reclamo-israeli-para-la-liberacion-de-los-rehenes-secuestrados-por-hamas\/"},"author":{"name":"Redacci\u00f3n","@id":"https:\/\/informatepy.com\/2022\/#\/schema\/person\/e7c5b605ddfb77041eeddff4d93b26af"},"headline":"Relatora de la ONU califica de \u00abinaceptable\u00bb el reclamo israel\u00ed para la liberaci\u00f3n de los rehenes secuestrados por Ham\u00e1s","datePublished":"2024-02-13T07:01:00+00:00","mainEntityOfPage":{"@id":"https:\/\/informatepy.com\/2022\/2024\/02\/13\/relatora-de-la-onu-califica-de-inaceptable-el-reclamo-israeli-para-la-liberacion-de-los-rehenes-secuestrados-por-hamas\/"},"wordCount":242,"commentCount":0,"publisher":{"@id":"https:\/\/informatepy.com\/2022\/#organization"},"image":{"@id":"https:\/\/informatepy.com\/2022\/2024\/02\/13\/relatora-de-la-onu-califica-de-inaceptable-el-reclamo-israeli-para-la-liberacion-de-los-rehenes-secuestrados-por-hamas\/#primaryimage"},"thumbnailUrl":"https:\/\/i0.wp.com\/informatepy.com\/2022\/wp-content\/uploads\/2024\/02\/albanese-francesca-palestina-onu.jpg?fit=1280%2C816&ssl=1","keywords":["destacada","israel","naciones unidas","ONU","palestina"],"articleSection":["Mundo"],"inLanguage":"es","potentialAction":[{"@type":"CommentAction","name":"Comment","target":["https:\/\/informatepy.com\/2022\/2024\/02\/13\/relatora-de-la-onu-califica-de-inaceptable-el-reclamo-israeli-para-la-liberacion-de-los-rehenes-secuestrados-por-hamas\/#respond"]}]},{"@type":"WebPage","@id":"https:\/\/informatepy.com\/2022\/2024\/02\/13\/relatora-de-la-onu-califica-de-inaceptable-el-reclamo-israeli-para-la-liberacion-de-los-rehenes-secuestrados-por-hamas\/","url":"https:\/\/informatepy.com\/2022\/2024\/02\/13\/relatora-de-la-onu-califica-de-inaceptable-el-reclamo-israeli-para-la-liberacion-de-los-rehenes-secuestrados-por-hamas\/","name":"Relatora de la ONU califica de \"inaceptable\" el reclamo israel\u00ed para la liberaci\u00f3n de los rehenes secuestrados por Ham\u00e1s - Informatepy.com","isPartOf":{"@id":"https:\/\/informatepy.com\/2022\/#website"},"primaryImageOfPage":{"@id":"https:\/\/informatepy.com\/2022\/2024\/02\/13\/relatora-de-la-onu-califica-de-inaceptable-el-reclamo-israeli-para-la-liberacion-de-los-rehenes-secuestrados-por-hamas\/#primaryimage"},"image":{"@id":"https:\/\/informatepy.com\/2022\/2024\/02\/13\/relatora-de-la-onu-califica-de-inaceptable-el-reclamo-israeli-para-la-liberacion-de-los-rehenes-secuestrados-por-hamas\/#primaryimage"},"thumbnailUrl":"https:\/\/i0.wp.com\/informatepy.com\/2022\/wp-content\/uploads\/2024\/02\/albanese-francesca-palestina-onu.jpg?fit=1280%2C816&ssl=1","datePublished":"2024-02-13T07:01:00+00:00","breadcrumb":{"@id":"https:\/\/informatepy.com\/2022\/2024\/02\/13\/relatora-de-la-onu-califica-de-inaceptable-el-reclamo-israeli-para-la-liberacion-de-los-rehenes-secuestrados-por-hamas\/#breadcrumb"},"inLanguage":"es","potentialAction":[{"@type":"ReadAction","target":["https:\/\/informatepy.com\/2022\/2024\/02\/13\/relatora-de-la-onu-califica-de-inaceptable-el-reclamo-israeli-para-la-liberacion-de-los-rehenes-secuestrados-por-hamas\/"]}]},{"@type":"ImageObject","inLanguage":"es","@id":"https:\/\/informatepy.com\/2022\/2024\/02\/13\/relatora-de-la-onu-califica-de-inaceptable-el-reclamo-israeli-para-la-liberacion-de-los-rehenes-secuestrados-por-hamas\/#primaryimage","url":"https:\/\/i0.wp.com\/informatepy.com\/2022\/wp-content\/uploads\/2024\/02\/albanese-francesca-palestina-onu.jpg?fit=1280%2C816&ssl=1","contentUrl":"https:\/\/i0.wp.com\/informatepy.com\/2022\/wp-content\/uploads\/2024\/02\/albanese-francesca-palestina-onu.jpg?fit=1280%2C816&ssl=1","width":1280,"height":816},{"@type":"BreadcrumbList","@id":"https:\/\/informatepy.com\/2022\/2024\/02\/13\/relatora-de-la-onu-califica-de-inaceptable-el-reclamo-israeli-para-la-liberacion-de-los-rehenes-secuestrados-por-hamas\/#breadcrumb","itemListElement":[{"@type":"ListItem","position":1,"name":"Portada","item":"https:\/\/informatepy.com\/2022\/"},{"@type":"ListItem","position":2,"name":"Relatora de la ONU califica de \u00abinaceptable\u00bb el reclamo israel\u00ed para la liberaci\u00f3n de los rehenes secuestrados por Ham\u00e1s"}]},{"@type":"WebSite","@id":"https:\/\/informatepy.com\/2022\/#website","url":"https:\/\/informatepy.com\/2022\/","name":"Informatepy.com","description":"La verdad, siempre!","publisher":{"@id":"https:\/\/informatepy.com\/2022\/#organization"},"potentialAction":[{"@type":"SearchAction","target":{"@type":"EntryPoint","urlTemplate":"https:\/\/informatepy.com\/2022\/?s={search_term_string}"},"query-input":{"@type":"PropertyValueSpecification","valueRequired":true,"valueName":"search_term_string"}}],"inLanguage":"es"},{"@type":"Organization","@id":"https:\/\/informatepy.com\/2022\/#organization","name":"Informatepy.com","url":"https:\/\/informatepy.com\/2022\/","logo":{"@type":"ImageObject","inLanguage":"es","@id":"https:\/\/informatepy.com\/2022\/#\/schema\/logo\/image\/","url":"https:\/\/i0.wp.com\/informatepy.com\/2022\/wp-content\/uploads\/2022\/09\/informatepy150-2.png?fit=589%2C150","contentUrl":"https:\/\/i0.wp.com\/informatepy.com\/2022\/wp-content\/uploads\/2022\/09\/informatepy150-2.png?fit=589%2C150","width":589,"height":150,"caption":"Informatepy.com"},"image":{"@id":"https:\/\/informatepy.com\/2022\/#\/schema\/logo\/image\/"},"sameAs":["https:\/\/www.facebook.com\/InformatePyCom","https:\/\/x.com\/InformatePy1"]},{"@type":"Person","@id":"https:\/\/informatepy.com\/2022\/#\/schema\/person\/e7c5b605ddfb77041eeddff4d93b26af","name":"Redacci\u00f3n","image":{"@type":"ImageObject","inLanguage":"es","@id":"https:\/\/informatepy.com\/2022\/wp-content\/uploads\/2023\/04\/Isologo-sin-fondo.pngce0c1b6da06ae20abaff417c2cdeea83","url":"https:\/\/informatepy.com\/2022\/wp-content\/uploads\/2023\/04\/Isologo-sin-fondo.png","contentUrl":"https:\/\/informatepy.com\/2022\/wp-content\/uploads\/2023\/04\/Isologo-sin-fondo.png","caption":"Redacci\u00f3n"},"sameAs":["https:\/\/www.facebook.com\/InformatePyCom","https:\/\/x.com\/https:\/\/twitter.com\/InformatePy1"],"url":"https:\/\/informatepy.com\/2022\/author\/redaccion\/"}]}},"jetpack_featured_media_url":"https:\/\/i0.wp.com\/informatepy.com\/2022\/wp-content\/uploads\/2024\/02\/albanese-francesca-palestina-onu.jpg?fit=1280%2C816&ssl=1","jetpack-related-posts":[],"jetpack_sharing_enabled":true,"jetpack_likes_enabled":true,"authors":[{"term_id":1037,"user_id":3,"is_guest":0,"slug":"redaccion","display_name":"Redacci\u00f3n","avatar_url":{"url":"https:\/\/informatepy.com\/2022\/wp-content\/uploads\/2023\/04\/Isologo-sin-fondo.png","url2x":"https:\/\/informatepy.com\/2022\/wp-content\/uploads\/2023\/04\/Isologo-sin-fondo.png"},"0":null,"1":"","2":"","3":"","4":"","5":"","6":"","7":"","8":""}],"amp_enabled":true,"_links":{"self":[{"href":"https:\/\/informatepy.com\/2022\/wp-json\/wp\/v2\/posts\/23476","targetHints":{"allow":["GET"]}}],"collection":[{"href":"https:\/\/informatepy.com\/2022\/wp-json\/wp\/v2\/posts"}],"about":[{"href":"https:\/\/informatepy.com\/2022\/wp-json\/wp\/v2\/types\/post"}],"author":[{"embeddable":true,"href":"https:\/\/informatepy.com\/2022\/wp-json\/wp\/v2\/users\/3"}],"replies":[{"embeddable":true,"href":"https:\/\/informatepy.com\/2022\/wp-json\/wp\/v2\/comments?post=23476"}],"version-history":[{"count":1,"href":"https:\/\/informatepy.com\/2022\/wp-json\/wp\/v2\/posts\/23476\/revisions"}],"predecessor-version":[{"id":23478,"href":"https:\/\/informatepy.com\/2022\/wp-json\/wp\/v2\/posts\/23476\/revisions\/23478"}],"wp:featuredmedia":[{"embeddable":true,"href":"https:\/\/informatepy.com\/2022\/wp-json\/wp\/v2\/media\/23477"}],"wp:attachment":[{"href":"https:\/\/informatepy.com\/2022\/wp-json\/wp\/v2\/media?parent=23476"}],"wp:term":[{"taxonomy":"category","embeddable":true,"href":"https:\/\/informatepy.com\/2022\/wp-json\/wp\/v2\/categories?post=23476"},{"taxonomy":"post_tag","embeddable":true,"href":"https:\/\/informatepy.com\/2022\/wp-json\/wp\/v2\/tags?post=23476"},{"taxonomy":"author","embeddable":true,"href":"https:\/\/informatepy.com\/2022\/wp-json\/wp\/v2\/ppma_author?post=23476"}],"curies":[{"name":"wp","href":"https:\/\/api.w.org\/{rel}","templated":true}]}}